{"id":203522,"date":"2024-05-28T12:56:58","date_gmt":"2024-05-28T10:56:58","guid":{"rendered":"https:\/\/scm.bz\/?p=203522"},"modified":"2024-05-28T12:56:59","modified_gmt":"2024-05-28T10:56:59","slug":"forcible-return-of-syrian-refugees-in-lebanon-and-turkiye-ku","status":"publish","type":"post","link":"https:\/\/scm.bz\/kmr\/forcible-return-of-syrian-refugees-in-lebanon-and-turkiye-ku\/","title":{"rendered":"Vegera bi Ne\u00e7ar\u00ee ya Penaber\u00ean S\u00fbr\u00ee y\u00ean li Lubnan \u00fb Turkiy\u00ea"},"content":{"rendered":"\n<p>Ev raport behsa pirsa parastina penaber\u00ean S\u00fbr\u00ee y\u00ean li Lubnan \u00fb Turkiy\u00ea li dij\u00ee Vegera bi Ne\u00e7ar\u00ee, ji aliy\u00ea yasay\u00ee \u00fb prakt\u00eek\u00ee ve, dike, herwiha behsa asta guncawb\u00fbna \u00e7ar\u00e7ovey\u00ean yasay\u00ee \u00fb reftar\u00ean prakt\u00eek\u00ee y\u00ean li van herdu welatan t\u00eane bic\u00eekirin, li gor\u00ee pabendiy\u00ean wan \u00ean navdewlet\u00ee dike. ji bo v\u00ea armanc\u00ea, ev raport li gor\u00ee Peyman\u00ean Navdewlet\u00ee \u00fb Dadgeh\u00ean Berawirdkirin\u00ea, Prens\u00eepa ne-Vegera bi Ne\u00e7ar\u00ee ya penaber \u00fb penaxwazan, \u00fb cih\u00ea w\u00ea Prens\u00eep\u00ea di R\u00eakeftina Penaberan \u00fb di Yasaya Navdewlet\u00ee ya Ner\u00eet\u00ee de, \u00fb danas\u00eena s\u00fbdmend\u00ean ji v\u00ea Prens\u00eep\u00ea, \u00fb \u00e7ar\u00e7oveya d\u00fbdmendiy\u00ea, \u015firove dike. Herwiha behsa cih\u00ea Vegera Bi nav Xwebex\u015f di \u00e7ar\u00e7oveya danas\u00eena &#8220;Vegera bi Ne\u00e7ar\u00ee&#8221; de, dike.<\/p>\n\n\n\n<p>Tev\u00ee rew\u015fa taybet a Lubnan \u00fb Turkiy\u00ea li hember\u00ee R\u00eakeftina Penaberan, raport mijara pabend\u00ee bi Prens\u00eepa ne-Vegera bi Ne\u00e7ar\u00ee ya penaberan ji bo herdu welatan, neten\u00ea li gor\u00ee Yasaya Ner\u00eet\u00ee, l\u00eabel\u00ea li gor\u00ee panendiy\u00ean wan \u00ean gir\u00eabest\u00ee di \u00e7ar\u00e7oveya hin sozname \u00fb r\u00eakeftin\u00ean din de j\u00ee, \u015firove dike. Raport herwiha k\u00eamasiy\u00ean \u00e7ar\u00e7ovey\u00ean yasay\u00ee y\u00ean ku ji aliy\u00ea Turkiye \u00fb Lubnan\u00ea ve ji bo \u00e7ar\u00e7ovekirina pirsa penaberan hatine dara\u015ftin, destn\u00ee\u015fan dike, ta ku reftar\u00ean wan \u00ean prakt\u00eek\u00ee li hember\u00ee penaberan, bi\u015fop\u00eene. Di v\u00ea \u00e7ar\u00e7ovey\u00ea de, raport \u00e7awaniya binp\u00eakirina van \u00e7ar\u00e7ovey\u00ean yasay\u00ee \u00fb reftar\u00ean prakt\u00eek\u00ee ji pabendiy\u00ean navdewlet\u00ee y\u00ean hedu welatan, herwiha s\u00eestema wan a yasay\u00ee ya navxwey\u00ee j\u00ee, n\u00ee\u015fan dide. Raport herwiha merc \u00fb p\u00eevan\u00ean Vegera Ewle ya penaber\u00ean S\u00fbr\u00ee li gor\u00ee Komisyariya Bilind a Penaberan, n\u00ee\u015fan dide, \u00fb bi hin sparteyan bi daw\u00ee dibe.<\/p>\n\n\n\n<p><\/p>\n\n\n\n<p>Jibo xwendina temam\u00ea raport\u00ea, fayla j\u00ear\u00een tema\u015fe bikin:<\/p>\n\n\n\n<div data-wp-interactive=\"core\/file\" class=\"wp-block-file\"><object data-wp-bind--hidden=\"!state.hasPdfPreview\" hidden class=\"wp-block-file__embed\" data=\"https:\/\/scm.bz\/wp-content\/uploads\/2024\/05\/Refoulement-Syrian-refugees-KU.pdf\" type=\"application\/pdf\" style=\"width:100%;height:600px\" aria-label=\"Embed of Refoulement-Syrian-refugees-KU.\"><\/object><a id=\"wp-block-file--media-f7751ce3-8101-435b-92dc-de206a003006\" href=\"https:\/\/scm.bz\/wp-content\/uploads\/2024\/05\/Refoulement-Syrian-refugees-KU.pdf\">Refoulement-Syrian-refugees-KU<\/a><a href=\"https:\/\/scm.bz\/wp-content\/uploads\/2024\/05\/Refoulement-Syrian-refugees-KU.pdf\" class=\"wp-block-file__button wp-element-button\" download aria-describedby=\"wp-block-file--media-f7751ce3-8101-435b-92dc-de206a003006\">Download<\/a><\/div>\n","protected":false},"excerpt":{"rendered":"<p>Ev raport behsa pirsa parastina penaber\u00ean S\u00fbr\u00ee y\u00ean li Lubnan \u00fb Turkiy\u00ea li dij\u00ee Vegera bi Ne\u00e7ar\u00ee, ji aliy\u00ea yasay\u00ee \u00fb prakt\u00eek\u00ee ve, dike, herwiha behsa asta guncawb\u00fbna \u00e7ar\u00e7ovey\u00ean yasay\u00ee \u00fb reftar\u00ean prakt\u00eek\u00ee y\u00ean li van herdu welatan t\u00eane bic\u00eekirin, li gor\u00ee pabendiy\u00ean wan \u00ean navdewlet\u00ee dike. ji bo v\u00ea armanc\u00ea, ev raport li gor\u00ee [&hellip;]<\/p>\n","protected":false},"author":50,"featured_media":203528,"comment_status":"closed","ping_status":"closed","sticky":false,"template":"","format":"standard","meta":{"_acf_changed":false,"footnotes":""},"categories":[362],"tags":[],"class_list":["post-203522","post","type-post","status-publish","format-standard","has-post-thumbnail","hentry","category-studies-ku","post-wrapper"],"acf":[],"yoast_head":"<!-- This site is optimized with the Yoast SEO Premium plugin v20.6 (Yoast SEO v26.5) - https:\/\/yoast.com\/wordpress\/plugins\/seo\/ -->\n<title>Vegera bi Ne\u00e7ar\u00ee ya Penaber\u00ean S\u00fbr\u00ee y\u00ean li Lubnan \u00fb Turkiy\u00ea - \u0627\u0644\u0645\u0631\u0643\u0632 \u0627\u0644\u0633\u0648\u0631\u064a \u0644\u0644\u0625\u0639\u0644\u0627\u0645 \u0648\u062d\u0631\u064a\u0629 \u0627\u0644\u062a\u0639\u0628\u064a\u0631 Syrian Center for Media and Freedom of Expression<\/title>\n<meta name=\"description\" content=\"%\" \/>\n<meta name=\"robots\" content=\"index, follow, max-snippet:-1, max-image-preview:large, max-video-preview:-1\" \/>\n<link rel=\"canonical\" href=\"https:\/\/scm.bz\/kmr\/forcible-return-of-syrian-refugees-in-lebanon-and-turkiye-ku\/\" \/>\n<meta property=\"og:locale\" content=\"en_US\" \/>\n<meta property=\"og:type\" content=\"article\" \/>\n<meta property=\"og:title\" content=\"Vegera bi Ne\u00e7ar\u00ee ya Penaber\u00ean S\u00fbr\u00ee y\u00ean li Lubnan \u00fb Turkiy\u00ea\" \/>\n<meta property=\"og:description\" content=\"%\" \/>\n<meta property=\"og:url\" content=\"https:\/\/scm.bz\/kmr\/forcible-return-of-syrian-refugees-in-lebanon-and-turkiye-ku\/\" \/>\n<meta property=\"og:site_name\" content=\"\u0627\u0644\u0645\u0631\u0643\u0632 \u0627\u0644\u0633\u0648\u0631\u064a \u0644\u0644\u0625\u0639\u0644\u0627\u0645 \u0648\u062d\u0631\u064a\u0629 \u0627\u0644\u062a\u0639\u0628\u064a\u0631 Syrian Center for Media and Freedom of Expression\" \/>\n<meta property=\"article:publisher\" content=\"https:\/\/www.facebook.com\/scm.center\" \/>\n<meta property=\"article:published_time\" content=\"2024-05-28T10:56:58+00:00\" \/>\n<meta property=\"article:modified_time\" content=\"2024-05-28T10:56:59+00:00\" \/>\n<meta property=\"og:image\" content=\"http:\/\/scm.bz\/wp-content\/uploads\/2024\/05\/Refoulement-Syrian-refugees-KU.jpg\" \/>\n\t<meta property=\"og:image:width\" content=\"1200\" \/>\n\t<meta property=\"og:image:height\" content=\"630\" \/>\n\t<meta property=\"og:image:type\" content=\"image\/jpeg\" \/>\n<meta name=\"author\" content=\"Bassel Alhamada\" \/>\n<meta name=\"twitter:card\" content=\"summary_large_image\" \/>\n<meta name=\"twitter:creator\" content=\"@SyrianCenter\" \/>\n<meta name=\"twitter:site\" content=\"@SyrianCenter\" \/>\n<meta name=\"twitter:label1\" content=\"Written by\" \/>\n\t<meta name=\"twitter:data1\" content=\"Bassel Alhamada\" \/>\n\t<meta name=\"twitter:label2\" content=\"Est. reading time\" \/>\n\t<meta name=\"twitter:data2\" content=\"2 minutes\" \/>\n<script type=\"application\/ld+json\" class=\"yoast-schema-graph\">{\"@context\":\"https:\/\/schema.org\",\"@graph\":[{\"@type\":\"Article\",\"@id\":\"https:\/\/scm.bz\/kmr\/forcible-return-of-syrian-refugees-in-lebanon-and-turkiye-ku\/#article\",\"isPartOf\":{\"@id\":\"https:\/\/scm.bz\/kmr\/forcible-return-of-syrian-refugees-in-lebanon-and-turkiye-ku\/\"},\"author\":{\"name\":\"Bassel Alhamada\",\"@id\":\"https:\/\/scm.bz\/#\/schema\/person\/e472a692d6eb96019b2b6719c856b002\"},\"headline\":\"Vegera bi Ne\u00e7ar\u00ee ya Penaber\u00ean S\u00fbr\u00ee y\u00ean li Lubnan \u00fb Turkiy\u00ea\",\"datePublished\":\"2024-05-28T10:56:58+00:00\",\"dateModified\":\"2024-05-28T10:56:59+00:00\",\"mainEntityOfPage\":{\"@id\":\"https:\/\/scm.bz\/kmr\/forcible-return-of-syrian-refugees-in-lebanon-and-turkiye-ku\/\"},\"wordCount\":322,\"publisher\":{\"@id\":\"https:\/\/scm.bz\/#organization\"},\"image\":{\"@id\":\"https:\/\/scm.bz\/kmr\/forcible-return-of-syrian-refugees-in-lebanon-and-turkiye-ku\/#primaryimage\"},\"thumbnailUrl\":\"https:\/\/scm.bz\/wp-content\/uploads\/2024\/05\/Refoulement-Syrian-refugees-KU.jpg\",\"articleSection\":[\"Xwendin\u00ean SCM\u00ea\"],\"inLanguage\":\"kmr\"},{\"@type\":\"WebPage\",\"@id\":\"https:\/\/scm.bz\/kmr\/forcible-return-of-syrian-refugees-in-lebanon-and-turkiye-ku\/\",\"url\":\"https:\/\/scm.bz\/kmr\/forcible-return-of-syrian-refugees-in-lebanon-and-turkiye-ku\/\",\"name\":\"Vegera bi Ne\u00e7ar\u00ee ya Penaber\u00ean S\u00fbr\u00ee y\u00ean li Lubnan \u00fb Turkiy\u00ea - \u0627\u0644\u0645\u0631\u0643\u0632 \u0627\u0644\u0633\u0648\u0631\u064a \u0644\u0644\u0625\u0639\u0644\u0627\u0645 \u0648\u062d\u0631\u064a\u0629 \u0627\u0644\u062a\u0639\u0628\u064a\u0631 Syrian Center for Media and Freedom of Expression\",\"isPartOf\":{\"@id\":\"https:\/\/scm.bz\/#website\"},\"primaryImageOfPage\":{\"@id\":\"https:\/\/scm.bz\/kmr\/forcible-return-of-syrian-refugees-in-lebanon-and-turkiye-ku\/#primaryimage\"},\"image\":{\"@id\":\"https:\/\/scm.bz\/kmr\/forcible-return-of-syrian-refugees-in-lebanon-and-turkiye-ku\/#primaryimage\"},\"thumbnailUrl\":\"https:\/\/scm.bz\/wp-content\/uploads\/2024\/05\/Refoulement-Syrian-refugees-KU.jpg\",\"datePublished\":\"2024-05-28T10:56:58+00:00\",\"dateModified\":\"2024-05-28T10:56:59+00:00\",\"description\":\"%\",\"breadcrumb\":{\"@id\":\"https:\/\/scm.bz\/kmr\/forcible-return-of-syrian-refugees-in-lebanon-and-turkiye-ku\/#breadcrumb\"},\"inLanguage\":\"kmr\",\"potentialAction\":[{\"@type\":\"ReadAction\",\"target\":[\"https:\/\/scm.bz\/kmr\/forcible-return-of-syrian-refugees-in-lebanon-and-turkiye-ku\/\"]}]},{\"@type\":\"ImageObject\",\"inLanguage\":\"kmr\",\"@id\":\"https:\/\/scm.bz\/kmr\/forcible-return-of-syrian-refugees-in-lebanon-and-turkiye-ku\/#primaryimage\",\"url\":\"https:\/\/scm.bz\/wp-content\/uploads\/2024\/05\/Refoulement-Syrian-refugees-KU.jpg\",\"contentUrl\":\"https:\/\/scm.bz\/wp-content\/uploads\/2024\/05\/Refoulement-Syrian-refugees-KU.jpg\",\"width\":1200,\"height\":630},{\"@type\":\"BreadcrumbList\",\"@id\":\"https:\/\/scm.bz\/kmr\/forcible-return-of-syrian-refugees-in-lebanon-and-turkiye-ku\/#breadcrumb\",\"itemListElement\":[{\"@type\":\"ListItem\",\"position\":1,\"name\":\"Home\",\"item\":\"https:\/\/scm.bz\/kmr\/\"},{\"@type\":\"ListItem\",\"position\":2,\"name\":\"Vegera bi Ne\u00e7ar\u00ee ya Penaber\u00ean S\u00fbr\u00ee y\u00ean li Lubnan \u00fb Turkiy\u00ea\"}]},{\"@type\":\"WebSite\",\"@id\":\"https:\/\/scm.bz\/#website\",\"url\":\"https:\/\/scm.bz\/\",\"name\":\"\u0627\u0644\u0645\u0631\u0643\u0632 \u0627\u0644\u0633\u0648\u0631\u064a \u0644\u0644\u0625\u0639\u0644\u0627\u0645 \u0648\u062d\u0631\u064a\u0629 \u0627\u0644\u062a\u0639\u0628\u064a\u0631 Syrian Center for Media and Freedom of Expression\",\"description\":\"\",\"publisher\":{\"@id\":\"https:\/\/scm.bz\/#organization\"},\"potentialAction\":[{\"@type\":\"SearchAction\",\"target\":{\"@type\":\"EntryPoint\",\"urlTemplate\":\"https:\/\/scm.bz\/?s={search_term_string}\"},\"query-input\":{\"@type\":\"PropertyValueSpecification\",\"valueRequired\":true,\"valueName\":\"search_term_string\"}}],\"inLanguage\":\"kmr\"},{\"@type\":\"Organization\",\"@id\":\"https:\/\/scm.bz\/#organization\",\"name\":\"\u0627\u0644\u0645\u0631\u0643\u0632 \u0627\u0644\u0633\u0648\u0631\u064a \u0644\u0644\u0625\u0639\u0644\u0627\u0645 \u0648\u062d\u0631\u064a\u0629 \u0627\u0644\u062a\u0639\u0628\u064a\u0631 Syrian Center for Media and Freedom of Expression\",\"url\":\"https:\/\/scm.bz\/\",\"logo\":{\"@type\":\"ImageObject\",\"inLanguage\":\"kmr\",\"@id\":\"https:\/\/scm.bz\/#\/schema\/logo\/image\/\",\"url\":\"http:\/\/scm.bz\/wp-content\/uploads\/2021\/01\/SCM-logo-1-with-Clear-Space-1-2.png\",\"contentUrl\":\"http:\/\/scm.bz\/wp-content\/uploads\/2021\/01\/SCM-logo-1-with-Clear-Space-1-2.png\",\"width\":1450,\"height\":1450,\"caption\":\"\u0627\u0644\u0645\u0631\u0643\u0632 \u0627\u0644\u0633\u0648\u0631\u064a \u0644\u0644\u0625\u0639\u0644\u0627\u0645 \u0648\u062d\u0631\u064a\u0629 \u0627\u0644\u062a\u0639\u0628\u064a\u0631 Syrian Center for Media and Freedom of Expression\"},\"image\":{\"@id\":\"https:\/\/scm.bz\/#\/schema\/logo\/image\/\"},\"sameAs\":[\"https:\/\/www.facebook.com\/scm.center\",\"https:\/\/x.com\/SyrianCenter\"]},{\"@type\":\"Person\",\"@id\":\"https:\/\/scm.bz\/#\/schema\/person\/e472a692d6eb96019b2b6719c856b002\",\"name\":\"Bassel Alhamada\",\"image\":{\"@type\":\"ImageObject\",\"inLanguage\":\"kmr\",\"@id\":\"https:\/\/scm.bz\/#\/schema\/person\/image\/\",\"url\":\"https:\/\/secure.gravatar.com\/avatar\/5e9755b5f6c47bfa4760bbcd43b332d7329811603ab6a7b169ff24b933cb8f9b?s=96&d=blank&r=g\",\"contentUrl\":\"https:\/\/secure.gravatar.com\/avatar\/5e9755b5f6c47bfa4760bbcd43b332d7329811603ab6a7b169ff24b933cb8f9b?s=96&d=blank&r=g\",\"caption\":\"Bassel Alhamada\"},\"url\":\"https:\/\/scm.bz\/kmr\/author\/bassel-alhamada\/\"}]}<\/script>\n<!-- \/ Yoast SEO Premium plugin. -->","yoast_head_json":{"title":"Vegera bi Ne\u00e7ar\u00ee ya Penaber\u00ean S\u00fbr\u00ee y\u00ean li Lubnan \u00fb Turkiy\u00ea - \u0627\u0644\u0645\u0631\u0643\u0632 \u0627\u0644\u0633\u0648\u0631\u064a \u0644\u0644\u0625\u0639\u0644\u0627\u0645 \u0648\u062d\u0631\u064a\u0629 \u0627\u0644\u062a\u0639\u0628\u064a\u0631 Syrian Center for Media and Freedom of Expression","description":"%","robots":{"index":"index","follow":"follow","max-snippet":"max-snippet:-1","max-image-preview":"max-image-preview:large","max-video-preview":"max-video-preview:-1"},"canonical":"https:\/\/scm.bz\/kmr\/forcible-return-of-syrian-refugees-in-lebanon-and-turkiye-ku\/","og_locale":"en_US","og_type":"article","og_title":"Vegera bi Ne\u00e7ar\u00ee ya Penaber\u00ean S\u00fbr\u00ee y\u00ean li Lubnan \u00fb Turkiy\u00ea","og_description":"%","og_url":"https:\/\/scm.bz\/kmr\/forcible-return-of-syrian-refugees-in-lebanon-and-turkiye-ku\/","og_site_name":"\u0627\u0644\u0645\u0631\u0643\u0632 \u0627\u0644\u0633\u0648\u0631\u064a \u0644\u0644\u0625\u0639\u0644\u0627\u0645 \u0648\u062d\u0631\u064a\u0629 \u0627\u0644\u062a\u0639\u0628\u064a\u0631 Syrian Center for Media and Freedom of Expression","article_publisher":"https:\/\/www.facebook.com\/scm.center","article_published_time":"2024-05-28T10:56:58+00:00","article_modified_time":"2024-05-28T10:56:59+00:00","og_image":[{"width":1200,"height":630,"url":"http:\/\/scm.bz\/wp-content\/uploads\/2024\/05\/Refoulement-Syrian-refugees-KU.jpg","type":"image\/jpeg"}],"author":"Bassel Alhamada","twitter_card":"summary_large_image","twitter_creator":"@SyrianCenter","twitter_site":"@SyrianCenter","twitter_misc":{"Written by":"Bassel Alhamada","Est. reading time":"2 minutes"},"schema":{"@context":"https:\/\/schema.org","@graph":[{"@type":"Article","@id":"https:\/\/scm.bz\/kmr\/forcible-return-of-syrian-refugees-in-lebanon-and-turkiye-ku\/#article","isPartOf":{"@id":"https:\/\/scm.bz\/kmr\/forcible-return-of-syrian-refugees-in-lebanon-and-turkiye-ku\/"},"author":{"name":"Bassel Alhamada","@id":"https:\/\/scm.bz\/#\/schema\/person\/e472a692d6eb96019b2b6719c856b002"},"headline":"Vegera bi Ne\u00e7ar\u00ee ya Penaber\u00ean S\u00fbr\u00ee y\u00ean li Lubnan \u00fb Turkiy\u00ea","datePublished":"2024-05-28T10:56:58+00:00","dateModified":"2024-05-28T10:56:59+00:00","mainEntityOfPage":{"@id":"https:\/\/scm.bz\/kmr\/forcible-return-of-syrian-refugees-in-lebanon-and-turkiye-ku\/"},"wordCount":322,"publisher":{"@id":"https:\/\/scm.bz\/#organization"},"image":{"@id":"https:\/\/scm.bz\/kmr\/forcible-return-of-syrian-refugees-in-lebanon-and-turkiye-ku\/#primaryimage"},"thumbnailUrl":"https:\/\/scm.bz\/wp-content\/uploads\/2024\/05\/Refoulement-Syrian-refugees-KU.jpg","articleSection":["Xwendin\u00ean SCM\u00ea"],"inLanguage":"kmr"},{"@type":"WebPage","@id":"https:\/\/scm.bz\/kmr\/forcible-return-of-syrian-refugees-in-lebanon-and-turkiye-ku\/","url":"https:\/\/scm.bz\/kmr\/forcible-return-of-syrian-refugees-in-lebanon-and-turkiye-ku\/","name":"Vegera bi Ne\u00e7ar\u00ee ya Penaber\u00ean S\u00fbr\u00ee y\u00ean li Lubnan \u00fb Turkiy\u00ea - \u0627\u0644\u0645\u0631\u0643\u0632 \u0627\u0644\u0633\u0648\u0631\u064a \u0644\u0644\u0625\u0639\u0644\u0627\u0645 \u0648\u062d\u0631\u064a\u0629 \u0627\u0644\u062a\u0639\u0628\u064a\u0631 Syrian Center for Media and Freedom of Expression","isPartOf":{"@id":"https:\/\/scm.bz\/#website"},"primaryImageOfPage":{"@id":"https:\/\/scm.bz\/kmr\/forcible-return-of-syrian-refugees-in-lebanon-and-turkiye-ku\/#primaryimage"},"image":{"@id":"https:\/\/scm.bz\/kmr\/forcible-return-of-syrian-refugees-in-lebanon-and-turkiye-ku\/#primaryimage"},"thumbnailUrl":"https:\/\/scm.bz\/wp-content\/uploads\/2024\/05\/Refoulement-Syrian-refugees-KU.jpg","datePublished":"2024-05-28T10:56:58+00:00","dateModified":"2024-05-28T10:56:59+00:00","description":"%","breadcrumb":{"@id":"https:\/\/scm.bz\/kmr\/forcible-return-of-syrian-refugees-in-lebanon-and-turkiye-ku\/#breadcrumb"},"inLanguage":"kmr","potentialAction":[{"@type":"ReadAction","target":["https:\/\/scm.bz\/kmr\/forcible-return-of-syrian-refugees-in-lebanon-and-turkiye-ku\/"]}]},{"@type":"ImageObject","inLanguage":"kmr","@id":"https:\/\/scm.bz\/kmr\/forcible-return-of-syrian-refugees-in-lebanon-and-turkiye-ku\/#primaryimage","url":"https:\/\/scm.bz\/wp-content\/uploads\/2024\/05\/Refoulement-Syrian-refugees-KU.jpg","contentUrl":"https:\/\/scm.bz\/wp-content\/uploads\/2024\/05\/Refoulement-Syrian-refugees-KU.jpg","width":1200,"height":630},{"@type":"BreadcrumbList","@id":"https:\/\/scm.bz\/kmr\/forcible-return-of-syrian-refugees-in-lebanon-and-turkiye-ku\/#breadcrumb","itemListElement":[{"@type":"ListItem","position":1,"name":"Home","item":"https:\/\/scm.bz\/kmr\/"},{"@type":"ListItem","position":2,"name":"Vegera bi Ne\u00e7ar\u00ee ya Penaber\u00ean S\u00fbr\u00ee y\u00ean li Lubnan \u00fb Turkiy\u00ea"}]},{"@type":"WebSite","@id":"https:\/\/scm.bz\/#website","url":"https:\/\/scm.bz\/","name":"\u0627\u0644\u0645\u0631\u0643\u0632 \u0627\u0644\u0633\u0648\u0631\u064a \u0644\u0644\u0625\u0639\u0644\u0627\u0645 \u0648\u062d\u0631\u064a\u0629 \u0627\u0644\u062a\u0639\u0628\u064a\u0631 Syrian Center for Media and Freedom of Expression","description":"","publisher":{"@id":"https:\/\/scm.bz\/#organization"},"potentialAction":[{"@type":"SearchAction","target":{"@type":"EntryPoint","urlTemplate":"https:\/\/scm.bz\/?s={search_term_string}"},"query-input":{"@type":"PropertyValueSpecification","valueRequired":true,"valueName":"search_term_string"}}],"inLanguage":"kmr"},{"@type":"Organization","@id":"https:\/\/scm.bz\/#organization","name":"\u0627\u0644\u0645\u0631\u0643\u0632 \u0627\u0644\u0633\u0648\u0631\u064a \u0644\u0644\u0625\u0639\u0644\u0627\u0645 \u0648\u062d\u0631\u064a\u0629 \u0627\u0644\u062a\u0639\u0628\u064a\u0631 Syrian Center for Media and Freedom of Expression","url":"https:\/\/scm.bz\/","logo":{"@type":"ImageObject","inLanguage":"kmr","@id":"https:\/\/scm.bz\/#\/schema\/logo\/image\/","url":"http:\/\/scm.bz\/wp-content\/uploads\/2021\/01\/SCM-logo-1-with-Clear-Space-1-2.png","contentUrl":"http:\/\/scm.bz\/wp-content\/uploads\/2021\/01\/SCM-logo-1-with-Clear-Space-1-2.png","width":1450,"height":1450,"caption":"\u0627\u0644\u0645\u0631\u0643\u0632 \u0627\u0644\u0633\u0648\u0631\u064a \u0644\u0644\u0625\u0639\u0644\u0627\u0645 \u0648\u062d\u0631\u064a\u0629 \u0627\u0644\u062a\u0639\u0628\u064a\u0631 Syrian Center for Media and Freedom of Expression"},"image":{"@id":"https:\/\/scm.bz\/#\/schema\/logo\/image\/"},"sameAs":["https:\/\/www.facebook.com\/scm.center","https:\/\/x.com\/SyrianCenter"]},{"@type":"Person","@id":"https:\/\/scm.bz\/#\/schema\/person\/e472a692d6eb96019b2b6719c856b002","name":"Bassel Alhamada","image":{"@type":"ImageObject","inLanguage":"kmr","@id":"https:\/\/scm.bz\/#\/schema\/person\/image\/","url":"https:\/\/secure.gravatar.com\/avatar\/5e9755b5f6c47bfa4760bbcd43b332d7329811603ab6a7b169ff24b933cb8f9b?s=96&d=blank&r=g","contentUrl":"https:\/\/secure.gravatar.com\/avatar\/5e9755b5f6c47bfa4760bbcd43b332d7329811603ab6a7b169ff24b933cb8f9b?s=96&d=blank&r=g","caption":"Bassel Alhamada"},"url":"https:\/\/scm.bz\/kmr\/author\/bassel-alhamada\/"}]}},"_links":{"self":[{"href":"https:\/\/scm.bz\/kmr\/wp-json\/wp\/v2\/posts\/203522","targetHints":{"allow":["GET"]}}],"collection":[{"href":"https:\/\/scm.bz\/kmr\/wp-json\/wp\/v2\/posts"}],"about":[{"href":"https:\/\/scm.bz\/kmr\/wp-json\/wp\/v2\/types\/post"}],"author":[{"embeddable":true,"href":"https:\/\/scm.bz\/kmr\/wp-json\/wp\/v2\/users\/50"}],"replies":[{"embeddable":true,"href":"https:\/\/scm.bz\/kmr\/wp-json\/wp\/v2\/comments?post=203522"}],"version-history":[{"count":1,"href":"https:\/\/scm.bz\/kmr\/wp-json\/wp\/v2\/posts\/203522\/revisions"}],"predecessor-version":[{"id":203527,"href":"https:\/\/scm.bz\/kmr\/wp-json\/wp\/v2\/posts\/203522\/revisions\/203527"}],"wp:featuredmedia":[{"embeddable":true,"href":"https:\/\/scm.bz\/kmr\/wp-json\/wp\/v2\/media\/203528"}],"wp:attachment":[{"href":"https:\/\/scm.bz\/kmr\/wp-json\/wp\/v2\/media?parent=203522"}],"wp:term":[{"taxonomy":"category","embeddable":true,"href":"https:\/\/scm.bz\/kmr\/wp-json\/wp\/v2\/categories?post=203522"},{"taxonomy":"post_tag","embeddable":true,"href":"https:\/\/scm.bz\/kmr\/wp-json\/wp\/v2\/tags?post=203522"}],"curies":[{"name":"wp","href":"https:\/\/api.w.org\/{rel}","templated":true}]}}