{"id":193724,"date":"2022-01-28T11:53:53","date_gmt":"2022-01-28T09:53:53","guid":{"rendered":"https:\/\/scm.bz?p=193724"},"modified":"2022-01-28T11:53:53","modified_gmt":"2022-01-28T09:53:53","slug":"vagner-li-suriye-biryara-dadgeha-rusi-becezakirin-tawanen-hovane-tebut-dike","status":"publish","type":"post","link":"https:\/\/scm.bz\/kmr\/vagner-li-suriye-biryara-dadgeha-rusi-becezakirin-tawanen-hovane-tebut-dike\/","title":{"rendered":"Vagner li S\u00fbriy\u00ea: Biryara dadgeha R\u00fbs\u00ee b\u00eacezakirin tawan\u00ean hovane teb\u00fbt dike"},"content":{"rendered":"<p style=\"direction: ltr;\"><strong>Par\u00ees, Moskow, 18 \u00c7iley\u00ea pa\u015f\u00een\/ r\u00eabendana 2022<\/strong> &#8211; Dadgeha Basmany li Moskow\u00ea \u00eero redkirina giliya par\u00eazer Ilya Novikov \u00fb Piotr Zaikyn li dij\u00ee b\u00ea\u00e7alaktiya Kom\u00eeteya L\u00eakol\u00een\u00ea ya Federasyona R\u00fbsyay\u00ea red kir. Kom\u00eeteya (SKRF) ku xwed\u00ee desthilata vekirina vekol\u00een\u00ea ye li ser ku\u015ftina hovane ya li dij\u00ee M.Elisma\u00eel di sala 2017an da ji aliy\u00ea endam\u00ean y\u00ean \u015firketa le\u015fker\u00ee ya taybet (PMC) Vagner (&#8220;gir\u00fbpa Wagner&#8221;) li S\u00fbriy\u00ea, nekar\u00ee par\u00eazeran p\u00ea\u015fk\u00ea\u015f\u00ee bike. der bar\u00ea giliy\u00ea s\u00fbc de ku 10 meh ber\u00ea li ser nav\u00ea biray\u00ea mexd\u00fbr hatiye kirin da agah\u00ee hene.<\/p>\n<p style=\"direction: ltr;\">Navenda S\u00fbr\u00eeyey\u00ee bo Ragihandin\u00ea \u00fb Derbir\u00eena Azad (SCM), Navenda Maf\u00ean Mirovan Memorial, \u00fb Federasyona Navnetewey\u00ee ya Maf\u00ean Mirovan (FIDH), di amadekirina gil\u00eekirin\u00ea da al\u00eekar\u00ee kirin. R\u00eaxistinan par\u00eazer Ilya Novikov \u00fb Piotr Zaikin ji bo n\u00fbnertiya biray\u00ea M.Elismail kirin. Piraniya agah\u00ee \u00fb del\u00eelan ji aliy\u00ea rojnameya Novaya Gazete ve ku l\u00eakol\u00eena xwe bi r\u00ea ve dibir, p\u00ea\u015fk\u00ea\u015f\u00ee \u00e7alakvan\u00ean maf\u00ean mirovan kirin.<\/p>\n<p style=\"direction: ltr;\">Ev giliy\u00ea s\u00eayem e li ser b\u00ea\u00e7alaktiya SKRF\u00ea, ya yekem ku 9 meh ber\u00ea hatib\u00fb kirin. Du giliy\u00ean ber\u00ea hatin vegerandin, \u00fb biryara li ser ya s\u00eayem\u00een ten\u00ea pi\u015ft\u00ee du mehan ji n\u00eeqa\u015fan hat.<\/p>\n<p style=\"direction: ltr;\">Di 18 \u00c7iley\u00ea pa\u015f\u00een\/ r\u00eabendana da, dadger E. Nikolaeva red kir ku giliy\u00ea par\u00eazeran bipejir\u00eene, bi hinceta ku di derheq\u00ea gil\u00eekirina s\u00fbc de tu sedemek ji bo me\u015fandina vekol\u00eenek prosedur\u00ea tune. Bi taybet\u00ee, li ser Bersiva li ser gil\u00eekirina par\u00eazeran ku di heman roj\u00ea de ji h\u00eala A. Pakhtusov, serok\u00ea Mid\u00fbriyeta L\u00eakol\u00een\u00ean Sereke ya SKRF ve hat\u00ee \u015fandin, dadgeh\u00ea destn\u00ee\u015fan kir ku gil\u00eekirina Adara 2021an &#8220;agahiyek di derheq\u00ea rew\u015f\u00ean ku h\u00eaman\u00ean s\u00fbc\u00ea de destn\u00ee\u015fan dikin tune b\u00fb&#8221; \u00fb ev e. Ji ber v\u00ea yek\u00ea &#8220;ne mijara tomarkirin\u00ea [di qeyda tawanan de] \u00fb l\u00eapirs\u00eenek prosedur\u00ee hewce nake.&#8221;<\/p>\n<p style=\"direction: ltr;\">SKRF, ku n\u00fbner\u00ea w\u00ea be\u015fdar\u00ee dani\u015f\u00een\u00ea neb\u00fb, di bersiv\u00ean xwe da, digel \u00e7end mijar\u00ean din wiha got: Rastiya mirina M. El\u00eesma\u00eel ne hatiye tesp\u00eetkirin \u00fb ne j\u00ee hatiye belgekirin; tomara v\u00eedeoy\u00ea (ku t\u00ea de ku\u015ftina bi hovane ya biray\u00ea dozger M. El\u00eesma\u00eel n\u00ee\u015fan dide \u00fb r\u00fby\u00ea qurbaniy\u00ea (biray\u00ea naskir\u00ee) \u00fb y\u00ean hinek kujeran j\u00ee bi zelal\u00ee n\u00ee\u015fan dide) nehate pi\u015ftrastkirin \u00fb cih\u00ea ya tomar nehatiye naskirin. Wek\u00ee din, dema ku serl\u00eader \u00eedia kir ku c\u00eenayet li S\u00fbriy\u00ea p\u00eak hatiye, ti agahiyek t\u00eakildar an daxwaz\u00ean al\u00eekariya qan\u00fbn\u00ee ji rayedar\u00ean s\u00fbr\u00ee nehatine wergirtin; arg\u00fbman\u00ean serl\u00eader ku hemwelatiy\u00ean r\u00fbs\u00ee be\u015fdar\u00ee ku\u015ftin\u00ea b\u00fbne ten\u00ea &#8220;p\u00ea\u015fniyar&#8221; in; \u00fb &#8220;Rastiya mirina M. El\u00eesma\u00eel ne hatiye tesp\u00eetkirin \u00fb ne j\u00ee belge.&#8221;<\/p>\n<p style=\"direction: ltr;\">N\u00fbnera dozgeriy\u00ea Y. Nagumanova pi\u015ftgir\u00ee da helwesta SKRF&#8217;\u00ea \u00fb an\u00ee ziman ku dozger bi lezg\u00een biryara SKRF&#8217;\u00ea daye hatiye agahdarkirin, l\u00ea bel\u00ea ji bo \u00eefadey\u00ean xwe ti del\u00eel nedane.<\/p>\n<p style=\"direction: ltr;\">Par\u00eazer Piotr Zaikin y\u00ea ku n\u00fbnertiya berjewendiy\u00ean dozger dike, diyar kir ku SKRF&#8217;\u00ea der bar\u00ea biryara xwe de tu kes\u00ee agahdar nekiriye \u00fb di her rew\u015f\u00ea de ev biryar neqan\u00fbn\u00ee ye. Di l\u00eapirs\u00een\u00ea de ji bo verastkirina del\u00eelan t\u00eara xwe agahiy\u00ean p\u00eaw\u00eest hatin day\u00een. Wek\u00ee din, di gil\u00eekirin\u00ea de kes\u00ea taybet\u00ee y\u00ea ku be\u015fdar\u00ee s\u00fbc\u00ea b\u00fbye hate nas kirin.<\/p>\n<p style=\"direction: ltr;\">Dadger bi hincet\u00ean SKRF\u00ea raz\u00ee b\u00fb. Digel ku w\u00ea amaje bi w\u00ea yek\u00ea kir ku SKRF-\u00ea ji biryara xwe ya nedestp\u00eakirina l\u00eapirs\u00eena s\u00fbc\u00ea Dozger agahdar nekiriye, w\u00ea biryar da ku pirsgir\u00eak \u00e7areser b\u00fbye ji ber ku par\u00eazer\u00ea w\u00ee di dani\u015f\u00een\u00ea de ji biryarek weha agahdar b\u00fbye.<\/p>\n<p style=\"direction: ltr;\">R\u00eaveber\u00ea Gi\u015ft\u00ee y\u00ea SCM Mazen Derw\u00ee\u015f biryara dadgeh\u00ea rexne kir \u00fb diyar kir ku Dadgeha R\u00fbsyay\u00ea b\u00fbye par\u00eazvan\u00ea s\u00fbcdaran: Nay\u00ea qeb\u00fbl kirin ku ti s\u00eestemek dadwer\u00ee bibe am\u00fbrek ji bo parastina kes\u00ean ku binp\u00eakirin\u00ean mezin \u00ean maf\u00ean mirovan dikin &#8211; m\u00eena endam\u00ean Koma Wagner &#8211; \u00fb ji s\u00fbcdaran re dibe al\u00eekar ku ji b\u00eacezakirin\u00ea s\u00fbd werbigirin, ne ku wan ji s\u00fbc\u00ean xwe berpirsiyar bigire \u00fb dadmendiy\u00ea ji mexd\u00fbran re peyda bike. Ev biryar er\u00eakirina qan\u00fbn\u00ee ya b\u00eacezakirina hem\u00fb tawan\u00ean ku ji aliy\u00ea welatiy\u00ean R\u00fbs\u00ee ve li S\u00fbriy\u00ea t\u00ean kirin. Ji ber v\u00ea yek\u00ea me ji sala 2011\u2019an vir ve daxwaza \u015fandina rew\u015fa S\u00fbriy\u00ea bo Dadgeha Cezay\u00ea ya Navdewlet\u00ee kir.\u201d<\/p>\n<p style=\"direction: ltr;\">Serok\u00ea Maseya Ewropaya Rojhilat \u00fb Asyaya Nav\u00een a FIDH&#8217;\u00ea \u00celya Nuzov j\u00ee got, &#8220;Biryar gir\u00eengiya dadgeh\u00ean R\u00fbsyay\u00ea di doz\u00ean hesas \u00ean siyas\u00ee de n\u00ee\u015fan dide.&#8221; &#8220;Kom\u00eeteya L\u00eapirs\u00een\u00ea ji 10 mehan z\u00eadetir berpirsiyariya xwe ya prosedur\u00ee ya l\u00eakol\u00eena gil\u00ee bi cih neaniye, bi bandor v\u00ea erk\u00ea radest\u00ee dozger kiriye. Dadgeh ku v\u00ea yek\u00ea wek\u00ee &#8220;b\u00ea\u00e7alak\u00eet\u00ee&#8221; binav dike, lihevkirina w\u00ea ya bi rayedar\u00ean l\u00eapirs\u00een\u00ea re n\u00ee\u015fan dide.&#8221; w\u00ee encam da.<\/p>\n<p style=\"direction: ltr;\"><strong>Bingeh:<\/strong><\/p>\n<p style=\"direction: ltr;\">Di 11\u00ea Adara\/ avdara 2021\u00ea de, biray\u00ea A.Elismail bi al\u00eekariya rasterast ya Navenda S\u00fbr\u00eeyey\u00ee bo Ragihandin\u00ea \u00fb Derbir\u00eena Azad (SCM) gil\u00ee li SKRF kir \u00fb daxwaza vekirina dosyayeke tawan a ku\u015ftina bi hovane li dij\u00ee tawanbar\u00ean tawanbar kir. ku\u015ftina biray\u00ea w\u00ee. W\u00ee herwiha daxwaz kir ku kontrol bikin ka \u00e7i n\u00ee\u015fan\u00ean tawan\u00ean din, di nav de tawan\u00ean \u015fer, di kiryar\u00ean wan de hene.<\/p>\n<p style=\"direction: ltr;\">Ji hing\u00ea ve, par\u00eazer\u00ean w\u00ee du caran &#8211; di 26\u00ea Adar\/ avdar \u00fb 13\u00ea \u00e7irey\u00ea p\u00ea\u015f\u00een\/ Cotmeh\u00ea de &#8211; ji SKRF\u00ea agah\u00ee li ser qeydkirina gil\u00eekirin\u00ea, li ser p\u00ea\u015fkeftin \u00fb encam\u00ean l\u00eapirs\u00eena p\u00ea\u015f\u00een, \u00fb her weha kopiy\u00ean belgey\u00ean prosedur\u00ea, xwestin, b\u00ea encam. D\u00fbv re s\u00ea gil\u00ee li Dadgeha Basmanny hatin kirin: 19 N\u00eesan, 4 Gulan \u00fb 19 T\u00eermeh. Du caran ew bi hincet\u00ean tekn\u00eek\u00ee y\u00ean gumanbar hatin vegerandin; par\u00eazer ji bo ku der bar\u00ea \u00e7aren\u00fbsa gil\u00ee \u00fb biryar\u00ean ku veger\u00ea rewa dikin de agah\u00ee bi dest bixin, ne\u00e7ar b\u00fbn ku gelek hewl bidin.<\/p>\n<p style=\"direction: ltr;\">Di 1&#8217;\u00ea Cotmeh\u00ea de par\u00eazer Piotr Zaikin bi daxwaza ku biryara giliy\u00ea s\u00eayem\u00een bi niv\u00eesk\u00ee agahdar bike ser\u00ee li serok\u00ea dadgeha Basmanny da. \u00cero, r\u00fbni\u015ftina ku demek dir\u00eaj li bend\u00ea b\u00fb p\u00eak hat.<\/p>\n<p style=\"direction: ltr;\">\n","protected":false},"excerpt":{"rendered":"<p>Par\u00ees, Moskow, 18 \u00c7iley\u00ea pa\u015f\u00een\/ r\u00eabendana 2022 &#8211; Dadgeha Basmany li Moskow\u00ea \u00eero redkirina giliya par\u00eazer Ilya Novikov \u00fb Piotr Zaikyn li dij\u00ee b\u00ea\u00e7alaktiya Kom\u00eeteya L\u00eakol\u00een\u00ea ya Federasyona R\u00fbsyay\u00ea red kir. Kom\u00eeteya (SKRF) ku xwed\u00ee desthilata vekirina vekol\u00een\u00ea ye li ser ku\u015ftina hovane ya li dij\u00ee M.Elisma\u00eel di sala 2017an da ji aliy\u00ea endam\u00ean y\u00ean [&hellip;]<\/p>\n","protected":false},"author":24,"featured_media":193694,"comment_status":"closed","ping_status":"open","sticky":false,"template":"","format":"standard","meta":{"_acf_changed":false,"footnotes":""},"categories":[328],"tags":[],"class_list":["post-193724","post","type-post","status-publish","format-standard","has-post-thumbnail","hentry","category-statements-kmr","post-wrapper"],"acf":[],"yoast_head":"<!-- This site is optimized with the Yoast SEO Premium plugin v20.6 (Yoast SEO v26.5) - https:\/\/yoast.com\/wordpress\/plugins\/seo\/ -->\n<title>Vagner li S\u00fbriy\u00ea: Biryara dadgeha R\u00fbs\u00ee b\u00eacezakirin tawan\u00ean hovane teb\u00fbt dike - \u0627\u0644\u0645\u0631\u0643\u0632 \u0627\u0644\u0633\u0648\u0631\u064a \u0644\u0644\u0625\u0639\u0644\u0627\u0645 \u0648\u062d\u0631\u064a\u0629 \u0627\u0644\u062a\u0639\u0628\u064a\u0631 Syrian Center for Media and Freedom of Expression<\/title>\n<meta name=\"description\" content=\"%\" \/>\n<meta name=\"robots\" content=\"index, follow, max-snippet:-1, max-image-preview:large, max-video-preview:-1\" \/>\n<link rel=\"canonical\" href=\"https:\/\/mfu.scm.bz\/kmr\/vagner-li-suriye-biryara-dadgeha-rusi-becezakirin-tawanen-hovane-tebut-dike\/\" \/>\n<meta property=\"og:locale\" content=\"en_US\" \/>\n<meta property=\"og:type\" content=\"article\" \/>\n<meta property=\"og:title\" content=\"Vagner li S\u00fbriy\u00ea: Biryara dadgeha R\u00fbs\u00ee b\u00eacezakirin tawan\u00ean hovane teb\u00fbt dike\" \/>\n<meta property=\"og:description\" content=\"%\" \/>\n<meta property=\"og:url\" content=\"https:\/\/mfu.scm.bz\/kmr\/vagner-li-suriye-biryara-dadgeha-rusi-becezakirin-tawanen-hovane-tebut-dike\/\" \/>\n<meta property=\"og:site_name\" content=\"\u0627\u0644\u0645\u0631\u0643\u0632 \u0627\u0644\u0633\u0648\u0631\u064a \u0644\u0644\u0625\u0639\u0644\u0627\u0645 \u0648\u062d\u0631\u064a\u0629 \u0627\u0644\u062a\u0639\u0628\u064a\u0631 Syrian Center for Media and Freedom of Expression\" \/>\n<meta property=\"article:publisher\" content=\"https:\/\/www.facebook.com\/scm.center\" \/>\n<meta property=\"article:published_time\" content=\"2022-01-28T09:53:53+00:00\" \/>\n<meta property=\"og:image\" content=\"https:\/\/mfu.scm.bz\/wp-content\/uploads\/2022\/01\/Post-for-Publishing.jpg\" \/>\n\t<meta property=\"og:image:width\" content=\"1200\" \/>\n\t<meta property=\"og:image:height\" content=\"630\" \/>\n\t<meta property=\"og:image:type\" content=\"image\/jpeg\" \/>\n<meta name=\"author\" content=\"scmadmin\" \/>\n<meta name=\"twitter:card\" content=\"summary_large_image\" \/>\n<meta name=\"twitter:creator\" content=\"@SyrianCenter\" \/>\n<meta name=\"twitter:site\" content=\"@SyrianCenter\" \/>\n<meta name=\"twitter:label1\" content=\"Written by\" \/>\n\t<meta name=\"twitter:data1\" content=\"scmadmin\" \/>\n\t<meta name=\"twitter:label2\" content=\"Est. reading time\" \/>\n\t<meta name=\"twitter:data2\" content=\"5 minutes\" \/>\n<script type=\"application\/ld+json\" class=\"yoast-schema-graph\">{\"@context\":\"https:\/\/schema.org\",\"@graph\":[{\"@type\":\"Article\",\"@id\":\"https:\/\/mfu.scm.bz\/kmr\/vagner-li-suriye-biryara-dadgeha-rusi-becezakirin-tawanen-hovane-tebut-dike\/#article\",\"isPartOf\":{\"@id\":\"https:\/\/mfu.scm.bz\/kmr\/vagner-li-suriye-biryara-dadgeha-rusi-becezakirin-tawanen-hovane-tebut-dike\/\"},\"author\":{\"name\":\"scmadmin\",\"@id\":\"https:\/\/scm.bz\/#\/schema\/person\/d116d4c43d9f3d4fe4b61619e91ead45\"},\"headline\":\"Vagner li S\u00fbriy\u00ea: Biryara dadgeha R\u00fbs\u00ee b\u00eacezakirin tawan\u00ean hovane teb\u00fbt dike\",\"datePublished\":\"2022-01-28T09:53:53+00:00\",\"mainEntityOfPage\":{\"@id\":\"https:\/\/mfu.scm.bz\/kmr\/vagner-li-suriye-biryara-dadgeha-rusi-becezakirin-tawanen-hovane-tebut-dike\/\"},\"wordCount\":1103,\"publisher\":{\"@id\":\"https:\/\/scm.bz\/#organization\"},\"image\":{\"@id\":\"https:\/\/mfu.scm.bz\/kmr\/vagner-li-suriye-biryara-dadgeha-rusi-becezakirin-tawanen-hovane-tebut-dike\/#primaryimage\"},\"thumbnailUrl\":\"https:\/\/scm.bz\/wp-content\/uploads\/2022\/01\/Post-for-Publishing.jpg\",\"articleSection\":[\"Beyannamey\u00ean SCM\u00ea\"],\"inLanguage\":\"kmr\"},{\"@type\":\"WebPage\",\"@id\":\"https:\/\/mfu.scm.bz\/kmr\/vagner-li-suriye-biryara-dadgeha-rusi-becezakirin-tawanen-hovane-tebut-dike\/\",\"url\":\"https:\/\/mfu.scm.bz\/kmr\/vagner-li-suriye-biryara-dadgeha-rusi-becezakirin-tawanen-hovane-tebut-dike\/\",\"name\":\"Vagner li S\u00fbriy\u00ea: Biryara dadgeha R\u00fbs\u00ee b\u00eacezakirin tawan\u00ean hovane teb\u00fbt dike - \u0627\u0644\u0645\u0631\u0643\u0632 \u0627\u0644\u0633\u0648\u0631\u064a \u0644\u0644\u0625\u0639\u0644\u0627\u0645 \u0648\u062d\u0631\u064a\u0629 \u0627\u0644\u062a\u0639\u0628\u064a\u0631 Syrian Center for Media and Freedom of Expression\",\"isPartOf\":{\"@id\":\"https:\/\/scm.bz\/#website\"},\"primaryImageOfPage\":{\"@id\":\"https:\/\/mfu.scm.bz\/kmr\/vagner-li-suriye-biryara-dadgeha-rusi-becezakirin-tawanen-hovane-tebut-dike\/#primaryimage\"},\"image\":{\"@id\":\"https:\/\/mfu.scm.bz\/kmr\/vagner-li-suriye-biryara-dadgeha-rusi-becezakirin-tawanen-hovane-tebut-dike\/#primaryimage\"},\"thumbnailUrl\":\"https:\/\/scm.bz\/wp-content\/uploads\/2022\/01\/Post-for-Publishing.jpg\",\"datePublished\":\"2022-01-28T09:53:53+00:00\",\"description\":\"%\",\"breadcrumb\":{\"@id\":\"https:\/\/mfu.scm.bz\/kmr\/vagner-li-suriye-biryara-dadgeha-rusi-becezakirin-tawanen-hovane-tebut-dike\/#breadcrumb\"},\"inLanguage\":\"kmr\",\"potentialAction\":[{\"@type\":\"ReadAction\",\"target\":[\"https:\/\/mfu.scm.bz\/kmr\/vagner-li-suriye-biryara-dadgeha-rusi-becezakirin-tawanen-hovane-tebut-dike\/\"]}]},{\"@type\":\"ImageObject\",\"inLanguage\":\"kmr\",\"@id\":\"https:\/\/mfu.scm.bz\/kmr\/vagner-li-suriye-biryara-dadgeha-rusi-becezakirin-tawanen-hovane-tebut-dike\/#primaryimage\",\"url\":\"https:\/\/scm.bz\/wp-content\/uploads\/2022\/01\/Post-for-Publishing.jpg\",\"contentUrl\":\"https:\/\/scm.bz\/wp-content\/uploads\/2022\/01\/Post-for-Publishing.jpg\",\"width\":1200,\"height\":630},{\"@type\":\"BreadcrumbList\",\"@id\":\"https:\/\/mfu.scm.bz\/kmr\/vagner-li-suriye-biryara-dadgeha-rusi-becezakirin-tawanen-hovane-tebut-dike\/#breadcrumb\",\"itemListElement\":[{\"@type\":\"ListItem\",\"position\":1,\"name\":\"Home\",\"item\":\"https:\/\/scm.bz\/kmr\/\"},{\"@type\":\"ListItem\",\"position\":2,\"name\":\"Vagner li S\u00fbriy\u00ea: Biryara dadgeha R\u00fbs\u00ee b\u00eacezakirin tawan\u00ean hovane teb\u00fbt dike\"}]},{\"@type\":\"WebSite\",\"@id\":\"https:\/\/scm.bz\/#website\",\"url\":\"https:\/\/scm.bz\/\",\"name\":\"\u0627\u0644\u0645\u0631\u0643\u0632 \u0627\u0644\u0633\u0648\u0631\u064a \u0644\u0644\u0625\u0639\u0644\u0627\u0645 \u0648\u062d\u0631\u064a\u0629 \u0627\u0644\u062a\u0639\u0628\u064a\u0631 Syrian Center for Media and Freedom of Expression\",\"description\":\"\",\"publisher\":{\"@id\":\"https:\/\/scm.bz\/#organization\"},\"potentialAction\":[{\"@type\":\"SearchAction\",\"target\":{\"@type\":\"EntryPoint\",\"urlTemplate\":\"https:\/\/scm.bz\/?s={search_term_string}\"},\"query-input\":{\"@type\":\"PropertyValueSpecification\",\"valueRequired\":true,\"valueName\":\"search_term_string\"}}],\"inLanguage\":\"kmr\"},{\"@type\":\"Organization\",\"@id\":\"https:\/\/scm.bz\/#organization\",\"name\":\"\u0627\u0644\u0645\u0631\u0643\u0632 \u0627\u0644\u0633\u0648\u0631\u064a \u0644\u0644\u0625\u0639\u0644\u0627\u0645 \u0648\u062d\u0631\u064a\u0629 \u0627\u0644\u062a\u0639\u0628\u064a\u0631 Syrian Center for Media and Freedom of Expression\",\"url\":\"https:\/\/scm.bz\/\",\"logo\":{\"@type\":\"ImageObject\",\"inLanguage\":\"kmr\",\"@id\":\"https:\/\/scm.bz\/#\/schema\/logo\/image\/\",\"url\":\"http:\/\/scm.bz\/wp-content\/uploads\/2021\/01\/SCM-logo-1-with-Clear-Space-1-2.png\",\"contentUrl\":\"http:\/\/scm.bz\/wp-content\/uploads\/2021\/01\/SCM-logo-1-with-Clear-Space-1-2.png\",\"width\":1450,\"height\":1450,\"caption\":\"\u0627\u0644\u0645\u0631\u0643\u0632 \u0627\u0644\u0633\u0648\u0631\u064a \u0644\u0644\u0625\u0639\u0644\u0627\u0645 \u0648\u062d\u0631\u064a\u0629 \u0627\u0644\u062a\u0639\u0628\u064a\u0631 Syrian Center for Media and Freedom of Expression\"},\"image\":{\"@id\":\"https:\/\/scm.bz\/#\/schema\/logo\/image\/\"},\"sameAs\":[\"https:\/\/www.facebook.com\/scm.center\",\"https:\/\/x.com\/SyrianCenter\"]},{\"@type\":\"Person\",\"@id\":\"https:\/\/scm.bz\/#\/schema\/person\/d116d4c43d9f3d4fe4b61619e91ead45\",\"name\":\"scmadmin\",\"image\":{\"@type\":\"ImageObject\",\"inLanguage\":\"kmr\",\"@id\":\"https:\/\/scm.bz\/#\/schema\/person\/image\/\",\"url\":\"https:\/\/secure.gravatar.com\/avatar\/8cb2b559549de2ba5e28f5d26e15c8f315b5dd63c953e348e6769ae2e88e3cdc?s=96&d=blank&r=g\",\"contentUrl\":\"https:\/\/secure.gravatar.com\/avatar\/8cb2b559549de2ba5e28f5d26e15c8f315b5dd63c953e348e6769ae2e88e3cdc?s=96&d=blank&r=g\",\"caption\":\"scmadmin\"},\"url\":\"https:\/\/scm.bz\/kmr\/author\/scmadmin\/\"}]}<\/script>\n<!-- \/ Yoast SEO Premium plugin. -->","yoast_head_json":{"title":"Vagner li S\u00fbriy\u00ea: Biryara dadgeha R\u00fbs\u00ee b\u00eacezakirin tawan\u00ean hovane teb\u00fbt dike - \u0627\u0644\u0645\u0631\u0643\u0632 \u0627\u0644\u0633\u0648\u0631\u064a \u0644\u0644\u0625\u0639\u0644\u0627\u0645 \u0648\u062d\u0631\u064a\u0629 \u0627\u0644\u062a\u0639\u0628\u064a\u0631 Syrian Center for Media and Freedom of Expression","description":"%","robots":{"index":"index","follow":"follow","max-snippet":"max-snippet:-1","max-image-preview":"max-image-preview:large","max-video-preview":"max-video-preview:-1"},"canonical":"https:\/\/mfu.scm.bz\/kmr\/vagner-li-suriye-biryara-dadgeha-rusi-becezakirin-tawanen-hovane-tebut-dike\/","og_locale":"en_US","og_type":"article","og_title":"Vagner li S\u00fbriy\u00ea: Biryara dadgeha R\u00fbs\u00ee b\u00eacezakirin tawan\u00ean hovane teb\u00fbt dike","og_description":"%","og_url":"https:\/\/mfu.scm.bz\/kmr\/vagner-li-suriye-biryara-dadgeha-rusi-becezakirin-tawanen-hovane-tebut-dike\/","og_site_name":"\u0627\u0644\u0645\u0631\u0643\u0632 \u0627\u0644\u0633\u0648\u0631\u064a \u0644\u0644\u0625\u0639\u0644\u0627\u0645 \u0648\u062d\u0631\u064a\u0629 \u0627\u0644\u062a\u0639\u0628\u064a\u0631 Syrian Center for Media and Freedom of Expression","article_publisher":"https:\/\/www.facebook.com\/scm.center","article_published_time":"2022-01-28T09:53:53+00:00","og_image":[{"width":1200,"height":630,"url":"https:\/\/mfu.scm.bz\/wp-content\/uploads\/2022\/01\/Post-for-Publishing.jpg","type":"image\/jpeg"}],"author":"scmadmin","twitter_card":"summary_large_image","twitter_creator":"@SyrianCenter","twitter_site":"@SyrianCenter","twitter_misc":{"Written by":"scmadmin","Est. reading time":"5 minutes"},"schema":{"@context":"https:\/\/schema.org","@graph":[{"@type":"Article","@id":"https:\/\/mfu.scm.bz\/kmr\/vagner-li-suriye-biryara-dadgeha-rusi-becezakirin-tawanen-hovane-tebut-dike\/#article","isPartOf":{"@id":"https:\/\/mfu.scm.bz\/kmr\/vagner-li-suriye-biryara-dadgeha-rusi-becezakirin-tawanen-hovane-tebut-dike\/"},"author":{"name":"scmadmin","@id":"https:\/\/scm.bz\/#\/schema\/person\/d116d4c43d9f3d4fe4b61619e91ead45"},"headline":"Vagner li S\u00fbriy\u00ea: Biryara dadgeha R\u00fbs\u00ee b\u00eacezakirin tawan\u00ean hovane teb\u00fbt dike","datePublished":"2022-01-28T09:53:53+00:00","mainEntityOfPage":{"@id":"https:\/\/mfu.scm.bz\/kmr\/vagner-li-suriye-biryara-dadgeha-rusi-becezakirin-tawanen-hovane-tebut-dike\/"},"wordCount":1103,"publisher":{"@id":"https:\/\/scm.bz\/#organization"},"image":{"@id":"https:\/\/mfu.scm.bz\/kmr\/vagner-li-suriye-biryara-dadgeha-rusi-becezakirin-tawanen-hovane-tebut-dike\/#primaryimage"},"thumbnailUrl":"https:\/\/scm.bz\/wp-content\/uploads\/2022\/01\/Post-for-Publishing.jpg","articleSection":["Beyannamey\u00ean SCM\u00ea"],"inLanguage":"kmr"},{"@type":"WebPage","@id":"https:\/\/mfu.scm.bz\/kmr\/vagner-li-suriye-biryara-dadgeha-rusi-becezakirin-tawanen-hovane-tebut-dike\/","url":"https:\/\/mfu.scm.bz\/kmr\/vagner-li-suriye-biryara-dadgeha-rusi-becezakirin-tawanen-hovane-tebut-dike\/","name":"Vagner li S\u00fbriy\u00ea: Biryara dadgeha R\u00fbs\u00ee b\u00eacezakirin tawan\u00ean hovane teb\u00fbt dike - \u0627\u0644\u0645\u0631\u0643\u0632 \u0627\u0644\u0633\u0648\u0631\u064a \u0644\u0644\u0625\u0639\u0644\u0627\u0645 \u0648\u062d\u0631\u064a\u0629 \u0627\u0644\u062a\u0639\u0628\u064a\u0631 Syrian Center for Media and Freedom of Expression","isPartOf":{"@id":"https:\/\/scm.bz\/#website"},"primaryImageOfPage":{"@id":"https:\/\/mfu.scm.bz\/kmr\/vagner-li-suriye-biryara-dadgeha-rusi-becezakirin-tawanen-hovane-tebut-dike\/#primaryimage"},"image":{"@id":"https:\/\/mfu.scm.bz\/kmr\/vagner-li-suriye-biryara-dadgeha-rusi-becezakirin-tawanen-hovane-tebut-dike\/#primaryimage"},"thumbnailUrl":"https:\/\/scm.bz\/wp-content\/uploads\/2022\/01\/Post-for-Publishing.jpg","datePublished":"2022-01-28T09:53:53+00:00","description":"%","breadcrumb":{"@id":"https:\/\/mfu.scm.bz\/kmr\/vagner-li-suriye-biryara-dadgeha-rusi-becezakirin-tawanen-hovane-tebut-dike\/#breadcrumb"},"inLanguage":"kmr","potentialAction":[{"@type":"ReadAction","target":["https:\/\/mfu.scm.bz\/kmr\/vagner-li-suriye-biryara-dadgeha-rusi-becezakirin-tawanen-hovane-tebut-dike\/"]}]},{"@type":"ImageObject","inLanguage":"kmr","@id":"https:\/\/mfu.scm.bz\/kmr\/vagner-li-suriye-biryara-dadgeha-rusi-becezakirin-tawanen-hovane-tebut-dike\/#primaryimage","url":"https:\/\/scm.bz\/wp-content\/uploads\/2022\/01\/Post-for-Publishing.jpg","contentUrl":"https:\/\/scm.bz\/wp-content\/uploads\/2022\/01\/Post-for-Publishing.jpg","width":1200,"height":630},{"@type":"BreadcrumbList","@id":"https:\/\/mfu.scm.bz\/kmr\/vagner-li-suriye-biryara-dadgeha-rusi-becezakirin-tawanen-hovane-tebut-dike\/#breadcrumb","itemListElement":[{"@type":"ListItem","position":1,"name":"Home","item":"https:\/\/scm.bz\/kmr\/"},{"@type":"ListItem","position":2,"name":"Vagner li S\u00fbriy\u00ea: Biryara dadgeha R\u00fbs\u00ee b\u00eacezakirin tawan\u00ean hovane teb\u00fbt dike"}]},{"@type":"WebSite","@id":"https:\/\/scm.bz\/#website","url":"https:\/\/scm.bz\/","name":"\u0627\u0644\u0645\u0631\u0643\u0632 \u0627\u0644\u0633\u0648\u0631\u064a \u0644\u0644\u0625\u0639\u0644\u0627\u0645 \u0648\u062d\u0631\u064a\u0629 \u0627\u0644\u062a\u0639\u0628\u064a\u0631 Syrian Center for Media and Freedom of Expression","description":"","publisher":{"@id":"https:\/\/scm.bz\/#organization"},"potentialAction":[{"@type":"SearchAction","target":{"@type":"EntryPoint","urlTemplate":"https:\/\/scm.bz\/?s={search_term_string}"},"query-input":{"@type":"PropertyValueSpecification","valueRequired":true,"valueName":"search_term_string"}}],"inLanguage":"kmr"},{"@type":"Organization","@id":"https:\/\/scm.bz\/#organization","name":"\u0627\u0644\u0645\u0631\u0643\u0632 \u0627\u0644\u0633\u0648\u0631\u064a \u0644\u0644\u0625\u0639\u0644\u0627\u0645 \u0648\u062d\u0631\u064a\u0629 \u0627\u0644\u062a\u0639\u0628\u064a\u0631 Syrian Center for Media and Freedom of Expression","url":"https:\/\/scm.bz\/","logo":{"@type":"ImageObject","inLanguage":"kmr","@id":"https:\/\/scm.bz\/#\/schema\/logo\/image\/","url":"http:\/\/scm.bz\/wp-content\/uploads\/2021\/01\/SCM-logo-1-with-Clear-Space-1-2.png","contentUrl":"http:\/\/scm.bz\/wp-content\/uploads\/2021\/01\/SCM-logo-1-with-Clear-Space-1-2.png","width":1450,"height":1450,"caption":"\u0627\u0644\u0645\u0631\u0643\u0632 \u0627\u0644\u0633\u0648\u0631\u064a \u0644\u0644\u0625\u0639\u0644\u0627\u0645 \u0648\u062d\u0631\u064a\u0629 \u0627\u0644\u062a\u0639\u0628\u064a\u0631 Syrian Center for Media and Freedom of Expression"},"image":{"@id":"https:\/\/scm.bz\/#\/schema\/logo\/image\/"},"sameAs":["https:\/\/www.facebook.com\/scm.center","https:\/\/x.com\/SyrianCenter"]},{"@type":"Person","@id":"https:\/\/scm.bz\/#\/schema\/person\/d116d4c43d9f3d4fe4b61619e91ead45","name":"scmadmin","image":{"@type":"ImageObject","inLanguage":"kmr","@id":"https:\/\/scm.bz\/#\/schema\/person\/image\/","url":"https:\/\/secure.gravatar.com\/avatar\/8cb2b559549de2ba5e28f5d26e15c8f315b5dd63c953e348e6769ae2e88e3cdc?s=96&d=blank&r=g","contentUrl":"https:\/\/secure.gravatar.com\/avatar\/8cb2b559549de2ba5e28f5d26e15c8f315b5dd63c953e348e6769ae2e88e3cdc?s=96&d=blank&r=g","caption":"scmadmin"},"url":"https:\/\/scm.bz\/kmr\/author\/scmadmin\/"}]}},"_links":{"self":[{"href":"https:\/\/scm.bz\/kmr\/wp-json\/wp\/v2\/posts\/193724","targetHints":{"allow":["GET"]}}],"collection":[{"href":"https:\/\/scm.bz\/kmr\/wp-json\/wp\/v2\/posts"}],"about":[{"href":"https:\/\/scm.bz\/kmr\/wp-json\/wp\/v2\/types\/post"}],"author":[{"embeddable":true,"href":"https:\/\/scm.bz\/kmr\/wp-json\/wp\/v2\/users\/24"}],"replies":[{"embeddable":true,"href":"https:\/\/scm.bz\/kmr\/wp-json\/wp\/v2\/comments?post=193724"}],"version-history":[{"count":0,"href":"https:\/\/scm.bz\/kmr\/wp-json\/wp\/v2\/posts\/193724\/revisions"}],"wp:featuredmedia":[{"embeddable":true,"href":"https:\/\/scm.bz\/kmr\/wp-json\/wp\/v2\/media\/193694"}],"wp:attachment":[{"href":"https:\/\/scm.bz\/kmr\/wp-json\/wp\/v2\/media?parent=193724"}],"wp:term":[{"taxonomy":"category","embeddable":true,"href":"https:\/\/scm.bz\/kmr\/wp-json\/wp\/v2\/categories?post=193724"},{"taxonomy":"post_tag","embeddable":true,"href":"https:\/\/scm.bz\/kmr\/wp-json\/wp\/v2\/tags?post=193724"}],"curies":[{"name":"wp","href":"https:\/\/api.w.org\/{rel}","templated":true}]}}