{"id":192130,"date":"2021-04-02T10:38:29","date_gmt":"2021-04-02T08:38:29","guid":{"rendered":"https:\/\/scm.bz?p=192130"},"modified":"2021-04-02T10:38:29","modified_gmt":"2021-04-02T08:38:29","slug":"bikaranina-ceken-qedexekiri-bi-awayeki-dijwari-li-suri","status":"publish","type":"post","link":"https:\/\/scm.bz\/kmr\/bikaranina-ceken-qedexekiri-bi-awayeki-dijwari-li-suri\/","title":{"rendered":"Bikaran\u00eena \u201c\u00c7ek\u00ean Qedexekir\u00ee\u201d bi awayek\u00ee dijwar\u00ee li S\u00fbr\u00ee"},"content":{"rendered":"<p style=\"direction: ltr;\"><span style=\"font-weight: 400;\">Navenda Dokumentasyona Binp\u00eakirinan li ser \u00eari\u015f\u00ean ku di navbera sal\u00ean 20192020- de, bi \u00e7ek\u00ean qedexekir\u00ee hatine bikar an\u00een v\u00ea rapor\u00ea p\u00ea\u015fk\u00ea\u015f dike. Rapor bikaran\u00eena berfireh a \u00e7ek\u00ean qedexekir\u00ee ji h\u00eala aliy\u00ean \u015fer ve, ku t\u00ea de bombey\u00ean berm\u00eel\u00ee, sindoq\u00ean teq\u00eener, bombey\u00ean gaz\u00ea \u00fb cebilxaneya \u015fewatbar, diyar dike.<\/span><\/p>\n<p style=\"direction: ltr;\"><span style=\"font-weight: 400;\">Di v\u00ea rapor\u00ea de \u00e7end \u00eari\u015f\u00ean ku belgefilm\u00ean navend\u00ea nekar\u00eeb\u00fbn l\u00eapirs\u00eenek berfireh \u00fb durist li ser bikin, bigire dest, eger ew di rapor\u00ean medyay\u00ee y\u00ean ji of\u00ees\u00ean ragihandin\u00ea y\u00ean her\u00eam\u00ee an medyaya civak\u00ee de hatibin behs kirin j\u00ee \u00fb di derbar\u00ea qurbaniy\u00ean siv\u00eel de j\u00ee axiv\u00ee be. Sedema w\u00ea vediger ku j\u00eader\u00ean pir li ser \u00ear\u00ee\u015fek\u00ea nehatin peydakirin, b\u00ea ku navend wan \u00ear\u00ee\u015fan bi carek\u00ea re d\u00fbr bixe.<\/span><\/p>\n<p style=\"direction: ltr;\"><span style=\"font-weight: 400;\">T\u00eem\u00ea navend\u00ea ( 11) \u00eari\u015f\u00ean bi cebilxane \u00fb bombey\u00ean gaz\u00ea ji h\u00eala h\u00eaz\u00ean R\u00fbs\u00ee \u00fb h\u00eaz\u00ean huk\u00fbmeta S\u00fbr\u00ee \u00fb kom\u00ean gir\u00eaday\u00ee wan ve belge kir. Di heman dem\u00ea de (5) \u00eari\u015f\u00ean bi cebilxan\u00ean \u015fewatkar ji aliy\u00ea h\u00eaz\u00ean huk\u00fbmeta R\u00fbs\u00ee \u00fb S\u00fbr\u00ee ve hatine tomar kirin.T\u00eema navend\u00ea bi k\u00eaman\u00ee ve 2 \u00eari\u015f\u00ean cebilxane ya ku ji h\u00eala h\u00eaz\u00ean tirkan ve li bakur\u00ea rojhilata S\u00fbriy\u00ea hatin p\u00eakan\u00een, tomar kirin. Her wiha (8) \u00eari\u015f\u00ean bi karan\u00eena bombey\u00ean berm\u00eel \u00fb qen\u00eeney\u00ean teq\u00eener \u00ean h\u00eaz\u00ean huk\u00fbmeta S\u00fbr\u00ee belge kir.<\/span><\/p>\n<p style=\"direction: ltr;\"><span style=\"font-weight: 400;\">Ev rapor hem\u00fb \u00e7ek\u00ean teq\u00eener y\u00ean qedexekir\u00ee \u00fb \u00e7ar\u00e7oveya wan berfireh be li her\u00eam\u00ean ku siv\u00eel l\u00ea dij\u00een, belg dike. Her wiha \u00e7ek\u00ea ku hikumeta S\u00fbr\u00ee \u00fb R\u00fbs\u00ee ji es\u00eeman li ser siv\u00eelan dibar\u00een \u00fb ziraran digih\u00eene \u00fb zirar\u00ean siv\u00eel\u00ee y\u00ean di encama berm\u00eel\u00ean teq\u00eener y\u00ean hikumeta S\u00fbr\u00ee document dike.<\/span><\/p>\n<p style=\"direction: ltr;\"><span style=\"font-weight: 400;\">Rapor\u00ea di asta yekem\u00een de bala xwe dide govan\u00ean ku li ber dest in, eger ev yek cuncaw ba. Bi awayek\u00ee zind\u00ee ji govan\u00ean ku ji destdir\u00eajiy\u00ean gewd\u00ee y\u00ean li dij\u00ee zagona navdewlet\u00ee ya mirov\u00ee rizgar b\u00fbn, her wiha ji \u00e7alakvan\u00ean meydan\u00ee y\u00ean ku n\u00fb\u00e7egihan\u00ean navenda belgekirina binp\u00eakan li S\u00fbr\u00ee dane hev. Ji bo ku rapor di asteke rast de be \u00fb hem\u00fb \u00ear\u00ee\u015f\u00ean xweber \u00fb y\u00ean bi \u00e7ek\u00ean qedexekir\u00ee di navbera 20192020-an de be, t\u00eema navend\u00ea ya pispor hem\u00fb d\u00eemen \u00fb w\u00eane ku ji aliy\u00ea \u00e7alakvan\u00ean ragihandiy\u00ea ve di dema \u00ear\u00ee\u015f\u00ean li ser her\u00eam\u00ean siv\u00eelan hatin ki\u015fandin, anal\u00eez kirin.<\/span><\/p>\n<p style=\"direction: ltr;\"><span style=\"font-weight: 400;\">Bo xwendina tevahiya rapor\u00ea:<\/span><\/p>\n\n","protected":false},"excerpt":{"rendered":"<p>Navenda Dokumentasyona Binp\u00eakirinan li ser \u00eari\u015f\u00ean ku di navbera sal\u00ean 20192020- de, bi \u00e7ek\u00ean qedexekir\u00ee hatine bikar an\u00een v\u00ea rapor\u00ea p\u00ea\u015fk\u00ea\u015f dike. Rapor bikaran\u00eena berfireh a \u00e7ek\u00ean qedexekir\u00ee ji h\u00eala aliy\u00ean \u015fer ve, ku t\u00ea de bombey\u00ean berm\u00eel\u00ee, sindoq\u00ean teq\u00eener, bombey\u00ean gaz\u00ea \u00fb cebilxaneya \u015fewatbar, diyar dike. Di v\u00ea rapor\u00ea de \u00e7end \u00eari\u015f\u00ean ku belgefilm\u00ean [&hellip;]<\/p>\n","protected":false},"author":24,"featured_media":192125,"comment_status":"closed","ping_status":"open","sticky":false,"template":"","format":"standard","meta":{"_acf_changed":false,"footnotes":""},"categories":[325,362],"tags":[],"class_list":["post-192130","post","type-post","status-publish","format-standard","has-post-thumbnail","hentry","category-violations-kmr","category-studies-ku","post-wrapper"],"acf":[],"yoast_head":"<!-- This site is optimized with the Yoast SEO Premium plugin v20.6 (Yoast SEO v26.5) - https:\/\/yoast.com\/wordpress\/plugins\/seo\/ -->\n<title>Bikaran\u00eena \u201c\u00c7ek\u00ean Qedexekir\u00ee\u201d bi awayek\u00ee dijwar\u00ee li S\u00fbr\u00ee - \u0627\u0644\u0645\u0631\u0643\u0632 \u0627\u0644\u0633\u0648\u0631\u064a \u0644\u0644\u0625\u0639\u0644\u0627\u0645 \u0648\u062d\u0631\u064a\u0629 \u0627\u0644\u062a\u0639\u0628\u064a\u0631 Syrian Center for Media and Freedom of Expression<\/title>\n<meta name=\"description\" content=\"%\" \/>\n<meta name=\"robots\" content=\"index, follow, max-snippet:-1, max-image-preview:large, max-video-preview:-1\" \/>\n<link rel=\"canonical\" href=\"https:\/\/scm.bz\/\u0627\u0644\u0627\u0633\u062a\u062e\u062f\u0627\u0645-\u0627\u0644\u0645\u0643\u062b\u0641-\u0644\u0644\u0627\u0633\u0644\u062d\u0629-\u0627\u0644\u0645\u062d\u0638\u0648\u0631\u0629-\u0641\u064a\/\" \/>\n<meta property=\"og:locale\" content=\"en_US\" \/>\n<meta property=\"og:type\" content=\"article\" \/>\n<meta property=\"og:title\" content=\"Bikaran\u00eena \u201c\u00c7ek\u00ean Qedexekir\u00ee\u201d bi awayek\u00ee dijwar\u00ee li S\u00fbr\u00ee\" \/>\n<meta property=\"og:description\" content=\"%\" \/>\n<meta property=\"og:url\" content=\"https:\/\/scm.bz\/\u0627\u0644\u0627\u0633\u062a\u062e\u062f\u0627\u0645-\u0627\u0644\u0645\u0643\u062b\u0641-\u0644\u0644\u0627\u0633\u0644\u062d\u0629-\u0627\u0644\u0645\u062d\u0638\u0648\u0631\u0629-\u0641\u064a\/\" \/>\n<meta property=\"og:site_name\" content=\"\u0627\u0644\u0645\u0631\u0643\u0632 \u0627\u0644\u0633\u0648\u0631\u064a \u0644\u0644\u0625\u0639\u0644\u0627\u0645 \u0648\u062d\u0631\u064a\u0629 \u0627\u0644\u062a\u0639\u0628\u064a\u0631 Syrian Center for Media and Freedom of Expression\" \/>\n<meta property=\"article:publisher\" content=\"https:\/\/www.facebook.com\/scm.center\" \/>\n<meta property=\"article:published_time\" content=\"2021-04-02T08:38:29+00:00\" \/>\n<meta property=\"og:image\" content=\"https:\/\/scm.bz\/wp-content\/uploads\/2021\/04\/Report-Photo-1024x682.png\" \/>\n\t<meta property=\"og:image:width\" content=\"1024\" \/>\n\t<meta property=\"og:image:height\" content=\"682\" \/>\n\t<meta property=\"og:image:type\" content=\"image\/png\" \/>\n<meta name=\"author\" content=\"scmadmin\" \/>\n<meta name=\"twitter:card\" content=\"summary_large_image\" \/>\n<meta name=\"twitter:creator\" content=\"@SyrianCenter\" \/>\n<meta name=\"twitter:site\" content=\"@SyrianCenter\" \/>\n<meta name=\"twitter:label1\" content=\"Written by\" \/>\n\t<meta name=\"twitter:data1\" content=\"scmadmin\" \/>\n\t<meta name=\"twitter:label2\" content=\"Est. reading time\" \/>\n\t<meta name=\"twitter:data2\" content=\"2 minutes\" \/>\n<script type=\"application\/ld+json\" class=\"yoast-schema-graph\">{\"@context\":\"https:\/\/schema.org\",\"@graph\":[{\"@type\":\"Article\",\"@id\":\"https:\/\/scm.bz\/%d8%a7%d9%84%d8%a7%d8%b3%d8%aa%d8%ae%d8%af%d8%a7%d9%85-%d8%a7%d9%84%d9%85%d9%83%d8%ab%d9%81-%d9%84%d9%84%d8%a7%d8%b3%d9%84%d8%ad%d8%a9-%d8%a7%d9%84%d9%85%d8%ad%d8%b8%d9%88%d8%b1%d8%a9-%d9%81%d9%8a\/#article\",\"isPartOf\":{\"@id\":\"https:\/\/scm.bz\/%d8%a7%d9%84%d8%a7%d8%b3%d8%aa%d8%ae%d8%af%d8%a7%d9%85-%d8%a7%d9%84%d9%85%d9%83%d8%ab%d9%81-%d9%84%d9%84%d8%a7%d8%b3%d9%84%d8%ad%d8%a9-%d8%a7%d9%84%d9%85%d8%ad%d8%b8%d9%88%d8%b1%d8%a9-%d9%81%d9%8a\/\"},\"author\":{\"name\":\"scmadmin\",\"@id\":\"https:\/\/scm.bz\/#\/schema\/person\/d116d4c43d9f3d4fe4b61619e91ead45\"},\"headline\":\"Bikaran\u00eena \u201c\u00c7ek\u00ean Qedexekir\u00ee\u201d bi awayek\u00ee dijwar\u00ee li S\u00fbr\u00ee\",\"datePublished\":\"2021-04-02T08:38:29+00:00\",\"mainEntityOfPage\":{\"@id\":\"https:\/\/scm.bz\/%d8%a7%d9%84%d8%a7%d8%b3%d8%aa%d8%ae%d8%af%d8%a7%d9%85-%d8%a7%d9%84%d9%85%d9%83%d8%ab%d9%81-%d9%84%d9%84%d8%a7%d8%b3%d9%84%d8%ad%d8%a9-%d8%a7%d9%84%d9%85%d8%ad%d8%b8%d9%88%d8%b1%d8%a9-%d9%81%d9%8a\/\"},\"wordCount\":508,\"publisher\":{\"@id\":\"https:\/\/scm.bz\/#organization\"},\"image\":{\"@id\":\"https:\/\/scm.bz\/%d8%a7%d9%84%d8%a7%d8%b3%d8%aa%d8%ae%d8%af%d8%a7%d9%85-%d8%a7%d9%84%d9%85%d9%83%d8%ab%d9%81-%d9%84%d9%84%d8%a7%d8%b3%d9%84%d8%ad%d8%a9-%d8%a7%d9%84%d9%85%d8%ad%d8%b8%d9%88%d8%b1%d8%a9-%d9%81%d9%8a\/#primaryimage\"},\"thumbnailUrl\":\"https:\/\/scm.bz\/wp-content\/uploads\/2021\/04\/Report-Photo.png\",\"articleSection\":[\"Rewangeha Binp\u00eakirinan\",\"Xwendin\u00ean SCM\u00ea\"],\"inLanguage\":\"kmr\"},{\"@type\":\"WebPage\",\"@id\":\"https:\/\/scm.bz\/%d8%a7%d9%84%d8%a7%d8%b3%d8%aa%d8%ae%d8%af%d8%a7%d9%85-%d8%a7%d9%84%d9%85%d9%83%d8%ab%d9%81-%d9%84%d9%84%d8%a7%d8%b3%d9%84%d8%ad%d8%a9-%d8%a7%d9%84%d9%85%d8%ad%d8%b8%d9%88%d8%b1%d8%a9-%d9%81%d9%8a\/\",\"url\":\"https:\/\/scm.bz\/%d8%a7%d9%84%d8%a7%d8%b3%d8%aa%d8%ae%d8%af%d8%a7%d9%85-%d8%a7%d9%84%d9%85%d9%83%d8%ab%d9%81-%d9%84%d9%84%d8%a7%d8%b3%d9%84%d8%ad%d8%a9-%d8%a7%d9%84%d9%85%d8%ad%d8%b8%d9%88%d8%b1%d8%a9-%d9%81%d9%8a\/\",\"name\":\"Bikaran\u00eena \u201c\u00c7ek\u00ean Qedexekir\u00ee\u201d bi awayek\u00ee dijwar\u00ee li S\u00fbr\u00ee - \u0627\u0644\u0645\u0631\u0643\u0632 \u0627\u0644\u0633\u0648\u0631\u064a \u0644\u0644\u0625\u0639\u0644\u0627\u0645 \u0648\u062d\u0631\u064a\u0629 \u0627\u0644\u062a\u0639\u0628\u064a\u0631 Syrian Center for Media and Freedom of Expression\",\"isPartOf\":{\"@id\":\"https:\/\/scm.bz\/#website\"},\"primaryImageOfPage\":{\"@id\":\"https:\/\/scm.bz\/%d8%a7%d9%84%d8%a7%d8%b3%d8%aa%d8%ae%d8%af%d8%a7%d9%85-%d8%a7%d9%84%d9%85%d9%83%d8%ab%d9%81-%d9%84%d9%84%d8%a7%d8%b3%d9%84%d8%ad%d8%a9-%d8%a7%d9%84%d9%85%d8%ad%d8%b8%d9%88%d8%b1%d8%a9-%d9%81%d9%8a\/#primaryimage\"},\"image\":{\"@id\":\"https:\/\/scm.bz\/%d8%a7%d9%84%d8%a7%d8%b3%d8%aa%d8%ae%d8%af%d8%a7%d9%85-%d8%a7%d9%84%d9%85%d9%83%d8%ab%d9%81-%d9%84%d9%84%d8%a7%d8%b3%d9%84%d8%ad%d8%a9-%d8%a7%d9%84%d9%85%d8%ad%d8%b8%d9%88%d8%b1%d8%a9-%d9%81%d9%8a\/#primaryimage\"},\"thumbnailUrl\":\"https:\/\/scm.bz\/wp-content\/uploads\/2021\/04\/Report-Photo.png\",\"datePublished\":\"2021-04-02T08:38:29+00:00\",\"description\":\"%\",\"breadcrumb\":{\"@id\":\"https:\/\/scm.bz\/%d8%a7%d9%84%d8%a7%d8%b3%d8%aa%d8%ae%d8%af%d8%a7%d9%85-%d8%a7%d9%84%d9%85%d9%83%d8%ab%d9%81-%d9%84%d9%84%d8%a7%d8%b3%d9%84%d8%ad%d8%a9-%d8%a7%d9%84%d9%85%d8%ad%d8%b8%d9%88%d8%b1%d8%a9-%d9%81%d9%8a\/#breadcrumb\"},\"inLanguage\":\"kmr\",\"potentialAction\":[{\"@type\":\"ReadAction\",\"target\":[\"https:\/\/scm.bz\/%d8%a7%d9%84%d8%a7%d8%b3%d8%aa%d8%ae%d8%af%d8%a7%d9%85-%d8%a7%d9%84%d9%85%d9%83%d8%ab%d9%81-%d9%84%d9%84%d8%a7%d8%b3%d9%84%d8%ad%d8%a9-%d8%a7%d9%84%d9%85%d8%ad%d8%b8%d9%88%d8%b1%d8%a9-%d9%81%d9%8a\/\"]}]},{\"@type\":\"ImageObject\",\"inLanguage\":\"kmr\",\"@id\":\"https:\/\/scm.bz\/%d8%a7%d9%84%d8%a7%d8%b3%d8%aa%d8%ae%d8%af%d8%a7%d9%85-%d8%a7%d9%84%d9%85%d9%83%d8%ab%d9%81-%d9%84%d9%84%d8%a7%d8%b3%d9%84%d8%ad%d8%a9-%d8%a7%d9%84%d9%85%d8%ad%d8%b8%d9%88%d8%b1%d8%a9-%d9%81%d9%8a\/#primaryimage\",\"url\":\"https:\/\/scm.bz\/wp-content\/uploads\/2021\/04\/Report-Photo.png\",\"contentUrl\":\"https:\/\/scm.bz\/wp-content\/uploads\/2021\/04\/Report-Photo.png\",\"width\":1280,\"height\":853},{\"@type\":\"BreadcrumbList\",\"@id\":\"https:\/\/scm.bz\/%d8%a7%d9%84%d8%a7%d8%b3%d8%aa%d8%ae%d8%af%d8%a7%d9%85-%d8%a7%d9%84%d9%85%d9%83%d8%ab%d9%81-%d9%84%d9%84%d8%a7%d8%b3%d9%84%d8%ad%d8%a9-%d8%a7%d9%84%d9%85%d8%ad%d8%b8%d9%88%d8%b1%d8%a9-%d9%81%d9%8a\/#breadcrumb\",\"itemListElement\":[{\"@type\":\"ListItem\",\"position\":1,\"name\":\"Home\",\"item\":\"https:\/\/scm.bz\/kmr\/\"},{\"@type\":\"ListItem\",\"position\":2,\"name\":\"Bikaran\u00eena \u201c\u00c7ek\u00ean Qedexekir\u00ee\u201d bi awayek\u00ee dijwar\u00ee li S\u00fbr\u00ee\"}]},{\"@type\":\"WebSite\",\"@id\":\"https:\/\/scm.bz\/#website\",\"url\":\"https:\/\/scm.bz\/\",\"name\":\"\u0627\u0644\u0645\u0631\u0643\u0632 \u0627\u0644\u0633\u0648\u0631\u064a \u0644\u0644\u0625\u0639\u0644\u0627\u0645 \u0648\u062d\u0631\u064a\u0629 \u0627\u0644\u062a\u0639\u0628\u064a\u0631 Syrian Center for Media and Freedom of Expression\",\"description\":\"\",\"publisher\":{\"@id\":\"https:\/\/scm.bz\/#organization\"},\"potentialAction\":[{\"@type\":\"SearchAction\",\"target\":{\"@type\":\"EntryPoint\",\"urlTemplate\":\"https:\/\/scm.bz\/?s={search_term_string}\"},\"query-input\":{\"@type\":\"PropertyValueSpecification\",\"valueRequired\":true,\"valueName\":\"search_term_string\"}}],\"inLanguage\":\"kmr\"},{\"@type\":\"Organization\",\"@id\":\"https:\/\/scm.bz\/#organization\",\"name\":\"\u0627\u0644\u0645\u0631\u0643\u0632 \u0627\u0644\u0633\u0648\u0631\u064a \u0644\u0644\u0625\u0639\u0644\u0627\u0645 \u0648\u062d\u0631\u064a\u0629 \u0627\u0644\u062a\u0639\u0628\u064a\u0631 Syrian Center for Media and Freedom of Expression\",\"url\":\"https:\/\/scm.bz\/\",\"logo\":{\"@type\":\"ImageObject\",\"inLanguage\":\"kmr\",\"@id\":\"https:\/\/scm.bz\/#\/schema\/logo\/image\/\",\"url\":\"http:\/\/scm.bz\/wp-content\/uploads\/2021\/01\/SCM-logo-1-with-Clear-Space-1-2.png\",\"contentUrl\":\"http:\/\/scm.bz\/wp-content\/uploads\/2021\/01\/SCM-logo-1-with-Clear-Space-1-2.png\",\"width\":1450,\"height\":1450,\"caption\":\"\u0627\u0644\u0645\u0631\u0643\u0632 \u0627\u0644\u0633\u0648\u0631\u064a \u0644\u0644\u0625\u0639\u0644\u0627\u0645 \u0648\u062d\u0631\u064a\u0629 \u0627\u0644\u062a\u0639\u0628\u064a\u0631 Syrian Center for Media and Freedom of Expression\"},\"image\":{\"@id\":\"https:\/\/scm.bz\/#\/schema\/logo\/image\/\"},\"sameAs\":[\"https:\/\/www.facebook.com\/scm.center\",\"https:\/\/x.com\/SyrianCenter\"]},{\"@type\":\"Person\",\"@id\":\"https:\/\/scm.bz\/#\/schema\/person\/d116d4c43d9f3d4fe4b61619e91ead45\",\"name\":\"scmadmin\",\"image\":{\"@type\":\"ImageObject\",\"inLanguage\":\"kmr\",\"@id\":\"https:\/\/scm.bz\/#\/schema\/person\/image\/\",\"url\":\"https:\/\/secure.gravatar.com\/avatar\/8cb2b559549de2ba5e28f5d26e15c8f315b5dd63c953e348e6769ae2e88e3cdc?s=96&d=blank&r=g\",\"contentUrl\":\"https:\/\/secure.gravatar.com\/avatar\/8cb2b559549de2ba5e28f5d26e15c8f315b5dd63c953e348e6769ae2e88e3cdc?s=96&d=blank&r=g\",\"caption\":\"scmadmin\"},\"url\":\"https:\/\/scm.bz\/kmr\/author\/scmadmin\/\"}]}<\/script>\n<!-- \/ Yoast SEO Premium plugin. -->","yoast_head_json":{"title":"Bikaran\u00eena \u201c\u00c7ek\u00ean Qedexekir\u00ee\u201d bi awayek\u00ee dijwar\u00ee li S\u00fbr\u00ee - \u0627\u0644\u0645\u0631\u0643\u0632 \u0627\u0644\u0633\u0648\u0631\u064a \u0644\u0644\u0625\u0639\u0644\u0627\u0645 \u0648\u062d\u0631\u064a\u0629 \u0627\u0644\u062a\u0639\u0628\u064a\u0631 Syrian Center for Media and Freedom of Expression","description":"%","robots":{"index":"index","follow":"follow","max-snippet":"max-snippet:-1","max-image-preview":"max-image-preview:large","max-video-preview":"max-video-preview:-1"},"canonical":"https:\/\/scm.bz\/\u0627\u0644\u0627\u0633\u062a\u062e\u062f\u0627\u0645-\u0627\u0644\u0645\u0643\u062b\u0641-\u0644\u0644\u0627\u0633\u0644\u062d\u0629-\u0627\u0644\u0645\u062d\u0638\u0648\u0631\u0629-\u0641\u064a\/","og_locale":"en_US","og_type":"article","og_title":"Bikaran\u00eena \u201c\u00c7ek\u00ean Qedexekir\u00ee\u201d bi awayek\u00ee dijwar\u00ee li S\u00fbr\u00ee","og_description":"%","og_url":"https:\/\/scm.bz\/\u0627\u0644\u0627\u0633\u062a\u062e\u062f\u0627\u0645-\u0627\u0644\u0645\u0643\u062b\u0641-\u0644\u0644\u0627\u0633\u0644\u062d\u0629-\u0627\u0644\u0645\u062d\u0638\u0648\u0631\u0629-\u0641\u064a\/","og_site_name":"\u0627\u0644\u0645\u0631\u0643\u0632 \u0627\u0644\u0633\u0648\u0631\u064a \u0644\u0644\u0625\u0639\u0644\u0627\u0645 \u0648\u062d\u0631\u064a\u0629 \u0627\u0644\u062a\u0639\u0628\u064a\u0631 Syrian Center for Media and Freedom of Expression","article_publisher":"https:\/\/www.facebook.com\/scm.center","article_published_time":"2021-04-02T08:38:29+00:00","og_image":[{"width":1024,"height":682,"url":"https:\/\/scm.bz\/wp-content\/uploads\/2021\/04\/Report-Photo-1024x682.png","type":"image\/png"}],"author":"scmadmin","twitter_card":"summary_large_image","twitter_creator":"@SyrianCenter","twitter_site":"@SyrianCenter","twitter_misc":{"Written by":"scmadmin","Est. reading time":"2 minutes"},"schema":{"@context":"https:\/\/schema.org","@graph":[{"@type":"Article","@id":"https:\/\/scm.bz\/%d8%a7%d9%84%d8%a7%d8%b3%d8%aa%d8%ae%d8%af%d8%a7%d9%85-%d8%a7%d9%84%d9%85%d9%83%d8%ab%d9%81-%d9%84%d9%84%d8%a7%d8%b3%d9%84%d8%ad%d8%a9-%d8%a7%d9%84%d9%85%d8%ad%d8%b8%d9%88%d8%b1%d8%a9-%d9%81%d9%8a\/#article","isPartOf":{"@id":"https:\/\/scm.bz\/%d8%a7%d9%84%d8%a7%d8%b3%d8%aa%d8%ae%d8%af%d8%a7%d9%85-%d8%a7%d9%84%d9%85%d9%83%d8%ab%d9%81-%d9%84%d9%84%d8%a7%d8%b3%d9%84%d8%ad%d8%a9-%d8%a7%d9%84%d9%85%d8%ad%d8%b8%d9%88%d8%b1%d8%a9-%d9%81%d9%8a\/"},"author":{"name":"scmadmin","@id":"https:\/\/scm.bz\/#\/schema\/person\/d116d4c43d9f3d4fe4b61619e91ead45"},"headline":"Bikaran\u00eena \u201c\u00c7ek\u00ean Qedexekir\u00ee\u201d bi awayek\u00ee dijwar\u00ee li S\u00fbr\u00ee","datePublished":"2021-04-02T08:38:29+00:00","mainEntityOfPage":{"@id":"https:\/\/scm.bz\/%d8%a7%d9%84%d8%a7%d8%b3%d8%aa%d8%ae%d8%af%d8%a7%d9%85-%d8%a7%d9%84%d9%85%d9%83%d8%ab%d9%81-%d9%84%d9%84%d8%a7%d8%b3%d9%84%d8%ad%d8%a9-%d8%a7%d9%84%d9%85%d8%ad%d8%b8%d9%88%d8%b1%d8%a9-%d9%81%d9%8a\/"},"wordCount":508,"publisher":{"@id":"https:\/\/scm.bz\/#organization"},"image":{"@id":"https:\/\/scm.bz\/%d8%a7%d9%84%d8%a7%d8%b3%d8%aa%d8%ae%d8%af%d8%a7%d9%85-%d8%a7%d9%84%d9%85%d9%83%d8%ab%d9%81-%d9%84%d9%84%d8%a7%d8%b3%d9%84%d8%ad%d8%a9-%d8%a7%d9%84%d9%85%d8%ad%d8%b8%d9%88%d8%b1%d8%a9-%d9%81%d9%8a\/#primaryimage"},"thumbnailUrl":"https:\/\/scm.bz\/wp-content\/uploads\/2021\/04\/Report-Photo.png","articleSection":["Rewangeha Binp\u00eakirinan","Xwendin\u00ean SCM\u00ea"],"inLanguage":"kmr"},{"@type":"WebPage","@id":"https:\/\/scm.bz\/%d8%a7%d9%84%d8%a7%d8%b3%d8%aa%d8%ae%d8%af%d8%a7%d9%85-%d8%a7%d9%84%d9%85%d9%83%d8%ab%d9%81-%d9%84%d9%84%d8%a7%d8%b3%d9%84%d8%ad%d8%a9-%d8%a7%d9%84%d9%85%d8%ad%d8%b8%d9%88%d8%b1%d8%a9-%d9%81%d9%8a\/","url":"https:\/\/scm.bz\/%d8%a7%d9%84%d8%a7%d8%b3%d8%aa%d8%ae%d8%af%d8%a7%d9%85-%d8%a7%d9%84%d9%85%d9%83%d8%ab%d9%81-%d9%84%d9%84%d8%a7%d8%b3%d9%84%d8%ad%d8%a9-%d8%a7%d9%84%d9%85%d8%ad%d8%b8%d9%88%d8%b1%d8%a9-%d9%81%d9%8a\/","name":"Bikaran\u00eena \u201c\u00c7ek\u00ean Qedexekir\u00ee\u201d bi awayek\u00ee dijwar\u00ee li S\u00fbr\u00ee - \u0627\u0644\u0645\u0631\u0643\u0632 \u0627\u0644\u0633\u0648\u0631\u064a \u0644\u0644\u0625\u0639\u0644\u0627\u0645 \u0648\u062d\u0631\u064a\u0629 \u0627\u0644\u062a\u0639\u0628\u064a\u0631 Syrian Center for Media and Freedom of Expression","isPartOf":{"@id":"https:\/\/scm.bz\/#website"},"primaryImageOfPage":{"@id":"https:\/\/scm.bz\/%d8%a7%d9%84%d8%a7%d8%b3%d8%aa%d8%ae%d8%af%d8%a7%d9%85-%d8%a7%d9%84%d9%85%d9%83%d8%ab%d9%81-%d9%84%d9%84%d8%a7%d8%b3%d9%84%d8%ad%d8%a9-%d8%a7%d9%84%d9%85%d8%ad%d8%b8%d9%88%d8%b1%d8%a9-%d9%81%d9%8a\/#primaryimage"},"image":{"@id":"https:\/\/scm.bz\/%d8%a7%d9%84%d8%a7%d8%b3%d8%aa%d8%ae%d8%af%d8%a7%d9%85-%d8%a7%d9%84%d9%85%d9%83%d8%ab%d9%81-%d9%84%d9%84%d8%a7%d8%b3%d9%84%d8%ad%d8%a9-%d8%a7%d9%84%d9%85%d8%ad%d8%b8%d9%88%d8%b1%d8%a9-%d9%81%d9%8a\/#primaryimage"},"thumbnailUrl":"https:\/\/scm.bz\/wp-content\/uploads\/2021\/04\/Report-Photo.png","datePublished":"2021-04-02T08:38:29+00:00","description":"%","breadcrumb":{"@id":"https:\/\/scm.bz\/%d8%a7%d9%84%d8%a7%d8%b3%d8%aa%d8%ae%d8%af%d8%a7%d9%85-%d8%a7%d9%84%d9%85%d9%83%d8%ab%d9%81-%d9%84%d9%84%d8%a7%d8%b3%d9%84%d8%ad%d8%a9-%d8%a7%d9%84%d9%85%d8%ad%d8%b8%d9%88%d8%b1%d8%a9-%d9%81%d9%8a\/#breadcrumb"},"inLanguage":"kmr","potentialAction":[{"@type":"ReadAction","target":["https:\/\/scm.bz\/%d8%a7%d9%84%d8%a7%d8%b3%d8%aa%d8%ae%d8%af%d8%a7%d9%85-%d8%a7%d9%84%d9%85%d9%83%d8%ab%d9%81-%d9%84%d9%84%d8%a7%d8%b3%d9%84%d8%ad%d8%a9-%d8%a7%d9%84%d9%85%d8%ad%d8%b8%d9%88%d8%b1%d8%a9-%d9%81%d9%8a\/"]}]},{"@type":"ImageObject","inLanguage":"kmr","@id":"https:\/\/scm.bz\/%d8%a7%d9%84%d8%a7%d8%b3%d8%aa%d8%ae%d8%af%d8%a7%d9%85-%d8%a7%d9%84%d9%85%d9%83%d8%ab%d9%81-%d9%84%d9%84%d8%a7%d8%b3%d9%84%d8%ad%d8%a9-%d8%a7%d9%84%d9%85%d8%ad%d8%b8%d9%88%d8%b1%d8%a9-%d9%81%d9%8a\/#primaryimage","url":"https:\/\/scm.bz\/wp-content\/uploads\/2021\/04\/Report-Photo.png","contentUrl":"https:\/\/scm.bz\/wp-content\/uploads\/2021\/04\/Report-Photo.png","width":1280,"height":853},{"@type":"BreadcrumbList","@id":"https:\/\/scm.bz\/%d8%a7%d9%84%d8%a7%d8%b3%d8%aa%d8%ae%d8%af%d8%a7%d9%85-%d8%a7%d9%84%d9%85%d9%83%d8%ab%d9%81-%d9%84%d9%84%d8%a7%d8%b3%d9%84%d8%ad%d8%a9-%d8%a7%d9%84%d9%85%d8%ad%d8%b8%d9%88%d8%b1%d8%a9-%d9%81%d9%8a\/#breadcrumb","itemListElement":[{"@type":"ListItem","position":1,"name":"Home","item":"https:\/\/scm.bz\/kmr\/"},{"@type":"ListItem","position":2,"name":"Bikaran\u00eena \u201c\u00c7ek\u00ean Qedexekir\u00ee\u201d bi awayek\u00ee dijwar\u00ee li S\u00fbr\u00ee"}]},{"@type":"WebSite","@id":"https:\/\/scm.bz\/#website","url":"https:\/\/scm.bz\/","name":"\u0627\u0644\u0645\u0631\u0643\u0632 \u0627\u0644\u0633\u0648\u0631\u064a \u0644\u0644\u0625\u0639\u0644\u0627\u0645 \u0648\u062d\u0631\u064a\u0629 \u0627\u0644\u062a\u0639\u0628\u064a\u0631 Syrian Center for Media and Freedom of Expression","description":"","publisher":{"@id":"https:\/\/scm.bz\/#organization"},"potentialAction":[{"@type":"SearchAction","target":{"@type":"EntryPoint","urlTemplate":"https:\/\/scm.bz\/?s={search_term_string}"},"query-input":{"@type":"PropertyValueSpecification","valueRequired":true,"valueName":"search_term_string"}}],"inLanguage":"kmr"},{"@type":"Organization","@id":"https:\/\/scm.bz\/#organization","name":"\u0627\u0644\u0645\u0631\u0643\u0632 \u0627\u0644\u0633\u0648\u0631\u064a \u0644\u0644\u0625\u0639\u0644\u0627\u0645 \u0648\u062d\u0631\u064a\u0629 \u0627\u0644\u062a\u0639\u0628\u064a\u0631 Syrian Center for Media and Freedom of Expression","url":"https:\/\/scm.bz\/","logo":{"@type":"ImageObject","inLanguage":"kmr","@id":"https:\/\/scm.bz\/#\/schema\/logo\/image\/","url":"http:\/\/scm.bz\/wp-content\/uploads\/2021\/01\/SCM-logo-1-with-Clear-Space-1-2.png","contentUrl":"http:\/\/scm.bz\/wp-content\/uploads\/2021\/01\/SCM-logo-1-with-Clear-Space-1-2.png","width":1450,"height":1450,"caption":"\u0627\u0644\u0645\u0631\u0643\u0632 \u0627\u0644\u0633\u0648\u0631\u064a \u0644\u0644\u0625\u0639\u0644\u0627\u0645 \u0648\u062d\u0631\u064a\u0629 \u0627\u0644\u062a\u0639\u0628\u064a\u0631 Syrian Center for Media and Freedom of Expression"},"image":{"@id":"https:\/\/scm.bz\/#\/schema\/logo\/image\/"},"sameAs":["https:\/\/www.facebook.com\/scm.center","https:\/\/x.com\/SyrianCenter"]},{"@type":"Person","@id":"https:\/\/scm.bz\/#\/schema\/person\/d116d4c43d9f3d4fe4b61619e91ead45","name":"scmadmin","image":{"@type":"ImageObject","inLanguage":"kmr","@id":"https:\/\/scm.bz\/#\/schema\/person\/image\/","url":"https:\/\/secure.gravatar.com\/avatar\/8cb2b559549de2ba5e28f5d26e15c8f315b5dd63c953e348e6769ae2e88e3cdc?s=96&d=blank&r=g","contentUrl":"https:\/\/secure.gravatar.com\/avatar\/8cb2b559549de2ba5e28f5d26e15c8f315b5dd63c953e348e6769ae2e88e3cdc?s=96&d=blank&r=g","caption":"scmadmin"},"url":"https:\/\/scm.bz\/kmr\/author\/scmadmin\/"}]}},"_links":{"self":[{"href":"https:\/\/scm.bz\/kmr\/wp-json\/wp\/v2\/posts\/192130","targetHints":{"allow":["GET"]}}],"collection":[{"href":"https:\/\/scm.bz\/kmr\/wp-json\/wp\/v2\/posts"}],"about":[{"href":"https:\/\/scm.bz\/kmr\/wp-json\/wp\/v2\/types\/post"}],"author":[{"embeddable":true,"href":"https:\/\/scm.bz\/kmr\/wp-json\/wp\/v2\/users\/24"}],"replies":[{"embeddable":true,"href":"https:\/\/scm.bz\/kmr\/wp-json\/wp\/v2\/comments?post=192130"}],"version-history":[{"count":0,"href":"https:\/\/scm.bz\/kmr\/wp-json\/wp\/v2\/posts\/192130\/revisions"}],"wp:featuredmedia":[{"embeddable":true,"href":"https:\/\/scm.bz\/kmr\/wp-json\/wp\/v2\/media\/192125"}],"wp:attachment":[{"href":"https:\/\/scm.bz\/kmr\/wp-json\/wp\/v2\/media?parent=192130"}],"wp:term":[{"taxonomy":"category","embeddable":true,"href":"https:\/\/scm.bz\/kmr\/wp-json\/wp\/v2\/categories?post=192130"},{"taxonomy":"post_tag","embeddable":true,"href":"https:\/\/scm.bz\/kmr\/wp-json\/wp\/v2\/tags?post=192130"}],"curies":[{"name":"wp","href":"https:\/\/api.w.org\/{rel}","templated":true}]}}