{"id":192038,"date":"2021-03-15T07:55:35","date_gmt":"2021-03-15T05:55:35","guid":{"rendered":"https:\/\/scm.bz?p=192038"},"modified":"2021-03-15T07:55:35","modified_gmt":"2021-03-15T05:55:35","slug":"dozek-dadweri-behempa-gilyek-sizayi-li-moskova-li-diji-cekdaren-kompaniya-vagnere-pmc-wagnere-li-ser-nave-ziyanditiyek-suri","status":"publish","type":"post","link":"https:\/\/scm.bz\/kmr\/dozek-dadweri-behempa-gilyek-sizayi-li-moskova-li-diji-cekdaren-kompaniya-vagnere-pmc-wagnere-li-ser-nave-ziyanditiyek-suri\/","title":{"rendered":"Dozek Dadwer\u00ee b\u00eahempa, Gilyek Sizay\u00ee li Moskova li dij\u00ee \u00e7ekdar\u00ean Kompaniya Vagner\u00ea (PMC Wagner)\u00ea, li ser nav\u00ea ziyand\u00eetiyek S\u00fbr\u00ee"},"content":{"rendered":"<p style=\"direction: ltr;\"><span style=\"font-weight: 400;\">Par\u00ees\/ \u015eama Paytext\/ Moskova: di 2017 da li par\u00eazgeha Homs\u00ea, welatiyek S\u00fbr\u00ee\u00a0 li ser dest\u00ea \u015fe\u015f endam\u00ean kompaniya Vagner, bi hovana hatib\u00fb e\u015fkence kirin \u00fb ku\u015fti, roja P\u00eanc\u015eema rabh\u00fbr\u00ee, yekek ji malbata ziyand\u00eet\u00ee,\u00a0 gazindeya dozeke dadwer\u00ee li Moskova hatp\u00ea\u015fk\u00ea\u015fkirin, ku ji aliy\u00ea aliy\u00ea Navenda S\u00fbr\u00eeyay\u00ee ya Ragihandin\u00ea \u00fb Azad\u00eeya Derbir\u00een\u00ea (SCM) digel Fedraliya Navdewlet\u00ee bo Maf\u00ean Mirovan (FIDH) \u00fb M\u00eemorala Navdewlet\u00ee hat hesan\u00eekirin, bo destp\u00eakirina l\u00eapirs\u00een\u00ea\u00a0 li dij\u00ee\u00a0 \u00e7ekdar\u00ean ji\u00a0 kompaniyek taybet ya bi nav\u00ea Vagner\u00ea (PMC Wagne)ya kar\u00fbbar\u00ean awlekariy\u00ee y\u00ea.<\/span><\/p>\n<p style=\"direction: ltr;\"><span style=\"font-weight: 400;\">\u00celiya Nov\u00eekov \u00fb Pitir Zaikin, par\u00eazer\u00ean ku ji aliy\u00ea\u00a0 Navenda S\u00fbr\u00eeyay\u00ee ya Ragihandin\u00ea \u00fb Azad\u00eeya Derbir\u00een\u00ea (SCM) digel Fedraliya Navdewlet\u00ee bo Maf\u00ean Mirovan (FIDH) \u00fb M\u00eemorala Navdewlet\u00ee hatine destn\u00ea\u015fan kirin, bo n\u00fbnertiya biray\u00ea ziyand\u00eet\u00ee Mihemed A.<\/span><\/p>\n<p style=\"direction: ltr;\"><span style=\"font-weight: 400;\">Ev hewldan p\u00eangava yekem\u00een e ku ji aliy\u00ea malbata ziyand\u00eetiy\u00ea S\u00fbr\u00ee bo l\u00eapirs\u00eena ew r\u00fbsiy\u00ean gumanl\u00eakir\u00ee li ser ew tawan\u00ean dijiwar y\u00ean ku li S\u00fbriya y\u00ea p\u00eakan\u00eena, gazinde daxwaz dike ku dozek b\u00ea li darxistin li ser bingha tawana ku\u015ftin\u00ea, ku bi e\u015fkencekirin\u00ea hat kirin, \u00fb l\u00eapirs\u00een b\u00ea kirin li ser reftar\u00ean wan kesan ku wek tawan\u00ean \u015fer t\u00ean naskirin, \u00fb gil\u00ee hewl dide ku l\u00eapirs\u00een b\u00ea kirin daku berpirsatiya gumal\u00eakeran destn\u00ee\u015fan bibe.\u00a0<\/span><\/p>\n<p style=\"direction: ltr;\"><span style=\"font-weight: 400;\">\u00celiya Nov\u00eekov, yekek ji par\u00eazkar\u00ea dozdar dib\u00eaje: <\/span><b>\u201cYasaya R\u00fbs\u00ee diyar dike ku dewlet bapenda li ser l\u00eapirs\u00een\u00ea derbar\u00ea ew tawan\u00ean ku hemwelatiy\u00ean r\u00fbsiya y\u00ea li derve dikin bike. L\u00ea ta niha kom\u00eeta l\u00eapirs\u00een\u00ea derbar\u00ea Tawana destn\u00ee\u015fankirin\u00ea \u00e7i l\u00eapirs\u00een destp\u00ea nekiriya, tev\u00ee ku tevahiya zazniyariy\u00ean p\u00eawist derbar\u00ea doze p\u00ea\u015fk\u00ea\u015f\u00ee aliy\u00ean peywend\u00eedar y\u00ean r\u00fbs\u00ee hatine kirin ji heyama salek\u00ea va.\u201d<\/b><\/p>\n<p style=\"direction: ltr;\"><b>\u201cEw gazinda ku ji aliy\u00ea kompaniya Noveya Gaz\u00eeta hatib\u00fb p\u00ea\u015fk\u00ea\u015fkirin hat ji b\u00eerkirin\u201d <\/b><span style=\"font-weight: 400;\">wek Alexander T\u00e7\u00eerkasov, ji Mimoral dib\u00eaje<\/span><b>:<\/b><span style=\"font-weight: 400;\">\u00a0 \u201c<\/span><b>V\u00ea li me kir, wek par\u00eazkar\u00ean maf\u00ean microvan, em ber\u00ee xwe bidin berpirs\u00ean l\u00eapirs\u00een\u00ea y\u00ean r\u00fbs. Di rast\u00ee da, ev yek d\u00fbbarkirina ber\u00ee 20 salan e, ku \u00e7i l\u00eapirs\u00een nehat kirin di ew halet\u00ean e\u015fkencekirin\u00ea \u00fb wendakirin\u00ea \u00fb darvekirin\u00ea da ku li bak\u00fbr\u00ea Kekasiya hatin kirin, \u00fb em \u00eero carek din dib\u00eenin.\u201d<\/b><\/p>\n<p style=\"direction: ltr;\"><span style=\"font-weight: 400;\">Koma Vagner bi tevahiya xwe ji welatiy\u00ean r\u00fbs\u00ee p\u00eak t\u00ea ku ew li j\u00ear kontrola Fedraliya R\u00fbs\u00eeyay\u00ea da ne, ji heyama \u00e7end salan va, \u00e7alak b\u00fb di opersiyon\u00ean le\u015fker\u00ee da li \u00e7end welatan da, wek S\u00fbriay y\u00ea, \u00fb \u00e7end\u00een rapor belav b\u00fbn derbar\u00ee binp\u00eakirin\u00ean w\u00ea li dij\u00ee kes\u00ean siv\u00eel, \u00fb bi karan\u00eena zordariya b\u00ea s\u00eenor.\u00a0 Away\u00ea yasay\u00ee ya nezelal y\u00ea koma Vagner li gor yasaya r\u00fbs\u00ee wiha dike ku ew peywendiy\u00ean rasteq\u00eena di gel rayader\u00ean r\u00fbs\u00ee da redbike, ku ew j\u00ee awayek ji berpirsiyata xwe ji aw tawan\u00ean navdewlet\u00ee ya R\u00fbsiyay\u00ea bi reve.<\/span><\/p>\n<p style=\"direction: ltr;\"><span style=\"font-weight: 400;\">Derbar\u00ea v\u00ea yek\u00ea, Maizn Derw\u00ee\u015f r\u00eaveber\u00ea gi\u015ft\u00ee y\u00ea Navenda S\u00fbr\u00eeyay\u00ee ya Ragihandin\u00ea \u00fb Azad\u00eeya Derbir\u00een\u00ea dib\u00eaje: <\/span><b>\u201cDibe R\u00fbsiya\u00a0 berpirsiyatiya xwe ya yasay\u00ee \u00fb ya exlaq\u00ee derbar\u00ea binp\u00eakirin ku art\u00ea\u015fa w\u00ea \u00fb kompaniy\u00ean gir\u00eaday\u00ee w\u00ea wek kompaniya Vagner li xwe bigre- tev\u00ee ku em zanin aloziyek \u00fb tevl\u00eehev\u00eek heye di peywendiy\u00ean ab\u00fbr\u00ee \u00fb siyas\u00ee da digel kompaniy\u00ean wiha da- l\u00ea nab\u00ea bi \u00e7i away\u00ee dan\u00fbstandin digel xw\u00eena s\u00fbriyan da bibe bi arzan\u00ee yan j\u00ee wek ziyan\u00ean b\u00ea hacet.\u201d<\/b><\/p>\n<p style=\"direction: ltr;\"><span style=\"font-weight: 400;\">Her s\u00ea r\u00eaxistinan belgey\u00ean diyar p\u00ea\u015fk\u00ea\u015fdikin derbar\u00ee nasnameya yekek ji g\u00fbmanl\u00eakeran \u00fb gir\u00eadana w\u00ee bi\u00a0 kompaniya Vagner va, Ku malbata ziyandt\u00ee Mihemed. A, ya ku ji S\u00fbriya y\u00ea ko\u00e7eberb\u00fbb\u00fbn, peywend\u00ee di gel da wenda kirb\u00fbn pi\u015ft\u00ee demek\u00ea ji vegera w\u00ee ji Libnan\u00ea bo S\u00fbriya y\u00ea di Bihara 2017an da, ku ji aliy\u00ea le\u015fker\u00ea S\u00fbriyay\u00ea va hat destgirtin ta w\u00eaney\u00ean vediyoy\u00ee belav b\u00fbn li ser ragihandin\u00ean s\u00fbr\u00ee \u00fb r\u00fbs\u00ee t\u00ea da diyar dibe ku ew hatiye a\u015fkencekirin \u00fb la\u015f\u00ea w\u00ee ziyan hatiye p\u00eakirin<\/span><\/p>\n<p style=\"direction: ltr;\"><span style=\"font-weight: 400;\">Di v\u00ee war\u00ee da, \u00caliya Nozov, r\u00eaveber\u00ea niv\u00eesengeha Ewr\u00fbpa Rojhilat \u00fb Asiya Naverast di Federaliya Navdewlet\u00ee ya Maf\u00ean Mirovan da, dib\u00eaje: <\/span><b>\u201cev gazinde ne ten\u00ea gavek giringe derbar\u00ea parstina awak\u00ee sade ji edalet\u00ea bo malbata ziyanp\u00eaket\u00ee ji v\u00ea tawana hovana, l\u00ea bel\u00ea r\u00ea vedike bo dadgehkirina R\u00fbsiya y\u00ea wek berpirs li ser van tawanan \u00fb tawan\u00ean din y\u00ean ku h\u00eaz\u00ean w\u00ea dikin li derve welat\u00ea w\u00ea, ku wek dewlet ji berpirs\u00eeyat\u00ee d\u00fbrnakve dema ew alav\u00ean din bikart\u00eane di p\u00eakan\u00eena tund\u00fbt\u00fbj\u00eey\u00ea da wek koma Vagner\u201d.\u00a0<\/b><\/p>\n<p style=\"direction: ltr;\"><span style=\"font-weight: 400;\">Heb\u00fbna R\u00fbsiya y\u00ea wek endam\u00ea herdem di Enc\u00fbmena Ewlehiy\u00ea da wiha dike berpirsatiya w\u00ea d\u00fbqat be derbar\u00ea tawan\u00ean ku t\u00ean kirin ji aliy\u00ea yek\u00eeniy\u00ean le\u015fker\u00ee \u00e7\u00ea y\u00ea gir\u00eaday\u00ee w\u00ea yan y\u00ee ew kompaniy\u00ean ji aliy\u00ean w\u00ea va di xebitin, ji heyama 10 salan va\u00a0 ji \u015fer\u00ea S\u00fbriyay\u00ea, \u00fb ji heyama p\u00eanc salan va,\u00a0 ji tevl\u00eeb\u00fbna h\u00eaz\u00ean art\u00ea\u015fa R\u00fbsiya y\u00ea bi awak\u00ee a\u015fkere di S\u00fbriya y\u00ea da, R\u00fbsiya y\u00ea bi dehan caran maf\u00ea VETO y\u00ea bi karan\u00eeye li dij\u00ee \u00e7i biriyar li dij\u00ee l\u00eapirs\u00eena hik\u00fbmeta S\u00fbriyay\u00ea ji aliy\u00ean saziy\u00ean navdewlet\u00ee va.\u00a0<\/span><\/p>\n<p style=\"direction: ltr;\"><span style=\"font-weight: 400;\">Kil\u00eamans B\u00eakart, kord\u00eenatora gri\u00fbpa kar\u00fbbar\u00ea dadwer\u00ee ya gir\u00eaday\u00ee bi<\/span><b>\u00a0 <\/b><span style=\"font-weight: 400;\">Federaliya Navdewlet\u00ee ya Maf\u00ean Mirovan <\/span><b>\u201cHer s\u00ea r\u00eaxistinan ji deh mehan ve xebat \u00fb amadekariyan dikin bo bo amadekariya dozek\u00ea daku p\u00ea\u015fk\u00ea\u015f bikin bo dadweriya R\u00fbs\u00ee, ku \u00e7end\u00een belge hatin komkirin daku ew kes\u00ean gumanl\u00eakir\u00ee berpirsbin li ser tawana ku kirine, \u00fb d\u00ea berdewam bin di xebat\u00ean xwe da, di r\u00eaya hem\u00fb away\u00ean kar y\u00ean dadwer\u00ee ta edalet cih\u00ea xwe bigre.\u201d<\/b><\/p>\n","protected":false},"excerpt":{"rendered":"<p>Par\u00ees\/ \u015eama Paytext\/ Moskova: di 2017 da li par\u00eazgeha Homs\u00ea, welatiyek S\u00fbr\u00ee\u00a0 li ser dest\u00ea \u015fe\u015f endam\u00ean kompaniya Vagner, bi hovana hatib\u00fb e\u015fkence kirin \u00fb ku\u015fti, roja P\u00eanc\u015eema rabh\u00fbr\u00ee, yekek ji malbata ziyand\u00eet\u00ee,\u00a0 gazindeya dozeke dadwer\u00ee li Moskova hatp\u00ea\u015fk\u00ea\u015fkirin, ku ji aliy\u00ea aliy\u00ea Navenda S\u00fbr\u00eeyay\u00ee ya Ragihandin\u00ea \u00fb Azad\u00eeya Derbir\u00een\u00ea (SCM) digel Fedraliya Navdewlet\u00ee bo [&hellip;]<\/p>\n","protected":false},"author":24,"featured_media":192035,"comment_status":"closed","ping_status":"open","sticky":false,"template":"","format":"standard","meta":{"_acf_changed":false,"footnotes":""},"categories":[328,369],"tags":[],"class_list":["post-192038","post","type-post","status-publish","format-standard","has-post-thumbnail","hentry","category-statements-kmr","category-rotator-kmr","post-wrapper"],"acf":[],"yoast_head":"<!-- This site is optimized with the Yoast SEO Premium plugin v20.6 (Yoast SEO v26.5) - https:\/\/yoast.com\/wordpress\/plugins\/seo\/ -->\n<title>Dozek Dadwer\u00ee b\u00eahempa, Gilyek Sizay\u00ee li Moskova li dij\u00ee \u00e7ekdar\u00ean Kompaniya Vagner\u00ea (PMC Wagner)\u00ea, li ser nav\u00ea ziyand\u00eetiyek S\u00fbr\u00ee - \u0627\u0644\u0645\u0631\u0643\u0632 \u0627\u0644\u0633\u0648\u0631\u064a \u0644\u0644\u0625\u0639\u0644\u0627\u0645 \u0648\u062d\u0631\u064a\u0629 \u0627\u0644\u062a\u0639\u0628\u064a\u0631 Syrian Center for Media and Freedom of Expression<\/title>\n<meta name=\"description\" content=\"%\" \/>\n<meta name=\"robots\" content=\"index, follow, max-snippet:-1, max-image-preview:large, max-video-preview:-1\" \/>\n<link rel=\"canonical\" href=\"https:\/\/scm.bz\/kmr\/dozek-dadweri-behempa-gilyek-sizayi-li-moskova-li-diji-cekdaren-kompaniya-vagnere-pmc-wagnere-li-ser-nave-ziyanditiyek-suri\/\" \/>\n<meta property=\"og:locale\" content=\"en_US\" \/>\n<meta property=\"og:type\" content=\"article\" \/>\n<meta property=\"og:title\" content=\"Dozek Dadwer\u00ee b\u00eahempa, Gilyek Sizay\u00ee li Moskova li dij\u00ee \u00e7ekdar\u00ean Kompaniya Vagner\u00ea (PMC Wagner)\u00ea, li ser nav\u00ea ziyand\u00eetiyek S\u00fbr\u00ee\" \/>\n<meta property=\"og:description\" content=\"%\" \/>\n<meta property=\"og:url\" content=\"https:\/\/scm.bz\/kmr\/dozek-dadweri-behempa-gilyek-sizayi-li-moskova-li-diji-cekdaren-kompaniya-vagnere-pmc-wagnere-li-ser-nave-ziyanditiyek-suri\/\" \/>\n<meta property=\"og:site_name\" content=\"\u0627\u0644\u0645\u0631\u0643\u0632 \u0627\u0644\u0633\u0648\u0631\u064a \u0644\u0644\u0625\u0639\u0644\u0627\u0645 \u0648\u062d\u0631\u064a\u0629 \u0627\u0644\u062a\u0639\u0628\u064a\u0631 Syrian Center for Media and Freedom of Expression\" \/>\n<meta property=\"article:publisher\" content=\"https:\/\/www.facebook.com\/scm.center\" \/>\n<meta property=\"article:published_time\" content=\"2021-03-15T05:55:35+00:00\" \/>\n<meta property=\"og:image\" content=\"http:\/\/scm.bz\/wp-content\/uploads\/2021\/03\/Wagner_Header_03.jpg\" \/>\n\t<meta property=\"og:image:width\" content=\"1200\" \/>\n\t<meta property=\"og:image:height\" content=\"630\" \/>\n\t<meta property=\"og:image:type\" content=\"image\/jpeg\" \/>\n<meta name=\"author\" content=\"scmadmin\" \/>\n<meta name=\"twitter:card\" content=\"summary_large_image\" \/>\n<meta name=\"twitter:creator\" content=\"@SyrianCenter\" \/>\n<meta name=\"twitter:site\" content=\"@SyrianCenter\" \/>\n<meta name=\"twitter:label1\" content=\"Written by\" \/>\n\t<meta name=\"twitter:data1\" content=\"scmadmin\" \/>\n\t<meta name=\"twitter:label2\" content=\"Est. reading time\" \/>\n\t<meta name=\"twitter:data2\" content=\"5 minutes\" \/>\n<script type=\"application\/ld+json\" class=\"yoast-schema-graph\">{\"@context\":\"https:\/\/schema.org\",\"@graph\":[{\"@type\":\"Article\",\"@id\":\"https:\/\/scm.bz\/kmr\/dozek-dadweri-behempa-gilyek-sizayi-li-moskova-li-diji-cekdaren-kompaniya-vagnere-pmc-wagnere-li-ser-nave-ziyanditiyek-suri\/#article\",\"isPartOf\":{\"@id\":\"https:\/\/scm.bz\/kmr\/dozek-dadweri-behempa-gilyek-sizayi-li-moskova-li-diji-cekdaren-kompaniya-vagnere-pmc-wagnere-li-ser-nave-ziyanditiyek-suri\/\"},\"author\":{\"name\":\"scmadmin\",\"@id\":\"https:\/\/scm.bz\/#\/schema\/person\/d116d4c43d9f3d4fe4b61619e91ead45\"},\"headline\":\"Dozek Dadwer\u00ee b\u00eahempa, Gilyek Sizay\u00ee li Moskova li dij\u00ee \u00e7ekdar\u00ean Kompaniya Vagner\u00ea (PMC Wagner)\u00ea, li ser nav\u00ea ziyand\u00eetiyek S\u00fbr\u00ee\",\"datePublished\":\"2021-03-15T05:55:35+00:00\",\"mainEntityOfPage\":{\"@id\":\"https:\/\/scm.bz\/kmr\/dozek-dadweri-behempa-gilyek-sizayi-li-moskova-li-diji-cekdaren-kompaniya-vagnere-pmc-wagnere-li-ser-nave-ziyanditiyek-suri\/\"},\"wordCount\":1050,\"publisher\":{\"@id\":\"https:\/\/scm.bz\/#organization\"},\"image\":{\"@id\":\"https:\/\/scm.bz\/kmr\/dozek-dadweri-behempa-gilyek-sizayi-li-moskova-li-diji-cekdaren-kompaniya-vagnere-pmc-wagnere-li-ser-nave-ziyanditiyek-suri\/#primaryimage\"},\"thumbnailUrl\":\"https:\/\/scm.bz\/wp-content\/uploads\/2021\/03\/Wagner_Header_03.jpg\",\"articleSection\":[\"Beyannamey\u00ean SCM\u00ea\",\"Rotator\"],\"inLanguage\":\"kmr\"},{\"@type\":\"WebPage\",\"@id\":\"https:\/\/scm.bz\/kmr\/dozek-dadweri-behempa-gilyek-sizayi-li-moskova-li-diji-cekdaren-kompaniya-vagnere-pmc-wagnere-li-ser-nave-ziyanditiyek-suri\/\",\"url\":\"https:\/\/scm.bz\/kmr\/dozek-dadweri-behempa-gilyek-sizayi-li-moskova-li-diji-cekdaren-kompaniya-vagnere-pmc-wagnere-li-ser-nave-ziyanditiyek-suri\/\",\"name\":\"Dozek Dadwer\u00ee b\u00eahempa, Gilyek Sizay\u00ee li Moskova li dij\u00ee \u00e7ekdar\u00ean Kompaniya Vagner\u00ea (PMC Wagner)\u00ea, li ser nav\u00ea ziyand\u00eetiyek S\u00fbr\u00ee - \u0627\u0644\u0645\u0631\u0643\u0632 \u0627\u0644\u0633\u0648\u0631\u064a \u0644\u0644\u0625\u0639\u0644\u0627\u0645 \u0648\u062d\u0631\u064a\u0629 \u0627\u0644\u062a\u0639\u0628\u064a\u0631 Syrian Center for Media and Freedom of Expression\",\"isPartOf\":{\"@id\":\"https:\/\/scm.bz\/#website\"},\"primaryImageOfPage\":{\"@id\":\"https:\/\/scm.bz\/kmr\/dozek-dadweri-behempa-gilyek-sizayi-li-moskova-li-diji-cekdaren-kompaniya-vagnere-pmc-wagnere-li-ser-nave-ziyanditiyek-suri\/#primaryimage\"},\"image\":{\"@id\":\"https:\/\/scm.bz\/kmr\/dozek-dadweri-behempa-gilyek-sizayi-li-moskova-li-diji-cekdaren-kompaniya-vagnere-pmc-wagnere-li-ser-nave-ziyanditiyek-suri\/#primaryimage\"},\"thumbnailUrl\":\"https:\/\/scm.bz\/wp-content\/uploads\/2021\/03\/Wagner_Header_03.jpg\",\"datePublished\":\"2021-03-15T05:55:35+00:00\",\"description\":\"%\",\"breadcrumb\":{\"@id\":\"https:\/\/scm.bz\/kmr\/dozek-dadweri-behempa-gilyek-sizayi-li-moskova-li-diji-cekdaren-kompaniya-vagnere-pmc-wagnere-li-ser-nave-ziyanditiyek-suri\/#breadcrumb\"},\"inLanguage\":\"kmr\",\"potentialAction\":[{\"@type\":\"ReadAction\",\"target\":[\"https:\/\/scm.bz\/kmr\/dozek-dadweri-behempa-gilyek-sizayi-li-moskova-li-diji-cekdaren-kompaniya-vagnere-pmc-wagnere-li-ser-nave-ziyanditiyek-suri\/\"]}]},{\"@type\":\"ImageObject\",\"inLanguage\":\"kmr\",\"@id\":\"https:\/\/scm.bz\/kmr\/dozek-dadweri-behempa-gilyek-sizayi-li-moskova-li-diji-cekdaren-kompaniya-vagnere-pmc-wagnere-li-ser-nave-ziyanditiyek-suri\/#primaryimage\",\"url\":\"https:\/\/scm.bz\/wp-content\/uploads\/2021\/03\/Wagner_Header_03.jpg\",\"contentUrl\":\"https:\/\/scm.bz\/wp-content\/uploads\/2021\/03\/Wagner_Header_03.jpg\",\"width\":1200,\"height\":630},{\"@type\":\"BreadcrumbList\",\"@id\":\"https:\/\/scm.bz\/kmr\/dozek-dadweri-behempa-gilyek-sizayi-li-moskova-li-diji-cekdaren-kompaniya-vagnere-pmc-wagnere-li-ser-nave-ziyanditiyek-suri\/#breadcrumb\",\"itemListElement\":[{\"@type\":\"ListItem\",\"position\":1,\"name\":\"Home\",\"item\":\"https:\/\/scm.bz\/kmr\/\"},{\"@type\":\"ListItem\",\"position\":2,\"name\":\"Dozek Dadwer\u00ee b\u00eahempa, Gilyek Sizay\u00ee li Moskova li dij\u00ee \u00e7ekdar\u00ean Kompaniya Vagner\u00ea (PMC Wagner)\u00ea, li ser nav\u00ea ziyand\u00eetiyek S\u00fbr\u00ee\"}]},{\"@type\":\"WebSite\",\"@id\":\"https:\/\/scm.bz\/#website\",\"url\":\"https:\/\/scm.bz\/\",\"name\":\"\u0627\u0644\u0645\u0631\u0643\u0632 \u0627\u0644\u0633\u0648\u0631\u064a \u0644\u0644\u0625\u0639\u0644\u0627\u0645 \u0648\u062d\u0631\u064a\u0629 \u0627\u0644\u062a\u0639\u0628\u064a\u0631 Syrian Center for Media and Freedom of Expression\",\"description\":\"\",\"publisher\":{\"@id\":\"https:\/\/scm.bz\/#organization\"},\"potentialAction\":[{\"@type\":\"SearchAction\",\"target\":{\"@type\":\"EntryPoint\",\"urlTemplate\":\"https:\/\/scm.bz\/?s={search_term_string}\"},\"query-input\":{\"@type\":\"PropertyValueSpecification\",\"valueRequired\":true,\"valueName\":\"search_term_string\"}}],\"inLanguage\":\"kmr\"},{\"@type\":\"Organization\",\"@id\":\"https:\/\/scm.bz\/#organization\",\"name\":\"\u0627\u0644\u0645\u0631\u0643\u0632 \u0627\u0644\u0633\u0648\u0631\u064a \u0644\u0644\u0625\u0639\u0644\u0627\u0645 \u0648\u062d\u0631\u064a\u0629 \u0627\u0644\u062a\u0639\u0628\u064a\u0631 Syrian Center for Media and Freedom of Expression\",\"url\":\"https:\/\/scm.bz\/\",\"logo\":{\"@type\":\"ImageObject\",\"inLanguage\":\"kmr\",\"@id\":\"https:\/\/scm.bz\/#\/schema\/logo\/image\/\",\"url\":\"http:\/\/scm.bz\/wp-content\/uploads\/2021\/01\/SCM-logo-1-with-Clear-Space-1-2.png\",\"contentUrl\":\"http:\/\/scm.bz\/wp-content\/uploads\/2021\/01\/SCM-logo-1-with-Clear-Space-1-2.png\",\"width\":1450,\"height\":1450,\"caption\":\"\u0627\u0644\u0645\u0631\u0643\u0632 \u0627\u0644\u0633\u0648\u0631\u064a \u0644\u0644\u0625\u0639\u0644\u0627\u0645 \u0648\u062d\u0631\u064a\u0629 \u0627\u0644\u062a\u0639\u0628\u064a\u0631 Syrian Center for Media and Freedom of Expression\"},\"image\":{\"@id\":\"https:\/\/scm.bz\/#\/schema\/logo\/image\/\"},\"sameAs\":[\"https:\/\/www.facebook.com\/scm.center\",\"https:\/\/x.com\/SyrianCenter\"]},{\"@type\":\"Person\",\"@id\":\"https:\/\/scm.bz\/#\/schema\/person\/d116d4c43d9f3d4fe4b61619e91ead45\",\"name\":\"scmadmin\",\"image\":{\"@type\":\"ImageObject\",\"inLanguage\":\"kmr\",\"@id\":\"https:\/\/scm.bz\/#\/schema\/person\/image\/\",\"url\":\"https:\/\/secure.gravatar.com\/avatar\/8cb2b559549de2ba5e28f5d26e15c8f315b5dd63c953e348e6769ae2e88e3cdc?s=96&d=blank&r=g\",\"contentUrl\":\"https:\/\/secure.gravatar.com\/avatar\/8cb2b559549de2ba5e28f5d26e15c8f315b5dd63c953e348e6769ae2e88e3cdc?s=96&d=blank&r=g\",\"caption\":\"scmadmin\"},\"url\":\"https:\/\/scm.bz\/kmr\/author\/scmadmin\/\"}]}<\/script>\n<!-- \/ Yoast SEO Premium plugin. -->","yoast_head_json":{"title":"Dozek Dadwer\u00ee b\u00eahempa, Gilyek Sizay\u00ee li Moskova li dij\u00ee \u00e7ekdar\u00ean Kompaniya Vagner\u00ea (PMC Wagner)\u00ea, li ser nav\u00ea ziyand\u00eetiyek S\u00fbr\u00ee - \u0627\u0644\u0645\u0631\u0643\u0632 \u0627\u0644\u0633\u0648\u0631\u064a \u0644\u0644\u0625\u0639\u0644\u0627\u0645 \u0648\u062d\u0631\u064a\u0629 \u0627\u0644\u062a\u0639\u0628\u064a\u0631 Syrian Center for Media and Freedom of Expression","description":"%","robots":{"index":"index","follow":"follow","max-snippet":"max-snippet:-1","max-image-preview":"max-image-preview:large","max-video-preview":"max-video-preview:-1"},"canonical":"https:\/\/scm.bz\/kmr\/dozek-dadweri-behempa-gilyek-sizayi-li-moskova-li-diji-cekdaren-kompaniya-vagnere-pmc-wagnere-li-ser-nave-ziyanditiyek-suri\/","og_locale":"en_US","og_type":"article","og_title":"Dozek Dadwer\u00ee b\u00eahempa, Gilyek Sizay\u00ee li Moskova li dij\u00ee \u00e7ekdar\u00ean Kompaniya Vagner\u00ea (PMC Wagner)\u00ea, li ser nav\u00ea ziyand\u00eetiyek S\u00fbr\u00ee","og_description":"%","og_url":"https:\/\/scm.bz\/kmr\/dozek-dadweri-behempa-gilyek-sizayi-li-moskova-li-diji-cekdaren-kompaniya-vagnere-pmc-wagnere-li-ser-nave-ziyanditiyek-suri\/","og_site_name":"\u0627\u0644\u0645\u0631\u0643\u0632 \u0627\u0644\u0633\u0648\u0631\u064a \u0644\u0644\u0625\u0639\u0644\u0627\u0645 \u0648\u062d\u0631\u064a\u0629 \u0627\u0644\u062a\u0639\u0628\u064a\u0631 Syrian Center for Media and Freedom of Expression","article_publisher":"https:\/\/www.facebook.com\/scm.center","article_published_time":"2021-03-15T05:55:35+00:00","og_image":[{"width":1200,"height":630,"url":"http:\/\/scm.bz\/wp-content\/uploads\/2021\/03\/Wagner_Header_03.jpg","type":"image\/jpeg"}],"author":"scmadmin","twitter_card":"summary_large_image","twitter_creator":"@SyrianCenter","twitter_site":"@SyrianCenter","twitter_misc":{"Written by":"scmadmin","Est. reading time":"5 minutes"},"schema":{"@context":"https:\/\/schema.org","@graph":[{"@type":"Article","@id":"https:\/\/scm.bz\/kmr\/dozek-dadweri-behempa-gilyek-sizayi-li-moskova-li-diji-cekdaren-kompaniya-vagnere-pmc-wagnere-li-ser-nave-ziyanditiyek-suri\/#article","isPartOf":{"@id":"https:\/\/scm.bz\/kmr\/dozek-dadweri-behempa-gilyek-sizayi-li-moskova-li-diji-cekdaren-kompaniya-vagnere-pmc-wagnere-li-ser-nave-ziyanditiyek-suri\/"},"author":{"name":"scmadmin","@id":"https:\/\/scm.bz\/#\/schema\/person\/d116d4c43d9f3d4fe4b61619e91ead45"},"headline":"Dozek Dadwer\u00ee b\u00eahempa, Gilyek Sizay\u00ee li Moskova li dij\u00ee \u00e7ekdar\u00ean Kompaniya Vagner\u00ea (PMC Wagner)\u00ea, li ser nav\u00ea ziyand\u00eetiyek S\u00fbr\u00ee","datePublished":"2021-03-15T05:55:35+00:00","mainEntityOfPage":{"@id":"https:\/\/scm.bz\/kmr\/dozek-dadweri-behempa-gilyek-sizayi-li-moskova-li-diji-cekdaren-kompaniya-vagnere-pmc-wagnere-li-ser-nave-ziyanditiyek-suri\/"},"wordCount":1050,"publisher":{"@id":"https:\/\/scm.bz\/#organization"},"image":{"@id":"https:\/\/scm.bz\/kmr\/dozek-dadweri-behempa-gilyek-sizayi-li-moskova-li-diji-cekdaren-kompaniya-vagnere-pmc-wagnere-li-ser-nave-ziyanditiyek-suri\/#primaryimage"},"thumbnailUrl":"https:\/\/scm.bz\/wp-content\/uploads\/2021\/03\/Wagner_Header_03.jpg","articleSection":["Beyannamey\u00ean SCM\u00ea","Rotator"],"inLanguage":"kmr"},{"@type":"WebPage","@id":"https:\/\/scm.bz\/kmr\/dozek-dadweri-behempa-gilyek-sizayi-li-moskova-li-diji-cekdaren-kompaniya-vagnere-pmc-wagnere-li-ser-nave-ziyanditiyek-suri\/","url":"https:\/\/scm.bz\/kmr\/dozek-dadweri-behempa-gilyek-sizayi-li-moskova-li-diji-cekdaren-kompaniya-vagnere-pmc-wagnere-li-ser-nave-ziyanditiyek-suri\/","name":"Dozek Dadwer\u00ee b\u00eahempa, Gilyek Sizay\u00ee li Moskova li dij\u00ee \u00e7ekdar\u00ean Kompaniya Vagner\u00ea (PMC Wagner)\u00ea, li ser nav\u00ea ziyand\u00eetiyek S\u00fbr\u00ee - \u0627\u0644\u0645\u0631\u0643\u0632 \u0627\u0644\u0633\u0648\u0631\u064a \u0644\u0644\u0625\u0639\u0644\u0627\u0645 \u0648\u062d\u0631\u064a\u0629 \u0627\u0644\u062a\u0639\u0628\u064a\u0631 Syrian Center for Media and Freedom of Expression","isPartOf":{"@id":"https:\/\/scm.bz\/#website"},"primaryImageOfPage":{"@id":"https:\/\/scm.bz\/kmr\/dozek-dadweri-behempa-gilyek-sizayi-li-moskova-li-diji-cekdaren-kompaniya-vagnere-pmc-wagnere-li-ser-nave-ziyanditiyek-suri\/#primaryimage"},"image":{"@id":"https:\/\/scm.bz\/kmr\/dozek-dadweri-behempa-gilyek-sizayi-li-moskova-li-diji-cekdaren-kompaniya-vagnere-pmc-wagnere-li-ser-nave-ziyanditiyek-suri\/#primaryimage"},"thumbnailUrl":"https:\/\/scm.bz\/wp-content\/uploads\/2021\/03\/Wagner_Header_03.jpg","datePublished":"2021-03-15T05:55:35+00:00","description":"%","breadcrumb":{"@id":"https:\/\/scm.bz\/kmr\/dozek-dadweri-behempa-gilyek-sizayi-li-moskova-li-diji-cekdaren-kompaniya-vagnere-pmc-wagnere-li-ser-nave-ziyanditiyek-suri\/#breadcrumb"},"inLanguage":"kmr","potentialAction":[{"@type":"ReadAction","target":["https:\/\/scm.bz\/kmr\/dozek-dadweri-behempa-gilyek-sizayi-li-moskova-li-diji-cekdaren-kompaniya-vagnere-pmc-wagnere-li-ser-nave-ziyanditiyek-suri\/"]}]},{"@type":"ImageObject","inLanguage":"kmr","@id":"https:\/\/scm.bz\/kmr\/dozek-dadweri-behempa-gilyek-sizayi-li-moskova-li-diji-cekdaren-kompaniya-vagnere-pmc-wagnere-li-ser-nave-ziyanditiyek-suri\/#primaryimage","url":"https:\/\/scm.bz\/wp-content\/uploads\/2021\/03\/Wagner_Header_03.jpg","contentUrl":"https:\/\/scm.bz\/wp-content\/uploads\/2021\/03\/Wagner_Header_03.jpg","width":1200,"height":630},{"@type":"BreadcrumbList","@id":"https:\/\/scm.bz\/kmr\/dozek-dadweri-behempa-gilyek-sizayi-li-moskova-li-diji-cekdaren-kompaniya-vagnere-pmc-wagnere-li-ser-nave-ziyanditiyek-suri\/#breadcrumb","itemListElement":[{"@type":"ListItem","position":1,"name":"Home","item":"https:\/\/scm.bz\/kmr\/"},{"@type":"ListItem","position":2,"name":"Dozek Dadwer\u00ee b\u00eahempa, Gilyek Sizay\u00ee li Moskova li dij\u00ee \u00e7ekdar\u00ean Kompaniya Vagner\u00ea (PMC Wagner)\u00ea, li ser nav\u00ea ziyand\u00eetiyek S\u00fbr\u00ee"}]},{"@type":"WebSite","@id":"https:\/\/scm.bz\/#website","url":"https:\/\/scm.bz\/","name":"\u0627\u0644\u0645\u0631\u0643\u0632 \u0627\u0644\u0633\u0648\u0631\u064a \u0644\u0644\u0625\u0639\u0644\u0627\u0645 \u0648\u062d\u0631\u064a\u0629 \u0627\u0644\u062a\u0639\u0628\u064a\u0631 Syrian Center for Media and Freedom of Expression","description":"","publisher":{"@id":"https:\/\/scm.bz\/#organization"},"potentialAction":[{"@type":"SearchAction","target":{"@type":"EntryPoint","urlTemplate":"https:\/\/scm.bz\/?s={search_term_string}"},"query-input":{"@type":"PropertyValueSpecification","valueRequired":true,"valueName":"search_term_string"}}],"inLanguage":"kmr"},{"@type":"Organization","@id":"https:\/\/scm.bz\/#organization","name":"\u0627\u0644\u0645\u0631\u0643\u0632 \u0627\u0644\u0633\u0648\u0631\u064a \u0644\u0644\u0625\u0639\u0644\u0627\u0645 \u0648\u062d\u0631\u064a\u0629 \u0627\u0644\u062a\u0639\u0628\u064a\u0631 Syrian Center for Media and Freedom of Expression","url":"https:\/\/scm.bz\/","logo":{"@type":"ImageObject","inLanguage":"kmr","@id":"https:\/\/scm.bz\/#\/schema\/logo\/image\/","url":"http:\/\/scm.bz\/wp-content\/uploads\/2021\/01\/SCM-logo-1-with-Clear-Space-1-2.png","contentUrl":"http:\/\/scm.bz\/wp-content\/uploads\/2021\/01\/SCM-logo-1-with-Clear-Space-1-2.png","width":1450,"height":1450,"caption":"\u0627\u0644\u0645\u0631\u0643\u0632 \u0627\u0644\u0633\u0648\u0631\u064a \u0644\u0644\u0625\u0639\u0644\u0627\u0645 \u0648\u062d\u0631\u064a\u0629 \u0627\u0644\u062a\u0639\u0628\u064a\u0631 Syrian Center for Media and Freedom of Expression"},"image":{"@id":"https:\/\/scm.bz\/#\/schema\/logo\/image\/"},"sameAs":["https:\/\/www.facebook.com\/scm.center","https:\/\/x.com\/SyrianCenter"]},{"@type":"Person","@id":"https:\/\/scm.bz\/#\/schema\/person\/d116d4c43d9f3d4fe4b61619e91ead45","name":"scmadmin","image":{"@type":"ImageObject","inLanguage":"kmr","@id":"https:\/\/scm.bz\/#\/schema\/person\/image\/","url":"https:\/\/secure.gravatar.com\/avatar\/8cb2b559549de2ba5e28f5d26e15c8f315b5dd63c953e348e6769ae2e88e3cdc?s=96&d=blank&r=g","contentUrl":"https:\/\/secure.gravatar.com\/avatar\/8cb2b559549de2ba5e28f5d26e15c8f315b5dd63c953e348e6769ae2e88e3cdc?s=96&d=blank&r=g","caption":"scmadmin"},"url":"https:\/\/scm.bz\/kmr\/author\/scmadmin\/"}]}},"_links":{"self":[{"href":"https:\/\/scm.bz\/kmr\/wp-json\/wp\/v2\/posts\/192038","targetHints":{"allow":["GET"]}}],"collection":[{"href":"https:\/\/scm.bz\/kmr\/wp-json\/wp\/v2\/posts"}],"about":[{"href":"https:\/\/scm.bz\/kmr\/wp-json\/wp\/v2\/types\/post"}],"author":[{"embeddable":true,"href":"https:\/\/scm.bz\/kmr\/wp-json\/wp\/v2\/users\/24"}],"replies":[{"embeddable":true,"href":"https:\/\/scm.bz\/kmr\/wp-json\/wp\/v2\/comments?post=192038"}],"version-history":[{"count":0,"href":"https:\/\/scm.bz\/kmr\/wp-json\/wp\/v2\/posts\/192038\/revisions"}],"wp:featuredmedia":[{"embeddable":true,"href":"https:\/\/scm.bz\/kmr\/wp-json\/wp\/v2\/media\/192035"}],"wp:attachment":[{"href":"https:\/\/scm.bz\/kmr\/wp-json\/wp\/v2\/media?parent=192038"}],"wp:term":[{"taxonomy":"category","embeddable":true,"href":"https:\/\/scm.bz\/kmr\/wp-json\/wp\/v2\/categories?post=192038"},{"taxonomy":"post_tag","embeddable":true,"href":"https:\/\/scm.bz\/kmr\/wp-json\/wp\/v2\/tags?post=192038"}],"curies":[{"name":"wp","href":"https:\/\/api.w.org\/{rel}","templated":true}]}}