{"id":191702,"date":"2020-12-17T15:08:19","date_gmt":"2020-12-17T13:08:19","guid":{"rendered":"https:\/\/scm.bz?p=191702"},"modified":"2020-12-17T15:08:19","modified_gmt":"2020-12-17T13:08:19","slug":"beyanname-navenda-suriyaye-bo-ragihandine-u-derbirina-azad-kustina-rojnamevan-husen-xetab-sermezar-dike-u-daxwaz-dike-tedbiren-xort-bo-parastina-rojnamevanan-ben-kirin-u-zubezu-lepirsin-li-ser-tawa","status":"publish","type":"post","link":"https:\/\/scm.bz\/kmr\/beyanname-navenda-suriyaye-bo-ragihandine-u-derbirina-azad-kustina-rojnamevan-husen-xetab-sermezar-dike-u-daxwaz-dike-tedbiren-xort-bo-parastina-rojnamevanan-ben-kirin-u-zubezu-lepirsin-li-ser-tawa\/","title":{"rendered":"Beyanname: Navenda S\u00fbr\u00eeyay\u00ea bo Ragihandin\u00ea \u00fb Derbir\u00eena Azad, ku\u015ftina rojnamevan Hus\u00ean Xetab \u015fermezar dike, \u00fb daxwaz dike tedb\u00eer\u00ean xort bo parastina rojnamevanan b\u00ean kirin \u00fb z\u00fbbez\u00fb l\u00eapirs\u00een li ser tawan\u00ea b\u00ea kirin"},"content":{"rendered":"<p dir=\"ltr\" style=\"text-align: left;\"><span style=\"font-weight: 400;\">Roja \u015eem\u00ea 23 \u00c7iley\u00ea p\u00ea\u015f\u00een\/ Berfanbara 2020, gir\u00fbpek nenaskir\u00ee rojnamevan Hus\u00ean Xetab gulebaran kirin li bajarok\u00ea Bab\u00ea, di dema amadekrina w\u00ee ji raporek\u00ea ra li ser belavb\u00fbna nexwe\u015fiya Korona li dever\u00ea bo Televizyona TRTya ziman\u00ea ereb\u00ee, ku d\u00fb kes\u00ean r\u00fby\u00ea wan nix\u00fbmand\u00ee li nav\u00e7eya goristana bajarok\u00ea Bab\u00ea ew gulebarankirin.<\/span><\/p>\n<p dir=\"ltr\" style=\"text-align: left;\"><span style=\"font-weight: 400;\">Hus\u00ean Xetab, sala 1983 ji day\u00eakb\u00fbye, li nav\u00e7eya Sif\u00eer\u00ea li gundewar\u00ea Heleb\u00ea, xwendevan\u00ea kol\u00eeja Ragihandin\u00ea ye, bi \u00e7end\u00een ajans\u00ean ragihandin\u00ea y\u00ean navxowy\u00ee kar kir ji sala 2011an va, \u00fb ew wek peyamn\u00ear di gel televyona TRT da kar dike, her wiha ew ji sala 2011 va r\u00eaveber\u00ea navenda Sif\u00eer\u00ea ya Ragihandin\u00ea ye, \u00fb \u00eendam\u00ea niv\u00eesengeha bir\u00eavekar ya Yek\u00eetiya Rojnamevan\u00ean Heleb\u00ea ji \u00c7iley\u00ea Pa\u015f\u00een\/ R\u00eabendana 2020.<\/span><\/p>\n<p dir=\"ltr\" style=\"text-align: left;\"><span style=\"font-weight: 400;\">Li gor \u00e7end j\u00eederan, Xetab ber\u00ee niha \u00e7end caran r\u00fbber\u00fby\u00ea hewldan\u00ean ku\u015ftin\u00ea b\u00fbb\u00fb, carek\u00ea bombek li berdem niv\u00eesengeha w\u00ee li Bab\u00ea teqe, \u00fb cara din gule li ser ser\u00ee w\u00ee hati berdan daku bitirse, di dema amadekeriya raporek\u00ea di \u00celon\/ Rezbera rabh\u00fbr\u00ee da, li wargeha Terh\u00een li nav\u00e7eya Heraqat, ku w\u00ee redkirb\u00fb yekek ji aliy\u00ean navxowy\u00ee wek rayedar wesidan bike. \u00db pi\u015ft\u00ee herd\u00fb b\u00fbyeran w\u00ee gazindek p\u00ea\u015fk\u00ea\u015f\u00ee navenda awlleh\u00eey\u00ea li Qebas\u00een kir li dij\u00ee \u00e7end kes\u00ean binavkir\u00ee ku li wargeh\u00ea ni\u015ftec\u00ea ne, \u00fb bi sedema \u00e7i bersiv ji aliy\u00ean peywend\u00eedar ned\u00eet w\u00ee cih\u00ea maneb\u00fbna xwe guhert, ku li ser Facebook\u00ea belav kirb\u00fb.<\/span><\/p>\n<p dir=\"ltr\" style=\"text-align: left;\"><span style=\"font-weight: 400;\">Ku\u015ftina Xetab di dema kar\u00ee w\u00ee da, t\u00ea ji encama ku deslatdariya ew dever\u00ean j\u00ea control Art\u00ea\u015fa Ni\u015ftiman\u00ee ya gir\u00eaday\u00ee bi art\u00ea\u015fa Turkiya y\u00ea va \u00e7i kar\u00fbbar\u00ean p\u00eaw\u00eest bo parastina rojnamevenan nekir, ku ew gilh\u00ea ku Xetab p\u00ea\u015fk\u00ea\u015f kirb\u00fb \u00e7i guhdar\u00ee ned\u00eet ji aliy\u00ea deslatdariy\u00ean navxowy\u00ee, \u00fb t\u00ea zan\u00een ku Xetab di sala 2015 da ji aliy\u00ea Da\u00ee\u015f\u00ea girt\u00eeb\u00fb, \u00fb gef ji aliy\u00ean din d\u00eet.<\/span><\/p>\n<p dir=\"ltr\" style=\"text-align: left;\"><span style=\"font-weight: 400;\">Digel kar\u00ea zehemt di rew\u015fa metris\u00eedar di heya opersiyon\u00ean le\u015fker\u00ee dam \u00fb bombebarankirin\u00ea da, rojnamevan\u00ean li S\u00fbriyya y\u00ea r\u00fbber\u00fby\u00ea rew\u015fek ewlekar\u00ee dibin \u00fb r\u00eagirtin li hember wan di dema kar da, ji aliy\u00ea tevahiya aliy\u00ean \u015fer da, ku girtin \u00fb k\u00fb\u015ftin tim\u00fbtim d\u00fbbaredibin.<\/span><\/p>\n<p dir=\"ltr\" style=\"text-align: left;\"><span style=\"font-weight: 400;\">Navenda S\u00fbr\u00eeyay\u00ea bo Ragihandin\u00ea \u00fb Derbir\u00eena Azad daxwaz ji tevahiya aliy\u00ean \u015fer \u00fb deslatdariy\u00ean hey\u00ee li hem\u00fb dever\u00ean S\u00fbriyay\u00ea dike berpirsartiya xwe bikin di parstina kes\u00ean siv\u00eel y\u00ean li dever\u00ean j\u00ear kontrola wan \u00fb bitaybet \u00e7alakvan \u00fb rojnamevan, li gor Madeya 3an ya hevbe\u015f di Peyamnameya Jin\u00eav\u00ea da 1948, \u00fb li gor r\u00eakeftin\u00ean navdewlet\u00ee bo parstina azadiya kar\u00ea rojnamevanan, \u00fb l\u00eapirs\u00een li ser kes\u00ean tawanbar b\u00ean kirin \u00fb ew berpirs\u00ean ku gazindiyan pi\u015ftguh\u00ea xwe dixin b\u00ean sizadan. <\/span><\/p>\n","protected":false},"excerpt":{"rendered":"<p>Roja \u015eem\u00ea 23 \u00c7iley\u00ea p\u00ea\u015f\u00een\/ Berfanbara 2020, gir\u00fbpek nenaskir\u00ee rojnamevan Hus\u00ean Xetab gulebaran kirin li bajarok\u00ea Bab\u00ea, di dema amadekrina w\u00ee ji raporek\u00ea ra li ser belavb\u00fbna nexwe\u015fiya Korona li dever\u00ea bo Televizyona TRTya ziman\u00ea ereb\u00ee, ku d\u00fb kes\u00ean r\u00fby\u00ea wan nix\u00fbmand\u00ee li nav\u00e7eya goristana bajarok\u00ea Bab\u00ea ew gulebarankirin. Hus\u00ean Xetab, sala 1983 ji day\u00eakb\u00fbye, [&hellip;]<\/p>\n","protected":false},"author":24,"featured_media":191698,"comment_status":"closed","ping_status":"open","sticky":false,"template":"","format":"standard","meta":{"_acf_changed":false,"footnotes":""},"categories":[328],"tags":[],"class_list":["post-191702","post","type-post","status-publish","format-standard","has-post-thumbnail","hentry","category-statements-kmr","post-wrapper"],"acf":[],"yoast_head":"<!-- This site is optimized with the Yoast SEO Premium plugin v20.6 (Yoast SEO v26.5) - https:\/\/yoast.com\/wordpress\/plugins\/seo\/ -->\n<title>Beyanname: Navenda S\u00fbr\u00eeyay\u00ea bo Ragihandin\u00ea \u00fb Derbir\u00eena Azad, ku\u015ftina rojnamevan Hus\u00ean Xetab \u015fermezar dike, \u00fb daxwaz dike tedb\u00eer\u00ean xort bo parastina rojnamevanan b\u00ean kirin \u00fb z\u00fbbez\u00fb l\u00eapirs\u00een li ser tawan\u00ea b\u00ea kirin - \u0627\u0644\u0645\u0631\u0643\u0632 \u0627\u0644\u0633\u0648\u0631\u064a \u0644\u0644\u0625\u0639\u0644\u0627\u0645 \u0648\u062d\u0631\u064a\u0629 \u0627\u0644\u062a\u0639\u0628\u064a\u0631 Syrian Center for Media and Freedom of Expression<\/title>\n<meta name=\"description\" content=\"%\" \/>\n<meta name=\"robots\" content=\"index, follow, max-snippet:-1, max-image-preview:large, max-video-preview:-1\" \/>\n<link rel=\"canonical\" href=\"https:\/\/jhru.scm.bz\/kmr\/beyanname-navenda-suriyaye-bo-ragihandine-u-derbirina-azad-kustina-rojnamevan-husen-xetab-sermezar-dike-u-daxwaz-dike-tedbiren-xort-bo-parastina-rojnamevanan-ben-kirin-u-zubezu-lepirsin-li-ser-tawa\/\" \/>\n<meta property=\"og:locale\" content=\"en_US\" \/>\n<meta property=\"og:type\" content=\"article\" \/>\n<meta property=\"og:title\" content=\"Beyanname: Navenda S\u00fbr\u00eeyay\u00ea bo Ragihandin\u00ea \u00fb Derbir\u00eena Azad, ku\u015ftina rojnamevan Hus\u00ean Xetab \u015fermezar dike, \u00fb daxwaz dike tedb\u00eer\u00ean xort bo parastina rojnamevanan b\u00ean kirin \u00fb z\u00fbbez\u00fb l\u00eapirs\u00een li ser tawan\u00ea b\u00ea kirin\" \/>\n<meta property=\"og:description\" content=\"%\" \/>\n<meta property=\"og:url\" content=\"https:\/\/jhru.scm.bz\/kmr\/beyanname-navenda-suriyaye-bo-ragihandine-u-derbirina-azad-kustina-rojnamevan-husen-xetab-sermezar-dike-u-daxwaz-dike-tedbiren-xort-bo-parastina-rojnamevanan-ben-kirin-u-zubezu-lepirsin-li-ser-tawa\/\" \/>\n<meta property=\"og:site_name\" content=\"\u0627\u0644\u0645\u0631\u0643\u0632 \u0627\u0644\u0633\u0648\u0631\u064a \u0644\u0644\u0625\u0639\u0644\u0627\u0645 \u0648\u062d\u0631\u064a\u0629 \u0627\u0644\u062a\u0639\u0628\u064a\u0631 Syrian Center for Media and Freedom of Expression\" \/>\n<meta property=\"article:publisher\" content=\"https:\/\/www.facebook.com\/scm.center\" \/>\n<meta property=\"article:published_time\" content=\"2020-12-17T13:08:19+00:00\" \/>\n<meta property=\"og:image\" content=\"https:\/\/jhru.scm.bz\/wp-content\/uploads\/2020\/12\/KhattabAssasination_Header.jpg\" \/>\n\t<meta property=\"og:image:width\" content=\"1920\" \/>\n\t<meta property=\"og:image:height\" content=\"939\" \/>\n\t<meta property=\"og:image:type\" content=\"image\/jpeg\" \/>\n<meta name=\"author\" content=\"scmadmin\" \/>\n<meta name=\"twitter:card\" content=\"summary_large_image\" \/>\n<meta name=\"twitter:creator\" content=\"@SyrianCenter\" \/>\n<meta name=\"twitter:site\" content=\"@SyrianCenter\" \/>\n<meta name=\"twitter:label1\" content=\"Written by\" \/>\n\t<meta name=\"twitter:data1\" content=\"scmadmin\" \/>\n\t<meta name=\"twitter:label2\" content=\"Est. reading time\" \/>\n\t<meta name=\"twitter:data2\" content=\"2 minutes\" \/>\n<script type=\"application\/ld+json\" class=\"yoast-schema-graph\">{\"@context\":\"https:\/\/schema.org\",\"@graph\":[{\"@type\":\"Article\",\"@id\":\"https:\/\/jhru.scm.bz\/kmr\/beyanname-navenda-suriyaye-bo-ragihandine-u-derbirina-azad-kustina-rojnamevan-husen-xetab-sermezar-dike-u-daxwaz-dike-tedbiren-xort-bo-parastina-rojnamevanan-ben-kirin-u-zubezu-lepirsin-li-ser-tawa\/#article\",\"isPartOf\":{\"@id\":\"https:\/\/jhru.scm.bz\/kmr\/beyanname-navenda-suriyaye-bo-ragihandine-u-derbirina-azad-kustina-rojnamevan-husen-xetab-sermezar-dike-u-daxwaz-dike-tedbiren-xort-bo-parastina-rojnamevanan-ben-kirin-u-zubezu-lepirsin-li-ser-tawa\/\"},\"author\":{\"name\":\"scmadmin\",\"@id\":\"https:\/\/scm.bz\/#\/schema\/person\/d116d4c43d9f3d4fe4b61619e91ead45\"},\"headline\":\"Beyanname: Navenda S\u00fbr\u00eeyay\u00ea bo Ragihandin\u00ea \u00fb Derbir\u00eena Azad, ku\u015ftina rojnamevan Hus\u00ean Xetab \u015fermezar dike, \u00fb daxwaz dike tedb\u00eer\u00ean xort bo parastina rojnamevanan b\u00ean kirin \u00fb z\u00fbbez\u00fb l\u00eapirs\u00een li ser tawan\u00ea b\u00ea kirin\",\"datePublished\":\"2020-12-17T13:08:19+00:00\",\"mainEntityOfPage\":{\"@id\":\"https:\/\/jhru.scm.bz\/kmr\/beyanname-navenda-suriyaye-bo-ragihandine-u-derbirina-azad-kustina-rojnamevan-husen-xetab-sermezar-dike-u-daxwaz-dike-tedbiren-xort-bo-parastina-rojnamevanan-ben-kirin-u-zubezu-lepirsin-li-ser-tawa\/\"},\"wordCount\":519,\"publisher\":{\"@id\":\"https:\/\/scm.bz\/#organization\"},\"image\":{\"@id\":\"https:\/\/jhru.scm.bz\/kmr\/beyanname-navenda-suriyaye-bo-ragihandine-u-derbirina-azad-kustina-rojnamevan-husen-xetab-sermezar-dike-u-daxwaz-dike-tedbiren-xort-bo-parastina-rojnamevanan-ben-kirin-u-zubezu-lepirsin-li-ser-tawa\/#primaryimage\"},\"thumbnailUrl\":\"https:\/\/scm.bz\/wp-content\/uploads\/2020\/12\/KhattabAssasination_Header.jpg\",\"articleSection\":[\"Beyannamey\u00ean SCM\u00ea\"],\"inLanguage\":\"kmr\"},{\"@type\":\"WebPage\",\"@id\":\"https:\/\/jhru.scm.bz\/kmr\/beyanname-navenda-suriyaye-bo-ragihandine-u-derbirina-azad-kustina-rojnamevan-husen-xetab-sermezar-dike-u-daxwaz-dike-tedbiren-xort-bo-parastina-rojnamevanan-ben-kirin-u-zubezu-lepirsin-li-ser-tawa\/\",\"url\":\"https:\/\/jhru.scm.bz\/kmr\/beyanname-navenda-suriyaye-bo-ragihandine-u-derbirina-azad-kustina-rojnamevan-husen-xetab-sermezar-dike-u-daxwaz-dike-tedbiren-xort-bo-parastina-rojnamevanan-ben-kirin-u-zubezu-lepirsin-li-ser-tawa\/\",\"name\":\"Beyanname: Navenda S\u00fbr\u00eeyay\u00ea bo Ragihandin\u00ea \u00fb Derbir\u00eena Azad, ku\u015ftina rojnamevan Hus\u00ean Xetab \u015fermezar dike, \u00fb daxwaz dike tedb\u00eer\u00ean xort bo parastina rojnamevanan b\u00ean kirin \u00fb z\u00fbbez\u00fb l\u00eapirs\u00een li ser tawan\u00ea b\u00ea kirin - \u0627\u0644\u0645\u0631\u0643\u0632 \u0627\u0644\u0633\u0648\u0631\u064a \u0644\u0644\u0625\u0639\u0644\u0627\u0645 \u0648\u062d\u0631\u064a\u0629 \u0627\u0644\u062a\u0639\u0628\u064a\u0631 Syrian Center for Media and Freedom of Expression\",\"isPartOf\":{\"@id\":\"https:\/\/scm.bz\/#website\"},\"primaryImageOfPage\":{\"@id\":\"https:\/\/jhru.scm.bz\/kmr\/beyanname-navenda-suriyaye-bo-ragihandine-u-derbirina-azad-kustina-rojnamevan-husen-xetab-sermezar-dike-u-daxwaz-dike-tedbiren-xort-bo-parastina-rojnamevanan-ben-kirin-u-zubezu-lepirsin-li-ser-tawa\/#primaryimage\"},\"image\":{\"@id\":\"https:\/\/jhru.scm.bz\/kmr\/beyanname-navenda-suriyaye-bo-ragihandine-u-derbirina-azad-kustina-rojnamevan-husen-xetab-sermezar-dike-u-daxwaz-dike-tedbiren-xort-bo-parastina-rojnamevanan-ben-kirin-u-zubezu-lepirsin-li-ser-tawa\/#primaryimage\"},\"thumbnailUrl\":\"https:\/\/scm.bz\/wp-content\/uploads\/2020\/12\/KhattabAssasination_Header.jpg\",\"datePublished\":\"2020-12-17T13:08:19+00:00\",\"description\":\"%\",\"breadcrumb\":{\"@id\":\"https:\/\/jhru.scm.bz\/kmr\/beyanname-navenda-suriyaye-bo-ragihandine-u-derbirina-azad-kustina-rojnamevan-husen-xetab-sermezar-dike-u-daxwaz-dike-tedbiren-xort-bo-parastina-rojnamevanan-ben-kirin-u-zubezu-lepirsin-li-ser-tawa\/#breadcrumb\"},\"inLanguage\":\"kmr\",\"potentialAction\":[{\"@type\":\"ReadAction\",\"target\":[\"https:\/\/jhru.scm.bz\/kmr\/beyanname-navenda-suriyaye-bo-ragihandine-u-derbirina-azad-kustina-rojnamevan-husen-xetab-sermezar-dike-u-daxwaz-dike-tedbiren-xort-bo-parastina-rojnamevanan-ben-kirin-u-zubezu-lepirsin-li-ser-tawa\/\"]}]},{\"@type\":\"ImageObject\",\"inLanguage\":\"kmr\",\"@id\":\"https:\/\/jhru.scm.bz\/kmr\/beyanname-navenda-suriyaye-bo-ragihandine-u-derbirina-azad-kustina-rojnamevan-husen-xetab-sermezar-dike-u-daxwaz-dike-tedbiren-xort-bo-parastina-rojnamevanan-ben-kirin-u-zubezu-lepirsin-li-ser-tawa\/#primaryimage\",\"url\":\"https:\/\/scm.bz\/wp-content\/uploads\/2020\/12\/KhattabAssasination_Header.jpg\",\"contentUrl\":\"https:\/\/scm.bz\/wp-content\/uploads\/2020\/12\/KhattabAssasination_Header.jpg\",\"width\":1920,\"height\":939},{\"@type\":\"BreadcrumbList\",\"@id\":\"https:\/\/jhru.scm.bz\/kmr\/beyanname-navenda-suriyaye-bo-ragihandine-u-derbirina-azad-kustina-rojnamevan-husen-xetab-sermezar-dike-u-daxwaz-dike-tedbiren-xort-bo-parastina-rojnamevanan-ben-kirin-u-zubezu-lepirsin-li-ser-tawa\/#breadcrumb\",\"itemListElement\":[{\"@type\":\"ListItem\",\"position\":1,\"name\":\"Home\",\"item\":\"https:\/\/scm.bz\/kmr\/\"},{\"@type\":\"ListItem\",\"position\":2,\"name\":\"Beyanname: Navenda S\u00fbr\u00eeyay\u00ea bo Ragihandin\u00ea \u00fb Derbir\u00eena Azad, ku\u015ftina rojnamevan Hus\u00ean Xetab \u015fermezar dike, \u00fb daxwaz dike tedb\u00eer\u00ean xort bo parastina rojnamevanan b\u00ean kirin \u00fb z\u00fbbez\u00fb l\u00eapirs\u00een li ser tawan\u00ea b\u00ea kirin\"}]},{\"@type\":\"WebSite\",\"@id\":\"https:\/\/scm.bz\/#website\",\"url\":\"https:\/\/scm.bz\/\",\"name\":\"\u0627\u0644\u0645\u0631\u0643\u0632 \u0627\u0644\u0633\u0648\u0631\u064a \u0644\u0644\u0625\u0639\u0644\u0627\u0645 \u0648\u062d\u0631\u064a\u0629 \u0627\u0644\u062a\u0639\u0628\u064a\u0631 Syrian Center for Media and Freedom of Expression\",\"description\":\"\",\"publisher\":{\"@id\":\"https:\/\/scm.bz\/#organization\"},\"potentialAction\":[{\"@type\":\"SearchAction\",\"target\":{\"@type\":\"EntryPoint\",\"urlTemplate\":\"https:\/\/scm.bz\/?s={search_term_string}\"},\"query-input\":{\"@type\":\"PropertyValueSpecification\",\"valueRequired\":true,\"valueName\":\"search_term_string\"}}],\"inLanguage\":\"kmr\"},{\"@type\":\"Organization\",\"@id\":\"https:\/\/scm.bz\/#organization\",\"name\":\"\u0627\u0644\u0645\u0631\u0643\u0632 \u0627\u0644\u0633\u0648\u0631\u064a \u0644\u0644\u0625\u0639\u0644\u0627\u0645 \u0648\u062d\u0631\u064a\u0629 \u0627\u0644\u062a\u0639\u0628\u064a\u0631 Syrian Center for Media and Freedom of Expression\",\"url\":\"https:\/\/scm.bz\/\",\"logo\":{\"@type\":\"ImageObject\",\"inLanguage\":\"kmr\",\"@id\":\"https:\/\/scm.bz\/#\/schema\/logo\/image\/\",\"url\":\"http:\/\/scm.bz\/wp-content\/uploads\/2021\/01\/SCM-logo-1-with-Clear-Space-1-2.png\",\"contentUrl\":\"http:\/\/scm.bz\/wp-content\/uploads\/2021\/01\/SCM-logo-1-with-Clear-Space-1-2.png\",\"width\":1450,\"height\":1450,\"caption\":\"\u0627\u0644\u0645\u0631\u0643\u0632 \u0627\u0644\u0633\u0648\u0631\u064a \u0644\u0644\u0625\u0639\u0644\u0627\u0645 \u0648\u062d\u0631\u064a\u0629 \u0627\u0644\u062a\u0639\u0628\u064a\u0631 Syrian Center for Media and Freedom of Expression\"},\"image\":{\"@id\":\"https:\/\/scm.bz\/#\/schema\/logo\/image\/\"},\"sameAs\":[\"https:\/\/www.facebook.com\/scm.center\",\"https:\/\/x.com\/SyrianCenter\"]},{\"@type\":\"Person\",\"@id\":\"https:\/\/scm.bz\/#\/schema\/person\/d116d4c43d9f3d4fe4b61619e91ead45\",\"name\":\"scmadmin\",\"image\":{\"@type\":\"ImageObject\",\"inLanguage\":\"kmr\",\"@id\":\"https:\/\/scm.bz\/#\/schema\/person\/image\/\",\"url\":\"https:\/\/secure.gravatar.com\/avatar\/8cb2b559549de2ba5e28f5d26e15c8f315b5dd63c953e348e6769ae2e88e3cdc?s=96&d=blank&r=g\",\"contentUrl\":\"https:\/\/secure.gravatar.com\/avatar\/8cb2b559549de2ba5e28f5d26e15c8f315b5dd63c953e348e6769ae2e88e3cdc?s=96&d=blank&r=g\",\"caption\":\"scmadmin\"},\"url\":\"https:\/\/scm.bz\/kmr\/author\/scmadmin\/\"}]}<\/script>\n<!-- \/ Yoast SEO Premium plugin. -->","yoast_head_json":{"title":"Beyanname: Navenda S\u00fbr\u00eeyay\u00ea bo Ragihandin\u00ea \u00fb Derbir\u00eena Azad, ku\u015ftina rojnamevan Hus\u00ean Xetab \u015fermezar dike, \u00fb daxwaz dike tedb\u00eer\u00ean xort bo parastina rojnamevanan b\u00ean kirin \u00fb z\u00fbbez\u00fb l\u00eapirs\u00een li ser tawan\u00ea b\u00ea kirin - \u0627\u0644\u0645\u0631\u0643\u0632 \u0627\u0644\u0633\u0648\u0631\u064a \u0644\u0644\u0625\u0639\u0644\u0627\u0645 \u0648\u062d\u0631\u064a\u0629 \u0627\u0644\u062a\u0639\u0628\u064a\u0631 Syrian Center for Media and Freedom of Expression","description":"%","robots":{"index":"index","follow":"follow","max-snippet":"max-snippet:-1","max-image-preview":"max-image-preview:large","max-video-preview":"max-video-preview:-1"},"canonical":"https:\/\/jhru.scm.bz\/kmr\/beyanname-navenda-suriyaye-bo-ragihandine-u-derbirina-azad-kustina-rojnamevan-husen-xetab-sermezar-dike-u-daxwaz-dike-tedbiren-xort-bo-parastina-rojnamevanan-ben-kirin-u-zubezu-lepirsin-li-ser-tawa\/","og_locale":"en_US","og_type":"article","og_title":"Beyanname: Navenda S\u00fbr\u00eeyay\u00ea bo Ragihandin\u00ea \u00fb Derbir\u00eena Azad, ku\u015ftina rojnamevan Hus\u00ean Xetab \u015fermezar dike, \u00fb daxwaz dike tedb\u00eer\u00ean xort bo parastina rojnamevanan b\u00ean kirin \u00fb z\u00fbbez\u00fb l\u00eapirs\u00een li ser tawan\u00ea b\u00ea kirin","og_description":"%","og_url":"https:\/\/jhru.scm.bz\/kmr\/beyanname-navenda-suriyaye-bo-ragihandine-u-derbirina-azad-kustina-rojnamevan-husen-xetab-sermezar-dike-u-daxwaz-dike-tedbiren-xort-bo-parastina-rojnamevanan-ben-kirin-u-zubezu-lepirsin-li-ser-tawa\/","og_site_name":"\u0627\u0644\u0645\u0631\u0643\u0632 \u0627\u0644\u0633\u0648\u0631\u064a \u0644\u0644\u0625\u0639\u0644\u0627\u0645 \u0648\u062d\u0631\u064a\u0629 \u0627\u0644\u062a\u0639\u0628\u064a\u0631 Syrian Center for Media and Freedom of Expression","article_publisher":"https:\/\/www.facebook.com\/scm.center","article_published_time":"2020-12-17T13:08:19+00:00","og_image":[{"width":1920,"height":939,"url":"https:\/\/jhru.scm.bz\/wp-content\/uploads\/2020\/12\/KhattabAssasination_Header.jpg","type":"image\/jpeg"}],"author":"scmadmin","twitter_card":"summary_large_image","twitter_creator":"@SyrianCenter","twitter_site":"@SyrianCenter","twitter_misc":{"Written by":"scmadmin","Est. reading time":"2 minutes"},"schema":{"@context":"https:\/\/schema.org","@graph":[{"@type":"Article","@id":"https:\/\/jhru.scm.bz\/kmr\/beyanname-navenda-suriyaye-bo-ragihandine-u-derbirina-azad-kustina-rojnamevan-husen-xetab-sermezar-dike-u-daxwaz-dike-tedbiren-xort-bo-parastina-rojnamevanan-ben-kirin-u-zubezu-lepirsin-li-ser-tawa\/#article","isPartOf":{"@id":"https:\/\/jhru.scm.bz\/kmr\/beyanname-navenda-suriyaye-bo-ragihandine-u-derbirina-azad-kustina-rojnamevan-husen-xetab-sermezar-dike-u-daxwaz-dike-tedbiren-xort-bo-parastina-rojnamevanan-ben-kirin-u-zubezu-lepirsin-li-ser-tawa\/"},"author":{"name":"scmadmin","@id":"https:\/\/scm.bz\/#\/schema\/person\/d116d4c43d9f3d4fe4b61619e91ead45"},"headline":"Beyanname: Navenda S\u00fbr\u00eeyay\u00ea bo Ragihandin\u00ea \u00fb Derbir\u00eena Azad, ku\u015ftina rojnamevan Hus\u00ean Xetab \u015fermezar dike, \u00fb daxwaz dike tedb\u00eer\u00ean xort bo parastina rojnamevanan b\u00ean kirin \u00fb z\u00fbbez\u00fb l\u00eapirs\u00een li ser tawan\u00ea b\u00ea kirin","datePublished":"2020-12-17T13:08:19+00:00","mainEntityOfPage":{"@id":"https:\/\/jhru.scm.bz\/kmr\/beyanname-navenda-suriyaye-bo-ragihandine-u-derbirina-azad-kustina-rojnamevan-husen-xetab-sermezar-dike-u-daxwaz-dike-tedbiren-xort-bo-parastina-rojnamevanan-ben-kirin-u-zubezu-lepirsin-li-ser-tawa\/"},"wordCount":519,"publisher":{"@id":"https:\/\/scm.bz\/#organization"},"image":{"@id":"https:\/\/jhru.scm.bz\/kmr\/beyanname-navenda-suriyaye-bo-ragihandine-u-derbirina-azad-kustina-rojnamevan-husen-xetab-sermezar-dike-u-daxwaz-dike-tedbiren-xort-bo-parastina-rojnamevanan-ben-kirin-u-zubezu-lepirsin-li-ser-tawa\/#primaryimage"},"thumbnailUrl":"https:\/\/scm.bz\/wp-content\/uploads\/2020\/12\/KhattabAssasination_Header.jpg","articleSection":["Beyannamey\u00ean SCM\u00ea"],"inLanguage":"kmr"},{"@type":"WebPage","@id":"https:\/\/jhru.scm.bz\/kmr\/beyanname-navenda-suriyaye-bo-ragihandine-u-derbirina-azad-kustina-rojnamevan-husen-xetab-sermezar-dike-u-daxwaz-dike-tedbiren-xort-bo-parastina-rojnamevanan-ben-kirin-u-zubezu-lepirsin-li-ser-tawa\/","url":"https:\/\/jhru.scm.bz\/kmr\/beyanname-navenda-suriyaye-bo-ragihandine-u-derbirina-azad-kustina-rojnamevan-husen-xetab-sermezar-dike-u-daxwaz-dike-tedbiren-xort-bo-parastina-rojnamevanan-ben-kirin-u-zubezu-lepirsin-li-ser-tawa\/","name":"Beyanname: Navenda S\u00fbr\u00eeyay\u00ea bo Ragihandin\u00ea \u00fb Derbir\u00eena Azad, ku\u015ftina rojnamevan Hus\u00ean Xetab \u015fermezar dike, \u00fb daxwaz dike tedb\u00eer\u00ean xort bo parastina rojnamevanan b\u00ean kirin \u00fb z\u00fbbez\u00fb l\u00eapirs\u00een li ser tawan\u00ea b\u00ea kirin - \u0627\u0644\u0645\u0631\u0643\u0632 \u0627\u0644\u0633\u0648\u0631\u064a \u0644\u0644\u0625\u0639\u0644\u0627\u0645 \u0648\u062d\u0631\u064a\u0629 \u0627\u0644\u062a\u0639\u0628\u064a\u0631 Syrian Center for Media and Freedom of Expression","isPartOf":{"@id":"https:\/\/scm.bz\/#website"},"primaryImageOfPage":{"@id":"https:\/\/jhru.scm.bz\/kmr\/beyanname-navenda-suriyaye-bo-ragihandine-u-derbirina-azad-kustina-rojnamevan-husen-xetab-sermezar-dike-u-daxwaz-dike-tedbiren-xort-bo-parastina-rojnamevanan-ben-kirin-u-zubezu-lepirsin-li-ser-tawa\/#primaryimage"},"image":{"@id":"https:\/\/jhru.scm.bz\/kmr\/beyanname-navenda-suriyaye-bo-ragihandine-u-derbirina-azad-kustina-rojnamevan-husen-xetab-sermezar-dike-u-daxwaz-dike-tedbiren-xort-bo-parastina-rojnamevanan-ben-kirin-u-zubezu-lepirsin-li-ser-tawa\/#primaryimage"},"thumbnailUrl":"https:\/\/scm.bz\/wp-content\/uploads\/2020\/12\/KhattabAssasination_Header.jpg","datePublished":"2020-12-17T13:08:19+00:00","description":"%","breadcrumb":{"@id":"https:\/\/jhru.scm.bz\/kmr\/beyanname-navenda-suriyaye-bo-ragihandine-u-derbirina-azad-kustina-rojnamevan-husen-xetab-sermezar-dike-u-daxwaz-dike-tedbiren-xort-bo-parastina-rojnamevanan-ben-kirin-u-zubezu-lepirsin-li-ser-tawa\/#breadcrumb"},"inLanguage":"kmr","potentialAction":[{"@type":"ReadAction","target":["https:\/\/jhru.scm.bz\/kmr\/beyanname-navenda-suriyaye-bo-ragihandine-u-derbirina-azad-kustina-rojnamevan-husen-xetab-sermezar-dike-u-daxwaz-dike-tedbiren-xort-bo-parastina-rojnamevanan-ben-kirin-u-zubezu-lepirsin-li-ser-tawa\/"]}]},{"@type":"ImageObject","inLanguage":"kmr","@id":"https:\/\/jhru.scm.bz\/kmr\/beyanname-navenda-suriyaye-bo-ragihandine-u-derbirina-azad-kustina-rojnamevan-husen-xetab-sermezar-dike-u-daxwaz-dike-tedbiren-xort-bo-parastina-rojnamevanan-ben-kirin-u-zubezu-lepirsin-li-ser-tawa\/#primaryimage","url":"https:\/\/scm.bz\/wp-content\/uploads\/2020\/12\/KhattabAssasination_Header.jpg","contentUrl":"https:\/\/scm.bz\/wp-content\/uploads\/2020\/12\/KhattabAssasination_Header.jpg","width":1920,"height":939},{"@type":"BreadcrumbList","@id":"https:\/\/jhru.scm.bz\/kmr\/beyanname-navenda-suriyaye-bo-ragihandine-u-derbirina-azad-kustina-rojnamevan-husen-xetab-sermezar-dike-u-daxwaz-dike-tedbiren-xort-bo-parastina-rojnamevanan-ben-kirin-u-zubezu-lepirsin-li-ser-tawa\/#breadcrumb","itemListElement":[{"@type":"ListItem","position":1,"name":"Home","item":"https:\/\/scm.bz\/kmr\/"},{"@type":"ListItem","position":2,"name":"Beyanname: Navenda S\u00fbr\u00eeyay\u00ea bo Ragihandin\u00ea \u00fb Derbir\u00eena Azad, ku\u015ftina rojnamevan Hus\u00ean Xetab \u015fermezar dike, \u00fb daxwaz dike tedb\u00eer\u00ean xort bo parastina rojnamevanan b\u00ean kirin \u00fb z\u00fbbez\u00fb l\u00eapirs\u00een li ser tawan\u00ea b\u00ea kirin"}]},{"@type":"WebSite","@id":"https:\/\/scm.bz\/#website","url":"https:\/\/scm.bz\/","name":"\u0627\u0644\u0645\u0631\u0643\u0632 \u0627\u0644\u0633\u0648\u0631\u064a \u0644\u0644\u0625\u0639\u0644\u0627\u0645 \u0648\u062d\u0631\u064a\u0629 \u0627\u0644\u062a\u0639\u0628\u064a\u0631 Syrian Center for Media and Freedom of Expression","description":"","publisher":{"@id":"https:\/\/scm.bz\/#organization"},"potentialAction":[{"@type":"SearchAction","target":{"@type":"EntryPoint","urlTemplate":"https:\/\/scm.bz\/?s={search_term_string}"},"query-input":{"@type":"PropertyValueSpecification","valueRequired":true,"valueName":"search_term_string"}}],"inLanguage":"kmr"},{"@type":"Organization","@id":"https:\/\/scm.bz\/#organization","name":"\u0627\u0644\u0645\u0631\u0643\u0632 \u0627\u0644\u0633\u0648\u0631\u064a \u0644\u0644\u0625\u0639\u0644\u0627\u0645 \u0648\u062d\u0631\u064a\u0629 \u0627\u0644\u062a\u0639\u0628\u064a\u0631 Syrian Center for Media and Freedom of Expression","url":"https:\/\/scm.bz\/","logo":{"@type":"ImageObject","inLanguage":"kmr","@id":"https:\/\/scm.bz\/#\/schema\/logo\/image\/","url":"http:\/\/scm.bz\/wp-content\/uploads\/2021\/01\/SCM-logo-1-with-Clear-Space-1-2.png","contentUrl":"http:\/\/scm.bz\/wp-content\/uploads\/2021\/01\/SCM-logo-1-with-Clear-Space-1-2.png","width":1450,"height":1450,"caption":"\u0627\u0644\u0645\u0631\u0643\u0632 \u0627\u0644\u0633\u0648\u0631\u064a \u0644\u0644\u0625\u0639\u0644\u0627\u0645 \u0648\u062d\u0631\u064a\u0629 \u0627\u0644\u062a\u0639\u0628\u064a\u0631 Syrian Center for Media and Freedom of Expression"},"image":{"@id":"https:\/\/scm.bz\/#\/schema\/logo\/image\/"},"sameAs":["https:\/\/www.facebook.com\/scm.center","https:\/\/x.com\/SyrianCenter"]},{"@type":"Person","@id":"https:\/\/scm.bz\/#\/schema\/person\/d116d4c43d9f3d4fe4b61619e91ead45","name":"scmadmin","image":{"@type":"ImageObject","inLanguage":"kmr","@id":"https:\/\/scm.bz\/#\/schema\/person\/image\/","url":"https:\/\/secure.gravatar.com\/avatar\/8cb2b559549de2ba5e28f5d26e15c8f315b5dd63c953e348e6769ae2e88e3cdc?s=96&d=blank&r=g","contentUrl":"https:\/\/secure.gravatar.com\/avatar\/8cb2b559549de2ba5e28f5d26e15c8f315b5dd63c953e348e6769ae2e88e3cdc?s=96&d=blank&r=g","caption":"scmadmin"},"url":"https:\/\/scm.bz\/kmr\/author\/scmadmin\/"}]}},"_links":{"self":[{"href":"https:\/\/scm.bz\/kmr\/wp-json\/wp\/v2\/posts\/191702","targetHints":{"allow":["GET"]}}],"collection":[{"href":"https:\/\/scm.bz\/kmr\/wp-json\/wp\/v2\/posts"}],"about":[{"href":"https:\/\/scm.bz\/kmr\/wp-json\/wp\/v2\/types\/post"}],"author":[{"embeddable":true,"href":"https:\/\/scm.bz\/kmr\/wp-json\/wp\/v2\/users\/24"}],"replies":[{"embeddable":true,"href":"https:\/\/scm.bz\/kmr\/wp-json\/wp\/v2\/comments?post=191702"}],"version-history":[{"count":0,"href":"https:\/\/scm.bz\/kmr\/wp-json\/wp\/v2\/posts\/191702\/revisions"}],"wp:featuredmedia":[{"embeddable":true,"href":"https:\/\/scm.bz\/kmr\/wp-json\/wp\/v2\/media\/191698"}],"wp:attachment":[{"href":"https:\/\/scm.bz\/kmr\/wp-json\/wp\/v2\/media?parent=191702"}],"wp:term":[{"taxonomy":"category","embeddable":true,"href":"https:\/\/scm.bz\/kmr\/wp-json\/wp\/v2\/categories?post=191702"},{"taxonomy":"post_tag","embeddable":true,"href":"https:\/\/scm.bz\/kmr\/wp-json\/wp\/v2\/tags?post=191702"}],"curies":[{"name":"wp","href":"https:\/\/api.w.org\/{rel}","templated":true}]}}