{"id":190836,"date":"2020-04-16T04:22:22","date_gmt":"2020-04-16T02:22:22","guid":{"rendered":"https:\/\/scm.bz?p=190836"},"modified":"2020-04-16T04:22:22","modified_gmt":"2020-04-16T02:22:22","slug":"finding-or-locating-the-phone-in-case-of-loss-or-erasing-data-of-the-lost-device","status":"publish","type":"post","link":"https:\/\/scm.bz\/kmr\/finding-or-locating-the-phone-in-case-of-loss-or-erasing-data-of-the-lost-device\/","title":{"rendered":"D\u00eetin an destn\u00ee\u015fankirina cih\u00ea telefon\u00ea dema ku winda dibe an j\u00eabirina agah\u00eeyan ji ser telefona winda"},"content":{"rendered":"<h3 style=\"text-align: center;\">D\u00eetin an destn\u00ee\u015fankirina cih\u00ea telefon\u00ea dema ku winda dibe an j\u00eabirina agah\u00eeyan ji ser telefona winda<\/h3>\n<hr \/>\n<p>&nbsp;<\/p>\n<p>r\u00eakar\u00ean divabe mirov bike dma ku telefon winda dibe (windab\u00fbn, diz\u00ee) \u00e7i ne? \u00c7i di war\u00ea d\u00eetina alav\u00ea de be, desn\u00ee\u015fankirina cih an hilan\u00eena agah\u00ee \u00fb dosyayan ji ser alav\u00ea eger telefon ney\u00ea d\u00eetin.<\/p>\n<p>Hin program hene li ser telefon\u00ean s\u00eestema (Android) \u00fb (IOS) kar dikin \u00fb al\u00eekar in di destn\u00ee\u015fankirina cih\u00ea telefon\u00ea \u00fb hilan\u00eena dosyayan ji ser. L\u00ea divabe ev program cih\u00ea bawer\u00eey\u00ea bin ji ber ku d\u00ea karibin hem\u00fb telefon\u00ea kontrol bikin.<\/p>\n<p>DI heman dem\u00ea de, telefon\u00ea s\u00eestema Android \u00fb IOS xwed\u00ee taybet\u00ean ewleh\u00ee ne, m\u00eena:<\/p>\n<ul>\n<li>Destn\u00ee\u015fankirina cih\u00ea telefon\u00ea &#8211; bi r\u00eaya derxistina deng ji alav\u00ea da ku were bih\u00eestin eger telefon n\u00eaz\u00eek be.<\/li>\n<li>Kil\u00eetkirina telefon\u00ea &#8211; eger telefon di dema windakirin\u00ea de vekir\u00ee be, an j\u00ee dan\u00eena passwordeke n\u00fb<\/li>\n<li>Derxistina nameyek\u00ea li ser ekrana telefon\u00ea \u00fb bi r\u00eaya w\u00ea tu dikar\u00ee nameyek\u00ea biniv\u00ees\u00ee \u00fb n\u00fbmareyeka telefon\u00ea bo p\u00eaw\u00eand\u00eey\u00ea di nav de bihew\u00eene, eger telefon winda be \u00fb ji h\u00eala kesek\u00ee ve hate d\u00eetin<\/li>\n<li>Hilan\u00eena agah\u00eeyan ji ser telefon\u00ea &#8211; eger ney\u00ea d\u00eetin.<\/li>\n<li>D\u00eetina serial number a telefon\u00ea &#8211; ev yek di destn\u00ee\u015fankirina cih\u00ea telefon\u00ea de bi al\u00eekar\u00eeya pol\u00ees\u00ea an kompan\u00eeya p\u00eawend\u00eeyan, al\u00eekar e<\/li>\n<\/ul>\n<p>M\u00eekan\u00eezm\u00ean d\u00eetina telefonan an bijardey\u00ean berdest di d\u00eetina telefon\u00ean winda de, di nav her du s\u00eestem\u00ean Andoid \u00fb IOS de cuda ne, dibe ku p\u00eadiv\u00ee bi akt\u00eevkirina hin taybet\u00eeyan hebe da ku telefon were d\u00eetin<\/p>\n<p>Di v\u00ea l\u00eenka ji kompan\u00eeya Google\u00ea de, h\u00fbrgil\u00eey\u00ean <a href=\"https:\/\/support.google.com\/accounts\/answer\/6160491?hl=ar\" target=\"_blank\" rel=\"noopener\">D\u00eetina Telefoneka S\u00eestema Android\u00ea ya Winda an Kil\u00eetkirina w\u00ea an Hilan\u00eena Agah\u00eey\u00ean w\u00ea<\/a> hene<\/p>\n<p>\u00db ev l\u00eenk ji kompan\u00eeya Apple\u00ea h\u00fbrgil\u00eey\u00ean <a href=\"https:\/\/support.apple.com\/ar-ae\/HT201472\" target=\"_blank\" rel=\"noopener\">Windab\u00fbna iPhone, iPad an iPad touch<\/a> hene<\/p>\n<p>Giring e ku taybet\u00eeya pejirandina du gav were akt\u00eevkirin li ser h\u00eesab\u00ea Google \u00fb Apple IDy\u00ea, ji bo ewlekirina telefon\u00ea, ji ber ku di giha\u015ftina bo h\u00eesab\u00ea \u00fb kil\u00eetkirin \u00fb hilan\u00eena agah\u00eey\u00ean de al\u00eekar e.<\/p>\n<p>Di v\u00ea l\u00eenk\u00ea de\u00a0 \u015firoveya <a href=\"https:\/\/docs.google.com\/document\/d\/1fwI2s751kCyuTKCTkG00fNLZcWhbHvQhqJLRv_rLl_c\/edit\" target=\"_blank\" rel=\"noopener\">Pejirandina du gav \u00fb \u00e7awan\u00eeya akt\u00eevkirina w\u00ea li ser Google\u00ea<\/a> heye<\/p>\n<p>\u00db di v\u00ea l\u00eenka kompan\u00eeya Apple\u00ea de, \u015firoveya<a href=\"https:\/\/support.apple.com\/ar-ae\/HT204915\" target=\"_blank\" rel=\"noopener\"> Pejirandina du gavan a h\u00eesab\u00ea Apple IDy\u00ea<\/a> heye<\/p>\n<p>&nbsp;<\/p>\n<p dir=\"rtl\"><b>Daw\u00ee<\/b><\/p>\n<p>&nbsp;<\/p>\n","protected":false},"excerpt":{"rendered":"<p>D\u00eetin an destn\u00ee\u015fankirina cih\u00ea telefon\u00ea dema ku winda dibe an j\u00eabirina agah\u00eeyan ji ser telefona winda &nbsp; r\u00eakar\u00ean divabe mirov bike dma ku telefon winda dibe (windab\u00fbn, diz\u00ee) \u00e7i ne? \u00c7i di war\u00ea d\u00eetina alav\u00ea de be, desn\u00ee\u015fankirina cih an hilan\u00eena agah\u00ee \u00fb dosyayan ji ser alav\u00ea eger telefon ney\u00ea d\u00eetin. Hin program hene li [&hellip;]<\/p>\n","protected":false},"author":24,"featured_media":190824,"comment_status":"closed","ping_status":"open","sticky":false,"template":"","format":"standard","meta":{"_acf_changed":false,"footnotes":""},"categories":[401,402],"tags":[],"class_list":["post-190836","post","type-post","status-publish","format-standard","has-post-thumbnail","hentry","category-digital-security","category-journalist-house","post-wrapper"],"acf":[],"yoast_head":"<!-- This site is optimized with the Yoast SEO Premium plugin v20.6 (Yoast SEO v26.5) - https:\/\/yoast.com\/wordpress\/plugins\/seo\/ -->\n<title>D\u00eetin an destn\u00ee\u015fankirina cih\u00ea telefon\u00ea dema ku winda dibe an j\u00eabirina agah\u00eeyan ji ser telefona winda - \u0627\u0644\u0645\u0631\u0643\u0632 \u0627\u0644\u0633\u0648\u0631\u064a \u0644\u0644\u0625\u0639\u0644\u0627\u0645 \u0648\u062d\u0631\u064a\u0629 \u0627\u0644\u062a\u0639\u0628\u064a\u0631 Syrian Center for Media and Freedom of Expression<\/title>\n<meta name=\"description\" content=\"%\" \/>\n<meta name=\"robots\" content=\"index, follow, max-snippet:-1, max-image-preview:large, max-video-preview:-1\" \/>\n<link rel=\"canonical\" href=\"https:\/\/scm.bz\/kmr\/finding-or-locating-the-phone-in-case-of-loss-or-erasing-data-of-the-lost-device\/\" \/>\n<meta property=\"og:locale\" content=\"en_US\" \/>\n<meta property=\"og:type\" content=\"article\" \/>\n<meta property=\"og:title\" content=\"D\u00eetin an destn\u00ee\u015fankirina cih\u00ea telefon\u00ea dema ku winda dibe an j\u00eabirina agah\u00eeyan ji ser telefona winda\" \/>\n<meta property=\"og:description\" content=\"%\" \/>\n<meta property=\"og:url\" content=\"https:\/\/scm.bz\/kmr\/finding-or-locating-the-phone-in-case-of-loss-or-erasing-data-of-the-lost-device\/\" \/>\n<meta property=\"og:site_name\" content=\"\u0627\u0644\u0645\u0631\u0643\u0632 \u0627\u0644\u0633\u0648\u0631\u064a \u0644\u0644\u0625\u0639\u0644\u0627\u0645 \u0648\u062d\u0631\u064a\u0629 \u0627\u0644\u062a\u0639\u0628\u064a\u0631 Syrian Center for Media and Freedom of Expression\" \/>\n<meta property=\"article:publisher\" content=\"https:\/\/www.facebook.com\/scm.center\" \/>\n<meta property=\"article:published_time\" content=\"2020-04-16T02:22:22+00:00\" \/>\n<meta property=\"og:image\" content=\"https:\/\/scm.bz\/wp-content\/uploads\/2020\/04\/RSF_Header_16_KU.png\" \/>\n\t<meta property=\"og:image:width\" content=\"1920\" \/>\n\t<meta property=\"og:image:height\" content=\"1080\" \/>\n\t<meta property=\"og:image:type\" content=\"image\/png\" \/>\n<meta name=\"author\" content=\"scmadmin\" \/>\n<meta name=\"twitter:card\" content=\"summary_large_image\" \/>\n<meta name=\"twitter:creator\" content=\"@SyrianCenter\" \/>\n<meta name=\"twitter:site\" content=\"@SyrianCenter\" \/>\n<meta name=\"twitter:label1\" content=\"Written by\" \/>\n\t<meta name=\"twitter:data1\" content=\"scmadmin\" \/>\n\t<meta name=\"twitter:label2\" content=\"Est. reading time\" \/>\n\t<meta name=\"twitter:data2\" content=\"2 minutes\" \/>\n<script type=\"application\/ld+json\" class=\"yoast-schema-graph\">{\"@context\":\"https:\/\/schema.org\",\"@graph\":[{\"@type\":\"Article\",\"@id\":\"https:\/\/scm.bz\/kmr\/finding-or-locating-the-phone-in-case-of-loss-or-erasing-data-of-the-lost-device\/#article\",\"isPartOf\":{\"@id\":\"https:\/\/scm.bz\/kmr\/finding-or-locating-the-phone-in-case-of-loss-or-erasing-data-of-the-lost-device\/\"},\"author\":{\"name\":\"scmadmin\",\"@id\":\"https:\/\/scm.bz\/#\/schema\/person\/d116d4c43d9f3d4fe4b61619e91ead45\"},\"headline\":\"D\u00eetin an destn\u00ee\u015fankirina cih\u00ea telefon\u00ea dema ku winda dibe an j\u00eabirina agah\u00eeyan ji ser telefona winda\",\"datePublished\":\"2020-04-16T02:22:22+00:00\",\"mainEntityOfPage\":{\"@id\":\"https:\/\/scm.bz\/kmr\/finding-or-locating-the-phone-in-case-of-loss-or-erasing-data-of-the-lost-device\/\"},\"wordCount\":443,\"publisher\":{\"@id\":\"https:\/\/scm.bz\/#organization\"},\"image\":{\"@id\":\"https:\/\/scm.bz\/kmr\/finding-or-locating-the-phone-in-case-of-loss-or-erasing-data-of-the-lost-device\/#primaryimage\"},\"thumbnailUrl\":\"https:\/\/scm.bz\/wp-content\/uploads\/2020\/04\/RSF_Header_16_KU.png\",\"articleSection\":[\"Digital Security\",\"Journalist House\"],\"inLanguage\":\"kmr\"},{\"@type\":\"WebPage\",\"@id\":\"https:\/\/scm.bz\/kmr\/finding-or-locating-the-phone-in-case-of-loss-or-erasing-data-of-the-lost-device\/\",\"url\":\"https:\/\/scm.bz\/kmr\/finding-or-locating-the-phone-in-case-of-loss-or-erasing-data-of-the-lost-device\/\",\"name\":\"D\u00eetin an destn\u00ee\u015fankirina cih\u00ea telefon\u00ea dema ku winda dibe an j\u00eabirina agah\u00eeyan ji ser telefona winda - \u0627\u0644\u0645\u0631\u0643\u0632 \u0627\u0644\u0633\u0648\u0631\u064a \u0644\u0644\u0625\u0639\u0644\u0627\u0645 \u0648\u062d\u0631\u064a\u0629 \u0627\u0644\u062a\u0639\u0628\u064a\u0631 Syrian Center for Media and Freedom of Expression\",\"isPartOf\":{\"@id\":\"https:\/\/scm.bz\/#website\"},\"primaryImageOfPage\":{\"@id\":\"https:\/\/scm.bz\/kmr\/finding-or-locating-the-phone-in-case-of-loss-or-erasing-data-of-the-lost-device\/#primaryimage\"},\"image\":{\"@id\":\"https:\/\/scm.bz\/kmr\/finding-or-locating-the-phone-in-case-of-loss-or-erasing-data-of-the-lost-device\/#primaryimage\"},\"thumbnailUrl\":\"https:\/\/scm.bz\/wp-content\/uploads\/2020\/04\/RSF_Header_16_KU.png\",\"datePublished\":\"2020-04-16T02:22:22+00:00\",\"description\":\"%\",\"breadcrumb\":{\"@id\":\"https:\/\/scm.bz\/kmr\/finding-or-locating-the-phone-in-case-of-loss-or-erasing-data-of-the-lost-device\/#breadcrumb\"},\"inLanguage\":\"kmr\",\"potentialAction\":[{\"@type\":\"ReadAction\",\"target\":[\"https:\/\/scm.bz\/kmr\/finding-or-locating-the-phone-in-case-of-loss-or-erasing-data-of-the-lost-device\/\"]}]},{\"@type\":\"ImageObject\",\"inLanguage\":\"kmr\",\"@id\":\"https:\/\/scm.bz\/kmr\/finding-or-locating-the-phone-in-case-of-loss-or-erasing-data-of-the-lost-device\/#primaryimage\",\"url\":\"https:\/\/scm.bz\/wp-content\/uploads\/2020\/04\/RSF_Header_16_KU.png\",\"contentUrl\":\"https:\/\/scm.bz\/wp-content\/uploads\/2020\/04\/RSF_Header_16_KU.png\",\"width\":1920,\"height\":1080},{\"@type\":\"BreadcrumbList\",\"@id\":\"https:\/\/scm.bz\/kmr\/finding-or-locating-the-phone-in-case-of-loss-or-erasing-data-of-the-lost-device\/#breadcrumb\",\"itemListElement\":[{\"@type\":\"ListItem\",\"position\":1,\"name\":\"Home\",\"item\":\"https:\/\/scm.bz\/kmr\/\"},{\"@type\":\"ListItem\",\"position\":2,\"name\":\"D\u00eetin an destn\u00ee\u015fankirina cih\u00ea telefon\u00ea dema ku winda dibe an j\u00eabirina agah\u00eeyan ji ser telefona winda\"}]},{\"@type\":\"WebSite\",\"@id\":\"https:\/\/scm.bz\/#website\",\"url\":\"https:\/\/scm.bz\/\",\"name\":\"\u0627\u0644\u0645\u0631\u0643\u0632 \u0627\u0644\u0633\u0648\u0631\u064a \u0644\u0644\u0625\u0639\u0644\u0627\u0645 \u0648\u062d\u0631\u064a\u0629 \u0627\u0644\u062a\u0639\u0628\u064a\u0631 Syrian Center for Media and Freedom of Expression\",\"description\":\"\",\"publisher\":{\"@id\":\"https:\/\/scm.bz\/#organization\"},\"potentialAction\":[{\"@type\":\"SearchAction\",\"target\":{\"@type\":\"EntryPoint\",\"urlTemplate\":\"https:\/\/scm.bz\/?s={search_term_string}\"},\"query-input\":{\"@type\":\"PropertyValueSpecification\",\"valueRequired\":true,\"valueName\":\"search_term_string\"}}],\"inLanguage\":\"kmr\"},{\"@type\":\"Organization\",\"@id\":\"https:\/\/scm.bz\/#organization\",\"name\":\"\u0627\u0644\u0645\u0631\u0643\u0632 \u0627\u0644\u0633\u0648\u0631\u064a \u0644\u0644\u0625\u0639\u0644\u0627\u0645 \u0648\u062d\u0631\u064a\u0629 \u0627\u0644\u062a\u0639\u0628\u064a\u0631 Syrian Center for Media and Freedom of Expression\",\"url\":\"https:\/\/scm.bz\/\",\"logo\":{\"@type\":\"ImageObject\",\"inLanguage\":\"kmr\",\"@id\":\"https:\/\/scm.bz\/#\/schema\/logo\/image\/\",\"url\":\"http:\/\/scm.bz\/wp-content\/uploads\/2021\/01\/SCM-logo-1-with-Clear-Space-1-2.png\",\"contentUrl\":\"http:\/\/scm.bz\/wp-content\/uploads\/2021\/01\/SCM-logo-1-with-Clear-Space-1-2.png\",\"width\":1450,\"height\":1450,\"caption\":\"\u0627\u0644\u0645\u0631\u0643\u0632 \u0627\u0644\u0633\u0648\u0631\u064a \u0644\u0644\u0625\u0639\u0644\u0627\u0645 \u0648\u062d\u0631\u064a\u0629 \u0627\u0644\u062a\u0639\u0628\u064a\u0631 Syrian Center for Media and Freedom of Expression\"},\"image\":{\"@id\":\"https:\/\/scm.bz\/#\/schema\/logo\/image\/\"},\"sameAs\":[\"https:\/\/www.facebook.com\/scm.center\",\"https:\/\/x.com\/SyrianCenter\"]},{\"@type\":\"Person\",\"@id\":\"https:\/\/scm.bz\/#\/schema\/person\/d116d4c43d9f3d4fe4b61619e91ead45\",\"name\":\"scmadmin\",\"image\":{\"@type\":\"ImageObject\",\"inLanguage\":\"kmr\",\"@id\":\"https:\/\/scm.bz\/#\/schema\/person\/image\/\",\"url\":\"https:\/\/secure.gravatar.com\/avatar\/8cb2b559549de2ba5e28f5d26e15c8f315b5dd63c953e348e6769ae2e88e3cdc?s=96&d=blank&r=g\",\"contentUrl\":\"https:\/\/secure.gravatar.com\/avatar\/8cb2b559549de2ba5e28f5d26e15c8f315b5dd63c953e348e6769ae2e88e3cdc?s=96&d=blank&r=g\",\"caption\":\"scmadmin\"},\"url\":\"https:\/\/scm.bz\/kmr\/author\/scmadmin\/\"}]}<\/script>\n<!-- \/ Yoast SEO Premium plugin. -->","yoast_head_json":{"title":"D\u00eetin an destn\u00ee\u015fankirina cih\u00ea telefon\u00ea dema ku winda dibe an j\u00eabirina agah\u00eeyan ji ser telefona winda - \u0627\u0644\u0645\u0631\u0643\u0632 \u0627\u0644\u0633\u0648\u0631\u064a \u0644\u0644\u0625\u0639\u0644\u0627\u0645 \u0648\u062d\u0631\u064a\u0629 \u0627\u0644\u062a\u0639\u0628\u064a\u0631 Syrian Center for Media and Freedom of Expression","description":"%","robots":{"index":"index","follow":"follow","max-snippet":"max-snippet:-1","max-image-preview":"max-image-preview:large","max-video-preview":"max-video-preview:-1"},"canonical":"https:\/\/scm.bz\/kmr\/finding-or-locating-the-phone-in-case-of-loss-or-erasing-data-of-the-lost-device\/","og_locale":"en_US","og_type":"article","og_title":"D\u00eetin an destn\u00ee\u015fankirina cih\u00ea telefon\u00ea dema ku winda dibe an j\u00eabirina agah\u00eeyan ji ser telefona winda","og_description":"%","og_url":"https:\/\/scm.bz\/kmr\/finding-or-locating-the-phone-in-case-of-loss-or-erasing-data-of-the-lost-device\/","og_site_name":"\u0627\u0644\u0645\u0631\u0643\u0632 \u0627\u0644\u0633\u0648\u0631\u064a \u0644\u0644\u0625\u0639\u0644\u0627\u0645 \u0648\u062d\u0631\u064a\u0629 \u0627\u0644\u062a\u0639\u0628\u064a\u0631 Syrian Center for Media and Freedom of Expression","article_publisher":"https:\/\/www.facebook.com\/scm.center","article_published_time":"2020-04-16T02:22:22+00:00","og_image":[{"width":1920,"height":1080,"url":"https:\/\/scm.bz\/wp-content\/uploads\/2020\/04\/RSF_Header_16_KU.png","type":"image\/png"}],"author":"scmadmin","twitter_card":"summary_large_image","twitter_creator":"@SyrianCenter","twitter_site":"@SyrianCenter","twitter_misc":{"Written by":"scmadmin","Est. reading time":"2 minutes"},"schema":{"@context":"https:\/\/schema.org","@graph":[{"@type":"Article","@id":"https:\/\/scm.bz\/kmr\/finding-or-locating-the-phone-in-case-of-loss-or-erasing-data-of-the-lost-device\/#article","isPartOf":{"@id":"https:\/\/scm.bz\/kmr\/finding-or-locating-the-phone-in-case-of-loss-or-erasing-data-of-the-lost-device\/"},"author":{"name":"scmadmin","@id":"https:\/\/scm.bz\/#\/schema\/person\/d116d4c43d9f3d4fe4b61619e91ead45"},"headline":"D\u00eetin an destn\u00ee\u015fankirina cih\u00ea telefon\u00ea dema ku winda dibe an j\u00eabirina agah\u00eeyan ji ser telefona winda","datePublished":"2020-04-16T02:22:22+00:00","mainEntityOfPage":{"@id":"https:\/\/scm.bz\/kmr\/finding-or-locating-the-phone-in-case-of-loss-or-erasing-data-of-the-lost-device\/"},"wordCount":443,"publisher":{"@id":"https:\/\/scm.bz\/#organization"},"image":{"@id":"https:\/\/scm.bz\/kmr\/finding-or-locating-the-phone-in-case-of-loss-or-erasing-data-of-the-lost-device\/#primaryimage"},"thumbnailUrl":"https:\/\/scm.bz\/wp-content\/uploads\/2020\/04\/RSF_Header_16_KU.png","articleSection":["Digital Security","Journalist House"],"inLanguage":"kmr"},{"@type":"WebPage","@id":"https:\/\/scm.bz\/kmr\/finding-or-locating-the-phone-in-case-of-loss-or-erasing-data-of-the-lost-device\/","url":"https:\/\/scm.bz\/kmr\/finding-or-locating-the-phone-in-case-of-loss-or-erasing-data-of-the-lost-device\/","name":"D\u00eetin an destn\u00ee\u015fankirina cih\u00ea telefon\u00ea dema ku winda dibe an j\u00eabirina agah\u00eeyan ji ser telefona winda - \u0627\u0644\u0645\u0631\u0643\u0632 \u0627\u0644\u0633\u0648\u0631\u064a \u0644\u0644\u0625\u0639\u0644\u0627\u0645 \u0648\u062d\u0631\u064a\u0629 \u0627\u0644\u062a\u0639\u0628\u064a\u0631 Syrian Center for Media and Freedom of Expression","isPartOf":{"@id":"https:\/\/scm.bz\/#website"},"primaryImageOfPage":{"@id":"https:\/\/scm.bz\/kmr\/finding-or-locating-the-phone-in-case-of-loss-or-erasing-data-of-the-lost-device\/#primaryimage"},"image":{"@id":"https:\/\/scm.bz\/kmr\/finding-or-locating-the-phone-in-case-of-loss-or-erasing-data-of-the-lost-device\/#primaryimage"},"thumbnailUrl":"https:\/\/scm.bz\/wp-content\/uploads\/2020\/04\/RSF_Header_16_KU.png","datePublished":"2020-04-16T02:22:22+00:00","description":"%","breadcrumb":{"@id":"https:\/\/scm.bz\/kmr\/finding-or-locating-the-phone-in-case-of-loss-or-erasing-data-of-the-lost-device\/#breadcrumb"},"inLanguage":"kmr","potentialAction":[{"@type":"ReadAction","target":["https:\/\/scm.bz\/kmr\/finding-or-locating-the-phone-in-case-of-loss-or-erasing-data-of-the-lost-device\/"]}]},{"@type":"ImageObject","inLanguage":"kmr","@id":"https:\/\/scm.bz\/kmr\/finding-or-locating-the-phone-in-case-of-loss-or-erasing-data-of-the-lost-device\/#primaryimage","url":"https:\/\/scm.bz\/wp-content\/uploads\/2020\/04\/RSF_Header_16_KU.png","contentUrl":"https:\/\/scm.bz\/wp-content\/uploads\/2020\/04\/RSF_Header_16_KU.png","width":1920,"height":1080},{"@type":"BreadcrumbList","@id":"https:\/\/scm.bz\/kmr\/finding-or-locating-the-phone-in-case-of-loss-or-erasing-data-of-the-lost-device\/#breadcrumb","itemListElement":[{"@type":"ListItem","position":1,"name":"Home","item":"https:\/\/scm.bz\/kmr\/"},{"@type":"ListItem","position":2,"name":"D\u00eetin an destn\u00ee\u015fankirina cih\u00ea telefon\u00ea dema ku winda dibe an j\u00eabirina agah\u00eeyan ji ser telefona winda"}]},{"@type":"WebSite","@id":"https:\/\/scm.bz\/#website","url":"https:\/\/scm.bz\/","name":"\u0627\u0644\u0645\u0631\u0643\u0632 \u0627\u0644\u0633\u0648\u0631\u064a \u0644\u0644\u0625\u0639\u0644\u0627\u0645 \u0648\u062d\u0631\u064a\u0629 \u0627\u0644\u062a\u0639\u0628\u064a\u0631 Syrian Center for Media and Freedom of Expression","description":"","publisher":{"@id":"https:\/\/scm.bz\/#organization"},"potentialAction":[{"@type":"SearchAction","target":{"@type":"EntryPoint","urlTemplate":"https:\/\/scm.bz\/?s={search_term_string}"},"query-input":{"@type":"PropertyValueSpecification","valueRequired":true,"valueName":"search_term_string"}}],"inLanguage":"kmr"},{"@type":"Organization","@id":"https:\/\/scm.bz\/#organization","name":"\u0627\u0644\u0645\u0631\u0643\u0632 \u0627\u0644\u0633\u0648\u0631\u064a \u0644\u0644\u0625\u0639\u0644\u0627\u0645 \u0648\u062d\u0631\u064a\u0629 \u0627\u0644\u062a\u0639\u0628\u064a\u0631 Syrian Center for Media and Freedom of Expression","url":"https:\/\/scm.bz\/","logo":{"@type":"ImageObject","inLanguage":"kmr","@id":"https:\/\/scm.bz\/#\/schema\/logo\/image\/","url":"http:\/\/scm.bz\/wp-content\/uploads\/2021\/01\/SCM-logo-1-with-Clear-Space-1-2.png","contentUrl":"http:\/\/scm.bz\/wp-content\/uploads\/2021\/01\/SCM-logo-1-with-Clear-Space-1-2.png","width":1450,"height":1450,"caption":"\u0627\u0644\u0645\u0631\u0643\u0632 \u0627\u0644\u0633\u0648\u0631\u064a \u0644\u0644\u0625\u0639\u0644\u0627\u0645 \u0648\u062d\u0631\u064a\u0629 \u0627\u0644\u062a\u0639\u0628\u064a\u0631 Syrian Center for Media and Freedom of Expression"},"image":{"@id":"https:\/\/scm.bz\/#\/schema\/logo\/image\/"},"sameAs":["https:\/\/www.facebook.com\/scm.center","https:\/\/x.com\/SyrianCenter"]},{"@type":"Person","@id":"https:\/\/scm.bz\/#\/schema\/person\/d116d4c43d9f3d4fe4b61619e91ead45","name":"scmadmin","image":{"@type":"ImageObject","inLanguage":"kmr","@id":"https:\/\/scm.bz\/#\/schema\/person\/image\/","url":"https:\/\/secure.gravatar.com\/avatar\/8cb2b559549de2ba5e28f5d26e15c8f315b5dd63c953e348e6769ae2e88e3cdc?s=96&d=blank&r=g","contentUrl":"https:\/\/secure.gravatar.com\/avatar\/8cb2b559549de2ba5e28f5d26e15c8f315b5dd63c953e348e6769ae2e88e3cdc?s=96&d=blank&r=g","caption":"scmadmin"},"url":"https:\/\/scm.bz\/kmr\/author\/scmadmin\/"}]}},"_links":{"self":[{"href":"https:\/\/scm.bz\/kmr\/wp-json\/wp\/v2\/posts\/190836","targetHints":{"allow":["GET"]}}],"collection":[{"href":"https:\/\/scm.bz\/kmr\/wp-json\/wp\/v2\/posts"}],"about":[{"href":"https:\/\/scm.bz\/kmr\/wp-json\/wp\/v2\/types\/post"}],"author":[{"embeddable":true,"href":"https:\/\/scm.bz\/kmr\/wp-json\/wp\/v2\/users\/24"}],"replies":[{"embeddable":true,"href":"https:\/\/scm.bz\/kmr\/wp-json\/wp\/v2\/comments?post=190836"}],"version-history":[{"count":0,"href":"https:\/\/scm.bz\/kmr\/wp-json\/wp\/v2\/posts\/190836\/revisions"}],"wp:featuredmedia":[{"embeddable":true,"href":"https:\/\/scm.bz\/kmr\/wp-json\/wp\/v2\/media\/190824"}],"wp:attachment":[{"href":"https:\/\/scm.bz\/kmr\/wp-json\/wp\/v2\/media?parent=190836"}],"wp:term":[{"taxonomy":"category","embeddable":true,"href":"https:\/\/scm.bz\/kmr\/wp-json\/wp\/v2\/categories?post=190836"},{"taxonomy":"post_tag","embeddable":true,"href":"https:\/\/scm.bz\/kmr\/wp-json\/wp\/v2\/tags?post=190836"}],"curies":[{"name":"wp","href":"https:\/\/api.w.org\/{rel}","templated":true}]}}