{"id":189806,"date":"2019-11-21T01:10:58","date_gmt":"2019-11-20T23:10:58","guid":{"rendered":"https:\/\/scm.bz?p=189806"},"modified":"2019-11-21T12:26:28","modified_gmt":"2019-11-21T10:26:28","slug":"fidh-resolution","status":"publish","type":"post","link":"https:\/\/scm.bz\/kmr\/fidh-resolution\/","title":{"rendered":"Federasyona Navdewlet\u00ee ya Maf\u00ean Mirovan \u2013 Biryarek der bar\u00ea \u00ear\u00ee\u015f\u00ean berdewam li S\u00fbr\u00eeya \u00fb T\u00fbrk\u00eeyay\u00ea"},"content":{"rendered":"<p>Federasyona Navdewlet\u00ee ya Maf\u00ean Mirovan \u2013 Biryarek der bar\u00ea \u00ear\u00ee\u015f\u00ean berdewam li S\u00fbr\u00eeya \u00fb T\u00fbrk\u00eeyay\u00ea<\/p>\n<p><strong>Biryarek der bar\u00ea \u00ear\u00ee\u015f\u00ean berdewam li S\u00fbr\u00eeya \u00fb T\u00fbrk\u00eeyay\u00ea<\/strong><\/p>\n<p><strong>Federasyona Navdewlet\u00ee ya Maf\u00ean Mirovan \u2013 FIDH \u2013 di kongra 40m\u00een de li<\/strong><strong> Taipei, Taiwan\u00ea:<\/strong><\/p>\n<p><strong>Li gor <\/strong>p\u00ea\u015fve\u00e7\u00fbn\u00ean daw\u00ee li bakur\u00ea S\u00fbr\u00eeyay\u00ea, nemaze \u00ear\u00ee\u015fa le\u015fker\u00ee a hik\u00fbmeta Turk\u00eeyay\u00ea li ser her\u00eam\u00ean Kurdan li S\u00fbr\u00eeyay\u00ea;<\/p>\n<p><strong>Li gor <\/strong>biryara serok\u00ea Amer\u00eekay\u00ea Donald Trump, der bar\u00ea ki\u015fandina h\u00eaz\u00ean Amer\u00eek\u00ee ji S\u00fbr\u00eeyay\u00ea, ku serok\u00ea Turk\u00eeyay\u00ea Receb Teyib Erdogan ev yek weke derfeteka \u00ear\u00ee\u015f\u00ean le\u015fker\u00ee li S\u00fbr\u00eeyay\u00ea d\u00eet;<\/p>\n<p><strong>\u00db ji ber ku<\/strong> ji destp\u00eaka operasyona bi nave \u00abKan\u00eeya A\u015ft\u00eey\u00ea\u00bb ve, di 9\u00ea cotmeh\u00ea de, bi dehhezaran siv\u00eel ji mal\u00ean xwe reviyan \u00fb ku\u015ftina b\u00eahtir\u00ee 60 welat\u00eey\u00ean siv\u00eel di w\u00ea roj\u00ea ji al\u00eey\u00ea Navenda Bibelgekirina Binp\u00eakirina de, hate bibelgekirin,<\/p>\n<p><strong>Di heman dem\u00ea<\/strong> de, Turk\u00eeya \u00fb m\u00eel\u00eetan\u00ean bi ser ve b\u00eahtir\u00ee 65 avah\u00ee \u00fb dever\u00ean siv\u00eelan armanc girtine;<\/p>\n<p><strong>\u00db armanc<\/strong> ji \u00ear\u00ee\u015fan, li gor Turk\u00eeyay\u00ea, girtina r\u00eaya teror\u00ea li dij\u00ee Turk\u00eeyay\u00ea bi r\u00eaya qedexekirina avakirina \u00abkor\u00eedoreka teror\u00ea\u00bb li ser s\u00eenor\u00ea w\u00ea y\u00ea ba\u015f\u00fbr\u00ee \u00fb avakirina \u00abDevereka Ewle\u00bb \u00fb h\u00easankirina vegera ko\u00e7ber\u00ean ku li Turk\u00eeyay\u00ea dij\u00een.<\/p>\n<p>Turk\u00eeyay\u00ea dest bi kontrolkirina her\u00eam\u00ea kir, dema ku operasyoneka le\u015fker\u00ee li ser her\u00eam\u00ean Cerblus \u00fb Ezaz\u00ea dest p\u00ea kir, di tebaxa 2016an de;<\/p>\n<p>\u00db \u00ear\u00ee\u015f\u00ean Turk\u00eeyay\u00ea y\u00ean le\u015fker\u00ee li ser Efr\u00een\u00ea, ku di r\u00eabendana 2018an de, dest p\u00ea kirib, b\u00fbn sedema ko\u00e7ber\u00eeya bi hezaran li gel hejmareka mezin a binp\u00eakirinan, ji nav wan j\u00ee ku\u015ftin \u00fb bidarvekirina xelk\u00ean her\u00eam\u00ea, girtina keyf\u00ee, windakirina bine\u00e7ar\u00ee \u00fb diz\u00eeya milk \u00fb samanan;<\/p>\n<p><strong>Di heman dem\u00ea<\/strong> de, Turk\u00eeya heb\u00fbna xwe ya le\u015fker\u00ee li \u00cadlib\u00ea, di \u00e7ar\u00e7oveya lihevkirina bi R\u00fbsya \u00fb \u00ceran\u00ea re, dipar\u00eaze.<\/p>\n<p><strong>T\u00fbrk\u00eeya \u00eed\u00eea dike<\/strong> ku ew bi awayek\u00ee demk\u00ee li bakur\u00ea S\u00fbr\u00eeyay\u00ea demk\u00ee ye, l\u00ea berpirs\u00ean bir\u00eavebirina her\u00eam\u00ean kontrolkir\u00ee dan\u00eene, of\u00ees\u00ean navxwey\u00ee bo dezgeh\u00ean hik\u00fbm\u00ee vekir\u00eeye \u00fb ragiahandin ku zan\u00eengeha Gaz\u00ee \u00centap\u00ea d\u00ea s\u00ea fakultey\u00ean xwe li her\u00eam\u00ea veke, n\u00ee\u015fana pilaneka strat\u00eec\u00eek a demdir\u00eaj e ji h\u00eala hik\u00fbmeta Turk\u00eeyay\u00ea bo may\u00eena li her\u00eam\u00ea;<\/p>\n<p><strong>Di heman\u00ea dem\u00ea<\/strong> de, pilana jin\u00fbbicihkirina du melyon ko\u00e7ber\u00ean ku nuha li Turk\u00eeyay\u00ea dij\u00een, piran\u00ee Ereb in, li \u00abDevera Ewle\u00bb ku 20 m\u00eel (32 km) di hundir\u00ea S\u00fbr\u00eeyay\u00ea de ye \u00fb di bin dest\u00ea H\u00eaz\u00ean S\u00fbr\u00eeyaya Demokrat\u00eek de ye, hewldaneka guhertina demograf\u00eeya navxwey\u00ee ye.<\/p>\n<p><strong>Her weha,<\/strong> 12.000 \u00e7ekdar\u00ean DAI\u015e\u00ea di zindan\u00ean demk\u00ee y\u00ean H\u00eaz\u00ean S\u00fbr\u00eeyaya Demokrat\u00eek de ne \u00fb 70.000 jin \u00fb zarok ku gir\u00eadana wan bi DAI\u015e\u00ea heye li kampan girt\u00ee ne.<\/p>\n<p><strong>Li gel ku<\/strong> bi sedan kes\u00ean ku gir\u00eadana wan bi gr\u00fbpa terrorist ve heye, ji kampa Eyn \u00cesay\u00ea, li bakurrojhilat\u00ea S\u00fbr\u00eeyay\u00ea, reviyane, her weha hin \u00e7ekdar\u00ean DAI\u015e\u00ea ji girt\u00eegehan reviyane, li gor berpirs\u00ean Kurd.<\/p>\n<p>Metirs\u00ee heye ku \u00ear\u00ee\u015f\u00ean Turk\u00eeyay\u00ea r\u00ea bidin vegera DAI\u015e\u00ea li S\u00fbr\u00eeyay\u00ea \u00fb di heman dem\u00ea de hejmareke mezin a ko\u00e7ber \u00fb qurban\u00eey\u00ean siv\u00eel encamp bide;<\/p>\n<p><strong>Her weha <\/strong>tirs ji w\u00ea yek\u00ea heye ku h\u00eaz\u00ean r\u00eaj\u00eema S\u00fbr\u00eeyay\u00ee binp\u00eakirin\u00ean maf\u00ean mirovan bi cih b\u00eenin \u00fb dijber\u00ean li her\u00eam\u00ea bigire, li gel p\u00ea\u015fve\u00e7\u00fbn \u00fb destdan\u00eena ser her\u00eaman b\u00ea \u015fer, m\u00eena Til Temir, Tebqe \u00fb Eyn \u00cesa;<\/p>\n<p><strong>Di heman dem\u00ea<\/strong> de, H\u00eaz\u00ean \u00c7ekdar \u00ean Turk \u00fb al\u00eegir\u00ean w\u00ea li bakur\u00ea S\u00fbr\u00eeyay\u00ea, binp\u00eakirin\u00ean maf\u00ean mirovan \u00fb qan\u00fbna mirov\u00ee li S\u00fbr\u00eeyay\u00ea bi cih an\u00eene, ji \u00e7axa ku dest bi \u00ear\u00ee\u015fan kirine, hin ji wan j\u00ee digih\u00ean asta tawan\u00ean ceng\u00ea;<\/p>\n<p>Turk\u00eeya dikare rah\u00eaje berpirsyar\u00eet\u00eeya binp\u00eakirin\u00ean h\u00eaz\u00ean \u00e7ekdar \u00ean bi ser w\u00ea ve, weke dewlet, ji ber ku ew wan kom\u00ean \u00e7ekdar an wan operasyon\u00ean li ser erd\u00ea ku binp\u00eakirin di wan de hetine kirin, bi r\u00ea ve dibe, li gor of\u00eesa kom\u00eeser\u00ea bala y\u00ea maf\u00ean mirovan \u00ea gir\u00eaday\u00ee Netewey\u00ean Yekb\u00fby\u00ee.<\/p>\n<p>Hin \u00e7avd\u00ear, ji ber dijminah\u00eeya d\u00eerok\u00ee a demdir\u00eaj di nav Turk\u00eeyay\u00ea \u00fb Kurdan de, ditirsin ku ev binp\u00eakirina bigih\u00eajin asta paqijkirina nijad\u00ee bo Kurd\u00ean li bakur\u00ea S\u00fbr\u00eeyay\u00ea;<\/p>\n<p><strong>Di heman dem\u00ea<\/strong> de, li Turk\u00eetyay\u00ea operasyon li dij\u00ee dijber\u00ean operasyona Turk\u00eeyay\u00ea li ser S\u00fbr\u00eeyay\u00ea t\u00eane me\u015fandin;<\/p>\n<p>Wez\u00eer\u00ea Dad\u00ea y\u00ea Turk\u00eeyay\u00ea, Ebdilhem\u00eed Gol, di 11\u00ea cotmeha 2019an de ragihand ku tedb\u00eer\u00ean qan\u00fbn\u00ee der heq\u00ea 500 kesan b\u00ean stendin, ji ber ku \u00ear\u00ee\u015f\u00ean le\u015fker\u00ee y\u00ean Turk\u00eeyay\u00ea li ser medyay\u00ea civak\u00ee bi dag\u00eerkirin bi nav kirin, \u00fb bi rast\u00ee j\u00ee 121 ji wan ketin dest\u00ea pol\u00ees\u00ea de \u00fb armanckirina wan berdewam e;<\/p>\n<p><strong>Ji al\u00eeyek\u00ee din ve<\/strong>, l\u00eapirs\u00een li gel s\u00ea kesan ji berpirs\u00ean Part\u00eeya Gelan a Demokrat\u00eek hate kirin \u00fb du serok\u00ean part\u00eey\u00ea \u00fb c\u00eegirek\u00ee Part\u00eeya Gelan a Cemh\u00fbr\u00ee, bi tometa \u00abpropagandeya teror\u00ea\u00bb \u00fb \u00abpi\u00e7\u00fbkxistina hik\u00fbmeta Turk\u00eeyay\u00ea\u00bb ji ber ku rexney\u00ean xwe bo operasyona le\u015fker\u00ee n\u00ee\u015fan dan;<\/p>\n<p>Li seranser\u00ee Turk\u00eeyay\u00ea, xwep\u00ea\u015fandan hatin qedexekirin \u00fb kes\u00ean derketib\u00fbn rast\u00ee karvedan\u00ean tund \u00ean pol\u00ees\u00ea hatin \u00fb tedb\u00eer der haq\u00ea wan de hatin stendin;<\/p>\n<p><strong>Di heman dem\u00ea<\/strong> de, ji \u00e7axa b\u00fbyer\u00ean rakirina hik\u00fbmet\u00ea y\u00ean t\u00eak\u00e7\u00fby\u00ee di sala 2016an de, rew\u015fa serwer\u00eeya qan\u00fbn\u00ea \u00fb maf\u00ean mirovan xirab e, nemaze maf\u00ea be\u015fdar\u00eeya siyas\u00ee, azad\u00eeya derbir\u00een\u00ea, maf\u00ea komb\u00fby\u00een\u00ea \u00fb avakirina komeleyan \u00fb rizgar\u00eeya ji \u00ee\u015fkencekirin\u00ea,di heman dem\u00ea de rola civaka siv\u00eel qels b\u00fbye, \u00fb berevanker\u00ean maf\u00ean mirovan hatine armanckirin, ev yek j\u00ee di \u00e7ar\u00e7oveya rew\u015fa awarte ya ragihand\u00ee de ye, ku di nav t\u00eermeha 2016an \u00fb t\u00eermeha 2018an de b\u00fb, ku naveroka w\u00ea ya sereke pa\u015f\u00ea b\u00fb naveroka qan\u00fbneka normal, do encam\u00ea de biryar\u00ean qan\u00fbn\u00ee, siyas\u00ee y\u00ean cewher\u00ee ku kar\u00ea maf\u00ean mirovan s\u00eenor dike, bi h\u00easan\u00ee hatin stendin, ev biryar y\u00ean dest\u00fbr\u00ee j\u00ee li xwe digire ku desthilatdar\u00eeya c\u00eebic\u00eekar\u00eey\u00ea ya serok \u00e7esipand \u00fb r\u00eaya zordest\u00eey\u00ea vekir.<\/p>\n<p>Hik\u00fbmeta Turk\u00eeyay\u00ea di d\u00eetina \u00e7areyeka a\u015ft\u00eeyane ya demdir\u00eaj bo doza Kurd\u00ee de t\u00eak \u00e7\u00fb, \u00fb li \u015f\u00fbna d\u00eetina \u00e7arey\u00ea, w\u00ea Kurd armanc kirin bi behaneya ku gef\u00ea li siyaseta w\u00ea ya ewlekar\u00eey\u00ea dixwin, v\u00ea yek\u00ea di encam\u00ea de, rola maf\u00ean mirovan qels kir;<\/p>\n<p><strong>Di heman dem\u00ea<\/strong> de, rew\u015f li ba\u015f\u00fbrrojhilat\u00ea Turk\u00eeyay\u00ea, ku piran\u00eeya ni\u015ftecihan Kurd in, zehmet b\u00fb, \u00fb gelek binp\u00eakirin\u00ean maf\u00ean mirovan li w\u00ea her\u00eam\u00ea, di her s\u00ea sal\u00ean bor\u00ee de, hatin bicihan\u00een. Di encama binp\u00eakirinan de, gelek siv\u00eelan j\u00eeyana xwe ji dest dan, \u00e7avd\u00ear gihan encama ku \u015ferek\u00ee \u00e7ekdar\u00ee y\u00ea hundir\u00een heye;<\/p>\n<p>Yek\u00eet\u00eeya Ewropay\u00ea di adara 2016an de, r\u00eakeftinek li gel Turk\u00eeyay\u00ea \u00eemze kir, di encam\u00ea de ko\u00e7ber \u00fb kes\u00ean ku daxwaza ko\u00e7ber\u00eey\u00ea dikin, nemaze y\u00ean ku ji S\u00fbr\u00eeyay\u00ea reviyane, b\u00fbn berpirsyar\u00eet\u00eeya hik\u00fbmeta Turk\u00eeyay\u00ea yak u divabe neh\u00eale ew derbas\u00ee Ewropay\u00ea bibin, b\u00eay\u00ee guhdana bi rew\u015fa xirab a maf\u00ean mirovan li Turk\u00eeyay\u00ea \u00fb neb\u00fbna s\u00eestemeka ko\u00e7ber\u00eey\u00ea li gor p\u00eevan\u00ean navdewelt\u00ee y\u00ean maf\u00ean mirovan \u00fb ko\u00e7beran;<\/p>\n<p><strong>Di heman dem\u00ea<\/strong> de, Yek\u00eet\u00eeya Ewropay\u00ea ji \u00e7axa dan\u00eena r\u00eakeftin\u00ea tu rexney\u00ean xwe y\u00ean e\u015fkere bo Turk\u00eeyay\u00ea nedidan p\u00ea\u015f, ji tirsa ku Turk\u00ee r\u00eakeftin\u00ea betal bike.<\/p>\n<p><strong>Ji lew re, Federasyona Navdewlet\u00ee ya Maf\u00ean Mirovan di kongra xwe ya 40m\u00een de ku li Taipei, Taiwan li dar ket:<\/strong><\/p>\n<p><strong>Dib\u00eene ku <\/strong>destwerdan\u00ean Turk\u00eeyay\u00ea y\u00ean le\u015fker\u00ee li S\u00fbr\u00eeyay\u00ea bikaran\u00eeneka ne qan\u00fbn\u00ee ya saxlem\u00eeya her\u00eam\u00ee \u00fb serxweb\u00fbna siyas\u00ee ye bo dewleteka xwed\u00ee serwer\u00ee \u00fb binp\u00eakirinek e bo madeya 2yem di belgenameya Netewey\u00ean Yekb\u00fby\u00ee de;<\/p>\n<p><strong>Dib\u00eene ku <\/strong>awarekirina bine\u00e7ar\u00ee a siv\u00eelan digih\u00ea asta tawan\u00ean navdewlt\u00ee, her weha tawan\u00ean ceng\u00ea \u00fb y\u00ean dij\u00ee mirovah\u00eey\u00ea.<\/p>\n<p>Turk\u00eeyay\u00ea \u00fb hem\u00fb al\u00eey\u00ean \u015fer, r\u00eaj\u00eema S\u00fbr\u00eeyay\u00ee j\u00ee ji nav, <strong>hi\u015fyar dike <\/strong>k utu kiryar\u00ean ziyan\u00ea digih\u00eenin siv\u00eelan nekin \u00fb dijat\u00eeya hem\u00fb binp\u00eakirin\u00ean maf\u00ean mirovan\u00a0 \u00fb qan\u00fbna navdewlet\u00ee ya mirov\u00ee dike;<\/p>\n<p><strong>Tirsa xwe n\u00ee\u015fan dide, <\/strong>ji egera vegera DAI\u015e\u00ea ji ber destwerdana Turk\u00eeyay\u00ea ya le\u015fker\u00ee, di heman dem\u00ea de ev \u00ear\u00ee\u015f d\u00ea bibe sedema ku\u015ftina hejmareka mezin a qurban\u00eey\u00ea siv\u00eel li gel bicihan\u00eena binp\u00eakirin\u00ean metirs\u00eedar \u00ean maf\u00ean mirovan, her weha ko\u00e7ber\u00ee d\u00ea bibe sedema paqijkirina nijad\u00ee \u00fb\/ an guhertina demograf\u00eek;<\/p>\n<p><strong>Mixabin\u00eeya xwe n\u00ee\u015fan dide, <\/strong>ji ber ku destwerdana le\u015fker\u00ee ya Turk\u00ee ji h\u00eala Hik\u00fbmeta Turk\u00eeyay\u00ea ve, weke behaneya \u00e7ewsandina dijmin\u00ean xwe y\u00ean siyas\u00ee \u00fb rexnegiran bi kar an\u00ee, nezame di nav ni\u015ftecih\u00ean Kurd de, dibe ku ev yek bigih\u00ea asta tunekirina opozisyona Kurd\u00ee li Turk\u00eeyay\u00ea;<\/p>\n<p><strong>Mixabin\u00eeya xwe \u00fb tirsa xwe n\u00ee\u015fan dide<\/strong> ji ber asta tund\u00eey\u00ea ya bilind di operasyona le\u015fker\u00ee ya Turk\u00ee de li bakur\u00ea S\u00fbr\u00eeyay\u00ea, \u00fb belavb\u00fbna nearam\u00eeya ji ber destwerdana le\u015fker\u00ee, yak u siv\u00eel nirx\u00ea w\u00ea didin.<\/p>\n<p><strong>Ji Turk\u00eeyay\u00ea dixwaze ku:<\/strong><\/p>\n<ul>\n<li>Tavil\u00ea \u00ear\u00ee\u015f\u00ean le\u015fker\u00ee li S\u00fbr\u00eeyay\u00ea rawest\u00eene \u00fb agirbest\u00ea b\u00ea dereng\u00ee ragih\u00eene;<\/li>\n<li>R\u00eazdar\u00eeya li qan\u00fbna navdewlet\u00ee \u00fb qan\u00fbna navdewlet\u00ee ya mirov\u00ee garant\u00ee bike, nemaze pabend\u00eey\u00ea lihevkirina Cin\u00eav\u00ea ya 1949an, d\u00fbrketina ji kiryar\u00ean ku asta tund\u00eey\u00ea \u00fb binp\u00eakirin\u00ean maf\u00ean mirovan bilind dikin, \u00fb d\u00fbrketina ji \u00ear\u00ee\u015f\u00ean ketober li ser ni\u015ftecih\u00ean siv\u00eel \u00fb ku\u015ftina keyf\u00ee \u00fb binp\u00eakirina tu qan\u00fbneka mirov\u00ee a din an binp\u00eakirin\u00ean maf\u00ean mirovan \u00ean ku digih\u00ean asta tawan\u00ean ceng\u00ea;<\/li>\n<li>S\u00eenorkirina reva ji sezay\u00ea bi r\u00eaya l\u00eapirs\u00een\u00ean \u00e7alak di \u00eed\u00eeay\u00ean binp\u00eakirin\u00ean qan\u00fbna navdewlet\u00ee ya maf\u00ean mirovan \u00fb qan\u00fbna mirov\u00ee ya navdewlet\u00ea, li gel rew\u015f\u00ean windakirina bi ne\u00e7ar\u00ee, ku\u015ftina keyf\u00ee \u00fb \u00ee\u015fkencekirin\u00ea y\u00ean ku ji h\u00eala xebatkar\u00ean dewlet\u00ea an al\u00eegir\u00ean wan hatine kirin;<\/li>\n<li>Stendina tedb\u00eer\u00ean gerek ji bo d\u00fbrketina ji destwerdan\u00ea di \u015fer\u00ean navxwey\u00ee y\u00ean b\u00ea de li S\u00fbr\u00eeyay\u00ea \u00fb garant\u00eekirina r\u00eazdar\u00eeya li maf\u00ea gel\u00ea S\u00fbr\u00eeyay\u00ea di destn\u00ee\u015fankirina \u00e7aren\u00fbsa xwe de, her weha maf\u00ea gel\u00ea Kurd di avakirina R\u00eaveber\u00eeyeka Xweser a navxwey\u00ee li her\u00eama Rojava li gel civak\u00ean din;<\/li>\n<li>Dan\u00eena s\u00eenorek\u00ee bo kampan\u00eeya dijat\u00eeya opozisyon\u00ea \u00fb \u00e7alak\u00ean maf\u00ean mirovan li Turk\u00eeyay\u00ea, opozisyona Kurd\u00ee j\u00ee ji nav wan; serbestkirin \u00fb hilan\u00eena tometan ji ser kes\u00ean ku ji ber ner\u00een\u00ean xwe hatine girtin, ji nav wan j\u00ee kes\u00ean ku ner\u00een\u00ean wan ne weke y\u00ean hik\u00fbmet\u00ea ne, an y\u00ean ku ji ber berevan\u00eeya di ber maf\u00ean mirovan de hatine girtin. Vegerandina serwer\u00eeya qan\u00fbn\u00ea, maf\u00ean mirovan \u00fb maf\u00ean sereke li Turk\u00eeyay\u00ea \u00fb stendina tedb\u00eer\u00ean p\u00eaw\u00eest bo avakirina dan\u00fbstendineka siyas\u00ee li gel opozisyona Turk\u00ee \u00fb avakirina p\u00eavajoyeka a\u015ft\u00eey\u00ea ya rast\u00een.<\/li>\n<\/ul>\n<p><strong>Ji R\u00eaj\u00eema S\u00fbr\u00eeyay\u00ea \u00fb al\u00eey\u00ean din \u00eam \u015fer li S\u00fbr\u00eeyay\u00ea dixwaze:<\/strong><\/p>\n<ul>\n<li>Girtina r\u00eazdar\u00eey\u00ea li qan\u00fbna navdewlet\u00ee ya maf\u00ean mirovan p qan\u00fbna mirov\u00ee ya navdewlet\u00ee, nemaze dprketina ji bombebarana ketober bo her\u00eam\u00ean siv\u00eelan ku qurban\u00eey\u00ean siv\u00eel \u00fb awareyan encamp dide.<\/li>\n<\/ul>\n<p><strong>Ji Civaka Navdewlet\u00ee dixwaze:<\/strong><\/p>\n<ul>\n<li>\u00c7alakkirina xebat\u00ean giha\u015ftina bo \u00e7areyeka siyas\u00ee bo bidaw\u00eean\u00eena \u015fer \u00fb azar\u00ean siv\u00eelan li S\u00fbr\u00eeyay\u00ea;<\/li>\n<li>Xebat\u00ean cid\u00ee ji bo bidaw\u00eekirina reva ji sezay\u00ea di war\u00ea binp\u00eakirin\u00ean ku siv\u00eelan armanc dikirin li S\u00fbr\u00eeyay\u00ea;<\/li>\n<\/ul>\n<p><strong>Ji Yek\u00eet\u00eeya Ewropay\u00ea \u00fb dewlet\u00ean endam dixwaze:<\/strong><\/p>\n<ul>\n<li>Xwe li ber gef\u00ean hik\u00fbmeta Turk\u00eeyay\u00ea y\u00ean betalkirina r\u00eakeftina di nav wan de der bar\u00ea ko\u00e7ber\u00eey\u00ea de netew\u00eene, \u00fb lixwegirtina bersivday\u00eeneka \u00e7alak li gor prens\u00eep\u00ean Yek\u00eet\u00eey\u00ea y\u00ean sereke di war\u00ea r\u00eazdar\u00eeya demokras\u00eey\u00ea, serwer\u00eeya qan\u00fbn\u00ea \u00fb maf\u00ean mirovan li gor madeya 21\u00ea.<\/li>\n<\/ul>\n<p>&nbsp;<\/p>\n","protected":false},"excerpt":{"rendered":"<p>Federasyona Navdewlet\u00ee ya Maf\u00ean Mirovan \u2013 Biryarek der bar\u00ea \u00ear\u00ee\u015f\u00ean berdewam li S\u00fbr\u00eeya \u00fb T\u00fbrk\u00eeyay\u00ea Biryarek der bar\u00ea \u00ear\u00ee\u015f\u00ean berdewam li S\u00fbr\u00eeya \u00fb T\u00fbrk\u00eeyay\u00ea Federasyona Navdewlet\u00ee ya Maf\u00ean Mirovan \u2013 FIDH \u2013 di kongra 40m\u00een de li Taipei, Taiwan\u00ea: Li gor p\u00ea\u015fve\u00e7\u00fbn\u00ean daw\u00ee li bakur\u00ea S\u00fbr\u00eeyay\u00ea, nemaze \u00ear\u00ee\u015fa le\u015fker\u00ee a hik\u00fbmeta Turk\u00eeyay\u00ea li ser her\u00eam\u00ean [&hellip;]<\/p>\n","protected":false},"author":24,"featured_media":189833,"comment_status":"closed","ping_status":"open","sticky":false,"template":"","format":"standard","meta":{"_acf_changed":false,"footnotes":""},"categories":[328,369],"tags":[],"class_list":["post-189806","post","type-post","status-publish","format-standard","has-post-thumbnail","hentry","category-statements-kmr","category-rotator-kmr","post-wrapper"],"acf":[],"yoast_head":"<!-- This site is optimized with the Yoast SEO Premium plugin v20.6 (Yoast SEO v26.5) - https:\/\/yoast.com\/wordpress\/plugins\/seo\/ -->\n<title>Federasyona Navdewlet\u00ee ya Maf\u00ean Mirovan \u2013 Biryarek der bar\u00ea \u00ear\u00ee\u015f\u00ean berdewam li S\u00fbr\u00eeya \u00fb T\u00fbrk\u00eeyay\u00ea - \u0627\u0644\u0645\u0631\u0643\u0632 \u0627\u0644\u0633\u0648\u0631\u064a \u0644\u0644\u0625\u0639\u0644\u0627\u0645 \u0648\u062d\u0631\u064a\u0629 \u0627\u0644\u062a\u0639\u0628\u064a\u0631 Syrian Center for Media and Freedom of Expression<\/title>\n<meta name=\"description\" content=\"%\" \/>\n<meta name=\"robots\" content=\"index, follow, max-snippet:-1, max-image-preview:large, max-video-preview:-1\" \/>\n<link rel=\"canonical\" href=\"https:\/\/scm.bz\/kmr\/fidh-resolution\/\" \/>\n<meta property=\"og:locale\" content=\"en_US\" \/>\n<meta property=\"og:type\" content=\"article\" \/>\n<meta property=\"og:title\" content=\"Federasyona Navdewlet\u00ee ya Maf\u00ean Mirovan \u2013 Biryarek der bar\u00ea \u00ear\u00ee\u015f\u00ean berdewam li S\u00fbr\u00eeya \u00fb T\u00fbrk\u00eeyay\u00ea\" \/>\n<meta property=\"og:description\" content=\"%\" \/>\n<meta property=\"og:url\" content=\"https:\/\/scm.bz\/kmr\/fidh-resolution\/\" \/>\n<meta property=\"og:site_name\" content=\"\u0627\u0644\u0645\u0631\u0643\u0632 \u0627\u0644\u0633\u0648\u0631\u064a \u0644\u0644\u0625\u0639\u0644\u0627\u0645 \u0648\u062d\u0631\u064a\u0629 \u0627\u0644\u062a\u0639\u0628\u064a\u0631 Syrian Center for Media and Freedom of Expression\" \/>\n<meta property=\"article:publisher\" content=\"https:\/\/www.facebook.com\/scm.center\" \/>\n<meta property=\"article:published_time\" content=\"2019-11-20T23:10:58+00:00\" \/>\n<meta property=\"article:modified_time\" content=\"2019-11-21T10:26:28+00:00\" \/>\n<meta property=\"og:image\" content=\"http:\/\/scm.bz\/wp-content\/uploads\/2019\/11\/SCM_Fidh-1-1.png\" \/>\n\t<meta property=\"og:image:width\" content=\"1200\" \/>\n\t<meta property=\"og:image:height\" content=\"675\" \/>\n\t<meta property=\"og:image:type\" content=\"image\/png\" \/>\n<meta name=\"author\" content=\"scmadmin\" \/>\n<meta name=\"twitter:card\" content=\"summary_large_image\" \/>\n<meta name=\"twitter:creator\" content=\"@SyrianCenter\" \/>\n<meta name=\"twitter:site\" content=\"@SyrianCenter\" \/>\n<meta name=\"twitter:label1\" content=\"Written by\" \/>\n\t<meta name=\"twitter:data1\" content=\"scmadmin\" \/>\n\t<meta name=\"twitter:label2\" content=\"Est. reading time\" \/>\n\t<meta name=\"twitter:data2\" content=\"11 minutes\" \/>\n<script type=\"application\/ld+json\" class=\"yoast-schema-graph\">{\"@context\":\"https:\/\/schema.org\",\"@graph\":[{\"@type\":\"Article\",\"@id\":\"https:\/\/scm.bz\/kmr\/fidh-resolution\/#article\",\"isPartOf\":{\"@id\":\"https:\/\/scm.bz\/kmr\/fidh-resolution\/\"},\"author\":{\"name\":\"scmadmin\",\"@id\":\"https:\/\/scm.bz\/#\/schema\/person\/d116d4c43d9f3d4fe4b61619e91ead45\"},\"headline\":\"Federasyona Navdewlet\u00ee ya Maf\u00ean Mirovan \u2013 Biryarek der bar\u00ea \u00ear\u00ee\u015f\u00ean berdewam li S\u00fbr\u00eeya \u00fb T\u00fbrk\u00eeyay\u00ea\",\"datePublished\":\"2019-11-20T23:10:58+00:00\",\"dateModified\":\"2019-11-21T10:26:28+00:00\",\"mainEntityOfPage\":{\"@id\":\"https:\/\/scm.bz\/kmr\/fidh-resolution\/\"},\"wordCount\":2186,\"publisher\":{\"@id\":\"https:\/\/scm.bz\/#organization\"},\"image\":{\"@id\":\"https:\/\/scm.bz\/kmr\/fidh-resolution\/#primaryimage\"},\"thumbnailUrl\":\"https:\/\/scm.bz\/wp-content\/uploads\/2019\/11\/SCM_Fidh-1-1.png\",\"articleSection\":[\"Beyannamey\u00ean SCM\u00ea\",\"Rotator\"],\"inLanguage\":\"kmr\"},{\"@type\":\"WebPage\",\"@id\":\"https:\/\/scm.bz\/kmr\/fidh-resolution\/\",\"url\":\"https:\/\/scm.bz\/kmr\/fidh-resolution\/\",\"name\":\"Federasyona Navdewlet\u00ee ya Maf\u00ean Mirovan \u2013 Biryarek der bar\u00ea \u00ear\u00ee\u015f\u00ean berdewam li S\u00fbr\u00eeya \u00fb T\u00fbrk\u00eeyay\u00ea - \u0627\u0644\u0645\u0631\u0643\u0632 \u0627\u0644\u0633\u0648\u0631\u064a \u0644\u0644\u0625\u0639\u0644\u0627\u0645 \u0648\u062d\u0631\u064a\u0629 \u0627\u0644\u062a\u0639\u0628\u064a\u0631 Syrian Center for Media and Freedom of Expression\",\"isPartOf\":{\"@id\":\"https:\/\/scm.bz\/#website\"},\"primaryImageOfPage\":{\"@id\":\"https:\/\/scm.bz\/kmr\/fidh-resolution\/#primaryimage\"},\"image\":{\"@id\":\"https:\/\/scm.bz\/kmr\/fidh-resolution\/#primaryimage\"},\"thumbnailUrl\":\"https:\/\/scm.bz\/wp-content\/uploads\/2019\/11\/SCM_Fidh-1-1.png\",\"datePublished\":\"2019-11-20T23:10:58+00:00\",\"dateModified\":\"2019-11-21T10:26:28+00:00\",\"description\":\"%\",\"breadcrumb\":{\"@id\":\"https:\/\/scm.bz\/kmr\/fidh-resolution\/#breadcrumb\"},\"inLanguage\":\"kmr\",\"potentialAction\":[{\"@type\":\"ReadAction\",\"target\":[\"https:\/\/scm.bz\/kmr\/fidh-resolution\/\"]}]},{\"@type\":\"ImageObject\",\"inLanguage\":\"kmr\",\"@id\":\"https:\/\/scm.bz\/kmr\/fidh-resolution\/#primaryimage\",\"url\":\"https:\/\/scm.bz\/wp-content\/uploads\/2019\/11\/SCM_Fidh-1-1.png\",\"contentUrl\":\"https:\/\/scm.bz\/wp-content\/uploads\/2019\/11\/SCM_Fidh-1-1.png\",\"width\":1200,\"height\":675},{\"@type\":\"BreadcrumbList\",\"@id\":\"https:\/\/scm.bz\/kmr\/fidh-resolution\/#breadcrumb\",\"itemListElement\":[{\"@type\":\"ListItem\",\"position\":1,\"name\":\"Home\",\"item\":\"https:\/\/scm.bz\/kmr\/\"},{\"@type\":\"ListItem\",\"position\":2,\"name\":\"Federasyona Navdewlet\u00ee ya Maf\u00ean Mirovan \u2013 Biryarek der bar\u00ea \u00ear\u00ee\u015f\u00ean berdewam li S\u00fbr\u00eeya \u00fb T\u00fbrk\u00eeyay\u00ea\"}]},{\"@type\":\"WebSite\",\"@id\":\"https:\/\/scm.bz\/#website\",\"url\":\"https:\/\/scm.bz\/\",\"name\":\"\u0627\u0644\u0645\u0631\u0643\u0632 \u0627\u0644\u0633\u0648\u0631\u064a \u0644\u0644\u0625\u0639\u0644\u0627\u0645 \u0648\u062d\u0631\u064a\u0629 \u0627\u0644\u062a\u0639\u0628\u064a\u0631 Syrian Center for Media and Freedom of Expression\",\"description\":\"\",\"publisher\":{\"@id\":\"https:\/\/scm.bz\/#organization\"},\"potentialAction\":[{\"@type\":\"SearchAction\",\"target\":{\"@type\":\"EntryPoint\",\"urlTemplate\":\"https:\/\/scm.bz\/?s={search_term_string}\"},\"query-input\":{\"@type\":\"PropertyValueSpecification\",\"valueRequired\":true,\"valueName\":\"search_term_string\"}}],\"inLanguage\":\"kmr\"},{\"@type\":\"Organization\",\"@id\":\"https:\/\/scm.bz\/#organization\",\"name\":\"\u0627\u0644\u0645\u0631\u0643\u0632 \u0627\u0644\u0633\u0648\u0631\u064a \u0644\u0644\u0625\u0639\u0644\u0627\u0645 \u0648\u062d\u0631\u064a\u0629 \u0627\u0644\u062a\u0639\u0628\u064a\u0631 Syrian Center for Media and Freedom of Expression\",\"url\":\"https:\/\/scm.bz\/\",\"logo\":{\"@type\":\"ImageObject\",\"inLanguage\":\"kmr\",\"@id\":\"https:\/\/scm.bz\/#\/schema\/logo\/image\/\",\"url\":\"http:\/\/scm.bz\/wp-content\/uploads\/2021\/01\/SCM-logo-1-with-Clear-Space-1-2.png\",\"contentUrl\":\"http:\/\/scm.bz\/wp-content\/uploads\/2021\/01\/SCM-logo-1-with-Clear-Space-1-2.png\",\"width\":1450,\"height\":1450,\"caption\":\"\u0627\u0644\u0645\u0631\u0643\u0632 \u0627\u0644\u0633\u0648\u0631\u064a \u0644\u0644\u0625\u0639\u0644\u0627\u0645 \u0648\u062d\u0631\u064a\u0629 \u0627\u0644\u062a\u0639\u0628\u064a\u0631 Syrian Center for Media and Freedom of Expression\"},\"image\":{\"@id\":\"https:\/\/scm.bz\/#\/schema\/logo\/image\/\"},\"sameAs\":[\"https:\/\/www.facebook.com\/scm.center\",\"https:\/\/x.com\/SyrianCenter\"]},{\"@type\":\"Person\",\"@id\":\"https:\/\/scm.bz\/#\/schema\/person\/d116d4c43d9f3d4fe4b61619e91ead45\",\"name\":\"scmadmin\",\"image\":{\"@type\":\"ImageObject\",\"inLanguage\":\"kmr\",\"@id\":\"https:\/\/scm.bz\/#\/schema\/person\/image\/\",\"url\":\"https:\/\/secure.gravatar.com\/avatar\/8cb2b559549de2ba5e28f5d26e15c8f315b5dd63c953e348e6769ae2e88e3cdc?s=96&d=blank&r=g\",\"contentUrl\":\"https:\/\/secure.gravatar.com\/avatar\/8cb2b559549de2ba5e28f5d26e15c8f315b5dd63c953e348e6769ae2e88e3cdc?s=96&d=blank&r=g\",\"caption\":\"scmadmin\"},\"url\":\"https:\/\/scm.bz\/kmr\/author\/scmadmin\/\"}]}<\/script>\n<!-- \/ Yoast SEO Premium plugin. -->","yoast_head_json":{"title":"Federasyona Navdewlet\u00ee ya Maf\u00ean Mirovan \u2013 Biryarek der bar\u00ea \u00ear\u00ee\u015f\u00ean berdewam li S\u00fbr\u00eeya \u00fb T\u00fbrk\u00eeyay\u00ea - \u0627\u0644\u0645\u0631\u0643\u0632 \u0627\u0644\u0633\u0648\u0631\u064a \u0644\u0644\u0625\u0639\u0644\u0627\u0645 \u0648\u062d\u0631\u064a\u0629 \u0627\u0644\u062a\u0639\u0628\u064a\u0631 Syrian Center for Media and Freedom of Expression","description":"%","robots":{"index":"index","follow":"follow","max-snippet":"max-snippet:-1","max-image-preview":"max-image-preview:large","max-video-preview":"max-video-preview:-1"},"canonical":"https:\/\/scm.bz\/kmr\/fidh-resolution\/","og_locale":"en_US","og_type":"article","og_title":"Federasyona Navdewlet\u00ee ya Maf\u00ean Mirovan \u2013 Biryarek der bar\u00ea \u00ear\u00ee\u015f\u00ean berdewam li S\u00fbr\u00eeya \u00fb T\u00fbrk\u00eeyay\u00ea","og_description":"%","og_url":"https:\/\/scm.bz\/kmr\/fidh-resolution\/","og_site_name":"\u0627\u0644\u0645\u0631\u0643\u0632 \u0627\u0644\u0633\u0648\u0631\u064a \u0644\u0644\u0625\u0639\u0644\u0627\u0645 \u0648\u062d\u0631\u064a\u0629 \u0627\u0644\u062a\u0639\u0628\u064a\u0631 Syrian Center for Media and Freedom of Expression","article_publisher":"https:\/\/www.facebook.com\/scm.center","article_published_time":"2019-11-20T23:10:58+00:00","article_modified_time":"2019-11-21T10:26:28+00:00","og_image":[{"width":1200,"height":675,"url":"http:\/\/scm.bz\/wp-content\/uploads\/2019\/11\/SCM_Fidh-1-1.png","type":"image\/png"}],"author":"scmadmin","twitter_card":"summary_large_image","twitter_creator":"@SyrianCenter","twitter_site":"@SyrianCenter","twitter_misc":{"Written by":"scmadmin","Est. reading time":"11 minutes"},"schema":{"@context":"https:\/\/schema.org","@graph":[{"@type":"Article","@id":"https:\/\/scm.bz\/kmr\/fidh-resolution\/#article","isPartOf":{"@id":"https:\/\/scm.bz\/kmr\/fidh-resolution\/"},"author":{"name":"scmadmin","@id":"https:\/\/scm.bz\/#\/schema\/person\/d116d4c43d9f3d4fe4b61619e91ead45"},"headline":"Federasyona Navdewlet\u00ee ya Maf\u00ean Mirovan \u2013 Biryarek der bar\u00ea \u00ear\u00ee\u015f\u00ean berdewam li S\u00fbr\u00eeya \u00fb T\u00fbrk\u00eeyay\u00ea","datePublished":"2019-11-20T23:10:58+00:00","dateModified":"2019-11-21T10:26:28+00:00","mainEntityOfPage":{"@id":"https:\/\/scm.bz\/kmr\/fidh-resolution\/"},"wordCount":2186,"publisher":{"@id":"https:\/\/scm.bz\/#organization"},"image":{"@id":"https:\/\/scm.bz\/kmr\/fidh-resolution\/#primaryimage"},"thumbnailUrl":"https:\/\/scm.bz\/wp-content\/uploads\/2019\/11\/SCM_Fidh-1-1.png","articleSection":["Beyannamey\u00ean SCM\u00ea","Rotator"],"inLanguage":"kmr"},{"@type":"WebPage","@id":"https:\/\/scm.bz\/kmr\/fidh-resolution\/","url":"https:\/\/scm.bz\/kmr\/fidh-resolution\/","name":"Federasyona Navdewlet\u00ee ya Maf\u00ean Mirovan \u2013 Biryarek der bar\u00ea \u00ear\u00ee\u015f\u00ean berdewam li S\u00fbr\u00eeya \u00fb T\u00fbrk\u00eeyay\u00ea - \u0627\u0644\u0645\u0631\u0643\u0632 \u0627\u0644\u0633\u0648\u0631\u064a \u0644\u0644\u0625\u0639\u0644\u0627\u0645 \u0648\u062d\u0631\u064a\u0629 \u0627\u0644\u062a\u0639\u0628\u064a\u0631 Syrian Center for Media and Freedom of Expression","isPartOf":{"@id":"https:\/\/scm.bz\/#website"},"primaryImageOfPage":{"@id":"https:\/\/scm.bz\/kmr\/fidh-resolution\/#primaryimage"},"image":{"@id":"https:\/\/scm.bz\/kmr\/fidh-resolution\/#primaryimage"},"thumbnailUrl":"https:\/\/scm.bz\/wp-content\/uploads\/2019\/11\/SCM_Fidh-1-1.png","datePublished":"2019-11-20T23:10:58+00:00","dateModified":"2019-11-21T10:26:28+00:00","description":"%","breadcrumb":{"@id":"https:\/\/scm.bz\/kmr\/fidh-resolution\/#breadcrumb"},"inLanguage":"kmr","potentialAction":[{"@type":"ReadAction","target":["https:\/\/scm.bz\/kmr\/fidh-resolution\/"]}]},{"@type":"ImageObject","inLanguage":"kmr","@id":"https:\/\/scm.bz\/kmr\/fidh-resolution\/#primaryimage","url":"https:\/\/scm.bz\/wp-content\/uploads\/2019\/11\/SCM_Fidh-1-1.png","contentUrl":"https:\/\/scm.bz\/wp-content\/uploads\/2019\/11\/SCM_Fidh-1-1.png","width":1200,"height":675},{"@type":"BreadcrumbList","@id":"https:\/\/scm.bz\/kmr\/fidh-resolution\/#breadcrumb","itemListElement":[{"@type":"ListItem","position":1,"name":"Home","item":"https:\/\/scm.bz\/kmr\/"},{"@type":"ListItem","position":2,"name":"Federasyona Navdewlet\u00ee ya Maf\u00ean Mirovan \u2013 Biryarek der bar\u00ea \u00ear\u00ee\u015f\u00ean berdewam li S\u00fbr\u00eeya \u00fb T\u00fbrk\u00eeyay\u00ea"}]},{"@type":"WebSite","@id":"https:\/\/scm.bz\/#website","url":"https:\/\/scm.bz\/","name":"\u0627\u0644\u0645\u0631\u0643\u0632 \u0627\u0644\u0633\u0648\u0631\u064a \u0644\u0644\u0625\u0639\u0644\u0627\u0645 \u0648\u062d\u0631\u064a\u0629 \u0627\u0644\u062a\u0639\u0628\u064a\u0631 Syrian Center for Media and Freedom of Expression","description":"","publisher":{"@id":"https:\/\/scm.bz\/#organization"},"potentialAction":[{"@type":"SearchAction","target":{"@type":"EntryPoint","urlTemplate":"https:\/\/scm.bz\/?s={search_term_string}"},"query-input":{"@type":"PropertyValueSpecification","valueRequired":true,"valueName":"search_term_string"}}],"inLanguage":"kmr"},{"@type":"Organization","@id":"https:\/\/scm.bz\/#organization","name":"\u0627\u0644\u0645\u0631\u0643\u0632 \u0627\u0644\u0633\u0648\u0631\u064a \u0644\u0644\u0625\u0639\u0644\u0627\u0645 \u0648\u062d\u0631\u064a\u0629 \u0627\u0644\u062a\u0639\u0628\u064a\u0631 Syrian Center for Media and Freedom of Expression","url":"https:\/\/scm.bz\/","logo":{"@type":"ImageObject","inLanguage":"kmr","@id":"https:\/\/scm.bz\/#\/schema\/logo\/image\/","url":"http:\/\/scm.bz\/wp-content\/uploads\/2021\/01\/SCM-logo-1-with-Clear-Space-1-2.png","contentUrl":"http:\/\/scm.bz\/wp-content\/uploads\/2021\/01\/SCM-logo-1-with-Clear-Space-1-2.png","width":1450,"height":1450,"caption":"\u0627\u0644\u0645\u0631\u0643\u0632 \u0627\u0644\u0633\u0648\u0631\u064a \u0644\u0644\u0625\u0639\u0644\u0627\u0645 \u0648\u062d\u0631\u064a\u0629 \u0627\u0644\u062a\u0639\u0628\u064a\u0631 Syrian Center for Media and Freedom of Expression"},"image":{"@id":"https:\/\/scm.bz\/#\/schema\/logo\/image\/"},"sameAs":["https:\/\/www.facebook.com\/scm.center","https:\/\/x.com\/SyrianCenter"]},{"@type":"Person","@id":"https:\/\/scm.bz\/#\/schema\/person\/d116d4c43d9f3d4fe4b61619e91ead45","name":"scmadmin","image":{"@type":"ImageObject","inLanguage":"kmr","@id":"https:\/\/scm.bz\/#\/schema\/person\/image\/","url":"https:\/\/secure.gravatar.com\/avatar\/8cb2b559549de2ba5e28f5d26e15c8f315b5dd63c953e348e6769ae2e88e3cdc?s=96&d=blank&r=g","contentUrl":"https:\/\/secure.gravatar.com\/avatar\/8cb2b559549de2ba5e28f5d26e15c8f315b5dd63c953e348e6769ae2e88e3cdc?s=96&d=blank&r=g","caption":"scmadmin"},"url":"https:\/\/scm.bz\/kmr\/author\/scmadmin\/"}]}},"_links":{"self":[{"href":"https:\/\/scm.bz\/kmr\/wp-json\/wp\/v2\/posts\/189806","targetHints":{"allow":["GET"]}}],"collection":[{"href":"https:\/\/scm.bz\/kmr\/wp-json\/wp\/v2\/posts"}],"about":[{"href":"https:\/\/scm.bz\/kmr\/wp-json\/wp\/v2\/types\/post"}],"author":[{"embeddable":true,"href":"https:\/\/scm.bz\/kmr\/wp-json\/wp\/v2\/users\/24"}],"replies":[{"embeddable":true,"href":"https:\/\/scm.bz\/kmr\/wp-json\/wp\/v2\/comments?post=189806"}],"version-history":[{"count":0,"href":"https:\/\/scm.bz\/kmr\/wp-json\/wp\/v2\/posts\/189806\/revisions"}],"wp:featuredmedia":[{"embeddable":true,"href":"https:\/\/scm.bz\/kmr\/wp-json\/wp\/v2\/media\/189833"}],"wp:attachment":[{"href":"https:\/\/scm.bz\/kmr\/wp-json\/wp\/v2\/media?parent=189806"}],"wp:term":[{"taxonomy":"category","embeddable":true,"href":"https:\/\/scm.bz\/kmr\/wp-json\/wp\/v2\/categories?post=189806"},{"taxonomy":"post_tag","embeddable":true,"href":"https:\/\/scm.bz\/kmr\/wp-json\/wp\/v2\/tags?post=189806"}],"curies":[{"name":"wp","href":"https:\/\/api.w.org\/{rel}","templated":true}]}}