{"id":189652,"date":"2019-09-25T11:34:05","date_gmt":"2019-09-25T09:34:05","guid":{"rendered":"https:\/\/scm.bz?p=189652"},"modified":"2019-09-25T11:34:05","modified_gmt":"2019-09-25T09:34:05","slug":"daxuyaniya-damezrandina-tora-dijatiya-gotara-kime-li-rojhilata-navin-u-bakure-afriqaye","status":"publish","type":"post","link":"https:\/\/scm.bz\/kmr\/daxuyaniya-damezrandina-tora-dijatiya-gotara-kime-li-rojhilata-navin-u-bakure-afriqaye\/","title":{"rendered":"Daxuyan\u00eeya Damezrandina Tora Dijat\u00eeya Gotara K\u00eem\u00ea li Rojhilata Nav\u00een \u00fb Bak\u00fbr\u00ea  Afr\u00eeqay\u00ea"},"content":{"rendered":"<p style=\"text-align: center;\"><strong>Daxuyan\u00eeya Damezrandina Tora Dijat\u00eeya Gotara K\u00eem\u00ea li Rojhilata Nav\u00een \u00fb Bak\u00fbr\u00ea\u00a0 Afr\u00eeqay\u00ea\u00a0<\/strong><\/p>\n<p>&nbsp;<\/p>\n<p>Navenda S\u00fbr\u00eeyay\u00ee ya Ragihandin\u00ea \u00fb Azad\u00eeya Derbir\u00een\u00ea, li gel Navenda Filest\u00een\u00ee ya Ge\u015fep\u00eadan \u00fb\u00a0 Azad\u00eeya Ragihandin\u00ea (Meda), Navenda Elxel\u00eec\u00ea ya Maf\u00ean Mirovan \u00fb Navenda Meharat\u00ea, damezrandina toreke dijat\u00eeya gotara k\u00een\u00ea li gel dezgeh\u00ean t\u00eakildar li her\u00eam\u00ea \u00fb li seranser\u00ee c\u00eehan\u00ea, li j\u00ear nav\u00ea <strong>(Tora Dijat\u00eeya Gotara K\u00een\u00ea li Rojhilata Nav\u00een \u00fb Bakur\u00ea Afr\u00eeqay\u00ea) <\/strong>ragihand.<\/p>\n<p>&nbsp;<\/p>\n<p>Ragihandina v\u00ea tor\u00ea bi r\u00eaya \u00e7alak\u00eeyek\u00ea b\u00fb ku di 23y\u00ea \u00eelona 2013an de li dar ket, li pa\u015f<\/p>\n<p>\u00e7alak\u00eey\u00ean gera 42yan ya Encumena Maf\u00ean Mirovan ya Netewey\u00ean Yekb\u00fby\u00ee li Geneve\u00ea. Armanca tor\u00ea ew e dijat\u00eeya gotara k\u00een\u00ea di dezgeh\u00ean ragihandin\u00ea \u00fb medyaya civak\u00ee de, li gel hi\u015fyarkirina bi metirs\u00eey\u00ean w\u00ea li ser a\u015ft\u00eeya navxwey\u00ee li her\u00eam\u00ea.<\/p>\n<p>&nbsp;<\/p>\n<p>Di gotina xwe ya \u00e7alak\u00eey\u00ea de, SCM\u00ea got \u201cEm bi hev re hewl didin asteng\u00eey\u00ean siyaset \u00fb \u00e7avd\u00ear\u00eey\u00ea, k\u00eamb\u00fbna pereday\u00een\u00ea, k\u00eamb\u00fbna bawer\u00eeya bi kar\u00ea siv\u00eel \u00fb azad\u00eeya ner\u00een \u00fb derbir\u00een\u00ea derbas bikin. Em \u00ea bi baldar\u00ee li gel dezgeh\u00ean ragihandin\u00ea \u00fb ragih\u00eaneran kar bikin ji bo pi\u015ftgir\u00eeya azad\u00eeya derbir\u00een\u00ea li gel parastina r\u00fbmeta kes\u00ean ne xwed\u00ee heman ner\u00een, ol, zayend, aydyoloc\u00ee \u00fb netewe.<\/p>\n<p>&nbsp;<\/p>\n<p>Ji al\u00eeyek\u00ee din ve, tor d\u00ea li ser bicihan\u00eena r\u00eaze\u00e7alak\u00eey\u00ean c\u00fbrbec\u00fbr kar bike, m\u00eena: kampan\u00ee, xwendin\u00ean pispor, workshop, xelek\u00ean xwendin\u00ea, kongire, her weha \u00e7avd\u00ear\u00eeya yekser bo malper\u00ean \u00eel\u00eaktron\u00ee \u00fb dezgeh\u00ean ragihandin\u00ea y\u00ean ku gotara nepejirand\u00ee belav dikin.<\/p>\n<p>&nbsp;<\/p>\n<p>Navend\u00ea di gotina xwe de bal ki\u015fand ser xebata bi hem\u00fb r\u00eabaza \u00fb l\u00eavegera rexneker bo r\u00fbmet \u00fb azad\u00eeya mirova. Ji vir (Navenda S\u00fbr\u00eeyay\u00ee ya Ragihandin\u00ea \u00fb Azad\u00eeya Derbir\u00een\u00ea) kar\u00ea xwe, y\u00ea ku ji ber\u00ee pazde salan berdewam e, bi p\u00ea\u015f xist, da ku s\u00eenorek\u00ee ji gotara k\u00een\u00ea re deyne, ku ber\u00ee s\u00ea salan navend\u00ea yekem rewangeha pispor ya \u00e7avd\u00ear\u00eeya gotara tund\u00ee \u00fb k\u00een\u00ea li S\u00fbr\u00eeyay\u00ea, ava kir.<\/p>\n<p>&nbsp;<\/p>\n<p>Ev tor d\u00ea bi kompan\u00eey\u00ean medyaya civak\u00ee y\u00ean mezin re, m\u00eena Facebook \u00fb Twitter\u00ea, t\u00eakildar be, da ku m\u00eekan\u00eezma dijat\u00eeya v\u00ea gotar\u00ea li Rojhilata Nav\u00een \u00fb Bakur\u00ea Afr\u00eeqay\u00ea, were dan\u00een, \u00fb hem\u00fb binp\u00eakirin\u00ean azad\u00eeya derbir\u00een\u00ea ji al\u00eey\u00ea wan ve bisekinin.<\/p>\n<p>&nbsp;<\/p>\n<p>Di \u00e7ar\u00e7oveya kar\u00ea xwe de, tor -ya ku maf\u00ea endamt\u00eeya di demek\u00ea p\u00ea\u015f de berdest dike- d\u00ea bi hem\u00fb dezgeh\u00ean xwed\u00ee bawer\u00ee bi armanc\u00ean w\u00ea sereke re al\u00eekar be, her weha li gel dezgeh\u00ean navxwey\u00ee, her\u00eam\u00ee \u00fb navdewlet\u00ee da ku bigih\u00eaje armanc\u00ean xwe di v\u00ee war\u00ee de, s\u00fbdey\u00ea werbigire, \u00e7alak\u00eey\u00ean hevbe\u015f dikevin xizmeta dijat\u00eeya gotara k\u00een\u00ea bi cih b\u00eene \u00fb pi\u015ftgir\u00eeya \u00e7alak\u00ean civaka siv\u00eel bike.<\/p>\n","protected":false},"excerpt":{"rendered":"<p>Daxuyan\u00eeya Damezrandina Tora Dijat\u00eeya Gotara K\u00eem\u00ea li Rojhilata Nav\u00een \u00fb Bak\u00fbr\u00ea\u00a0 Afr\u00eeqay\u00ea\u00a0 &nbsp; Navenda S\u00fbr\u00eeyay\u00ee ya Ragihandin\u00ea \u00fb Azad\u00eeya Derbir\u00een\u00ea, li gel Navenda Filest\u00een\u00ee ya Ge\u015fep\u00eadan \u00fb\u00a0 Azad\u00eeya Ragihandin\u00ea (Meda), Navenda Elxel\u00eec\u00ea ya Maf\u00ean Mirovan \u00fb Navenda Meharat\u00ea, damezrandina toreke dijat\u00eeya gotara k\u00een\u00ea li gel dezgeh\u00ean t\u00eakildar li her\u00eam\u00ea \u00fb li seranser\u00ee c\u00eehan\u00ea, li j\u00ear [&hellip;]<\/p>\n","protected":false},"author":24,"featured_media":189645,"comment_status":"closed","ping_status":"open","sticky":false,"template":"","format":"standard","meta":{"_acf_changed":false,"footnotes":""},"categories":[333],"tags":[],"class_list":["post-189652","post","type-post","status-publish","format-standard","has-post-thumbnail","hentry","category-arab_world-ku","post-wrapper"],"acf":[],"yoast_head":"<!-- This site is optimized with the Yoast SEO Premium plugin v20.6 (Yoast SEO v26.5) - https:\/\/yoast.com\/wordpress\/plugins\/seo\/ -->\n<title>Daxuyan\u00eeya Damezrandina Tora Dijat\u00eeya Gotara K\u00eem\u00ea li Rojhilata Nav\u00een \u00fb Bak\u00fbr\u00ea Afr\u00eeqay\u00ea - \u0627\u0644\u0645\u0631\u0643\u0632 \u0627\u0644\u0633\u0648\u0631\u064a \u0644\u0644\u0625\u0639\u0644\u0627\u0645 \u0648\u062d\u0631\u064a\u0629 \u0627\u0644\u062a\u0639\u0628\u064a\u0631 Syrian Center for Media and Freedom of Expression<\/title>\n<meta name=\"description\" content=\"%\" \/>\n<meta name=\"robots\" content=\"index, follow, max-snippet:-1, max-image-preview:large, max-video-preview:-1\" \/>\n<link rel=\"canonical\" href=\"https:\/\/20.93.6.125\/kmr\/daxuyaniya-damezrandina-tora-dijatiya-gotara-kime-li-rojhilata-navin-u-bakure-afriqaye\/\" \/>\n<meta property=\"og:locale\" content=\"en_US\" \/>\n<meta property=\"og:type\" content=\"article\" \/>\n<meta property=\"og:title\" content=\"Daxuyan\u00eeya Damezrandina Tora Dijat\u00eeya Gotara K\u00eem\u00ea li Rojhilata Nav\u00een \u00fb Bak\u00fbr\u00ea Afr\u00eeqay\u00ea\" \/>\n<meta property=\"og:description\" content=\"%\" \/>\n<meta property=\"og:url\" content=\"https:\/\/20.93.6.125\/kmr\/daxuyaniya-damezrandina-tora-dijatiya-gotara-kime-li-rojhilata-navin-u-bakure-afriqaye\/\" \/>\n<meta property=\"og:site_name\" content=\"\u0627\u0644\u0645\u0631\u0643\u0632 \u0627\u0644\u0633\u0648\u0631\u064a \u0644\u0644\u0625\u0639\u0644\u0627\u0645 \u0648\u062d\u0631\u064a\u0629 \u0627\u0644\u062a\u0639\u0628\u064a\u0631 Syrian Center for Media and Freedom of Expression\" \/>\n<meta property=\"article:publisher\" content=\"https:\/\/www.facebook.com\/scm.center\" \/>\n<meta property=\"article:published_time\" content=\"2019-09-25T09:34:05+00:00\" \/>\n<meta property=\"og:image\" content=\"https:\/\/20.93.6.125\/wp-content\/uploads\/2019\/09\/SCM-hate-speech.jpg\" \/>\n\t<meta property=\"og:image:width\" content=\"1536\" \/>\n\t<meta property=\"og:image:height\" content=\"1152\" \/>\n\t<meta property=\"og:image:type\" content=\"image\/jpeg\" \/>\n<meta name=\"author\" content=\"scmadmin\" \/>\n<meta name=\"twitter:card\" content=\"summary_large_image\" \/>\n<meta name=\"twitter:creator\" content=\"@SyrianCenter\" \/>\n<meta name=\"twitter:site\" content=\"@SyrianCenter\" \/>\n<meta name=\"twitter:label1\" content=\"Written by\" \/>\n\t<meta name=\"twitter:data1\" content=\"scmadmin\" \/>\n\t<meta name=\"twitter:label2\" content=\"Est. reading time\" \/>\n\t<meta name=\"twitter:data2\" content=\"3 minutes\" \/>\n<script type=\"application\/ld+json\" class=\"yoast-schema-graph\">{\"@context\":\"https:\/\/schema.org\",\"@graph\":[{\"@type\":\"Article\",\"@id\":\"https:\/\/20.93.6.125\/kmr\/daxuyaniya-damezrandina-tora-dijatiya-gotara-kime-li-rojhilata-navin-u-bakure-afriqaye\/#article\",\"isPartOf\":{\"@id\":\"https:\/\/20.93.6.125\/kmr\/daxuyaniya-damezrandina-tora-dijatiya-gotara-kime-li-rojhilata-navin-u-bakure-afriqaye\/\"},\"author\":{\"name\":\"scmadmin\",\"@id\":\"https:\/\/scm.bz\/#\/schema\/person\/d116d4c43d9f3d4fe4b61619e91ead45\"},\"headline\":\"Daxuyan\u00eeya Damezrandina Tora Dijat\u00eeya Gotara K\u00eem\u00ea li Rojhilata Nav\u00een \u00fb Bak\u00fbr\u00ea Afr\u00eeqay\u00ea\",\"datePublished\":\"2019-09-25T09:34:05+00:00\",\"mainEntityOfPage\":{\"@id\":\"https:\/\/20.93.6.125\/kmr\/daxuyaniya-damezrandina-tora-dijatiya-gotara-kime-li-rojhilata-navin-u-bakure-afriqaye\/\"},\"wordCount\":531,\"publisher\":{\"@id\":\"https:\/\/scm.bz\/#organization\"},\"image\":{\"@id\":\"https:\/\/20.93.6.125\/kmr\/daxuyaniya-damezrandina-tora-dijatiya-gotara-kime-li-rojhilata-navin-u-bakure-afriqaye\/#primaryimage\"},\"thumbnailUrl\":\"https:\/\/scm.bz\/wp-content\/uploads\/2019\/09\/SCM-hate-speech.jpg\",\"articleSection\":[\"C\u00eehana Ereb\u00ee\"],\"inLanguage\":\"kmr\"},{\"@type\":\"WebPage\",\"@id\":\"https:\/\/20.93.6.125\/kmr\/daxuyaniya-damezrandina-tora-dijatiya-gotara-kime-li-rojhilata-navin-u-bakure-afriqaye\/\",\"url\":\"https:\/\/20.93.6.125\/kmr\/daxuyaniya-damezrandina-tora-dijatiya-gotara-kime-li-rojhilata-navin-u-bakure-afriqaye\/\",\"name\":\"Daxuyan\u00eeya Damezrandina Tora Dijat\u00eeya Gotara K\u00eem\u00ea li Rojhilata Nav\u00een \u00fb Bak\u00fbr\u00ea Afr\u00eeqay\u00ea - \u0627\u0644\u0645\u0631\u0643\u0632 \u0627\u0644\u0633\u0648\u0631\u064a \u0644\u0644\u0625\u0639\u0644\u0627\u0645 \u0648\u062d\u0631\u064a\u0629 \u0627\u0644\u062a\u0639\u0628\u064a\u0631 Syrian Center for Media and Freedom of Expression\",\"isPartOf\":{\"@id\":\"https:\/\/scm.bz\/#website\"},\"primaryImageOfPage\":{\"@id\":\"https:\/\/20.93.6.125\/kmr\/daxuyaniya-damezrandina-tora-dijatiya-gotara-kime-li-rojhilata-navin-u-bakure-afriqaye\/#primaryimage\"},\"image\":{\"@id\":\"https:\/\/20.93.6.125\/kmr\/daxuyaniya-damezrandina-tora-dijatiya-gotara-kime-li-rojhilata-navin-u-bakure-afriqaye\/#primaryimage\"},\"thumbnailUrl\":\"https:\/\/scm.bz\/wp-content\/uploads\/2019\/09\/SCM-hate-speech.jpg\",\"datePublished\":\"2019-09-25T09:34:05+00:00\",\"description\":\"%\",\"breadcrumb\":{\"@id\":\"https:\/\/20.93.6.125\/kmr\/daxuyaniya-damezrandina-tora-dijatiya-gotara-kime-li-rojhilata-navin-u-bakure-afriqaye\/#breadcrumb\"},\"inLanguage\":\"kmr\",\"potentialAction\":[{\"@type\":\"ReadAction\",\"target\":[\"https:\/\/20.93.6.125\/kmr\/daxuyaniya-damezrandina-tora-dijatiya-gotara-kime-li-rojhilata-navin-u-bakure-afriqaye\/\"]}]},{\"@type\":\"ImageObject\",\"inLanguage\":\"kmr\",\"@id\":\"https:\/\/20.93.6.125\/kmr\/daxuyaniya-damezrandina-tora-dijatiya-gotara-kime-li-rojhilata-navin-u-bakure-afriqaye\/#primaryimage\",\"url\":\"https:\/\/scm.bz\/wp-content\/uploads\/2019\/09\/SCM-hate-speech.jpg\",\"contentUrl\":\"https:\/\/scm.bz\/wp-content\/uploads\/2019\/09\/SCM-hate-speech.jpg\",\"width\":1536,\"height\":1152},{\"@type\":\"BreadcrumbList\",\"@id\":\"https:\/\/20.93.6.125\/kmr\/daxuyaniya-damezrandina-tora-dijatiya-gotara-kime-li-rojhilata-navin-u-bakure-afriqaye\/#breadcrumb\",\"itemListElement\":[{\"@type\":\"ListItem\",\"position\":1,\"name\":\"Home\",\"item\":\"https:\/\/scm.bz\/kmr\/\"},{\"@type\":\"ListItem\",\"position\":2,\"name\":\"Daxuyan\u00eeya Damezrandina Tora Dijat\u00eeya Gotara K\u00eem\u00ea li Rojhilata Nav\u00een \u00fb Bak\u00fbr\u00ea Afr\u00eeqay\u00ea\"}]},{\"@type\":\"WebSite\",\"@id\":\"https:\/\/scm.bz\/#website\",\"url\":\"https:\/\/scm.bz\/\",\"name\":\"\u0627\u0644\u0645\u0631\u0643\u0632 \u0627\u0644\u0633\u0648\u0631\u064a \u0644\u0644\u0625\u0639\u0644\u0627\u0645 \u0648\u062d\u0631\u064a\u0629 \u0627\u0644\u062a\u0639\u0628\u064a\u0631 Syrian Center for Media and Freedom of Expression\",\"description\":\"\",\"publisher\":{\"@id\":\"https:\/\/scm.bz\/#organization\"},\"potentialAction\":[{\"@type\":\"SearchAction\",\"target\":{\"@type\":\"EntryPoint\",\"urlTemplate\":\"https:\/\/scm.bz\/?s={search_term_string}\"},\"query-input\":{\"@type\":\"PropertyValueSpecification\",\"valueRequired\":true,\"valueName\":\"search_term_string\"}}],\"inLanguage\":\"kmr\"},{\"@type\":\"Organization\",\"@id\":\"https:\/\/scm.bz\/#organization\",\"name\":\"\u0627\u0644\u0645\u0631\u0643\u0632 \u0627\u0644\u0633\u0648\u0631\u064a \u0644\u0644\u0625\u0639\u0644\u0627\u0645 \u0648\u062d\u0631\u064a\u0629 \u0627\u0644\u062a\u0639\u0628\u064a\u0631 Syrian Center for Media and Freedom of Expression\",\"url\":\"https:\/\/scm.bz\/\",\"logo\":{\"@type\":\"ImageObject\",\"inLanguage\":\"kmr\",\"@id\":\"https:\/\/scm.bz\/#\/schema\/logo\/image\/\",\"url\":\"http:\/\/scm.bz\/wp-content\/uploads\/2021\/01\/SCM-logo-1-with-Clear-Space-1-2.png\",\"contentUrl\":\"http:\/\/scm.bz\/wp-content\/uploads\/2021\/01\/SCM-logo-1-with-Clear-Space-1-2.png\",\"width\":1450,\"height\":1450,\"caption\":\"\u0627\u0644\u0645\u0631\u0643\u0632 \u0627\u0644\u0633\u0648\u0631\u064a \u0644\u0644\u0625\u0639\u0644\u0627\u0645 \u0648\u062d\u0631\u064a\u0629 \u0627\u0644\u062a\u0639\u0628\u064a\u0631 Syrian Center for Media and Freedom of Expression\"},\"image\":{\"@id\":\"https:\/\/scm.bz\/#\/schema\/logo\/image\/\"},\"sameAs\":[\"https:\/\/www.facebook.com\/scm.center\",\"https:\/\/x.com\/SyrianCenter\"]},{\"@type\":\"Person\",\"@id\":\"https:\/\/scm.bz\/#\/schema\/person\/d116d4c43d9f3d4fe4b61619e91ead45\",\"name\":\"scmadmin\",\"image\":{\"@type\":\"ImageObject\",\"inLanguage\":\"kmr\",\"@id\":\"https:\/\/scm.bz\/#\/schema\/person\/image\/\",\"url\":\"https:\/\/secure.gravatar.com\/avatar\/8cb2b559549de2ba5e28f5d26e15c8f315b5dd63c953e348e6769ae2e88e3cdc?s=96&d=blank&r=g\",\"contentUrl\":\"https:\/\/secure.gravatar.com\/avatar\/8cb2b559549de2ba5e28f5d26e15c8f315b5dd63c953e348e6769ae2e88e3cdc?s=96&d=blank&r=g\",\"caption\":\"scmadmin\"},\"url\":\"https:\/\/scm.bz\/kmr\/author\/scmadmin\/\"}]}<\/script>\n<!-- \/ Yoast SEO Premium plugin. -->","yoast_head_json":{"title":"Daxuyan\u00eeya Damezrandina Tora Dijat\u00eeya Gotara K\u00eem\u00ea li Rojhilata Nav\u00een \u00fb Bak\u00fbr\u00ea Afr\u00eeqay\u00ea - \u0627\u0644\u0645\u0631\u0643\u0632 \u0627\u0644\u0633\u0648\u0631\u064a \u0644\u0644\u0625\u0639\u0644\u0627\u0645 \u0648\u062d\u0631\u064a\u0629 \u0627\u0644\u062a\u0639\u0628\u064a\u0631 Syrian Center for Media and Freedom of Expression","description":"%","robots":{"index":"index","follow":"follow","max-snippet":"max-snippet:-1","max-image-preview":"max-image-preview:large","max-video-preview":"max-video-preview:-1"},"canonical":"https:\/\/20.93.6.125\/kmr\/daxuyaniya-damezrandina-tora-dijatiya-gotara-kime-li-rojhilata-navin-u-bakure-afriqaye\/","og_locale":"en_US","og_type":"article","og_title":"Daxuyan\u00eeya Damezrandina Tora Dijat\u00eeya Gotara K\u00eem\u00ea li Rojhilata Nav\u00een \u00fb Bak\u00fbr\u00ea Afr\u00eeqay\u00ea","og_description":"%","og_url":"https:\/\/20.93.6.125\/kmr\/daxuyaniya-damezrandina-tora-dijatiya-gotara-kime-li-rojhilata-navin-u-bakure-afriqaye\/","og_site_name":"\u0627\u0644\u0645\u0631\u0643\u0632 \u0627\u0644\u0633\u0648\u0631\u064a \u0644\u0644\u0625\u0639\u0644\u0627\u0645 \u0648\u062d\u0631\u064a\u0629 \u0627\u0644\u062a\u0639\u0628\u064a\u0631 Syrian Center for Media and Freedom of Expression","article_publisher":"https:\/\/www.facebook.com\/scm.center","article_published_time":"2019-09-25T09:34:05+00:00","og_image":[{"width":1536,"height":1152,"url":"https:\/\/20.93.6.125\/wp-content\/uploads\/2019\/09\/SCM-hate-speech.jpg","type":"image\/jpeg"}],"author":"scmadmin","twitter_card":"summary_large_image","twitter_creator":"@SyrianCenter","twitter_site":"@SyrianCenter","twitter_misc":{"Written by":"scmadmin","Est. reading time":"3 minutes"},"schema":{"@context":"https:\/\/schema.org","@graph":[{"@type":"Article","@id":"https:\/\/20.93.6.125\/kmr\/daxuyaniya-damezrandina-tora-dijatiya-gotara-kime-li-rojhilata-navin-u-bakure-afriqaye\/#article","isPartOf":{"@id":"https:\/\/20.93.6.125\/kmr\/daxuyaniya-damezrandina-tora-dijatiya-gotara-kime-li-rojhilata-navin-u-bakure-afriqaye\/"},"author":{"name":"scmadmin","@id":"https:\/\/scm.bz\/#\/schema\/person\/d116d4c43d9f3d4fe4b61619e91ead45"},"headline":"Daxuyan\u00eeya Damezrandina Tora Dijat\u00eeya Gotara K\u00eem\u00ea li Rojhilata Nav\u00een \u00fb Bak\u00fbr\u00ea Afr\u00eeqay\u00ea","datePublished":"2019-09-25T09:34:05+00:00","mainEntityOfPage":{"@id":"https:\/\/20.93.6.125\/kmr\/daxuyaniya-damezrandina-tora-dijatiya-gotara-kime-li-rojhilata-navin-u-bakure-afriqaye\/"},"wordCount":531,"publisher":{"@id":"https:\/\/scm.bz\/#organization"},"image":{"@id":"https:\/\/20.93.6.125\/kmr\/daxuyaniya-damezrandina-tora-dijatiya-gotara-kime-li-rojhilata-navin-u-bakure-afriqaye\/#primaryimage"},"thumbnailUrl":"https:\/\/scm.bz\/wp-content\/uploads\/2019\/09\/SCM-hate-speech.jpg","articleSection":["C\u00eehana Ereb\u00ee"],"inLanguage":"kmr"},{"@type":"WebPage","@id":"https:\/\/20.93.6.125\/kmr\/daxuyaniya-damezrandina-tora-dijatiya-gotara-kime-li-rojhilata-navin-u-bakure-afriqaye\/","url":"https:\/\/20.93.6.125\/kmr\/daxuyaniya-damezrandina-tora-dijatiya-gotara-kime-li-rojhilata-navin-u-bakure-afriqaye\/","name":"Daxuyan\u00eeya Damezrandina Tora Dijat\u00eeya Gotara K\u00eem\u00ea li Rojhilata Nav\u00een \u00fb Bak\u00fbr\u00ea Afr\u00eeqay\u00ea - \u0627\u0644\u0645\u0631\u0643\u0632 \u0627\u0644\u0633\u0648\u0631\u064a \u0644\u0644\u0625\u0639\u0644\u0627\u0645 \u0648\u062d\u0631\u064a\u0629 \u0627\u0644\u062a\u0639\u0628\u064a\u0631 Syrian Center for Media and Freedom of Expression","isPartOf":{"@id":"https:\/\/scm.bz\/#website"},"primaryImageOfPage":{"@id":"https:\/\/20.93.6.125\/kmr\/daxuyaniya-damezrandina-tora-dijatiya-gotara-kime-li-rojhilata-navin-u-bakure-afriqaye\/#primaryimage"},"image":{"@id":"https:\/\/20.93.6.125\/kmr\/daxuyaniya-damezrandina-tora-dijatiya-gotara-kime-li-rojhilata-navin-u-bakure-afriqaye\/#primaryimage"},"thumbnailUrl":"https:\/\/scm.bz\/wp-content\/uploads\/2019\/09\/SCM-hate-speech.jpg","datePublished":"2019-09-25T09:34:05+00:00","description":"%","breadcrumb":{"@id":"https:\/\/20.93.6.125\/kmr\/daxuyaniya-damezrandina-tora-dijatiya-gotara-kime-li-rojhilata-navin-u-bakure-afriqaye\/#breadcrumb"},"inLanguage":"kmr","potentialAction":[{"@type":"ReadAction","target":["https:\/\/20.93.6.125\/kmr\/daxuyaniya-damezrandina-tora-dijatiya-gotara-kime-li-rojhilata-navin-u-bakure-afriqaye\/"]}]},{"@type":"ImageObject","inLanguage":"kmr","@id":"https:\/\/20.93.6.125\/kmr\/daxuyaniya-damezrandina-tora-dijatiya-gotara-kime-li-rojhilata-navin-u-bakure-afriqaye\/#primaryimage","url":"https:\/\/scm.bz\/wp-content\/uploads\/2019\/09\/SCM-hate-speech.jpg","contentUrl":"https:\/\/scm.bz\/wp-content\/uploads\/2019\/09\/SCM-hate-speech.jpg","width":1536,"height":1152},{"@type":"BreadcrumbList","@id":"https:\/\/20.93.6.125\/kmr\/daxuyaniya-damezrandina-tora-dijatiya-gotara-kime-li-rojhilata-navin-u-bakure-afriqaye\/#breadcrumb","itemListElement":[{"@type":"ListItem","position":1,"name":"Home","item":"https:\/\/scm.bz\/kmr\/"},{"@type":"ListItem","position":2,"name":"Daxuyan\u00eeya Damezrandina Tora Dijat\u00eeya Gotara K\u00eem\u00ea li Rojhilata Nav\u00een \u00fb Bak\u00fbr\u00ea Afr\u00eeqay\u00ea"}]},{"@type":"WebSite","@id":"https:\/\/scm.bz\/#website","url":"https:\/\/scm.bz\/","name":"\u0627\u0644\u0645\u0631\u0643\u0632 \u0627\u0644\u0633\u0648\u0631\u064a \u0644\u0644\u0625\u0639\u0644\u0627\u0645 \u0648\u062d\u0631\u064a\u0629 \u0627\u0644\u062a\u0639\u0628\u064a\u0631 Syrian Center for Media and Freedom of Expression","description":"","publisher":{"@id":"https:\/\/scm.bz\/#organization"},"potentialAction":[{"@type":"SearchAction","target":{"@type":"EntryPoint","urlTemplate":"https:\/\/scm.bz\/?s={search_term_string}"},"query-input":{"@type":"PropertyValueSpecification","valueRequired":true,"valueName":"search_term_string"}}],"inLanguage":"kmr"},{"@type":"Organization","@id":"https:\/\/scm.bz\/#organization","name":"\u0627\u0644\u0645\u0631\u0643\u0632 \u0627\u0644\u0633\u0648\u0631\u064a \u0644\u0644\u0625\u0639\u0644\u0627\u0645 \u0648\u062d\u0631\u064a\u0629 \u0627\u0644\u062a\u0639\u0628\u064a\u0631 Syrian Center for Media and Freedom of Expression","url":"https:\/\/scm.bz\/","logo":{"@type":"ImageObject","inLanguage":"kmr","@id":"https:\/\/scm.bz\/#\/schema\/logo\/image\/","url":"http:\/\/scm.bz\/wp-content\/uploads\/2021\/01\/SCM-logo-1-with-Clear-Space-1-2.png","contentUrl":"http:\/\/scm.bz\/wp-content\/uploads\/2021\/01\/SCM-logo-1-with-Clear-Space-1-2.png","width":1450,"height":1450,"caption":"\u0627\u0644\u0645\u0631\u0643\u0632 \u0627\u0644\u0633\u0648\u0631\u064a \u0644\u0644\u0625\u0639\u0644\u0627\u0645 \u0648\u062d\u0631\u064a\u0629 \u0627\u0644\u062a\u0639\u0628\u064a\u0631 Syrian Center for Media and Freedom of Expression"},"image":{"@id":"https:\/\/scm.bz\/#\/schema\/logo\/image\/"},"sameAs":["https:\/\/www.facebook.com\/scm.center","https:\/\/x.com\/SyrianCenter"]},{"@type":"Person","@id":"https:\/\/scm.bz\/#\/schema\/person\/d116d4c43d9f3d4fe4b61619e91ead45","name":"scmadmin","image":{"@type":"ImageObject","inLanguage":"kmr","@id":"https:\/\/scm.bz\/#\/schema\/person\/image\/","url":"https:\/\/secure.gravatar.com\/avatar\/8cb2b559549de2ba5e28f5d26e15c8f315b5dd63c953e348e6769ae2e88e3cdc?s=96&d=blank&r=g","contentUrl":"https:\/\/secure.gravatar.com\/avatar\/8cb2b559549de2ba5e28f5d26e15c8f315b5dd63c953e348e6769ae2e88e3cdc?s=96&d=blank&r=g","caption":"scmadmin"},"url":"https:\/\/scm.bz\/kmr\/author\/scmadmin\/"}]}},"_links":{"self":[{"href":"https:\/\/scm.bz\/kmr\/wp-json\/wp\/v2\/posts\/189652","targetHints":{"allow":["GET"]}}],"collection":[{"href":"https:\/\/scm.bz\/kmr\/wp-json\/wp\/v2\/posts"}],"about":[{"href":"https:\/\/scm.bz\/kmr\/wp-json\/wp\/v2\/types\/post"}],"author":[{"embeddable":true,"href":"https:\/\/scm.bz\/kmr\/wp-json\/wp\/v2\/users\/24"}],"replies":[{"embeddable":true,"href":"https:\/\/scm.bz\/kmr\/wp-json\/wp\/v2\/comments?post=189652"}],"version-history":[{"count":0,"href":"https:\/\/scm.bz\/kmr\/wp-json\/wp\/v2\/posts\/189652\/revisions"}],"wp:featuredmedia":[{"embeddable":true,"href":"https:\/\/scm.bz\/kmr\/wp-json\/wp\/v2\/media\/189645"}],"wp:attachment":[{"href":"https:\/\/scm.bz\/kmr\/wp-json\/wp\/v2\/media?parent=189652"}],"wp:term":[{"taxonomy":"category","embeddable":true,"href":"https:\/\/scm.bz\/kmr\/wp-json\/wp\/v2\/categories?post=189652"},{"taxonomy":"post_tag","embeddable":true,"href":"https:\/\/scm.bz\/kmr\/wp-json\/wp\/v2\/tags?post=189652"}],"curies":[{"name":"wp","href":"https:\/\/api.w.org\/{rel}","templated":true}]}}