{"id":189452,"date":"2019-07-19T12:30:14","date_gmt":"2019-07-19T10:30:14","guid":{"rendered":"https:\/\/scm.bz?p=189452"},"modified":"2019-10-02T15:32:14","modified_gmt":"2019-10-02T13:32:14","slug":"krak-ci-ye-metirsiyen-wi-careyen-elternativ","status":"publish","type":"post","link":"https:\/\/scm.bz\/kmr\/krak-ci-ye-metirsiyen-wi-careyen-elternativ\/","title":{"rendered":"Krak: \u00c7i ye? Metirs\u00eey\u00ean w\u00ee. \u00c7arey\u00ean Elternat\u00eev"},"content":{"rendered":"<p>Di kar\u00ea rojnameger\u00ee de, p\u00eadiv\u00eeya rojnamegeran bi bikaran\u00eena gelek apl\u00eek\u00ea\u015finan heye &#8220;M\u00eenak: program\u00ean \u00ead\u00eetekirin\u00ea, program\u00ean w\u00eaneyan, program\u00ean v\u00eedyo \u00fb dengan, program\u00ean zextkirina dosyayan \u00fb \u2026 hwd&#8221;<\/p>\n<p>Piran\u00eeya van programan bipere ne, an j\u00ee bo demek\u00ea kurt b\u00ea pere ne (vesryona tecr\u00eeb\u00ee bo \u00e7end rojan an \u00e7end mehan e) \u00fb ji bo bikaran\u00eena van programan b\u00ea kir\u00een, hin kes ber\u00ea xwe didin Hackkirin\u00ea bi r\u00eaya &#8220;Krak\u00ea&#8221;<\/p>\n<p>&nbsp;<\/p>\n<p><strong>Krak \u00e7i ye?<\/strong><\/p>\n<p>M\u00eekan\u00eezmeke (nav\u00ea program l\u00ea t\u00ea kirin) dih\u00eale ku program\u00ean parast\u00ee tam kar bikin b\u00ea ku p\u00eadiv\u00ee bi kir\u00eena wan hebe, an j\u00ee Krak w\u00ea parastina li ser program\u00ea di\u015fk\u00eene, da ku tu karib\u00ee bi kar b\u00een\u00ee.<\/p>\n<p>&nbsp;<\/p>\n<p><strong>C\u00fbrey\u00ean Krak\u00ea \u00e7i ne?<\/strong><\/p>\n<p>Gelek c\u00fbrey\u00ean Krak\u00ea hene, y\u00eanb her\u00ee navdar ev in:<\/p>\n<p>Batch<\/p>\n<p>Keygen (an afr\u00eaner\u00ea hejmaran)<\/p>\n<p>Em nakevin h\u00fbrgil\u00eey\u00ean kar\u00ea her c\u00fbreyek\u00ea \u00fb c\u00fbdah\u00eeya di nav wan de, em \u00ea ten\u00ea bi kurtas\u00ee m\u00eekan\u00eezma wan \u015firove bikin.<\/p>\n<p>Batch an Keygen, program in bi r\u00eaya daxistina program\u00ea dixwaz\u00ee parastina w\u00ee bi\u015fk\u00een\u00ee \u00fb akt\u00eevkirina Krak\u00ea kar dike.<\/p>\n<p><strong>*N\u00ee\u015fe<\/strong>: her Krakek ji bo programmek\u00ee bi ten\u00ea ye, (di hin rew\u015fan de dibe ji bo gelek program\u00ean destn\u00ee\u015fankir\u00ee re be) an j\u00ee Krak ne li ser hem\u00fb programan kar dike.<\/p>\n<p><strong>K\u00ee Krakan \u00e7\u00ea dike?<\/strong><\/p>\n<p>Kes an kompan\u00ee Krakan \u00e7\u00ea dikin, pi\u015ft\u00ee ku away\u00ean \u015fikandina parastina programek\u00ee nas dikin, her weha hiun kompan\u00eey\u00ean taybet \u00ean \u015fikandina parastina prigraman \u00fb \u00e7\u00eakirina Krakan hene.<\/p>\n<p><strong>Krak b\u00eapere ye?<\/strong><\/p>\n<p>Hin al\u00ee Krak\u00ean b\u00eapere \u00e7\u00eadikin \u00fb hin y\u00ean bipere.<\/p>\n<p><strong>\u00c7awa Krak t\u00ea bidestxistin?<\/strong><\/p>\n<p>Gelek malper\u00ean \u00e7\u00eakirina Krakan \u00ean taybet hene, li gel ku gelek Krak\u00ean hejmareke mezin \u00ean programan di wan de hene.<\/p>\n<p>Her weha versyoneke program\u00ean neparast\u00ee heye, bi nave (\u00e7apkir\u00ee an program\u00ean krakkir\u00ee) t\u00ean naskirin, an j\u00ee p\u00eadiv\u00ee bi daxistina program\u00ea pa\u015f\u00ea daxistina Krak\u00ea tuneye, ten\u00ea \u00e7apa kirakkir\u00ee dax\u00eene.<\/p>\n<p><strong>Metirs\u00eeya bikaran\u00eena Krak\u00ea heye?<\/strong><\/p>\n<p>Ti\u015ftek\u00ee ku v\u00ea yek\u00ea teqez bike tuneye, ji ber ku Krak di piran\u00eeya caran de ji h\u00eala al\u00eeyek\u00ee nenas vet \u00ea \u00e7\u00eakirin, dibe ku ew al\u00ee dosya an programek\u00ee xirab (vayros) bixe nava Krak\u00ea de, ku bi r\u00eaya p\u00ealkirina Krak\u00ea ew vayros t\u00ea akt\u00eevkirin.<\/p>\n<ul>\n<li>Ev e sedema ku hin al\u00eey\u00ean Krakan \u00e7\u00ea dikin, doza neakt\u00eevkirina (Anti-Virus) dikin ber\u00ee daxistin an akt\u00eevkirina Krak\u00eap.<\/li>\n<\/ul>\n<p>&nbsp;<\/p>\n<p><strong>Metirs\u00eey\u00ean vayros\u00ean Karak\u00ea \u00e7i ne?<\/strong><\/p>\n<p>Gelek metirs\u00ee \u00fb gef\u00ean vayrosan hene, m\u00eenak:<\/p>\n<p>W\u00earankirina s\u00eestem\u00ea<\/p>\n<p>Kontrolkirina alav\u00ea (al\u00eey\u00ea ku vayros \u00e7\u00eakiriye, dikare kam\u00eera v\u00eaxe, li maykrofon\u00ea guhdar bike, w\u00eaney\u00ean ekran\u00ea bigire, an dosyayan bi\u015f\u00eene .. an j\u00ee al\u00eey\u00ea \u00ear\u00ee\u015fker dikare alava te bi kar b\u00eene wek\u00ee ku di dest w\u00ee de ye, b\u00ea ku xwed\u00eey\u00ea alav\u00ea zanibe.<\/p>\n<ul>\n<li>N\u00ee\u015fe:ne gerek e bandora vayros\u00ea d\u00eerek be, dibe ku demek\u00ea dir\u00eaj di hundir\u00ea alav\u00ea de bim\u00eene ber\u00ee ku akt\u00eev bibe.<\/li>\n<\/ul>\n<p>&nbsp;<\/p>\n<p><strong>Anti-virus dikare alav\u00ea ji metirs\u00eey\u00ean Krak\u00ea bipar\u00eaze?<\/strong><\/p>\n<p>Giring e Anti-virus li ser hem\u00fb alavan hebe (hem\u00fb cure \u00fb s\u00eestem\u00ean alavan)<\/p>\n<p>*Gekek e her demek\u00ea were n\u00fbkirin (her hefte an her meh her\u00ee z\u00eade).<\/p>\n<p>Ne gerek e program\u00ean dij\u00ee vayrosan karibin hem\u00fb gefan b\u00eal\u00ee bikin, m\u00eena y\u00ean bi Krakan re.<\/p>\n<p>&nbsp;<\/p>\n<p>M\u00eenak : Ev w\u00eane diyar dike ku programek\u00ee Anti-virus\u00ea qedexeya giha\u015ftina 3 apl\u00eek\u00ea\u015finan bo Kam\u00eeray\u00ea diyar dike. An j\u00ee al\u00eey\u00ea ku Krak \u00e7\u00eakiriye programek tev l\u00ea kiriye ku karibe bigih\u00eaje kam\u00eeray\u00ea, di encam\u00ea de w\u00eane \u00fb v\u00eedyoyan diki\u015f\u00eene \u00fb bo xwed\u00eey\u00ea Krak\u00ea di\u015f\u00eene b\u00ea ku xwed\u00eey\u00ea\/a alav\u00ea zanibe.<\/p>\n<p><img loading=\"lazy\" decoding=\"async\" class=\"alignnone size-full wp-image-189665\" src=\"https:\/\/scm.bz\/wp-content\/uploads\/2019\/07\/kaspersky.png\" alt=\"\" width=\"1032\" height=\"594\" srcset=\"https:\/\/scm.bz\/wp-content\/uploads\/2019\/07\/kaspersky.png 1032w, https:\/\/scm.bz\/wp-content\/uploads\/2019\/07\/kaspersky-150x86.png 150w, https:\/\/scm.bz\/wp-content\/uploads\/2019\/07\/kaspersky-300x173.png 300w, https:\/\/scm.bz\/wp-content\/uploads\/2019\/07\/kaspersky-768x442.png 768w, https:\/\/scm.bz\/wp-content\/uploads\/2019\/07\/kaspersky-1024x589.png 1024w\" sizes=\"auto, (max-width: 1032px) 100vw, 1032px\" \/><\/p>\n<p>&nbsp;<\/p>\n<p><strong>\u00c7\u00eakirina Krakan qan\u00fbn\u00ee ye?<\/strong><\/p>\n<p>\u00c7\u00eakirin an bikaran\u00eena Krakan an program\u00ean (Krakkir\u00ee) li piran\u00eeya dewletan ne qan\u00fbn\u00ee ye \u00fb dikeve \u00e7ar\u00e7oveya Hackkirin\u00ea de. Sezay\u00ean w\u00ea li her deverek\u00ea bi rengek\u00ee ye, dibe ku ten\u00ea bikeve \u00e7ar\u00e7oveya pereday\u00een\u00ea de \u00fb dibe ku bigih\u00ea asta zindankirin\u00ea.<\/p>\n<p>&nbsp;<\/p>\n<p><strong>Bijardeya alternative ji bikaran\u00eena Krak\u00ea \u00e7i ye?<\/strong><\/p>\n<p>Piran\u00eeya program\u00ean sereke \u00fb bipere \u2013 \u00fb y\u00ean ku p\u00eadiv\u00eeya wan bi kir\u00een\u00ea an Krak\u00ea heye- alternative wan a b\u00eapere \u00fb azad heye.<\/p>\n<ul>\n<li>Program\u00ean azad \u00e7i ne?<\/li>\n<\/ul>\n<p>Kurteniv\u00eesek der bar\u00ea program\u00ean (<a href=\"https:\/\/arabdigitalexpression.org\/wiki\/%D8%A8%D8%B1%D9%85%D8%AC%D9%8A%D9%91%D8%A7%D8%AA_%D8%AD%D9%8F%D8%B1%D9%91%D8%A9\" target=\"_blank\" rel=\"noopener\">malpera saz\u00eeya Ad\u00eef<\/a>)<\/p>\n<p>&nbsp;<\/p>\n<p>M\u00eenak:<\/p>\n<p>Program\u00ean Microsoft Office .. alternative wan a b\u00eapere: LibreOffice<\/p>\n<p>Alternat\u00eeveke din: OpenOffice.<\/p>\n<p>Programa WinRAR, Alternat\u00eeva w\u00ea ya b\u00eapere \u00fb ewle: 7ZIP<\/p>\n<p>Program\u00ean \u00ead\u00eetekirina dengan, alternative wan a ewle \u00fb b\u00eapere: Audacity<\/p>\n<p>Programa PhotoShop\u00ea alternative w\u00ea a b\u00eapere \u00fb ewle : GIMP<\/p>\n<p>S\u00eestema Windows\u00ea bipere ye, alternat\u00eeveke w\u00ea ya b\u00eapere (Ubuntu)<\/p>\n<ul>\n<li>Hun dikarin malpera ALTERNATIVETO bi kar b\u00eenin da ku hun program\u00ean alternative \u00fb b\u00eapere bib\u00eenin: <a href=\"https:\/\/alternativeto.net\/\" target=\"_blank\" rel=\"noopener\">https:\/\/alternativeto.net<\/a><\/li>\n<li>Her weha hun dikarin v\u00ea malper\u00ea bi kar b\u00eenin <a href=\"https:\/\/bartvandewoestyne.github.io\/osswin\/\" target=\"_blank\" rel=\"noopener\">https:\/\/bartvandewoestyne.github.io\/osswin<\/a> da ku hun gr\u00fbpeke mezin a program\u00ean b\u00eapere y\u00ean li gor c\u00fbrey\u00ea hatine ketegor\u00eekirin (program\u00ean dengan \u2013 program\u00ean \u00ead\u00eetekirina w\u00eaneyan \u2013 program\u00ean v\u00eedyoyan \u2013 program\u00ean zextkirina dosyayan \u2013 program\u00ean d\u00eezayn\u00ea \u2026 hwd)<\/li>\n<\/ul>\n<p>Dibe ku alternative b\u00eapere bi h\u00easan\u00ee ney\u00ea peydakirin an mirov bixwaze programek\u00ea destn\u00ee\u015fankir\u00ee bi kar b\u00eene, ji lew re bixwaze program\u00ea hack bike li \u015f\u00fbna ku programa alternative b\u00eene, ev yek vedigere nirxandina kes\u00ea bikar\u00eaner, \u00e7i ji wan re giring e:<\/p>\n<ul>\n<li>Ewleh\u00ee (bikaran\u00eena program\u00ean b\u00eapere y\u00ean azad)<br \/>\nan<\/li>\n<li>H\u00easan\u00ee (bikaran\u00eena Krak\u00ea) \u00fb pejirandina metirs\u00eeyan!?<\/li>\n<li>Gerek e em bi b\u00eer b\u00eenin ku programa ku nuha em hoy\u00ee bikaran\u00eena w\u00ee b\u00fbne, me ber\u00ea nizan\u00eeb\u00fb bi kar bian\u00eeba, l\u00ea bi dem\u00ea re bo me h\u00easan b\u00fbye (Windows, Word an PhotoShor).<br \/>\nJi lew re, \u00e7i programa n\u00fb destp\u00eak\u00ea zehmet e l\u00ea bi domana dem\u00ea re h\u00easan dibe.<br \/>\nLi gel ku hem\u00fb program\u00ean b\u00eapere\/azad, \u015firove li gel hene.<\/li>\n<\/ul>\n<p>&nbsp;<\/p>\n<p>*<strong>N\u00ee\u015fe: <\/strong><\/p>\n<p>Ev niv\u00ees \u00fb w\u00eaney\u00ean li gel w\u00ea bi r\u00eaya program\u00ean alternative hatine hazirkirin:<\/p>\n<ul>\n<li>Niv\u00ees bi r\u00eaya LibreOffice Writer (b\u00eapere) alternat\u00eeva Microsoft Word.<\/li>\n<li>W\u00eane bi r\u00eaya GIMP (b\u00eapere) alternat\u00eeva PhotoShop.<\/li>\n<li>Bi r\u00eaya S\u00eestema Linux\u00ea (b\u00eapere) alternat\u00eeva Windows\u00ea.<\/li>\n<\/ul>\n<p>Ji Hem\u00fb saz\u00ee \u00fb gr\u00fbp\u00ean rojnamegeran t\u00ea xwestin ku pol\u00eet\u00eeka program\u00ean alternat\u00eev di nava xwe de bihew\u00eene \u00fb (Krak\u00ea) bi kar ne\u00eene ji bo parastina agah\u00ee \u00fb dosyayan.<\/p>\n<p>&nbsp;<\/p>\n<p>&nbsp;<\/p>\n<p>&nbsp;<\/p>\n","protected":false},"excerpt":{"rendered":"<p>Di kar\u00ea rojnameger\u00ee de, p\u00eadiv\u00eeya rojnamegeran bi bikaran\u00eena gelek apl\u00eek\u00ea\u015finan heye &#8220;M\u00eenak: program\u00ean \u00ead\u00eetekirin\u00ea, program\u00ean w\u00eaneyan, program\u00ean v\u00eedyo \u00fb dengan, program\u00ean zextkirina dosyayan \u00fb \u2026 hwd&#8221; Piran\u00eeya van programan bipere ne, an j\u00ee bo demek\u00ea kurt b\u00ea pere ne (vesryona tecr\u00eeb\u00ee bo \u00e7end rojan an \u00e7end mehan e) \u00fb ji bo bikaran\u00eena van programan b\u00ea [&hellip;]<\/p>\n","protected":false},"author":24,"featured_media":189456,"comment_status":"closed","ping_status":"open","sticky":false,"template":"","format":"standard","meta":{"_acf_changed":false,"footnotes":""},"categories":[399],"tags":[],"class_list":["post-189452","post","type-post","status-publish","format-standard","has-post-thumbnail","hentry","category-digital-security","post-wrapper"],"acf":[],"yoast_head":"<!-- This site is optimized with the Yoast SEO Premium plugin v20.6 (Yoast SEO v26.5) - https:\/\/yoast.com\/wordpress\/plugins\/seo\/ -->\n<title>Krak: \u00c7i ye? Metirs\u00eey\u00ean w\u00ee. \u00c7arey\u00ean Elternat\u00eev - \u0627\u0644\u0645\u0631\u0643\u0632 \u0627\u0644\u0633\u0648\u0631\u064a \u0644\u0644\u0625\u0639\u0644\u0627\u0645 \u0648\u062d\u0631\u064a\u0629 \u0627\u0644\u062a\u0639\u0628\u064a\u0631 Syrian Center for Media and Freedom of Expression<\/title>\n<meta name=\"description\" content=\"%\" \/>\n<meta name=\"robots\" content=\"index, follow, max-snippet:-1, max-image-preview:large, max-video-preview:-1\" \/>\n<link rel=\"canonical\" href=\"https:\/\/scm.bz\/kmr\/krak-ci-ye-metirsiyen-wi-careyen-elternativ\/\" \/>\n<meta property=\"og:locale\" content=\"en_US\" \/>\n<meta property=\"og:type\" content=\"article\" \/>\n<meta property=\"og:title\" content=\"Krak: \u00c7i ye? Metirs\u00eey\u00ean w\u00ee. \u00c7arey\u00ean Elternat\u00eev\" \/>\n<meta property=\"og:description\" content=\"%\" \/>\n<meta property=\"og:url\" content=\"https:\/\/scm.bz\/kmr\/krak-ci-ye-metirsiyen-wi-careyen-elternativ\/\" \/>\n<meta property=\"og:site_name\" content=\"\u0627\u0644\u0645\u0631\u0643\u0632 \u0627\u0644\u0633\u0648\u0631\u064a \u0644\u0644\u0625\u0639\u0644\u0627\u0645 \u0648\u062d\u0631\u064a\u0629 \u0627\u0644\u062a\u0639\u0628\u064a\u0631 Syrian Center for Media and Freedom of Expression\" \/>\n<meta property=\"article:publisher\" content=\"https:\/\/www.facebook.com\/scm.center\" \/>\n<meta property=\"article:published_time\" content=\"2019-07-19T10:30:14+00:00\" \/>\n<meta property=\"article:modified_time\" content=\"2019-10-02T13:32:14+00:00\" \/>\n<meta property=\"og:image\" content=\"http:\/\/scm.bz\/wp-content\/uploads\/2019\/07\/RSF_Header_KU_5.png\" \/>\n\t<meta property=\"og:image:width\" content=\"1920\" \/>\n\t<meta property=\"og:image:height\" content=\"1080\" \/>\n\t<meta property=\"og:image:type\" content=\"image\/png\" \/>\n<meta name=\"author\" content=\"scmadmin\" \/>\n<meta name=\"twitter:card\" content=\"summary_large_image\" \/>\n<meta name=\"twitter:creator\" content=\"@SyrianCenter\" \/>\n<meta name=\"twitter:site\" content=\"@SyrianCenter\" \/>\n<meta name=\"twitter:label1\" content=\"Written by\" \/>\n\t<meta name=\"twitter:data1\" content=\"scmadmin\" \/>\n\t<meta name=\"twitter:label2\" content=\"Est. reading time\" \/>\n\t<meta name=\"twitter:data2\" content=\"6 minutes\" \/>\n<script type=\"application\/ld+json\" class=\"yoast-schema-graph\">{\"@context\":\"https:\/\/schema.org\",\"@graph\":[{\"@type\":\"Article\",\"@id\":\"https:\/\/scm.bz\/kmr\/krak-ci-ye-metirsiyen-wi-careyen-elternativ\/#article\",\"isPartOf\":{\"@id\":\"https:\/\/scm.bz\/kmr\/krak-ci-ye-metirsiyen-wi-careyen-elternativ\/\"},\"author\":{\"name\":\"scmadmin\",\"@id\":\"https:\/\/scm.bz\/#\/schema\/person\/d116d4c43d9f3d4fe4b61619e91ead45\"},\"headline\":\"Krak: \u00c7i ye? Metirs\u00eey\u00ean w\u00ee. \u00c7arey\u00ean Elternat\u00eev\",\"datePublished\":\"2019-07-19T10:30:14+00:00\",\"dateModified\":\"2019-10-02T13:32:14+00:00\",\"mainEntityOfPage\":{\"@id\":\"https:\/\/scm.bz\/kmr\/krak-ci-ye-metirsiyen-wi-careyen-elternativ\/\"},\"wordCount\":1119,\"publisher\":{\"@id\":\"https:\/\/scm.bz\/#organization\"},\"image\":{\"@id\":\"https:\/\/scm.bz\/kmr\/krak-ci-ye-metirsiyen-wi-careyen-elternativ\/#primaryimage\"},\"thumbnailUrl\":\"https:\/\/scm.bz\/wp-content\/uploads\/2019\/07\/RSF_Header_KU_5.png\",\"articleSection\":[\"Digital Security\"],\"inLanguage\":\"kmr\"},{\"@type\":\"WebPage\",\"@id\":\"https:\/\/scm.bz\/kmr\/krak-ci-ye-metirsiyen-wi-careyen-elternativ\/\",\"url\":\"https:\/\/scm.bz\/kmr\/krak-ci-ye-metirsiyen-wi-careyen-elternativ\/\",\"name\":\"Krak: \u00c7i ye? Metirs\u00eey\u00ean w\u00ee. \u00c7arey\u00ean Elternat\u00eev - \u0627\u0644\u0645\u0631\u0643\u0632 \u0627\u0644\u0633\u0648\u0631\u064a \u0644\u0644\u0625\u0639\u0644\u0627\u0645 \u0648\u062d\u0631\u064a\u0629 \u0627\u0644\u062a\u0639\u0628\u064a\u0631 Syrian Center for Media and Freedom of Expression\",\"isPartOf\":{\"@id\":\"https:\/\/scm.bz\/#website\"},\"primaryImageOfPage\":{\"@id\":\"https:\/\/scm.bz\/kmr\/krak-ci-ye-metirsiyen-wi-careyen-elternativ\/#primaryimage\"},\"image\":{\"@id\":\"https:\/\/scm.bz\/kmr\/krak-ci-ye-metirsiyen-wi-careyen-elternativ\/#primaryimage\"},\"thumbnailUrl\":\"https:\/\/scm.bz\/wp-content\/uploads\/2019\/07\/RSF_Header_KU_5.png\",\"datePublished\":\"2019-07-19T10:30:14+00:00\",\"dateModified\":\"2019-10-02T13:32:14+00:00\",\"description\":\"%\",\"breadcrumb\":{\"@id\":\"https:\/\/scm.bz\/kmr\/krak-ci-ye-metirsiyen-wi-careyen-elternativ\/#breadcrumb\"},\"inLanguage\":\"kmr\",\"potentialAction\":[{\"@type\":\"ReadAction\",\"target\":[\"https:\/\/scm.bz\/kmr\/krak-ci-ye-metirsiyen-wi-careyen-elternativ\/\"]}]},{\"@type\":\"ImageObject\",\"inLanguage\":\"kmr\",\"@id\":\"https:\/\/scm.bz\/kmr\/krak-ci-ye-metirsiyen-wi-careyen-elternativ\/#primaryimage\",\"url\":\"https:\/\/scm.bz\/wp-content\/uploads\/2019\/07\/RSF_Header_KU_5.png\",\"contentUrl\":\"https:\/\/scm.bz\/wp-content\/uploads\/2019\/07\/RSF_Header_KU_5.png\",\"width\":1920,\"height\":1080},{\"@type\":\"BreadcrumbList\",\"@id\":\"https:\/\/scm.bz\/kmr\/krak-ci-ye-metirsiyen-wi-careyen-elternativ\/#breadcrumb\",\"itemListElement\":[{\"@type\":\"ListItem\",\"position\":1,\"name\":\"Home\",\"item\":\"https:\/\/scm.bz\/kmr\/\"},{\"@type\":\"ListItem\",\"position\":2,\"name\":\"Krak: \u00c7i ye? Metirs\u00eey\u00ean w\u00ee. \u00c7arey\u00ean Elternat\u00eev\"}]},{\"@type\":\"WebSite\",\"@id\":\"https:\/\/scm.bz\/#website\",\"url\":\"https:\/\/scm.bz\/\",\"name\":\"\u0627\u0644\u0645\u0631\u0643\u0632 \u0627\u0644\u0633\u0648\u0631\u064a \u0644\u0644\u0625\u0639\u0644\u0627\u0645 \u0648\u062d\u0631\u064a\u0629 \u0627\u0644\u062a\u0639\u0628\u064a\u0631 Syrian Center for Media and Freedom of Expression\",\"description\":\"\",\"publisher\":{\"@id\":\"https:\/\/scm.bz\/#organization\"},\"potentialAction\":[{\"@type\":\"SearchAction\",\"target\":{\"@type\":\"EntryPoint\",\"urlTemplate\":\"https:\/\/scm.bz\/?s={search_term_string}\"},\"query-input\":{\"@type\":\"PropertyValueSpecification\",\"valueRequired\":true,\"valueName\":\"search_term_string\"}}],\"inLanguage\":\"kmr\"},{\"@type\":\"Organization\",\"@id\":\"https:\/\/scm.bz\/#organization\",\"name\":\"\u0627\u0644\u0645\u0631\u0643\u0632 \u0627\u0644\u0633\u0648\u0631\u064a \u0644\u0644\u0625\u0639\u0644\u0627\u0645 \u0648\u062d\u0631\u064a\u0629 \u0627\u0644\u062a\u0639\u0628\u064a\u0631 Syrian Center for Media and Freedom of Expression\",\"url\":\"https:\/\/scm.bz\/\",\"logo\":{\"@type\":\"ImageObject\",\"inLanguage\":\"kmr\",\"@id\":\"https:\/\/scm.bz\/#\/schema\/logo\/image\/\",\"url\":\"http:\/\/scm.bz\/wp-content\/uploads\/2021\/01\/SCM-logo-1-with-Clear-Space-1-2.png\",\"contentUrl\":\"http:\/\/scm.bz\/wp-content\/uploads\/2021\/01\/SCM-logo-1-with-Clear-Space-1-2.png\",\"width\":1450,\"height\":1450,\"caption\":\"\u0627\u0644\u0645\u0631\u0643\u0632 \u0627\u0644\u0633\u0648\u0631\u064a \u0644\u0644\u0625\u0639\u0644\u0627\u0645 \u0648\u062d\u0631\u064a\u0629 \u0627\u0644\u062a\u0639\u0628\u064a\u0631 Syrian Center for Media and Freedom of Expression\"},\"image\":{\"@id\":\"https:\/\/scm.bz\/#\/schema\/logo\/image\/\"},\"sameAs\":[\"https:\/\/www.facebook.com\/scm.center\",\"https:\/\/x.com\/SyrianCenter\"]},{\"@type\":\"Person\",\"@id\":\"https:\/\/scm.bz\/#\/schema\/person\/d116d4c43d9f3d4fe4b61619e91ead45\",\"name\":\"scmadmin\",\"image\":{\"@type\":\"ImageObject\",\"inLanguage\":\"kmr\",\"@id\":\"https:\/\/scm.bz\/#\/schema\/person\/image\/\",\"url\":\"https:\/\/secure.gravatar.com\/avatar\/8cb2b559549de2ba5e28f5d26e15c8f315b5dd63c953e348e6769ae2e88e3cdc?s=96&d=blank&r=g\",\"contentUrl\":\"https:\/\/secure.gravatar.com\/avatar\/8cb2b559549de2ba5e28f5d26e15c8f315b5dd63c953e348e6769ae2e88e3cdc?s=96&d=blank&r=g\",\"caption\":\"scmadmin\"},\"url\":\"https:\/\/scm.bz\/kmr\/author\/scmadmin\/\"}]}<\/script>\n<!-- \/ Yoast SEO Premium plugin. -->","yoast_head_json":{"title":"Krak: \u00c7i ye? Metirs\u00eey\u00ean w\u00ee. \u00c7arey\u00ean Elternat\u00eev - \u0627\u0644\u0645\u0631\u0643\u0632 \u0627\u0644\u0633\u0648\u0631\u064a \u0644\u0644\u0625\u0639\u0644\u0627\u0645 \u0648\u062d\u0631\u064a\u0629 \u0627\u0644\u062a\u0639\u0628\u064a\u0631 Syrian Center for Media and Freedom of Expression","description":"%","robots":{"index":"index","follow":"follow","max-snippet":"max-snippet:-1","max-image-preview":"max-image-preview:large","max-video-preview":"max-video-preview:-1"},"canonical":"https:\/\/scm.bz\/kmr\/krak-ci-ye-metirsiyen-wi-careyen-elternativ\/","og_locale":"en_US","og_type":"article","og_title":"Krak: \u00c7i ye? Metirs\u00eey\u00ean w\u00ee. \u00c7arey\u00ean Elternat\u00eev","og_description":"%","og_url":"https:\/\/scm.bz\/kmr\/krak-ci-ye-metirsiyen-wi-careyen-elternativ\/","og_site_name":"\u0627\u0644\u0645\u0631\u0643\u0632 \u0627\u0644\u0633\u0648\u0631\u064a \u0644\u0644\u0625\u0639\u0644\u0627\u0645 \u0648\u062d\u0631\u064a\u0629 \u0627\u0644\u062a\u0639\u0628\u064a\u0631 Syrian Center for Media and Freedom of Expression","article_publisher":"https:\/\/www.facebook.com\/scm.center","article_published_time":"2019-07-19T10:30:14+00:00","article_modified_time":"2019-10-02T13:32:14+00:00","og_image":[{"width":1920,"height":1080,"url":"http:\/\/scm.bz\/wp-content\/uploads\/2019\/07\/RSF_Header_KU_5.png","type":"image\/png"}],"author":"scmadmin","twitter_card":"summary_large_image","twitter_creator":"@SyrianCenter","twitter_site":"@SyrianCenter","twitter_misc":{"Written by":"scmadmin","Est. reading time":"6 minutes"},"schema":{"@context":"https:\/\/schema.org","@graph":[{"@type":"Article","@id":"https:\/\/scm.bz\/kmr\/krak-ci-ye-metirsiyen-wi-careyen-elternativ\/#article","isPartOf":{"@id":"https:\/\/scm.bz\/kmr\/krak-ci-ye-metirsiyen-wi-careyen-elternativ\/"},"author":{"name":"scmadmin","@id":"https:\/\/scm.bz\/#\/schema\/person\/d116d4c43d9f3d4fe4b61619e91ead45"},"headline":"Krak: \u00c7i ye? Metirs\u00eey\u00ean w\u00ee. \u00c7arey\u00ean Elternat\u00eev","datePublished":"2019-07-19T10:30:14+00:00","dateModified":"2019-10-02T13:32:14+00:00","mainEntityOfPage":{"@id":"https:\/\/scm.bz\/kmr\/krak-ci-ye-metirsiyen-wi-careyen-elternativ\/"},"wordCount":1119,"publisher":{"@id":"https:\/\/scm.bz\/#organization"},"image":{"@id":"https:\/\/scm.bz\/kmr\/krak-ci-ye-metirsiyen-wi-careyen-elternativ\/#primaryimage"},"thumbnailUrl":"https:\/\/scm.bz\/wp-content\/uploads\/2019\/07\/RSF_Header_KU_5.png","articleSection":["Digital Security"],"inLanguage":"kmr"},{"@type":"WebPage","@id":"https:\/\/scm.bz\/kmr\/krak-ci-ye-metirsiyen-wi-careyen-elternativ\/","url":"https:\/\/scm.bz\/kmr\/krak-ci-ye-metirsiyen-wi-careyen-elternativ\/","name":"Krak: \u00c7i ye? Metirs\u00eey\u00ean w\u00ee. \u00c7arey\u00ean Elternat\u00eev - \u0627\u0644\u0645\u0631\u0643\u0632 \u0627\u0644\u0633\u0648\u0631\u064a \u0644\u0644\u0625\u0639\u0644\u0627\u0645 \u0648\u062d\u0631\u064a\u0629 \u0627\u0644\u062a\u0639\u0628\u064a\u0631 Syrian Center for Media and Freedom of Expression","isPartOf":{"@id":"https:\/\/scm.bz\/#website"},"primaryImageOfPage":{"@id":"https:\/\/scm.bz\/kmr\/krak-ci-ye-metirsiyen-wi-careyen-elternativ\/#primaryimage"},"image":{"@id":"https:\/\/scm.bz\/kmr\/krak-ci-ye-metirsiyen-wi-careyen-elternativ\/#primaryimage"},"thumbnailUrl":"https:\/\/scm.bz\/wp-content\/uploads\/2019\/07\/RSF_Header_KU_5.png","datePublished":"2019-07-19T10:30:14+00:00","dateModified":"2019-10-02T13:32:14+00:00","description":"%","breadcrumb":{"@id":"https:\/\/scm.bz\/kmr\/krak-ci-ye-metirsiyen-wi-careyen-elternativ\/#breadcrumb"},"inLanguage":"kmr","potentialAction":[{"@type":"ReadAction","target":["https:\/\/scm.bz\/kmr\/krak-ci-ye-metirsiyen-wi-careyen-elternativ\/"]}]},{"@type":"ImageObject","inLanguage":"kmr","@id":"https:\/\/scm.bz\/kmr\/krak-ci-ye-metirsiyen-wi-careyen-elternativ\/#primaryimage","url":"https:\/\/scm.bz\/wp-content\/uploads\/2019\/07\/RSF_Header_KU_5.png","contentUrl":"https:\/\/scm.bz\/wp-content\/uploads\/2019\/07\/RSF_Header_KU_5.png","width":1920,"height":1080},{"@type":"BreadcrumbList","@id":"https:\/\/scm.bz\/kmr\/krak-ci-ye-metirsiyen-wi-careyen-elternativ\/#breadcrumb","itemListElement":[{"@type":"ListItem","position":1,"name":"Home","item":"https:\/\/scm.bz\/kmr\/"},{"@type":"ListItem","position":2,"name":"Krak: \u00c7i ye? Metirs\u00eey\u00ean w\u00ee. \u00c7arey\u00ean Elternat\u00eev"}]},{"@type":"WebSite","@id":"https:\/\/scm.bz\/#website","url":"https:\/\/scm.bz\/","name":"\u0627\u0644\u0645\u0631\u0643\u0632 \u0627\u0644\u0633\u0648\u0631\u064a \u0644\u0644\u0625\u0639\u0644\u0627\u0645 \u0648\u062d\u0631\u064a\u0629 \u0627\u0644\u062a\u0639\u0628\u064a\u0631 Syrian Center for Media and Freedom of Expression","description":"","publisher":{"@id":"https:\/\/scm.bz\/#organization"},"potentialAction":[{"@type":"SearchAction","target":{"@type":"EntryPoint","urlTemplate":"https:\/\/scm.bz\/?s={search_term_string}"},"query-input":{"@type":"PropertyValueSpecification","valueRequired":true,"valueName":"search_term_string"}}],"inLanguage":"kmr"},{"@type":"Organization","@id":"https:\/\/scm.bz\/#organization","name":"\u0627\u0644\u0645\u0631\u0643\u0632 \u0627\u0644\u0633\u0648\u0631\u064a \u0644\u0644\u0625\u0639\u0644\u0627\u0645 \u0648\u062d\u0631\u064a\u0629 \u0627\u0644\u062a\u0639\u0628\u064a\u0631 Syrian Center for Media and Freedom of Expression","url":"https:\/\/scm.bz\/","logo":{"@type":"ImageObject","inLanguage":"kmr","@id":"https:\/\/scm.bz\/#\/schema\/logo\/image\/","url":"http:\/\/scm.bz\/wp-content\/uploads\/2021\/01\/SCM-logo-1-with-Clear-Space-1-2.png","contentUrl":"http:\/\/scm.bz\/wp-content\/uploads\/2021\/01\/SCM-logo-1-with-Clear-Space-1-2.png","width":1450,"height":1450,"caption":"\u0627\u0644\u0645\u0631\u0643\u0632 \u0627\u0644\u0633\u0648\u0631\u064a \u0644\u0644\u0625\u0639\u0644\u0627\u0645 \u0648\u062d\u0631\u064a\u0629 \u0627\u0644\u062a\u0639\u0628\u064a\u0631 Syrian Center for Media and Freedom of Expression"},"image":{"@id":"https:\/\/scm.bz\/#\/schema\/logo\/image\/"},"sameAs":["https:\/\/www.facebook.com\/scm.center","https:\/\/x.com\/SyrianCenter"]},{"@type":"Person","@id":"https:\/\/scm.bz\/#\/schema\/person\/d116d4c43d9f3d4fe4b61619e91ead45","name":"scmadmin","image":{"@type":"ImageObject","inLanguage":"kmr","@id":"https:\/\/scm.bz\/#\/schema\/person\/image\/","url":"https:\/\/secure.gravatar.com\/avatar\/8cb2b559549de2ba5e28f5d26e15c8f315b5dd63c953e348e6769ae2e88e3cdc?s=96&d=blank&r=g","contentUrl":"https:\/\/secure.gravatar.com\/avatar\/8cb2b559549de2ba5e28f5d26e15c8f315b5dd63c953e348e6769ae2e88e3cdc?s=96&d=blank&r=g","caption":"scmadmin"},"url":"https:\/\/scm.bz\/kmr\/author\/scmadmin\/"}]}},"_links":{"self":[{"href":"https:\/\/scm.bz\/kmr\/wp-json\/wp\/v2\/posts\/189452","targetHints":{"allow":["GET"]}}],"collection":[{"href":"https:\/\/scm.bz\/kmr\/wp-json\/wp\/v2\/posts"}],"about":[{"href":"https:\/\/scm.bz\/kmr\/wp-json\/wp\/v2\/types\/post"}],"author":[{"embeddable":true,"href":"https:\/\/scm.bz\/kmr\/wp-json\/wp\/v2\/users\/24"}],"replies":[{"embeddable":true,"href":"https:\/\/scm.bz\/kmr\/wp-json\/wp\/v2\/comments?post=189452"}],"version-history":[{"count":0,"href":"https:\/\/scm.bz\/kmr\/wp-json\/wp\/v2\/posts\/189452\/revisions"}],"wp:featuredmedia":[{"embeddable":true,"href":"https:\/\/scm.bz\/kmr\/wp-json\/wp\/v2\/media\/189456"}],"wp:attachment":[{"href":"https:\/\/scm.bz\/kmr\/wp-json\/wp\/v2\/media?parent=189452"}],"wp:term":[{"taxonomy":"category","embeddable":true,"href":"https:\/\/scm.bz\/kmr\/wp-json\/wp\/v2\/categories?post=189452"},{"taxonomy":"post_tag","embeddable":true,"href":"https:\/\/scm.bz\/kmr\/wp-json\/wp\/v2\/tags?post=189452"}],"curies":[{"name":"wp","href":"https:\/\/api.w.org\/{rel}","templated":true}]}}