{"id":189424,"date":"2019-06-27T12:57:58","date_gmt":"2019-06-27T10:57:58","guid":{"rendered":"https:\/\/scm.bz?p=189424"},"modified":"2019-06-27T12:57:58","modified_gmt":"2019-06-27T10:57:58","slug":"missing_persons_syria_ku","status":"publish","type":"post","link":"https:\/\/scm.bz\/kmr\/missing_persons_syria_ku\/","title":{"rendered":"Nameyeke Hevbe\u015f der bar\u00ea Biryara Encumena Ewlekar\u00eey\u00ea ya Winady\u00ean \u015eer\u00ean \u00c7ekdar\u00ee de"},"content":{"rendered":"<p style=\"text-align: right;\"><span style=\"font-weight: 400;\">25\u00ea\u00a0 Hiz\u00earana 2019<\/span><\/p>\n<p>&nbsp;<\/p>\n<p><span style=\"font-weight: 400;\">Bi berwewam\u00eeay bobelata ku bi ser\u00ea bi hezar\u00ean malbat\u00ean li S\u00fbr\u00eeyay\u00ea hat, ku ke\u00e7 \u00fb law\u00ean di \u015fer\u00ea berdewam de ji dest wan \u00e7\u00fbn, h\u00eav\u00ee bi derketina biryara navdewlet\u00ee ya p\u00ea\u015f\u00een, S\u00ea\u015fem\u00ea 11\u00ea hiz\u00earana 2019an, ji h\u00eala encumena ewlekar\u00eey\u00ea ve cardin dipi\u015fkive. Ev biryar teqez\u00eey\u00ea li ser p\u00ea\u015fek\u00eeya mijara winday\u00ean \u015fer\u00ean \u00e7ekdar\u00ee dike \u00fb doza tevgereke navdewlet\u00ee bo qedexekirina windakirina bine\u00e7ar\u00ee di \u015fer\u00ean \u00e7ekdar\u00ee de dike.<\/span><\/p>\n<p>&nbsp;<\/p>\n<p><span style=\"font-weight: 400;\">Em r\u00eaxistin\u00ean j\u00ear\u00eemzeker, li gel p\u00ea\u015fwaz\u00eeya li v\u00ea gava p\u00ea\u015fket\u00ee di encumena ewlekar\u00eey\u00ea de, ku bi destp\u00ea\u015fxer\u00eeya Kiw\u00eat\u00ea derketiye hol\u00ea, bi r\u00eaya derxistina biryara winday\u00ean \u015fer\u00ean \u00e7ekdar\u00ee <\/span><a href=\"https:\/\/undocs.org\/s\/res\/2474(2019)\"><span style=\"font-weight: 400;\">S\/RES\/2474<\/span><\/a><span style=\"font-weight: 400;\">, em ji dewlet\u00ean endam\u00ean Encumena Ewlekar\u00eey\u00ea \u00fb dewlet\u00ean ku pi\u015ftgir\u00eeya maf\u00ean mirovan \u00fb \u00e7areya a\u015ft\u00eeyane bo \u015fer\u00ean \u00e7ekdar\u00ee dikin, dixwazin ku fi\u015far\u00ea li ser al\u00eey\u00ean \u015fer li S\u00fbr\u00eeyay\u00ea bikin da ku biryar\u00ean zelal \u00fb diyar li gor biryara navdewlet\u00ee bi cih b\u00eenin \u00fb \u00e7aren\u00fbsa bi hezar\u00ean kes\u00ean winda \u00fb revand\u00ee e\u015fkere bikin, li gel garant\u00eekirina damezrandina m\u00eekan\u00eezmeke l\u00eapirs\u00een \u00fb cezakirin\u00ea ya serbixwe \u00fb bi serpere\u015ft\u00eeya navdewlet\u00ee, da ku e\u015fkerekirina \u00e7aren\u00fbsa windayan \u00fb dadgehkirineke dadmend bo tawankaran misoger be.<\/span><\/p>\n<p>&nbsp;<\/p>\n<p><span style=\"font-weight: 400;\">\u00c7aren\u00fbsa hejmareke nedestn\u00ee\u015fankir\u00ee ji S\u00fbr\u00eeyay\u00eeyan \u00eeroj ne diyar e, ji ber ku bi awayek\u00ee keyf\u00ee hatine girtin \u00fb bi ne\u00e7ar\u00ee hatine ve\u015fartin. Malbat\u00ean wan j\u00ee bendewar\u00ean agah\u00eeyek\u00ea ne. Dema ku Hik\u00fbmeta S\u00fbr\u00eeyay\u00ee dest bi siyaseta derxistina mirinnamey\u00ean kes\u00ean winda kir, pi\u015ft\u00ee ku gelek sal li ser windab\u00fby\u00eena wan derbas b\u00fbn, l\u00ea al\u00eey\u00ean ewlekar\u00eey\u00ea \u00fb dadgeh\u00ean S\u00fbr\u00eeyay\u00ee h\u00een j\u00ee l\u00eapirs\u00eeneke zelal der bar\u00ea\u00a0 sedem\u00ean mirina wan venakin, ne j\u00ee term\u00ean wan radest\u00ee malbatan dikin her weha ne j\u00ee rew\u015f \u00fb cih\u00ea girtina wan di sal\u00ean pi\u015ft\u00ee windab\u00fby\u00eena wan \u00fb ber\u00ee mirina wan diyar dikin.<\/span><\/p>\n<p>&nbsp;<\/p>\n<p><span style=\"font-weight: 400;\">Di v\u00ee war\u00ee de, em bendewar\u00ean \u015fopandina \u00e7alak ya encumena we ne bo v\u00ea mijar\u00ea her weha daxwaz dikin ku xebatek were kirin da ku s\u00eenorek ji bo van kiryaran \u00fb siyaseta b\u00eacezakirin\u00ea re were dan\u00een, ji ber ku li dij\u00ee her derfeteke a\u015ft\u00ee \u00fb lihevkirin\u00ea li S\u00fbr\u00eeyay\u00ea disekinin.<\/span><\/p>\n<p><span style=\"font-weight: 400;\">Derxistina biryar\u00ea \u00fb er\u00eakirina hem\u00fb al\u00eeyan li ser v\u00eeneke navdewlet\u00ee bo e\u015fkerekirina dosyaya windayan dinim\u00eene, em j\u00ee weke be\u015fek\u00ee h\u00eaz\u00ean civaka siv\u00eel li c\u00eehan\u00ea; bendewar\u00ean rola \u00e7alak ya Netewey\u00ean Yekb\u00fby\u00ee \u00fb dewlet\u00ean endam\u00ean Encumena Ewlekar\u00eey\u00ea ne, ji bo \u015fopandina rew\u015fa girt\u00ee \u00fb windayan, \u00e7i qurban\u00eey\u00ean DAI\u015e\u00ea, y\u00ean h\u00eaz\u00ean Hik\u00fbmet\u00ea an kom\u00ean \u00e7ekdar bin li S\u00fbr\u00eeyay\u00ea, herweha garant\u00eekirina pabend\u00eeya al\u00eey\u00ean \u015fer \u00fb hevalbend\u00ean wan bi al\u00eekar\u00eeya b\u00ea \u015fert \u00fb merc ji bo e\u015fkerekirina \u00e7aren\u00fbsa girt\u00ee \u00fb windayan \u00fb destn\u00ee\u015fankirina berpirsan, weke gaveke p\u00ea\u015f\u00een a bicihan\u00eena dadmend\u00eey\u00ea \u00fb avakirina dewleta serwer\u00eeya qan\u00fbn\u00ea li S\u00fbr\u00eeyay\u00ea.<\/span><\/p>\n<p>&nbsp;<\/p>\n<p><span style=\"font-weight: 400;\">Li gel bendewar\u00eeya me bo \u015fopandina Em\u00eendar\u00ea Gi\u015ft\u00ee y\u00ea Netewty\u00ean Yekb\u00fby\u00ee bo mijara windayan li S\u00fbr\u00eeya \u00fb C\u00eehan\u00ea, em teqez\u00eey\u00ea li ser giring\u00eeya hevkar\u00eeya di nav h\u00eaz\u00ean siv\u00eel de dikin \u00fb dib\u00eenin ku hevkar\u00eeyeke rast d\u00ea xwed\u00ee bandor be di \u00e7alakkirina rola rapor\u00ean em\u00eendar\u00eeya gi\u015ft\u00ee y\u00ean dewr\u00ee di war\u00ea mijar\u00ean windayan de her weha d\u00ea xwed\u00ee \u015f\u00fbneke hi\u015ftina v\u00ea dosyay\u00ea di p\u00ea\u015fek\u00eeya destp\u00ea\u015fxer\u00eey\u00ean \u00e7areser\u00ee \u00fb a\u015ft\u00eeya c\u00eehan\u00ee de be.<\/span><\/p>\n<p>&nbsp;<\/p>\n<p><span style=\"font-weight: 400;\">Ji vir, em r\u00eaxistin\u00ean siv\u00eel y\u00ean ku dijat\u00eeya mak\u00eeneya ceng\u00ea dikin, dan\u00fbstendin\u00ea bi guhertin\u00ean civak\u00ean nevxwey\u00ee di dem\u00ean ceng\u00ea de dikin \u00fb binp\u00eakirin\u00ean maf\u00ean mirovan bibelge dikin, teqez\u00eeya xwe cardin der bar\u00ea giring\u00eeya r\u00fbni\u015ftin\u00ean Encumena Ewlekar\u00eey\u00ea y\u00ea taybet bo dosyaya winda \u00fb girt\u00eey\u00ean \u015fer\u00ea \u00e7ekdar\u00ee li S\u00fbr\u00eeyay\u00ea, t\u00eenin ziman, her weha derxistina nex\u015fer\u00eayek\u00ea ku li gor biryar\u00ea be \u00fb bi van xalan pabend be:<\/span><\/p>\n<ol>\n<li style=\"font-weight: 400;\"><span style=\"font-weight: 400;\">E\u015fkerekirina \u00e7aren\u00fbsa windayan ji h\u00eala al\u00eey\u00ean \u015fer li S\u00fbr\u00eeyay\u00ea, nemaze ji h\u00eala Hik\u00fbmet\u00ea ve, bi r\u00eaya radestkirina l\u00eestey\u00ean ferm\u00ee y\u00ean nav\u00ean girt\u00eeya, cih \u00fb d\u00eeroka girtina wan, sedem \u00fb tomet, bo saz\u00ee \u00fb ajans\u00ean navdewlet\u00ee her weha serbeskirina hem\u00fb girt\u00ee \u00fb revand\u00eey\u00ean li cem hem\u00fb al\u00eeyan li S\u00fbr\u00eeyay\u00ea, ku ji ber maf\u00ean xwe y\u00ean sereke hatine girtin, demlidest \u00fb b\u00ea \u015fert \u00fb merc.<\/span><\/li>\n<li style=\"font-weight: 400;\"><span style=\"font-weight: 400;\">Pabendkirina desthilat\u00ean nerewa \u00fb al\u00eey\u00ean \u015fer y\u00ean navxwey\u00ee, her\u00eam\u00ee \u00fb navdewlet\u00ee, bi rawestandina demlidest ya girtina keyf\u00ee \u00fb ve\u015fartina bi ne\u00e7ar\u00ee, her weha rawestandina operasyon\u00ean bidarvekirin \u00fb ku\u015ftina girt\u00eeya \u00fb radestkirina terman.<\/span><\/li>\n<li style=\"font-weight: 400;\"><span style=\"font-weight: 400;\">\u00a0P\u00ea\u015fk\u00ea\u015fkirina garant\u00eey\u00ean navdewlet\u00ee bo parastina hem\u00fb dever, peyt \u00fb komgoran li seranser\u00ee S\u00fbr\u00eeyay\u00ee ji bo ku d\u00eetina rew\u015f\u00ean al\u00eekar di gera li qurban\u00eeyan de \u00fb parastina peyt\u00ean al\u00eekar di cezakirin\u00ea de, misoger be.<\/span><\/li>\n<li style=\"font-weight: 400;\"><span style=\"font-weight: 400;\">Avakirina dezgeheke ni\u015ft\u00eeman\u00ee bi serpere\u015ft\u00eeyeke navetewey\u00ee da ku di ber dosyaya windayan li S\u00fbr\u00eeyay\u00ea berpirs be her weha bi kar\u00ean vekirina hem\u00fb girt\u00eegeh\u00ean ku ji h\u00eala Hik\u00fbmeta S\u00fbr\u00eeyay\u00ee ve t\u00ean bir\u00eavebirin her weha girtingeh\u00ean gir\u00eaday\u00ee DAI\u015e\u00ea \u00fb al\u00eey\u00ean le\u015fker\u00ee y\u00ean opozisyon\u00ea \u00fb y\u00ean rad\u00eekal li p\u00ea\u015f pispor\u00ean navdewlet\u00ee \u00fb navxwey\u00ee her weha dezgeh\u00ean mafnas \u00fb mirov\u00ee y\u00ean navxwey\u00ee \u00fb navdewlet\u00ee.<\/span><\/li>\n<li style=\"font-weight: 400;\"><span style=\"font-weight: 400;\">Pi\u015ftgir\u00eeya r\u00eaxistin\u00ean civaka siv\u00eel y\u00ean ku di war\u00ea bibelgekirina windayan \u00fb gr\u00fbp\u00ean qurban\u00eeyan\u00a0 de dixebitin, da ku karibin bi kar\u00ea xwe di war\u00ea l\u00eager\u00een\u00ea \u00fb bibelgekirina windayan \u00fb destn\u00ee\u015fankirina berpirsan de rabin. Her weha pi\u015ftgir\u00eeya dezgeh\u00ean ewlekar\u00eey\u00eay\u00ean pispor di war\u00ea \u015fopandina tawan\u00ean ceng\u00ea \u00fb y\u00ean dij\u00ee mirovah\u00eey\u00ea de li S\u00fbr\u00eeyay\u00ea li gel rew\u015f\u00ean ve\u015fartina bine\u00e7ar\u00ee \u00fb windayan, nemaze Kom\u00eeteya \u015eopandina Rast\u00eey\u00ea li S\u00fbr\u00eeyay\u00ea \u00fb M\u00eekan\u00eezma B\u00eaal\u00ee \u00fb Serbixwe ya Nevdewlet\u00ee ji bo \u015fopoandina l\u00eapirs\u00eenan \u00fb dozvekirina li kes\u00ean ku tawan\u00ean metirs\u00eedar li gor Qan\u00fbna Navdewlet\u00ee ji 2011an ve li S\u00fbr\u00eeyay\u00ea kirine.<\/span><\/li>\n<\/ol>\n<p>&nbsp;<\/p>\n<p><span style=\"font-weight: 400;\">R\u00eaxistin\u00ean \u00cemzeker:<\/span><\/p>\n<table>\n<tbody>\n<tr>\n<td>\n<ul>\n<li style=\"font-weight: 400;\"><span style=\"font-weight: 400;\">Berevan\u00eeya Siv\u00eel a S\u00fbr\u00eeyay\u00ee &#8211; Kum\u00ean Sip\u00ee<\/span><\/li>\n<li style=\"font-weight: 400;\"><span style=\"font-weight: 400;\">Beytuna S\u00fbr\u00eeya<\/span><\/li>\n<li style=\"font-weight: 400;\"><span style=\"font-weight: 400;\">Bi Dad\u00ea Re<\/span><\/li>\n<li style=\"font-weight: 400;\"><span style=\"font-weight: 400;\">Bosle ya Perwerde \u00fb Xulqdar\u00eey\u00ea<\/span><\/li>\n<li style=\"font-weight: 400;\"><span style=\"font-weight: 400;\">Deng\u00ea Girt\u00eeyan<\/span><\/li>\n<li style=\"font-weight: 400;\"><span style=\"font-weight: 400;\">Dewlet\u00ee<\/span><\/li>\n<li style=\"font-weight: 400;\"><span style=\"font-weight: 400;\">El-S\u00fbr\u00eeye Net<\/span><\/li>\n<li style=\"font-weight: 400;\"><span style=\"font-weight: 400;\">Elyewm Eltal\u00ee<\/span><\/li>\n<li style=\"font-weight: 400;\"><span style=\"font-weight: 400;\">Fenar ya Ge\u015fep\u00eadana Civak\u00ee<\/span><\/li>\n<li style=\"font-weight: 400;\"><span style=\"font-weight: 400;\">Hevgirtina Malbat\u00ean Revand\u00eey\u00ean DAI\u015e\u00ea<\/span><\/li>\n<li style=\"font-weight: 400;\"><span style=\"font-weight: 400;\">Hevgirtina Malbat\u00ean S\u00eezer\u00ea<\/span><\/li>\n<li style=\"font-weight: 400;\"><span style=\"font-weight: 400;\">Hevgirtina \u015eemil<\/span><\/li>\n<li style=\"font-weight: 400;\"><span style=\"font-weight: 400;\">Hevgirtina S\u00fbr\u00eeyay\u00ee ya Hemwelat\u00een\u00eey\u00ea<\/span><\/li>\n<li style=\"font-weight: 400;\"><span style=\"font-weight: 400;\">Hevgirtina S\u00fbr\u00eeyay\u00ee ya Maf\u00ean Mirovan \u00fb L\u00eapirs\u00een\u00ea<\/span><\/li>\n<li style=\"font-weight: 400;\"><span style=\"font-weight: 400;\">Hizir \u00fb Avakirin (Navenda S\u00fbr\u00eeyay\u00eeyan li Manchester\u00ea)<\/span><\/li>\n<li style=\"font-weight: 400;\"><span style=\"font-weight: 400;\">\u00cehsan ya Hawar\u00e7\u00fbn \u00fb Ge\u015fep\u00eadan\u00ea<\/span><\/li>\n<li style=\"font-weight: 400;\"><span style=\"font-weight: 400;\">Kampan\u00eeya Bi Y\u00ean Din Re Al\u00eekar Bin<\/span><\/li>\n<li style=\"font-weight: 400;\"><span style=\"font-weight: 400;\">Kampan\u00eeya Ji Bo S\u00fbr\u00eeyay\u00ea<\/span><\/li>\n<li style=\"font-weight: 400;\"><span style=\"font-weight: 400;\">Ki\u015f Melik<\/span><\/li>\n<li style=\"font-weight: 400;\"><span style=\"font-weight: 400;\">Kl\u00fbba S\u00fbr\u00eeyay\u00ee<\/span><\/li>\n<li style=\"font-weight: 400;\"><span style=\"font-weight: 400;\">Kom\u00eeteya Maf\u00ean Mirovan a S\u00fbr\u00eeyay\u00ea (MAF)<\/span><\/li>\n<li style=\"font-weight: 400;\"><span style=\"font-weight: 400;\">Lob\u00eeya Fem\u00een\u00eezma S\u00fbr\u00eeyay\u00ee<\/span><\/li>\n<li style=\"font-weight: 400;\"><span style=\"font-weight: 400;\">Malbat\u00ean Azad\u00eey\u00ea<\/span><\/li>\n<li style=\"font-weight: 400;\"><span style=\"font-weight: 400;\">Najda Now International<\/span><\/li>\n<li style=\"font-weight: 400;\"><span style=\"font-weight: 400;\">Navenda Bibelgekirina Binp\u00eakirinan<\/span><\/li>\n<\/ul>\n<\/td>\n<td>\n<ul>\n<li style=\"font-weight: 400;\"><span style=\"font-weight: 400;\">Navenda Dad\u00ea ya Maf\u00ean Mirovan<\/span><\/li>\n<li style=\"font-weight: 400;\"><span style=\"font-weight: 400;\">Navenda L\u00eakol\u00een\u00ean Komara Demokrat<\/span><\/li>\n<li style=\"font-weight: 400;\"><span style=\"font-weight: 400;\">Navenda Omran\u00ea ya L\u00eakol\u00eena &#8211; Kl\u00fbba S\u00fbr\u00eeyay\u00ee<\/span><\/li>\n<li style=\"font-weight: 400;\"><span style=\"font-weight: 400;\">Navenda S\u00fbr\u00eeyay\u00ee ya Jimartin\u00ea \u00fb L\u00eakol\u00eenan<\/span><\/li>\n<li style=\"font-weight: 400;\"><span style=\"font-weight: 400;\">Navenda S\u00fbr\u00eeyay\u00ee ya Ragihandin\u00ea \u00fb Azad\u00eeya Derbir\u00een\u00ea<\/span><\/li>\n<li style=\"font-weight: 400;\"><span style=\"font-weight: 400;\">Navenda Wis\u00fbl\u00ea ya Maf\u00ean Mirovan<\/span><\/li>\n<li style=\"font-weight: 400;\"><span style=\"font-weight: 400;\">No Photo Zone<\/span><\/li>\n<li style=\"font-weight: 400;\"><span style=\"font-weight: 400;\">Oronamo ya Dad\u00ea \u00fb Maf\u00ean Mirovan<\/span><\/li>\n<li style=\"font-weight: 400;\"><span style=\"font-weight: 400;\">P\u00caL &#8211; P\u00eal\u00ean Siv\u00eelane<\/span><\/li>\n<li style=\"font-weight: 400;\"><span style=\"font-weight: 400;\">Programa S\u00fbr\u00eeyay\u00ee ya Bip\u00ea\u015fxistina Qan\u00fbn\u00ee<\/span><\/li>\n<li style=\"font-weight: 400;\"><span style=\"font-weight: 400;\">Rewangeha S\u00fbr\u00eeyay\u00ee ya Maf\u00ean Mirovan<\/span><\/li>\n<li style=\"font-weight: 400;\"><span style=\"font-weight: 400;\">R\u00eaxistina Bedail\u00ea<\/span><\/li>\n<li style=\"font-weight: 400;\"><span style=\"font-weight: 400;\">R\u00eaxistina Birat\u00ee ya Maf\u00ean Mirovan<\/span><\/li>\n<li style=\"font-weight: 400;\"><span style=\"font-weight: 400;\">R\u00eaxistina Dadmend\u00eey\u00ea bo Jiyan\u00ea<\/span><\/li>\n<li style=\"font-weight: 400;\"><span style=\"font-weight: 400;\">R\u00eaxistina Jin Nuha bo Ge\u015fep\u00eadan\u00ea<\/span><\/li>\n<li style=\"font-weight: 400;\"><span style=\"font-weight: 400;\">R\u00eaxistina Kewak\u00eeb\u00eey\u00ea ya Maf\u00ean Mirovan<\/span><\/li>\n<li style=\"font-weight: 400;\"><span style=\"font-weight: 400;\">R\u00eaxistina S\u00fbr\u00eeyay\u00ee ya Maf\u00ean Mirovan<\/span><\/li>\n<li style=\"font-weight: 400;\"><span style=\"font-weight: 400;\">Rizq ya Perwedeya P\u00ee\u015fey\u00ee<\/span><\/li>\n<li style=\"font-weight: 400;\"><span style=\"font-weight: 400;\">Saz\u00eeya Xetewat\u00ea<\/span><\/li>\n<li style=\"font-weight: 400;\"><span style=\"font-weight: 400;\">S\u00fbr\u00eeyay\u00eey\u00ean Ji Bo Rast\u00ee \u00fb Dad\u00ea<\/span><\/li>\n<li style=\"font-weight: 400;\"><span style=\"font-weight: 400;\">Tora Ereb\u00ee ya Agah\u00eey\u00ean Maf\u00ean Mirovan<\/span><\/li>\n<li style=\"font-weight: 400;\"><span style=\"font-weight: 400;\">Tora Huras\u00ea<\/span><\/li>\n<li style=\"font-weight: 400;\"><span style=\"font-weight: 400;\">Tora S\u00fbr\u00eeyay\u00ea ya Qan\u00fbn\u00ee li Holand\u00ea<\/span><\/li>\n<li style=\"font-weight: 400;\"><span style=\"font-weight: 400;\">Tora S\u00fbr\u00eeyay\u00ee ya Maf\u00ean Mirovan<\/span><\/li>\n<li style=\"font-weight: 400;\"><span style=\"font-weight: 400;\">Yek\u00eet\u00eeya Hevr\u00eaz\u00eey\u00ean S\u00fbr\u00eeyay\u00eeyan Li Seranser\u00ee C\u00eehan\u00ea<\/span><\/li>\n<\/ul>\n<\/td>\n<\/tr>\n<\/tbody>\n<\/table>\n<p>&nbsp;<\/p>\n","protected":false},"excerpt":{"rendered":"<p>25\u00ea\u00a0 Hiz\u00earana 2019 &nbsp; Bi berwewam\u00eeay bobelata ku bi ser\u00ea bi hezar\u00ean malbat\u00ean li S\u00fbr\u00eeyay\u00ea hat, ku ke\u00e7 \u00fb law\u00ean di \u015fer\u00ea berdewam de ji dest wan \u00e7\u00fbn, h\u00eav\u00ee bi derketina biryara navdewlet\u00ee ya p\u00ea\u015f\u00een, S\u00ea\u015fem\u00ea 11\u00ea hiz\u00earana 2019an, ji h\u00eala encumena ewlekar\u00eey\u00ea ve cardin dipi\u015fkive. Ev biryar teqez\u00eey\u00ea li ser p\u00ea\u015fek\u00eeya mijara winday\u00ean \u015fer\u00ean [&hellip;]<\/p>\n","protected":false},"author":24,"featured_media":189418,"comment_status":"closed","ping_status":"open","sticky":false,"template":"","format":"standard","meta":{"_acf_changed":false,"footnotes":""},"categories":[328,369],"tags":[],"class_list":["post-189424","post","type-post","status-publish","format-standard","has-post-thumbnail","hentry","category-statements-kmr","category-rotator-kmr","post-wrapper"],"acf":[],"yoast_head":"<!-- This site is optimized with the Yoast SEO Premium plugin v20.6 (Yoast SEO v26.5) - https:\/\/yoast.com\/wordpress\/plugins\/seo\/ -->\n<title>Nameyeke Hevbe\u015f der bar\u00ea Biryara Encumena Ewlekar\u00eey\u00ea ya Winady\u00ean \u015eer\u00ean \u00c7ekdar\u00ee de - \u0627\u0644\u0645\u0631\u0643\u0632 \u0627\u0644\u0633\u0648\u0631\u064a \u0644\u0644\u0625\u0639\u0644\u0627\u0645 \u0648\u062d\u0631\u064a\u0629 \u0627\u0644\u062a\u0639\u0628\u064a\u0631 Syrian Center for Media and Freedom of Expression<\/title>\n<meta name=\"description\" content=\"%\" \/>\n<meta name=\"robots\" content=\"index, follow, max-snippet:-1, max-image-preview:large, max-video-preview:-1\" \/>\n<link rel=\"canonical\" href=\"https:\/\/mfu.scm.bz\/kmr\/missing_persons_syria_ku\/\" \/>\n<meta property=\"og:locale\" content=\"en_US\" \/>\n<meta property=\"og:type\" content=\"article\" \/>\n<meta property=\"og:title\" content=\"Nameyeke Hevbe\u015f der bar\u00ea Biryara Encumena Ewlekar\u00eey\u00ea ya Winady\u00ean \u015eer\u00ean \u00c7ekdar\u00ee de\" \/>\n<meta property=\"og:description\" content=\"%\" \/>\n<meta property=\"og:url\" content=\"https:\/\/mfu.scm.bz\/kmr\/missing_persons_syria_ku\/\" \/>\n<meta property=\"og:site_name\" content=\"\u0627\u0644\u0645\u0631\u0643\u0632 \u0627\u0644\u0633\u0648\u0631\u064a \u0644\u0644\u0625\u0639\u0644\u0627\u0645 \u0648\u062d\u0631\u064a\u0629 \u0627\u0644\u062a\u0639\u0628\u064a\u0631 Syrian Center for Media and Freedom of Expression\" \/>\n<meta property=\"article:publisher\" content=\"https:\/\/www.facebook.com\/scm.center\" \/>\n<meta property=\"article:published_time\" content=\"2019-06-27T10:57:58+00:00\" \/>\n<meta property=\"og:image\" content=\"https:\/\/mfu.scm.bz\/wp-content\/uploads\/2019\/06\/missing-persons-Header-e1561632922574.png\" \/>\n\t<meta property=\"og:image:width\" content=\"2000\" \/>\n\t<meta property=\"og:image:height\" content=\"1203\" \/>\n\t<meta property=\"og:image:type\" content=\"image\/png\" \/>\n<meta name=\"author\" content=\"scmadmin\" \/>\n<meta name=\"twitter:card\" content=\"summary_large_image\" \/>\n<meta name=\"twitter:creator\" content=\"@SyrianCenter\" \/>\n<meta name=\"twitter:site\" content=\"@SyrianCenter\" \/>\n<meta name=\"twitter:label1\" content=\"Written by\" \/>\n\t<meta name=\"twitter:data1\" content=\"scmadmin\" \/>\n\t<meta name=\"twitter:label2\" content=\"Est. reading time\" \/>\n\t<meta name=\"twitter:data2\" content=\"7 minutes\" \/>\n<script type=\"application\/ld+json\" class=\"yoast-schema-graph\">{\"@context\":\"https:\/\/schema.org\",\"@graph\":[{\"@type\":\"Article\",\"@id\":\"https:\/\/mfu.scm.bz\/kmr\/missing_persons_syria_ku\/#article\",\"isPartOf\":{\"@id\":\"https:\/\/mfu.scm.bz\/kmr\/missing_persons_syria_ku\/\"},\"author\":{\"name\":\"scmadmin\",\"@id\":\"https:\/\/scm.bz\/#\/schema\/person\/d116d4c43d9f3d4fe4b61619e91ead45\"},\"headline\":\"Nameyeke Hevbe\u015f der bar\u00ea Biryara Encumena Ewlekar\u00eey\u00ea ya Winady\u00ean \u015eer\u00ean \u00c7ekdar\u00ee de\",\"datePublished\":\"2019-06-27T10:57:58+00:00\",\"mainEntityOfPage\":{\"@id\":\"https:\/\/mfu.scm.bz\/kmr\/missing_persons_syria_ku\/\"},\"wordCount\":1438,\"publisher\":{\"@id\":\"https:\/\/scm.bz\/#organization\"},\"image\":{\"@id\":\"https:\/\/mfu.scm.bz\/kmr\/missing_persons_syria_ku\/#primaryimage\"},\"thumbnailUrl\":\"https:\/\/scm.bz\/wp-content\/uploads\/2019\/06\/missing-persons-Header-e1561632922574.png\",\"articleSection\":[\"Beyannamey\u00ean SCM\u00ea\",\"Rotator\"],\"inLanguage\":\"kmr\"},{\"@type\":\"WebPage\",\"@id\":\"https:\/\/mfu.scm.bz\/kmr\/missing_persons_syria_ku\/\",\"url\":\"https:\/\/mfu.scm.bz\/kmr\/missing_persons_syria_ku\/\",\"name\":\"Nameyeke Hevbe\u015f der bar\u00ea Biryara Encumena Ewlekar\u00eey\u00ea ya Winady\u00ean \u015eer\u00ean \u00c7ekdar\u00ee de - \u0627\u0644\u0645\u0631\u0643\u0632 \u0627\u0644\u0633\u0648\u0631\u064a \u0644\u0644\u0625\u0639\u0644\u0627\u0645 \u0648\u062d\u0631\u064a\u0629 \u0627\u0644\u062a\u0639\u0628\u064a\u0631 Syrian Center for Media and Freedom of Expression\",\"isPartOf\":{\"@id\":\"https:\/\/scm.bz\/#website\"},\"primaryImageOfPage\":{\"@id\":\"https:\/\/mfu.scm.bz\/kmr\/missing_persons_syria_ku\/#primaryimage\"},\"image\":{\"@id\":\"https:\/\/mfu.scm.bz\/kmr\/missing_persons_syria_ku\/#primaryimage\"},\"thumbnailUrl\":\"https:\/\/scm.bz\/wp-content\/uploads\/2019\/06\/missing-persons-Header-e1561632922574.png\",\"datePublished\":\"2019-06-27T10:57:58+00:00\",\"description\":\"%\",\"breadcrumb\":{\"@id\":\"https:\/\/mfu.scm.bz\/kmr\/missing_persons_syria_ku\/#breadcrumb\"},\"inLanguage\":\"kmr\",\"potentialAction\":[{\"@type\":\"ReadAction\",\"target\":[\"https:\/\/mfu.scm.bz\/kmr\/missing_persons_syria_ku\/\"]}]},{\"@type\":\"ImageObject\",\"inLanguage\":\"kmr\",\"@id\":\"https:\/\/mfu.scm.bz\/kmr\/missing_persons_syria_ku\/#primaryimage\",\"url\":\"https:\/\/scm.bz\/wp-content\/uploads\/2019\/06\/missing-persons-Header-e1561632922574.png\",\"contentUrl\":\"https:\/\/scm.bz\/wp-content\/uploads\/2019\/06\/missing-persons-Header-e1561632922574.png\",\"width\":2000,\"height\":1203},{\"@type\":\"BreadcrumbList\",\"@id\":\"https:\/\/mfu.scm.bz\/kmr\/missing_persons_syria_ku\/#breadcrumb\",\"itemListElement\":[{\"@type\":\"ListItem\",\"position\":1,\"name\":\"Home\",\"item\":\"https:\/\/scm.bz\/kmr\/\"},{\"@type\":\"ListItem\",\"position\":2,\"name\":\"Nameyeke Hevbe\u015f der bar\u00ea Biryara Encumena Ewlekar\u00eey\u00ea ya Winady\u00ean \u015eer\u00ean \u00c7ekdar\u00ee de\"}]},{\"@type\":\"WebSite\",\"@id\":\"https:\/\/scm.bz\/#website\",\"url\":\"https:\/\/scm.bz\/\",\"name\":\"\u0627\u0644\u0645\u0631\u0643\u0632 \u0627\u0644\u0633\u0648\u0631\u064a \u0644\u0644\u0625\u0639\u0644\u0627\u0645 \u0648\u062d\u0631\u064a\u0629 \u0627\u0644\u062a\u0639\u0628\u064a\u0631 Syrian Center for Media and Freedom of Expression\",\"description\":\"\",\"publisher\":{\"@id\":\"https:\/\/scm.bz\/#organization\"},\"potentialAction\":[{\"@type\":\"SearchAction\",\"target\":{\"@type\":\"EntryPoint\",\"urlTemplate\":\"https:\/\/scm.bz\/?s={search_term_string}\"},\"query-input\":{\"@type\":\"PropertyValueSpecification\",\"valueRequired\":true,\"valueName\":\"search_term_string\"}}],\"inLanguage\":\"kmr\"},{\"@type\":\"Organization\",\"@id\":\"https:\/\/scm.bz\/#organization\",\"name\":\"\u0627\u0644\u0645\u0631\u0643\u0632 \u0627\u0644\u0633\u0648\u0631\u064a \u0644\u0644\u0625\u0639\u0644\u0627\u0645 \u0648\u062d\u0631\u064a\u0629 \u0627\u0644\u062a\u0639\u0628\u064a\u0631 Syrian Center for Media and Freedom of Expression\",\"url\":\"https:\/\/scm.bz\/\",\"logo\":{\"@type\":\"ImageObject\",\"inLanguage\":\"kmr\",\"@id\":\"https:\/\/scm.bz\/#\/schema\/logo\/image\/\",\"url\":\"http:\/\/scm.bz\/wp-content\/uploads\/2021\/01\/SCM-logo-1-with-Clear-Space-1-2.png\",\"contentUrl\":\"http:\/\/scm.bz\/wp-content\/uploads\/2021\/01\/SCM-logo-1-with-Clear-Space-1-2.png\",\"width\":1450,\"height\":1450,\"caption\":\"\u0627\u0644\u0645\u0631\u0643\u0632 \u0627\u0644\u0633\u0648\u0631\u064a \u0644\u0644\u0625\u0639\u0644\u0627\u0645 \u0648\u062d\u0631\u064a\u0629 \u0627\u0644\u062a\u0639\u0628\u064a\u0631 Syrian Center for Media and Freedom of Expression\"},\"image\":{\"@id\":\"https:\/\/scm.bz\/#\/schema\/logo\/image\/\"},\"sameAs\":[\"https:\/\/www.facebook.com\/scm.center\",\"https:\/\/x.com\/SyrianCenter\"]},{\"@type\":\"Person\",\"@id\":\"https:\/\/scm.bz\/#\/schema\/person\/d116d4c43d9f3d4fe4b61619e91ead45\",\"name\":\"scmadmin\",\"image\":{\"@type\":\"ImageObject\",\"inLanguage\":\"kmr\",\"@id\":\"https:\/\/scm.bz\/#\/schema\/person\/image\/\",\"url\":\"https:\/\/secure.gravatar.com\/avatar\/8cb2b559549de2ba5e28f5d26e15c8f315b5dd63c953e348e6769ae2e88e3cdc?s=96&d=blank&r=g\",\"contentUrl\":\"https:\/\/secure.gravatar.com\/avatar\/8cb2b559549de2ba5e28f5d26e15c8f315b5dd63c953e348e6769ae2e88e3cdc?s=96&d=blank&r=g\",\"caption\":\"scmadmin\"},\"url\":\"https:\/\/scm.bz\/kmr\/author\/scmadmin\/\"}]}<\/script>\n<!-- \/ Yoast SEO Premium plugin. -->","yoast_head_json":{"title":"Nameyeke Hevbe\u015f der bar\u00ea Biryara Encumena Ewlekar\u00eey\u00ea ya Winady\u00ean \u015eer\u00ean \u00c7ekdar\u00ee de - \u0627\u0644\u0645\u0631\u0643\u0632 \u0627\u0644\u0633\u0648\u0631\u064a \u0644\u0644\u0625\u0639\u0644\u0627\u0645 \u0648\u062d\u0631\u064a\u0629 \u0627\u0644\u062a\u0639\u0628\u064a\u0631 Syrian Center for Media and Freedom of Expression","description":"%","robots":{"index":"index","follow":"follow","max-snippet":"max-snippet:-1","max-image-preview":"max-image-preview:large","max-video-preview":"max-video-preview:-1"},"canonical":"https:\/\/mfu.scm.bz\/kmr\/missing_persons_syria_ku\/","og_locale":"en_US","og_type":"article","og_title":"Nameyeke Hevbe\u015f der bar\u00ea Biryara Encumena Ewlekar\u00eey\u00ea ya Winady\u00ean \u015eer\u00ean \u00c7ekdar\u00ee de","og_description":"%","og_url":"https:\/\/mfu.scm.bz\/kmr\/missing_persons_syria_ku\/","og_site_name":"\u0627\u0644\u0645\u0631\u0643\u0632 \u0627\u0644\u0633\u0648\u0631\u064a \u0644\u0644\u0625\u0639\u0644\u0627\u0645 \u0648\u062d\u0631\u064a\u0629 \u0627\u0644\u062a\u0639\u0628\u064a\u0631 Syrian Center for Media and Freedom of Expression","article_publisher":"https:\/\/www.facebook.com\/scm.center","article_published_time":"2019-06-27T10:57:58+00:00","og_image":[{"width":2000,"height":1203,"url":"https:\/\/mfu.scm.bz\/wp-content\/uploads\/2019\/06\/missing-persons-Header-e1561632922574.png","type":"image\/png"}],"author":"scmadmin","twitter_card":"summary_large_image","twitter_creator":"@SyrianCenter","twitter_site":"@SyrianCenter","twitter_misc":{"Written by":"scmadmin","Est. reading time":"7 minutes"},"schema":{"@context":"https:\/\/schema.org","@graph":[{"@type":"Article","@id":"https:\/\/mfu.scm.bz\/kmr\/missing_persons_syria_ku\/#article","isPartOf":{"@id":"https:\/\/mfu.scm.bz\/kmr\/missing_persons_syria_ku\/"},"author":{"name":"scmadmin","@id":"https:\/\/scm.bz\/#\/schema\/person\/d116d4c43d9f3d4fe4b61619e91ead45"},"headline":"Nameyeke Hevbe\u015f der bar\u00ea Biryara Encumena Ewlekar\u00eey\u00ea ya Winady\u00ean \u015eer\u00ean \u00c7ekdar\u00ee de","datePublished":"2019-06-27T10:57:58+00:00","mainEntityOfPage":{"@id":"https:\/\/mfu.scm.bz\/kmr\/missing_persons_syria_ku\/"},"wordCount":1438,"publisher":{"@id":"https:\/\/scm.bz\/#organization"},"image":{"@id":"https:\/\/mfu.scm.bz\/kmr\/missing_persons_syria_ku\/#primaryimage"},"thumbnailUrl":"https:\/\/scm.bz\/wp-content\/uploads\/2019\/06\/missing-persons-Header-e1561632922574.png","articleSection":["Beyannamey\u00ean SCM\u00ea","Rotator"],"inLanguage":"kmr"},{"@type":"WebPage","@id":"https:\/\/mfu.scm.bz\/kmr\/missing_persons_syria_ku\/","url":"https:\/\/mfu.scm.bz\/kmr\/missing_persons_syria_ku\/","name":"Nameyeke Hevbe\u015f der bar\u00ea Biryara Encumena Ewlekar\u00eey\u00ea ya Winady\u00ean \u015eer\u00ean \u00c7ekdar\u00ee de - \u0627\u0644\u0645\u0631\u0643\u0632 \u0627\u0644\u0633\u0648\u0631\u064a \u0644\u0644\u0625\u0639\u0644\u0627\u0645 \u0648\u062d\u0631\u064a\u0629 \u0627\u0644\u062a\u0639\u0628\u064a\u0631 Syrian Center for Media and Freedom of Expression","isPartOf":{"@id":"https:\/\/scm.bz\/#website"},"primaryImageOfPage":{"@id":"https:\/\/mfu.scm.bz\/kmr\/missing_persons_syria_ku\/#primaryimage"},"image":{"@id":"https:\/\/mfu.scm.bz\/kmr\/missing_persons_syria_ku\/#primaryimage"},"thumbnailUrl":"https:\/\/scm.bz\/wp-content\/uploads\/2019\/06\/missing-persons-Header-e1561632922574.png","datePublished":"2019-06-27T10:57:58+00:00","description":"%","breadcrumb":{"@id":"https:\/\/mfu.scm.bz\/kmr\/missing_persons_syria_ku\/#breadcrumb"},"inLanguage":"kmr","potentialAction":[{"@type":"ReadAction","target":["https:\/\/mfu.scm.bz\/kmr\/missing_persons_syria_ku\/"]}]},{"@type":"ImageObject","inLanguage":"kmr","@id":"https:\/\/mfu.scm.bz\/kmr\/missing_persons_syria_ku\/#primaryimage","url":"https:\/\/scm.bz\/wp-content\/uploads\/2019\/06\/missing-persons-Header-e1561632922574.png","contentUrl":"https:\/\/scm.bz\/wp-content\/uploads\/2019\/06\/missing-persons-Header-e1561632922574.png","width":2000,"height":1203},{"@type":"BreadcrumbList","@id":"https:\/\/mfu.scm.bz\/kmr\/missing_persons_syria_ku\/#breadcrumb","itemListElement":[{"@type":"ListItem","position":1,"name":"Home","item":"https:\/\/scm.bz\/kmr\/"},{"@type":"ListItem","position":2,"name":"Nameyeke Hevbe\u015f der bar\u00ea Biryara Encumena Ewlekar\u00eey\u00ea ya Winady\u00ean \u015eer\u00ean \u00c7ekdar\u00ee de"}]},{"@type":"WebSite","@id":"https:\/\/scm.bz\/#website","url":"https:\/\/scm.bz\/","name":"\u0627\u0644\u0645\u0631\u0643\u0632 \u0627\u0644\u0633\u0648\u0631\u064a \u0644\u0644\u0625\u0639\u0644\u0627\u0645 \u0648\u062d\u0631\u064a\u0629 \u0627\u0644\u062a\u0639\u0628\u064a\u0631 Syrian Center for Media and Freedom of Expression","description":"","publisher":{"@id":"https:\/\/scm.bz\/#organization"},"potentialAction":[{"@type":"SearchAction","target":{"@type":"EntryPoint","urlTemplate":"https:\/\/scm.bz\/?s={search_term_string}"},"query-input":{"@type":"PropertyValueSpecification","valueRequired":true,"valueName":"search_term_string"}}],"inLanguage":"kmr"},{"@type":"Organization","@id":"https:\/\/scm.bz\/#organization","name":"\u0627\u0644\u0645\u0631\u0643\u0632 \u0627\u0644\u0633\u0648\u0631\u064a \u0644\u0644\u0625\u0639\u0644\u0627\u0645 \u0648\u062d\u0631\u064a\u0629 \u0627\u0644\u062a\u0639\u0628\u064a\u0631 Syrian Center for Media and Freedom of Expression","url":"https:\/\/scm.bz\/","logo":{"@type":"ImageObject","inLanguage":"kmr","@id":"https:\/\/scm.bz\/#\/schema\/logo\/image\/","url":"http:\/\/scm.bz\/wp-content\/uploads\/2021\/01\/SCM-logo-1-with-Clear-Space-1-2.png","contentUrl":"http:\/\/scm.bz\/wp-content\/uploads\/2021\/01\/SCM-logo-1-with-Clear-Space-1-2.png","width":1450,"height":1450,"caption":"\u0627\u0644\u0645\u0631\u0643\u0632 \u0627\u0644\u0633\u0648\u0631\u064a \u0644\u0644\u0625\u0639\u0644\u0627\u0645 \u0648\u062d\u0631\u064a\u0629 \u0627\u0644\u062a\u0639\u0628\u064a\u0631 Syrian Center for Media and Freedom of Expression"},"image":{"@id":"https:\/\/scm.bz\/#\/schema\/logo\/image\/"},"sameAs":["https:\/\/www.facebook.com\/scm.center","https:\/\/x.com\/SyrianCenter"]},{"@type":"Person","@id":"https:\/\/scm.bz\/#\/schema\/person\/d116d4c43d9f3d4fe4b61619e91ead45","name":"scmadmin","image":{"@type":"ImageObject","inLanguage":"kmr","@id":"https:\/\/scm.bz\/#\/schema\/person\/image\/","url":"https:\/\/secure.gravatar.com\/avatar\/8cb2b559549de2ba5e28f5d26e15c8f315b5dd63c953e348e6769ae2e88e3cdc?s=96&d=blank&r=g","contentUrl":"https:\/\/secure.gravatar.com\/avatar\/8cb2b559549de2ba5e28f5d26e15c8f315b5dd63c953e348e6769ae2e88e3cdc?s=96&d=blank&r=g","caption":"scmadmin"},"url":"https:\/\/scm.bz\/kmr\/author\/scmadmin\/"}]}},"_links":{"self":[{"href":"https:\/\/scm.bz\/kmr\/wp-json\/wp\/v2\/posts\/189424","targetHints":{"allow":["GET"]}}],"collection":[{"href":"https:\/\/scm.bz\/kmr\/wp-json\/wp\/v2\/posts"}],"about":[{"href":"https:\/\/scm.bz\/kmr\/wp-json\/wp\/v2\/types\/post"}],"author":[{"embeddable":true,"href":"https:\/\/scm.bz\/kmr\/wp-json\/wp\/v2\/users\/24"}],"replies":[{"embeddable":true,"href":"https:\/\/scm.bz\/kmr\/wp-json\/wp\/v2\/comments?post=189424"}],"version-history":[{"count":0,"href":"https:\/\/scm.bz\/kmr\/wp-json\/wp\/v2\/posts\/189424\/revisions"}],"wp:featuredmedia":[{"embeddable":true,"href":"https:\/\/scm.bz\/kmr\/wp-json\/wp\/v2\/media\/189418"}],"wp:attachment":[{"href":"https:\/\/scm.bz\/kmr\/wp-json\/wp\/v2\/media?parent=189424"}],"wp:term":[{"taxonomy":"category","embeddable":true,"href":"https:\/\/scm.bz\/kmr\/wp-json\/wp\/v2\/categories?post=189424"},{"taxonomy":"post_tag","embeddable":true,"href":"https:\/\/scm.bz\/kmr\/wp-json\/wp\/v2\/tags?post=189424"}],"curies":[{"name":"wp","href":"https:\/\/api.w.org\/{rel}","templated":true}]}}