{"id":188322,"date":"2019-03-25T12:22:17","date_gmt":"2019-03-25T10:22:17","guid":{"rendered":"https:\/\/scm.bz?p=188322"},"modified":"2019-03-25T12:24:14","modified_gmt":"2019-03-25T10:24:14","slug":"derxistina-rapora-salane-ya-serweriya-dadgehi-ya-cihani-ya-sala-2019an-ujar-report-der-bare-doza-suriyayi-de","status":"publish","type":"post","link":"https:\/\/scm.bz\/kmr\/derxistina-rapora-salane-ya-serweriya-dadgehi-ya-cihani-ya-sala-2019an-ujar-report-der-bare-doza-suriyayi-de\/","title":{"rendered":"Derxistina rapora salane ya &#8220;Serwer\u00eeya Dadgeh\u00ee ya C\u00eehan\u00ee&#8221; ya sala 2019an (UJAR Report) der bar\u00ea doza S\u00fbr\u00eeyay\u00ee de"},"content":{"rendered":"<p><span style=\"font-weight: 400;\">Di roja 21\u00ea adara 2019an de li fakulteya mafnas\u00eey\u00ea ya zan\u00eengeha Amesterdam\u00ea r\u00fbni\u015fteneke dan\u00fbstendin\u00ea bo derxistina rapora salane ya &#8220;Serwer\u00eeya Dadgeh\u00ee ya C\u00eehan\u00ee&#8221; ya sala 2019an li dar ket ku bal\u00ea diki\u015f\u00eene ser z\u00eadeb\u00fby\u00eena bikaran\u00eena serwer\u00eeya dadgeh\u00ee ya c\u00eehan\u00ee UJAR bi awayek\u00ee ber\u00e7av li seranser\u00ee c\u00eehan\u00ee ji bo garant\u00eekirina sezakirina tawankeran \u00fb bidestxistina dadmend\u00eey\u00ea bo qurban\u00eey\u00ean tawan\u00ean navdewlet\u00ee y\u00ean metirs\u00eedar di sala 2018an de, ku dadgeh\u00ean ni\u015ft\u00eeman\u00ee li 149 gumanbar\u00ean tawan\u00ean ceng\u00ea \u00fb \u00ee\u015fkencekirin\u00ea li 15 dewletan li seranser\u00ee c\u00eehan\u00ea ner\u00een, her weha diyar kir ku serwer\u00eeya dadgeh\u00ee ya c\u00eehan\u00ee dikare valah\u00eeya cezakirin\u00ea ya ku dadgeh\u00ean navdewlet\u00ee nikarin bi tena xwe dagirin, dagire li gel vekirina r\u00eay\u00ea bo destey\u00ean dozvekirin\u00ea y\u00ean ni\u015ft\u00eeman\u00ee bo cezakirina kes\u00ean berpirs di ber tawan\u00ean metirs\u00eedar de m\u00eena tawan\u00ean \u00ee\u015fkencekirin\u00ea, y\u00ean ceng\u00ea \u00fb y\u00ean li dij\u00ee mirovah\u00eey\u00ea.<\/span><\/p>\n<p><span style=\"font-weight: 400;\">R\u00fbni\u015ftin\u00ea bal ki\u015fande ser asteng\u00eey\u00ean ku rast\u00ee xwed\u00eey\u00ean berjewend\u00eeyan t\u00ean dema ku doz\u00ean pispor\u00eeya c\u00eehan\u00ee p\u00ea\u015fk\u00ea\u015f dikin \u00fb dan\u00fbstendina ji n\u00eaz ve diyar kir \u00e7awa serwer\u00eeya dadgeh\u00ee ya c\u00eehan\u00ee ji bo dijat\u00eeya b\u00eacezakirin\u00ea di tawan\u00ean navdewlet\u00ee de y\u00ean li S\u00fbr\u00eeyay\u00ea t\u00ea bikaran\u00een.<\/span><\/p>\n<p><span style=\"font-weight: 400;\">R\u00fbni\u015ftin bi hazir\u00eeya Christian Richer; dozger\u00ea gi\u015ft\u00ee y\u00ea Alman y\u00ea pispor bi tawan\u00ean ceng\u00ea bib r\u00ea ve \u00e7\u00fb ku ji al\u00eey\u00ea xwe ve got &#8220;<\/span><b>ji ber ev tawan navdewlet\u00ee ne, divabe peyker \u00fb dozger\u00ea gi\u015ft\u00ee ba\u015f ser wan bihizirin<\/b><span style=\"font-weight: 400;\">&#8221; her weha ji peyker \u00fb dozger\u00ean gi\u015ft\u00ee re got &#8220;<\/span><b>nabe hun li ber s\u00eenor\u00ean welat\u00ean xwe bisekinin<\/b><span style=\"font-weight: 400;\">&#8221; her weha teqez kir ku hevkar\u00eeya qan\u00fbn\u00ee \u00a0ji bo bidestxistina encaman giring e, Mazin Derw\u00ee\u015f; Bir\u00eaveber\u00ea Navenda S\u00fbr\u00eeyay\u00ee ya Ragihandin\u00ea \u00fb Azad\u00eeya Derbir\u00een\u00ea j\u00ee hazir b\u00fb \u00fb behsa giring\u00eeya serwer\u00eeya dadgeh\u00ee ya c\u00eehan\u00ee weke r\u00eayeke doozvekirina li tawankeran kir her weha li ser &#8220;<\/span><b>Giring\u00eeya \u00e7esipandina dadmend\u00eey\u00ea ji bo S\u00fbr\u00eeyay\u00ea \u00fb p\u00ea\u015feroja w\u00ea li gel ku dadmend\u00eeya rast d\u00ea li dadgeh\u00ean ni\u015ft\u00eeman\u00ee<\/b><span style=\"font-weight: 400;\">&#8221; teqez kir her weha &#8220;<\/span><b> giring\u00eeya dijat\u00eeya b\u00eacezakirin\u00ea weke bingeheke bidestxistina a\u015ft\u00eey\u00ea li S\u00fbr\u00eeyay\u00ea<\/b><span style=\"font-weight: 400;\">.&#8221;<\/span><\/p>\n<p><img loading=\"lazy\" decoding=\"async\" class=\"alignnone size-medium wp-image-187961\" src=\"https:\/\/scm.bz\/wp-content\/uploads\/2019\/03\/judas-300x300.jpg\" alt=\"\" width=\"300\" height=\"300\" srcset=\"https:\/\/scm.bz\/wp-content\/uploads\/2019\/03\/judas-300x300.jpg 300w, https:\/\/scm.bz\/wp-content\/uploads\/2019\/03\/judas-150x150.jpg 150w, https:\/\/scm.bz\/wp-content\/uploads\/2019\/03\/judas.jpg 400w\" sizes=\"auto, (max-width: 300px) 100vw, 300px\" \/><\/p>\n<p><span style=\"font-weight: 400;\"> R\u00eaxistin\u00ean be\u015fdar di r\u00fbno\u015ftin\u00ea de:<\/span><\/p>\n<p><span style=\"font-weight: 400;\">Trial International<\/span><\/p>\n<p><span style=\"font-weight: 400;\">Federasyona Navdewlet\u00ee ya Maf\u00ean Mirovan FIDH<\/span><\/p>\n<p><span style=\"font-weight: 400;\">REDRESS<\/span><\/p>\n<p><span style=\"font-weight: 400;\">the Nuhanovic Foundation<\/span><\/p>\n<p><span style=\"font-weight: 400;\">Navenda S\u00fbr\u00eeyay\u00ee ya Ragihandin\u00ea \u00fb Azad\u00eeya Derbir\u00een\u00ea SCM <\/span><\/p>\n","protected":false},"excerpt":{"rendered":"<p>Di roja 21\u00ea adara 2019an de li fakulteya mafnas\u00eey\u00ea ya zan\u00eengeha Amesterdam\u00ea r\u00fbni\u015fteneke dan\u00fbstendin\u00ea bo derxistina rapora salane ya &#8220;Serwer\u00eeya Dadgeh\u00ee ya C\u00eehan\u00ee&#8221; ya sala 2019an li dar ket ku bal\u00ea diki\u015f\u00eene ser z\u00eadeb\u00fby\u00eena bikaran\u00eena serwer\u00eeya dadgeh\u00ee ya c\u00eehan\u00ee UJAR bi awayek\u00ee ber\u00e7av li seranser\u00ee c\u00eehan\u00ee ji bo garant\u00eekirina sezakirina tawankeran \u00fb bidestxistina dadmend\u00eey\u00ea bo [&hellip;]<\/p>\n","protected":false},"author":25,"featured_media":187970,"comment_status":"closed","ping_status":"open","sticky":false,"template":"","format":"standard","meta":{"_acf_changed":false,"footnotes":""},"categories":[369],"tags":[],"class_list":["post-188322","post","type-post","status-publish","format-standard","has-post-thumbnail","hentry","category-rotator-kmr","post-wrapper"],"acf":[],"yoast_head":"<!-- This site is optimized with the Yoast SEO Premium plugin v20.6 (Yoast SEO v26.5) - https:\/\/yoast.com\/wordpress\/plugins\/seo\/ -->\n<title>Derxistina rapora salane ya &quot;Serwer\u00eeya Dadgeh\u00ee ya C\u00eehan\u00ee&quot; ya sala 2019an (UJAR Report) der bar\u00ea doza S\u00fbr\u00eeyay\u00ee de - \u0627\u0644\u0645\u0631\u0643\u0632 \u0627\u0644\u0633\u0648\u0631\u064a \u0644\u0644\u0625\u0639\u0644\u0627\u0645 \u0648\u062d\u0631\u064a\u0629 \u0627\u0644\u062a\u0639\u0628\u064a\u0631 Syrian Center for Media and Freedom of Expression<\/title>\n<meta name=\"description\" content=\"%\" \/>\n<meta name=\"robots\" content=\"index, follow, max-snippet:-1, max-image-preview:large, max-video-preview:-1\" \/>\n<link rel=\"canonical\" href=\"https:\/\/scm.bz\/\u0625\u0637\u0644\u0627\u0642-\u0627\u0644\u062a\u0642\u0631\u064a\u0631-\u0627\u0644\u0633\u0646\u0648\u064a-\u0644\u0644\u0648\u0644\u0627\u064a\u0629-\u0627\u0644\u0642\u0636\u0627\u0626\u064a\/\" \/>\n<meta property=\"og:locale\" content=\"en_US\" \/>\n<meta property=\"og:type\" content=\"article\" \/>\n<meta property=\"og:title\" content=\"Derxistina rapora salane ya &quot;Serwer\u00eeya Dadgeh\u00ee ya C\u00eehan\u00ee&quot; ya sala 2019an (UJAR Report) der bar\u00ea doza S\u00fbr\u00eeyay\u00ee de\" \/>\n<meta property=\"og:description\" content=\"%\" \/>\n<meta property=\"og:url\" content=\"https:\/\/scm.bz\/\u0625\u0637\u0644\u0627\u0642-\u0627\u0644\u062a\u0642\u0631\u064a\u0631-\u0627\u0644\u0633\u0646\u0648\u064a-\u0644\u0644\u0648\u0644\u0627\u064a\u0629-\u0627\u0644\u0642\u0636\u0627\u0626\u064a\/\" \/>\n<meta property=\"og:site_name\" content=\"\u0627\u0644\u0645\u0631\u0643\u0632 \u0627\u0644\u0633\u0648\u0631\u064a \u0644\u0644\u0625\u0639\u0644\u0627\u0645 \u0648\u062d\u0631\u064a\u0629 \u0627\u0644\u062a\u0639\u0628\u064a\u0631 Syrian Center for Media and Freedom of Expression\" \/>\n<meta property=\"article:publisher\" content=\"https:\/\/www.facebook.com\/scm.center\" \/>\n<meta property=\"article:published_time\" content=\"2019-03-25T10:22:17+00:00\" \/>\n<meta property=\"article:modified_time\" content=\"2019-03-25T10:24:14+00:00\" \/>\n<meta property=\"og:image\" content=\"https:\/\/scm.bz\/wp-content\/uploads\/2019\/03\/20190321_170808-1-1024x576.jpg\" \/>\n\t<meta property=\"og:image:width\" content=\"1024\" \/>\n\t<meta property=\"og:image:height\" content=\"576\" \/>\n\t<meta property=\"og:image:type\" content=\"image\/jpeg\" \/>\n<meta name=\"author\" content=\"SCM\" \/>\n<meta name=\"twitter:card\" content=\"summary_large_image\" \/>\n<meta name=\"twitter:creator\" content=\"@SyrianCenter\" \/>\n<meta name=\"twitter:site\" content=\"@SyrianCenter\" \/>\n<meta name=\"twitter:label1\" content=\"Written by\" \/>\n\t<meta name=\"twitter:data1\" content=\"SCM\" \/>\n\t<meta name=\"twitter:label2\" content=\"Est. reading time\" \/>\n\t<meta name=\"twitter:data2\" content=\"2 minutes\" \/>\n<script type=\"application\/ld+json\" class=\"yoast-schema-graph\">{\"@context\":\"https:\/\/schema.org\",\"@graph\":[{\"@type\":\"Article\",\"@id\":\"https:\/\/scm.bz\/%d8%a5%d8%b7%d9%84%d8%a7%d9%82-%d8%a7%d9%84%d8%aa%d9%82%d8%b1%d9%8a%d8%b1-%d8%a7%d9%84%d8%b3%d9%86%d9%88%d9%8a-%d9%84%d9%84%d9%88%d9%84%d8%a7%d9%8a%d8%a9-%d8%a7%d9%84%d9%82%d8%b6%d8%a7%d8%a6%d9%8a\/#article\",\"isPartOf\":{\"@id\":\"https:\/\/scm.bz\/%d8%a5%d8%b7%d9%84%d8%a7%d9%82-%d8%a7%d9%84%d8%aa%d9%82%d8%b1%d9%8a%d8%b1-%d8%a7%d9%84%d8%b3%d9%86%d9%88%d9%8a-%d9%84%d9%84%d9%88%d9%84%d8%a7%d9%8a%d8%a9-%d8%a7%d9%84%d9%82%d8%b6%d8%a7%d8%a6%d9%8a\/\"},\"author\":{\"name\":\"SCM\",\"@id\":\"https:\/\/scm.bz\/#\/schema\/person\/8dfa453355a70056c2dbaaa9e50dca2e\"},\"headline\":\"Derxistina rapora salane ya &#8220;Serwer\u00eeya Dadgeh\u00ee ya C\u00eehan\u00ee&#8221; ya sala 2019an (UJAR Report) der bar\u00ea doza S\u00fbr\u00eeyay\u00ee de\",\"datePublished\":\"2019-03-25T10:22:17+00:00\",\"dateModified\":\"2019-03-25T10:24:14+00:00\",\"mainEntityOfPage\":{\"@id\":\"https:\/\/scm.bz\/%d8%a5%d8%b7%d9%84%d8%a7%d9%82-%d8%a7%d9%84%d8%aa%d9%82%d8%b1%d9%8a%d8%b1-%d8%a7%d9%84%d8%b3%d9%86%d9%88%d9%8a-%d9%84%d9%84%d9%88%d9%84%d8%a7%d9%8a%d8%a9-%d8%a7%d9%84%d9%82%d8%b6%d8%a7%d8%a6%d9%8a\/\"},\"wordCount\":456,\"publisher\":{\"@id\":\"https:\/\/scm.bz\/#organization\"},\"image\":{\"@id\":\"https:\/\/scm.bz\/%d8%a5%d8%b7%d9%84%d8%a7%d9%82-%d8%a7%d9%84%d8%aa%d9%82%d8%b1%d9%8a%d8%b1-%d8%a7%d9%84%d8%b3%d9%86%d9%88%d9%8a-%d9%84%d9%84%d9%88%d9%84%d8%a7%d9%8a%d8%a9-%d8%a7%d9%84%d9%82%d8%b6%d8%a7%d8%a6%d9%8a\/#primaryimage\"},\"thumbnailUrl\":\"https:\/\/scm.bz\/wp-content\/uploads\/2019\/03\/20190321_170808-1.jpg\",\"articleSection\":[\"Rotator\"],\"inLanguage\":\"kmr\"},{\"@type\":\"WebPage\",\"@id\":\"https:\/\/scm.bz\/%d8%a5%d8%b7%d9%84%d8%a7%d9%82-%d8%a7%d9%84%d8%aa%d9%82%d8%b1%d9%8a%d8%b1-%d8%a7%d9%84%d8%b3%d9%86%d9%88%d9%8a-%d9%84%d9%84%d9%88%d9%84%d8%a7%d9%8a%d8%a9-%d8%a7%d9%84%d9%82%d8%b6%d8%a7%d8%a6%d9%8a\/\",\"url\":\"https:\/\/scm.bz\/%d8%a5%d8%b7%d9%84%d8%a7%d9%82-%d8%a7%d9%84%d8%aa%d9%82%d8%b1%d9%8a%d8%b1-%d8%a7%d9%84%d8%b3%d9%86%d9%88%d9%8a-%d9%84%d9%84%d9%88%d9%84%d8%a7%d9%8a%d8%a9-%d8%a7%d9%84%d9%82%d8%b6%d8%a7%d8%a6%d9%8a\/\",\"name\":\"Derxistina rapora salane ya \\\"Serwer\u00eeya Dadgeh\u00ee ya C\u00eehan\u00ee\\\" ya sala 2019an (UJAR Report) der bar\u00ea doza S\u00fbr\u00eeyay\u00ee de - \u0627\u0644\u0645\u0631\u0643\u0632 \u0627\u0644\u0633\u0648\u0631\u064a \u0644\u0644\u0625\u0639\u0644\u0627\u0645 \u0648\u062d\u0631\u064a\u0629 \u0627\u0644\u062a\u0639\u0628\u064a\u0631 Syrian Center for Media and Freedom of Expression\",\"isPartOf\":{\"@id\":\"https:\/\/scm.bz\/#website\"},\"primaryImageOfPage\":{\"@id\":\"https:\/\/scm.bz\/%d8%a5%d8%b7%d9%84%d8%a7%d9%82-%d8%a7%d9%84%d8%aa%d9%82%d8%b1%d9%8a%d8%b1-%d8%a7%d9%84%d8%b3%d9%86%d9%88%d9%8a-%d9%84%d9%84%d9%88%d9%84%d8%a7%d9%8a%d8%a9-%d8%a7%d9%84%d9%82%d8%b6%d8%a7%d8%a6%d9%8a\/#primaryimage\"},\"image\":{\"@id\":\"https:\/\/scm.bz\/%d8%a5%d8%b7%d9%84%d8%a7%d9%82-%d8%a7%d9%84%d8%aa%d9%82%d8%b1%d9%8a%d8%b1-%d8%a7%d9%84%d8%b3%d9%86%d9%88%d9%8a-%d9%84%d9%84%d9%88%d9%84%d8%a7%d9%8a%d8%a9-%d8%a7%d9%84%d9%82%d8%b6%d8%a7%d8%a6%d9%8a\/#primaryimage\"},\"thumbnailUrl\":\"https:\/\/scm.bz\/wp-content\/uploads\/2019\/03\/20190321_170808-1.jpg\",\"datePublished\":\"2019-03-25T10:22:17+00:00\",\"dateModified\":\"2019-03-25T10:24:14+00:00\",\"description\":\"%\",\"breadcrumb\":{\"@id\":\"https:\/\/scm.bz\/%d8%a5%d8%b7%d9%84%d8%a7%d9%82-%d8%a7%d9%84%d8%aa%d9%82%d8%b1%d9%8a%d8%b1-%d8%a7%d9%84%d8%b3%d9%86%d9%88%d9%8a-%d9%84%d9%84%d9%88%d9%84%d8%a7%d9%8a%d8%a9-%d8%a7%d9%84%d9%82%d8%b6%d8%a7%d8%a6%d9%8a\/#breadcrumb\"},\"inLanguage\":\"kmr\",\"potentialAction\":[{\"@type\":\"ReadAction\",\"target\":[\"https:\/\/scm.bz\/%d8%a5%d8%b7%d9%84%d8%a7%d9%82-%d8%a7%d9%84%d8%aa%d9%82%d8%b1%d9%8a%d8%b1-%d8%a7%d9%84%d8%b3%d9%86%d9%88%d9%8a-%d9%84%d9%84%d9%88%d9%84%d8%a7%d9%8a%d8%a9-%d8%a7%d9%84%d9%82%d8%b6%d8%a7%d8%a6%d9%8a\/\"]}]},{\"@type\":\"ImageObject\",\"inLanguage\":\"kmr\",\"@id\":\"https:\/\/scm.bz\/%d8%a5%d8%b7%d9%84%d8%a7%d9%82-%d8%a7%d9%84%d8%aa%d9%82%d8%b1%d9%8a%d8%b1-%d8%a7%d9%84%d8%b3%d9%86%d9%88%d9%8a-%d9%84%d9%84%d9%88%d9%84%d8%a7%d9%8a%d8%a9-%d8%a7%d9%84%d9%82%d8%b6%d8%a7%d8%a6%d9%8a\/#primaryimage\",\"url\":\"https:\/\/scm.bz\/wp-content\/uploads\/2019\/03\/20190321_170808-1.jpg\",\"contentUrl\":\"https:\/\/scm.bz\/wp-content\/uploads\/2019\/03\/20190321_170808-1.jpg\",\"width\":4032,\"height\":2268},{\"@type\":\"BreadcrumbList\",\"@id\":\"https:\/\/scm.bz\/%d8%a5%d8%b7%d9%84%d8%a7%d9%82-%d8%a7%d9%84%d8%aa%d9%82%d8%b1%d9%8a%d8%b1-%d8%a7%d9%84%d8%b3%d9%86%d9%88%d9%8a-%d9%84%d9%84%d9%88%d9%84%d8%a7%d9%8a%d8%a9-%d8%a7%d9%84%d9%82%d8%b6%d8%a7%d8%a6%d9%8a\/#breadcrumb\",\"itemListElement\":[{\"@type\":\"ListItem\",\"position\":1,\"name\":\"Home\",\"item\":\"https:\/\/scm.bz\/kmr\/\"},{\"@type\":\"ListItem\",\"position\":2,\"name\":\"Derxistina rapora salane ya &#8220;Serwer\u00eeya Dadgeh\u00ee ya C\u00eehan\u00ee&#8221; ya sala 2019an (UJAR Report) der bar\u00ea doza S\u00fbr\u00eeyay\u00ee de\"}]},{\"@type\":\"WebSite\",\"@id\":\"https:\/\/scm.bz\/#website\",\"url\":\"https:\/\/scm.bz\/\",\"name\":\"\u0627\u0644\u0645\u0631\u0643\u0632 \u0627\u0644\u0633\u0648\u0631\u064a \u0644\u0644\u0625\u0639\u0644\u0627\u0645 \u0648\u062d\u0631\u064a\u0629 \u0627\u0644\u062a\u0639\u0628\u064a\u0631 Syrian Center for Media and Freedom of Expression\",\"description\":\"\",\"publisher\":{\"@id\":\"https:\/\/scm.bz\/#organization\"},\"potentialAction\":[{\"@type\":\"SearchAction\",\"target\":{\"@type\":\"EntryPoint\",\"urlTemplate\":\"https:\/\/scm.bz\/?s={search_term_string}\"},\"query-input\":{\"@type\":\"PropertyValueSpecification\",\"valueRequired\":true,\"valueName\":\"search_term_string\"}}],\"inLanguage\":\"kmr\"},{\"@type\":\"Organization\",\"@id\":\"https:\/\/scm.bz\/#organization\",\"name\":\"\u0627\u0644\u0645\u0631\u0643\u0632 \u0627\u0644\u0633\u0648\u0631\u064a \u0644\u0644\u0625\u0639\u0644\u0627\u0645 \u0648\u062d\u0631\u064a\u0629 \u0627\u0644\u062a\u0639\u0628\u064a\u0631 Syrian Center for Media and Freedom of Expression\",\"url\":\"https:\/\/scm.bz\/\",\"logo\":{\"@type\":\"ImageObject\",\"inLanguage\":\"kmr\",\"@id\":\"https:\/\/scm.bz\/#\/schema\/logo\/image\/\",\"url\":\"http:\/\/scm.bz\/wp-content\/uploads\/2021\/01\/SCM-logo-1-with-Clear-Space-1-2.png\",\"contentUrl\":\"http:\/\/scm.bz\/wp-content\/uploads\/2021\/01\/SCM-logo-1-with-Clear-Space-1-2.png\",\"width\":1450,\"height\":1450,\"caption\":\"\u0627\u0644\u0645\u0631\u0643\u0632 \u0627\u0644\u0633\u0648\u0631\u064a \u0644\u0644\u0625\u0639\u0644\u0627\u0645 \u0648\u062d\u0631\u064a\u0629 \u0627\u0644\u062a\u0639\u0628\u064a\u0631 Syrian Center for Media and Freedom of Expression\"},\"image\":{\"@id\":\"https:\/\/scm.bz\/#\/schema\/logo\/image\/\"},\"sameAs\":[\"https:\/\/www.facebook.com\/scm.center\",\"https:\/\/x.com\/SyrianCenter\"]},{\"@type\":\"Person\",\"@id\":\"https:\/\/scm.bz\/#\/schema\/person\/8dfa453355a70056c2dbaaa9e50dca2e\",\"name\":\"SCM\",\"image\":{\"@type\":\"ImageObject\",\"inLanguage\":\"kmr\",\"@id\":\"https:\/\/scm.bz\/#\/schema\/person\/image\/\",\"url\":\"https:\/\/secure.gravatar.com\/avatar\/9e772bdfcada790376cde8e4af035d2331987ee76b51cf658233821a7a468d08?s=96&d=blank&r=g\",\"contentUrl\":\"https:\/\/secure.gravatar.com\/avatar\/9e772bdfcada790376cde8e4af035d2331987ee76b51cf658233821a7a468d08?s=96&d=blank&r=g\",\"caption\":\"SCM\"},\"url\":\"https:\/\/scm.bz\/kmr\/author\/webmaster\/\"}]}<\/script>\n<!-- \/ Yoast SEO Premium plugin. -->","yoast_head_json":{"title":"Derxistina rapora salane ya \"Serwer\u00eeya Dadgeh\u00ee ya C\u00eehan\u00ee\" ya sala 2019an (UJAR Report) der bar\u00ea doza S\u00fbr\u00eeyay\u00ee de - \u0627\u0644\u0645\u0631\u0643\u0632 \u0627\u0644\u0633\u0648\u0631\u064a \u0644\u0644\u0625\u0639\u0644\u0627\u0645 \u0648\u062d\u0631\u064a\u0629 \u0627\u0644\u062a\u0639\u0628\u064a\u0631 Syrian Center for Media and Freedom of Expression","description":"%","robots":{"index":"index","follow":"follow","max-snippet":"max-snippet:-1","max-image-preview":"max-image-preview:large","max-video-preview":"max-video-preview:-1"},"canonical":"https:\/\/scm.bz\/\u0625\u0637\u0644\u0627\u0642-\u0627\u0644\u062a\u0642\u0631\u064a\u0631-\u0627\u0644\u0633\u0646\u0648\u064a-\u0644\u0644\u0648\u0644\u0627\u064a\u0629-\u0627\u0644\u0642\u0636\u0627\u0626\u064a\/","og_locale":"en_US","og_type":"article","og_title":"Derxistina rapora salane ya \"Serwer\u00eeya Dadgeh\u00ee ya C\u00eehan\u00ee\" ya sala 2019an (UJAR Report) der bar\u00ea doza S\u00fbr\u00eeyay\u00ee de","og_description":"%","og_url":"https:\/\/scm.bz\/\u0625\u0637\u0644\u0627\u0642-\u0627\u0644\u062a\u0642\u0631\u064a\u0631-\u0627\u0644\u0633\u0646\u0648\u064a-\u0644\u0644\u0648\u0644\u0627\u064a\u0629-\u0627\u0644\u0642\u0636\u0627\u0626\u064a\/","og_site_name":"\u0627\u0644\u0645\u0631\u0643\u0632 \u0627\u0644\u0633\u0648\u0631\u064a \u0644\u0644\u0625\u0639\u0644\u0627\u0645 \u0648\u062d\u0631\u064a\u0629 \u0627\u0644\u062a\u0639\u0628\u064a\u0631 Syrian Center for Media and Freedom of Expression","article_publisher":"https:\/\/www.facebook.com\/scm.center","article_published_time":"2019-03-25T10:22:17+00:00","article_modified_time":"2019-03-25T10:24:14+00:00","og_image":[{"width":1024,"height":576,"url":"https:\/\/scm.bz\/wp-content\/uploads\/2019\/03\/20190321_170808-1-1024x576.jpg","type":"image\/jpeg"}],"author":"SCM","twitter_card":"summary_large_image","twitter_creator":"@SyrianCenter","twitter_site":"@SyrianCenter","twitter_misc":{"Written by":"SCM","Est. reading time":"2 minutes"},"schema":{"@context":"https:\/\/schema.org","@graph":[{"@type":"Article","@id":"https:\/\/scm.bz\/%d8%a5%d8%b7%d9%84%d8%a7%d9%82-%d8%a7%d9%84%d8%aa%d9%82%d8%b1%d9%8a%d8%b1-%d8%a7%d9%84%d8%b3%d9%86%d9%88%d9%8a-%d9%84%d9%84%d9%88%d9%84%d8%a7%d9%8a%d8%a9-%d8%a7%d9%84%d9%82%d8%b6%d8%a7%d8%a6%d9%8a\/#article","isPartOf":{"@id":"https:\/\/scm.bz\/%d8%a5%d8%b7%d9%84%d8%a7%d9%82-%d8%a7%d9%84%d8%aa%d9%82%d8%b1%d9%8a%d8%b1-%d8%a7%d9%84%d8%b3%d9%86%d9%88%d9%8a-%d9%84%d9%84%d9%88%d9%84%d8%a7%d9%8a%d8%a9-%d8%a7%d9%84%d9%82%d8%b6%d8%a7%d8%a6%d9%8a\/"},"author":{"name":"SCM","@id":"https:\/\/scm.bz\/#\/schema\/person\/8dfa453355a70056c2dbaaa9e50dca2e"},"headline":"Derxistina rapora salane ya &#8220;Serwer\u00eeya Dadgeh\u00ee ya C\u00eehan\u00ee&#8221; ya sala 2019an (UJAR Report) der bar\u00ea doza S\u00fbr\u00eeyay\u00ee de","datePublished":"2019-03-25T10:22:17+00:00","dateModified":"2019-03-25T10:24:14+00:00","mainEntityOfPage":{"@id":"https:\/\/scm.bz\/%d8%a5%d8%b7%d9%84%d8%a7%d9%82-%d8%a7%d9%84%d8%aa%d9%82%d8%b1%d9%8a%d8%b1-%d8%a7%d9%84%d8%b3%d9%86%d9%88%d9%8a-%d9%84%d9%84%d9%88%d9%84%d8%a7%d9%8a%d8%a9-%d8%a7%d9%84%d9%82%d8%b6%d8%a7%d8%a6%d9%8a\/"},"wordCount":456,"publisher":{"@id":"https:\/\/scm.bz\/#organization"},"image":{"@id":"https:\/\/scm.bz\/%d8%a5%d8%b7%d9%84%d8%a7%d9%82-%d8%a7%d9%84%d8%aa%d9%82%d8%b1%d9%8a%d8%b1-%d8%a7%d9%84%d8%b3%d9%86%d9%88%d9%8a-%d9%84%d9%84%d9%88%d9%84%d8%a7%d9%8a%d8%a9-%d8%a7%d9%84%d9%82%d8%b6%d8%a7%d8%a6%d9%8a\/#primaryimage"},"thumbnailUrl":"https:\/\/scm.bz\/wp-content\/uploads\/2019\/03\/20190321_170808-1.jpg","articleSection":["Rotator"],"inLanguage":"kmr"},{"@type":"WebPage","@id":"https:\/\/scm.bz\/%d8%a5%d8%b7%d9%84%d8%a7%d9%82-%d8%a7%d9%84%d8%aa%d9%82%d8%b1%d9%8a%d8%b1-%d8%a7%d9%84%d8%b3%d9%86%d9%88%d9%8a-%d9%84%d9%84%d9%88%d9%84%d8%a7%d9%8a%d8%a9-%d8%a7%d9%84%d9%82%d8%b6%d8%a7%d8%a6%d9%8a\/","url":"https:\/\/scm.bz\/%d8%a5%d8%b7%d9%84%d8%a7%d9%82-%d8%a7%d9%84%d8%aa%d9%82%d8%b1%d9%8a%d8%b1-%d8%a7%d9%84%d8%b3%d9%86%d9%88%d9%8a-%d9%84%d9%84%d9%88%d9%84%d8%a7%d9%8a%d8%a9-%d8%a7%d9%84%d9%82%d8%b6%d8%a7%d8%a6%d9%8a\/","name":"Derxistina rapora salane ya \"Serwer\u00eeya Dadgeh\u00ee ya C\u00eehan\u00ee\" ya sala 2019an (UJAR Report) der bar\u00ea doza S\u00fbr\u00eeyay\u00ee de - \u0627\u0644\u0645\u0631\u0643\u0632 \u0627\u0644\u0633\u0648\u0631\u064a \u0644\u0644\u0625\u0639\u0644\u0627\u0645 \u0648\u062d\u0631\u064a\u0629 \u0627\u0644\u062a\u0639\u0628\u064a\u0631 Syrian Center for Media and Freedom of Expression","isPartOf":{"@id":"https:\/\/scm.bz\/#website"},"primaryImageOfPage":{"@id":"https:\/\/scm.bz\/%d8%a5%d8%b7%d9%84%d8%a7%d9%82-%d8%a7%d9%84%d8%aa%d9%82%d8%b1%d9%8a%d8%b1-%d8%a7%d9%84%d8%b3%d9%86%d9%88%d9%8a-%d9%84%d9%84%d9%88%d9%84%d8%a7%d9%8a%d8%a9-%d8%a7%d9%84%d9%82%d8%b6%d8%a7%d8%a6%d9%8a\/#primaryimage"},"image":{"@id":"https:\/\/scm.bz\/%d8%a5%d8%b7%d9%84%d8%a7%d9%82-%d8%a7%d9%84%d8%aa%d9%82%d8%b1%d9%8a%d8%b1-%d8%a7%d9%84%d8%b3%d9%86%d9%88%d9%8a-%d9%84%d9%84%d9%88%d9%84%d8%a7%d9%8a%d8%a9-%d8%a7%d9%84%d9%82%d8%b6%d8%a7%d8%a6%d9%8a\/#primaryimage"},"thumbnailUrl":"https:\/\/scm.bz\/wp-content\/uploads\/2019\/03\/20190321_170808-1.jpg","datePublished":"2019-03-25T10:22:17+00:00","dateModified":"2019-03-25T10:24:14+00:00","description":"%","breadcrumb":{"@id":"https:\/\/scm.bz\/%d8%a5%d8%b7%d9%84%d8%a7%d9%82-%d8%a7%d9%84%d8%aa%d9%82%d8%b1%d9%8a%d8%b1-%d8%a7%d9%84%d8%b3%d9%86%d9%88%d9%8a-%d9%84%d9%84%d9%88%d9%84%d8%a7%d9%8a%d8%a9-%d8%a7%d9%84%d9%82%d8%b6%d8%a7%d8%a6%d9%8a\/#breadcrumb"},"inLanguage":"kmr","potentialAction":[{"@type":"ReadAction","target":["https:\/\/scm.bz\/%d8%a5%d8%b7%d9%84%d8%a7%d9%82-%d8%a7%d9%84%d8%aa%d9%82%d8%b1%d9%8a%d8%b1-%d8%a7%d9%84%d8%b3%d9%86%d9%88%d9%8a-%d9%84%d9%84%d9%88%d9%84%d8%a7%d9%8a%d8%a9-%d8%a7%d9%84%d9%82%d8%b6%d8%a7%d8%a6%d9%8a\/"]}]},{"@type":"ImageObject","inLanguage":"kmr","@id":"https:\/\/scm.bz\/%d8%a5%d8%b7%d9%84%d8%a7%d9%82-%d8%a7%d9%84%d8%aa%d9%82%d8%b1%d9%8a%d8%b1-%d8%a7%d9%84%d8%b3%d9%86%d9%88%d9%8a-%d9%84%d9%84%d9%88%d9%84%d8%a7%d9%8a%d8%a9-%d8%a7%d9%84%d9%82%d8%b6%d8%a7%d8%a6%d9%8a\/#primaryimage","url":"https:\/\/scm.bz\/wp-content\/uploads\/2019\/03\/20190321_170808-1.jpg","contentUrl":"https:\/\/scm.bz\/wp-content\/uploads\/2019\/03\/20190321_170808-1.jpg","width":4032,"height":2268},{"@type":"BreadcrumbList","@id":"https:\/\/scm.bz\/%d8%a5%d8%b7%d9%84%d8%a7%d9%82-%d8%a7%d9%84%d8%aa%d9%82%d8%b1%d9%8a%d8%b1-%d8%a7%d9%84%d8%b3%d9%86%d9%88%d9%8a-%d9%84%d9%84%d9%88%d9%84%d8%a7%d9%8a%d8%a9-%d8%a7%d9%84%d9%82%d8%b6%d8%a7%d8%a6%d9%8a\/#breadcrumb","itemListElement":[{"@type":"ListItem","position":1,"name":"Home","item":"https:\/\/scm.bz\/kmr\/"},{"@type":"ListItem","position":2,"name":"Derxistina rapora salane ya &#8220;Serwer\u00eeya Dadgeh\u00ee ya C\u00eehan\u00ee&#8221; ya sala 2019an (UJAR Report) der bar\u00ea doza S\u00fbr\u00eeyay\u00ee de"}]},{"@type":"WebSite","@id":"https:\/\/scm.bz\/#website","url":"https:\/\/scm.bz\/","name":"\u0627\u0644\u0645\u0631\u0643\u0632 \u0627\u0644\u0633\u0648\u0631\u064a \u0644\u0644\u0625\u0639\u0644\u0627\u0645 \u0648\u062d\u0631\u064a\u0629 \u0627\u0644\u062a\u0639\u0628\u064a\u0631 Syrian Center for Media and Freedom of Expression","description":"","publisher":{"@id":"https:\/\/scm.bz\/#organization"},"potentialAction":[{"@type":"SearchAction","target":{"@type":"EntryPoint","urlTemplate":"https:\/\/scm.bz\/?s={search_term_string}"},"query-input":{"@type":"PropertyValueSpecification","valueRequired":true,"valueName":"search_term_string"}}],"inLanguage":"kmr"},{"@type":"Organization","@id":"https:\/\/scm.bz\/#organization","name":"\u0627\u0644\u0645\u0631\u0643\u0632 \u0627\u0644\u0633\u0648\u0631\u064a \u0644\u0644\u0625\u0639\u0644\u0627\u0645 \u0648\u062d\u0631\u064a\u0629 \u0627\u0644\u062a\u0639\u0628\u064a\u0631 Syrian Center for Media and Freedom of Expression","url":"https:\/\/scm.bz\/","logo":{"@type":"ImageObject","inLanguage":"kmr","@id":"https:\/\/scm.bz\/#\/schema\/logo\/image\/","url":"http:\/\/scm.bz\/wp-content\/uploads\/2021\/01\/SCM-logo-1-with-Clear-Space-1-2.png","contentUrl":"http:\/\/scm.bz\/wp-content\/uploads\/2021\/01\/SCM-logo-1-with-Clear-Space-1-2.png","width":1450,"height":1450,"caption":"\u0627\u0644\u0645\u0631\u0643\u0632 \u0627\u0644\u0633\u0648\u0631\u064a \u0644\u0644\u0625\u0639\u0644\u0627\u0645 \u0648\u062d\u0631\u064a\u0629 \u0627\u0644\u062a\u0639\u0628\u064a\u0631 Syrian Center for Media and Freedom of Expression"},"image":{"@id":"https:\/\/scm.bz\/#\/schema\/logo\/image\/"},"sameAs":["https:\/\/www.facebook.com\/scm.center","https:\/\/x.com\/SyrianCenter"]},{"@type":"Person","@id":"https:\/\/scm.bz\/#\/schema\/person\/8dfa453355a70056c2dbaaa9e50dca2e","name":"SCM","image":{"@type":"ImageObject","inLanguage":"kmr","@id":"https:\/\/scm.bz\/#\/schema\/person\/image\/","url":"https:\/\/secure.gravatar.com\/avatar\/9e772bdfcada790376cde8e4af035d2331987ee76b51cf658233821a7a468d08?s=96&d=blank&r=g","contentUrl":"https:\/\/secure.gravatar.com\/avatar\/9e772bdfcada790376cde8e4af035d2331987ee76b51cf658233821a7a468d08?s=96&d=blank&r=g","caption":"SCM"},"url":"https:\/\/scm.bz\/kmr\/author\/webmaster\/"}]}},"_links":{"self":[{"href":"https:\/\/scm.bz\/kmr\/wp-json\/wp\/v2\/posts\/188322","targetHints":{"allow":["GET"]}}],"collection":[{"href":"https:\/\/scm.bz\/kmr\/wp-json\/wp\/v2\/posts"}],"about":[{"href":"https:\/\/scm.bz\/kmr\/wp-json\/wp\/v2\/types\/post"}],"author":[{"embeddable":true,"href":"https:\/\/scm.bz\/kmr\/wp-json\/wp\/v2\/users\/25"}],"replies":[{"embeddable":true,"href":"https:\/\/scm.bz\/kmr\/wp-json\/wp\/v2\/comments?post=188322"}],"version-history":[{"count":0,"href":"https:\/\/scm.bz\/kmr\/wp-json\/wp\/v2\/posts\/188322\/revisions"}],"wp:featuredmedia":[{"embeddable":true,"href":"https:\/\/scm.bz\/kmr\/wp-json\/wp\/v2\/media\/187970"}],"wp:attachment":[{"href":"https:\/\/scm.bz\/kmr\/wp-json\/wp\/v2\/media?parent=188322"}],"wp:term":[{"taxonomy":"category","embeddable":true,"href":"https:\/\/scm.bz\/kmr\/wp-json\/wp\/v2\/categories?post=188322"},{"taxonomy":"post_tag","embeddable":true,"href":"https:\/\/scm.bz\/kmr\/wp-json\/wp\/v2\/tags?post=188322"}],"curies":[{"name":"wp","href":"https:\/\/api.w.org\/{rel}","templated":true}]}}