{"id":186151,"date":"2018-12-18T16:07:50","date_gmt":"2018-12-18T14:07:50","guid":{"rendered":"https:\/\/scm.bz?p=186151"},"modified":"2018-12-18T16:07:50","modified_gmt":"2018-12-18T14:07:50","slug":"bidawianina-qonaxa-duyem-a-projeya-rewangeha-gotara-tundi-u-nefretkirine-di-ragihandina-suriyayi-de","status":"publish","type":"post","link":"https:\/\/scm.bz\/kmr\/bidawianina-qonaxa-duyem-a-projeya-rewangeha-gotara-tundi-u-nefretkirine-di-ragihandina-suriyayi-de\/","title":{"rendered":"Bidaw\u00eean\u00eena Qonaxa Duyem a Projeya &#8220;Rewangeha Gotara Tund\u00ee \u00fb Nefretkirin\u00ea&#8221; di Ragihandina S\u00fbr\u00eeyay\u00ee de"},"content":{"rendered":"<p><span style=\"font-weight: 400\">Li gor ragihandina dijat\u00eeya nijadperest\u00eey\u00ea \u00fb c\u00fbdakirina nijad\u00ee ya ku ji h\u00eala \u00a0R\u00eaxistina NYy\u00ea ya perwerde, zanist \u00fb \u00e7and\u00ea &#8220;UNISCO&#8221; (madeya 5,3) di gera 20an a 27\u00ea mijdara 1978an de hate derxistina \u00fb lixwegirtin, her weha ji bo bicihan\u00eena madey\u00ean qan\u00fbn\u00ean navdewlet\u00ee y\u00ean maf\u00ean mirovan, &#8220;Navenda S\u00fbr\u00eeyay\u00ee ya Ragihandin\u00ea \u00fb Azad\u00eeya Derbir\u00een\u00ea&#8221; qonaxa duyem a projeya (Rewangeha Gotara Tund\u00ee \u00fb Nefretkirin\u00ea di Ragihandina S\u00fbr\u00eeyay\u00ee de) ku bi hevkar\u00eeya R\u00eaxistina Netewey\u00ean Yekb\u00fby\u00ee ya Perwerde, Zanist \u00fb \u00e7and\u00ea &#8220;UNISCO&#8221; bi cih tine \u00fb di \u00eelona 2017an de dest p\u00ea kirib\u00fb, bi daw\u00ee kir.&#8221;Rewangeha Gotara Tund\u00ee \u00fb Nefretkirin\u00ea&#8221; dixwaze hevkar\u00eey\u00ea li ser asteke berfireh li gel dezgeh\u00ean ragihandin\u00ea y\u00ean S\u00fbr\u00eeyay\u00ee \u00fb r\u00eaxistin\u00ean civaka siv\u00eel di asta yekem de ava bike, bi armanca bilindkirina asta hi\u015fmend\u00eey\u00ea di nav civaka S\u00fbr\u00eeyay\u00ee bi gi\u015ft\u00ee de \u00fb ya ragih\u00eaner bi taybet de, da ku sedem\u00ean bikaran\u00eena v\u00ea gotar\u00ea, form\u00ean w\u00ea, encam\u00ean w\u00ea \u00fb \u015f\u00eawaz\u00ean dan\u00fbstendina bi dozen wisa re werin naskirin her weha alav \u00fb p\u00eevan\u00ean s\u00eenorkirina bikaran\u00een\u00ea werin dan\u00een.<\/span><\/p>\n<p><span style=\"font-weight: 400\">Qonaxa projey\u00ea ya duyem p\u00eanc mehan dom kir (ji n\u00eesan heta tebaxa 2018an) \u00fb \u00e7avd\u00ear\u00eeya 24 dezgeh\u00ean ragihandin\u00ea y\u00ean S\u00fbr\u00eeyay\u00ee li xwe girt bi armanca p\u00eevana asta bikaran\u00eena gotara nefretkirin\u00ea \u00fb sorkirina ser tund\u00eey\u00ea. Di qonaxa (\u00e7avd\u00ear\u00eey\u00ea) de, kar bo \u00a0\u00e7ae be\u015fan hate dabe\u015fkirin: r\u00eabaz, P\u00eavajoya \u00e7avd\u00ear\u00eey\u00ea, Work\u015fopa \u2013t\u00eag\u00een\u00ean \u015fer\u00ea gotara nefretkirin \u00fb tund\u00eey\u00ea<\/span><span style=\"font-weight: 400\">, <\/span><span style=\"font-weight: 400\">Ferhenga t\u00eag\u00eenan. Destp\u00eaka kar bi <\/span><span style=\"font-weight: 400\">r\u00eabaz b\u00fb <\/span><span style=\"font-weight: 400\">Ji ber p\u00ea\u015fketina ku di ragihandina S\u00fbr\u00eeyay\u00ee de, ji heft salan; ji sala 2011an ve heta nuha \u00e7\u00eab\u00fbye,<\/span><span style=\"font-weight: 400\">her weha pirb\u00fby\u00eena \u00a0<\/span><span style=\"font-weight: 400\">dezgeh\u00ean ragihandin\u00ea y\u00ean \u00e7apkir\u00ee, bih\u00eest\u00ee \u00fb d\u00eetbar belav b\u00fbn \u00fb li gel guhertin\u00ean di v\u00ee war\u00ee de ji ber guhertin\u00ean siyas\u00ee \u00fb le\u015fker\u00ee li S\u00fbr\u00eeyay\u00ea, diviyab\u00fb awayek\u00ee l\u00eakol\u00eenan \u00ea taybet li gor rew\u015fa S\u00fbr\u00eeyay\u00ea \u00fb taybet\u00ean w\u00ea were \u00e7\u00eakirin.<\/span><\/p>\n<p><span style=\"font-weight: 400\">P\u00eavajoya \u00e7avd\u00ear\u00eey\u00ea 7 rojan ji h\u00eala 24 \u00e7avd\u00earan dom kir, ew di perwerdey\u00ean taybet de y\u00ean m\u00eekan\u00eezmay\u00ean \u00e7avd\u00ear\u00eey\u00ea \u00fb avakirina h\u00eazan re derbas b\u00fbne <\/span><\/p>\n<p><span style=\"font-weight: 400\">Di daw\u00eeya qonax\u00ea de, encam\u00ean gi\u015ft\u00ee der bar\u00ea ragihandina S\u00fbr\u00eeyay\u00ee de derdikevin her weha encam\u00ean taybet der bar\u00ea her dezgeheke ragihandin\u00ea, encam\u00ean gi\u015ft\u00ee \u00fb taybet d\u00ea bi dezgeh\u00ean ragihandin\u00ea y\u00ean p\u00eawend\u00eedar re werin genge\u015fekirin.<\/span><\/p>\n<p><span style=\"font-weight: 400\">Qonaxa s\u00eayem Work\u015fopa \u2013t\u00eag\u00een\u00ean \u015fer\u00ea gotara nefretkirin \u00fb tund\u00eey\u00ea ye<\/span><\/p>\n<p><span style=\"font-weight: 400\">(24) \u00e7avd\u00ear ji (550) kes\u00ean ku nav\u00ean xwe p\u00ea\u015fk\u00ea\u015f kirib\u00fbn, hatin bijartin \u00fb di qonaxa daw\u00ee a p\u00eavajoya &#8220;\u00e7avd\u00ear&#8217; de, work\u015fopeke taybet bi avakirina zan\u00een\u00ea der bare t\u00eag\u00een\u00ean gir\u00eaday\u00ee gotara nefretkirin \u00fb tund\u00eey\u00ea \u00fb m\u00eekan\u00eezm\u00ean s\u00eenorkirina belavkirina w\u00ea hate \u00e7\u00eakirin.<\/span><\/p>\n<p><span style=\"font-weight: 400\">Work\u015fopa ku du rojan dewam kir, nirxandina \u00e7avd\u00earan bo z\u00eadekirina nas\u00eena wan bi t\u00eageh\u00ean &#8220;Gotara Tund\u00ee \u00fb Nefretkirin\u00ea&#8221; hatin c\u00fbdakirin, li gel v\u00ea yek\u00ea j\u00ee work\u015fop\u00ea hin xal\u00ean di \u00e7ar\u00e7oveya \u00e7avd\u00ear\u00eey\u00ea de m\u00eena xwendina biw\u00eaj\u00ean ragih\u00eaner\u00ee y\u00ean bikarhat\u00ee \u00fb gir\u00eadana wan bi \u00e7ar\u00e7oveya w\u00ea ya ragih\u00eaner\u00ee \u00fb s\u00eamant\u00eeka w\u00ea ya civak\u00ee.<\/span><\/p>\n<p><span style=\"font-weight: 400\">Qonaxa daw\u00ee ya Ferhenga t\u00eag\u00eenan eku , Ferhengek T\u00eag\u00eenan taybet ji 134 gotin\u00ean belav ( di serdema gir\u00eaday\u00ee \u00e7avd\u00ear\u00eey\u00ea de) di ragihandina S\u00fbr\u00eeyay\u00ee de hate \u00e7\u00eakirin, her weha hin p\u00eanase j\u00ee hatin bip\u00ea\u015fxistin ji bo destn\u00ee\u015fankirina gotara tund\u00ee \u00fb nefretkirin\u00ea di dezgeh\u00ean ragihandina S\u00fbr\u00eeyay\u00ee de.<\/span><\/p>\n<p>&nbsp;<\/p>\n","protected":false},"excerpt":{"rendered":"<p>Li gor ragihandina dijat\u00eeya nijadperest\u00eey\u00ea \u00fb c\u00fbdakirina nijad\u00ee ya ku ji h\u00eala \u00a0R\u00eaxistina NYy\u00ea ya perwerde, zanist \u00fb \u00e7and\u00ea &#8220;UNISCO&#8221; (madeya 5,3) di gera 20an a 27\u00ea mijdara 1978an de hate derxistina \u00fb lixwegirtin, her weha ji bo bicihan\u00eena madey\u00ean qan\u00fbn\u00ean navdewlet\u00ee y\u00ean maf\u00ean mirovan, &#8220;Navenda S\u00fbr\u00eeyay\u00ee ya Ragihandin\u00ea \u00fb Azad\u00eeya Derbir\u00een\u00ea&#8221; qonaxa duyem a [&hellip;]<\/p>\n","protected":false},"author":24,"featured_media":186147,"comment_status":"open","ping_status":"open","sticky":false,"template":"","format":"standard","meta":{"_acf_changed":false,"footnotes":""},"categories":[328],"tags":[],"class_list":["post-186151","post","type-post","status-publish","format-standard","has-post-thumbnail","hentry","category-statements-kmr","post-wrapper"],"acf":[],"yoast_head":"<!-- This site is optimized with the Yoast SEO Premium plugin v20.6 (Yoast SEO v26.5) - https:\/\/yoast.com\/wordpress\/plugins\/seo\/ -->\n<title>Bidaw\u00eean\u00eena Qonaxa Duyem a Projeya &quot;Rewangeha Gotara Tund\u00ee \u00fb Nefretkirin\u00ea&quot; di Ragihandina S\u00fbr\u00eeyay\u00ee de - \u0627\u0644\u0645\u0631\u0643\u0632 \u0627\u0644\u0633\u0648\u0631\u064a \u0644\u0644\u0625\u0639\u0644\u0627\u0645 \u0648\u062d\u0631\u064a\u0629 \u0627\u0644\u062a\u0639\u0628\u064a\u0631 Syrian Center for Media and Freedom of Expression<\/title>\n<meta name=\"description\" content=\"%\" \/>\n<meta name=\"robots\" content=\"index, follow, max-snippet:-1, max-image-preview:large, max-video-preview:-1\" \/>\n<link rel=\"canonical\" href=\"https:\/\/scm.bz\/kmr\/bidawianina-qonaxa-duyem-a-projeya-rewangeha-gotara-tundi-u-nefretkirine-di-ragihandina-suriyayi-de\/\" \/>\n<meta property=\"og:locale\" content=\"en_US\" \/>\n<meta property=\"og:type\" content=\"article\" \/>\n<meta property=\"og:title\" content=\"Bidaw\u00eean\u00eena Qonaxa Duyem a Projeya &quot;Rewangeha Gotara Tund\u00ee \u00fb Nefretkirin\u00ea&quot; di Ragihandina S\u00fbr\u00eeyay\u00ee de\" \/>\n<meta property=\"og:description\" content=\"%\" \/>\n<meta property=\"og:url\" content=\"https:\/\/scm.bz\/kmr\/bidawianina-qonaxa-duyem-a-projeya-rewangeha-gotara-tundi-u-nefretkirine-di-ragihandina-suriyayi-de\/\" \/>\n<meta property=\"og:site_name\" content=\"\u0627\u0644\u0645\u0631\u0643\u0632 \u0627\u0644\u0633\u0648\u0631\u064a \u0644\u0644\u0625\u0639\u0644\u0627\u0645 \u0648\u062d\u0631\u064a\u0629 \u0627\u0644\u062a\u0639\u0628\u064a\u0631 Syrian Center for Media and Freedom of Expression\" \/>\n<meta property=\"article:publisher\" content=\"https:\/\/www.facebook.com\/scm.center\" \/>\n<meta property=\"article:published_time\" content=\"2018-12-18T14:07:50+00:00\" \/>\n<meta property=\"og:image\" content=\"http:\/\/scm.bz\/wp-content\/uploads\/2018\/12\/IFEX_Statement_WebBannner.png\" \/>\n\t<meta property=\"og:image:width\" content=\"2200\" \/>\n\t<meta property=\"og:image:height\" content=\"641\" \/>\n\t<meta property=\"og:image:type\" content=\"image\/png\" \/>\n<meta name=\"author\" content=\"scmadmin\" \/>\n<meta name=\"twitter:card\" content=\"summary_large_image\" \/>\n<meta name=\"twitter:creator\" content=\"@SyrianCenter\" \/>\n<meta name=\"twitter:site\" content=\"@SyrianCenter\" \/>\n<meta name=\"twitter:label1\" content=\"Written by\" \/>\n\t<meta name=\"twitter:data1\" content=\"scmadmin\" \/>\n\t<meta name=\"twitter:label2\" content=\"Est. reading time\" \/>\n\t<meta name=\"twitter:data2\" content=\"3 minutes\" \/>\n<script type=\"application\/ld+json\" class=\"yoast-schema-graph\">{\"@context\":\"https:\/\/schema.org\",\"@graph\":[{\"@type\":\"Article\",\"@id\":\"https:\/\/scm.bz\/kmr\/bidawianina-qonaxa-duyem-a-projeya-rewangeha-gotara-tundi-u-nefretkirine-di-ragihandina-suriyayi-de\/#article\",\"isPartOf\":{\"@id\":\"https:\/\/scm.bz\/kmr\/bidawianina-qonaxa-duyem-a-projeya-rewangeha-gotara-tundi-u-nefretkirine-di-ragihandina-suriyayi-de\/\"},\"author\":{\"name\":\"scmadmin\",\"@id\":\"https:\/\/scm.bz\/#\/schema\/person\/d116d4c43d9f3d4fe4b61619e91ead45\"},\"headline\":\"Bidaw\u00eean\u00eena Qonaxa Duyem a Projeya &#8220;Rewangeha Gotara Tund\u00ee \u00fb Nefretkirin\u00ea&#8221; di Ragihandina S\u00fbr\u00eeyay\u00ee de\",\"datePublished\":\"2018-12-18T14:07:50+00:00\",\"mainEntityOfPage\":{\"@id\":\"https:\/\/scm.bz\/kmr\/bidawianina-qonaxa-duyem-a-projeya-rewangeha-gotara-tundi-u-nefretkirine-di-ragihandina-suriyayi-de\/\"},\"wordCount\":652,\"commentCount\":0,\"publisher\":{\"@id\":\"https:\/\/scm.bz\/#organization\"},\"image\":{\"@id\":\"https:\/\/scm.bz\/kmr\/bidawianina-qonaxa-duyem-a-projeya-rewangeha-gotara-tundi-u-nefretkirine-di-ragihandina-suriyayi-de\/#primaryimage\"},\"thumbnailUrl\":\"https:\/\/scm.bz\/wp-content\/uploads\/2018\/12\/IFEX_Statement_WebBannner.png\",\"articleSection\":[\"Beyannamey\u00ean SCM\u00ea\"],\"inLanguage\":\"kmr\"},{\"@type\":\"WebPage\",\"@id\":\"https:\/\/scm.bz\/kmr\/bidawianina-qonaxa-duyem-a-projeya-rewangeha-gotara-tundi-u-nefretkirine-di-ragihandina-suriyayi-de\/\",\"url\":\"https:\/\/scm.bz\/kmr\/bidawianina-qonaxa-duyem-a-projeya-rewangeha-gotara-tundi-u-nefretkirine-di-ragihandina-suriyayi-de\/\",\"name\":\"Bidaw\u00eean\u00eena Qonaxa Duyem a Projeya \\\"Rewangeha Gotara Tund\u00ee \u00fb Nefretkirin\u00ea\\\" di Ragihandina S\u00fbr\u00eeyay\u00ee de - \u0627\u0644\u0645\u0631\u0643\u0632 \u0627\u0644\u0633\u0648\u0631\u064a \u0644\u0644\u0625\u0639\u0644\u0627\u0645 \u0648\u062d\u0631\u064a\u0629 \u0627\u0644\u062a\u0639\u0628\u064a\u0631 Syrian Center for Media and Freedom of Expression\",\"isPartOf\":{\"@id\":\"https:\/\/scm.bz\/#website\"},\"primaryImageOfPage\":{\"@id\":\"https:\/\/scm.bz\/kmr\/bidawianina-qonaxa-duyem-a-projeya-rewangeha-gotara-tundi-u-nefretkirine-di-ragihandina-suriyayi-de\/#primaryimage\"},\"image\":{\"@id\":\"https:\/\/scm.bz\/kmr\/bidawianina-qonaxa-duyem-a-projeya-rewangeha-gotara-tundi-u-nefretkirine-di-ragihandina-suriyayi-de\/#primaryimage\"},\"thumbnailUrl\":\"https:\/\/scm.bz\/wp-content\/uploads\/2018\/12\/IFEX_Statement_WebBannner.png\",\"datePublished\":\"2018-12-18T14:07:50+00:00\",\"description\":\"%\",\"breadcrumb\":{\"@id\":\"https:\/\/scm.bz\/kmr\/bidawianina-qonaxa-duyem-a-projeya-rewangeha-gotara-tundi-u-nefretkirine-di-ragihandina-suriyayi-de\/#breadcrumb\"},\"inLanguage\":\"kmr\",\"potentialAction\":[{\"@type\":\"ReadAction\",\"target\":[\"https:\/\/scm.bz\/kmr\/bidawianina-qonaxa-duyem-a-projeya-rewangeha-gotara-tundi-u-nefretkirine-di-ragihandina-suriyayi-de\/\"]}]},{\"@type\":\"ImageObject\",\"inLanguage\":\"kmr\",\"@id\":\"https:\/\/scm.bz\/kmr\/bidawianina-qonaxa-duyem-a-projeya-rewangeha-gotara-tundi-u-nefretkirine-di-ragihandina-suriyayi-de\/#primaryimage\",\"url\":\"https:\/\/scm.bz\/wp-content\/uploads\/2018\/12\/IFEX_Statement_WebBannner.png\",\"contentUrl\":\"https:\/\/scm.bz\/wp-content\/uploads\/2018\/12\/IFEX_Statement_WebBannner.png\",\"width\":2200,\"height\":641},{\"@type\":\"BreadcrumbList\",\"@id\":\"https:\/\/scm.bz\/kmr\/bidawianina-qonaxa-duyem-a-projeya-rewangeha-gotara-tundi-u-nefretkirine-di-ragihandina-suriyayi-de\/#breadcrumb\",\"itemListElement\":[{\"@type\":\"ListItem\",\"position\":1,\"name\":\"Home\",\"item\":\"https:\/\/scm.bz\/kmr\/\"},{\"@type\":\"ListItem\",\"position\":2,\"name\":\"Bidaw\u00eean\u00eena Qonaxa Duyem a Projeya &#8220;Rewangeha Gotara Tund\u00ee \u00fb Nefretkirin\u00ea&#8221; di Ragihandina S\u00fbr\u00eeyay\u00ee de\"}]},{\"@type\":\"WebSite\",\"@id\":\"https:\/\/scm.bz\/#website\",\"url\":\"https:\/\/scm.bz\/\",\"name\":\"\u0627\u0644\u0645\u0631\u0643\u0632 \u0627\u0644\u0633\u0648\u0631\u064a \u0644\u0644\u0625\u0639\u0644\u0627\u0645 \u0648\u062d\u0631\u064a\u0629 \u0627\u0644\u062a\u0639\u0628\u064a\u0631 Syrian Center for Media and Freedom of Expression\",\"description\":\"\",\"publisher\":{\"@id\":\"https:\/\/scm.bz\/#organization\"},\"potentialAction\":[{\"@type\":\"SearchAction\",\"target\":{\"@type\":\"EntryPoint\",\"urlTemplate\":\"https:\/\/scm.bz\/?s={search_term_string}\"},\"query-input\":{\"@type\":\"PropertyValueSpecification\",\"valueRequired\":true,\"valueName\":\"search_term_string\"}}],\"inLanguage\":\"kmr\"},{\"@type\":\"Organization\",\"@id\":\"https:\/\/scm.bz\/#organization\",\"name\":\"\u0627\u0644\u0645\u0631\u0643\u0632 \u0627\u0644\u0633\u0648\u0631\u064a \u0644\u0644\u0625\u0639\u0644\u0627\u0645 \u0648\u062d\u0631\u064a\u0629 \u0627\u0644\u062a\u0639\u0628\u064a\u0631 Syrian Center for Media and Freedom of Expression\",\"url\":\"https:\/\/scm.bz\/\",\"logo\":{\"@type\":\"ImageObject\",\"inLanguage\":\"kmr\",\"@id\":\"https:\/\/scm.bz\/#\/schema\/logo\/image\/\",\"url\":\"http:\/\/scm.bz\/wp-content\/uploads\/2021\/01\/SCM-logo-1-with-Clear-Space-1-2.png\",\"contentUrl\":\"http:\/\/scm.bz\/wp-content\/uploads\/2021\/01\/SCM-logo-1-with-Clear-Space-1-2.png\",\"width\":1450,\"height\":1450,\"caption\":\"\u0627\u0644\u0645\u0631\u0643\u0632 \u0627\u0644\u0633\u0648\u0631\u064a \u0644\u0644\u0625\u0639\u0644\u0627\u0645 \u0648\u062d\u0631\u064a\u0629 \u0627\u0644\u062a\u0639\u0628\u064a\u0631 Syrian Center for Media and Freedom of Expression\"},\"image\":{\"@id\":\"https:\/\/scm.bz\/#\/schema\/logo\/image\/\"},\"sameAs\":[\"https:\/\/www.facebook.com\/scm.center\",\"https:\/\/x.com\/SyrianCenter\"]},{\"@type\":\"Person\",\"@id\":\"https:\/\/scm.bz\/#\/schema\/person\/d116d4c43d9f3d4fe4b61619e91ead45\",\"name\":\"scmadmin\",\"image\":{\"@type\":\"ImageObject\",\"inLanguage\":\"kmr\",\"@id\":\"https:\/\/scm.bz\/#\/schema\/person\/image\/\",\"url\":\"https:\/\/secure.gravatar.com\/avatar\/8cb2b559549de2ba5e28f5d26e15c8f315b5dd63c953e348e6769ae2e88e3cdc?s=96&d=blank&r=g\",\"contentUrl\":\"https:\/\/secure.gravatar.com\/avatar\/8cb2b559549de2ba5e28f5d26e15c8f315b5dd63c953e348e6769ae2e88e3cdc?s=96&d=blank&r=g\",\"caption\":\"scmadmin\"},\"url\":\"https:\/\/scm.bz\/kmr\/author\/scmadmin\/\"}]}<\/script>\n<!-- \/ Yoast SEO Premium plugin. -->","yoast_head_json":{"title":"Bidaw\u00eean\u00eena Qonaxa Duyem a Projeya \"Rewangeha Gotara Tund\u00ee \u00fb Nefretkirin\u00ea\" di Ragihandina S\u00fbr\u00eeyay\u00ee de - \u0627\u0644\u0645\u0631\u0643\u0632 \u0627\u0644\u0633\u0648\u0631\u064a \u0644\u0644\u0625\u0639\u0644\u0627\u0645 \u0648\u062d\u0631\u064a\u0629 \u0627\u0644\u062a\u0639\u0628\u064a\u0631 Syrian Center for Media and Freedom of Expression","description":"%","robots":{"index":"index","follow":"follow","max-snippet":"max-snippet:-1","max-image-preview":"max-image-preview:large","max-video-preview":"max-video-preview:-1"},"canonical":"https:\/\/scm.bz\/kmr\/bidawianina-qonaxa-duyem-a-projeya-rewangeha-gotara-tundi-u-nefretkirine-di-ragihandina-suriyayi-de\/","og_locale":"en_US","og_type":"article","og_title":"Bidaw\u00eean\u00eena Qonaxa Duyem a Projeya \"Rewangeha Gotara Tund\u00ee \u00fb Nefretkirin\u00ea\" di Ragihandina S\u00fbr\u00eeyay\u00ee de","og_description":"%","og_url":"https:\/\/scm.bz\/kmr\/bidawianina-qonaxa-duyem-a-projeya-rewangeha-gotara-tundi-u-nefretkirine-di-ragihandina-suriyayi-de\/","og_site_name":"\u0627\u0644\u0645\u0631\u0643\u0632 \u0627\u0644\u0633\u0648\u0631\u064a \u0644\u0644\u0625\u0639\u0644\u0627\u0645 \u0648\u062d\u0631\u064a\u0629 \u0627\u0644\u062a\u0639\u0628\u064a\u0631 Syrian Center for Media and Freedom of Expression","article_publisher":"https:\/\/www.facebook.com\/scm.center","article_published_time":"2018-12-18T14:07:50+00:00","og_image":[{"width":2200,"height":641,"url":"http:\/\/scm.bz\/wp-content\/uploads\/2018\/12\/IFEX_Statement_WebBannner.png","type":"image\/png"}],"author":"scmadmin","twitter_card":"summary_large_image","twitter_creator":"@SyrianCenter","twitter_site":"@SyrianCenter","twitter_misc":{"Written by":"scmadmin","Est. reading time":"3 minutes"},"schema":{"@context":"https:\/\/schema.org","@graph":[{"@type":"Article","@id":"https:\/\/scm.bz\/kmr\/bidawianina-qonaxa-duyem-a-projeya-rewangeha-gotara-tundi-u-nefretkirine-di-ragihandina-suriyayi-de\/#article","isPartOf":{"@id":"https:\/\/scm.bz\/kmr\/bidawianina-qonaxa-duyem-a-projeya-rewangeha-gotara-tundi-u-nefretkirine-di-ragihandina-suriyayi-de\/"},"author":{"name":"scmadmin","@id":"https:\/\/scm.bz\/#\/schema\/person\/d116d4c43d9f3d4fe4b61619e91ead45"},"headline":"Bidaw\u00eean\u00eena Qonaxa Duyem a Projeya &#8220;Rewangeha Gotara Tund\u00ee \u00fb Nefretkirin\u00ea&#8221; di Ragihandina S\u00fbr\u00eeyay\u00ee de","datePublished":"2018-12-18T14:07:50+00:00","mainEntityOfPage":{"@id":"https:\/\/scm.bz\/kmr\/bidawianina-qonaxa-duyem-a-projeya-rewangeha-gotara-tundi-u-nefretkirine-di-ragihandina-suriyayi-de\/"},"wordCount":652,"commentCount":0,"publisher":{"@id":"https:\/\/scm.bz\/#organization"},"image":{"@id":"https:\/\/scm.bz\/kmr\/bidawianina-qonaxa-duyem-a-projeya-rewangeha-gotara-tundi-u-nefretkirine-di-ragihandina-suriyayi-de\/#primaryimage"},"thumbnailUrl":"https:\/\/scm.bz\/wp-content\/uploads\/2018\/12\/IFEX_Statement_WebBannner.png","articleSection":["Beyannamey\u00ean SCM\u00ea"],"inLanguage":"kmr"},{"@type":"WebPage","@id":"https:\/\/scm.bz\/kmr\/bidawianina-qonaxa-duyem-a-projeya-rewangeha-gotara-tundi-u-nefretkirine-di-ragihandina-suriyayi-de\/","url":"https:\/\/scm.bz\/kmr\/bidawianina-qonaxa-duyem-a-projeya-rewangeha-gotara-tundi-u-nefretkirine-di-ragihandina-suriyayi-de\/","name":"Bidaw\u00eean\u00eena Qonaxa Duyem a Projeya \"Rewangeha Gotara Tund\u00ee \u00fb Nefretkirin\u00ea\" di Ragihandina S\u00fbr\u00eeyay\u00ee de - \u0627\u0644\u0645\u0631\u0643\u0632 \u0627\u0644\u0633\u0648\u0631\u064a \u0644\u0644\u0625\u0639\u0644\u0627\u0645 \u0648\u062d\u0631\u064a\u0629 \u0627\u0644\u062a\u0639\u0628\u064a\u0631 Syrian Center for Media and Freedom of Expression","isPartOf":{"@id":"https:\/\/scm.bz\/#website"},"primaryImageOfPage":{"@id":"https:\/\/scm.bz\/kmr\/bidawianina-qonaxa-duyem-a-projeya-rewangeha-gotara-tundi-u-nefretkirine-di-ragihandina-suriyayi-de\/#primaryimage"},"image":{"@id":"https:\/\/scm.bz\/kmr\/bidawianina-qonaxa-duyem-a-projeya-rewangeha-gotara-tundi-u-nefretkirine-di-ragihandina-suriyayi-de\/#primaryimage"},"thumbnailUrl":"https:\/\/scm.bz\/wp-content\/uploads\/2018\/12\/IFEX_Statement_WebBannner.png","datePublished":"2018-12-18T14:07:50+00:00","description":"%","breadcrumb":{"@id":"https:\/\/scm.bz\/kmr\/bidawianina-qonaxa-duyem-a-projeya-rewangeha-gotara-tundi-u-nefretkirine-di-ragihandina-suriyayi-de\/#breadcrumb"},"inLanguage":"kmr","potentialAction":[{"@type":"ReadAction","target":["https:\/\/scm.bz\/kmr\/bidawianina-qonaxa-duyem-a-projeya-rewangeha-gotara-tundi-u-nefretkirine-di-ragihandina-suriyayi-de\/"]}]},{"@type":"ImageObject","inLanguage":"kmr","@id":"https:\/\/scm.bz\/kmr\/bidawianina-qonaxa-duyem-a-projeya-rewangeha-gotara-tundi-u-nefretkirine-di-ragihandina-suriyayi-de\/#primaryimage","url":"https:\/\/scm.bz\/wp-content\/uploads\/2018\/12\/IFEX_Statement_WebBannner.png","contentUrl":"https:\/\/scm.bz\/wp-content\/uploads\/2018\/12\/IFEX_Statement_WebBannner.png","width":2200,"height":641},{"@type":"BreadcrumbList","@id":"https:\/\/scm.bz\/kmr\/bidawianina-qonaxa-duyem-a-projeya-rewangeha-gotara-tundi-u-nefretkirine-di-ragihandina-suriyayi-de\/#breadcrumb","itemListElement":[{"@type":"ListItem","position":1,"name":"Home","item":"https:\/\/scm.bz\/kmr\/"},{"@type":"ListItem","position":2,"name":"Bidaw\u00eean\u00eena Qonaxa Duyem a Projeya &#8220;Rewangeha Gotara Tund\u00ee \u00fb Nefretkirin\u00ea&#8221; di Ragihandina S\u00fbr\u00eeyay\u00ee de"}]},{"@type":"WebSite","@id":"https:\/\/scm.bz\/#website","url":"https:\/\/scm.bz\/","name":"\u0627\u0644\u0645\u0631\u0643\u0632 \u0627\u0644\u0633\u0648\u0631\u064a \u0644\u0644\u0625\u0639\u0644\u0627\u0645 \u0648\u062d\u0631\u064a\u0629 \u0627\u0644\u062a\u0639\u0628\u064a\u0631 Syrian Center for Media and Freedom of Expression","description":"","publisher":{"@id":"https:\/\/scm.bz\/#organization"},"potentialAction":[{"@type":"SearchAction","target":{"@type":"EntryPoint","urlTemplate":"https:\/\/scm.bz\/?s={search_term_string}"},"query-input":{"@type":"PropertyValueSpecification","valueRequired":true,"valueName":"search_term_string"}}],"inLanguage":"kmr"},{"@type":"Organization","@id":"https:\/\/scm.bz\/#organization","name":"\u0627\u0644\u0645\u0631\u0643\u0632 \u0627\u0644\u0633\u0648\u0631\u064a \u0644\u0644\u0625\u0639\u0644\u0627\u0645 \u0648\u062d\u0631\u064a\u0629 \u0627\u0644\u062a\u0639\u0628\u064a\u0631 Syrian Center for Media and Freedom of Expression","url":"https:\/\/scm.bz\/","logo":{"@type":"ImageObject","inLanguage":"kmr","@id":"https:\/\/scm.bz\/#\/schema\/logo\/image\/","url":"http:\/\/scm.bz\/wp-content\/uploads\/2021\/01\/SCM-logo-1-with-Clear-Space-1-2.png","contentUrl":"http:\/\/scm.bz\/wp-content\/uploads\/2021\/01\/SCM-logo-1-with-Clear-Space-1-2.png","width":1450,"height":1450,"caption":"\u0627\u0644\u0645\u0631\u0643\u0632 \u0627\u0644\u0633\u0648\u0631\u064a \u0644\u0644\u0625\u0639\u0644\u0627\u0645 \u0648\u062d\u0631\u064a\u0629 \u0627\u0644\u062a\u0639\u0628\u064a\u0631 Syrian Center for Media and Freedom of Expression"},"image":{"@id":"https:\/\/scm.bz\/#\/schema\/logo\/image\/"},"sameAs":["https:\/\/www.facebook.com\/scm.center","https:\/\/x.com\/SyrianCenter"]},{"@type":"Person","@id":"https:\/\/scm.bz\/#\/schema\/person\/d116d4c43d9f3d4fe4b61619e91ead45","name":"scmadmin","image":{"@type":"ImageObject","inLanguage":"kmr","@id":"https:\/\/scm.bz\/#\/schema\/person\/image\/","url":"https:\/\/secure.gravatar.com\/avatar\/8cb2b559549de2ba5e28f5d26e15c8f315b5dd63c953e348e6769ae2e88e3cdc?s=96&d=blank&r=g","contentUrl":"https:\/\/secure.gravatar.com\/avatar\/8cb2b559549de2ba5e28f5d26e15c8f315b5dd63c953e348e6769ae2e88e3cdc?s=96&d=blank&r=g","caption":"scmadmin"},"url":"https:\/\/scm.bz\/kmr\/author\/scmadmin\/"}]}},"_links":{"self":[{"href":"https:\/\/scm.bz\/kmr\/wp-json\/wp\/v2\/posts\/186151","targetHints":{"allow":["GET"]}}],"collection":[{"href":"https:\/\/scm.bz\/kmr\/wp-json\/wp\/v2\/posts"}],"about":[{"href":"https:\/\/scm.bz\/kmr\/wp-json\/wp\/v2\/types\/post"}],"author":[{"embeddable":true,"href":"https:\/\/scm.bz\/kmr\/wp-json\/wp\/v2\/users\/24"}],"replies":[{"embeddable":true,"href":"https:\/\/scm.bz\/kmr\/wp-json\/wp\/v2\/comments?post=186151"}],"version-history":[{"count":0,"href":"https:\/\/scm.bz\/kmr\/wp-json\/wp\/v2\/posts\/186151\/revisions"}],"wp:featuredmedia":[{"embeddable":true,"href":"https:\/\/scm.bz\/kmr\/wp-json\/wp\/v2\/media\/186147"}],"wp:attachment":[{"href":"https:\/\/scm.bz\/kmr\/wp-json\/wp\/v2\/media?parent=186151"}],"wp:term":[{"taxonomy":"category","embeddable":true,"href":"https:\/\/scm.bz\/kmr\/wp-json\/wp\/v2\/categories?post=186151"},{"taxonomy":"post_tag","embeddable":true,"href":"https:\/\/scm.bz\/kmr\/wp-json\/wp\/v2\/tags?post=186151"}],"curies":[{"name":"wp","href":"https:\/\/api.w.org\/{rel}","templated":true}]}}