{"id":186012,"date":"2018-11-15T12:09:48","date_gmt":"2018-11-15T10:09:48","guid":{"rendered":"https:\/\/scm.bz?p=186012"},"modified":"2018-11-15T15:31:06","modified_gmt":"2018-11-15T13:31:06","slug":"ber-bi-sezakirin-u-dadmendiya-ku-re-li-ber-becezakirine-li-suriyaye-digire","status":"publish","type":"post","link":"https:\/\/scm.bz\/kmr\/ber-bi-sezakirin-u-dadmendiya-ku-re-li-ber-becezakirine-li-suriyaye-digire\/","title":{"rendered":"Ber bi Sezakirin \u00fb Dadmend\u00eeya ku r\u00ea li ber b\u00eacezakirin\u00ea li S\u00fbr\u00eeyay\u00ea digire"},"content":{"rendered":"<div class=\"page\" title=\"Page 1\">\n<div class=\"section\">\n<div class=\"layoutArea\">\n<div class=\"column\">\n<p>Em r\u00eaxistin\u00ean j\u00ear\u00eemzeker p\u00ea\u015fwaz\u00eey\u00ea li biryara dadgeh\u00ean Fransiz a derxistina rayey\u00ean bin\u00e7avkriin\u00ea der heq\u00ea s\u00ea efser\u00ean pilebilind \u00ean ewlekar\u00eey\u00ea S\u00fbr\u00eeyay\u00ea de(Serle\u015fker El\u00ee Meml\u00fbk bir\u00eaveber\u00ea Of\u00eesa Ewlekar\u00eeya Ni\u015ft\u00eeman\u00ee a S\u00fbr\u00eeyay\u00ee, Serle\u015fker Cem\u00eel Elhesen bir\u00eaveber\u00ea Saloxger\u00eeya S\u00fbr\u00eeyay\u00ee \u00fb Serle\u015fker Ebdiselam Fecir Mehm\u00fbd bir\u00eaveber\u00ea be\u015f\u00ea l\u00eapirs\u00eenan li Saloxger\u00eeya Ezman\u00ee) dikin, her weha ji civaka navdewlet\u00ee dixwazin ku pi\u015ftgir\u00eeya destp\u00ea\u015fxer\u00eey\u00ean Fransa \u00fb Almanyay\u00ea bike da ku qurban\u00ee \u00fb\/an niw\u00eaner\u00ean wan \u00ean qan\u00fbn\u00ee karibin bigih\u00ean dadmend\u00eey\u00ea \u00fb tawanker werin sezakirin li gel pi\u015ftgir\u00eeya hem\u00fb xebat\u00ean destp\u00eaka p\u00eavajoya sezakirin\u00ea bi serpere\u015ft\u00ee \u00fb garant\u00eeyeke navdewlet\u00ee da ku bibe bingeha a\u015ft\u00eeyeke domdar.<\/p>\n<p>]an\u00fbstendinan \u00fb p\u00eavajoya siyas\u00ee li Cin\u00eav\u00ea nikarin bibin bingeha a\u015ft\u00eeyeke domdar li S\u00fbr\u00eeyay\u00ea b\u00ea p\u00eavajoyeke sezakirin\u00ea a rast dest p\u00ea bike \u00fb \u00e7aren\u00fbsa windayan diyar bibe. Ji lew re divabe sezakirin \u00fb diyarkirina \u00e7aren\u00fbsa winda \u00fb girt\u00eey\u00ean li S\u00fbr\u00eeyay\u00ea be\u015fek\u00ee dan\u00fbstendinan be. Em dib\u00eenin ku erk\u00ea me \u00fb hem\u00fb dewlet \u00fb milet\u00ean ku bi maf\u00ean mirovan bawer in ew e ku em al\u00eekar bin da ku qurban\u00ee bigih\u00ean dadmend\u00eey\u00ea \u00fb b\u00ea ceza di tawan\u00ean ceng\u00ea \u00fb y\u00ean dij\u00ee mirovah\u00eey\u00ea de li S\u00fbr\u00eeyay\u00ea nem\u00eenin.<\/p>\n<p>Em encam\u00ean hevkar\u00eeya malbat\u00ean qurban\u00eeyan \u00fb r\u00eaxistin\u00ean mafnas \u00ean S\u00fbr\u00eeyay\u00ee \u00fb navdewelet\u00ee li gel dadgeh\u00ean ni\u015ft\u00eeman\u00ee y\u00ean Frans\u00ee \u00fb Alman\u00ee dib\u00eenin, ku derxistina rayey\u00ean bin\u00e7avkirin\u00ea y\u00ean navdewlet\u00ee li dij\u00ee hejmareke kesayet\u00ean pilebilind de encama wan b\u00fb, her weha em r\u00eaxistin\u00ean j\u00ear\u00eemzeker bawer\u00eeya xwe bi p\u00eakan\u00eena dadmend\u00eey\u00ea teqez dikin \u00fb amadekar\u00eeya xwe bo kar \u00fb hevkar\u00eeya li gel r\u00eaxistin\u00ean navdewlet\u00ee, navxwey\u00ee \u00fb dadgeh\u00ean li seranser\u00ee c\u00eehan\u00ea bo bibelgekirina binp\u00eakirinan \u00fb \u00e7\u00eakirina dosyayan n\u00ee\u015fan didin, da ku di encam\u00ea de bigih\u00ean maf\u00ean qurban\u00eeyan \u00fb tawanker j\u00ee werin sezakirin.<\/p>\n<p>Ji v\u00ea der\u00ea, em \u00eeroj \u2013ji her dem\u00ea b\u00eahtir- teqez\u00eey\u00ea li ser giring\u00eeya van xalan dikin:<\/p>\n<p>\u25cf \u00a0Vekirina r\u00ea bo dadgehkirin\u00ea li dewlet\u00ean s\u00eayem bo qurban\u00eey\u00ean tawan\u00ean li S\u00fbr\u00eeyay\u00ea \u00fb\/an niw\u00eaner\u00ean wan ew j\u00ee bi r\u00eaya p\u00eavajoyeke b\u00eaal\u00ee;<\/p>\n<p>\u25cf \u00a0Pi\u015ftgir\u00eeya al\u00eey\u00ean pispor bi l\u00eapirs\u00eenan di tawan\u00ean navdewlet\u00ee de \u00fb h\u00easankirina giha\u015ftina S\u00fbr\u00eeyay\u00eey\u00ean li dewlet\u00ean din bo dadgeh\u00ean dewlet\u00ean dadgehkirin\u00ea, weke d\u00eedevan \u00fb weke qurban\u00ee j\u00ee;<\/p>\n<p>\u25cf \u00a0Pi\u015ftgir\u00eeya xebat\u00ean bibelgekirina tawanan \u00fb hildana dozan li gel gr\u00fbp\u00ean qurban\u00eeyan bo dijat\u00eeya b\u00eacezakirin\u00ea;<\/p>\n<p>\u25cf \u00a0Pi\u015ftgir\u00eeya destp\u00ea\u015fxer\u00eey\u00ean qurban\u00eeyan \u00fb y\u00ean civaka y\u00ean ku dixwazin bigih\u00eanin dadmend\u00eey\u00ean bo qurban\u00eey\u00ean tawan\u00ean ceng\u00ea \u00fb y\u00ean li dij\u00ee mirovah\u00eey\u00ea li S\u00fbr\u00eeyay\u00ea;<\/p>\n<p>\u25cf \u00a0Pi\u015ftgir\u00ee \u00fb garant\u00eekirina kar\u00ean m\u00eekan\u00eezm, kom\u00eete \u00fb r\u00eaxistin\u00ean b\u00eaal\u00ee \u00fb serbixwe, y\u00ean navnetewey\u00ee \u00fb navdewlet\u00ee bo berdewam\u00eeya l\u00eapirs\u00eenan \u00fb dozvekirina li kes\u00ean tawanker li S\u00fbr\u00eeyay\u00ea ji sala 2011an ve li gor qan\u00fbna navdewlet\u00ee.<\/p>\n<p>\u25cf \u00a0Pi\u015ftgir\u00eeya xebat\u00ean li ser asta navdewlet\u00ee bo destp\u00eaka p\u00eavajoya sezakirin\u00ean bi awayek\u00ee dadmend, zelal \u00fb b\u00eaal\u00ee \u00fb bi serpere\u015ft\u00ee \u00fb garant\u00eekirineke navdewlet\u00ee ku bibe bingeha a\u015ft\u00eeyeke domdar li S\u00fbr\u00eeyay\u00ea.<\/p>\n<\/div>\n<\/div>\n<div class=\"layoutArea\">\n<div class=\"column\">\n<p>15e Mijdara 2018an<\/p>\n<\/div>\n<\/div>\n<div class=\"layoutArea\">\n<div class=\"column\">\n<p>1\/2<\/p>\n<\/div>\n<\/div>\n<\/div>\n<\/div>\n<div class=\"page\" title=\"Page 2\">\n<div class=\"section\">\n<div class=\"layoutArea\">\n<div class=\"column\">\n<p>R\u00eaxistin\u00ean \u00eemzeker<\/p>\n<ol>\n<li>Ar\u00e7\u00eeva S\u00fbr\u00eeyay\u00ee<\/li>\n<li>Bedail<\/li>\n<li>Berevan\u00eeya Siv\u00eel a S\u00fbr\u00eeyay\u00ee<\/li>\n<li>Beytuna S\u00fbr\u00eeya<\/li>\n<li>Dewlet\u00ee<\/li>\n<li>Dezgeha Besemat ya Ge\u015fep\u00eadan\u00ea<\/li>\n<li>Dezgeha Birat\u00eey\u00ea ya Maf\u00ean Mirovan<\/li>\n<li>Hemwelat\u00een\u00ee ya Kar\u00ea Siv\u00eel<\/li>\n<li>Hevgirtina Girt\u00ee \u00fb Winday\u00ea S\u00eadnayay\u00ea<\/li>\n<li>Hevgirtina Malbat\u00ean S\u00eezer\u00ea<\/li>\n<li>Hevgirtina \u015eemil<\/li>\n<li>Hevgirtina S\u00fbr\u00eeyay\u00ee ya Hemwelat\u00een\u00eey\u00ea<\/li>\n<li>Hizir \u00fb Avakirin<\/li>\n<li>Jin Nuha<\/li>\n<li>Kampan\u00eeya Al\u00eekar\u00eeya Y\u00ean Din Bikin<\/li>\n<li>Ki\u015f melik<\/li>\n<li>Kl\u00fbba S\u00fbr\u00eeyay\u00ee<\/li>\n<li>Komeleya Asoy\u00ea ya Dijat\u00eeya Tund\u00eeya li ser Jin\u00ea<\/li>\n<li>Komeleya Rojnamevan\u00ean S\u00fbr\u00ee<\/li>\n<li>Komeleya S\u00fbr\u00eeyay\u00ee-Alman\u00ee ya Azad li Hamburg\u00ea<\/li>\n<li>Kom\u00eeteya Kurd\u00ee ya Maf\u00ean Mirovan \/\u00c7avd\u00ear<\/li>\n<li>Lob\u00eeya Femen\u00eest a S\u00fbr\u00eeyay\u00ee<\/li>\n<li>Mena ya Maf\u00ean Mirovan<\/li>\n<li>Navenda A\u015ftiy\u00ea \u00fb Civaka S\u00eev\u00eel<\/li>\n<li>Navenda Bibelgekirina Binp\u00eakirinan<\/li>\n<li>Navenda Civaka Siv\u00eel \u00fb Demokras\u00eey\u00ea<\/li>\n<li>Navenda Elkewak\u00eeb\u00ee ya Dadmend\u00eeya Veguh\u00eaz \u00fb Maf\u00ean Mirovan<\/li>\n<li>Navenda Kendav\u00ea ji bo Maf\u00ean Mirovan<\/li>\n<li>Navenda S\u00fbr\u00eeyay\u00ee ya Ragihanfin\u00ea \u00fb Aad\u00eeya Derbir\u00een\u00ea<\/li>\n<li>Navenda S\u00fbr\u00eeyay\u00ee ya Serjimar \u00fb L\u00eakol\u00eenan<\/li>\n<li>Navenda Xwendin\u00ean Komara Demokrat<\/li>\n<li>Of\u00eesa Ge\u015fep\u00eadana Navxwey\u00ee \u00fb Pi\u015ftgir\u00eeya Projey\u00ean Pi\u00e7\u00fbk<\/li>\n<li>P\u00eal &#8211; P\u00eal\u00ean Siv\u00eel<\/li>\n<li>Programa S\u00fbr\u00eeyay\u00ee ya Bip\u00ea\u015fxistina Qan\u00fbn\u00ee<\/li>\n<li>Rewangeha S\u00fbr\u00eeyay\u00ee ya Maf\u00ean Mirovan<\/li>\n<li>R\u00eaxistina Bi Dad\u00eey\u00ea re<\/li>\n<li>R\u00eaxistina \u00c7alak\u00ean S\u00fbr\u00eeyay\u00ee ya \u00c7avd\u00ear\u00eey\u00ea<\/li>\n<li>R\u00eaxistina Elkewak\u00eeb\u00ee ya Maf\u00ean Mirovan<\/li>\n<li>R\u00eaxistina Hawar\u00e7\u00fbn\u00ea a Mirov\u00ee<\/li>\n<li>R\u00eaxistina maf\u00ea mirovan li S\u00fbriy\u00ea<\/li>\n<li>Roja Din<\/li>\n<li>S\u00fbr\u00eeyay\u00eey\u00ean Rast\u00ee \u00fb Dadmend\u00eey\u00ea<\/li>\n<li>Tora Huras<\/li>\n<li>Tora Jina S\u00fbr\u00eeyay\u00ee<\/li>\n<li>Tora S\u00fbr\u00eeya ya Qan\u00fbn\u00ee li Holand\u00ea<\/li>\n<li>Tora S\u00fbr\u00eeyay\u00ee ya Maf\u00ean Mirovan<\/li>\n<li>Urnammu<\/li>\n<li>Wekhev\u00ee<\/li>\n<\/ol>\n<\/div>\n<\/div>\n<\/div>\n<\/div>\n","protected":false},"excerpt":{"rendered":"<p>Em r\u00eaxistin\u00ean j\u00ear\u00eemzeker p\u00ea\u015fwaz\u00eey\u00ea li biryara dadgeh\u00ean Fransiz a derxistina rayey\u00ean bin\u00e7avkriin\u00ea der heq\u00ea s\u00ea efser\u00ean pilebilind \u00ean ewlekar\u00eey\u00ea S\u00fbr\u00eeyay\u00ea de(Serle\u015fker El\u00ee Meml\u00fbk bir\u00eaveber\u00ea Of\u00eesa Ewlekar\u00eeya Ni\u015ft\u00eeman\u00ee a S\u00fbr\u00eeyay\u00ee, Serle\u015fker Cem\u00eel Elhesen bir\u00eaveber\u00ea Saloxger\u00eeya S\u00fbr\u00eeyay\u00ee \u00fb Serle\u015fker Ebdiselam Fecir Mehm\u00fbd bir\u00eaveber\u00ea be\u015f\u00ea l\u00eapirs\u00eenan li Saloxger\u00eeya Ezman\u00ee) dikin, her weha ji civaka navdewlet\u00ee dixwazin ku pi\u015ftgir\u00eeya [&hellip;]<\/p>\n","protected":false},"author":24,"featured_media":186020,"comment_status":"open","ping_status":"open","sticky":false,"template":"","format":"standard","meta":{"_acf_changed":false,"footnotes":""},"categories":[328,324],"tags":[],"class_list":["post-186012","post","type-post","status-publish","format-standard","has-post-thumbnail","hentry","category-statements-kmr","category-uncategorized-kmr","post-wrapper"],"acf":[],"yoast_head":"<!-- This site is optimized with the Yoast SEO Premium plugin v20.6 (Yoast SEO v26.5) - https:\/\/yoast.com\/wordpress\/plugins\/seo\/ -->\n<title>Ber bi Sezakirin \u00fb Dadmend\u00eeya ku r\u00ea li ber b\u00eacezakirin\u00ea li S\u00fbr\u00eeyay\u00ea digire - \u0627\u0644\u0645\u0631\u0643\u0632 \u0627\u0644\u0633\u0648\u0631\u064a \u0644\u0644\u0625\u0639\u0644\u0627\u0645 \u0648\u062d\u0631\u064a\u0629 \u0627\u0644\u062a\u0639\u0628\u064a\u0631 Syrian Center for Media and Freedom of Expression<\/title>\n<meta name=\"description\" content=\"%\" \/>\n<meta name=\"robots\" content=\"index, follow, max-snippet:-1, max-image-preview:large, max-video-preview:-1\" \/>\n<link rel=\"canonical\" href=\"https:\/\/20.93.6.125\/kmr\/ber-bi-sezakirin-u-dadmendiya-ku-re-li-ber-becezakirine-li-suriyaye-digire\/\" \/>\n<meta property=\"og:locale\" content=\"en_US\" \/>\n<meta property=\"og:type\" content=\"article\" \/>\n<meta property=\"og:title\" content=\"Ber bi Sezakirin \u00fb Dadmend\u00eeya ku r\u00ea li ber b\u00eacezakirin\u00ea li S\u00fbr\u00eeyay\u00ea digire\" \/>\n<meta property=\"og:description\" content=\"%\" \/>\n<meta property=\"og:url\" content=\"https:\/\/20.93.6.125\/kmr\/ber-bi-sezakirin-u-dadmendiya-ku-re-li-ber-becezakirine-li-suriyaye-digire\/\" \/>\n<meta property=\"og:site_name\" content=\"\u0627\u0644\u0645\u0631\u0643\u0632 \u0627\u0644\u0633\u0648\u0631\u064a \u0644\u0644\u0625\u0639\u0644\u0627\u0645 \u0648\u062d\u0631\u064a\u0629 \u0627\u0644\u062a\u0639\u0628\u064a\u0631 Syrian Center for Media and Freedom of Expression\" \/>\n<meta property=\"article:publisher\" content=\"https:\/\/www.facebook.com\/scm.center\" \/>\n<meta property=\"article:published_time\" content=\"2018-11-15T10:09:48+00:00\" \/>\n<meta property=\"article:modified_time\" content=\"2018-11-15T13:31:06+00:00\" \/>\n<meta property=\"og:image\" content=\"https:\/\/20.93.6.125\/wp-content\/uploads\/2018\/11\/Combined-Logos.png\" \/>\n\t<meta property=\"og:image:width\" content=\"1294\" \/>\n\t<meta property=\"og:image:height\" content=\"240\" \/>\n\t<meta property=\"og:image:type\" content=\"image\/png\" \/>\n<meta name=\"author\" content=\"scmadmin\" \/>\n<meta name=\"twitter:card\" content=\"summary_large_image\" \/>\n<meta name=\"twitter:creator\" content=\"@SyrianCenter\" \/>\n<meta name=\"twitter:site\" content=\"@SyrianCenter\" \/>\n<meta name=\"twitter:label1\" content=\"Written by\" \/>\n\t<meta name=\"twitter:data1\" content=\"scmadmin\" \/>\n\t<meta name=\"twitter:label2\" content=\"Est. reading time\" \/>\n\t<meta name=\"twitter:data2\" content=\"4 minutes\" \/>\n<script type=\"application\/ld+json\" class=\"yoast-schema-graph\">{\"@context\":\"https:\/\/schema.org\",\"@graph\":[{\"@type\":\"Article\",\"@id\":\"https:\/\/20.93.6.125\/kmr\/ber-bi-sezakirin-u-dadmendiya-ku-re-li-ber-becezakirine-li-suriyaye-digire\/#article\",\"isPartOf\":{\"@id\":\"https:\/\/20.93.6.125\/kmr\/ber-bi-sezakirin-u-dadmendiya-ku-re-li-ber-becezakirine-li-suriyaye-digire\/\"},\"author\":{\"name\":\"scmadmin\",\"@id\":\"https:\/\/scm.bz\/#\/schema\/person\/d116d4c43d9f3d4fe4b61619e91ead45\"},\"headline\":\"Ber bi Sezakirin \u00fb Dadmend\u00eeya ku r\u00ea li ber b\u00eacezakirin\u00ea li S\u00fbr\u00eeyay\u00ea digire\",\"datePublished\":\"2018-11-15T10:09:48+00:00\",\"dateModified\":\"2018-11-15T13:31:06+00:00\",\"mainEntityOfPage\":{\"@id\":\"https:\/\/20.93.6.125\/kmr\/ber-bi-sezakirin-u-dadmendiya-ku-re-li-ber-becezakirine-li-suriyaye-digire\/\"},\"wordCount\":915,\"commentCount\":0,\"publisher\":{\"@id\":\"https:\/\/scm.bz\/#organization\"},\"image\":{\"@id\":\"https:\/\/20.93.6.125\/kmr\/ber-bi-sezakirin-u-dadmendiya-ku-re-li-ber-becezakirine-li-suriyaye-digire\/#primaryimage\"},\"thumbnailUrl\":\"https:\/\/scm.bz\/wp-content\/uploads\/2018\/11\/Combined-Logos.png\",\"articleSection\":[\"Beyannamey\u00ean SCM\u00ea\",\"Uncategorized @kmr\"],\"inLanguage\":\"kmr\"},{\"@type\":\"WebPage\",\"@id\":\"https:\/\/20.93.6.125\/kmr\/ber-bi-sezakirin-u-dadmendiya-ku-re-li-ber-becezakirine-li-suriyaye-digire\/\",\"url\":\"https:\/\/20.93.6.125\/kmr\/ber-bi-sezakirin-u-dadmendiya-ku-re-li-ber-becezakirine-li-suriyaye-digire\/\",\"name\":\"Ber bi Sezakirin \u00fb Dadmend\u00eeya ku r\u00ea li ber b\u00eacezakirin\u00ea li S\u00fbr\u00eeyay\u00ea digire - \u0627\u0644\u0645\u0631\u0643\u0632 \u0627\u0644\u0633\u0648\u0631\u064a \u0644\u0644\u0625\u0639\u0644\u0627\u0645 \u0648\u062d\u0631\u064a\u0629 \u0627\u0644\u062a\u0639\u0628\u064a\u0631 Syrian Center for Media and Freedom of Expression\",\"isPartOf\":{\"@id\":\"https:\/\/scm.bz\/#website\"},\"primaryImageOfPage\":{\"@id\":\"https:\/\/20.93.6.125\/kmr\/ber-bi-sezakirin-u-dadmendiya-ku-re-li-ber-becezakirine-li-suriyaye-digire\/#primaryimage\"},\"image\":{\"@id\":\"https:\/\/20.93.6.125\/kmr\/ber-bi-sezakirin-u-dadmendiya-ku-re-li-ber-becezakirine-li-suriyaye-digire\/#primaryimage\"},\"thumbnailUrl\":\"https:\/\/scm.bz\/wp-content\/uploads\/2018\/11\/Combined-Logos.png\",\"datePublished\":\"2018-11-15T10:09:48+00:00\",\"dateModified\":\"2018-11-15T13:31:06+00:00\",\"description\":\"%\",\"breadcrumb\":{\"@id\":\"https:\/\/20.93.6.125\/kmr\/ber-bi-sezakirin-u-dadmendiya-ku-re-li-ber-becezakirine-li-suriyaye-digire\/#breadcrumb\"},\"inLanguage\":\"kmr\",\"potentialAction\":[{\"@type\":\"ReadAction\",\"target\":[\"https:\/\/20.93.6.125\/kmr\/ber-bi-sezakirin-u-dadmendiya-ku-re-li-ber-becezakirine-li-suriyaye-digire\/\"]}]},{\"@type\":\"ImageObject\",\"inLanguage\":\"kmr\",\"@id\":\"https:\/\/20.93.6.125\/kmr\/ber-bi-sezakirin-u-dadmendiya-ku-re-li-ber-becezakirine-li-suriyaye-digire\/#primaryimage\",\"url\":\"https:\/\/scm.bz\/wp-content\/uploads\/2018\/11\/Combined-Logos.png\",\"contentUrl\":\"https:\/\/scm.bz\/wp-content\/uploads\/2018\/11\/Combined-Logos.png\",\"width\":1294,\"height\":240},{\"@type\":\"BreadcrumbList\",\"@id\":\"https:\/\/20.93.6.125\/kmr\/ber-bi-sezakirin-u-dadmendiya-ku-re-li-ber-becezakirine-li-suriyaye-digire\/#breadcrumb\",\"itemListElement\":[{\"@type\":\"ListItem\",\"position\":1,\"name\":\"Home\",\"item\":\"https:\/\/scm.bz\/kmr\/\"},{\"@type\":\"ListItem\",\"position\":2,\"name\":\"Ber bi Sezakirin \u00fb Dadmend\u00eeya ku r\u00ea li ber b\u00eacezakirin\u00ea li S\u00fbr\u00eeyay\u00ea digire\"}]},{\"@type\":\"WebSite\",\"@id\":\"https:\/\/scm.bz\/#website\",\"url\":\"https:\/\/scm.bz\/\",\"name\":\"\u0627\u0644\u0645\u0631\u0643\u0632 \u0627\u0644\u0633\u0648\u0631\u064a \u0644\u0644\u0625\u0639\u0644\u0627\u0645 \u0648\u062d\u0631\u064a\u0629 \u0627\u0644\u062a\u0639\u0628\u064a\u0631 Syrian Center for Media and Freedom of Expression\",\"description\":\"\",\"publisher\":{\"@id\":\"https:\/\/scm.bz\/#organization\"},\"potentialAction\":[{\"@type\":\"SearchAction\",\"target\":{\"@type\":\"EntryPoint\",\"urlTemplate\":\"https:\/\/scm.bz\/?s={search_term_string}\"},\"query-input\":{\"@type\":\"PropertyValueSpecification\",\"valueRequired\":true,\"valueName\":\"search_term_string\"}}],\"inLanguage\":\"kmr\"},{\"@type\":\"Organization\",\"@id\":\"https:\/\/scm.bz\/#organization\",\"name\":\"\u0627\u0644\u0645\u0631\u0643\u0632 \u0627\u0644\u0633\u0648\u0631\u064a \u0644\u0644\u0625\u0639\u0644\u0627\u0645 \u0648\u062d\u0631\u064a\u0629 \u0627\u0644\u062a\u0639\u0628\u064a\u0631 Syrian Center for Media and Freedom of Expression\",\"url\":\"https:\/\/scm.bz\/\",\"logo\":{\"@type\":\"ImageObject\",\"inLanguage\":\"kmr\",\"@id\":\"https:\/\/scm.bz\/#\/schema\/logo\/image\/\",\"url\":\"http:\/\/scm.bz\/wp-content\/uploads\/2021\/01\/SCM-logo-1-with-Clear-Space-1-2.png\",\"contentUrl\":\"http:\/\/scm.bz\/wp-content\/uploads\/2021\/01\/SCM-logo-1-with-Clear-Space-1-2.png\",\"width\":1450,\"height\":1450,\"caption\":\"\u0627\u0644\u0645\u0631\u0643\u0632 \u0627\u0644\u0633\u0648\u0631\u064a \u0644\u0644\u0625\u0639\u0644\u0627\u0645 \u0648\u062d\u0631\u064a\u0629 \u0627\u0644\u062a\u0639\u0628\u064a\u0631 Syrian Center for Media and Freedom of Expression\"},\"image\":{\"@id\":\"https:\/\/scm.bz\/#\/schema\/logo\/image\/\"},\"sameAs\":[\"https:\/\/www.facebook.com\/scm.center\",\"https:\/\/x.com\/SyrianCenter\"]},{\"@type\":\"Person\",\"@id\":\"https:\/\/scm.bz\/#\/schema\/person\/d116d4c43d9f3d4fe4b61619e91ead45\",\"name\":\"scmadmin\",\"image\":{\"@type\":\"ImageObject\",\"inLanguage\":\"kmr\",\"@id\":\"https:\/\/scm.bz\/#\/schema\/person\/image\/\",\"url\":\"https:\/\/secure.gravatar.com\/avatar\/8cb2b559549de2ba5e28f5d26e15c8f315b5dd63c953e348e6769ae2e88e3cdc?s=96&d=blank&r=g\",\"contentUrl\":\"https:\/\/secure.gravatar.com\/avatar\/8cb2b559549de2ba5e28f5d26e15c8f315b5dd63c953e348e6769ae2e88e3cdc?s=96&d=blank&r=g\",\"caption\":\"scmadmin\"},\"url\":\"https:\/\/scm.bz\/kmr\/author\/scmadmin\/\"}]}<\/script>\n<!-- \/ Yoast SEO Premium plugin. -->","yoast_head_json":{"title":"Ber bi Sezakirin \u00fb Dadmend\u00eeya ku r\u00ea li ber b\u00eacezakirin\u00ea li S\u00fbr\u00eeyay\u00ea digire - \u0627\u0644\u0645\u0631\u0643\u0632 \u0627\u0644\u0633\u0648\u0631\u064a \u0644\u0644\u0625\u0639\u0644\u0627\u0645 \u0648\u062d\u0631\u064a\u0629 \u0627\u0644\u062a\u0639\u0628\u064a\u0631 Syrian Center for Media and Freedom of Expression","description":"%","robots":{"index":"index","follow":"follow","max-snippet":"max-snippet:-1","max-image-preview":"max-image-preview:large","max-video-preview":"max-video-preview:-1"},"canonical":"https:\/\/20.93.6.125\/kmr\/ber-bi-sezakirin-u-dadmendiya-ku-re-li-ber-becezakirine-li-suriyaye-digire\/","og_locale":"en_US","og_type":"article","og_title":"Ber bi Sezakirin \u00fb Dadmend\u00eeya ku r\u00ea li ber b\u00eacezakirin\u00ea li S\u00fbr\u00eeyay\u00ea digire","og_description":"%","og_url":"https:\/\/20.93.6.125\/kmr\/ber-bi-sezakirin-u-dadmendiya-ku-re-li-ber-becezakirine-li-suriyaye-digire\/","og_site_name":"\u0627\u0644\u0645\u0631\u0643\u0632 \u0627\u0644\u0633\u0648\u0631\u064a \u0644\u0644\u0625\u0639\u0644\u0627\u0645 \u0648\u062d\u0631\u064a\u0629 \u0627\u0644\u062a\u0639\u0628\u064a\u0631 Syrian Center for Media and Freedom of Expression","article_publisher":"https:\/\/www.facebook.com\/scm.center","article_published_time":"2018-11-15T10:09:48+00:00","article_modified_time":"2018-11-15T13:31:06+00:00","og_image":[{"width":1294,"height":240,"url":"https:\/\/20.93.6.125\/wp-content\/uploads\/2018\/11\/Combined-Logos.png","type":"image\/png"}],"author":"scmadmin","twitter_card":"summary_large_image","twitter_creator":"@SyrianCenter","twitter_site":"@SyrianCenter","twitter_misc":{"Written by":"scmadmin","Est. reading time":"4 minutes"},"schema":{"@context":"https:\/\/schema.org","@graph":[{"@type":"Article","@id":"https:\/\/20.93.6.125\/kmr\/ber-bi-sezakirin-u-dadmendiya-ku-re-li-ber-becezakirine-li-suriyaye-digire\/#article","isPartOf":{"@id":"https:\/\/20.93.6.125\/kmr\/ber-bi-sezakirin-u-dadmendiya-ku-re-li-ber-becezakirine-li-suriyaye-digire\/"},"author":{"name":"scmadmin","@id":"https:\/\/scm.bz\/#\/schema\/person\/d116d4c43d9f3d4fe4b61619e91ead45"},"headline":"Ber bi Sezakirin \u00fb Dadmend\u00eeya ku r\u00ea li ber b\u00eacezakirin\u00ea li S\u00fbr\u00eeyay\u00ea digire","datePublished":"2018-11-15T10:09:48+00:00","dateModified":"2018-11-15T13:31:06+00:00","mainEntityOfPage":{"@id":"https:\/\/20.93.6.125\/kmr\/ber-bi-sezakirin-u-dadmendiya-ku-re-li-ber-becezakirine-li-suriyaye-digire\/"},"wordCount":915,"commentCount":0,"publisher":{"@id":"https:\/\/scm.bz\/#organization"},"image":{"@id":"https:\/\/20.93.6.125\/kmr\/ber-bi-sezakirin-u-dadmendiya-ku-re-li-ber-becezakirine-li-suriyaye-digire\/#primaryimage"},"thumbnailUrl":"https:\/\/scm.bz\/wp-content\/uploads\/2018\/11\/Combined-Logos.png","articleSection":["Beyannamey\u00ean SCM\u00ea","Uncategorized @kmr"],"inLanguage":"kmr"},{"@type":"WebPage","@id":"https:\/\/20.93.6.125\/kmr\/ber-bi-sezakirin-u-dadmendiya-ku-re-li-ber-becezakirine-li-suriyaye-digire\/","url":"https:\/\/20.93.6.125\/kmr\/ber-bi-sezakirin-u-dadmendiya-ku-re-li-ber-becezakirine-li-suriyaye-digire\/","name":"Ber bi Sezakirin \u00fb Dadmend\u00eeya ku r\u00ea li ber b\u00eacezakirin\u00ea li S\u00fbr\u00eeyay\u00ea digire - \u0627\u0644\u0645\u0631\u0643\u0632 \u0627\u0644\u0633\u0648\u0631\u064a \u0644\u0644\u0625\u0639\u0644\u0627\u0645 \u0648\u062d\u0631\u064a\u0629 \u0627\u0644\u062a\u0639\u0628\u064a\u0631 Syrian Center for Media and Freedom of Expression","isPartOf":{"@id":"https:\/\/scm.bz\/#website"},"primaryImageOfPage":{"@id":"https:\/\/20.93.6.125\/kmr\/ber-bi-sezakirin-u-dadmendiya-ku-re-li-ber-becezakirine-li-suriyaye-digire\/#primaryimage"},"image":{"@id":"https:\/\/20.93.6.125\/kmr\/ber-bi-sezakirin-u-dadmendiya-ku-re-li-ber-becezakirine-li-suriyaye-digire\/#primaryimage"},"thumbnailUrl":"https:\/\/scm.bz\/wp-content\/uploads\/2018\/11\/Combined-Logos.png","datePublished":"2018-11-15T10:09:48+00:00","dateModified":"2018-11-15T13:31:06+00:00","description":"%","breadcrumb":{"@id":"https:\/\/20.93.6.125\/kmr\/ber-bi-sezakirin-u-dadmendiya-ku-re-li-ber-becezakirine-li-suriyaye-digire\/#breadcrumb"},"inLanguage":"kmr","potentialAction":[{"@type":"ReadAction","target":["https:\/\/20.93.6.125\/kmr\/ber-bi-sezakirin-u-dadmendiya-ku-re-li-ber-becezakirine-li-suriyaye-digire\/"]}]},{"@type":"ImageObject","inLanguage":"kmr","@id":"https:\/\/20.93.6.125\/kmr\/ber-bi-sezakirin-u-dadmendiya-ku-re-li-ber-becezakirine-li-suriyaye-digire\/#primaryimage","url":"https:\/\/scm.bz\/wp-content\/uploads\/2018\/11\/Combined-Logos.png","contentUrl":"https:\/\/scm.bz\/wp-content\/uploads\/2018\/11\/Combined-Logos.png","width":1294,"height":240},{"@type":"BreadcrumbList","@id":"https:\/\/20.93.6.125\/kmr\/ber-bi-sezakirin-u-dadmendiya-ku-re-li-ber-becezakirine-li-suriyaye-digire\/#breadcrumb","itemListElement":[{"@type":"ListItem","position":1,"name":"Home","item":"https:\/\/scm.bz\/kmr\/"},{"@type":"ListItem","position":2,"name":"Ber bi Sezakirin \u00fb Dadmend\u00eeya ku r\u00ea li ber b\u00eacezakirin\u00ea li S\u00fbr\u00eeyay\u00ea digire"}]},{"@type":"WebSite","@id":"https:\/\/scm.bz\/#website","url":"https:\/\/scm.bz\/","name":"\u0627\u0644\u0645\u0631\u0643\u0632 \u0627\u0644\u0633\u0648\u0631\u064a \u0644\u0644\u0625\u0639\u0644\u0627\u0645 \u0648\u062d\u0631\u064a\u0629 \u0627\u0644\u062a\u0639\u0628\u064a\u0631 Syrian Center for Media and Freedom of Expression","description":"","publisher":{"@id":"https:\/\/scm.bz\/#organization"},"potentialAction":[{"@type":"SearchAction","target":{"@type":"EntryPoint","urlTemplate":"https:\/\/scm.bz\/?s={search_term_string}"},"query-input":{"@type":"PropertyValueSpecification","valueRequired":true,"valueName":"search_term_string"}}],"inLanguage":"kmr"},{"@type":"Organization","@id":"https:\/\/scm.bz\/#organization","name":"\u0627\u0644\u0645\u0631\u0643\u0632 \u0627\u0644\u0633\u0648\u0631\u064a \u0644\u0644\u0625\u0639\u0644\u0627\u0645 \u0648\u062d\u0631\u064a\u0629 \u0627\u0644\u062a\u0639\u0628\u064a\u0631 Syrian Center for Media and Freedom of Expression","url":"https:\/\/scm.bz\/","logo":{"@type":"ImageObject","inLanguage":"kmr","@id":"https:\/\/scm.bz\/#\/schema\/logo\/image\/","url":"http:\/\/scm.bz\/wp-content\/uploads\/2021\/01\/SCM-logo-1-with-Clear-Space-1-2.png","contentUrl":"http:\/\/scm.bz\/wp-content\/uploads\/2021\/01\/SCM-logo-1-with-Clear-Space-1-2.png","width":1450,"height":1450,"caption":"\u0627\u0644\u0645\u0631\u0643\u0632 \u0627\u0644\u0633\u0648\u0631\u064a \u0644\u0644\u0625\u0639\u0644\u0627\u0645 \u0648\u062d\u0631\u064a\u0629 \u0627\u0644\u062a\u0639\u0628\u064a\u0631 Syrian Center for Media and Freedom of Expression"},"image":{"@id":"https:\/\/scm.bz\/#\/schema\/logo\/image\/"},"sameAs":["https:\/\/www.facebook.com\/scm.center","https:\/\/x.com\/SyrianCenter"]},{"@type":"Person","@id":"https:\/\/scm.bz\/#\/schema\/person\/d116d4c43d9f3d4fe4b61619e91ead45","name":"scmadmin","image":{"@type":"ImageObject","inLanguage":"kmr","@id":"https:\/\/scm.bz\/#\/schema\/person\/image\/","url":"https:\/\/secure.gravatar.com\/avatar\/8cb2b559549de2ba5e28f5d26e15c8f315b5dd63c953e348e6769ae2e88e3cdc?s=96&d=blank&r=g","contentUrl":"https:\/\/secure.gravatar.com\/avatar\/8cb2b559549de2ba5e28f5d26e15c8f315b5dd63c953e348e6769ae2e88e3cdc?s=96&d=blank&r=g","caption":"scmadmin"},"url":"https:\/\/scm.bz\/kmr\/author\/scmadmin\/"}]}},"_links":{"self":[{"href":"https:\/\/scm.bz\/kmr\/wp-json\/wp\/v2\/posts\/186012","targetHints":{"allow":["GET"]}}],"collection":[{"href":"https:\/\/scm.bz\/kmr\/wp-json\/wp\/v2\/posts"}],"about":[{"href":"https:\/\/scm.bz\/kmr\/wp-json\/wp\/v2\/types\/post"}],"author":[{"embeddable":true,"href":"https:\/\/scm.bz\/kmr\/wp-json\/wp\/v2\/users\/24"}],"replies":[{"embeddable":true,"href":"https:\/\/scm.bz\/kmr\/wp-json\/wp\/v2\/comments?post=186012"}],"version-history":[{"count":0,"href":"https:\/\/scm.bz\/kmr\/wp-json\/wp\/v2\/posts\/186012\/revisions"}],"wp:featuredmedia":[{"embeddable":true,"href":"https:\/\/scm.bz\/kmr\/wp-json\/wp\/v2\/media\/186020"}],"wp:attachment":[{"href":"https:\/\/scm.bz\/kmr\/wp-json\/wp\/v2\/media?parent=186012"}],"wp:term":[{"taxonomy":"category","embeddable":true,"href":"https:\/\/scm.bz\/kmr\/wp-json\/wp\/v2\/categories?post=186012"},{"taxonomy":"post_tag","embeddable":true,"href":"https:\/\/scm.bz\/kmr\/wp-json\/wp\/v2\/tags?post=186012"}],"curies":[{"name":"wp","href":"https:\/\/api.w.org\/{rel}","templated":true}]}}