{"id":185014,"date":"2018-05-29T11:57:25","date_gmt":"2018-05-29T09:57:25","guid":{"rendered":"https:\/\/scm.bz?p=185014"},"modified":"2018-05-29T11:57:25","modified_gmt":"2018-05-29T09:57:25","slug":"seudiye-cardin-calakvaneki-navdar-digire","status":"publish","type":"post","link":"https:\/\/scm.bz\/kmr\/seudiye-cardin-calakvaneki-navdar-digire\/","title":{"rendered":"Se\u00fbd\u00eeye cardin \u00e7alakvanek\u00ee navdar digire"},"content":{"rendered":"<p>Desthilat\u00ean <a href=\"https:\/\/scm.bz\/scm8jsMh\">Se\u00fbd\u00eeye<\/a> doh p\u00eanc\u015fem\u00ea \u00e7alakvan\u00ea mafnas Mihemed Elbecad\u00ee, yek ji damezr\u00eaner\u00ean komeleya hesim \u00fb girt\u00eey\u00ea ber\u00ea \u00fb yek ji \u00e7alakvan\u00ean maf\u00ean mirovan, girt.<\/p>\n<p>Dezgeha Elqest ya\u00a0 mafnas di belavokeke xwe de got ku Elbecal\u00ee girt\u00eeyek\u00ee ber\u00ea b\u00fb ji adara 2011an ve heta berfanbara 2015an \u00fb weke \u00e7alakvanek\u00ee maf\u00ean mirovan \u00ea navdar li Se\u00fbd\u00eeye t\u00ea naskirin l\u00ea \u00e7alak\u00eey\u00ean xwe ji ber gefn girtin\u00ea rawestandin \u00fb tev\u00ee wilo j\u00ee hate girtin.<\/p>\n<p>Ji al\u00eeyek\u00ee din ve Reuters li ser ziman\u00ea <a href=\"https:\/\/scm.bz\/scmB9VNX\">R\u00eaxistina L\u00eabor\u00een\u00ea ya Navdewlet\u00ee<\/a> got ku desthilat\u00ean Se\u00fbd\u00ee\u00a0 \u00e7alakvana mafnas Ay\u015fe Almani pi\u015ft\u00ee \u00e7end rojan ji girtina w\u00ea \u00fb \u00e7end \u00e7alakvan\u00ean din ku doza hilan\u00eena <a href=\"https:\/\/scm.bz\/scmyED0b\">qedexeya ajotina tirimb\u00eal\u00ea li jina Se\u00fbd\u00ee<\/a> kirib\u00fbn, ew berdan \u00fb hejmara \u00e7alakvan\u00ean ku di 24 saetan de hatin serbestkirina giha\u015fte 4an.<\/p>\n<p>R\u00eaxistin\u00ean navdelet\u00ee y\u00ean mafnas diyar kirib\u00fbn ku desthilatan 11 \u00e7alakvan her\u00ee k\u00eam girtib\u00fbn \u00fb piran\u00eeya wan jin b\u00fbn ku kampan\u00eeyeke maf\u00ean jin\u00ea di ajotina tirimb\u00eal\u00ea de \u00fb bidaw\u00eean\u00eena pergala serwer\u00eeya m\u00ear li Se\u00fbd\u00eey\u00ea bi r\u00ea ve birib\u00fbn.<\/p>\n<p>Hik\u00fbmet\u00ea hefteya bor\u00ee ragihandib\u00fb ku 7 kes ji ber t\u00eakil\u00eey\u00ean li gel al\u00eey\u00ean biyan \u00fb p\u00ea\u015fk\u00ea\u015fkirina pi\u015ftgir\u00eeya daray\u00ee bo al\u00eey\u00ean dijber girtib\u00fbn, her weha got ku desthilat ber\u00ea xwe daye girtina kes\u00ean din l\u00ea nav nehatin diyarkirin.<\/p>\n<p>Merc\u00ean serbestkirina her \u00e7ar \u00e7alakvanan nehatin diyarkirin ew j\u00ee Ay\u015fe Elmani, Hise El\u015f\u00eax, Med\u00eehe Elecr\u00fb\u015f \u00fb Welaa Al \u015fibir. Nav\u00ean \u00e7alakvan\u00ean jin di rapor\u00ean navxwey\u00ee de nehatin diyarkirin.<\/p>\n<p>L\u00eenka gotara sereke ji malpera AlJazeera:<\/p>\n<p>https:\/\/goo.gl\/aQZUCH<\/p>\n","protected":false},"excerpt":{"rendered":"<p>Desthilat\u00ean Se\u00fbd\u00eeye doh p\u00eanc\u015fem\u00ea \u00e7alakvan\u00ea mafnas Mihemed Elbecad\u00ee, yek ji damezr\u00eaner\u00ean komeleya hesim \u00fb girt\u00eey\u00ea ber\u00ea \u00fb yek ji \u00e7alakvan\u00ean maf\u00ean mirovan, girt. Dezgeha Elqest ya\u00a0 mafnas di belavokeke xwe de got ku Elbecal\u00ee girt\u00eeyek\u00ee ber\u00ea b\u00fb ji adara 2011an ve heta berfanbara 2015an \u00fb weke \u00e7alakvanek\u00ee maf\u00ean mirovan \u00ea navdar li Se\u00fbd\u00eeye t\u00ea naskirin [&hellip;]<\/p>\n","protected":false},"author":24,"featured_media":184982,"comment_status":"open","ping_status":"open","sticky":false,"template":"","format":"standard","meta":{"_acf_changed":false,"footnotes":""},"categories":[333,369],"tags":[],"class_list":["post-185014","post","type-post","status-publish","format-standard","has-post-thumbnail","hentry","category-arab_world-ku","category-rotator-kmr","post-wrapper"],"acf":[],"yoast_head":"<!-- This site is optimized with the Yoast SEO Premium plugin v20.6 (Yoast SEO v26.5) - https:\/\/yoast.com\/wordpress\/plugins\/seo\/ -->\n<title>Se\u00fbd\u00eeye cardin \u00e7alakvanek\u00ee navdar digire - \u0627\u0644\u0645\u0631\u0643\u0632 \u0627\u0644\u0633\u0648\u0631\u064a \u0644\u0644\u0625\u0639\u0644\u0627\u0645 \u0648\u062d\u0631\u064a\u0629 \u0627\u0644\u062a\u0639\u0628\u064a\u0631 Syrian Center for Media and Freedom of Expression<\/title>\n<meta name=\"description\" content=\"%\" \/>\n<meta name=\"robots\" content=\"index, follow, max-snippet:-1, max-image-preview:large, max-video-preview:-1\" \/>\n<link rel=\"canonical\" href=\"https:\/\/scm.bz\/kmr\/seudiye-cardin-calakvaneki-navdar-digire\/\" \/>\n<meta property=\"og:locale\" content=\"en_US\" \/>\n<meta property=\"og:type\" content=\"article\" \/>\n<meta property=\"og:title\" content=\"Se\u00fbd\u00eeye cardin \u00e7alakvanek\u00ee navdar digire\" \/>\n<meta property=\"og:description\" content=\"%\" \/>\n<meta property=\"og:url\" content=\"https:\/\/scm.bz\/kmr\/seudiye-cardin-calakvaneki-navdar-digire\/\" \/>\n<meta property=\"og:site_name\" content=\"\u0627\u0644\u0645\u0631\u0643\u0632 \u0627\u0644\u0633\u0648\u0631\u064a \u0644\u0644\u0625\u0639\u0644\u0627\u0645 \u0648\u062d\u0631\u064a\u0629 \u0627\u0644\u062a\u0639\u0628\u064a\u0631 Syrian Center for Media and Freedom of Expression\" \/>\n<meta property=\"article:publisher\" content=\"https:\/\/www.facebook.com\/scm.center\" \/>\n<meta property=\"article:published_time\" content=\"2018-05-29T09:57:25+00:00\" \/>\n<meta property=\"og:image\" content=\"https:\/\/scm.bz\/wp-content\/uploads\/2018\/05\/eaa211ec-3daa-4578-be4d-d71acfad17a8-800x450.jpg\" \/>\n\t<meta property=\"og:image:width\" content=\"800\" \/>\n\t<meta property=\"og:image:height\" content=\"450\" \/>\n\t<meta property=\"og:image:type\" content=\"image\/jpeg\" \/>\n<meta name=\"author\" content=\"scmadmin\" \/>\n<meta name=\"twitter:card\" content=\"summary_large_image\" \/>\n<meta name=\"twitter:creator\" content=\"@SyrianCenter\" \/>\n<meta name=\"twitter:site\" content=\"@SyrianCenter\" \/>\n<meta name=\"twitter:label1\" content=\"Written by\" \/>\n\t<meta name=\"twitter:data1\" content=\"scmadmin\" \/>\n\t<meta name=\"twitter:label2\" content=\"Est. reading time\" \/>\n\t<meta name=\"twitter:data2\" content=\"1 minute\" \/>\n<script type=\"application\/ld+json\" class=\"yoast-schema-graph\">{\"@context\":\"https:\/\/schema.org\",\"@graph\":[{\"@type\":\"Article\",\"@id\":\"https:\/\/scm.bz\/kmr\/seudiye-cardin-calakvaneki-navdar-digire\/#article\",\"isPartOf\":{\"@id\":\"https:\/\/scm.bz\/kmr\/seudiye-cardin-calakvaneki-navdar-digire\/\"},\"author\":{\"name\":\"scmadmin\",\"@id\":\"https:\/\/scm.bz\/#\/schema\/person\/d116d4c43d9f3d4fe4b61619e91ead45\"},\"headline\":\"Se\u00fbd\u00eeye cardin \u00e7alakvanek\u00ee navdar digire\",\"datePublished\":\"2018-05-29T09:57:25+00:00\",\"mainEntityOfPage\":{\"@id\":\"https:\/\/scm.bz\/kmr\/seudiye-cardin-calakvaneki-navdar-digire\/\"},\"wordCount\":299,\"commentCount\":0,\"publisher\":{\"@id\":\"https:\/\/scm.bz\/#organization\"},\"image\":{\"@id\":\"https:\/\/scm.bz\/kmr\/seudiye-cardin-calakvaneki-navdar-digire\/#primaryimage\"},\"thumbnailUrl\":\"https:\/\/scm.bz\/wp-content\/uploads\/2018\/05\/eaa211ec-3daa-4578-be4d-d71acfad17a8-800x450.jpg\",\"articleSection\":[\"C\u00eehana Ereb\u00ee\",\"Rotator\"],\"inLanguage\":\"kmr\"},{\"@type\":\"WebPage\",\"@id\":\"https:\/\/scm.bz\/kmr\/seudiye-cardin-calakvaneki-navdar-digire\/\",\"url\":\"https:\/\/scm.bz\/kmr\/seudiye-cardin-calakvaneki-navdar-digire\/\",\"name\":\"Se\u00fbd\u00eeye cardin \u00e7alakvanek\u00ee navdar digire - \u0627\u0644\u0645\u0631\u0643\u0632 \u0627\u0644\u0633\u0648\u0631\u064a \u0644\u0644\u0625\u0639\u0644\u0627\u0645 \u0648\u062d\u0631\u064a\u0629 \u0627\u0644\u062a\u0639\u0628\u064a\u0631 Syrian Center for Media and Freedom of Expression\",\"isPartOf\":{\"@id\":\"https:\/\/scm.bz\/#website\"},\"primaryImageOfPage\":{\"@id\":\"https:\/\/scm.bz\/kmr\/seudiye-cardin-calakvaneki-navdar-digire\/#primaryimage\"},\"image\":{\"@id\":\"https:\/\/scm.bz\/kmr\/seudiye-cardin-calakvaneki-navdar-digire\/#primaryimage\"},\"thumbnailUrl\":\"https:\/\/scm.bz\/wp-content\/uploads\/2018\/05\/eaa211ec-3daa-4578-be4d-d71acfad17a8-800x450.jpg\",\"datePublished\":\"2018-05-29T09:57:25+00:00\",\"description\":\"%\",\"breadcrumb\":{\"@id\":\"https:\/\/scm.bz\/kmr\/seudiye-cardin-calakvaneki-navdar-digire\/#breadcrumb\"},\"inLanguage\":\"kmr\",\"potentialAction\":[{\"@type\":\"ReadAction\",\"target\":[\"https:\/\/scm.bz\/kmr\/seudiye-cardin-calakvaneki-navdar-digire\/\"]}]},{\"@type\":\"ImageObject\",\"inLanguage\":\"kmr\",\"@id\":\"https:\/\/scm.bz\/kmr\/seudiye-cardin-calakvaneki-navdar-digire\/#primaryimage\",\"url\":\"https:\/\/scm.bz\/wp-content\/uploads\/2018\/05\/eaa211ec-3daa-4578-be4d-d71acfad17a8-800x450.jpg\",\"contentUrl\":\"https:\/\/scm.bz\/wp-content\/uploads\/2018\/05\/eaa211ec-3daa-4578-be4d-d71acfad17a8-800x450.jpg\",\"width\":800,\"height\":450},{\"@type\":\"BreadcrumbList\",\"@id\":\"https:\/\/scm.bz\/kmr\/seudiye-cardin-calakvaneki-navdar-digire\/#breadcrumb\",\"itemListElement\":[{\"@type\":\"ListItem\",\"position\":1,\"name\":\"Home\",\"item\":\"https:\/\/scm.bz\/kmr\/\"},{\"@type\":\"ListItem\",\"position\":2,\"name\":\"Se\u00fbd\u00eeye cardin \u00e7alakvanek\u00ee navdar digire\"}]},{\"@type\":\"WebSite\",\"@id\":\"https:\/\/scm.bz\/#website\",\"url\":\"https:\/\/scm.bz\/\",\"name\":\"\u0627\u0644\u0645\u0631\u0643\u0632 \u0627\u0644\u0633\u0648\u0631\u064a \u0644\u0644\u0625\u0639\u0644\u0627\u0645 \u0648\u062d\u0631\u064a\u0629 \u0627\u0644\u062a\u0639\u0628\u064a\u0631 Syrian Center for Media and Freedom of Expression\",\"description\":\"\",\"publisher\":{\"@id\":\"https:\/\/scm.bz\/#organization\"},\"potentialAction\":[{\"@type\":\"SearchAction\",\"target\":{\"@type\":\"EntryPoint\",\"urlTemplate\":\"https:\/\/scm.bz\/?s={search_term_string}\"},\"query-input\":{\"@type\":\"PropertyValueSpecification\",\"valueRequired\":true,\"valueName\":\"search_term_string\"}}],\"inLanguage\":\"kmr\"},{\"@type\":\"Organization\",\"@id\":\"https:\/\/scm.bz\/#organization\",\"name\":\"\u0627\u0644\u0645\u0631\u0643\u0632 \u0627\u0644\u0633\u0648\u0631\u064a \u0644\u0644\u0625\u0639\u0644\u0627\u0645 \u0648\u062d\u0631\u064a\u0629 \u0627\u0644\u062a\u0639\u0628\u064a\u0631 Syrian Center for Media and Freedom of Expression\",\"url\":\"https:\/\/scm.bz\/\",\"logo\":{\"@type\":\"ImageObject\",\"inLanguage\":\"kmr\",\"@id\":\"https:\/\/scm.bz\/#\/schema\/logo\/image\/\",\"url\":\"http:\/\/scm.bz\/wp-content\/uploads\/2021\/01\/SCM-logo-1-with-Clear-Space-1-2.png\",\"contentUrl\":\"http:\/\/scm.bz\/wp-content\/uploads\/2021\/01\/SCM-logo-1-with-Clear-Space-1-2.png\",\"width\":1450,\"height\":1450,\"caption\":\"\u0627\u0644\u0645\u0631\u0643\u0632 \u0627\u0644\u0633\u0648\u0631\u064a \u0644\u0644\u0625\u0639\u0644\u0627\u0645 \u0648\u062d\u0631\u064a\u0629 \u0627\u0644\u062a\u0639\u0628\u064a\u0631 Syrian Center for Media and Freedom of Expression\"},\"image\":{\"@id\":\"https:\/\/scm.bz\/#\/schema\/logo\/image\/\"},\"sameAs\":[\"https:\/\/www.facebook.com\/scm.center\",\"https:\/\/x.com\/SyrianCenter\"]},{\"@type\":\"Person\",\"@id\":\"https:\/\/scm.bz\/#\/schema\/person\/d116d4c43d9f3d4fe4b61619e91ead45\",\"name\":\"scmadmin\",\"image\":{\"@type\":\"ImageObject\",\"inLanguage\":\"kmr\",\"@id\":\"https:\/\/scm.bz\/#\/schema\/person\/image\/\",\"url\":\"https:\/\/secure.gravatar.com\/avatar\/8cb2b559549de2ba5e28f5d26e15c8f315b5dd63c953e348e6769ae2e88e3cdc?s=96&d=blank&r=g\",\"contentUrl\":\"https:\/\/secure.gravatar.com\/avatar\/8cb2b559549de2ba5e28f5d26e15c8f315b5dd63c953e348e6769ae2e88e3cdc?s=96&d=blank&r=g\",\"caption\":\"scmadmin\"},\"url\":\"https:\/\/scm.bz\/kmr\/author\/scmadmin\/\"}]}<\/script>\n<!-- \/ Yoast SEO Premium plugin. -->","yoast_head_json":{"title":"Se\u00fbd\u00eeye cardin \u00e7alakvanek\u00ee navdar digire - \u0627\u0644\u0645\u0631\u0643\u0632 \u0627\u0644\u0633\u0648\u0631\u064a \u0644\u0644\u0625\u0639\u0644\u0627\u0645 \u0648\u062d\u0631\u064a\u0629 \u0627\u0644\u062a\u0639\u0628\u064a\u0631 Syrian Center for Media and Freedom of Expression","description":"%","robots":{"index":"index","follow":"follow","max-snippet":"max-snippet:-1","max-image-preview":"max-image-preview:large","max-video-preview":"max-video-preview:-1"},"canonical":"https:\/\/scm.bz\/kmr\/seudiye-cardin-calakvaneki-navdar-digire\/","og_locale":"en_US","og_type":"article","og_title":"Se\u00fbd\u00eeye cardin \u00e7alakvanek\u00ee navdar digire","og_description":"%","og_url":"https:\/\/scm.bz\/kmr\/seudiye-cardin-calakvaneki-navdar-digire\/","og_site_name":"\u0627\u0644\u0645\u0631\u0643\u0632 \u0627\u0644\u0633\u0648\u0631\u064a \u0644\u0644\u0625\u0639\u0644\u0627\u0645 \u0648\u062d\u0631\u064a\u0629 \u0627\u0644\u062a\u0639\u0628\u064a\u0631 Syrian Center for Media and Freedom of Expression","article_publisher":"https:\/\/www.facebook.com\/scm.center","article_published_time":"2018-05-29T09:57:25+00:00","og_image":[{"width":800,"height":450,"url":"https:\/\/scm.bz\/wp-content\/uploads\/2018\/05\/eaa211ec-3daa-4578-be4d-d71acfad17a8-800x450.jpg","type":"image\/jpeg"}],"author":"scmadmin","twitter_card":"summary_large_image","twitter_creator":"@SyrianCenter","twitter_site":"@SyrianCenter","twitter_misc":{"Written by":"scmadmin","Est. reading time":"1 minute"},"schema":{"@context":"https:\/\/schema.org","@graph":[{"@type":"Article","@id":"https:\/\/scm.bz\/kmr\/seudiye-cardin-calakvaneki-navdar-digire\/#article","isPartOf":{"@id":"https:\/\/scm.bz\/kmr\/seudiye-cardin-calakvaneki-navdar-digire\/"},"author":{"name":"scmadmin","@id":"https:\/\/scm.bz\/#\/schema\/person\/d116d4c43d9f3d4fe4b61619e91ead45"},"headline":"Se\u00fbd\u00eeye cardin \u00e7alakvanek\u00ee navdar digire","datePublished":"2018-05-29T09:57:25+00:00","mainEntityOfPage":{"@id":"https:\/\/scm.bz\/kmr\/seudiye-cardin-calakvaneki-navdar-digire\/"},"wordCount":299,"commentCount":0,"publisher":{"@id":"https:\/\/scm.bz\/#organization"},"image":{"@id":"https:\/\/scm.bz\/kmr\/seudiye-cardin-calakvaneki-navdar-digire\/#primaryimage"},"thumbnailUrl":"https:\/\/scm.bz\/wp-content\/uploads\/2018\/05\/eaa211ec-3daa-4578-be4d-d71acfad17a8-800x450.jpg","articleSection":["C\u00eehana Ereb\u00ee","Rotator"],"inLanguage":"kmr"},{"@type":"WebPage","@id":"https:\/\/scm.bz\/kmr\/seudiye-cardin-calakvaneki-navdar-digire\/","url":"https:\/\/scm.bz\/kmr\/seudiye-cardin-calakvaneki-navdar-digire\/","name":"Se\u00fbd\u00eeye cardin \u00e7alakvanek\u00ee navdar digire - \u0627\u0644\u0645\u0631\u0643\u0632 \u0627\u0644\u0633\u0648\u0631\u064a \u0644\u0644\u0625\u0639\u0644\u0627\u0645 \u0648\u062d\u0631\u064a\u0629 \u0627\u0644\u062a\u0639\u0628\u064a\u0631 Syrian Center for Media and Freedom of Expression","isPartOf":{"@id":"https:\/\/scm.bz\/#website"},"primaryImageOfPage":{"@id":"https:\/\/scm.bz\/kmr\/seudiye-cardin-calakvaneki-navdar-digire\/#primaryimage"},"image":{"@id":"https:\/\/scm.bz\/kmr\/seudiye-cardin-calakvaneki-navdar-digire\/#primaryimage"},"thumbnailUrl":"https:\/\/scm.bz\/wp-content\/uploads\/2018\/05\/eaa211ec-3daa-4578-be4d-d71acfad17a8-800x450.jpg","datePublished":"2018-05-29T09:57:25+00:00","description":"%","breadcrumb":{"@id":"https:\/\/scm.bz\/kmr\/seudiye-cardin-calakvaneki-navdar-digire\/#breadcrumb"},"inLanguage":"kmr","potentialAction":[{"@type":"ReadAction","target":["https:\/\/scm.bz\/kmr\/seudiye-cardin-calakvaneki-navdar-digire\/"]}]},{"@type":"ImageObject","inLanguage":"kmr","@id":"https:\/\/scm.bz\/kmr\/seudiye-cardin-calakvaneki-navdar-digire\/#primaryimage","url":"https:\/\/scm.bz\/wp-content\/uploads\/2018\/05\/eaa211ec-3daa-4578-be4d-d71acfad17a8-800x450.jpg","contentUrl":"https:\/\/scm.bz\/wp-content\/uploads\/2018\/05\/eaa211ec-3daa-4578-be4d-d71acfad17a8-800x450.jpg","width":800,"height":450},{"@type":"BreadcrumbList","@id":"https:\/\/scm.bz\/kmr\/seudiye-cardin-calakvaneki-navdar-digire\/#breadcrumb","itemListElement":[{"@type":"ListItem","position":1,"name":"Home","item":"https:\/\/scm.bz\/kmr\/"},{"@type":"ListItem","position":2,"name":"Se\u00fbd\u00eeye cardin \u00e7alakvanek\u00ee navdar digire"}]},{"@type":"WebSite","@id":"https:\/\/scm.bz\/#website","url":"https:\/\/scm.bz\/","name":"\u0627\u0644\u0645\u0631\u0643\u0632 \u0627\u0644\u0633\u0648\u0631\u064a \u0644\u0644\u0625\u0639\u0644\u0627\u0645 \u0648\u062d\u0631\u064a\u0629 \u0627\u0644\u062a\u0639\u0628\u064a\u0631 Syrian Center for Media and Freedom of Expression","description":"","publisher":{"@id":"https:\/\/scm.bz\/#organization"},"potentialAction":[{"@type":"SearchAction","target":{"@type":"EntryPoint","urlTemplate":"https:\/\/scm.bz\/?s={search_term_string}"},"query-input":{"@type":"PropertyValueSpecification","valueRequired":true,"valueName":"search_term_string"}}],"inLanguage":"kmr"},{"@type":"Organization","@id":"https:\/\/scm.bz\/#organization","name":"\u0627\u0644\u0645\u0631\u0643\u0632 \u0627\u0644\u0633\u0648\u0631\u064a \u0644\u0644\u0625\u0639\u0644\u0627\u0645 \u0648\u062d\u0631\u064a\u0629 \u0627\u0644\u062a\u0639\u0628\u064a\u0631 Syrian Center for Media and Freedom of Expression","url":"https:\/\/scm.bz\/","logo":{"@type":"ImageObject","inLanguage":"kmr","@id":"https:\/\/scm.bz\/#\/schema\/logo\/image\/","url":"http:\/\/scm.bz\/wp-content\/uploads\/2021\/01\/SCM-logo-1-with-Clear-Space-1-2.png","contentUrl":"http:\/\/scm.bz\/wp-content\/uploads\/2021\/01\/SCM-logo-1-with-Clear-Space-1-2.png","width":1450,"height":1450,"caption":"\u0627\u0644\u0645\u0631\u0643\u0632 \u0627\u0644\u0633\u0648\u0631\u064a \u0644\u0644\u0625\u0639\u0644\u0627\u0645 \u0648\u062d\u0631\u064a\u0629 \u0627\u0644\u062a\u0639\u0628\u064a\u0631 Syrian Center for Media and Freedom of Expression"},"image":{"@id":"https:\/\/scm.bz\/#\/schema\/logo\/image\/"},"sameAs":["https:\/\/www.facebook.com\/scm.center","https:\/\/x.com\/SyrianCenter"]},{"@type":"Person","@id":"https:\/\/scm.bz\/#\/schema\/person\/d116d4c43d9f3d4fe4b61619e91ead45","name":"scmadmin","image":{"@type":"ImageObject","inLanguage":"kmr","@id":"https:\/\/scm.bz\/#\/schema\/person\/image\/","url":"https:\/\/secure.gravatar.com\/avatar\/8cb2b559549de2ba5e28f5d26e15c8f315b5dd63c953e348e6769ae2e88e3cdc?s=96&d=blank&r=g","contentUrl":"https:\/\/secure.gravatar.com\/avatar\/8cb2b559549de2ba5e28f5d26e15c8f315b5dd63c953e348e6769ae2e88e3cdc?s=96&d=blank&r=g","caption":"scmadmin"},"url":"https:\/\/scm.bz\/kmr\/author\/scmadmin\/"}]}},"_links":{"self":[{"href":"https:\/\/scm.bz\/kmr\/wp-json\/wp\/v2\/posts\/185014","targetHints":{"allow":["GET"]}}],"collection":[{"href":"https:\/\/scm.bz\/kmr\/wp-json\/wp\/v2\/posts"}],"about":[{"href":"https:\/\/scm.bz\/kmr\/wp-json\/wp\/v2\/types\/post"}],"author":[{"embeddable":true,"href":"https:\/\/scm.bz\/kmr\/wp-json\/wp\/v2\/users\/24"}],"replies":[{"embeddable":true,"href":"https:\/\/scm.bz\/kmr\/wp-json\/wp\/v2\/comments?post=185014"}],"version-history":[{"count":0,"href":"https:\/\/scm.bz\/kmr\/wp-json\/wp\/v2\/posts\/185014\/revisions"}],"wp:featuredmedia":[{"embeddable":true,"href":"https:\/\/scm.bz\/kmr\/wp-json\/wp\/v2\/media\/184982"}],"wp:attachment":[{"href":"https:\/\/scm.bz\/kmr\/wp-json\/wp\/v2\/media?parent=185014"}],"wp:term":[{"taxonomy":"category","embeddable":true,"href":"https:\/\/scm.bz\/kmr\/wp-json\/wp\/v2\/categories?post=185014"},{"taxonomy":"post_tag","embeddable":true,"href":"https:\/\/scm.bz\/kmr\/wp-json\/wp\/v2\/tags?post=185014"}],"curies":[{"name":"wp","href":"https:\/\/api.w.org\/{rel}","templated":true}]}}