{"id":184866,"date":"2018-04-23T17:57:05","date_gmt":"2018-04-23T15:57:05","guid":{"rendered":"https:\/\/scm.bz?p=184866"},"modified":"2018-04-23T17:57:05","modified_gmt":"2018-04-23T15:57:05","slug":"daxuyaniyeke-rojnamegeri-a-hevbes-der-bare-pesketina-rewse-li-basure-same-vekiriye-ji-bo-imzekirine","status":"publish","type":"post","link":"https:\/\/scm.bz\/kmr\/daxuyaniyeke-rojnamegeri-a-hevbes-der-bare-pesketina-rewse-li-basure-same-vekiriye-ji-bo-imzekirine\/","title":{"rendered":"Daxuyan\u00eeyeke rojnameger\u00ee a hevbe\u015f der bar\u00ea p\u00ea\u015fketina rew\u015f\u00ea li ba\u015f\u00fbr\u00ea \u015eam\u00ea \u2013 vekir\u00eeye ji bo \u00eemzekirin\u00ea"},"content":{"rendered":"<p>Her\u00eama ba\u015f\u00fbr\u00ee \u015eam\u00ea ji roja p\u00eanc\u015fem\u00ea ve 19\u00ea n\u00eesan\u00ea rast\u00ee bombebaraneke berdewam ji h\u00eala h\u00eaz\u00ean r\u00eaj\u00eema S\u00fbr\u00eeyay\u00ee \u00fb hevalbend\u00ean w\u00ea ve bi behaneya armanckirina her\u00eam\u00ean Dewleta \u00ceslam\u00ee(DAI\u015e)\u00ea \u00fb desteya Rizgarkirina \u015eam\u00ea (Elnusreya Ber\u00ea) t\u00ean her weha \u015ferek\u00ee tund li her\u00eam\u00ea \u00e7\u00eadibe li gel ku bi hezar\u00ean siv\u00eel\u00ean S\u00fbr\u00eeyay\u00ea l\u00ea hene \u00fb ji nav wan j\u00ee 3000 ko\u00e7ber\u00ean Filest\u00een\u00ee y\u00ean siv\u00eel ku di Kampa Yerm\u00fbk\u00ea de t\u00eermeha 2013an ve dorp\u00ea\u00e7kir\u00ee ne, li gel ku rew\u015fa wan a tund binp\u00eakirin \u00fb kiryar\u00ean hovane l\u00ea t\u00ea z\u00eadekirin.<\/p>\n<p>Dezgeh\u00ean \u00eemzeker li ser v\u00ea daxuyan\u00eey\u00ea bi tund\u00ee \u015fer\u00ea ba\u015f\u00fbr\u00ee \u015eam\u00ea \u015fermezar dikin her weha \u015fer\u00ea li Kampa Yerm\u00fbk\u00ea ya ko\u00e7beran j\u00ee \u015fermezar dike \u00fb ji al\u00eey\u00ean \u015fer dixwaze ku w\u00earandina her\u00eam\u00ea demlidest rawest\u00eenin \u00fb siv\u00eelan bidin al\u00eeyek\u00ee li gel bangewaz\u00eeya giha\u015ftina bo \u00e7areyek\u00ea ji bil\u00ee ya le\u015fker\u00ee ku bi r\u00eaya \u00e7arey\u00ea siv\u00eel, saman\u00ean wan \u00fb binesaz\u00ee werin parastin her weha doza van xalan dike:<\/p>\n<p>R\u00eaxistin \u00fb destey\u00ean civaka navdewlet\u00ee (li gele Onoray\u00ea ya p\u00eawend\u00eedar bi rew\u015fa ko\u00e7beran) dest\u00eawerdaneke demlidest \u00fb lezg\u00een ji bo parastina siv\u00eelan bikin.<\/p>\n<p>Divabe Kombesta Dewlet\u00ean Ereb\u00ee \u00fb R\u00eaxistina Hevkar\u00eeya \u00ceslam\u00ee \u00fb Yek\u00eet\u00eeya Ewropay\u00ea fi\u015far\u00ea li al\u00eey\u00ean xwed\u00ee rol di k\u00ea\u015feya S\u00fbr\u00eeyay\u00ee de bikin bo rawestandina xw\u00eenrij\u00ea. Ji bo kampa Yerm\u00fbk\u00ea j\u00ee em ji desthilat\u00ean Filest\u00een\u00ea \u00fb R\u00eaxistina Rizgarkirina Filest\u00een\u00ea dixwazin ku bi erk\u00ea xwe rabin ji bo parastina ko\u00e7ber\u00ean Filest\u00een\u00ee li Kampa Yerm\u00fbk\u00ea her weha t\u00eakil\u00eey\u00ea li gel hem\u00fb al\u00eey\u00ean \u015fer li S\u00fbr\u00eeyay\u00ea deynin da ku kamp\u00ean Filest\u00eenan ji hewldan \u00fb armanc\u00ean w\u00earankirin\u00ea werin parastin li gel r\u00eazdar\u00eeya li heb\u00fbna Filest\u00een\u00eeyan li S\u00fbr\u00eeyay\u00ea.<\/p>\n<p>Vekirina r\u00eay\u00ean ewle, derbaskirina t\u00eem\u00ean bij\u00ee\u015fk\u00ee, veguhestin bir\u00eendaran bo nexwe\u015fxaneyan, p\u00ea\u015fk\u00ea\u015fkirina al\u00eekar\u00eeya lezg\u00een bo nexwe\u015fan \u00fb derbaskirina al\u00eekar\u00eey\u00ean hawar\u00e7\u00fbn\u00ea \u00fb y\u00ea mirov\u00ee m\u00eena xwarin, derman \u00fb sire zarokan.<\/p>\n<p>R\u00eaxistin\u00ean \u00eemzeker:<\/p>\n<p>Gr\u00fbpa Kar\u00ea ji bo Filest\u00een\u00eey\u00ean S\u00fbr\u00eeyay\u00ea.<\/p>\n<p>Navenda Xwendin\u00ean Komara Demoqrat\u00eek.<\/p>\n<p>R\u00eaxistina Elyewm Eltal\u00ee \u2013 TDA.<\/p>\n<p>Berevan\u00eeya Siv\u00eel a S\u00fbr\u00eeyay\u00ee.<\/p>\n<p>Navenda S\u00fbr\u00eeyay\u00ee ya Ragihandin\u00ea \u00fb Azad\u00eeya Derbir\u00een\u00ea \u2013 SCM.<\/p>\n<p>Hevgirtina Rojnameger\u00ean S\u00fbr\u00eeyay\u00ee \u2013 SCM.<\/p>\n<p>Navenda Bibelgekirina Binp\u00eakirinan \u2013 VDC.<\/p>\n<p>Tora S\u00fbr\u00eeyay\u00ea ya Qan\u00fbn\u00ee li Holenday\u00ea.<\/p>\n<p>Tora Huras.<\/p>\n<p>Beytuna S\u00fbr\u00eeya.<\/p>\n<p>Yek\u00eeneya Encumen\u00ean Navxwey\u00ee \u2013 LACU.<\/p>\n<p>Tora S\u00fbr\u00eeyay\u00ee ya Maf\u00ean Mirovan.<\/p>\n<p>Of\u00eesa Ge\u015fep\u00eadana Navxwey\u00ee \u00fb Pi\u015ftgir\u00eeya Projey\u00ean Pi\u00e7\u00fbk.<\/p>\n<p>Jin Nuha ji bo Ge\u015fep\u00eadan\u00ea.<\/p>\n<p>Dezgeha Bedail.<\/p>\n<p>Tora Jina S\u00fbr\u00eeyay\u00ee.<\/p>\n<p>R\u00eaxistina Dilovan\u00eeya B\u00eas\u00eenor.<\/p>\n<p>Yek\u00eet\u00eeya \u015fore\u015fger\u00ean Heleb\u00ea.<\/p>\n<p>Navenda Mesarat\u00ea ya Xwendinan.<\/p>\n<p>Hevgirtina Par\u00eazer\u00ean S\u00fbr\u00eeyay\u00ee.<\/p>\n<p>Navenda Cusur\u00ea ya Xwendinan.<\/p>\n<p>Tevgera Dim\u00ear\u00ea.<\/p>\n<p>Kampa Yerm\u00fbk\u00ea News.<\/p>\n","protected":false},"excerpt":{"rendered":"<p>Her\u00eama ba\u015f\u00fbr\u00ee \u015eam\u00ea ji roja p\u00eanc\u015fem\u00ea ve 19\u00ea n\u00eesan\u00ea rast\u00ee bombebaraneke berdewam ji h\u00eala h\u00eaz\u00ean r\u00eaj\u00eema S\u00fbr\u00eeyay\u00ee \u00fb hevalbend\u00ean w\u00ea ve bi behaneya armanckirina her\u00eam\u00ean Dewleta \u00ceslam\u00ee(DAI\u015e)\u00ea \u00fb desteya Rizgarkirina \u015eam\u00ea (Elnusreya Ber\u00ea) t\u00ean her weha \u015ferek\u00ee tund li her\u00eam\u00ea \u00e7\u00eadibe li gel ku bi hezar\u00ean siv\u00eel\u00ean S\u00fbr\u00eeyay\u00ea l\u00ea hene \u00fb ji nav wan j\u00ee [&hellip;]<\/p>\n","protected":false},"author":24,"featured_media":184760,"comment_status":"open","ping_status":"open","sticky":false,"template":"","format":"standard","meta":{"_acf_changed":false,"footnotes":""},"categories":[328,326,325,369],"tags":[],"class_list":["post-184866","post","type-post","status-publish","format-standard","has-post-thumbnail","hentry","category-statements-kmr","category-5th-ku","category-violations-kmr","category-rotator-kmr","post-wrapper"],"acf":[],"yoast_head":"<!-- This site is optimized with the Yoast SEO Premium plugin v20.6 (Yoast SEO v26.5) - https:\/\/yoast.com\/wordpress\/plugins\/seo\/ -->\n<title>Daxuyan\u00eeyeke rojnameger\u00ee a hevbe\u015f der bar\u00ea p\u00ea\u015fketina rew\u015f\u00ea li ba\u015f\u00fbr\u00ea \u015eam\u00ea \u2013 vekir\u00eeye ji bo \u00eemzekirin\u00ea - \u0627\u0644\u0645\u0631\u0643\u0632 \u0627\u0644\u0633\u0648\u0631\u064a \u0644\u0644\u0625\u0639\u0644\u0627\u0645 \u0648\u062d\u0631\u064a\u0629 \u0627\u0644\u062a\u0639\u0628\u064a\u0631 Syrian Center for Media and Freedom of Expression<\/title>\n<meta name=\"description\" content=\"%\" \/>\n<meta name=\"robots\" content=\"index, follow, max-snippet:-1, max-image-preview:large, max-video-preview:-1\" \/>\n<link rel=\"canonical\" href=\"https:\/\/scm.bz\/kmr\/daxuyaniyeke-rojnamegeri-a-hevbes-der-bare-pesketina-rewse-li-basure-same-vekiriye-ji-bo-imzekirine\/\" \/>\n<meta property=\"og:locale\" content=\"en_US\" \/>\n<meta property=\"og:type\" content=\"article\" \/>\n<meta property=\"og:title\" content=\"Daxuyan\u00eeyeke rojnameger\u00ee a hevbe\u015f der bar\u00ea p\u00ea\u015fketina rew\u015f\u00ea li ba\u015f\u00fbr\u00ea \u015eam\u00ea \u2013 vekir\u00eeye ji bo \u00eemzekirin\u00ea\" \/>\n<meta property=\"og:description\" content=\"%\" \/>\n<meta property=\"og:url\" content=\"https:\/\/scm.bz\/kmr\/daxuyaniyeke-rojnamegeri-a-hevbes-der-bare-pesketina-rewse-li-basure-same-vekiriye-ji-bo-imzekirine\/\" \/>\n<meta property=\"og:site_name\" content=\"\u0627\u0644\u0645\u0631\u0643\u0632 \u0627\u0644\u0633\u0648\u0631\u064a \u0644\u0644\u0625\u0639\u0644\u0627\u0645 \u0648\u062d\u0631\u064a\u0629 \u0627\u0644\u062a\u0639\u0628\u064a\u0631 Syrian Center for Media and Freedom of Expression\" \/>\n<meta property=\"article:publisher\" content=\"https:\/\/www.facebook.com\/scm.center\" \/>\n<meta property=\"article:published_time\" content=\"2018-04-23T15:57:05+00:00\" \/>\n<meta property=\"og:image\" content=\"http:\/\/scm.bz\/wp-content\/uploads\/2018\/04\/IMG-CHU-73035.jpg\" \/>\n\t<meta property=\"og:image:width\" content=\"3300\" \/>\n\t<meta property=\"og:image:height\" content=\"1965\" \/>\n\t<meta property=\"og:image:type\" content=\"image\/jpeg\" \/>\n<meta name=\"author\" content=\"scmadmin\" \/>\n<meta name=\"twitter:card\" content=\"summary_large_image\" \/>\n<meta name=\"twitter:creator\" content=\"@SyrianCenter\" \/>\n<meta name=\"twitter:site\" content=\"@SyrianCenter\" \/>\n<meta name=\"twitter:label1\" content=\"Written by\" \/>\n\t<meta name=\"twitter:data1\" content=\"scmadmin\" \/>\n\t<meta name=\"twitter:label2\" content=\"Est. reading time\" \/>\n\t<meta name=\"twitter:data2\" content=\"3 minutes\" \/>\n<script type=\"application\/ld+json\" class=\"yoast-schema-graph\">{\"@context\":\"https:\/\/schema.org\",\"@graph\":[{\"@type\":\"Article\",\"@id\":\"https:\/\/scm.bz\/kmr\/daxuyaniyeke-rojnamegeri-a-hevbes-der-bare-pesketina-rewse-li-basure-same-vekiriye-ji-bo-imzekirine\/#article\",\"isPartOf\":{\"@id\":\"https:\/\/scm.bz\/kmr\/daxuyaniyeke-rojnamegeri-a-hevbes-der-bare-pesketina-rewse-li-basure-same-vekiriye-ji-bo-imzekirine\/\"},\"author\":{\"name\":\"scmadmin\",\"@id\":\"https:\/\/scm.bz\/#\/schema\/person\/d116d4c43d9f3d4fe4b61619e91ead45\"},\"headline\":\"Daxuyan\u00eeyeke rojnameger\u00ee a hevbe\u015f der bar\u00ea p\u00ea\u015fketina rew\u015f\u00ea li ba\u015f\u00fbr\u00ea \u015eam\u00ea \u2013 vekir\u00eeye ji bo \u00eemzekirin\u00ea\",\"datePublished\":\"2018-04-23T15:57:05+00:00\",\"mainEntityOfPage\":{\"@id\":\"https:\/\/scm.bz\/kmr\/daxuyaniyeke-rojnamegeri-a-hevbes-der-bare-pesketina-rewse-li-basure-same-vekiriye-ji-bo-imzekirine\/\"},\"wordCount\":549,\"commentCount\":0,\"publisher\":{\"@id\":\"https:\/\/scm.bz\/#organization\"},\"image\":{\"@id\":\"https:\/\/scm.bz\/kmr\/daxuyaniyeke-rojnamegeri-a-hevbes-der-bare-pesketina-rewse-li-basure-same-vekiriye-ji-bo-imzekirine\/#primaryimage\"},\"thumbnailUrl\":\"https:\/\/scm.bz\/wp-content\/uploads\/2018\/04\/IMG-CHU-73035.jpg\",\"articleSection\":[\"Beyannamey\u00ean SCM\u00ea\",\"Desthilata p\u00eancem\u00een\",\"Rewangeha Binp\u00eakirinan\",\"Rotator\"],\"inLanguage\":\"kmr\"},{\"@type\":\"WebPage\",\"@id\":\"https:\/\/scm.bz\/kmr\/daxuyaniyeke-rojnamegeri-a-hevbes-der-bare-pesketina-rewse-li-basure-same-vekiriye-ji-bo-imzekirine\/\",\"url\":\"https:\/\/scm.bz\/kmr\/daxuyaniyeke-rojnamegeri-a-hevbes-der-bare-pesketina-rewse-li-basure-same-vekiriye-ji-bo-imzekirine\/\",\"name\":\"Daxuyan\u00eeyeke rojnameger\u00ee a hevbe\u015f der bar\u00ea p\u00ea\u015fketina rew\u015f\u00ea li ba\u015f\u00fbr\u00ea \u015eam\u00ea \u2013 vekir\u00eeye ji bo \u00eemzekirin\u00ea - \u0627\u0644\u0645\u0631\u0643\u0632 \u0627\u0644\u0633\u0648\u0631\u064a \u0644\u0644\u0625\u0639\u0644\u0627\u0645 \u0648\u062d\u0631\u064a\u0629 \u0627\u0644\u062a\u0639\u0628\u064a\u0631 Syrian Center for Media and Freedom of Expression\",\"isPartOf\":{\"@id\":\"https:\/\/scm.bz\/#website\"},\"primaryImageOfPage\":{\"@id\":\"https:\/\/scm.bz\/kmr\/daxuyaniyeke-rojnamegeri-a-hevbes-der-bare-pesketina-rewse-li-basure-same-vekiriye-ji-bo-imzekirine\/#primaryimage\"},\"image\":{\"@id\":\"https:\/\/scm.bz\/kmr\/daxuyaniyeke-rojnamegeri-a-hevbes-der-bare-pesketina-rewse-li-basure-same-vekiriye-ji-bo-imzekirine\/#primaryimage\"},\"thumbnailUrl\":\"https:\/\/scm.bz\/wp-content\/uploads\/2018\/04\/IMG-CHU-73035.jpg\",\"datePublished\":\"2018-04-23T15:57:05+00:00\",\"description\":\"%\",\"breadcrumb\":{\"@id\":\"https:\/\/scm.bz\/kmr\/daxuyaniyeke-rojnamegeri-a-hevbes-der-bare-pesketina-rewse-li-basure-same-vekiriye-ji-bo-imzekirine\/#breadcrumb\"},\"inLanguage\":\"kmr\",\"potentialAction\":[{\"@type\":\"ReadAction\",\"target\":[\"https:\/\/scm.bz\/kmr\/daxuyaniyeke-rojnamegeri-a-hevbes-der-bare-pesketina-rewse-li-basure-same-vekiriye-ji-bo-imzekirine\/\"]}]},{\"@type\":\"ImageObject\",\"inLanguage\":\"kmr\",\"@id\":\"https:\/\/scm.bz\/kmr\/daxuyaniyeke-rojnamegeri-a-hevbes-der-bare-pesketina-rewse-li-basure-same-vekiriye-ji-bo-imzekirine\/#primaryimage\",\"url\":\"https:\/\/scm.bz\/wp-content\/uploads\/2018\/04\/IMG-CHU-73035.jpg\",\"contentUrl\":\"https:\/\/scm.bz\/wp-content\/uploads\/2018\/04\/IMG-CHU-73035.jpg\",\"width\":3300,\"height\":1965},{\"@type\":\"BreadcrumbList\",\"@id\":\"https:\/\/scm.bz\/kmr\/daxuyaniyeke-rojnamegeri-a-hevbes-der-bare-pesketina-rewse-li-basure-same-vekiriye-ji-bo-imzekirine\/#breadcrumb\",\"itemListElement\":[{\"@type\":\"ListItem\",\"position\":1,\"name\":\"Home\",\"item\":\"https:\/\/scm.bz\/kmr\/\"},{\"@type\":\"ListItem\",\"position\":2,\"name\":\"Daxuyan\u00eeyeke rojnameger\u00ee a hevbe\u015f der bar\u00ea p\u00ea\u015fketina rew\u015f\u00ea li ba\u015f\u00fbr\u00ea \u015eam\u00ea \u2013 vekir\u00eeye ji bo \u00eemzekirin\u00ea\"}]},{\"@type\":\"WebSite\",\"@id\":\"https:\/\/scm.bz\/#website\",\"url\":\"https:\/\/scm.bz\/\",\"name\":\"\u0627\u0644\u0645\u0631\u0643\u0632 \u0627\u0644\u0633\u0648\u0631\u064a \u0644\u0644\u0625\u0639\u0644\u0627\u0645 \u0648\u062d\u0631\u064a\u0629 \u0627\u0644\u062a\u0639\u0628\u064a\u0631 Syrian Center for Media and Freedom of Expression\",\"description\":\"\",\"publisher\":{\"@id\":\"https:\/\/scm.bz\/#organization\"},\"potentialAction\":[{\"@type\":\"SearchAction\",\"target\":{\"@type\":\"EntryPoint\",\"urlTemplate\":\"https:\/\/scm.bz\/?s={search_term_string}\"},\"query-input\":{\"@type\":\"PropertyValueSpecification\",\"valueRequired\":true,\"valueName\":\"search_term_string\"}}],\"inLanguage\":\"kmr\"},{\"@type\":\"Organization\",\"@id\":\"https:\/\/scm.bz\/#organization\",\"name\":\"\u0627\u0644\u0645\u0631\u0643\u0632 \u0627\u0644\u0633\u0648\u0631\u064a \u0644\u0644\u0625\u0639\u0644\u0627\u0645 \u0648\u062d\u0631\u064a\u0629 \u0627\u0644\u062a\u0639\u0628\u064a\u0631 Syrian Center for Media and Freedom of Expression\",\"url\":\"https:\/\/scm.bz\/\",\"logo\":{\"@type\":\"ImageObject\",\"inLanguage\":\"kmr\",\"@id\":\"https:\/\/scm.bz\/#\/schema\/logo\/image\/\",\"url\":\"http:\/\/scm.bz\/wp-content\/uploads\/2021\/01\/SCM-logo-1-with-Clear-Space-1-2.png\",\"contentUrl\":\"http:\/\/scm.bz\/wp-content\/uploads\/2021\/01\/SCM-logo-1-with-Clear-Space-1-2.png\",\"width\":1450,\"height\":1450,\"caption\":\"\u0627\u0644\u0645\u0631\u0643\u0632 \u0627\u0644\u0633\u0648\u0631\u064a \u0644\u0644\u0625\u0639\u0644\u0627\u0645 \u0648\u062d\u0631\u064a\u0629 \u0627\u0644\u062a\u0639\u0628\u064a\u0631 Syrian Center for Media and Freedom of Expression\"},\"image\":{\"@id\":\"https:\/\/scm.bz\/#\/schema\/logo\/image\/\"},\"sameAs\":[\"https:\/\/www.facebook.com\/scm.center\",\"https:\/\/x.com\/SyrianCenter\"]},{\"@type\":\"Person\",\"@id\":\"https:\/\/scm.bz\/#\/schema\/person\/d116d4c43d9f3d4fe4b61619e91ead45\",\"name\":\"scmadmin\",\"image\":{\"@type\":\"ImageObject\",\"inLanguage\":\"kmr\",\"@id\":\"https:\/\/scm.bz\/#\/schema\/person\/image\/\",\"url\":\"https:\/\/secure.gravatar.com\/avatar\/8cb2b559549de2ba5e28f5d26e15c8f315b5dd63c953e348e6769ae2e88e3cdc?s=96&d=blank&r=g\",\"contentUrl\":\"https:\/\/secure.gravatar.com\/avatar\/8cb2b559549de2ba5e28f5d26e15c8f315b5dd63c953e348e6769ae2e88e3cdc?s=96&d=blank&r=g\",\"caption\":\"scmadmin\"},\"url\":\"https:\/\/scm.bz\/kmr\/author\/scmadmin\/\"}]}<\/script>\n<!-- \/ Yoast SEO Premium plugin. -->","yoast_head_json":{"title":"Daxuyan\u00eeyeke rojnameger\u00ee a hevbe\u015f der bar\u00ea p\u00ea\u015fketina rew\u015f\u00ea li ba\u015f\u00fbr\u00ea \u015eam\u00ea \u2013 vekir\u00eeye ji bo \u00eemzekirin\u00ea - \u0627\u0644\u0645\u0631\u0643\u0632 \u0627\u0644\u0633\u0648\u0631\u064a \u0644\u0644\u0625\u0639\u0644\u0627\u0645 \u0648\u062d\u0631\u064a\u0629 \u0627\u0644\u062a\u0639\u0628\u064a\u0631 Syrian Center for Media and Freedom of Expression","description":"%","robots":{"index":"index","follow":"follow","max-snippet":"max-snippet:-1","max-image-preview":"max-image-preview:large","max-video-preview":"max-video-preview:-1"},"canonical":"https:\/\/scm.bz\/kmr\/daxuyaniyeke-rojnamegeri-a-hevbes-der-bare-pesketina-rewse-li-basure-same-vekiriye-ji-bo-imzekirine\/","og_locale":"en_US","og_type":"article","og_title":"Daxuyan\u00eeyeke rojnameger\u00ee a hevbe\u015f der bar\u00ea p\u00ea\u015fketina rew\u015f\u00ea li ba\u015f\u00fbr\u00ea \u015eam\u00ea \u2013 vekir\u00eeye ji bo \u00eemzekirin\u00ea","og_description":"%","og_url":"https:\/\/scm.bz\/kmr\/daxuyaniyeke-rojnamegeri-a-hevbes-der-bare-pesketina-rewse-li-basure-same-vekiriye-ji-bo-imzekirine\/","og_site_name":"\u0627\u0644\u0645\u0631\u0643\u0632 \u0627\u0644\u0633\u0648\u0631\u064a \u0644\u0644\u0625\u0639\u0644\u0627\u0645 \u0648\u062d\u0631\u064a\u0629 \u0627\u0644\u062a\u0639\u0628\u064a\u0631 Syrian Center for Media and Freedom of Expression","article_publisher":"https:\/\/www.facebook.com\/scm.center","article_published_time":"2018-04-23T15:57:05+00:00","og_image":[{"width":3300,"height":1965,"url":"http:\/\/scm.bz\/wp-content\/uploads\/2018\/04\/IMG-CHU-73035.jpg","type":"image\/jpeg"}],"author":"scmadmin","twitter_card":"summary_large_image","twitter_creator":"@SyrianCenter","twitter_site":"@SyrianCenter","twitter_misc":{"Written by":"scmadmin","Est. reading time":"3 minutes"},"schema":{"@context":"https:\/\/schema.org","@graph":[{"@type":"Article","@id":"https:\/\/scm.bz\/kmr\/daxuyaniyeke-rojnamegeri-a-hevbes-der-bare-pesketina-rewse-li-basure-same-vekiriye-ji-bo-imzekirine\/#article","isPartOf":{"@id":"https:\/\/scm.bz\/kmr\/daxuyaniyeke-rojnamegeri-a-hevbes-der-bare-pesketina-rewse-li-basure-same-vekiriye-ji-bo-imzekirine\/"},"author":{"name":"scmadmin","@id":"https:\/\/scm.bz\/#\/schema\/person\/d116d4c43d9f3d4fe4b61619e91ead45"},"headline":"Daxuyan\u00eeyeke rojnameger\u00ee a hevbe\u015f der bar\u00ea p\u00ea\u015fketina rew\u015f\u00ea li ba\u015f\u00fbr\u00ea \u015eam\u00ea \u2013 vekir\u00eeye ji bo \u00eemzekirin\u00ea","datePublished":"2018-04-23T15:57:05+00:00","mainEntityOfPage":{"@id":"https:\/\/scm.bz\/kmr\/daxuyaniyeke-rojnamegeri-a-hevbes-der-bare-pesketina-rewse-li-basure-same-vekiriye-ji-bo-imzekirine\/"},"wordCount":549,"commentCount":0,"publisher":{"@id":"https:\/\/scm.bz\/#organization"},"image":{"@id":"https:\/\/scm.bz\/kmr\/daxuyaniyeke-rojnamegeri-a-hevbes-der-bare-pesketina-rewse-li-basure-same-vekiriye-ji-bo-imzekirine\/#primaryimage"},"thumbnailUrl":"https:\/\/scm.bz\/wp-content\/uploads\/2018\/04\/IMG-CHU-73035.jpg","articleSection":["Beyannamey\u00ean SCM\u00ea","Desthilata p\u00eancem\u00een","Rewangeha Binp\u00eakirinan","Rotator"],"inLanguage":"kmr"},{"@type":"WebPage","@id":"https:\/\/scm.bz\/kmr\/daxuyaniyeke-rojnamegeri-a-hevbes-der-bare-pesketina-rewse-li-basure-same-vekiriye-ji-bo-imzekirine\/","url":"https:\/\/scm.bz\/kmr\/daxuyaniyeke-rojnamegeri-a-hevbes-der-bare-pesketina-rewse-li-basure-same-vekiriye-ji-bo-imzekirine\/","name":"Daxuyan\u00eeyeke rojnameger\u00ee a hevbe\u015f der bar\u00ea p\u00ea\u015fketina rew\u015f\u00ea li ba\u015f\u00fbr\u00ea \u015eam\u00ea \u2013 vekir\u00eeye ji bo \u00eemzekirin\u00ea - \u0627\u0644\u0645\u0631\u0643\u0632 \u0627\u0644\u0633\u0648\u0631\u064a \u0644\u0644\u0625\u0639\u0644\u0627\u0645 \u0648\u062d\u0631\u064a\u0629 \u0627\u0644\u062a\u0639\u0628\u064a\u0631 Syrian Center for Media and Freedom of Expression","isPartOf":{"@id":"https:\/\/scm.bz\/#website"},"primaryImageOfPage":{"@id":"https:\/\/scm.bz\/kmr\/daxuyaniyeke-rojnamegeri-a-hevbes-der-bare-pesketina-rewse-li-basure-same-vekiriye-ji-bo-imzekirine\/#primaryimage"},"image":{"@id":"https:\/\/scm.bz\/kmr\/daxuyaniyeke-rojnamegeri-a-hevbes-der-bare-pesketina-rewse-li-basure-same-vekiriye-ji-bo-imzekirine\/#primaryimage"},"thumbnailUrl":"https:\/\/scm.bz\/wp-content\/uploads\/2018\/04\/IMG-CHU-73035.jpg","datePublished":"2018-04-23T15:57:05+00:00","description":"%","breadcrumb":{"@id":"https:\/\/scm.bz\/kmr\/daxuyaniyeke-rojnamegeri-a-hevbes-der-bare-pesketina-rewse-li-basure-same-vekiriye-ji-bo-imzekirine\/#breadcrumb"},"inLanguage":"kmr","potentialAction":[{"@type":"ReadAction","target":["https:\/\/scm.bz\/kmr\/daxuyaniyeke-rojnamegeri-a-hevbes-der-bare-pesketina-rewse-li-basure-same-vekiriye-ji-bo-imzekirine\/"]}]},{"@type":"ImageObject","inLanguage":"kmr","@id":"https:\/\/scm.bz\/kmr\/daxuyaniyeke-rojnamegeri-a-hevbes-der-bare-pesketina-rewse-li-basure-same-vekiriye-ji-bo-imzekirine\/#primaryimage","url":"https:\/\/scm.bz\/wp-content\/uploads\/2018\/04\/IMG-CHU-73035.jpg","contentUrl":"https:\/\/scm.bz\/wp-content\/uploads\/2018\/04\/IMG-CHU-73035.jpg","width":3300,"height":1965},{"@type":"BreadcrumbList","@id":"https:\/\/scm.bz\/kmr\/daxuyaniyeke-rojnamegeri-a-hevbes-der-bare-pesketina-rewse-li-basure-same-vekiriye-ji-bo-imzekirine\/#breadcrumb","itemListElement":[{"@type":"ListItem","position":1,"name":"Home","item":"https:\/\/scm.bz\/kmr\/"},{"@type":"ListItem","position":2,"name":"Daxuyan\u00eeyeke rojnameger\u00ee a hevbe\u015f der bar\u00ea p\u00ea\u015fketina rew\u015f\u00ea li ba\u015f\u00fbr\u00ea \u015eam\u00ea \u2013 vekir\u00eeye ji bo \u00eemzekirin\u00ea"}]},{"@type":"WebSite","@id":"https:\/\/scm.bz\/#website","url":"https:\/\/scm.bz\/","name":"\u0627\u0644\u0645\u0631\u0643\u0632 \u0627\u0644\u0633\u0648\u0631\u064a \u0644\u0644\u0625\u0639\u0644\u0627\u0645 \u0648\u062d\u0631\u064a\u0629 \u0627\u0644\u062a\u0639\u0628\u064a\u0631 Syrian Center for Media and Freedom of Expression","description":"","publisher":{"@id":"https:\/\/scm.bz\/#organization"},"potentialAction":[{"@type":"SearchAction","target":{"@type":"EntryPoint","urlTemplate":"https:\/\/scm.bz\/?s={search_term_string}"},"query-input":{"@type":"PropertyValueSpecification","valueRequired":true,"valueName":"search_term_string"}}],"inLanguage":"kmr"},{"@type":"Organization","@id":"https:\/\/scm.bz\/#organization","name":"\u0627\u0644\u0645\u0631\u0643\u0632 \u0627\u0644\u0633\u0648\u0631\u064a \u0644\u0644\u0625\u0639\u0644\u0627\u0645 \u0648\u062d\u0631\u064a\u0629 \u0627\u0644\u062a\u0639\u0628\u064a\u0631 Syrian Center for Media and Freedom of Expression","url":"https:\/\/scm.bz\/","logo":{"@type":"ImageObject","inLanguage":"kmr","@id":"https:\/\/scm.bz\/#\/schema\/logo\/image\/","url":"http:\/\/scm.bz\/wp-content\/uploads\/2021\/01\/SCM-logo-1-with-Clear-Space-1-2.png","contentUrl":"http:\/\/scm.bz\/wp-content\/uploads\/2021\/01\/SCM-logo-1-with-Clear-Space-1-2.png","width":1450,"height":1450,"caption":"\u0627\u0644\u0645\u0631\u0643\u0632 \u0627\u0644\u0633\u0648\u0631\u064a \u0644\u0644\u0625\u0639\u0644\u0627\u0645 \u0648\u062d\u0631\u064a\u0629 \u0627\u0644\u062a\u0639\u0628\u064a\u0631 Syrian Center for Media and Freedom of Expression"},"image":{"@id":"https:\/\/scm.bz\/#\/schema\/logo\/image\/"},"sameAs":["https:\/\/www.facebook.com\/scm.center","https:\/\/x.com\/SyrianCenter"]},{"@type":"Person","@id":"https:\/\/scm.bz\/#\/schema\/person\/d116d4c43d9f3d4fe4b61619e91ead45","name":"scmadmin","image":{"@type":"ImageObject","inLanguage":"kmr","@id":"https:\/\/scm.bz\/#\/schema\/person\/image\/","url":"https:\/\/secure.gravatar.com\/avatar\/8cb2b559549de2ba5e28f5d26e15c8f315b5dd63c953e348e6769ae2e88e3cdc?s=96&d=blank&r=g","contentUrl":"https:\/\/secure.gravatar.com\/avatar\/8cb2b559549de2ba5e28f5d26e15c8f315b5dd63c953e348e6769ae2e88e3cdc?s=96&d=blank&r=g","caption":"scmadmin"},"url":"https:\/\/scm.bz\/kmr\/author\/scmadmin\/"}]}},"_links":{"self":[{"href":"https:\/\/scm.bz\/kmr\/wp-json\/wp\/v2\/posts\/184866","targetHints":{"allow":["GET"]}}],"collection":[{"href":"https:\/\/scm.bz\/kmr\/wp-json\/wp\/v2\/posts"}],"about":[{"href":"https:\/\/scm.bz\/kmr\/wp-json\/wp\/v2\/types\/post"}],"author":[{"embeddable":true,"href":"https:\/\/scm.bz\/kmr\/wp-json\/wp\/v2\/users\/24"}],"replies":[{"embeddable":true,"href":"https:\/\/scm.bz\/kmr\/wp-json\/wp\/v2\/comments?post=184866"}],"version-history":[{"count":0,"href":"https:\/\/scm.bz\/kmr\/wp-json\/wp\/v2\/posts\/184866\/revisions"}],"wp:featuredmedia":[{"embeddable":true,"href":"https:\/\/scm.bz\/kmr\/wp-json\/wp\/v2\/media\/184760"}],"wp:attachment":[{"href":"https:\/\/scm.bz\/kmr\/wp-json\/wp\/v2\/media?parent=184866"}],"wp:term":[{"taxonomy":"category","embeddable":true,"href":"https:\/\/scm.bz\/kmr\/wp-json\/wp\/v2\/categories?post=184866"},{"taxonomy":"post_tag","embeddable":true,"href":"https:\/\/scm.bz\/kmr\/wp-json\/wp\/v2\/tags?post=184866"}],"curies":[{"name":"wp","href":"https:\/\/api.w.org\/{rel}","templated":true}]}}