{"id":184131,"date":"2018-04-13T19:50:02","date_gmt":"2018-04-13T17:50:02","guid":{"rendered":"https:\/\/scm.bz?p=184131"},"modified":"2018-04-13T19:50:19","modified_gmt":"2018-04-13T17:50:19","slug":"daxuyaniyeke-hevgirtina-sivil-li-xutaya-rojhilati","status":"publish","type":"post","link":"https:\/\/scm.bz\/kmr\/daxuyaniyeke-hevgirtina-sivil-li-xutaya-rojhilati\/","title":{"rendered":"Daxuyan\u00eeyeke Hevgirtina siv\u00eel li X\u00fbtaya Rojhilat\u00ee"},"content":{"rendered":"<p dir=\"ltr\">Daxuyan\u00eeyeke Hevgirtina siv\u00eel li X\u00fbtaya Rojhilat\u00ee<\/p>\n<p dir=\"ltr\">Ji ber v\u00ea operasyona tund a ku X\u00fbtaya Rojhilat\u00ee ji h\u00eala H\u00eaz\u00ean R\u00eaj\u00eema S\u00fbr\u00eeyay\u00ee \u00fb hevalbend\u00ean w\u00ea y\u00ean R\u00fbsya \u00fb \u00eeran\u00ea rast\u00ee w\u00ea t\u00ea, ku encama w\u00ea ku\u015ftin, w\u00earankirin \u00fb nexwe\u015fhal\u00eeya rew\u015fa mirov\u00ee ya xelk\u00ean X\u00fbtay\u00ea b\u00fb. R\u00eaj\u00eem\u00ea hem\u00fb \u00e7ek di v\u00ea operasyon\u00ea de bi kar an\u00een bi taybet y\u00ean navdewlet\u00ee y\u00ean qedexekir\u00ee m\u00eena xaza klor\u00ea ya k\u00eemaw\u00ee \u00fb nabalma sot\u00eener \u00fb fosfor her weha bombey\u00ean enq\u00fbd\u00ee, di encam\u00ea de komkuj\u00ee \u00e7\u00eab\u00fbn \u00fb b\u00eahtir\u00ee hezar \u00fb s\u00eased \u015feh\u00eed di s\u00eeh roj\u00ee de ketin piran\u00eeya wan jin \u00fb zarok in. ev tawan tawan\u00ean ceng\u00ea ne \u00fb encama nepabend\u00eeya R\u00fbsya bi biryar\u00ean navdewlet\u00ee y\u00ean ku Encumena Ewlekar\u00eey\u00ea pejirandine.<\/p>\n<p dir=\"ltr\">Em gr\u00fbpeke dezgeh \u00fb \u00e7alakvan\u00ean siv\u00eel y\u00ean ku li ser asta navxwey\u00ee , r\u00eaxistin\u00ean civaka siv\u00eel, destey\u00ean bij\u00ee\u015fk\u00ee, hawar\u00e7\u00fbn\u00ea \u00fb y\u00ean ragih\u00eaner\u00ee her weha send\u00eekeyan kar dikin, \u00e7\u00eakirina hevgirtineke siv\u00eel X\u00fb\u00fbtaya Rojhilat\u00ee ji bo n\u00fbner\u00eeya siv\u00eelan \u00fb xwesteka wan di bin s\u00eeya b\u00eadeng\u00eeya der bar\u00ea rew\u015fa X\u00fbtaya Rojhilat\u00ee de radigih\u00eenin.<\/p>\n<p dir=\"ltr\">Armanc\u00ean hevgirtin\u00ea:<\/p>\n<ol dir=\"ltr\">\n<li>\u015eopandina n\u00fb\u00e7ey\u00ean n\u00fb di k\u00ea\u015fey\u00ea de \u00fb k\u00eamkkirina Banora w\u00ea \u00fb rawestandina ku\u015ftin\u00ea bi r\u00eaya p\u00eakan\u00eena biryar\u00ean navdewlet\u00ee y\u00ean p\u00eawend\u00eedar her weha ger\u00eena li garant\u00eey\u00ean navdewlet\u00ee bi r\u00eaya kanal\u00ean navnetewey\u00ee \u00fb her\u00eam\u00ee.<\/li>\n<li>\u00c7esipandina berxwedana xelk\u00ean X\u00fbtaya Rojhilat\u00ee \u00fb parastina siv\u00eelan ji ko\u00e7berkirin\u00ea \u00fb guhertina d\u00eamograf\u00ee her weha ku\u015ftin \u00fb bir\u00e7\u00eekirin\u00ea.<\/li>\n<li>S\u00eenorkirina bandor\u00ean k\u00ea\u015feya mirov\u00ee yak u ji ber operasyona tund \u00e7\u00eab\u00fbye bi r\u00eaya dan\u00eena t\u00eakil\u00eeyan li gel hem\u00fb p\u00eakhatey\u00ean civaka navxwey\u00ee her weha \u015fore\u015fger \u00fb al\u00eey\u00ean xwed\u00eebandor li ser erd\u00ea \u00fb hem\u00fb dewlet \u00fb al\u00eey\u00ean nevnetewey\u00ee li derve ji bo al\u00eekar \u00fb hevr\u00eaz\u00eey\u00ea ji bo d\u00eetina \u00e7areyek\u00ea ji rew\u015fa x\u00fbtay\u00ea re ku parastin \u00fb r\u00fbmeta siv\u00eelan garant\u00ee dike.\u00a0<a href=\"https:\/\/scm.bz\/ku\/scmLrhVs\">\u00a0<\/a>\u00a0<a href=\"https:\/\/scm.bz\/ku\/scmLrhVs\">\u00a0<\/a>\u00a0<a href=\"https:\/\/scm.bz\/ku\/scmLrhVs\">\u00a0<\/a><\/li>\n<\/ol>\n<p dir=\"ltr\">Ji ber wilo ev hevgirtina siv\u00eel doza van xalan dike:<\/p>\n<ol dir=\"ltr\">\n<li>Stendina tedb\u00eer\u00ean demlidest ji bo agirbest\u00ea \u00fb rawestandina bombebaran\u00ea \u00fb \u00ear\u00ee\u015f\u00ean h\u00eaz\u00ean al\u00eegir\u00ean Esed bo gund \u00fb bajarok\u00ean X\u00fbtaya Rojhilat\u00ee her weha p\u00eakanan\u00eena biryara Encumena Ewlekar\u00eey\u00ea ya 2401 bi awayek\u00ee demlidest bitaybet pi\u015ft\u00ee ku gelek destp\u00ea\u015fxer\u00ee ji bo xelk\u00ean X\u00fbtay\u00ea hatine p\u00ea\u015fk\u00ea\u015fkirin ji bo derxistina endm\u00ean Desteya Rizgarkirina same (Cebhet Elnusra) \u00fb berdewam\u00eeya dan\u00fbstendin\u00ean a\u015ft\u00eey\u00ea li Cin\u00eav\u00ea.<\/li>\n<li>Divabe Netewey\u00ean Yekb\u00fby\u00ee \u00fb dewlet\u00ean endam\u00ean Encumena Ewler\u00eeya Navdewlet\u00ee \u00fb y\u00ean ku dikarin bandore li rew\u015f\u00ea bikin ewleh\u00ee \u00fb parastina siv\u00eelan garant\u00ee bikin li X\u00fbtaya Rojhilat\u00ee di dema derketin \u00fb \u00e7\u00fbn \u00fb hatina wan de \u00fb heta giha\u015ftina wan bo devereke ewle li gel p\u00fbteday\u00eeneke taybet bi rew\u015fa jinan.<\/li>\n<li>Divabe siv\u00eel\u00ean li X\u00fbtaya Rojhilat\u00ee \u2013bi n\u00fbnert\u00eeya encumena par\u00eazger\u00eey\u00ea \u00fb encumen\u00ean navxwey\u00ee \u00fb r\u00eaxistin\u00ean civaka siv\u00eel- bibin al\u00eeyek di hem\u00fb dan\u00fbstendin\u00ean gir\u00eaday\u00ee Xutaya Rojhilat\u00ee de \u00e7i navxwey\u00ee bin an navdewlet\u00ee \u00fb navnetewey\u00ee bin \u00fb xwe bi xwe \u00e7aran\u00fbsa xwe destn\u00ee\u015fan bikin li gel pi\u015ftgir\u00eeya wan di van gavan de.<\/li>\n<li>P\u00fbteday\u00eeneke taybet bi saxlem\u00eeya karmend\u00een di war\u00ea encumen\u00ean navxwey\u00ee, dezgeh\u00ean bij\u00ee\u015fk\u00ee \u00fb y\u00ean hawar\u00e7\u00fbn\u00ea her weha y\u00ean siv\u00eel y\u00ean din \u00fb malbat\u00ean wan ku ev yek bi awayek\u00ee meydan\u00ee garant\u00eekir\u00ee be.<\/li>\n<li>\u00c7\u00eakirina m\u00eakan\u00eezma \u015fopandina ya domdar ji bo mijar\u00ea ku n\u00fbner\u00ean hem\u00fb dewlet\u00ean endam di nav xwe de dihew\u00eene li gel y\u00ean amade ji bo al\u00eekar\u00eey\u00ea \u00fb netewey\u00ean yekb\u00fby\u00ee her weha n\u00fbner\u00ean siv\u00eel\u00ean X\u00fbtaya Rojhilat\u00ee li dervey\u00ee w\u00ea \u00fb di hundir\u00ea w\u00ea de.<\/li>\n<li>Heb\u00fbna zexteke navdewlet\u00ee bi hem\u00fb awayan da ku r\u00eaj\u00eem \u00fb hevlabend\u00ean w\u00ea bi taybet R\u00fbsya, bi hilan\u00eena dorp\u00ea\u00e7kirina li ser X\u00fbtaya Rojhilat\u00ee pabend bin her weha vekirina der\u00eey\u00ean mirov\u00ee \u00fb rawestandina bir\u00e7\u00eekirina ku r\u00eaj\u00eem der heq\u00ea siv\u00eelan de dike.<\/li>\n<\/ol>\n","protected":false},"excerpt":{"rendered":"<p>Daxuyan\u00eeyeke Hevgirtina siv\u00eel li X\u00fbtaya Rojhilat\u00ee Ji ber v\u00ea operasyona tund a ku X\u00fbtaya Rojhilat\u00ee ji h\u00eala H\u00eaz\u00ean R\u00eaj\u00eema S\u00fbr\u00eeyay\u00ee \u00fb hevalbend\u00ean w\u00ea y\u00ean R\u00fbsya \u00fb \u00eeran\u00ea rast\u00ee w\u00ea t\u00ea, ku encama w\u00ea ku\u015ftin, w\u00earankirin \u00fb nexwe\u015fhal\u00eeya rew\u015fa mirov\u00ee ya xelk\u00ean X\u00fbtay\u00ea b\u00fb. R\u00eaj\u00eem\u00ea hem\u00fb \u00e7ek di v\u00ea operasyon\u00ea de bi kar an\u00een bi taybet [&hellip;]<\/p>\n","protected":false},"author":24,"featured_media":184127,"comment_status":"open","ping_status":"open","sticky":false,"template":"","format":"standard","meta":{"_acf_changed":false,"footnotes":""},"categories":[328,326,369],"tags":[],"class_list":["post-184131","post","type-post","status-publish","format-standard","has-post-thumbnail","hentry","category-statements-kmr","category-5th-ku","category-rotator-kmr","post-wrapper"],"acf":[],"yoast_head":"<!-- This site is optimized with the Yoast SEO Premium plugin v20.6 (Yoast SEO v26.5) - https:\/\/yoast.com\/wordpress\/plugins\/seo\/ -->\n<title>Daxuyan\u00eeyeke Hevgirtina siv\u00eel li X\u00fbtaya Rojhilat\u00ee - \u0627\u0644\u0645\u0631\u0643\u0632 \u0627\u0644\u0633\u0648\u0631\u064a \u0644\u0644\u0625\u0639\u0644\u0627\u0645 \u0648\u062d\u0631\u064a\u0629 \u0627\u0644\u062a\u0639\u0628\u064a\u0631 Syrian Center for Media and Freedom of Expression<\/title>\n<meta name=\"description\" content=\"%\" \/>\n<meta name=\"robots\" content=\"index, follow, max-snippet:-1, max-image-preview:large, max-video-preview:-1\" \/>\n<link rel=\"canonical\" href=\"https:\/\/mfu.scm.bz\/kmr\/daxuyaniyeke-hevgirtina-sivil-li-xutaya-rojhilati\/\" \/>\n<meta property=\"og:locale\" content=\"en_US\" \/>\n<meta property=\"og:type\" content=\"article\" \/>\n<meta property=\"og:title\" content=\"Daxuyan\u00eeyeke Hevgirtina siv\u00eel li X\u00fbtaya Rojhilat\u00ee\" \/>\n<meta property=\"og:description\" content=\"%\" \/>\n<meta property=\"og:url\" content=\"https:\/\/mfu.scm.bz\/kmr\/daxuyaniyeke-hevgirtina-sivil-li-xutaya-rojhilati\/\" \/>\n<meta property=\"og:site_name\" content=\"\u0627\u0644\u0645\u0631\u0643\u0632 \u0627\u0644\u0633\u0648\u0631\u064a \u0644\u0644\u0625\u0639\u0644\u0627\u0645 \u0648\u062d\u0631\u064a\u0629 \u0627\u0644\u062a\u0639\u0628\u064a\u0631 Syrian Center for Media and Freedom of Expression\" \/>\n<meta property=\"article:publisher\" content=\"https:\/\/www.facebook.com\/scm.center\" \/>\n<meta property=\"article:published_time\" content=\"2018-04-13T17:50:02+00:00\" \/>\n<meta property=\"article:modified_time\" content=\"2018-04-13T17:50:19+00:00\" \/>\n<meta property=\"og:image\" content=\"https:\/\/mfu.scm.bz\/wp-content\/uploads\/2018\/03\/syrie_ghouta_hammouriyeh_2018-1.jpg\" \/>\n\t<meta property=\"og:image:width\" content=\"1170\" \/>\n\t<meta property=\"og:image:height\" content=\"470\" \/>\n\t<meta property=\"og:image:type\" content=\"image\/jpeg\" \/>\n<meta name=\"author\" content=\"scmadmin\" \/>\n<meta name=\"twitter:card\" content=\"summary_large_image\" \/>\n<meta name=\"twitter:creator\" content=\"@SyrianCenter\" \/>\n<meta name=\"twitter:site\" content=\"@SyrianCenter\" \/>\n<meta name=\"twitter:label1\" content=\"Written by\" \/>\n\t<meta name=\"twitter:data1\" content=\"scmadmin\" \/>\n\t<meta name=\"twitter:label2\" content=\"Est. reading time\" \/>\n\t<meta name=\"twitter:data2\" content=\"4 minutes\" \/>\n<script type=\"application\/ld+json\" class=\"yoast-schema-graph\">{\"@context\":\"https:\/\/schema.org\",\"@graph\":[{\"@type\":\"Article\",\"@id\":\"https:\/\/mfu.scm.bz\/kmr\/daxuyaniyeke-hevgirtina-sivil-li-xutaya-rojhilati\/#article\",\"isPartOf\":{\"@id\":\"https:\/\/mfu.scm.bz\/kmr\/daxuyaniyeke-hevgirtina-sivil-li-xutaya-rojhilati\/\"},\"author\":{\"name\":\"scmadmin\",\"@id\":\"https:\/\/scm.bz\/#\/schema\/person\/d116d4c43d9f3d4fe4b61619e91ead45\"},\"headline\":\"Daxuyan\u00eeyeke Hevgirtina siv\u00eel li X\u00fbtaya Rojhilat\u00ee\",\"datePublished\":\"2018-04-13T17:50:02+00:00\",\"dateModified\":\"2018-04-13T17:50:19+00:00\",\"mainEntityOfPage\":{\"@id\":\"https:\/\/mfu.scm.bz\/kmr\/daxuyaniyeke-hevgirtina-sivil-li-xutaya-rojhilati\/\"},\"wordCount\":731,\"commentCount\":0,\"publisher\":{\"@id\":\"https:\/\/scm.bz\/#organization\"},\"image\":{\"@id\":\"https:\/\/mfu.scm.bz\/kmr\/daxuyaniyeke-hevgirtina-sivil-li-xutaya-rojhilati\/#primaryimage\"},\"thumbnailUrl\":\"https:\/\/scm.bz\/wp-content\/uploads\/2018\/03\/syrie_ghouta_hammouriyeh_2018-1.jpg\",\"articleSection\":[\"Beyannamey\u00ean SCM\u00ea\",\"Desthilata p\u00eancem\u00een\",\"Rotator\"],\"inLanguage\":\"kmr\"},{\"@type\":\"WebPage\",\"@id\":\"https:\/\/mfu.scm.bz\/kmr\/daxuyaniyeke-hevgirtina-sivil-li-xutaya-rojhilati\/\",\"url\":\"https:\/\/mfu.scm.bz\/kmr\/daxuyaniyeke-hevgirtina-sivil-li-xutaya-rojhilati\/\",\"name\":\"Daxuyan\u00eeyeke Hevgirtina siv\u00eel li X\u00fbtaya Rojhilat\u00ee - \u0627\u0644\u0645\u0631\u0643\u0632 \u0627\u0644\u0633\u0648\u0631\u064a \u0644\u0644\u0625\u0639\u0644\u0627\u0645 \u0648\u062d\u0631\u064a\u0629 \u0627\u0644\u062a\u0639\u0628\u064a\u0631 Syrian Center for Media and Freedom of Expression\",\"isPartOf\":{\"@id\":\"https:\/\/scm.bz\/#website\"},\"primaryImageOfPage\":{\"@id\":\"https:\/\/mfu.scm.bz\/kmr\/daxuyaniyeke-hevgirtina-sivil-li-xutaya-rojhilati\/#primaryimage\"},\"image\":{\"@id\":\"https:\/\/mfu.scm.bz\/kmr\/daxuyaniyeke-hevgirtina-sivil-li-xutaya-rojhilati\/#primaryimage\"},\"thumbnailUrl\":\"https:\/\/scm.bz\/wp-content\/uploads\/2018\/03\/syrie_ghouta_hammouriyeh_2018-1.jpg\",\"datePublished\":\"2018-04-13T17:50:02+00:00\",\"dateModified\":\"2018-04-13T17:50:19+00:00\",\"description\":\"%\",\"breadcrumb\":{\"@id\":\"https:\/\/mfu.scm.bz\/kmr\/daxuyaniyeke-hevgirtina-sivil-li-xutaya-rojhilati\/#breadcrumb\"},\"inLanguage\":\"kmr\",\"potentialAction\":[{\"@type\":\"ReadAction\",\"target\":[\"https:\/\/mfu.scm.bz\/kmr\/daxuyaniyeke-hevgirtina-sivil-li-xutaya-rojhilati\/\"]}]},{\"@type\":\"ImageObject\",\"inLanguage\":\"kmr\",\"@id\":\"https:\/\/mfu.scm.bz\/kmr\/daxuyaniyeke-hevgirtina-sivil-li-xutaya-rojhilati\/#primaryimage\",\"url\":\"https:\/\/scm.bz\/wp-content\/uploads\/2018\/03\/syrie_ghouta_hammouriyeh_2018-1.jpg\",\"contentUrl\":\"https:\/\/scm.bz\/wp-content\/uploads\/2018\/03\/syrie_ghouta_hammouriyeh_2018-1.jpg\",\"width\":1170,\"height\":470},{\"@type\":\"BreadcrumbList\",\"@id\":\"https:\/\/mfu.scm.bz\/kmr\/daxuyaniyeke-hevgirtina-sivil-li-xutaya-rojhilati\/#breadcrumb\",\"itemListElement\":[{\"@type\":\"ListItem\",\"position\":1,\"name\":\"Home\",\"item\":\"https:\/\/scm.bz\/kmr\/\"},{\"@type\":\"ListItem\",\"position\":2,\"name\":\"Daxuyan\u00eeyeke Hevgirtina siv\u00eel li X\u00fbtaya Rojhilat\u00ee\"}]},{\"@type\":\"WebSite\",\"@id\":\"https:\/\/scm.bz\/#website\",\"url\":\"https:\/\/scm.bz\/\",\"name\":\"\u0627\u0644\u0645\u0631\u0643\u0632 \u0627\u0644\u0633\u0648\u0631\u064a \u0644\u0644\u0625\u0639\u0644\u0627\u0645 \u0648\u062d\u0631\u064a\u0629 \u0627\u0644\u062a\u0639\u0628\u064a\u0631 Syrian Center for Media and Freedom of Expression\",\"description\":\"\",\"publisher\":{\"@id\":\"https:\/\/scm.bz\/#organization\"},\"potentialAction\":[{\"@type\":\"SearchAction\",\"target\":{\"@type\":\"EntryPoint\",\"urlTemplate\":\"https:\/\/scm.bz\/?s={search_term_string}\"},\"query-input\":{\"@type\":\"PropertyValueSpecification\",\"valueRequired\":true,\"valueName\":\"search_term_string\"}}],\"inLanguage\":\"kmr\"},{\"@type\":\"Organization\",\"@id\":\"https:\/\/scm.bz\/#organization\",\"name\":\"\u0627\u0644\u0645\u0631\u0643\u0632 \u0627\u0644\u0633\u0648\u0631\u064a \u0644\u0644\u0625\u0639\u0644\u0627\u0645 \u0648\u062d\u0631\u064a\u0629 \u0627\u0644\u062a\u0639\u0628\u064a\u0631 Syrian Center for Media and Freedom of Expression\",\"url\":\"https:\/\/scm.bz\/\",\"logo\":{\"@type\":\"ImageObject\",\"inLanguage\":\"kmr\",\"@id\":\"https:\/\/scm.bz\/#\/schema\/logo\/image\/\",\"url\":\"http:\/\/scm.bz\/wp-content\/uploads\/2021\/01\/SCM-logo-1-with-Clear-Space-1-2.png\",\"contentUrl\":\"http:\/\/scm.bz\/wp-content\/uploads\/2021\/01\/SCM-logo-1-with-Clear-Space-1-2.png\",\"width\":1450,\"height\":1450,\"caption\":\"\u0627\u0644\u0645\u0631\u0643\u0632 \u0627\u0644\u0633\u0648\u0631\u064a \u0644\u0644\u0625\u0639\u0644\u0627\u0645 \u0648\u062d\u0631\u064a\u0629 \u0627\u0644\u062a\u0639\u0628\u064a\u0631 Syrian Center for Media and Freedom of Expression\"},\"image\":{\"@id\":\"https:\/\/scm.bz\/#\/schema\/logo\/image\/\"},\"sameAs\":[\"https:\/\/www.facebook.com\/scm.center\",\"https:\/\/x.com\/SyrianCenter\"]},{\"@type\":\"Person\",\"@id\":\"https:\/\/scm.bz\/#\/schema\/person\/d116d4c43d9f3d4fe4b61619e91ead45\",\"name\":\"scmadmin\",\"image\":{\"@type\":\"ImageObject\",\"inLanguage\":\"kmr\",\"@id\":\"https:\/\/scm.bz\/#\/schema\/person\/image\/\",\"url\":\"https:\/\/secure.gravatar.com\/avatar\/8cb2b559549de2ba5e28f5d26e15c8f315b5dd63c953e348e6769ae2e88e3cdc?s=96&d=blank&r=g\",\"contentUrl\":\"https:\/\/secure.gravatar.com\/avatar\/8cb2b559549de2ba5e28f5d26e15c8f315b5dd63c953e348e6769ae2e88e3cdc?s=96&d=blank&r=g\",\"caption\":\"scmadmin\"},\"url\":\"https:\/\/scm.bz\/kmr\/author\/scmadmin\/\"}]}<\/script>\n<!-- \/ Yoast SEO Premium plugin. -->","yoast_head_json":{"title":"Daxuyan\u00eeyeke Hevgirtina siv\u00eel li X\u00fbtaya Rojhilat\u00ee - \u0627\u0644\u0645\u0631\u0643\u0632 \u0627\u0644\u0633\u0648\u0631\u064a \u0644\u0644\u0625\u0639\u0644\u0627\u0645 \u0648\u062d\u0631\u064a\u0629 \u0627\u0644\u062a\u0639\u0628\u064a\u0631 Syrian Center for Media and Freedom of Expression","description":"%","robots":{"index":"index","follow":"follow","max-snippet":"max-snippet:-1","max-image-preview":"max-image-preview:large","max-video-preview":"max-video-preview:-1"},"canonical":"https:\/\/mfu.scm.bz\/kmr\/daxuyaniyeke-hevgirtina-sivil-li-xutaya-rojhilati\/","og_locale":"en_US","og_type":"article","og_title":"Daxuyan\u00eeyeke Hevgirtina siv\u00eel li X\u00fbtaya Rojhilat\u00ee","og_description":"%","og_url":"https:\/\/mfu.scm.bz\/kmr\/daxuyaniyeke-hevgirtina-sivil-li-xutaya-rojhilati\/","og_site_name":"\u0627\u0644\u0645\u0631\u0643\u0632 \u0627\u0644\u0633\u0648\u0631\u064a \u0644\u0644\u0625\u0639\u0644\u0627\u0645 \u0648\u062d\u0631\u064a\u0629 \u0627\u0644\u062a\u0639\u0628\u064a\u0631 Syrian Center for Media and Freedom of Expression","article_publisher":"https:\/\/www.facebook.com\/scm.center","article_published_time":"2018-04-13T17:50:02+00:00","article_modified_time":"2018-04-13T17:50:19+00:00","og_image":[{"width":1170,"height":470,"url":"https:\/\/mfu.scm.bz\/wp-content\/uploads\/2018\/03\/syrie_ghouta_hammouriyeh_2018-1.jpg","type":"image\/jpeg"}],"author":"scmadmin","twitter_card":"summary_large_image","twitter_creator":"@SyrianCenter","twitter_site":"@SyrianCenter","twitter_misc":{"Written by":"scmadmin","Est. reading time":"4 minutes"},"schema":{"@context":"https:\/\/schema.org","@graph":[{"@type":"Article","@id":"https:\/\/mfu.scm.bz\/kmr\/daxuyaniyeke-hevgirtina-sivil-li-xutaya-rojhilati\/#article","isPartOf":{"@id":"https:\/\/mfu.scm.bz\/kmr\/daxuyaniyeke-hevgirtina-sivil-li-xutaya-rojhilati\/"},"author":{"name":"scmadmin","@id":"https:\/\/scm.bz\/#\/schema\/person\/d116d4c43d9f3d4fe4b61619e91ead45"},"headline":"Daxuyan\u00eeyeke Hevgirtina siv\u00eel li X\u00fbtaya Rojhilat\u00ee","datePublished":"2018-04-13T17:50:02+00:00","dateModified":"2018-04-13T17:50:19+00:00","mainEntityOfPage":{"@id":"https:\/\/mfu.scm.bz\/kmr\/daxuyaniyeke-hevgirtina-sivil-li-xutaya-rojhilati\/"},"wordCount":731,"commentCount":0,"publisher":{"@id":"https:\/\/scm.bz\/#organization"},"image":{"@id":"https:\/\/mfu.scm.bz\/kmr\/daxuyaniyeke-hevgirtina-sivil-li-xutaya-rojhilati\/#primaryimage"},"thumbnailUrl":"https:\/\/scm.bz\/wp-content\/uploads\/2018\/03\/syrie_ghouta_hammouriyeh_2018-1.jpg","articleSection":["Beyannamey\u00ean SCM\u00ea","Desthilata p\u00eancem\u00een","Rotator"],"inLanguage":"kmr"},{"@type":"WebPage","@id":"https:\/\/mfu.scm.bz\/kmr\/daxuyaniyeke-hevgirtina-sivil-li-xutaya-rojhilati\/","url":"https:\/\/mfu.scm.bz\/kmr\/daxuyaniyeke-hevgirtina-sivil-li-xutaya-rojhilati\/","name":"Daxuyan\u00eeyeke Hevgirtina siv\u00eel li X\u00fbtaya Rojhilat\u00ee - \u0627\u0644\u0645\u0631\u0643\u0632 \u0627\u0644\u0633\u0648\u0631\u064a \u0644\u0644\u0625\u0639\u0644\u0627\u0645 \u0648\u062d\u0631\u064a\u0629 \u0627\u0644\u062a\u0639\u0628\u064a\u0631 Syrian Center for Media and Freedom of Expression","isPartOf":{"@id":"https:\/\/scm.bz\/#website"},"primaryImageOfPage":{"@id":"https:\/\/mfu.scm.bz\/kmr\/daxuyaniyeke-hevgirtina-sivil-li-xutaya-rojhilati\/#primaryimage"},"image":{"@id":"https:\/\/mfu.scm.bz\/kmr\/daxuyaniyeke-hevgirtina-sivil-li-xutaya-rojhilati\/#primaryimage"},"thumbnailUrl":"https:\/\/scm.bz\/wp-content\/uploads\/2018\/03\/syrie_ghouta_hammouriyeh_2018-1.jpg","datePublished":"2018-04-13T17:50:02+00:00","dateModified":"2018-04-13T17:50:19+00:00","description":"%","breadcrumb":{"@id":"https:\/\/mfu.scm.bz\/kmr\/daxuyaniyeke-hevgirtina-sivil-li-xutaya-rojhilati\/#breadcrumb"},"inLanguage":"kmr","potentialAction":[{"@type":"ReadAction","target":["https:\/\/mfu.scm.bz\/kmr\/daxuyaniyeke-hevgirtina-sivil-li-xutaya-rojhilati\/"]}]},{"@type":"ImageObject","inLanguage":"kmr","@id":"https:\/\/mfu.scm.bz\/kmr\/daxuyaniyeke-hevgirtina-sivil-li-xutaya-rojhilati\/#primaryimage","url":"https:\/\/scm.bz\/wp-content\/uploads\/2018\/03\/syrie_ghouta_hammouriyeh_2018-1.jpg","contentUrl":"https:\/\/scm.bz\/wp-content\/uploads\/2018\/03\/syrie_ghouta_hammouriyeh_2018-1.jpg","width":1170,"height":470},{"@type":"BreadcrumbList","@id":"https:\/\/mfu.scm.bz\/kmr\/daxuyaniyeke-hevgirtina-sivil-li-xutaya-rojhilati\/#breadcrumb","itemListElement":[{"@type":"ListItem","position":1,"name":"Home","item":"https:\/\/scm.bz\/kmr\/"},{"@type":"ListItem","position":2,"name":"Daxuyan\u00eeyeke Hevgirtina siv\u00eel li X\u00fbtaya Rojhilat\u00ee"}]},{"@type":"WebSite","@id":"https:\/\/scm.bz\/#website","url":"https:\/\/scm.bz\/","name":"\u0627\u0644\u0645\u0631\u0643\u0632 \u0627\u0644\u0633\u0648\u0631\u064a \u0644\u0644\u0625\u0639\u0644\u0627\u0645 \u0648\u062d\u0631\u064a\u0629 \u0627\u0644\u062a\u0639\u0628\u064a\u0631 Syrian Center for Media and Freedom of Expression","description":"","publisher":{"@id":"https:\/\/scm.bz\/#organization"},"potentialAction":[{"@type":"SearchAction","target":{"@type":"EntryPoint","urlTemplate":"https:\/\/scm.bz\/?s={search_term_string}"},"query-input":{"@type":"PropertyValueSpecification","valueRequired":true,"valueName":"search_term_string"}}],"inLanguage":"kmr"},{"@type":"Organization","@id":"https:\/\/scm.bz\/#organization","name":"\u0627\u0644\u0645\u0631\u0643\u0632 \u0627\u0644\u0633\u0648\u0631\u064a \u0644\u0644\u0625\u0639\u0644\u0627\u0645 \u0648\u062d\u0631\u064a\u0629 \u0627\u0644\u062a\u0639\u0628\u064a\u0631 Syrian Center for Media and Freedom of Expression","url":"https:\/\/scm.bz\/","logo":{"@type":"ImageObject","inLanguage":"kmr","@id":"https:\/\/scm.bz\/#\/schema\/logo\/image\/","url":"http:\/\/scm.bz\/wp-content\/uploads\/2021\/01\/SCM-logo-1-with-Clear-Space-1-2.png","contentUrl":"http:\/\/scm.bz\/wp-content\/uploads\/2021\/01\/SCM-logo-1-with-Clear-Space-1-2.png","width":1450,"height":1450,"caption":"\u0627\u0644\u0645\u0631\u0643\u0632 \u0627\u0644\u0633\u0648\u0631\u064a \u0644\u0644\u0625\u0639\u0644\u0627\u0645 \u0648\u062d\u0631\u064a\u0629 \u0627\u0644\u062a\u0639\u0628\u064a\u0631 Syrian Center for Media and Freedom of Expression"},"image":{"@id":"https:\/\/scm.bz\/#\/schema\/logo\/image\/"},"sameAs":["https:\/\/www.facebook.com\/scm.center","https:\/\/x.com\/SyrianCenter"]},{"@type":"Person","@id":"https:\/\/scm.bz\/#\/schema\/person\/d116d4c43d9f3d4fe4b61619e91ead45","name":"scmadmin","image":{"@type":"ImageObject","inLanguage":"kmr","@id":"https:\/\/scm.bz\/#\/schema\/person\/image\/","url":"https:\/\/secure.gravatar.com\/avatar\/8cb2b559549de2ba5e28f5d26e15c8f315b5dd63c953e348e6769ae2e88e3cdc?s=96&d=blank&r=g","contentUrl":"https:\/\/secure.gravatar.com\/avatar\/8cb2b559549de2ba5e28f5d26e15c8f315b5dd63c953e348e6769ae2e88e3cdc?s=96&d=blank&r=g","caption":"scmadmin"},"url":"https:\/\/scm.bz\/kmr\/author\/scmadmin\/"}]}},"_links":{"self":[{"href":"https:\/\/scm.bz\/kmr\/wp-json\/wp\/v2\/posts\/184131","targetHints":{"allow":["GET"]}}],"collection":[{"href":"https:\/\/scm.bz\/kmr\/wp-json\/wp\/v2\/posts"}],"about":[{"href":"https:\/\/scm.bz\/kmr\/wp-json\/wp\/v2\/types\/post"}],"author":[{"embeddable":true,"href":"https:\/\/scm.bz\/kmr\/wp-json\/wp\/v2\/users\/24"}],"replies":[{"embeddable":true,"href":"https:\/\/scm.bz\/kmr\/wp-json\/wp\/v2\/comments?post=184131"}],"version-history":[{"count":0,"href":"https:\/\/scm.bz\/kmr\/wp-json\/wp\/v2\/posts\/184131\/revisions"}],"wp:featuredmedia":[{"embeddable":true,"href":"https:\/\/scm.bz\/kmr\/wp-json\/wp\/v2\/media\/184127"}],"wp:attachment":[{"href":"https:\/\/scm.bz\/kmr\/wp-json\/wp\/v2\/media?parent=184131"}],"wp:term":[{"taxonomy":"category","embeddable":true,"href":"https:\/\/scm.bz\/kmr\/wp-json\/wp\/v2\/categories?post=184131"},{"taxonomy":"post_tag","embeddable":true,"href":"https:\/\/scm.bz\/kmr\/wp-json\/wp\/v2\/tags?post=184131"}],"curies":[{"name":"wp","href":"https:\/\/api.w.org\/{rel}","templated":true}]}}