{"id":184002,"date":"2018-04-13T18:39:21","date_gmt":"2018-04-13T16:39:21","guid":{"rendered":"https:\/\/scm.bz?p=184002"},"modified":"2018-04-13T18:39:21","modified_gmt":"2018-04-13T16:39:21","slug":"daxuyaniyeke-rojnamegeri-nucegihanen-be-sinor-rojnamegere-televizyoneke-suriyayi-li-xutaya-rojhilati-windayi-ye","status":"publish","type":"post","link":"https:\/\/scm.bz\/kmr\/daxuyaniyeke-rojnamegeri-nucegihanen-be-sinor-rojnamegere-televizyoneke-suriyayi-li-xutaya-rojhilati-windayi-ye\/","title":{"rendered":"Daxuyan\u00eeyeke Rojnameger\u00ee \u2013 N\u00fb\u00e7egihan\u00ean B\u00ea S\u00eenor: Rojnameger\u00ea Telev\u00eezyoneke S\u00fbr\u00eeyay\u00ee li X\u00fbtaya Rojhilat\u00ee Winday\u00ee ye"},"content":{"rendered":"<p dir=\"ltr\"><strong>N\u00fb\u00e7egihan\u00ean B\u00ea S\u00eenor (RSF) gelek\u00ee bitirs e der bar\u00ea windab\u00fbna n\u00fb\u00e7egihan\u00ea televizyona opozisyon\u00ea Had\u00ee Elmunjad de li X\u00fbtaya Rojhilat\u00ee \u00fb ji civaka navdewlet\u00ee dixwaze ku bikeve xebat\u00ea de ji bo parastina \u00a0rojnameger\u00ean dorp\u00ea\u00e7kir\u00ee di ceng\u00ea de.<\/strong><\/p>\n<p dir=\"ltr\">Ji 17\u00ea adar\u00ea ve, n\u00fb\u00e7ey\u00ean\u00a0<strong>Had\u00ee Elmunjid\u00a0<\/strong><a href=\"https:\/\/scm.bz\/ku\/scm1NxEr\">Rojnameger\u00ea Kenala Orient News\u00ea ya S\u00fbr\u00eeyay\u00ee<\/a>\u00a0qut b\u00fbne \u00fb \u00eestgeha opozisyon\u00ea ta nuha nikare t\u00eakil\u00eey\u00ea bi peyman\u00ear\u00ea xwe y\u00ea li X\u00fbtaya Rojhilat\u00ee n\u00eaz\u00ee paytext\u00ea deyne. Hevkar\u00ean w\u00ee tirsa xwe der bar\u00ea egera girtina w\u00ee de an\u00een ziman her weha teqez kirin ku h\u00eaz\u00ean r\u00eaj\u00eem\u00ea y\u00ean ku dest dan\u00eene ser 80% ji her\u00eam\u00ean dijberan,\u00a0 malbata w\u00ee girtib\u00fbn \u00fb gefa ku\u015ftin\u00ea li wan xwarib\u00fb da ku xwe radest wan bike, ev yek j\u00ee ber\u00ee \u00e7end rojan ji windab\u00fbna w\u00ee \u00e7\u00eab\u00fbb\u00fb, ji al\u00eeyek\u00ee din ve rojnamey\u00ean bi ser r\u00eaj\u00eem\u00ea ve diyar kirib\u00fb ku\u00a0<a href=\"https:\/\/scm.bz\/ku\/scmWExX7\">Had\u00ee Elmunjid jixweber xwe radest\u00ee desthilatan kirib\u00fb<\/a>.<\/p>\n<p dir=\"ltr\">Di v\u00ee war\u00ee de, \u201cN\u00fb\u00e7egihan\u00ean B\u00ea S\u00eenor bi b\u00eera desthilat\u00ean S\u00fbr\u00eeyay\u00ee t\u00eene ku divabe ew bale biki\u015f\u00eene ser v\u00ea windab\u00fbn\u00ea \u00fb divabe rojnameger eyn\u00ee weke siv\u00eelan karibin b\u00ea tirsa ji kiryar\u00ean tolhildana der heq\u00ea wan an malbat\u00ean wan de ji her\u00eam\u00ean \u015fer derkevin. Her weha r\u00eaxistin ji civaka navbdewlet\u00ee dixwaze ku zext\u00ea li R\u00eaj\u00eema Be\u015far Elesed \u00fb hevalbend\u00ean w\u00ee bike da ku pabend\u00eey\u00ean xwe bib\u00eer b\u00eenin \u00fb her dem parastina siv\u00eel \u00fb rojnamegeran bikin li gor qan\u00fbna navdewlet\u00ee ya mirov\u00ee \u00fb qan\u00fbn\u00ean maf\u00ean mirovan.\u201d<\/p>\n<p dir=\"ltr\">Weke bi hezar\u00ean siv\u00eelan, rojnamevan \u00fb welat\u00eey\u00ean rojnameger li X\u00fbtaya Rojhilat\u00ee rast\u00ee gef\u00ean metirs\u00eedar ji al\u00eey\u00ea r\u00eaj\u00eem\u00ea ve t\u00ean \u00fb\u00a0<a href=\"https:\/\/scm.bz\/ku\/scmdNjNZ\">Hevgirtina Rojnameger\u00ean S\u00fbr\u00eeyay\u00ee<\/a>\u00a0dib\u00eaje ku hejmara ragih\u00eaner\u00ean \u00e7alak \u00ean ku gef li X\u00fbtaya Rojhilat\u00ee li wan hatiye xwarin ne k\u00eam\u00ee 75 rojnamegeran e di daw\u00eeya meha bor\u00ee de, ew j\u00ee bi sedema operasyona le\u015fker\u00ee \u00fb teq\u00een\u00ean mezin y\u00ean li her\u00eam\u00ea \u00e7\u00eadibin.<\/p>\n<p dir=\"ltr\">H\u00eajay\u00ee gotin\u00ea ye ku\u00a0<a href=\"https:\/\/scm.bz\/ku\/scm9YgO7\">p\u00eanc\u00ee \u00fb p\u00eanc rojnameger<\/a>\u00a0ji destp\u00eaka 2011an ve li X\u00fbtaya Rojhilat\u00ee hatine ku\u015ftin \u00fb du ji wan destp\u00eaka v\u00ea sale hatine ku\u015ftin, ji al\u00eeyek\u00ee din ve b\u00eelan\u00e7oya wan li seranser\u00ee S\u00fbr\u00eeyay\u00ea gihaye b\u00eahtir\u00ee 230 rojnameger \u00fb welat\u00eey\u00ean rojnameger\u00a0<a href=\"https:\/\/scm.bz\/ku\/scmEkvKL\">di her heft sal\u00ean bor\u00ee de<\/a>, ew j\u00ee dema ku ew bi kar\u00ea xwe radibin, li gel ku 24 rojnameger her\u00ee k\u00eam heta nuha di zindan\u00ean r\u00eaj\u00eem\u00ea de ne.<\/p>\n<p dir=\"ltr\">S\u00fbr\u00eeya di asta 177an e (ji nav 180 dewlet\u00ean) li ser xanxanika\u00a0<a href=\"https:\/\/scm.bz\/ku\/scmcpYCa\">Dabe\u015fkirina C\u00eehan\u00ee ya Azad\u00eeya Rojnameger\u00eey\u00ea<\/a>\u00a0de ye ku ji h\u00eala N\u00fb\u00e7egihan\u00ean B\u00ea S\u00eenor ve di 2017an de hatib\u00fb belavkirin.<\/p>\n","protected":false},"excerpt":{"rendered":"<p>N\u00fb\u00e7egihan\u00ean B\u00ea S\u00eenor (RSF) gelek\u00ee bitirs e der bar\u00ea windab\u00fbna n\u00fb\u00e7egihan\u00ea televizyona opozisyon\u00ea Had\u00ee Elmunjad de li X\u00fbtaya Rojhilat\u00ee \u00fb ji civaka navdewlet\u00ee dixwaze ku bikeve xebat\u00ea de ji bo parastina \u00a0rojnameger\u00ean dorp\u00ea\u00e7kir\u00ee di ceng\u00ea de. Ji 17\u00ea adar\u00ea ve, n\u00fb\u00e7ey\u00ean\u00a0Had\u00ee Elmunjid\u00a0Rojnameger\u00ea Kenala Orient News\u00ea ya S\u00fbr\u00eeyay\u00ee\u00a0qut b\u00fbne \u00fb \u00eestgeha opozisyon\u00ea ta nuha nikare t\u00eakil\u00eey\u00ea [&hellip;]<\/p>\n","protected":false},"author":24,"featured_media":183997,"comment_status":"open","ping_status":"open","sticky":false,"template":"","format":"standard","meta":{"_acf_changed":false,"footnotes":""},"categories":[326,369],"tags":[],"class_list":["post-184002","post","type-post","status-publish","format-standard","has-post-thumbnail","hentry","category-5th-ku","category-rotator-kmr","post-wrapper"],"acf":[],"yoast_head":"<!-- This site is optimized with the Yoast SEO Premium plugin v20.6 (Yoast SEO v26.5) - https:\/\/yoast.com\/wordpress\/plugins\/seo\/ -->\n<title>Daxuyan\u00eeyeke Rojnameger\u00ee \u2013 N\u00fb\u00e7egihan\u00ean B\u00ea S\u00eenor: Rojnameger\u00ea Telev\u00eezyoneke S\u00fbr\u00eeyay\u00ee li X\u00fbtaya Rojhilat\u00ee Winday\u00ee ye - \u0627\u0644\u0645\u0631\u0643\u0632 \u0627\u0644\u0633\u0648\u0631\u064a \u0644\u0644\u0625\u0639\u0644\u0627\u0645 \u0648\u062d\u0631\u064a\u0629 \u0627\u0644\u062a\u0639\u0628\u064a\u0631 Syrian Center for Media and Freedom of Expression<\/title>\n<meta name=\"description\" content=\"%\" \/>\n<meta name=\"robots\" content=\"index, follow, max-snippet:-1, max-image-preview:large, max-video-preview:-1\" \/>\n<link rel=\"canonical\" href=\"https:\/\/scm.bz\/\u0628\u064a\u0627\u0646-\u0635\u062d\u0641\u064a-\u0645\u0646-\u0645\u0631\u0627\u0633\u0644\u0648\u0646-\u0628\u0644\u0627-\u062d\u062f\u0648\u062f-\u062d\u0648\u0644-\u0627\u062e\u062a\u0641\/\" \/>\n<meta property=\"og:locale\" content=\"en_US\" \/>\n<meta property=\"og:type\" content=\"article\" \/>\n<meta property=\"og:title\" content=\"Daxuyan\u00eeyeke Rojnameger\u00ee \u2013 N\u00fb\u00e7egihan\u00ean B\u00ea S\u00eenor: Rojnameger\u00ea Telev\u00eezyoneke S\u00fbr\u00eeyay\u00ee li X\u00fbtaya Rojhilat\u00ee Winday\u00ee ye\" \/>\n<meta property=\"og:description\" content=\"%\" \/>\n<meta property=\"og:url\" content=\"https:\/\/scm.bz\/\u0628\u064a\u0627\u0646-\u0635\u062d\u0641\u064a-\u0645\u0646-\u0645\u0631\u0627\u0633\u0644\u0648\u0646-\u0628\u0644\u0627-\u062d\u062f\u0648\u062f-\u062d\u0648\u0644-\u0627\u062e\u062a\u0641\/\" \/>\n<meta property=\"og:site_name\" content=\"\u0627\u0644\u0645\u0631\u0643\u0632 \u0627\u0644\u0633\u0648\u0631\u064a \u0644\u0644\u0625\u0639\u0644\u0627\u0645 \u0648\u062d\u0631\u064a\u0629 \u0627\u0644\u062a\u0639\u0628\u064a\u0631 Syrian Center for Media and Freedom of Expression\" \/>\n<meta property=\"article:publisher\" content=\"https:\/\/www.facebook.com\/scm.center\" \/>\n<meta property=\"article:published_time\" content=\"2018-04-13T16:39:21+00:00\" \/>\n<meta property=\"og:image\" content=\"https:\/\/scm.bz\/wp-content\/uploads\/2018\/03\/syrie_ghouta_hammouriyeh_2018.jpg\" \/>\n\t<meta property=\"og:image:width\" content=\"1170\" \/>\n\t<meta property=\"og:image:height\" content=\"470\" \/>\n\t<meta property=\"og:image:type\" content=\"image\/jpeg\" \/>\n<meta name=\"author\" content=\"scmadmin\" \/>\n<meta name=\"twitter:card\" content=\"summary_large_image\" \/>\n<meta name=\"twitter:creator\" content=\"@SyrianCenter\" \/>\n<meta name=\"twitter:site\" content=\"@SyrianCenter\" \/>\n<meta name=\"twitter:label1\" content=\"Written by\" \/>\n\t<meta name=\"twitter:data1\" content=\"scmadmin\" \/>\n\t<meta name=\"twitter:label2\" content=\"Est. reading time\" \/>\n\t<meta name=\"twitter:data2\" content=\"2 minutes\" \/>\n<script type=\"application\/ld+json\" class=\"yoast-schema-graph\">{\"@context\":\"https:\/\/schema.org\",\"@graph\":[{\"@type\":\"Article\",\"@id\":\"https:\/\/scm.bz\/%d8%a8%d9%8a%d8%a7%d9%86-%d8%b5%d8%ad%d9%81%d9%8a-%d9%85%d9%86-%d9%85%d8%b1%d8%a7%d8%b3%d9%84%d9%88%d9%86-%d8%a8%d9%84%d8%a7-%d8%ad%d8%af%d9%88%d8%af-%d8%ad%d9%88%d9%84-%d8%a7%d8%ae%d8%aa%d9%81\/#article\",\"isPartOf\":{\"@id\":\"https:\/\/scm.bz\/%d8%a8%d9%8a%d8%a7%d9%86-%d8%b5%d8%ad%d9%81%d9%8a-%d9%85%d9%86-%d9%85%d8%b1%d8%a7%d8%b3%d9%84%d9%88%d9%86-%d8%a8%d9%84%d8%a7-%d8%ad%d8%af%d9%88%d8%af-%d8%ad%d9%88%d9%84-%d8%a7%d8%ae%d8%aa%d9%81\/\"},\"author\":{\"name\":\"scmadmin\",\"@id\":\"https:\/\/scm.bz\/#\/schema\/person\/d116d4c43d9f3d4fe4b61619e91ead45\"},\"headline\":\"Daxuyan\u00eeyeke Rojnameger\u00ee \u2013 N\u00fb\u00e7egihan\u00ean B\u00ea S\u00eenor: Rojnameger\u00ea Telev\u00eezyoneke S\u00fbr\u00eeyay\u00ee li X\u00fbtaya Rojhilat\u00ee Winday\u00ee ye\",\"datePublished\":\"2018-04-13T16:39:21+00:00\",\"mainEntityOfPage\":{\"@id\":\"https:\/\/scm.bz\/%d8%a8%d9%8a%d8%a7%d9%86-%d8%b5%d8%ad%d9%81%d9%8a-%d9%85%d9%86-%d9%85%d8%b1%d8%a7%d8%b3%d9%84%d9%88%d9%86-%d8%a8%d9%84%d8%a7-%d8%ad%d8%af%d9%88%d8%af-%d8%ad%d9%88%d9%84-%d8%a7%d8%ae%d8%aa%d9%81\/\"},\"wordCount\":510,\"commentCount\":0,\"publisher\":{\"@id\":\"https:\/\/scm.bz\/#organization\"},\"image\":{\"@id\":\"https:\/\/scm.bz\/%d8%a8%d9%8a%d8%a7%d9%86-%d8%b5%d8%ad%d9%81%d9%8a-%d9%85%d9%86-%d9%85%d8%b1%d8%a7%d8%b3%d9%84%d9%88%d9%86-%d8%a8%d9%84%d8%a7-%d8%ad%d8%af%d9%88%d8%af-%d8%ad%d9%88%d9%84-%d8%a7%d8%ae%d8%aa%d9%81\/#primaryimage\"},\"thumbnailUrl\":\"https:\/\/scm.bz\/wp-content\/uploads\/2018\/03\/syrie_ghouta_hammouriyeh_2018.jpg\",\"articleSection\":[\"Desthilata p\u00eancem\u00een\",\"Rotator\"],\"inLanguage\":\"kmr\"},{\"@type\":\"WebPage\",\"@id\":\"https:\/\/scm.bz\/%d8%a8%d9%8a%d8%a7%d9%86-%d8%b5%d8%ad%d9%81%d9%8a-%d9%85%d9%86-%d9%85%d8%b1%d8%a7%d8%b3%d9%84%d9%88%d9%86-%d8%a8%d9%84%d8%a7-%d8%ad%d8%af%d9%88%d8%af-%d8%ad%d9%88%d9%84-%d8%a7%d8%ae%d8%aa%d9%81\/\",\"url\":\"https:\/\/scm.bz\/%d8%a8%d9%8a%d8%a7%d9%86-%d8%b5%d8%ad%d9%81%d9%8a-%d9%85%d9%86-%d9%85%d8%b1%d8%a7%d8%b3%d9%84%d9%88%d9%86-%d8%a8%d9%84%d8%a7-%d8%ad%d8%af%d9%88%d8%af-%d8%ad%d9%88%d9%84-%d8%a7%d8%ae%d8%aa%d9%81\/\",\"name\":\"Daxuyan\u00eeyeke Rojnameger\u00ee \u2013 N\u00fb\u00e7egihan\u00ean B\u00ea S\u00eenor: Rojnameger\u00ea Telev\u00eezyoneke S\u00fbr\u00eeyay\u00ee li X\u00fbtaya Rojhilat\u00ee Winday\u00ee ye - \u0627\u0644\u0645\u0631\u0643\u0632 \u0627\u0644\u0633\u0648\u0631\u064a \u0644\u0644\u0625\u0639\u0644\u0627\u0645 \u0648\u062d\u0631\u064a\u0629 \u0627\u0644\u062a\u0639\u0628\u064a\u0631 Syrian Center for Media and Freedom of Expression\",\"isPartOf\":{\"@id\":\"https:\/\/scm.bz\/#website\"},\"primaryImageOfPage\":{\"@id\":\"https:\/\/scm.bz\/%d8%a8%d9%8a%d8%a7%d9%86-%d8%b5%d8%ad%d9%81%d9%8a-%d9%85%d9%86-%d9%85%d8%b1%d8%a7%d8%b3%d9%84%d9%88%d9%86-%d8%a8%d9%84%d8%a7-%d8%ad%d8%af%d9%88%d8%af-%d8%ad%d9%88%d9%84-%d8%a7%d8%ae%d8%aa%d9%81\/#primaryimage\"},\"image\":{\"@id\":\"https:\/\/scm.bz\/%d8%a8%d9%8a%d8%a7%d9%86-%d8%b5%d8%ad%d9%81%d9%8a-%d9%85%d9%86-%d9%85%d8%b1%d8%a7%d8%b3%d9%84%d9%88%d9%86-%d8%a8%d9%84%d8%a7-%d8%ad%d8%af%d9%88%d8%af-%d8%ad%d9%88%d9%84-%d8%a7%d8%ae%d8%aa%d9%81\/#primaryimage\"},\"thumbnailUrl\":\"https:\/\/scm.bz\/wp-content\/uploads\/2018\/03\/syrie_ghouta_hammouriyeh_2018.jpg\",\"datePublished\":\"2018-04-13T16:39:21+00:00\",\"description\":\"%\",\"breadcrumb\":{\"@id\":\"https:\/\/scm.bz\/%d8%a8%d9%8a%d8%a7%d9%86-%d8%b5%d8%ad%d9%81%d9%8a-%d9%85%d9%86-%d9%85%d8%b1%d8%a7%d8%b3%d9%84%d9%88%d9%86-%d8%a8%d9%84%d8%a7-%d8%ad%d8%af%d9%88%d8%af-%d8%ad%d9%88%d9%84-%d8%a7%d8%ae%d8%aa%d9%81\/#breadcrumb\"},\"inLanguage\":\"kmr\",\"potentialAction\":[{\"@type\":\"ReadAction\",\"target\":[\"https:\/\/scm.bz\/%d8%a8%d9%8a%d8%a7%d9%86-%d8%b5%d8%ad%d9%81%d9%8a-%d9%85%d9%86-%d9%85%d8%b1%d8%a7%d8%b3%d9%84%d9%88%d9%86-%d8%a8%d9%84%d8%a7-%d8%ad%d8%af%d9%88%d8%af-%d8%ad%d9%88%d9%84-%d8%a7%d8%ae%d8%aa%d9%81\/\"]}]},{\"@type\":\"ImageObject\",\"inLanguage\":\"kmr\",\"@id\":\"https:\/\/scm.bz\/%d8%a8%d9%8a%d8%a7%d9%86-%d8%b5%d8%ad%d9%81%d9%8a-%d9%85%d9%86-%d9%85%d8%b1%d8%a7%d8%b3%d9%84%d9%88%d9%86-%d8%a8%d9%84%d8%a7-%d8%ad%d8%af%d9%88%d8%af-%d8%ad%d9%88%d9%84-%d8%a7%d8%ae%d8%aa%d9%81\/#primaryimage\",\"url\":\"https:\/\/scm.bz\/wp-content\/uploads\/2018\/03\/syrie_ghouta_hammouriyeh_2018.jpg\",\"contentUrl\":\"https:\/\/scm.bz\/wp-content\/uploads\/2018\/03\/syrie_ghouta_hammouriyeh_2018.jpg\",\"width\":1170,\"height\":470},{\"@type\":\"BreadcrumbList\",\"@id\":\"https:\/\/scm.bz\/%d8%a8%d9%8a%d8%a7%d9%86-%d8%b5%d8%ad%d9%81%d9%8a-%d9%85%d9%86-%d9%85%d8%b1%d8%a7%d8%b3%d9%84%d9%88%d9%86-%d8%a8%d9%84%d8%a7-%d8%ad%d8%af%d9%88%d8%af-%d8%ad%d9%88%d9%84-%d8%a7%d8%ae%d8%aa%d9%81\/#breadcrumb\",\"itemListElement\":[{\"@type\":\"ListItem\",\"position\":1,\"name\":\"Home\",\"item\":\"https:\/\/scm.bz\/kmr\/\"},{\"@type\":\"ListItem\",\"position\":2,\"name\":\"Daxuyan\u00eeyeke Rojnameger\u00ee \u2013 N\u00fb\u00e7egihan\u00ean B\u00ea S\u00eenor: Rojnameger\u00ea Telev\u00eezyoneke S\u00fbr\u00eeyay\u00ee li X\u00fbtaya Rojhilat\u00ee Winday\u00ee ye\"}]},{\"@type\":\"WebSite\",\"@id\":\"https:\/\/scm.bz\/#website\",\"url\":\"https:\/\/scm.bz\/\",\"name\":\"\u0627\u0644\u0645\u0631\u0643\u0632 \u0627\u0644\u0633\u0648\u0631\u064a \u0644\u0644\u0625\u0639\u0644\u0627\u0645 \u0648\u062d\u0631\u064a\u0629 \u0627\u0644\u062a\u0639\u0628\u064a\u0631 Syrian Center for Media and Freedom of Expression\",\"description\":\"\",\"publisher\":{\"@id\":\"https:\/\/scm.bz\/#organization\"},\"potentialAction\":[{\"@type\":\"SearchAction\",\"target\":{\"@type\":\"EntryPoint\",\"urlTemplate\":\"https:\/\/scm.bz\/?s={search_term_string}\"},\"query-input\":{\"@type\":\"PropertyValueSpecification\",\"valueRequired\":true,\"valueName\":\"search_term_string\"}}],\"inLanguage\":\"kmr\"},{\"@type\":\"Organization\",\"@id\":\"https:\/\/scm.bz\/#organization\",\"name\":\"\u0627\u0644\u0645\u0631\u0643\u0632 \u0627\u0644\u0633\u0648\u0631\u064a \u0644\u0644\u0625\u0639\u0644\u0627\u0645 \u0648\u062d\u0631\u064a\u0629 \u0627\u0644\u062a\u0639\u0628\u064a\u0631 Syrian Center for Media and Freedom of Expression\",\"url\":\"https:\/\/scm.bz\/\",\"logo\":{\"@type\":\"ImageObject\",\"inLanguage\":\"kmr\",\"@id\":\"https:\/\/scm.bz\/#\/schema\/logo\/image\/\",\"url\":\"http:\/\/scm.bz\/wp-content\/uploads\/2021\/01\/SCM-logo-1-with-Clear-Space-1-2.png\",\"contentUrl\":\"http:\/\/scm.bz\/wp-content\/uploads\/2021\/01\/SCM-logo-1-with-Clear-Space-1-2.png\",\"width\":1450,\"height\":1450,\"caption\":\"\u0627\u0644\u0645\u0631\u0643\u0632 \u0627\u0644\u0633\u0648\u0631\u064a \u0644\u0644\u0625\u0639\u0644\u0627\u0645 \u0648\u062d\u0631\u064a\u0629 \u0627\u0644\u062a\u0639\u0628\u064a\u0631 Syrian Center for Media and Freedom of Expression\"},\"image\":{\"@id\":\"https:\/\/scm.bz\/#\/schema\/logo\/image\/\"},\"sameAs\":[\"https:\/\/www.facebook.com\/scm.center\",\"https:\/\/x.com\/SyrianCenter\"]},{\"@type\":\"Person\",\"@id\":\"https:\/\/scm.bz\/#\/schema\/person\/d116d4c43d9f3d4fe4b61619e91ead45\",\"name\":\"scmadmin\",\"image\":{\"@type\":\"ImageObject\",\"inLanguage\":\"kmr\",\"@id\":\"https:\/\/scm.bz\/#\/schema\/person\/image\/\",\"url\":\"https:\/\/secure.gravatar.com\/avatar\/8cb2b559549de2ba5e28f5d26e15c8f315b5dd63c953e348e6769ae2e88e3cdc?s=96&d=blank&r=g\",\"contentUrl\":\"https:\/\/secure.gravatar.com\/avatar\/8cb2b559549de2ba5e28f5d26e15c8f315b5dd63c953e348e6769ae2e88e3cdc?s=96&d=blank&r=g\",\"caption\":\"scmadmin\"},\"url\":\"https:\/\/scm.bz\/kmr\/author\/scmadmin\/\"}]}<\/script>\n<!-- \/ Yoast SEO Premium plugin. -->","yoast_head_json":{"title":"Daxuyan\u00eeyeke Rojnameger\u00ee \u2013 N\u00fb\u00e7egihan\u00ean B\u00ea S\u00eenor: Rojnameger\u00ea Telev\u00eezyoneke S\u00fbr\u00eeyay\u00ee li X\u00fbtaya Rojhilat\u00ee Winday\u00ee ye - \u0627\u0644\u0645\u0631\u0643\u0632 \u0627\u0644\u0633\u0648\u0631\u064a \u0644\u0644\u0625\u0639\u0644\u0627\u0645 \u0648\u062d\u0631\u064a\u0629 \u0627\u0644\u062a\u0639\u0628\u064a\u0631 Syrian Center for Media and Freedom of Expression","description":"%","robots":{"index":"index","follow":"follow","max-snippet":"max-snippet:-1","max-image-preview":"max-image-preview:large","max-video-preview":"max-video-preview:-1"},"canonical":"https:\/\/scm.bz\/\u0628\u064a\u0627\u0646-\u0635\u062d\u0641\u064a-\u0645\u0646-\u0645\u0631\u0627\u0633\u0644\u0648\u0646-\u0628\u0644\u0627-\u062d\u062f\u0648\u062f-\u062d\u0648\u0644-\u0627\u062e\u062a\u0641\/","og_locale":"en_US","og_type":"article","og_title":"Daxuyan\u00eeyeke Rojnameger\u00ee \u2013 N\u00fb\u00e7egihan\u00ean B\u00ea S\u00eenor: Rojnameger\u00ea Telev\u00eezyoneke S\u00fbr\u00eeyay\u00ee li X\u00fbtaya Rojhilat\u00ee Winday\u00ee ye","og_description":"%","og_url":"https:\/\/scm.bz\/\u0628\u064a\u0627\u0646-\u0635\u062d\u0641\u064a-\u0645\u0646-\u0645\u0631\u0627\u0633\u0644\u0648\u0646-\u0628\u0644\u0627-\u062d\u062f\u0648\u062f-\u062d\u0648\u0644-\u0627\u062e\u062a\u0641\/","og_site_name":"\u0627\u0644\u0645\u0631\u0643\u0632 \u0627\u0644\u0633\u0648\u0631\u064a \u0644\u0644\u0625\u0639\u0644\u0627\u0645 \u0648\u062d\u0631\u064a\u0629 \u0627\u0644\u062a\u0639\u0628\u064a\u0631 Syrian Center for Media and Freedom of Expression","article_publisher":"https:\/\/www.facebook.com\/scm.center","article_published_time":"2018-04-13T16:39:21+00:00","og_image":[{"width":1170,"height":470,"url":"https:\/\/scm.bz\/wp-content\/uploads\/2018\/03\/syrie_ghouta_hammouriyeh_2018.jpg","type":"image\/jpeg"}],"author":"scmadmin","twitter_card":"summary_large_image","twitter_creator":"@SyrianCenter","twitter_site":"@SyrianCenter","twitter_misc":{"Written by":"scmadmin","Est. reading time":"2 minutes"},"schema":{"@context":"https:\/\/schema.org","@graph":[{"@type":"Article","@id":"https:\/\/scm.bz\/%d8%a8%d9%8a%d8%a7%d9%86-%d8%b5%d8%ad%d9%81%d9%8a-%d9%85%d9%86-%d9%85%d8%b1%d8%a7%d8%b3%d9%84%d9%88%d9%86-%d8%a8%d9%84%d8%a7-%d8%ad%d8%af%d9%88%d8%af-%d8%ad%d9%88%d9%84-%d8%a7%d8%ae%d8%aa%d9%81\/#article","isPartOf":{"@id":"https:\/\/scm.bz\/%d8%a8%d9%8a%d8%a7%d9%86-%d8%b5%d8%ad%d9%81%d9%8a-%d9%85%d9%86-%d9%85%d8%b1%d8%a7%d8%b3%d9%84%d9%88%d9%86-%d8%a8%d9%84%d8%a7-%d8%ad%d8%af%d9%88%d8%af-%d8%ad%d9%88%d9%84-%d8%a7%d8%ae%d8%aa%d9%81\/"},"author":{"name":"scmadmin","@id":"https:\/\/scm.bz\/#\/schema\/person\/d116d4c43d9f3d4fe4b61619e91ead45"},"headline":"Daxuyan\u00eeyeke Rojnameger\u00ee \u2013 N\u00fb\u00e7egihan\u00ean B\u00ea S\u00eenor: Rojnameger\u00ea Telev\u00eezyoneke S\u00fbr\u00eeyay\u00ee li X\u00fbtaya Rojhilat\u00ee Winday\u00ee ye","datePublished":"2018-04-13T16:39:21+00:00","mainEntityOfPage":{"@id":"https:\/\/scm.bz\/%d8%a8%d9%8a%d8%a7%d9%86-%d8%b5%d8%ad%d9%81%d9%8a-%d9%85%d9%86-%d9%85%d8%b1%d8%a7%d8%b3%d9%84%d9%88%d9%86-%d8%a8%d9%84%d8%a7-%d8%ad%d8%af%d9%88%d8%af-%d8%ad%d9%88%d9%84-%d8%a7%d8%ae%d8%aa%d9%81\/"},"wordCount":510,"commentCount":0,"publisher":{"@id":"https:\/\/scm.bz\/#organization"},"image":{"@id":"https:\/\/scm.bz\/%d8%a8%d9%8a%d8%a7%d9%86-%d8%b5%d8%ad%d9%81%d9%8a-%d9%85%d9%86-%d9%85%d8%b1%d8%a7%d8%b3%d9%84%d9%88%d9%86-%d8%a8%d9%84%d8%a7-%d8%ad%d8%af%d9%88%d8%af-%d8%ad%d9%88%d9%84-%d8%a7%d8%ae%d8%aa%d9%81\/#primaryimage"},"thumbnailUrl":"https:\/\/scm.bz\/wp-content\/uploads\/2018\/03\/syrie_ghouta_hammouriyeh_2018.jpg","articleSection":["Desthilata p\u00eancem\u00een","Rotator"],"inLanguage":"kmr"},{"@type":"WebPage","@id":"https:\/\/scm.bz\/%d8%a8%d9%8a%d8%a7%d9%86-%d8%b5%d8%ad%d9%81%d9%8a-%d9%85%d9%86-%d9%85%d8%b1%d8%a7%d8%b3%d9%84%d9%88%d9%86-%d8%a8%d9%84%d8%a7-%d8%ad%d8%af%d9%88%d8%af-%d8%ad%d9%88%d9%84-%d8%a7%d8%ae%d8%aa%d9%81\/","url":"https:\/\/scm.bz\/%d8%a8%d9%8a%d8%a7%d9%86-%d8%b5%d8%ad%d9%81%d9%8a-%d9%85%d9%86-%d9%85%d8%b1%d8%a7%d8%b3%d9%84%d9%88%d9%86-%d8%a8%d9%84%d8%a7-%d8%ad%d8%af%d9%88%d8%af-%d8%ad%d9%88%d9%84-%d8%a7%d8%ae%d8%aa%d9%81\/","name":"Daxuyan\u00eeyeke Rojnameger\u00ee \u2013 N\u00fb\u00e7egihan\u00ean B\u00ea S\u00eenor: Rojnameger\u00ea Telev\u00eezyoneke S\u00fbr\u00eeyay\u00ee li X\u00fbtaya Rojhilat\u00ee Winday\u00ee ye - \u0627\u0644\u0645\u0631\u0643\u0632 \u0627\u0644\u0633\u0648\u0631\u064a \u0644\u0644\u0625\u0639\u0644\u0627\u0645 \u0648\u062d\u0631\u064a\u0629 \u0627\u0644\u062a\u0639\u0628\u064a\u0631 Syrian Center for Media and Freedom of Expression","isPartOf":{"@id":"https:\/\/scm.bz\/#website"},"primaryImageOfPage":{"@id":"https:\/\/scm.bz\/%d8%a8%d9%8a%d8%a7%d9%86-%d8%b5%d8%ad%d9%81%d9%8a-%d9%85%d9%86-%d9%85%d8%b1%d8%a7%d8%b3%d9%84%d9%88%d9%86-%d8%a8%d9%84%d8%a7-%d8%ad%d8%af%d9%88%d8%af-%d8%ad%d9%88%d9%84-%d8%a7%d8%ae%d8%aa%d9%81\/#primaryimage"},"image":{"@id":"https:\/\/scm.bz\/%d8%a8%d9%8a%d8%a7%d9%86-%d8%b5%d8%ad%d9%81%d9%8a-%d9%85%d9%86-%d9%85%d8%b1%d8%a7%d8%b3%d9%84%d9%88%d9%86-%d8%a8%d9%84%d8%a7-%d8%ad%d8%af%d9%88%d8%af-%d8%ad%d9%88%d9%84-%d8%a7%d8%ae%d8%aa%d9%81\/#primaryimage"},"thumbnailUrl":"https:\/\/scm.bz\/wp-content\/uploads\/2018\/03\/syrie_ghouta_hammouriyeh_2018.jpg","datePublished":"2018-04-13T16:39:21+00:00","description":"%","breadcrumb":{"@id":"https:\/\/scm.bz\/%d8%a8%d9%8a%d8%a7%d9%86-%d8%b5%d8%ad%d9%81%d9%8a-%d9%85%d9%86-%d9%85%d8%b1%d8%a7%d8%b3%d9%84%d9%88%d9%86-%d8%a8%d9%84%d8%a7-%d8%ad%d8%af%d9%88%d8%af-%d8%ad%d9%88%d9%84-%d8%a7%d8%ae%d8%aa%d9%81\/#breadcrumb"},"inLanguage":"kmr","potentialAction":[{"@type":"ReadAction","target":["https:\/\/scm.bz\/%d8%a8%d9%8a%d8%a7%d9%86-%d8%b5%d8%ad%d9%81%d9%8a-%d9%85%d9%86-%d9%85%d8%b1%d8%a7%d8%b3%d9%84%d9%88%d9%86-%d8%a8%d9%84%d8%a7-%d8%ad%d8%af%d9%88%d8%af-%d8%ad%d9%88%d9%84-%d8%a7%d8%ae%d8%aa%d9%81\/"]}]},{"@type":"ImageObject","inLanguage":"kmr","@id":"https:\/\/scm.bz\/%d8%a8%d9%8a%d8%a7%d9%86-%d8%b5%d8%ad%d9%81%d9%8a-%d9%85%d9%86-%d9%85%d8%b1%d8%a7%d8%b3%d9%84%d9%88%d9%86-%d8%a8%d9%84%d8%a7-%d8%ad%d8%af%d9%88%d8%af-%d8%ad%d9%88%d9%84-%d8%a7%d8%ae%d8%aa%d9%81\/#primaryimage","url":"https:\/\/scm.bz\/wp-content\/uploads\/2018\/03\/syrie_ghouta_hammouriyeh_2018.jpg","contentUrl":"https:\/\/scm.bz\/wp-content\/uploads\/2018\/03\/syrie_ghouta_hammouriyeh_2018.jpg","width":1170,"height":470},{"@type":"BreadcrumbList","@id":"https:\/\/scm.bz\/%d8%a8%d9%8a%d8%a7%d9%86-%d8%b5%d8%ad%d9%81%d9%8a-%d9%85%d9%86-%d9%85%d8%b1%d8%a7%d8%b3%d9%84%d9%88%d9%86-%d8%a8%d9%84%d8%a7-%d8%ad%d8%af%d9%88%d8%af-%d8%ad%d9%88%d9%84-%d8%a7%d8%ae%d8%aa%d9%81\/#breadcrumb","itemListElement":[{"@type":"ListItem","position":1,"name":"Home","item":"https:\/\/scm.bz\/kmr\/"},{"@type":"ListItem","position":2,"name":"Daxuyan\u00eeyeke Rojnameger\u00ee \u2013 N\u00fb\u00e7egihan\u00ean B\u00ea S\u00eenor: Rojnameger\u00ea Telev\u00eezyoneke S\u00fbr\u00eeyay\u00ee li X\u00fbtaya Rojhilat\u00ee Winday\u00ee ye"}]},{"@type":"WebSite","@id":"https:\/\/scm.bz\/#website","url":"https:\/\/scm.bz\/","name":"\u0627\u0644\u0645\u0631\u0643\u0632 \u0627\u0644\u0633\u0648\u0631\u064a \u0644\u0644\u0625\u0639\u0644\u0627\u0645 \u0648\u062d\u0631\u064a\u0629 \u0627\u0644\u062a\u0639\u0628\u064a\u0631 Syrian Center for Media and Freedom of Expression","description":"","publisher":{"@id":"https:\/\/scm.bz\/#organization"},"potentialAction":[{"@type":"SearchAction","target":{"@type":"EntryPoint","urlTemplate":"https:\/\/scm.bz\/?s={search_term_string}"},"query-input":{"@type":"PropertyValueSpecification","valueRequired":true,"valueName":"search_term_string"}}],"inLanguage":"kmr"},{"@type":"Organization","@id":"https:\/\/scm.bz\/#organization","name":"\u0627\u0644\u0645\u0631\u0643\u0632 \u0627\u0644\u0633\u0648\u0631\u064a \u0644\u0644\u0625\u0639\u0644\u0627\u0645 \u0648\u062d\u0631\u064a\u0629 \u0627\u0644\u062a\u0639\u0628\u064a\u0631 Syrian Center for Media and Freedom of Expression","url":"https:\/\/scm.bz\/","logo":{"@type":"ImageObject","inLanguage":"kmr","@id":"https:\/\/scm.bz\/#\/schema\/logo\/image\/","url":"http:\/\/scm.bz\/wp-content\/uploads\/2021\/01\/SCM-logo-1-with-Clear-Space-1-2.png","contentUrl":"http:\/\/scm.bz\/wp-content\/uploads\/2021\/01\/SCM-logo-1-with-Clear-Space-1-2.png","width":1450,"height":1450,"caption":"\u0627\u0644\u0645\u0631\u0643\u0632 \u0627\u0644\u0633\u0648\u0631\u064a \u0644\u0644\u0625\u0639\u0644\u0627\u0645 \u0648\u062d\u0631\u064a\u0629 \u0627\u0644\u062a\u0639\u0628\u064a\u0631 Syrian Center for Media and Freedom of Expression"},"image":{"@id":"https:\/\/scm.bz\/#\/schema\/logo\/image\/"},"sameAs":["https:\/\/www.facebook.com\/scm.center","https:\/\/x.com\/SyrianCenter"]},{"@type":"Person","@id":"https:\/\/scm.bz\/#\/schema\/person\/d116d4c43d9f3d4fe4b61619e91ead45","name":"scmadmin","image":{"@type":"ImageObject","inLanguage":"kmr","@id":"https:\/\/scm.bz\/#\/schema\/person\/image\/","url":"https:\/\/secure.gravatar.com\/avatar\/8cb2b559549de2ba5e28f5d26e15c8f315b5dd63c953e348e6769ae2e88e3cdc?s=96&d=blank&r=g","contentUrl":"https:\/\/secure.gravatar.com\/avatar\/8cb2b559549de2ba5e28f5d26e15c8f315b5dd63c953e348e6769ae2e88e3cdc?s=96&d=blank&r=g","caption":"scmadmin"},"url":"https:\/\/scm.bz\/kmr\/author\/scmadmin\/"}]}},"_links":{"self":[{"href":"https:\/\/scm.bz\/kmr\/wp-json\/wp\/v2\/posts\/184002","targetHints":{"allow":["GET"]}}],"collection":[{"href":"https:\/\/scm.bz\/kmr\/wp-json\/wp\/v2\/posts"}],"about":[{"href":"https:\/\/scm.bz\/kmr\/wp-json\/wp\/v2\/types\/post"}],"author":[{"embeddable":true,"href":"https:\/\/scm.bz\/kmr\/wp-json\/wp\/v2\/users\/24"}],"replies":[{"embeddable":true,"href":"https:\/\/scm.bz\/kmr\/wp-json\/wp\/v2\/comments?post=184002"}],"version-history":[{"count":0,"href":"https:\/\/scm.bz\/kmr\/wp-json\/wp\/v2\/posts\/184002\/revisions"}],"wp:featuredmedia":[{"embeddable":true,"href":"https:\/\/scm.bz\/kmr\/wp-json\/wp\/v2\/media\/183997"}],"wp:attachment":[{"href":"https:\/\/scm.bz\/kmr\/wp-json\/wp\/v2\/media?parent=184002"}],"wp:term":[{"taxonomy":"category","embeddable":true,"href":"https:\/\/scm.bz\/kmr\/wp-json\/wp\/v2\/categories?post=184002"},{"taxonomy":"post_tag","embeddable":true,"href":"https:\/\/scm.bz\/kmr\/wp-json\/wp\/v2\/tags?post=184002"}],"curies":[{"name":"wp","href":"https:\/\/api.w.org\/{rel}","templated":true}]}}