{"id":183927,"date":"2018-04-13T17:58:29","date_gmt":"2018-04-13T15:58:29","guid":{"rendered":"https:\/\/scm.bz?p=183927"},"modified":"2018-04-13T17:58:29","modified_gmt":"2018-04-13T15:58:29","slug":"derfeteke-kar-weke-nucegihane-abori-di-gulf-newse-de","status":"publish","type":"post","link":"https:\/\/scm.bz\/kmr\/derfeteke-kar-weke-nucegihane-abori-di-gulf-newse-de\/","title":{"rendered":"Derfeteke Kar Weke N\u00fb\u00e7egihan\u00ea Abor\u00ee di Gulf News\u00ea de"},"content":{"rendered":"<p dir=\"ltr\"><a href=\"https:\/\/scm.bz\/ku\/scm1fK9T\">Gulf News<\/a>\u00a0li N\u00fb\u00e7egihanek\u00ee Abor\u00ee bo tevl\u00eeb\u00fbna li t\u00eema xwe digere, divabe zaneb\u00fbneke w\u00ee di war\u00ea d\u00eec\u00eetal\u00ee de hebe.<\/p>\n<p dir=\"ltr\">Rojnameger dikarin nav\u00ean xwe p\u00ea\u015fk\u00ea\u015f\u00ee v\u00ee kar\u00ee li M\u00eerni\u015f\u00een\u00ean Ereb\u00ee y\u00ean Yekgirt\u00ee bikin.<\/p>\n<p dir=\"ltr\">Divabe kes\u00ean ku nav\u00ean xwe p\u00ea\u015fk\u00ea\u015f dikin deplomayeke zan\u00eengeh\u00ea di war\u00ea rojnameger\u00eey\u00ea de wergirtibin her weha her du ziman\u00ean Ereb\u00ee \u00fb Ingil\u00eez\u00ee zanibin.<\/p>\n<p dir=\"ltr\">Bo naskirina hin agah\u00eey\u00ean din li\u00a0<a href=\"https:\/\/scm.bz\/ku\/scmNNeip\">v\u00ea der\u00ea<\/a>\u00a0bixe.<\/p>\n","protected":false},"excerpt":{"rendered":"<p>Gulf News\u00a0li N\u00fb\u00e7egihanek\u00ee Abor\u00ee bo tevl\u00eeb\u00fbna li t\u00eema xwe digere, divabe zaneb\u00fbneke w\u00ee di war\u00ea d\u00eec\u00eetal\u00ee de hebe. Rojnameger dikarin nav\u00ean xwe p\u00ea\u015fk\u00ea\u015f\u00ee v\u00ee kar\u00ee li M\u00eerni\u015f\u00een\u00ean Ereb\u00ee y\u00ean Yekgirt\u00ee bikin. Divabe kes\u00ean ku nav\u00ean xwe p\u00ea\u015fk\u00ea\u015f dikin deplomayeke zan\u00eengeh\u00ea di war\u00ea rojnameger\u00eey\u00ea de wergirtibin her weha her du ziman\u00ean Ereb\u00ee \u00fb Ingil\u00eez\u00ee zanibin. Bo [&hellip;]<\/p>\n","protected":false},"author":24,"featured_media":183925,"comment_status":"open","ping_status":"open","sticky":false,"template":"","format":"standard","meta":{"_acf_changed":false,"footnotes":""},"categories":[329,369],"tags":[],"class_list":["post-183927","post","type-post","status-publish","format-standard","has-post-thumbnail","hentry","category-jobs-kmr","category-rotator-kmr","post-wrapper"],"acf":[],"yoast_head":"<!-- This site is optimized with the Yoast SEO Premium plugin v20.6 (Yoast SEO v26.5) - https:\/\/yoast.com\/wordpress\/plugins\/seo\/ -->\n<title>Derfeteke Kar Weke N\u00fb\u00e7egihan\u00ea Abor\u00ee di Gulf News\u00ea de - \u0627\u0644\u0645\u0631\u0643\u0632 \u0627\u0644\u0633\u0648\u0631\u064a \u0644\u0644\u0625\u0639\u0644\u0627\u0645 \u0648\u062d\u0631\u064a\u0629 \u0627\u0644\u062a\u0639\u0628\u064a\u0631 Syrian Center for Media and Freedom of Expression<\/title>\n<meta name=\"description\" content=\"%\" \/>\n<meta name=\"robots\" content=\"index, follow, max-snippet:-1, max-image-preview:large, max-video-preview:-1\" \/>\n<link rel=\"canonical\" href=\"https:\/\/mfu.scm.bz\/kmr\/derfeteke-kar-weke-nucegihane-abori-di-gulf-newse-de\/\" \/>\n<meta property=\"og:locale\" content=\"en_US\" \/>\n<meta property=\"og:type\" content=\"article\" \/>\n<meta property=\"og:title\" content=\"Derfeteke Kar Weke N\u00fb\u00e7egihan\u00ea Abor\u00ee di Gulf News\u00ea de\" \/>\n<meta property=\"og:description\" content=\"%\" \/>\n<meta property=\"og:url\" content=\"https:\/\/mfu.scm.bz\/kmr\/derfeteke-kar-weke-nucegihane-abori-di-gulf-newse-de\/\" \/>\n<meta property=\"og:site_name\" content=\"\u0627\u0644\u0645\u0631\u0643\u0632 \u0627\u0644\u0633\u0648\u0631\u064a \u0644\u0644\u0625\u0639\u0644\u0627\u0645 \u0648\u062d\u0631\u064a\u0629 \u0627\u0644\u062a\u0639\u0628\u064a\u0631 Syrian Center for Media and Freedom of Expression\" \/>\n<meta property=\"article:publisher\" content=\"https:\/\/www.facebook.com\/scm.center\" \/>\n<meta property=\"article:published_time\" content=\"2018-04-13T15:58:29+00:00\" \/>\n<meta property=\"og:image\" content=\"https:\/\/mfu.scm.bz\/wp-content\/uploads\/2018\/03\/gulfnews.jpg\" \/>\n\t<meta property=\"og:image:width\" content=\"1000\" \/>\n\t<meta property=\"og:image:height\" content=\"563\" \/>\n\t<meta property=\"og:image:type\" content=\"image\/jpeg\" \/>\n<meta name=\"author\" content=\"scmadmin\" \/>\n<meta name=\"twitter:card\" content=\"summary_large_image\" \/>\n<meta name=\"twitter:creator\" content=\"@SyrianCenter\" \/>\n<meta name=\"twitter:site\" content=\"@SyrianCenter\" \/>\n<meta name=\"twitter:label1\" content=\"Written by\" \/>\n\t<meta name=\"twitter:data1\" content=\"scmadmin\" \/>\n<script type=\"application\/ld+json\" class=\"yoast-schema-graph\">{\"@context\":\"https:\/\/schema.org\",\"@graph\":[{\"@type\":\"Article\",\"@id\":\"https:\/\/mfu.scm.bz\/kmr\/derfeteke-kar-weke-nucegihane-abori-di-gulf-newse-de\/#article\",\"isPartOf\":{\"@id\":\"https:\/\/mfu.scm.bz\/kmr\/derfeteke-kar-weke-nucegihane-abori-di-gulf-newse-de\/\"},\"author\":{\"name\":\"scmadmin\",\"@id\":\"https:\/\/scm.bz\/#\/schema\/person\/d116d4c43d9f3d4fe4b61619e91ead45\"},\"headline\":\"Derfeteke Kar Weke N\u00fb\u00e7egihan\u00ea Abor\u00ee di Gulf News\u00ea de\",\"datePublished\":\"2018-04-13T15:58:29+00:00\",\"mainEntityOfPage\":{\"@id\":\"https:\/\/mfu.scm.bz\/kmr\/derfeteke-kar-weke-nucegihane-abori-di-gulf-newse-de\/\"},\"wordCount\":95,\"commentCount\":0,\"publisher\":{\"@id\":\"https:\/\/scm.bz\/#organization\"},\"image\":{\"@id\":\"https:\/\/mfu.scm.bz\/kmr\/derfeteke-kar-weke-nucegihane-abori-di-gulf-newse-de\/#primaryimage\"},\"thumbnailUrl\":\"https:\/\/scm.bz\/wp-content\/uploads\/2018\/03\/gulfnews.jpg\",\"articleSection\":[\"Rah\u00eenan \u00fb Be\u015fdar\u00ee\",\"Rotator\"],\"inLanguage\":\"kmr\"},{\"@type\":\"WebPage\",\"@id\":\"https:\/\/mfu.scm.bz\/kmr\/derfeteke-kar-weke-nucegihane-abori-di-gulf-newse-de\/\",\"url\":\"https:\/\/mfu.scm.bz\/kmr\/derfeteke-kar-weke-nucegihane-abori-di-gulf-newse-de\/\",\"name\":\"Derfeteke Kar Weke N\u00fb\u00e7egihan\u00ea Abor\u00ee di Gulf News\u00ea de - \u0627\u0644\u0645\u0631\u0643\u0632 \u0627\u0644\u0633\u0648\u0631\u064a \u0644\u0644\u0625\u0639\u0644\u0627\u0645 \u0648\u062d\u0631\u064a\u0629 \u0627\u0644\u062a\u0639\u0628\u064a\u0631 Syrian Center for Media and Freedom of Expression\",\"isPartOf\":{\"@id\":\"https:\/\/scm.bz\/#website\"},\"primaryImageOfPage\":{\"@id\":\"https:\/\/mfu.scm.bz\/kmr\/derfeteke-kar-weke-nucegihane-abori-di-gulf-newse-de\/#primaryimage\"},\"image\":{\"@id\":\"https:\/\/mfu.scm.bz\/kmr\/derfeteke-kar-weke-nucegihane-abori-di-gulf-newse-de\/#primaryimage\"},\"thumbnailUrl\":\"https:\/\/scm.bz\/wp-content\/uploads\/2018\/03\/gulfnews.jpg\",\"datePublished\":\"2018-04-13T15:58:29+00:00\",\"description\":\"%\",\"breadcrumb\":{\"@id\":\"https:\/\/mfu.scm.bz\/kmr\/derfeteke-kar-weke-nucegihane-abori-di-gulf-newse-de\/#breadcrumb\"},\"inLanguage\":\"kmr\",\"potentialAction\":[{\"@type\":\"ReadAction\",\"target\":[\"https:\/\/mfu.scm.bz\/kmr\/derfeteke-kar-weke-nucegihane-abori-di-gulf-newse-de\/\"]}]},{\"@type\":\"ImageObject\",\"inLanguage\":\"kmr\",\"@id\":\"https:\/\/mfu.scm.bz\/kmr\/derfeteke-kar-weke-nucegihane-abori-di-gulf-newse-de\/#primaryimage\",\"url\":\"https:\/\/scm.bz\/wp-content\/uploads\/2018\/03\/gulfnews.jpg\",\"contentUrl\":\"https:\/\/scm.bz\/wp-content\/uploads\/2018\/03\/gulfnews.jpg\",\"width\":1000,\"height\":563},{\"@type\":\"BreadcrumbList\",\"@id\":\"https:\/\/mfu.scm.bz\/kmr\/derfeteke-kar-weke-nucegihane-abori-di-gulf-newse-de\/#breadcrumb\",\"itemListElement\":[{\"@type\":\"ListItem\",\"position\":1,\"name\":\"Home\",\"item\":\"https:\/\/scm.bz\/kmr\/\"},{\"@type\":\"ListItem\",\"position\":2,\"name\":\"Derfeteke Kar Weke N\u00fb\u00e7egihan\u00ea Abor\u00ee di Gulf News\u00ea de\"}]},{\"@type\":\"WebSite\",\"@id\":\"https:\/\/scm.bz\/#website\",\"url\":\"https:\/\/scm.bz\/\",\"name\":\"\u0627\u0644\u0645\u0631\u0643\u0632 \u0627\u0644\u0633\u0648\u0631\u064a \u0644\u0644\u0625\u0639\u0644\u0627\u0645 \u0648\u062d\u0631\u064a\u0629 \u0627\u0644\u062a\u0639\u0628\u064a\u0631 Syrian Center for Media and Freedom of Expression\",\"description\":\"\",\"publisher\":{\"@id\":\"https:\/\/scm.bz\/#organization\"},\"potentialAction\":[{\"@type\":\"SearchAction\",\"target\":{\"@type\":\"EntryPoint\",\"urlTemplate\":\"https:\/\/scm.bz\/?s={search_term_string}\"},\"query-input\":{\"@type\":\"PropertyValueSpecification\",\"valueRequired\":true,\"valueName\":\"search_term_string\"}}],\"inLanguage\":\"kmr\"},{\"@type\":\"Organization\",\"@id\":\"https:\/\/scm.bz\/#organization\",\"name\":\"\u0627\u0644\u0645\u0631\u0643\u0632 \u0627\u0644\u0633\u0648\u0631\u064a \u0644\u0644\u0625\u0639\u0644\u0627\u0645 \u0648\u062d\u0631\u064a\u0629 \u0627\u0644\u062a\u0639\u0628\u064a\u0631 Syrian Center for Media and Freedom of Expression\",\"url\":\"https:\/\/scm.bz\/\",\"logo\":{\"@type\":\"ImageObject\",\"inLanguage\":\"kmr\",\"@id\":\"https:\/\/scm.bz\/#\/schema\/logo\/image\/\",\"url\":\"http:\/\/scm.bz\/wp-content\/uploads\/2021\/01\/SCM-logo-1-with-Clear-Space-1-2.png\",\"contentUrl\":\"http:\/\/scm.bz\/wp-content\/uploads\/2021\/01\/SCM-logo-1-with-Clear-Space-1-2.png\",\"width\":1450,\"height\":1450,\"caption\":\"\u0627\u0644\u0645\u0631\u0643\u0632 \u0627\u0644\u0633\u0648\u0631\u064a \u0644\u0644\u0625\u0639\u0644\u0627\u0645 \u0648\u062d\u0631\u064a\u0629 \u0627\u0644\u062a\u0639\u0628\u064a\u0631 Syrian Center for Media and Freedom of Expression\"},\"image\":{\"@id\":\"https:\/\/scm.bz\/#\/schema\/logo\/image\/\"},\"sameAs\":[\"https:\/\/www.facebook.com\/scm.center\",\"https:\/\/x.com\/SyrianCenter\"]},{\"@type\":\"Person\",\"@id\":\"https:\/\/scm.bz\/#\/schema\/person\/d116d4c43d9f3d4fe4b61619e91ead45\",\"name\":\"scmadmin\",\"image\":{\"@type\":\"ImageObject\",\"inLanguage\":\"kmr\",\"@id\":\"https:\/\/scm.bz\/#\/schema\/person\/image\/\",\"url\":\"https:\/\/secure.gravatar.com\/avatar\/8cb2b559549de2ba5e28f5d26e15c8f315b5dd63c953e348e6769ae2e88e3cdc?s=96&d=blank&r=g\",\"contentUrl\":\"https:\/\/secure.gravatar.com\/avatar\/8cb2b559549de2ba5e28f5d26e15c8f315b5dd63c953e348e6769ae2e88e3cdc?s=96&d=blank&r=g\",\"caption\":\"scmadmin\"},\"url\":\"https:\/\/scm.bz\/kmr\/author\/scmadmin\/\"}]}<\/script>\n<!-- \/ Yoast SEO Premium plugin. -->","yoast_head_json":{"title":"Derfeteke Kar Weke N\u00fb\u00e7egihan\u00ea Abor\u00ee di Gulf News\u00ea de - \u0627\u0644\u0645\u0631\u0643\u0632 \u0627\u0644\u0633\u0648\u0631\u064a \u0644\u0644\u0625\u0639\u0644\u0627\u0645 \u0648\u062d\u0631\u064a\u0629 \u0627\u0644\u062a\u0639\u0628\u064a\u0631 Syrian Center for Media and Freedom of Expression","description":"%","robots":{"index":"index","follow":"follow","max-snippet":"max-snippet:-1","max-image-preview":"max-image-preview:large","max-video-preview":"max-video-preview:-1"},"canonical":"https:\/\/mfu.scm.bz\/kmr\/derfeteke-kar-weke-nucegihane-abori-di-gulf-newse-de\/","og_locale":"en_US","og_type":"article","og_title":"Derfeteke Kar Weke N\u00fb\u00e7egihan\u00ea Abor\u00ee di Gulf News\u00ea de","og_description":"%","og_url":"https:\/\/mfu.scm.bz\/kmr\/derfeteke-kar-weke-nucegihane-abori-di-gulf-newse-de\/","og_site_name":"\u0627\u0644\u0645\u0631\u0643\u0632 \u0627\u0644\u0633\u0648\u0631\u064a \u0644\u0644\u0625\u0639\u0644\u0627\u0645 \u0648\u062d\u0631\u064a\u0629 \u0627\u0644\u062a\u0639\u0628\u064a\u0631 Syrian Center for Media and Freedom of Expression","article_publisher":"https:\/\/www.facebook.com\/scm.center","article_published_time":"2018-04-13T15:58:29+00:00","og_image":[{"width":1000,"height":563,"url":"https:\/\/mfu.scm.bz\/wp-content\/uploads\/2018\/03\/gulfnews.jpg","type":"image\/jpeg"}],"author":"scmadmin","twitter_card":"summary_large_image","twitter_creator":"@SyrianCenter","twitter_site":"@SyrianCenter","twitter_misc":{"Written by":"scmadmin"},"schema":{"@context":"https:\/\/schema.org","@graph":[{"@type":"Article","@id":"https:\/\/mfu.scm.bz\/kmr\/derfeteke-kar-weke-nucegihane-abori-di-gulf-newse-de\/#article","isPartOf":{"@id":"https:\/\/mfu.scm.bz\/kmr\/derfeteke-kar-weke-nucegihane-abori-di-gulf-newse-de\/"},"author":{"name":"scmadmin","@id":"https:\/\/scm.bz\/#\/schema\/person\/d116d4c43d9f3d4fe4b61619e91ead45"},"headline":"Derfeteke Kar Weke N\u00fb\u00e7egihan\u00ea Abor\u00ee di Gulf News\u00ea de","datePublished":"2018-04-13T15:58:29+00:00","mainEntityOfPage":{"@id":"https:\/\/mfu.scm.bz\/kmr\/derfeteke-kar-weke-nucegihane-abori-di-gulf-newse-de\/"},"wordCount":95,"commentCount":0,"publisher":{"@id":"https:\/\/scm.bz\/#organization"},"image":{"@id":"https:\/\/mfu.scm.bz\/kmr\/derfeteke-kar-weke-nucegihane-abori-di-gulf-newse-de\/#primaryimage"},"thumbnailUrl":"https:\/\/scm.bz\/wp-content\/uploads\/2018\/03\/gulfnews.jpg","articleSection":["Rah\u00eenan \u00fb Be\u015fdar\u00ee","Rotator"],"inLanguage":"kmr"},{"@type":"WebPage","@id":"https:\/\/mfu.scm.bz\/kmr\/derfeteke-kar-weke-nucegihane-abori-di-gulf-newse-de\/","url":"https:\/\/mfu.scm.bz\/kmr\/derfeteke-kar-weke-nucegihane-abori-di-gulf-newse-de\/","name":"Derfeteke Kar Weke N\u00fb\u00e7egihan\u00ea Abor\u00ee di Gulf News\u00ea de - \u0627\u0644\u0645\u0631\u0643\u0632 \u0627\u0644\u0633\u0648\u0631\u064a \u0644\u0644\u0625\u0639\u0644\u0627\u0645 \u0648\u062d\u0631\u064a\u0629 \u0627\u0644\u062a\u0639\u0628\u064a\u0631 Syrian Center for Media and Freedom of Expression","isPartOf":{"@id":"https:\/\/scm.bz\/#website"},"primaryImageOfPage":{"@id":"https:\/\/mfu.scm.bz\/kmr\/derfeteke-kar-weke-nucegihane-abori-di-gulf-newse-de\/#primaryimage"},"image":{"@id":"https:\/\/mfu.scm.bz\/kmr\/derfeteke-kar-weke-nucegihane-abori-di-gulf-newse-de\/#primaryimage"},"thumbnailUrl":"https:\/\/scm.bz\/wp-content\/uploads\/2018\/03\/gulfnews.jpg","datePublished":"2018-04-13T15:58:29+00:00","description":"%","breadcrumb":{"@id":"https:\/\/mfu.scm.bz\/kmr\/derfeteke-kar-weke-nucegihane-abori-di-gulf-newse-de\/#breadcrumb"},"inLanguage":"kmr","potentialAction":[{"@type":"ReadAction","target":["https:\/\/mfu.scm.bz\/kmr\/derfeteke-kar-weke-nucegihane-abori-di-gulf-newse-de\/"]}]},{"@type":"ImageObject","inLanguage":"kmr","@id":"https:\/\/mfu.scm.bz\/kmr\/derfeteke-kar-weke-nucegihane-abori-di-gulf-newse-de\/#primaryimage","url":"https:\/\/scm.bz\/wp-content\/uploads\/2018\/03\/gulfnews.jpg","contentUrl":"https:\/\/scm.bz\/wp-content\/uploads\/2018\/03\/gulfnews.jpg","width":1000,"height":563},{"@type":"BreadcrumbList","@id":"https:\/\/mfu.scm.bz\/kmr\/derfeteke-kar-weke-nucegihane-abori-di-gulf-newse-de\/#breadcrumb","itemListElement":[{"@type":"ListItem","position":1,"name":"Home","item":"https:\/\/scm.bz\/kmr\/"},{"@type":"ListItem","position":2,"name":"Derfeteke Kar Weke N\u00fb\u00e7egihan\u00ea Abor\u00ee di Gulf News\u00ea de"}]},{"@type":"WebSite","@id":"https:\/\/scm.bz\/#website","url":"https:\/\/scm.bz\/","name":"\u0627\u0644\u0645\u0631\u0643\u0632 \u0627\u0644\u0633\u0648\u0631\u064a \u0644\u0644\u0625\u0639\u0644\u0627\u0645 \u0648\u062d\u0631\u064a\u0629 \u0627\u0644\u062a\u0639\u0628\u064a\u0631 Syrian Center for Media and Freedom of Expression","description":"","publisher":{"@id":"https:\/\/scm.bz\/#organization"},"potentialAction":[{"@type":"SearchAction","target":{"@type":"EntryPoint","urlTemplate":"https:\/\/scm.bz\/?s={search_term_string}"},"query-input":{"@type":"PropertyValueSpecification","valueRequired":true,"valueName":"search_term_string"}}],"inLanguage":"kmr"},{"@type":"Organization","@id":"https:\/\/scm.bz\/#organization","name":"\u0627\u0644\u0645\u0631\u0643\u0632 \u0627\u0644\u0633\u0648\u0631\u064a \u0644\u0644\u0625\u0639\u0644\u0627\u0645 \u0648\u062d\u0631\u064a\u0629 \u0627\u0644\u062a\u0639\u0628\u064a\u0631 Syrian Center for Media and Freedom of Expression","url":"https:\/\/scm.bz\/","logo":{"@type":"ImageObject","inLanguage":"kmr","@id":"https:\/\/scm.bz\/#\/schema\/logo\/image\/","url":"http:\/\/scm.bz\/wp-content\/uploads\/2021\/01\/SCM-logo-1-with-Clear-Space-1-2.png","contentUrl":"http:\/\/scm.bz\/wp-content\/uploads\/2021\/01\/SCM-logo-1-with-Clear-Space-1-2.png","width":1450,"height":1450,"caption":"\u0627\u0644\u0645\u0631\u0643\u0632 \u0627\u0644\u0633\u0648\u0631\u064a \u0644\u0644\u0625\u0639\u0644\u0627\u0645 \u0648\u062d\u0631\u064a\u0629 \u0627\u0644\u062a\u0639\u0628\u064a\u0631 Syrian Center for Media and Freedom of Expression"},"image":{"@id":"https:\/\/scm.bz\/#\/schema\/logo\/image\/"},"sameAs":["https:\/\/www.facebook.com\/scm.center","https:\/\/x.com\/SyrianCenter"]},{"@type":"Person","@id":"https:\/\/scm.bz\/#\/schema\/person\/d116d4c43d9f3d4fe4b61619e91ead45","name":"scmadmin","image":{"@type":"ImageObject","inLanguage":"kmr","@id":"https:\/\/scm.bz\/#\/schema\/person\/image\/","url":"https:\/\/secure.gravatar.com\/avatar\/8cb2b559549de2ba5e28f5d26e15c8f315b5dd63c953e348e6769ae2e88e3cdc?s=96&d=blank&r=g","contentUrl":"https:\/\/secure.gravatar.com\/avatar\/8cb2b559549de2ba5e28f5d26e15c8f315b5dd63c953e348e6769ae2e88e3cdc?s=96&d=blank&r=g","caption":"scmadmin"},"url":"https:\/\/scm.bz\/kmr\/author\/scmadmin\/"}]}},"_links":{"self":[{"href":"https:\/\/scm.bz\/kmr\/wp-json\/wp\/v2\/posts\/183927","targetHints":{"allow":["GET"]}}],"collection":[{"href":"https:\/\/scm.bz\/kmr\/wp-json\/wp\/v2\/posts"}],"about":[{"href":"https:\/\/scm.bz\/kmr\/wp-json\/wp\/v2\/types\/post"}],"author":[{"embeddable":true,"href":"https:\/\/scm.bz\/kmr\/wp-json\/wp\/v2\/users\/24"}],"replies":[{"embeddable":true,"href":"https:\/\/scm.bz\/kmr\/wp-json\/wp\/v2\/comments?post=183927"}],"version-history":[{"count":0,"href":"https:\/\/scm.bz\/kmr\/wp-json\/wp\/v2\/posts\/183927\/revisions"}],"wp:featuredmedia":[{"embeddable":true,"href":"https:\/\/scm.bz\/kmr\/wp-json\/wp\/v2\/media\/183925"}],"wp:attachment":[{"href":"https:\/\/scm.bz\/kmr\/wp-json\/wp\/v2\/media?parent=183927"}],"wp:term":[{"taxonomy":"category","embeddable":true,"href":"https:\/\/scm.bz\/kmr\/wp-json\/wp\/v2\/categories?post=183927"},{"taxonomy":"post_tag","embeddable":true,"href":"https:\/\/scm.bz\/kmr\/wp-json\/wp\/v2\/tags?post=183927"}],"curies":[{"name":"wp","href":"https:\/\/api.w.org\/{rel}","templated":true}]}}