{"id":183843,"date":"2018-04-13T17:23:44","date_gmt":"2018-04-13T15:23:44","guid":{"rendered":"https:\/\/scm.bz?p=183843"},"modified":"2018-04-13T17:23:44","modified_gmt":"2018-04-13T15:23:44","slug":"yemen-hejmarin-jandar-der-bare-rewsa-mirovi-de-di-meheke-de","status":"publish","type":"post","link":"https:\/\/scm.bz\/kmr\/yemen-hejmarin-jandar-der-bare-rewsa-mirovi-de-di-meheke-de\/","title":{"rendered":"Yemen: hejmarin jandar der bar\u00ea rew\u015fa mirov\u00ee de di mehek\u00ea de"},"content":{"rendered":"<p dir=\"ltr\"><strong>Dubey, M\u00eeni\u015f\u00een\u00ean Ereb\u00ee (CNN) \u2013 R\u00eaxistina UNICF\u00ea ya gir\u00eaday\u00ee Netewey\u00ean Yekb\u00fby\u00ee, bibelgekirina ku\u015ftina 53 zarokan \u00fb seqet\u00eeya la\u015f\u00ean 92y\u00ean din di mehek\u00ea de li 12 par\u00eazgeh\u00ean Yemen\u00ea, e\u015fkere kir, ew j\u00ee li gor\u00a0<\/strong><a href=\"https:\/\/scm.bz\/ku\/scm7maJV\"><strong>rapora w\u00ea ya meha sibat\u00ea<\/strong><\/a><strong>\u00a0der bar\u00ea rew\u015fa mirov\u00ee de li Yemen\u00ea ku di roja s\u00ea\u015fem\u00ea de ragihand.<\/strong><\/p>\n<p dir=\"ltr\">R\u00eaxistin\u00ea diyar kir ku hejmara qurban\u00eey\u00ean zarok bi s\u00ea caran li par\u00eazgeha Elhed\u00eede ji meha bor\u00ee bilindtir b\u00fbye.<\/p>\n<p dir=\"ltr\">Raporan diyar kir ku belavb\u00fbna nexwe\u015f\u00eeya Xenaq \u00fb Deft\u00earya di sibat\u00ea de bilindtir b\u00fbye \u00fb 1216 kes p\u00ea ketine her weha 73 kesan j\u00eeyana xwe ji dest dane, li gel ku r\u00eajeya mirina ji ber nexwe\u015f\u00eey\u00ea gihaye 5.9%.<\/p>\n<p dir=\"ltr\">R\u00eaxistin\u00ea di rapora xwe de diyar kir ku rehet\u00eeya ji k\u00eamxwarin\u00ea ji 77% gihaye 85% \u00fb r\u00eaxistin di peydakirina ava paqij a vexwarin\u00ea de ji bo melyon kes\u00ee al\u00eekar b\u00fb.<\/p>\n<p dir=\"ltr\">Her weha diyar kir ku melyon zarok derboider in, 8.4 melyon j\u00ee p\u00eadiv\u00eeya wan bi ava vexwarin\u00ea ye \u00fb 11.3 melyon di bin metirs\u00eeya bir\u00e7\u00eeb\u00fbn\u00ea de ne.<\/p>\n<p dir=\"ltr\">R\u00eaxistin\u00ea an\u00ee ziman ku du melyon zarok ji destp\u00eaka \u015fer di 2015an de d\u00fbr\u00ee dibistan\u00ean xwe ketine her weha p\u00eadiv\u00eeya 4.3melyonan bi f\u00earkirin\u00ea heye.\u00a0<a href=\"https:\/\/scm.bz\/ku\/scmoNMmh\">V\u00eedyoy\u00ea bib\u00eene<\/a>.<\/p>\n<p dir=\"ltr\">J\u00eader: CNN Ereb\u00ee<\/p>\n","protected":false},"excerpt":{"rendered":"<p>Dubey, M\u00eeni\u015f\u00een\u00ean Ereb\u00ee (CNN) \u2013 R\u00eaxistina UNICF\u00ea ya gir\u00eaday\u00ee Netewey\u00ean Yekb\u00fby\u00ee, bibelgekirina ku\u015ftina 53 zarokan \u00fb seqet\u00eeya la\u015f\u00ean 92y\u00ean din di mehek\u00ea de li 12 par\u00eazgeh\u00ean Yemen\u00ea, e\u015fkere kir, ew j\u00ee li gor\u00a0rapora w\u00ea ya meha sibat\u00ea\u00a0der bar\u00ea rew\u015fa mirov\u00ee de li Yemen\u00ea ku di roja s\u00ea\u015fem\u00ea de ragihand. R\u00eaxistin\u00ea diyar kir ku hejmara qurban\u00eey\u00ean [&hellip;]<\/p>\n","protected":false},"author":24,"featured_media":183841,"comment_status":"open","ping_status":"open","sticky":false,"template":"","format":"standard","meta":{"_acf_changed":false,"footnotes":""},"categories":[333,369],"tags":[],"class_list":["post-183843","post","type-post","status-publish","format-standard","has-post-thumbnail","hentry","category-arab_world-ku","category-rotator-kmr","post-wrapper"],"acf":[],"yoast_head":"<!-- This site is optimized with the Yoast SEO Premium plugin v20.6 (Yoast SEO v26.5) - https:\/\/yoast.com\/wordpress\/plugins\/seo\/ -->\n<title>Yemen: hejmarin jandar der bar\u00ea rew\u015fa mirov\u00ee de di mehek\u00ea de - \u0627\u0644\u0645\u0631\u0643\u0632 \u0627\u0644\u0633\u0648\u0631\u064a \u0644\u0644\u0625\u0639\u0644\u0627\u0645 \u0648\u062d\u0631\u064a\u0629 \u0627\u0644\u062a\u0639\u0628\u064a\u0631 Syrian Center for Media and Freedom of Expression<\/title>\n<meta name=\"description\" content=\"%\" \/>\n<meta name=\"robots\" content=\"index, follow, max-snippet:-1, max-image-preview:large, max-video-preview:-1\" \/>\n<link rel=\"canonical\" href=\"https:\/\/scm.bz\/\u0627\u0644\u064a\u0645\u0646-\u0623\u0631\u0642\u0627\u0645-\u0645\u0641\u062c\u0639\u0629-\u0639\u0646-\u0627\u0644\u0648\u0636\u0639-\u0627\u0644\u0625\u0646\u0633\u0627\u0646\u064a-\u0627\u0644\/\" \/>\n<meta property=\"og:locale\" content=\"en_US\" \/>\n<meta property=\"og:type\" content=\"article\" \/>\n<meta property=\"og:title\" content=\"Yemen: hejmarin jandar der bar\u00ea rew\u015fa mirov\u00ee de di mehek\u00ea de\" \/>\n<meta property=\"og:description\" content=\"%\" \/>\n<meta property=\"og:url\" content=\"https:\/\/scm.bz\/\u0627\u0644\u064a\u0645\u0646-\u0623\u0631\u0642\u0627\u0645-\u0645\u0641\u062c\u0639\u0629-\u0639\u0646-\u0627\u0644\u0648\u0636\u0639-\u0627\u0644\u0625\u0646\u0633\u0627\u0646\u064a-\u0627\u0644\/\" \/>\n<meta property=\"og:site_name\" content=\"\u0627\u0644\u0645\u0631\u0643\u0632 \u0627\u0644\u0633\u0648\u0631\u064a \u0644\u0644\u0625\u0639\u0644\u0627\u0645 \u0648\u062d\u0631\u064a\u0629 \u0627\u0644\u062a\u0639\u0628\u064a\u0631 Syrian Center for Media and Freedom of Expression\" \/>\n<meta property=\"article:publisher\" content=\"https:\/\/www.facebook.com\/scm.center\" \/>\n<meta property=\"article:published_time\" content=\"2018-04-13T15:23:44+00:00\" \/>\n<meta property=\"og:image\" content=\"https:\/\/scm.bz\/wp-content\/uploads\/2018\/03\/Yemen_crisisX1100S-1.jpg\" \/>\n\t<meta property=\"og:image:width\" content=\"1100\" \/>\n\t<meta property=\"og:image:height\" content=\"618\" \/>\n\t<meta property=\"og:image:type\" content=\"image\/jpeg\" \/>\n<meta name=\"author\" content=\"scmadmin\" \/>\n<meta name=\"twitter:card\" content=\"summary_large_image\" \/>\n<meta name=\"twitter:creator\" content=\"@SyrianCenter\" \/>\n<meta name=\"twitter:site\" content=\"@SyrianCenter\" \/>\n<meta name=\"twitter:label1\" content=\"Written by\" \/>\n\t<meta name=\"twitter:data1\" content=\"scmadmin\" \/>\n\t<meta name=\"twitter:label2\" content=\"Est. reading time\" \/>\n\t<meta name=\"twitter:data2\" content=\"1 minute\" \/>\n<script type=\"application\/ld+json\" class=\"yoast-schema-graph\">{\"@context\":\"https:\/\/schema.org\",\"@graph\":[{\"@type\":\"Article\",\"@id\":\"https:\/\/scm.bz\/%d8%a7%d9%84%d9%8a%d9%85%d9%86-%d8%a3%d8%b1%d9%82%d8%a7%d9%85-%d9%85%d9%81%d8%ac%d8%b9%d8%a9-%d8%b9%d9%86-%d8%a7%d9%84%d9%88%d8%b6%d8%b9-%d8%a7%d9%84%d8%a5%d9%86%d8%b3%d8%a7%d9%86%d9%8a-%d8%a7%d9%84\/#article\",\"isPartOf\":{\"@id\":\"https:\/\/scm.bz\/%d8%a7%d9%84%d9%8a%d9%85%d9%86-%d8%a3%d8%b1%d9%82%d8%a7%d9%85-%d9%85%d9%81%d8%ac%d8%b9%d8%a9-%d8%b9%d9%86-%d8%a7%d9%84%d9%88%d8%b6%d8%b9-%d8%a7%d9%84%d8%a5%d9%86%d8%b3%d8%a7%d9%86%d9%8a-%d8%a7%d9%84\/\"},\"author\":{\"name\":\"scmadmin\",\"@id\":\"https:\/\/scm.bz\/#\/schema\/person\/d116d4c43d9f3d4fe4b61619e91ead45\"},\"headline\":\"Yemen: hejmarin jandar der bar\u00ea rew\u015fa mirov\u00ee de di mehek\u00ea de\",\"datePublished\":\"2018-04-13T15:23:44+00:00\",\"mainEntityOfPage\":{\"@id\":\"https:\/\/scm.bz\/%d8%a7%d9%84%d9%8a%d9%85%d9%86-%d8%a3%d8%b1%d9%82%d8%a7%d9%85-%d9%85%d9%81%d8%ac%d8%b9%d8%a9-%d8%b9%d9%86-%d8%a7%d9%84%d9%88%d8%b6%d8%b9-%d8%a7%d9%84%d8%a5%d9%86%d8%b3%d8%a7%d9%86%d9%8a-%d8%a7%d9%84\/\"},\"wordCount\":239,\"commentCount\":0,\"publisher\":{\"@id\":\"https:\/\/scm.bz\/#organization\"},\"image\":{\"@id\":\"https:\/\/scm.bz\/%d8%a7%d9%84%d9%8a%d9%85%d9%86-%d8%a3%d8%b1%d9%82%d8%a7%d9%85-%d9%85%d9%81%d8%ac%d8%b9%d8%a9-%d8%b9%d9%86-%d8%a7%d9%84%d9%88%d8%b6%d8%b9-%d8%a7%d9%84%d8%a5%d9%86%d8%b3%d8%a7%d9%86%d9%8a-%d8%a7%d9%84\/#primaryimage\"},\"thumbnailUrl\":\"https:\/\/scm.bz\/wp-content\/uploads\/2018\/03\/Yemen_crisisX1100S-1.jpg\",\"articleSection\":[\"C\u00eehana Ereb\u00ee\",\"Rotator\"],\"inLanguage\":\"kmr\"},{\"@type\":\"WebPage\",\"@id\":\"https:\/\/scm.bz\/%d8%a7%d9%84%d9%8a%d9%85%d9%86-%d8%a3%d8%b1%d9%82%d8%a7%d9%85-%d9%85%d9%81%d8%ac%d8%b9%d8%a9-%d8%b9%d9%86-%d8%a7%d9%84%d9%88%d8%b6%d8%b9-%d8%a7%d9%84%d8%a5%d9%86%d8%b3%d8%a7%d9%86%d9%8a-%d8%a7%d9%84\/\",\"url\":\"https:\/\/scm.bz\/%d8%a7%d9%84%d9%8a%d9%85%d9%86-%d8%a3%d8%b1%d9%82%d8%a7%d9%85-%d9%85%d9%81%d8%ac%d8%b9%d8%a9-%d8%b9%d9%86-%d8%a7%d9%84%d9%88%d8%b6%d8%b9-%d8%a7%d9%84%d8%a5%d9%86%d8%b3%d8%a7%d9%86%d9%8a-%d8%a7%d9%84\/\",\"name\":\"Yemen: hejmarin jandar der bar\u00ea rew\u015fa mirov\u00ee de di mehek\u00ea de - \u0627\u0644\u0645\u0631\u0643\u0632 \u0627\u0644\u0633\u0648\u0631\u064a \u0644\u0644\u0625\u0639\u0644\u0627\u0645 \u0648\u062d\u0631\u064a\u0629 \u0627\u0644\u062a\u0639\u0628\u064a\u0631 Syrian Center for Media and Freedom of Expression\",\"isPartOf\":{\"@id\":\"https:\/\/scm.bz\/#website\"},\"primaryImageOfPage\":{\"@id\":\"https:\/\/scm.bz\/%d8%a7%d9%84%d9%8a%d9%85%d9%86-%d8%a3%d8%b1%d9%82%d8%a7%d9%85-%d9%85%d9%81%d8%ac%d8%b9%d8%a9-%d8%b9%d9%86-%d8%a7%d9%84%d9%88%d8%b6%d8%b9-%d8%a7%d9%84%d8%a5%d9%86%d8%b3%d8%a7%d9%86%d9%8a-%d8%a7%d9%84\/#primaryimage\"},\"image\":{\"@id\":\"https:\/\/scm.bz\/%d8%a7%d9%84%d9%8a%d9%85%d9%86-%d8%a3%d8%b1%d9%82%d8%a7%d9%85-%d9%85%d9%81%d8%ac%d8%b9%d8%a9-%d8%b9%d9%86-%d8%a7%d9%84%d9%88%d8%b6%d8%b9-%d8%a7%d9%84%d8%a5%d9%86%d8%b3%d8%a7%d9%86%d9%8a-%d8%a7%d9%84\/#primaryimage\"},\"thumbnailUrl\":\"https:\/\/scm.bz\/wp-content\/uploads\/2018\/03\/Yemen_crisisX1100S-1.jpg\",\"datePublished\":\"2018-04-13T15:23:44+00:00\",\"description\":\"%\",\"breadcrumb\":{\"@id\":\"https:\/\/scm.bz\/%d8%a7%d9%84%d9%8a%d9%85%d9%86-%d8%a3%d8%b1%d9%82%d8%a7%d9%85-%d9%85%d9%81%d8%ac%d8%b9%d8%a9-%d8%b9%d9%86-%d8%a7%d9%84%d9%88%d8%b6%d8%b9-%d8%a7%d9%84%d8%a5%d9%86%d8%b3%d8%a7%d9%86%d9%8a-%d8%a7%d9%84\/#breadcrumb\"},\"inLanguage\":\"kmr\",\"potentialAction\":[{\"@type\":\"ReadAction\",\"target\":[\"https:\/\/scm.bz\/%d8%a7%d9%84%d9%8a%d9%85%d9%86-%d8%a3%d8%b1%d9%82%d8%a7%d9%85-%d9%85%d9%81%d8%ac%d8%b9%d8%a9-%d8%b9%d9%86-%d8%a7%d9%84%d9%88%d8%b6%d8%b9-%d8%a7%d9%84%d8%a5%d9%86%d8%b3%d8%a7%d9%86%d9%8a-%d8%a7%d9%84\/\"]}]},{\"@type\":\"ImageObject\",\"inLanguage\":\"kmr\",\"@id\":\"https:\/\/scm.bz\/%d8%a7%d9%84%d9%8a%d9%85%d9%86-%d8%a3%d8%b1%d9%82%d8%a7%d9%85-%d9%85%d9%81%d8%ac%d8%b9%d8%a9-%d8%b9%d9%86-%d8%a7%d9%84%d9%88%d8%b6%d8%b9-%d8%a7%d9%84%d8%a5%d9%86%d8%b3%d8%a7%d9%86%d9%8a-%d8%a7%d9%84\/#primaryimage\",\"url\":\"https:\/\/scm.bz\/wp-content\/uploads\/2018\/03\/Yemen_crisisX1100S-1.jpg\",\"contentUrl\":\"https:\/\/scm.bz\/wp-content\/uploads\/2018\/03\/Yemen_crisisX1100S-1.jpg\",\"width\":1100,\"height\":618},{\"@type\":\"BreadcrumbList\",\"@id\":\"https:\/\/scm.bz\/%d8%a7%d9%84%d9%8a%d9%85%d9%86-%d8%a3%d8%b1%d9%82%d8%a7%d9%85-%d9%85%d9%81%d8%ac%d8%b9%d8%a9-%d8%b9%d9%86-%d8%a7%d9%84%d9%88%d8%b6%d8%b9-%d8%a7%d9%84%d8%a5%d9%86%d8%b3%d8%a7%d9%86%d9%8a-%d8%a7%d9%84\/#breadcrumb\",\"itemListElement\":[{\"@type\":\"ListItem\",\"position\":1,\"name\":\"Home\",\"item\":\"https:\/\/scm.bz\/kmr\/\"},{\"@type\":\"ListItem\",\"position\":2,\"name\":\"Yemen: hejmarin jandar der bar\u00ea rew\u015fa mirov\u00ee de di mehek\u00ea de\"}]},{\"@type\":\"WebSite\",\"@id\":\"https:\/\/scm.bz\/#website\",\"url\":\"https:\/\/scm.bz\/\",\"name\":\"\u0627\u0644\u0645\u0631\u0643\u0632 \u0627\u0644\u0633\u0648\u0631\u064a \u0644\u0644\u0625\u0639\u0644\u0627\u0645 \u0648\u062d\u0631\u064a\u0629 \u0627\u0644\u062a\u0639\u0628\u064a\u0631 Syrian Center for Media and Freedom of Expression\",\"description\":\"\",\"publisher\":{\"@id\":\"https:\/\/scm.bz\/#organization\"},\"potentialAction\":[{\"@type\":\"SearchAction\",\"target\":{\"@type\":\"EntryPoint\",\"urlTemplate\":\"https:\/\/scm.bz\/?s={search_term_string}\"},\"query-input\":{\"@type\":\"PropertyValueSpecification\",\"valueRequired\":true,\"valueName\":\"search_term_string\"}}],\"inLanguage\":\"kmr\"},{\"@type\":\"Organization\",\"@id\":\"https:\/\/scm.bz\/#organization\",\"name\":\"\u0627\u0644\u0645\u0631\u0643\u0632 \u0627\u0644\u0633\u0648\u0631\u064a \u0644\u0644\u0625\u0639\u0644\u0627\u0645 \u0648\u062d\u0631\u064a\u0629 \u0627\u0644\u062a\u0639\u0628\u064a\u0631 Syrian Center for Media and Freedom of Expression\",\"url\":\"https:\/\/scm.bz\/\",\"logo\":{\"@type\":\"ImageObject\",\"inLanguage\":\"kmr\",\"@id\":\"https:\/\/scm.bz\/#\/schema\/logo\/image\/\",\"url\":\"http:\/\/scm.bz\/wp-content\/uploads\/2021\/01\/SCM-logo-1-with-Clear-Space-1-2.png\",\"contentUrl\":\"http:\/\/scm.bz\/wp-content\/uploads\/2021\/01\/SCM-logo-1-with-Clear-Space-1-2.png\",\"width\":1450,\"height\":1450,\"caption\":\"\u0627\u0644\u0645\u0631\u0643\u0632 \u0627\u0644\u0633\u0648\u0631\u064a \u0644\u0644\u0625\u0639\u0644\u0627\u0645 \u0648\u062d\u0631\u064a\u0629 \u0627\u0644\u062a\u0639\u0628\u064a\u0631 Syrian Center for Media and Freedom of Expression\"},\"image\":{\"@id\":\"https:\/\/scm.bz\/#\/schema\/logo\/image\/\"},\"sameAs\":[\"https:\/\/www.facebook.com\/scm.center\",\"https:\/\/x.com\/SyrianCenter\"]},{\"@type\":\"Person\",\"@id\":\"https:\/\/scm.bz\/#\/schema\/person\/d116d4c43d9f3d4fe4b61619e91ead45\",\"name\":\"scmadmin\",\"image\":{\"@type\":\"ImageObject\",\"inLanguage\":\"kmr\",\"@id\":\"https:\/\/scm.bz\/#\/schema\/person\/image\/\",\"url\":\"https:\/\/secure.gravatar.com\/avatar\/8cb2b559549de2ba5e28f5d26e15c8f315b5dd63c953e348e6769ae2e88e3cdc?s=96&d=blank&r=g\",\"contentUrl\":\"https:\/\/secure.gravatar.com\/avatar\/8cb2b559549de2ba5e28f5d26e15c8f315b5dd63c953e348e6769ae2e88e3cdc?s=96&d=blank&r=g\",\"caption\":\"scmadmin\"},\"url\":\"https:\/\/scm.bz\/kmr\/author\/scmadmin\/\"}]}<\/script>\n<!-- \/ Yoast SEO Premium plugin. -->","yoast_head_json":{"title":"Yemen: hejmarin jandar der bar\u00ea rew\u015fa mirov\u00ee de di mehek\u00ea de - \u0627\u0644\u0645\u0631\u0643\u0632 \u0627\u0644\u0633\u0648\u0631\u064a \u0644\u0644\u0625\u0639\u0644\u0627\u0645 \u0648\u062d\u0631\u064a\u0629 \u0627\u0644\u062a\u0639\u0628\u064a\u0631 Syrian Center for Media and Freedom of Expression","description":"%","robots":{"index":"index","follow":"follow","max-snippet":"max-snippet:-1","max-image-preview":"max-image-preview:large","max-video-preview":"max-video-preview:-1"},"canonical":"https:\/\/scm.bz\/\u0627\u0644\u064a\u0645\u0646-\u0623\u0631\u0642\u0627\u0645-\u0645\u0641\u062c\u0639\u0629-\u0639\u0646-\u0627\u0644\u0648\u0636\u0639-\u0627\u0644\u0625\u0646\u0633\u0627\u0646\u064a-\u0627\u0644\/","og_locale":"en_US","og_type":"article","og_title":"Yemen: hejmarin jandar der bar\u00ea rew\u015fa mirov\u00ee de di mehek\u00ea de","og_description":"%","og_url":"https:\/\/scm.bz\/\u0627\u0644\u064a\u0645\u0646-\u0623\u0631\u0642\u0627\u0645-\u0645\u0641\u062c\u0639\u0629-\u0639\u0646-\u0627\u0644\u0648\u0636\u0639-\u0627\u0644\u0625\u0646\u0633\u0627\u0646\u064a-\u0627\u0644\/","og_site_name":"\u0627\u0644\u0645\u0631\u0643\u0632 \u0627\u0644\u0633\u0648\u0631\u064a \u0644\u0644\u0625\u0639\u0644\u0627\u0645 \u0648\u062d\u0631\u064a\u0629 \u0627\u0644\u062a\u0639\u0628\u064a\u0631 Syrian Center for Media and Freedom of Expression","article_publisher":"https:\/\/www.facebook.com\/scm.center","article_published_time":"2018-04-13T15:23:44+00:00","og_image":[{"width":1100,"height":618,"url":"https:\/\/scm.bz\/wp-content\/uploads\/2018\/03\/Yemen_crisisX1100S-1.jpg","type":"image\/jpeg"}],"author":"scmadmin","twitter_card":"summary_large_image","twitter_creator":"@SyrianCenter","twitter_site":"@SyrianCenter","twitter_misc":{"Written by":"scmadmin","Est. reading time":"1 minute"},"schema":{"@context":"https:\/\/schema.org","@graph":[{"@type":"Article","@id":"https:\/\/scm.bz\/%d8%a7%d9%84%d9%8a%d9%85%d9%86-%d8%a3%d8%b1%d9%82%d8%a7%d9%85-%d9%85%d9%81%d8%ac%d8%b9%d8%a9-%d8%b9%d9%86-%d8%a7%d9%84%d9%88%d8%b6%d8%b9-%d8%a7%d9%84%d8%a5%d9%86%d8%b3%d8%a7%d9%86%d9%8a-%d8%a7%d9%84\/#article","isPartOf":{"@id":"https:\/\/scm.bz\/%d8%a7%d9%84%d9%8a%d9%85%d9%86-%d8%a3%d8%b1%d9%82%d8%a7%d9%85-%d9%85%d9%81%d8%ac%d8%b9%d8%a9-%d8%b9%d9%86-%d8%a7%d9%84%d9%88%d8%b6%d8%b9-%d8%a7%d9%84%d8%a5%d9%86%d8%b3%d8%a7%d9%86%d9%8a-%d8%a7%d9%84\/"},"author":{"name":"scmadmin","@id":"https:\/\/scm.bz\/#\/schema\/person\/d116d4c43d9f3d4fe4b61619e91ead45"},"headline":"Yemen: hejmarin jandar der bar\u00ea rew\u015fa mirov\u00ee de di mehek\u00ea de","datePublished":"2018-04-13T15:23:44+00:00","mainEntityOfPage":{"@id":"https:\/\/scm.bz\/%d8%a7%d9%84%d9%8a%d9%85%d9%86-%d8%a3%d8%b1%d9%82%d8%a7%d9%85-%d9%85%d9%81%d8%ac%d8%b9%d8%a9-%d8%b9%d9%86-%d8%a7%d9%84%d9%88%d8%b6%d8%b9-%d8%a7%d9%84%d8%a5%d9%86%d8%b3%d8%a7%d9%86%d9%8a-%d8%a7%d9%84\/"},"wordCount":239,"commentCount":0,"publisher":{"@id":"https:\/\/scm.bz\/#organization"},"image":{"@id":"https:\/\/scm.bz\/%d8%a7%d9%84%d9%8a%d9%85%d9%86-%d8%a3%d8%b1%d9%82%d8%a7%d9%85-%d9%85%d9%81%d8%ac%d8%b9%d8%a9-%d8%b9%d9%86-%d8%a7%d9%84%d9%88%d8%b6%d8%b9-%d8%a7%d9%84%d8%a5%d9%86%d8%b3%d8%a7%d9%86%d9%8a-%d8%a7%d9%84\/#primaryimage"},"thumbnailUrl":"https:\/\/scm.bz\/wp-content\/uploads\/2018\/03\/Yemen_crisisX1100S-1.jpg","articleSection":["C\u00eehana Ereb\u00ee","Rotator"],"inLanguage":"kmr"},{"@type":"WebPage","@id":"https:\/\/scm.bz\/%d8%a7%d9%84%d9%8a%d9%85%d9%86-%d8%a3%d8%b1%d9%82%d8%a7%d9%85-%d9%85%d9%81%d8%ac%d8%b9%d8%a9-%d8%b9%d9%86-%d8%a7%d9%84%d9%88%d8%b6%d8%b9-%d8%a7%d9%84%d8%a5%d9%86%d8%b3%d8%a7%d9%86%d9%8a-%d8%a7%d9%84\/","url":"https:\/\/scm.bz\/%d8%a7%d9%84%d9%8a%d9%85%d9%86-%d8%a3%d8%b1%d9%82%d8%a7%d9%85-%d9%85%d9%81%d8%ac%d8%b9%d8%a9-%d8%b9%d9%86-%d8%a7%d9%84%d9%88%d8%b6%d8%b9-%d8%a7%d9%84%d8%a5%d9%86%d8%b3%d8%a7%d9%86%d9%8a-%d8%a7%d9%84\/","name":"Yemen: hejmarin jandar der bar\u00ea rew\u015fa mirov\u00ee de di mehek\u00ea de - \u0627\u0644\u0645\u0631\u0643\u0632 \u0627\u0644\u0633\u0648\u0631\u064a \u0644\u0644\u0625\u0639\u0644\u0627\u0645 \u0648\u062d\u0631\u064a\u0629 \u0627\u0644\u062a\u0639\u0628\u064a\u0631 Syrian Center for Media and Freedom of Expression","isPartOf":{"@id":"https:\/\/scm.bz\/#website"},"primaryImageOfPage":{"@id":"https:\/\/scm.bz\/%d8%a7%d9%84%d9%8a%d9%85%d9%86-%d8%a3%d8%b1%d9%82%d8%a7%d9%85-%d9%85%d9%81%d8%ac%d8%b9%d8%a9-%d8%b9%d9%86-%d8%a7%d9%84%d9%88%d8%b6%d8%b9-%d8%a7%d9%84%d8%a5%d9%86%d8%b3%d8%a7%d9%86%d9%8a-%d8%a7%d9%84\/#primaryimage"},"image":{"@id":"https:\/\/scm.bz\/%d8%a7%d9%84%d9%8a%d9%85%d9%86-%d8%a3%d8%b1%d9%82%d8%a7%d9%85-%d9%85%d9%81%d8%ac%d8%b9%d8%a9-%d8%b9%d9%86-%d8%a7%d9%84%d9%88%d8%b6%d8%b9-%d8%a7%d9%84%d8%a5%d9%86%d8%b3%d8%a7%d9%86%d9%8a-%d8%a7%d9%84\/#primaryimage"},"thumbnailUrl":"https:\/\/scm.bz\/wp-content\/uploads\/2018\/03\/Yemen_crisisX1100S-1.jpg","datePublished":"2018-04-13T15:23:44+00:00","description":"%","breadcrumb":{"@id":"https:\/\/scm.bz\/%d8%a7%d9%84%d9%8a%d9%85%d9%86-%d8%a3%d8%b1%d9%82%d8%a7%d9%85-%d9%85%d9%81%d8%ac%d8%b9%d8%a9-%d8%b9%d9%86-%d8%a7%d9%84%d9%88%d8%b6%d8%b9-%d8%a7%d9%84%d8%a5%d9%86%d8%b3%d8%a7%d9%86%d9%8a-%d8%a7%d9%84\/#breadcrumb"},"inLanguage":"kmr","potentialAction":[{"@type":"ReadAction","target":["https:\/\/scm.bz\/%d8%a7%d9%84%d9%8a%d9%85%d9%86-%d8%a3%d8%b1%d9%82%d8%a7%d9%85-%d9%85%d9%81%d8%ac%d8%b9%d8%a9-%d8%b9%d9%86-%d8%a7%d9%84%d9%88%d8%b6%d8%b9-%d8%a7%d9%84%d8%a5%d9%86%d8%b3%d8%a7%d9%86%d9%8a-%d8%a7%d9%84\/"]}]},{"@type":"ImageObject","inLanguage":"kmr","@id":"https:\/\/scm.bz\/%d8%a7%d9%84%d9%8a%d9%85%d9%86-%d8%a3%d8%b1%d9%82%d8%a7%d9%85-%d9%85%d9%81%d8%ac%d8%b9%d8%a9-%d8%b9%d9%86-%d8%a7%d9%84%d9%88%d8%b6%d8%b9-%d8%a7%d9%84%d8%a5%d9%86%d8%b3%d8%a7%d9%86%d9%8a-%d8%a7%d9%84\/#primaryimage","url":"https:\/\/scm.bz\/wp-content\/uploads\/2018\/03\/Yemen_crisisX1100S-1.jpg","contentUrl":"https:\/\/scm.bz\/wp-content\/uploads\/2018\/03\/Yemen_crisisX1100S-1.jpg","width":1100,"height":618},{"@type":"BreadcrumbList","@id":"https:\/\/scm.bz\/%d8%a7%d9%84%d9%8a%d9%85%d9%86-%d8%a3%d8%b1%d9%82%d8%a7%d9%85-%d9%85%d9%81%d8%ac%d8%b9%d8%a9-%d8%b9%d9%86-%d8%a7%d9%84%d9%88%d8%b6%d8%b9-%d8%a7%d9%84%d8%a5%d9%86%d8%b3%d8%a7%d9%86%d9%8a-%d8%a7%d9%84\/#breadcrumb","itemListElement":[{"@type":"ListItem","position":1,"name":"Home","item":"https:\/\/scm.bz\/kmr\/"},{"@type":"ListItem","position":2,"name":"Yemen: hejmarin jandar der bar\u00ea rew\u015fa mirov\u00ee de di mehek\u00ea de"}]},{"@type":"WebSite","@id":"https:\/\/scm.bz\/#website","url":"https:\/\/scm.bz\/","name":"\u0627\u0644\u0645\u0631\u0643\u0632 \u0627\u0644\u0633\u0648\u0631\u064a \u0644\u0644\u0625\u0639\u0644\u0627\u0645 \u0648\u062d\u0631\u064a\u0629 \u0627\u0644\u062a\u0639\u0628\u064a\u0631 Syrian Center for Media and Freedom of Expression","description":"","publisher":{"@id":"https:\/\/scm.bz\/#organization"},"potentialAction":[{"@type":"SearchAction","target":{"@type":"EntryPoint","urlTemplate":"https:\/\/scm.bz\/?s={search_term_string}"},"query-input":{"@type":"PropertyValueSpecification","valueRequired":true,"valueName":"search_term_string"}}],"inLanguage":"kmr"},{"@type":"Organization","@id":"https:\/\/scm.bz\/#organization","name":"\u0627\u0644\u0645\u0631\u0643\u0632 \u0627\u0644\u0633\u0648\u0631\u064a \u0644\u0644\u0625\u0639\u0644\u0627\u0645 \u0648\u062d\u0631\u064a\u0629 \u0627\u0644\u062a\u0639\u0628\u064a\u0631 Syrian Center for Media and Freedom of Expression","url":"https:\/\/scm.bz\/","logo":{"@type":"ImageObject","inLanguage":"kmr","@id":"https:\/\/scm.bz\/#\/schema\/logo\/image\/","url":"http:\/\/scm.bz\/wp-content\/uploads\/2021\/01\/SCM-logo-1-with-Clear-Space-1-2.png","contentUrl":"http:\/\/scm.bz\/wp-content\/uploads\/2021\/01\/SCM-logo-1-with-Clear-Space-1-2.png","width":1450,"height":1450,"caption":"\u0627\u0644\u0645\u0631\u0643\u0632 \u0627\u0644\u0633\u0648\u0631\u064a \u0644\u0644\u0625\u0639\u0644\u0627\u0645 \u0648\u062d\u0631\u064a\u0629 \u0627\u0644\u062a\u0639\u0628\u064a\u0631 Syrian Center for Media and Freedom of Expression"},"image":{"@id":"https:\/\/scm.bz\/#\/schema\/logo\/image\/"},"sameAs":["https:\/\/www.facebook.com\/scm.center","https:\/\/x.com\/SyrianCenter"]},{"@type":"Person","@id":"https:\/\/scm.bz\/#\/schema\/person\/d116d4c43d9f3d4fe4b61619e91ead45","name":"scmadmin","image":{"@type":"ImageObject","inLanguage":"kmr","@id":"https:\/\/scm.bz\/#\/schema\/person\/image\/","url":"https:\/\/secure.gravatar.com\/avatar\/8cb2b559549de2ba5e28f5d26e15c8f315b5dd63c953e348e6769ae2e88e3cdc?s=96&d=blank&r=g","contentUrl":"https:\/\/secure.gravatar.com\/avatar\/8cb2b559549de2ba5e28f5d26e15c8f315b5dd63c953e348e6769ae2e88e3cdc?s=96&d=blank&r=g","caption":"scmadmin"},"url":"https:\/\/scm.bz\/kmr\/author\/scmadmin\/"}]}},"_links":{"self":[{"href":"https:\/\/scm.bz\/kmr\/wp-json\/wp\/v2\/posts\/183843","targetHints":{"allow":["GET"]}}],"collection":[{"href":"https:\/\/scm.bz\/kmr\/wp-json\/wp\/v2\/posts"}],"about":[{"href":"https:\/\/scm.bz\/kmr\/wp-json\/wp\/v2\/types\/post"}],"author":[{"embeddable":true,"href":"https:\/\/scm.bz\/kmr\/wp-json\/wp\/v2\/users\/24"}],"replies":[{"embeddable":true,"href":"https:\/\/scm.bz\/kmr\/wp-json\/wp\/v2\/comments?post=183843"}],"version-history":[{"count":0,"href":"https:\/\/scm.bz\/kmr\/wp-json\/wp\/v2\/posts\/183843\/revisions"}],"wp:featuredmedia":[{"embeddable":true,"href":"https:\/\/scm.bz\/kmr\/wp-json\/wp\/v2\/media\/183841"}],"wp:attachment":[{"href":"https:\/\/scm.bz\/kmr\/wp-json\/wp\/v2\/media?parent=183843"}],"wp:term":[{"taxonomy":"category","embeddable":true,"href":"https:\/\/scm.bz\/kmr\/wp-json\/wp\/v2\/categories?post=183843"},{"taxonomy":"post_tag","embeddable":true,"href":"https:\/\/scm.bz\/kmr\/wp-json\/wp\/v2\/tags?post=183843"}],"curies":[{"name":"wp","href":"https:\/\/api.w.org\/{rel}","templated":true}]}}