{"id":183782,"date":"2018-04-13T17:04:14","date_gmt":"2018-04-13T15:04:14","guid":{"rendered":"https:\/\/scm.bz?p=183782"},"modified":"2018-04-13T17:04:14","modified_gmt":"2018-04-13T15:04:14","slug":"yemen-ny-bang-li-aliyen-ser-dike-da-ku-bi-sandere-we-ye-nu-re-alikar-bin","status":"publish","type":"post","link":"https:\/\/scm.bz\/kmr\/yemen-ny-bang-li-aliyen-ser-dike-da-ku-bi-sandere-we-ye-nu-re-alikar-bin\/","title":{"rendered":"Yemen: NY bang li al\u00eey\u00ean \u015fer dike da ku bi \u015fander\u00ea w\u00ea y\u00ea n\u00fb re al\u00eekar bin"},"content":{"rendered":"<p dir=\"ltr\">Em\u00eendar\u00ea Gi\u015ft\u00ee y\u00ea NYy\u00ea, Antonio Gutters roja s\u00ea\u015fem\u00ea ji al\u00eey\u00ean \u015fer li Yemen\u00ea xwest ku bigih\u00ean lihevkirineke siyas\u00ee bo dan\u00eena s\u00eenorek\u00ee ji cenga ku ji ber\u00ee 4 salan berdewam dike \u00fb 22 melyon kes kirine xwed\u00ee p\u00eadiv\u00eey\u00ean demlidest.<\/p>\n<p dir=\"ltr\">Gutters di dema be\u015fdar\u00eeya xwe ya kongreya Cin\u00eav\u00ea de ku R\u00eaxistina Navdewlet\u00ee dixwaze bi r\u00eaya w\u00ea kongrey\u00ea s\u00ea milyar dolar ji bo al\u00eekar\u00eey\u00ean mirov\u00ee ji Yemen\u00ea re bide hev, got: \u201cez ji hem\u00fb al\u00eeyan dixwazim ku bi \u015fander\u00ea n\u00fb Martin Griffiths re b\u00eay\u00ee derengkirin al\u00eekar bin.\u201d<\/p>\n<p dir=\"ltr\">Berpirs\u00ea navdewlet\u00ee doza hi\u015ftina vekirina r\u00eay\u00ean al\u00eekar\u00eey\u00ean mirov\u00ee kir bi taybet xwarin, derman \u00fb s\u00fbtemen\u00ee.<\/p>\n<p dir=\"ltr\">Her weha teqez\u00ee li ser bikaran\u00eena balafirxwaneya Senay\u00ea kir ku dib\u00eene divabe ji bo al\u00eekar\u00eey\u00ea vekir\u00ee be.<\/p>\n<p dir=\"ltr\">Griffiths ku deplomas\u00eeyek\u00ee Bir\u00eetan\u00ee ye, di n\u00eev\u00ea meha bor\u00ee de dest bi kar\u00ea xwe li Yemen\u00ee kir.<\/p>\n<p dir=\"ltr\">H\u00eajay\u00ee gotin\u00ea ye ku gera axaftin\u00ean a\u015ft\u00eey\u00ea ya daw\u00ee di nav Hik\u00fbmet\u00ea Yemen\u00ea \u00fb H\u00fbs\u00eeyan de bi sponser\u00eeya NYy\u00ea, di tebaxa 2016an de li Kiw\u00eat\u00ea hatib\u00fb lidarxistin.<\/p>\n<p dir=\"ltr\">L\u00eenka gotara resen ji malpera Elhuray\u00ea:<\/p>\n<p dir=\"ltr\">https:\/\/www.alhurra.com\/a\/yemen-conflict-un\/429051.html<\/p>\n","protected":false},"excerpt":{"rendered":"<p>Em\u00eendar\u00ea Gi\u015ft\u00ee y\u00ea NYy\u00ea, Antonio Gutters roja s\u00ea\u015fem\u00ea ji al\u00eey\u00ean \u015fer li Yemen\u00ea xwest ku bigih\u00ean lihevkirineke siyas\u00ee bo dan\u00eena s\u00eenorek\u00ee ji cenga ku ji ber\u00ee 4 salan berdewam dike \u00fb 22 melyon kes kirine xwed\u00ee p\u00eadiv\u00eey\u00ean demlidest. Gutters di dema be\u015fdar\u00eeya xwe ya kongreya Cin\u00eav\u00ea de ku R\u00eaxistina Navdewlet\u00ee dixwaze bi r\u00eaya w\u00ea kongrey\u00ea [&hellip;]<\/p>\n","protected":false},"author":24,"featured_media":183780,"comment_status":"open","ping_status":"open","sticky":false,"template":"","format":"standard","meta":{"_acf_changed":false,"footnotes":""},"categories":[333,369],"tags":[],"class_list":["post-183782","post","type-post","status-publish","format-standard","has-post-thumbnail","hentry","category-arab_world-ku","category-rotator-kmr","post-wrapper"],"acf":[],"yoast_head":"<!-- This site is optimized with the Yoast SEO Premium plugin v20.6 (Yoast SEO v26.5) - https:\/\/yoast.com\/wordpress\/plugins\/seo\/ -->\n<title>Yemen: NY bang li al\u00eey\u00ean \u015fer dike da ku bi \u015fander\u00ea w\u00ea y\u00ea n\u00fb re al\u00eekar bin - \u0627\u0644\u0645\u0631\u0643\u0632 \u0627\u0644\u0633\u0648\u0631\u064a \u0644\u0644\u0625\u0639\u0644\u0627\u0645 \u0648\u062d\u0631\u064a\u0629 \u0627\u0644\u062a\u0639\u0628\u064a\u0631 Syrian Center for Media and Freedom of Expression<\/title>\n<meta name=\"description\" content=\"%\" \/>\n<meta name=\"robots\" content=\"index, follow, max-snippet:-1, max-image-preview:large, max-video-preview:-1\" \/>\n<link rel=\"canonical\" href=\"https:\/\/scm.bz\/kmr\/yemen-ny-bang-li-aliyen-ser-dike-da-ku-bi-sandere-we-ye-nu-re-alikar-bin\/\" \/>\n<meta property=\"og:locale\" content=\"en_US\" \/>\n<meta property=\"og:type\" content=\"article\" \/>\n<meta property=\"og:title\" content=\"Yemen: NY bang li al\u00eey\u00ean \u015fer dike da ku bi \u015fander\u00ea w\u00ea y\u00ea n\u00fb re al\u00eekar bin\" \/>\n<meta property=\"og:description\" content=\"%\" \/>\n<meta property=\"og:url\" content=\"https:\/\/scm.bz\/kmr\/yemen-ny-bang-li-aliyen-ser-dike-da-ku-bi-sandere-we-ye-nu-re-alikar-bin\/\" \/>\n<meta property=\"og:site_name\" content=\"\u0627\u0644\u0645\u0631\u0643\u0632 \u0627\u0644\u0633\u0648\u0631\u064a \u0644\u0644\u0625\u0639\u0644\u0627\u0645 \u0648\u062d\u0631\u064a\u0629 \u0627\u0644\u062a\u0639\u0628\u064a\u0631 Syrian Center for Media and Freedom of Expression\" \/>\n<meta property=\"article:publisher\" content=\"https:\/\/www.facebook.com\/scm.center\" \/>\n<meta property=\"article:published_time\" content=\"2018-04-13T15:04:14+00:00\" \/>\n<meta property=\"og:image\" content=\"http:\/\/scm.bz\/wp-content\/uploads\/2018\/04\/369B065E-D003-4BD1-ADD9-2E1A1DE4883C_cx0_cy3_cw0_w1023_r1_s.jpg\" \/>\n\t<meta property=\"og:image:width\" content=\"1023\" \/>\n\t<meta property=\"og:image:height\" content=\"575\" \/>\n\t<meta property=\"og:image:type\" content=\"image\/jpeg\" \/>\n<meta name=\"author\" content=\"scmadmin\" \/>\n<meta name=\"twitter:card\" content=\"summary_large_image\" \/>\n<meta name=\"twitter:creator\" content=\"@SyrianCenter\" \/>\n<meta name=\"twitter:site\" content=\"@SyrianCenter\" \/>\n<meta name=\"twitter:label1\" content=\"Written by\" \/>\n\t<meta name=\"twitter:data1\" content=\"scmadmin\" \/>\n\t<meta name=\"twitter:label2\" content=\"Est. reading time\" \/>\n\t<meta name=\"twitter:data2\" content=\"1 minute\" \/>\n<script type=\"application\/ld+json\" class=\"yoast-schema-graph\">{\"@context\":\"https:\/\/schema.org\",\"@graph\":[{\"@type\":\"Article\",\"@id\":\"https:\/\/scm.bz\/kmr\/yemen-ny-bang-li-aliyen-ser-dike-da-ku-bi-sandere-we-ye-nu-re-alikar-bin\/#article\",\"isPartOf\":{\"@id\":\"https:\/\/scm.bz\/kmr\/yemen-ny-bang-li-aliyen-ser-dike-da-ku-bi-sandere-we-ye-nu-re-alikar-bin\/\"},\"author\":{\"name\":\"scmadmin\",\"@id\":\"https:\/\/scm.bz\/#\/schema\/person\/d116d4c43d9f3d4fe4b61619e91ead45\"},\"headline\":\"Yemen: NY bang li al\u00eey\u00ean \u015fer dike da ku bi \u015fander\u00ea w\u00ea y\u00ea n\u00fb re al\u00eekar bin\",\"datePublished\":\"2018-04-13T15:04:14+00:00\",\"mainEntityOfPage\":{\"@id\":\"https:\/\/scm.bz\/kmr\/yemen-ny-bang-li-aliyen-ser-dike-da-ku-bi-sandere-we-ye-nu-re-alikar-bin\/\"},\"wordCount\":234,\"commentCount\":0,\"publisher\":{\"@id\":\"https:\/\/scm.bz\/#organization\"},\"image\":{\"@id\":\"https:\/\/scm.bz\/kmr\/yemen-ny-bang-li-aliyen-ser-dike-da-ku-bi-sandere-we-ye-nu-re-alikar-bin\/#primaryimage\"},\"thumbnailUrl\":\"https:\/\/scm.bz\/wp-content\/uploads\/2018\/04\/369B065E-D003-4BD1-ADD9-2E1A1DE4883C_cx0_cy3_cw0_w1023_r1_s.jpg\",\"articleSection\":[\"C\u00eehana Ereb\u00ee\",\"Rotator\"],\"inLanguage\":\"kmr\"},{\"@type\":\"WebPage\",\"@id\":\"https:\/\/scm.bz\/kmr\/yemen-ny-bang-li-aliyen-ser-dike-da-ku-bi-sandere-we-ye-nu-re-alikar-bin\/\",\"url\":\"https:\/\/scm.bz\/kmr\/yemen-ny-bang-li-aliyen-ser-dike-da-ku-bi-sandere-we-ye-nu-re-alikar-bin\/\",\"name\":\"Yemen: NY bang li al\u00eey\u00ean \u015fer dike da ku bi \u015fander\u00ea w\u00ea y\u00ea n\u00fb re al\u00eekar bin - \u0627\u0644\u0645\u0631\u0643\u0632 \u0627\u0644\u0633\u0648\u0631\u064a \u0644\u0644\u0625\u0639\u0644\u0627\u0645 \u0648\u062d\u0631\u064a\u0629 \u0627\u0644\u062a\u0639\u0628\u064a\u0631 Syrian Center for Media and Freedom of Expression\",\"isPartOf\":{\"@id\":\"https:\/\/scm.bz\/#website\"},\"primaryImageOfPage\":{\"@id\":\"https:\/\/scm.bz\/kmr\/yemen-ny-bang-li-aliyen-ser-dike-da-ku-bi-sandere-we-ye-nu-re-alikar-bin\/#primaryimage\"},\"image\":{\"@id\":\"https:\/\/scm.bz\/kmr\/yemen-ny-bang-li-aliyen-ser-dike-da-ku-bi-sandere-we-ye-nu-re-alikar-bin\/#primaryimage\"},\"thumbnailUrl\":\"https:\/\/scm.bz\/wp-content\/uploads\/2018\/04\/369B065E-D003-4BD1-ADD9-2E1A1DE4883C_cx0_cy3_cw0_w1023_r1_s.jpg\",\"datePublished\":\"2018-04-13T15:04:14+00:00\",\"description\":\"%\",\"breadcrumb\":{\"@id\":\"https:\/\/scm.bz\/kmr\/yemen-ny-bang-li-aliyen-ser-dike-da-ku-bi-sandere-we-ye-nu-re-alikar-bin\/#breadcrumb\"},\"inLanguage\":\"kmr\",\"potentialAction\":[{\"@type\":\"ReadAction\",\"target\":[\"https:\/\/scm.bz\/kmr\/yemen-ny-bang-li-aliyen-ser-dike-da-ku-bi-sandere-we-ye-nu-re-alikar-bin\/\"]}]},{\"@type\":\"ImageObject\",\"inLanguage\":\"kmr\",\"@id\":\"https:\/\/scm.bz\/kmr\/yemen-ny-bang-li-aliyen-ser-dike-da-ku-bi-sandere-we-ye-nu-re-alikar-bin\/#primaryimage\",\"url\":\"https:\/\/scm.bz\/wp-content\/uploads\/2018\/04\/369B065E-D003-4BD1-ADD9-2E1A1DE4883C_cx0_cy3_cw0_w1023_r1_s.jpg\",\"contentUrl\":\"https:\/\/scm.bz\/wp-content\/uploads\/2018\/04\/369B065E-D003-4BD1-ADD9-2E1A1DE4883C_cx0_cy3_cw0_w1023_r1_s.jpg\",\"width\":1023,\"height\":575},{\"@type\":\"BreadcrumbList\",\"@id\":\"https:\/\/scm.bz\/kmr\/yemen-ny-bang-li-aliyen-ser-dike-da-ku-bi-sandere-we-ye-nu-re-alikar-bin\/#breadcrumb\",\"itemListElement\":[{\"@type\":\"ListItem\",\"position\":1,\"name\":\"Home\",\"item\":\"https:\/\/scm.bz\/kmr\/\"},{\"@type\":\"ListItem\",\"position\":2,\"name\":\"Yemen: NY bang li al\u00eey\u00ean \u015fer dike da ku bi \u015fander\u00ea w\u00ea y\u00ea n\u00fb re al\u00eekar bin\"}]},{\"@type\":\"WebSite\",\"@id\":\"https:\/\/scm.bz\/#website\",\"url\":\"https:\/\/scm.bz\/\",\"name\":\"\u0627\u0644\u0645\u0631\u0643\u0632 \u0627\u0644\u0633\u0648\u0631\u064a \u0644\u0644\u0625\u0639\u0644\u0627\u0645 \u0648\u062d\u0631\u064a\u0629 \u0627\u0644\u062a\u0639\u0628\u064a\u0631 Syrian Center for Media and Freedom of Expression\",\"description\":\"\",\"publisher\":{\"@id\":\"https:\/\/scm.bz\/#organization\"},\"potentialAction\":[{\"@type\":\"SearchAction\",\"target\":{\"@type\":\"EntryPoint\",\"urlTemplate\":\"https:\/\/scm.bz\/?s={search_term_string}\"},\"query-input\":{\"@type\":\"PropertyValueSpecification\",\"valueRequired\":true,\"valueName\":\"search_term_string\"}}],\"inLanguage\":\"kmr\"},{\"@type\":\"Organization\",\"@id\":\"https:\/\/scm.bz\/#organization\",\"name\":\"\u0627\u0644\u0645\u0631\u0643\u0632 \u0627\u0644\u0633\u0648\u0631\u064a \u0644\u0644\u0625\u0639\u0644\u0627\u0645 \u0648\u062d\u0631\u064a\u0629 \u0627\u0644\u062a\u0639\u0628\u064a\u0631 Syrian Center for Media and Freedom of Expression\",\"url\":\"https:\/\/scm.bz\/\",\"logo\":{\"@type\":\"ImageObject\",\"inLanguage\":\"kmr\",\"@id\":\"https:\/\/scm.bz\/#\/schema\/logo\/image\/\",\"url\":\"http:\/\/scm.bz\/wp-content\/uploads\/2021\/01\/SCM-logo-1-with-Clear-Space-1-2.png\",\"contentUrl\":\"http:\/\/scm.bz\/wp-content\/uploads\/2021\/01\/SCM-logo-1-with-Clear-Space-1-2.png\",\"width\":1450,\"height\":1450,\"caption\":\"\u0627\u0644\u0645\u0631\u0643\u0632 \u0627\u0644\u0633\u0648\u0631\u064a \u0644\u0644\u0625\u0639\u0644\u0627\u0645 \u0648\u062d\u0631\u064a\u0629 \u0627\u0644\u062a\u0639\u0628\u064a\u0631 Syrian Center for Media and Freedom of Expression\"},\"image\":{\"@id\":\"https:\/\/scm.bz\/#\/schema\/logo\/image\/\"},\"sameAs\":[\"https:\/\/www.facebook.com\/scm.center\",\"https:\/\/x.com\/SyrianCenter\"]},{\"@type\":\"Person\",\"@id\":\"https:\/\/scm.bz\/#\/schema\/person\/d116d4c43d9f3d4fe4b61619e91ead45\",\"name\":\"scmadmin\",\"image\":{\"@type\":\"ImageObject\",\"inLanguage\":\"kmr\",\"@id\":\"https:\/\/scm.bz\/#\/schema\/person\/image\/\",\"url\":\"https:\/\/secure.gravatar.com\/avatar\/8cb2b559549de2ba5e28f5d26e15c8f315b5dd63c953e348e6769ae2e88e3cdc?s=96&d=blank&r=g\",\"contentUrl\":\"https:\/\/secure.gravatar.com\/avatar\/8cb2b559549de2ba5e28f5d26e15c8f315b5dd63c953e348e6769ae2e88e3cdc?s=96&d=blank&r=g\",\"caption\":\"scmadmin\"},\"url\":\"https:\/\/scm.bz\/kmr\/author\/scmadmin\/\"}]}<\/script>\n<!-- \/ Yoast SEO Premium plugin. -->","yoast_head_json":{"title":"Yemen: NY bang li al\u00eey\u00ean \u015fer dike da ku bi \u015fander\u00ea w\u00ea y\u00ea n\u00fb re al\u00eekar bin - \u0627\u0644\u0645\u0631\u0643\u0632 \u0627\u0644\u0633\u0648\u0631\u064a \u0644\u0644\u0625\u0639\u0644\u0627\u0645 \u0648\u062d\u0631\u064a\u0629 \u0627\u0644\u062a\u0639\u0628\u064a\u0631 Syrian Center for Media and Freedom of Expression","description":"%","robots":{"index":"index","follow":"follow","max-snippet":"max-snippet:-1","max-image-preview":"max-image-preview:large","max-video-preview":"max-video-preview:-1"},"canonical":"https:\/\/scm.bz\/kmr\/yemen-ny-bang-li-aliyen-ser-dike-da-ku-bi-sandere-we-ye-nu-re-alikar-bin\/","og_locale":"en_US","og_type":"article","og_title":"Yemen: NY bang li al\u00eey\u00ean \u015fer dike da ku bi \u015fander\u00ea w\u00ea y\u00ea n\u00fb re al\u00eekar bin","og_description":"%","og_url":"https:\/\/scm.bz\/kmr\/yemen-ny-bang-li-aliyen-ser-dike-da-ku-bi-sandere-we-ye-nu-re-alikar-bin\/","og_site_name":"\u0627\u0644\u0645\u0631\u0643\u0632 \u0627\u0644\u0633\u0648\u0631\u064a \u0644\u0644\u0625\u0639\u0644\u0627\u0645 \u0648\u062d\u0631\u064a\u0629 \u0627\u0644\u062a\u0639\u0628\u064a\u0631 Syrian Center for Media and Freedom of Expression","article_publisher":"https:\/\/www.facebook.com\/scm.center","article_published_time":"2018-04-13T15:04:14+00:00","og_image":[{"width":1023,"height":575,"url":"http:\/\/scm.bz\/wp-content\/uploads\/2018\/04\/369B065E-D003-4BD1-ADD9-2E1A1DE4883C_cx0_cy3_cw0_w1023_r1_s.jpg","type":"image\/jpeg"}],"author":"scmadmin","twitter_card":"summary_large_image","twitter_creator":"@SyrianCenter","twitter_site":"@SyrianCenter","twitter_misc":{"Written by":"scmadmin","Est. reading time":"1 minute"},"schema":{"@context":"https:\/\/schema.org","@graph":[{"@type":"Article","@id":"https:\/\/scm.bz\/kmr\/yemen-ny-bang-li-aliyen-ser-dike-da-ku-bi-sandere-we-ye-nu-re-alikar-bin\/#article","isPartOf":{"@id":"https:\/\/scm.bz\/kmr\/yemen-ny-bang-li-aliyen-ser-dike-da-ku-bi-sandere-we-ye-nu-re-alikar-bin\/"},"author":{"name":"scmadmin","@id":"https:\/\/scm.bz\/#\/schema\/person\/d116d4c43d9f3d4fe4b61619e91ead45"},"headline":"Yemen: NY bang li al\u00eey\u00ean \u015fer dike da ku bi \u015fander\u00ea w\u00ea y\u00ea n\u00fb re al\u00eekar bin","datePublished":"2018-04-13T15:04:14+00:00","mainEntityOfPage":{"@id":"https:\/\/scm.bz\/kmr\/yemen-ny-bang-li-aliyen-ser-dike-da-ku-bi-sandere-we-ye-nu-re-alikar-bin\/"},"wordCount":234,"commentCount":0,"publisher":{"@id":"https:\/\/scm.bz\/#organization"},"image":{"@id":"https:\/\/scm.bz\/kmr\/yemen-ny-bang-li-aliyen-ser-dike-da-ku-bi-sandere-we-ye-nu-re-alikar-bin\/#primaryimage"},"thumbnailUrl":"https:\/\/scm.bz\/wp-content\/uploads\/2018\/04\/369B065E-D003-4BD1-ADD9-2E1A1DE4883C_cx0_cy3_cw0_w1023_r1_s.jpg","articleSection":["C\u00eehana Ereb\u00ee","Rotator"],"inLanguage":"kmr"},{"@type":"WebPage","@id":"https:\/\/scm.bz\/kmr\/yemen-ny-bang-li-aliyen-ser-dike-da-ku-bi-sandere-we-ye-nu-re-alikar-bin\/","url":"https:\/\/scm.bz\/kmr\/yemen-ny-bang-li-aliyen-ser-dike-da-ku-bi-sandere-we-ye-nu-re-alikar-bin\/","name":"Yemen: NY bang li al\u00eey\u00ean \u015fer dike da ku bi \u015fander\u00ea w\u00ea y\u00ea n\u00fb re al\u00eekar bin - \u0627\u0644\u0645\u0631\u0643\u0632 \u0627\u0644\u0633\u0648\u0631\u064a \u0644\u0644\u0625\u0639\u0644\u0627\u0645 \u0648\u062d\u0631\u064a\u0629 \u0627\u0644\u062a\u0639\u0628\u064a\u0631 Syrian Center for Media and Freedom of Expression","isPartOf":{"@id":"https:\/\/scm.bz\/#website"},"primaryImageOfPage":{"@id":"https:\/\/scm.bz\/kmr\/yemen-ny-bang-li-aliyen-ser-dike-da-ku-bi-sandere-we-ye-nu-re-alikar-bin\/#primaryimage"},"image":{"@id":"https:\/\/scm.bz\/kmr\/yemen-ny-bang-li-aliyen-ser-dike-da-ku-bi-sandere-we-ye-nu-re-alikar-bin\/#primaryimage"},"thumbnailUrl":"https:\/\/scm.bz\/wp-content\/uploads\/2018\/04\/369B065E-D003-4BD1-ADD9-2E1A1DE4883C_cx0_cy3_cw0_w1023_r1_s.jpg","datePublished":"2018-04-13T15:04:14+00:00","description":"%","breadcrumb":{"@id":"https:\/\/scm.bz\/kmr\/yemen-ny-bang-li-aliyen-ser-dike-da-ku-bi-sandere-we-ye-nu-re-alikar-bin\/#breadcrumb"},"inLanguage":"kmr","potentialAction":[{"@type":"ReadAction","target":["https:\/\/scm.bz\/kmr\/yemen-ny-bang-li-aliyen-ser-dike-da-ku-bi-sandere-we-ye-nu-re-alikar-bin\/"]}]},{"@type":"ImageObject","inLanguage":"kmr","@id":"https:\/\/scm.bz\/kmr\/yemen-ny-bang-li-aliyen-ser-dike-da-ku-bi-sandere-we-ye-nu-re-alikar-bin\/#primaryimage","url":"https:\/\/scm.bz\/wp-content\/uploads\/2018\/04\/369B065E-D003-4BD1-ADD9-2E1A1DE4883C_cx0_cy3_cw0_w1023_r1_s.jpg","contentUrl":"https:\/\/scm.bz\/wp-content\/uploads\/2018\/04\/369B065E-D003-4BD1-ADD9-2E1A1DE4883C_cx0_cy3_cw0_w1023_r1_s.jpg","width":1023,"height":575},{"@type":"BreadcrumbList","@id":"https:\/\/scm.bz\/kmr\/yemen-ny-bang-li-aliyen-ser-dike-da-ku-bi-sandere-we-ye-nu-re-alikar-bin\/#breadcrumb","itemListElement":[{"@type":"ListItem","position":1,"name":"Home","item":"https:\/\/scm.bz\/kmr\/"},{"@type":"ListItem","position":2,"name":"Yemen: NY bang li al\u00eey\u00ean \u015fer dike da ku bi \u015fander\u00ea w\u00ea y\u00ea n\u00fb re al\u00eekar bin"}]},{"@type":"WebSite","@id":"https:\/\/scm.bz\/#website","url":"https:\/\/scm.bz\/","name":"\u0627\u0644\u0645\u0631\u0643\u0632 \u0627\u0644\u0633\u0648\u0631\u064a \u0644\u0644\u0625\u0639\u0644\u0627\u0645 \u0648\u062d\u0631\u064a\u0629 \u0627\u0644\u062a\u0639\u0628\u064a\u0631 Syrian Center for Media and Freedom of Expression","description":"","publisher":{"@id":"https:\/\/scm.bz\/#organization"},"potentialAction":[{"@type":"SearchAction","target":{"@type":"EntryPoint","urlTemplate":"https:\/\/scm.bz\/?s={search_term_string}"},"query-input":{"@type":"PropertyValueSpecification","valueRequired":true,"valueName":"search_term_string"}}],"inLanguage":"kmr"},{"@type":"Organization","@id":"https:\/\/scm.bz\/#organization","name":"\u0627\u0644\u0645\u0631\u0643\u0632 \u0627\u0644\u0633\u0648\u0631\u064a \u0644\u0644\u0625\u0639\u0644\u0627\u0645 \u0648\u062d\u0631\u064a\u0629 \u0627\u0644\u062a\u0639\u0628\u064a\u0631 Syrian Center for Media and Freedom of Expression","url":"https:\/\/scm.bz\/","logo":{"@type":"ImageObject","inLanguage":"kmr","@id":"https:\/\/scm.bz\/#\/schema\/logo\/image\/","url":"http:\/\/scm.bz\/wp-content\/uploads\/2021\/01\/SCM-logo-1-with-Clear-Space-1-2.png","contentUrl":"http:\/\/scm.bz\/wp-content\/uploads\/2021\/01\/SCM-logo-1-with-Clear-Space-1-2.png","width":1450,"height":1450,"caption":"\u0627\u0644\u0645\u0631\u0643\u0632 \u0627\u0644\u0633\u0648\u0631\u064a \u0644\u0644\u0625\u0639\u0644\u0627\u0645 \u0648\u062d\u0631\u064a\u0629 \u0627\u0644\u062a\u0639\u0628\u064a\u0631 Syrian Center for Media and Freedom of Expression"},"image":{"@id":"https:\/\/scm.bz\/#\/schema\/logo\/image\/"},"sameAs":["https:\/\/www.facebook.com\/scm.center","https:\/\/x.com\/SyrianCenter"]},{"@type":"Person","@id":"https:\/\/scm.bz\/#\/schema\/person\/d116d4c43d9f3d4fe4b61619e91ead45","name":"scmadmin","image":{"@type":"ImageObject","inLanguage":"kmr","@id":"https:\/\/scm.bz\/#\/schema\/person\/image\/","url":"https:\/\/secure.gravatar.com\/avatar\/8cb2b559549de2ba5e28f5d26e15c8f315b5dd63c953e348e6769ae2e88e3cdc?s=96&d=blank&r=g","contentUrl":"https:\/\/secure.gravatar.com\/avatar\/8cb2b559549de2ba5e28f5d26e15c8f315b5dd63c953e348e6769ae2e88e3cdc?s=96&d=blank&r=g","caption":"scmadmin"},"url":"https:\/\/scm.bz\/kmr\/author\/scmadmin\/"}]}},"_links":{"self":[{"href":"https:\/\/scm.bz\/kmr\/wp-json\/wp\/v2\/posts\/183782","targetHints":{"allow":["GET"]}}],"collection":[{"href":"https:\/\/scm.bz\/kmr\/wp-json\/wp\/v2\/posts"}],"about":[{"href":"https:\/\/scm.bz\/kmr\/wp-json\/wp\/v2\/types\/post"}],"author":[{"embeddable":true,"href":"https:\/\/scm.bz\/kmr\/wp-json\/wp\/v2\/users\/24"}],"replies":[{"embeddable":true,"href":"https:\/\/scm.bz\/kmr\/wp-json\/wp\/v2\/comments?post=183782"}],"version-history":[{"count":0,"href":"https:\/\/scm.bz\/kmr\/wp-json\/wp\/v2\/posts\/183782\/revisions"}],"wp:featuredmedia":[{"embeddable":true,"href":"https:\/\/scm.bz\/kmr\/wp-json\/wp\/v2\/media\/183780"}],"wp:attachment":[{"href":"https:\/\/scm.bz\/kmr\/wp-json\/wp\/v2\/media?parent=183782"}],"wp:term":[{"taxonomy":"category","embeddable":true,"href":"https:\/\/scm.bz\/kmr\/wp-json\/wp\/v2\/categories?post=183782"},{"taxonomy":"post_tag","embeddable":true,"href":"https:\/\/scm.bz\/kmr\/wp-json\/wp\/v2\/tags?post=183782"}],"curies":[{"name":"wp","href":"https:\/\/api.w.org\/{rel}","templated":true}]}}