{"id":183768,"date":"2018-04-13T17:00:18","date_gmt":"2018-04-13T15:00:18","guid":{"rendered":"https:\/\/scm.bz?p=183768"},"modified":"2018-04-13T17:00:18","modified_gmt":"2018-04-13T15:00:18","slug":"behren-durxistina-cigireki-denemarki-u-calakvaneki-mafnasi-dema-hewldana-seredana-ebdilhadi-xewace","status":"publish","type":"post","link":"https:\/\/scm.bz\/kmr\/behren-durxistina-cigireki-denemarki-u-calakvaneki-mafnasi-dema-hewldana-seredana-ebdilhadi-xewace\/","title":{"rendered":"Behr\u00ean: d\u00fbrxistina C\u00eegirek\u00ee Denemark\u00ee \u00fb \u00e7alakvanek\u00ee mafnas\u00ee dema hewldana seredana Ebdilhad\u00ee Xewace"},"content":{"rendered":"<p dir=\"ltr\">Behr\u00ean\u00ea \u00eeroj derbasb\u00fbna Lars Aslan Rasmosn, Endam\u00ea Parlementoya Danemark\u00ea \u00fb Brien Dolly ji navenda Xel\u00eec\u00ea ya Maf\u00ean Mirovan red kir bi behaneya ku \u201cmetirs\u00eeyeke ewleh\u00ee\u201d ne.<\/p>\n<p dir=\"ltr\">Her du saet 2y\u00ea sibeh\u00ea bi dema navxwey\u00ee gihan Behr\u00ean \u00fb hewla seredana berevanker\u00ea maf\u00ean mirovan Ebdilhad\u00ee Xoce di zindan\u00ea de dan, ku ew bi xwe j\u00ee welat\u00eeyek\u00ee Denemark\u00ee ye \u00fb damezr\u00eaner\u00ea Navenda Xel\u00eec\u00ea ya Maf\u00ean Mirovan e. Ebdilhad\u00ee Xewace di n\u00eesana 2011an de hate girtin \u00fb rast\u00ee \u00ee\u015fkencey\u00ea hat her wega pi\u015ft\u00ee dadgehkirineke le\u015fker\u00ee nedadmend bi zindana hetahetay\u00ee hate sezakirin.<\/p>\n<p dir=\"ltr\">Lars Aslan Rasmosn\u00a0 got : \u201cem ji bo n\u00ee\u015fandana nejib\u00eerkirina Xewaca \u00fb \u00e7alakvan\u00ean maf\u00ean mirovan y\u00ean din hatin her weha me xwest em bi b\u00eera Hik\u00fbmeta Denemark\u00ea b\u00eenin ku divabe ew zext\u00ea ji bo serbestkirina Ebdilhad\u00ee Xewaca bike.\u201d<\/p>\n<p dir=\"ltr\">Her du di dema amadekar\u00eey\u00ean Behr\u00ean\u00ea y\u00ean p\u00ea\u015fwaz\u00eekirina p\u00ea\u015fbirka Formula One di v\u00ea heftey\u00ea de gihan. Brien Dolly binp\u00eakirin\u00ean maf\u00ean mirovan ji sala 2011an ve bibelge kirib\u00fb \u00fb \u015fe\u015f salan ji derbasb\u00fbna baj\u00ear hatib\u00fb qedexekirin eyn\u00ee weke rew\u015fa karmend\u00ea Navenda Xel\u00eec\u00ea ya Maf\u00ean Mirovan.<\/p>\n<p dir=\"ltr\">Brien Dolly got: \u201cp\u00eadiv\u00eeya Behr\u00ean\u00ea bi s\u00eenorkirina \u00ee\u015fkencekirin\u00ea \u00fb armanckirina \u00e7alakvan\u00ean maf\u00ean mirovan her weha qedexekirina opozisyona siyas\u00ee heye,\u201d her weha z\u00eade kir \u201cqedexekirina parlementeran \u00fb gr\u00fbp\u00ean maf\u00ean mirovan her weha rojnamegeran ji derbasb\u00fbna baj\u00ear, ve\u015fartin r\u00eaj\u00eem\u00ea ji rast\u00eeyan re diyar dike. Divabe kes\u00ean ku d\u00ea di p\u00ea\u015fbirk\u00ean Formula One de be\u015fdar bibin zanibin \u00e7i li p\u00ea\u015fiya wan e ji ber ku Behr\u00ean b\u00fbye dewleteke pol\u00ees\u00ee.\u201d<\/p>\n<p dir=\"ltr\">Ebdilhad\u00ee Xewaca Serok\u00ea ber\u00ea y\u00ea navenda Behr\u00ean\u00ea ya Maf\u00ean Mirovan e, Hevr\u00eazkar\u00ea Parastin\u00ea y\u00ea ber\u00ea bo Her\u00eama Rojhilata Nav\u00een \u00fb Bakur\u00ea Afr\u00eeqay\u00ea di r\u00eaxistina Front Line Defenders de ye, endam\u00ea Tora \u015f\u00eawirkar\u00ee ya Navdewlet\u00ee di navenda J\u00eader\u00ean Kar \u00fb Maf\u00ean Mirovan de ye \u00fb gelek xelat\u00ean maf\u00ean mirovan \u00ean navdewlet\u00ee wergirtine her weha Navenda Xel\u00eec\u00ea ya Maf\u00ean Mirovan ber\u00ee \u00e7end rojan ji girtin\u00ea di 9\u00ea n\u00eesana 2011an de damezrand.<\/p>\n<p dir=\"ltr\">Ji w\u00ea \u00e7ax\u00ea ve berevanker\u00ean sereke y\u00ean maf\u00ean mirovan ne\u00e7ar mane ku di surgon\u00ea de bij\u00een an j\u00ee werin zindankirina pi\u015ft\u00ee dadgehkirin\u00ean ne dadmend eyn\u00ee weke rew\u015fa Ebdilhad\u00ee Xewaca, Neb\u00eel Receb \u00fb Nac\u00ee Fit\u00eel.<\/p>\n<p dir=\"ltr\">Rasmosn got: \u201cEbdilhad\u00ee Xewaca welat\u00eeyek\u00ee Danemark\u00ea ye \u00fb ez ji bo d\u00eetina w\u00ee hatim Behr\u00ean\u00ea Da ku j\u00ea re bib\u00eajim em her dem doza w\u00ee hildin parlementoya Danemark\u00ea bi r\u00eaya Ewropay\u00ea. Ew di war\u00ea maf\u00ean mirovan de kar dike, a\u015ft\u00eexwaz e \u00fb c\u00eehan hem\u00fb r\u00eazdar\u00eey\u00ea l\u00ea digire ji ber kar\u00ea w\u00ee, qedexekirina derbasb\u00fbna me ji bo d\u00eetina w\u00ee het\u00eeket\u00ee ye.\u201d<\/p>\n<p dir=\"ltr\">H\u00eajay\u00ee gotin\u00ea ye ku r\u00eaxistin\u00ean maf\u00ean mirovan \u00fb rojnameger\u00ean navdewlet\u00ee her weha siyasetmedar\u00ean biyan bi awayek\u00ee berdewam ji derbasb\u00fbna Behr\u00ean\u00ea t\u00ean qedexekirin.<\/p>\n<p dir=\"ltr\">Lars Aslan Rasmosn endam\u00ea Part\u00eeya Demoqrat a Civak\u00ee li Danemark\u00ea ye, Brien Dolly j\u00ee endam\u00ea Encumena \u015f\u00eawirkar a Navenda Xel\u00eec\u00ea ya Maf\u00ean Mirovan e ku r\u00eaxistineke her\u00eam\u00ee ye pi\u015ftgir\u00ee \u00fb parastin\u00ea ji berevanker\u00ean maf\u00ean mirovan re li her\u00eama Xel\u00eec\u00ea \u00fb der\u00fbdor\u00ea\u00a0 peyda dike.<\/p>\n","protected":false},"excerpt":{"rendered":"<p>Behr\u00ean\u00ea \u00eeroj derbasb\u00fbna Lars Aslan Rasmosn, Endam\u00ea Parlementoya Danemark\u00ea \u00fb Brien Dolly ji navenda Xel\u00eec\u00ea ya Maf\u00ean Mirovan red kir bi behaneya ku \u201cmetirs\u00eeyeke ewleh\u00ee\u201d ne. Her du saet 2y\u00ea sibeh\u00ea bi dema navxwey\u00ee gihan Behr\u00ean \u00fb hewla seredana berevanker\u00ea maf\u00ean mirovan Ebdilhad\u00ee Xoce di zindan\u00ea de dan, ku ew bi xwe j\u00ee welat\u00eeyek\u00ee Denemark\u00ee [&hellip;]<\/p>\n","protected":false},"author":24,"featured_media":183764,"comment_status":"open","ping_status":"open","sticky":false,"template":"","format":"standard","meta":{"_acf_changed":false,"footnotes":""},"categories":[333,369],"tags":[],"class_list":["post-183768","post","type-post","status-publish","format-standard","has-post-thumbnail","hentry","category-arab_world-ku","category-rotator-kmr","post-wrapper"],"acf":[],"yoast_head":"<!-- This site is optimized with the Yoast SEO Premium plugin v20.6 (Yoast SEO v26.5) - https:\/\/yoast.com\/wordpress\/plugins\/seo\/ -->\n<title>Behr\u00ean: d\u00fbrxistina C\u00eegirek\u00ee Denemark\u00ee \u00fb \u00e7alakvanek\u00ee mafnas\u00ee dema hewldana seredana Ebdilhad\u00ee Xewace - \u0627\u0644\u0645\u0631\u0643\u0632 \u0627\u0644\u0633\u0648\u0631\u064a \u0644\u0644\u0625\u0639\u0644\u0627\u0645 \u0648\u062d\u0631\u064a\u0629 \u0627\u0644\u062a\u0639\u0628\u064a\u0631 Syrian Center for Media and Freedom of Expression<\/title>\n<meta name=\"description\" content=\"%\" \/>\n<meta name=\"robots\" content=\"index, follow, max-snippet:-1, max-image-preview:large, max-video-preview:-1\" \/>\n<link rel=\"canonical\" href=\"https:\/\/new.scm.bz\/kmr\/behren-durxistina-cigireki-denemarki-u-calakvaneki-mafnasi-dema-hewldana-seredana-ebdilhadi-xewace\/\" \/>\n<meta property=\"og:locale\" content=\"en_US\" \/>\n<meta property=\"og:type\" content=\"article\" \/>\n<meta property=\"og:title\" content=\"Behr\u00ean: d\u00fbrxistina C\u00eegirek\u00ee Denemark\u00ee \u00fb \u00e7alakvanek\u00ee mafnas\u00ee dema hewldana seredana Ebdilhad\u00ee Xewace\" \/>\n<meta property=\"og:description\" content=\"%\" \/>\n<meta property=\"og:url\" content=\"https:\/\/new.scm.bz\/kmr\/behren-durxistina-cigireki-denemarki-u-calakvaneki-mafnasi-dema-hewldana-seredana-ebdilhadi-xewace\/\" \/>\n<meta property=\"og:site_name\" content=\"\u0627\u0644\u0645\u0631\u0643\u0632 \u0627\u0644\u0633\u0648\u0631\u064a \u0644\u0644\u0625\u0639\u0644\u0627\u0645 \u0648\u062d\u0631\u064a\u0629 \u0627\u0644\u062a\u0639\u0628\u064a\u0631 Syrian Center for Media and Freedom of Expression\" \/>\n<meta property=\"article:publisher\" content=\"https:\/\/www.facebook.com\/scm.center\" \/>\n<meta property=\"article:published_time\" content=\"2018-04-13T15:00:18+00:00\" \/>\n<meta property=\"og:image\" content=\"https:\/\/new.scm.bz\/wp-content\/uploads\/2018\/04\/Bahrain_-_04_April_2018_B1.jpg\" \/>\n\t<meta property=\"og:image:width\" content=\"475\" \/>\n\t<meta property=\"og:image:height\" content=\"211\" \/>\n\t<meta property=\"og:image:type\" content=\"image\/jpeg\" \/>\n<meta name=\"author\" content=\"scmadmin\" \/>\n<meta name=\"twitter:card\" content=\"summary_large_image\" \/>\n<meta name=\"twitter:creator\" content=\"@SyrianCenter\" \/>\n<meta name=\"twitter:site\" content=\"@SyrianCenter\" \/>\n<meta name=\"twitter:label1\" content=\"Written by\" \/>\n\t<meta name=\"twitter:data1\" content=\"scmadmin\" \/>\n\t<meta name=\"twitter:label2\" content=\"Est. reading time\" \/>\n\t<meta name=\"twitter:data2\" content=\"3 minutes\" \/>\n<script type=\"application\/ld+json\" class=\"yoast-schema-graph\">{\"@context\":\"https:\/\/schema.org\",\"@graph\":[{\"@type\":\"Article\",\"@id\":\"https:\/\/new.scm.bz\/kmr\/behren-durxistina-cigireki-denemarki-u-calakvaneki-mafnasi-dema-hewldana-seredana-ebdilhadi-xewace\/#article\",\"isPartOf\":{\"@id\":\"https:\/\/new.scm.bz\/kmr\/behren-durxistina-cigireki-denemarki-u-calakvaneki-mafnasi-dema-hewldana-seredana-ebdilhadi-xewace\/\"},\"author\":{\"name\":\"scmadmin\",\"@id\":\"https:\/\/scm.bz\/#\/schema\/person\/d116d4c43d9f3d4fe4b61619e91ead45\"},\"headline\":\"Behr\u00ean: d\u00fbrxistina C\u00eegirek\u00ee Denemark\u00ee \u00fb \u00e7alakvanek\u00ee mafnas\u00ee dema hewldana seredana Ebdilhad\u00ee Xewace\",\"datePublished\":\"2018-04-13T15:00:18+00:00\",\"mainEntityOfPage\":{\"@id\":\"https:\/\/new.scm.bz\/kmr\/behren-durxistina-cigireki-denemarki-u-calakvaneki-mafnasi-dema-hewldana-seredana-ebdilhadi-xewace\/\"},\"wordCount\":578,\"commentCount\":0,\"publisher\":{\"@id\":\"https:\/\/scm.bz\/#organization\"},\"image\":{\"@id\":\"https:\/\/new.scm.bz\/kmr\/behren-durxistina-cigireki-denemarki-u-calakvaneki-mafnasi-dema-hewldana-seredana-ebdilhadi-xewace\/#primaryimage\"},\"thumbnailUrl\":\"https:\/\/scm.bz\/wp-content\/uploads\/2018\/04\/Bahrain_-_04_April_2018_B1.jpg\",\"articleSection\":[\"C\u00eehana Ereb\u00ee\",\"Rotator\"],\"inLanguage\":\"kmr\"},{\"@type\":\"WebPage\",\"@id\":\"https:\/\/new.scm.bz\/kmr\/behren-durxistina-cigireki-denemarki-u-calakvaneki-mafnasi-dema-hewldana-seredana-ebdilhadi-xewace\/\",\"url\":\"https:\/\/new.scm.bz\/kmr\/behren-durxistina-cigireki-denemarki-u-calakvaneki-mafnasi-dema-hewldana-seredana-ebdilhadi-xewace\/\",\"name\":\"Behr\u00ean: d\u00fbrxistina C\u00eegirek\u00ee Denemark\u00ee \u00fb \u00e7alakvanek\u00ee mafnas\u00ee dema hewldana seredana Ebdilhad\u00ee Xewace - \u0627\u0644\u0645\u0631\u0643\u0632 \u0627\u0644\u0633\u0648\u0631\u064a \u0644\u0644\u0625\u0639\u0644\u0627\u0645 \u0648\u062d\u0631\u064a\u0629 \u0627\u0644\u062a\u0639\u0628\u064a\u0631 Syrian Center for Media and Freedom of Expression\",\"isPartOf\":{\"@id\":\"https:\/\/scm.bz\/#website\"},\"primaryImageOfPage\":{\"@id\":\"https:\/\/new.scm.bz\/kmr\/behren-durxistina-cigireki-denemarki-u-calakvaneki-mafnasi-dema-hewldana-seredana-ebdilhadi-xewace\/#primaryimage\"},\"image\":{\"@id\":\"https:\/\/new.scm.bz\/kmr\/behren-durxistina-cigireki-denemarki-u-calakvaneki-mafnasi-dema-hewldana-seredana-ebdilhadi-xewace\/#primaryimage\"},\"thumbnailUrl\":\"https:\/\/scm.bz\/wp-content\/uploads\/2018\/04\/Bahrain_-_04_April_2018_B1.jpg\",\"datePublished\":\"2018-04-13T15:00:18+00:00\",\"description\":\"%\",\"breadcrumb\":{\"@id\":\"https:\/\/new.scm.bz\/kmr\/behren-durxistina-cigireki-denemarki-u-calakvaneki-mafnasi-dema-hewldana-seredana-ebdilhadi-xewace\/#breadcrumb\"},\"inLanguage\":\"kmr\",\"potentialAction\":[{\"@type\":\"ReadAction\",\"target\":[\"https:\/\/new.scm.bz\/kmr\/behren-durxistina-cigireki-denemarki-u-calakvaneki-mafnasi-dema-hewldana-seredana-ebdilhadi-xewace\/\"]}]},{\"@type\":\"ImageObject\",\"inLanguage\":\"kmr\",\"@id\":\"https:\/\/new.scm.bz\/kmr\/behren-durxistina-cigireki-denemarki-u-calakvaneki-mafnasi-dema-hewldana-seredana-ebdilhadi-xewace\/#primaryimage\",\"url\":\"https:\/\/scm.bz\/wp-content\/uploads\/2018\/04\/Bahrain_-_04_April_2018_B1.jpg\",\"contentUrl\":\"https:\/\/scm.bz\/wp-content\/uploads\/2018\/04\/Bahrain_-_04_April_2018_B1.jpg\",\"width\":475,\"height\":211},{\"@type\":\"BreadcrumbList\",\"@id\":\"https:\/\/new.scm.bz\/kmr\/behren-durxistina-cigireki-denemarki-u-calakvaneki-mafnasi-dema-hewldana-seredana-ebdilhadi-xewace\/#breadcrumb\",\"itemListElement\":[{\"@type\":\"ListItem\",\"position\":1,\"name\":\"Home\",\"item\":\"https:\/\/scm.bz\/kmr\/\"},{\"@type\":\"ListItem\",\"position\":2,\"name\":\"Behr\u00ean: d\u00fbrxistina C\u00eegirek\u00ee Denemark\u00ee \u00fb \u00e7alakvanek\u00ee mafnas\u00ee dema hewldana seredana Ebdilhad\u00ee Xewace\"}]},{\"@type\":\"WebSite\",\"@id\":\"https:\/\/scm.bz\/#website\",\"url\":\"https:\/\/scm.bz\/\",\"name\":\"\u0627\u0644\u0645\u0631\u0643\u0632 \u0627\u0644\u0633\u0648\u0631\u064a \u0644\u0644\u0625\u0639\u0644\u0627\u0645 \u0648\u062d\u0631\u064a\u0629 \u0627\u0644\u062a\u0639\u0628\u064a\u0631 Syrian Center for Media and Freedom of Expression\",\"description\":\"\",\"publisher\":{\"@id\":\"https:\/\/scm.bz\/#organization\"},\"potentialAction\":[{\"@type\":\"SearchAction\",\"target\":{\"@type\":\"EntryPoint\",\"urlTemplate\":\"https:\/\/scm.bz\/?s={search_term_string}\"},\"query-input\":{\"@type\":\"PropertyValueSpecification\",\"valueRequired\":true,\"valueName\":\"search_term_string\"}}],\"inLanguage\":\"kmr\"},{\"@type\":\"Organization\",\"@id\":\"https:\/\/scm.bz\/#organization\",\"name\":\"\u0627\u0644\u0645\u0631\u0643\u0632 \u0627\u0644\u0633\u0648\u0631\u064a \u0644\u0644\u0625\u0639\u0644\u0627\u0645 \u0648\u062d\u0631\u064a\u0629 \u0627\u0644\u062a\u0639\u0628\u064a\u0631 Syrian Center for Media and Freedom of Expression\",\"url\":\"https:\/\/scm.bz\/\",\"logo\":{\"@type\":\"ImageObject\",\"inLanguage\":\"kmr\",\"@id\":\"https:\/\/scm.bz\/#\/schema\/logo\/image\/\",\"url\":\"http:\/\/scm.bz\/wp-content\/uploads\/2021\/01\/SCM-logo-1-with-Clear-Space-1-2.png\",\"contentUrl\":\"http:\/\/scm.bz\/wp-content\/uploads\/2021\/01\/SCM-logo-1-with-Clear-Space-1-2.png\",\"width\":1450,\"height\":1450,\"caption\":\"\u0627\u0644\u0645\u0631\u0643\u0632 \u0627\u0644\u0633\u0648\u0631\u064a \u0644\u0644\u0625\u0639\u0644\u0627\u0645 \u0648\u062d\u0631\u064a\u0629 \u0627\u0644\u062a\u0639\u0628\u064a\u0631 Syrian Center for Media and Freedom of Expression\"},\"image\":{\"@id\":\"https:\/\/scm.bz\/#\/schema\/logo\/image\/\"},\"sameAs\":[\"https:\/\/www.facebook.com\/scm.center\",\"https:\/\/x.com\/SyrianCenter\"]},{\"@type\":\"Person\",\"@id\":\"https:\/\/scm.bz\/#\/schema\/person\/d116d4c43d9f3d4fe4b61619e91ead45\",\"name\":\"scmadmin\",\"image\":{\"@type\":\"ImageObject\",\"inLanguage\":\"kmr\",\"@id\":\"https:\/\/scm.bz\/#\/schema\/person\/image\/\",\"url\":\"https:\/\/secure.gravatar.com\/avatar\/8cb2b559549de2ba5e28f5d26e15c8f315b5dd63c953e348e6769ae2e88e3cdc?s=96&d=blank&r=g\",\"contentUrl\":\"https:\/\/secure.gravatar.com\/avatar\/8cb2b559549de2ba5e28f5d26e15c8f315b5dd63c953e348e6769ae2e88e3cdc?s=96&d=blank&r=g\",\"caption\":\"scmadmin\"},\"url\":\"https:\/\/scm.bz\/kmr\/author\/scmadmin\/\"}]}<\/script>\n<!-- \/ Yoast SEO Premium plugin. -->","yoast_head_json":{"title":"Behr\u00ean: d\u00fbrxistina C\u00eegirek\u00ee Denemark\u00ee \u00fb \u00e7alakvanek\u00ee mafnas\u00ee dema hewldana seredana Ebdilhad\u00ee Xewace - \u0627\u0644\u0645\u0631\u0643\u0632 \u0627\u0644\u0633\u0648\u0631\u064a \u0644\u0644\u0625\u0639\u0644\u0627\u0645 \u0648\u062d\u0631\u064a\u0629 \u0627\u0644\u062a\u0639\u0628\u064a\u0631 Syrian Center for Media and Freedom of Expression","description":"%","robots":{"index":"index","follow":"follow","max-snippet":"max-snippet:-1","max-image-preview":"max-image-preview:large","max-video-preview":"max-video-preview:-1"},"canonical":"https:\/\/new.scm.bz\/kmr\/behren-durxistina-cigireki-denemarki-u-calakvaneki-mafnasi-dema-hewldana-seredana-ebdilhadi-xewace\/","og_locale":"en_US","og_type":"article","og_title":"Behr\u00ean: d\u00fbrxistina C\u00eegirek\u00ee Denemark\u00ee \u00fb \u00e7alakvanek\u00ee mafnas\u00ee dema hewldana seredana Ebdilhad\u00ee Xewace","og_description":"%","og_url":"https:\/\/new.scm.bz\/kmr\/behren-durxistina-cigireki-denemarki-u-calakvaneki-mafnasi-dema-hewldana-seredana-ebdilhadi-xewace\/","og_site_name":"\u0627\u0644\u0645\u0631\u0643\u0632 \u0627\u0644\u0633\u0648\u0631\u064a \u0644\u0644\u0625\u0639\u0644\u0627\u0645 \u0648\u062d\u0631\u064a\u0629 \u0627\u0644\u062a\u0639\u0628\u064a\u0631 Syrian Center for Media and Freedom of Expression","article_publisher":"https:\/\/www.facebook.com\/scm.center","article_published_time":"2018-04-13T15:00:18+00:00","og_image":[{"width":475,"height":211,"url":"https:\/\/new.scm.bz\/wp-content\/uploads\/2018\/04\/Bahrain_-_04_April_2018_B1.jpg","type":"image\/jpeg"}],"author":"scmadmin","twitter_card":"summary_large_image","twitter_creator":"@SyrianCenter","twitter_site":"@SyrianCenter","twitter_misc":{"Written by":"scmadmin","Est. reading time":"3 minutes"},"schema":{"@context":"https:\/\/schema.org","@graph":[{"@type":"Article","@id":"https:\/\/new.scm.bz\/kmr\/behren-durxistina-cigireki-denemarki-u-calakvaneki-mafnasi-dema-hewldana-seredana-ebdilhadi-xewace\/#article","isPartOf":{"@id":"https:\/\/new.scm.bz\/kmr\/behren-durxistina-cigireki-denemarki-u-calakvaneki-mafnasi-dema-hewldana-seredana-ebdilhadi-xewace\/"},"author":{"name":"scmadmin","@id":"https:\/\/scm.bz\/#\/schema\/person\/d116d4c43d9f3d4fe4b61619e91ead45"},"headline":"Behr\u00ean: d\u00fbrxistina C\u00eegirek\u00ee Denemark\u00ee \u00fb \u00e7alakvanek\u00ee mafnas\u00ee dema hewldana seredana Ebdilhad\u00ee Xewace","datePublished":"2018-04-13T15:00:18+00:00","mainEntityOfPage":{"@id":"https:\/\/new.scm.bz\/kmr\/behren-durxistina-cigireki-denemarki-u-calakvaneki-mafnasi-dema-hewldana-seredana-ebdilhadi-xewace\/"},"wordCount":578,"commentCount":0,"publisher":{"@id":"https:\/\/scm.bz\/#organization"},"image":{"@id":"https:\/\/new.scm.bz\/kmr\/behren-durxistina-cigireki-denemarki-u-calakvaneki-mafnasi-dema-hewldana-seredana-ebdilhadi-xewace\/#primaryimage"},"thumbnailUrl":"https:\/\/scm.bz\/wp-content\/uploads\/2018\/04\/Bahrain_-_04_April_2018_B1.jpg","articleSection":["C\u00eehana Ereb\u00ee","Rotator"],"inLanguage":"kmr"},{"@type":"WebPage","@id":"https:\/\/new.scm.bz\/kmr\/behren-durxistina-cigireki-denemarki-u-calakvaneki-mafnasi-dema-hewldana-seredana-ebdilhadi-xewace\/","url":"https:\/\/new.scm.bz\/kmr\/behren-durxistina-cigireki-denemarki-u-calakvaneki-mafnasi-dema-hewldana-seredana-ebdilhadi-xewace\/","name":"Behr\u00ean: d\u00fbrxistina C\u00eegirek\u00ee Denemark\u00ee \u00fb \u00e7alakvanek\u00ee mafnas\u00ee dema hewldana seredana Ebdilhad\u00ee Xewace - \u0627\u0644\u0645\u0631\u0643\u0632 \u0627\u0644\u0633\u0648\u0631\u064a \u0644\u0644\u0625\u0639\u0644\u0627\u0645 \u0648\u062d\u0631\u064a\u0629 \u0627\u0644\u062a\u0639\u0628\u064a\u0631 Syrian Center for Media and Freedom of Expression","isPartOf":{"@id":"https:\/\/scm.bz\/#website"},"primaryImageOfPage":{"@id":"https:\/\/new.scm.bz\/kmr\/behren-durxistina-cigireki-denemarki-u-calakvaneki-mafnasi-dema-hewldana-seredana-ebdilhadi-xewace\/#primaryimage"},"image":{"@id":"https:\/\/new.scm.bz\/kmr\/behren-durxistina-cigireki-denemarki-u-calakvaneki-mafnasi-dema-hewldana-seredana-ebdilhadi-xewace\/#primaryimage"},"thumbnailUrl":"https:\/\/scm.bz\/wp-content\/uploads\/2018\/04\/Bahrain_-_04_April_2018_B1.jpg","datePublished":"2018-04-13T15:00:18+00:00","description":"%","breadcrumb":{"@id":"https:\/\/new.scm.bz\/kmr\/behren-durxistina-cigireki-denemarki-u-calakvaneki-mafnasi-dema-hewldana-seredana-ebdilhadi-xewace\/#breadcrumb"},"inLanguage":"kmr","potentialAction":[{"@type":"ReadAction","target":["https:\/\/new.scm.bz\/kmr\/behren-durxistina-cigireki-denemarki-u-calakvaneki-mafnasi-dema-hewldana-seredana-ebdilhadi-xewace\/"]}]},{"@type":"ImageObject","inLanguage":"kmr","@id":"https:\/\/new.scm.bz\/kmr\/behren-durxistina-cigireki-denemarki-u-calakvaneki-mafnasi-dema-hewldana-seredana-ebdilhadi-xewace\/#primaryimage","url":"https:\/\/scm.bz\/wp-content\/uploads\/2018\/04\/Bahrain_-_04_April_2018_B1.jpg","contentUrl":"https:\/\/scm.bz\/wp-content\/uploads\/2018\/04\/Bahrain_-_04_April_2018_B1.jpg","width":475,"height":211},{"@type":"BreadcrumbList","@id":"https:\/\/new.scm.bz\/kmr\/behren-durxistina-cigireki-denemarki-u-calakvaneki-mafnasi-dema-hewldana-seredana-ebdilhadi-xewace\/#breadcrumb","itemListElement":[{"@type":"ListItem","position":1,"name":"Home","item":"https:\/\/scm.bz\/kmr\/"},{"@type":"ListItem","position":2,"name":"Behr\u00ean: d\u00fbrxistina C\u00eegirek\u00ee Denemark\u00ee \u00fb \u00e7alakvanek\u00ee mafnas\u00ee dema hewldana seredana Ebdilhad\u00ee Xewace"}]},{"@type":"WebSite","@id":"https:\/\/scm.bz\/#website","url":"https:\/\/scm.bz\/","name":"\u0627\u0644\u0645\u0631\u0643\u0632 \u0627\u0644\u0633\u0648\u0631\u064a \u0644\u0644\u0625\u0639\u0644\u0627\u0645 \u0648\u062d\u0631\u064a\u0629 \u0627\u0644\u062a\u0639\u0628\u064a\u0631 Syrian Center for Media and Freedom of Expression","description":"","publisher":{"@id":"https:\/\/scm.bz\/#organization"},"potentialAction":[{"@type":"SearchAction","target":{"@type":"EntryPoint","urlTemplate":"https:\/\/scm.bz\/?s={search_term_string}"},"query-input":{"@type":"PropertyValueSpecification","valueRequired":true,"valueName":"search_term_string"}}],"inLanguage":"kmr"},{"@type":"Organization","@id":"https:\/\/scm.bz\/#organization","name":"\u0627\u0644\u0645\u0631\u0643\u0632 \u0627\u0644\u0633\u0648\u0631\u064a \u0644\u0644\u0625\u0639\u0644\u0627\u0645 \u0648\u062d\u0631\u064a\u0629 \u0627\u0644\u062a\u0639\u0628\u064a\u0631 Syrian Center for Media and Freedom of Expression","url":"https:\/\/scm.bz\/","logo":{"@type":"ImageObject","inLanguage":"kmr","@id":"https:\/\/scm.bz\/#\/schema\/logo\/image\/","url":"http:\/\/scm.bz\/wp-content\/uploads\/2021\/01\/SCM-logo-1-with-Clear-Space-1-2.png","contentUrl":"http:\/\/scm.bz\/wp-content\/uploads\/2021\/01\/SCM-logo-1-with-Clear-Space-1-2.png","width":1450,"height":1450,"caption":"\u0627\u0644\u0645\u0631\u0643\u0632 \u0627\u0644\u0633\u0648\u0631\u064a \u0644\u0644\u0625\u0639\u0644\u0627\u0645 \u0648\u062d\u0631\u064a\u0629 \u0627\u0644\u062a\u0639\u0628\u064a\u0631 Syrian Center for Media and Freedom of Expression"},"image":{"@id":"https:\/\/scm.bz\/#\/schema\/logo\/image\/"},"sameAs":["https:\/\/www.facebook.com\/scm.center","https:\/\/x.com\/SyrianCenter"]},{"@type":"Person","@id":"https:\/\/scm.bz\/#\/schema\/person\/d116d4c43d9f3d4fe4b61619e91ead45","name":"scmadmin","image":{"@type":"ImageObject","inLanguage":"kmr","@id":"https:\/\/scm.bz\/#\/schema\/person\/image\/","url":"https:\/\/secure.gravatar.com\/avatar\/8cb2b559549de2ba5e28f5d26e15c8f315b5dd63c953e348e6769ae2e88e3cdc?s=96&d=blank&r=g","contentUrl":"https:\/\/secure.gravatar.com\/avatar\/8cb2b559549de2ba5e28f5d26e15c8f315b5dd63c953e348e6769ae2e88e3cdc?s=96&d=blank&r=g","caption":"scmadmin"},"url":"https:\/\/scm.bz\/kmr\/author\/scmadmin\/"}]}},"_links":{"self":[{"href":"https:\/\/scm.bz\/kmr\/wp-json\/wp\/v2\/posts\/183768","targetHints":{"allow":["GET"]}}],"collection":[{"href":"https:\/\/scm.bz\/kmr\/wp-json\/wp\/v2\/posts"}],"about":[{"href":"https:\/\/scm.bz\/kmr\/wp-json\/wp\/v2\/types\/post"}],"author":[{"embeddable":true,"href":"https:\/\/scm.bz\/kmr\/wp-json\/wp\/v2\/users\/24"}],"replies":[{"embeddable":true,"href":"https:\/\/scm.bz\/kmr\/wp-json\/wp\/v2\/comments?post=183768"}],"version-history":[{"count":0,"href":"https:\/\/scm.bz\/kmr\/wp-json\/wp\/v2\/posts\/183768\/revisions"}],"wp:featuredmedia":[{"embeddable":true,"href":"https:\/\/scm.bz\/kmr\/wp-json\/wp\/v2\/media\/183764"}],"wp:attachment":[{"href":"https:\/\/scm.bz\/kmr\/wp-json\/wp\/v2\/media?parent=183768"}],"wp:term":[{"taxonomy":"category","embeddable":true,"href":"https:\/\/scm.bz\/kmr\/wp-json\/wp\/v2\/categories?post=183768"},{"taxonomy":"post_tag","embeddable":true,"href":"https:\/\/scm.bz\/kmr\/wp-json\/wp\/v2\/tags?post=183768"}],"curies":[{"name":"wp","href":"https:\/\/api.w.org\/{rel}","templated":true}]}}