{"id":182069,"date":"2018-01-26T18:11:41","date_gmt":"2018-01-26T16:11:41","guid":{"rendered":"https:\/\/scm.bz\/uncategorized-kmr\/%d8%a7%d9%84%d9%85%d8%b1%d9%83%d8%b2-%d8%a7%d9%84%d8%b3%d9%88%d8%b1%d9%8a-%d9%84%d9%84%d8%a5%d8%b9%d9%84%d8%a7%d9%85-%d9%88%d8%ad%d8%b1%d9%8a%d8%a9-%d8%a7%d9%84%d8%aa%d8%b9%d8%a8%d9%8a%d8%b1-%d9%8a-9"},"modified":"2018-01-26T18:13:50","modified_gmt":"2018-01-26T16:13:50","slug":"navenda-suriyayi-ya-ragihandine-u-azadiya-derbirine-besdari-kongire-cawaniya-rawestandina-kustine-ye-navdewleti-dibe","status":"publish","type":"post","link":"https:\/\/scm.bz\/kmr\/navenda-suriyayi-ya-ragihandine-u-azadiya-derbirine-besdari-kongire-cawaniya-rawestandina-kustine-ye-navdewleti-dibe\/","title":{"rendered":"Navenda S\u00fbr\u00eeyay\u00ee ya Ragihandin\u00ea \u00fb Azad\u00eeya Derbir\u00een\u00ea be\u015fdar\u00ee kongir\u00ea &#8220;\u00e7awan\u00eeya rawestandina ku\u015ftin\u00ea&#8221; y\u00ea navdewlet\u00ee dibe"},"content":{"rendered":"<p dir=\"ltr\"><a href=\"https:\/\/scm.bz\/main-stories\/9-december-international-day-of-commemoration-and-dignity-of-the-victims-of-the-crime-of-genocide-and-of-the-prevention-of-this-crime.html\"><span style=\"font-weight: 400;\">Navenda S\u00fbr\u00eeyay\u00ee ya Ragihandin\u00ea \u00fb Azad\u00eeya Derbir\u00een\u00ea<\/span><\/a><span style=\"font-weight: 400;\">\u00a0be\u015fdar\u00ee\u00a0<\/span><a href=\"http:\/\/www.egam.eu\/how-to-stop-the-killing-international-conference-in-paris\/\"><span style=\"font-weight: 400;\">kongir\u00ea &#8220;\u00e7awan\u00eeya rawestandina ku\u015ftin\u00ea&#8221; y\u00ea navdewlet\u00ee<\/span><\/a><span style=\"font-weight: 400;\">\u00a0b\u00fb ku di 9\u00ea berfanbara 2017an de li Par\u00ees\u00ea hate lidarxistin, par\u00eazer Elmutesem Elk\u00eelan\u00ee nw\u00eanert\u00eeya navend\u00ea dikir \u00fb li gel nw\u00eaner\u00ean r\u00eaxistin\u00ean navdewlet\u00ee y\u00ean ku guhdan\u00ea bi tawan\u00ean li dij mirovah\u00eey\u00ea dikin her weha nw\u00eaner\u00ean NYy\u00ea \u00fb encumena maf\u00ean mirovan b\u00fb, kongir\u00ea behsa mijar komkuj\u00eeyan li c\u00eehan\u00ea kir.<\/span><\/p>\n<p dir=\"ltr\"><span style=\"font-weight: 400;\">Lidarxistina kongir\u00ea di heman dema b\u00eeran\u00eena \u015f\u00east \u00fb nehan a lixwegirtina lihevkirina &#8220;<\/span><a href=\"https:\/\/scm.bz\/scmE2hCe\"><span style=\"font-weight: 400;\">qedexekirina tawana komkuj\u00eey\u00ea \u00fb sezakirina tawankeran<\/span><\/a><span style=\"font-weight: 400;\">&#8221; de ku NYy\u00ea di 9\u00ea berfanbara 1948an de li xwe girtib\u00fb, her weha ev d\u00eeroka weke &#8221;\u00a0<\/span><a href=\"https:\/\/scm.bz\/main-stories\/9-december-international-day-of-commemoration-and-dignity-of-the-victims-of-the-crime-of-genocide-and-of-the-prevention-of-this-crime.html\"><span style=\"font-weight: 400;\">roja navdewlet\u00ee ya vej\u00een \u00fb r\u00eazdar\u00eeya li qurban\u00eey\u00ean tawan\u00ean komkuj\u00eeyan \u00fb qedexekirina v\u00ea tawan\u00ea<\/span><\/a><span style=\"font-weight: 400;\">&#8221; hatib\u00fb destn\u00ee\u015fankirin di sala 2015an de.<\/span><\/p>\n<p dir=\"ltr\"><img loading=\"lazy\" decoding=\"async\" class=\"wp-image-176451 aligncenter\" src=\"https:\/\/scm.bz\/wp-content\/uploads\/2017\/12\/IMG_4418-600x450.jpg\" alt=\"\" width=\"895\" height=\"671\" \/><\/p>\n<p dir=\"ltr\"><span style=\"font-weight: 400;\">Nw\u00eaner\u00ean Ermenistan, Afr\u00eekaya Nav\u00een, \u00ceraq \u00fb S\u00fbr\u00eeyay\u00ea di kongir\u00ea de behsa binp\u00eakirina maf\u00ean mirovan li dewlet\u00ean xwe kirin her weha behsa away\u00ean sekinandina komkuj\u00eeyan kirin li gel tecrubey\u00ean wan di bilindkirina deng\u00ean qurban\u00eeyan de ku heta v\u00ea serdem\u00ea de j\u00ee h\u00een komkuj\u00ee t\u00eane kirin \u00fb rew\u015f li gelek dewletan neba\u015f e ji nav wan j\u00ee S\u00fbr\u00eeya, \u00eeraq, L\u00eebya, Myanmar, Komara Afr\u00eekaya Nav\u00een \u00fb gelek dever\u00ean din.<\/span><\/p>\n<p dir=\"ltr\"><span style=\"font-weight: 400;\"><img loading=\"lazy\" decoding=\"async\" class=\"wp-image-176452 alignright\" src=\"https:\/\/scm.bz\/wp-content\/uploads\/2017\/12\/IMG_4408-428x450.jpg\" alt=\"\" width=\"259\" height=\"272\" \/>Di axaftina xwe ya Kongir\u00ea \u00a0de mamosta Elk\u00eelan\u00ee \u00a0behsa \u015fer\u00ea li S\u00fbr\u00eeyay\u00ea kirk u ev \u015fer ket \u015f\u00fbna tevgera daxwaz\u00ean a\u015ft\u00eeyane ya adara 2011an de li hem\u00fb bajar\u00ean S\u00fbr\u00eeyay\u00ee ew j\u00ee bi sedema tund\u00eey\u00ea \u00fb armanckirina siv\u00eelan ji h\u00eala r\u00eaj\u00eema S\u00fbr\u00eeyay\u00ea ve.<\/span><\/p>\n<p dir=\"ltr\"><span style=\"font-weight: 400;\">her weha Elk\u00eelan\u00ee behsa girtin, tund\u00ee, ku\u015ftin, w\u00earankirin, bir\u00e7\u00eekirin, ko\u00e7berkirin \u00fb bikaran\u00eena hem\u00fb \u00e7ek\u00ean qedexekir\u00ee m\u00eena \u00e7ek\u00ean k\u00eemaw\u00ee di v\u00ea ceng\u00ea de kir, li gel encam\u00ean van kiryar\u00ean ku bi sedan ku\u015ft\u00ee \u00fb bir\u00eendar, b\u00eahtir\u00ee 215 hezar girt\u00ee \u00fb bi melyonan ko\u00e7ber \u00fb penaber li pa\u015f xwe hi\u015ftine\u00a0 (<a href=\"http:\/\/sn4hr.org\/arabic\/\">SNHR<\/a>).<\/span><\/p>\n<p dir=\"ltr\"><span style=\"font-weight: 400;\">Derbar\u00ea kar\u00ea navend\u00ea de di war\u00ea s\u00fbdgirtina ji kar\u00ea dadgeh\u00ean ni\u015ft\u00eeman\u00ee li Ewropay\u00ea y\u00ea c\u00eehan\u00ee, Elk\u00eelan\u00ee kar\u00ea navenfd\u00ea di war\u00ea p\u00ea\u015fk\u00ea\u015fkirina dozan li Almanya \u00fb Fransay\u00ea an\u00ee ser ziman \u00fb behsa xebat\u00ean berdewam bo doz\u00ean n\u00fb j\u00ee kir.<\/span><\/p>\n<p dir=\"ltr\"><span style=\"font-weight: 400;\">Her weha diyar kir: ku bijardeya navend\u00ea weke dezgeheke siv\u00eel di dijat\u00eeya tund\u00eey\u00ea de bi hem\u00fb c\u00fbrey\u00ean w\u00ea her weha dijat\u00eeya ceng\u00ea, \u00fb kar\u00ea navend\u00ea di bibelgekirina binp\u00eakirinan de b\u00fb sedema girtina 14 endam\u00ean navend\u00ea ji h\u00eala r\u00eaj\u00eema S\u00fbr\u00eeyay\u00ea ve di sibata 2012an de, hin ji wan demeke dij\u00eaj di girt\u00eegeh\u00ea de derbas kir her weha b\u00fb sedema ku\u015ftina Eyhem Xez\u00fbl; yek ji hevkar\u00ean navend\u00ea ji ber \u00ee\u015fkencey\u00ea, pa\u015f\u00ea 4 hevkar \u00fb heval\u00ean navend\u00ea ji h\u00eala r\u00eaxistineke \u00e7ekdar ve hatin girtin.<\/span><\/p>\n<p dir=\"ltr\"><span style=\"font-weight: 400;\">Elk\u00eelan\u00ee di gotina xwe de bang li civaka navdewlet\u00ee kir da ku pi\u015ftgir\u00eeya navend\u00ea \u00fb r\u00eaxistin\u00ean civaka S\u00fbr\u00eeyay\u00ee bike di war\u00ea kar\u00ea wan \u00ea \u00e7esipandina l\u00eapirs\u00een\u00ea \u00fb dadmend\u00eeya veguh\u00eaz li S\u00fbr\u00eeyay\u00ea. Her weha got: \u201cher tawaneke ceng\u00ea an dij\u00ee mirovah\u00eey\u00ea ku em li himber w\u00ea b\u00eadeng dim\u00eenin, tawan\u00ean n\u00fb di p\u00ea\u015feroj\u00ea de dadimezr\u00eenin, her tawankerek em w\u00ee b\u00ea sezakirin berdidin dibe sedema afirandina bidehan tawankar\u00ean ceng\u00ea di p\u00ea\u015feroj\u00ea de li hem\u00fb al\u00eey\u00ean c\u00eehan\u00ea. \u00c7i cara ku em dijat\u00eeya encam\u00ean teror\u00ea dikin l\u00ea dijat\u00eeya sideman nakin, em di afirandina teroreke n\u00fb di bin nav\u00ean n\u00fb de be\u015fdar dibin.\u201d<\/span><\/p>\n<p dir=\"ltr\"><span style=\"font-weight: 400;\">Kongir ji h\u00eala\u00a0<\/span><a href=\"http:\/\/www.egam.eu\/how-to-stop-the-killing-international-conference-in-paris\/\"><span style=\"font-weight: 400;\">Tevgera Ewropay\u00ee a Dijat\u00eeya Nijadperest\u00eey\u00ea<\/span><\/a><span style=\"font-weight: 400;\">\u00a0(EGAM),\u00a0<\/span><a href=\"http:\/\/agbueurope.eu\/\"><span style=\"font-weight: 400;\">Yek\u00eet\u00eeya Ermen a Gi\u015ft\u00ee a X\u00earxwaz<\/span><\/a><span style=\"font-weight: 400;\">\u00a0(AGBU) \u00fb\u00a0<\/span><a href=\"http:\/\/www.armenews.com\/\"><span style=\"font-weight: 400;\">Kovara N\u00fb\u00e7ey\u00ean Ermenistan\u00ea<\/span><\/a><span style=\"font-weight: 400;\">.<\/span><\/p>\n<p dir=\"ltr\"><span style=\"font-weight: 400;\">Bo daxistina\u00a0<\/span><span style=\"font-weight: 400;\">\u00e7apa rapor\u00ea ya PDF\u00a0<a href=\"https:\/\/scm.bz\/wp-content\/uploads\/2017\/12\/SCM_Speech_HTSK_ar.pdf\">Ereb\u00ee<\/a>\u00a0|\u00a0<a href=\"https:\/\/scm.bz\/wp-content\/uploads\/2017\/12\/SCM_Speech_HTSK_fr.pdf\">Frans\u00ee<\/a><\/span><\/p>\n<p dir=\"ltr\"><iframe loading=\"lazy\" src=\"https:\/\/www.facebook.com\/plugins\/video.php?href=https%3A%2F%2Fwww.facebook.com%2FEGAMOfficial%2Fvideos%2F1756346741065442%2F&amp;show_text=0&amp;width=700\" width=\"700\" height=\"394\" frameborder=\"0\" scrolling=\"no\" allowfullscreen=\"allowfullscreen\"><\/iframe><\/p>\n","protected":false},"excerpt":{"rendered":"<p>Navenda S\u00fbr\u00eeyay\u00ee ya Ragihandin\u00ea \u00fb Azad\u00eeya Derbir\u00een\u00ea\u00a0be\u015fdar\u00ee\u00a0kongir\u00ea &#8220;\u00e7awan\u00eeya rawestandina ku\u015ftin\u00ea&#8221; y\u00ea navdewlet\u00ee\u00a0b\u00fb ku di 9\u00ea berfanbara 2017an de li Par\u00ees\u00ea hate lidarxistin, par\u00eazer Elmutesem Elk\u00eelan\u00ee nw\u00eanert\u00eeya navend\u00ea dikir \u00fb li gel nw\u00eaner\u00ean r\u00eaxistin\u00ean navdewlet\u00ee y\u00ean ku guhdan\u00ea bi tawan\u00ean li dij mirovah\u00eey\u00ea dikin her weha nw\u00eaner\u00ean NYy\u00ea \u00fb encumena maf\u00ean mirovan b\u00fb, kongir\u00ea behsa mijar [&hellip;]<\/p>\n","protected":false},"author":24,"featured_media":182064,"comment_status":"open","ping_status":"open","sticky":false,"template":"","format":"standard","meta":{"_acf_changed":false,"footnotes":""},"categories":[328,325,369],"tags":[],"class_list":["post-182069","post","type-post","status-publish","format-standard","has-post-thumbnail","hentry","category-statements-kmr","category-violations-kmr","category-rotator-kmr","post-wrapper"],"acf":[],"yoast_head":"<!-- This site is optimized with the Yoast SEO Premium plugin v20.6 (Yoast SEO v26.5) - https:\/\/yoast.com\/wordpress\/plugins\/seo\/ -->\n<title>Navenda S\u00fbr\u00eeyay\u00ee ya Ragihandin\u00ea \u00fb Azad\u00eeya Derbir\u00een\u00ea be\u015fdar\u00ee kongir\u00ea &quot;\u00e7awan\u00eeya rawestandina ku\u015ftin\u00ea&quot; y\u00ea navdewlet\u00ee dibe - \u0627\u0644\u0645\u0631\u0643\u0632 \u0627\u0644\u0633\u0648\u0631\u064a \u0644\u0644\u0625\u0639\u0644\u0627\u0645 \u0648\u062d\u0631\u064a\u0629 \u0627\u0644\u062a\u0639\u0628\u064a\u0631 Syrian Center for Media and Freedom of Expression<\/title>\n<meta name=\"description\" content=\"%\" \/>\n<meta name=\"robots\" content=\"index, follow, max-snippet:-1, max-image-preview:large, max-video-preview:-1\" \/>\n<link rel=\"canonical\" href=\"https:\/\/mfu.scm.bz\/kmr\/navenda-suriyayi-ya-ragihandine-u-azadiya-derbirine-besdari-kongire-cawaniya-rawestandina-kustine-ye-navdewleti-dibe\/\" \/>\n<meta property=\"og:locale\" content=\"en_US\" \/>\n<meta property=\"og:type\" content=\"article\" \/>\n<meta property=\"og:title\" content=\"Navenda S\u00fbr\u00eeyay\u00ee ya Ragihandin\u00ea \u00fb Azad\u00eeya Derbir\u00een\u00ea be\u015fdar\u00ee kongir\u00ea &quot;\u00e7awan\u00eeya rawestandina ku\u015ftin\u00ea&quot; y\u00ea navdewlet\u00ee dibe\" \/>\n<meta property=\"og:description\" content=\"%\" \/>\n<meta property=\"og:url\" content=\"https:\/\/mfu.scm.bz\/kmr\/navenda-suriyayi-ya-ragihandine-u-azadiya-derbirine-besdari-kongire-cawaniya-rawestandina-kustine-ye-navdewleti-dibe\/\" \/>\n<meta property=\"og:site_name\" content=\"\u0627\u0644\u0645\u0631\u0643\u0632 \u0627\u0644\u0633\u0648\u0631\u064a \u0644\u0644\u0625\u0639\u0644\u0627\u0645 \u0648\u062d\u0631\u064a\u0629 \u0627\u0644\u062a\u0639\u0628\u064a\u0631 Syrian Center for Media and Freedom of Expression\" \/>\n<meta property=\"article:publisher\" content=\"https:\/\/www.facebook.com\/scm.center\" \/>\n<meta property=\"article:published_time\" content=\"2018-01-26T16:11:41+00:00\" \/>\n<meta property=\"article:modified_time\" content=\"2018-01-26T16:13:50+00:00\" \/>\n<meta property=\"og:image\" content=\"https:\/\/mfu.scm.bz\/wp-content\/uploads\/2018\/01\/HowToStopTheKilling.jpg\" \/>\n\t<meta property=\"og:image:width\" content=\"960\" \/>\n\t<meta property=\"og:image:height\" content=\"447\" \/>\n\t<meta property=\"og:image:type\" content=\"image\/jpeg\" \/>\n<meta name=\"author\" content=\"scmadmin\" \/>\n<meta name=\"twitter:card\" content=\"summary_large_image\" \/>\n<meta name=\"twitter:creator\" content=\"@SyrianCenter\" \/>\n<meta name=\"twitter:site\" content=\"@SyrianCenter\" \/>\n<meta name=\"twitter:label1\" content=\"Written by\" \/>\n\t<meta name=\"twitter:data1\" content=\"scmadmin\" \/>\n\t<meta name=\"twitter:label2\" content=\"Est. reading time\" \/>\n\t<meta name=\"twitter:data2\" content=\"3 minutes\" \/>\n<script type=\"application\/ld+json\" class=\"yoast-schema-graph\">{\"@context\":\"https:\/\/schema.org\",\"@graph\":[{\"@type\":\"Article\",\"@id\":\"https:\/\/mfu.scm.bz\/kmr\/navenda-suriyayi-ya-ragihandine-u-azadiya-derbirine-besdari-kongire-cawaniya-rawestandina-kustine-ye-navdewleti-dibe\/#article\",\"isPartOf\":{\"@id\":\"https:\/\/mfu.scm.bz\/kmr\/navenda-suriyayi-ya-ragihandine-u-azadiya-derbirine-besdari-kongire-cawaniya-rawestandina-kustine-ye-navdewleti-dibe\/\"},\"author\":{\"name\":\"scmadmin\",\"@id\":\"https:\/\/scm.bz\/#\/schema\/person\/d116d4c43d9f3d4fe4b61619e91ead45\"},\"headline\":\"Navenda S\u00fbr\u00eeyay\u00ee ya Ragihandin\u00ea \u00fb Azad\u00eeya Derbir\u00een\u00ea be\u015fdar\u00ee kongir\u00ea &#8220;\u00e7awan\u00eeya rawestandina ku\u015ftin\u00ea&#8221; y\u00ea navdewlet\u00ee dibe\",\"datePublished\":\"2018-01-26T16:11:41+00:00\",\"dateModified\":\"2018-01-26T16:13:50+00:00\",\"mainEntityOfPage\":{\"@id\":\"https:\/\/mfu.scm.bz\/kmr\/navenda-suriyayi-ya-ragihandine-u-azadiya-derbirine-besdari-kongire-cawaniya-rawestandina-kustine-ye-navdewleti-dibe\/\"},\"wordCount\":670,\"commentCount\":0,\"publisher\":{\"@id\":\"https:\/\/scm.bz\/#organization\"},\"image\":{\"@id\":\"https:\/\/mfu.scm.bz\/kmr\/navenda-suriyayi-ya-ragihandine-u-azadiya-derbirine-besdari-kongire-cawaniya-rawestandina-kustine-ye-navdewleti-dibe\/#primaryimage\"},\"thumbnailUrl\":\"https:\/\/scm.bz\/wp-content\/uploads\/2018\/01\/HowToStopTheKilling.jpg\",\"articleSection\":[\"Beyannamey\u00ean SCM\u00ea\",\"Rewangeha Binp\u00eakirinan\",\"Rotator\"],\"inLanguage\":\"kmr\"},{\"@type\":\"WebPage\",\"@id\":\"https:\/\/mfu.scm.bz\/kmr\/navenda-suriyayi-ya-ragihandine-u-azadiya-derbirine-besdari-kongire-cawaniya-rawestandina-kustine-ye-navdewleti-dibe\/\",\"url\":\"https:\/\/mfu.scm.bz\/kmr\/navenda-suriyayi-ya-ragihandine-u-azadiya-derbirine-besdari-kongire-cawaniya-rawestandina-kustine-ye-navdewleti-dibe\/\",\"name\":\"Navenda S\u00fbr\u00eeyay\u00ee ya Ragihandin\u00ea \u00fb Azad\u00eeya Derbir\u00een\u00ea be\u015fdar\u00ee kongir\u00ea \\\"\u00e7awan\u00eeya rawestandina ku\u015ftin\u00ea\\\" y\u00ea navdewlet\u00ee dibe - \u0627\u0644\u0645\u0631\u0643\u0632 \u0627\u0644\u0633\u0648\u0631\u064a \u0644\u0644\u0625\u0639\u0644\u0627\u0645 \u0648\u062d\u0631\u064a\u0629 \u0627\u0644\u062a\u0639\u0628\u064a\u0631 Syrian Center for Media and Freedom of Expression\",\"isPartOf\":{\"@id\":\"https:\/\/scm.bz\/#website\"},\"primaryImageOfPage\":{\"@id\":\"https:\/\/mfu.scm.bz\/kmr\/navenda-suriyayi-ya-ragihandine-u-azadiya-derbirine-besdari-kongire-cawaniya-rawestandina-kustine-ye-navdewleti-dibe\/#primaryimage\"},\"image\":{\"@id\":\"https:\/\/mfu.scm.bz\/kmr\/navenda-suriyayi-ya-ragihandine-u-azadiya-derbirine-besdari-kongire-cawaniya-rawestandina-kustine-ye-navdewleti-dibe\/#primaryimage\"},\"thumbnailUrl\":\"https:\/\/scm.bz\/wp-content\/uploads\/2018\/01\/HowToStopTheKilling.jpg\",\"datePublished\":\"2018-01-26T16:11:41+00:00\",\"dateModified\":\"2018-01-26T16:13:50+00:00\",\"description\":\"%\",\"breadcrumb\":{\"@id\":\"https:\/\/mfu.scm.bz\/kmr\/navenda-suriyayi-ya-ragihandine-u-azadiya-derbirine-besdari-kongire-cawaniya-rawestandina-kustine-ye-navdewleti-dibe\/#breadcrumb\"},\"inLanguage\":\"kmr\",\"potentialAction\":[{\"@type\":\"ReadAction\",\"target\":[\"https:\/\/mfu.scm.bz\/kmr\/navenda-suriyayi-ya-ragihandine-u-azadiya-derbirine-besdari-kongire-cawaniya-rawestandina-kustine-ye-navdewleti-dibe\/\"]}]},{\"@type\":\"ImageObject\",\"inLanguage\":\"kmr\",\"@id\":\"https:\/\/mfu.scm.bz\/kmr\/navenda-suriyayi-ya-ragihandine-u-azadiya-derbirine-besdari-kongire-cawaniya-rawestandina-kustine-ye-navdewleti-dibe\/#primaryimage\",\"url\":\"https:\/\/scm.bz\/wp-content\/uploads\/2018\/01\/HowToStopTheKilling.jpg\",\"contentUrl\":\"https:\/\/scm.bz\/wp-content\/uploads\/2018\/01\/HowToStopTheKilling.jpg\",\"width\":960,\"height\":447},{\"@type\":\"BreadcrumbList\",\"@id\":\"https:\/\/mfu.scm.bz\/kmr\/navenda-suriyayi-ya-ragihandine-u-azadiya-derbirine-besdari-kongire-cawaniya-rawestandina-kustine-ye-navdewleti-dibe\/#breadcrumb\",\"itemListElement\":[{\"@type\":\"ListItem\",\"position\":1,\"name\":\"Home\",\"item\":\"https:\/\/scm.bz\/kmr\/\"},{\"@type\":\"ListItem\",\"position\":2,\"name\":\"Navenda S\u00fbr\u00eeyay\u00ee ya Ragihandin\u00ea \u00fb Azad\u00eeya Derbir\u00een\u00ea be\u015fdar\u00ee kongir\u00ea &#8220;\u00e7awan\u00eeya rawestandina ku\u015ftin\u00ea&#8221; y\u00ea navdewlet\u00ee dibe\"}]},{\"@type\":\"WebSite\",\"@id\":\"https:\/\/scm.bz\/#website\",\"url\":\"https:\/\/scm.bz\/\",\"name\":\"\u0627\u0644\u0645\u0631\u0643\u0632 \u0627\u0644\u0633\u0648\u0631\u064a \u0644\u0644\u0625\u0639\u0644\u0627\u0645 \u0648\u062d\u0631\u064a\u0629 \u0627\u0644\u062a\u0639\u0628\u064a\u0631 Syrian Center for Media and Freedom of Expression\",\"description\":\"\",\"publisher\":{\"@id\":\"https:\/\/scm.bz\/#organization\"},\"potentialAction\":[{\"@type\":\"SearchAction\",\"target\":{\"@type\":\"EntryPoint\",\"urlTemplate\":\"https:\/\/scm.bz\/?s={search_term_string}\"},\"query-input\":{\"@type\":\"PropertyValueSpecification\",\"valueRequired\":true,\"valueName\":\"search_term_string\"}}],\"inLanguage\":\"kmr\"},{\"@type\":\"Organization\",\"@id\":\"https:\/\/scm.bz\/#organization\",\"name\":\"\u0627\u0644\u0645\u0631\u0643\u0632 \u0627\u0644\u0633\u0648\u0631\u064a \u0644\u0644\u0625\u0639\u0644\u0627\u0645 \u0648\u062d\u0631\u064a\u0629 \u0627\u0644\u062a\u0639\u0628\u064a\u0631 Syrian Center for Media and Freedom of Expression\",\"url\":\"https:\/\/scm.bz\/\",\"logo\":{\"@type\":\"ImageObject\",\"inLanguage\":\"kmr\",\"@id\":\"https:\/\/scm.bz\/#\/schema\/logo\/image\/\",\"url\":\"http:\/\/scm.bz\/wp-content\/uploads\/2021\/01\/SCM-logo-1-with-Clear-Space-1-2.png\",\"contentUrl\":\"http:\/\/scm.bz\/wp-content\/uploads\/2021\/01\/SCM-logo-1-with-Clear-Space-1-2.png\",\"width\":1450,\"height\":1450,\"caption\":\"\u0627\u0644\u0645\u0631\u0643\u0632 \u0627\u0644\u0633\u0648\u0631\u064a \u0644\u0644\u0625\u0639\u0644\u0627\u0645 \u0648\u062d\u0631\u064a\u0629 \u0627\u0644\u062a\u0639\u0628\u064a\u0631 Syrian Center for Media and Freedom of Expression\"},\"image\":{\"@id\":\"https:\/\/scm.bz\/#\/schema\/logo\/image\/\"},\"sameAs\":[\"https:\/\/www.facebook.com\/scm.center\",\"https:\/\/x.com\/SyrianCenter\"]},{\"@type\":\"Person\",\"@id\":\"https:\/\/scm.bz\/#\/schema\/person\/d116d4c43d9f3d4fe4b61619e91ead45\",\"name\":\"scmadmin\",\"image\":{\"@type\":\"ImageObject\",\"inLanguage\":\"kmr\",\"@id\":\"https:\/\/scm.bz\/#\/schema\/person\/image\/\",\"url\":\"https:\/\/secure.gravatar.com\/avatar\/8cb2b559549de2ba5e28f5d26e15c8f315b5dd63c953e348e6769ae2e88e3cdc?s=96&d=blank&r=g\",\"contentUrl\":\"https:\/\/secure.gravatar.com\/avatar\/8cb2b559549de2ba5e28f5d26e15c8f315b5dd63c953e348e6769ae2e88e3cdc?s=96&d=blank&r=g\",\"caption\":\"scmadmin\"},\"url\":\"https:\/\/scm.bz\/kmr\/author\/scmadmin\/\"}]}<\/script>\n<!-- \/ Yoast SEO Premium plugin. -->","yoast_head_json":{"title":"Navenda S\u00fbr\u00eeyay\u00ee ya Ragihandin\u00ea \u00fb Azad\u00eeya Derbir\u00een\u00ea be\u015fdar\u00ee kongir\u00ea \"\u00e7awan\u00eeya rawestandina ku\u015ftin\u00ea\" y\u00ea navdewlet\u00ee dibe - \u0627\u0644\u0645\u0631\u0643\u0632 \u0627\u0644\u0633\u0648\u0631\u064a \u0644\u0644\u0625\u0639\u0644\u0627\u0645 \u0648\u062d\u0631\u064a\u0629 \u0627\u0644\u062a\u0639\u0628\u064a\u0631 Syrian Center for Media and Freedom of Expression","description":"%","robots":{"index":"index","follow":"follow","max-snippet":"max-snippet:-1","max-image-preview":"max-image-preview:large","max-video-preview":"max-video-preview:-1"},"canonical":"https:\/\/mfu.scm.bz\/kmr\/navenda-suriyayi-ya-ragihandine-u-azadiya-derbirine-besdari-kongire-cawaniya-rawestandina-kustine-ye-navdewleti-dibe\/","og_locale":"en_US","og_type":"article","og_title":"Navenda S\u00fbr\u00eeyay\u00ee ya Ragihandin\u00ea \u00fb Azad\u00eeya Derbir\u00een\u00ea be\u015fdar\u00ee kongir\u00ea \"\u00e7awan\u00eeya rawestandina ku\u015ftin\u00ea\" y\u00ea navdewlet\u00ee dibe","og_description":"%","og_url":"https:\/\/mfu.scm.bz\/kmr\/navenda-suriyayi-ya-ragihandine-u-azadiya-derbirine-besdari-kongire-cawaniya-rawestandina-kustine-ye-navdewleti-dibe\/","og_site_name":"\u0627\u0644\u0645\u0631\u0643\u0632 \u0627\u0644\u0633\u0648\u0631\u064a \u0644\u0644\u0625\u0639\u0644\u0627\u0645 \u0648\u062d\u0631\u064a\u0629 \u0627\u0644\u062a\u0639\u0628\u064a\u0631 Syrian Center for Media and Freedom of Expression","article_publisher":"https:\/\/www.facebook.com\/scm.center","article_published_time":"2018-01-26T16:11:41+00:00","article_modified_time":"2018-01-26T16:13:50+00:00","og_image":[{"width":960,"height":447,"url":"https:\/\/mfu.scm.bz\/wp-content\/uploads\/2018\/01\/HowToStopTheKilling.jpg","type":"image\/jpeg"}],"author":"scmadmin","twitter_card":"summary_large_image","twitter_creator":"@SyrianCenter","twitter_site":"@SyrianCenter","twitter_misc":{"Written by":"scmadmin","Est. reading time":"3 minutes"},"schema":{"@context":"https:\/\/schema.org","@graph":[{"@type":"Article","@id":"https:\/\/mfu.scm.bz\/kmr\/navenda-suriyayi-ya-ragihandine-u-azadiya-derbirine-besdari-kongire-cawaniya-rawestandina-kustine-ye-navdewleti-dibe\/#article","isPartOf":{"@id":"https:\/\/mfu.scm.bz\/kmr\/navenda-suriyayi-ya-ragihandine-u-azadiya-derbirine-besdari-kongire-cawaniya-rawestandina-kustine-ye-navdewleti-dibe\/"},"author":{"name":"scmadmin","@id":"https:\/\/scm.bz\/#\/schema\/person\/d116d4c43d9f3d4fe4b61619e91ead45"},"headline":"Navenda S\u00fbr\u00eeyay\u00ee ya Ragihandin\u00ea \u00fb Azad\u00eeya Derbir\u00een\u00ea be\u015fdar\u00ee kongir\u00ea &#8220;\u00e7awan\u00eeya rawestandina ku\u015ftin\u00ea&#8221; y\u00ea navdewlet\u00ee dibe","datePublished":"2018-01-26T16:11:41+00:00","dateModified":"2018-01-26T16:13:50+00:00","mainEntityOfPage":{"@id":"https:\/\/mfu.scm.bz\/kmr\/navenda-suriyayi-ya-ragihandine-u-azadiya-derbirine-besdari-kongire-cawaniya-rawestandina-kustine-ye-navdewleti-dibe\/"},"wordCount":670,"commentCount":0,"publisher":{"@id":"https:\/\/scm.bz\/#organization"},"image":{"@id":"https:\/\/mfu.scm.bz\/kmr\/navenda-suriyayi-ya-ragihandine-u-azadiya-derbirine-besdari-kongire-cawaniya-rawestandina-kustine-ye-navdewleti-dibe\/#primaryimage"},"thumbnailUrl":"https:\/\/scm.bz\/wp-content\/uploads\/2018\/01\/HowToStopTheKilling.jpg","articleSection":["Beyannamey\u00ean SCM\u00ea","Rewangeha Binp\u00eakirinan","Rotator"],"inLanguage":"kmr"},{"@type":"WebPage","@id":"https:\/\/mfu.scm.bz\/kmr\/navenda-suriyayi-ya-ragihandine-u-azadiya-derbirine-besdari-kongire-cawaniya-rawestandina-kustine-ye-navdewleti-dibe\/","url":"https:\/\/mfu.scm.bz\/kmr\/navenda-suriyayi-ya-ragihandine-u-azadiya-derbirine-besdari-kongire-cawaniya-rawestandina-kustine-ye-navdewleti-dibe\/","name":"Navenda S\u00fbr\u00eeyay\u00ee ya Ragihandin\u00ea \u00fb Azad\u00eeya Derbir\u00een\u00ea be\u015fdar\u00ee kongir\u00ea \"\u00e7awan\u00eeya rawestandina ku\u015ftin\u00ea\" y\u00ea navdewlet\u00ee dibe - \u0627\u0644\u0645\u0631\u0643\u0632 \u0627\u0644\u0633\u0648\u0631\u064a \u0644\u0644\u0625\u0639\u0644\u0627\u0645 \u0648\u062d\u0631\u064a\u0629 \u0627\u0644\u062a\u0639\u0628\u064a\u0631 Syrian Center for Media and Freedom of Expression","isPartOf":{"@id":"https:\/\/scm.bz\/#website"},"primaryImageOfPage":{"@id":"https:\/\/mfu.scm.bz\/kmr\/navenda-suriyayi-ya-ragihandine-u-azadiya-derbirine-besdari-kongire-cawaniya-rawestandina-kustine-ye-navdewleti-dibe\/#primaryimage"},"image":{"@id":"https:\/\/mfu.scm.bz\/kmr\/navenda-suriyayi-ya-ragihandine-u-azadiya-derbirine-besdari-kongire-cawaniya-rawestandina-kustine-ye-navdewleti-dibe\/#primaryimage"},"thumbnailUrl":"https:\/\/scm.bz\/wp-content\/uploads\/2018\/01\/HowToStopTheKilling.jpg","datePublished":"2018-01-26T16:11:41+00:00","dateModified":"2018-01-26T16:13:50+00:00","description":"%","breadcrumb":{"@id":"https:\/\/mfu.scm.bz\/kmr\/navenda-suriyayi-ya-ragihandine-u-azadiya-derbirine-besdari-kongire-cawaniya-rawestandina-kustine-ye-navdewleti-dibe\/#breadcrumb"},"inLanguage":"kmr","potentialAction":[{"@type":"ReadAction","target":["https:\/\/mfu.scm.bz\/kmr\/navenda-suriyayi-ya-ragihandine-u-azadiya-derbirine-besdari-kongire-cawaniya-rawestandina-kustine-ye-navdewleti-dibe\/"]}]},{"@type":"ImageObject","inLanguage":"kmr","@id":"https:\/\/mfu.scm.bz\/kmr\/navenda-suriyayi-ya-ragihandine-u-azadiya-derbirine-besdari-kongire-cawaniya-rawestandina-kustine-ye-navdewleti-dibe\/#primaryimage","url":"https:\/\/scm.bz\/wp-content\/uploads\/2018\/01\/HowToStopTheKilling.jpg","contentUrl":"https:\/\/scm.bz\/wp-content\/uploads\/2018\/01\/HowToStopTheKilling.jpg","width":960,"height":447},{"@type":"BreadcrumbList","@id":"https:\/\/mfu.scm.bz\/kmr\/navenda-suriyayi-ya-ragihandine-u-azadiya-derbirine-besdari-kongire-cawaniya-rawestandina-kustine-ye-navdewleti-dibe\/#breadcrumb","itemListElement":[{"@type":"ListItem","position":1,"name":"Home","item":"https:\/\/scm.bz\/kmr\/"},{"@type":"ListItem","position":2,"name":"Navenda S\u00fbr\u00eeyay\u00ee ya Ragihandin\u00ea \u00fb Azad\u00eeya Derbir\u00een\u00ea be\u015fdar\u00ee kongir\u00ea &#8220;\u00e7awan\u00eeya rawestandina ku\u015ftin\u00ea&#8221; y\u00ea navdewlet\u00ee dibe"}]},{"@type":"WebSite","@id":"https:\/\/scm.bz\/#website","url":"https:\/\/scm.bz\/","name":"\u0627\u0644\u0645\u0631\u0643\u0632 \u0627\u0644\u0633\u0648\u0631\u064a \u0644\u0644\u0625\u0639\u0644\u0627\u0645 \u0648\u062d\u0631\u064a\u0629 \u0627\u0644\u062a\u0639\u0628\u064a\u0631 Syrian Center for Media and Freedom of Expression","description":"","publisher":{"@id":"https:\/\/scm.bz\/#organization"},"potentialAction":[{"@type":"SearchAction","target":{"@type":"EntryPoint","urlTemplate":"https:\/\/scm.bz\/?s={search_term_string}"},"query-input":{"@type":"PropertyValueSpecification","valueRequired":true,"valueName":"search_term_string"}}],"inLanguage":"kmr"},{"@type":"Organization","@id":"https:\/\/scm.bz\/#organization","name":"\u0627\u0644\u0645\u0631\u0643\u0632 \u0627\u0644\u0633\u0648\u0631\u064a \u0644\u0644\u0625\u0639\u0644\u0627\u0645 \u0648\u062d\u0631\u064a\u0629 \u0627\u0644\u062a\u0639\u0628\u064a\u0631 Syrian Center for Media and Freedom of Expression","url":"https:\/\/scm.bz\/","logo":{"@type":"ImageObject","inLanguage":"kmr","@id":"https:\/\/scm.bz\/#\/schema\/logo\/image\/","url":"http:\/\/scm.bz\/wp-content\/uploads\/2021\/01\/SCM-logo-1-with-Clear-Space-1-2.png","contentUrl":"http:\/\/scm.bz\/wp-content\/uploads\/2021\/01\/SCM-logo-1-with-Clear-Space-1-2.png","width":1450,"height":1450,"caption":"\u0627\u0644\u0645\u0631\u0643\u0632 \u0627\u0644\u0633\u0648\u0631\u064a \u0644\u0644\u0625\u0639\u0644\u0627\u0645 \u0648\u062d\u0631\u064a\u0629 \u0627\u0644\u062a\u0639\u0628\u064a\u0631 Syrian Center for Media and Freedom of Expression"},"image":{"@id":"https:\/\/scm.bz\/#\/schema\/logo\/image\/"},"sameAs":["https:\/\/www.facebook.com\/scm.center","https:\/\/x.com\/SyrianCenter"]},{"@type":"Person","@id":"https:\/\/scm.bz\/#\/schema\/person\/d116d4c43d9f3d4fe4b61619e91ead45","name":"scmadmin","image":{"@type":"ImageObject","inLanguage":"kmr","@id":"https:\/\/scm.bz\/#\/schema\/person\/image\/","url":"https:\/\/secure.gravatar.com\/avatar\/8cb2b559549de2ba5e28f5d26e15c8f315b5dd63c953e348e6769ae2e88e3cdc?s=96&d=blank&r=g","contentUrl":"https:\/\/secure.gravatar.com\/avatar\/8cb2b559549de2ba5e28f5d26e15c8f315b5dd63c953e348e6769ae2e88e3cdc?s=96&d=blank&r=g","caption":"scmadmin"},"url":"https:\/\/scm.bz\/kmr\/author\/scmadmin\/"}]}},"_links":{"self":[{"href":"https:\/\/scm.bz\/kmr\/wp-json\/wp\/v2\/posts\/182069","targetHints":{"allow":["GET"]}}],"collection":[{"href":"https:\/\/scm.bz\/kmr\/wp-json\/wp\/v2\/posts"}],"about":[{"href":"https:\/\/scm.bz\/kmr\/wp-json\/wp\/v2\/types\/post"}],"author":[{"embeddable":true,"href":"https:\/\/scm.bz\/kmr\/wp-json\/wp\/v2\/users\/24"}],"replies":[{"embeddable":true,"href":"https:\/\/scm.bz\/kmr\/wp-json\/wp\/v2\/comments?post=182069"}],"version-history":[{"count":0,"href":"https:\/\/scm.bz\/kmr\/wp-json\/wp\/v2\/posts\/182069\/revisions"}],"wp:featuredmedia":[{"embeddable":true,"href":"https:\/\/scm.bz\/kmr\/wp-json\/wp\/v2\/media\/182064"}],"wp:attachment":[{"href":"https:\/\/scm.bz\/kmr\/wp-json\/wp\/v2\/media?parent=182069"}],"wp:term":[{"taxonomy":"category","embeddable":true,"href":"https:\/\/scm.bz\/kmr\/wp-json\/wp\/v2\/categories?post=182069"},{"taxonomy":"post_tag","embeddable":true,"href":"https:\/\/scm.bz\/kmr\/wp-json\/wp\/v2\/tags?post=182069"}],"curies":[{"name":"wp","href":"https:\/\/api.w.org\/{rel}","templated":true}]}}