{"id":181313,"date":"2011-01-19T00:00:00","date_gmt":"2011-01-19T00:00:00","guid":{"rendered":"https:\/\/scm.bz\/uncategorized-kmr\/kesedariya-seferbendiye-li-suriyeye-qedexekirina-derketina-ji-suriyeye"},"modified":"2011-01-19T00:00:00","modified_gmt":"2011-01-19T00:00:00","slug":"kesedariya-seferbendiye-li-suriyeye-qedexekirina-derketina-ji-suriyeye","status":"publish","type":"post","link":"https:\/\/scm.bz\/kmr\/kesedariya-seferbendiye-li-suriyeye-qedexekirina-derketina-ji-suriyeye\/","title":{"rendered":"K\u00ea\u015fedar\u00eeya Seferbend\u00eey\u00ea Li S\u00fbr\u00eeyey\u00ea  Qedexekirina Derketina Ji S\u00fbr\u00eeyey\u00ea"},"content":{"rendered":"<h3 dir=\"ltr\"><strong>\u00a0<img loading=\"lazy\" decoding=\"async\" class=\"size-full wp-image-171994 aligncenter\" src=\"https:\/\/scm.bz\/wp-content\/uploads\/2011\/01\/Travel-Ban.jpg\" alt=\"\" width=\"746\" height=\"484\" srcset=\"https:\/\/scm.bz\/wp-content\/uploads\/2011\/01\/Travel-Ban.jpg 746w, https:\/\/scm.bz\/wp-content\/uploads\/2011\/01\/Travel-Ban-300x195.jpg 300w, https:\/\/scm.bz\/wp-content\/uploads\/2011\/01\/Travel-Ban-150x97.jpg 150w\" sizes=\"auto, (max-width: 746px) 100vw, 746px\" \/><\/strong><\/h3>\n<h3 dir=\"ltr\"><\/h3>\n<h3 dir=\"ltr\"><strong>Navenda S\u00fbr\u00eeyey\u00ee ya Ragihandin\u00ea \u00fb Azad\u00eeya Derbir\u00een\u00ea<\/strong><\/h3>\n<p dir=\"ltr\"><strong>\u00a0<\/strong><strong>\u00a0<\/strong><\/p>\n<h1 dir=\"ltr\" style=\"text-align: center;\"><strong>K\u00ea\u015fedar\u00eeya Seferbend\u00eey\u00ea Li S\u00fbr\u00eeyey\u00ea<\/strong><\/h1>\n<h1 dir=\"ltr\" style=\"text-align: center;\"><strong>Qedexekirina Derketina Ji S\u00fbr\u00eeyey\u00ea<\/strong><\/h1>\n<p dir=\"ltr\"><strong>\u00a0<\/strong><\/p>\n<p dir=\"ltr\"><strong>\u00a0<\/strong><\/p>\n<p dir=\"ltr\"><strong>\u00a0<\/strong><strong>\u00a0<\/strong><\/p>\n<p dir=\"ltr\"><strong>\u00a0<\/strong><\/p>\n<p dir=\"ltr\"><strong>L\u00eakol\u00eeneke Navenda S\u00fbr\u00eeyey\u00ee ya Ragihandin\u00ea \u00fb Azad\u00eeya Derbir\u00een\u00ea 2009<\/strong><\/p>\n<p dir=\"ltr\"><strong>Maf\u00ea Tevger\u00een\u00ea:<\/strong><\/p>\n<p dir=\"ltr\">Maf\u00ea tevger\u00een\u00ea mercek\u00ee j\u00eeyana azad e, nabe kesek t\u00ea de bibihure yan dest j\u00ea biki\u015f\u00eene, \u00e7i ku maf\u00ea tevger\u00een\u00ea be\u015fek\u00ee azad\u00eey\u00ean sereke y\u00ea mirovan e \u00fb her weha be\u015fek\u00ee maf\u00ean kesane ye, ji ber ku heb\u00fbna v\u00ee maf\u00ee dibe bingeha maf \u00fb azad\u00eey\u00ean din. Bi v\u00ee reng\u00ee ew b\u00fbye mafek\u00ee sereke \u00fb cih\u00ea xwe di nava peyman\u00ean navnetewey\u00ee y\u00ean maf\u00ean mirovan de girtiye; ew j\u00ee bingeha sinc\u00ee \u00fb qan\u00fbn\u00ee ya azad\u00ee, dadmend\u00ee \u00fb wekhev\u00eey\u00ea li seranser\u00ea c\u00eehan\u00ea ye ku t\u00ea de hem\u00fb kes ji k\u00eal\u00eeya jiday\u00eekb\u00fbn\u00ea ve xwed\u00ee maf\u00ean r\u00fbmeta mirovane \u00fb wekhev\u00eey\u00ea ne.<\/p>\n<p dir=\"ltr\">Azad\u00ee, bi rengek\u00ee sereke, di maf\u00ea serbest \u00ea tevger\u00een\u00ea de derdikeve p\u00ea\u015f; maf\u00ea serbest \u00ea d\u00fbr\u00ee girtin, zindankirin, radestkirina bo d\u00fbgeleke b\u00eeyan \u00fb her wisa her astengkirineke din a maf\u00ea azad\u00eeya tevger\u00een\u00ea. Maf\u00ea tevger\u00een\u00ea her weha maf\u00ea derbasb\u00fbn an derketina ji d\u00fbgel\u00ea, maf\u00ea tevger\u00eena di nava d\u00fbgel\u00ea de \u00fb ni\u015ftecihb\u00fbna di nava w\u00ea de li xwe digire. Ev t\u00ea wateya ku maf\u00ea kesan \u00ea tevger\u00een\u00ea, sefer\u00ea, derktina ji welat \u00fb vegera bo welat ne bex\u015f ne j\u00ee takemafek\u00ee ji h\u00eala hik\u00fbmetan e, l\u00eabel\u00ea ew mafek\u00ee sereke ye ku gir\u00eaday\u00ee heb\u00fbna mirov bi xwe ye \u00fb nakeve j\u00ear tu sedem \u00fb eger\u00ean din. Erk\u00ea qan\u00fbnan ew e ku v\u00ee maf\u00ee bi\u00e7esp\u00eenin \u00fb bipar\u00eazin \u00fb gerek e d\u00fbgel r\u00eaza v\u00ee maf\u00ee bigire \u00fb her dem \u00fb bi her away\u00ee xurt bike \u00fb r\u00fbn\u00eene ku nabe d\u00fbgel kesek\u00ee b\u00eay\u00ee v\u00eena w\u00ee ya azad \u00fb serbixwe di nava s\u00eenor\u00ean d\u00fbgelek\u00ea de bigire.<\/p>\n<p dir=\"ltr\">Li gel ku ev maf -ji derve- m\u00eena mafek\u00ee mirovane y\u00ea asay\u00ee, sade \u00fb d\u00eeyar xuya dike, l\u00eabel\u00ea ew di rast\u00eeya xwe de yek ji maf\u00ean her\u00ee sereke ye ku binp\u00eakirina v\u00ee maf\u00ea gelek k\u00ea\u015feyan bi xwe re t\u00eene \u00fb janeke dijwar dide ki\u015fandin ku encam\u00ean w\u00ea wek\u00ee leh\u00eey\u00ea diherikin, t\u00eavel dibin \u00fb pa\u015f\u00ea bandor\u00ea li binyata giha\u015ftina maf\u00ean din \u00ean sereke dike, \u00e7i ku b\u00eay\u00ee r\u00eazgirtina maf\u00ea derketina ji welat heye ku mirov rast\u00ee serkutkirina s\u00eeyas\u00ee yan ol\u00ee were, an heye ku ji j\u00eeyana xwe ya malbat\u00ee b\u00eapar bim\u00eene, an heye ku ji kar, h\u00eenb\u00fbn \u00fb dermankirin\u00ea b\u00eapar bim\u00eene \u00fb p\u00ea re bandoreke ney\u00een\u00ee li reng\u00ea j\u00eeyana w\u00ee bibe.<\/p>\n<p dir=\"ltr\"><strong>Azad\u00eeya Tevger\u00een\u00ea Faktoreke Sereke ya Ge\u015fep\u00eadan\u00ea ye<\/strong><\/p>\n<p dir=\"ltr\">Danezana C\u00eehan\u00ee ya Maf\u00ean Mirovan a sala 1948an giran\u00ee daye v\u00ea t\u00eagiha\u015ftina ku b\u00fbye ber\u00ea t\u00eako\u015f\u00eena d\u00fbr\u00fbdir\u00eaj a \u015faristan\u00eet\u00eeya mirovane ya ji bo bip\u00ea\u015fve\u00e7\u00fbn \u00fb ge\u015fb\u00fbn\u00ea \u00fb ev maf bi e\u015fkeret\u00ee di benda xwe ya 13an de bel\u00ee kiriye \u00fb gotiye:<\/p>\n<p dir=\"ltr\">(1). Her kes dikare bi azad\u00ee tev bigere \u00fb c\u00eey\u00ea r\u00fbni\u015ftina xwe di nava s\u00eenor\u00ea her d\u00fbgelek\u00ea de bibij\u00eare.<\/p>\n<p dir=\"ltr\">(2). Her kes dikare ji her welat\u00ee -tev\u00ee welat\u00ea xwe- derkeve \u00fb p\u00ea re maf\u00ea w\u00ee y\u00ea vegera w\u00ee welat\u00ee heye.<\/p>\n<p dir=\"ltr\">Di sala 1966an de, Peymana Navnetewey\u00ee ya Maf\u00ean \u015earwer \u00fb Ramyar\u00ee ev maf ji \u00e7ar\u00e7oveya w\u00ee ya sinc\u00ee ya di Danezana C\u00eehan\u00ee ya Maf\u00ean Mirovan de derxist \u00fb ew derbas\u00ee \u00e7ar\u00e7oveyeke qan\u00fbn\u00ee ya ne\u00e7arker kir ku benda 12an a w\u00ea peyman\u00ea gotiye:<\/p>\n<p dir=\"ltr\">\u201c- Her kes, bi rengek\u00ee qan\u00fbn\u00ee, di nava s\u00eenor\u00ean d\u00fbgelek\u00ea de xwed\u00ee maf\u00ea azad\u00eeya tevger\u00een\u00ea \u00fb maf\u00ea bijartina c\u00eey\u00ea ni\u015ftecihb\u00fbn\u00ea ye.<\/p>\n<p dir=\"ltr\">&#8211; Her kes xwed\u00ee maf\u00ea azad\u00eeya derketina ji welat\u00ea xwe \u00fb her welatek\u00ee din e.<\/p>\n<p dir=\"ltr\">&#8211; Ji bil\u00ee bend\u00ean qan\u00fbn\u00ee, nabe ev maf\u00ean jor\u00een bi tu bendan b\u00eane astengkirin ku ev maf ji boy\u00ee parastina ewleh\u00eeya netewey\u00ee, an pergala gi\u015ft\u00ee, an tendirust\u00eeya gi\u015ft\u00ee, an maf \u00fb azad\u00eey\u00ean kesan p\u00eaw\u00eest in \u00fb li gel maf\u00ean din \u00ean v\u00ea peyman\u00ea diguncin.<\/p>\n<p dir=\"ltr\">&#8211; Nabe tu kes bi rengek\u00ee keyf\u00ee ji maf\u00ea derbasb\u00fbna bo welat\u00ea xwe were b\u00eaparkirin.\u201d<\/p>\n<p dir=\"ltr\">Wek\u00ee \u00e7awa di benda 12an a peyman\u00ea de hatiye niv\u00ees\u00een, heye ku maf\u00ea tevger\u00een\u00ea rast\u00ee hin bendan were, l\u00eabel\u00ea ev di hin rew\u015f\u00ean taybet \u00ean m\u00eena rew\u015fa awarte de p\u00eak t\u00ea ku d\u00fbgel rast\u00ee metirs\u00eey\u00ean rast\u00een \u00fb raster\u00ea y\u00ean m\u00eena bobelat\u00ean xwezay\u00ea were \u00fb her weha heger sedem \u00fb eger\u00ean p\u00eaw\u00eest \u00ean gir\u00eaday\u00ee ewleh\u00eey\u00ea hebin, dezgeh\u00ean ewlekar\u00eey\u00ea dikarin deverek\u00ea wek\u00ee devereke le\u015fker\u00ee ya girt\u00ee n\u00ee\u015fan bidin. Belam gerek e bend\u00ean ferzkir\u00ee di nava s\u00eenorek\u00ee her\u00ee teng de b\u00eane as\u00eahi\u015ftin \u00fb li gel encam\u00ean xwest\u00ee \u00fb d\u00fbrkirina metirs\u00eeya n\u00eaz biguncin. Her weha gerek e di nava demeke d\u00eeyarkir\u00ee \u00fb \u00e7ar\u00e7oveyeke qan\u00fbn\u00ee de b\u00eane destn\u00ee\u015fankirin \u00fb ew rew\u015fa awarte nebe behaneya bendkirina maf\u00ea azad\u00eeya tevger\u00eena welat\u00eeyan \u00fb qeydkirina herdem\u00ee ya ku guh nade demdem\u00eeya metirs\u00eey\u00ea.<\/p>\n<p dir=\"ltr\">Kom\u00eeteya Maf\u00ean \u015earwer \u00fb Ramyar\u00ee ya Netewey\u00ean Yekb\u00fby\u00ee -ku serperi\u015ftkara Peymana Navnetewey\u00ee ya Maf\u00ean \u015earwer \u00fb Ramyar\u00ee ye- di \u015firoveya xwe ya 27an de ev merc \u00fb kontrol teqez kirine \u00fb gotiye: \u201cNabe ku s\u00eenor\u00ean azad\u00eeya tevger\u00een\u00ea t\u00eakil\u00eeya di navbera maf \u00fb bendan de yan di navbera r\u00eabaz \u00fb awarteyan de berevaj\u00ee bike.\u201d<\/p>\n<p dir=\"ltr\"><strong>Maf\u00ea Tevger\u00een\u00ea Di Qan\u00fbn \u00fb Makeqan\u00fbna S\u00fbr\u00eeyey\u00ea De:<\/strong><\/p>\n<p dir=\"ltr\">&#8211; Makeqan\u00fbna sala 1973yan a Komara Ereb\u00ee ya S\u00fbr\u00eeyey\u00ee -di \u00e7ar\u00e7oveya xwe ya gi\u015ft\u00ee de- prens\u00eep\u00ean azad\u00eey\u00ean gi\u015ft\u00ee \u00fb kesane \u00e7espandine. Benda \u00e7aran a makeqan\u00fbn\u00ea gir\u00eaday\u00ee \u201cAzad\u00ee, Maf \u00fb Erk\u00ean Gi\u015ft\u00ee\u201d ye ku paragrafa yekem a benda w\u00ea ya 25an dib\u00eaje: <strong>\u201cAzad\u00ee mafek\u00ee p\u00eeroz e. D\u00fbgel azad\u00eeya kesane ya welat\u00eeyan misoger dike \u00fb r\u00fbmet \u00fb ewleh\u00eeya wan dipar\u00eaze.\u201d<\/strong><\/p>\n<p dir=\"ltr\">L\u00eabel\u00ea her \u00e7end\u00ee Makeqan\u00fbna S\u00fbr\u00eeyey\u00ea bi e\u015fkeret\u00ee behsa azad\u00eeya tevger\u00een\u00ea di nava s\u00eenor\u00ean d\u00fbgel\u00ea de kiribe \u00fb teqez kiribe ku nabe welat\u00ee bi dar\u00ea zor\u00ea ji axa welat b\u00eane d\u00fbrkirin; w\u00ea azad\u00eeya derketina bo dervey\u00ee d\u00fbgel\u00ea \u00fb her weha vegera ji derve bo S\u00fbr\u00eeyey\u00ea pa\u015fguh kiriye, \u00e7i ku benda w\u00ea ya 33yan gotiye:<\/p>\n<ol dir=\"ltr\">\n<li>Nabe ku welat\u00ee ji axa welat were d\u00fbrkirin.<\/li>\n<li>Ji bil\u00ee qedexekirina bi darazeke dadgeh\u00ea, an c\u00eebic\u00eekirina ji ber qan\u00fbn\u00ean tendirust\u00eey\u00ea \u00fb silamet\u00eeya gi\u015ft\u00ee, her welat\u00ee xwed\u00ee maf\u00ea tevger\u00eena di nava s\u00eenor\u00ean d\u00fbgel\u00ea de ye.<\/li>\n<\/ol>\n<p dir=\"ltr\">Her \u00e7end\u00ee Makeqan\u00fbna S\u00fbr\u00eeyey\u00ea maf\u00ea sefera bo dervey\u00ea d\u00fbgel\u00ea \u00fb vegera bo d\u00fbgel\u00ea\u00a0 pa\u015fguh kiribe j\u00ee, ev maf her dim\u00eene mafek\u00ee sereke y\u00ea mirov \u00fb nabe bi tu \u015f\u00eawey\u00ee were k\u00eamkirin ku ew bi teqez\u00ee dikeve \u00e7ar\u00e7oveya gotina (azad\u00ee mafek\u00ee p\u00eeroz e) ya ku di benda 25an a makeqan\u00fbn\u00ea re derbas dibe \u00fb jixwe heger ti\u015ftek ney\u00ea qedexekirin ew serbest e, \u00eecar tu gotin an derbir\u00eeneke ku v\u00ee al\u00eey\u00ea maf\u00ea tevger\u00een\u00ea k\u00eam bike di Makeqan\u00fbna S\u00fbr\u00eeyey\u00ea re derbas nabe \u00fb xala her\u00ee sereke ew e ku S\u00fbr\u00eeye li gor biryarnameya 6an a 06.02.1969an tev li Peymana Navnetewey\u00ee ya Maf\u00ean \u015earwer \u00fb Ramyar\u00ee b\u00fbye.<\/p>\n<p dir=\"ltr\">&#8211; Di war\u00ea sizaya tawan an serp\u00ea\u00e7\u00ee \u00fb siviktawanan (misdemeanor) de, tu bend\u00ean der bar\u00ea seferbend\u00eey\u00ea \u00fb derketina ji S\u00fbr\u00eeyey\u00ea de di Qan\u00fbna Sizayan a S\u00fbr\u00eeyey\u00ea re derbas neb\u00fbye, ne wek\u00ee sizayeke sereke ne j\u00ee wek\u00ee sizayeke serbar an z\u00eade. An ku, bikaran\u00eena seferbend\u00eey\u00ea wek\u00ee sizayeke tawan \u00fb s\u00fbcan, Makeqan\u00fbna S\u00fbr\u00eeyey\u00ea bi e\u015fkeret\u00ee binp\u00ea dike. Ev yek j\u00ee li gor benda 29an a Makeqan\u00fbna S\u00fbr\u00eeyey\u00ea ya ku dib\u00eaje: \u201cHeger niv\u00eeseke qan\u00fbn\u00ee tunebe, tawan \u00fb siza tunene.\u201d<\/p>\n<p dir=\"ltr\">&#8211; Qan\u00fbna Sizayan a Gi\u015ft\u00ee ya S\u00fbr\u00eeyey\u00ea seferbend\u00ee \u00fb qedexekirina derketina ji S\u00fbr\u00eeyey\u00ea wek\u00ee bergir\u00eeyeke bisemt an bergir\u00eeyeke \u00e7aksazkirin\u00ea j\u00ee derbas nekiriye, l\u00eabel\u00ea bo\u00e7\u00fbnger\u00eeya dadger\u00eey\u00ea \u00fb hin qan\u00fbn\u00ean S\u00fbr\u00eeyey\u00ea y\u00ean taybet di hin rew\u015f\u00ean destn\u00ee\u015fankir\u00ee \u00fb s\u00eenorkir\u00ee de seferbend\u00ee wek\u00ee bergir\u00eeyeke parastin\u00ea bi kar an\u00eeye, ew j\u00ee ji bo misogerkirina hin maf\u00ean din \u00ean ku heger kes\u00ea t\u00eakildar ber\u00ee bic\u00eekirina wan mafan ji welat derket, dibe ku ew maf b\u00eane tunekirin. Di v\u00ea rew\u015f\u00ea de j\u00ee div\u00ea biryarek ji dadgeh\u00ea were wergirtin \u00fb biryarnameya dadger\u00eey\u00ea dema derketina dervey\u00ea welat bi e\u015fkeret\u00ee d\u00eeyar bike \u00fb ew j\u00ee ji boy\u00ee van kes\u00ean ku li j\u00ear hatine destn\u00ee\u015fankirin:<\/p>\n<p dir=\"ltr\">&#8211; Berguman\u00ean tawanan da ku r\u00ea li p\u00ea\u015f reva wan were girtin \u00fb amadeb\u00fbna wan a li p\u00ea\u015fber\u00ee pol\u00eesan ji bo berdewamkirina l\u00eapirs\u00een\u00ea were misogerkirin.<\/p>\n<p dir=\"ltr\">&#8211; Tawanbar\u00ean tawanan da ku amadeb\u00fbna wan a li p\u00ea\u015fber\u00ee dadgeh\u00ea were misogerkirin (\u00fb her weha ji bo c\u00eebic\u00eekirina sizay\u00ea heger tawankar\u00ee hate peyitandin).<\/p>\n<p dir=\"ltr\">&#8211; Kes\u00ean ku daraz\u00ean (daray\u00ee) li wan hatine bir\u00een da ku deyn\u00ea di st\u00fby\u00ea xwe de bidin an biryara daraz\u00ea were c\u00eebic\u00eekirin ku ji nav wan hevj\u00een\u00ea ku daraza perey\u00ean bixwed\u00eekirina hevj\u00een \u00fb zarok\u00ean w\u00ee l\u00ea hatine bir\u00een.<\/p>\n<p dir=\"ltr\">Di hin rew\u015f\u00ean destn\u00ee\u015fankir\u00ee de \u00fb ten\u00ea heger \u015f\u00eawazeke din a p\u00eakan\u00eena w\u00ea armanc\u00ea peyda nebe, maf\u00ea dadgeh\u00ea heye ku r\u00eay\u00ea li p\u00ea\u015f derketina kesek\u00ee ji welat bigire. Heger qedexekirina derketin\u00ea \u00e7\u00eab\u00fb, ji bo misogerkirina maf\u00ean daray\u00ee, gerek e kes\u00ea xwed\u00eemaf daxwaznameyeke li gor r\u00ea \u00fb r\u00eazikan p\u00ea\u015fk\u00ea\u015f\u00ee dadgeh\u00ea bike.<\/p>\n<p dir=\"ltr\"><strong>K\u00ea\u015fedar\u00eeya <\/strong><strong>\u201c<\/strong><strong>Seferbend\u00eey\u00ea\/Qedexekirina Derketina Ji Welat<\/strong><strong>\u201d<\/strong><strong> Li S\u00fbr\u00eeyey\u00ea:<\/strong><\/p>\n<p dir=\"ltr\">Li S\u00fbr\u00eeyey\u00ea, k\u00ea\u015fedar\u00eeya \u201cseferbend\u00eey\u00ea\/qedexekirina derketina ji welat\u201d ne bergir\u00eeyeke parastin\u00ea ye, k\u00ea\u015fedar\u00ee ne ji bend\u00ean makeqan\u00fbn\u00ea ne j\u00ee ji qan\u00fbn\u00ea bi xwe dert\u00ea; k\u00ea\u015fedar\u00ee ew e ku ev qedexekirina derketin\u00ea wek\u00ee alaveke bendkirina maf\u00ea tevger\u00een\u00ea t\u00ea bikaran\u00een \u00fb xwe di v\u00ee war\u00ee de disp\u00eare Qan\u00fbna Awarte ku jixwe ev k\u00ea\u015fedar\u00ee li dora s\u00ea \u00e7erx\u00ean sereke do\u015f b\u00fbye ku ew j\u00ee bi rengek\u00ee gi\u015ft\u00ee ji t\u00eakilhev\u00eey\u00ea xal\u00ee neb\u00fbne:<\/p>\n<p dir=\"ltr\">&#8211; Sal\u00ean he\u015ft\u00eay\u00ee, pi\u015ft\u00ee sal\u00ean xw\u00een\u00ea \u00fb guleyan \u00ean 1976-1987an \u00fb pev\u00e7\u00fbn\u00ean dijwar \u00ean di navbera desthilatdar\u00eeya s\u00eeyas\u00ee \u00fb r\u00eaxistina le\u015fker\u00ee ya \u00cexwan Elmuslim\u00een\u00ea de \u00fb her weha pi\u015ft\u00ee p\u00eala girtin\u00ea ya li dij\u00ee part\u00eey\u00ean \u00e7epgir \u00ean m\u00eena Part\u00eeya Kar a Komun\u00eest, Part\u00eeya Kumon\u00eest a S\u00fbr\u00eeyey\u00ee-Koma R\u00eeyad El-Turk \u00fb Part\u00eeya Beis\u00ea ya Demokrat\u00eek, seferbend\u00ee \u00fb qedexekirina derketina ji welat hino hino b\u00fb d\u00eeyardeyeke berbi\u00e7av. Di w\u00ea heyam\u00ea de, bilindtir\u00een r\u00eajeya girtina s\u00eeyas\u00ee ya li dervey\u00ea qan\u00fbn\u00ea ya di d\u00eeroka S\u00fbr\u00eeyey\u00ea ya pi\u015ft\u00ee serbixweb\u00fbn\u00ea de p\u00eak hat. Pi\u015ft\u00ee girtin\u00ea j\u00ee, girt\u00eey\u00ean serbestkir\u00ee xwe li j\u00ear giran\u00eeya b\u00eaparkirina ji maf\u00ean \u015farwer a li gor qan\u00fbn\u00ea d\u00eet ku \u00ead\u00ee wan carinan heta deh salan pi\u015ft\u00ee bidaw\u00eekirina sizaya zindankirin\u00ea nikar\u00eeb\u00fb bibin xwed\u00eepasport. Li h\u00eala din, kes\u00ean, bi salan, b\u00eay\u00ee darizandin girt\u00ee man, pi\u015ft\u00ee ku hatin serbestkirin, li j\u00ear giran\u00eeya er\u00eakirin\u00ean h\u00eaz\u00ean ewlekar\u00eey\u00ea y\u00ean dest\u00fbrday\u00eena bidestxistina pasportek\u00ea ya bidestxistina v\u00eezeyek\u00ea man. Daw\u00eeya heyama sal\u00ean nod\u00ee, rew\u015fa piran\u00eeya van girt\u00eeyan hatib\u00fb serrastkirin.<\/p>\n<p dir=\"ltr\">&#8211; Di navbera sal\u00ean 2002yan \u00fb 2006an de d\u00eeyardeya seferbend\u00eey\u00ea ji n\u00fb ve h\u00ea\u015f\u00een hat, l\u00ea v\u00ea car\u00ea li cem girt\u00eey\u00ean s\u00eeyas\u00ee nesekin\u00ee \u00fb dezgeh\u00ean ewlekar\u00eey\u00ea ew bi rengek\u00ee berfireh li dij\u00ee \u00e7alakger\u00ean tevgera \u015farwer \u00fb ramyar\u00ee y\u00ean pi\u015ft\u00ee \u201cBihara \u015eam\u00ea\u201d wek\u00ee p\u00eakan\u00eeneke \u00e7avd\u00ear\u00eekirin\u00ea ya li dervey\u00ea qan\u00fbn\u00ea bi kar an\u00ee ku \u00ead\u00ee wan kar\u00eeb\u00fb tevger\u00ean hin \u00e7alakgeran li dervey\u00ea S\u00fbr\u00eeyey\u00ea binasin, ev yek j\u00ee dema wan dezgehan hi\u015fyar\u00eenamey\u00ean der heq\u00ea wan \u00e7alakgeran de \u201cb\u00eay\u00ee ku hay\u00ea wan j\u00ea hebe\u201d li nik Bir\u00eaveber\u00eeya Ko\u00e7b\u00fbn\u00ea \u00fb Pasportan datan\u00ee ku \u00ead\u00ee wan \u00e7alakgeran b\u00eay\u00ee dest\u00fbra sefer\u00ea nikar\u00eeb\u00fb ji tu dergeh\u00ea s\u00eenor\u00ee derbas bibin. Di her derketinek\u00ea de wan ser\u00ee li dezgeha ewlekar\u00eey\u00ea ya astengkar dida \u00fb hin caran hi\u015fyar\u00eenamey\u00ean \u00e7end dezgeh\u00ean ewlekar\u00eey\u00ea li ser kesek\u00ee bi xwe heb\u00fbn, \u00eecar ew kes ne\u00e7ar dima ku ser\u00ee li wan hem\u00fb dezgeh\u00ean ewleka\u00eery\u00ea bide, roja derketina ji welat, roja veger\u00ea, al\u00eey\u00ea vexwende \u00fb sedema vexwendin\u00ea n\u00ee\u015fan bide. Piran\u00eeya \u00e7alakgeran ser\u00ee li ber van r\u00eabaz\u00ean n\u00fb y\u00ean dezgeh\u00ean ewlekar\u00eey\u00ea dan\u00ee \u00fb be\u015fek\u00ee pir pi\u00e7\u00fbk ev r\u00eabaz qeb\u00fbl nekirin \u00fb \u00ead\u00ee wan nema kar\u00eeb\u00fb bi yekcar\u00ea ji welat derkevin.<\/p>\n<p dir=\"ltr\">&#8211; Di navbera sal\u00ean 2006an \u00fb 2008an de, du guhertin di k\u00ea\u015fedar\u00eeya \u201cseferbend\u00eey\u00ea\/qedexekirina derketina ji welat\u201d de \u00e7\u00eab\u00fbn: Yek di war\u00ea mijar\u00ea de \u00fb yek di hejmar\u00ea de. Ji h\u00ealek\u00ea ve peywira seferbend\u00eey\u00ea berfirehtir b\u00fb, nema li ber s\u00eenor\u00ea \u00e7avd\u00ear\u00eekirin\u00ea sekin\u00ee \u00fb b\u00fb r\u00eabazeke s\u00eestemat\u00eek ku \u00ead\u00ee dezgeh\u00ean ewlekar\u00eey\u00ea dest\u00fbra derketina ji welat an biryara qedexekirina derketin\u00ea li gor kes, al\u00eey\u00ea vexwende, celeb\u00ea \u00e7alak\u00eey\u00ea \u00fb c\u00eey\u00ea lidarxistina \u00e7alak\u00eey\u00ea dida \u00fb hin caran ev ar\u00ea\u015fe dib\u00fb rengek\u00ee fi\u015farkirin \u00fb sizakirin\u00ea dema ji bo b\u00eaparkirina hin kesan ji derfeta kar, an xwendin\u00ea, an dermankirin\u00ea, an xwegihandina malbat\u00ea dihat bikaran\u00een.<\/p>\n<p dir=\"ltr\">Li h\u00eala din, hi\u015fyar\u00eenamey\u00ean ser\u00eel\u00eadan\u00ean seferbend\u00eey\u00ea di w\u00ea dem\u00ea de z\u00eadetir b\u00fbn \u00fb gelek \u00e7alakger\u00ean \u015farwer \u00fb s\u00eeyasetmedar\u00ean S\u00fbr\u00eeyey\u00ea dan ber xwe ku p\u00ea re p\u00ea re b\u00fb sazg\u00ear\u00eeyeke rot\u00een a li ser \u00e7alak\u00eeya p\u00ea\u015f\u00een a ku her welat\u00eeyek p\u00ea radibe. Di Rezbera 2008an de dezgeh\u00ean ewlekar\u00eey\u00ea \u00e7end l\u00eestey\u00ean berfireh \u00ean kes\u00ean derketina ji welat li wan qedexe ye derxistin ku nav\u00ea her kes\u00ea \u00e7alak\u00eeyeke gi\u015ft\u00ee ya s\u00eeyas\u00ee yan mafnas\u00ee kirib\u00fb, di wan l\u00eesteyan re derbas dib\u00fb. Nav\u00ean hin kes\u00ean ku ji m\u00eaj ve bi rengek\u00ee qutebir dev ji \u00e7alak\u00eey\u00ean gi\u015ft\u00ee berdab\u00fb yan \u00e7\u00fbb\u00fbn ber rehma Xwed\u00ea di wan l\u00eesteyan re derbas dib\u00fbn, wek\u00ee endam\u00ea Kom\u00eetey\u00ean Bergir\u00eeya Azad\u00eey\u00ean Demokrat\u00eek \u00fb Maf\u00ean Mirovan, Ebdilker\u00eem Zeiter, \u00ea ku hi\u015fyar\u00eenameya qedexekirina derketina w\u00ee ya ji S\u00fbr\u00eeyey\u00ea pi\u015ft\u00ee mirina w\u00ee bi sal \u00fb n\u00eevek\u00ea hate derxistin.<\/p>\n<p dir=\"ltr\"><strong>Maf\u00ean Bergir\u00ean Maf\u00ean Mirovan:<\/strong><\/p>\n<p dir=\"ltr\">Di p\u00eavajoya d\u00eerok\u00ea de, kes\u00ean w\u00earek \u00fb xwedann\u00ear\u00een\u00ean (xewb\u00een) hewl dane s\u00eenor\u00ean parastina maf\u00ean mirovan berfireh bikin \u00fb kes\u00ean li dervey\u00ee wan s\u00eenoran j\u00ee bixin j\u00ear s\u00eewana parastin\u00ea. Her kes, her \u00e7i kar\u00ea w\u00ee be, dikare bibe bergir \u00fb berevan\u00ea maf\u00ean mirovan. Hin bergir\u00ean maf\u00ean mirovan xebatkar\u00ean pispor \u00ean war\u00ea maf\u00ean mirovan in, an par\u00eazer in \u00fb di war\u00ea doz\u00ean maf\u00ean mirovan de kar dikin, an rojnameger in, an send\u00eekager in, an xebatkar\u00ean di war\u00ea ge\u015fep\u00eadan\u00ea de ne. Her weha berpirsyar, an pol\u00ees, an kesayet\u00eey\u00ean navdar \u00ean ku bi dilgerm\u00ee li ser xustkirina r\u00eazgirtina maf\u00ean mirovan dixebitin dikarin bibin bergir\u00ean maf\u00ean mirovan ku ew kes in, an kom\u00ean kesan in, an r\u00eaxistin in \u00fb ji bo xurtkirina maf\u00ean mirovan \u00fb parastina wan di r\u00eay\u00ean a\u015ft\u00eeyane \u00fb netundr\u00ea re dixebitin \u00fb bawer\u00eey\u00ea bi yeksan\u00eeya maf\u00ean mirovan di\u00eenin.<\/p>\n<p dir=\"ltr\">Ji ber ku maf\u00ean mirovan bi giran\u00ee t\u00eane pa\u015fguhkirin, bergir\u00ean wan rast\u00ee asteng\u00eey\u00ean destn\u00ee\u015fankir\u00ee t\u00ean, \u00e7i ku heye maf\u00ean ku bergir xwe p\u00ea gir\u00ea didin c\u00eey\u00ea nakok\u00ee \u00fb dijber\u00eeyan bin; an ji ber ku ew maf li dij\u00ee p\u00eevan\u00ean civak\u00ee y\u00ean serdest in an j\u00ee ji ber ku ew li hember pergala s\u00eeyas\u00ee, ol\u00ee yan a abor\u00ee dibin gef \u00fb kelem.<\/p>\n<p dir=\"ltr\">Di nava kar\u00ea xwe y\u00ea d\u00fbr\u00fbdir\u00eaj de, R\u00eaxistina L\u00eabihur\u00een\u00ea ya Navnetewey\u00ee d\u00eeyar kiriye ku ji nav (asteng\u00ee)y\u00ean ku dikevin r\u00eaya bergir\u00ean maf\u00ean mirovan de, seferbend\u00ee di pileya sis\u00eayan de t\u00ea. R\u00eaxistin\u00ea e\u015fkere kiriye ku seferbend\u00ee bi rengek\u00ee berfireh berbelav e \u00fb li gelek al\u00eey\u00ean c\u00eehan\u00ea b\u00eay\u00ee gil\u00eekirin \u00fb tomarkirin derbas dibe.<\/p>\n<p dir=\"ltr\"><strong>&#8211; Maf\u00ean bergir\u00ean maf\u00ean mirovan hene, seferbend\u00ee ne yek ji wan e: \u00a0<\/strong><\/p>\n<p dir=\"ltr\">Hik\u00fbmet\u00ean li seranser\u00ea c\u00eehan\u00ea rola gir\u00eeng a bergir\u00ean maf\u00ean mirovan teqez kir \u00fb pabend\u00eey\u00ean parastina wan raber kirin. Di nava sedsala bihur\u00ee de, civaka navnetewey\u00ee \u00e7ar\u00e7oveyeke qan\u00fbn\u00ee dan\u00ee ku rola her kes\u00ee di bergirtina maf\u00ean mirovan de teqez dike. Ev yek di Danezana Netewey\u00ean Yekb\u00fby\u00ee ya Bergir\u00ean Maf\u00ean Mirovan de derket p\u00ea\u015f ku di \u015feva salvegera p\u00eanc\u00eey\u00ee ya Danezana C\u00eehan\u00ee ya Maf\u00ean Mirovan a di 09.12.1998an de hate pesendkirin. Di v\u00ea danezan\u00ea de, d\u00fbgel\u00ean endam \u00ean NYy\u00ea teqez kiriye ku prens\u00eep\u00ean Danezana C\u00eehan\u00ee ya Maf\u00ean Mirovan nikarin bibin rast\u00eeyeke berbi\u00e7av heger hem\u00fb kes be\u015fdar\u00ee c\u00eebic\u00eekirina wan nebin \u00fb heger ew kes\u00ean li ser xurtkirina wan dixebitin nikar\u00eebin w\u00ea yek\u00ea d\u00fbr\u00ee destt\u00eawerdan, astengkirin, tirsandin \u00fb gefl\u00eaxwarin\u00ea bikin.<\/p>\n<p dir=\"ltr\">Li gor Danezana Der Bar\u00ea Bergir\u00ean Maf\u00ean Mirovan De \u00fb p\u00eevan\u00ean din \u00ean navnetewey\u00ee \u00fb her\u00eam\u00ee y\u00ean maf\u00ean mirovan, hik\u00fbmet ji ber binp\u00eakirin\u00ean li dij\u00ee bergir\u00ean maf\u00ean mirovan \u00ean ku ji h\u00eala karmend\u00ean wan \u00ean ferm\u00ee ve -di nav de endam\u00ean h\u00eaz\u00ean ewlekar\u00eey\u00ea- t\u00eane me\u015fandin berpirsyar in.<\/p>\n<p dir=\"ltr\">Hin sazg\u00ear\u00eey\u00ean li ser asta navnetewey\u00ee \u00fb her\u00eam\u00ee y\u00ean bergir\u00ean maf\u00ean mirovan dipar\u00eazin hene ku Civata Gi\u015ft\u00ee ya Netewey\u00ean Yekb\u00fby\u00ee di biryara xwe ya 53\/144an a 08.03.1999an de ew pesend kirine:<\/p>\n<ol dir=\"ltr\">\n<li><strong> Sazg\u00ear\u00eey\u00ean Parastina Ni\u015ftiman\u00ee:<\/strong><\/li>\n<\/ol>\n<p dir=\"ltr\">Li k\u00ealeka pabend\u00eeya d\u00fbgelan a di war\u00ea parastina welat\u00eeyan \u00fb misogerkirina maf\u00ean wan li gor peyman\u00ean navnetewey\u00ee y\u00ean maf\u00ean mirovan de, biryara Civata Gi\u015ft\u00ee ya Netewey\u00ean Yekb\u00fby\u00ee d\u00eeyar kiriye ku gerek e deste yan enc\u00fbmen\u00ean ni\u015ftiman\u00ee y\u00ean maf\u00ean mirovan b\u00eane damezirandin da ku be\u015fdar\u00eeyeke akt\u00eev di parastina bergir\u00ean maf\u00ean mirovan de bikin \u00fb li dervey\u00ea hik\u00fbmet\u00ea kar bikin ku bi piran\u00ee li gor kurtkirina \u00cengil\u00eez\u00ee (NHRIs)\u00ea t\u00eane naskirin. 117 d\u00fbgelan bersiveke er\u00ean\u00ee da v\u00ea bang\u00ea \u00fb ji nav wan Sw\u00ead 4 saz\u00eey\u00ean taybetmend damezirandin. Ji nav d\u00fbgel\u00ean Ereb\u00ee j\u00ee, ten\u00ea Mexrib, Misir, T\u00fbnis, Mor\u00eetanya, \u00dbrdun, Filist\u00een \u00fb Qeter\u00ea bersiveke er\u00ean\u00ee da v\u00ea bang\u00ea.<\/p>\n<ol dir=\"ltr\" start=\"2\">\n<li><strong> Sazg\u00ear\u00eey\u00ean Parastina Her\u00eam\u00ee:<\/strong><\/li>\n<\/ol>\n<p dir=\"ltr\">Ji encama Danezana sala 1998an a Netewey\u00ean Yekb\u00fby\u00ee ya Der Bar\u00ea Bergir\u00ean Maf\u00ean Mirovan De \u00fb biryara sala 1999an a Civata Gi\u015ft\u00ee ya Netewey\u00ean Yekb\u00fby\u00ee, parzem\u00een\u00ean Afr\u00eeka, Ewropa \u00fb Asayay\u00ea sazg\u00ear\u00eey\u00ean pi\u015ftgir\u00eeya maf\u00ean mirovan \u00fb parastina wan di her\u00eam\u00ean xwe de dan me\u015fandin. Di parzem\u00eena Asyay\u00ea \u00fb c\u00eehana Ereb\u00ee de destey\u00ean her\u00eam\u00ee y\u00ean di v\u00ee war\u00ee de bi rengek\u00ee yeker an ferm\u00ee tunene. Li gel ku Kombenda D\u00fbgel\u00ean Ereb\u00ee Peymana Ereb\u00ee ya Maf\u00ean Mirovan dan\u00eeye l\u00eabel\u00ea ew tu sazg\u00ear\u00eeyeke gil\u00eenamey\u00ean takekes\u00ee li xwe nagire, heta nuha ten\u00ea \u015fe\u015f d\u00fbgelan ew peyman pesend kiriye \u00fb dadgeheke Ereb\u00ee ya \u015fopandina binp\u00eakirin\u00ean der heq\u00ea maf\u00ean mirovan de li gor peyman\u00ea nehatiye damezirandin.<\/p>\n<ol dir=\"ltr\" start=\"3\">\n<li><strong> Sazg\u00ear\u00eey\u00ean Parastina Navnetewey\u00ee:<\/strong><\/li>\n<\/ol>\n<p dir=\"ltr\">Li gel ku piran\u00eeya hik\u00fbmet\u00ean c\u00eehan\u00ea rola gir\u00eeng a bergir\u00ean maf\u00ean mirovan pi\u015ftrast dikin \u00fb xwe wek\u00ee pabend\u00ean parastina wan \u00fb h\u00easankar\u00ean xebata wan n\u00ee\u015fan didin \u00fb her wisa li gel ku hik\u00fbmet li xwe mikur t\u00ean ku keda bergir\u00ean maf\u00ean mirovan a di war\u00ea \u00e7avd\u00ear\u00eey\u00ea, liserrawestan\u00ea \u00fb p\u00ea\u015fk\u00ea\u015fkirina p\u00ea\u015fn\u00eeyaz\u00ean ba\u015fkirina rew\u015f\u00ea ne ten\u00ea li gel erk\u00ean d\u00fbgel\u00ea y\u00ean xwegir\u00eadana bi qan\u00fbnan \u00fb p\u00eevan\u00ean xwecih\u00ee \u00fb navnetewey\u00ee y\u00ean maf\u00ean mirovan diguncin l\u00eabel\u00ea ew be\u015fdar\u00eeyeke mezin di p\u00eakan\u00eena v\u00ea armanc\u00ea de j\u00ee dikin; c\u00eebic\u00eekirina prat\u00eek\u00ee ya van soz \u00fb peymanan bi giran\u00ee li berevaj\u00ee naveroka wan e. \u00cecar hemin sazg\u00ear\u00eey\u00ean parastina bergir\u00ean maf\u00ean mirovan li ser ast\u00ean ni\u015ftiman\u00ee \u00fb her\u00eam\u00ee li c\u00eehana Ereb\u00ee peyda nabin, gir\u00eeng\u00eeya heb\u00fbna sazg\u00ear\u00eey\u00ean parastina navnetewey\u00ee wek\u00ee d\u00eewar\u00ea daw\u00ee y\u00ea parastina bergir\u00ean maf\u00ean mirovan derdikeve p\u00ea\u015f da ku z\u00eadegav\u00eey\u00ean der heq\u00ea wan de b\u00eane s\u00eenorkirin ku piran\u00eeya van sazg\u00ear\u00eeyan gir\u00eaday\u00ee Netewey\u00ean Yekb\u00fby\u00ee ne:<\/p>\n<p dir=\"ltr\">&#8211; Sazg\u00ear\u00eey\u00ean pisporan \u00ean gir\u00eaday\u00ee p\u00eakan\u00een\u00ean taybet.<\/p>\n<p dir=\"ltr\">&#8211; Destey\u00ean \u00e7avd\u00ear\u00eekirina c\u00eebic\u00eekirina peymanan.<\/p>\n<p dir=\"ltr\">&#8211; Enc\u00fbmena Maf\u00ean Mirovan.<\/p>\n<p dir=\"ltr\">&#8211; Danezana Netewey\u00ean Yekb\u00fby\u00ee ya Der Bar\u00ea Bergir\u00ean Maf\u00ean Mirovan De.<\/p>\n<p dir=\"ltr\">&#8211; Nim\u00eenendey\u00ea Yaybet \u00ea Netewey\u00ean Yekb\u00fby\u00ee y\u00ea T\u00eakildar\u00ea Bergir\u00ean Maf\u00ean Mirovan.<\/p>\n<p dir=\"ltr\"><strong>Heger bergir\u00ea maf\u00ean mirovan rast\u00ee binp\u00eakirinek\u00ea yan tengezarkirineke wek\u00ee seferbend\u00eey\u00ea hat \u00fb r\u00ea li p\u00ea\u015f me\u015fandina kar\u00ea w\u00ee hate girtin, dikare ser\u00ee li van hem\u00fb sazg\u00ear\u00eeyan bide.<\/strong><\/p>\n<p dir=\"ltr\"><strong>Nex\u015feya Seferbend\u00eey\u00ea Li S\u00fbr\u00eeyey\u00ea:<\/strong><\/p>\n<p dir=\"ltr\">Kar\u00ea amadekirina l\u00eestey\u00ean kes\u00ean derketina dervey\u00ea S\u00fbr\u00eeyey\u00ea li wan qedexe ye pir zehmet e, \u00e7i ku ji al\u00eeyek\u00ee ve dezgeh\u00ean ewlekar\u00eey\u00ea y\u00ean S\u00fbr\u00eeyey\u00ea li r\u00eabaza xwe ya seferbend\u00eey\u00ea mikur nay\u00ean \u00fb dib\u00eajin ku mijar ten\u00ea (ser\u00eel\u00eadan) e \u00fb ji al\u00eeyek\u00ee din ve ji ber ku tu qan\u00fbneke ku maf\u00ea bidestxistina zanyar\u00eeyan li S\u00fbr\u00eeyey\u00ea bipar\u00eaze tuneye, ji ber v\u00ea eger\u00ea tu sedem tuneye ku Bir\u00eaveber\u00eeya Ko\u00e7kirin \u00fb Pasportan ne\u00e7ar\u00ee p\u00ea\u015fk\u00ea\u015fkirina zanyar\u00eeyan bike.<\/p>\n<p dir=\"ltr\">Li ser v\u00ea bingeh\u00ea, ez dixwazim keda \u00e7end destey\u00ean mafnas<strong>* <\/strong>a di ber amadekirina v\u00ea nex\u015feya neferm\u00ee de destn\u00ee\u015fan bikim. Li vir j\u00ee div\u00ea \u00e7end t\u00eab\u00een\u00ee b\u00eane gotin:<\/p>\n<p dir=\"ltr\">&#8211; Nav\u00ean kes\u00ean derketina ji S\u00fbr\u00eeyey\u00ea li wan hatiye qedexekirin \u00ean ku di v\u00ea l\u00eakol\u00een\u00ea de hatine (417) nav in ku min kar\u00eeb\u00fb wan bihejm\u00earim \u00fb bi belge bikim, \u00e7i ku hizir ew e ku hejmar mezintir e.<\/p>\n<p dir=\"ltr\">&#8211; Nav\u00ean di v\u00ee be\u015f\u00ee de li ser bingeha zanyar\u00eey\u00ean berhevkir\u00ee hatine niv\u00ees\u00een, loma di hin d\u00eeyagraman de d\u00ea zanyar\u00eey\u00ean li j\u00ear nav\u00ea (nedestn\u00ee\u015fankir\u00ee) derbas bibin ku min nikar\u00eeb\u00fb hem\u00fb zanyar\u00eey\u00ean wan destn\u00ee\u015fan \u00fb berhev bikim.<\/p>\n<p dir=\"ltr\">&#8211; R\u00eajeya \u015fa\u015f\u00eet\u00eey\u00ea di zanyar\u00eeyan de (% 3.7) e.<\/p>\n<ol dir=\"ltr\">\n<li>Seferbend\u00ean ji ber \u00e7alak\u00eey\u00ean s\u00eeyas\u00ee (hejmar 293):<\/li>\n<\/ol>\n<table dir=\"ltr\" style=\"height: 4691px;\" width=\"1182\">\n<tbody>\n<tr>\n<td width=\"45\">&nbsp;<\/p>\n<p>1<\/td>\n<td width=\"144\">\u00cebrah\u00eem \u00celyas\u00a0El-hek\u00eem<\/td>\n<td width=\"45\">100<\/td>\n<td width=\"145\">\u015eiyar L\u00eal Xel\u00eel<\/td>\n<td width=\"44\">201<\/td>\n<td width=\"145\">Feysel Kird\u00eey\u00ea<\/td>\n<\/tr>\n<tr>\n<td width=\"45\">2<\/td>\n<td width=\"144\">\u00cebrah\u00eem Ferhat<\/td>\n<td width=\"45\">101<\/td>\n<td width=\"145\">\u015e\u00eaxm\u00fbs M\u00fbsa<\/td>\n<td width=\"44\">202<\/td>\n<td width=\"145\">Kamil Ebas<\/td>\n<\/tr>\n<tr>\n<td width=\"45\">3<\/td>\n<td width=\"144\">\u00cebrah\u00eem Melk\u00ea<\/td>\n<td width=\"45\">102<\/td>\n<td width=\"145\">Saib El-Hac<\/td>\n<td width=\"44\">203<\/td>\n<td width=\"145\">Kemal El-Qes\u00eer<\/td>\n<\/tr>\n<tr>\n<td width=\"45\">4<\/td>\n<td width=\"144\">Ehmed El-Hec\u00ee<\/td>\n<td width=\"45\">103<\/td>\n<td width=\"145\">Salih El-Semil<\/td>\n<td width=\"44\">204<\/td>\n<td width=\"145\">Kewser Teyf\u00fbr<\/td>\n<\/tr>\n<tr>\n<td width=\"45\">5<\/td>\n<td width=\"144\">Ehmed El-Xet\u00eeb<\/td>\n<td width=\"45\">104<\/td>\n<td width=\"145\">Sebr\u00ee Kinco M\u00eerza<\/td>\n<td width=\"44\">205<\/td>\n<td width=\"145\">Mazin Edhem Ed\u00ee<\/td>\n<\/tr>\n<tr>\n<td width=\"45\">6<\/td>\n<td width=\"144\">Ehmed Cabir El-Z\u00eer<\/td>\n<td width=\"45\">105<\/td>\n<td width=\"145\">Sefwan Eka\u015f<\/td>\n<td width=\"44\">206<\/td>\n<td width=\"145\">Mazin \u015eems\u00ean<\/td>\n<\/tr>\n<tr>\n<td width=\"45\">7<\/td>\n<td width=\"144\">Ehmed Cel\u00fbl<\/td>\n<td width=\"45\">106<\/td>\n<td width=\"145\">Selah Qesas<\/td>\n<td width=\"44\">207<\/td>\n<td width=\"145\">Mecdild\u00een Osman<\/td>\n<\/tr>\n<tr>\n<td width=\"45\">8<\/td>\n<td width=\"144\">Ehmed Dery\u00fbs\u00ee<\/td>\n<td width=\"45\">107<\/td>\n<td width=\"145\">Duha A\u015f\u00fbr<\/td>\n<td width=\"44\">208<\/td>\n<td width=\"145\">Mihemed Ehmed Hicaz\u00ee<\/td>\n<\/tr>\n<tr>\n<td width=\"45\">9<\/td>\n<td width=\"144\">Ehmed \u015e\u00eax Dumur \u015e\u00eax Berkel<\/td>\n<td width=\"45\">108<\/td>\n<td width=\"145\">Tariq Sel\u00eem Colaq<\/td>\n<td width=\"44\">209<\/td>\n<td width=\"145\">Mihemed El-Cind\u00ee<\/td>\n<\/tr>\n<tr>\n<td width=\"45\">10<\/td>\n<td width=\"144\">Ehmed Osman Bin Cimo<\/td>\n<td width=\"45\">109<\/td>\n<td width=\"145\">Zafir El-Necar<\/td>\n<td width=\"44\">210<\/td>\n<td width=\"145\">Mihemed El-Hemw\u00ee<\/td>\n<\/tr>\n<tr>\n<td width=\"45\">11<\/td>\n<td width=\"144\">Ehmed Mihemed Meclaw\u00ee<\/td>\n<td width=\"45\">110<\/td>\n<td width=\"145\">A\u00ee\u015fa Efend\u00ee<\/td>\n<td width=\"44\">211<\/td>\n<td width=\"145\">Mihemed \u00cesma\u00eel Bin Ez\u00eez<\/td>\n<\/tr>\n<tr>\n<td width=\"45\">12<\/td>\n<td width=\"144\">Ehmed Mihemed Meit\u00fbq<\/td>\n<td width=\"45\">111<\/td>\n<td width=\"145\">Adil Mehf\u00fbz<\/td>\n<td width=\"44\">212<\/td>\n<td width=\"145\">Mihemed Tetan<\/td>\n<\/tr>\n<tr>\n<td width=\"45\">13<\/td>\n<td width=\"144\">\u00cedr\u00ees Del\u00fbl<\/td>\n<td width=\"45\">112<\/td>\n<td width=\"145\">Ebas His\u00ean Ebas<\/td>\n<td width=\"44\">213<\/td>\n<td width=\"145\">Mihemed Teys\u00eer Erar<\/td>\n<\/tr>\n<tr>\n<td width=\"45\">14<\/td>\n<td width=\"144\">Usama El-Turk<\/td>\n<td width=\"45\">113<\/td>\n<td width=\"145\">Ebdil\u00eelah El-Esmer<\/td>\n<td width=\"44\">214<\/td>\n<td width=\"145\">Mihemed Cezayirl\u00ee<\/td>\n<\/tr>\n<tr>\n<td width=\"45\">15<\/td>\n<td width=\"144\">Usama A\u015f\u00fbr<\/td>\n<td width=\"45\">114<\/td>\n<td width=\"145\">Ebdil\u00eelah Hac El\u00ee<\/td>\n<td width=\"44\">215<\/td>\n<td width=\"145\">Mihemed Hac Derw\u00ee\u015f<\/td>\n<\/tr>\n<tr>\n<td width=\"45\">16<\/td>\n<td width=\"144\">Esied Hem\u00fbd El-Ced\u00fbi<\/td>\n<td width=\"45\">115<\/td>\n<td width=\"145\">Ebdil\u00eelah Helaq<\/td>\n<td width=\"44\">216<\/td>\n<td width=\"145\">Mihemed Hesen D\u00eeb<\/td>\n<\/tr>\n<tr>\n<td width=\"45\">17<\/td>\n<td width=\"144\">\u00cesma\u00eel El-Sebah<\/td>\n<td width=\"45\">116<\/td>\n<td width=\"145\">Ebdilhef\u00eez El-Hafiz<\/td>\n<td width=\"44\">217<\/td>\n<td width=\"145\">Mihemed Hesen Nem\u00fbra<\/td>\n<\/tr>\n<tr>\n<td width=\"45\">18<\/td>\n<td width=\"144\">\u00cesma\u00eel Cam\u00fbs<\/td>\n<td width=\"45\">117<\/td>\n<td width=\"145\">Ebdilhek\u00eem Hewas Be\u015far<\/td>\n<td width=\"44\">218<\/td>\n<td width=\"145\">Mihemed Xelef Bin Xelef<\/td>\n<\/tr>\n<tr>\n<td width=\"45\">19<\/td>\n<td width=\"144\">\u00cesma\u00eel Z\u00eadan<\/td>\n<td width=\"45\">118<\/td>\n<td width=\"145\">Ebdilhel\u00eem R\u00fbm\u00eeye<\/td>\n<td width=\"44\">219<\/td>\n<td width=\"145\">Mihemed Xel\u00eel \u00cesa<\/td>\n<\/tr>\n<tr>\n<td width=\"45\">20<\/td>\n<td width=\"144\">\u00cesma\u00eel Ebdilhad\u00ee\u00a0El-Z\u00eeb<\/td>\n<td width=\"45\">119<\/td>\n<td width=\"145\">Ebdilrehman Ehmed<\/td>\n<td width=\"44\">220<\/td>\n<td width=\"145\">Mihemed X\u00ear Mesalime<\/td>\n<\/tr>\n<tr>\n<td width=\"45\">21<\/td>\n<td width=\"144\">\u00cesma\u00eel Umer<\/td>\n<td width=\"45\">120<\/td>\n<td width=\"145\">Ebdilrehman Remo<\/td>\n<td width=\"44\">221<\/td>\n<td width=\"145\">Mihemed Dirbak<\/td>\n<\/tr>\n<tr>\n<td width=\"45\">22<\/td>\n<td width=\"144\">Aslan Ebdilker\u00eem<\/td>\n<td width=\"45\">121<\/td>\n<td width=\"145\">Ebdilselam Osman<\/td>\n<td width=\"44\">222<\/td>\n<td width=\"145\">Mihemed Deib\u00fbl<\/td>\n<\/tr>\n<tr>\n<td width=\"45\">23<\/td>\n<td width=\"144\">\u00ceqbal Sil\u00eaman\u00a0El-Medfi<\/td>\n<td width=\"45\">122<\/td>\n<td width=\"145\">Ebdilselam Enber<\/td>\n<td width=\"44\">223<\/td>\n<td width=\"145\">Mihemed D\u00eeb Ebdelah<\/td>\n<\/tr>\n<tr>\n<td width=\"45\">24<\/td>\n<td width=\"144\">Ekrem Ze\u00eer<\/td>\n<td width=\"45\">123<\/td>\n<td width=\"145\">Ebdilsemed Xelef Biro<\/td>\n<td width=\"44\">224<\/td>\n<td width=\"145\">Mihemed Zek\u00ee Minad\u00ee El-Hiw\u00ead\u00ee<\/td>\n<\/tr>\n<tr>\n<td width=\"45\">25<\/td>\n<td width=\"144\">Em\u00een Kel\u00fbl<\/td>\n<td width=\"45\">124<\/td>\n<td width=\"145\">Ebdilez\u00eez El-Cirf<\/td>\n<td width=\"44\">225<\/td>\n<td width=\"145\">Mihemed Z\u00ead\u00a0El-Hiw\u00ead\u00ee<\/td>\n<\/tr>\n<tr>\n<td width=\"45\">26<\/td>\n<td width=\"144\">\u00ceyad Qesas<\/td>\n<td width=\"45\">125<\/td>\n<td width=\"145\">Ebdilez\u00eez El-Xeyir<\/td>\n<td width=\"44\">226<\/td>\n<td width=\"145\">Mihemed Sem\u00eeh\u00a0El-Xet\u00eeb<\/td>\n<\/tr>\n<tr>\n<td width=\"45\">27<\/td>\n<td width=\"144\">\u00cesar Qesas<\/td>\n<td width=\"45\">126<\/td>\n<td width=\"145\">Ebdilxen\u00ee Mihemed Meclaw\u00ee<\/td>\n<td width=\"44\">227<\/td>\n<td width=\"145\">Mihemed Seyid Risas<\/td>\n<\/tr>\n<tr>\n<td width=\"45\">28<\/td>\n<td width=\"144\">Basima Mens\u00fbr Br\u00eek<\/td>\n<td width=\"45\">127<\/td>\n<td width=\"145\">Ebdilqadir\u00a0El-Xeznew\u00ee<\/td>\n<td width=\"44\">228<\/td>\n<td width=\"145\">Mihemed Salih<\/td>\n<\/tr>\n<tr>\n<td width=\"45\">29<\/td>\n<td width=\"144\">Bedirxan \u00cebrah\u00eem Ehemd<\/td>\n<td width=\"45\">128<\/td>\n<td width=\"145\">Ebdilqadir\u00a0El-Nabils\u00ee<\/td>\n<td width=\"44\">229<\/td>\n<td width=\"145\">Mihemed Ebas Bin Mehm\u00fbd<\/td>\n<\/tr>\n<tr>\n<td width=\"45\">30<\/td>\n<td width=\"144\">Besam Besel\u00ea<\/td>\n<td width=\"45\">129<\/td>\n<td width=\"145\">Ebdilqehar Si\u00fbd<\/td>\n<td width=\"44\">230<\/td>\n<td width=\"145\">Mihemed Ebdilmec\u00eed Menc\u00fbn\u00ea<\/td>\n<\/tr>\n<tr>\n<td width=\"45\">31<\/td>\n<td width=\"144\">Besam Teys\u00eer Erar<\/td>\n<td width=\"45\">130<\/td>\n<td width=\"145\">Ebdilker\u00eem Ehmed \u015e\u00eax El-\u015eebab<\/td>\n<td width=\"44\">231<\/td>\n<td width=\"145\">Mihemed Osman Bin El\u00ee<\/td>\n<\/tr>\n<tr>\n<td width=\"45\">32<\/td>\n<td width=\"144\">Besam Cewher<\/td>\n<td width=\"45\">131<\/td>\n<td width=\"145\">Ebdilker\u00eem El-Semil<\/td>\n<td width=\"44\">232<\/td>\n<td width=\"145\">Mihemed El\u00ee El-Hac<\/td>\n<\/tr>\n<tr>\n<td width=\"45\">33<\/td>\n<td width=\"144\">Besam Taha<\/td>\n<td width=\"45\">132<\/td>\n<td width=\"145\">Ebdilker\u00eem\u00a0El-Dehak<\/td>\n<td width=\"44\">233<\/td>\n<td width=\"145\">Mihemed Mihemed Bin Henan<\/td>\n<\/tr>\n<tr>\n<td width=\"45\">34<\/td>\n<td width=\"144\">Besam Y\u00fbnis<\/td>\n<td width=\"45\">133<\/td>\n<td width=\"145\">Ebdilker\u00eem El-Ho\u015fa<\/td>\n<td width=\"44\">234<\/td>\n<td width=\"145\">Mihemed Merwan Xaz\u00ee<\/td>\n<\/tr>\n<tr>\n<td width=\"45\">35<\/td>\n<td width=\"144\">Be\u015far Teys\u00eer Erar<\/td>\n<td width=\"45\">134<\/td>\n<td width=\"145\">Ebdilker\u00eem Umer El-Hiw\u00ead\u00ee<\/td>\n<td width=\"44\">235<\/td>\n<td width=\"145\">Mihemed Mistefa El-Cind\u00ee<\/td>\n<\/tr>\n<tr>\n<td width=\"45\">36<\/td>\n<td width=\"144\">Be\u015fae Mihemed Em\u00een<\/td>\n<td width=\"45\">135<\/td>\n<td width=\"145\">Ebdilker\u00eem \u00cesa<\/td>\n<td width=\"44\">236<\/td>\n<td width=\"145\">Mihemed M\u00fbsa Mihemed<\/td>\n<\/tr>\n<tr>\n<td width=\"45\">37<\/td>\n<td width=\"144\">Be\u015far Yebr\u00fbd\u00ee<\/td>\n<td width=\"45\">136<\/td>\n<td width=\"145\">Ebdilker\u00eem Kird\u00eey\u00ea<\/td>\n<td width=\"44\">237<\/td>\n<td width=\"145\">Mehm\u00fbd El-Umer<\/td>\n<\/tr>\n<tr>\n<td width=\"45\">38<\/td>\n<td width=\"144\">Be\u015f\u00eer El-Seid\u00ee<\/td>\n<td width=\"45\">137<\/td>\n<td width=\"145\">Ebdillet\u00eef Casim\u00a0El-Hiw\u00ead\u00ee<\/td>\n<td width=\"44\">238<\/td>\n<td width=\"145\">Mehm\u00fbd \u00cesma\u00eel Bin Xidir<\/td>\n<\/tr>\n<tr>\n<td width=\"45\">39<\/td>\n<td width=\"144\">Bekir Sidq\u00ee<\/td>\n<td width=\"45\">138<\/td>\n<td width=\"145\">Ebdelah Helaq<\/td>\n<td width=\"44\">239<\/td>\n<td width=\"145\">Mehm\u00fbd \u015e\u00eaxm\u00fbs \u015e\u00eaxo<\/td>\n<\/tr>\n<tr>\n<td width=\"45\">40<\/td>\n<td width=\"144\">Bilal Teys\u00eer Erar<\/td>\n<td width=\"45\">139<\/td>\n<td width=\"145\">Endelah Teim\u00ea<\/td>\n<td width=\"44\">240<\/td>\n<td width=\"145\">Mehm\u00fbd El\u00ee\u00a0El-Emo<\/td>\n<\/tr>\n<tr>\n<td width=\"45\">41<\/td>\n<td width=\"144\">Bilal His\u00ean Salih<\/td>\n<td width=\"45\">140<\/td>\n<td width=\"145\">Endelah Fadil<\/td>\n<td width=\"44\">241<\/td>\n<td width=\"145\">Mehm\u00fbd Kelio<\/td>\n<\/tr>\n<tr>\n<td width=\"45\">42<\/td>\n<td width=\"144\">Bel\u00eex N\u00fbr Tehr\u00ee<\/td>\n<td width=\"45\">141<\/td>\n<td width=\"145\">Endelah Mad\u00ee<\/td>\n<td width=\"44\">242<\/td>\n<td width=\"145\">Mehm\u00fbd Weqas Bin Mistefa<\/td>\n<\/tr>\n<tr>\n<td width=\"45\">43<\/td>\n<td width=\"144\">Behcet \u015eeibo<\/td>\n<td width=\"45\">142<\/td>\n<td width=\"145\">Endelah Ho\u015fa<\/td>\n<td width=\"44\">243<\/td>\n<td width=\"145\">Mihyed\u00een \u015e\u00eax Al\u00ee<\/td>\n<\/tr>\n<tr>\n<td width=\"45\">44<\/td>\n<td width=\"144\">Tehama Meir\u00fbf<\/td>\n<td width=\"45\">143<\/td>\n<td width=\"145\">Ebdilminim Hib\u00ea\u015f\u00ee<\/td>\n<td width=\"44\">244<\/td>\n<td width=\"145\">Mixlis \u015eeqra<\/td>\n<\/tr>\n<tr>\n<td width=\"45\">45<\/td>\n<td width=\"144\">Teys\u00eer Mihemed Em\u00een Erar<\/td>\n<td width=\"45\">144<\/td>\n<td width=\"145\">Ebdilhad\u00ee Hesen<\/td>\n<td width=\"44\">245<\/td>\n<td width=\"145\">Merwan El-El\u00ee<\/td>\n<\/tr>\n<tr>\n<td width=\"45\">46<\/td>\n<td width=\"144\">Cad El-Ker\u00eem El-Cibai\u00ee<\/td>\n<td width=\"45\">145<\/td>\n<td width=\"145\">Osman Hac Mislim Bin \u015eewket<\/td>\n<td width=\"44\">246<\/td>\n<td width=\"145\">Merwan Hem\u00fbd\u00a0El-Ced\u00fbi<\/td>\n<\/tr>\n<tr>\n<td width=\"45\">47<\/td>\n<td width=\"144\">Cemal Daban Bin His\u00ean<\/td>\n<td width=\"45\">146<\/td>\n<td width=\"145\">Ednan Behlew\u00ee<\/td>\n<td width=\"44\">247<\/td>\n<td width=\"145\">Merwan Hem\u00eed Osman<\/td>\n<\/tr>\n<tr>\n<td width=\"45\">48<\/td>\n<td width=\"144\">Cuma Qoban<\/td>\n<td width=\"45\">147<\/td>\n<td width=\"145\">Ednan Mihemed\u00a0El-Miqdad<\/td>\n<td width=\"44\">248<\/td>\n<td width=\"145\">Meryem Mihemed Meclaw\u00ee<\/td>\n<\/tr>\n<tr>\n<td width=\"45\">49<\/td>\n<td width=\"144\">Cem\u00eel Adenl\u00ee<\/td>\n<td width=\"45\">148<\/td>\n<td width=\"145\">Ednan Mek\u00eey\u00ea<\/td>\n<td width=\"44\">249<\/td>\n<td width=\"145\">Mistefa El-Ehmed Bin Mihemed<\/td>\n<\/tr>\n<tr>\n<td width=\"45\">50<\/td>\n<td width=\"144\">Cihad Hed\u00eefa<\/td>\n<td width=\"45\">149<\/td>\n<td width=\"145\">Erfan Teys\u00eer Erar<\/td>\n<td width=\"44\">250<\/td>\n<td width=\"145\">Mistefa El-\u015e\u00eax<\/td>\n<\/tr>\n<tr>\n<td width=\"45\">51<\/td>\n<td width=\"144\">Cihad Enaba<\/td>\n<td width=\"45\">150<\/td>\n<td width=\"145\">\u00cezed\u00een Hiso Bin Mirad<\/td>\n<td width=\"44\">251<\/td>\n<td width=\"145\">Mistefa Cuma Bin Ebdelah<\/td>\n<\/tr>\n<tr>\n<td width=\"45\">52<\/td>\n<td width=\"144\">Cihad Mis\u00fbt\u00ee<\/td>\n<td width=\"45\">151<\/td>\n<td width=\"145\">\u00cezed\u00een Mihemed His\u00ean<\/td>\n<td width=\"44\">252<\/td>\n<td width=\"145\">Mistefa Hemd\u00ee Bin Mihemed<\/td>\n<\/tr>\n<tr>\n<td width=\"45\">53<\/td>\n<td width=\"144\">Cihad Nesra<\/td>\n<td width=\"45\">152<\/td>\n<td width=\"145\">Ez\u00eez Tibs\u00ee<\/td>\n<td width=\"44\">253<\/td>\n<td width=\"145\">Mistefa Rustem<\/td>\n<\/tr>\n<tr>\n<td width=\"45\">54<\/td>\n<td width=\"144\">Ciwan \u015eemsed\u00een Mela \u00cebrah\u00eem<\/td>\n<td width=\"45\">153<\/td>\n<td width=\"145\">Ez\u00eeza Mihemed Meclaw\u00ee<\/td>\n<td width=\"44\">254<\/td>\n<td width=\"145\">Miseb El-Nebhan<\/td>\n<\/tr>\n<tr>\n<td width=\"45\">55<\/td>\n<td width=\"144\">Corc El-Sebi<\/td>\n<td width=\"45\">154<\/td>\n<td width=\"145\">El\u00ee El-Cehman\u00ee<\/td>\n<td width=\"44\">255<\/td>\n<td width=\"145\">Muaz Mihemed Neb\u00eeh El-Xet\u00eeb<\/td>\n<\/tr>\n<tr>\n<td width=\"45\">56<\/td>\n<td width=\"144\">Corc Etaela Sebra<\/td>\n<td width=\"45\">155<\/td>\n<td width=\"145\">El\u00ee El-Xet\u00eeb<\/td>\n<td width=\"44\">256<\/td>\n<td width=\"145\">Meir\u00fbf Mela Mihemed<\/td>\n<\/tr>\n<tr>\n<td width=\"45\">57<\/td>\n<td width=\"144\">Hesen Eln\u00eef\u00ee<\/td>\n<td width=\"45\">156<\/td>\n<td width=\"145\">El\u00ee El-\u015eihab\u00ee<\/td>\n<td width=\"44\">257<\/td>\n<td width=\"145\">Meis\u00fbm Ebd\u00ee Bin Bilal<\/td>\n<\/tr>\n<tr>\n<td width=\"45\">58<\/td>\n<td width=\"144\">Hesen \u00cebrah\u00eem Salih<\/td>\n<td width=\"45\">157<\/td>\n<td width=\"145\">El\u00ee El-Sarim<\/td>\n<td width=\"44\">258<\/td>\n<td width=\"145\">Muf\u00eed Dey\u00fbb<\/td>\n<\/tr>\n<tr>\n<td width=\"45\">59<\/td>\n<td width=\"144\">Hesen Z\u00eeb Heco<\/td>\n<td width=\"45\">158<\/td>\n<td width=\"145\">El\u00ee El-El\u00ee Bin \u015eewket<\/td>\n<td width=\"44\">259<\/td>\n<td width=\"145\">Mek\u00een Hesen<\/td>\n<\/tr>\n<tr>\n<td width=\"45\">60<\/td>\n<td width=\"144\">Hesen Z\u00eano<\/td>\n<td width=\"45\">159<\/td>\n<td width=\"145\">El\u00ee El-Werad<\/td>\n<td width=\"44\">260<\/td>\n<td width=\"145\">Menar Qesas<\/td>\n<\/tr>\n<tr>\n<td width=\"45\">61<\/td>\n<td width=\"144\">Hesen Sel\u00eem Colaq<\/td>\n<td width=\"45\">160<\/td>\n<td width=\"145\">El\u00ee Bak\u00eer<\/td>\n<td width=\"44\">261<\/td>\n<td width=\"145\">Menal Teys\u00eer Erar<\/td>\n<\/tr>\n<tr>\n<td width=\"45\">62<\/td>\n<td width=\"144\">Hesen Ebdilez\u00eem<\/td>\n<td width=\"45\">161<\/td>\n<td width=\"145\">El\u00ee Berekat<\/td>\n<td width=\"44\">262<\/td>\n<td width=\"145\">Muna \u00cesma\u00eel Erar<\/td>\n<\/tr>\n<tr>\n<td width=\"45\">63<\/td>\n<td width=\"144\">Hesen Umer Hiw\u00ead\u00ee<\/td>\n<td width=\"45\">162<\/td>\n<td width=\"145\">El\u00ee His\u00eano<\/td>\n<td width=\"44\">263<\/td>\n<td width=\"145\">Mun\u00eer \u015eeibo<\/td>\n<\/tr>\n<tr>\n<td width=\"45\">64<\/td>\n<td width=\"144\">Hesen Sebran\u00ee<\/td>\n<td width=\"45\">163<\/td>\n<td width=\"145\">El\u00ee Rehm\u00fbn<\/td>\n<td width=\"44\">264<\/td>\n<td width=\"145\">Muhened Mihyed\u00een Betih<\/td>\n<\/tr>\n<tr>\n<td width=\"45\">65<\/td>\n<td width=\"144\">Henan Ebdo Menan<\/td>\n<td width=\"45\">164<\/td>\n<td width=\"145\">El\u00ee \u015e\u00eax Osman Bin Mihemed<\/td>\n<td width=\"44\">265<\/td>\n<td width=\"145\">Muwefeq Zek\u00ee Hilale<\/td>\n<\/tr>\n<tr>\n<td width=\"45\">66<\/td>\n<td width=\"144\">Derw\u00ee\u015f Mihcim\u00a0El-Hiw\u00ead\u00ee<\/td>\n<td width=\"45\">165<\/td>\n<td width=\"145\">El\u00ee Sebir Derw\u00ee\u015f<\/td>\n<td width=\"44\">266<\/td>\n<td width=\"145\">Mewl\u00fbd Mehf\u00fbd<\/td>\n<\/tr>\n<tr>\n<td width=\"45\">67<\/td>\n<td width=\"144\">Dr\u00ead Xely\u00fbn<\/td>\n<td width=\"45\">166<\/td>\n<td width=\"145\">El\u00ee Mef\u00fbd<\/td>\n<td width=\"44\">267<\/td>\n<td width=\"145\">M\u00eexa\u00eal Esaf Seid<\/td>\n<\/tr>\n<tr>\n<td width=\"45\">68<\/td>\n<td width=\"144\">Ratib \u015eeibo<\/td>\n<td width=\"45\">167<\/td>\n<td width=\"145\">El\u00ee Mihm\u00fbd Bin \u015e\u00eax Xidir<\/td>\n<td width=\"44\">268<\/td>\n<td width=\"145\">Nasih El-Hayik<\/td>\n<\/tr>\n<tr>\n<td width=\"45\">69<\/td>\n<td width=\"144\">Ra\u015fid El-Set\u00fbf<\/td>\n<td width=\"45\">168<\/td>\n<td width=\"145\">El\u00ee Mihyed\u00een Hesen<\/td>\n<td width=\"44\">269<\/td>\n<td width=\"145\">Nasir Dey\u00fbb<\/td>\n<\/tr>\n<tr>\n<td width=\"45\">70<\/td>\n<td width=\"144\">Raxida Esaf<\/td>\n<td width=\"45\">169<\/td>\n<td width=\"145\">\u00cemad Xetab<\/td>\n<td width=\"44\">270<\/td>\n<td width=\"145\">Nez\u00eer Hez\u00eefa<\/td>\n<\/tr>\n<tr>\n<td width=\"45\">71<\/td>\n<td width=\"144\">Ramiz \u00cedr\u00ees<\/td>\n<td width=\"45\">170<\/td>\n<td width=\"145\">\u00cemad Zeiter<\/td>\n<td width=\"44\">271<\/td>\n<td width=\"145\">Nizar Merdan\u00ee<\/td>\n<\/tr>\n<tr>\n<td width=\"45\">72<\/td>\n<td width=\"144\">Raya Qesas<\/td>\n<td width=\"45\">171<\/td>\n<td width=\"145\">Umer Hin\u00ea\u015f<\/td>\n<td width=\"44\">272<\/td>\n<td width=\"145\">Nesir Se\u00eed<\/td>\n<\/tr>\n<tr>\n<td width=\"45\">73<\/td>\n<td width=\"144\">Reca El-Nasir<\/td>\n<td width=\"45\">172<\/td>\n<td width=\"145\">\u00cesa \u00cebrah\u00eem Hiso<\/td>\n<td width=\"44\">273<\/td>\n<td width=\"145\">Nez\u00eer Hena El-S\u00eaf\u00ee<\/td>\n<\/tr>\n<tr>\n<td width=\"45\">74<\/td>\n<td width=\"144\">Re\u015f\u00eeda Herba<\/td>\n<td width=\"45\">173<\/td>\n<td width=\"145\">Xesan El-Necar<\/td>\n<td width=\"44\">274<\/td>\n<td width=\"145\">Numan Ebdo<\/td>\n<\/tr>\n<tr>\n<td width=\"45\">75<\/td>\n<td width=\"144\">Ridwan El-Ridwan<\/td>\n<td width=\"45\">174<\/td>\n<td width=\"145\">Xesan Mihemed Salih Osman<\/td>\n<td width=\"44\">275<\/td>\n<td width=\"145\">Newaf El-Be\u015f\u00eer<\/td>\n<\/tr>\n<tr>\n<td width=\"45\">76<\/td>\n<td width=\"144\">Ridwan S\u00eedo<\/td>\n<td width=\"45\">175<\/td>\n<td width=\"145\">Xeyas \u00cey\u00fbn El-S\u00fbd<\/td>\n<td width=\"44\">276<\/td>\n<td width=\"145\">Newaf Re\u015f\u00eed<\/td>\n<\/tr>\n<tr>\n<td width=\"45\">77<\/td>\n<td width=\"144\">Rena Qesas<\/td>\n<td width=\"45\">176<\/td>\n<td width=\"145\">Fuad El\u00eeko<\/td>\n<td width=\"44\">277<\/td>\n<td width=\"145\">Newres El-Qetr\u00eeb<\/td>\n<\/tr>\n<tr>\n<td width=\"45\">78<\/td>\n<td width=\"144\">Roz Qesas<\/td>\n<td width=\"45\">177<\/td>\n<td width=\"145\">Fayiq El-M\u00eer<\/td>\n<td width=\"44\">278<\/td>\n<td width=\"145\">Ha\u015fim Se\u00eed<\/td>\n<\/tr>\n<tr>\n<td width=\"45\">79<\/td>\n<td width=\"144\">R\u00eeyad El-Turk<\/td>\n<td width=\"45\">178<\/td>\n<td width=\"145\">Fayiq Hiw\u00eaca<\/td>\n<td width=\"44\">279<\/td>\n<td width=\"145\">Hayil Fet\u00fbm<\/td>\n<\/tr>\n<tr>\n<td width=\"45\">80<\/td>\n<td width=\"144\">Zerde\u015ft Mihemed<\/td>\n<td width=\"45\">179<\/td>\n<td width=\"145\">Fatih Cam\u00fbs<\/td>\n<td width=\"44\">280<\/td>\n<td width=\"145\">Hutaf Qesas<\/td>\n<\/tr>\n<tr>\n<td width=\"45\">81<\/td>\n<td width=\"144\">Zehra Mihemed Meclaw\u00ee<\/td>\n<td width=\"45\">180<\/td>\n<td width=\"145\">Faris Xel\u00eel Iniz<\/td>\n<td width=\"44\">281<\/td>\n<td width=\"145\">Hemdan Meqs\u00fbd<\/td>\n<\/tr>\n<tr>\n<td width=\"45\">82<\/td>\n<td width=\"144\">Z\u00eeyad El-F\u00eel<\/td>\n<td width=\"45\">181<\/td>\n<td width=\"145\">Faris Mirad<\/td>\n<td width=\"44\">282<\/td>\n<td width=\"145\">Heysem El-Qetr\u00eeb<\/td>\n<\/tr>\n<tr>\n<td width=\"45\">83<\/td>\n<td width=\"144\">Z\u00eeyad Sel\u00eem Colaq<\/td>\n<td width=\"45\">182<\/td>\n<td width=\"145\">Fadil Mehf\u00fbd<\/td>\n<td width=\"44\">283<\/td>\n<td width=\"145\">Wec\u00eeh Z\u00eadan<\/td>\n<\/tr>\n<tr>\n<td width=\"45\">84<\/td>\n<td width=\"144\">Zeyneb Mihemed Meclaw\u00ee<\/td>\n<td width=\"45\">183<\/td>\n<td width=\"145\">Fatima Mihemed Meclaw\u00ee<\/td>\n<td width=\"44\">284<\/td>\n<td width=\"145\">Wes\u00eem Teys\u00eer Erar<\/td>\n<\/tr>\n<tr>\n<td width=\"45\">85<\/td>\n<td width=\"144\">Sam\u00ee Cuma Bin Mihemed<\/td>\n<td width=\"45\">184<\/td>\n<td width=\"145\">Feth\u00ee Mehm\u00fbd Bin \u015e\u00eax Xidir<\/td>\n<td width=\"44\">285<\/td>\n<td width=\"145\">Wedah El-Cind\u00ee<\/td>\n<\/tr>\n<tr>\n<td width=\"45\">86<\/td>\n<td width=\"144\">Sec\u00eei El-Tel\u00ee<\/td>\n<td width=\"45\">185<\/td>\n<td width=\"145\">Firas Y\u00fbnis<\/td>\n<td width=\"44\">286<\/td>\n<td width=\"145\">Weten Qesas<\/td>\n<\/tr>\n<tr>\n<td width=\"45\">87<\/td>\n<td width=\"144\">Seher \u00cesma\u00eel Tir\u00fbd\u00ee<\/td>\n<td width=\"45\">186<\/td>\n<td width=\"145\">Ferhan N\u00eareb\u00eey\u00ea<\/td>\n<td width=\"44\">287<\/td>\n<td width=\"145\">Yasir Milhim<\/td>\n<\/tr>\n<tr>\n<td width=\"45\">88<\/td>\n<td width=\"144\">Se\u00eed El-Sarim<\/td>\n<td width=\"45\">187<\/td>\n<td width=\"145\">Ferhad Mihyed\u00een Mihemed El\u00ee<\/td>\n<td width=\"44\">288<\/td>\n<td width=\"145\">Yaq\u00fbb Mihemed Bin Henan<\/td>\n<\/tr>\n<tr>\n<td width=\"45\">89<\/td>\n<td width=\"144\">Sil\u00eaman El-\u015eemer<\/td>\n<td width=\"45\">188<\/td>\n<td width=\"145\">Fer\u00eed \u00cedr\u00ees<\/td>\n<td width=\"44\">289<\/td>\n<td width=\"145\">Y\u00fbsiv El-Cind\u00ee<\/td>\n<\/tr>\n<tr>\n<td width=\"45\">90<\/td>\n<td width=\"144\">Sil\u00eaman Meqs\u00fbd<\/td>\n<td width=\"45\">189<\/td>\n<td width=\"145\">Fadil El-Seqal<\/td>\n<td width=\"44\">290<\/td>\n<td width=\"145\">Y\u00fbsif El-Seyasin\u00ea<\/td>\n<\/tr>\n<tr>\n<td width=\"45\">91<\/td>\n<td width=\"144\">Sil\u00eaman Y\u00fbsiv<\/td>\n<td width=\"45\">190<\/td>\n<td width=\"145\">Fehm\u00ee Ker\u00eem<\/td>\n<td width=\"44\">291<\/td>\n<td width=\"145\">Y\u00fbsiv Serk\u00ees<\/td>\n<\/tr>\n<tr>\n<td width=\"45\">92<\/td>\n<td width=\"144\">Sem\u00eeh El\u00fb\u015f<\/td>\n<td width=\"45\">191<\/td>\n<td width=\"145\">Fehm\u00ee Y\u00fbsiv<\/td>\n<td width=\"44\">292<\/td>\n<td width=\"145\">Y\u00fb\u015fei El-Xet\u00eeb<\/td>\n<\/tr>\n<tr>\n<td width=\"45\">93<\/td>\n<td width=\"144\">Sem\u00eer Ehmed\u00a0El-Mesr\u00ee<\/td>\n<td width=\"45\">192<\/td>\n<td width=\"145\">Fewaz El-Hayis<\/td>\n<td width=\"44\">293<\/td>\n<td width=\"145\">Y\u00fbnis Sil\u00eaman Zir\u00eaq\u00ee<\/td>\n<\/tr>\n<tr>\n<td width=\"45\">94<\/td>\n<td width=\"144\">Sem\u00eer Adem Rehal<\/td>\n<td width=\"45\">193<\/td>\n<td width=\"145\">Fewaz Salim Els\u00eesane<\/td>\n<td width=\"44\"><\/td>\n<td width=\"145\"><\/td>\n<\/tr>\n<tr>\n<td width=\"45\">95<\/td>\n<td width=\"144\">Sem\u00eer Ne\u015far<\/td>\n<td width=\"45\">194<\/td>\n<td width=\"145\">Fewz\u00ee Hemada<\/td>\n<td width=\"44\"><\/td>\n<td width=\"145\"><\/td>\n<\/tr>\n<tr>\n<td width=\"45\">96<\/td>\n<td width=\"144\">Sem\u00eera Xel\u00eel<\/td>\n<td width=\"45\">195<\/td>\n<td width=\"145\">Fewz\u00ee Xezaw\u00ee<\/td>\n<td width=\"44\"><\/td>\n<td width=\"145\"><\/td>\n<\/tr>\n<tr>\n<td width=\"45\">97<\/td>\n<td width=\"144\">Suh\u00eal El-Dex\u00eel<\/td>\n<td width=\"45\">196<\/td>\n<td width=\"145\">Feysel Helaq<\/td>\n<td width=\"44\"><\/td>\n<td width=\"145\"><\/td>\n<\/tr>\n<tr>\n<td width=\"45\">98<\/td>\n<td width=\"144\">\u015eihab Bes\u00eem\u00a0El-Mihemed<\/td>\n<td width=\"45\">197<\/td>\n<td width=\"145\">Feysel Xel\u00eel Bin His\u00ean<\/td>\n<td width=\"44\"><\/td>\n<td width=\"145\"><\/td>\n<\/tr>\n<tr>\n<td width=\"45\">99<\/td>\n<td width=\"144\">\u015eewket Mihemed Bin Mislim<\/td>\n<td width=\"45\">198<\/td>\n<td width=\"145\">Feysel Derw\u00ee\u015f\u00a0El-Hiw\u00ead\u00ee<\/td>\n<td width=\"44\"><\/td>\n<td width=\"145\"><\/td>\n<\/tr>\n<tr>\n<td width=\"45\"><\/td>\n<td width=\"144\"><\/td>\n<td width=\"45\">199<\/td>\n<td width=\"145\">Feysel Ebdilker\u00eem Y\u00fbsiv<\/td>\n<td width=\"44\"><\/td>\n<td width=\"145\"><\/td>\n<\/tr>\n<tr>\n<td width=\"45\"><\/td>\n<td width=\"144\"><\/td>\n<td width=\"45\">200<\/td>\n<td width=\"145\">Feysel El\u00fb\u015f<\/td>\n<td width=\"44\"><\/td>\n<td width=\"145\"><\/td>\n<\/tr>\n<\/tbody>\n<\/table>\n<ol dir=\"ltr\" start=\"2\">\n<li>Seferbend\u00ean ji ber \u00e7alak\u00eey\u00ean mafnas\u00eey\u00ea (hejmar 101):<\/li>\n<\/ol>\n<table dir=\"ltr\" style=\"height: 1239px;\" width=\"1181\">\n<tbody>\n<tr>\n<td width=\"45\">1<\/td>\n<td width=\"144\">\u00cebrah\u00eem Zoro<\/td>\n<td width=\"45\">35<\/td>\n<td width=\"145\">R\u00fbfind El-Y\u00fbsif<\/td>\n<td width=\"44\">68<\/td>\n<td width=\"145\">Fewaz Tillo<\/td>\n<\/tr>\n<tr>\n<td width=\"45\">2<\/td>\n<td width=\"144\">\u00cebrah\u00eem Wel\u00ee \u00cesa<\/td>\n<td width=\"45\">36<\/td>\n<td width=\"145\">Zeyneb Nitfec\u00ee<\/td>\n<td width=\"44\">69<\/td>\n<td width=\"145\">Kemal \u015e\u00eaxo<\/td>\n<\/tr>\n<tr>\n<td width=\"45\">3<\/td>\n<td width=\"144\">Ejmed Xazim<\/td>\n<td width=\"45\">37<\/td>\n<td width=\"145\">Salar Os\u00ea<\/td>\n<td width=\"44\">70<\/td>\n<td width=\"145\">Luey His\u00ean<\/td>\n<\/tr>\n<tr>\n<td width=\"45\">4<\/td>\n<td width=\"144\">Ehmed Fayiz\u00a0El-Fewaz<\/td>\n<td width=\"45\">38<\/td>\n<td width=\"145\">Seid Circis<\/td>\n<td width=\"44\">71<\/td>\n<td width=\"145\">Lava Xalid<\/td>\n<\/tr>\n<tr>\n<td width=\"45\">5<\/td>\n<td width=\"144\">Ehmed Menc\u00fbn\u00ea<\/td>\n<td width=\"45\">39<\/td>\n<td width=\"145\">Selman Xel\u00eel Ebdilez\u00eez<\/td>\n<td width=\"44\">72<\/td>\n<td width=\"145\">Mazin Derw\u00ee\u015f<\/td>\n<\/tr>\n<tr>\n<td width=\"45\">6<\/td>\n<td width=\"144\">Usama Qiryo<\/td>\n<td width=\"45\">40<\/td>\n<td width=\"145\">Selwa Zekzek<\/td>\n<td width=\"44\">73<\/td>\n<td width=\"145\">Mecdol\u00een Hesen<\/td>\n<\/tr>\n<tr>\n<td width=\"45\">7<\/td>\n<td width=\"144\">Eksem Ne\u00ees\u00ea<\/td>\n<td width=\"45\">41<\/td>\n<td width=\"145\">Sel\u00eem X\u00ear Beg<\/td>\n<td width=\"44\">74<\/td>\n<td width=\"145\">Mihemed El-Behir<\/td>\n<\/tr>\n<tr>\n<td width=\"45\">8<\/td>\n<td width=\"144\">Enes Kendo<\/td>\n<td width=\"45\">42<\/td>\n<td width=\"145\">Sil\u00eaman \u00cesma\u00eel<\/td>\n<td width=\"44\">75<\/td>\n<td width=\"145\">Mihemed Bed\u00eei Dek El-Bab<\/td>\n<\/tr>\n<tr>\n<td width=\"45\">9<\/td>\n<td width=\"144\">Besam El-Qad\u00ee<\/td>\n<td width=\"45\">43<\/td>\n<td width=\"145\">Semer El-Lebwan\u00ee<\/td>\n<td width=\"44\">76<\/td>\n<td width=\"145\">Mihemed Reid\u00fbn<\/td>\n<\/tr>\n<tr>\n<td width=\"45\">10<\/td>\n<td width=\"144\">Besam Se\u00eed \u00ceshaq<\/td>\n<td width=\"45\">44<\/td>\n<td width=\"145\">Sem\u00eer El-\u015eehif<\/td>\n<td width=\"44\">77<\/td>\n<td width=\"145\">Mihemed \u015eer\u00eef<\/td>\n<\/tr>\n<tr>\n<td width=\"45\">11<\/td>\n<td width=\"144\">Besam Sefer<\/td>\n<td width=\"45\">45<\/td>\n<td width=\"145\">Suh\u00ear El-Etas\u00ee<\/td>\n<td width=\"44\">78<\/td>\n<td width=\"145\">Mihemed Qed\u00fbra<\/td>\n<\/tr>\n<tr>\n<td width=\"45\">12<\/td>\n<td width=\"144\">Behaa El-D\u00een\u00a0El-Rekad<\/td>\n<td width=\"45\">46<\/td>\n<td width=\"145\">Sewsen Arslan<\/td>\n<td width=\"44\">79<\/td>\n<td width=\"145\">Mihemed Meles<\/td>\n<\/tr>\n<tr>\n<td width=\"45\">13<\/td>\n<td width=\"144\">Sabit Mirad<\/td>\n<td width=\"45\">47<\/td>\n<td width=\"145\">S\u00eeyamend M\u00eerzo<\/td>\n<td width=\"44\">80<\/td>\n<td width=\"145\">Mehm\u00fbd El-Eryan<\/td>\n<\/tr>\n<tr>\n<td width=\"45\">14<\/td>\n<td width=\"144\">Cemal Mizhir<\/td>\n<td width=\"45\">48<\/td>\n<td width=\"145\">S\u00eer\u00een Xor\u00ee<\/td>\n<td width=\"44\">81<\/td>\n<td width=\"145\">Mehm\u00fbd Meri\u00ee<\/td>\n<\/tr>\n<tr>\n<td width=\"45\">15<\/td>\n<td width=\"144\">Cem\u00eela Sadiq<\/td>\n<td width=\"45\">49<\/td>\n<td width=\"145\">Teyib T\u00eez\u00een\u00ee<\/td>\n<td width=\"44\">82<\/td>\n<td width=\"145\">Mehm\u00fbd Necar<\/td>\n<\/tr>\n<tr>\n<td width=\"45\">16<\/td>\n<td width=\"144\">Ciwan Y\u00fbsiv<\/td>\n<td width=\"45\">50<\/td>\n<td width=\"145\">Arid Del\u00eela<\/td>\n<td width=\"44\">83<\/td>\n<td width=\"145\">Mihyed\u00een \u00ceso<\/td>\n<\/tr>\n<tr>\n<td width=\"45\">17<\/td>\n<td width=\"144\">Hazim Nehar<\/td>\n<td width=\"45\">51<\/td>\n<td width=\"145\">Asim Qubtan<\/td>\n<td width=\"44\">84<\/td>\n<td width=\"145\">Mezin Mir\u015fid<\/td>\n<\/tr>\n<tr>\n<td width=\"45\">18<\/td>\n<td width=\"144\">Heb\u00eeb Salih<\/td>\n<td width=\"45\">52<\/td>\n<td width=\"145\">Ubada El-Helwan\u00ee<\/td>\n<td width=\"44\">85<\/td>\n<td width=\"145\">Mes\u00fbd Iko<\/td>\n<\/tr>\n<tr>\n<td width=\"45\">19<\/td>\n<td width=\"144\">Heb\u00eeb \u00cesa<\/td>\n<td width=\"45\">53<\/td>\n<td width=\"145\">Ebas Ebas Bin Nam\u00ee<\/td>\n<td width=\"44\">86<\/td>\n<td width=\"145\">Mistefa Hayid<\/td>\n<\/tr>\n<tr>\n<td width=\"45\">20<\/td>\n<td width=\"144\">Hesan Eyo<\/td>\n<td width=\"45\">54<\/td>\n<td width=\"145\">Ebdilker\u00eem El-R\u00eehaw\u00ee<\/td>\n<td width=\"44\">87<\/td>\n<td width=\"145\">Mistefa Xidir Oso<\/td>\n<\/tr>\n<tr>\n<td width=\"45\">21<\/td>\n<td width=\"144\">Hesan Ebas<\/td>\n<td width=\"45\">55<\/td>\n<td width=\"145\">Ebdilker\u00eem Di\u00fbn<\/td>\n<td width=\"44\">88<\/td>\n<td width=\"145\">Meien Ebdilselam<\/td>\n<\/tr>\n<tr>\n<td width=\"45\">22<\/td>\n<td width=\"144\">Hesen Qasim<\/td>\n<td width=\"45\">56<\/td>\n<td width=\"145\">Ebdelah Xel\u00eel<\/td>\n<td width=\"44\">89<\/td>\n<td width=\"145\">Melak Seyid Mehm\u00fbd<\/td>\n<\/tr>\n<tr>\n<td width=\"45\">23<\/td>\n<td width=\"144\">Hesen Kamil<\/td>\n<td width=\"45\">57<\/td>\n<td width=\"145\">Ula Remedan<\/td>\n<td width=\"44\">90<\/td>\n<td width=\"145\">Muhened El-Husn\u00ee<\/td>\n<\/tr>\n<tr>\n<td width=\"45\">24<\/td>\n<td width=\"144\">Hesen Mi\u015fo<\/td>\n<td width=\"45\">58<\/td>\n<td width=\"145\">Elaa Mihyed\u00een<\/td>\n<td width=\"44\">91<\/td>\n<td width=\"145\">Muhened Ebdilrehman<\/td>\n<\/tr>\n<tr>\n<td width=\"45\">25<\/td>\n<td width=\"144\">Hes\u00eeba Ebdilrehman<\/td>\n<td width=\"45\">59<\/td>\n<td width=\"145\">Elaa El-D\u00een Beyas\u00ea<\/td>\n<td width=\"44\">92<\/td>\n<td width=\"145\">Nahid Bedew\u00eey\u00ea<\/td>\n<\/tr>\n<tr>\n<td width=\"45\">26<\/td>\n<td width=\"144\">His\u00ean El-\u00dbdat<\/td>\n<td width=\"45\">60<\/td>\n<td width=\"145\">El\u00ee El-Beraz\u00ee<\/td>\n<td width=\"44\">93<\/td>\n<td width=\"145\">Neb\u00eel T\u00fbma<\/td>\n<\/tr>\n<tr>\n<td width=\"45\">27<\/td>\n<td width=\"144\">Xalid Sim\u00easim<\/td>\n<td width=\"45\">61<\/td>\n<td width=\"145\">Emar Qureb\u00ee<\/td>\n<td width=\"44\">94<\/td>\n<td width=\"145\">Necat\u00ee Teyara<\/td>\n<\/tr>\n<tr>\n<td width=\"45\">28<\/td>\n<td width=\"144\">Xidir Ebdilker\u00eem<\/td>\n<td width=\"45\">62<\/td>\n<td width=\"145\">Emar Musari<\/td>\n<td width=\"44\">95<\/td>\n<td width=\"145\">Nec\u00eeb Didim<\/td>\n<\/tr>\n<tr>\n<td width=\"45\">29<\/td>\n<td width=\"144\">Xel\u00eel Meit\u00fbq<\/td>\n<td width=\"45\">63<\/td>\n<td width=\"145\">Umer Qed\u00fbr<\/td>\n<td width=\"44\">96<\/td>\n<td width=\"145\">Neq\u00fbla Xen\u00fbm<\/td>\n<\/tr>\n<tr>\n<td width=\"45\">30<\/td>\n<td width=\"144\">Deid M\u00fbsa<\/td>\n<td width=\"45\">64<\/td>\n<td width=\"145\">Xaz\u00ee Qed\u00fbr<\/td>\n<td width=\"44\">97<\/td>\n<td width=\"145\">Neyaz\u00ee Ehmed Far\u00fbq Hebe\u015f<\/td>\n<\/tr>\n<tr>\n<td width=\"45\">31<\/td>\n<td width=\"144\">Rasim Seyid El-Etas\u00ee<\/td>\n<td width=\"45\">65<\/td>\n<td width=\"145\">Xalib Amir<\/td>\n<td width=\"44\">98<\/td>\n<td width=\"145\">Herv\u00een Os\u00ea<\/td>\n<\/tr>\n<tr>\n<td width=\"45\">32<\/td>\n<td width=\"144\">Ram\u00ee Rixam\u00eey\u00ea<\/td>\n<td width=\"45\">66<\/td>\n<td width=\"145\">Fuad \u00cel\u00eeya<\/td>\n<td width=\"44\">99<\/td>\n<td width=\"145\">Hind Kemal\u00a0El-Lebwan\u00ee<\/td>\n<\/tr>\n<tr>\n<td width=\"45\">33<\/td>\n<td width=\"144\">Red\u00eef Mistefa<\/td>\n<td width=\"45\">67<\/td>\n<td width=\"145\">Fer\u00eed Dey\u00fbb<\/td>\n<td width=\"44\">100<\/td>\n<td width=\"145\">Heysem El-Malih<\/td>\n<\/tr>\n<tr>\n<td width=\"45\">34<\/td>\n<td width=\"144\">Rezan Zeyt\u00fbna<\/td>\n<td width=\"45\"><\/td>\n<td width=\"145\"><\/td>\n<td width=\"44\">101<\/td>\n<td width=\"145\">Yas\u00een El-Hac Salih<\/td>\n<\/tr>\n<\/tbody>\n<\/table>\n<ol dir=\"ltr\" start=\"3\">\n<li>Kes\u00ean li derve r\u00fbni\u015ftine l\u00ea ketine l\u00eesteya seferbend\u00eey\u00ea (hejmar 11):<\/li>\n<\/ol>\n<table dir=\"ltr\" style=\"height: 146px;\" width=\"1182\">\n<tbody>\n<tr>\n<td width=\"45\">1<\/td>\n<td width=\"144\">\u00cebrah\u00eem El-Y\u00fbsiv<\/td>\n<td width=\"45\">5<\/td>\n<td width=\"145\">Ebdilbaq\u00ee Salih Y\u00fbsiv<\/td>\n<td width=\"44\">8<\/td>\n<td width=\"145\">Mihemed El\u00ee El-Ebdelah<\/td>\n<\/tr>\n<tr>\n<td width=\"45\">2<\/td>\n<td width=\"144\">Eymen Ebdiln\u00fbr<\/td>\n<td width=\"45\">6<\/td>\n<td width=\"145\">Ebdilrezaq \u00ced<\/td>\n<td width=\"44\">9<\/td>\n<td width=\"145\">Mirad El-Xeznew\u00ee<\/td>\n<\/tr>\n<tr>\n<td width=\"45\">3<\/td>\n<td width=\"144\">X\u00eared\u00een Mihemed Mirad<\/td>\n<td width=\"45\">7<\/td>\n<td width=\"145\">Ef\u00eef Mizhir<\/td>\n<td width=\"44\">10<\/td>\n<td width=\"145\">Nasir El-Xezal\u00ee<\/td>\n<\/tr>\n<tr>\n<td width=\"45\">4<\/td>\n<td width=\"144\"><\/td>\n<td width=\"45\"><\/td>\n<td width=\"145\"><\/td>\n<td width=\"44\">11<\/td>\n<td width=\"145\">Nidal Derw\u00ee\u015f<\/td>\n<\/tr>\n<\/tbody>\n<\/table>\n<ol dir=\"ltr\" start=\"4\">\n<li>Girt\u00eey\u00ean ku derketina dervey\u00ea S\u00fbr\u00eeyey\u00ea li wan qedexe ye (hejmar 9):<\/li>\n<\/ol>\n<table dir=\"ltr\" style=\"height: 61px;\" width=\"1184\">\n<tbody>\n<tr>\n<td width=\"45\">1<\/td>\n<td width=\"144\">Ekrem El-Bun\u00ee<\/td>\n<td width=\"45\">4<\/td>\n<td width=\"145\">R\u00eeyad S\u00eaf<\/td>\n<td width=\"44\">7<\/td>\n<td width=\"145\">Mi\u015fel El-Temo<\/td>\n<\/tr>\n<tr>\n<td width=\"45\">2<\/td>\n<td width=\"144\">Enwer El-Bun\u00ee<\/td>\n<td width=\"45\">5<\/td>\n<td width=\"145\">El\u00ee El-Ebdelah<\/td>\n<td width=\"44\">8<\/td>\n<td width=\"145\">M\u00ee\u015f\u00eal K\u00eelo<\/td>\n<\/tr>\n<tr>\n<td width=\"45\">3<\/td>\n<td width=\"144\">Cebir El-\u015eof\u00ee<\/td>\n<td width=\"45\">6<\/td>\n<td width=\"145\">Mehm\u00fbd \u00cesa<\/td>\n<td width=\"44\">9<\/td>\n<td width=\"145\">Wel\u00eed El-Bun\u00ee<\/td>\n<\/tr>\n<\/tbody>\n<\/table>\n<p dir=\"ltr\"><div class=\"visualizer-front-container\" id=\"chart_wrapper_visualizer-172880-917320690\"><style type=\"text\/css\" name=\"visualizer-custom-css\" id=\"customcss-visualizer-172880\">.locker,.locker-loader{position:absolute;top:0;left:0;width:100%;height:100%}.locker{z-index:1000;opacity:.8;background-color:#fff;-ms-filter:\"progid:DXImageTransform.Microsoft.Alpha(Opacity=80)\";filter:alpha(opacity=80)}.locker-loader{z-index:1001;background:url(https:\/\/scm.bz\/wp-content\/plugins\/visualizer\/images\/ajax-loader.gif) no-repeat center center}.dt-button{display:none!important}.visualizer-front-container.visualizer-lazy-render{content-visibility: auto;}.google-visualization-controls-categoryfilter label.google-visualization-controls-label {vertical-align: middle;}.google-visualization-controls-categoryfilter li.goog-inline-block {margin: 0 0.2em;}.google-visualization-controls-categoryfilter li {padding: 0 0.2em;}.visualizer-front-container .dataTables_scrollHeadInner{margin: 0 auto;}<\/style><div id=\"visualizer-172880-917320690\" class=\"visualizer-front  visualizer-front-172880\"><\/div><!-- Not showing structured data for chart 172880 because description is empty --><\/div><\/p>\n<ol dir=\"ltr\" start=\"5\">\n<li>Hejmara seferbendan li gor deveran:<\/li>\n<\/ol>\n<table dir=\"ltr\" style=\"height: 416px;\" width=\"1182\">\n<tbody>\n<tr>\n<td width=\"130\">Quneytira<\/td>\n<td width=\"142\">1<\/td>\n<\/tr>\n<tr>\n<td width=\"130\">Filist\u00een\u00ee<\/td>\n<td width=\"142\">3<\/td>\n<\/tr>\n<tr>\n<td width=\"130\">D\u00eara Zor\u00ea<\/td>\n<td width=\"142\">6<\/td>\n<\/tr>\n<tr>\n<td width=\"130\">Deria<\/td>\n<td width=\"142\">7<\/td>\n<\/tr>\n<tr>\n<td width=\"130\">Gundewar\u00ea \u015eam\u00ea<\/td>\n<td width=\"142\">7<\/td>\n<\/tr>\n<tr>\n<td width=\"130\">Siw\u00eada<\/td>\n<td width=\"142\">9<\/td>\n<\/tr>\n<tr>\n<td width=\"130\">Reqa<\/td>\n<td width=\"142\">10<\/td>\n<\/tr>\n<tr>\n<td width=\"130\">Tert\u00fbs<\/td>\n<td width=\"142\">11<\/td>\n<\/tr>\n<tr>\n<td width=\"130\">Hema<\/td>\n<td width=\"142\">12<\/td>\n<\/tr>\n<tr>\n<td width=\"130\">Idlib<\/td>\n<td width=\"142\">16<\/td>\n<\/tr>\n<tr>\n<td width=\"130\">Himis<\/td>\n<td width=\"142\">22<\/td>\n<\/tr>\n<tr>\n<td width=\"130\">Heleb<\/td>\n<td width=\"142\">31<\/td>\n<\/tr>\n<tr>\n<td width=\"130\">Selem\u00eeye<\/td>\n<td width=\"142\">34<\/td>\n<\/tr>\n<tr>\n<td width=\"130\">\u015eam<\/td>\n<td width=\"142\">36<\/td>\n<\/tr>\n<tr>\n<td width=\"130\">Laziq\u00eeye<\/td>\n<td width=\"142\">48<\/td>\n<\/tr>\n<tr>\n<td width=\"130\">Hisi\u00e7a<\/td>\n<td width=\"142\">49<\/td>\n<\/tr>\n<tr>\n<td width=\"130\">Nedestn\u00ee\u015fankir\u00ee<\/td>\n<td width=\"142\">112<\/td>\n<\/tr>\n<\/tbody>\n<\/table>\n<p>&nbsp;<\/p>\n<ol dir=\"ltr\" start=\"6\">\n<li style=\"list-style-type: none;\">\n<ol dir=\"ltr\" start=\"6\">\u00a0<div class=\"visualizer-front-container\" id=\"chart_wrapper_visualizer-172881-989254277\"><style type=\"text\/css\" name=\"visualizer-custom-css\" id=\"customcss-visualizer-172881\">.locker,.locker-loader{position:absolute;top:0;left:0;width:100%;height:100%}.locker{z-index:1000;opacity:.8;background-color:#fff;-ms-filter:\"progid:DXImageTransform.Microsoft.Alpha(Opacity=80)\";filter:alpha(opacity=80)}.locker-loader{z-index:1001;background:url(https:\/\/scm.bz\/wp-content\/plugins\/visualizer\/images\/ajax-loader.gif) no-repeat center center}.dt-button{display:none!important}.visualizer-front-container.visualizer-lazy-render{content-visibility: auto;}.google-visualization-controls-categoryfilter label.google-visualization-controls-label {vertical-align: middle;}.google-visualization-controls-categoryfilter li.goog-inline-block {margin: 0 0.2em;}.google-visualization-controls-categoryfilter li {padding: 0 0.2em;}.visualizer-front-container .dataTables_scrollHeadInner{margin: 0 auto;}<\/style><div id=\"visualizer-172881-989254277\" class=\"visualizer-front  visualizer-front-172881\"><\/div><!-- Not showing structured data for chart 172881 because description is empty --><\/div><\/ol>\n<\/li>\n<\/ol>\n<ol dir=\"ltr\" start=\"6\">\n<li>R\u00eajeya seferbendan li gor zayend\u00ea:<\/li>\n<\/ol>\n<table dir=\"ltr\" style=\"height: 50px;\" width=\"1196\">\n<tbody>\n<tr>\n<td width=\"272\">Seferbend\u00ean m\u00ear<\/td>\n<td width=\"95\">376<\/td>\n<\/tr>\n<tr>\n<td width=\"272\">Seferbend\u00ean jin<\/td>\n<td width=\"95\">38<\/td>\n<\/tr>\n<\/tbody>\n<\/table>\n<p dir=\"ltr\">\u00a0<div class=\"visualizer-front-container\" id=\"chart_wrapper_visualizer-172883-1835217648\"><style type=\"text\/css\" name=\"visualizer-custom-css\" id=\"customcss-visualizer-172883\">.locker,.locker-loader{position:absolute;top:0;left:0;width:100%;height:100%}.locker{z-index:1000;opacity:.8;background-color:#fff;-ms-filter:\"progid:DXImageTransform.Microsoft.Alpha(Opacity=80)\";filter:alpha(opacity=80)}.locker-loader{z-index:1001;background:url(https:\/\/scm.bz\/wp-content\/plugins\/visualizer\/images\/ajax-loader.gif) no-repeat center center}.dt-button{display:none!important}.visualizer-front-container.visualizer-lazy-render{content-visibility: auto;}.google-visualization-controls-categoryfilter label.google-visualization-controls-label {vertical-align: middle;}.google-visualization-controls-categoryfilter li.goog-inline-block {margin: 0 0.2em;}.google-visualization-controls-categoryfilter li {padding: 0 0.2em;}.visualizer-front-container .dataTables_scrollHeadInner{margin: 0 auto;}<\/style><div id=\"visualizer-172883-1835217648\" class=\"visualizer-front  visualizer-front-172883\"><\/div><!-- Not showing structured data for chart 172883 because description is empty --><\/div><\/p>\n<ol dir=\"ltr\" start=\"7\">\n<li>R\u00eajeya seferbendan li gor kar:<\/li>\n<\/ol>\n<table dir=\"ltr\" style=\"height: 214px;\" width=\"1191\">\n<tbody>\n<tr>\n<td width=\"196\">Xwendekar<\/td>\n<td width=\"66\">5<\/td>\n<\/tr>\n<tr>\n<td width=\"196\">Karmend<\/td>\n<td width=\"66\">16<\/td>\n<\/tr>\n<tr>\n<td width=\"196\">Kar\u00ean piz\u00ee\u015fk\u00ee<\/td>\n<td width=\"66\">23<\/td>\n<\/tr>\n<tr>\n<td width=\"196\">Kar\u00ean qan\u00fbn\u00ee<\/td>\n<td width=\"66\">34<\/td>\n<\/tr>\n<tr>\n<td width=\"196\">Endazeyar<\/td>\n<td width=\"66\">35<\/td>\n<\/tr>\n<tr>\n<td width=\"196\">H\u00eenker<\/td>\n<td width=\"66\">38<\/td>\n<\/tr>\n<tr>\n<td width=\"196\">Niv\u00eeskar \u00fb rojnameger<\/td>\n<td width=\"66\">41<\/td>\n<\/tr>\n<tr>\n<td width=\"196\">Kar\u00ea serbest<\/td>\n<td width=\"66\">67<\/td>\n<\/tr>\n<tr>\n<td width=\"196\">Nedestn\u00ee\u015fankir\u00ee<\/td>\n<td width=\"66\">155<\/td>\n<\/tr>\n<\/tbody>\n<\/table>\n<ol dir=\"ltr\" start=\"8\">\n<li style=\"list-style-type: none;\">\n<ol dir=\"ltr\" start=\"8\">\u00a0<div class=\"visualizer-front-container\" id=\"chart_wrapper_visualizer-172884-1946771564\"><style type=\"text\/css\" name=\"visualizer-custom-css\" id=\"customcss-visualizer-172884\">.locker,.locker-loader{position:absolute;top:0;left:0;width:100%;height:100%}.locker{z-index:1000;opacity:.8;background-color:#fff;-ms-filter:\"progid:DXImageTransform.Microsoft.Alpha(Opacity=80)\";filter:alpha(opacity=80)}.locker-loader{z-index:1001;background:url(https:\/\/scm.bz\/wp-content\/plugins\/visualizer\/images\/ajax-loader.gif) no-repeat center center}.dt-button{display:none!important}.visualizer-front-container.visualizer-lazy-render{content-visibility: auto;}.google-visualization-controls-categoryfilter label.google-visualization-controls-label {vertical-align: middle;}.google-visualization-controls-categoryfilter li.goog-inline-block {margin: 0 0.2em;}.google-visualization-controls-categoryfilter li {padding: 0 0.2em;}.visualizer-front-container .dataTables_scrollHeadInner{margin: 0 auto;}<\/style><div id=\"visualizer-172884-1946771564\" class=\"visualizer-front  visualizer-front-172884\"><\/div><!-- Not showing structured data for chart 172884 because description is empty --><\/div><\/ol>\n<\/li>\n<\/ol>\n<ol dir=\"ltr\" start=\"8\">\n<li>Hejmara seferbendan li gor endamt\u00eeya r\u00eaxistin\u00ean mafnas (hejmar 75):<\/li>\n<\/ol>\n<table dir=\"ltr\" style=\"height: 23px;\" width=\"1174\">\n<tbody>\n<tr>\n<td width=\"568\"><strong>R\u00eaxistin\u00ean ku pergala vekir\u00ee ya endamt\u00eey\u00ea dime\u015f\u00eenin<\/strong><\/td>\n<\/tr>\n<\/tbody>\n<\/table>\n<table dir=\"ltr\" style=\"height: 239px;\" width=\"1171\">\n<tbody>\n<tr>\n<td width=\"527\">Kombenda S\u00fbr\u00eeyey\u00ee ya Maf\u00ean Mirovan<\/td>\n<td width=\"41\">1<\/td>\n<\/tr>\n<tr>\n<td width=\"527\">R\u00eaxistina Kurd\u00ee ya Bergir\u00eeya Maf\u00ean Mirovan \u00fb Azad\u00eey\u00ean Gi\u015ft\u00ee Li S\u00fbr\u00eeyey\u00ea<\/td>\n<td width=\"41\">2<\/td>\n<\/tr>\n<tr>\n<td width=\"527\">R\u00eaxistina Maf\u00ean Mirovan a S\u00fbr\u00eeyey\u00ea-Maf<\/td>\n<td width=\"41\">2<\/td>\n<\/tr>\n<tr>\n<td width=\"527\">Kom\u00eeteya Kurd\u00ee ya Maf\u00ean Mirovan<\/td>\n<td width=\"41\">5<\/td>\n<\/tr>\n<tr>\n<td width=\"527\">Komeleya Maf\u00ean Mirovan a S\u00fbr\u00eeyey\u00ea<\/td>\n<td width=\"41\">6<\/td>\n<\/tr>\n<tr>\n<td width=\"527\">R\u00eaxistina Ni\u015ftiman\u00ee ya Maf\u00ean Mirovan a S\u00fbr\u00eeyey\u00ea<\/td>\n<td width=\"41\">7<\/td>\n<\/tr>\n<tr>\n<td width=\"527\">R\u00eaxistina Ereb\u00ee ya Maf\u00ean Mirovan a S\u00fbr\u00eeyey\u00ea<\/td>\n<td width=\"41\">8<\/td>\n<\/tr>\n<tr>\n<td width=\"527\">R\u00eaxistina S\u00fbr\u00eeyey\u00ea ya Maf\u00ean Mirovan \u201cSewas\u00eeye\u201d<\/td>\n<td width=\"41\">9<\/td>\n<\/tr>\n<tr>\n<td width=\"527\">Kom\u00eetey\u00ean Bergir\u00eeya Azad\u00eey\u00ean Demokrat\u00eek \u00fb Maf\u00ean Mirovan<\/td>\n<td width=\"41\">24<\/td>\n<\/tr>\n<\/tbody>\n<\/table>\n<table dir=\"ltr\" style=\"height: 28px;\" width=\"1169\">\n<tbody>\n<tr>\n<td width=\"568\"><strong>R\u00eaxistin\u00ean ku pergala girt\u00ee ya endamt\u00eey\u00ea dime\u015f\u00eenin<\/strong><\/td>\n<\/tr>\n<\/tbody>\n<\/table>\n<table dir=\"ltr\" style=\"height: 81px;\" width=\"1168\">\n<tbody>\n<tr>\n<td width=\"527\">Navenda D\u00eeme\u015fq\u00ea ya L\u00eakol\u00een\u00ean Teor\u00eek \u00fb Maf\u00ean \u015earwer<\/td>\n<td width=\"41\">3<\/td>\n<\/tr>\n<tr>\n<td width=\"527\">Navenda S\u00fbr\u00eeyey\u00ee ya Ragihandin\u00ea \u00fb Azad\u00eeya Derbir\u00een\u00ea<\/td>\n<td width=\"41\">4<\/td>\n<\/tr>\n<tr>\n<td width=\"527\">Navenda D\u00eeme\u015fq\u00ea ya L\u00eakol\u00een\u00ean Maf\u00ean Mirovan<\/td>\n<td width=\"41\">4<\/td>\n<\/tr>\n<\/tbody>\n<\/table>\n<p dir=\"ltr\">\u00a0<div class=\"visualizer-front-container\" id=\"chart_wrapper_visualizer-172885-493601546\"><style type=\"text\/css\" name=\"visualizer-custom-css\" id=\"customcss-visualizer-172885\">.locker,.locker-loader{position:absolute;top:0;left:0;width:100%;height:100%}.locker{z-index:1000;opacity:.8;background-color:#fff;-ms-filter:\"progid:DXImageTransform.Microsoft.Alpha(Opacity=80)\";filter:alpha(opacity=80)}.locker-loader{z-index:1001;background:url(https:\/\/scm.bz\/wp-content\/plugins\/visualizer\/images\/ajax-loader.gif) no-repeat center center}.dt-button{display:none!important}.visualizer-front-container.visualizer-lazy-render{content-visibility: auto;}.google-visualization-controls-categoryfilter label.google-visualization-controls-label {vertical-align: middle;}.google-visualization-controls-categoryfilter li.goog-inline-block {margin: 0 0.2em;}.google-visualization-controls-categoryfilter li {padding: 0 0.2em;}.visualizer-front-container .dataTables_scrollHeadInner{margin: 0 auto;}<\/style><div id=\"visualizer-172885-493601546\" class=\"visualizer-front  visualizer-front-172885\"><\/div><!-- Not showing structured data for chart 172885 because description is empty --><\/div><\/p>\n<p dir=\"ltr\"><strong>N\u00ee\u015fe:<\/strong><\/p>\n<p dir=\"ltr\">Li j\u00ear bikaran\u00eena b\u00easer\u00fbber a Qan\u00fbna Awarte ya ji sala 1963yan, k\u00eamlebat\u00eeya dadger\u00eeya S\u00fbr\u00eeyey\u00ea di p\u00eakan\u00eena erk\u00ean xwe y\u00ean makeqan\u00fbn\u00ee di war\u00ea parastina azad\u00eey\u00ean gi\u015ft\u00ee \u00fb kesane de, zehmet\u00eeya peyitandina heb\u00fbna van hi\u015fyar\u00eenamey\u00ean ewlekar\u00eey\u00ea y\u00ean seferbend\u00eey\u00ea ber\u00ee ser\u00eel\u00eadana dadgeha dadger\u00eeya \u00eedar\u00ee ya ji bo p\u00ea\u015fk\u00ea\u015fkirina rawestandin an rakirina van hi\u015fyar\u00eenameyan \u00fb her wisa ji ber bikaran\u00eena h\u00easan a sizaya seferbend\u00eey\u00ea wek\u00ee r\u00eabazeke s\u00eestemat\u00eek a neguherbar, dezgeh\u00ean ewlekar\u00eey\u00ea di tengezarkirina civaka \u015farwer a S\u00fbr\u00eeyey\u00ea \u00fb bergir\u00ean maf\u00ean mirovan de bi ser ket ku hin bergir\u00ean maf\u00ean mirovan \u00ean seferbend \u00ean\u00a0 ku hema dest\u00fbra derketina ji S\u00fbr\u00eeyey\u00ea careke ten\u00ea ji dezgeh\u00ean ewlekar\u00eey\u00ea bi dest xist, daxwaznameya penaber\u00eeya s\u00eeyas\u00ee p\u00ea\u015fk\u00ea\u015f\u00ee d\u00fbgeleke Ewropay\u00ea kir an \u00e7\u00fb li d\u00fbgeleke Ereb\u00ee bi c\u00ee b\u00fb \u00fb kar kir \u00fb \u00ead\u00ee di betlaney\u00ean sal\u00ea de j\u00ee nema ser\u00ee li S\u00fbr\u00eeyey\u00ea dida, ev j\u00ee da ku azad\u00eeya xwe ya tevger\u00een\u00ea winda neke; ew azad\u00eeya ku dikare w\u00ee ber bi her al\u00eey\u00ea c\u00eehan\u00ea ve bibe, helbet ji bil\u00ee al\u00eey\u00ea welat\u00ea w\u00ee-S\u00fbr\u00eeye.<\/p>\n<p dir=\"ltr\"><strong>\u00c7avkan\u00eey\u00ea L\u00eakol\u00een\u00ea:<\/strong><\/p>\n<ol dir=\"ltr\">\n<li>Hur\u00eeyet El-Ferd (Azad\u00eeya Kesan), Javier Squeed.<\/li>\n<li>Danezana Monterrey\u00ea.<\/li>\n<\/ol>\n<p dir=\"ltr\">3, ICCPR Peymana Navnetewey\u00ee ya Maf\u00ean \u015earwer \u00fb Raamyar\u00ee di Kan\u00fbna P\u00ea\u015f\u00een a sala 1966an de hate pesendkirin, di 1967an de kete dewra c\u00eebic\u00eekirin\u00ea \u00fb di sala 1987an de kom\u00eeteyeke w\u00ea ya taybet hate damezirandin.<\/p>\n<ol dir=\"ltr\" start=\"4\">\n<li>\u015eiroveya Gi\u015ft\u00ee ya 27an, Azad\u00eeya Tevger\u00een\u00ea-R\u00fbni\u015ftina 67-1999an.<\/li>\n<li>Li S\u00fbr\u00eeyey\u00ea, Qedexeya Derketina Ji Welat Xwe Digih\u00eene Mir\u00eeyan J\u00ee, Mazin Derw\u00ee\u015f.<\/li>\n<li>R\u00eaxistina L\u00eabihur\u00een\u00ea ya Navnetewey\u00ee.<\/li>\n<li>Xeta P\u00ea\u015f\u00een \u2013 Saz\u00eeya Navnetewey\u00ee ya Parastina Bergir\u00ean Maf\u00ean Mirovan.<\/li>\n<li>F\u00ear\u00ee R\u00eazgirtina Kes\u00ea Din Bibe, Jana Ondrackova.<\/li>\n<li>Navenda Behr\u00ean\u00ea ya Maf\u00ean Mirovan<\/li>\n<\/ol>\n<p dir=\"ltr\">* L\u00eestey\u00ean seferbend\u00ean S\u00fbr\u00eeyey\u00ea bi hevkar\u00eeya destey\u00ean mafnas \u00ean j\u00ear\u00een hatine pi\u015ftrastkirin:<\/p>\n<table dir=\"ltr\" style=\"height: 338px;\" width=\"1155\">\n<tbody>\n<tr>\n<td style=\"text-align: center;\" width=\"474\">Kom\u00eeteya Ereb\u00ee ya Maf\u00ean Mirovan<\/td>\n<\/tr>\n<tr>\n<td style=\"text-align: center;\" width=\"474\">Kom\u00eeteya Kurd\u00ee ya Maf\u00ean Mirovan a S\u00fbr\u00eeyey\u00ea<\/td>\n<\/tr>\n<tr>\n<td style=\"text-align: center;\" width=\"474\">\u00c7avd\u00eargeha S\u00fbr\u00eeyey\u00ee ya Maf\u00ean Mirovan<\/td>\n<\/tr>\n<tr>\n<td style=\"text-align: center;\" width=\"474\">Navenda S\u00fbr\u00eeyey\u00ee ya Ragihandin\u00ea \u00fb Azad\u00eeya Derbir\u00een\u00ea<\/td>\n<\/tr>\n<tr>\n<td style=\"text-align: center;\" width=\"474\">R\u00eaxistina S\u00fbr\u00eeyey\u00ee ya Maf\u00ean Mirovan (Sewas\u00eeye)<\/td>\n<\/tr>\n<tr>\n<td style=\"text-align: center;\" width=\"474\">R\u00eaxsitina Ereb\u00ee ya Maf\u00ean Mirovan a S\u00fbr\u00eeyey\u00ea<\/td>\n<\/tr>\n<tr>\n<td style=\"text-align: center;\" width=\"474\">R\u00eaxistina Kurd\u00ee ya Bergir\u00eeya Maf\u00ean Mirovan \u00fb Azad\u00eey\u00ean Gi\u015ft\u00ee Li S\u00fbr\u00eeyey\u00ea<\/td>\n<\/tr>\n<tr>\n<td style=\"text-align: center;\" width=\"474\">R\u00eaxistina Ni\u015ftiman\u00ee ya Maf\u00ean Mirovan a S\u00fbr\u00eeyey\u00ea<\/td>\n<\/tr>\n<tr>\n<td style=\"text-align: center;\" width=\"474\">Kom\u00eetey\u00ean Bergir\u00eeya Azad\u00eey\u00ean Demokrat\u00eek \u00fb Maf\u00ean Mirovan Li S\u00fbr\u00eeyey\u00ea<\/td>\n<\/tr>\n<tr>\n<td style=\"text-align: center;\" width=\"474\">Navenda D\u00eeme\u015fq\u00ea ya L\u00eakol\u00een\u00ean Maf\u00ean Mirovan<\/td>\n<\/tr>\n<tr>\n<td style=\"text-align: center;\" width=\"474\">R\u00eaxistina Maf\u00ean Mirovan a S\u00fbr\u00eeyey\u00ea-Maf<\/td>\n<\/tr>\n<\/tbody>\n<\/table>\n","protected":false},"excerpt":{"rendered":"<p>\u00a0 Navenda S\u00fbr\u00eeyey\u00ee ya Ragihandin\u00ea \u00fb Azad\u00eeya Derbir\u00een\u00ea \u00a0\u00a0 K\u00ea\u015fedar\u00eeya Seferbend\u00eey\u00ea Li S\u00fbr\u00eeyey\u00ea Qedexekirina Derketina Ji S\u00fbr\u00eeyey\u00ea \u00a0 \u00a0 \u00a0\u00a0 \u00a0 L\u00eakol\u00eeneke Navenda S\u00fbr\u00eeyey\u00ee ya Ragihandin\u00ea \u00fb Azad\u00eeya Derbir\u00een\u00ea 2009 Maf\u00ea Tevger\u00een\u00ea: Maf\u00ea tevger\u00een\u00ea mercek\u00ee j\u00eeyana azad e, nabe kesek t\u00ea de bibihure yan dest j\u00ea biki\u015f\u00eene, \u00e7i ku maf\u00ea tevger\u00een\u00ea be\u015fek\u00ee azad\u00eey\u00ean sereke y\u00ea [&hellip;]<\/p>\n","protected":false},"author":24,"featured_media":181314,"comment_status":"open","ping_status":"open","sticky":false,"template":"","format":"standard","meta":{"_acf_changed":false,"footnotes":""},"categories":[362],"tags":[],"class_list":["post-181313","post","type-post","status-publish","format-standard","has-post-thumbnail","hentry","category-studies-ku","post-wrapper"],"acf":[],"yoast_head":"<!-- This site is optimized with the Yoast SEO Premium plugin v20.6 (Yoast SEO v26.5) - https:\/\/yoast.com\/wordpress\/plugins\/seo\/ -->\n<title>K\u00ea\u015fedar\u00eeya Seferbend\u00eey\u00ea Li S\u00fbr\u00eeyey\u00ea Qedexekirina Derketina Ji S\u00fbr\u00eeyey\u00ea - \u0627\u0644\u0645\u0631\u0643\u0632 \u0627\u0644\u0633\u0648\u0631\u064a \u0644\u0644\u0625\u0639\u0644\u0627\u0645 \u0648\u062d\u0631\u064a\u0629 \u0627\u0644\u062a\u0639\u0628\u064a\u0631 Syrian Center for Media and Freedom of Expression<\/title>\n<meta name=\"description\" content=\"%\" \/>\n<meta name=\"robots\" content=\"index, follow, max-snippet:-1, max-image-preview:large, max-video-preview:-1\" \/>\n<link rel=\"canonical\" href=\"http:\/\/20.93.6.125\/\u0625\u0634\u0643\u0627\u0644\u064a\u0629-\u0627\u0644\u0645\u0646\u0639-\u0645\u0646-\u0627\u0644\u0633\u0641\u0631-\u0641\u064a-\u0633\u0648\u0631\u064a\u0629-2\/\" \/>\n<meta property=\"og:locale\" content=\"en_US\" \/>\n<meta property=\"og:type\" content=\"article\" \/>\n<meta property=\"og:title\" content=\"K\u00ea\u015fedar\u00eeya Seferbend\u00eey\u00ea Li S\u00fbr\u00eeyey\u00ea Qedexekirina Derketina Ji S\u00fbr\u00eeyey\u00ea\" \/>\n<meta property=\"og:description\" content=\"%\" \/>\n<meta property=\"og:url\" content=\"http:\/\/20.93.6.125\/\u0625\u0634\u0643\u0627\u0644\u064a\u0629-\u0627\u0644\u0645\u0646\u0639-\u0645\u0646-\u0627\u0644\u0633\u0641\u0631-\u0641\u064a-\u0633\u0648\u0631\u064a\u0629-2\/\" \/>\n<meta property=\"og:site_name\" content=\"\u0627\u0644\u0645\u0631\u0643\u0632 \u0627\u0644\u0633\u0648\u0631\u064a \u0644\u0644\u0625\u0639\u0644\u0627\u0645 \u0648\u062d\u0631\u064a\u0629 \u0627\u0644\u062a\u0639\u0628\u064a\u0631 Syrian Center for Media and Freedom of Expression\" \/>\n<meta property=\"article:publisher\" content=\"https:\/\/www.facebook.com\/scm.center\" \/>\n<meta property=\"article:published_time\" content=\"2011-01-19T00:00:00+00:00\" \/>\n<meta property=\"og:image\" content=\"http:\/\/20.93.6.125\/wp-content\/uploads\/2011\/01\/Travel-Ban.jpg\" \/>\n\t<meta property=\"og:image:width\" content=\"746\" \/>\n\t<meta property=\"og:image:height\" content=\"484\" \/>\n\t<meta property=\"og:image:type\" content=\"image\/jpeg\" \/>\n<meta name=\"author\" content=\"scmadmin\" \/>\n<meta name=\"twitter:card\" content=\"summary_large_image\" \/>\n<meta name=\"twitter:creator\" content=\"@SyrianCenter\" \/>\n<meta name=\"twitter:site\" content=\"@SyrianCenter\" \/>\n<meta name=\"twitter:label1\" content=\"Written by\" \/>\n\t<meta name=\"twitter:data1\" content=\"scmadmin\" \/>\n\t<meta name=\"twitter:label2\" content=\"Est. reading time\" \/>\n\t<meta name=\"twitter:data2\" content=\"30 minutes\" \/>\n<script type=\"application\/ld+json\" class=\"yoast-schema-graph\">{\"@context\":\"https:\/\/schema.org\",\"@graph\":[{\"@type\":\"Article\",\"@id\":\"http:\/\/20.93.6.125\/%d8%a5%d8%b4%d9%83%d8%a7%d9%84%d9%8a%d8%a9-%d8%a7%d9%84%d9%85%d9%86%d8%b9-%d9%85%d9%86-%d8%a7%d9%84%d8%b3%d9%81%d8%b1-%d9%81%d9%8a-%d8%b3%d9%88%d8%b1%d9%8a%d8%a9-2\/#article\",\"isPartOf\":{\"@id\":\"http:\/\/20.93.6.125\/%d8%a5%d8%b4%d9%83%d8%a7%d9%84%d9%8a%d8%a9-%d8%a7%d9%84%d9%85%d9%86%d8%b9-%d9%85%d9%86-%d8%a7%d9%84%d8%b3%d9%81%d8%b1-%d9%81%d9%8a-%d8%b3%d9%88%d8%b1%d9%8a%d8%a9-2\/\"},\"author\":{\"name\":\"scmadmin\",\"@id\":\"https:\/\/scm.bz\/#\/schema\/person\/d116d4c43d9f3d4fe4b61619e91ead45\"},\"headline\":\"K\u00ea\u015fedar\u00eeya Seferbend\u00eey\u00ea Li S\u00fbr\u00eeyey\u00ea Qedexekirina Derketina Ji S\u00fbr\u00eeyey\u00ea\",\"datePublished\":\"2011-01-19T00:00:00+00:00\",\"mainEntityOfPage\":{\"@id\":\"http:\/\/20.93.6.125\/%d8%a5%d8%b4%d9%83%d8%a7%d9%84%d9%8a%d8%a9-%d8%a7%d9%84%d9%85%d9%86%d8%b9-%d9%85%d9%86-%d8%a7%d9%84%d8%b3%d9%81%d8%b1-%d9%81%d9%8a-%d8%b3%d9%88%d8%b1%d9%8a%d8%a9-2\/\"},\"wordCount\":6086,\"commentCount\":0,\"publisher\":{\"@id\":\"https:\/\/scm.bz\/#organization\"},\"image\":{\"@id\":\"http:\/\/20.93.6.125\/%d8%a5%d8%b4%d9%83%d8%a7%d9%84%d9%8a%d8%a9-%d8%a7%d9%84%d9%85%d9%86%d8%b9-%d9%85%d9%86-%d8%a7%d9%84%d8%b3%d9%81%d8%b1-%d9%81%d9%8a-%d8%b3%d9%88%d8%b1%d9%8a%d8%a9-2\/#primaryimage\"},\"thumbnailUrl\":\"https:\/\/scm.bz\/wp-content\/uploads\/2011\/01\/Travel-Ban.jpg\",\"articleSection\":[\"Xwendin\u00ean SCM\u00ea\"],\"inLanguage\":\"kmr\"},{\"@type\":\"WebPage\",\"@id\":\"http:\/\/20.93.6.125\/%d8%a5%d8%b4%d9%83%d8%a7%d9%84%d9%8a%d8%a9-%d8%a7%d9%84%d9%85%d9%86%d8%b9-%d9%85%d9%86-%d8%a7%d9%84%d8%b3%d9%81%d8%b1-%d9%81%d9%8a-%d8%b3%d9%88%d8%b1%d9%8a%d8%a9-2\/\",\"url\":\"http:\/\/20.93.6.125\/%d8%a5%d8%b4%d9%83%d8%a7%d9%84%d9%8a%d8%a9-%d8%a7%d9%84%d9%85%d9%86%d8%b9-%d9%85%d9%86-%d8%a7%d9%84%d8%b3%d9%81%d8%b1-%d9%81%d9%8a-%d8%b3%d9%88%d8%b1%d9%8a%d8%a9-2\/\",\"name\":\"K\u00ea\u015fedar\u00eeya Seferbend\u00eey\u00ea Li S\u00fbr\u00eeyey\u00ea Qedexekirina Derketina Ji S\u00fbr\u00eeyey\u00ea - \u0627\u0644\u0645\u0631\u0643\u0632 \u0627\u0644\u0633\u0648\u0631\u064a \u0644\u0644\u0625\u0639\u0644\u0627\u0645 \u0648\u062d\u0631\u064a\u0629 \u0627\u0644\u062a\u0639\u0628\u064a\u0631 Syrian Center for Media and Freedom of Expression\",\"isPartOf\":{\"@id\":\"https:\/\/scm.bz\/#website\"},\"primaryImageOfPage\":{\"@id\":\"http:\/\/20.93.6.125\/%d8%a5%d8%b4%d9%83%d8%a7%d9%84%d9%8a%d8%a9-%d8%a7%d9%84%d9%85%d9%86%d8%b9-%d9%85%d9%86-%d8%a7%d9%84%d8%b3%d9%81%d8%b1-%d9%81%d9%8a-%d8%b3%d9%88%d8%b1%d9%8a%d8%a9-2\/#primaryimage\"},\"image\":{\"@id\":\"http:\/\/20.93.6.125\/%d8%a5%d8%b4%d9%83%d8%a7%d9%84%d9%8a%d8%a9-%d8%a7%d9%84%d9%85%d9%86%d8%b9-%d9%85%d9%86-%d8%a7%d9%84%d8%b3%d9%81%d8%b1-%d9%81%d9%8a-%d8%b3%d9%88%d8%b1%d9%8a%d8%a9-2\/#primaryimage\"},\"thumbnailUrl\":\"https:\/\/scm.bz\/wp-content\/uploads\/2011\/01\/Travel-Ban.jpg\",\"datePublished\":\"2011-01-19T00:00:00+00:00\",\"description\":\"%\",\"breadcrumb\":{\"@id\":\"http:\/\/20.93.6.125\/%d8%a5%d8%b4%d9%83%d8%a7%d9%84%d9%8a%d8%a9-%d8%a7%d9%84%d9%85%d9%86%d8%b9-%d9%85%d9%86-%d8%a7%d9%84%d8%b3%d9%81%d8%b1-%d9%81%d9%8a-%d8%b3%d9%88%d8%b1%d9%8a%d8%a9-2\/#breadcrumb\"},\"inLanguage\":\"kmr\",\"potentialAction\":[{\"@type\":\"ReadAction\",\"target\":[\"http:\/\/20.93.6.125\/%d8%a5%d8%b4%d9%83%d8%a7%d9%84%d9%8a%d8%a9-%d8%a7%d9%84%d9%85%d9%86%d8%b9-%d9%85%d9%86-%d8%a7%d9%84%d8%b3%d9%81%d8%b1-%d9%81%d9%8a-%d8%b3%d9%88%d8%b1%d9%8a%d8%a9-2\/\"]}]},{\"@type\":\"ImageObject\",\"inLanguage\":\"kmr\",\"@id\":\"http:\/\/20.93.6.125\/%d8%a5%d8%b4%d9%83%d8%a7%d9%84%d9%8a%d8%a9-%d8%a7%d9%84%d9%85%d9%86%d8%b9-%d9%85%d9%86-%d8%a7%d9%84%d8%b3%d9%81%d8%b1-%d9%81%d9%8a-%d8%b3%d9%88%d8%b1%d9%8a%d8%a9-2\/#primaryimage\",\"url\":\"https:\/\/scm.bz\/wp-content\/uploads\/2011\/01\/Travel-Ban.jpg\",\"contentUrl\":\"https:\/\/scm.bz\/wp-content\/uploads\/2011\/01\/Travel-Ban.jpg\",\"width\":746,\"height\":484},{\"@type\":\"BreadcrumbList\",\"@id\":\"http:\/\/20.93.6.125\/%d8%a5%d8%b4%d9%83%d8%a7%d9%84%d9%8a%d8%a9-%d8%a7%d9%84%d9%85%d9%86%d8%b9-%d9%85%d9%86-%d8%a7%d9%84%d8%b3%d9%81%d8%b1-%d9%81%d9%8a-%d8%b3%d9%88%d8%b1%d9%8a%d8%a9-2\/#breadcrumb\",\"itemListElement\":[{\"@type\":\"ListItem\",\"position\":1,\"name\":\"Home\",\"item\":\"https:\/\/scm.bz\/kmr\/\"},{\"@type\":\"ListItem\",\"position\":2,\"name\":\"K\u00ea\u015fedar\u00eeya Seferbend\u00eey\u00ea Li S\u00fbr\u00eeyey\u00ea Qedexekirina Derketina Ji S\u00fbr\u00eeyey\u00ea\"}]},{\"@type\":\"WebSite\",\"@id\":\"https:\/\/scm.bz\/#website\",\"url\":\"https:\/\/scm.bz\/\",\"name\":\"\u0627\u0644\u0645\u0631\u0643\u0632 \u0627\u0644\u0633\u0648\u0631\u064a \u0644\u0644\u0625\u0639\u0644\u0627\u0645 \u0648\u062d\u0631\u064a\u0629 \u0627\u0644\u062a\u0639\u0628\u064a\u0631 Syrian Center for Media and Freedom of Expression\",\"description\":\"\",\"publisher\":{\"@id\":\"https:\/\/scm.bz\/#organization\"},\"potentialAction\":[{\"@type\":\"SearchAction\",\"target\":{\"@type\":\"EntryPoint\",\"urlTemplate\":\"https:\/\/scm.bz\/?s={search_term_string}\"},\"query-input\":{\"@type\":\"PropertyValueSpecification\",\"valueRequired\":true,\"valueName\":\"search_term_string\"}}],\"inLanguage\":\"kmr\"},{\"@type\":\"Organization\",\"@id\":\"https:\/\/scm.bz\/#organization\",\"name\":\"\u0627\u0644\u0645\u0631\u0643\u0632 \u0627\u0644\u0633\u0648\u0631\u064a \u0644\u0644\u0625\u0639\u0644\u0627\u0645 \u0648\u062d\u0631\u064a\u0629 \u0627\u0644\u062a\u0639\u0628\u064a\u0631 Syrian Center for Media and Freedom of Expression\",\"url\":\"https:\/\/scm.bz\/\",\"logo\":{\"@type\":\"ImageObject\",\"inLanguage\":\"kmr\",\"@id\":\"https:\/\/scm.bz\/#\/schema\/logo\/image\/\",\"url\":\"http:\/\/scm.bz\/wp-content\/uploads\/2021\/01\/SCM-logo-1-with-Clear-Space-1-2.png\",\"contentUrl\":\"http:\/\/scm.bz\/wp-content\/uploads\/2021\/01\/SCM-logo-1-with-Clear-Space-1-2.png\",\"width\":1450,\"height\":1450,\"caption\":\"\u0627\u0644\u0645\u0631\u0643\u0632 \u0627\u0644\u0633\u0648\u0631\u064a \u0644\u0644\u0625\u0639\u0644\u0627\u0645 \u0648\u062d\u0631\u064a\u0629 \u0627\u0644\u062a\u0639\u0628\u064a\u0631 Syrian Center for Media and Freedom of Expression\"},\"image\":{\"@id\":\"https:\/\/scm.bz\/#\/schema\/logo\/image\/\"},\"sameAs\":[\"https:\/\/www.facebook.com\/scm.center\",\"https:\/\/x.com\/SyrianCenter\"]},{\"@type\":\"Person\",\"@id\":\"https:\/\/scm.bz\/#\/schema\/person\/d116d4c43d9f3d4fe4b61619e91ead45\",\"name\":\"scmadmin\",\"image\":{\"@type\":\"ImageObject\",\"inLanguage\":\"kmr\",\"@id\":\"https:\/\/scm.bz\/#\/schema\/person\/image\/\",\"url\":\"https:\/\/secure.gravatar.com\/avatar\/8cb2b559549de2ba5e28f5d26e15c8f315b5dd63c953e348e6769ae2e88e3cdc?s=96&d=blank&r=g\",\"contentUrl\":\"https:\/\/secure.gravatar.com\/avatar\/8cb2b559549de2ba5e28f5d26e15c8f315b5dd63c953e348e6769ae2e88e3cdc?s=96&d=blank&r=g\",\"caption\":\"scmadmin\"},\"url\":\"https:\/\/scm.bz\/kmr\/author\/scmadmin\/\"}]}<\/script>\n<!-- \/ Yoast SEO Premium plugin. -->","yoast_head_json":{"title":"K\u00ea\u015fedar\u00eeya Seferbend\u00eey\u00ea Li S\u00fbr\u00eeyey\u00ea Qedexekirina Derketina Ji S\u00fbr\u00eeyey\u00ea - \u0627\u0644\u0645\u0631\u0643\u0632 \u0627\u0644\u0633\u0648\u0631\u064a \u0644\u0644\u0625\u0639\u0644\u0627\u0645 \u0648\u062d\u0631\u064a\u0629 \u0627\u0644\u062a\u0639\u0628\u064a\u0631 Syrian Center for Media and Freedom of Expression","description":"%","robots":{"index":"index","follow":"follow","max-snippet":"max-snippet:-1","max-image-preview":"max-image-preview:large","max-video-preview":"max-video-preview:-1"},"canonical":"http:\/\/20.93.6.125\/\u0625\u0634\u0643\u0627\u0644\u064a\u0629-\u0627\u0644\u0645\u0646\u0639-\u0645\u0646-\u0627\u0644\u0633\u0641\u0631-\u0641\u064a-\u0633\u0648\u0631\u064a\u0629-2\/","og_locale":"en_US","og_type":"article","og_title":"K\u00ea\u015fedar\u00eeya Seferbend\u00eey\u00ea Li S\u00fbr\u00eeyey\u00ea Qedexekirina Derketina Ji S\u00fbr\u00eeyey\u00ea","og_description":"%","og_url":"http:\/\/20.93.6.125\/\u0625\u0634\u0643\u0627\u0644\u064a\u0629-\u0627\u0644\u0645\u0646\u0639-\u0645\u0646-\u0627\u0644\u0633\u0641\u0631-\u0641\u064a-\u0633\u0648\u0631\u064a\u0629-2\/","og_site_name":"\u0627\u0644\u0645\u0631\u0643\u0632 \u0627\u0644\u0633\u0648\u0631\u064a \u0644\u0644\u0625\u0639\u0644\u0627\u0645 \u0648\u062d\u0631\u064a\u0629 \u0627\u0644\u062a\u0639\u0628\u064a\u0631 Syrian Center for Media and Freedom of Expression","article_publisher":"https:\/\/www.facebook.com\/scm.center","article_published_time":"2011-01-19T00:00:00+00:00","og_image":[{"width":746,"height":484,"url":"http:\/\/20.93.6.125\/wp-content\/uploads\/2011\/01\/Travel-Ban.jpg","type":"image\/jpeg"}],"author":"scmadmin","twitter_card":"summary_large_image","twitter_creator":"@SyrianCenter","twitter_site":"@SyrianCenter","twitter_misc":{"Written by":"scmadmin","Est. reading time":"30 minutes"},"schema":{"@context":"https:\/\/schema.org","@graph":[{"@type":"Article","@id":"http:\/\/20.93.6.125\/%d8%a5%d8%b4%d9%83%d8%a7%d9%84%d9%8a%d8%a9-%d8%a7%d9%84%d9%85%d9%86%d8%b9-%d9%85%d9%86-%d8%a7%d9%84%d8%b3%d9%81%d8%b1-%d9%81%d9%8a-%d8%b3%d9%88%d8%b1%d9%8a%d8%a9-2\/#article","isPartOf":{"@id":"http:\/\/20.93.6.125\/%d8%a5%d8%b4%d9%83%d8%a7%d9%84%d9%8a%d8%a9-%d8%a7%d9%84%d9%85%d9%86%d8%b9-%d9%85%d9%86-%d8%a7%d9%84%d8%b3%d9%81%d8%b1-%d9%81%d9%8a-%d8%b3%d9%88%d8%b1%d9%8a%d8%a9-2\/"},"author":{"name":"scmadmin","@id":"https:\/\/scm.bz\/#\/schema\/person\/d116d4c43d9f3d4fe4b61619e91ead45"},"headline":"K\u00ea\u015fedar\u00eeya Seferbend\u00eey\u00ea Li S\u00fbr\u00eeyey\u00ea Qedexekirina Derketina Ji S\u00fbr\u00eeyey\u00ea","datePublished":"2011-01-19T00:00:00+00:00","mainEntityOfPage":{"@id":"http:\/\/20.93.6.125\/%d8%a5%d8%b4%d9%83%d8%a7%d9%84%d9%8a%d8%a9-%d8%a7%d9%84%d9%85%d9%86%d8%b9-%d9%85%d9%86-%d8%a7%d9%84%d8%b3%d9%81%d8%b1-%d9%81%d9%8a-%d8%b3%d9%88%d8%b1%d9%8a%d8%a9-2\/"},"wordCount":6086,"commentCount":0,"publisher":{"@id":"https:\/\/scm.bz\/#organization"},"image":{"@id":"http:\/\/20.93.6.125\/%d8%a5%d8%b4%d9%83%d8%a7%d9%84%d9%8a%d8%a9-%d8%a7%d9%84%d9%85%d9%86%d8%b9-%d9%85%d9%86-%d8%a7%d9%84%d8%b3%d9%81%d8%b1-%d9%81%d9%8a-%d8%b3%d9%88%d8%b1%d9%8a%d8%a9-2\/#primaryimage"},"thumbnailUrl":"https:\/\/scm.bz\/wp-content\/uploads\/2011\/01\/Travel-Ban.jpg","articleSection":["Xwendin\u00ean SCM\u00ea"],"inLanguage":"kmr"},{"@type":"WebPage","@id":"http:\/\/20.93.6.125\/%d8%a5%d8%b4%d9%83%d8%a7%d9%84%d9%8a%d8%a9-%d8%a7%d9%84%d9%85%d9%86%d8%b9-%d9%85%d9%86-%d8%a7%d9%84%d8%b3%d9%81%d8%b1-%d9%81%d9%8a-%d8%b3%d9%88%d8%b1%d9%8a%d8%a9-2\/","url":"http:\/\/20.93.6.125\/%d8%a5%d8%b4%d9%83%d8%a7%d9%84%d9%8a%d8%a9-%d8%a7%d9%84%d9%85%d9%86%d8%b9-%d9%85%d9%86-%d8%a7%d9%84%d8%b3%d9%81%d8%b1-%d9%81%d9%8a-%d8%b3%d9%88%d8%b1%d9%8a%d8%a9-2\/","name":"K\u00ea\u015fedar\u00eeya Seferbend\u00eey\u00ea Li S\u00fbr\u00eeyey\u00ea Qedexekirina Derketina Ji S\u00fbr\u00eeyey\u00ea - \u0627\u0644\u0645\u0631\u0643\u0632 \u0627\u0644\u0633\u0648\u0631\u064a \u0644\u0644\u0625\u0639\u0644\u0627\u0645 \u0648\u062d\u0631\u064a\u0629 \u0627\u0644\u062a\u0639\u0628\u064a\u0631 Syrian Center for Media and Freedom of Expression","isPartOf":{"@id":"https:\/\/scm.bz\/#website"},"primaryImageOfPage":{"@id":"http:\/\/20.93.6.125\/%d8%a5%d8%b4%d9%83%d8%a7%d9%84%d9%8a%d8%a9-%d8%a7%d9%84%d9%85%d9%86%d8%b9-%d9%85%d9%86-%d8%a7%d9%84%d8%b3%d9%81%d8%b1-%d9%81%d9%8a-%d8%b3%d9%88%d8%b1%d9%8a%d8%a9-2\/#primaryimage"},"image":{"@id":"http:\/\/20.93.6.125\/%d8%a5%d8%b4%d9%83%d8%a7%d9%84%d9%8a%d8%a9-%d8%a7%d9%84%d9%85%d9%86%d8%b9-%d9%85%d9%86-%d8%a7%d9%84%d8%b3%d9%81%d8%b1-%d9%81%d9%8a-%d8%b3%d9%88%d8%b1%d9%8a%d8%a9-2\/#primaryimage"},"thumbnailUrl":"https:\/\/scm.bz\/wp-content\/uploads\/2011\/01\/Travel-Ban.jpg","datePublished":"2011-01-19T00:00:00+00:00","description":"%","breadcrumb":{"@id":"http:\/\/20.93.6.125\/%d8%a5%d8%b4%d9%83%d8%a7%d9%84%d9%8a%d8%a9-%d8%a7%d9%84%d9%85%d9%86%d8%b9-%d9%85%d9%86-%d8%a7%d9%84%d8%b3%d9%81%d8%b1-%d9%81%d9%8a-%d8%b3%d9%88%d8%b1%d9%8a%d8%a9-2\/#breadcrumb"},"inLanguage":"kmr","potentialAction":[{"@type":"ReadAction","target":["http:\/\/20.93.6.125\/%d8%a5%d8%b4%d9%83%d8%a7%d9%84%d9%8a%d8%a9-%d8%a7%d9%84%d9%85%d9%86%d8%b9-%d9%85%d9%86-%d8%a7%d9%84%d8%b3%d9%81%d8%b1-%d9%81%d9%8a-%d8%b3%d9%88%d8%b1%d9%8a%d8%a9-2\/"]}]},{"@type":"ImageObject","inLanguage":"kmr","@id":"http:\/\/20.93.6.125\/%d8%a5%d8%b4%d9%83%d8%a7%d9%84%d9%8a%d8%a9-%d8%a7%d9%84%d9%85%d9%86%d8%b9-%d9%85%d9%86-%d8%a7%d9%84%d8%b3%d9%81%d8%b1-%d9%81%d9%8a-%d8%b3%d9%88%d8%b1%d9%8a%d8%a9-2\/#primaryimage","url":"https:\/\/scm.bz\/wp-content\/uploads\/2011\/01\/Travel-Ban.jpg","contentUrl":"https:\/\/scm.bz\/wp-content\/uploads\/2011\/01\/Travel-Ban.jpg","width":746,"height":484},{"@type":"BreadcrumbList","@id":"http:\/\/20.93.6.125\/%d8%a5%d8%b4%d9%83%d8%a7%d9%84%d9%8a%d8%a9-%d8%a7%d9%84%d9%85%d9%86%d8%b9-%d9%85%d9%86-%d8%a7%d9%84%d8%b3%d9%81%d8%b1-%d9%81%d9%8a-%d8%b3%d9%88%d8%b1%d9%8a%d8%a9-2\/#breadcrumb","itemListElement":[{"@type":"ListItem","position":1,"name":"Home","item":"https:\/\/scm.bz\/kmr\/"},{"@type":"ListItem","position":2,"name":"K\u00ea\u015fedar\u00eeya Seferbend\u00eey\u00ea Li S\u00fbr\u00eeyey\u00ea Qedexekirina Derketina Ji S\u00fbr\u00eeyey\u00ea"}]},{"@type":"WebSite","@id":"https:\/\/scm.bz\/#website","url":"https:\/\/scm.bz\/","name":"\u0627\u0644\u0645\u0631\u0643\u0632 \u0627\u0644\u0633\u0648\u0631\u064a \u0644\u0644\u0625\u0639\u0644\u0627\u0645 \u0648\u062d\u0631\u064a\u0629 \u0627\u0644\u062a\u0639\u0628\u064a\u0631 Syrian Center for Media and Freedom of Expression","description":"","publisher":{"@id":"https:\/\/scm.bz\/#organization"},"potentialAction":[{"@type":"SearchAction","target":{"@type":"EntryPoint","urlTemplate":"https:\/\/scm.bz\/?s={search_term_string}"},"query-input":{"@type":"PropertyValueSpecification","valueRequired":true,"valueName":"search_term_string"}}],"inLanguage":"kmr"},{"@type":"Organization","@id":"https:\/\/scm.bz\/#organization","name":"\u0627\u0644\u0645\u0631\u0643\u0632 \u0627\u0644\u0633\u0648\u0631\u064a \u0644\u0644\u0625\u0639\u0644\u0627\u0645 \u0648\u062d\u0631\u064a\u0629 \u0627\u0644\u062a\u0639\u0628\u064a\u0631 Syrian Center for Media and Freedom of Expression","url":"https:\/\/scm.bz\/","logo":{"@type":"ImageObject","inLanguage":"kmr","@id":"https:\/\/scm.bz\/#\/schema\/logo\/image\/","url":"http:\/\/scm.bz\/wp-content\/uploads\/2021\/01\/SCM-logo-1-with-Clear-Space-1-2.png","contentUrl":"http:\/\/scm.bz\/wp-content\/uploads\/2021\/01\/SCM-logo-1-with-Clear-Space-1-2.png","width":1450,"height":1450,"caption":"\u0627\u0644\u0645\u0631\u0643\u0632 \u0627\u0644\u0633\u0648\u0631\u064a \u0644\u0644\u0625\u0639\u0644\u0627\u0645 \u0648\u062d\u0631\u064a\u0629 \u0627\u0644\u062a\u0639\u0628\u064a\u0631 Syrian Center for Media and Freedom of Expression"},"image":{"@id":"https:\/\/scm.bz\/#\/schema\/logo\/image\/"},"sameAs":["https:\/\/www.facebook.com\/scm.center","https:\/\/x.com\/SyrianCenter"]},{"@type":"Person","@id":"https:\/\/scm.bz\/#\/schema\/person\/d116d4c43d9f3d4fe4b61619e91ead45","name":"scmadmin","image":{"@type":"ImageObject","inLanguage":"kmr","@id":"https:\/\/scm.bz\/#\/schema\/person\/image\/","url":"https:\/\/secure.gravatar.com\/avatar\/8cb2b559549de2ba5e28f5d26e15c8f315b5dd63c953e348e6769ae2e88e3cdc?s=96&d=blank&r=g","contentUrl":"https:\/\/secure.gravatar.com\/avatar\/8cb2b559549de2ba5e28f5d26e15c8f315b5dd63c953e348e6769ae2e88e3cdc?s=96&d=blank&r=g","caption":"scmadmin"},"url":"https:\/\/scm.bz\/kmr\/author\/scmadmin\/"}]}},"_links":{"self":[{"href":"https:\/\/scm.bz\/kmr\/wp-json\/wp\/v2\/posts\/181313","targetHints":{"allow":["GET"]}}],"collection":[{"href":"https:\/\/scm.bz\/kmr\/wp-json\/wp\/v2\/posts"}],"about":[{"href":"https:\/\/scm.bz\/kmr\/wp-json\/wp\/v2\/types\/post"}],"author":[{"embeddable":true,"href":"https:\/\/scm.bz\/kmr\/wp-json\/wp\/v2\/users\/24"}],"replies":[{"embeddable":true,"href":"https:\/\/scm.bz\/kmr\/wp-json\/wp\/v2\/comments?post=181313"}],"version-history":[{"count":0,"href":"https:\/\/scm.bz\/kmr\/wp-json\/wp\/v2\/posts\/181313\/revisions"}],"wp:featuredmedia":[{"embeddable":true,"href":"https:\/\/scm.bz\/kmr\/wp-json\/wp\/v2\/media\/181314"}],"wp:attachment":[{"href":"https:\/\/scm.bz\/kmr\/wp-json\/wp\/v2\/media?parent=181313"}],"wp:term":[{"taxonomy":"category","embeddable":true,"href":"https:\/\/scm.bz\/kmr\/wp-json\/wp\/v2\/categories?post=181313"},{"taxonomy":"post_tag","embeddable":true,"href":"https:\/\/scm.bz\/kmr\/wp-json\/wp\/v2\/tags?post=181313"}],"curies":[{"name":"wp","href":"https:\/\/api.w.org\/{rel}","templated":true}]}}