{"id":181278,"date":"2015-08-31T10:23:03","date_gmt":"2015-08-31T08:23:03","guid":{"rendered":"https:\/\/scm.bz\/uncategorized-kmr\/pisti-se-sal-u-nivan-doza-girtiyen-navenda-suriyeyi-ya-ragihandine-u-azadiya-derbirine-bidawi-dibe"},"modified":"2018-02-12T21:21:13","modified_gmt":"2018-02-12T19:21:13","slug":"pisti-se-sal-u-nivan-doza-girtiyen-navenda-suriyeyi-ya-ragihandine-u-azadiya-derbirine-bidawi-dibe","status":"publish","type":"post","link":"https:\/\/scm.bz\/kmr\/pisti-se-sal-u-nivan-doza-girtiyen-navenda-suriyeyi-ya-ragihandine-u-azadiya-derbirine-bidawi-dibe\/","title":{"rendered":"Pi\u015ft\u00ee s\u00ea sal \u00fb n\u00eevan, doza girt\u00eey\u00ean Navenda S\u00fbr\u00eeyey\u00ee ya Ragihandin\u00ea \u00fb Azad\u00eeya Derbir\u00een\u00ea bidaw\u00ee dibe"},"content":{"rendered":"<p dir=\"ltr\">Desteya Dadgeha Doz\u00ean Teror\u00ea li \u015eam\u00ea bi serokat\u00eeya dadwer R\u00eeda M\u00fbsa, \u00eeroj; 31\u00ea tebaxa 2015an biryar da ku doza girt\u00eey\u00ean Navenda S\u00fbr\u00eeyey\u00ee ya Ragihandin\u00ea \u00fb Azad\u00eeya Derbir\u00een\u00ea (39) sala 2015an bixe nav biryara l\u00eabor\u00een\u00ea ya 9\u00ea hiz\u00earana 2014an.<\/p>\n<p dir=\"ltr\">Ji ber v\u00ea yek\u00ea tometa belavkirina kar\u00eab teror\u00ee \u00fb sezaya w\u00ea t\u00ean redkirin, ew j\u00ee tometa ku ji bo damezr\u00eaner\u00ea navend\u00ea Mazin Derw\u00ee\u015f \u00fb hevkar\u00ea w\u00ee re hatib\u00fb spartin.<\/p>\n<p dir=\"ltr\">Hukm bi amadeb\u00fbna mafnas \u00fb rojnamevan Mazin Derw\u00ee\u015f di r\u00fbni\u015ftina gotina cezay\u00ea de, hate gotin her weha di asta amadeb\u00fbn\u00ea de b\u00fb ji bo her du hevkaran His\u00ean Xer\u00eer, Han\u00ee Elz\u00eetan\u00ee, Mens\u00fbr Elumer\u00ee \u00fb Ebdilrehman Himad\u00ea.<\/p>\n<p dir=\"ltr\">Navenda S\u00fbr\u00eeyey\u00ee ya Ragihandin\u00ea \u00fb Azad\u00eeya Derbir\u00een\u00ea hevkaran bi girtina dosyaya doze p\u00eeroz dike \u00fb spas\u00eeya destya berevan\u00eey\u00ea, hem\u00fb r\u00eaxistin\u00ean mafnas\u00ee y\u00ean S\u00fbr\u00eeyey\u00ee, Ereb\u00ee \u00fb Navdewlet\u00ee, \u00fb hem\u00fb heval\u00ean ku b\u00eahtir\u00ee s\u00ea salan bi me re man dike. Cardin j\u00ee teqez\u00eey\u00ea li ser daxwaza xwe ya serbestkirina hem\u00fb girt\u00eey\u00ean ner\u00eenan li S\u00fbr\u00eeyey\u00ea dike.<\/p>\n","protected":false},"excerpt":{"rendered":"<p>Desteya Dadgeha Doz\u00ean Teror\u00ea li \u015eam\u00ea bi serokat\u00eeya dadwer R\u00eeda M\u00fbsa, \u00eeroj; 31\u00ea tebaxa 2015an biryar da ku doza girt\u00eey\u00ean Navenda S\u00fbr\u00eeyey\u00ee ya Ragihandin\u00ea \u00fb Azad\u00eeya Derbir\u00een\u00ea (39) sala 2015an bixe nav biryara l\u00eabor\u00een\u00ea ya 9\u00ea hiz\u00earana 2014an. Ji ber v\u00ea yek\u00ea tometa belavkirina kar\u00eab teror\u00ee \u00fb sezaya w\u00ea t\u00ean redkirin, ew j\u00ee tometa ku [&hellip;]<\/p>\n","protected":false},"author":24,"featured_media":180684,"comment_status":"open","ping_status":"open","sticky":false,"template":"","format":"standard","meta":{"_acf_changed":false,"footnotes":""},"categories":[375,328],"tags":[],"class_list":["post-181278","post","type-post","status-publish","format-standard","has-post-thumbnail","hentry","category-2015ku","category-statements-kmr","post-wrapper"],"acf":[],"yoast_head":"<!-- This site is optimized with the Yoast SEO Premium plugin v20.6 (Yoast SEO v26.5) - https:\/\/yoast.com\/wordpress\/plugins\/seo\/ -->\n<title>Pi\u015ft\u00ee s\u00ea sal \u00fb n\u00eevan, doza girt\u00eey\u00ean Navenda S\u00fbr\u00eeyey\u00ee ya Ragihandin\u00ea \u00fb Azad\u00eeya Derbir\u00een\u00ea bidaw\u00ee dibe - \u0627\u0644\u0645\u0631\u0643\u0632 \u0627\u0644\u0633\u0648\u0631\u064a \u0644\u0644\u0625\u0639\u0644\u0627\u0645 \u0648\u062d\u0631\u064a\u0629 \u0627\u0644\u062a\u0639\u0628\u064a\u0631 Syrian Center for Media and Freedom of Expression<\/title>\n<meta name=\"description\" content=\"%\" \/>\n<meta name=\"robots\" content=\"index, follow, max-snippet:-1, max-image-preview:large, max-video-preview:-1\" \/>\n<link rel=\"canonical\" href=\"https:\/\/mfu.scm.bz\/kmr\/pisti-se-sal-u-nivan-doza-girtiyen-navenda-suriyeyi-ya-ragihandine-u-azadiya-derbirine-bidawi-dibe\/\" \/>\n<meta property=\"og:locale\" content=\"en_US\" \/>\n<meta property=\"og:type\" content=\"article\" \/>\n<meta property=\"og:title\" content=\"Pi\u015ft\u00ee s\u00ea sal \u00fb n\u00eevan, doza girt\u00eey\u00ean Navenda S\u00fbr\u00eeyey\u00ee ya Ragihandin\u00ea \u00fb Azad\u00eeya Derbir\u00een\u00ea bidaw\u00ee dibe\" \/>\n<meta property=\"og:description\" content=\"%\" \/>\n<meta property=\"og:url\" content=\"https:\/\/mfu.scm.bz\/kmr\/pisti-se-sal-u-nivan-doza-girtiyen-navenda-suriyeyi-ya-ragihandine-u-azadiya-derbirine-bidawi-dibe\/\" \/>\n<meta property=\"og:site_name\" content=\"\u0627\u0644\u0645\u0631\u0643\u0632 \u0627\u0644\u0633\u0648\u0631\u064a \u0644\u0644\u0625\u0639\u0644\u0627\u0645 \u0648\u062d\u0631\u064a\u0629 \u0627\u0644\u062a\u0639\u0628\u064a\u0631 Syrian Center for Media and Freedom of Expression\" \/>\n<meta property=\"article:publisher\" content=\"https:\/\/www.facebook.com\/scm.center\" \/>\n<meta property=\"article:published_time\" content=\"2015-08-31T08:23:03+00:00\" \/>\n<meta property=\"article:modified_time\" content=\"2018-02-12T19:21:13+00:00\" \/>\n<meta property=\"og:image\" content=\"https:\/\/mfu.scm.bz\/wp-content\/uploads\/2017\/04\/scm_logo_S.png\" \/>\n\t<meta property=\"og:image:width\" content=\"700\" \/>\n\t<meta property=\"og:image:height\" content=\"420\" \/>\n\t<meta property=\"og:image:type\" content=\"image\/png\" \/>\n<meta name=\"author\" content=\"scmadmin\" \/>\n<meta name=\"twitter:card\" content=\"summary_large_image\" \/>\n<meta name=\"twitter:creator\" content=\"@SyrianCenter\" \/>\n<meta name=\"twitter:site\" content=\"@SyrianCenter\" \/>\n<meta name=\"twitter:label1\" content=\"Written by\" \/>\n\t<meta name=\"twitter:data1\" content=\"scmadmin\" \/>\n\t<meta name=\"twitter:label2\" content=\"Est. reading time\" \/>\n\t<meta name=\"twitter:data2\" content=\"1 minute\" \/>\n<script type=\"application\/ld+json\" class=\"yoast-schema-graph\">{\"@context\":\"https:\/\/schema.org\",\"@graph\":[{\"@type\":\"Article\",\"@id\":\"https:\/\/mfu.scm.bz\/kmr\/pisti-se-sal-u-nivan-doza-girtiyen-navenda-suriyeyi-ya-ragihandine-u-azadiya-derbirine-bidawi-dibe\/#article\",\"isPartOf\":{\"@id\":\"https:\/\/mfu.scm.bz\/kmr\/pisti-se-sal-u-nivan-doza-girtiyen-navenda-suriyeyi-ya-ragihandine-u-azadiya-derbirine-bidawi-dibe\/\"},\"author\":{\"name\":\"scmadmin\",\"@id\":\"https:\/\/scm.bz\/#\/schema\/person\/d116d4c43d9f3d4fe4b61619e91ead45\"},\"headline\":\"Pi\u015ft\u00ee s\u00ea sal \u00fb n\u00eevan, doza girt\u00eey\u00ean Navenda S\u00fbr\u00eeyey\u00ee ya Ragihandin\u00ea \u00fb Azad\u00eeya Derbir\u00een\u00ea bidaw\u00ee dibe\",\"datePublished\":\"2015-08-31T08:23:03+00:00\",\"dateModified\":\"2018-02-12T19:21:13+00:00\",\"mainEntityOfPage\":{\"@id\":\"https:\/\/mfu.scm.bz\/kmr\/pisti-se-sal-u-nivan-doza-girtiyen-navenda-suriyeyi-ya-ragihandine-u-azadiya-derbirine-bidawi-dibe\/\"},\"wordCount\":210,\"commentCount\":0,\"publisher\":{\"@id\":\"https:\/\/scm.bz\/#organization\"},\"image\":{\"@id\":\"https:\/\/mfu.scm.bz\/kmr\/pisti-se-sal-u-nivan-doza-girtiyen-navenda-suriyeyi-ya-ragihandine-u-azadiya-derbirine-bidawi-dibe\/#primaryimage\"},\"thumbnailUrl\":\"https:\/\/scm.bz\/wp-content\/uploads\/2017\/04\/scm_logo_S.png\",\"articleSection\":[\"2015\",\"Beyannamey\u00ean SCM\u00ea\"],\"inLanguage\":\"kmr\"},{\"@type\":\"WebPage\",\"@id\":\"https:\/\/mfu.scm.bz\/kmr\/pisti-se-sal-u-nivan-doza-girtiyen-navenda-suriyeyi-ya-ragihandine-u-azadiya-derbirine-bidawi-dibe\/\",\"url\":\"https:\/\/mfu.scm.bz\/kmr\/pisti-se-sal-u-nivan-doza-girtiyen-navenda-suriyeyi-ya-ragihandine-u-azadiya-derbirine-bidawi-dibe\/\",\"name\":\"Pi\u015ft\u00ee s\u00ea sal \u00fb n\u00eevan, doza girt\u00eey\u00ean Navenda S\u00fbr\u00eeyey\u00ee ya Ragihandin\u00ea \u00fb Azad\u00eeya Derbir\u00een\u00ea bidaw\u00ee dibe - \u0627\u0644\u0645\u0631\u0643\u0632 \u0627\u0644\u0633\u0648\u0631\u064a \u0644\u0644\u0625\u0639\u0644\u0627\u0645 \u0648\u062d\u0631\u064a\u0629 \u0627\u0644\u062a\u0639\u0628\u064a\u0631 Syrian Center for Media and Freedom of Expression\",\"isPartOf\":{\"@id\":\"https:\/\/scm.bz\/#website\"},\"primaryImageOfPage\":{\"@id\":\"https:\/\/mfu.scm.bz\/kmr\/pisti-se-sal-u-nivan-doza-girtiyen-navenda-suriyeyi-ya-ragihandine-u-azadiya-derbirine-bidawi-dibe\/#primaryimage\"},\"image\":{\"@id\":\"https:\/\/mfu.scm.bz\/kmr\/pisti-se-sal-u-nivan-doza-girtiyen-navenda-suriyeyi-ya-ragihandine-u-azadiya-derbirine-bidawi-dibe\/#primaryimage\"},\"thumbnailUrl\":\"https:\/\/scm.bz\/wp-content\/uploads\/2017\/04\/scm_logo_S.png\",\"datePublished\":\"2015-08-31T08:23:03+00:00\",\"dateModified\":\"2018-02-12T19:21:13+00:00\",\"description\":\"%\",\"breadcrumb\":{\"@id\":\"https:\/\/mfu.scm.bz\/kmr\/pisti-se-sal-u-nivan-doza-girtiyen-navenda-suriyeyi-ya-ragihandine-u-azadiya-derbirine-bidawi-dibe\/#breadcrumb\"},\"inLanguage\":\"kmr\",\"potentialAction\":[{\"@type\":\"ReadAction\",\"target\":[\"https:\/\/mfu.scm.bz\/kmr\/pisti-se-sal-u-nivan-doza-girtiyen-navenda-suriyeyi-ya-ragihandine-u-azadiya-derbirine-bidawi-dibe\/\"]}]},{\"@type\":\"ImageObject\",\"inLanguage\":\"kmr\",\"@id\":\"https:\/\/mfu.scm.bz\/kmr\/pisti-se-sal-u-nivan-doza-girtiyen-navenda-suriyeyi-ya-ragihandine-u-azadiya-derbirine-bidawi-dibe\/#primaryimage\",\"url\":\"https:\/\/scm.bz\/wp-content\/uploads\/2017\/04\/scm_logo_S.png\",\"contentUrl\":\"https:\/\/scm.bz\/wp-content\/uploads\/2017\/04\/scm_logo_S.png\",\"width\":700,\"height\":420},{\"@type\":\"BreadcrumbList\",\"@id\":\"https:\/\/mfu.scm.bz\/kmr\/pisti-se-sal-u-nivan-doza-girtiyen-navenda-suriyeyi-ya-ragihandine-u-azadiya-derbirine-bidawi-dibe\/#breadcrumb\",\"itemListElement\":[{\"@type\":\"ListItem\",\"position\":1,\"name\":\"Home\",\"item\":\"https:\/\/scm.bz\/kmr\/\"},{\"@type\":\"ListItem\",\"position\":2,\"name\":\"Pi\u015ft\u00ee s\u00ea sal \u00fb n\u00eevan, doza girt\u00eey\u00ean Navenda S\u00fbr\u00eeyey\u00ee ya Ragihandin\u00ea \u00fb Azad\u00eeya Derbir\u00een\u00ea bidaw\u00ee dibe\"}]},{\"@type\":\"WebSite\",\"@id\":\"https:\/\/scm.bz\/#website\",\"url\":\"https:\/\/scm.bz\/\",\"name\":\"\u0627\u0644\u0645\u0631\u0643\u0632 \u0627\u0644\u0633\u0648\u0631\u064a \u0644\u0644\u0625\u0639\u0644\u0627\u0645 \u0648\u062d\u0631\u064a\u0629 \u0627\u0644\u062a\u0639\u0628\u064a\u0631 Syrian Center for Media and Freedom of Expression\",\"description\":\"\",\"publisher\":{\"@id\":\"https:\/\/scm.bz\/#organization\"},\"potentialAction\":[{\"@type\":\"SearchAction\",\"target\":{\"@type\":\"EntryPoint\",\"urlTemplate\":\"https:\/\/scm.bz\/?s={search_term_string}\"},\"query-input\":{\"@type\":\"PropertyValueSpecification\",\"valueRequired\":true,\"valueName\":\"search_term_string\"}}],\"inLanguage\":\"kmr\"},{\"@type\":\"Organization\",\"@id\":\"https:\/\/scm.bz\/#organization\",\"name\":\"\u0627\u0644\u0645\u0631\u0643\u0632 \u0627\u0644\u0633\u0648\u0631\u064a \u0644\u0644\u0625\u0639\u0644\u0627\u0645 \u0648\u062d\u0631\u064a\u0629 \u0627\u0644\u062a\u0639\u0628\u064a\u0631 Syrian Center for Media and Freedom of Expression\",\"url\":\"https:\/\/scm.bz\/\",\"logo\":{\"@type\":\"ImageObject\",\"inLanguage\":\"kmr\",\"@id\":\"https:\/\/scm.bz\/#\/schema\/logo\/image\/\",\"url\":\"http:\/\/scm.bz\/wp-content\/uploads\/2021\/01\/SCM-logo-1-with-Clear-Space-1-2.png\",\"contentUrl\":\"http:\/\/scm.bz\/wp-content\/uploads\/2021\/01\/SCM-logo-1-with-Clear-Space-1-2.png\",\"width\":1450,\"height\":1450,\"caption\":\"\u0627\u0644\u0645\u0631\u0643\u0632 \u0627\u0644\u0633\u0648\u0631\u064a \u0644\u0644\u0625\u0639\u0644\u0627\u0645 \u0648\u062d\u0631\u064a\u0629 \u0627\u0644\u062a\u0639\u0628\u064a\u0631 Syrian Center for Media and Freedom of Expression\"},\"image\":{\"@id\":\"https:\/\/scm.bz\/#\/schema\/logo\/image\/\"},\"sameAs\":[\"https:\/\/www.facebook.com\/scm.center\",\"https:\/\/x.com\/SyrianCenter\"]},{\"@type\":\"Person\",\"@id\":\"https:\/\/scm.bz\/#\/schema\/person\/d116d4c43d9f3d4fe4b61619e91ead45\",\"name\":\"scmadmin\",\"image\":{\"@type\":\"ImageObject\",\"inLanguage\":\"kmr\",\"@id\":\"https:\/\/scm.bz\/#\/schema\/person\/image\/\",\"url\":\"https:\/\/secure.gravatar.com\/avatar\/8cb2b559549de2ba5e28f5d26e15c8f315b5dd63c953e348e6769ae2e88e3cdc?s=96&d=blank&r=g\",\"contentUrl\":\"https:\/\/secure.gravatar.com\/avatar\/8cb2b559549de2ba5e28f5d26e15c8f315b5dd63c953e348e6769ae2e88e3cdc?s=96&d=blank&r=g\",\"caption\":\"scmadmin\"},\"url\":\"https:\/\/scm.bz\/kmr\/author\/scmadmin\/\"}]}<\/script>\n<!-- \/ Yoast SEO Premium plugin. -->","yoast_head_json":{"title":"Pi\u015ft\u00ee s\u00ea sal \u00fb n\u00eevan, doza girt\u00eey\u00ean Navenda S\u00fbr\u00eeyey\u00ee ya Ragihandin\u00ea \u00fb Azad\u00eeya Derbir\u00een\u00ea bidaw\u00ee dibe - \u0627\u0644\u0645\u0631\u0643\u0632 \u0627\u0644\u0633\u0648\u0631\u064a \u0644\u0644\u0625\u0639\u0644\u0627\u0645 \u0648\u062d\u0631\u064a\u0629 \u0627\u0644\u062a\u0639\u0628\u064a\u0631 Syrian Center for Media and Freedom of Expression","description":"%","robots":{"index":"index","follow":"follow","max-snippet":"max-snippet:-1","max-image-preview":"max-image-preview:large","max-video-preview":"max-video-preview:-1"},"canonical":"https:\/\/mfu.scm.bz\/kmr\/pisti-se-sal-u-nivan-doza-girtiyen-navenda-suriyeyi-ya-ragihandine-u-azadiya-derbirine-bidawi-dibe\/","og_locale":"en_US","og_type":"article","og_title":"Pi\u015ft\u00ee s\u00ea sal \u00fb n\u00eevan, doza girt\u00eey\u00ean Navenda S\u00fbr\u00eeyey\u00ee ya Ragihandin\u00ea \u00fb Azad\u00eeya Derbir\u00een\u00ea bidaw\u00ee dibe","og_description":"%","og_url":"https:\/\/mfu.scm.bz\/kmr\/pisti-se-sal-u-nivan-doza-girtiyen-navenda-suriyeyi-ya-ragihandine-u-azadiya-derbirine-bidawi-dibe\/","og_site_name":"\u0627\u0644\u0645\u0631\u0643\u0632 \u0627\u0644\u0633\u0648\u0631\u064a \u0644\u0644\u0625\u0639\u0644\u0627\u0645 \u0648\u062d\u0631\u064a\u0629 \u0627\u0644\u062a\u0639\u0628\u064a\u0631 Syrian Center for Media and Freedom of Expression","article_publisher":"https:\/\/www.facebook.com\/scm.center","article_published_time":"2015-08-31T08:23:03+00:00","article_modified_time":"2018-02-12T19:21:13+00:00","og_image":[{"width":700,"height":420,"url":"https:\/\/mfu.scm.bz\/wp-content\/uploads\/2017\/04\/scm_logo_S.png","type":"image\/png"}],"author":"scmadmin","twitter_card":"summary_large_image","twitter_creator":"@SyrianCenter","twitter_site":"@SyrianCenter","twitter_misc":{"Written by":"scmadmin","Est. reading time":"1 minute"},"schema":{"@context":"https:\/\/schema.org","@graph":[{"@type":"Article","@id":"https:\/\/mfu.scm.bz\/kmr\/pisti-se-sal-u-nivan-doza-girtiyen-navenda-suriyeyi-ya-ragihandine-u-azadiya-derbirine-bidawi-dibe\/#article","isPartOf":{"@id":"https:\/\/mfu.scm.bz\/kmr\/pisti-se-sal-u-nivan-doza-girtiyen-navenda-suriyeyi-ya-ragihandine-u-azadiya-derbirine-bidawi-dibe\/"},"author":{"name":"scmadmin","@id":"https:\/\/scm.bz\/#\/schema\/person\/d116d4c43d9f3d4fe4b61619e91ead45"},"headline":"Pi\u015ft\u00ee s\u00ea sal \u00fb n\u00eevan, doza girt\u00eey\u00ean Navenda S\u00fbr\u00eeyey\u00ee ya Ragihandin\u00ea \u00fb Azad\u00eeya Derbir\u00een\u00ea bidaw\u00ee dibe","datePublished":"2015-08-31T08:23:03+00:00","dateModified":"2018-02-12T19:21:13+00:00","mainEntityOfPage":{"@id":"https:\/\/mfu.scm.bz\/kmr\/pisti-se-sal-u-nivan-doza-girtiyen-navenda-suriyeyi-ya-ragihandine-u-azadiya-derbirine-bidawi-dibe\/"},"wordCount":210,"commentCount":0,"publisher":{"@id":"https:\/\/scm.bz\/#organization"},"image":{"@id":"https:\/\/mfu.scm.bz\/kmr\/pisti-se-sal-u-nivan-doza-girtiyen-navenda-suriyeyi-ya-ragihandine-u-azadiya-derbirine-bidawi-dibe\/#primaryimage"},"thumbnailUrl":"https:\/\/scm.bz\/wp-content\/uploads\/2017\/04\/scm_logo_S.png","articleSection":["2015","Beyannamey\u00ean SCM\u00ea"],"inLanguage":"kmr"},{"@type":"WebPage","@id":"https:\/\/mfu.scm.bz\/kmr\/pisti-se-sal-u-nivan-doza-girtiyen-navenda-suriyeyi-ya-ragihandine-u-azadiya-derbirine-bidawi-dibe\/","url":"https:\/\/mfu.scm.bz\/kmr\/pisti-se-sal-u-nivan-doza-girtiyen-navenda-suriyeyi-ya-ragihandine-u-azadiya-derbirine-bidawi-dibe\/","name":"Pi\u015ft\u00ee s\u00ea sal \u00fb n\u00eevan, doza girt\u00eey\u00ean Navenda S\u00fbr\u00eeyey\u00ee ya Ragihandin\u00ea \u00fb Azad\u00eeya Derbir\u00een\u00ea bidaw\u00ee dibe - \u0627\u0644\u0645\u0631\u0643\u0632 \u0627\u0644\u0633\u0648\u0631\u064a \u0644\u0644\u0625\u0639\u0644\u0627\u0645 \u0648\u062d\u0631\u064a\u0629 \u0627\u0644\u062a\u0639\u0628\u064a\u0631 Syrian Center for Media and Freedom of Expression","isPartOf":{"@id":"https:\/\/scm.bz\/#website"},"primaryImageOfPage":{"@id":"https:\/\/mfu.scm.bz\/kmr\/pisti-se-sal-u-nivan-doza-girtiyen-navenda-suriyeyi-ya-ragihandine-u-azadiya-derbirine-bidawi-dibe\/#primaryimage"},"image":{"@id":"https:\/\/mfu.scm.bz\/kmr\/pisti-se-sal-u-nivan-doza-girtiyen-navenda-suriyeyi-ya-ragihandine-u-azadiya-derbirine-bidawi-dibe\/#primaryimage"},"thumbnailUrl":"https:\/\/scm.bz\/wp-content\/uploads\/2017\/04\/scm_logo_S.png","datePublished":"2015-08-31T08:23:03+00:00","dateModified":"2018-02-12T19:21:13+00:00","description":"%","breadcrumb":{"@id":"https:\/\/mfu.scm.bz\/kmr\/pisti-se-sal-u-nivan-doza-girtiyen-navenda-suriyeyi-ya-ragihandine-u-azadiya-derbirine-bidawi-dibe\/#breadcrumb"},"inLanguage":"kmr","potentialAction":[{"@type":"ReadAction","target":["https:\/\/mfu.scm.bz\/kmr\/pisti-se-sal-u-nivan-doza-girtiyen-navenda-suriyeyi-ya-ragihandine-u-azadiya-derbirine-bidawi-dibe\/"]}]},{"@type":"ImageObject","inLanguage":"kmr","@id":"https:\/\/mfu.scm.bz\/kmr\/pisti-se-sal-u-nivan-doza-girtiyen-navenda-suriyeyi-ya-ragihandine-u-azadiya-derbirine-bidawi-dibe\/#primaryimage","url":"https:\/\/scm.bz\/wp-content\/uploads\/2017\/04\/scm_logo_S.png","contentUrl":"https:\/\/scm.bz\/wp-content\/uploads\/2017\/04\/scm_logo_S.png","width":700,"height":420},{"@type":"BreadcrumbList","@id":"https:\/\/mfu.scm.bz\/kmr\/pisti-se-sal-u-nivan-doza-girtiyen-navenda-suriyeyi-ya-ragihandine-u-azadiya-derbirine-bidawi-dibe\/#breadcrumb","itemListElement":[{"@type":"ListItem","position":1,"name":"Home","item":"https:\/\/scm.bz\/kmr\/"},{"@type":"ListItem","position":2,"name":"Pi\u015ft\u00ee s\u00ea sal \u00fb n\u00eevan, doza girt\u00eey\u00ean Navenda S\u00fbr\u00eeyey\u00ee ya Ragihandin\u00ea \u00fb Azad\u00eeya Derbir\u00een\u00ea bidaw\u00ee dibe"}]},{"@type":"WebSite","@id":"https:\/\/scm.bz\/#website","url":"https:\/\/scm.bz\/","name":"\u0627\u0644\u0645\u0631\u0643\u0632 \u0627\u0644\u0633\u0648\u0631\u064a \u0644\u0644\u0625\u0639\u0644\u0627\u0645 \u0648\u062d\u0631\u064a\u0629 \u0627\u0644\u062a\u0639\u0628\u064a\u0631 Syrian Center for Media and Freedom of Expression","description":"","publisher":{"@id":"https:\/\/scm.bz\/#organization"},"potentialAction":[{"@type":"SearchAction","target":{"@type":"EntryPoint","urlTemplate":"https:\/\/scm.bz\/?s={search_term_string}"},"query-input":{"@type":"PropertyValueSpecification","valueRequired":true,"valueName":"search_term_string"}}],"inLanguage":"kmr"},{"@type":"Organization","@id":"https:\/\/scm.bz\/#organization","name":"\u0627\u0644\u0645\u0631\u0643\u0632 \u0627\u0644\u0633\u0648\u0631\u064a \u0644\u0644\u0625\u0639\u0644\u0627\u0645 \u0648\u062d\u0631\u064a\u0629 \u0627\u0644\u062a\u0639\u0628\u064a\u0631 Syrian Center for Media and Freedom of Expression","url":"https:\/\/scm.bz\/","logo":{"@type":"ImageObject","inLanguage":"kmr","@id":"https:\/\/scm.bz\/#\/schema\/logo\/image\/","url":"http:\/\/scm.bz\/wp-content\/uploads\/2021\/01\/SCM-logo-1-with-Clear-Space-1-2.png","contentUrl":"http:\/\/scm.bz\/wp-content\/uploads\/2021\/01\/SCM-logo-1-with-Clear-Space-1-2.png","width":1450,"height":1450,"caption":"\u0627\u0644\u0645\u0631\u0643\u0632 \u0627\u0644\u0633\u0648\u0631\u064a \u0644\u0644\u0625\u0639\u0644\u0627\u0645 \u0648\u062d\u0631\u064a\u0629 \u0627\u0644\u062a\u0639\u0628\u064a\u0631 Syrian Center for Media and Freedom of Expression"},"image":{"@id":"https:\/\/scm.bz\/#\/schema\/logo\/image\/"},"sameAs":["https:\/\/www.facebook.com\/scm.center","https:\/\/x.com\/SyrianCenter"]},{"@type":"Person","@id":"https:\/\/scm.bz\/#\/schema\/person\/d116d4c43d9f3d4fe4b61619e91ead45","name":"scmadmin","image":{"@type":"ImageObject","inLanguage":"kmr","@id":"https:\/\/scm.bz\/#\/schema\/person\/image\/","url":"https:\/\/secure.gravatar.com\/avatar\/8cb2b559549de2ba5e28f5d26e15c8f315b5dd63c953e348e6769ae2e88e3cdc?s=96&d=blank&r=g","contentUrl":"https:\/\/secure.gravatar.com\/avatar\/8cb2b559549de2ba5e28f5d26e15c8f315b5dd63c953e348e6769ae2e88e3cdc?s=96&d=blank&r=g","caption":"scmadmin"},"url":"https:\/\/scm.bz\/kmr\/author\/scmadmin\/"}]}},"_links":{"self":[{"href":"https:\/\/scm.bz\/kmr\/wp-json\/wp\/v2\/posts\/181278","targetHints":{"allow":["GET"]}}],"collection":[{"href":"https:\/\/scm.bz\/kmr\/wp-json\/wp\/v2\/posts"}],"about":[{"href":"https:\/\/scm.bz\/kmr\/wp-json\/wp\/v2\/types\/post"}],"author":[{"embeddable":true,"href":"https:\/\/scm.bz\/kmr\/wp-json\/wp\/v2\/users\/24"}],"replies":[{"embeddable":true,"href":"https:\/\/scm.bz\/kmr\/wp-json\/wp\/v2\/comments?post=181278"}],"version-history":[{"count":0,"href":"https:\/\/scm.bz\/kmr\/wp-json\/wp\/v2\/posts\/181278\/revisions"}],"wp:featuredmedia":[{"embeddable":true,"href":"https:\/\/scm.bz\/kmr\/wp-json\/wp\/v2\/media\/180684"}],"wp:attachment":[{"href":"https:\/\/scm.bz\/kmr\/wp-json\/wp\/v2\/media?parent=181278"}],"wp:term":[{"taxonomy":"category","embeddable":true,"href":"https:\/\/scm.bz\/kmr\/wp-json\/wp\/v2\/categories?post=181278"},{"taxonomy":"post_tag","embeddable":true,"href":"https:\/\/scm.bz\/kmr\/wp-json\/wp\/v2\/tags?post=181278"}],"curies":[{"name":"wp","href":"https:\/\/api.w.org\/{rel}","templated":true}]}}