{"id":181273,"date":"2016-02-05T21:50:27","date_gmt":"2016-02-05T19:50:27","guid":{"rendered":"https:\/\/scm.bz\/uncategorized-kmr\/nameya-ku-mazin-derwis-iroj-li-cineve-radesti-sandere-taybet-staffan-de-mistura-kir"},"modified":"2018-02-11T22:41:17","modified_gmt":"2018-02-11T20:41:17","slug":"nameya-ku-mazin-derwis-iroj-li-cineve-radesti-sandere-taybet-staffan-de-mistura-kir","status":"publish","type":"post","link":"https:\/\/scm.bz\/kmr\/nameya-ku-mazin-derwis-iroj-li-cineve-radesti-sandere-taybet-staffan-de-mistura-kir\/","title":{"rendered":"Nameya ku Mazin Derw\u00ee\u015f \u00eeroj li Cin\u00eav\u00ea Radest\u00ee \u015fander\u00ea Taybet Staffan De Mistura kir"},"content":{"rendered":"<p dir=\"ltr\"><img loading=\"lazy\" decoding=\"async\" class=\"size-full wp-image-174030 aligncenter\" src=\"https:\/\/scm.bz\/wp-content\/uploads\/2017\/07\/Demistora.jpg\" alt=\"\" width=\"870\" height=\"410\" srcset=\"https:\/\/scm.bz\/wp-content\/uploads\/2017\/07\/Demistora.jpg 870w, https:\/\/scm.bz\/wp-content\/uploads\/2017\/07\/Demistora-300x141.jpg 300w, https:\/\/scm.bz\/wp-content\/uploads\/2017\/07\/Demistora-150x71.jpg 150w, https:\/\/scm.bz\/wp-content\/uploads\/2017\/07\/Demistora-768x362.jpg 768w\" sizes=\"auto, (max-width: 870px) 100vw, 870px\" \/><\/p>\n<p dir=\"ltr\"><strong>\u015eander\u00ea NYy\u00ea y Taybet bo S\u00fbr\u00eeyey\u00ea y\u00ea R\u00eazdar; Staffan De Mistura<\/strong><\/p>\n<p dir=\"ltr\"><span style=\"font-weight: 400;\">Silav<\/span><\/p>\n<p dir=\"ltr\"><span style=\"font-weight: 400;\">Gelek\u00ee dudil b\u00fbm der bar\u00ea pejirandina vexwendina we ji ber ku weke welat\u00eeyek\u00ee S\u00fbr\u00eeyey\u00ea, ez ji ber t\u00eak\u00e7\u00fbna civaka navdewlet\u00ee di p\u00eakan\u00eena berpirsyar\u00eey\u00ean xwe y\u00ean sinc\u00ee \u00fb siyas\u00ee di 5 sal\u00ean b\u00fbr\u00ee de xapand\u00ee me, her weha ji be\u015fdar\u00eeya di d\u00eemenek\u00ea de ku ji ber\u00ea ve hatibe amadekirin \u00fb d\u00fbr\u00ee xewn\u00ean me ye weke welat\u00eey\u00ean S\u00fbr\u00eeyey\u00ee xwed\u00ee \u00a0mafek\u00ee rewa ne di j\u00eey\u00eena bir\u00fbmet, azad\u00ee \u00fb dadmend de, bitirs im. Ta ku hevalek\u00ee bi gazin\u00ee ji min re got (redkirina be\u015fdar\u00eey\u00ea di v\u00ea rew\u015fa ku welat\u00ea me t\u00ea de derbas dibe, ne ji maf\u00ea te ye).<\/span><\/p>\n<p dir=\"ltr\"><span style=\"font-weight: 400;\">Mamosta De Mistura, ti\u015ft\u00ea ku li S\u00fbr\u00eeyey\u00ea weke tevgereke a\u015ft\u00eeyane li gor p\u00eavan\u00ean demokras\u00eey\u00ea \u00fb maf\u00ean mirovan rab\u00fb, ji ber hov\u00eet\u00eeya desthilat\u00ean S\u00fbr\u00eeyey\u00ea ji al\u00eeyek\u00ee ve \u00fb veberan\u00een\u00ean siyas\u00ee y\u00ean al\u00eey\u00ean her\u00eam\u00ee \u00fb navdewlet\u00ee \u00fb kom\u00ean teror\u00ee ji al\u00eeyek\u00ee din ve, b\u00fb cengeke c\u00eehan\u00ee ku \u015fer\u00ea w\u00ea li welatek\u00ee ten\u00ea digere ew j\u00ee S\u00fbr\u00eeye ye, encam\u00ean w\u00ea j\u00ee li ser asta mirov\u00ee y\u00ean mezintir\u00een in ji \u00e7axa Cenga C\u00eehan\u00ee ya Duyem de \u00a0l\u00ea qurban\u00eey\u00ean v\u00ea ceng\u00ea gel\u00ea S\u00fbr\u00eeyey\u00ee bi ten\u00ea ye. Li himber v\u00ea rew\u015f\u00ea, tu \u00e7arey\u00ean alternative ji ya siyas\u00ee re tunene da ku ev canga ku ji bingeha xwe li ser zordet\u00ee \u00fb teror\u00ea ava b\u00fbye, raweste. L\u00ea \u00e7areser\u00eeya siyas\u00ee ya ku s\u00eestemeke serwer\u00eeya siv\u00eel \u00fb demokras\u00ee ya ku li ser pireng\u00ee, welat\u00een\u00ee \u00fb azad\u00eeya bawer\u00eeyan \u00fb derbir\u00een\u00ea ava neke, d\u00ea ten\u00ea dema ceng\u00ea dir\u00eaj bike \u00fb nakok\u00eeyan gurtir bike.<\/span><\/p>\n<p dir=\"ltr\"><span style=\"font-weight: 400;\">Mamoste De Mistura, bi melyonan welat\u00eey\u00ean S\u00fbr\u00eeyey\u00ea \u00e7aver\u00eay\u00ee encam\u00ean dan\u00fbstendin\u00ean Cin\u00eav\u00ea ne, ji ber ku h\u00eav\u00eeya wan di dan\u00fbstendinan de heye ku wan ji ceng, zordest\u00ee \u00fb teror\u00ea xilas bike her weha siberojeke ewle bo wan, zarok\u00ean wan \u00fb malbat\u00ean wan peyda bike, nexasim pi\u015ft\u00ee ku te di gotara xwe de got (nabe ev kongir t\u00eak bi\u00e7e).<\/span><\/p>\n<p dir=\"ltr\"><span style=\"font-weight: 400;\">Bo garant\u00eekirina serkeftina v\u00ee kongir\u00ee, divabe bingeh\u00ean \u00e7areserkirina komeke dosyay\u00ean mafnas\u00eey\u00ea demlidest werin dan\u00een her weha divabe hem\u00fb al\u00eey\u00ean dan\u00fbstenan bi tedb\u00eer\u00ean avakirin\u00ea bawer\u00eey\u00ea y\u00ean ki di nav biryar\u00ean netewey\u00ee de hatine behskirin pabend bin, nexasim biryara Encumena Ewlekar\u00eey\u00ea ya 2139 sala 2014an, biryara Encumena Ewlekar\u00eey\u00ea 2156 ya sala 2014an \u00fb biryara 2254 ya sala 2015an ku di van biryaran de gereke hin tedb\u00eer li gel garant\u00eekirina away\u00ean c\u00eebic\u00eekar\u00eey\u00ea werin p\u00eakan\u00een, bi taybet:<\/span><\/p>\n<ul dir=\"ltr\">\n<li style=\"font-weight: 400;\"><span style=\"font-weight: 400;\">Pabend\u00eeya hem\u00fb al\u00eey\u00ean \u015fer \u00fb y\u00ean dan\u00fbstendinan bi rawestandina demlidest ya \u00ear\u00ee\u015f\u00ean li dij\u00ee siv\u00eelan \u00fb binesaz\u00eeya siv\u00eelane, nexasim \u00ear\u00ee\u015f\u00ean li dij\u00ee nexwe\u015fxane, bazar \u00fb nanp\u00eajjgehan, her weha rawestana demlidest ya bikaran\u00eena \u00e7ekan bi awayek\u00ee ketober \u00a0li gel qedexeya bikaran\u00eena \u00e7\u00eak\u00ean qedexekir\u00ee m\u00eena bombey\u00ean enq\u00fbd\u00ee \u00fb \u00e7ek\u00ean k\u00eemaw\u00ee da ku di encam\u00ea de bigih\u00eajin ragihandineke gi\u015fgir ya agirbest\u00ea. <\/span><\/li>\n<li style=\"font-weight: 400;\"><span style=\"font-weight: 400;\">Pabend\u00eeya al\u00eey\u00ean dan\u00fbstendinan bi rawestandina hem\u00fb sizay\u00ean bidarvekirin\u00ea di dozen gir\u00eaday\u00ee b\u00fbyer\u00ean qewim\u00ee de \u00fb y\u00ean ku sizaya wan pi\u015ft\u00ee 2011an derketiye, bi taybet ew sizay\u00ean ku ji al\u00eey\u00ea Dadgeha Meydan\u00ea ya Le\u015fker\u00ee ya yekem \u00fb ya duyem, dadgeha dozen teror\u00ee li \u015eame \u00fb dadgeh\u00ean le\u015fker\u00ee \u00fb y\u00ean awarte bi hem\u00fb c\u00fbrey\u00ean xwe her weha hem\u00fb c\u00fbrey\u00ean dadgeh\u00ean \u015feri\u00ee \u00fb y\u00ean gir\u00eaday\u00ee gr\u00fbp\u00ean le\u015fker\u00ee, derketine.<\/span><\/li>\n<li style=\"font-weight: 400;\"><span style=\"font-weight: 400;\"> Hilan\u00eena dorp\u00ea\u00e7\u00ea ji ser hem\u00fb her\u00eam\u00ean dorp\u00ea\u00e7kir\u00ee \u00fb pabend\u00eeya al\u00eey\u00ean dan\u00fbstendinan bi taybet hik\u00fbmeta S\u00fbr\u00eeyey\u00ee bi rawestandina bikaran\u00eena bir\u00e7\u00eekirin\u00ea weke \u00e7ek, garant\u00eekirina derbasb\u00fbna hem\u00fb kerestey\u00ean xwarin\u00ea \u00fb y\u00ean pij\u00ee\u015fk\u00ee, peydakirina derman\u00ean p\u00eaw\u00eest bo hem\u00fb bir\u00eendar \u00fb nexwe\u015fan \u00fb garant\u00eekirina azad\u00eeya tevger\u00ea \u00fb saxlem\u00eey\u00ea bo hem\u00fb siv\u00eel\u00ean dorp\u00ea\u00e7kir\u00ee b\u00ea \u015fert \u00fb bend. Her weha berdana hem\u00fb girt\u00eey\u00ean keyf\u00ee, girt\u00eey\u00ean ner\u00eenan, jin, zarok \u00fb hem\u00fb kes\u00ean girt\u00ee \u00fb revand\u00ee li cem hem\u00fb al\u00eey\u00ean be\u015fdar di dan\u00fbstendinan de, bi sedema \u015fer.<\/span><\/li>\n<li style=\"font-weight: 400;\"><span style=\"font-weight: 400;\">Damezrandina Dezgeheke Netewey\u00ee S\u00fbr\u00eeyey\u00ee ku di ber dosyaya girt\u00eeyan de li S\u00fbr\u00eeyey\u00ea berpirs be ku gava ya p\u00ea\u015f\u00een vekirina navendin\u00ean girtin\u00ea y\u00ean ku Hik\u00fbmeta S\u00fbr\u00eeyey\u00ea \u00fb dezgeh\u00ean w\u00ea y\u00ean ewlekar\u00eey\u00ea wan bi r\u00ea ve dibe li gel y\u00ean gir\u00eaday\u00ee gr\u00fbp\u00ean Berevan\u00eeya Ni\u015ft\u00eeman\u00ee \u00fb Kom\u00eetey\u00ean Gel\u00ear\u00ee her weha girt\u00eegeh\u00ean gir\u00eaday\u00ee gir\u00fbp\u00ean opozisyon\u00ea y\u00ean le\u015fkeer\u00ee, li p\u00ea\u015f pi\u015fk\u00eener\u00ean navdewlet\u00ee \u00fb navxwey\u00ee her weha dezgeh\u00ean mafnas\u00ee \u00fb mirov\u00ee y\u00ean navxwey\u00ee \u00fb navdewlet\u00ee \u00fb r\u00eadana \u00e7avd\u00ear\u00ean girtin\u00ea y\u00ean navdewlet\u00ee \u00fb navxwey\u00ee bo giha\u015ftina hem\u00fb girt\u00eegeh\u00ean ferm\u00ee \u00fb ne ferm\u00ee. Ji al\u00eeyek\u00ee din ve pabend\u00eeya al\u00eey\u00ean \u015fer y\u00ean ku di dan\u00fbstendinan de be\u015fdar inbi radest\u00eekirina l\u00eesteyeke ferm\u00ee bi nav\u00ean hem\u00fb girt\u00eeyan bo Netewey\u00ean Yekb\u00fby\u00eey\u00ea li gel diyarkirina cih, dem \u00fb sedema girtina wan \u00fb tomet\u00ean ku hatine spartin bo wan.<\/span><\/li>\n<li style=\"font-weight: 400;\"><span style=\"font-weight: 400;\">Damezrandina dezgeheke ni\u015ft\u00eeman\u00ee di bin serpere\u015ft\u00eeya NYy\u00ea de ku di ber \u00e7aren\u00fbsa windayan, term\u00ean mirovan \u00fb gor\u00ean bi kom\u00ee de li S\u00fbr\u00eeyey\u00ea berpirs be. Divabe erkdarkirineke navdewlet\u00ee bo l\u00eapirs\u00eenan li gel v\u00ea dezgeh\u00ea hebe her weha karibe hem\u00fb belgey\u00ean ferm\u00ee bib\u00eene, hevd\u00eetin\u00ea li gel hem\u00fb berpirsyaran \u00e7\u00eabike her weha bikaran\u00eena hem\u00fb away\u00ean zanist\u00ee, tekn\u00eenk\u00ee an qan\u00fbn\u00ee bo naskirina terman \u00fb vegerandina wan. Her weha pabend\u00eeya al\u00eey\u00ean \u015fer y\u00ean be\u015fdar di dan\u00fbstendinan de bi radestkirina l\u00eesteyeke nav\u00ean kes\u00ean ku li gor hukm\u00ean qan\u00fbn\u00ee hatine bidarvekirin \u00fb nav\u00ean kes\u00ean ku di girt\u00eegehan \u00fb navend\u00ean girtin\u00ea de hatine girtin li gel n\u00ee\u015fandana devera ve\u015fartina wan.<\/span><\/li>\n<li style=\"font-weight: 400;\"><span style=\"font-weight: 400;\">Betalkirina hem\u00fb kaxez\u00ean girtin\u00ea \u00fb ferman\u00ean qedexekirina r\u00eaw\u00eeb\u00fbn\u00ea y\u00ean ku ji al\u00eey\u00ea dadgeha dozen teror\u00ea ji \u015eame \u00fb niv\u00eesgeha ewleh\u00eeya ni\u015ft\u00eeman\u00ee derketine \u00fb garant\u00eekirina azad\u00eeya kar\u00ea siyas\u00ee \u00fb siv\u00eel \u00ean a\u015ft\u00eeyane ji al\u00eey\u00ea hem\u00fb be\u015fdar\u00ean di dan\u00fbstendinan de. <\/span><\/li>\n<li style=\"font-weight: 400;\"><span style=\"font-weight: 400;\">Day\u00eena r\u00eadan \u00fb dest\u00fbr\u00ean kar \u00ean taybet bo r\u00eaxistin\u00ean siv\u00eel \u00ean S\u00fbr\u00eeyey\u00ee \u00fb navdewlet\u00ee di hundir\u00ea S\u00fbr\u00eeyey\u00ea de di bin serper\u015ft\u00eeya NYy\u00ea de her weha ragihandin\u00ea \u015eam\u00ea \u00fb hem\u00fb par\u00eazgeh \u00fb her\u00eam\u00ean di bin dest\u00ean al\u00eey\u00ean dan\u00fbstendinan de weke her\u00eamine (Kesk) ku ev al\u00ee d\u00ea bi peydakirina parastin \u00fb ewleh\u00eey\u00ea bo r\u00eaxistinan \u00fb karmend\u00ean wan her weha rojnamevan \u00fb dezgeh\u00ean ragihandin\u00ea y\u00ean S\u00fbr\u00eeyey\u00ee \u00fb c\u00eehan\u00ee pabend be.<\/span><\/li>\n<\/ul>\n<p dir=\"ltr\"><strong>Mazin Derw\u00ee\u015f<\/strong><\/p>\n<p dir=\"ltr\"><strong>Welat\u00eeyeke S\u00fbr\u00eeyey\u00ee<\/strong><\/p>\n<p dir=\"ltr\"><span style=\"font-weight: 400;\">Cin\u00eav: 5\/2\/2016<\/span><\/p>\n","protected":false},"excerpt":{"rendered":"<p>\u015eander\u00ea NYy\u00ea y Taybet bo S\u00fbr\u00eeyey\u00ea y\u00ea R\u00eazdar; Staffan De Mistura Silav Gelek\u00ee dudil b\u00fbm der bar\u00ea pejirandina vexwendina we ji ber ku weke welat\u00eeyek\u00ee S\u00fbr\u00eeyey\u00ea, ez ji ber t\u00eak\u00e7\u00fbna civaka navdewlet\u00ee di p\u00eakan\u00eena berpirsyar\u00eey\u00ean xwe y\u00ean sinc\u00ee \u00fb siyas\u00ee di 5 sal\u00ean b\u00fbr\u00ee de xapand\u00ee me, her weha ji be\u015fdar\u00eeya di d\u00eemenek\u00ea de ku [&hellip;]<\/p>\n","protected":false},"author":24,"featured_media":181274,"comment_status":"open","ping_status":"open","sticky":false,"template":"","format":"standard","meta":{"_acf_changed":false,"footnotes":""},"categories":[358,328],"tags":[],"class_list":["post-181273","post","type-post","status-publish","format-standard","has-post-thumbnail","hentry","category-2016ku","category-statements-kmr","post-wrapper"],"acf":[],"yoast_head":"<!-- This site is optimized with the Yoast SEO Premium plugin v20.6 (Yoast SEO v26.5) - https:\/\/yoast.com\/wordpress\/plugins\/seo\/ -->\n<title>Nameya ku Mazin Derw\u00ee\u015f \u00eeroj li Cin\u00eav\u00ea Radest\u00ee \u015fander\u00ea Taybet Staffan De Mistura kir - \u0627\u0644\u0645\u0631\u0643\u0632 \u0627\u0644\u0633\u0648\u0631\u064a \u0644\u0644\u0625\u0639\u0644\u0627\u0645 \u0648\u062d\u0631\u064a\u0629 \u0627\u0644\u062a\u0639\u0628\u064a\u0631 Syrian Center for Media and Freedom of Expression<\/title>\n<meta name=\"description\" content=\"%\" \/>\n<meta name=\"robots\" content=\"index, follow, max-snippet:-1, max-image-preview:large, max-video-preview:-1\" \/>\n<link rel=\"canonical\" href=\"https:\/\/scm.bz\/kmr\/nameya-ku-mazin-derwis-iroj-li-cineve-radesti-sandere-taybet-staffan-de-mistura-kir\/\" \/>\n<meta property=\"og:locale\" content=\"en_US\" \/>\n<meta property=\"og:type\" content=\"article\" \/>\n<meta property=\"og:title\" content=\"Nameya ku Mazin Derw\u00ee\u015f \u00eeroj li Cin\u00eav\u00ea Radest\u00ee \u015fander\u00ea Taybet Staffan De Mistura kir\" \/>\n<meta property=\"og:description\" content=\"%\" \/>\n<meta property=\"og:url\" content=\"https:\/\/scm.bz\/kmr\/nameya-ku-mazin-derwis-iroj-li-cineve-radesti-sandere-taybet-staffan-de-mistura-kir\/\" \/>\n<meta property=\"og:site_name\" content=\"\u0627\u0644\u0645\u0631\u0643\u0632 \u0627\u0644\u0633\u0648\u0631\u064a \u0644\u0644\u0625\u0639\u0644\u0627\u0645 \u0648\u062d\u0631\u064a\u0629 \u0627\u0644\u062a\u0639\u0628\u064a\u0631 Syrian Center for Media and Freedom of Expression\" \/>\n<meta property=\"article:publisher\" content=\"https:\/\/www.facebook.com\/scm.center\" \/>\n<meta property=\"article:published_time\" content=\"2016-02-05T19:50:27+00:00\" \/>\n<meta property=\"article:modified_time\" content=\"2018-02-11T20:41:17+00:00\" \/>\n<meta property=\"og:image\" content=\"http:\/\/scm.bz\/wp-content\/uploads\/2017\/07\/Demistora.jpg\" \/>\n\t<meta property=\"og:image:width\" content=\"870\" \/>\n\t<meta property=\"og:image:height\" content=\"410\" \/>\n\t<meta property=\"og:image:type\" content=\"image\/jpeg\" \/>\n<meta name=\"author\" content=\"scmadmin\" \/>\n<meta name=\"twitter:card\" content=\"summary_large_image\" \/>\n<meta name=\"twitter:creator\" content=\"@SyrianCenter\" \/>\n<meta name=\"twitter:site\" content=\"@SyrianCenter\" \/>\n<meta name=\"twitter:label1\" content=\"Written by\" \/>\n\t<meta name=\"twitter:data1\" content=\"scmadmin\" \/>\n\t<meta name=\"twitter:label2\" content=\"Est. reading time\" \/>\n\t<meta name=\"twitter:data2\" content=\"6 minutes\" \/>\n<script type=\"application\/ld+json\" class=\"yoast-schema-graph\">{\"@context\":\"https:\/\/schema.org\",\"@graph\":[{\"@type\":\"Article\",\"@id\":\"https:\/\/scm.bz\/kmr\/nameya-ku-mazin-derwis-iroj-li-cineve-radesti-sandere-taybet-staffan-de-mistura-kir\/#article\",\"isPartOf\":{\"@id\":\"https:\/\/scm.bz\/kmr\/nameya-ku-mazin-derwis-iroj-li-cineve-radesti-sandere-taybet-staffan-de-mistura-kir\/\"},\"author\":{\"name\":\"scmadmin\",\"@id\":\"https:\/\/scm.bz\/#\/schema\/person\/d116d4c43d9f3d4fe4b61619e91ead45\"},\"headline\":\"Nameya ku Mazin Derw\u00ee\u015f \u00eeroj li Cin\u00eav\u00ea Radest\u00ee \u015fander\u00ea Taybet Staffan De Mistura kir\",\"datePublished\":\"2016-02-05T19:50:27+00:00\",\"dateModified\":\"2018-02-11T20:41:17+00:00\",\"mainEntityOfPage\":{\"@id\":\"https:\/\/scm.bz\/kmr\/nameya-ku-mazin-derwis-iroj-li-cineve-radesti-sandere-taybet-staffan-de-mistura-kir\/\"},\"wordCount\":1220,\"commentCount\":0,\"publisher\":{\"@id\":\"https:\/\/scm.bz\/#organization\"},\"image\":{\"@id\":\"https:\/\/scm.bz\/kmr\/nameya-ku-mazin-derwis-iroj-li-cineve-radesti-sandere-taybet-staffan-de-mistura-kir\/#primaryimage\"},\"thumbnailUrl\":\"https:\/\/scm.bz\/wp-content\/uploads\/2017\/07\/Demistora.jpg\",\"articleSection\":[\"2016\",\"Beyannamey\u00ean SCM\u00ea\"],\"inLanguage\":\"kmr\"},{\"@type\":\"WebPage\",\"@id\":\"https:\/\/scm.bz\/kmr\/nameya-ku-mazin-derwis-iroj-li-cineve-radesti-sandere-taybet-staffan-de-mistura-kir\/\",\"url\":\"https:\/\/scm.bz\/kmr\/nameya-ku-mazin-derwis-iroj-li-cineve-radesti-sandere-taybet-staffan-de-mistura-kir\/\",\"name\":\"Nameya ku Mazin Derw\u00ee\u015f \u00eeroj li Cin\u00eav\u00ea Radest\u00ee \u015fander\u00ea Taybet Staffan De Mistura kir - \u0627\u0644\u0645\u0631\u0643\u0632 \u0627\u0644\u0633\u0648\u0631\u064a \u0644\u0644\u0625\u0639\u0644\u0627\u0645 \u0648\u062d\u0631\u064a\u0629 \u0627\u0644\u062a\u0639\u0628\u064a\u0631 Syrian Center for Media and Freedom of Expression\",\"isPartOf\":{\"@id\":\"https:\/\/scm.bz\/#website\"},\"primaryImageOfPage\":{\"@id\":\"https:\/\/scm.bz\/kmr\/nameya-ku-mazin-derwis-iroj-li-cineve-radesti-sandere-taybet-staffan-de-mistura-kir\/#primaryimage\"},\"image\":{\"@id\":\"https:\/\/scm.bz\/kmr\/nameya-ku-mazin-derwis-iroj-li-cineve-radesti-sandere-taybet-staffan-de-mistura-kir\/#primaryimage\"},\"thumbnailUrl\":\"https:\/\/scm.bz\/wp-content\/uploads\/2017\/07\/Demistora.jpg\",\"datePublished\":\"2016-02-05T19:50:27+00:00\",\"dateModified\":\"2018-02-11T20:41:17+00:00\",\"description\":\"%\",\"breadcrumb\":{\"@id\":\"https:\/\/scm.bz\/kmr\/nameya-ku-mazin-derwis-iroj-li-cineve-radesti-sandere-taybet-staffan-de-mistura-kir\/#breadcrumb\"},\"inLanguage\":\"kmr\",\"potentialAction\":[{\"@type\":\"ReadAction\",\"target\":[\"https:\/\/scm.bz\/kmr\/nameya-ku-mazin-derwis-iroj-li-cineve-radesti-sandere-taybet-staffan-de-mistura-kir\/\"]}]},{\"@type\":\"ImageObject\",\"inLanguage\":\"kmr\",\"@id\":\"https:\/\/scm.bz\/kmr\/nameya-ku-mazin-derwis-iroj-li-cineve-radesti-sandere-taybet-staffan-de-mistura-kir\/#primaryimage\",\"url\":\"https:\/\/scm.bz\/wp-content\/uploads\/2017\/07\/Demistora.jpg\",\"contentUrl\":\"https:\/\/scm.bz\/wp-content\/uploads\/2017\/07\/Demistora.jpg\",\"width\":870,\"height\":410},{\"@type\":\"BreadcrumbList\",\"@id\":\"https:\/\/scm.bz\/kmr\/nameya-ku-mazin-derwis-iroj-li-cineve-radesti-sandere-taybet-staffan-de-mistura-kir\/#breadcrumb\",\"itemListElement\":[{\"@type\":\"ListItem\",\"position\":1,\"name\":\"Home\",\"item\":\"https:\/\/scm.bz\/kmr\/\"},{\"@type\":\"ListItem\",\"position\":2,\"name\":\"Nameya ku Mazin Derw\u00ee\u015f \u00eeroj li Cin\u00eav\u00ea Radest\u00ee \u015fander\u00ea Taybet Staffan De Mistura kir\"}]},{\"@type\":\"WebSite\",\"@id\":\"https:\/\/scm.bz\/#website\",\"url\":\"https:\/\/scm.bz\/\",\"name\":\"\u0627\u0644\u0645\u0631\u0643\u0632 \u0627\u0644\u0633\u0648\u0631\u064a \u0644\u0644\u0625\u0639\u0644\u0627\u0645 \u0648\u062d\u0631\u064a\u0629 \u0627\u0644\u062a\u0639\u0628\u064a\u0631 Syrian Center for Media and Freedom of Expression\",\"description\":\"\",\"publisher\":{\"@id\":\"https:\/\/scm.bz\/#organization\"},\"potentialAction\":[{\"@type\":\"SearchAction\",\"target\":{\"@type\":\"EntryPoint\",\"urlTemplate\":\"https:\/\/scm.bz\/?s={search_term_string}\"},\"query-input\":{\"@type\":\"PropertyValueSpecification\",\"valueRequired\":true,\"valueName\":\"search_term_string\"}}],\"inLanguage\":\"kmr\"},{\"@type\":\"Organization\",\"@id\":\"https:\/\/scm.bz\/#organization\",\"name\":\"\u0627\u0644\u0645\u0631\u0643\u0632 \u0627\u0644\u0633\u0648\u0631\u064a \u0644\u0644\u0625\u0639\u0644\u0627\u0645 \u0648\u062d\u0631\u064a\u0629 \u0627\u0644\u062a\u0639\u0628\u064a\u0631 Syrian Center for Media and Freedom of Expression\",\"url\":\"https:\/\/scm.bz\/\",\"logo\":{\"@type\":\"ImageObject\",\"inLanguage\":\"kmr\",\"@id\":\"https:\/\/scm.bz\/#\/schema\/logo\/image\/\",\"url\":\"http:\/\/scm.bz\/wp-content\/uploads\/2021\/01\/SCM-logo-1-with-Clear-Space-1-2.png\",\"contentUrl\":\"http:\/\/scm.bz\/wp-content\/uploads\/2021\/01\/SCM-logo-1-with-Clear-Space-1-2.png\",\"width\":1450,\"height\":1450,\"caption\":\"\u0627\u0644\u0645\u0631\u0643\u0632 \u0627\u0644\u0633\u0648\u0631\u064a \u0644\u0644\u0625\u0639\u0644\u0627\u0645 \u0648\u062d\u0631\u064a\u0629 \u0627\u0644\u062a\u0639\u0628\u064a\u0631 Syrian Center for Media and Freedom of Expression\"},\"image\":{\"@id\":\"https:\/\/scm.bz\/#\/schema\/logo\/image\/\"},\"sameAs\":[\"https:\/\/www.facebook.com\/scm.center\",\"https:\/\/x.com\/SyrianCenter\"]},{\"@type\":\"Person\",\"@id\":\"https:\/\/scm.bz\/#\/schema\/person\/d116d4c43d9f3d4fe4b61619e91ead45\",\"name\":\"scmadmin\",\"image\":{\"@type\":\"ImageObject\",\"inLanguage\":\"kmr\",\"@id\":\"https:\/\/scm.bz\/#\/schema\/person\/image\/\",\"url\":\"https:\/\/secure.gravatar.com\/avatar\/8cb2b559549de2ba5e28f5d26e15c8f315b5dd63c953e348e6769ae2e88e3cdc?s=96&d=blank&r=g\",\"contentUrl\":\"https:\/\/secure.gravatar.com\/avatar\/8cb2b559549de2ba5e28f5d26e15c8f315b5dd63c953e348e6769ae2e88e3cdc?s=96&d=blank&r=g\",\"caption\":\"scmadmin\"},\"url\":\"https:\/\/scm.bz\/kmr\/author\/scmadmin\/\"}]}<\/script>\n<!-- \/ Yoast SEO Premium plugin. -->","yoast_head_json":{"title":"Nameya ku Mazin Derw\u00ee\u015f \u00eeroj li Cin\u00eav\u00ea Radest\u00ee \u015fander\u00ea Taybet Staffan De Mistura kir - \u0627\u0644\u0645\u0631\u0643\u0632 \u0627\u0644\u0633\u0648\u0631\u064a \u0644\u0644\u0625\u0639\u0644\u0627\u0645 \u0648\u062d\u0631\u064a\u0629 \u0627\u0644\u062a\u0639\u0628\u064a\u0631 Syrian Center for Media and Freedom of Expression","description":"%","robots":{"index":"index","follow":"follow","max-snippet":"max-snippet:-1","max-image-preview":"max-image-preview:large","max-video-preview":"max-video-preview:-1"},"canonical":"https:\/\/scm.bz\/kmr\/nameya-ku-mazin-derwis-iroj-li-cineve-radesti-sandere-taybet-staffan-de-mistura-kir\/","og_locale":"en_US","og_type":"article","og_title":"Nameya ku Mazin Derw\u00ee\u015f \u00eeroj li Cin\u00eav\u00ea Radest\u00ee \u015fander\u00ea Taybet Staffan De Mistura kir","og_description":"%","og_url":"https:\/\/scm.bz\/kmr\/nameya-ku-mazin-derwis-iroj-li-cineve-radesti-sandere-taybet-staffan-de-mistura-kir\/","og_site_name":"\u0627\u0644\u0645\u0631\u0643\u0632 \u0627\u0644\u0633\u0648\u0631\u064a \u0644\u0644\u0625\u0639\u0644\u0627\u0645 \u0648\u062d\u0631\u064a\u0629 \u0627\u0644\u062a\u0639\u0628\u064a\u0631 Syrian Center for Media and Freedom of Expression","article_publisher":"https:\/\/www.facebook.com\/scm.center","article_published_time":"2016-02-05T19:50:27+00:00","article_modified_time":"2018-02-11T20:41:17+00:00","og_image":[{"width":870,"height":410,"url":"http:\/\/scm.bz\/wp-content\/uploads\/2017\/07\/Demistora.jpg","type":"image\/jpeg"}],"author":"scmadmin","twitter_card":"summary_large_image","twitter_creator":"@SyrianCenter","twitter_site":"@SyrianCenter","twitter_misc":{"Written by":"scmadmin","Est. reading time":"6 minutes"},"schema":{"@context":"https:\/\/schema.org","@graph":[{"@type":"Article","@id":"https:\/\/scm.bz\/kmr\/nameya-ku-mazin-derwis-iroj-li-cineve-radesti-sandere-taybet-staffan-de-mistura-kir\/#article","isPartOf":{"@id":"https:\/\/scm.bz\/kmr\/nameya-ku-mazin-derwis-iroj-li-cineve-radesti-sandere-taybet-staffan-de-mistura-kir\/"},"author":{"name":"scmadmin","@id":"https:\/\/scm.bz\/#\/schema\/person\/d116d4c43d9f3d4fe4b61619e91ead45"},"headline":"Nameya ku Mazin Derw\u00ee\u015f \u00eeroj li Cin\u00eav\u00ea Radest\u00ee \u015fander\u00ea Taybet Staffan De Mistura kir","datePublished":"2016-02-05T19:50:27+00:00","dateModified":"2018-02-11T20:41:17+00:00","mainEntityOfPage":{"@id":"https:\/\/scm.bz\/kmr\/nameya-ku-mazin-derwis-iroj-li-cineve-radesti-sandere-taybet-staffan-de-mistura-kir\/"},"wordCount":1220,"commentCount":0,"publisher":{"@id":"https:\/\/scm.bz\/#organization"},"image":{"@id":"https:\/\/scm.bz\/kmr\/nameya-ku-mazin-derwis-iroj-li-cineve-radesti-sandere-taybet-staffan-de-mistura-kir\/#primaryimage"},"thumbnailUrl":"https:\/\/scm.bz\/wp-content\/uploads\/2017\/07\/Demistora.jpg","articleSection":["2016","Beyannamey\u00ean SCM\u00ea"],"inLanguage":"kmr"},{"@type":"WebPage","@id":"https:\/\/scm.bz\/kmr\/nameya-ku-mazin-derwis-iroj-li-cineve-radesti-sandere-taybet-staffan-de-mistura-kir\/","url":"https:\/\/scm.bz\/kmr\/nameya-ku-mazin-derwis-iroj-li-cineve-radesti-sandere-taybet-staffan-de-mistura-kir\/","name":"Nameya ku Mazin Derw\u00ee\u015f \u00eeroj li Cin\u00eav\u00ea Radest\u00ee \u015fander\u00ea Taybet Staffan De Mistura kir - \u0627\u0644\u0645\u0631\u0643\u0632 \u0627\u0644\u0633\u0648\u0631\u064a \u0644\u0644\u0625\u0639\u0644\u0627\u0645 \u0648\u062d\u0631\u064a\u0629 \u0627\u0644\u062a\u0639\u0628\u064a\u0631 Syrian Center for Media and Freedom of Expression","isPartOf":{"@id":"https:\/\/scm.bz\/#website"},"primaryImageOfPage":{"@id":"https:\/\/scm.bz\/kmr\/nameya-ku-mazin-derwis-iroj-li-cineve-radesti-sandere-taybet-staffan-de-mistura-kir\/#primaryimage"},"image":{"@id":"https:\/\/scm.bz\/kmr\/nameya-ku-mazin-derwis-iroj-li-cineve-radesti-sandere-taybet-staffan-de-mistura-kir\/#primaryimage"},"thumbnailUrl":"https:\/\/scm.bz\/wp-content\/uploads\/2017\/07\/Demistora.jpg","datePublished":"2016-02-05T19:50:27+00:00","dateModified":"2018-02-11T20:41:17+00:00","description":"%","breadcrumb":{"@id":"https:\/\/scm.bz\/kmr\/nameya-ku-mazin-derwis-iroj-li-cineve-radesti-sandere-taybet-staffan-de-mistura-kir\/#breadcrumb"},"inLanguage":"kmr","potentialAction":[{"@type":"ReadAction","target":["https:\/\/scm.bz\/kmr\/nameya-ku-mazin-derwis-iroj-li-cineve-radesti-sandere-taybet-staffan-de-mistura-kir\/"]}]},{"@type":"ImageObject","inLanguage":"kmr","@id":"https:\/\/scm.bz\/kmr\/nameya-ku-mazin-derwis-iroj-li-cineve-radesti-sandere-taybet-staffan-de-mistura-kir\/#primaryimage","url":"https:\/\/scm.bz\/wp-content\/uploads\/2017\/07\/Demistora.jpg","contentUrl":"https:\/\/scm.bz\/wp-content\/uploads\/2017\/07\/Demistora.jpg","width":870,"height":410},{"@type":"BreadcrumbList","@id":"https:\/\/scm.bz\/kmr\/nameya-ku-mazin-derwis-iroj-li-cineve-radesti-sandere-taybet-staffan-de-mistura-kir\/#breadcrumb","itemListElement":[{"@type":"ListItem","position":1,"name":"Home","item":"https:\/\/scm.bz\/kmr\/"},{"@type":"ListItem","position":2,"name":"Nameya ku Mazin Derw\u00ee\u015f \u00eeroj li Cin\u00eav\u00ea Radest\u00ee \u015fander\u00ea Taybet Staffan De Mistura kir"}]},{"@type":"WebSite","@id":"https:\/\/scm.bz\/#website","url":"https:\/\/scm.bz\/","name":"\u0627\u0644\u0645\u0631\u0643\u0632 \u0627\u0644\u0633\u0648\u0631\u064a \u0644\u0644\u0625\u0639\u0644\u0627\u0645 \u0648\u062d\u0631\u064a\u0629 \u0627\u0644\u062a\u0639\u0628\u064a\u0631 Syrian Center for Media and Freedom of Expression","description":"","publisher":{"@id":"https:\/\/scm.bz\/#organization"},"potentialAction":[{"@type":"SearchAction","target":{"@type":"EntryPoint","urlTemplate":"https:\/\/scm.bz\/?s={search_term_string}"},"query-input":{"@type":"PropertyValueSpecification","valueRequired":true,"valueName":"search_term_string"}}],"inLanguage":"kmr"},{"@type":"Organization","@id":"https:\/\/scm.bz\/#organization","name":"\u0627\u0644\u0645\u0631\u0643\u0632 \u0627\u0644\u0633\u0648\u0631\u064a \u0644\u0644\u0625\u0639\u0644\u0627\u0645 \u0648\u062d\u0631\u064a\u0629 \u0627\u0644\u062a\u0639\u0628\u064a\u0631 Syrian Center for Media and Freedom of Expression","url":"https:\/\/scm.bz\/","logo":{"@type":"ImageObject","inLanguage":"kmr","@id":"https:\/\/scm.bz\/#\/schema\/logo\/image\/","url":"http:\/\/scm.bz\/wp-content\/uploads\/2021\/01\/SCM-logo-1-with-Clear-Space-1-2.png","contentUrl":"http:\/\/scm.bz\/wp-content\/uploads\/2021\/01\/SCM-logo-1-with-Clear-Space-1-2.png","width":1450,"height":1450,"caption":"\u0627\u0644\u0645\u0631\u0643\u0632 \u0627\u0644\u0633\u0648\u0631\u064a \u0644\u0644\u0625\u0639\u0644\u0627\u0645 \u0648\u062d\u0631\u064a\u0629 \u0627\u0644\u062a\u0639\u0628\u064a\u0631 Syrian Center for Media and Freedom of Expression"},"image":{"@id":"https:\/\/scm.bz\/#\/schema\/logo\/image\/"},"sameAs":["https:\/\/www.facebook.com\/scm.center","https:\/\/x.com\/SyrianCenter"]},{"@type":"Person","@id":"https:\/\/scm.bz\/#\/schema\/person\/d116d4c43d9f3d4fe4b61619e91ead45","name":"scmadmin","image":{"@type":"ImageObject","inLanguage":"kmr","@id":"https:\/\/scm.bz\/#\/schema\/person\/image\/","url":"https:\/\/secure.gravatar.com\/avatar\/8cb2b559549de2ba5e28f5d26e15c8f315b5dd63c953e348e6769ae2e88e3cdc?s=96&d=blank&r=g","contentUrl":"https:\/\/secure.gravatar.com\/avatar\/8cb2b559549de2ba5e28f5d26e15c8f315b5dd63c953e348e6769ae2e88e3cdc?s=96&d=blank&r=g","caption":"scmadmin"},"url":"https:\/\/scm.bz\/kmr\/author\/scmadmin\/"}]}},"_links":{"self":[{"href":"https:\/\/scm.bz\/kmr\/wp-json\/wp\/v2\/posts\/181273","targetHints":{"allow":["GET"]}}],"collection":[{"href":"https:\/\/scm.bz\/kmr\/wp-json\/wp\/v2\/posts"}],"about":[{"href":"https:\/\/scm.bz\/kmr\/wp-json\/wp\/v2\/types\/post"}],"author":[{"embeddable":true,"href":"https:\/\/scm.bz\/kmr\/wp-json\/wp\/v2\/users\/24"}],"replies":[{"embeddable":true,"href":"https:\/\/scm.bz\/kmr\/wp-json\/wp\/v2\/comments?post=181273"}],"version-history":[{"count":0,"href":"https:\/\/scm.bz\/kmr\/wp-json\/wp\/v2\/posts\/181273\/revisions"}],"wp:featuredmedia":[{"embeddable":true,"href":"https:\/\/scm.bz\/kmr\/wp-json\/wp\/v2\/media\/181274"}],"wp:attachment":[{"href":"https:\/\/scm.bz\/kmr\/wp-json\/wp\/v2\/media?parent=181273"}],"wp:term":[{"taxonomy":"category","embeddable":true,"href":"https:\/\/scm.bz\/kmr\/wp-json\/wp\/v2\/categories?post=181273"},{"taxonomy":"post_tag","embeddable":true,"href":"https:\/\/scm.bz\/kmr\/wp-json\/wp\/v2\/tags?post=181273"}],"curies":[{"name":"wp","href":"https:\/\/api.w.org\/{rel}","templated":true}]}}