{"id":181184,"date":"2017-03-23T23:13:36","date_gmt":"2017-03-23T21:13:36","guid":{"rendered":"https:\/\/scm.bz\/uncategorized-kmr\/ragihandinek-der-bare-prensipen-taybet-en-besdariya-dezgehen-ragihandine-di-pistgiriya-astiye-hevtegihastina-navdewleti-bihezkirina-mafen-mirovan-dijatiya-nijadperestiye-cudakirina-nijadi-u"},"modified":"2018-02-12T21:26:54","modified_gmt":"2018-02-12T19:26:54","slug":"ragihandinek-der-bare-prensipen-taybet-en-besdariya-dezgehen-ragihandine-di-pistgiriya-astiye-hevtegihastina-navdewleti-bihezkirina-mafen-mirovan-dijatiya-nijadperestiye-cudakirina-nijadi-u","status":"publish","type":"post","link":"https:\/\/scm.bz\/kmr\/ragihandinek-der-bare-prensipen-taybet-en-besdariya-dezgehen-ragihandine-di-pistgiriya-astiye-hevtegihastina-navdewleti-bihezkirina-mafen-mirovan-dijatiya-nijadperestiye-cudakirina-nijadi-u\/","title":{"rendered":"Ragihandinek der bar\u00ea prens\u00eep\u00ean taybet \u00ean be\u015fdar\u00eeya dezgeh\u00ean ragihandin\u00ea di pi\u015ftgir\u00eeya a\u015ft\u00eey\u00ea, hevt\u00eagiha\u015ftina navdewlet\u00ee, \u00a0bih\u00eazkirina maf\u00ean mirovan, dijat\u00eeya nijadperest\u00eey\u00ea, cudakirina nijad\u00ee \u00fb arandina li ser ceng\u00ea de"},"content":{"rendered":"<p dir=\"ltr\"><em><strong>Ji al\u00eey\u00ea Kongir\u00ea gi\u015ft\u00ee y\u00ea R\u00eaxistina Perwerde, Zanist \u00fb \u00e7and\u00ea ya Netew\u00ean Yekb\u00fby\u00ee di gera xwe ya b\u00eestan de, di roja 28\u00ea mijdara 1978an de hatiye derxistin.<\/strong><\/em><\/p>\n<p dir=\"ltr\">\n<p dir=\"ltr\"><strong><u>D<\/u><\/strong><strong><u>\u00eeba\u00e7e<\/u><\/strong><\/p>\n<p dir=\"ltr\">Kongir\u00ea gi\u015ft\u00ee bib\u00eer t\u00eene ku UNISCO li gor belgenameya xwe ya damezrandin\u00ea &#8220;be\u015fdar\u00eeya di parastina a\u015ft\u00eey\u00ea \u00fb ewleh\u00eey\u00ea de, \u00fb kar\u00ea li ser belgekirina hevkar\u00eeya di nav neteweyan de bi r\u00eaya perwerde, f\u00earkirin \u00fb \u00e7and\u00ea da ku hem\u00fb kes r\u00eazdar\u00eey\u00ea ji dadmend\u00ee, qan\u00fbn \u00fb maf\u00ean mirovan \u00fb azad\u00eey\u00ean sereke re bigirin&#8221; (be\u015f\u00ea 1em ji madeya 1\u00ea) armanc dike, \u00fb ji bo v\u00ea daxwaz\u00ea, r\u00eaxistin d\u00ea &#8220;azad\u00eeya gihandina bo hiziran bi r\u00eaya gotin \u00fb w\u00eaney\u00ean h\u00easan bike&#8221; (be\u015f\u00ea 2yem ji madeya 1\u00ea)<\/p>\n<p dir=\"ltr\">Her weha bib\u00eer t\u00eene ku belgenameya damezrandin\u00ea dib\u00eaje ku divabe welat\u00ean endam\u00ean UNISCOy\u00ea &#8220;ji ber ku bawer\u00eeya wan bi p\u00eaw\u00eest\u00eeya peydakirina derfetine f\u00earkirin\u00ea bo hem\u00fb xelk\u00ea \u00fb naskirina rast\u00eeya her\u00ee zelal b\u00eay\u00ee heb\u00fbna s\u00eenoran \u00fb azad\u00eeya hizir\u00een \u00fb naskirin\u00ea t\u00ea, ew li ser ge\u015fkirina away\u00ean dan\u00fbstendina di nav gelan de rijd in da ku bi giran\u00ee li ser \u015f\u00eawej\u00eeyana van gelan were rawestandin.&#8221;<\/p>\n<p dir=\"ltr\">(be\u015f\u00ea \u015fe\u015fan ji d\u00eeba\u00e7ey\u00ea)<\/p>\n<p dir=\"ltr\">Meqsed \u00fb pr\u00eans\u00eep\u00ean Netewy\u00ean Yekb\u00fby\u00ee li gor belgenameya w\u00ea bib\u00eer t\u00eene,<\/p>\n<p dir=\"ltr\">Ragihandina C\u00eehan\u00ee ya Maf\u00ean Mirovan ya ku Komeleya Gi\u015ft\u00ee ya NYy\u00ea di sala 1948an xwe spartb\u00fb w\u00ea, bi taybet madeya w\u00ea ya 19an bib\u00eer t\u00eene, ku di v\u00ea madey\u00ea de hatiye gotin &#8220;ji maf\u00ea her kes\u00ee ye ku azad be di ner\u00een \u00fb derbir\u00eena xwe de, ev maf lixwegirtina ner\u00eenan b\u00eay\u00ee astangkirin\u00ea \u00fb naskirina n\u00fb\u00e7e \u00fb ramanan \u00fb veguhestina wan j\u00ee bi \u00e7i away\u00ee be \u00fb b\u00eay\u00ee \u00fb b\u00eay\u00ee s\u00eenorkirin&#8221; her weha peymana navdewlet\u00ee j\u00ee ya maf\u00ean siv\u00eel \u00fb siyas\u00ee ya ku komeleya gi\u015ft\u00ee ya NYy\u00ea di sala 1966an de xwe spartb\u00fb w\u00ea bib\u00eer t\u00eene ku heman pr\u00eans\u00eepan di madeya xwe ya 19an de dib\u00eaje \u00fb di madeya 20an de sorkirina ser ceng, nijadperest\u00ee \u00fb \u015fer\u00ea ol\u00ee \u00fb hem\u00fb c\u00fbrey\u00ean dijat\u00ee \u00fb tund\u00eey\u00ea \u015fermezar dike.<\/p>\n<p dir=\"ltr\">Madeya 4an ji lihevkirina navdewlet\u00ee ya tunekirina hem\u00fb curey\u00ean cudakirina nijad\u00ee ku Komeleya gi\u015ft\u00ee ya NYy\u00ea di 1965an xwe spartb\u00fb w\u00ea \u00fb lihevkirina navdewlet\u00ee ya \u00e7ewisandina tawana cudakirina nijad\u00ee \u00fb cezakirina li ser w\u00ea ku Komeleya Gi\u015ft\u00ee ya NYy\u00ea di 1973yan de xwe spartb\u00fb w\u00ea, bib\u00eer t\u00eene, ku di van lihevkirinan de dewlet\u00ean endam soza stendina tedb\u00eeran bo tunekirina cudakirina nijad\u00ee stendib\u00fbn \u00fb biryara nepi\u015ftgir\u00eeya tawan\u00ea \u00fb siyaset\u00ean n\u00eaz\u00eek\u00ea w\u00ea dab\u00fbn.<\/p>\n<p dir=\"ltr\">Ragihandina gir\u00eaday\u00ee \u00e7esipandina t\u00eag\u00een\u00ean a\u015ft\u00ee, r\u00eazgirtin \u00fb hevt\u00eagiha\u015ftina di nav gelan de li nav ciwanan ku Komeleya Gi\u015ft\u00ee ya NYy\u00ea di 1965an de xwe spatib\u00fb w\u00ea bib\u00eer t\u00eene.<\/p>\n<p dir=\"ltr\">Ragihandin \u00fb biryar\u00ean ku gelek destey\u00ean NYy\u00ea der bar\u00ea avakirina r\u00eaj\u00eemeke ab\u00fbr\u00ee ya navdewlet\u00ee ya n\u00fb de \u00fb rola ku d\u00ea were spartin bo UNISCOy\u00ea di v\u00ee war\u00ee de, xwe spartib\u00fbn w\u00ea, bib\u00eer t\u00eene.<\/p>\n<p dir=\"ltr\">Ragihandina pr\u00eans\u00eep\u00ean hevkar\u00eeya \u00e7and\u00ee ya navdewlet\u00ee ku kongir\u00ea gi\u015ft\u00ee y\u00ea UNISCOy\u00ea di 1966an de xwe spartib\u00fb w\u00ea bib\u00eer t\u00eene.<\/p>\n<p dir=\"ltr\">Biryara 59 (I) ku Komeleya Gi\u015ft\u00ee ya NYy\u00ea di 1946an de xwe spartib\u00fb w\u00ea bib\u00eer t\u00eene ku t\u00ea de ragihandib\u00fb &#8220;Azad\u00eeya veguhestina agah\u00eeyan yek ji maf\u00ean mirovan \u00ean sereke ye, ew e p\u00eevana\u00a0 hem\u00fb azad\u00eey\u00ean ku NYy\u00ea \u00a0ji bo wan kar dike p\u00ea t\u00ea p\u00eevan \u2026 yek ji element\u00ean ku azad\u00eeya ragihandin\u00ea b\u00ea w\u00ea nabe ew e peydab\u00fbna xwestek\u00ea \u00fb bikaran\u00eena w\u00ea bi awatek\u00ee rast \u00fb yek ji r\u00eazik\u00ean w\u00ea y\u00ean sereke j\u00ee pabend\u00eeya exlaq\u00ee bi \u015fopandina buyeran b\u00eay\u00ee sextekirin \u00fb bi n\u00eateke paqij\u2026&#8221;,<\/p>\n<p dir=\"ltr\">Biryara 110 (I1)\u00a0 ku Komeleya Gi\u015ft\u00ee ya NYy\u00ea di 1947an de xwe spartib\u00fb w\u00ea bib\u00eer t\u00eene ku di v\u00ea biryar\u00ea de hem\u00fb away\u00ean propaganday\u00ea y\u00ean ku arandin an handan\u00ea didin an dibe ku bidin gefxwarin, binp\u00eakirina a\u015ft\u00eey\u00ea an karek\u00ee tund\u00eey\u00ea, hatine \u015fermezarkirin.<\/p>\n<p dir=\"ltr\">biryara 127 (I1) ya ku di sala 1947an de Komeleya gi\u015ft\u00ee ya NYy\u00ea xwe spartib\u00fb w\u00ea ku doza dewlet\u00ean endam dike ku di \u00e7ar\u00e7oveya s\u00eeor\u00ean xwe y\u00ean dest\u00fbr\u00ee de dijat\u00eeya n\u00fb\u00e7ey\u00ean sextet bikin ku bi sedema wan t\u00eakil\u00eey\u00ean di nav dewletan de t\u00eane xirbkirin her weha doza biryarine din ku Komeleya Gi\u015ft\u00ee der bar\u00ea dezgeh\u00ean ragihandin\u00ea \u00fb rola wan di pi\u015ftgir\u00eeya a\u015ft\u00ee, bawer\u00ee \u00fb t\u00eakil\u00eey\u00ean dostan\u00eey\u00ea y\u00ean navdewlet\u00ee.<\/p>\n<p dir=\"ltr\">Her weha biryara 9.12 ya ku kongir\u00ean UNISCOy\u00ea y\u00ea gi\u015ft\u00ee di sala 1968an xwe spartib\u00fb w\u00ea bib\u00eer t\u00eene ku t\u00ea de teqez\u00ee li ser w\u00ea yek\u00ea hatiye kirin ku yek ji armanc\u00ean UNISCOy\u00ea hilan\u00eena koloniyal\u00eesm \u00fb nijadperest\u00eey\u00ea ye, \u00fb biryara 12.1 ya ku di slaa 1976an de xwe spatib\u00fb w\u00ea ku t\u00ea de d\u00fbrb\u00fbna di nav koloniyal\u00eesm, koloniyal\u00eesam n\u00fb \u00fb nijadperest\u00eey\u00ea bi hem\u00fb reng\u00ean xwe ji arman\u00ean UNISCOy\u00ea t\u00ea diyarkirin,<\/p>\n<p dir=\"ltr\">Biryara 4.301 ku kongir\u00ea UNISCOy\u00ea y\u00ea gi\u015ft\u00ee di sala 1970 de xwe spartib\u00fb w\u00ea bib\u00eer t\u00eene \u00fb ev biryar behsa rola dezgeh\u00ean ragihandin\u00ea di bih\u00eazkirina hevt\u00eagiha\u015ftin, hevkar\u00eeya li ser asteke navdewlet\u00ee, xizmeta a\u015ft\u00eey\u00ea \u00fb di dijat\u00eeya propagandaya ku ji ceng\u00ea, nijadperest\u00ee \u00fb nefretkirina di nav gelan de al\u00eegir e, dike, ji ber ku dezgeh\u00ean ragihandin\u00ea dikarin xwed\u00ee rol bin di p\u00eakan\u00eena van armancan de,<\/p>\n<p dir=\"ltr\">Biryara taybet bi nijad\u00ee \u00fb layangir\u00eeya nijad\u00ee ya ku kongir\u00ea gi\u015ft\u00ee y\u00ea UNISCOy\u00ea di gera xwe ya 20an de xwe spartib\u00fb w\u00ea, bib\u00eer t\u00eene.<\/p>\n<p dir=\"ltr\">Her weha pirsgir\u00eak\u00ean ku bi sedeme agah\u00eeyan di civaka n\u00fb di diqewimin nas dike \u00fb pirb\u00fbna \u00e7areser\u00eey\u00ean wan j\u00ee, wek\u00ee ku di xwendin\u00ean UNISCOy\u00ea de \u00fb di daxwaza rast de ya ku hem\u00fb al\u00eey\u00ean p\u00eawend\u00eedar ragihandin ku ner\u00een\u00ean wan \u00fb nasnameya wan ya \u00e7and\u00ee ber \u00e7av werin girtin, diyar b\u00fb.<\/p>\n<p dir=\"ltr\">\u00fb nas dike ku dewlet\u00ean t\u00eane avakirin \u00e7aver\u00eay\u00ee avakirinina pergaleke c\u00eehan\u00ee ya n\u00fb ne ku karibe di war\u00ea ragihandin \u00fb p\u00eawend\u00eey\u00ea de bibandor be.<\/p>\n<p dir=\"ltr\">Di roja b\u00eest \u00fb he\u015ft\u00ea mijdara 1978an de, ev ragihandina der bar\u00ea prens\u00eep\u00ean taybet \u00ean be\u015fdar\u00eeya dezgeh\u00ean ragihandin\u00ea di pi\u015ftgir\u00eeya a\u015ft\u00eey\u00ea, lihevkirina navdewlet\u00ee,\u00a0 bih\u00eazkirina maf\u00ean mirovan, dijat\u00eeya nijadperest\u00eey\u00ea, cudakirina nijad\u00ee \u00fb arandina li ser ceng\u00ea de, t\u00ea derxistin.<\/p>\n<p dir=\"ltr\"><strong>Madeya 1\u00ea<\/strong><\/p>\n<p dir=\"ltr\">P\u00eaw\u00eest\u00eeya pi\u015ftgir\u00eeya a\u015ft\u00ee \u00fb hevt\u00eagiha\u015ftina navdewlet\u00ee, bih\u00eazkirina maf\u00ean mirovan, dijat\u00eeya nijadperest\u00eey\u00ea, cudakirina nijad\u00ee \u00fb arandina li ser ceng\u00ea, bi belavb\u00fbneke azad, berfireh \u00fb hevseng ji agah\u00eeyan re heye. Ji dezgeh\u00ean ragihandin\u00ea t\u00ea xwestin ku ew di v\u00ee war\u00ee de xwed\u00ee rol bin \u00fb her \u00e7end\u00ee ragihandin karibe hem\u00fb al\u00eey\u00ean mijar\u00ea rave bike, ew \u00e7end\u00ee be\u015fdar\u00eeya roldar e.<\/p>\n<p dir=\"ltr\"><strong>Madeya 2yan<\/strong><\/p>\n<ol dir=\"ltr\">\n<li>Bikaran\u00eena azad\u00eeya ner\u00eenan, derbir\u00een\u00ea \u00fb ragihandin\u00ea weke be\u015fek\u00ee ku ji maf\u00ean mirovan \u00fb azad\u00eey\u00ean sereke nay\u00ea par\u00e7ekirin, h\u00eamaneke bingeh\u00een e di pi\u015ftgir\u00eeya a\u015ft\u00eey\u00ea \u00fb hevt\u00eagiha\u015ftina navdewlet\u00ee de.<\/li>\n<li>Divabe gihandina agah\u00eeyan bo cemaweran bi r\u00eaya reng\u00een\u00eeya dezgeh\u00ean ragihandin\u00ea were garant\u00eekirin, da ku di encam\u00ea de har mirovek karibe ji rast\u00eeya buyeran teqez bibe \u00fb ner\u00eeneke xwe ya al\u00eenegir der bar\u00ea buyeran \u00e7\u00eabike. Ji lew re divabe rojnameger azad bin \u00fb giha\u015ftina agah\u00eeyan bo wan h\u00easan be. Her weha divabe dezgeh\u00ean ragihandin\u00ea karibin li gor h\u00eav\u00eey\u00ean gel bin da ku gel j\u00ee bi wan re be di avakirina ragihandin\u00ea de.<\/li>\n<li>Ji bo pi\u015ftgir\u00eeya a\u015ft\u00eey\u00ea \u00fb hevt\u00eagiha\u015ftina navdewlet\u00ee, bih\u00eazkirina maf\u00ean mirovan, dijat\u00eeya nijadperest\u00eey\u00ea, cudakirina nijad\u00ee \u00fb arandina li ser ceng\u00ea, divabe dezgeh\u00ean ragihandin\u00ea li hem\u00fb al\u00eey\u00ean c\u00eehan\u00ea bi erk\u00ea xwe di bih\u00eazkirina maf\u00ean mirovan rabin bi taybet bi r\u00eaya belavkirina deng\u00ea gel\u00ean bindest \u00ean ku li dij\u00ee kolonyal\u00eezm, kolonyal\u00eezma n\u00fb, dag\u00eerker\u00ea biyan \u00fb hem\u00fb curey\u00ean cudakirina nijad\u00ee li ber xwe didin y\u00ean nikarin bih\u00ealin ku deng\u00ea wan were guhdarkirin.<\/li>\n<li>Da ku dezgeh\u00ean ragihandin\u00ea bikaribin di warek\u00ee prakt\u00eek de madey\u00ean v\u00ea ragihandin\u00ea bi\u00e7esip\u00eenin, divabe rojnamevan \u00fb hem\u00fb kes\u00ean ku di war\u00ea ragihandin\u00ea de kar dikin \u00e7i li welat\u00ea xwe bin an li dervey\u00ee welat bin, parast\u00ee bin da ku karibin kar\u00ea xwe di rew\u015feke xwe\u015f de bikin.<\/li>\n<\/ol>\n<p dir=\"ltr\"><strong>Madeya 3yan<\/strong><\/p>\n<ol dir=\"ltr\">\n<li>Divabe dezgeh\u00ean ragihandin\u00ea di mijar\u00ean pi\u015ftgir\u00eeya a\u015ft\u00eey\u00ea \u00fb hevt\u00eagiha\u015ftina navdewlet\u00ee, bih\u00eazkirina maf\u00ean mirovan, dijat\u00eeya nijadperest\u00eey\u00ea, cudakirina nijad\u00ee \u00fb arandina li ser ceng\u00ea xwed\u00ee roleke balk\u00ea\u015f bin.<\/li>\n<li>Di liberxwedana dij\u00ee nijadperst\u00ee \u00fb cudakirina nijad\u00ee de \u00fb binp\u00eakirin\u00ean din \u00ean maf\u00ean mirovan de, y\u00ean ku hin sedem\u00ean wan yekal\u00eeb\u00fbn \u00fb nezan\u00ee ne, dezgeh\u00ean ragihandin\u00ea dikarin \u2013bi r\u00eaya belavkirina agah\u00eeyan der bar\u00ea daxwaz\u00ean hem\u00fb gelan \u00fb \u00e7anda wan de- nezan\u00eey\u00ea \u00fb net\u00eagiha\u015ftina di nav gelan de ji hole hil\u00eenin her weha dikarin welat\u00eeyan bi p\u00eadiv\u00eey\u00ean welat\u00ean din agahdar bikin, r\u00eazgirtina maf \u00fb r\u00fbmeta hem\u00fb netewe, gel \u00fb kesan b\u00eay\u00ee cudakirina ji ber zayend, nijad, ziman, ol an nasnamey\u00ea peyda bikin \u00fb bale biki\u015f\u00eenin ser pirsgir\u00eak\u00ean mirovah\u00eey\u00ea y\u00ean mezin m\u00eena nexwe\u015f\u00eeyan \u00fb bir\u00e7\u00eeb\u00fbnan. Wisa, dikarin dewletan bo dan\u00eena siyaset\u00ean ku nearam\u00eeya navdewlet\u00ee k\u00eam dikin \u00fb nakok\u00eey\u00ean navdewlet\u00ee bi awayek\u00ee dadmend \u00fb a\u015ft\u00eeyane \u00e7areser dikin, han bidin.<\/li>\n<\/ol>\n<p dir=\"ltr\"><strong>Madeya 4an<\/strong><\/p>\n<p dir=\"ltr\">Roleke dezgeh\u00ean ragihandin\u00ea ya sereke di perwerdekirina ciwanan de heye, ku ew dikarin rih\u00ea a\u015ft\u00ee, dadmend\u00ee, azad\u00ee, r\u00eazgirtin \u00fb hevt\u00eagiha\u015ftin\u00ea di wan de bi\u00e7\u00eene da ku maf\u00ean mirovan, wekhev\u00eeya di nav hem\u00fb mirov \u00fb neteweyan \u00fb p\u00ea\u015fketina ab\u00fbr\u00ee \u00fb civak\u00ee werin \u00e7esipandin. Her weha roleke w\u00ea ya giring di p\u00eanasekirina ner\u00een\u00ean nif\u015f\u00ean n\u00fb de heye.<\/p>\n<p dir=\"ltr\"><strong>Madeya 5an<\/strong><\/p>\n<p dir=\"ltr\">Da ku azad\u00eeya derbir\u00een\u00ea, ner\u00eenan \u00fb ragihandin\u00ea were r\u00eazgirtin, \u00fb da ku ragihandin hem\u00fb ner\u00eenan bigih\u00eene, gerek e ner\u00een\u00ean wan kes\u00ean dib\u00eenin ku belavkirina agah\u00eey\u00ean der bar\u00ea wan bi awayek\u00ee e\u015fkere, ziyan gihandine kar\u00ea wan di pi\u015ftgir\u00eeya a\u015ft\u00eey\u00ea, hevt\u00eagiha\u015ftina navdewlet\u00ee \u00fb maf\u00ean mirovan de an di war\u00ea dijat\u00eeya nijadperest\u00eey\u00ea, cudakirina nijad\u00ee \u00fb arandina ser ceng\u00ea de, werin belavkirin.<\/p>\n<p dir=\"ltr\"><strong>Madeya 6an<\/strong><\/p>\n<p dir=\"ltr\">Peydakirina hevseng\u00eeyeke n\u00fb di war\u00ea veguhestina agah\u00eeyan de; d\u00ea ji bo avakirina a\u015ft\u00eeyeke dadmend \u00fb domdar \u00fb p\u00eakan\u00eena serxweb\u00fbna ab\u00fbr\u00ee \u00fb siyas\u00ee ya welat\u00ean ku di p\u00ea\u015fketin\u00ea de ne, al\u00eekar be, \u00fb p\u00eadiv\u00ee v\u00ea yek\u00ea bi sererastkirina w\u00ea cudah\u00eeya di nav agah\u00eey\u00ean wan welatan de \u00fb di nav wan de heye. Ji bo bicihan\u00eena v\u00ea yek\u00ea, p\u00eaw\u00eest e ku rew\u015fa dezgeh\u00ean ragihandin\u00ea li van welatan al\u00eekar be da karibin bi dezgeh\u00ean ragihandin\u00ea re y\u00ean welat\u00ean p\u00ea\u015fket\u00ee re p\u00eawend\u00eedar bin \u00fb pi\u015ftgir\u00eey\u00ea ji wan bist\u00eenin.<\/p>\n<p dir=\"ltr\"><strong>Madeya 7an<\/strong><\/p>\n<p dir=\"ltr\">Dema ku dezgeh\u00ean ragihandin\u00ea agah\u00eey\u00ean gir\u00eaday\u00ee armanc \u00fb pr\u00eans\u00eep\u00ean pejirand\u00ee di c\u00eehan\u00ea de y\u00ean ku bixwe bingeha biryar\u00ean ku destey\u00ean NYy\u00ea xwe spartiye wan, belav dike, ew roleke giring di pi\u015ftgir\u00eeya a\u015ft\u00eey\u00ea, hevt\u00eagiha\u015ftina navdewlet\u00ee, bih\u00eazkirina maf\u00ean mirovan \u00fb avakirina s\u00eestemeke ab\u00fbr\u00ee navdewlet\u00ee dadmend \u00fb hevseng de, dil\u00eeze.<\/p>\n<p dir=\"ltr\"><strong>Madeya 8an<\/strong><\/p>\n<p dir=\"ltr\">Divabe r\u00eaxistin\u00ean prof\u00easyonal \u00fb kes\u00ean ku rah\u00eananeke prof\u00easyonal bo rojamevanan, kes\u00ean ku di war\u00ea ragihandin\u00ea de kar dikin \u00fb al\u00eekar\u00ean wan, rih\u00ea berpirsyr\u00eet\u00eey\u00ea li cem wan hebe \u00fb karibin pr\u00eans\u00eep\u00ean di v\u00ea ragihandin\u00ea de di dema dan\u00eena r\u00eazik\u00ean reftar\u00ean prof\u00easyonal de ber\u00e7av bist\u00eenin \u00fb bicihan\u00eena wan j\u00ee garant\u00ee bikin.<\/p>\n<p dir=\"ltr\"><strong>Madeya 9an<\/strong><\/p>\n<p dir=\"ltr\">Li gor v\u00ea ragihandin\u00ea, ji civaka navdewlet\u00ee t\u00ea xwestin ku xwed\u00ee rol be di xwe\u015fkirina rew\u015fa veguhestina agah\u00eeyan bi azad\u00ee,\u00a0 belavkirina wan bi awayek\u00ee berfireh \u00fb hevseng \u00fb peydakirina rew\u015fa ku rojnamevanan \u00fb kes\u00ean ku di ragihandin\u00ea de kar dikin di dema kar\u00ea wan de dipar\u00eaze. UNISCO j\u00ee amade ye ku di v\u00ee war\u00ee de al\u00eekar be.<\/p>\n<p dir=\"ltr\"><strong>Madeya 10an<\/strong><\/p>\n<ol dir=\"ltr\">\n<li>Li gel ber\u00e7avgirtina hukm\u00ean dest\u00fbr\u00ee y\u00ean ku garant\u00eekirina azad\u00eeya rojnameger\u00eey\u00ea armanc dikin \u00fb li gel belge \u00fb lihevkirin\u00ean navdewlet\u00ee y\u00ean ku p\u00eakan\u00eena wan erk e, divabe di hem\u00fb c\u00eehan\u00ee rew\u015f ji bo deste \u00fb kes\u00ean ku belavkirina agah\u00eeyan kar\u00ea wan e, al\u00eekar be, da ku karibin di encam\u00ea de armanc\u00ean v\u00ea ragihandin\u00ea bi cih b\u00eenin.<\/li>\n<li>Divabe veguhestina azad a agah\u00eeyan \u00fb belavkirina wan ser asteke berfireh \u00fb bi awayek\u00ee hevseng, were pi\u015ftgir\u00eekirin.<\/li>\n<li>Ji bo v\u00ea armanc\u00ea, gerk e dewlet\u00ean ku bu p\u00ea\u015f dikevin r\u00ea li ber dezgeh\u00ean xwe y\u00ean ragihandin\u00ea veke, rew\u015fa wan xwe\u015f bike \u00fb al\u00eekar\u00ee \u00fb pi\u015ftgir\u00eey\u00ea ji wan re p\u00ea\u015fk\u00ea\u015f bike \u00fb pi\u015ftgir\u00eeya hevkar\u00eeya di nav wan \u00fb dezgeh\u00ean ragihandin\u00ea y\u00ean dewlet\u00ean p\u00ea\u015fket\u00ee de bike.<\/li>\n<li>Gerek e bed\u00ealkirina agah\u00eeyan di nav dewletan de were ge\u015fkirin \u00fb handan, bi taybet di nav dewlet\u00ean xwed\u00ee s\u00eestem\u00ean civak\u00ee \u00fb ab\u00fbr\u00ee y\u00ean cuda de, ev yek j\u00ee li ser bingeha wehev\u00eeya di mafan de, qezencgrtina her du al\u00eeyan \u00fb r\u00eazgirtina reng\u00een\u00eeya \u00e7and\u00ee ya ku bixwe m\u00eerateya mirovah\u00eey\u00ea ye.<\/li>\n<\/ol>\n<p dir=\"ltr\"><strong>Madeya 11an<\/strong><\/p>\n<p dir=\"ltr\">Da ku ev ragihandin bi awayek\u00ee t\u00eak\u00fbz roldar be, divabe di \u00e7ar\u00e7oveya r\u00eazgirtina zaronan \u00fb hukm\u00ean \u00eedar\u00ee \u00fb pabend\u00eey\u00ean din \u00ean dewlet\u00ean endam de, rew\u015feke al\u00eekar bi \u00e7alak\u00eey\u00ean dezgeh\u00ean ragihandin\u00ea re peyda be, ev yek j\u00ee li gor madey\u00ean Ragihandina C\u00eehan\u00ee ya Maf\u00ean Mirovan \u00fb pr\u00eans\u00eep\u00ean Peymana Navdewlet\u00ee ya Maf\u00ean Siv\u00eel \u00fb Siyas\u00ee ku Komeleya Gi\u015ft\u00ee ya NYy\u00ea di 1966an de xwe spartib\u00fb w\u00ea.<\/p>\n","protected":false},"excerpt":{"rendered":"<p>Ji al\u00eey\u00ea Kongir\u00ea gi\u015ft\u00ee y\u00ea R\u00eaxistina Perwerde, Zanist \u00fb \u00e7and\u00ea ya Netew\u00ean Yekb\u00fby\u00ee di gera xwe ya b\u00eestan de, di roja 28\u00ea mijdara 1978an de hatiye derxistin. D\u00eeba\u00e7e Kongir\u00ea gi\u015ft\u00ee bib\u00eer t\u00eene ku UNISCO li gor belgenameya xwe ya damezrandin\u00ea &#8220;be\u015fdar\u00eeya di parastina a\u015ft\u00eey\u00ea \u00fb ewleh\u00eey\u00ea de, \u00fb kar\u00ea li ser belgekirina hevkar\u00eeya di nav [&hellip;]<\/p>\n","protected":false},"author":24,"featured_media":0,"comment_status":"open","ping_status":"open","sticky":false,"template":"","format":"standard","meta":{"_acf_changed":false,"footnotes":""},"categories":[377],"tags":[],"class_list":["post-181184","post","type-post","status-publish","format-standard","hentry","category-library-ku","post-wrapper"],"acf":[],"yoast_head":"<!-- This site is optimized with the Yoast SEO Premium plugin v20.6 (Yoast SEO v26.5) - https:\/\/yoast.com\/wordpress\/plugins\/seo\/ -->\n<title>Ragihandinek der bar\u00ea prens\u00eep\u00ean taybet \u00ean be\u015fdar\u00eeya dezgeh\u00ean ragihandin\u00ea di pi\u015ftgir\u00eeya a\u015ft\u00eey\u00ea, hevt\u00eagiha\u015ftina navdewlet\u00ee, \u00a0bih\u00eazkirina maf\u00ean mirovan, dijat\u00eeya nijadperest\u00eey\u00ea, cudakirina nijad\u00ee \u00fb arandina li ser ceng\u00ea de - \u0627\u0644\u0645\u0631\u0643\u0632 \u0627\u0644\u0633\u0648\u0631\u064a \u0644\u0644\u0625\u0639\u0644\u0627\u0645 \u0648\u062d\u0631\u064a\u0629 \u0627\u0644\u062a\u0639\u0628\u064a\u0631 Syrian Center for Media and Freedom of Expression<\/title>\n<meta name=\"description\" content=\"%\" \/>\n<meta name=\"robots\" content=\"index, follow, max-snippet:-1, max-image-preview:large, max-video-preview:-1\" \/>\n<link rel=\"canonical\" href=\"https:\/\/mfu.scm.bz\/kmr\/ragihandinek-der-bare-prensipen-taybet-en-besdariya-dezgehen-ragihandine-di-pistgiriya-astiye-hevtegihastina-navdewleti-bihezkirina-mafen-mirovan-dijatiya-nijadperestiye-cudakirina-nijadi-u\/\" \/>\n<meta property=\"og:locale\" content=\"en_US\" \/>\n<meta property=\"og:type\" content=\"article\" \/>\n<meta property=\"og:title\" content=\"Ragihandinek der bar\u00ea prens\u00eep\u00ean taybet \u00ean be\u015fdar\u00eeya dezgeh\u00ean ragihandin\u00ea di pi\u015ftgir\u00eeya a\u015ft\u00eey\u00ea, hevt\u00eagiha\u015ftina navdewlet\u00ee, \u00a0bih\u00eazkirina maf\u00ean mirovan, dijat\u00eeya nijadperest\u00eey\u00ea, cudakirina nijad\u00ee \u00fb arandina li ser ceng\u00ea de\" \/>\n<meta property=\"og:description\" content=\"%\" \/>\n<meta property=\"og:url\" content=\"https:\/\/mfu.scm.bz\/kmr\/ragihandinek-der-bare-prensipen-taybet-en-besdariya-dezgehen-ragihandine-di-pistgiriya-astiye-hevtegihastina-navdewleti-bihezkirina-mafen-mirovan-dijatiya-nijadperestiye-cudakirina-nijadi-u\/\" \/>\n<meta property=\"og:site_name\" content=\"\u0627\u0644\u0645\u0631\u0643\u0632 \u0627\u0644\u0633\u0648\u0631\u064a \u0644\u0644\u0625\u0639\u0644\u0627\u0645 \u0648\u062d\u0631\u064a\u0629 \u0627\u0644\u062a\u0639\u0628\u064a\u0631 Syrian Center for Media and Freedom of Expression\" \/>\n<meta property=\"article:publisher\" content=\"https:\/\/www.facebook.com\/scm.center\" \/>\n<meta property=\"article:published_time\" content=\"2017-03-23T21:13:36+00:00\" \/>\n<meta property=\"article:modified_time\" content=\"2018-02-12T19:26:54+00:00\" \/>\n<meta property=\"og:image\" content=\"https:\/\/scm.bz\/wp-content\/uploads\/2021\/01\/SCM-logo-1-with-Clear-Space-1-2.png\" \/>\n\t<meta property=\"og:image:width\" content=\"1450\" \/>\n\t<meta property=\"og:image:height\" content=\"1450\" \/>\n\t<meta property=\"og:image:type\" content=\"image\/png\" \/>\n<meta name=\"author\" content=\"scmadmin\" \/>\n<meta name=\"twitter:card\" content=\"summary_large_image\" \/>\n<meta name=\"twitter:creator\" content=\"@SyrianCenter\" \/>\n<meta name=\"twitter:site\" content=\"@SyrianCenter\" \/>\n<meta name=\"twitter:label1\" content=\"Written by\" \/>\n\t<meta name=\"twitter:data1\" content=\"scmadmin\" \/>\n\t<meta name=\"twitter:label2\" content=\"Est. reading time\" \/>\n\t<meta name=\"twitter:data2\" content=\"12 minutes\" \/>\n<script type=\"application\/ld+json\" class=\"yoast-schema-graph\">{\"@context\":\"https:\/\/schema.org\",\"@graph\":[{\"@type\":\"Article\",\"@id\":\"https:\/\/mfu.scm.bz\/kmr\/ragihandinek-der-bare-prensipen-taybet-en-besdariya-dezgehen-ragihandine-di-pistgiriya-astiye-hevtegihastina-navdewleti-bihezkirina-mafen-mirovan-dijatiya-nijadperestiye-cudakirina-nijadi-u\/#article\",\"isPartOf\":{\"@id\":\"https:\/\/mfu.scm.bz\/kmr\/ragihandinek-der-bare-prensipen-taybet-en-besdariya-dezgehen-ragihandine-di-pistgiriya-astiye-hevtegihastina-navdewleti-bihezkirina-mafen-mirovan-dijatiya-nijadperestiye-cudakirina-nijadi-u\/\"},\"author\":{\"name\":\"scmadmin\",\"@id\":\"https:\/\/scm.bz\/#\/schema\/person\/d116d4c43d9f3d4fe4b61619e91ead45\"},\"headline\":\"Ragihandinek der bar\u00ea prens\u00eep\u00ean taybet \u00ean be\u015fdar\u00eeya dezgeh\u00ean ragihandin\u00ea di pi\u015ftgir\u00eeya a\u015ft\u00eey\u00ea, hevt\u00eagiha\u015ftina navdewlet\u00ee, \u00a0bih\u00eazkirina maf\u00ean mirovan, dijat\u00eeya nijadperest\u00eey\u00ea, cudakirina nijad\u00ee \u00fb arandina li ser ceng\u00ea de\",\"datePublished\":\"2017-03-23T21:13:36+00:00\",\"dateModified\":\"2018-02-12T19:26:54+00:00\",\"mainEntityOfPage\":{\"@id\":\"https:\/\/mfu.scm.bz\/kmr\/ragihandinek-der-bare-prensipen-taybet-en-besdariya-dezgehen-ragihandine-di-pistgiriya-astiye-hevtegihastina-navdewleti-bihezkirina-mafen-mirovan-dijatiya-nijadperestiye-cudakirina-nijadi-u\/\"},\"wordCount\":2427,\"commentCount\":0,\"publisher\":{\"@id\":\"https:\/\/scm.bz\/#organization\"},\"articleSection\":[\"Kovar\"],\"inLanguage\":\"kmr\"},{\"@type\":\"WebPage\",\"@id\":\"https:\/\/mfu.scm.bz\/kmr\/ragihandinek-der-bare-prensipen-taybet-en-besdariya-dezgehen-ragihandine-di-pistgiriya-astiye-hevtegihastina-navdewleti-bihezkirina-mafen-mirovan-dijatiya-nijadperestiye-cudakirina-nijadi-u\/\",\"url\":\"https:\/\/mfu.scm.bz\/kmr\/ragihandinek-der-bare-prensipen-taybet-en-besdariya-dezgehen-ragihandine-di-pistgiriya-astiye-hevtegihastina-navdewleti-bihezkirina-mafen-mirovan-dijatiya-nijadperestiye-cudakirina-nijadi-u\/\",\"name\":\"Ragihandinek der bar\u00ea prens\u00eep\u00ean taybet \u00ean be\u015fdar\u00eeya dezgeh\u00ean ragihandin\u00ea di pi\u015ftgir\u00eeya a\u015ft\u00eey\u00ea, hevt\u00eagiha\u015ftina navdewlet\u00ee, \u00a0bih\u00eazkirina maf\u00ean mirovan, dijat\u00eeya nijadperest\u00eey\u00ea, cudakirina nijad\u00ee \u00fb arandina li ser ceng\u00ea de - \u0627\u0644\u0645\u0631\u0643\u0632 \u0627\u0644\u0633\u0648\u0631\u064a \u0644\u0644\u0625\u0639\u0644\u0627\u0645 \u0648\u062d\u0631\u064a\u0629 \u0627\u0644\u062a\u0639\u0628\u064a\u0631 Syrian Center for Media and Freedom of Expression\",\"isPartOf\":{\"@id\":\"https:\/\/scm.bz\/#website\"},\"datePublished\":\"2017-03-23T21:13:36+00:00\",\"dateModified\":\"2018-02-12T19:26:54+00:00\",\"description\":\"%\",\"breadcrumb\":{\"@id\":\"https:\/\/mfu.scm.bz\/kmr\/ragihandinek-der-bare-prensipen-taybet-en-besdariya-dezgehen-ragihandine-di-pistgiriya-astiye-hevtegihastina-navdewleti-bihezkirina-mafen-mirovan-dijatiya-nijadperestiye-cudakirina-nijadi-u\/#breadcrumb\"},\"inLanguage\":\"kmr\",\"potentialAction\":[{\"@type\":\"ReadAction\",\"target\":[\"https:\/\/mfu.scm.bz\/kmr\/ragihandinek-der-bare-prensipen-taybet-en-besdariya-dezgehen-ragihandine-di-pistgiriya-astiye-hevtegihastina-navdewleti-bihezkirina-mafen-mirovan-dijatiya-nijadperestiye-cudakirina-nijadi-u\/\"]}]},{\"@type\":\"BreadcrumbList\",\"@id\":\"https:\/\/mfu.scm.bz\/kmr\/ragihandinek-der-bare-prensipen-taybet-en-besdariya-dezgehen-ragihandine-di-pistgiriya-astiye-hevtegihastina-navdewleti-bihezkirina-mafen-mirovan-dijatiya-nijadperestiye-cudakirina-nijadi-u\/#breadcrumb\",\"itemListElement\":[{\"@type\":\"ListItem\",\"position\":1,\"name\":\"Home\",\"item\":\"https:\/\/scm.bz\/kmr\/\"},{\"@type\":\"ListItem\",\"position\":2,\"name\":\"Ragihandinek der bar\u00ea prens\u00eep\u00ean taybet \u00ean be\u015fdar\u00eeya dezgeh\u00ean ragihandin\u00ea di pi\u015ftgir\u00eeya a\u015ft\u00eey\u00ea, hevt\u00eagiha\u015ftina navdewlet\u00ee, \u00a0bih\u00eazkirina maf\u00ean mirovan, dijat\u00eeya nijadperest\u00eey\u00ea, cudakirina nijad\u00ee \u00fb arandina li ser ceng\u00ea de\"}]},{\"@type\":\"WebSite\",\"@id\":\"https:\/\/scm.bz\/#website\",\"url\":\"https:\/\/scm.bz\/\",\"name\":\"\u0627\u0644\u0645\u0631\u0643\u0632 \u0627\u0644\u0633\u0648\u0631\u064a \u0644\u0644\u0625\u0639\u0644\u0627\u0645 \u0648\u062d\u0631\u064a\u0629 \u0627\u0644\u062a\u0639\u0628\u064a\u0631 Syrian Center for Media and Freedom of Expression\",\"description\":\"\",\"publisher\":{\"@id\":\"https:\/\/scm.bz\/#organization\"},\"potentialAction\":[{\"@type\":\"SearchAction\",\"target\":{\"@type\":\"EntryPoint\",\"urlTemplate\":\"https:\/\/scm.bz\/?s={search_term_string}\"},\"query-input\":{\"@type\":\"PropertyValueSpecification\",\"valueRequired\":true,\"valueName\":\"search_term_string\"}}],\"inLanguage\":\"kmr\"},{\"@type\":\"Organization\",\"@id\":\"https:\/\/scm.bz\/#organization\",\"name\":\"\u0627\u0644\u0645\u0631\u0643\u0632 \u0627\u0644\u0633\u0648\u0631\u064a \u0644\u0644\u0625\u0639\u0644\u0627\u0645 \u0648\u062d\u0631\u064a\u0629 \u0627\u0644\u062a\u0639\u0628\u064a\u0631 Syrian Center for Media and Freedom of Expression\",\"url\":\"https:\/\/scm.bz\/\",\"logo\":{\"@type\":\"ImageObject\",\"inLanguage\":\"kmr\",\"@id\":\"https:\/\/scm.bz\/#\/schema\/logo\/image\/\",\"url\":\"http:\/\/scm.bz\/wp-content\/uploads\/2021\/01\/SCM-logo-1-with-Clear-Space-1-2.png\",\"contentUrl\":\"http:\/\/scm.bz\/wp-content\/uploads\/2021\/01\/SCM-logo-1-with-Clear-Space-1-2.png\",\"width\":1450,\"height\":1450,\"caption\":\"\u0627\u0644\u0645\u0631\u0643\u0632 \u0627\u0644\u0633\u0648\u0631\u064a \u0644\u0644\u0625\u0639\u0644\u0627\u0645 \u0648\u062d\u0631\u064a\u0629 \u0627\u0644\u062a\u0639\u0628\u064a\u0631 Syrian Center for Media and Freedom of Expression\"},\"image\":{\"@id\":\"https:\/\/scm.bz\/#\/schema\/logo\/image\/\"},\"sameAs\":[\"https:\/\/www.facebook.com\/scm.center\",\"https:\/\/x.com\/SyrianCenter\"]},{\"@type\":\"Person\",\"@id\":\"https:\/\/scm.bz\/#\/schema\/person\/d116d4c43d9f3d4fe4b61619e91ead45\",\"name\":\"scmadmin\",\"image\":{\"@type\":\"ImageObject\",\"inLanguage\":\"kmr\",\"@id\":\"https:\/\/scm.bz\/#\/schema\/person\/image\/\",\"url\":\"https:\/\/secure.gravatar.com\/avatar\/8cb2b559549de2ba5e28f5d26e15c8f315b5dd63c953e348e6769ae2e88e3cdc?s=96&d=blank&r=g\",\"contentUrl\":\"https:\/\/secure.gravatar.com\/avatar\/8cb2b559549de2ba5e28f5d26e15c8f315b5dd63c953e348e6769ae2e88e3cdc?s=96&d=blank&r=g\",\"caption\":\"scmadmin\"},\"url\":\"https:\/\/scm.bz\/kmr\/author\/scmadmin\/\"}]}<\/script>\n<!-- \/ Yoast SEO Premium plugin. -->","yoast_head_json":{"title":"Ragihandinek der bar\u00ea prens\u00eep\u00ean taybet \u00ean be\u015fdar\u00eeya dezgeh\u00ean ragihandin\u00ea di pi\u015ftgir\u00eeya a\u015ft\u00eey\u00ea, hevt\u00eagiha\u015ftina navdewlet\u00ee, \u00a0bih\u00eazkirina maf\u00ean mirovan, dijat\u00eeya nijadperest\u00eey\u00ea, cudakirina nijad\u00ee \u00fb arandina li ser ceng\u00ea de - \u0627\u0644\u0645\u0631\u0643\u0632 \u0627\u0644\u0633\u0648\u0631\u064a \u0644\u0644\u0625\u0639\u0644\u0627\u0645 \u0648\u062d\u0631\u064a\u0629 \u0627\u0644\u062a\u0639\u0628\u064a\u0631 Syrian Center for Media and Freedom of Expression","description":"%","robots":{"index":"index","follow":"follow","max-snippet":"max-snippet:-1","max-image-preview":"max-image-preview:large","max-video-preview":"max-video-preview:-1"},"canonical":"https:\/\/mfu.scm.bz\/kmr\/ragihandinek-der-bare-prensipen-taybet-en-besdariya-dezgehen-ragihandine-di-pistgiriya-astiye-hevtegihastina-navdewleti-bihezkirina-mafen-mirovan-dijatiya-nijadperestiye-cudakirina-nijadi-u\/","og_locale":"en_US","og_type":"article","og_title":"Ragihandinek der bar\u00ea prens\u00eep\u00ean taybet \u00ean be\u015fdar\u00eeya dezgeh\u00ean ragihandin\u00ea di pi\u015ftgir\u00eeya a\u015ft\u00eey\u00ea, hevt\u00eagiha\u015ftina navdewlet\u00ee, \u00a0bih\u00eazkirina maf\u00ean mirovan, dijat\u00eeya nijadperest\u00eey\u00ea, cudakirina nijad\u00ee \u00fb arandina li ser ceng\u00ea de","og_description":"%","og_url":"https:\/\/mfu.scm.bz\/kmr\/ragihandinek-der-bare-prensipen-taybet-en-besdariya-dezgehen-ragihandine-di-pistgiriya-astiye-hevtegihastina-navdewleti-bihezkirina-mafen-mirovan-dijatiya-nijadperestiye-cudakirina-nijadi-u\/","og_site_name":"\u0627\u0644\u0645\u0631\u0643\u0632 \u0627\u0644\u0633\u0648\u0631\u064a \u0644\u0644\u0625\u0639\u0644\u0627\u0645 \u0648\u062d\u0631\u064a\u0629 \u0627\u0644\u062a\u0639\u0628\u064a\u0631 Syrian Center for Media and Freedom of Expression","article_publisher":"https:\/\/www.facebook.com\/scm.center","article_published_time":"2017-03-23T21:13:36+00:00","article_modified_time":"2018-02-12T19:26:54+00:00","og_image":[{"width":1450,"height":1450,"url":"https:\/\/scm.bz\/wp-content\/uploads\/2021\/01\/SCM-logo-1-with-Clear-Space-1-2.png","type":"image\/png"}],"author":"scmadmin","twitter_card":"summary_large_image","twitter_creator":"@SyrianCenter","twitter_site":"@SyrianCenter","twitter_misc":{"Written by":"scmadmin","Est. reading time":"12 minutes"},"schema":{"@context":"https:\/\/schema.org","@graph":[{"@type":"Article","@id":"https:\/\/mfu.scm.bz\/kmr\/ragihandinek-der-bare-prensipen-taybet-en-besdariya-dezgehen-ragihandine-di-pistgiriya-astiye-hevtegihastina-navdewleti-bihezkirina-mafen-mirovan-dijatiya-nijadperestiye-cudakirina-nijadi-u\/#article","isPartOf":{"@id":"https:\/\/mfu.scm.bz\/kmr\/ragihandinek-der-bare-prensipen-taybet-en-besdariya-dezgehen-ragihandine-di-pistgiriya-astiye-hevtegihastina-navdewleti-bihezkirina-mafen-mirovan-dijatiya-nijadperestiye-cudakirina-nijadi-u\/"},"author":{"name":"scmadmin","@id":"https:\/\/scm.bz\/#\/schema\/person\/d116d4c43d9f3d4fe4b61619e91ead45"},"headline":"Ragihandinek der bar\u00ea prens\u00eep\u00ean taybet \u00ean be\u015fdar\u00eeya dezgeh\u00ean ragihandin\u00ea di pi\u015ftgir\u00eeya a\u015ft\u00eey\u00ea, hevt\u00eagiha\u015ftina navdewlet\u00ee, \u00a0bih\u00eazkirina maf\u00ean mirovan, dijat\u00eeya nijadperest\u00eey\u00ea, cudakirina nijad\u00ee \u00fb arandina li ser ceng\u00ea de","datePublished":"2017-03-23T21:13:36+00:00","dateModified":"2018-02-12T19:26:54+00:00","mainEntityOfPage":{"@id":"https:\/\/mfu.scm.bz\/kmr\/ragihandinek-der-bare-prensipen-taybet-en-besdariya-dezgehen-ragihandine-di-pistgiriya-astiye-hevtegihastina-navdewleti-bihezkirina-mafen-mirovan-dijatiya-nijadperestiye-cudakirina-nijadi-u\/"},"wordCount":2427,"commentCount":0,"publisher":{"@id":"https:\/\/scm.bz\/#organization"},"articleSection":["Kovar"],"inLanguage":"kmr"},{"@type":"WebPage","@id":"https:\/\/mfu.scm.bz\/kmr\/ragihandinek-der-bare-prensipen-taybet-en-besdariya-dezgehen-ragihandine-di-pistgiriya-astiye-hevtegihastina-navdewleti-bihezkirina-mafen-mirovan-dijatiya-nijadperestiye-cudakirina-nijadi-u\/","url":"https:\/\/mfu.scm.bz\/kmr\/ragihandinek-der-bare-prensipen-taybet-en-besdariya-dezgehen-ragihandine-di-pistgiriya-astiye-hevtegihastina-navdewleti-bihezkirina-mafen-mirovan-dijatiya-nijadperestiye-cudakirina-nijadi-u\/","name":"Ragihandinek der bar\u00ea prens\u00eep\u00ean taybet \u00ean be\u015fdar\u00eeya dezgeh\u00ean ragihandin\u00ea di pi\u015ftgir\u00eeya a\u015ft\u00eey\u00ea, hevt\u00eagiha\u015ftina navdewlet\u00ee, \u00a0bih\u00eazkirina maf\u00ean mirovan, dijat\u00eeya nijadperest\u00eey\u00ea, cudakirina nijad\u00ee \u00fb arandina li ser ceng\u00ea de - \u0627\u0644\u0645\u0631\u0643\u0632 \u0627\u0644\u0633\u0648\u0631\u064a \u0644\u0644\u0625\u0639\u0644\u0627\u0645 \u0648\u062d\u0631\u064a\u0629 \u0627\u0644\u062a\u0639\u0628\u064a\u0631 Syrian Center for Media and Freedom of Expression","isPartOf":{"@id":"https:\/\/scm.bz\/#website"},"datePublished":"2017-03-23T21:13:36+00:00","dateModified":"2018-02-12T19:26:54+00:00","description":"%","breadcrumb":{"@id":"https:\/\/mfu.scm.bz\/kmr\/ragihandinek-der-bare-prensipen-taybet-en-besdariya-dezgehen-ragihandine-di-pistgiriya-astiye-hevtegihastina-navdewleti-bihezkirina-mafen-mirovan-dijatiya-nijadperestiye-cudakirina-nijadi-u\/#breadcrumb"},"inLanguage":"kmr","potentialAction":[{"@type":"ReadAction","target":["https:\/\/mfu.scm.bz\/kmr\/ragihandinek-der-bare-prensipen-taybet-en-besdariya-dezgehen-ragihandine-di-pistgiriya-astiye-hevtegihastina-navdewleti-bihezkirina-mafen-mirovan-dijatiya-nijadperestiye-cudakirina-nijadi-u\/"]}]},{"@type":"BreadcrumbList","@id":"https:\/\/mfu.scm.bz\/kmr\/ragihandinek-der-bare-prensipen-taybet-en-besdariya-dezgehen-ragihandine-di-pistgiriya-astiye-hevtegihastina-navdewleti-bihezkirina-mafen-mirovan-dijatiya-nijadperestiye-cudakirina-nijadi-u\/#breadcrumb","itemListElement":[{"@type":"ListItem","position":1,"name":"Home","item":"https:\/\/scm.bz\/kmr\/"},{"@type":"ListItem","position":2,"name":"Ragihandinek der bar\u00ea prens\u00eep\u00ean taybet \u00ean be\u015fdar\u00eeya dezgeh\u00ean ragihandin\u00ea di pi\u015ftgir\u00eeya a\u015ft\u00eey\u00ea, hevt\u00eagiha\u015ftina navdewlet\u00ee, \u00a0bih\u00eazkirina maf\u00ean mirovan, dijat\u00eeya nijadperest\u00eey\u00ea, cudakirina nijad\u00ee \u00fb arandina li ser ceng\u00ea de"}]},{"@type":"WebSite","@id":"https:\/\/scm.bz\/#website","url":"https:\/\/scm.bz\/","name":"\u0627\u0644\u0645\u0631\u0643\u0632 \u0627\u0644\u0633\u0648\u0631\u064a \u0644\u0644\u0625\u0639\u0644\u0627\u0645 \u0648\u062d\u0631\u064a\u0629 \u0627\u0644\u062a\u0639\u0628\u064a\u0631 Syrian Center for Media and Freedom of Expression","description":"","publisher":{"@id":"https:\/\/scm.bz\/#organization"},"potentialAction":[{"@type":"SearchAction","target":{"@type":"EntryPoint","urlTemplate":"https:\/\/scm.bz\/?s={search_term_string}"},"query-input":{"@type":"PropertyValueSpecification","valueRequired":true,"valueName":"search_term_string"}}],"inLanguage":"kmr"},{"@type":"Organization","@id":"https:\/\/scm.bz\/#organization","name":"\u0627\u0644\u0645\u0631\u0643\u0632 \u0627\u0644\u0633\u0648\u0631\u064a \u0644\u0644\u0625\u0639\u0644\u0627\u0645 \u0648\u062d\u0631\u064a\u0629 \u0627\u0644\u062a\u0639\u0628\u064a\u0631 Syrian Center for Media and Freedom of Expression","url":"https:\/\/scm.bz\/","logo":{"@type":"ImageObject","inLanguage":"kmr","@id":"https:\/\/scm.bz\/#\/schema\/logo\/image\/","url":"http:\/\/scm.bz\/wp-content\/uploads\/2021\/01\/SCM-logo-1-with-Clear-Space-1-2.png","contentUrl":"http:\/\/scm.bz\/wp-content\/uploads\/2021\/01\/SCM-logo-1-with-Clear-Space-1-2.png","width":1450,"height":1450,"caption":"\u0627\u0644\u0645\u0631\u0643\u0632 \u0627\u0644\u0633\u0648\u0631\u064a \u0644\u0644\u0625\u0639\u0644\u0627\u0645 \u0648\u062d\u0631\u064a\u0629 \u0627\u0644\u062a\u0639\u0628\u064a\u0631 Syrian Center for Media and Freedom of Expression"},"image":{"@id":"https:\/\/scm.bz\/#\/schema\/logo\/image\/"},"sameAs":["https:\/\/www.facebook.com\/scm.center","https:\/\/x.com\/SyrianCenter"]},{"@type":"Person","@id":"https:\/\/scm.bz\/#\/schema\/person\/d116d4c43d9f3d4fe4b61619e91ead45","name":"scmadmin","image":{"@type":"ImageObject","inLanguage":"kmr","@id":"https:\/\/scm.bz\/#\/schema\/person\/image\/","url":"https:\/\/secure.gravatar.com\/avatar\/8cb2b559549de2ba5e28f5d26e15c8f315b5dd63c953e348e6769ae2e88e3cdc?s=96&d=blank&r=g","contentUrl":"https:\/\/secure.gravatar.com\/avatar\/8cb2b559549de2ba5e28f5d26e15c8f315b5dd63c953e348e6769ae2e88e3cdc?s=96&d=blank&r=g","caption":"scmadmin"},"url":"https:\/\/scm.bz\/kmr\/author\/scmadmin\/"}]}},"_links":{"self":[{"href":"https:\/\/scm.bz\/kmr\/wp-json\/wp\/v2\/posts\/181184","targetHints":{"allow":["GET"]}}],"collection":[{"href":"https:\/\/scm.bz\/kmr\/wp-json\/wp\/v2\/posts"}],"about":[{"href":"https:\/\/scm.bz\/kmr\/wp-json\/wp\/v2\/types\/post"}],"author":[{"embeddable":true,"href":"https:\/\/scm.bz\/kmr\/wp-json\/wp\/v2\/users\/24"}],"replies":[{"embeddable":true,"href":"https:\/\/scm.bz\/kmr\/wp-json\/wp\/v2\/comments?post=181184"}],"version-history":[{"count":0,"href":"https:\/\/scm.bz\/kmr\/wp-json\/wp\/v2\/posts\/181184\/revisions"}],"wp:attachment":[{"href":"https:\/\/scm.bz\/kmr\/wp-json\/wp\/v2\/media?parent=181184"}],"wp:term":[{"taxonomy":"category","embeddable":true,"href":"https:\/\/scm.bz\/kmr\/wp-json\/wp\/v2\/categories?post=181184"},{"taxonomy":"post_tag","embeddable":true,"href":"https:\/\/scm.bz\/kmr\/wp-json\/wp\/v2\/tags?post=181184"}],"curies":[{"name":"wp","href":"https:\/\/api.w.org\/{rel}","templated":true}]}}