{"id":181154,"date":"2017-04-15T00:07:15","date_gmt":"2017-04-14T22:07:15","guid":{"rendered":"https:\/\/scm.bz\/uncategorized-kmr\/navenda-suryeyi-ya-ragihandine-u-azadiya-derbirine-destpeka-namzediye-bo-kare-revebire-projeye-radigihine"},"modified":"2018-02-11T22:37:58","modified_gmt":"2018-02-11T20:37:58","slug":"navenda-suryeyi-ya-ragihandine-u-azadiya-derbirine-destpeka-namzediye-bo-kare-revebire-projeye-radigihine","status":"publish","type":"post","link":"https:\/\/scm.bz\/kmr\/navenda-suryeyi-ya-ragihandine-u-azadiya-derbirine-destpeka-namzediye-bo-kare-revebire-projeye-radigihine\/","title":{"rendered":"Navenda S\u00fbryey\u00ee ya Ragihandin\u00ea \u00fb Azad\u00eeya Derbir\u00een\u00ea destp\u00eaka namzed\u00eey\u00ea bo kar\u00ea { r\u00eavebir\u00ea projey\u00ea } Radigih\u00eene"},"content":{"rendered":"<p dir=\"ltr\"><b>D\u00eeroka Daw\u00ee ya p\u00ea\u015fk\u00ea\u015fkirina daxwaznameyan: 25\/4\/2017<\/b><\/p>\n<p dir=\"ltr\"><span style=\"font-weight: 400;\">Navenda S\u00fbryey\u00ee ya Ragihandin\u00ea \u00fb Azad\u00eeya Derbir\u00een\u00ea destp\u00eaka namzed\u00eey\u00ea bo kar\u00ea {Berpirs\u00ea Tekn\u00eeka Agah\u00eeyan IT \u00fb Ewleh\u00eeya D\u00eec\u00eetal\u00ee} Radigih\u00eene.<\/span><\/p>\n<p dir=\"ltr\"><b>\u015eirovekirina Kar<\/b><\/p>\n<p dir=\"ltr\"><b>Nav\u00ea Kar: <\/b><span style=\"font-weight: 400;\">r\u00eavabir\u00ea projey\u00ea<\/span><\/p>\n<p dir=\"ltr\"><b>L\u00eavegera \u00eedar\u00ee: R\u00eavebir\u00ea C\u00eebic\u00eekar\u00eey\u00ea<\/b><\/p>\n<p dir=\"ltr\"><b>Cih\u00ea kar: <\/b><span style=\"font-weight: 400;\">Gaz\u00ee \u00eentap, Tirk\u00eeye<\/span><\/p>\n<p dir=\"ltr\"><b>Saet\u00ean Kar: <\/b><span style=\"font-weight: 400;\">Karek\u00ee T\u00eak\u00fbz<\/span><\/p>\n<p dir=\"ltr\"><b>Sembola kar: <\/b><span style=\"font-weight: 400;\">PM-IT Officer<\/span><\/p>\n<p dir=\"ltr\"><b>Em K\u00ee ne?<\/b><\/p>\n<p dir=\"ltr\"><b><img loading=\"lazy\" decoding=\"async\" class=\"wp-image-172474 alignright\" src=\"https:\/\/scm.bz\/wp-content\/uploads\/2017\/04\/SCM_Logo_Small.png\" alt=\"\" width=\"583\" height=\"350\" srcset=\"https:\/\/scm.bz\/wp-content\/uploads\/2017\/04\/SCM_Logo_Small.png 700w, https:\/\/scm.bz\/wp-content\/uploads\/2017\/04\/SCM_Logo_Small-300x180.png 300w, https:\/\/scm.bz\/wp-content\/uploads\/2017\/04\/SCM_Logo_Small-150x90.png 150w\" sizes=\"auto, (max-width: 583px) 100vw, 583px\" \/>Navenda S\u00fbryay\u00ee ya Ragihandin\u00ea \u00fb Azad\u00eeya Derbir\u00een\u00ea<\/b><span style=\"font-weight: 400;\">, dezgeheke S\u00fbryay\u00ee ya serbixwe \u00fb s\u00eev\u00eel e, bo pi\u015ftgir\u00ee \u00fb parastina ragih\u00eaneran \u00fb pi\u015ftgir\u00eeya demokras\u00eey\u00ea \u00fb maf\u00ean welat\u00ee \u00fb gir\u00fbpan \u00ean sereke \u00fb dadmend\u00eeya veguh\u00eaz, kar dike. Em ji bo S\u00fbryayeke p\u00ea\u015feroj\u00ea ku li ser serwer\u00eeya qan\u00fbn\u00ea \u00fb azad\u00eeya b\u00eer, bawer\u00ee \u00fb derbir\u00een\u00ea \u00fb maf\u00ean mirovan ava b\u00fbye, kar dikin.<\/span><\/p>\n<p dir=\"ltr\"><b>Cih\u00ea kar<\/b><\/p>\n<p dir=\"ltr\"><b>&#8220;Mala Rojamevan&#8221; <\/b><span style=\"font-weight: 400;\">projeyeke <\/span><b>Navenda S\u00fbryey\u00ee ya Ragihandin\u00ea \u00fb Azad\u00eeya Derbir\u00een\u00ea <\/b><span style=\"font-weight: 400;\">sereke ye.<\/span><span style=\"font-weight: 400;\"><br \/>\n<\/span><span style=\"font-weight: 400;\">mala Rojnamevan armanc dike ku bibe devereke sereke bo parastin \u00fb ge\u015fep\u00eadankirina dezgeh\u00ean ragihandin\u00ea y\u00ean S\u00fbryey\u00ee \u00fb karmend\u00ean wan.<\/span><\/p>\n<p dir=\"ltr\"><span style=\"font-weight: 400;\">Di sala 2017an de, em bal\u00ea dik\u015f\u00eenin ser parastin \u00fb ewleh\u00eeya kes\u00ean ku di war\u00ea ragihandin\u00ea \u00fb dezgeh\u00ean ragihandin\u00ea de kar dikin, her weha em \u00ea li ser h\u00easankirina gihandina hem\u00fb alav\u00ean pi\u015ftgir\u00eey\u00ea; m\u00eena peydakirina al\u00eekar\u00eeya pij\u00ee\u015fk\u00ee di rew\u015f\u00ean awarte de, yan j\u00ee al\u00eekar\u00eeya giha\u015ftina dever\u00ean ewle dema ku j\u00eeyana kes\u00ean ku di war\u00ea ragihandin\u00ea de kar dikin di bin metirs\u00eey\u00ea de be ji ber kar\u00ea wan, kar bikin.<\/span><\/p>\n<p dir=\"ltr\"><span style=\"font-weight: 400;\">Em pilan dikin ku di sal\u00ean b\u00ea de, pi\u015ftgir\u00ee \u00fb p\u00ea\u015fxistin\u00ea ji civaka ragihandin\u00ea ya S\u00fbryey\u00ee re p\u00ea\u015fk\u00ea\u015f bikin her weha em bingeh \u00fb nirx\u00ean p\u00ea\u015fekar\u00eey\u00ea bi dezgeh\u00ean ragihandin\u00ea bidin \u00e7esipandin.<\/span><\/p>\n<p dir=\"ltr\"><span style=\"font-weight: 400;\">Em li gel hevkar\u00ean navdewlet\u00ee; r\u00eaxistin\u00ean hiq\u00fbq\u00ee kar dikin da ku em p\u00eevan\u00ean parastina rojnamevanan y\u00ean navdewlet\u00ee b\u00eahtir bikin.<\/span><\/p>\n<p dir=\"ltr\"><b>Berpirsiyar\u00ee: <\/b><\/p>\n<p dir=\"ltr\"><b>Bir\u00eavebirina Projeyan<\/b><\/p>\n<ul dir=\"ltr\">\n<li><b><span style=\"font-weight: 400;\">Hevr\u00eaz\u00eeya li gel R\u00eavebir\u00ea C\u00eebic\u00eekar\u00eey\u00ea \u00fb R\u00eavebir\u00ea Programan di <\/span>Navenda S\u00fbryey\u00ee ya Ragihandin\u00ea \u00fb Azad\u00eeya Derbir\u00een\u00ea <span style=\"font-weight: 400;\">de.<\/span><\/b><\/li>\n<\/ul>\n<ul dir=\"ltr\">\n<li><span style=\"font-weight: 400;\">T\u00eakil\u00eeya berdewam li gel r\u00eaxistin\u00ea hevkar \u00ean berpirsiyar.<\/span><\/li>\n<\/ul>\n<ul dir=\"ltr\">\n<li><span style=\"font-weight: 400;\">\u015eopandina rew\u015fa rojnamevanan \u00fb kes\u00ean ku di ragihandin\u00ea de kar dikin , her weha \u015fopandina rew\u015fa S\u00fbryey\u00ea.<\/span><\/li>\n<\/ul>\n<ul dir=\"ltr\">\n<li><span style=\"font-weight: 400;\">T\u00eakil\u00eeya berdewam li gel serkar\u00ea malper\u00ea \u00fb p\u00ea\u015fxistina away\u00ean t\u00eakil\u00eey\u00ea li gel malpera \u00eel\u00eaktron\u00ee.<\/span><\/li>\n<\/ul>\n<ul dir=\"ltr\">\n<li><span style=\"font-weight: 400;\">Amadekirina daxuyan\u00eeyan.<\/span><\/li>\n<\/ul>\n<ul dir=\"ltr\">\n<li><span style=\"font-weight: 400;\">Er\u00eakirina li ser daxwaz\u00ean ku ji al\u00eey\u00ea berpirs\u00ea parasin\u00ea ve t\u00ean p\u00ea\u015fk\u00ea\u015fkirin.<\/span><\/li>\n<\/ul>\n<ul dir=\"ltr\">\n<li><span style=\"font-weight: 400;\">T\u00eakildar\u00eeya li gel r\u00eaxistin\u00ea S\u00fbryey\u00ee y\u00ean berpirsiyar.<\/span><\/li>\n<\/ul>\n<ul dir=\"ltr\">\n<li><span style=\"font-weight: 400;\">T\u00eakil\u00eeya li gel ragihandin\u00ea (eger p\u00eaw\u00eest bike)<\/span><\/li>\n<\/ul>\n<ul dir=\"ltr\">\n<li><span style=\"font-weight: 400;\">Serper\u015ft\u00eeya mijar\u00ean dirav\u00ee y\u00ean gir\u00eaday\u00ee projey\u00ea.<\/span><\/li>\n<\/ul>\n<ul dir=\"ltr\">\n<li><span style=\"font-weight: 400;\">\u015eopandina c\u00eebic\u00eekirina projeyan li gor dem\u00ean destn\u00ee\u015fankir\u00ee \u00fb amadekirina rapor\u00ean p\u00eaw\u00eest.<\/span><\/li>\n<\/ul>\n<p dir=\"ltr\"><b>Bir\u00eavebirina karmendan<\/b><\/p>\n<ul dir=\"ltr\">\n<li><b><span style=\"font-weight: 400;\"> Bir\u00eavebirina gir\u00fbpa projey\u00ea ya ku ji 12 kesan p\u00eak t\u00ea ku li S\u00fbryey\u00ea, Tirk\u00eeyey\u00ea \u00fb Francey\u00ea dim\u00eenin.<\/span><\/b><\/li>\n<\/ul>\n<p dir=\"ltr\"><b>J\u00eahatin\u00ean p\u00eaw\u00eest:<\/b><\/p>\n<ul dir=\"ltr\">\n<li><b><span style=\"font-weight: 400;\">Bawernameyeke Zankoy\u00ee<\/span><\/b><\/li>\n<\/ul>\n<ul dir=\"ltr\">\n<li><span style=\"font-weight: 400;\">Tecrubeya ji 3 ta 5 salan di kar\u00ea hevr\u00eazkirin \u00fb bir\u00eavebirina projeyan.<\/span><\/li>\n<\/ul>\n<ul dir=\"ltr\">\n<li><span style=\"font-weight: 400;\">Tecrubeyeke kar li gel r\u00eaxistin\u00ean ku perey\u00ean xwe ji al\u00eey\u00ean navdewlet\u00ee werdigirin.<\/span><\/li>\n<\/ul>\n<ul dir=\"ltr\">\n<li><span style=\"font-weight: 400;\">Teqez\u00eeya kar\u00eena niv\u00eesandina raporan bi ziman\u00ea \u00eengil\u00eez\u00ee.<\/span><\/li>\n<\/ul>\n<ul dir=\"ltr\">\n<li><span style=\"font-weight: 400;\">J\u00eahatinek di computer\u00ea de \u00fb di program\u00ean Word, Excel \u00fb Power Point de.<\/span><\/li>\n<\/ul>\n<ul dir=\"ltr\">\n<li><span style=\"font-weight: 400;\">Kar\u00eena li ser kar\u00ea xwed\u00ee serkar\u00eeyeke s\u00eenordar, nermb\u00fbn \u00fb amadeb\u00fbna ji kar re li nav j\u00eengeh\u00ean \u00e7and\u00ee y\u00ean c\u00fbrbec\u00fbr.<\/span><\/li>\n<\/ul>\n<ul dir=\"ltr\">\n<li><span style=\"font-weight: 400;\">J\u00eahat\u00eeb\u00fbna \u00e7\u00eakirina p\u00eawend\u00eeyan: kar\u00eena avakirina t\u00eakil\u00eey\u00ea li gel hevkaran.<\/span><\/li>\n<\/ul>\n<ul dir=\"ltr\">\n<li><span style=\"font-weight: 400;\">Zan\u00eena her du ziman\u00ean \u00cengil\u00eez\u00ee \u00fb Ereb\u00ee (sereke)<\/span><\/li>\n<\/ul>\n<ul dir=\"ltr\">\n<li><span style=\"font-weight: 400;\">Kar\u00eena kirina kar di bin zext\u00ea de.<\/span><\/li>\n<\/ul>\n<ul dir=\"ltr\">\n<li><span style=\"font-weight: 400;\">Valab\u00fbna ji kar re.<\/span><\/li>\n<\/ul>\n<p dir=\"ltr\"><b>Pesn\u00ean gir\u00eadana kar:<\/b><\/p>\n<ul dir=\"ltr\">\n<li><b><span style=\"font-weight: 400;\">Dir\u00eajah\u00eeya dema gir\u00eadan\u00ea: Salek, dibe ku were dir\u00eajkirin.<\/span><\/b><\/li>\n<\/ul>\n<ul dir=\"ltr\">\n<li><span style=\"font-weight: 400;\">Dema destp\u00eaka kar: tavil\u00ea<\/span><\/li>\n<\/ul>\n<p dir=\"ltr\"><b>Away\u00ean p\u00ea\u015fk\u00ea\u015fkirina daxwaznamey\u00ea\u00ca<\/b><\/p>\n<p dir=\"ltr\"><span style=\"font-weight: 400;\">Ji kerema xwe re, kop\u00eeyek\u00ea ji j\u00eeyannameya xwe (her\u00ee z\u00eade du r\u00fbpelan) li gel nameyeke ku bersiva van pirsan dide:<\/span><\/p>\n<ul dir=\"ltr\">\n<li style=\"font-weight: 400;\"><span style=\"font-weight: 400;\">Tu \u00e7ima dixwaz\u00ee v\u00ee kar\u00ee bike?<\/span><\/li>\n<li style=\"font-weight: 400;\"><span style=\"font-weight: 400;\">Tu \u00e7awa zan\u00ee k utu dikar\u00ee li gor v\u00ee kar\u00ee be?<\/span><\/li>\n<li style=\"font-weight: 400;\"><span style=\"font-weight: 400;\">Nav, numarey\u00ean telephone \u00fb email\u00ean kdu kes\u00ean ku dikarin tewsiyeyek\u00ea bot e peyda bikin.<\/span><\/li>\n<li style=\"font-weight: 400;\"><span style=\"font-weight: 400;\">R\u00eadana r\u00fbni\u015ftin \u00fb kar li Tirk\u00eeyey\u00ea.<\/span><\/li>\n<\/ul>\n<p dir=\"ltr\"><span style=\"font-weight: 400;\">Bi\u015f\u00eene v\u00ea email\u00ea: <\/span><a href=\"mailto:info@scm.bz\"><span style=\"font-weight: 400;\">info@scm.bz<\/span><\/a><span style=\"font-weight: 400;\"> li gel niv\u00eesandina sembola kar di cih\u00ea mijar\u00ea de.<\/span><\/p>\n<p dir=\"ltr\"><span style=\"font-weight: 400;\">D\u00eeroka Daw\u00ee ya p\u00ea\u015fk\u00ea\u015fkirina daxwaznameyan: 21\/4\/2017<\/span><\/p>\n<p dir=\"ltr\"><b>Divabe r\u00eadana kar li Tirk\u00eeyey\u00ea li gel kes\u00ea ku dixwaze v\u00ee kar\u00ee bike, peyda be.<\/b><\/p>\n<p dir=\"ltr\"><b>Navenda S\u00fbryey\u00ee ya Ragihandin\u00ea \u00fb Azad\u00eeya Derbir\u00een\u00ea <\/b><span style=\"font-weight: 400;\">d\u00ea t\u00eakil\u00eey\u00ea ten\u00ea bi kes\u00ean ku merc\u00ean p\u00ea\u015fk\u00ea\u015fkirina ji kar re bi cih t\u00eenin, deyne.<\/span><\/p>\n<p dir=\"ltr\"><b>Navenda S\u00fbryey\u00ee ya Ragihandin\u00ea \u00fb Azad\u00eeya Derbir\u00een\u00ea<\/b><span style=\"font-weight: 400;\"> hewl dide ku li ser prins\u00eepa wekehev\u00eeya derfetan, wekhev\u00eeya di nav namzed\u00ean kar de b\u00eay\u00ee c\u00fbdakirin\u00ea, ava bibe. Em dixwazin reng\u00een\u00eeya karmendan di dezgeh\u00ea de peyda bikin b\u00eay\u00ee ku zayend, nijad, bawer\u00eey\u00ean ol\u00ee an netew\u00ee \u00fb temen ber\u00e7av bigirin.<\/span><\/p>\n<p dir=\"ltr\">\n","protected":false},"excerpt":{"rendered":"<p>D\u00eeroka Daw\u00ee ya p\u00ea\u015fk\u00ea\u015fkirina daxwaznameyan: 25\/4\/2017 Navenda S\u00fbryey\u00ee ya Ragihandin\u00ea \u00fb Azad\u00eeya Derbir\u00een\u00ea destp\u00eaka namzed\u00eey\u00ea bo kar\u00ea {Berpirs\u00ea Tekn\u00eeka Agah\u00eeyan IT \u00fb Ewleh\u00eeya D\u00eec\u00eetal\u00ee} Radigih\u00eene. \u015eirovekirina Kar Nav\u00ea Kar: r\u00eavabir\u00ea projey\u00ea L\u00eavegera \u00eedar\u00ee: R\u00eavebir\u00ea C\u00eebic\u00eekar\u00eey\u00ea Cih\u00ea kar: Gaz\u00ee \u00eentap, Tirk\u00eeye Saet\u00ean Kar: Karek\u00ee T\u00eak\u00fbz Sembola kar: PM-IT Officer Em K\u00ee ne? Navenda S\u00fbryay\u00ee ya Ragihandin\u00ea [&hellip;]<\/p>\n","protected":false},"author":24,"featured_media":180684,"comment_status":"open","ping_status":"open","sticky":false,"template":"","format":"standard","meta":{"_acf_changed":false,"footnotes":""},"categories":[329],"tags":[],"class_list":["post-181154","post","type-post","status-publish","format-standard","has-post-thumbnail","hentry","category-jobs-kmr","post-wrapper"],"acf":[],"yoast_head":"<!-- This site is optimized with the Yoast SEO Premium plugin v20.6 (Yoast SEO v26.5) - https:\/\/yoast.com\/wordpress\/plugins\/seo\/ -->\n<title>Navenda S\u00fbryey\u00ee ya Ragihandin\u00ea \u00fb Azad\u00eeya Derbir\u00een\u00ea destp\u00eaka namzed\u00eey\u00ea bo kar\u00ea { r\u00eavebir\u00ea projey\u00ea } Radigih\u00eene - \u0627\u0644\u0645\u0631\u0643\u0632 \u0627\u0644\u0633\u0648\u0631\u064a \u0644\u0644\u0625\u0639\u0644\u0627\u0645 \u0648\u062d\u0631\u064a\u0629 \u0627\u0644\u062a\u0639\u0628\u064a\u0631 Syrian Center for Media and Freedom of Expression<\/title>\n<meta name=\"description\" content=\"%\" \/>\n<meta name=\"robots\" content=\"index, follow, max-snippet:-1, max-image-preview:large, max-video-preview:-1\" \/>\n<link rel=\"canonical\" href=\"https:\/\/new.scm.bz\/\u0627\u0644\u0645\u0631\u0643\u0632-\u0627\u0644\u0633\u0648\u0631\u064a-\u0644\u0644\u0625\u0639\u0644\u0627\u0645-\u0648\u062d\u0631\u064a\u0629-\u0627\u0644\u062a\u0639\u0628\u064a\u0631-\u064a-2\/\" \/>\n<meta property=\"og:locale\" content=\"en_US\" \/>\n<meta property=\"og:type\" content=\"article\" \/>\n<meta property=\"og:title\" content=\"Navenda S\u00fbryey\u00ee ya Ragihandin\u00ea \u00fb Azad\u00eeya Derbir\u00een\u00ea destp\u00eaka namzed\u00eey\u00ea bo kar\u00ea { r\u00eavebir\u00ea projey\u00ea } Radigih\u00eene\" \/>\n<meta property=\"og:description\" content=\"%\" \/>\n<meta property=\"og:url\" content=\"https:\/\/new.scm.bz\/\u0627\u0644\u0645\u0631\u0643\u0632-\u0627\u0644\u0633\u0648\u0631\u064a-\u0644\u0644\u0625\u0639\u0644\u0627\u0645-\u0648\u062d\u0631\u064a\u0629-\u0627\u0644\u062a\u0639\u0628\u064a\u0631-\u064a-2\/\" \/>\n<meta property=\"og:site_name\" content=\"\u0627\u0644\u0645\u0631\u0643\u0632 \u0627\u0644\u0633\u0648\u0631\u064a \u0644\u0644\u0625\u0639\u0644\u0627\u0645 \u0648\u062d\u0631\u064a\u0629 \u0627\u0644\u062a\u0639\u0628\u064a\u0631 Syrian Center for Media and Freedom of Expression\" \/>\n<meta property=\"article:publisher\" content=\"https:\/\/www.facebook.com\/scm.center\" \/>\n<meta property=\"article:published_time\" content=\"2017-04-14T22:07:15+00:00\" \/>\n<meta property=\"article:modified_time\" content=\"2018-02-11T20:37:58+00:00\" \/>\n<meta property=\"og:image\" content=\"https:\/\/new.scm.bz\/wp-content\/uploads\/2017\/04\/scm_logo_S.png\" \/>\n\t<meta property=\"og:image:width\" content=\"700\" \/>\n\t<meta property=\"og:image:height\" content=\"420\" \/>\n\t<meta property=\"og:image:type\" content=\"image\/png\" \/>\n<meta name=\"author\" content=\"scmadmin\" \/>\n<meta name=\"twitter:card\" content=\"summary_large_image\" \/>\n<meta name=\"twitter:creator\" content=\"@SyrianCenter\" \/>\n<meta name=\"twitter:site\" content=\"@SyrianCenter\" \/>\n<meta name=\"twitter:label1\" content=\"Written by\" \/>\n\t<meta name=\"twitter:data1\" content=\"scmadmin\" \/>\n\t<meta name=\"twitter:label2\" content=\"Est. reading time\" \/>\n\t<meta name=\"twitter:data2\" content=\"4 minutes\" \/>\n<script type=\"application\/ld+json\" class=\"yoast-schema-graph\">{\"@context\":\"https:\/\/schema.org\",\"@graph\":[{\"@type\":\"Article\",\"@id\":\"https:\/\/new.scm.bz\/%d8%a7%d9%84%d9%85%d8%b1%d9%83%d8%b2-%d8%a7%d9%84%d8%b3%d9%88%d8%b1%d9%8a-%d9%84%d9%84%d8%a5%d8%b9%d9%84%d8%a7%d9%85-%d9%88%d8%ad%d8%b1%d9%8a%d8%a9-%d8%a7%d9%84%d8%aa%d8%b9%d8%a8%d9%8a%d8%b1-%d9%8a-2\/#article\",\"isPartOf\":{\"@id\":\"https:\/\/new.scm.bz\/%d8%a7%d9%84%d9%85%d8%b1%d9%83%d8%b2-%d8%a7%d9%84%d8%b3%d9%88%d8%b1%d9%8a-%d9%84%d9%84%d8%a5%d8%b9%d9%84%d8%a7%d9%85-%d9%88%d8%ad%d8%b1%d9%8a%d8%a9-%d8%a7%d9%84%d8%aa%d8%b9%d8%a8%d9%8a%d8%b1-%d9%8a-2\/\"},\"author\":{\"name\":\"scmadmin\",\"@id\":\"https:\/\/scm.bz\/#\/schema\/person\/d116d4c43d9f3d4fe4b61619e91ead45\"},\"headline\":\"Navenda S\u00fbryey\u00ee ya Ragihandin\u00ea \u00fb Azad\u00eeya Derbir\u00een\u00ea destp\u00eaka namzed\u00eey\u00ea bo kar\u00ea { r\u00eavebir\u00ea projey\u00ea } Radigih\u00eene\",\"datePublished\":\"2017-04-14T22:07:15+00:00\",\"dateModified\":\"2018-02-11T20:37:58+00:00\",\"mainEntityOfPage\":{\"@id\":\"https:\/\/new.scm.bz\/%d8%a7%d9%84%d9%85%d8%b1%d9%83%d8%b2-%d8%a7%d9%84%d8%b3%d9%88%d8%b1%d9%8a-%d9%84%d9%84%d8%a5%d8%b9%d9%84%d8%a7%d9%85-%d9%88%d8%ad%d8%b1%d9%8a%d8%a9-%d8%a7%d9%84%d8%aa%d8%b9%d8%a8%d9%8a%d8%b1-%d9%8a-2\/\"},\"wordCount\":882,\"commentCount\":0,\"publisher\":{\"@id\":\"https:\/\/scm.bz\/#organization\"},\"image\":{\"@id\":\"https:\/\/new.scm.bz\/%d8%a7%d9%84%d9%85%d8%b1%d9%83%d8%b2-%d8%a7%d9%84%d8%b3%d9%88%d8%b1%d9%8a-%d9%84%d9%84%d8%a5%d8%b9%d9%84%d8%a7%d9%85-%d9%88%d8%ad%d8%b1%d9%8a%d8%a9-%d8%a7%d9%84%d8%aa%d8%b9%d8%a8%d9%8a%d8%b1-%d9%8a-2\/#primaryimage\"},\"thumbnailUrl\":\"https:\/\/scm.bz\/wp-content\/uploads\/2017\/04\/scm_logo_S.png\",\"articleSection\":[\"Rah\u00eenan \u00fb Be\u015fdar\u00ee\"],\"inLanguage\":\"kmr\"},{\"@type\":\"WebPage\",\"@id\":\"https:\/\/new.scm.bz\/%d8%a7%d9%84%d9%85%d8%b1%d9%83%d8%b2-%d8%a7%d9%84%d8%b3%d9%88%d8%b1%d9%8a-%d9%84%d9%84%d8%a5%d8%b9%d9%84%d8%a7%d9%85-%d9%88%d8%ad%d8%b1%d9%8a%d8%a9-%d8%a7%d9%84%d8%aa%d8%b9%d8%a8%d9%8a%d8%b1-%d9%8a-2\/\",\"url\":\"https:\/\/new.scm.bz\/%d8%a7%d9%84%d9%85%d8%b1%d9%83%d8%b2-%d8%a7%d9%84%d8%b3%d9%88%d8%b1%d9%8a-%d9%84%d9%84%d8%a5%d8%b9%d9%84%d8%a7%d9%85-%d9%88%d8%ad%d8%b1%d9%8a%d8%a9-%d8%a7%d9%84%d8%aa%d8%b9%d8%a8%d9%8a%d8%b1-%d9%8a-2\/\",\"name\":\"Navenda S\u00fbryey\u00ee ya Ragihandin\u00ea \u00fb Azad\u00eeya Derbir\u00een\u00ea destp\u00eaka namzed\u00eey\u00ea bo kar\u00ea { r\u00eavebir\u00ea projey\u00ea } Radigih\u00eene - \u0627\u0644\u0645\u0631\u0643\u0632 \u0627\u0644\u0633\u0648\u0631\u064a \u0644\u0644\u0625\u0639\u0644\u0627\u0645 \u0648\u062d\u0631\u064a\u0629 \u0627\u0644\u062a\u0639\u0628\u064a\u0631 Syrian Center for Media and Freedom of Expression\",\"isPartOf\":{\"@id\":\"https:\/\/scm.bz\/#website\"},\"primaryImageOfPage\":{\"@id\":\"https:\/\/new.scm.bz\/%d8%a7%d9%84%d9%85%d8%b1%d9%83%d8%b2-%d8%a7%d9%84%d8%b3%d9%88%d8%b1%d9%8a-%d9%84%d9%84%d8%a5%d8%b9%d9%84%d8%a7%d9%85-%d9%88%d8%ad%d8%b1%d9%8a%d8%a9-%d8%a7%d9%84%d8%aa%d8%b9%d8%a8%d9%8a%d8%b1-%d9%8a-2\/#primaryimage\"},\"image\":{\"@id\":\"https:\/\/new.scm.bz\/%d8%a7%d9%84%d9%85%d8%b1%d9%83%d8%b2-%d8%a7%d9%84%d8%b3%d9%88%d8%b1%d9%8a-%d9%84%d9%84%d8%a5%d8%b9%d9%84%d8%a7%d9%85-%d9%88%d8%ad%d8%b1%d9%8a%d8%a9-%d8%a7%d9%84%d8%aa%d8%b9%d8%a8%d9%8a%d8%b1-%d9%8a-2\/#primaryimage\"},\"thumbnailUrl\":\"https:\/\/scm.bz\/wp-content\/uploads\/2017\/04\/scm_logo_S.png\",\"datePublished\":\"2017-04-14T22:07:15+00:00\",\"dateModified\":\"2018-02-11T20:37:58+00:00\",\"description\":\"%\",\"breadcrumb\":{\"@id\":\"https:\/\/new.scm.bz\/%d8%a7%d9%84%d9%85%d8%b1%d9%83%d8%b2-%d8%a7%d9%84%d8%b3%d9%88%d8%b1%d9%8a-%d9%84%d9%84%d8%a5%d8%b9%d9%84%d8%a7%d9%85-%d9%88%d8%ad%d8%b1%d9%8a%d8%a9-%d8%a7%d9%84%d8%aa%d8%b9%d8%a8%d9%8a%d8%b1-%d9%8a-2\/#breadcrumb\"},\"inLanguage\":\"kmr\",\"potentialAction\":[{\"@type\":\"ReadAction\",\"target\":[\"https:\/\/new.scm.bz\/%d8%a7%d9%84%d9%85%d8%b1%d9%83%d8%b2-%d8%a7%d9%84%d8%b3%d9%88%d8%b1%d9%8a-%d9%84%d9%84%d8%a5%d8%b9%d9%84%d8%a7%d9%85-%d9%88%d8%ad%d8%b1%d9%8a%d8%a9-%d8%a7%d9%84%d8%aa%d8%b9%d8%a8%d9%8a%d8%b1-%d9%8a-2\/\"]}]},{\"@type\":\"ImageObject\",\"inLanguage\":\"kmr\",\"@id\":\"https:\/\/new.scm.bz\/%d8%a7%d9%84%d9%85%d8%b1%d9%83%d8%b2-%d8%a7%d9%84%d8%b3%d9%88%d8%b1%d9%8a-%d9%84%d9%84%d8%a5%d8%b9%d9%84%d8%a7%d9%85-%d9%88%d8%ad%d8%b1%d9%8a%d8%a9-%d8%a7%d9%84%d8%aa%d8%b9%d8%a8%d9%8a%d8%b1-%d9%8a-2\/#primaryimage\",\"url\":\"https:\/\/scm.bz\/wp-content\/uploads\/2017\/04\/scm_logo_S.png\",\"contentUrl\":\"https:\/\/scm.bz\/wp-content\/uploads\/2017\/04\/scm_logo_S.png\",\"width\":700,\"height\":420},{\"@type\":\"BreadcrumbList\",\"@id\":\"https:\/\/new.scm.bz\/%d8%a7%d9%84%d9%85%d8%b1%d9%83%d8%b2-%d8%a7%d9%84%d8%b3%d9%88%d8%b1%d9%8a-%d9%84%d9%84%d8%a5%d8%b9%d9%84%d8%a7%d9%85-%d9%88%d8%ad%d8%b1%d9%8a%d8%a9-%d8%a7%d9%84%d8%aa%d8%b9%d8%a8%d9%8a%d8%b1-%d9%8a-2\/#breadcrumb\",\"itemListElement\":[{\"@type\":\"ListItem\",\"position\":1,\"name\":\"Home\",\"item\":\"https:\/\/scm.bz\/kmr\/\"},{\"@type\":\"ListItem\",\"position\":2,\"name\":\"Navenda S\u00fbryey\u00ee ya Ragihandin\u00ea \u00fb Azad\u00eeya Derbir\u00een\u00ea destp\u00eaka namzed\u00eey\u00ea bo kar\u00ea { r\u00eavebir\u00ea projey\u00ea } Radigih\u00eene\"}]},{\"@type\":\"WebSite\",\"@id\":\"https:\/\/scm.bz\/#website\",\"url\":\"https:\/\/scm.bz\/\",\"name\":\"\u0627\u0644\u0645\u0631\u0643\u0632 \u0627\u0644\u0633\u0648\u0631\u064a \u0644\u0644\u0625\u0639\u0644\u0627\u0645 \u0648\u062d\u0631\u064a\u0629 \u0627\u0644\u062a\u0639\u0628\u064a\u0631 Syrian Center for Media and Freedom of Expression\",\"description\":\"\",\"publisher\":{\"@id\":\"https:\/\/scm.bz\/#organization\"},\"potentialAction\":[{\"@type\":\"SearchAction\",\"target\":{\"@type\":\"EntryPoint\",\"urlTemplate\":\"https:\/\/scm.bz\/?s={search_term_string}\"},\"query-input\":{\"@type\":\"PropertyValueSpecification\",\"valueRequired\":true,\"valueName\":\"search_term_string\"}}],\"inLanguage\":\"kmr\"},{\"@type\":\"Organization\",\"@id\":\"https:\/\/scm.bz\/#organization\",\"name\":\"\u0627\u0644\u0645\u0631\u0643\u0632 \u0627\u0644\u0633\u0648\u0631\u064a \u0644\u0644\u0625\u0639\u0644\u0627\u0645 \u0648\u062d\u0631\u064a\u0629 \u0627\u0644\u062a\u0639\u0628\u064a\u0631 Syrian Center for Media and Freedom of Expression\",\"url\":\"https:\/\/scm.bz\/\",\"logo\":{\"@type\":\"ImageObject\",\"inLanguage\":\"kmr\",\"@id\":\"https:\/\/scm.bz\/#\/schema\/logo\/image\/\",\"url\":\"http:\/\/scm.bz\/wp-content\/uploads\/2021\/01\/SCM-logo-1-with-Clear-Space-1-2.png\",\"contentUrl\":\"http:\/\/scm.bz\/wp-content\/uploads\/2021\/01\/SCM-logo-1-with-Clear-Space-1-2.png\",\"width\":1450,\"height\":1450,\"caption\":\"\u0627\u0644\u0645\u0631\u0643\u0632 \u0627\u0644\u0633\u0648\u0631\u064a \u0644\u0644\u0625\u0639\u0644\u0627\u0645 \u0648\u062d\u0631\u064a\u0629 \u0627\u0644\u062a\u0639\u0628\u064a\u0631 Syrian Center for Media and Freedom of Expression\"},\"image\":{\"@id\":\"https:\/\/scm.bz\/#\/schema\/logo\/image\/\"},\"sameAs\":[\"https:\/\/www.facebook.com\/scm.center\",\"https:\/\/x.com\/SyrianCenter\"]},{\"@type\":\"Person\",\"@id\":\"https:\/\/scm.bz\/#\/schema\/person\/d116d4c43d9f3d4fe4b61619e91ead45\",\"name\":\"scmadmin\",\"image\":{\"@type\":\"ImageObject\",\"inLanguage\":\"kmr\",\"@id\":\"https:\/\/scm.bz\/#\/schema\/person\/image\/\",\"url\":\"https:\/\/secure.gravatar.com\/avatar\/8cb2b559549de2ba5e28f5d26e15c8f315b5dd63c953e348e6769ae2e88e3cdc?s=96&d=blank&r=g\",\"contentUrl\":\"https:\/\/secure.gravatar.com\/avatar\/8cb2b559549de2ba5e28f5d26e15c8f315b5dd63c953e348e6769ae2e88e3cdc?s=96&d=blank&r=g\",\"caption\":\"scmadmin\"},\"url\":\"https:\/\/scm.bz\/kmr\/author\/scmadmin\/\"}]}<\/script>\n<!-- \/ Yoast SEO Premium plugin. -->","yoast_head_json":{"title":"Navenda S\u00fbryey\u00ee ya Ragihandin\u00ea \u00fb Azad\u00eeya Derbir\u00een\u00ea destp\u00eaka namzed\u00eey\u00ea bo kar\u00ea { r\u00eavebir\u00ea projey\u00ea } Radigih\u00eene - \u0627\u0644\u0645\u0631\u0643\u0632 \u0627\u0644\u0633\u0648\u0631\u064a \u0644\u0644\u0625\u0639\u0644\u0627\u0645 \u0648\u062d\u0631\u064a\u0629 \u0627\u0644\u062a\u0639\u0628\u064a\u0631 Syrian Center for Media and Freedom of Expression","description":"%","robots":{"index":"index","follow":"follow","max-snippet":"max-snippet:-1","max-image-preview":"max-image-preview:large","max-video-preview":"max-video-preview:-1"},"canonical":"https:\/\/new.scm.bz\/\u0627\u0644\u0645\u0631\u0643\u0632-\u0627\u0644\u0633\u0648\u0631\u064a-\u0644\u0644\u0625\u0639\u0644\u0627\u0645-\u0648\u062d\u0631\u064a\u0629-\u0627\u0644\u062a\u0639\u0628\u064a\u0631-\u064a-2\/","og_locale":"en_US","og_type":"article","og_title":"Navenda S\u00fbryey\u00ee ya Ragihandin\u00ea \u00fb Azad\u00eeya Derbir\u00een\u00ea destp\u00eaka namzed\u00eey\u00ea bo kar\u00ea { r\u00eavebir\u00ea projey\u00ea } Radigih\u00eene","og_description":"%","og_url":"https:\/\/new.scm.bz\/\u0627\u0644\u0645\u0631\u0643\u0632-\u0627\u0644\u0633\u0648\u0631\u064a-\u0644\u0644\u0625\u0639\u0644\u0627\u0645-\u0648\u062d\u0631\u064a\u0629-\u0627\u0644\u062a\u0639\u0628\u064a\u0631-\u064a-2\/","og_site_name":"\u0627\u0644\u0645\u0631\u0643\u0632 \u0627\u0644\u0633\u0648\u0631\u064a \u0644\u0644\u0625\u0639\u0644\u0627\u0645 \u0648\u062d\u0631\u064a\u0629 \u0627\u0644\u062a\u0639\u0628\u064a\u0631 Syrian Center for Media and Freedom of Expression","article_publisher":"https:\/\/www.facebook.com\/scm.center","article_published_time":"2017-04-14T22:07:15+00:00","article_modified_time":"2018-02-11T20:37:58+00:00","og_image":[{"width":700,"height":420,"url":"https:\/\/new.scm.bz\/wp-content\/uploads\/2017\/04\/scm_logo_S.png","type":"image\/png"}],"author":"scmadmin","twitter_card":"summary_large_image","twitter_creator":"@SyrianCenter","twitter_site":"@SyrianCenter","twitter_misc":{"Written by":"scmadmin","Est. reading time":"4 minutes"},"schema":{"@context":"https:\/\/schema.org","@graph":[{"@type":"Article","@id":"https:\/\/new.scm.bz\/%d8%a7%d9%84%d9%85%d8%b1%d9%83%d8%b2-%d8%a7%d9%84%d8%b3%d9%88%d8%b1%d9%8a-%d9%84%d9%84%d8%a5%d8%b9%d9%84%d8%a7%d9%85-%d9%88%d8%ad%d8%b1%d9%8a%d8%a9-%d8%a7%d9%84%d8%aa%d8%b9%d8%a8%d9%8a%d8%b1-%d9%8a-2\/#article","isPartOf":{"@id":"https:\/\/new.scm.bz\/%d8%a7%d9%84%d9%85%d8%b1%d9%83%d8%b2-%d8%a7%d9%84%d8%b3%d9%88%d8%b1%d9%8a-%d9%84%d9%84%d8%a5%d8%b9%d9%84%d8%a7%d9%85-%d9%88%d8%ad%d8%b1%d9%8a%d8%a9-%d8%a7%d9%84%d8%aa%d8%b9%d8%a8%d9%8a%d8%b1-%d9%8a-2\/"},"author":{"name":"scmadmin","@id":"https:\/\/scm.bz\/#\/schema\/person\/d116d4c43d9f3d4fe4b61619e91ead45"},"headline":"Navenda S\u00fbryey\u00ee ya Ragihandin\u00ea \u00fb Azad\u00eeya Derbir\u00een\u00ea destp\u00eaka namzed\u00eey\u00ea bo kar\u00ea { r\u00eavebir\u00ea projey\u00ea } Radigih\u00eene","datePublished":"2017-04-14T22:07:15+00:00","dateModified":"2018-02-11T20:37:58+00:00","mainEntityOfPage":{"@id":"https:\/\/new.scm.bz\/%d8%a7%d9%84%d9%85%d8%b1%d9%83%d8%b2-%d8%a7%d9%84%d8%b3%d9%88%d8%b1%d9%8a-%d9%84%d9%84%d8%a5%d8%b9%d9%84%d8%a7%d9%85-%d9%88%d8%ad%d8%b1%d9%8a%d8%a9-%d8%a7%d9%84%d8%aa%d8%b9%d8%a8%d9%8a%d8%b1-%d9%8a-2\/"},"wordCount":882,"commentCount":0,"publisher":{"@id":"https:\/\/scm.bz\/#organization"},"image":{"@id":"https:\/\/new.scm.bz\/%d8%a7%d9%84%d9%85%d8%b1%d9%83%d8%b2-%d8%a7%d9%84%d8%b3%d9%88%d8%b1%d9%8a-%d9%84%d9%84%d8%a5%d8%b9%d9%84%d8%a7%d9%85-%d9%88%d8%ad%d8%b1%d9%8a%d8%a9-%d8%a7%d9%84%d8%aa%d8%b9%d8%a8%d9%8a%d8%b1-%d9%8a-2\/#primaryimage"},"thumbnailUrl":"https:\/\/scm.bz\/wp-content\/uploads\/2017\/04\/scm_logo_S.png","articleSection":["Rah\u00eenan \u00fb Be\u015fdar\u00ee"],"inLanguage":"kmr"},{"@type":"WebPage","@id":"https:\/\/new.scm.bz\/%d8%a7%d9%84%d9%85%d8%b1%d9%83%d8%b2-%d8%a7%d9%84%d8%b3%d9%88%d8%b1%d9%8a-%d9%84%d9%84%d8%a5%d8%b9%d9%84%d8%a7%d9%85-%d9%88%d8%ad%d8%b1%d9%8a%d8%a9-%d8%a7%d9%84%d8%aa%d8%b9%d8%a8%d9%8a%d8%b1-%d9%8a-2\/","url":"https:\/\/new.scm.bz\/%d8%a7%d9%84%d9%85%d8%b1%d9%83%d8%b2-%d8%a7%d9%84%d8%b3%d9%88%d8%b1%d9%8a-%d9%84%d9%84%d8%a5%d8%b9%d9%84%d8%a7%d9%85-%d9%88%d8%ad%d8%b1%d9%8a%d8%a9-%d8%a7%d9%84%d8%aa%d8%b9%d8%a8%d9%8a%d8%b1-%d9%8a-2\/","name":"Navenda S\u00fbryey\u00ee ya Ragihandin\u00ea \u00fb Azad\u00eeya Derbir\u00een\u00ea destp\u00eaka namzed\u00eey\u00ea bo kar\u00ea { r\u00eavebir\u00ea projey\u00ea } Radigih\u00eene - \u0627\u0644\u0645\u0631\u0643\u0632 \u0627\u0644\u0633\u0648\u0631\u064a \u0644\u0644\u0625\u0639\u0644\u0627\u0645 \u0648\u062d\u0631\u064a\u0629 \u0627\u0644\u062a\u0639\u0628\u064a\u0631 Syrian Center for Media and Freedom of Expression","isPartOf":{"@id":"https:\/\/scm.bz\/#website"},"primaryImageOfPage":{"@id":"https:\/\/new.scm.bz\/%d8%a7%d9%84%d9%85%d8%b1%d9%83%d8%b2-%d8%a7%d9%84%d8%b3%d9%88%d8%b1%d9%8a-%d9%84%d9%84%d8%a5%d8%b9%d9%84%d8%a7%d9%85-%d9%88%d8%ad%d8%b1%d9%8a%d8%a9-%d8%a7%d9%84%d8%aa%d8%b9%d8%a8%d9%8a%d8%b1-%d9%8a-2\/#primaryimage"},"image":{"@id":"https:\/\/new.scm.bz\/%d8%a7%d9%84%d9%85%d8%b1%d9%83%d8%b2-%d8%a7%d9%84%d8%b3%d9%88%d8%b1%d9%8a-%d9%84%d9%84%d8%a5%d8%b9%d9%84%d8%a7%d9%85-%d9%88%d8%ad%d8%b1%d9%8a%d8%a9-%d8%a7%d9%84%d8%aa%d8%b9%d8%a8%d9%8a%d8%b1-%d9%8a-2\/#primaryimage"},"thumbnailUrl":"https:\/\/scm.bz\/wp-content\/uploads\/2017\/04\/scm_logo_S.png","datePublished":"2017-04-14T22:07:15+00:00","dateModified":"2018-02-11T20:37:58+00:00","description":"%","breadcrumb":{"@id":"https:\/\/new.scm.bz\/%d8%a7%d9%84%d9%85%d8%b1%d9%83%d8%b2-%d8%a7%d9%84%d8%b3%d9%88%d8%b1%d9%8a-%d9%84%d9%84%d8%a5%d8%b9%d9%84%d8%a7%d9%85-%d9%88%d8%ad%d8%b1%d9%8a%d8%a9-%d8%a7%d9%84%d8%aa%d8%b9%d8%a8%d9%8a%d8%b1-%d9%8a-2\/#breadcrumb"},"inLanguage":"kmr","potentialAction":[{"@type":"ReadAction","target":["https:\/\/new.scm.bz\/%d8%a7%d9%84%d9%85%d8%b1%d9%83%d8%b2-%d8%a7%d9%84%d8%b3%d9%88%d8%b1%d9%8a-%d9%84%d9%84%d8%a5%d8%b9%d9%84%d8%a7%d9%85-%d9%88%d8%ad%d8%b1%d9%8a%d8%a9-%d8%a7%d9%84%d8%aa%d8%b9%d8%a8%d9%8a%d8%b1-%d9%8a-2\/"]}]},{"@type":"ImageObject","inLanguage":"kmr","@id":"https:\/\/new.scm.bz\/%d8%a7%d9%84%d9%85%d8%b1%d9%83%d8%b2-%d8%a7%d9%84%d8%b3%d9%88%d8%b1%d9%8a-%d9%84%d9%84%d8%a5%d8%b9%d9%84%d8%a7%d9%85-%d9%88%d8%ad%d8%b1%d9%8a%d8%a9-%d8%a7%d9%84%d8%aa%d8%b9%d8%a8%d9%8a%d8%b1-%d9%8a-2\/#primaryimage","url":"https:\/\/scm.bz\/wp-content\/uploads\/2017\/04\/scm_logo_S.png","contentUrl":"https:\/\/scm.bz\/wp-content\/uploads\/2017\/04\/scm_logo_S.png","width":700,"height":420},{"@type":"BreadcrumbList","@id":"https:\/\/new.scm.bz\/%d8%a7%d9%84%d9%85%d8%b1%d9%83%d8%b2-%d8%a7%d9%84%d8%b3%d9%88%d8%b1%d9%8a-%d9%84%d9%84%d8%a5%d8%b9%d9%84%d8%a7%d9%85-%d9%88%d8%ad%d8%b1%d9%8a%d8%a9-%d8%a7%d9%84%d8%aa%d8%b9%d8%a8%d9%8a%d8%b1-%d9%8a-2\/#breadcrumb","itemListElement":[{"@type":"ListItem","position":1,"name":"Home","item":"https:\/\/scm.bz\/kmr\/"},{"@type":"ListItem","position":2,"name":"Navenda S\u00fbryey\u00ee ya Ragihandin\u00ea \u00fb Azad\u00eeya Derbir\u00een\u00ea destp\u00eaka namzed\u00eey\u00ea bo kar\u00ea { r\u00eavebir\u00ea projey\u00ea } Radigih\u00eene"}]},{"@type":"WebSite","@id":"https:\/\/scm.bz\/#website","url":"https:\/\/scm.bz\/","name":"\u0627\u0644\u0645\u0631\u0643\u0632 \u0627\u0644\u0633\u0648\u0631\u064a \u0644\u0644\u0625\u0639\u0644\u0627\u0645 \u0648\u062d\u0631\u064a\u0629 \u0627\u0644\u062a\u0639\u0628\u064a\u0631 Syrian Center for Media and Freedom of Expression","description":"","publisher":{"@id":"https:\/\/scm.bz\/#organization"},"potentialAction":[{"@type":"SearchAction","target":{"@type":"EntryPoint","urlTemplate":"https:\/\/scm.bz\/?s={search_term_string}"},"query-input":{"@type":"PropertyValueSpecification","valueRequired":true,"valueName":"search_term_string"}}],"inLanguage":"kmr"},{"@type":"Organization","@id":"https:\/\/scm.bz\/#organization","name":"\u0627\u0644\u0645\u0631\u0643\u0632 \u0627\u0644\u0633\u0648\u0631\u064a \u0644\u0644\u0625\u0639\u0644\u0627\u0645 \u0648\u062d\u0631\u064a\u0629 \u0627\u0644\u062a\u0639\u0628\u064a\u0631 Syrian Center for Media and Freedom of Expression","url":"https:\/\/scm.bz\/","logo":{"@type":"ImageObject","inLanguage":"kmr","@id":"https:\/\/scm.bz\/#\/schema\/logo\/image\/","url":"http:\/\/scm.bz\/wp-content\/uploads\/2021\/01\/SCM-logo-1-with-Clear-Space-1-2.png","contentUrl":"http:\/\/scm.bz\/wp-content\/uploads\/2021\/01\/SCM-logo-1-with-Clear-Space-1-2.png","width":1450,"height":1450,"caption":"\u0627\u0644\u0645\u0631\u0643\u0632 \u0627\u0644\u0633\u0648\u0631\u064a \u0644\u0644\u0625\u0639\u0644\u0627\u0645 \u0648\u062d\u0631\u064a\u0629 \u0627\u0644\u062a\u0639\u0628\u064a\u0631 Syrian Center for Media and Freedom of Expression"},"image":{"@id":"https:\/\/scm.bz\/#\/schema\/logo\/image\/"},"sameAs":["https:\/\/www.facebook.com\/scm.center","https:\/\/x.com\/SyrianCenter"]},{"@type":"Person","@id":"https:\/\/scm.bz\/#\/schema\/person\/d116d4c43d9f3d4fe4b61619e91ead45","name":"scmadmin","image":{"@type":"ImageObject","inLanguage":"kmr","@id":"https:\/\/scm.bz\/#\/schema\/person\/image\/","url":"https:\/\/secure.gravatar.com\/avatar\/8cb2b559549de2ba5e28f5d26e15c8f315b5dd63c953e348e6769ae2e88e3cdc?s=96&d=blank&r=g","contentUrl":"https:\/\/secure.gravatar.com\/avatar\/8cb2b559549de2ba5e28f5d26e15c8f315b5dd63c953e348e6769ae2e88e3cdc?s=96&d=blank&r=g","caption":"scmadmin"},"url":"https:\/\/scm.bz\/kmr\/author\/scmadmin\/"}]}},"_links":{"self":[{"href":"https:\/\/scm.bz\/kmr\/wp-json\/wp\/v2\/posts\/181154","targetHints":{"allow":["GET"]}}],"collection":[{"href":"https:\/\/scm.bz\/kmr\/wp-json\/wp\/v2\/posts"}],"about":[{"href":"https:\/\/scm.bz\/kmr\/wp-json\/wp\/v2\/types\/post"}],"author":[{"embeddable":true,"href":"https:\/\/scm.bz\/kmr\/wp-json\/wp\/v2\/users\/24"}],"replies":[{"embeddable":true,"href":"https:\/\/scm.bz\/kmr\/wp-json\/wp\/v2\/comments?post=181154"}],"version-history":[{"count":0,"href":"https:\/\/scm.bz\/kmr\/wp-json\/wp\/v2\/posts\/181154\/revisions"}],"wp:featuredmedia":[{"embeddable":true,"href":"https:\/\/scm.bz\/kmr\/wp-json\/wp\/v2\/media\/180684"}],"wp:attachment":[{"href":"https:\/\/scm.bz\/kmr\/wp-json\/wp\/v2\/media?parent=181154"}],"wp:term":[{"taxonomy":"category","embeddable":true,"href":"https:\/\/scm.bz\/kmr\/wp-json\/wp\/v2\/categories?post=181154"},{"taxonomy":"post_tag","embeddable":true,"href":"https:\/\/scm.bz\/kmr\/wp-json\/wp\/v2\/tags?post=181154"}],"curies":[{"name":"wp","href":"https:\/\/api.w.org\/{rel}","templated":true}]}}