{"id":181092,"date":"2017-05-14T20:43:54","date_gmt":"2017-05-14T18:43:54","guid":{"rendered":"https:\/\/scm.bz\/uncategorized-kmr\/rebere-dadgehkirinen-dadmend"},"modified":"2018-02-12T21:26:52","modified_gmt":"2018-02-12T19:26:52","slug":"rebere-dadgehkirinen-dadmend","status":"publish","type":"post","link":"https:\/\/scm.bz\/kmr\/rebere-dadgehkirinen-dadmend\/","title":{"rendered":"R\u00eaber\u00ea Dadgehkirin\u00ean dadmend"},"content":{"rendered":"<p dir=\"ltr\"><span style=\"font-weight: 400;\"><img loading=\"lazy\" decoding=\"async\" class=\"wp-image-172913 alignright\" src=\"https:\/\/scm.bz\/wp-content\/uploads\/2017\/05\/FTM-ar.jpg\" alt=\"\" width=\"182\" height=\"232\" srcset=\"https:\/\/scm.bz\/wp-content\/uploads\/2017\/05\/FTM-ar.jpg 542w, https:\/\/scm.bz\/wp-content\/uploads\/2017\/05\/FTM-ar-235x300.jpg 235w, https:\/\/scm.bz\/wp-content\/uploads\/2017\/05\/FTM-ar-118x150.jpg 118w\" sizes=\"auto, (max-width: 182px) 100vw, 182px\" \/><img loading=\"lazy\" decoding=\"async\" class=\" wp-image-172914 alignright\" src=\"https:\/\/scm.bz\/wp-content\/uploads\/2017\/05\/FTM-en.jpg\" alt=\"\" width=\"216\" height=\"226\" srcset=\"https:\/\/scm.bz\/wp-content\/uploads\/2017\/05\/FTM-en.jpg 649w, https:\/\/scm.bz\/wp-content\/uploads\/2017\/05\/FTM-en-287x300.jpg 287w, https:\/\/scm.bz\/wp-content\/uploads\/2017\/05\/FTM-en-144x150.jpg 144w\" sizes=\"auto, (max-width: 216px) 100vw, 216px\" \/>Ev r\u00eaber dixwaze p\u00eevan\u00ean maf\u00ean mirovan bixe bin \u00e7av\u00ea hem\u00fb kes\u00ean ku dixwazin bib\u00eenin b\u00ea \u00e7iqas ev p\u00eevan li gor dadmend\u00ee \u00fb p\u00eevan\u00ean navdewlet\u00ee ye. Her weha ji bo \u00e7avd\u00ear\u00ean dadgehkirinan y\u00ean ku asta dadmend\u00eey\u00ea di dadgehan de dip\u00eevin, her weha kes\u00ean ku dixwazin zanibin gelo asta dadmend\u00eey\u00ea li dewleteke destn\u00ee\u015fankir\u00ee r\u00eaz ji p\u00eevan\u00ean navdewlet\u00ee y\u00ean dadgehkirin\u00ea re digire an na. her weha dibe ku ev r\u00eaber al\u00eekar\u00eeya dadweran \u00fb par\u00eazer\u00ean berevan\u00eey\u00ea bike her weha bibe alaveke rah\u00eanan\u00ea.<\/span><\/p>\n<p dir=\"ltr\"><span style=\"font-weight: 400;\">Ji bo daxistina <a href=\"https:\/\/scm.bz\/scm9J1lB\">\u00e7apa Ereb\u00ee ya PDF<\/a>\u00a0 | \u00a0 <a href=\"http:\/\/www.amnestymena.org\/Documents\/POL%2030\/pol300022014en.pdf\">\u00e7apa English\u00a0ya PDF<\/a>\u00a0 \u00a0<\/span><\/p>\n","protected":false},"excerpt":{"rendered":"<p>Ev r\u00eaber dixwaze p\u00eevan\u00ean maf\u00ean mirovan bixe bin \u00e7av\u00ea hem\u00fb kes\u00ean ku dixwazin bib\u00eenin b\u00ea \u00e7iqas ev p\u00eevan li gor dadmend\u00ee \u00fb p\u00eevan\u00ean navdewlet\u00ee ye. Her weha ji bo \u00e7avd\u00ear\u00ean dadgehkirinan y\u00ean ku asta dadmend\u00eey\u00ea di dadgehan de dip\u00eevin, her weha kes\u00ean ku dixwazin zanibin gelo asta dadmend\u00eey\u00ea li dewleteke destn\u00ee\u015fankir\u00ee r\u00eaz ji p\u00eevan\u00ean navdewlet\u00ee [&hellip;]<\/p>\n","protected":false},"author":24,"featured_media":181094,"comment_status":"open","ping_status":"open","sticky":false,"template":"","format":"standard","meta":{"_acf_changed":false,"footnotes":""},"categories":[377],"tags":[],"class_list":["post-181092","post","type-post","status-publish","format-standard","has-post-thumbnail","hentry","category-library-ku","post-wrapper"],"acf":[],"yoast_head":"<!-- This site is optimized with the Yoast SEO Premium plugin v20.6 (Yoast SEO v26.5) - https:\/\/yoast.com\/wordpress\/plugins\/seo\/ -->\n<title>R\u00eaber\u00ea Dadgehkirin\u00ean dadmend - \u0627\u0644\u0645\u0631\u0643\u0632 \u0627\u0644\u0633\u0648\u0631\u064a \u0644\u0644\u0625\u0639\u0644\u0627\u0645 \u0648\u062d\u0631\u064a\u0629 \u0627\u0644\u062a\u0639\u0628\u064a\u0631 Syrian Center for Media and Freedom of Expression<\/title>\n<meta name=\"description\" content=\"%\" \/>\n<meta name=\"robots\" content=\"index, follow, max-snippet:-1, max-image-preview:large, max-video-preview:-1\" \/>\n<link rel=\"canonical\" href=\"https:\/\/mfu.scm.bz\/kmr\/rebere-dadgehkirinen-dadmend\/\" \/>\n<meta property=\"og:locale\" content=\"en_US\" \/>\n<meta property=\"og:type\" content=\"article\" \/>\n<meta property=\"og:title\" content=\"R\u00eaber\u00ea Dadgehkirin\u00ean dadmend\" \/>\n<meta property=\"og:description\" content=\"%\" \/>\n<meta property=\"og:url\" content=\"https:\/\/mfu.scm.bz\/kmr\/rebere-dadgehkirinen-dadmend\/\" \/>\n<meta property=\"og:site_name\" content=\"\u0627\u0644\u0645\u0631\u0643\u0632 \u0627\u0644\u0633\u0648\u0631\u064a \u0644\u0644\u0625\u0639\u0644\u0627\u0645 \u0648\u062d\u0631\u064a\u0629 \u0627\u0644\u062a\u0639\u0628\u064a\u0631 Syrian Center for Media and Freedom of Expression\" \/>\n<meta property=\"article:publisher\" content=\"https:\/\/www.facebook.com\/scm.center\" \/>\n<meta property=\"article:published_time\" content=\"2017-05-14T18:43:54+00:00\" \/>\n<meta property=\"article:modified_time\" content=\"2018-02-12T19:26:52+00:00\" \/>\n<meta property=\"og:image\" content=\"https:\/\/mfu.scm.bz\/wp-content\/uploads\/2017\/05\/FTM-ar-en.jpg\" \/>\n\t<meta property=\"og:image:width\" content=\"500\" \/>\n\t<meta property=\"og:image:height\" content=\"255\" \/>\n\t<meta property=\"og:image:type\" content=\"image\/jpeg\" \/>\n<meta name=\"author\" content=\"scmadmin\" \/>\n<meta name=\"twitter:card\" content=\"summary_large_image\" \/>\n<meta name=\"twitter:creator\" content=\"@SyrianCenter\" \/>\n<meta name=\"twitter:site\" content=\"@SyrianCenter\" \/>\n<meta name=\"twitter:label1\" content=\"Written by\" \/>\n\t<meta name=\"twitter:data1\" content=\"scmadmin\" \/>\n\t<meta name=\"twitter:label2\" content=\"Est. reading time\" \/>\n\t<meta name=\"twitter:data2\" content=\"1 minute\" \/>\n<script type=\"application\/ld+json\" class=\"yoast-schema-graph\">{\"@context\":\"https:\/\/schema.org\",\"@graph\":[{\"@type\":\"Article\",\"@id\":\"https:\/\/mfu.scm.bz\/kmr\/rebere-dadgehkirinen-dadmend\/#article\",\"isPartOf\":{\"@id\":\"https:\/\/mfu.scm.bz\/kmr\/rebere-dadgehkirinen-dadmend\/\"},\"author\":{\"name\":\"scmadmin\",\"@id\":\"https:\/\/scm.bz\/#\/schema\/person\/d116d4c43d9f3d4fe4b61619e91ead45\"},\"headline\":\"R\u00eaber\u00ea Dadgehkirin\u00ean dadmend\",\"datePublished\":\"2017-05-14T18:43:54+00:00\",\"dateModified\":\"2018-02-12T19:26:52+00:00\",\"mainEntityOfPage\":{\"@id\":\"https:\/\/mfu.scm.bz\/kmr\/rebere-dadgehkirinen-dadmend\/\"},\"wordCount\":120,\"commentCount\":0,\"publisher\":{\"@id\":\"https:\/\/scm.bz\/#organization\"},\"image\":{\"@id\":\"https:\/\/mfu.scm.bz\/kmr\/rebere-dadgehkirinen-dadmend\/#primaryimage\"},\"thumbnailUrl\":\"https:\/\/scm.bz\/wp-content\/uploads\/2017\/05\/FTM-ar-en.jpg\",\"articleSection\":[\"Kovar\"],\"inLanguage\":\"kmr\"},{\"@type\":\"WebPage\",\"@id\":\"https:\/\/mfu.scm.bz\/kmr\/rebere-dadgehkirinen-dadmend\/\",\"url\":\"https:\/\/mfu.scm.bz\/kmr\/rebere-dadgehkirinen-dadmend\/\",\"name\":\"R\u00eaber\u00ea Dadgehkirin\u00ean dadmend - \u0627\u0644\u0645\u0631\u0643\u0632 \u0627\u0644\u0633\u0648\u0631\u064a \u0644\u0644\u0625\u0639\u0644\u0627\u0645 \u0648\u062d\u0631\u064a\u0629 \u0627\u0644\u062a\u0639\u0628\u064a\u0631 Syrian Center for Media and Freedom of Expression\",\"isPartOf\":{\"@id\":\"https:\/\/scm.bz\/#website\"},\"primaryImageOfPage\":{\"@id\":\"https:\/\/mfu.scm.bz\/kmr\/rebere-dadgehkirinen-dadmend\/#primaryimage\"},\"image\":{\"@id\":\"https:\/\/mfu.scm.bz\/kmr\/rebere-dadgehkirinen-dadmend\/#primaryimage\"},\"thumbnailUrl\":\"https:\/\/scm.bz\/wp-content\/uploads\/2017\/05\/FTM-ar-en.jpg\",\"datePublished\":\"2017-05-14T18:43:54+00:00\",\"dateModified\":\"2018-02-12T19:26:52+00:00\",\"description\":\"%\",\"breadcrumb\":{\"@id\":\"https:\/\/mfu.scm.bz\/kmr\/rebere-dadgehkirinen-dadmend\/#breadcrumb\"},\"inLanguage\":\"kmr\",\"potentialAction\":[{\"@type\":\"ReadAction\",\"target\":[\"https:\/\/mfu.scm.bz\/kmr\/rebere-dadgehkirinen-dadmend\/\"]}]},{\"@type\":\"ImageObject\",\"inLanguage\":\"kmr\",\"@id\":\"https:\/\/mfu.scm.bz\/kmr\/rebere-dadgehkirinen-dadmend\/#primaryimage\",\"url\":\"https:\/\/scm.bz\/wp-content\/uploads\/2017\/05\/FTM-ar-en.jpg\",\"contentUrl\":\"https:\/\/scm.bz\/wp-content\/uploads\/2017\/05\/FTM-ar-en.jpg\",\"width\":500,\"height\":255},{\"@type\":\"BreadcrumbList\",\"@id\":\"https:\/\/mfu.scm.bz\/kmr\/rebere-dadgehkirinen-dadmend\/#breadcrumb\",\"itemListElement\":[{\"@type\":\"ListItem\",\"position\":1,\"name\":\"Home\",\"item\":\"https:\/\/scm.bz\/kmr\/\"},{\"@type\":\"ListItem\",\"position\":2,\"name\":\"R\u00eaber\u00ea Dadgehkirin\u00ean dadmend\"}]},{\"@type\":\"WebSite\",\"@id\":\"https:\/\/scm.bz\/#website\",\"url\":\"https:\/\/scm.bz\/\",\"name\":\"\u0627\u0644\u0645\u0631\u0643\u0632 \u0627\u0644\u0633\u0648\u0631\u064a \u0644\u0644\u0625\u0639\u0644\u0627\u0645 \u0648\u062d\u0631\u064a\u0629 \u0627\u0644\u062a\u0639\u0628\u064a\u0631 Syrian Center for Media and Freedom of Expression\",\"description\":\"\",\"publisher\":{\"@id\":\"https:\/\/scm.bz\/#organization\"},\"potentialAction\":[{\"@type\":\"SearchAction\",\"target\":{\"@type\":\"EntryPoint\",\"urlTemplate\":\"https:\/\/scm.bz\/?s={search_term_string}\"},\"query-input\":{\"@type\":\"PropertyValueSpecification\",\"valueRequired\":true,\"valueName\":\"search_term_string\"}}],\"inLanguage\":\"kmr\"},{\"@type\":\"Organization\",\"@id\":\"https:\/\/scm.bz\/#organization\",\"name\":\"\u0627\u0644\u0645\u0631\u0643\u0632 \u0627\u0644\u0633\u0648\u0631\u064a \u0644\u0644\u0625\u0639\u0644\u0627\u0645 \u0648\u062d\u0631\u064a\u0629 \u0627\u0644\u062a\u0639\u0628\u064a\u0631 Syrian Center for Media and Freedom of Expression\",\"url\":\"https:\/\/scm.bz\/\",\"logo\":{\"@type\":\"ImageObject\",\"inLanguage\":\"kmr\",\"@id\":\"https:\/\/scm.bz\/#\/schema\/logo\/image\/\",\"url\":\"http:\/\/scm.bz\/wp-content\/uploads\/2021\/01\/SCM-logo-1-with-Clear-Space-1-2.png\",\"contentUrl\":\"http:\/\/scm.bz\/wp-content\/uploads\/2021\/01\/SCM-logo-1-with-Clear-Space-1-2.png\",\"width\":1450,\"height\":1450,\"caption\":\"\u0627\u0644\u0645\u0631\u0643\u0632 \u0627\u0644\u0633\u0648\u0631\u064a \u0644\u0644\u0625\u0639\u0644\u0627\u0645 \u0648\u062d\u0631\u064a\u0629 \u0627\u0644\u062a\u0639\u0628\u064a\u0631 Syrian Center for Media and Freedom of Expression\"},\"image\":{\"@id\":\"https:\/\/scm.bz\/#\/schema\/logo\/image\/\"},\"sameAs\":[\"https:\/\/www.facebook.com\/scm.center\",\"https:\/\/x.com\/SyrianCenter\"]},{\"@type\":\"Person\",\"@id\":\"https:\/\/scm.bz\/#\/schema\/person\/d116d4c43d9f3d4fe4b61619e91ead45\",\"name\":\"scmadmin\",\"image\":{\"@type\":\"ImageObject\",\"inLanguage\":\"kmr\",\"@id\":\"https:\/\/scm.bz\/#\/schema\/person\/image\/\",\"url\":\"https:\/\/secure.gravatar.com\/avatar\/8cb2b559549de2ba5e28f5d26e15c8f315b5dd63c953e348e6769ae2e88e3cdc?s=96&d=blank&r=g\",\"contentUrl\":\"https:\/\/secure.gravatar.com\/avatar\/8cb2b559549de2ba5e28f5d26e15c8f315b5dd63c953e348e6769ae2e88e3cdc?s=96&d=blank&r=g\",\"caption\":\"scmadmin\"},\"url\":\"https:\/\/scm.bz\/kmr\/author\/scmadmin\/\"}]}<\/script>\n<!-- \/ Yoast SEO Premium plugin. -->","yoast_head_json":{"title":"R\u00eaber\u00ea Dadgehkirin\u00ean dadmend - \u0627\u0644\u0645\u0631\u0643\u0632 \u0627\u0644\u0633\u0648\u0631\u064a \u0644\u0644\u0625\u0639\u0644\u0627\u0645 \u0648\u062d\u0631\u064a\u0629 \u0627\u0644\u062a\u0639\u0628\u064a\u0631 Syrian Center for Media and Freedom of Expression","description":"%","robots":{"index":"index","follow":"follow","max-snippet":"max-snippet:-1","max-image-preview":"max-image-preview:large","max-video-preview":"max-video-preview:-1"},"canonical":"https:\/\/mfu.scm.bz\/kmr\/rebere-dadgehkirinen-dadmend\/","og_locale":"en_US","og_type":"article","og_title":"R\u00eaber\u00ea Dadgehkirin\u00ean dadmend","og_description":"%","og_url":"https:\/\/mfu.scm.bz\/kmr\/rebere-dadgehkirinen-dadmend\/","og_site_name":"\u0627\u0644\u0645\u0631\u0643\u0632 \u0627\u0644\u0633\u0648\u0631\u064a \u0644\u0644\u0625\u0639\u0644\u0627\u0645 \u0648\u062d\u0631\u064a\u0629 \u0627\u0644\u062a\u0639\u0628\u064a\u0631 Syrian Center for Media and Freedom of Expression","article_publisher":"https:\/\/www.facebook.com\/scm.center","article_published_time":"2017-05-14T18:43:54+00:00","article_modified_time":"2018-02-12T19:26:52+00:00","og_image":[{"width":500,"height":255,"url":"https:\/\/mfu.scm.bz\/wp-content\/uploads\/2017\/05\/FTM-ar-en.jpg","type":"image\/jpeg"}],"author":"scmadmin","twitter_card":"summary_large_image","twitter_creator":"@SyrianCenter","twitter_site":"@SyrianCenter","twitter_misc":{"Written by":"scmadmin","Est. reading time":"1 minute"},"schema":{"@context":"https:\/\/schema.org","@graph":[{"@type":"Article","@id":"https:\/\/mfu.scm.bz\/kmr\/rebere-dadgehkirinen-dadmend\/#article","isPartOf":{"@id":"https:\/\/mfu.scm.bz\/kmr\/rebere-dadgehkirinen-dadmend\/"},"author":{"name":"scmadmin","@id":"https:\/\/scm.bz\/#\/schema\/person\/d116d4c43d9f3d4fe4b61619e91ead45"},"headline":"R\u00eaber\u00ea Dadgehkirin\u00ean dadmend","datePublished":"2017-05-14T18:43:54+00:00","dateModified":"2018-02-12T19:26:52+00:00","mainEntityOfPage":{"@id":"https:\/\/mfu.scm.bz\/kmr\/rebere-dadgehkirinen-dadmend\/"},"wordCount":120,"commentCount":0,"publisher":{"@id":"https:\/\/scm.bz\/#organization"},"image":{"@id":"https:\/\/mfu.scm.bz\/kmr\/rebere-dadgehkirinen-dadmend\/#primaryimage"},"thumbnailUrl":"https:\/\/scm.bz\/wp-content\/uploads\/2017\/05\/FTM-ar-en.jpg","articleSection":["Kovar"],"inLanguage":"kmr"},{"@type":"WebPage","@id":"https:\/\/mfu.scm.bz\/kmr\/rebere-dadgehkirinen-dadmend\/","url":"https:\/\/mfu.scm.bz\/kmr\/rebere-dadgehkirinen-dadmend\/","name":"R\u00eaber\u00ea Dadgehkirin\u00ean dadmend - \u0627\u0644\u0645\u0631\u0643\u0632 \u0627\u0644\u0633\u0648\u0631\u064a \u0644\u0644\u0625\u0639\u0644\u0627\u0645 \u0648\u062d\u0631\u064a\u0629 \u0627\u0644\u062a\u0639\u0628\u064a\u0631 Syrian Center for Media and Freedom of Expression","isPartOf":{"@id":"https:\/\/scm.bz\/#website"},"primaryImageOfPage":{"@id":"https:\/\/mfu.scm.bz\/kmr\/rebere-dadgehkirinen-dadmend\/#primaryimage"},"image":{"@id":"https:\/\/mfu.scm.bz\/kmr\/rebere-dadgehkirinen-dadmend\/#primaryimage"},"thumbnailUrl":"https:\/\/scm.bz\/wp-content\/uploads\/2017\/05\/FTM-ar-en.jpg","datePublished":"2017-05-14T18:43:54+00:00","dateModified":"2018-02-12T19:26:52+00:00","description":"%","breadcrumb":{"@id":"https:\/\/mfu.scm.bz\/kmr\/rebere-dadgehkirinen-dadmend\/#breadcrumb"},"inLanguage":"kmr","potentialAction":[{"@type":"ReadAction","target":["https:\/\/mfu.scm.bz\/kmr\/rebere-dadgehkirinen-dadmend\/"]}]},{"@type":"ImageObject","inLanguage":"kmr","@id":"https:\/\/mfu.scm.bz\/kmr\/rebere-dadgehkirinen-dadmend\/#primaryimage","url":"https:\/\/scm.bz\/wp-content\/uploads\/2017\/05\/FTM-ar-en.jpg","contentUrl":"https:\/\/scm.bz\/wp-content\/uploads\/2017\/05\/FTM-ar-en.jpg","width":500,"height":255},{"@type":"BreadcrumbList","@id":"https:\/\/mfu.scm.bz\/kmr\/rebere-dadgehkirinen-dadmend\/#breadcrumb","itemListElement":[{"@type":"ListItem","position":1,"name":"Home","item":"https:\/\/scm.bz\/kmr\/"},{"@type":"ListItem","position":2,"name":"R\u00eaber\u00ea Dadgehkirin\u00ean dadmend"}]},{"@type":"WebSite","@id":"https:\/\/scm.bz\/#website","url":"https:\/\/scm.bz\/","name":"\u0627\u0644\u0645\u0631\u0643\u0632 \u0627\u0644\u0633\u0648\u0631\u064a \u0644\u0644\u0625\u0639\u0644\u0627\u0645 \u0648\u062d\u0631\u064a\u0629 \u0627\u0644\u062a\u0639\u0628\u064a\u0631 Syrian Center for Media and Freedom of Expression","description":"","publisher":{"@id":"https:\/\/scm.bz\/#organization"},"potentialAction":[{"@type":"SearchAction","target":{"@type":"EntryPoint","urlTemplate":"https:\/\/scm.bz\/?s={search_term_string}"},"query-input":{"@type":"PropertyValueSpecification","valueRequired":true,"valueName":"search_term_string"}}],"inLanguage":"kmr"},{"@type":"Organization","@id":"https:\/\/scm.bz\/#organization","name":"\u0627\u0644\u0645\u0631\u0643\u0632 \u0627\u0644\u0633\u0648\u0631\u064a \u0644\u0644\u0625\u0639\u0644\u0627\u0645 \u0648\u062d\u0631\u064a\u0629 \u0627\u0644\u062a\u0639\u0628\u064a\u0631 Syrian Center for Media and Freedom of Expression","url":"https:\/\/scm.bz\/","logo":{"@type":"ImageObject","inLanguage":"kmr","@id":"https:\/\/scm.bz\/#\/schema\/logo\/image\/","url":"http:\/\/scm.bz\/wp-content\/uploads\/2021\/01\/SCM-logo-1-with-Clear-Space-1-2.png","contentUrl":"http:\/\/scm.bz\/wp-content\/uploads\/2021\/01\/SCM-logo-1-with-Clear-Space-1-2.png","width":1450,"height":1450,"caption":"\u0627\u0644\u0645\u0631\u0643\u0632 \u0627\u0644\u0633\u0648\u0631\u064a \u0644\u0644\u0625\u0639\u0644\u0627\u0645 \u0648\u062d\u0631\u064a\u0629 \u0627\u0644\u062a\u0639\u0628\u064a\u0631 Syrian Center for Media and Freedom of Expression"},"image":{"@id":"https:\/\/scm.bz\/#\/schema\/logo\/image\/"},"sameAs":["https:\/\/www.facebook.com\/scm.center","https:\/\/x.com\/SyrianCenter"]},{"@type":"Person","@id":"https:\/\/scm.bz\/#\/schema\/person\/d116d4c43d9f3d4fe4b61619e91ead45","name":"scmadmin","image":{"@type":"ImageObject","inLanguage":"kmr","@id":"https:\/\/scm.bz\/#\/schema\/person\/image\/","url":"https:\/\/secure.gravatar.com\/avatar\/8cb2b559549de2ba5e28f5d26e15c8f315b5dd63c953e348e6769ae2e88e3cdc?s=96&d=blank&r=g","contentUrl":"https:\/\/secure.gravatar.com\/avatar\/8cb2b559549de2ba5e28f5d26e15c8f315b5dd63c953e348e6769ae2e88e3cdc?s=96&d=blank&r=g","caption":"scmadmin"},"url":"https:\/\/scm.bz\/kmr\/author\/scmadmin\/"}]}},"_links":{"self":[{"href":"https:\/\/scm.bz\/kmr\/wp-json\/wp\/v2\/posts\/181092","targetHints":{"allow":["GET"]}}],"collection":[{"href":"https:\/\/scm.bz\/kmr\/wp-json\/wp\/v2\/posts"}],"about":[{"href":"https:\/\/scm.bz\/kmr\/wp-json\/wp\/v2\/types\/post"}],"author":[{"embeddable":true,"href":"https:\/\/scm.bz\/kmr\/wp-json\/wp\/v2\/users\/24"}],"replies":[{"embeddable":true,"href":"https:\/\/scm.bz\/kmr\/wp-json\/wp\/v2\/comments?post=181092"}],"version-history":[{"count":0,"href":"https:\/\/scm.bz\/kmr\/wp-json\/wp\/v2\/posts\/181092\/revisions"}],"wp:featuredmedia":[{"embeddable":true,"href":"https:\/\/scm.bz\/kmr\/wp-json\/wp\/v2\/media\/181094"}],"wp:attachment":[{"href":"https:\/\/scm.bz\/kmr\/wp-json\/wp\/v2\/media?parent=181092"}],"wp:term":[{"taxonomy":"category","embeddable":true,"href":"https:\/\/scm.bz\/kmr\/wp-json\/wp\/v2\/categories?post=181092"},{"taxonomy":"post_tag","embeddable":true,"href":"https:\/\/scm.bz\/kmr\/wp-json\/wp\/v2\/tags?post=181092"}],"curies":[{"name":"wp","href":"https:\/\/api.w.org\/{rel}","templated":true}]}}