{"id":181087,"date":"2017-05-15T01:00:33","date_gmt":"2017-05-14T23:00:33","guid":{"rendered":"https:\/\/scm.bz\/uncategorized-kmr\/sindoqa-nistimani-ya-demokrasiye-danan-dide-projeyen-ragiheneri"},"modified":"2018-02-11T22:37:50","modified_gmt":"2018-02-11T20:37:50","slug":"sindoqa-nistimani-ya-demokrasiye-danan-dide-projeyen-ragiheneri","status":"publish","type":"post","link":"https:\/\/scm.bz\/kmr\/sindoqa-nistimani-ya-demokrasiye-danan-dide-projeyen-ragiheneri\/","title":{"rendered":"Sindoqa ni\u015ft\u00eeman\u00ee ya demokras\u00eey\u00ea danan dide projey\u00ean ragih\u00eaner\u00ee"},"content":{"rendered":"<p dir=\"ltr\"><b><strong><img loading=\"lazy\" decoding=\"async\" class=\"size-full wp-image-172946 alignright\" src=\"https:\/\/scm.bz\/wp-content\/uploads\/2017\/05\/NED_logo.png\" alt=\"\" width=\"500\" height=\"290\" srcset=\"https:\/\/scm.bz\/wp-content\/uploads\/2017\/05\/NED_logo.png 500w, https:\/\/scm.bz\/wp-content\/uploads\/2017\/05\/NED_logo-300x174.png 300w, https:\/\/scm.bz\/wp-content\/uploads\/2017\/05\/NED_logo-150x87.png 150w\" sizes=\"auto, (max-width: 500px) 100vw, 500px\" \/><\/strong><\/b><strong>D\u00eeroka daw\u00ee ya p\u00ea\u015fk\u00ea\u015fkirin\u00ea 16\/6\/2017<\/strong><\/p>\n<p dir=\"ltr\"><span style=\"font-weight: 400;\">Dezgeh\u00ean ragihandin\u00ea y\u00ean serbixwe \u00fb gr\u00fbp \u00fb komeley\u00ean siv\u00eel dikarin daxwaznamey\u00ean xwe p\u00ea\u015fk\u00ea\u015f bikin da ku dan\u00ea werbigirin.<\/span><\/p>\n<p dir=\"ltr\"><a href=\"https:\/\/scm.bz\/scmh6mcT\"><span style=\"font-weight: 400;\">Sindoqa ni\u015ft\u00eeman\u00ee ya demokras\u00eey\u00ea NED<\/span><\/a><span style=\"font-weight: 400;\"> p\u00ea\u015fwaz\u00eey\u00ea li p\u00ea\u015fniyar\u00ean projey\u00ean ku armanc\u00ean demokras\u00eey\u00ea \u00fb rola dezgeh\u00ean demokrat\u00eek di\u00e7esip\u00eenin, dike.<\/span><\/p>\n<p dir=\"ltr\"><span style=\"font-weight: 400;\">Ev Sindoq pi\u015ftgir\u00eeya daxwaznamey\u00ean ku ji al\u00eey\u00ea r\u00eaxistin\u00ean ku di j\u00eengeh\u00ean c\u00fbrbec\u00fbr de kar dikin hatine p\u00ea\u015fk\u00ea\u015fkirin, dike. Ji nav wan j\u00ee welat\u00ean ku desthilatdar\u00ee li wan di asteke bilind de ye, civak\u00ean \u00e7ewisand\u00ee de \u00fb welat\u00ean ku ber bi demokras\u00eey\u00ea ve di\u00e7in.<\/span><\/p>\n<p dir=\"ltr\"><span style=\"font-weight: 400;\">Dan li gor mezinb\u00fbn \u00fb \u00e7ar\u00e7oveya p\u00eakan\u00eena projey\u00ea ye, l\u00ea li ser asteke nav\u00een; dan ji bo 12 mehan e \u00fb derdora 50,000 US$ t\u00ea dan.<\/span><\/p>\n<p dir=\"ltr\"><span style=\"font-weight: 400;\">Sindoq giran\u00eey\u00ea dide r\u00eaxistin\u00ean ne gir\u00eaday\u00ee part\u00eeyan \u00fb y\u00ean ku dixwazin maf\u00ean mirovan bipar\u00eazin \u00fb pi\u015ftgir\u00eeya azad\u00eeya agah\u00eeyan \u00fb dezgeh\u00ean ragihandin\u00ea y\u00ean serbixwe dikin.<\/span><\/p>\n<p dir=\"ltr\"><strong>D\u00eeroka daw\u00ee ya p\u00ea\u015fk\u00ea\u015fkirin\u00ea 16\/6\/2017<\/strong><\/p>\n<p dir=\"ltr\"><span style=\"font-weight: 400;\">Bo naskirina hin agah\u00eey\u00ean din, <\/span><a href=\"https:\/\/scm.bz\/scmh6mcT\"><span style=\"font-weight: 400;\">li v\u00ea der\u00ea bixe.<\/span><\/a><\/p>\n","protected":false},"excerpt":{"rendered":"<p>D\u00eeroka daw\u00ee ya p\u00ea\u015fk\u00ea\u015fkirin\u00ea 16\/6\/2017 Dezgeh\u00ean ragihandin\u00ea y\u00ean serbixwe \u00fb gr\u00fbp \u00fb komeley\u00ean siv\u00eel dikarin daxwaznamey\u00ean xwe p\u00ea\u015fk\u00ea\u015f bikin da ku dan\u00ea werbigirin. Sindoqa ni\u015ft\u00eeman\u00ee ya demokras\u00eey\u00ea NED p\u00ea\u015fwaz\u00eey\u00ea li p\u00ea\u015fniyar\u00ean projey\u00ean ku armanc\u00ean demokras\u00eey\u00ea \u00fb rola dezgeh\u00ean demokrat\u00eek di\u00e7esip\u00eenin, dike. Ev Sindoq pi\u015ftgir\u00eeya daxwaznamey\u00ean ku ji al\u00eey\u00ea r\u00eaxistin\u00ean ku di j\u00eengeh\u00ean c\u00fbrbec\u00fbr de kar [&hellip;]<\/p>\n","protected":false},"author":24,"featured_media":180698,"comment_status":"open","ping_status":"open","sticky":false,"template":"","format":"standard","meta":{"_acf_changed":false,"footnotes":""},"categories":[329],"tags":[],"class_list":["post-181087","post","type-post","status-publish","format-standard","has-post-thumbnail","hentry","category-jobs-kmr","post-wrapper"],"acf":[],"yoast_head":"<!-- This site is optimized with the Yoast SEO Premium plugin v20.6 (Yoast SEO v26.5) - https:\/\/yoast.com\/wordpress\/plugins\/seo\/ -->\n<title>Sindoqa ni\u015ft\u00eeman\u00ee ya demokras\u00eey\u00ea danan dide projey\u00ean ragih\u00eaner\u00ee - \u0627\u0644\u0645\u0631\u0643\u0632 \u0627\u0644\u0633\u0648\u0631\u064a \u0644\u0644\u0625\u0639\u0644\u0627\u0645 \u0648\u062d\u0631\u064a\u0629 \u0627\u0644\u062a\u0639\u0628\u064a\u0631 Syrian Center for Media and Freedom of Expression<\/title>\n<meta name=\"description\" content=\"%\" \/>\n<meta name=\"robots\" content=\"index, follow, max-snippet:-1, max-image-preview:large, max-video-preview:-1\" \/>\n<link rel=\"canonical\" href=\"https:\/\/scm.bz\/kmr\/sindoqa-nistimani-ya-demokrasiye-danan-dide-projeyen-ragiheneri\/\" \/>\n<meta property=\"og:locale\" content=\"en_US\" \/>\n<meta property=\"og:type\" content=\"article\" \/>\n<meta property=\"og:title\" content=\"Sindoqa ni\u015ft\u00eeman\u00ee ya demokras\u00eey\u00ea danan dide projey\u00ean ragih\u00eaner\u00ee\" \/>\n<meta property=\"og:description\" content=\"%\" \/>\n<meta property=\"og:url\" content=\"https:\/\/scm.bz\/kmr\/sindoqa-nistimani-ya-demokrasiye-danan-dide-projeyen-ragiheneri\/\" \/>\n<meta property=\"og:site_name\" content=\"\u0627\u0644\u0645\u0631\u0643\u0632 \u0627\u0644\u0633\u0648\u0631\u064a \u0644\u0644\u0625\u0639\u0644\u0627\u0645 \u0648\u062d\u0631\u064a\u0629 \u0627\u0644\u062a\u0639\u0628\u064a\u0631 Syrian Center for Media and Freedom of Expression\" \/>\n<meta property=\"article:publisher\" content=\"https:\/\/www.facebook.com\/scm.center\" \/>\n<meta property=\"article:published_time\" content=\"2017-05-14T23:00:33+00:00\" \/>\n<meta property=\"article:modified_time\" content=\"2018-02-11T20:37:50+00:00\" \/>\n<meta property=\"og:image\" content=\"http:\/\/scm.bz\/wp-content\/uploads\/2017\/05\/NED_logo.png\" \/>\n\t<meta property=\"og:image:width\" content=\"500\" \/>\n\t<meta property=\"og:image:height\" content=\"290\" \/>\n\t<meta property=\"og:image:type\" content=\"image\/png\" \/>\n<meta name=\"author\" content=\"scmadmin\" \/>\n<meta name=\"twitter:card\" content=\"summary_large_image\" \/>\n<meta name=\"twitter:creator\" content=\"@SyrianCenter\" \/>\n<meta name=\"twitter:site\" content=\"@SyrianCenter\" \/>\n<meta name=\"twitter:label1\" content=\"Written by\" \/>\n\t<meta name=\"twitter:data1\" content=\"scmadmin\" \/>\n\t<meta name=\"twitter:label2\" content=\"Est. reading time\" \/>\n\t<meta name=\"twitter:data2\" content=\"1 minute\" \/>\n<script type=\"application\/ld+json\" class=\"yoast-schema-graph\">{\"@context\":\"https:\/\/schema.org\",\"@graph\":[{\"@type\":\"Article\",\"@id\":\"https:\/\/scm.bz\/kmr\/sindoqa-nistimani-ya-demokrasiye-danan-dide-projeyen-ragiheneri\/#article\",\"isPartOf\":{\"@id\":\"https:\/\/scm.bz\/kmr\/sindoqa-nistimani-ya-demokrasiye-danan-dide-projeyen-ragiheneri\/\"},\"author\":{\"name\":\"scmadmin\",\"@id\":\"https:\/\/scm.bz\/#\/schema\/person\/d116d4c43d9f3d4fe4b61619e91ead45\"},\"headline\":\"Sindoqa ni\u015ft\u00eeman\u00ee ya demokras\u00eey\u00ea danan dide projey\u00ean ragih\u00eaner\u00ee\",\"datePublished\":\"2017-05-14T23:00:33+00:00\",\"dateModified\":\"2018-02-11T20:37:50+00:00\",\"mainEntityOfPage\":{\"@id\":\"https:\/\/scm.bz\/kmr\/sindoqa-nistimani-ya-demokrasiye-danan-dide-projeyen-ragiheneri\/\"},\"wordCount\":213,\"commentCount\":0,\"publisher\":{\"@id\":\"https:\/\/scm.bz\/#organization\"},\"image\":{\"@id\":\"https:\/\/scm.bz\/kmr\/sindoqa-nistimani-ya-demokrasiye-danan-dide-projeyen-ragiheneri\/#primaryimage\"},\"thumbnailUrl\":\"https:\/\/scm.bz\/wp-content\/uploads\/2017\/05\/NED_logo.png\",\"articleSection\":[\"Rah\u00eenan \u00fb Be\u015fdar\u00ee\"],\"inLanguage\":\"kmr\"},{\"@type\":\"WebPage\",\"@id\":\"https:\/\/scm.bz\/kmr\/sindoqa-nistimani-ya-demokrasiye-danan-dide-projeyen-ragiheneri\/\",\"url\":\"https:\/\/scm.bz\/kmr\/sindoqa-nistimani-ya-demokrasiye-danan-dide-projeyen-ragiheneri\/\",\"name\":\"Sindoqa ni\u015ft\u00eeman\u00ee ya demokras\u00eey\u00ea danan dide projey\u00ean ragih\u00eaner\u00ee - \u0627\u0644\u0645\u0631\u0643\u0632 \u0627\u0644\u0633\u0648\u0631\u064a \u0644\u0644\u0625\u0639\u0644\u0627\u0645 \u0648\u062d\u0631\u064a\u0629 \u0627\u0644\u062a\u0639\u0628\u064a\u0631 Syrian Center for Media and Freedom of Expression\",\"isPartOf\":{\"@id\":\"https:\/\/scm.bz\/#website\"},\"primaryImageOfPage\":{\"@id\":\"https:\/\/scm.bz\/kmr\/sindoqa-nistimani-ya-demokrasiye-danan-dide-projeyen-ragiheneri\/#primaryimage\"},\"image\":{\"@id\":\"https:\/\/scm.bz\/kmr\/sindoqa-nistimani-ya-demokrasiye-danan-dide-projeyen-ragiheneri\/#primaryimage\"},\"thumbnailUrl\":\"https:\/\/scm.bz\/wp-content\/uploads\/2017\/05\/NED_logo.png\",\"datePublished\":\"2017-05-14T23:00:33+00:00\",\"dateModified\":\"2018-02-11T20:37:50+00:00\",\"description\":\"%\",\"breadcrumb\":{\"@id\":\"https:\/\/scm.bz\/kmr\/sindoqa-nistimani-ya-demokrasiye-danan-dide-projeyen-ragiheneri\/#breadcrumb\"},\"inLanguage\":\"kmr\",\"potentialAction\":[{\"@type\":\"ReadAction\",\"target\":[\"https:\/\/scm.bz\/kmr\/sindoqa-nistimani-ya-demokrasiye-danan-dide-projeyen-ragiheneri\/\"]}]},{\"@type\":\"ImageObject\",\"inLanguage\":\"kmr\",\"@id\":\"https:\/\/scm.bz\/kmr\/sindoqa-nistimani-ya-demokrasiye-danan-dide-projeyen-ragiheneri\/#primaryimage\",\"url\":\"https:\/\/scm.bz\/wp-content\/uploads\/2017\/05\/NED_logo.png\",\"contentUrl\":\"https:\/\/scm.bz\/wp-content\/uploads\/2017\/05\/NED_logo.png\",\"width\":500,\"height\":290},{\"@type\":\"BreadcrumbList\",\"@id\":\"https:\/\/scm.bz\/kmr\/sindoqa-nistimani-ya-demokrasiye-danan-dide-projeyen-ragiheneri\/#breadcrumb\",\"itemListElement\":[{\"@type\":\"ListItem\",\"position\":1,\"name\":\"Home\",\"item\":\"https:\/\/scm.bz\/kmr\/\"},{\"@type\":\"ListItem\",\"position\":2,\"name\":\"Sindoqa ni\u015ft\u00eeman\u00ee ya demokras\u00eey\u00ea danan dide projey\u00ean ragih\u00eaner\u00ee\"}]},{\"@type\":\"WebSite\",\"@id\":\"https:\/\/scm.bz\/#website\",\"url\":\"https:\/\/scm.bz\/\",\"name\":\"\u0627\u0644\u0645\u0631\u0643\u0632 \u0627\u0644\u0633\u0648\u0631\u064a \u0644\u0644\u0625\u0639\u0644\u0627\u0645 \u0648\u062d\u0631\u064a\u0629 \u0627\u0644\u062a\u0639\u0628\u064a\u0631 Syrian Center for Media and Freedom of Expression\",\"description\":\"\",\"publisher\":{\"@id\":\"https:\/\/scm.bz\/#organization\"},\"potentialAction\":[{\"@type\":\"SearchAction\",\"target\":{\"@type\":\"EntryPoint\",\"urlTemplate\":\"https:\/\/scm.bz\/?s={search_term_string}\"},\"query-input\":{\"@type\":\"PropertyValueSpecification\",\"valueRequired\":true,\"valueName\":\"search_term_string\"}}],\"inLanguage\":\"kmr\"},{\"@type\":\"Organization\",\"@id\":\"https:\/\/scm.bz\/#organization\",\"name\":\"\u0627\u0644\u0645\u0631\u0643\u0632 \u0627\u0644\u0633\u0648\u0631\u064a \u0644\u0644\u0625\u0639\u0644\u0627\u0645 \u0648\u062d\u0631\u064a\u0629 \u0627\u0644\u062a\u0639\u0628\u064a\u0631 Syrian Center for Media and Freedom of Expression\",\"url\":\"https:\/\/scm.bz\/\",\"logo\":{\"@type\":\"ImageObject\",\"inLanguage\":\"kmr\",\"@id\":\"https:\/\/scm.bz\/#\/schema\/logo\/image\/\",\"url\":\"http:\/\/scm.bz\/wp-content\/uploads\/2021\/01\/SCM-logo-1-with-Clear-Space-1-2.png\",\"contentUrl\":\"http:\/\/scm.bz\/wp-content\/uploads\/2021\/01\/SCM-logo-1-with-Clear-Space-1-2.png\",\"width\":1450,\"height\":1450,\"caption\":\"\u0627\u0644\u0645\u0631\u0643\u0632 \u0627\u0644\u0633\u0648\u0631\u064a \u0644\u0644\u0625\u0639\u0644\u0627\u0645 \u0648\u062d\u0631\u064a\u0629 \u0627\u0644\u062a\u0639\u0628\u064a\u0631 Syrian Center for Media and Freedom of Expression\"},\"image\":{\"@id\":\"https:\/\/scm.bz\/#\/schema\/logo\/image\/\"},\"sameAs\":[\"https:\/\/www.facebook.com\/scm.center\",\"https:\/\/x.com\/SyrianCenter\"]},{\"@type\":\"Person\",\"@id\":\"https:\/\/scm.bz\/#\/schema\/person\/d116d4c43d9f3d4fe4b61619e91ead45\",\"name\":\"scmadmin\",\"image\":{\"@type\":\"ImageObject\",\"inLanguage\":\"kmr\",\"@id\":\"https:\/\/scm.bz\/#\/schema\/person\/image\/\",\"url\":\"https:\/\/secure.gravatar.com\/avatar\/8cb2b559549de2ba5e28f5d26e15c8f315b5dd63c953e348e6769ae2e88e3cdc?s=96&d=blank&r=g\",\"contentUrl\":\"https:\/\/secure.gravatar.com\/avatar\/8cb2b559549de2ba5e28f5d26e15c8f315b5dd63c953e348e6769ae2e88e3cdc?s=96&d=blank&r=g\",\"caption\":\"scmadmin\"},\"url\":\"https:\/\/scm.bz\/kmr\/author\/scmadmin\/\"}]}<\/script>\n<!-- \/ Yoast SEO Premium plugin. -->","yoast_head_json":{"title":"Sindoqa ni\u015ft\u00eeman\u00ee ya demokras\u00eey\u00ea danan dide projey\u00ean ragih\u00eaner\u00ee - \u0627\u0644\u0645\u0631\u0643\u0632 \u0627\u0644\u0633\u0648\u0631\u064a \u0644\u0644\u0625\u0639\u0644\u0627\u0645 \u0648\u062d\u0631\u064a\u0629 \u0627\u0644\u062a\u0639\u0628\u064a\u0631 Syrian Center for Media and Freedom of Expression","description":"%","robots":{"index":"index","follow":"follow","max-snippet":"max-snippet:-1","max-image-preview":"max-image-preview:large","max-video-preview":"max-video-preview:-1"},"canonical":"https:\/\/scm.bz\/kmr\/sindoqa-nistimani-ya-demokrasiye-danan-dide-projeyen-ragiheneri\/","og_locale":"en_US","og_type":"article","og_title":"Sindoqa ni\u015ft\u00eeman\u00ee ya demokras\u00eey\u00ea danan dide projey\u00ean ragih\u00eaner\u00ee","og_description":"%","og_url":"https:\/\/scm.bz\/kmr\/sindoqa-nistimani-ya-demokrasiye-danan-dide-projeyen-ragiheneri\/","og_site_name":"\u0627\u0644\u0645\u0631\u0643\u0632 \u0627\u0644\u0633\u0648\u0631\u064a \u0644\u0644\u0625\u0639\u0644\u0627\u0645 \u0648\u062d\u0631\u064a\u0629 \u0627\u0644\u062a\u0639\u0628\u064a\u0631 Syrian Center for Media and Freedom of Expression","article_publisher":"https:\/\/www.facebook.com\/scm.center","article_published_time":"2017-05-14T23:00:33+00:00","article_modified_time":"2018-02-11T20:37:50+00:00","og_image":[{"width":500,"height":290,"url":"http:\/\/scm.bz\/wp-content\/uploads\/2017\/05\/NED_logo.png","type":"image\/png"}],"author":"scmadmin","twitter_card":"summary_large_image","twitter_creator":"@SyrianCenter","twitter_site":"@SyrianCenter","twitter_misc":{"Written by":"scmadmin","Est. reading time":"1 minute"},"schema":{"@context":"https:\/\/schema.org","@graph":[{"@type":"Article","@id":"https:\/\/scm.bz\/kmr\/sindoqa-nistimani-ya-demokrasiye-danan-dide-projeyen-ragiheneri\/#article","isPartOf":{"@id":"https:\/\/scm.bz\/kmr\/sindoqa-nistimani-ya-demokrasiye-danan-dide-projeyen-ragiheneri\/"},"author":{"name":"scmadmin","@id":"https:\/\/scm.bz\/#\/schema\/person\/d116d4c43d9f3d4fe4b61619e91ead45"},"headline":"Sindoqa ni\u015ft\u00eeman\u00ee ya demokras\u00eey\u00ea danan dide projey\u00ean ragih\u00eaner\u00ee","datePublished":"2017-05-14T23:00:33+00:00","dateModified":"2018-02-11T20:37:50+00:00","mainEntityOfPage":{"@id":"https:\/\/scm.bz\/kmr\/sindoqa-nistimani-ya-demokrasiye-danan-dide-projeyen-ragiheneri\/"},"wordCount":213,"commentCount":0,"publisher":{"@id":"https:\/\/scm.bz\/#organization"},"image":{"@id":"https:\/\/scm.bz\/kmr\/sindoqa-nistimani-ya-demokrasiye-danan-dide-projeyen-ragiheneri\/#primaryimage"},"thumbnailUrl":"https:\/\/scm.bz\/wp-content\/uploads\/2017\/05\/NED_logo.png","articleSection":["Rah\u00eenan \u00fb Be\u015fdar\u00ee"],"inLanguage":"kmr"},{"@type":"WebPage","@id":"https:\/\/scm.bz\/kmr\/sindoqa-nistimani-ya-demokrasiye-danan-dide-projeyen-ragiheneri\/","url":"https:\/\/scm.bz\/kmr\/sindoqa-nistimani-ya-demokrasiye-danan-dide-projeyen-ragiheneri\/","name":"Sindoqa ni\u015ft\u00eeman\u00ee ya demokras\u00eey\u00ea danan dide projey\u00ean ragih\u00eaner\u00ee - \u0627\u0644\u0645\u0631\u0643\u0632 \u0627\u0644\u0633\u0648\u0631\u064a \u0644\u0644\u0625\u0639\u0644\u0627\u0645 \u0648\u062d\u0631\u064a\u0629 \u0627\u0644\u062a\u0639\u0628\u064a\u0631 Syrian Center for Media and Freedom of Expression","isPartOf":{"@id":"https:\/\/scm.bz\/#website"},"primaryImageOfPage":{"@id":"https:\/\/scm.bz\/kmr\/sindoqa-nistimani-ya-demokrasiye-danan-dide-projeyen-ragiheneri\/#primaryimage"},"image":{"@id":"https:\/\/scm.bz\/kmr\/sindoqa-nistimani-ya-demokrasiye-danan-dide-projeyen-ragiheneri\/#primaryimage"},"thumbnailUrl":"https:\/\/scm.bz\/wp-content\/uploads\/2017\/05\/NED_logo.png","datePublished":"2017-05-14T23:00:33+00:00","dateModified":"2018-02-11T20:37:50+00:00","description":"%","breadcrumb":{"@id":"https:\/\/scm.bz\/kmr\/sindoqa-nistimani-ya-demokrasiye-danan-dide-projeyen-ragiheneri\/#breadcrumb"},"inLanguage":"kmr","potentialAction":[{"@type":"ReadAction","target":["https:\/\/scm.bz\/kmr\/sindoqa-nistimani-ya-demokrasiye-danan-dide-projeyen-ragiheneri\/"]}]},{"@type":"ImageObject","inLanguage":"kmr","@id":"https:\/\/scm.bz\/kmr\/sindoqa-nistimani-ya-demokrasiye-danan-dide-projeyen-ragiheneri\/#primaryimage","url":"https:\/\/scm.bz\/wp-content\/uploads\/2017\/05\/NED_logo.png","contentUrl":"https:\/\/scm.bz\/wp-content\/uploads\/2017\/05\/NED_logo.png","width":500,"height":290},{"@type":"BreadcrumbList","@id":"https:\/\/scm.bz\/kmr\/sindoqa-nistimani-ya-demokrasiye-danan-dide-projeyen-ragiheneri\/#breadcrumb","itemListElement":[{"@type":"ListItem","position":1,"name":"Home","item":"https:\/\/scm.bz\/kmr\/"},{"@type":"ListItem","position":2,"name":"Sindoqa ni\u015ft\u00eeman\u00ee ya demokras\u00eey\u00ea danan dide projey\u00ean ragih\u00eaner\u00ee"}]},{"@type":"WebSite","@id":"https:\/\/scm.bz\/#website","url":"https:\/\/scm.bz\/","name":"\u0627\u0644\u0645\u0631\u0643\u0632 \u0627\u0644\u0633\u0648\u0631\u064a \u0644\u0644\u0625\u0639\u0644\u0627\u0645 \u0648\u062d\u0631\u064a\u0629 \u0627\u0644\u062a\u0639\u0628\u064a\u0631 Syrian Center for Media and Freedom of Expression","description":"","publisher":{"@id":"https:\/\/scm.bz\/#organization"},"potentialAction":[{"@type":"SearchAction","target":{"@type":"EntryPoint","urlTemplate":"https:\/\/scm.bz\/?s={search_term_string}"},"query-input":{"@type":"PropertyValueSpecification","valueRequired":true,"valueName":"search_term_string"}}],"inLanguage":"kmr"},{"@type":"Organization","@id":"https:\/\/scm.bz\/#organization","name":"\u0627\u0644\u0645\u0631\u0643\u0632 \u0627\u0644\u0633\u0648\u0631\u064a \u0644\u0644\u0625\u0639\u0644\u0627\u0645 \u0648\u062d\u0631\u064a\u0629 \u0627\u0644\u062a\u0639\u0628\u064a\u0631 Syrian Center for Media and Freedom of Expression","url":"https:\/\/scm.bz\/","logo":{"@type":"ImageObject","inLanguage":"kmr","@id":"https:\/\/scm.bz\/#\/schema\/logo\/image\/","url":"http:\/\/scm.bz\/wp-content\/uploads\/2021\/01\/SCM-logo-1-with-Clear-Space-1-2.png","contentUrl":"http:\/\/scm.bz\/wp-content\/uploads\/2021\/01\/SCM-logo-1-with-Clear-Space-1-2.png","width":1450,"height":1450,"caption":"\u0627\u0644\u0645\u0631\u0643\u0632 \u0627\u0644\u0633\u0648\u0631\u064a \u0644\u0644\u0625\u0639\u0644\u0627\u0645 \u0648\u062d\u0631\u064a\u0629 \u0627\u0644\u062a\u0639\u0628\u064a\u0631 Syrian Center for Media and Freedom of Expression"},"image":{"@id":"https:\/\/scm.bz\/#\/schema\/logo\/image\/"},"sameAs":["https:\/\/www.facebook.com\/scm.center","https:\/\/x.com\/SyrianCenter"]},{"@type":"Person","@id":"https:\/\/scm.bz\/#\/schema\/person\/d116d4c43d9f3d4fe4b61619e91ead45","name":"scmadmin","image":{"@type":"ImageObject","inLanguage":"kmr","@id":"https:\/\/scm.bz\/#\/schema\/person\/image\/","url":"https:\/\/secure.gravatar.com\/avatar\/8cb2b559549de2ba5e28f5d26e15c8f315b5dd63c953e348e6769ae2e88e3cdc?s=96&d=blank&r=g","contentUrl":"https:\/\/secure.gravatar.com\/avatar\/8cb2b559549de2ba5e28f5d26e15c8f315b5dd63c953e348e6769ae2e88e3cdc?s=96&d=blank&r=g","caption":"scmadmin"},"url":"https:\/\/scm.bz\/kmr\/author\/scmadmin\/"}]}},"_links":{"self":[{"href":"https:\/\/scm.bz\/kmr\/wp-json\/wp\/v2\/posts\/181087","targetHints":{"allow":["GET"]}}],"collection":[{"href":"https:\/\/scm.bz\/kmr\/wp-json\/wp\/v2\/posts"}],"about":[{"href":"https:\/\/scm.bz\/kmr\/wp-json\/wp\/v2\/types\/post"}],"author":[{"embeddable":true,"href":"https:\/\/scm.bz\/kmr\/wp-json\/wp\/v2\/users\/24"}],"replies":[{"embeddable":true,"href":"https:\/\/scm.bz\/kmr\/wp-json\/wp\/v2\/comments?post=181087"}],"version-history":[{"count":0,"href":"https:\/\/scm.bz\/kmr\/wp-json\/wp\/v2\/posts\/181087\/revisions"}],"wp:featuredmedia":[{"embeddable":true,"href":"https:\/\/scm.bz\/kmr\/wp-json\/wp\/v2\/media\/180698"}],"wp:attachment":[{"href":"https:\/\/scm.bz\/kmr\/wp-json\/wp\/v2\/media?parent=181087"}],"wp:term":[{"taxonomy":"category","embeddable":true,"href":"https:\/\/scm.bz\/kmr\/wp-json\/wp\/v2\/categories?post=181087"},{"taxonomy":"post_tag","embeddable":true,"href":"https:\/\/scm.bz\/kmr\/wp-json\/wp\/v2\/tags?post=181087"}],"curies":[{"name":"wp","href":"https:\/\/api.w.org\/{rel}","templated":true}]}}