{"id":181085,"date":"2017-05-15T02:15:48","date_gmt":"2017-05-15T00:15:48","guid":{"rendered":"https:\/\/scm.bz\/uncategorized-kmr\/hevkariya-afirandina-civaki-peswaziya-daxwaznameyan-dike"},"modified":"2018-02-11T22:37:50","modified_gmt":"2018-02-11T20:37:50","slug":"hevkariya-afirandina-civaki-peswaziya-daxwaznameyan-dike","status":"publish","type":"post","link":"https:\/\/scm.bz\/kmr\/hevkariya-afirandina-civaki-peswaziya-daxwaznameyan-dike\/","title":{"rendered":"Hevkar\u00eeya afirandina civak\u00ee p\u00ea\u015fwaz\u00eeya daxwaznameyan dike"},"content":{"rendered":"<p dir=\"ltr\"><b><strong><img loading=\"lazy\" decoding=\"async\" class=\"wp-image-172942 alignright\" src=\"https:\/\/scm.bz\/wp-content\/uploads\/2017\/05\/Chicago_Ideas.png\" alt=\"\" width=\"472\" height=\"274\" srcset=\"https:\/\/scm.bz\/wp-content\/uploads\/2017\/05\/Chicago_Ideas.png 500w, https:\/\/scm.bz\/wp-content\/uploads\/2017\/05\/Chicago_Ideas-300x174.png 300w, https:\/\/scm.bz\/wp-content\/uploads\/2017\/05\/Chicago_Ideas-150x87.png 150w\" sizes=\"auto, (max-width: 472px) 100vw, 472px\" \/><\/strong><\/b><strong>D\u00eeroka daw\u00ee ya p\u00ea\u015fk\u00ea\u015fkirin\u00ea: 8\/6\/2017<\/strong><\/p>\n<p dir=\"ltr\"><span style=\"font-weight: 400;\">Rojnamevan\u00ean xwed\u00ee projekar\u00ean p\u00ea\u015fket\u00ee y\u00ean ku p\u00eadiv\u00eey\u00ean civak\u00ee dab\u00een dikin, dikarin daxwaznamey\u00ean p\u00ea\u015fk\u00ea\u015f\u00ee hevkar\u00eeya li Chicagoy\u00ea bikin. <\/span><\/p>\n<p dir=\"ltr\"><span style=\"font-weight: 400;\">Bi al\u00eekar\u00eeya heft\u00eeya Chicagoy\u00ea ya hiziran, hevkar\u00eeya afirandina civak\u00ee (Bluhm\/Helfand) danan dide r\u00eaveber\u00ean ku j\u00eerb\u00fbna xwe diyar dikin. Di nav v\u00ea dan\u00ea de pi\u015ftgir\u00eeya civak\u00ee j\u00ee heye her weh pereday\u00een ji bo p\u00ea\u015fxistina projeyan bi nirx\u00ea 10,000 US$ heye. <\/span><\/p>\n<p dir=\"ltr\"><span style=\"font-weight: 400;\">Ev hevkar\u00ee ji al\u00eey\u00ea du kes\u00ean xwed\u00eex\u00ear \u00fb karker hatiye damezrandin, ew kes j\u00ee Lesley Bluhm \u00fb David Helfand in ku dixwazin al\u00eekar\u00eeya afr\u00eaner\u00ean n\u00fb \u00fb xwed\u00eey\u00ean projey\u00ean civak\u00ee bo r\u00fbbir\u00fbb\u00fbna p\u00eadiv\u00eey\u00ean civak\u00ee, bikin.<\/span><\/p>\n<p dir=\"ltr\"><span style=\"font-weight: 400;\">Hevkar\u00ean serkeft d\u00ea li Chikagoy\u00ea di heft\u00eeya Chikagoy\u00ea ya Hiziran de be\u015fdar bin ku ji 16 ta 22\u00ea mijdar\u00ea li dar bikeve.<\/span><\/p>\n<p dir=\"ltr\"><span style=\"font-weight: 400;\">H\u00eajay\u00ee zan\u00een\u00ea ye ku kes\u00ean be\u015fdar divabe temen\u00ea wan ne z\u00eadey\u00ee 35 salan be. <\/span><\/p>\n<p dir=\"ltr\"><strong>D\u00eeroka daw\u00ee ya p\u00ea\u015fk\u00ea\u015fkirin\u00ea: 8\/6\/2017<\/strong><\/p>\n<p dir=\"ltr\"><span style=\"font-weight: 400;\">Bo hin agah\u00eey\u00ean din, <\/span><a href=\"https:\/\/scm.bz\/scmncjYW\"><span style=\"font-weight: 400;\">li v\u00ea der\u00ea bixe<\/span><\/a><\/p>\n","protected":false},"excerpt":{"rendered":"<p>D\u00eeroka daw\u00ee ya p\u00ea\u015fk\u00ea\u015fkirin\u00ea: 8\/6\/2017 Rojnamevan\u00ean xwed\u00ee projekar\u00ean p\u00ea\u015fket\u00ee y\u00ean ku p\u00eadiv\u00eey\u00ean civak\u00ee dab\u00een dikin, dikarin daxwaznamey\u00ean p\u00ea\u015fk\u00ea\u015f\u00ee hevkar\u00eeya li Chicagoy\u00ea bikin. Bi al\u00eekar\u00eeya heft\u00eeya Chicagoy\u00ea ya hiziran, hevkar\u00eeya afirandina civak\u00ee (Bluhm\/Helfand) danan dide r\u00eaveber\u00ean ku j\u00eerb\u00fbna xwe diyar dikin. Di nav v\u00ea dan\u00ea de pi\u015ftgir\u00eeya civak\u00ee j\u00ee heye her weh pereday\u00een ji bo p\u00ea\u015fxistina [&hellip;]<\/p>\n","protected":false},"author":24,"featured_media":181086,"comment_status":"open","ping_status":"open","sticky":false,"template":"","format":"standard","meta":{"_acf_changed":false,"footnotes":""},"categories":[329],"tags":[],"class_list":["post-181085","post","type-post","status-publish","format-standard","has-post-thumbnail","hentry","category-jobs-kmr","post-wrapper"],"acf":[],"yoast_head":"<!-- This site is optimized with the Yoast SEO Premium plugin v20.6 (Yoast SEO v26.5) - https:\/\/yoast.com\/wordpress\/plugins\/seo\/ -->\n<title>Hevkar\u00eeya afirandina civak\u00ee p\u00ea\u015fwaz\u00eeya daxwaznameyan dike - \u0627\u0644\u0645\u0631\u0643\u0632 \u0627\u0644\u0633\u0648\u0631\u064a \u0644\u0644\u0625\u0639\u0644\u0627\u0645 \u0648\u062d\u0631\u064a\u0629 \u0627\u0644\u062a\u0639\u0628\u064a\u0631 Syrian Center for Media and Freedom of Expression<\/title>\n<meta name=\"description\" content=\"%\" \/>\n<meta name=\"robots\" content=\"index, follow, max-snippet:-1, max-image-preview:large, max-video-preview:-1\" \/>\n<link rel=\"canonical\" href=\"https:\/\/scm.bz\/kmr\/hevkariya-afirandina-civaki-peswaziya-daxwaznameyan-dike\/\" \/>\n<meta property=\"og:locale\" content=\"en_US\" \/>\n<meta property=\"og:type\" content=\"article\" \/>\n<meta property=\"og:title\" content=\"Hevkar\u00eeya afirandina civak\u00ee p\u00ea\u015fwaz\u00eeya daxwaznameyan dike\" \/>\n<meta property=\"og:description\" content=\"%\" \/>\n<meta property=\"og:url\" content=\"https:\/\/scm.bz\/kmr\/hevkariya-afirandina-civaki-peswaziya-daxwaznameyan-dike\/\" \/>\n<meta property=\"og:site_name\" content=\"\u0627\u0644\u0645\u0631\u0643\u0632 \u0627\u0644\u0633\u0648\u0631\u064a \u0644\u0644\u0625\u0639\u0644\u0627\u0645 \u0648\u062d\u0631\u064a\u0629 \u0627\u0644\u062a\u0639\u0628\u064a\u0631 Syrian Center for Media and Freedom of Expression\" \/>\n<meta property=\"article:publisher\" content=\"https:\/\/www.facebook.com\/scm.center\" \/>\n<meta property=\"article:published_time\" content=\"2017-05-15T00:15:48+00:00\" \/>\n<meta property=\"article:modified_time\" content=\"2018-02-11T20:37:50+00:00\" \/>\n<meta property=\"og:image\" content=\"http:\/\/scm.bz\/wp-content\/uploads\/2017\/05\/Chicago_Ideas.png\" \/>\n\t<meta property=\"og:image:width\" content=\"500\" \/>\n\t<meta property=\"og:image:height\" content=\"290\" \/>\n\t<meta property=\"og:image:type\" content=\"image\/png\" \/>\n<meta name=\"author\" content=\"scmadmin\" \/>\n<meta name=\"twitter:card\" content=\"summary_large_image\" \/>\n<meta name=\"twitter:creator\" content=\"@SyrianCenter\" \/>\n<meta name=\"twitter:site\" content=\"@SyrianCenter\" \/>\n<meta name=\"twitter:label1\" content=\"Written by\" \/>\n\t<meta name=\"twitter:data1\" content=\"scmadmin\" \/>\n\t<meta name=\"twitter:label2\" content=\"Est. reading time\" \/>\n\t<meta name=\"twitter:data2\" content=\"1 minute\" \/>\n<script type=\"application\/ld+json\" class=\"yoast-schema-graph\">{\"@context\":\"https:\/\/schema.org\",\"@graph\":[{\"@type\":\"Article\",\"@id\":\"https:\/\/scm.bz\/kmr\/hevkariya-afirandina-civaki-peswaziya-daxwaznameyan-dike\/#article\",\"isPartOf\":{\"@id\":\"https:\/\/scm.bz\/kmr\/hevkariya-afirandina-civaki-peswaziya-daxwaznameyan-dike\/\"},\"author\":{\"name\":\"scmadmin\",\"@id\":\"https:\/\/scm.bz\/#\/schema\/person\/d116d4c43d9f3d4fe4b61619e91ead45\"},\"headline\":\"Hevkar\u00eeya afirandina civak\u00ee p\u00ea\u015fwaz\u00eeya daxwaznameyan dike\",\"datePublished\":\"2017-05-15T00:15:48+00:00\",\"dateModified\":\"2018-02-11T20:37:50+00:00\",\"mainEntityOfPage\":{\"@id\":\"https:\/\/scm.bz\/kmr\/hevkariya-afirandina-civaki-peswaziya-daxwaznameyan-dike\/\"},\"wordCount\":201,\"commentCount\":0,\"publisher\":{\"@id\":\"https:\/\/scm.bz\/#organization\"},\"image\":{\"@id\":\"https:\/\/scm.bz\/kmr\/hevkariya-afirandina-civaki-peswaziya-daxwaznameyan-dike\/#primaryimage\"},\"thumbnailUrl\":\"https:\/\/scm.bz\/wp-content\/uploads\/2017\/05\/Chicago_Ideas.png\",\"articleSection\":[\"Rah\u00eenan \u00fb Be\u015fdar\u00ee\"],\"inLanguage\":\"kmr\"},{\"@type\":\"WebPage\",\"@id\":\"https:\/\/scm.bz\/kmr\/hevkariya-afirandina-civaki-peswaziya-daxwaznameyan-dike\/\",\"url\":\"https:\/\/scm.bz\/kmr\/hevkariya-afirandina-civaki-peswaziya-daxwaznameyan-dike\/\",\"name\":\"Hevkar\u00eeya afirandina civak\u00ee p\u00ea\u015fwaz\u00eeya daxwaznameyan dike - \u0627\u0644\u0645\u0631\u0643\u0632 \u0627\u0644\u0633\u0648\u0631\u064a \u0644\u0644\u0625\u0639\u0644\u0627\u0645 \u0648\u062d\u0631\u064a\u0629 \u0627\u0644\u062a\u0639\u0628\u064a\u0631 Syrian Center for Media and Freedom of Expression\",\"isPartOf\":{\"@id\":\"https:\/\/scm.bz\/#website\"},\"primaryImageOfPage\":{\"@id\":\"https:\/\/scm.bz\/kmr\/hevkariya-afirandina-civaki-peswaziya-daxwaznameyan-dike\/#primaryimage\"},\"image\":{\"@id\":\"https:\/\/scm.bz\/kmr\/hevkariya-afirandina-civaki-peswaziya-daxwaznameyan-dike\/#primaryimage\"},\"thumbnailUrl\":\"https:\/\/scm.bz\/wp-content\/uploads\/2017\/05\/Chicago_Ideas.png\",\"datePublished\":\"2017-05-15T00:15:48+00:00\",\"dateModified\":\"2018-02-11T20:37:50+00:00\",\"description\":\"%\",\"breadcrumb\":{\"@id\":\"https:\/\/scm.bz\/kmr\/hevkariya-afirandina-civaki-peswaziya-daxwaznameyan-dike\/#breadcrumb\"},\"inLanguage\":\"kmr\",\"potentialAction\":[{\"@type\":\"ReadAction\",\"target\":[\"https:\/\/scm.bz\/kmr\/hevkariya-afirandina-civaki-peswaziya-daxwaznameyan-dike\/\"]}]},{\"@type\":\"ImageObject\",\"inLanguage\":\"kmr\",\"@id\":\"https:\/\/scm.bz\/kmr\/hevkariya-afirandina-civaki-peswaziya-daxwaznameyan-dike\/#primaryimage\",\"url\":\"https:\/\/scm.bz\/wp-content\/uploads\/2017\/05\/Chicago_Ideas.png\",\"contentUrl\":\"https:\/\/scm.bz\/wp-content\/uploads\/2017\/05\/Chicago_Ideas.png\",\"width\":500,\"height\":290},{\"@type\":\"BreadcrumbList\",\"@id\":\"https:\/\/scm.bz\/kmr\/hevkariya-afirandina-civaki-peswaziya-daxwaznameyan-dike\/#breadcrumb\",\"itemListElement\":[{\"@type\":\"ListItem\",\"position\":1,\"name\":\"Home\",\"item\":\"https:\/\/scm.bz\/kmr\/\"},{\"@type\":\"ListItem\",\"position\":2,\"name\":\"Hevkar\u00eeya afirandina civak\u00ee p\u00ea\u015fwaz\u00eeya daxwaznameyan dike\"}]},{\"@type\":\"WebSite\",\"@id\":\"https:\/\/scm.bz\/#website\",\"url\":\"https:\/\/scm.bz\/\",\"name\":\"\u0627\u0644\u0645\u0631\u0643\u0632 \u0627\u0644\u0633\u0648\u0631\u064a \u0644\u0644\u0625\u0639\u0644\u0627\u0645 \u0648\u062d\u0631\u064a\u0629 \u0627\u0644\u062a\u0639\u0628\u064a\u0631 Syrian Center for Media and Freedom of Expression\",\"description\":\"\",\"publisher\":{\"@id\":\"https:\/\/scm.bz\/#organization\"},\"potentialAction\":[{\"@type\":\"SearchAction\",\"target\":{\"@type\":\"EntryPoint\",\"urlTemplate\":\"https:\/\/scm.bz\/?s={search_term_string}\"},\"query-input\":{\"@type\":\"PropertyValueSpecification\",\"valueRequired\":true,\"valueName\":\"search_term_string\"}}],\"inLanguage\":\"kmr\"},{\"@type\":\"Organization\",\"@id\":\"https:\/\/scm.bz\/#organization\",\"name\":\"\u0627\u0644\u0645\u0631\u0643\u0632 \u0627\u0644\u0633\u0648\u0631\u064a \u0644\u0644\u0625\u0639\u0644\u0627\u0645 \u0648\u062d\u0631\u064a\u0629 \u0627\u0644\u062a\u0639\u0628\u064a\u0631 Syrian Center for Media and Freedom of Expression\",\"url\":\"https:\/\/scm.bz\/\",\"logo\":{\"@type\":\"ImageObject\",\"inLanguage\":\"kmr\",\"@id\":\"https:\/\/scm.bz\/#\/schema\/logo\/image\/\",\"url\":\"http:\/\/scm.bz\/wp-content\/uploads\/2021\/01\/SCM-logo-1-with-Clear-Space-1-2.png\",\"contentUrl\":\"http:\/\/scm.bz\/wp-content\/uploads\/2021\/01\/SCM-logo-1-with-Clear-Space-1-2.png\",\"width\":1450,\"height\":1450,\"caption\":\"\u0627\u0644\u0645\u0631\u0643\u0632 \u0627\u0644\u0633\u0648\u0631\u064a \u0644\u0644\u0625\u0639\u0644\u0627\u0645 \u0648\u062d\u0631\u064a\u0629 \u0627\u0644\u062a\u0639\u0628\u064a\u0631 Syrian Center for Media and Freedom of Expression\"},\"image\":{\"@id\":\"https:\/\/scm.bz\/#\/schema\/logo\/image\/\"},\"sameAs\":[\"https:\/\/www.facebook.com\/scm.center\",\"https:\/\/x.com\/SyrianCenter\"]},{\"@type\":\"Person\",\"@id\":\"https:\/\/scm.bz\/#\/schema\/person\/d116d4c43d9f3d4fe4b61619e91ead45\",\"name\":\"scmadmin\",\"image\":{\"@type\":\"ImageObject\",\"inLanguage\":\"kmr\",\"@id\":\"https:\/\/scm.bz\/#\/schema\/person\/image\/\",\"url\":\"https:\/\/secure.gravatar.com\/avatar\/8cb2b559549de2ba5e28f5d26e15c8f315b5dd63c953e348e6769ae2e88e3cdc?s=96&d=blank&r=g\",\"contentUrl\":\"https:\/\/secure.gravatar.com\/avatar\/8cb2b559549de2ba5e28f5d26e15c8f315b5dd63c953e348e6769ae2e88e3cdc?s=96&d=blank&r=g\",\"caption\":\"scmadmin\"},\"url\":\"https:\/\/scm.bz\/kmr\/author\/scmadmin\/\"}]}<\/script>\n<!-- \/ Yoast SEO Premium plugin. -->","yoast_head_json":{"title":"Hevkar\u00eeya afirandina civak\u00ee p\u00ea\u015fwaz\u00eeya daxwaznameyan dike - \u0627\u0644\u0645\u0631\u0643\u0632 \u0627\u0644\u0633\u0648\u0631\u064a \u0644\u0644\u0625\u0639\u0644\u0627\u0645 \u0648\u062d\u0631\u064a\u0629 \u0627\u0644\u062a\u0639\u0628\u064a\u0631 Syrian Center for Media and Freedom of Expression","description":"%","robots":{"index":"index","follow":"follow","max-snippet":"max-snippet:-1","max-image-preview":"max-image-preview:large","max-video-preview":"max-video-preview:-1"},"canonical":"https:\/\/scm.bz\/kmr\/hevkariya-afirandina-civaki-peswaziya-daxwaznameyan-dike\/","og_locale":"en_US","og_type":"article","og_title":"Hevkar\u00eeya afirandina civak\u00ee p\u00ea\u015fwaz\u00eeya daxwaznameyan dike","og_description":"%","og_url":"https:\/\/scm.bz\/kmr\/hevkariya-afirandina-civaki-peswaziya-daxwaznameyan-dike\/","og_site_name":"\u0627\u0644\u0645\u0631\u0643\u0632 \u0627\u0644\u0633\u0648\u0631\u064a \u0644\u0644\u0625\u0639\u0644\u0627\u0645 \u0648\u062d\u0631\u064a\u0629 \u0627\u0644\u062a\u0639\u0628\u064a\u0631 Syrian Center for Media and Freedom of Expression","article_publisher":"https:\/\/www.facebook.com\/scm.center","article_published_time":"2017-05-15T00:15:48+00:00","article_modified_time":"2018-02-11T20:37:50+00:00","og_image":[{"width":500,"height":290,"url":"http:\/\/scm.bz\/wp-content\/uploads\/2017\/05\/Chicago_Ideas.png","type":"image\/png"}],"author":"scmadmin","twitter_card":"summary_large_image","twitter_creator":"@SyrianCenter","twitter_site":"@SyrianCenter","twitter_misc":{"Written by":"scmadmin","Est. reading time":"1 minute"},"schema":{"@context":"https:\/\/schema.org","@graph":[{"@type":"Article","@id":"https:\/\/scm.bz\/kmr\/hevkariya-afirandina-civaki-peswaziya-daxwaznameyan-dike\/#article","isPartOf":{"@id":"https:\/\/scm.bz\/kmr\/hevkariya-afirandina-civaki-peswaziya-daxwaznameyan-dike\/"},"author":{"name":"scmadmin","@id":"https:\/\/scm.bz\/#\/schema\/person\/d116d4c43d9f3d4fe4b61619e91ead45"},"headline":"Hevkar\u00eeya afirandina civak\u00ee p\u00ea\u015fwaz\u00eeya daxwaznameyan dike","datePublished":"2017-05-15T00:15:48+00:00","dateModified":"2018-02-11T20:37:50+00:00","mainEntityOfPage":{"@id":"https:\/\/scm.bz\/kmr\/hevkariya-afirandina-civaki-peswaziya-daxwaznameyan-dike\/"},"wordCount":201,"commentCount":0,"publisher":{"@id":"https:\/\/scm.bz\/#organization"},"image":{"@id":"https:\/\/scm.bz\/kmr\/hevkariya-afirandina-civaki-peswaziya-daxwaznameyan-dike\/#primaryimage"},"thumbnailUrl":"https:\/\/scm.bz\/wp-content\/uploads\/2017\/05\/Chicago_Ideas.png","articleSection":["Rah\u00eenan \u00fb Be\u015fdar\u00ee"],"inLanguage":"kmr"},{"@type":"WebPage","@id":"https:\/\/scm.bz\/kmr\/hevkariya-afirandina-civaki-peswaziya-daxwaznameyan-dike\/","url":"https:\/\/scm.bz\/kmr\/hevkariya-afirandina-civaki-peswaziya-daxwaznameyan-dike\/","name":"Hevkar\u00eeya afirandina civak\u00ee p\u00ea\u015fwaz\u00eeya daxwaznameyan dike - \u0627\u0644\u0645\u0631\u0643\u0632 \u0627\u0644\u0633\u0648\u0631\u064a \u0644\u0644\u0625\u0639\u0644\u0627\u0645 \u0648\u062d\u0631\u064a\u0629 \u0627\u0644\u062a\u0639\u0628\u064a\u0631 Syrian Center for Media and Freedom of Expression","isPartOf":{"@id":"https:\/\/scm.bz\/#website"},"primaryImageOfPage":{"@id":"https:\/\/scm.bz\/kmr\/hevkariya-afirandina-civaki-peswaziya-daxwaznameyan-dike\/#primaryimage"},"image":{"@id":"https:\/\/scm.bz\/kmr\/hevkariya-afirandina-civaki-peswaziya-daxwaznameyan-dike\/#primaryimage"},"thumbnailUrl":"https:\/\/scm.bz\/wp-content\/uploads\/2017\/05\/Chicago_Ideas.png","datePublished":"2017-05-15T00:15:48+00:00","dateModified":"2018-02-11T20:37:50+00:00","description":"%","breadcrumb":{"@id":"https:\/\/scm.bz\/kmr\/hevkariya-afirandina-civaki-peswaziya-daxwaznameyan-dike\/#breadcrumb"},"inLanguage":"kmr","potentialAction":[{"@type":"ReadAction","target":["https:\/\/scm.bz\/kmr\/hevkariya-afirandina-civaki-peswaziya-daxwaznameyan-dike\/"]}]},{"@type":"ImageObject","inLanguage":"kmr","@id":"https:\/\/scm.bz\/kmr\/hevkariya-afirandina-civaki-peswaziya-daxwaznameyan-dike\/#primaryimage","url":"https:\/\/scm.bz\/wp-content\/uploads\/2017\/05\/Chicago_Ideas.png","contentUrl":"https:\/\/scm.bz\/wp-content\/uploads\/2017\/05\/Chicago_Ideas.png","width":500,"height":290},{"@type":"BreadcrumbList","@id":"https:\/\/scm.bz\/kmr\/hevkariya-afirandina-civaki-peswaziya-daxwaznameyan-dike\/#breadcrumb","itemListElement":[{"@type":"ListItem","position":1,"name":"Home","item":"https:\/\/scm.bz\/kmr\/"},{"@type":"ListItem","position":2,"name":"Hevkar\u00eeya afirandina civak\u00ee p\u00ea\u015fwaz\u00eeya daxwaznameyan dike"}]},{"@type":"WebSite","@id":"https:\/\/scm.bz\/#website","url":"https:\/\/scm.bz\/","name":"\u0627\u0644\u0645\u0631\u0643\u0632 \u0627\u0644\u0633\u0648\u0631\u064a \u0644\u0644\u0625\u0639\u0644\u0627\u0645 \u0648\u062d\u0631\u064a\u0629 \u0627\u0644\u062a\u0639\u0628\u064a\u0631 Syrian Center for Media and Freedom of Expression","description":"","publisher":{"@id":"https:\/\/scm.bz\/#organization"},"potentialAction":[{"@type":"SearchAction","target":{"@type":"EntryPoint","urlTemplate":"https:\/\/scm.bz\/?s={search_term_string}"},"query-input":{"@type":"PropertyValueSpecification","valueRequired":true,"valueName":"search_term_string"}}],"inLanguage":"kmr"},{"@type":"Organization","@id":"https:\/\/scm.bz\/#organization","name":"\u0627\u0644\u0645\u0631\u0643\u0632 \u0627\u0644\u0633\u0648\u0631\u064a \u0644\u0644\u0625\u0639\u0644\u0627\u0645 \u0648\u062d\u0631\u064a\u0629 \u0627\u0644\u062a\u0639\u0628\u064a\u0631 Syrian Center for Media and Freedom of Expression","url":"https:\/\/scm.bz\/","logo":{"@type":"ImageObject","inLanguage":"kmr","@id":"https:\/\/scm.bz\/#\/schema\/logo\/image\/","url":"http:\/\/scm.bz\/wp-content\/uploads\/2021\/01\/SCM-logo-1-with-Clear-Space-1-2.png","contentUrl":"http:\/\/scm.bz\/wp-content\/uploads\/2021\/01\/SCM-logo-1-with-Clear-Space-1-2.png","width":1450,"height":1450,"caption":"\u0627\u0644\u0645\u0631\u0643\u0632 \u0627\u0644\u0633\u0648\u0631\u064a \u0644\u0644\u0625\u0639\u0644\u0627\u0645 \u0648\u062d\u0631\u064a\u0629 \u0627\u0644\u062a\u0639\u0628\u064a\u0631 Syrian Center for Media and Freedom of Expression"},"image":{"@id":"https:\/\/scm.bz\/#\/schema\/logo\/image\/"},"sameAs":["https:\/\/www.facebook.com\/scm.center","https:\/\/x.com\/SyrianCenter"]},{"@type":"Person","@id":"https:\/\/scm.bz\/#\/schema\/person\/d116d4c43d9f3d4fe4b61619e91ead45","name":"scmadmin","image":{"@type":"ImageObject","inLanguage":"kmr","@id":"https:\/\/scm.bz\/#\/schema\/person\/image\/","url":"https:\/\/secure.gravatar.com\/avatar\/8cb2b559549de2ba5e28f5d26e15c8f315b5dd63c953e348e6769ae2e88e3cdc?s=96&d=blank&r=g","contentUrl":"https:\/\/secure.gravatar.com\/avatar\/8cb2b559549de2ba5e28f5d26e15c8f315b5dd63c953e348e6769ae2e88e3cdc?s=96&d=blank&r=g","caption":"scmadmin"},"url":"https:\/\/scm.bz\/kmr\/author\/scmadmin\/"}]}},"_links":{"self":[{"href":"https:\/\/scm.bz\/kmr\/wp-json\/wp\/v2\/posts\/181085","targetHints":{"allow":["GET"]}}],"collection":[{"href":"https:\/\/scm.bz\/kmr\/wp-json\/wp\/v2\/posts"}],"about":[{"href":"https:\/\/scm.bz\/kmr\/wp-json\/wp\/v2\/types\/post"}],"author":[{"embeddable":true,"href":"https:\/\/scm.bz\/kmr\/wp-json\/wp\/v2\/users\/24"}],"replies":[{"embeddable":true,"href":"https:\/\/scm.bz\/kmr\/wp-json\/wp\/v2\/comments?post=181085"}],"version-history":[{"count":0,"href":"https:\/\/scm.bz\/kmr\/wp-json\/wp\/v2\/posts\/181085\/revisions"}],"wp:featuredmedia":[{"embeddable":true,"href":"https:\/\/scm.bz\/kmr\/wp-json\/wp\/v2\/media\/181086"}],"wp:attachment":[{"href":"https:\/\/scm.bz\/kmr\/wp-json\/wp\/v2\/media?parent=181085"}],"wp:term":[{"taxonomy":"category","embeddable":true,"href":"https:\/\/scm.bz\/kmr\/wp-json\/wp\/v2\/categories?post=181085"},{"taxonomy":"post_tag","embeddable":true,"href":"https:\/\/scm.bz\/kmr\/wp-json\/wp\/v2\/tags?post=181085"}],"curies":[{"name":"wp","href":"https:\/\/api.w.org\/{rel}","templated":true}]}}