{"id":181080,"date":"2017-05-15T21:42:43","date_gmt":"2017-05-15T19:42:43","guid":{"rendered":"https:\/\/scm.bz\/uncategorized-kmr\/america-rejima-esed-sojgeheke-terman-nezi-zindana-sednayaye-cekiriye"},"modified":"2018-02-11T22:49:37","modified_gmt":"2018-02-11T20:49:37","slug":"america-rejima-esed-sojgeheke-terman-nezi-zindana-sednayaye-cekiriye","status":"publish","type":"post","link":"https:\/\/scm.bz\/kmr\/america-rejima-esed-sojgeheke-terman-nezi-zindana-sednayaye-cekiriye\/","title":{"rendered":"America: R\u00eaj\u00eema Esed sojgeheke terman n\u00eaz\u00ee zindana S\u00eadnayay\u00ea \u00e7\u00eakiriye"},"content":{"rendered":"<p dir=\"ltr\"><img loading=\"lazy\" decoding=\"async\" class=\"size-full wp-image-173070 aligncenter\" src=\"https:\/\/scm.bz\/wp-content\/uploads\/2017\/05\/sydnaya.jpg\" alt=\"\" width=\"800\" height=\"487\" srcset=\"https:\/\/scm.bz\/wp-content\/uploads\/2017\/05\/sydnaya.jpg 800w, https:\/\/scm.bz\/wp-content\/uploads\/2017\/05\/sydnaya-300x183.jpg 300w, https:\/\/scm.bz\/wp-content\/uploads\/2017\/05\/sydnaya-150x91.jpg 150w, https:\/\/scm.bz\/wp-content\/uploads\/2017\/05\/sydnaya-768x468.jpg 768w\" sizes=\"auto, (max-width: 800px) 100vw, 800px\" \/><\/p>\n<p dir=\"ltr\"><b><\/b><span style=\"font-weight: 400;\"><strong>Washington- (Reuters) \u2013<\/strong> berpirsek\u00ee wezareta derve ya Americay\u00ea roja du\u015fem\u00ea got ku del\u00eel li cem DYAy\u00ea heye ku r\u00eaj\u00eema Serok\u00ee S\u00fbr\u00eeyey\u00ee Be\u015far Elesed sojgeheke terman n\u00eaz\u00eek\u00ee zindaneke le\u015fker\u00ee a mezin dervey\u00ee same \u00e7\u00eakiriye.<\/span><\/p>\n<p dir=\"ltr\"><span style=\"font-weight: 400;\">Stewart Jones \u00ea ku bi kar\u00ea al\u00eekar\u00eeya wez\u00eer\u00ea derve y\u00ea kar\u00fbbar\u00ean rojhilata nav\u00een radibe got ku berpirsine American gumen dikin ku avakirin v\u00ea sojgeh\u00ea ew b\u00fb xilasb\u00fbna ji term\u00ean li <\/span><a href=\"https:\/\/scm.bz\/library\/%D8%B3%D9%88%D8%B1%D9%8A%D8%A7-%D8%A5%D9%86%D9%87-%D9%8A%D8%AD%D8%B7%D9%91%D9%90%D9%85-%D8%A5%D9%86%D8%B3%D8%A7%D9%86%D9%8A%D8%AA%D9%83-%D8%A7%D9%84%D8%AA%D8%B9%D8%B0%D9%8A%D8%A8-%D9%88%D8%A7.html\"><span style=\"font-weight: 400;\">Zindana S\u00eadnayay\u00ea<\/span><\/a><span style=\"font-weight: 400;\"> ne ku t\u00ea texm\u00eekirin <\/span><a href=\"https:\/\/scm.bz\/scmscfbb\"><span style=\"font-weight: 400;\">Hik\u00fbmeta Esed bi kom\u00ee, hezar\u00ean girt\u00eeyan bi dar ve kirine<\/span><\/a><span style=\"font-weight: 400;\"> ev yek j\u00ee di \u00e7axa cenga navxwey\u00ee de ye ku ev \u015fe\u015f sal\u00ean w\u00ea berdewam e.<\/span><\/p>\n<p dir=\"ltr\"><span style=\"font-weight: 400;\">Jones ji rojnamevanan re diyar kir &#8220;hin \u00e7avkan\u00eeyan ku em ji wan pi\u015ftrast in guman dikin ku gelek term ketine gor\u00ean kom\u00ee de&#8221; her weha got &#8220;em guman dikin ku r\u00eaj\u00eema S\u00fbr\u00eeyey\u00ea term\u00ean di zindana S\u00eadnayay\u00ea de \u015fewitandine da ku tu del\u00eelan li ser ku\u015ftina wan neh\u00eale.&#8221;<\/span><\/p>\n<p dir=\"ltr\"><span style=\"font-weight: 400;\">Jones got ku DYA guman dike ku R\u00eaj\u00eema S\u00fbr\u00eeyey\u00ea sojgeha terman li Zindana S\u00eadnayay\u00ea \u00e7\u00eakiriye da ku ku\u015ftina bikom\u00ee li zindan\u00ea ve\u015f\u00eare \u00fb ew \u00ea del\u00eelan li ser v\u00ea yek\u00ea jib o Civaka Navdewlet\u00ee p\u00ea\u015fk\u00ea\u015f bike.<\/span><\/p>\n<p dir=\"ltr\"><span style=\"font-weight: 400;\">Di Sibata bor\u00ee de, R\u00eaxistina L\u00eabor\u00een\u00ea ya Navdewlet\u00ee got ku di nav 20 ta 50 kesan heft\u00eeyane dihatin bidarvekirin di zindana S\u00eadnaya ya le\u015fker\u00ee li bakur\u00ea same. Her weha ji 5,000 ta 13,000 kesan di \u00e7ar sal\u00ean daw\u00ee de ku raper\u00een di wan de b\u00fbye ceng, hatine bidarvekirin.<\/span><\/p>\n<p dir=\"ltr\"><span style=\"font-weight: 400;\">Jones di ware avakirina her\u00eamine &#8220;sivikkirina ceng\u00ea&#8221; di hundir\u00ea S\u00fbr\u00eeyey\u00ea de bo nizimkirina asta tund\u00eey\u00ea \u00fb al\u00eekar\u00eeya siv\u00eelan, ne ge\u015fb\u00een b\u00fb. Ev lihevkirin bi r\u00eaya R\u00fbsyay\u00ea hate p\u00ea\u015fniyarkirin \u00fb \u00eeran \u00fb Tirk\u00eeyey\u00ea di dan\u00fbstendin\u00ean agirbest\u00ea de y\u00ean ku li paytexta Kazaxistan\u00ea, As\u00eetana li dar ketib\u00fbn, pi\u015ftgir\u00eeya w\u00ea kirin.<\/span><\/p>\n<p dir=\"ltr\"><span style=\"font-weight: 400;\">Jones got &#8220;ji ber t\u00eak\u00e7\u00fbna lihevkirin\u00ean agirbestan y\u00ean b\u00fbr\u00ee, guman\u00ean me nuha di cih\u00ea xwe de ne&#8221; her weha got :&#8221; ji R\u00eaj\u00eema Esed \u00fb Opozisyon\u00ea t\u00ea xwestin ku hem\u00fb \u00ear\u00ee\u015f\u00ean xwe li ser siv\u00eelan rawest\u00eenin. R\u00fbsya j\u00ee divabe pabend\u00eeya r\u00eaj\u00eem\u00ea garant\u00ee bike&#8221;.<\/span><\/p>\n<p dir=\"ltr\"><span style=\"font-weight: 400;\">V\u00eedioya daxuyan\u00eeya Americ\u00ee<\/span><\/p>\n<p dir=\"ltr\"><iframe loading=\"lazy\" src=\"https:\/\/www.youtube.com\/embed\/ob550zFoIyc\" width=\"560\" height=\"315\" frameborder=\"0\" allowfullscreen=\"allowfullscreen\"><\/iframe><\/p>\n<p dir=\"ltr\">\n<p dir=\"ltr\">\n<p dir=\"ltr\"><b>Belge: Rapora R\u00eaxistina L\u00eabor\u00een\u00ea ya Navdewlet\u00ee ku di 7\u00ea sibata 2017an de derketiye<\/b><\/p>\n<p dir=\"ltr\"><span style=\"font-weight: 400;\">Gurandina bi kom\u00ee: bidarvekirina bi kom\u00ee \u00fb tunekirin\u00ean pilankir\u00ee li Zindana S\u00eadnayay\u00ea li S\u00fbr\u00eeyey\u00ea (Erabi)<\/span><\/p>\n<p dir=\"ltr\">\u00a0<\/p>\n","protected":false},"excerpt":{"rendered":"<p>Washington- (Reuters) \u2013 berpirsek\u00ee wezareta derve ya Americay\u00ea roja du\u015fem\u00ea got ku del\u00eel li cem DYAy\u00ea heye ku r\u00eaj\u00eema Serok\u00ee S\u00fbr\u00eeyey\u00ee Be\u015far Elesed sojgeheke terman n\u00eaz\u00eek\u00ee zindaneke le\u015fker\u00ee a mezin dervey\u00ee same \u00e7\u00eakiriye. Stewart Jones \u00ea ku bi kar\u00ea al\u00eekar\u00eeya wez\u00eer\u00ea derve y\u00ea kar\u00fbbar\u00ean rojhilata nav\u00een radibe got ku berpirsine American gumen dikin ku avakirin [&hellip;]<\/p>\n","protected":false},"author":24,"featured_media":181082,"comment_status":"open","ping_status":"open","sticky":false,"template":"","format":"standard","meta":{"_acf_changed":false,"footnotes":""},"categories":[325],"tags":[],"class_list":["post-181080","post","type-post","status-publish","format-standard","has-post-thumbnail","hentry","category-violations-kmr","post-wrapper"],"acf":[],"yoast_head":"<!-- This site is optimized with the Yoast SEO Premium plugin v20.6 (Yoast SEO v26.5) - https:\/\/yoast.com\/wordpress\/plugins\/seo\/ -->\n<title>America: R\u00eaj\u00eema Esed sojgeheke terman n\u00eaz\u00ee zindana S\u00eadnayay\u00ea \u00e7\u00eakiriye - \u0627\u0644\u0645\u0631\u0643\u0632 \u0627\u0644\u0633\u0648\u0631\u064a \u0644\u0644\u0625\u0639\u0644\u0627\u0645 \u0648\u062d\u0631\u064a\u0629 \u0627\u0644\u062a\u0639\u0628\u064a\u0631 Syrian Center for Media and Freedom of Expression<\/title>\n<meta name=\"description\" content=\"%\" \/>\n<meta name=\"robots\" content=\"index, follow, max-snippet:-1, max-image-preview:large, max-video-preview:-1\" \/>\n<link rel=\"canonical\" href=\"https:\/\/mfu.scm.bz\/kmr\/america-rejima-esed-sojgeheke-terman-nezi-zindana-sednayaye-cekiriye\/\" \/>\n<meta property=\"og:locale\" content=\"en_US\" \/>\n<meta property=\"og:type\" content=\"article\" \/>\n<meta property=\"og:title\" content=\"America: R\u00eaj\u00eema Esed sojgeheke terman n\u00eaz\u00ee zindana S\u00eadnayay\u00ea \u00e7\u00eakiriye\" \/>\n<meta property=\"og:description\" content=\"%\" \/>\n<meta property=\"og:url\" content=\"https:\/\/mfu.scm.bz\/kmr\/america-rejima-esed-sojgeheke-terman-nezi-zindana-sednayaye-cekiriye\/\" \/>\n<meta property=\"og:site_name\" content=\"\u0627\u0644\u0645\u0631\u0643\u0632 \u0627\u0644\u0633\u0648\u0631\u064a \u0644\u0644\u0625\u0639\u0644\u0627\u0645 \u0648\u062d\u0631\u064a\u0629 \u0627\u0644\u062a\u0639\u0628\u064a\u0631 Syrian Center for Media and Freedom of Expression\" \/>\n<meta property=\"article:publisher\" content=\"https:\/\/www.facebook.com\/scm.center\" \/>\n<meta property=\"article:published_time\" content=\"2017-05-15T19:42:43+00:00\" \/>\n<meta property=\"article:modified_time\" content=\"2018-02-11T20:49:37+00:00\" \/>\n<meta property=\"og:image\" content=\"https:\/\/mfu.scm.bz\/wp-content\/uploads\/2017\/05\/sydnaya.jpg\" \/>\n\t<meta property=\"og:image:width\" content=\"800\" \/>\n\t<meta property=\"og:image:height\" content=\"487\" \/>\n\t<meta property=\"og:image:type\" content=\"image\/jpeg\" \/>\n<meta name=\"author\" content=\"scmadmin\" \/>\n<meta name=\"twitter:card\" content=\"summary_large_image\" \/>\n<meta name=\"twitter:creator\" content=\"@SyrianCenter\" \/>\n<meta name=\"twitter:site\" content=\"@SyrianCenter\" \/>\n<meta name=\"twitter:label1\" content=\"Written by\" \/>\n\t<meta name=\"twitter:data1\" content=\"scmadmin\" \/>\n\t<meta name=\"twitter:label2\" content=\"Est. reading time\" \/>\n\t<meta name=\"twitter:data2\" content=\"2 minutes\" \/>\n<script type=\"application\/ld+json\" class=\"yoast-schema-graph\">{\"@context\":\"https:\/\/schema.org\",\"@graph\":[{\"@type\":\"Article\",\"@id\":\"https:\/\/mfu.scm.bz\/kmr\/america-rejima-esed-sojgeheke-terman-nezi-zindana-sednayaye-cekiriye\/#article\",\"isPartOf\":{\"@id\":\"https:\/\/mfu.scm.bz\/kmr\/america-rejima-esed-sojgeheke-terman-nezi-zindana-sednayaye-cekiriye\/\"},\"author\":{\"name\":\"scmadmin\",\"@id\":\"https:\/\/scm.bz\/#\/schema\/person\/d116d4c43d9f3d4fe4b61619e91ead45\"},\"headline\":\"America: R\u00eaj\u00eema Esed sojgeheke terman n\u00eaz\u00ee zindana S\u00eadnayay\u00ea \u00e7\u00eakiriye\",\"datePublished\":\"2017-05-15T19:42:43+00:00\",\"dateModified\":\"2018-02-11T20:49:37+00:00\",\"mainEntityOfPage\":{\"@id\":\"https:\/\/mfu.scm.bz\/kmr\/america-rejima-esed-sojgeheke-terman-nezi-zindana-sednayaye-cekiriye\/\"},\"wordCount\":468,\"commentCount\":0,\"publisher\":{\"@id\":\"https:\/\/scm.bz\/#organization\"},\"image\":{\"@id\":\"https:\/\/mfu.scm.bz\/kmr\/america-rejima-esed-sojgeheke-terman-nezi-zindana-sednayaye-cekiriye\/#primaryimage\"},\"thumbnailUrl\":\"https:\/\/scm.bz\/wp-content\/uploads\/2017\/05\/sydnaya.jpg\",\"articleSection\":[\"Rewangeha Binp\u00eakirinan\"],\"inLanguage\":\"kmr\"},{\"@type\":\"WebPage\",\"@id\":\"https:\/\/mfu.scm.bz\/kmr\/america-rejima-esed-sojgeheke-terman-nezi-zindana-sednayaye-cekiriye\/\",\"url\":\"https:\/\/mfu.scm.bz\/kmr\/america-rejima-esed-sojgeheke-terman-nezi-zindana-sednayaye-cekiriye\/\",\"name\":\"America: R\u00eaj\u00eema Esed sojgeheke terman n\u00eaz\u00ee zindana S\u00eadnayay\u00ea \u00e7\u00eakiriye - \u0627\u0644\u0645\u0631\u0643\u0632 \u0627\u0644\u0633\u0648\u0631\u064a \u0644\u0644\u0625\u0639\u0644\u0627\u0645 \u0648\u062d\u0631\u064a\u0629 \u0627\u0644\u062a\u0639\u0628\u064a\u0631 Syrian Center for Media and Freedom of Expression\",\"isPartOf\":{\"@id\":\"https:\/\/scm.bz\/#website\"},\"primaryImageOfPage\":{\"@id\":\"https:\/\/mfu.scm.bz\/kmr\/america-rejima-esed-sojgeheke-terman-nezi-zindana-sednayaye-cekiriye\/#primaryimage\"},\"image\":{\"@id\":\"https:\/\/mfu.scm.bz\/kmr\/america-rejima-esed-sojgeheke-terman-nezi-zindana-sednayaye-cekiriye\/#primaryimage\"},\"thumbnailUrl\":\"https:\/\/scm.bz\/wp-content\/uploads\/2017\/05\/sydnaya.jpg\",\"datePublished\":\"2017-05-15T19:42:43+00:00\",\"dateModified\":\"2018-02-11T20:49:37+00:00\",\"description\":\"%\",\"breadcrumb\":{\"@id\":\"https:\/\/mfu.scm.bz\/kmr\/america-rejima-esed-sojgeheke-terman-nezi-zindana-sednayaye-cekiriye\/#breadcrumb\"},\"inLanguage\":\"kmr\",\"potentialAction\":[{\"@type\":\"ReadAction\",\"target\":[\"https:\/\/mfu.scm.bz\/kmr\/america-rejima-esed-sojgeheke-terman-nezi-zindana-sednayaye-cekiriye\/\"]}]},{\"@type\":\"ImageObject\",\"inLanguage\":\"kmr\",\"@id\":\"https:\/\/mfu.scm.bz\/kmr\/america-rejima-esed-sojgeheke-terman-nezi-zindana-sednayaye-cekiriye\/#primaryimage\",\"url\":\"https:\/\/scm.bz\/wp-content\/uploads\/2017\/05\/sydnaya.jpg\",\"contentUrl\":\"https:\/\/scm.bz\/wp-content\/uploads\/2017\/05\/sydnaya.jpg\",\"width\":800,\"height\":487},{\"@type\":\"BreadcrumbList\",\"@id\":\"https:\/\/mfu.scm.bz\/kmr\/america-rejima-esed-sojgeheke-terman-nezi-zindana-sednayaye-cekiriye\/#breadcrumb\",\"itemListElement\":[{\"@type\":\"ListItem\",\"position\":1,\"name\":\"Home\",\"item\":\"https:\/\/scm.bz\/kmr\/\"},{\"@type\":\"ListItem\",\"position\":2,\"name\":\"America: R\u00eaj\u00eema Esed sojgeheke terman n\u00eaz\u00ee zindana S\u00eadnayay\u00ea \u00e7\u00eakiriye\"}]},{\"@type\":\"WebSite\",\"@id\":\"https:\/\/scm.bz\/#website\",\"url\":\"https:\/\/scm.bz\/\",\"name\":\"\u0627\u0644\u0645\u0631\u0643\u0632 \u0627\u0644\u0633\u0648\u0631\u064a \u0644\u0644\u0625\u0639\u0644\u0627\u0645 \u0648\u062d\u0631\u064a\u0629 \u0627\u0644\u062a\u0639\u0628\u064a\u0631 Syrian Center for Media and Freedom of Expression\",\"description\":\"\",\"publisher\":{\"@id\":\"https:\/\/scm.bz\/#organization\"},\"potentialAction\":[{\"@type\":\"SearchAction\",\"target\":{\"@type\":\"EntryPoint\",\"urlTemplate\":\"https:\/\/scm.bz\/?s={search_term_string}\"},\"query-input\":{\"@type\":\"PropertyValueSpecification\",\"valueRequired\":true,\"valueName\":\"search_term_string\"}}],\"inLanguage\":\"kmr\"},{\"@type\":\"Organization\",\"@id\":\"https:\/\/scm.bz\/#organization\",\"name\":\"\u0627\u0644\u0645\u0631\u0643\u0632 \u0627\u0644\u0633\u0648\u0631\u064a \u0644\u0644\u0625\u0639\u0644\u0627\u0645 \u0648\u062d\u0631\u064a\u0629 \u0627\u0644\u062a\u0639\u0628\u064a\u0631 Syrian Center for Media and Freedom of Expression\",\"url\":\"https:\/\/scm.bz\/\",\"logo\":{\"@type\":\"ImageObject\",\"inLanguage\":\"kmr\",\"@id\":\"https:\/\/scm.bz\/#\/schema\/logo\/image\/\",\"url\":\"http:\/\/scm.bz\/wp-content\/uploads\/2021\/01\/SCM-logo-1-with-Clear-Space-1-2.png\",\"contentUrl\":\"http:\/\/scm.bz\/wp-content\/uploads\/2021\/01\/SCM-logo-1-with-Clear-Space-1-2.png\",\"width\":1450,\"height\":1450,\"caption\":\"\u0627\u0644\u0645\u0631\u0643\u0632 \u0627\u0644\u0633\u0648\u0631\u064a \u0644\u0644\u0625\u0639\u0644\u0627\u0645 \u0648\u062d\u0631\u064a\u0629 \u0627\u0644\u062a\u0639\u0628\u064a\u0631 Syrian Center for Media and Freedom of Expression\"},\"image\":{\"@id\":\"https:\/\/scm.bz\/#\/schema\/logo\/image\/\"},\"sameAs\":[\"https:\/\/www.facebook.com\/scm.center\",\"https:\/\/x.com\/SyrianCenter\"]},{\"@type\":\"Person\",\"@id\":\"https:\/\/scm.bz\/#\/schema\/person\/d116d4c43d9f3d4fe4b61619e91ead45\",\"name\":\"scmadmin\",\"image\":{\"@type\":\"ImageObject\",\"inLanguage\":\"kmr\",\"@id\":\"https:\/\/scm.bz\/#\/schema\/person\/image\/\",\"url\":\"https:\/\/secure.gravatar.com\/avatar\/8cb2b559549de2ba5e28f5d26e15c8f315b5dd63c953e348e6769ae2e88e3cdc?s=96&d=blank&r=g\",\"contentUrl\":\"https:\/\/secure.gravatar.com\/avatar\/8cb2b559549de2ba5e28f5d26e15c8f315b5dd63c953e348e6769ae2e88e3cdc?s=96&d=blank&r=g\",\"caption\":\"scmadmin\"},\"url\":\"https:\/\/scm.bz\/kmr\/author\/scmadmin\/\"}]}<\/script>\n<!-- \/ Yoast SEO Premium plugin. -->","yoast_head_json":{"title":"America: R\u00eaj\u00eema Esed sojgeheke terman n\u00eaz\u00ee zindana S\u00eadnayay\u00ea \u00e7\u00eakiriye - \u0627\u0644\u0645\u0631\u0643\u0632 \u0627\u0644\u0633\u0648\u0631\u064a \u0644\u0644\u0625\u0639\u0644\u0627\u0645 \u0648\u062d\u0631\u064a\u0629 \u0627\u0644\u062a\u0639\u0628\u064a\u0631 Syrian Center for Media and Freedom of Expression","description":"%","robots":{"index":"index","follow":"follow","max-snippet":"max-snippet:-1","max-image-preview":"max-image-preview:large","max-video-preview":"max-video-preview:-1"},"canonical":"https:\/\/mfu.scm.bz\/kmr\/america-rejima-esed-sojgeheke-terman-nezi-zindana-sednayaye-cekiriye\/","og_locale":"en_US","og_type":"article","og_title":"America: R\u00eaj\u00eema Esed sojgeheke terman n\u00eaz\u00ee zindana S\u00eadnayay\u00ea \u00e7\u00eakiriye","og_description":"%","og_url":"https:\/\/mfu.scm.bz\/kmr\/america-rejima-esed-sojgeheke-terman-nezi-zindana-sednayaye-cekiriye\/","og_site_name":"\u0627\u0644\u0645\u0631\u0643\u0632 \u0627\u0644\u0633\u0648\u0631\u064a \u0644\u0644\u0625\u0639\u0644\u0627\u0645 \u0648\u062d\u0631\u064a\u0629 \u0627\u0644\u062a\u0639\u0628\u064a\u0631 Syrian Center for Media and Freedom of Expression","article_publisher":"https:\/\/www.facebook.com\/scm.center","article_published_time":"2017-05-15T19:42:43+00:00","article_modified_time":"2018-02-11T20:49:37+00:00","og_image":[{"width":800,"height":487,"url":"https:\/\/mfu.scm.bz\/wp-content\/uploads\/2017\/05\/sydnaya.jpg","type":"image\/jpeg"}],"author":"scmadmin","twitter_card":"summary_large_image","twitter_creator":"@SyrianCenter","twitter_site":"@SyrianCenter","twitter_misc":{"Written by":"scmadmin","Est. reading time":"2 minutes"},"schema":{"@context":"https:\/\/schema.org","@graph":[{"@type":"Article","@id":"https:\/\/mfu.scm.bz\/kmr\/america-rejima-esed-sojgeheke-terman-nezi-zindana-sednayaye-cekiriye\/#article","isPartOf":{"@id":"https:\/\/mfu.scm.bz\/kmr\/america-rejima-esed-sojgeheke-terman-nezi-zindana-sednayaye-cekiriye\/"},"author":{"name":"scmadmin","@id":"https:\/\/scm.bz\/#\/schema\/person\/d116d4c43d9f3d4fe4b61619e91ead45"},"headline":"America: R\u00eaj\u00eema Esed sojgeheke terman n\u00eaz\u00ee zindana S\u00eadnayay\u00ea \u00e7\u00eakiriye","datePublished":"2017-05-15T19:42:43+00:00","dateModified":"2018-02-11T20:49:37+00:00","mainEntityOfPage":{"@id":"https:\/\/mfu.scm.bz\/kmr\/america-rejima-esed-sojgeheke-terman-nezi-zindana-sednayaye-cekiriye\/"},"wordCount":468,"commentCount":0,"publisher":{"@id":"https:\/\/scm.bz\/#organization"},"image":{"@id":"https:\/\/mfu.scm.bz\/kmr\/america-rejima-esed-sojgeheke-terman-nezi-zindana-sednayaye-cekiriye\/#primaryimage"},"thumbnailUrl":"https:\/\/scm.bz\/wp-content\/uploads\/2017\/05\/sydnaya.jpg","articleSection":["Rewangeha Binp\u00eakirinan"],"inLanguage":"kmr"},{"@type":"WebPage","@id":"https:\/\/mfu.scm.bz\/kmr\/america-rejima-esed-sojgeheke-terman-nezi-zindana-sednayaye-cekiriye\/","url":"https:\/\/mfu.scm.bz\/kmr\/america-rejima-esed-sojgeheke-terman-nezi-zindana-sednayaye-cekiriye\/","name":"America: R\u00eaj\u00eema Esed sojgeheke terman n\u00eaz\u00ee zindana S\u00eadnayay\u00ea \u00e7\u00eakiriye - \u0627\u0644\u0645\u0631\u0643\u0632 \u0627\u0644\u0633\u0648\u0631\u064a \u0644\u0644\u0625\u0639\u0644\u0627\u0645 \u0648\u062d\u0631\u064a\u0629 \u0627\u0644\u062a\u0639\u0628\u064a\u0631 Syrian Center for Media and Freedom of Expression","isPartOf":{"@id":"https:\/\/scm.bz\/#website"},"primaryImageOfPage":{"@id":"https:\/\/mfu.scm.bz\/kmr\/america-rejima-esed-sojgeheke-terman-nezi-zindana-sednayaye-cekiriye\/#primaryimage"},"image":{"@id":"https:\/\/mfu.scm.bz\/kmr\/america-rejima-esed-sojgeheke-terman-nezi-zindana-sednayaye-cekiriye\/#primaryimage"},"thumbnailUrl":"https:\/\/scm.bz\/wp-content\/uploads\/2017\/05\/sydnaya.jpg","datePublished":"2017-05-15T19:42:43+00:00","dateModified":"2018-02-11T20:49:37+00:00","description":"%","breadcrumb":{"@id":"https:\/\/mfu.scm.bz\/kmr\/america-rejima-esed-sojgeheke-terman-nezi-zindana-sednayaye-cekiriye\/#breadcrumb"},"inLanguage":"kmr","potentialAction":[{"@type":"ReadAction","target":["https:\/\/mfu.scm.bz\/kmr\/america-rejima-esed-sojgeheke-terman-nezi-zindana-sednayaye-cekiriye\/"]}]},{"@type":"ImageObject","inLanguage":"kmr","@id":"https:\/\/mfu.scm.bz\/kmr\/america-rejima-esed-sojgeheke-terman-nezi-zindana-sednayaye-cekiriye\/#primaryimage","url":"https:\/\/scm.bz\/wp-content\/uploads\/2017\/05\/sydnaya.jpg","contentUrl":"https:\/\/scm.bz\/wp-content\/uploads\/2017\/05\/sydnaya.jpg","width":800,"height":487},{"@type":"BreadcrumbList","@id":"https:\/\/mfu.scm.bz\/kmr\/america-rejima-esed-sojgeheke-terman-nezi-zindana-sednayaye-cekiriye\/#breadcrumb","itemListElement":[{"@type":"ListItem","position":1,"name":"Home","item":"https:\/\/scm.bz\/kmr\/"},{"@type":"ListItem","position":2,"name":"America: R\u00eaj\u00eema Esed sojgeheke terman n\u00eaz\u00ee zindana S\u00eadnayay\u00ea \u00e7\u00eakiriye"}]},{"@type":"WebSite","@id":"https:\/\/scm.bz\/#website","url":"https:\/\/scm.bz\/","name":"\u0627\u0644\u0645\u0631\u0643\u0632 \u0627\u0644\u0633\u0648\u0631\u064a \u0644\u0644\u0625\u0639\u0644\u0627\u0645 \u0648\u062d\u0631\u064a\u0629 \u0627\u0644\u062a\u0639\u0628\u064a\u0631 Syrian Center for Media and Freedom of Expression","description":"","publisher":{"@id":"https:\/\/scm.bz\/#organization"},"potentialAction":[{"@type":"SearchAction","target":{"@type":"EntryPoint","urlTemplate":"https:\/\/scm.bz\/?s={search_term_string}"},"query-input":{"@type":"PropertyValueSpecification","valueRequired":true,"valueName":"search_term_string"}}],"inLanguage":"kmr"},{"@type":"Organization","@id":"https:\/\/scm.bz\/#organization","name":"\u0627\u0644\u0645\u0631\u0643\u0632 \u0627\u0644\u0633\u0648\u0631\u064a \u0644\u0644\u0625\u0639\u0644\u0627\u0645 \u0648\u062d\u0631\u064a\u0629 \u0627\u0644\u062a\u0639\u0628\u064a\u0631 Syrian Center for Media and Freedom of Expression","url":"https:\/\/scm.bz\/","logo":{"@type":"ImageObject","inLanguage":"kmr","@id":"https:\/\/scm.bz\/#\/schema\/logo\/image\/","url":"http:\/\/scm.bz\/wp-content\/uploads\/2021\/01\/SCM-logo-1-with-Clear-Space-1-2.png","contentUrl":"http:\/\/scm.bz\/wp-content\/uploads\/2021\/01\/SCM-logo-1-with-Clear-Space-1-2.png","width":1450,"height":1450,"caption":"\u0627\u0644\u0645\u0631\u0643\u0632 \u0627\u0644\u0633\u0648\u0631\u064a \u0644\u0644\u0625\u0639\u0644\u0627\u0645 \u0648\u062d\u0631\u064a\u0629 \u0627\u0644\u062a\u0639\u0628\u064a\u0631 Syrian Center for Media and Freedom of Expression"},"image":{"@id":"https:\/\/scm.bz\/#\/schema\/logo\/image\/"},"sameAs":["https:\/\/www.facebook.com\/scm.center","https:\/\/x.com\/SyrianCenter"]},{"@type":"Person","@id":"https:\/\/scm.bz\/#\/schema\/person\/d116d4c43d9f3d4fe4b61619e91ead45","name":"scmadmin","image":{"@type":"ImageObject","inLanguage":"kmr","@id":"https:\/\/scm.bz\/#\/schema\/person\/image\/","url":"https:\/\/secure.gravatar.com\/avatar\/8cb2b559549de2ba5e28f5d26e15c8f315b5dd63c953e348e6769ae2e88e3cdc?s=96&d=blank&r=g","contentUrl":"https:\/\/secure.gravatar.com\/avatar\/8cb2b559549de2ba5e28f5d26e15c8f315b5dd63c953e348e6769ae2e88e3cdc?s=96&d=blank&r=g","caption":"scmadmin"},"url":"https:\/\/scm.bz\/kmr\/author\/scmadmin\/"}]}},"_links":{"self":[{"href":"https:\/\/scm.bz\/kmr\/wp-json\/wp\/v2\/posts\/181080","targetHints":{"allow":["GET"]}}],"collection":[{"href":"https:\/\/scm.bz\/kmr\/wp-json\/wp\/v2\/posts"}],"about":[{"href":"https:\/\/scm.bz\/kmr\/wp-json\/wp\/v2\/types\/post"}],"author":[{"embeddable":true,"href":"https:\/\/scm.bz\/kmr\/wp-json\/wp\/v2\/users\/24"}],"replies":[{"embeddable":true,"href":"https:\/\/scm.bz\/kmr\/wp-json\/wp\/v2\/comments?post=181080"}],"version-history":[{"count":0,"href":"https:\/\/scm.bz\/kmr\/wp-json\/wp\/v2\/posts\/181080\/revisions"}],"wp:featuredmedia":[{"embeddable":true,"href":"https:\/\/scm.bz\/kmr\/wp-json\/wp\/v2\/media\/181082"}],"wp:attachment":[{"href":"https:\/\/scm.bz\/kmr\/wp-json\/wp\/v2\/media?parent=181080"}],"wp:term":[{"taxonomy":"category","embeddable":true,"href":"https:\/\/scm.bz\/kmr\/wp-json\/wp\/v2\/categories?post=181080"},{"taxonomy":"post_tag","embeddable":true,"href":"https:\/\/scm.bz\/kmr\/wp-json\/wp\/v2\/tags?post=181080"}],"curies":[{"name":"wp","href":"https:\/\/api.w.org\/{rel}","templated":true}]}}