{"id":181063,"date":"2017-05-19T00:43:39","date_gmt":"2017-05-18T22:43:39","guid":{"rendered":"https:\/\/scm.bz\/uncategorized-kmr\/xeniqandina-civaka-sivil-li-misire-tundiya-zayendi-ku-ji-aliye-hezen-ewlehiye-te-pekanin-di-dema-elsisi-de-zede-dibe"},"modified":"2018-02-11T22:28:40","modified_gmt":"2018-02-11T20:28:40","slug":"xeniqandina-civaka-sivil-li-misire-tundiya-zayendi-ku-ji-aliye-hezen-ewlehiye-te-pekanin-di-dema-elsisi-de-zede-dibe","status":"publish","type":"post","link":"https:\/\/scm.bz\/kmr\/xeniqandina-civaka-sivil-li-misire-tundiya-zayendi-ku-ji-aliye-hezen-ewlehiye-te-pekanin-di-dema-elsisi-de-zede-dibe\/","title":{"rendered":"Xeniqandina Civaka Siv\u00eel li Misir\u00ea: tund\u00eeya zayend\u00ee ku ji al\u00eey\u00ea h\u00eaz\u00ean ewleh\u00eey\u00ea t\u00ea p\u00eakan\u00een, di dema ElS\u00ees\u00ee de z\u00eade dibe."},"content":{"rendered":"<p dir=\"ltr\"><img loading=\"lazy\" decoding=\"async\" class=\"wp-image-173207 aligncenter\" src=\"https:\/\/scm.bz\/wp-content\/uploads\/2017\/05\/Stifling-Egyptian-civil-society.jpg\" alt=\"\" width=\"983\" height=\"351\" srcset=\"https:\/\/scm.bz\/wp-content\/uploads\/2017\/05\/Stifling-Egyptian-civil-society.jpg 1680w, https:\/\/scm.bz\/wp-content\/uploads\/2017\/05\/Stifling-Egyptian-civil-society-300x107.jpg 300w, https:\/\/scm.bz\/wp-content\/uploads\/2017\/05\/Stifling-Egyptian-civil-society-1024x366.jpg 1024w, https:\/\/scm.bz\/wp-content\/uploads\/2017\/05\/Stifling-Egyptian-civil-society-150x54.jpg 150w, https:\/\/scm.bz\/wp-content\/uploads\/2017\/05\/Stifling-Egyptian-civil-society-768x274.jpg 768w, https:\/\/scm.bz\/wp-content\/uploads\/2017\/05\/Stifling-Egyptian-civil-society-1536x549.jpg 1536w\" sizes=\"auto, (max-width: 983px) 100vw, 983px\" \/><\/p>\n<p dir=\"ltr\"><span style=\"font-weight: 400;\">li gor <\/span><a href=\"https:\/\/scm.bz\/scmD00z5\"><span style=\"font-weight: 400;\">raporek\u00ea ku Federasyona Navdewlet\u00ee ya Maf\u00ean Mirovan \u00eeroj belav kir<\/span><\/a><span style=\"font-weight: 400;\">, hate teqezkirin ku ji \u00e7axa ku art\u00ea\u015f hatiye ser desthilat\u00ea, ji t\u00eermeha 2013an ve, tund\u00eeya zayend\u00ee yak u ji al\u00eey\u00ea h\u00eaz\u00ean ewleh\u00eey\u00ea li Misir\u00ea t\u00ea p\u00eak an\u00een, z\u00eade b\u00fbye. Li gor rapor\u00ea; ev tund\u00eeya zayend\u00ee hem\u00fb kes\u00ean ku bi awayek\u00ee ketober ji al\u00eey\u00ea h\u00eaz\u00ean ewlekar\u00eey\u00ea ve t\u00ean girtin, armanc dike, b\u00ea ku sedema girtina wan ber \u00e7avan were girtin. Ji al\u00eeyek\u00ee din ve, ji bil\u00ee dijimin\u00ean r\u00eaj\u00eema ElS\u00ees\u00ee j\u00ee, gelek kes\u00ean ku di war\u00ea civaka siv\u00eel de kar dikin b\u00fbne qurban\u00ee, her weha xwendekar, jin \u00fb \u00e7i kes\u00ean ku t\u00ea \u00eedaakirin ku ziyan\u00ean wan li exlaq\u00ean gi\u015ft\u00ee hene.<\/span><\/p>\n<p dir=\"ltr\" style=\"padding-left: 150px;\"><span style=\"font-weight: 400;\">Ker\u00eem Lah\u00eec\u00ee, serok\u00ea Federasyona Navdewlet\u00ee ya Maf\u00ean Mirovan got: <strong>&#8220;asta tund\u00eeya zayend\u00ee yak u di dema girtin\u00ea de \u00fb li cih\u00ea girtin\u00ea \u00e7\u00eadibe, z\u00eade b\u00fbye, away\u00ean ku tawankar bi wan ji sizay\u00ea direvin, didin xuyakirin ku strat\u00eec\u00eeyeke siyas\u00ee heye, armanca w\u00ea ew e xeniqandina civala siv\u00eel \u00fb tunekirina deng\u00ea opozisyon\u00ea&#8221;.<\/strong><\/span><\/p>\n<p dir=\"ltr\"><span style=\"font-weight: 400;\">Li gor hevpeyv\u00een\u00ean ku li gel qurban\u00ee, par\u00eazer \u00fb endamine civaka siv\u00eel \u00fb r\u00eaxistin\u00ean maf\u00ean mirovan hatine \u00e7\u00eakirin, t\u00ea diyarkirin ku \u00a0dest\u00ea pol\u00eesan \u00fb endamine ewleh\u00eeya ni\u015ft\u00eeman\u00ee \u00fb art\u00ea\u015f\u00ea di kiryar\u00ean gir\u00eaday\u00ee tund\u00eeya la\u015f\u00ee de heye, ji nav wan kiryaran j\u00ee; destdir\u00eaj\u00eeya zayend\u00ee, destdir\u00eaj\u00eeya bi alavan \u00fb navd\u00fbxistina zayend\u00ee.<\/span><\/p>\n<p dir=\"ltr\" style=\"padding-left: 150px;\"><span style=\"font-weight: 400;\"><strong>&#8220;di \u00ear\u00ee\u015fek\u00ea de ku ji al\u00eey\u00ea serok\u00ea peyger\u00een\u00ean \u00ceskender\u00eeyey\u00ea hate bir\u00eavebirin, wan \u00ear\u00ee\u015f\u00ee me kir \u00fb em ne\u00e7ar kirin em ni\u015f\u00eev bikin \u00fb dest\u00ean xwe deynen pa\u015f xwe. Wan jin birin al\u00eeyek\u00ee \u00fb ber\u00ea me bi d\u00eew\u00ear ve kirin, wan em tev aciz kirin \u00fb \u00eehanet kirin. Min hewl da ku ez dest\u00ean le\u015fkerek\u00ee ewleh\u00eeya navend\u00ee ji nav bincil\u00ean xwe derxim l\u00ea wan bi \u00e7ek\u00ean xwe li min dan \u00fb min nema kar\u00eeb\u00fb li ber xwe bidim&#8221;<\/strong> K. \u00e7alakvaneke R\u00eaxistineke Misir\u00ee ya Maf\u00ean Mirovan e.<\/span><\/p>\n<p dir=\"ltr\"><span style=\"font-weight: 400;\">Ev tund\u00ee li ser asteke berfireh ji al\u00eey\u00ea h\u00eaz\u00ean ewleh\u00eeya gir\u00eaday\u00ee dewlet\u00ea t\u00ea p\u00eakan\u00een, ev yek j\u00ee weke tinaz\u00eey\u00ea ye bo pabend\u00eey\u00ean hik\u00fbmet\u00ea y\u00ean der bar\u00ea dijat\u00eeya tund\u00eeya zayend\u00ee di civaka Misir\u00ee de t\u00ea hesibandin. Gelek \u00eecray\u00ean gir\u00eaday\u00ee dijat\u00eeya tund\u00eeya zayend\u00ee hatin stendin, l\u00ea van \u00eecrayan nikar\u00eeb\u00fbn v\u00ee ti\u015ft\u00ee rawest\u00eenin.<\/span><\/p>\n<p dir=\"ltr\"><span style=\"font-weight: 400;\">Ji rapora Federasyona Navdewlet\u00ee ya Maf\u00ean Mirovan diyar dibe ku ev tund\u00ee li ser asteke berfireh pejirand\u00ee ye, \u00e7i ku tawankar, \u00e7i dewlet be \u00e7i siv\u00eel be, li ser van kiryaran nay\u00ean dadgehkirin. Ji t\u00eermeha 2014an ve \u00e7axa dadgehkirina 7 zilam\u00ean ku bi tometa be\u015fdar\u00eeya di \u00ear\u00ee\u015feke zayend\u00ee de li (Meydan Eltehr\u00eer) di \u015fah\u00eey\u00ean serokat\u00eeya ElS\u00ees\u00ee de Hiz\u00earana 2014an ve, \u00a0hatib\u00fbn girtin, tu dadgeh\u00ean n\u00fb ji bo tund\u00eeya zayend\u00ee \u00e7\u00eaneb\u00fbne. Ji al\u00eey\u00ea h\u00eaz\u00ean ewleh\u00eey\u00ea j\u00ee, tev li pirb\u00fbna gil\u00ee \u00fb gazinan l\u00ea tu kes\u00ee gir\u00eaday\u00ee h\u00eaz\u00ean ewleh\u00eey\u00ea ji bo tawan\u00ean tund\u00eeya zayend\u00ee nehatiye dadgehkirin.<\/span><\/p>\n<p dir=\"ltr\"><span style=\"font-weight: 400;\">Rola h\u00eaz\u00ean ewleh\u00eey\u00ea di destdir\u00eaj\u00ee \u00fb \u00ear\u00ee\u015f\u00ean zayend\u00ee de heye, ev yek j\u00ee dibe sedema negil\u00eekirin\u00ea ji al\u00eey\u00ea qurban\u00eeyan. Rew\u015fa gi\u015ft\u00ee ya reva ji sizay\u00ea dibe sedema z\u00eadeb\u00fbna asta tund\u00eey\u00ea ya ku ji al\u00eey\u00ea zilam\u00ean dewlet\u00ea \u00fb siv\u00eelan t\u00ea p\u00eakan\u00een.<\/span><\/p>\n<p dir=\"ltr\" style=\"padding-left: 180px;\">Em\u00eendara Gi\u015ft\u00ee ya Federasyona Navdewlet\u00ee ya Maf\u00ean Mirovan; Em\u00eene B\u00fbiya\u015f got:<strong> &#8220;ji hik\u00fbmeta Misir\u00ea t\u00ea xwestin ku ew di cih de s\u00eenorek\u00ee ji van tawanan re deyne, ev \u00ean ku ji al\u00eey\u00ea kes\u00ean gir\u00eaday\u00ee w\u00ea t\u00ean kirin. Gerek e l\u00eapirs\u00een\u00ean cid\u00ee werin destp\u00eakirin \u00fb doz li berpirsyaran were vekirin li gor p\u00eevan\u00ean navdewlet\u00ee.&#8221;<\/strong><\/p>\n<p dir=\"ltr\"><span style=\"font-weight: 400;\">Gava ku R\u00eaj\u00eema ElS\u00ees\u00ee van tawanan di ser guh\u00ea xwe re diav\u00eaje, dijat\u00eeya tund\u00eeya zayend\u00ee j\u00ee pa\u015fguh dike. Ji pay\u00eeza 2013an ve, hik\u00fbmet\u00ea kampan\u00eeyek li dij\u00ee kes\u00ean Homosexual me\u015fand. H\u00eaz\u00ean ewleh\u00eey\u00ea \u00ear\u00ee\u015f\u00ee malan kir \u00fb li ser agah\u00eey\u00ean ku bi r\u00eaya \u00eentern\u00eat\u00ea ber hev kirib\u00fb, kes\u00ean Homosexual girtin \u00fb ew bi &#8221; fel\u00eetey\u00eet\u00eey\u00ea&#8221; tometbar kirin, her weha tund\u00eeya zayend\u00ee ya ku li ser wan kesan dihate p\u00eakan\u00een, di bin nave parastina edeb. Exlaq \u00fb ol\u00ea de b\u00fb.<\/span><\/p>\n<p dir=\"ltr\"><span style=\"font-weight: 400;\">Ev rapor li ser agah\u00eey\u00ean ku di <\/span><a href=\"https:\/\/scm.bz\/scmrSw9C\"><span style=\"font-weight: 400;\">rapork\u00ea<\/span><\/a><span style=\"font-weight: 400;\"> de ku di n\u00eesana 2014an de der bar\u00ea tund\u00eeya zayend\u00ee ya li dij\u00ee jin\u00ea de hatine belgekirin, hatiye avakirin, di v\u00ea rapor\u00ea de, Federasyona Navdewlet\u00ee ya Maf\u00ean Mirovan \u00fb hin r\u00eaxistin\u00ean civaka siv\u00eel \u00ean Misir\u00ee li ser t\u00eak\u00e7\u00fbna dewlet\u00ea di \u00e7\u00eakirina l\u00eapirs\u00eenan de \u00fb dozl\u00eavekirin\u00ea teqez kirye. Her weha doza p\u00eakan\u00eena <\/span><a href=\"https:\/\/scm.bz\/scm7YFdP\"><span style=\"font-weight: 400;\">deh tedb\u00eer\u00ean lezg\u00een<\/span><\/a><span style=\"font-weight: 400;\"> bo bidaw\u00eekirina tund\u00eeya dij\u00ee jin\u00ea hatiye kirin.<\/span><\/p>\n<p dir=\"ltr\"><a href=\"https:\/\/scm.bz\/scmD00z5\"><span style=\"font-weight: 400;\">Bo daxistina rapora &#8220;derxistina derew\u00ean Dewlet\u00ea: Tund\u00eeya Zayend\u00ee ya ku ji al\u00eey\u00ea h\u00eaz\u00ean ewleh\u00eey\u00ea li Misir\u00ea t\u00ea p\u00eakan\u00een&#8221; li v\u00ea der\u00ea bixe.<\/span><\/a><\/p>\n<p dir=\"ltr\"><span style=\"font-weight: 400;\">J\u00eader: <\/span><a href=\"https:\/\/scm.bz\/scmFyLo8\"><span style=\"font-weight: 400;\">Federasyona Navdewlet\u00ee ya Maf\u00ean Mirovan<\/span><\/a><\/p>\n","protected":false},"excerpt":{"rendered":"<p>li gor raporek\u00ea ku Federasyona Navdewlet\u00ee ya Maf\u00ean Mirovan \u00eeroj belav kir, hate teqezkirin ku ji \u00e7axa ku art\u00ea\u015f hatiye ser desthilat\u00ea, ji t\u00eermeha 2013an ve, tund\u00eeya zayend\u00ee yak u ji al\u00eey\u00ea h\u00eaz\u00ean ewleh\u00eey\u00ea li Misir\u00ea t\u00ea p\u00eak an\u00een, z\u00eade b\u00fbye. Li gor rapor\u00ea; ev tund\u00eeya zayend\u00ee hem\u00fb kes\u00ean ku bi awayek\u00ee ketober ji al\u00eey\u00ea [&hellip;]<\/p>\n","protected":false},"author":24,"featured_media":181064,"comment_status":"open","ping_status":"open","sticky":false,"template":"","format":"standard","meta":{"_acf_changed":false,"footnotes":""},"categories":[333],"tags":[],"class_list":["post-181063","post","type-post","status-publish","format-standard","has-post-thumbnail","hentry","category-arab_world-ku","post-wrapper"],"acf":[],"yoast_head":"<!-- This site is optimized with the Yoast SEO Premium plugin v20.6 (Yoast SEO v26.5) - https:\/\/yoast.com\/wordpress\/plugins\/seo\/ -->\n<title>Xeniqandina Civaka Siv\u00eel li Misir\u00ea: tund\u00eeya zayend\u00ee ku ji al\u00eey\u00ea h\u00eaz\u00ean ewleh\u00eey\u00ea t\u00ea p\u00eakan\u00een, di dema ElS\u00ees\u00ee de z\u00eade dibe. - \u0627\u0644\u0645\u0631\u0643\u0632 \u0627\u0644\u0633\u0648\u0631\u064a \u0644\u0644\u0625\u0639\u0644\u0627\u0645 \u0648\u062d\u0631\u064a\u0629 \u0627\u0644\u062a\u0639\u0628\u064a\u0631 Syrian Center for Media and Freedom of Expression<\/title>\n<meta name=\"description\" content=\"%\" \/>\n<meta name=\"robots\" content=\"index, follow, max-snippet:-1, max-image-preview:large, max-video-preview:-1\" \/>\n<link rel=\"canonical\" href=\"https:\/\/scm.bz\/kmr\/xeniqandina-civaka-sivil-li-misire-tundiya-zayendi-ku-ji-aliye-hezen-ewlehiye-te-pekanin-di-dema-elsisi-de-zede-dibe\/\" \/>\n<meta property=\"og:locale\" content=\"en_US\" \/>\n<meta property=\"og:type\" content=\"article\" \/>\n<meta property=\"og:title\" content=\"Xeniqandina Civaka Siv\u00eel li Misir\u00ea: tund\u00eeya zayend\u00ee ku ji al\u00eey\u00ea h\u00eaz\u00ean ewleh\u00eey\u00ea t\u00ea p\u00eakan\u00een, di dema ElS\u00ees\u00ee de z\u00eade dibe.\" \/>\n<meta property=\"og:description\" content=\"%\" \/>\n<meta property=\"og:url\" content=\"https:\/\/scm.bz\/kmr\/xeniqandina-civaka-sivil-li-misire-tundiya-zayendi-ku-ji-aliye-hezen-ewlehiye-te-pekanin-di-dema-elsisi-de-zede-dibe\/\" \/>\n<meta property=\"og:site_name\" content=\"\u0627\u0644\u0645\u0631\u0643\u0632 \u0627\u0644\u0633\u0648\u0631\u064a \u0644\u0644\u0625\u0639\u0644\u0627\u0645 \u0648\u062d\u0631\u064a\u0629 \u0627\u0644\u062a\u0639\u0628\u064a\u0631 Syrian Center for Media and Freedom of Expression\" \/>\n<meta property=\"article:publisher\" content=\"https:\/\/www.facebook.com\/scm.center\" \/>\n<meta property=\"article:published_time\" content=\"2017-05-18T22:43:39+00:00\" \/>\n<meta property=\"article:modified_time\" content=\"2018-02-11T20:28:40+00:00\" \/>\n<meta property=\"og:image\" content=\"http:\/\/scm.bz\/wp-content\/uploads\/2017\/05\/Stifling-Egyptian-civil-society.jpg\" \/>\n\t<meta property=\"og:image:width\" content=\"1680\" \/>\n\t<meta property=\"og:image:height\" content=\"600\" \/>\n\t<meta property=\"og:image:type\" content=\"image\/jpeg\" \/>\n<meta name=\"author\" content=\"scmadmin\" \/>\n<meta name=\"twitter:card\" content=\"summary_large_image\" \/>\n<meta name=\"twitter:creator\" content=\"@SyrianCenter\" \/>\n<meta name=\"twitter:site\" content=\"@SyrianCenter\" \/>\n<meta name=\"twitter:label1\" content=\"Written by\" \/>\n\t<meta name=\"twitter:data1\" content=\"scmadmin\" \/>\n\t<meta name=\"twitter:label2\" content=\"Est. reading time\" \/>\n\t<meta name=\"twitter:data2\" content=\"5 minutes\" \/>\n<script type=\"application\/ld+json\" class=\"yoast-schema-graph\">{\"@context\":\"https:\/\/schema.org\",\"@graph\":[{\"@type\":\"Article\",\"@id\":\"https:\/\/scm.bz\/kmr\/xeniqandina-civaka-sivil-li-misire-tundiya-zayendi-ku-ji-aliye-hezen-ewlehiye-te-pekanin-di-dema-elsisi-de-zede-dibe\/#article\",\"isPartOf\":{\"@id\":\"https:\/\/scm.bz\/kmr\/xeniqandina-civaka-sivil-li-misire-tundiya-zayendi-ku-ji-aliye-hezen-ewlehiye-te-pekanin-di-dema-elsisi-de-zede-dibe\/\"},\"author\":{\"name\":\"scmadmin\",\"@id\":\"https:\/\/scm.bz\/#\/schema\/person\/d116d4c43d9f3d4fe4b61619e91ead45\"},\"headline\":\"Xeniqandina Civaka Siv\u00eel li Misir\u00ea: tund\u00eeya zayend\u00ee ku ji al\u00eey\u00ea h\u00eaz\u00ean ewleh\u00eey\u00ea t\u00ea p\u00eakan\u00een, di dema ElS\u00ees\u00ee de z\u00eade dibe.\",\"datePublished\":\"2017-05-18T22:43:39+00:00\",\"dateModified\":\"2018-02-11T20:28:40+00:00\",\"mainEntityOfPage\":{\"@id\":\"https:\/\/scm.bz\/kmr\/xeniqandina-civaka-sivil-li-misire-tundiya-zayendi-ku-ji-aliye-hezen-ewlehiye-te-pekanin-di-dema-elsisi-de-zede-dibe\/\"},\"wordCount\":932,\"commentCount\":0,\"publisher\":{\"@id\":\"https:\/\/scm.bz\/#organization\"},\"image\":{\"@id\":\"https:\/\/scm.bz\/kmr\/xeniqandina-civaka-sivil-li-misire-tundiya-zayendi-ku-ji-aliye-hezen-ewlehiye-te-pekanin-di-dema-elsisi-de-zede-dibe\/#primaryimage\"},\"thumbnailUrl\":\"https:\/\/scm.bz\/wp-content\/uploads\/2017\/05\/Stifling-Egyptian-civil-society.jpg\",\"articleSection\":[\"C\u00eehana Ereb\u00ee\"],\"inLanguage\":\"kmr\"},{\"@type\":\"WebPage\",\"@id\":\"https:\/\/scm.bz\/kmr\/xeniqandina-civaka-sivil-li-misire-tundiya-zayendi-ku-ji-aliye-hezen-ewlehiye-te-pekanin-di-dema-elsisi-de-zede-dibe\/\",\"url\":\"https:\/\/scm.bz\/kmr\/xeniqandina-civaka-sivil-li-misire-tundiya-zayendi-ku-ji-aliye-hezen-ewlehiye-te-pekanin-di-dema-elsisi-de-zede-dibe\/\",\"name\":\"Xeniqandina Civaka Siv\u00eel li Misir\u00ea: tund\u00eeya zayend\u00ee ku ji al\u00eey\u00ea h\u00eaz\u00ean ewleh\u00eey\u00ea t\u00ea p\u00eakan\u00een, di dema ElS\u00ees\u00ee de z\u00eade dibe. - \u0627\u0644\u0645\u0631\u0643\u0632 \u0627\u0644\u0633\u0648\u0631\u064a \u0644\u0644\u0625\u0639\u0644\u0627\u0645 \u0648\u062d\u0631\u064a\u0629 \u0627\u0644\u062a\u0639\u0628\u064a\u0631 Syrian Center for Media and Freedom of Expression\",\"isPartOf\":{\"@id\":\"https:\/\/scm.bz\/#website\"},\"primaryImageOfPage\":{\"@id\":\"https:\/\/scm.bz\/kmr\/xeniqandina-civaka-sivil-li-misire-tundiya-zayendi-ku-ji-aliye-hezen-ewlehiye-te-pekanin-di-dema-elsisi-de-zede-dibe\/#primaryimage\"},\"image\":{\"@id\":\"https:\/\/scm.bz\/kmr\/xeniqandina-civaka-sivil-li-misire-tundiya-zayendi-ku-ji-aliye-hezen-ewlehiye-te-pekanin-di-dema-elsisi-de-zede-dibe\/#primaryimage\"},\"thumbnailUrl\":\"https:\/\/scm.bz\/wp-content\/uploads\/2017\/05\/Stifling-Egyptian-civil-society.jpg\",\"datePublished\":\"2017-05-18T22:43:39+00:00\",\"dateModified\":\"2018-02-11T20:28:40+00:00\",\"description\":\"%\",\"breadcrumb\":{\"@id\":\"https:\/\/scm.bz\/kmr\/xeniqandina-civaka-sivil-li-misire-tundiya-zayendi-ku-ji-aliye-hezen-ewlehiye-te-pekanin-di-dema-elsisi-de-zede-dibe\/#breadcrumb\"},\"inLanguage\":\"kmr\",\"potentialAction\":[{\"@type\":\"ReadAction\",\"target\":[\"https:\/\/scm.bz\/kmr\/xeniqandina-civaka-sivil-li-misire-tundiya-zayendi-ku-ji-aliye-hezen-ewlehiye-te-pekanin-di-dema-elsisi-de-zede-dibe\/\"]}]},{\"@type\":\"ImageObject\",\"inLanguage\":\"kmr\",\"@id\":\"https:\/\/scm.bz\/kmr\/xeniqandina-civaka-sivil-li-misire-tundiya-zayendi-ku-ji-aliye-hezen-ewlehiye-te-pekanin-di-dema-elsisi-de-zede-dibe\/#primaryimage\",\"url\":\"https:\/\/scm.bz\/wp-content\/uploads\/2017\/05\/Stifling-Egyptian-civil-society.jpg\",\"contentUrl\":\"https:\/\/scm.bz\/wp-content\/uploads\/2017\/05\/Stifling-Egyptian-civil-society.jpg\",\"width\":1680,\"height\":600},{\"@type\":\"BreadcrumbList\",\"@id\":\"https:\/\/scm.bz\/kmr\/xeniqandina-civaka-sivil-li-misire-tundiya-zayendi-ku-ji-aliye-hezen-ewlehiye-te-pekanin-di-dema-elsisi-de-zede-dibe\/#breadcrumb\",\"itemListElement\":[{\"@type\":\"ListItem\",\"position\":1,\"name\":\"Home\",\"item\":\"https:\/\/scm.bz\/kmr\/\"},{\"@type\":\"ListItem\",\"position\":2,\"name\":\"Xeniqandina Civaka Siv\u00eel li Misir\u00ea: tund\u00eeya zayend\u00ee ku ji al\u00eey\u00ea h\u00eaz\u00ean ewleh\u00eey\u00ea t\u00ea p\u00eakan\u00een, di dema ElS\u00ees\u00ee de z\u00eade dibe.\"}]},{\"@type\":\"WebSite\",\"@id\":\"https:\/\/scm.bz\/#website\",\"url\":\"https:\/\/scm.bz\/\",\"name\":\"\u0627\u0644\u0645\u0631\u0643\u0632 \u0627\u0644\u0633\u0648\u0631\u064a \u0644\u0644\u0625\u0639\u0644\u0627\u0645 \u0648\u062d\u0631\u064a\u0629 \u0627\u0644\u062a\u0639\u0628\u064a\u0631 Syrian Center for Media and Freedom of Expression\",\"description\":\"\",\"publisher\":{\"@id\":\"https:\/\/scm.bz\/#organization\"},\"potentialAction\":[{\"@type\":\"SearchAction\",\"target\":{\"@type\":\"EntryPoint\",\"urlTemplate\":\"https:\/\/scm.bz\/?s={search_term_string}\"},\"query-input\":{\"@type\":\"PropertyValueSpecification\",\"valueRequired\":true,\"valueName\":\"search_term_string\"}}],\"inLanguage\":\"kmr\"},{\"@type\":\"Organization\",\"@id\":\"https:\/\/scm.bz\/#organization\",\"name\":\"\u0627\u0644\u0645\u0631\u0643\u0632 \u0627\u0644\u0633\u0648\u0631\u064a \u0644\u0644\u0625\u0639\u0644\u0627\u0645 \u0648\u062d\u0631\u064a\u0629 \u0627\u0644\u062a\u0639\u0628\u064a\u0631 Syrian Center for Media and Freedom of Expression\",\"url\":\"https:\/\/scm.bz\/\",\"logo\":{\"@type\":\"ImageObject\",\"inLanguage\":\"kmr\",\"@id\":\"https:\/\/scm.bz\/#\/schema\/logo\/image\/\",\"url\":\"http:\/\/scm.bz\/wp-content\/uploads\/2021\/01\/SCM-logo-1-with-Clear-Space-1-2.png\",\"contentUrl\":\"http:\/\/scm.bz\/wp-content\/uploads\/2021\/01\/SCM-logo-1-with-Clear-Space-1-2.png\",\"width\":1450,\"height\":1450,\"caption\":\"\u0627\u0644\u0645\u0631\u0643\u0632 \u0627\u0644\u0633\u0648\u0631\u064a \u0644\u0644\u0625\u0639\u0644\u0627\u0645 \u0648\u062d\u0631\u064a\u0629 \u0627\u0644\u062a\u0639\u0628\u064a\u0631 Syrian Center for Media and Freedom of Expression\"},\"image\":{\"@id\":\"https:\/\/scm.bz\/#\/schema\/logo\/image\/\"},\"sameAs\":[\"https:\/\/www.facebook.com\/scm.center\",\"https:\/\/x.com\/SyrianCenter\"]},{\"@type\":\"Person\",\"@id\":\"https:\/\/scm.bz\/#\/schema\/person\/d116d4c43d9f3d4fe4b61619e91ead45\",\"name\":\"scmadmin\",\"image\":{\"@type\":\"ImageObject\",\"inLanguage\":\"kmr\",\"@id\":\"https:\/\/scm.bz\/#\/schema\/person\/image\/\",\"url\":\"https:\/\/secure.gravatar.com\/avatar\/8cb2b559549de2ba5e28f5d26e15c8f315b5dd63c953e348e6769ae2e88e3cdc?s=96&d=blank&r=g\",\"contentUrl\":\"https:\/\/secure.gravatar.com\/avatar\/8cb2b559549de2ba5e28f5d26e15c8f315b5dd63c953e348e6769ae2e88e3cdc?s=96&d=blank&r=g\",\"caption\":\"scmadmin\"},\"url\":\"https:\/\/scm.bz\/kmr\/author\/scmadmin\/\"}]}<\/script>\n<!-- \/ Yoast SEO Premium plugin. -->","yoast_head_json":{"title":"Xeniqandina Civaka Siv\u00eel li Misir\u00ea: tund\u00eeya zayend\u00ee ku ji al\u00eey\u00ea h\u00eaz\u00ean ewleh\u00eey\u00ea t\u00ea p\u00eakan\u00een, di dema ElS\u00ees\u00ee de z\u00eade dibe. - \u0627\u0644\u0645\u0631\u0643\u0632 \u0627\u0644\u0633\u0648\u0631\u064a \u0644\u0644\u0625\u0639\u0644\u0627\u0645 \u0648\u062d\u0631\u064a\u0629 \u0627\u0644\u062a\u0639\u0628\u064a\u0631 Syrian Center for Media and Freedom of Expression","description":"%","robots":{"index":"index","follow":"follow","max-snippet":"max-snippet:-1","max-image-preview":"max-image-preview:large","max-video-preview":"max-video-preview:-1"},"canonical":"https:\/\/scm.bz\/kmr\/xeniqandina-civaka-sivil-li-misire-tundiya-zayendi-ku-ji-aliye-hezen-ewlehiye-te-pekanin-di-dema-elsisi-de-zede-dibe\/","og_locale":"en_US","og_type":"article","og_title":"Xeniqandina Civaka Siv\u00eel li Misir\u00ea: tund\u00eeya zayend\u00ee ku ji al\u00eey\u00ea h\u00eaz\u00ean ewleh\u00eey\u00ea t\u00ea p\u00eakan\u00een, di dema ElS\u00ees\u00ee de z\u00eade dibe.","og_description":"%","og_url":"https:\/\/scm.bz\/kmr\/xeniqandina-civaka-sivil-li-misire-tundiya-zayendi-ku-ji-aliye-hezen-ewlehiye-te-pekanin-di-dema-elsisi-de-zede-dibe\/","og_site_name":"\u0627\u0644\u0645\u0631\u0643\u0632 \u0627\u0644\u0633\u0648\u0631\u064a \u0644\u0644\u0625\u0639\u0644\u0627\u0645 \u0648\u062d\u0631\u064a\u0629 \u0627\u0644\u062a\u0639\u0628\u064a\u0631 Syrian Center for Media and Freedom of Expression","article_publisher":"https:\/\/www.facebook.com\/scm.center","article_published_time":"2017-05-18T22:43:39+00:00","article_modified_time":"2018-02-11T20:28:40+00:00","og_image":[{"width":1680,"height":600,"url":"http:\/\/scm.bz\/wp-content\/uploads\/2017\/05\/Stifling-Egyptian-civil-society.jpg","type":"image\/jpeg"}],"author":"scmadmin","twitter_card":"summary_large_image","twitter_creator":"@SyrianCenter","twitter_site":"@SyrianCenter","twitter_misc":{"Written by":"scmadmin","Est. reading time":"5 minutes"},"schema":{"@context":"https:\/\/schema.org","@graph":[{"@type":"Article","@id":"https:\/\/scm.bz\/kmr\/xeniqandina-civaka-sivil-li-misire-tundiya-zayendi-ku-ji-aliye-hezen-ewlehiye-te-pekanin-di-dema-elsisi-de-zede-dibe\/#article","isPartOf":{"@id":"https:\/\/scm.bz\/kmr\/xeniqandina-civaka-sivil-li-misire-tundiya-zayendi-ku-ji-aliye-hezen-ewlehiye-te-pekanin-di-dema-elsisi-de-zede-dibe\/"},"author":{"name":"scmadmin","@id":"https:\/\/scm.bz\/#\/schema\/person\/d116d4c43d9f3d4fe4b61619e91ead45"},"headline":"Xeniqandina Civaka Siv\u00eel li Misir\u00ea: tund\u00eeya zayend\u00ee ku ji al\u00eey\u00ea h\u00eaz\u00ean ewleh\u00eey\u00ea t\u00ea p\u00eakan\u00een, di dema ElS\u00ees\u00ee de z\u00eade dibe.","datePublished":"2017-05-18T22:43:39+00:00","dateModified":"2018-02-11T20:28:40+00:00","mainEntityOfPage":{"@id":"https:\/\/scm.bz\/kmr\/xeniqandina-civaka-sivil-li-misire-tundiya-zayendi-ku-ji-aliye-hezen-ewlehiye-te-pekanin-di-dema-elsisi-de-zede-dibe\/"},"wordCount":932,"commentCount":0,"publisher":{"@id":"https:\/\/scm.bz\/#organization"},"image":{"@id":"https:\/\/scm.bz\/kmr\/xeniqandina-civaka-sivil-li-misire-tundiya-zayendi-ku-ji-aliye-hezen-ewlehiye-te-pekanin-di-dema-elsisi-de-zede-dibe\/#primaryimage"},"thumbnailUrl":"https:\/\/scm.bz\/wp-content\/uploads\/2017\/05\/Stifling-Egyptian-civil-society.jpg","articleSection":["C\u00eehana Ereb\u00ee"],"inLanguage":"kmr"},{"@type":"WebPage","@id":"https:\/\/scm.bz\/kmr\/xeniqandina-civaka-sivil-li-misire-tundiya-zayendi-ku-ji-aliye-hezen-ewlehiye-te-pekanin-di-dema-elsisi-de-zede-dibe\/","url":"https:\/\/scm.bz\/kmr\/xeniqandina-civaka-sivil-li-misire-tundiya-zayendi-ku-ji-aliye-hezen-ewlehiye-te-pekanin-di-dema-elsisi-de-zede-dibe\/","name":"Xeniqandina Civaka Siv\u00eel li Misir\u00ea: tund\u00eeya zayend\u00ee ku ji al\u00eey\u00ea h\u00eaz\u00ean ewleh\u00eey\u00ea t\u00ea p\u00eakan\u00een, di dema ElS\u00ees\u00ee de z\u00eade dibe. - \u0627\u0644\u0645\u0631\u0643\u0632 \u0627\u0644\u0633\u0648\u0631\u064a \u0644\u0644\u0625\u0639\u0644\u0627\u0645 \u0648\u062d\u0631\u064a\u0629 \u0627\u0644\u062a\u0639\u0628\u064a\u0631 Syrian Center for Media and Freedom of Expression","isPartOf":{"@id":"https:\/\/scm.bz\/#website"},"primaryImageOfPage":{"@id":"https:\/\/scm.bz\/kmr\/xeniqandina-civaka-sivil-li-misire-tundiya-zayendi-ku-ji-aliye-hezen-ewlehiye-te-pekanin-di-dema-elsisi-de-zede-dibe\/#primaryimage"},"image":{"@id":"https:\/\/scm.bz\/kmr\/xeniqandina-civaka-sivil-li-misire-tundiya-zayendi-ku-ji-aliye-hezen-ewlehiye-te-pekanin-di-dema-elsisi-de-zede-dibe\/#primaryimage"},"thumbnailUrl":"https:\/\/scm.bz\/wp-content\/uploads\/2017\/05\/Stifling-Egyptian-civil-society.jpg","datePublished":"2017-05-18T22:43:39+00:00","dateModified":"2018-02-11T20:28:40+00:00","description":"%","breadcrumb":{"@id":"https:\/\/scm.bz\/kmr\/xeniqandina-civaka-sivil-li-misire-tundiya-zayendi-ku-ji-aliye-hezen-ewlehiye-te-pekanin-di-dema-elsisi-de-zede-dibe\/#breadcrumb"},"inLanguage":"kmr","potentialAction":[{"@type":"ReadAction","target":["https:\/\/scm.bz\/kmr\/xeniqandina-civaka-sivil-li-misire-tundiya-zayendi-ku-ji-aliye-hezen-ewlehiye-te-pekanin-di-dema-elsisi-de-zede-dibe\/"]}]},{"@type":"ImageObject","inLanguage":"kmr","@id":"https:\/\/scm.bz\/kmr\/xeniqandina-civaka-sivil-li-misire-tundiya-zayendi-ku-ji-aliye-hezen-ewlehiye-te-pekanin-di-dema-elsisi-de-zede-dibe\/#primaryimage","url":"https:\/\/scm.bz\/wp-content\/uploads\/2017\/05\/Stifling-Egyptian-civil-society.jpg","contentUrl":"https:\/\/scm.bz\/wp-content\/uploads\/2017\/05\/Stifling-Egyptian-civil-society.jpg","width":1680,"height":600},{"@type":"BreadcrumbList","@id":"https:\/\/scm.bz\/kmr\/xeniqandina-civaka-sivil-li-misire-tundiya-zayendi-ku-ji-aliye-hezen-ewlehiye-te-pekanin-di-dema-elsisi-de-zede-dibe\/#breadcrumb","itemListElement":[{"@type":"ListItem","position":1,"name":"Home","item":"https:\/\/scm.bz\/kmr\/"},{"@type":"ListItem","position":2,"name":"Xeniqandina Civaka Siv\u00eel li Misir\u00ea: tund\u00eeya zayend\u00ee ku ji al\u00eey\u00ea h\u00eaz\u00ean ewleh\u00eey\u00ea t\u00ea p\u00eakan\u00een, di dema ElS\u00ees\u00ee de z\u00eade dibe."}]},{"@type":"WebSite","@id":"https:\/\/scm.bz\/#website","url":"https:\/\/scm.bz\/","name":"\u0627\u0644\u0645\u0631\u0643\u0632 \u0627\u0644\u0633\u0648\u0631\u064a \u0644\u0644\u0625\u0639\u0644\u0627\u0645 \u0648\u062d\u0631\u064a\u0629 \u0627\u0644\u062a\u0639\u0628\u064a\u0631 Syrian Center for Media and Freedom of Expression","description":"","publisher":{"@id":"https:\/\/scm.bz\/#organization"},"potentialAction":[{"@type":"SearchAction","target":{"@type":"EntryPoint","urlTemplate":"https:\/\/scm.bz\/?s={search_term_string}"},"query-input":{"@type":"PropertyValueSpecification","valueRequired":true,"valueName":"search_term_string"}}],"inLanguage":"kmr"},{"@type":"Organization","@id":"https:\/\/scm.bz\/#organization","name":"\u0627\u0644\u0645\u0631\u0643\u0632 \u0627\u0644\u0633\u0648\u0631\u064a \u0644\u0644\u0625\u0639\u0644\u0627\u0645 \u0648\u062d\u0631\u064a\u0629 \u0627\u0644\u062a\u0639\u0628\u064a\u0631 Syrian Center for Media and Freedom of Expression","url":"https:\/\/scm.bz\/","logo":{"@type":"ImageObject","inLanguage":"kmr","@id":"https:\/\/scm.bz\/#\/schema\/logo\/image\/","url":"http:\/\/scm.bz\/wp-content\/uploads\/2021\/01\/SCM-logo-1-with-Clear-Space-1-2.png","contentUrl":"http:\/\/scm.bz\/wp-content\/uploads\/2021\/01\/SCM-logo-1-with-Clear-Space-1-2.png","width":1450,"height":1450,"caption":"\u0627\u0644\u0645\u0631\u0643\u0632 \u0627\u0644\u0633\u0648\u0631\u064a \u0644\u0644\u0625\u0639\u0644\u0627\u0645 \u0648\u062d\u0631\u064a\u0629 \u0627\u0644\u062a\u0639\u0628\u064a\u0631 Syrian Center for Media and Freedom of Expression"},"image":{"@id":"https:\/\/scm.bz\/#\/schema\/logo\/image\/"},"sameAs":["https:\/\/www.facebook.com\/scm.center","https:\/\/x.com\/SyrianCenter"]},{"@type":"Person","@id":"https:\/\/scm.bz\/#\/schema\/person\/d116d4c43d9f3d4fe4b61619e91ead45","name":"scmadmin","image":{"@type":"ImageObject","inLanguage":"kmr","@id":"https:\/\/scm.bz\/#\/schema\/person\/image\/","url":"https:\/\/secure.gravatar.com\/avatar\/8cb2b559549de2ba5e28f5d26e15c8f315b5dd63c953e348e6769ae2e88e3cdc?s=96&d=blank&r=g","contentUrl":"https:\/\/secure.gravatar.com\/avatar\/8cb2b559549de2ba5e28f5d26e15c8f315b5dd63c953e348e6769ae2e88e3cdc?s=96&d=blank&r=g","caption":"scmadmin"},"url":"https:\/\/scm.bz\/kmr\/author\/scmadmin\/"}]}},"_links":{"self":[{"href":"https:\/\/scm.bz\/kmr\/wp-json\/wp\/v2\/posts\/181063","targetHints":{"allow":["GET"]}}],"collection":[{"href":"https:\/\/scm.bz\/kmr\/wp-json\/wp\/v2\/posts"}],"about":[{"href":"https:\/\/scm.bz\/kmr\/wp-json\/wp\/v2\/types\/post"}],"author":[{"embeddable":true,"href":"https:\/\/scm.bz\/kmr\/wp-json\/wp\/v2\/users\/24"}],"replies":[{"embeddable":true,"href":"https:\/\/scm.bz\/kmr\/wp-json\/wp\/v2\/comments?post=181063"}],"version-history":[{"count":0,"href":"https:\/\/scm.bz\/kmr\/wp-json\/wp\/v2\/posts\/181063\/revisions"}],"wp:featuredmedia":[{"embeddable":true,"href":"https:\/\/scm.bz\/kmr\/wp-json\/wp\/v2\/media\/181064"}],"wp:attachment":[{"href":"https:\/\/scm.bz\/kmr\/wp-json\/wp\/v2\/media?parent=181063"}],"wp:term":[{"taxonomy":"category","embeddable":true,"href":"https:\/\/scm.bz\/kmr\/wp-json\/wp\/v2\/categories?post=181063"},{"taxonomy":"post_tag","embeddable":true,"href":"https:\/\/scm.bz\/kmr\/wp-json\/wp\/v2\/tags?post=181063"}],"curies":[{"name":"wp","href":"https:\/\/api.w.org\/{rel}","templated":true}]}}