{"id":181055,"date":"2017-05-24T05:51:16","date_gmt":"2017-05-24T03:51:16","guid":{"rendered":"https:\/\/scm.bz\/uncategorized-kmr\/pesbirka-rojnamegeriya-zanisti-peswaziya-daxwaznameyan-dike"},"modified":"2018-02-11T22:37:46","modified_gmt":"2018-02-11T20:37:46","slug":"pesbirka-rojnamegeriya-zanisti-peswaziya-daxwaznameyan-dike","status":"publish","type":"post","link":"https:\/\/scm.bz\/kmr\/pesbirka-rojnamegeriya-zanisti-peswaziya-daxwaznameyan-dike\/","title":{"rendered":"P\u00ea\u015fbirka rojnameger\u00eeya zanist\u00ee p\u00ea\u015fwaz\u00eeya daxwaznameyan dike"},"content":{"rendered":"<p dir=\"ltr\"><strong><img loading=\"lazy\" decoding=\"async\" class=\"alignright\" src=\"https:\/\/scm.bz\/wp-content\/uploads\/2017\/05\/Kavli_logo.png\" width=\"447\" height=\"240\" \/>D\u00eeroka daw\u00ee ya p\u00ea\u015fk\u00ea\u015fkirin\u00ea : 1\/8\/2017<\/strong><\/p>\n<p dir=\"ltr\"><span style=\"font-weight: 400;\">Rojnamevan\u00ean Zanist\u00ee dikarin v\u00ea xelat\u00ea werbigirin.<\/span><\/p>\n<p dir=\"ltr\"><span style=\"font-weight: 400;\">Xelat\u00ean Zanist\u00ea AAAS Kavli Science y\u00ean ku ji al\u00eey\u00ea <\/span><a href=\"https:\/\/scm.bz\/scmU7f0S\"><span style=\"font-weight: 400;\">r\u00eaxistina Kavl\u00eey\u00ea<\/span><\/a><span style=\"font-weight: 400;\"> t\u00eane bir\u00eaxstin, giran\u00eey\u00ea dide kes\u00ean ku di war\u00ea \u015fopandina zaniest, endezyar\u00ee \u00fb b\u00eerkar\u00eey\u00ea de kar dikin.<\/span><\/p>\n<p dir=\"ltr\"><span style=\"font-weight: 400;\">V\u00ea sale p\u00ea\u015fbirk ji bo hem\u00fb rojnamevanan li seranser\u00ee c\u00eehan\u00ea ye. Be\u015f\u00ean w\u00ea: rojnamey\u00ean mezin, rojnamey\u00ean pi\u00e7\u00fbk, kovar, television (n\u00fb\u00e7e, n\u00fb\u00e7ey\u00ean dir\u00eaj), television (rapor), radio, internet \u00fb n\u00fb\u00e7ey\u00ean zanist\u00ee bo zarokan.<\/span><\/p>\n<p dir=\"ltr\"><span style=\"font-weight: 400;\">Divabe kar hetibe belavkirin an we\u015fandin di nav 16\u00ea t\u00eermeha 2016an de \u00fb 16\u00ea t\u00eermeha 201an de. Kar\u00ea ku ne bi ziman\u00ea \u00eengil\u00eez\u00ee be divabe wergera \u00eengil\u00eez\u00ee j\u00ee li gel w\u00ea hebe.<\/span><\/p>\n<p dir=\"ltr\"><span style=\"font-weight: 400;\">Di her be\u015fek\u00ee de du xelat hene, xelata z\u00ear\u00een 5000US$ e \u00fb ya z\u00eav\u00een 3500 US$ e, her weha kes\u00ea serkeft\u00ee d\u00ea nirx\u00ea hat \u00fb \u00e7\u00fbna xwe bo amadeb\u00fbna di \u015fah\u00eeya belavkirina xelatan di sibata 2018an de li civata salana ya AAAS\u00ea li Austena Texas\u00ea, bist\u00eene.<\/span><\/p>\n<p dir=\"ltr\"><strong>D\u00eeroka daw\u00ee ya p\u00ea\u015fk\u00ea\u015fkirina daxwaznameyan 1\u00ea tebaxa 2017an e.<\/strong><\/p>\n<p dir=\"ltr\"><span style=\"font-weight: 400;\">Bo naskirina hin agah\u00eey\u00ean din, <\/span><a href=\"https:\/\/scm.bz\/scmh6K86\"><span style=\"font-weight: 400;\">li v\u00ea der\u00ea bixe<\/span><\/a><span style=\"font-weight: 400;\">.<\/span><\/p>\n","protected":false},"excerpt":{"rendered":"<p>D\u00eeroka daw\u00ee ya p\u00ea\u015fk\u00ea\u015fkirin\u00ea : 1\/8\/2017 Rojnamevan\u00ean Zanist\u00ee dikarin v\u00ea xelat\u00ea werbigirin. Xelat\u00ean Zanist\u00ea AAAS Kavli Science y\u00ean ku ji al\u00eey\u00ea r\u00eaxistina Kavl\u00eey\u00ea t\u00eane bir\u00eaxstin, giran\u00eey\u00ea dide kes\u00ean ku di war\u00ea \u015fopandina zaniest, endezyar\u00ee \u00fb b\u00eerkar\u00eey\u00ea de kar dikin. V\u00ea sale p\u00ea\u015fbirk ji bo hem\u00fb rojnamevanan li seranser\u00ee c\u00eehan\u00ea ye. Be\u015f\u00ean w\u00ea: rojnamey\u00ean mezin, rojnamey\u00ean [&hellip;]<\/p>\n","protected":false},"author":24,"featured_media":181056,"comment_status":"open","ping_status":"open","sticky":false,"template":"","format":"standard","meta":{"_acf_changed":false,"footnotes":""},"categories":[329],"tags":[],"class_list":["post-181055","post","type-post","status-publish","format-standard","has-post-thumbnail","hentry","category-jobs-kmr","post-wrapper"],"acf":[],"yoast_head":"<!-- This site is optimized with the Yoast SEO Premium plugin v20.6 (Yoast SEO v26.5) - https:\/\/yoast.com\/wordpress\/plugins\/seo\/ -->\n<title>P\u00ea\u015fbirka rojnameger\u00eeya zanist\u00ee p\u00ea\u015fwaz\u00eeya daxwaznameyan dike - \u0627\u0644\u0645\u0631\u0643\u0632 \u0627\u0644\u0633\u0648\u0631\u064a \u0644\u0644\u0625\u0639\u0644\u0627\u0645 \u0648\u062d\u0631\u064a\u0629 \u0627\u0644\u062a\u0639\u0628\u064a\u0631 Syrian Center for Media and Freedom of Expression<\/title>\n<meta name=\"description\" content=\"%\" \/>\n<meta name=\"robots\" content=\"index, follow, max-snippet:-1, max-image-preview:large, max-video-preview:-1\" \/>\n<link rel=\"canonical\" href=\"https:\/\/mfu.scm.bz\/kmr\/pesbirka-rojnamegeriya-zanisti-peswaziya-daxwaznameyan-dike\/\" \/>\n<meta property=\"og:locale\" content=\"en_US\" \/>\n<meta property=\"og:type\" content=\"article\" \/>\n<meta property=\"og:title\" content=\"P\u00ea\u015fbirka rojnameger\u00eeya zanist\u00ee p\u00ea\u015fwaz\u00eeya daxwaznameyan dike\" \/>\n<meta property=\"og:description\" content=\"%\" \/>\n<meta property=\"og:url\" content=\"https:\/\/mfu.scm.bz\/kmr\/pesbirka-rojnamegeriya-zanisti-peswaziya-daxwaznameyan-dike\/\" \/>\n<meta property=\"og:site_name\" content=\"\u0627\u0644\u0645\u0631\u0643\u0632 \u0627\u0644\u0633\u0648\u0631\u064a \u0644\u0644\u0625\u0639\u0644\u0627\u0645 \u0648\u062d\u0631\u064a\u0629 \u0627\u0644\u062a\u0639\u0628\u064a\u0631 Syrian Center for Media and Freedom of Expression\" \/>\n<meta property=\"article:publisher\" content=\"https:\/\/www.facebook.com\/scm.center\" \/>\n<meta property=\"article:published_time\" content=\"2017-05-24T03:51:16+00:00\" \/>\n<meta property=\"article:modified_time\" content=\"2018-02-11T20:37:46+00:00\" \/>\n<meta property=\"og:image\" content=\"https:\/\/mfu.scm.bz\/wp-content\/uploads\/2017\/05\/Kavli_logo.png\" \/>\n\t<meta property=\"og:image:width\" content=\"600\" \/>\n\t<meta property=\"og:image:height\" content=\"322\" \/>\n\t<meta property=\"og:image:type\" content=\"image\/png\" \/>\n<meta name=\"author\" content=\"scmadmin\" \/>\n<meta name=\"twitter:card\" content=\"summary_large_image\" \/>\n<meta name=\"twitter:creator\" content=\"@SyrianCenter\" \/>\n<meta name=\"twitter:site\" content=\"@SyrianCenter\" \/>\n<meta name=\"twitter:label1\" content=\"Written by\" \/>\n\t<meta name=\"twitter:data1\" content=\"scmadmin\" \/>\n\t<meta name=\"twitter:label2\" content=\"Est. reading time\" \/>\n\t<meta name=\"twitter:data2\" content=\"1 minute\" \/>\n<script type=\"application\/ld+json\" class=\"yoast-schema-graph\">{\"@context\":\"https:\/\/schema.org\",\"@graph\":[{\"@type\":\"Article\",\"@id\":\"https:\/\/mfu.scm.bz\/kmr\/pesbirka-rojnamegeriya-zanisti-peswaziya-daxwaznameyan-dike\/#article\",\"isPartOf\":{\"@id\":\"https:\/\/mfu.scm.bz\/kmr\/pesbirka-rojnamegeriya-zanisti-peswaziya-daxwaznameyan-dike\/\"},\"author\":{\"name\":\"scmadmin\",\"@id\":\"https:\/\/scm.bz\/#\/schema\/person\/d116d4c43d9f3d4fe4b61619e91ead45\"},\"headline\":\"P\u00ea\u015fbirka rojnameger\u00eeya zanist\u00ee p\u00ea\u015fwaz\u00eeya daxwaznameyan dike\",\"datePublished\":\"2017-05-24T03:51:16+00:00\",\"dateModified\":\"2018-02-11T20:37:46+00:00\",\"mainEntityOfPage\":{\"@id\":\"https:\/\/mfu.scm.bz\/kmr\/pesbirka-rojnamegeriya-zanisti-peswaziya-daxwaznameyan-dike\/\"},\"wordCount\":210,\"commentCount\":0,\"publisher\":{\"@id\":\"https:\/\/scm.bz\/#organization\"},\"image\":{\"@id\":\"https:\/\/mfu.scm.bz\/kmr\/pesbirka-rojnamegeriya-zanisti-peswaziya-daxwaznameyan-dike\/#primaryimage\"},\"thumbnailUrl\":\"https:\/\/scm.bz\/wp-content\/uploads\/2017\/05\/Kavli_logo.png\",\"articleSection\":[\"Rah\u00eenan \u00fb Be\u015fdar\u00ee\"],\"inLanguage\":\"kmr\"},{\"@type\":\"WebPage\",\"@id\":\"https:\/\/mfu.scm.bz\/kmr\/pesbirka-rojnamegeriya-zanisti-peswaziya-daxwaznameyan-dike\/\",\"url\":\"https:\/\/mfu.scm.bz\/kmr\/pesbirka-rojnamegeriya-zanisti-peswaziya-daxwaznameyan-dike\/\",\"name\":\"P\u00ea\u015fbirka rojnameger\u00eeya zanist\u00ee p\u00ea\u015fwaz\u00eeya daxwaznameyan dike - \u0627\u0644\u0645\u0631\u0643\u0632 \u0627\u0644\u0633\u0648\u0631\u064a \u0644\u0644\u0625\u0639\u0644\u0627\u0645 \u0648\u062d\u0631\u064a\u0629 \u0627\u0644\u062a\u0639\u0628\u064a\u0631 Syrian Center for Media and Freedom of Expression\",\"isPartOf\":{\"@id\":\"https:\/\/scm.bz\/#website\"},\"primaryImageOfPage\":{\"@id\":\"https:\/\/mfu.scm.bz\/kmr\/pesbirka-rojnamegeriya-zanisti-peswaziya-daxwaznameyan-dike\/#primaryimage\"},\"image\":{\"@id\":\"https:\/\/mfu.scm.bz\/kmr\/pesbirka-rojnamegeriya-zanisti-peswaziya-daxwaznameyan-dike\/#primaryimage\"},\"thumbnailUrl\":\"https:\/\/scm.bz\/wp-content\/uploads\/2017\/05\/Kavli_logo.png\",\"datePublished\":\"2017-05-24T03:51:16+00:00\",\"dateModified\":\"2018-02-11T20:37:46+00:00\",\"description\":\"%\",\"breadcrumb\":{\"@id\":\"https:\/\/mfu.scm.bz\/kmr\/pesbirka-rojnamegeriya-zanisti-peswaziya-daxwaznameyan-dike\/#breadcrumb\"},\"inLanguage\":\"kmr\",\"potentialAction\":[{\"@type\":\"ReadAction\",\"target\":[\"https:\/\/mfu.scm.bz\/kmr\/pesbirka-rojnamegeriya-zanisti-peswaziya-daxwaznameyan-dike\/\"]}]},{\"@type\":\"ImageObject\",\"inLanguage\":\"kmr\",\"@id\":\"https:\/\/mfu.scm.bz\/kmr\/pesbirka-rojnamegeriya-zanisti-peswaziya-daxwaznameyan-dike\/#primaryimage\",\"url\":\"https:\/\/scm.bz\/wp-content\/uploads\/2017\/05\/Kavli_logo.png\",\"contentUrl\":\"https:\/\/scm.bz\/wp-content\/uploads\/2017\/05\/Kavli_logo.png\",\"width\":600,\"height\":322},{\"@type\":\"BreadcrumbList\",\"@id\":\"https:\/\/mfu.scm.bz\/kmr\/pesbirka-rojnamegeriya-zanisti-peswaziya-daxwaznameyan-dike\/#breadcrumb\",\"itemListElement\":[{\"@type\":\"ListItem\",\"position\":1,\"name\":\"Home\",\"item\":\"https:\/\/scm.bz\/kmr\/\"},{\"@type\":\"ListItem\",\"position\":2,\"name\":\"P\u00ea\u015fbirka rojnameger\u00eeya zanist\u00ee p\u00ea\u015fwaz\u00eeya daxwaznameyan dike\"}]},{\"@type\":\"WebSite\",\"@id\":\"https:\/\/scm.bz\/#website\",\"url\":\"https:\/\/scm.bz\/\",\"name\":\"\u0627\u0644\u0645\u0631\u0643\u0632 \u0627\u0644\u0633\u0648\u0631\u064a \u0644\u0644\u0625\u0639\u0644\u0627\u0645 \u0648\u062d\u0631\u064a\u0629 \u0627\u0644\u062a\u0639\u0628\u064a\u0631 Syrian Center for Media and Freedom of Expression\",\"description\":\"\",\"publisher\":{\"@id\":\"https:\/\/scm.bz\/#organization\"},\"potentialAction\":[{\"@type\":\"SearchAction\",\"target\":{\"@type\":\"EntryPoint\",\"urlTemplate\":\"https:\/\/scm.bz\/?s={search_term_string}\"},\"query-input\":{\"@type\":\"PropertyValueSpecification\",\"valueRequired\":true,\"valueName\":\"search_term_string\"}}],\"inLanguage\":\"kmr\"},{\"@type\":\"Organization\",\"@id\":\"https:\/\/scm.bz\/#organization\",\"name\":\"\u0627\u0644\u0645\u0631\u0643\u0632 \u0627\u0644\u0633\u0648\u0631\u064a \u0644\u0644\u0625\u0639\u0644\u0627\u0645 \u0648\u062d\u0631\u064a\u0629 \u0627\u0644\u062a\u0639\u0628\u064a\u0631 Syrian Center for Media and Freedom of Expression\",\"url\":\"https:\/\/scm.bz\/\",\"logo\":{\"@type\":\"ImageObject\",\"inLanguage\":\"kmr\",\"@id\":\"https:\/\/scm.bz\/#\/schema\/logo\/image\/\",\"url\":\"http:\/\/scm.bz\/wp-content\/uploads\/2021\/01\/SCM-logo-1-with-Clear-Space-1-2.png\",\"contentUrl\":\"http:\/\/scm.bz\/wp-content\/uploads\/2021\/01\/SCM-logo-1-with-Clear-Space-1-2.png\",\"width\":1450,\"height\":1450,\"caption\":\"\u0627\u0644\u0645\u0631\u0643\u0632 \u0627\u0644\u0633\u0648\u0631\u064a \u0644\u0644\u0625\u0639\u0644\u0627\u0645 \u0648\u062d\u0631\u064a\u0629 \u0627\u0644\u062a\u0639\u0628\u064a\u0631 Syrian Center for Media and Freedom of Expression\"},\"image\":{\"@id\":\"https:\/\/scm.bz\/#\/schema\/logo\/image\/\"},\"sameAs\":[\"https:\/\/www.facebook.com\/scm.center\",\"https:\/\/x.com\/SyrianCenter\"]},{\"@type\":\"Person\",\"@id\":\"https:\/\/scm.bz\/#\/schema\/person\/d116d4c43d9f3d4fe4b61619e91ead45\",\"name\":\"scmadmin\",\"image\":{\"@type\":\"ImageObject\",\"inLanguage\":\"kmr\",\"@id\":\"https:\/\/scm.bz\/#\/schema\/person\/image\/\",\"url\":\"https:\/\/secure.gravatar.com\/avatar\/8cb2b559549de2ba5e28f5d26e15c8f315b5dd63c953e348e6769ae2e88e3cdc?s=96&d=blank&r=g\",\"contentUrl\":\"https:\/\/secure.gravatar.com\/avatar\/8cb2b559549de2ba5e28f5d26e15c8f315b5dd63c953e348e6769ae2e88e3cdc?s=96&d=blank&r=g\",\"caption\":\"scmadmin\"},\"url\":\"https:\/\/scm.bz\/kmr\/author\/scmadmin\/\"}]}<\/script>\n<!-- \/ Yoast SEO Premium plugin. -->","yoast_head_json":{"title":"P\u00ea\u015fbirka rojnameger\u00eeya zanist\u00ee p\u00ea\u015fwaz\u00eeya daxwaznameyan dike - \u0627\u0644\u0645\u0631\u0643\u0632 \u0627\u0644\u0633\u0648\u0631\u064a \u0644\u0644\u0625\u0639\u0644\u0627\u0645 \u0648\u062d\u0631\u064a\u0629 \u0627\u0644\u062a\u0639\u0628\u064a\u0631 Syrian Center for Media and Freedom of Expression","description":"%","robots":{"index":"index","follow":"follow","max-snippet":"max-snippet:-1","max-image-preview":"max-image-preview:large","max-video-preview":"max-video-preview:-1"},"canonical":"https:\/\/mfu.scm.bz\/kmr\/pesbirka-rojnamegeriya-zanisti-peswaziya-daxwaznameyan-dike\/","og_locale":"en_US","og_type":"article","og_title":"P\u00ea\u015fbirka rojnameger\u00eeya zanist\u00ee p\u00ea\u015fwaz\u00eeya daxwaznameyan dike","og_description":"%","og_url":"https:\/\/mfu.scm.bz\/kmr\/pesbirka-rojnamegeriya-zanisti-peswaziya-daxwaznameyan-dike\/","og_site_name":"\u0627\u0644\u0645\u0631\u0643\u0632 \u0627\u0644\u0633\u0648\u0631\u064a \u0644\u0644\u0625\u0639\u0644\u0627\u0645 \u0648\u062d\u0631\u064a\u0629 \u0627\u0644\u062a\u0639\u0628\u064a\u0631 Syrian Center for Media and Freedom of Expression","article_publisher":"https:\/\/www.facebook.com\/scm.center","article_published_time":"2017-05-24T03:51:16+00:00","article_modified_time":"2018-02-11T20:37:46+00:00","og_image":[{"width":600,"height":322,"url":"https:\/\/mfu.scm.bz\/wp-content\/uploads\/2017\/05\/Kavli_logo.png","type":"image\/png"}],"author":"scmadmin","twitter_card":"summary_large_image","twitter_creator":"@SyrianCenter","twitter_site":"@SyrianCenter","twitter_misc":{"Written by":"scmadmin","Est. reading time":"1 minute"},"schema":{"@context":"https:\/\/schema.org","@graph":[{"@type":"Article","@id":"https:\/\/mfu.scm.bz\/kmr\/pesbirka-rojnamegeriya-zanisti-peswaziya-daxwaznameyan-dike\/#article","isPartOf":{"@id":"https:\/\/mfu.scm.bz\/kmr\/pesbirka-rojnamegeriya-zanisti-peswaziya-daxwaznameyan-dike\/"},"author":{"name":"scmadmin","@id":"https:\/\/scm.bz\/#\/schema\/person\/d116d4c43d9f3d4fe4b61619e91ead45"},"headline":"P\u00ea\u015fbirka rojnameger\u00eeya zanist\u00ee p\u00ea\u015fwaz\u00eeya daxwaznameyan dike","datePublished":"2017-05-24T03:51:16+00:00","dateModified":"2018-02-11T20:37:46+00:00","mainEntityOfPage":{"@id":"https:\/\/mfu.scm.bz\/kmr\/pesbirka-rojnamegeriya-zanisti-peswaziya-daxwaznameyan-dike\/"},"wordCount":210,"commentCount":0,"publisher":{"@id":"https:\/\/scm.bz\/#organization"},"image":{"@id":"https:\/\/mfu.scm.bz\/kmr\/pesbirka-rojnamegeriya-zanisti-peswaziya-daxwaznameyan-dike\/#primaryimage"},"thumbnailUrl":"https:\/\/scm.bz\/wp-content\/uploads\/2017\/05\/Kavli_logo.png","articleSection":["Rah\u00eenan \u00fb Be\u015fdar\u00ee"],"inLanguage":"kmr"},{"@type":"WebPage","@id":"https:\/\/mfu.scm.bz\/kmr\/pesbirka-rojnamegeriya-zanisti-peswaziya-daxwaznameyan-dike\/","url":"https:\/\/mfu.scm.bz\/kmr\/pesbirka-rojnamegeriya-zanisti-peswaziya-daxwaznameyan-dike\/","name":"P\u00ea\u015fbirka rojnameger\u00eeya zanist\u00ee p\u00ea\u015fwaz\u00eeya daxwaznameyan dike - \u0627\u0644\u0645\u0631\u0643\u0632 \u0627\u0644\u0633\u0648\u0631\u064a \u0644\u0644\u0625\u0639\u0644\u0627\u0645 \u0648\u062d\u0631\u064a\u0629 \u0627\u0644\u062a\u0639\u0628\u064a\u0631 Syrian Center for Media and Freedom of Expression","isPartOf":{"@id":"https:\/\/scm.bz\/#website"},"primaryImageOfPage":{"@id":"https:\/\/mfu.scm.bz\/kmr\/pesbirka-rojnamegeriya-zanisti-peswaziya-daxwaznameyan-dike\/#primaryimage"},"image":{"@id":"https:\/\/mfu.scm.bz\/kmr\/pesbirka-rojnamegeriya-zanisti-peswaziya-daxwaznameyan-dike\/#primaryimage"},"thumbnailUrl":"https:\/\/scm.bz\/wp-content\/uploads\/2017\/05\/Kavli_logo.png","datePublished":"2017-05-24T03:51:16+00:00","dateModified":"2018-02-11T20:37:46+00:00","description":"%","breadcrumb":{"@id":"https:\/\/mfu.scm.bz\/kmr\/pesbirka-rojnamegeriya-zanisti-peswaziya-daxwaznameyan-dike\/#breadcrumb"},"inLanguage":"kmr","potentialAction":[{"@type":"ReadAction","target":["https:\/\/mfu.scm.bz\/kmr\/pesbirka-rojnamegeriya-zanisti-peswaziya-daxwaznameyan-dike\/"]}]},{"@type":"ImageObject","inLanguage":"kmr","@id":"https:\/\/mfu.scm.bz\/kmr\/pesbirka-rojnamegeriya-zanisti-peswaziya-daxwaznameyan-dike\/#primaryimage","url":"https:\/\/scm.bz\/wp-content\/uploads\/2017\/05\/Kavli_logo.png","contentUrl":"https:\/\/scm.bz\/wp-content\/uploads\/2017\/05\/Kavli_logo.png","width":600,"height":322},{"@type":"BreadcrumbList","@id":"https:\/\/mfu.scm.bz\/kmr\/pesbirka-rojnamegeriya-zanisti-peswaziya-daxwaznameyan-dike\/#breadcrumb","itemListElement":[{"@type":"ListItem","position":1,"name":"Home","item":"https:\/\/scm.bz\/kmr\/"},{"@type":"ListItem","position":2,"name":"P\u00ea\u015fbirka rojnameger\u00eeya zanist\u00ee p\u00ea\u015fwaz\u00eeya daxwaznameyan dike"}]},{"@type":"WebSite","@id":"https:\/\/scm.bz\/#website","url":"https:\/\/scm.bz\/","name":"\u0627\u0644\u0645\u0631\u0643\u0632 \u0627\u0644\u0633\u0648\u0631\u064a \u0644\u0644\u0625\u0639\u0644\u0627\u0645 \u0648\u062d\u0631\u064a\u0629 \u0627\u0644\u062a\u0639\u0628\u064a\u0631 Syrian Center for Media and Freedom of Expression","description":"","publisher":{"@id":"https:\/\/scm.bz\/#organization"},"potentialAction":[{"@type":"SearchAction","target":{"@type":"EntryPoint","urlTemplate":"https:\/\/scm.bz\/?s={search_term_string}"},"query-input":{"@type":"PropertyValueSpecification","valueRequired":true,"valueName":"search_term_string"}}],"inLanguage":"kmr"},{"@type":"Organization","@id":"https:\/\/scm.bz\/#organization","name":"\u0627\u0644\u0645\u0631\u0643\u0632 \u0627\u0644\u0633\u0648\u0631\u064a \u0644\u0644\u0625\u0639\u0644\u0627\u0645 \u0648\u062d\u0631\u064a\u0629 \u0627\u0644\u062a\u0639\u0628\u064a\u0631 Syrian Center for Media and Freedom of Expression","url":"https:\/\/scm.bz\/","logo":{"@type":"ImageObject","inLanguage":"kmr","@id":"https:\/\/scm.bz\/#\/schema\/logo\/image\/","url":"http:\/\/scm.bz\/wp-content\/uploads\/2021\/01\/SCM-logo-1-with-Clear-Space-1-2.png","contentUrl":"http:\/\/scm.bz\/wp-content\/uploads\/2021\/01\/SCM-logo-1-with-Clear-Space-1-2.png","width":1450,"height":1450,"caption":"\u0627\u0644\u0645\u0631\u0643\u0632 \u0627\u0644\u0633\u0648\u0631\u064a \u0644\u0644\u0625\u0639\u0644\u0627\u0645 \u0648\u062d\u0631\u064a\u0629 \u0627\u0644\u062a\u0639\u0628\u064a\u0631 Syrian Center for Media and Freedom of Expression"},"image":{"@id":"https:\/\/scm.bz\/#\/schema\/logo\/image\/"},"sameAs":["https:\/\/www.facebook.com\/scm.center","https:\/\/x.com\/SyrianCenter"]},{"@type":"Person","@id":"https:\/\/scm.bz\/#\/schema\/person\/d116d4c43d9f3d4fe4b61619e91ead45","name":"scmadmin","image":{"@type":"ImageObject","inLanguage":"kmr","@id":"https:\/\/scm.bz\/#\/schema\/person\/image\/","url":"https:\/\/secure.gravatar.com\/avatar\/8cb2b559549de2ba5e28f5d26e15c8f315b5dd63c953e348e6769ae2e88e3cdc?s=96&d=blank&r=g","contentUrl":"https:\/\/secure.gravatar.com\/avatar\/8cb2b559549de2ba5e28f5d26e15c8f315b5dd63c953e348e6769ae2e88e3cdc?s=96&d=blank&r=g","caption":"scmadmin"},"url":"https:\/\/scm.bz\/kmr\/author\/scmadmin\/"}]}},"_links":{"self":[{"href":"https:\/\/scm.bz\/kmr\/wp-json\/wp\/v2\/posts\/181055","targetHints":{"allow":["GET"]}}],"collection":[{"href":"https:\/\/scm.bz\/kmr\/wp-json\/wp\/v2\/posts"}],"about":[{"href":"https:\/\/scm.bz\/kmr\/wp-json\/wp\/v2\/types\/post"}],"author":[{"embeddable":true,"href":"https:\/\/scm.bz\/kmr\/wp-json\/wp\/v2\/users\/24"}],"replies":[{"embeddable":true,"href":"https:\/\/scm.bz\/kmr\/wp-json\/wp\/v2\/comments?post=181055"}],"version-history":[{"count":0,"href":"https:\/\/scm.bz\/kmr\/wp-json\/wp\/v2\/posts\/181055\/revisions"}],"wp:featuredmedia":[{"embeddable":true,"href":"https:\/\/scm.bz\/kmr\/wp-json\/wp\/v2\/media\/181056"}],"wp:attachment":[{"href":"https:\/\/scm.bz\/kmr\/wp-json\/wp\/v2\/media?parent=181055"}],"wp:term":[{"taxonomy":"category","embeddable":true,"href":"https:\/\/scm.bz\/kmr\/wp-json\/wp\/v2\/categories?post=181055"},{"taxonomy":"post_tag","embeddable":true,"href":"https:\/\/scm.bz\/kmr\/wp-json\/wp\/v2\/tags?post=181055"}],"curies":[{"name":"wp","href":"https:\/\/api.w.org\/{rel}","templated":true}]}}