{"id":181027,"date":"2017-06-02T12:45:52","date_gmt":"2017-06-02T10:45:52","guid":{"rendered":"https:\/\/scm.bz\/uncategorized-kmr\/kongirek-peswaziye-li-daxwaznemeyen-xwendekaren-rojnamevaniye-dike"},"modified":"2018-02-11T22:37:42","modified_gmt":"2018-02-11T20:37:42","slug":"kongirek-peswaziye-li-daxwaznemeyen-xwendekaren-rojnamevaniye-dike","status":"publish","type":"post","link":"https:\/\/scm.bz\/kmr\/kongirek-peswaziye-li-daxwaznemeyen-xwendekaren-rojnamevaniye-dike\/","title":{"rendered":"Kongirek p\u00ea\u015fwaz\u00eey\u00ea li daxwaznemey\u00ean xwendekar\u00ean rojnamevan\u00eey\u00ea dike."},"content":{"rendered":"<p dir=\"ltr\"><strong><img loading=\"lazy\" decoding=\"async\" class=\"wp-image-173472 alignright\" src=\"https:\/\/scm.bz\/wp-content\/uploads\/2017\/06\/FSC.png\" alt=\"\" width=\"359\" height=\"183\" srcset=\"https:\/\/scm.bz\/wp-content\/uploads\/2017\/06\/FSC.png 600w, https:\/\/scm.bz\/wp-content\/uploads\/2017\/06\/FSC-300x153.png 300w, https:\/\/scm.bz\/wp-content\/uploads\/2017\/06\/FSC-150x77.png 150w\" sizes=\"auto, (max-width: 359px) 100vw, 359px\" \/>D\u00eeroka daw\u00ee ya p\u00ea\u015fk\u00ea\u015fkirin\u00ea: 14\/7\/2017<\/strong><\/p>\n<p dir=\"ltr\">Xwendekar\u00ean rojnamevan\u00eey\u00ea y\u00ean ku teman\u00ea wan di nav 18 \u00fb 26 salan e dikarin daxwznamey\u00ean xwe p\u00ea\u015fk\u00ea\u015f bikin da ku kribin raporan bi r\u00eaya komeleya gi\u015ft\u00ee ya encumena parastina daristanan ji 9 ta 13\u00ea cotmeh\u00ea li Vankovera Kanaday\u00ea, bi\u015fop\u00eenin \u00fb \u00e7\u00eabikin.<\/p>\n<p dir=\"ltr\"><a href=\"https:\/\/scm.bz\/?email_id=10&amp;user_id=9&amp;urlpassed=aHR0cDovL3VzLmZzYy5vcmcvZW4tdXM%3D&amp;controller=stats&amp;action=analyse&amp;wysija-page=1&amp;wysijap=subscriptions\">Encumena Peyamn\u00ear\u00ean Ciwan<\/a> d\u00ea ji bo 2017an, peyamn\u00earine ciwan ku karibin <a href=\"https:\/\/scm.bz\/?email_id=10&amp;user_id=9&amp;urlpassed=aHR0cDovL3VzLmZzYy5vcmcvZW4tdXM%3D&amp;controller=stats&amp;action=analyse&amp;wysija-page=1&amp;wysijap=subscriptions\">Komeleya Gi\u015ft\u00ee bi hurb\u00een\u00ee bi\u015fop\u00eenin<\/a> \u00fb raporine zelal \u00e7\u00eabikin, hilbij\u00eare.<\/p>\n<p dir=\"ltr\">Kongir d\u00ea peyamn\u00earan ji seranser\u00ee c\u00eehan\u00ea biciv\u00eene da ku p\u00ea\u015feroja domdar a daristanan li c\u00eehan\u00ea \u00fb kes\u00ean ku di wan de dij\u00een, genge\u015fe bikin.<\/p>\n<p dir=\"ltr\">Peyamn\u00ear d\u00ea nirx\u00ea hat\u00fb\u00e7\u00fbn\u00ea, v\u00eesay\u00ea, nirx\u00ea xwarin\u00ea \u00fb hin pereyan bist\u00eenin.<\/p>\n<p dir=\"ltr\">Divabe namzed j\u00eahatina xwe di niv\u00eesa \u00cengil\u00eez\u00eey\u00ea de n\u00ee\u015fan bidin.<\/p>\n<p dir=\"ltr\"><strong>D\u00eeroka daw\u00ee ya p\u00ea\u015fk\u00ea\u015fkirin\u00ea: 14\u00ea t\u00eermeha 2017an.<\/strong><\/p>\n<p dir=\"ltr\">Bo naskirina hin agah\u00eey\u00ean din, <a href=\"https:\/\/scm.bz\/?email_id=10&amp;user_id=9&amp;urlpassed=aHR0cDovL2dhMjAxNy5mc2Mub3JnL25ld3MtbWVkaWEvY2FsbC1mb3ItYXBwbGljYXRpb25zLWZzYy15b3V0aC1jb3JyZXNwb25kZW50LTIwMTcv&amp;controller=stats&amp;action=analyse&amp;wysija-page=1&amp;wysijap=subscriptions\">li v\u00ea der\u00ea bixe<\/a>.<\/p>\n","protected":false},"excerpt":{"rendered":"<p>D\u00eeroka daw\u00ee ya p\u00ea\u015fk\u00ea\u015fkirin\u00ea: 14\/7\/2017 Xwendekar\u00ean rojnamevan\u00eey\u00ea y\u00ean ku teman\u00ea wan di nav 18 \u00fb 26 salan e dikarin daxwznamey\u00ean xwe p\u00ea\u015fk\u00ea\u015f bikin da ku kribin raporan bi r\u00eaya komeleya gi\u015ft\u00ee ya encumena parastina daristanan ji 9 ta 13\u00ea cotmeh\u00ea li Vankovera Kanaday\u00ea, bi\u015fop\u00eenin \u00fb \u00e7\u00eabikin. Encumena Peyamn\u00ear\u00ean Ciwan d\u00ea ji bo 2017an, peyamn\u00earine ciwan [&hellip;]<\/p>\n","protected":false},"author":24,"featured_media":181028,"comment_status":"open","ping_status":"open","sticky":false,"template":"","format":"standard","meta":{"_acf_changed":false,"footnotes":""},"categories":[329],"tags":[],"class_list":["post-181027","post","type-post","status-publish","format-standard","has-post-thumbnail","hentry","category-jobs-kmr","post-wrapper"],"acf":[],"yoast_head":"<!-- This site is optimized with the Yoast SEO Premium plugin v20.6 (Yoast SEO v26.5) - https:\/\/yoast.com\/wordpress\/plugins\/seo\/ -->\n<title>Kongirek p\u00ea\u015fwaz\u00eey\u00ea li daxwaznemey\u00ean xwendekar\u00ean rojnamevan\u00eey\u00ea dike. - \u0627\u0644\u0645\u0631\u0643\u0632 \u0627\u0644\u0633\u0648\u0631\u064a \u0644\u0644\u0625\u0639\u0644\u0627\u0645 \u0648\u062d\u0631\u064a\u0629 \u0627\u0644\u062a\u0639\u0628\u064a\u0631 Syrian Center for Media and Freedom of Expression<\/title>\n<meta name=\"description\" content=\"%\" \/>\n<meta name=\"robots\" content=\"index, follow, max-snippet:-1, max-image-preview:large, max-video-preview:-1\" \/>\n<link rel=\"canonical\" href=\"https:\/\/scm.bz\/\u0645\u0624\u062a\u0645\u0631-\u064a\u0633\u062a\u0642\u0628\u0644-\u0637\u0644\u0628\u0627\u062a-\u0637\u0644\u0627\u0628-\u0627\u0644\u0635\u062d\u0627\u0641\u0629\/\" \/>\n<meta property=\"og:locale\" content=\"en_US\" \/>\n<meta property=\"og:type\" content=\"article\" \/>\n<meta property=\"og:title\" content=\"Kongirek p\u00ea\u015fwaz\u00eey\u00ea li daxwaznemey\u00ean xwendekar\u00ean rojnamevan\u00eey\u00ea dike.\" \/>\n<meta property=\"og:description\" content=\"%\" \/>\n<meta property=\"og:url\" content=\"https:\/\/scm.bz\/\u0645\u0624\u062a\u0645\u0631-\u064a\u0633\u062a\u0642\u0628\u0644-\u0637\u0644\u0628\u0627\u062a-\u0637\u0644\u0627\u0628-\u0627\u0644\u0635\u062d\u0627\u0641\u0629\/\" \/>\n<meta property=\"og:site_name\" content=\"\u0627\u0644\u0645\u0631\u0643\u0632 \u0627\u0644\u0633\u0648\u0631\u064a \u0644\u0644\u0625\u0639\u0644\u0627\u0645 \u0648\u062d\u0631\u064a\u0629 \u0627\u0644\u062a\u0639\u0628\u064a\u0631 Syrian Center for Media and Freedom of Expression\" \/>\n<meta property=\"article:publisher\" content=\"https:\/\/www.facebook.com\/scm.center\" \/>\n<meta property=\"article:published_time\" content=\"2017-06-02T10:45:52+00:00\" \/>\n<meta property=\"article:modified_time\" content=\"2018-02-11T20:37:42+00:00\" \/>\n<meta property=\"og:image\" content=\"http:\/\/scm.bz\/wp-content\/uploads\/2017\/06\/FSC.png\" \/>\n\t<meta property=\"og:image:width\" content=\"600\" \/>\n\t<meta property=\"og:image:height\" content=\"306\" \/>\n\t<meta property=\"og:image:type\" content=\"image\/png\" \/>\n<meta name=\"author\" content=\"scmadmin\" \/>\n<meta name=\"twitter:card\" content=\"summary_large_image\" \/>\n<meta name=\"twitter:creator\" content=\"@SyrianCenter\" \/>\n<meta name=\"twitter:site\" content=\"@SyrianCenter\" \/>\n<meta name=\"twitter:label1\" content=\"Written by\" \/>\n\t<meta name=\"twitter:data1\" content=\"scmadmin\" \/>\n\t<meta name=\"twitter:label2\" content=\"Est. reading time\" \/>\n\t<meta name=\"twitter:data2\" content=\"1 minute\" \/>\n<script type=\"application\/ld+json\" class=\"yoast-schema-graph\">{\"@context\":\"https:\/\/schema.org\",\"@graph\":[{\"@type\":\"Article\",\"@id\":\"https:\/\/scm.bz\/%d9%85%d8%a4%d8%aa%d9%85%d8%b1-%d9%8a%d8%b3%d8%aa%d9%82%d8%a8%d9%84-%d8%b7%d9%84%d8%a8%d8%a7%d8%aa-%d8%b7%d9%84%d8%a7%d8%a8-%d8%a7%d9%84%d8%b5%d8%ad%d8%a7%d9%81%d8%a9\/#article\",\"isPartOf\":{\"@id\":\"https:\/\/scm.bz\/%d9%85%d8%a4%d8%aa%d9%85%d8%b1-%d9%8a%d8%b3%d8%aa%d9%82%d8%a8%d9%84-%d8%b7%d9%84%d8%a8%d8%a7%d8%aa-%d8%b7%d9%84%d8%a7%d8%a8-%d8%a7%d9%84%d8%b5%d8%ad%d8%a7%d9%81%d8%a9\/\"},\"author\":{\"name\":\"scmadmin\",\"@id\":\"https:\/\/scm.bz\/#\/schema\/person\/d116d4c43d9f3d4fe4b61619e91ead45\"},\"headline\":\"Kongirek p\u00ea\u015fwaz\u00eey\u00ea li daxwaznemey\u00ean xwendekar\u00ean rojnamevan\u00eey\u00ea dike.\",\"datePublished\":\"2017-06-02T10:45:52+00:00\",\"dateModified\":\"2018-02-11T20:37:42+00:00\",\"mainEntityOfPage\":{\"@id\":\"https:\/\/scm.bz\/%d9%85%d8%a4%d8%aa%d9%85%d8%b1-%d9%8a%d8%b3%d8%aa%d9%82%d8%a8%d9%84-%d8%b7%d9%84%d8%a8%d8%a7%d8%aa-%d8%b7%d9%84%d8%a7%d8%a8-%d8%a7%d9%84%d8%b5%d8%ad%d8%a7%d9%81%d8%a9\/\"},\"wordCount\":172,\"commentCount\":0,\"publisher\":{\"@id\":\"https:\/\/scm.bz\/#organization\"},\"image\":{\"@id\":\"https:\/\/scm.bz\/%d9%85%d8%a4%d8%aa%d9%85%d8%b1-%d9%8a%d8%b3%d8%aa%d9%82%d8%a8%d9%84-%d8%b7%d9%84%d8%a8%d8%a7%d8%aa-%d8%b7%d9%84%d8%a7%d8%a8-%d8%a7%d9%84%d8%b5%d8%ad%d8%a7%d9%81%d8%a9\/#primaryimage\"},\"thumbnailUrl\":\"https:\/\/scm.bz\/wp-content\/uploads\/2017\/06\/FSC.png\",\"articleSection\":[\"Rah\u00eenan \u00fb Be\u015fdar\u00ee\"],\"inLanguage\":\"kmr\"},{\"@type\":\"WebPage\",\"@id\":\"https:\/\/scm.bz\/%d9%85%d8%a4%d8%aa%d9%85%d8%b1-%d9%8a%d8%b3%d8%aa%d9%82%d8%a8%d9%84-%d8%b7%d9%84%d8%a8%d8%a7%d8%aa-%d8%b7%d9%84%d8%a7%d8%a8-%d8%a7%d9%84%d8%b5%d8%ad%d8%a7%d9%81%d8%a9\/\",\"url\":\"https:\/\/scm.bz\/%d9%85%d8%a4%d8%aa%d9%85%d8%b1-%d9%8a%d8%b3%d8%aa%d9%82%d8%a8%d9%84-%d8%b7%d9%84%d8%a8%d8%a7%d8%aa-%d8%b7%d9%84%d8%a7%d8%a8-%d8%a7%d9%84%d8%b5%d8%ad%d8%a7%d9%81%d8%a9\/\",\"name\":\"Kongirek p\u00ea\u015fwaz\u00eey\u00ea li daxwaznemey\u00ean xwendekar\u00ean rojnamevan\u00eey\u00ea dike. - \u0627\u0644\u0645\u0631\u0643\u0632 \u0627\u0644\u0633\u0648\u0631\u064a \u0644\u0644\u0625\u0639\u0644\u0627\u0645 \u0648\u062d\u0631\u064a\u0629 \u0627\u0644\u062a\u0639\u0628\u064a\u0631 Syrian Center for Media and Freedom of Expression\",\"isPartOf\":{\"@id\":\"https:\/\/scm.bz\/#website\"},\"primaryImageOfPage\":{\"@id\":\"https:\/\/scm.bz\/%d9%85%d8%a4%d8%aa%d9%85%d8%b1-%d9%8a%d8%b3%d8%aa%d9%82%d8%a8%d9%84-%d8%b7%d9%84%d8%a8%d8%a7%d8%aa-%d8%b7%d9%84%d8%a7%d8%a8-%d8%a7%d9%84%d8%b5%d8%ad%d8%a7%d9%81%d8%a9\/#primaryimage\"},\"image\":{\"@id\":\"https:\/\/scm.bz\/%d9%85%d8%a4%d8%aa%d9%85%d8%b1-%d9%8a%d8%b3%d8%aa%d9%82%d8%a8%d9%84-%d8%b7%d9%84%d8%a8%d8%a7%d8%aa-%d8%b7%d9%84%d8%a7%d8%a8-%d8%a7%d9%84%d8%b5%d8%ad%d8%a7%d9%81%d8%a9\/#primaryimage\"},\"thumbnailUrl\":\"https:\/\/scm.bz\/wp-content\/uploads\/2017\/06\/FSC.png\",\"datePublished\":\"2017-06-02T10:45:52+00:00\",\"dateModified\":\"2018-02-11T20:37:42+00:00\",\"description\":\"%\",\"breadcrumb\":{\"@id\":\"https:\/\/scm.bz\/%d9%85%d8%a4%d8%aa%d9%85%d8%b1-%d9%8a%d8%b3%d8%aa%d9%82%d8%a8%d9%84-%d8%b7%d9%84%d8%a8%d8%a7%d8%aa-%d8%b7%d9%84%d8%a7%d8%a8-%d8%a7%d9%84%d8%b5%d8%ad%d8%a7%d9%81%d8%a9\/#breadcrumb\"},\"inLanguage\":\"kmr\",\"potentialAction\":[{\"@type\":\"ReadAction\",\"target\":[\"https:\/\/scm.bz\/%d9%85%d8%a4%d8%aa%d9%85%d8%b1-%d9%8a%d8%b3%d8%aa%d9%82%d8%a8%d9%84-%d8%b7%d9%84%d8%a8%d8%a7%d8%aa-%d8%b7%d9%84%d8%a7%d8%a8-%d8%a7%d9%84%d8%b5%d8%ad%d8%a7%d9%81%d8%a9\/\"]}]},{\"@type\":\"ImageObject\",\"inLanguage\":\"kmr\",\"@id\":\"https:\/\/scm.bz\/%d9%85%d8%a4%d8%aa%d9%85%d8%b1-%d9%8a%d8%b3%d8%aa%d9%82%d8%a8%d9%84-%d8%b7%d9%84%d8%a8%d8%a7%d8%aa-%d8%b7%d9%84%d8%a7%d8%a8-%d8%a7%d9%84%d8%b5%d8%ad%d8%a7%d9%81%d8%a9\/#primaryimage\",\"url\":\"https:\/\/scm.bz\/wp-content\/uploads\/2017\/06\/FSC.png\",\"contentUrl\":\"https:\/\/scm.bz\/wp-content\/uploads\/2017\/06\/FSC.png\",\"width\":600,\"height\":306},{\"@type\":\"BreadcrumbList\",\"@id\":\"https:\/\/scm.bz\/%d9%85%d8%a4%d8%aa%d9%85%d8%b1-%d9%8a%d8%b3%d8%aa%d9%82%d8%a8%d9%84-%d8%b7%d9%84%d8%a8%d8%a7%d8%aa-%d8%b7%d9%84%d8%a7%d8%a8-%d8%a7%d9%84%d8%b5%d8%ad%d8%a7%d9%81%d8%a9\/#breadcrumb\",\"itemListElement\":[{\"@type\":\"ListItem\",\"position\":1,\"name\":\"Home\",\"item\":\"https:\/\/scm.bz\/kmr\/\"},{\"@type\":\"ListItem\",\"position\":2,\"name\":\"Kongirek p\u00ea\u015fwaz\u00eey\u00ea li daxwaznemey\u00ean xwendekar\u00ean rojnamevan\u00eey\u00ea dike.\"}]},{\"@type\":\"WebSite\",\"@id\":\"https:\/\/scm.bz\/#website\",\"url\":\"https:\/\/scm.bz\/\",\"name\":\"\u0627\u0644\u0645\u0631\u0643\u0632 \u0627\u0644\u0633\u0648\u0631\u064a \u0644\u0644\u0625\u0639\u0644\u0627\u0645 \u0648\u062d\u0631\u064a\u0629 \u0627\u0644\u062a\u0639\u0628\u064a\u0631 Syrian Center for Media and Freedom of Expression\",\"description\":\"\",\"publisher\":{\"@id\":\"https:\/\/scm.bz\/#organization\"},\"potentialAction\":[{\"@type\":\"SearchAction\",\"target\":{\"@type\":\"EntryPoint\",\"urlTemplate\":\"https:\/\/scm.bz\/?s={search_term_string}\"},\"query-input\":{\"@type\":\"PropertyValueSpecification\",\"valueRequired\":true,\"valueName\":\"search_term_string\"}}],\"inLanguage\":\"kmr\"},{\"@type\":\"Organization\",\"@id\":\"https:\/\/scm.bz\/#organization\",\"name\":\"\u0627\u0644\u0645\u0631\u0643\u0632 \u0627\u0644\u0633\u0648\u0631\u064a \u0644\u0644\u0625\u0639\u0644\u0627\u0645 \u0648\u062d\u0631\u064a\u0629 \u0627\u0644\u062a\u0639\u0628\u064a\u0631 Syrian Center for Media and Freedom of Expression\",\"url\":\"https:\/\/scm.bz\/\",\"logo\":{\"@type\":\"ImageObject\",\"inLanguage\":\"kmr\",\"@id\":\"https:\/\/scm.bz\/#\/schema\/logo\/image\/\",\"url\":\"http:\/\/scm.bz\/wp-content\/uploads\/2021\/01\/SCM-logo-1-with-Clear-Space-1-2.png\",\"contentUrl\":\"http:\/\/scm.bz\/wp-content\/uploads\/2021\/01\/SCM-logo-1-with-Clear-Space-1-2.png\",\"width\":1450,\"height\":1450,\"caption\":\"\u0627\u0644\u0645\u0631\u0643\u0632 \u0627\u0644\u0633\u0648\u0631\u064a \u0644\u0644\u0625\u0639\u0644\u0627\u0645 \u0648\u062d\u0631\u064a\u0629 \u0627\u0644\u062a\u0639\u0628\u064a\u0631 Syrian Center for Media and Freedom of Expression\"},\"image\":{\"@id\":\"https:\/\/scm.bz\/#\/schema\/logo\/image\/\"},\"sameAs\":[\"https:\/\/www.facebook.com\/scm.center\",\"https:\/\/x.com\/SyrianCenter\"]},{\"@type\":\"Person\",\"@id\":\"https:\/\/scm.bz\/#\/schema\/person\/d116d4c43d9f3d4fe4b61619e91ead45\",\"name\":\"scmadmin\",\"image\":{\"@type\":\"ImageObject\",\"inLanguage\":\"kmr\",\"@id\":\"https:\/\/scm.bz\/#\/schema\/person\/image\/\",\"url\":\"https:\/\/secure.gravatar.com\/avatar\/8cb2b559549de2ba5e28f5d26e15c8f315b5dd63c953e348e6769ae2e88e3cdc?s=96&d=blank&r=g\",\"contentUrl\":\"https:\/\/secure.gravatar.com\/avatar\/8cb2b559549de2ba5e28f5d26e15c8f315b5dd63c953e348e6769ae2e88e3cdc?s=96&d=blank&r=g\",\"caption\":\"scmadmin\"},\"url\":\"https:\/\/scm.bz\/kmr\/author\/scmadmin\/\"}]}<\/script>\n<!-- \/ Yoast SEO Premium plugin. -->","yoast_head_json":{"title":"Kongirek p\u00ea\u015fwaz\u00eey\u00ea li daxwaznemey\u00ean xwendekar\u00ean rojnamevan\u00eey\u00ea dike. - \u0627\u0644\u0645\u0631\u0643\u0632 \u0627\u0644\u0633\u0648\u0631\u064a \u0644\u0644\u0625\u0639\u0644\u0627\u0645 \u0648\u062d\u0631\u064a\u0629 \u0627\u0644\u062a\u0639\u0628\u064a\u0631 Syrian Center for Media and Freedom of Expression","description":"%","robots":{"index":"index","follow":"follow","max-snippet":"max-snippet:-1","max-image-preview":"max-image-preview:large","max-video-preview":"max-video-preview:-1"},"canonical":"https:\/\/scm.bz\/\u0645\u0624\u062a\u0645\u0631-\u064a\u0633\u062a\u0642\u0628\u0644-\u0637\u0644\u0628\u0627\u062a-\u0637\u0644\u0627\u0628-\u0627\u0644\u0635\u062d\u0627\u0641\u0629\/","og_locale":"en_US","og_type":"article","og_title":"Kongirek p\u00ea\u015fwaz\u00eey\u00ea li daxwaznemey\u00ean xwendekar\u00ean rojnamevan\u00eey\u00ea dike.","og_description":"%","og_url":"https:\/\/scm.bz\/\u0645\u0624\u062a\u0645\u0631-\u064a\u0633\u062a\u0642\u0628\u0644-\u0637\u0644\u0628\u0627\u062a-\u0637\u0644\u0627\u0628-\u0627\u0644\u0635\u062d\u0627\u0641\u0629\/","og_site_name":"\u0627\u0644\u0645\u0631\u0643\u0632 \u0627\u0644\u0633\u0648\u0631\u064a \u0644\u0644\u0625\u0639\u0644\u0627\u0645 \u0648\u062d\u0631\u064a\u0629 \u0627\u0644\u062a\u0639\u0628\u064a\u0631 Syrian Center for Media and Freedom of Expression","article_publisher":"https:\/\/www.facebook.com\/scm.center","article_published_time":"2017-06-02T10:45:52+00:00","article_modified_time":"2018-02-11T20:37:42+00:00","og_image":[{"width":600,"height":306,"url":"http:\/\/scm.bz\/wp-content\/uploads\/2017\/06\/FSC.png","type":"image\/png"}],"author":"scmadmin","twitter_card":"summary_large_image","twitter_creator":"@SyrianCenter","twitter_site":"@SyrianCenter","twitter_misc":{"Written by":"scmadmin","Est. reading time":"1 minute"},"schema":{"@context":"https:\/\/schema.org","@graph":[{"@type":"Article","@id":"https:\/\/scm.bz\/%d9%85%d8%a4%d8%aa%d9%85%d8%b1-%d9%8a%d8%b3%d8%aa%d9%82%d8%a8%d9%84-%d8%b7%d9%84%d8%a8%d8%a7%d8%aa-%d8%b7%d9%84%d8%a7%d8%a8-%d8%a7%d9%84%d8%b5%d8%ad%d8%a7%d9%81%d8%a9\/#article","isPartOf":{"@id":"https:\/\/scm.bz\/%d9%85%d8%a4%d8%aa%d9%85%d8%b1-%d9%8a%d8%b3%d8%aa%d9%82%d8%a8%d9%84-%d8%b7%d9%84%d8%a8%d8%a7%d8%aa-%d8%b7%d9%84%d8%a7%d8%a8-%d8%a7%d9%84%d8%b5%d8%ad%d8%a7%d9%81%d8%a9\/"},"author":{"name":"scmadmin","@id":"https:\/\/scm.bz\/#\/schema\/person\/d116d4c43d9f3d4fe4b61619e91ead45"},"headline":"Kongirek p\u00ea\u015fwaz\u00eey\u00ea li daxwaznemey\u00ean xwendekar\u00ean rojnamevan\u00eey\u00ea dike.","datePublished":"2017-06-02T10:45:52+00:00","dateModified":"2018-02-11T20:37:42+00:00","mainEntityOfPage":{"@id":"https:\/\/scm.bz\/%d9%85%d8%a4%d8%aa%d9%85%d8%b1-%d9%8a%d8%b3%d8%aa%d9%82%d8%a8%d9%84-%d8%b7%d9%84%d8%a8%d8%a7%d8%aa-%d8%b7%d9%84%d8%a7%d8%a8-%d8%a7%d9%84%d8%b5%d8%ad%d8%a7%d9%81%d8%a9\/"},"wordCount":172,"commentCount":0,"publisher":{"@id":"https:\/\/scm.bz\/#organization"},"image":{"@id":"https:\/\/scm.bz\/%d9%85%d8%a4%d8%aa%d9%85%d8%b1-%d9%8a%d8%b3%d8%aa%d9%82%d8%a8%d9%84-%d8%b7%d9%84%d8%a8%d8%a7%d8%aa-%d8%b7%d9%84%d8%a7%d8%a8-%d8%a7%d9%84%d8%b5%d8%ad%d8%a7%d9%81%d8%a9\/#primaryimage"},"thumbnailUrl":"https:\/\/scm.bz\/wp-content\/uploads\/2017\/06\/FSC.png","articleSection":["Rah\u00eenan \u00fb Be\u015fdar\u00ee"],"inLanguage":"kmr"},{"@type":"WebPage","@id":"https:\/\/scm.bz\/%d9%85%d8%a4%d8%aa%d9%85%d8%b1-%d9%8a%d8%b3%d8%aa%d9%82%d8%a8%d9%84-%d8%b7%d9%84%d8%a8%d8%a7%d8%aa-%d8%b7%d9%84%d8%a7%d8%a8-%d8%a7%d9%84%d8%b5%d8%ad%d8%a7%d9%81%d8%a9\/","url":"https:\/\/scm.bz\/%d9%85%d8%a4%d8%aa%d9%85%d8%b1-%d9%8a%d8%b3%d8%aa%d9%82%d8%a8%d9%84-%d8%b7%d9%84%d8%a8%d8%a7%d8%aa-%d8%b7%d9%84%d8%a7%d8%a8-%d8%a7%d9%84%d8%b5%d8%ad%d8%a7%d9%81%d8%a9\/","name":"Kongirek p\u00ea\u015fwaz\u00eey\u00ea li daxwaznemey\u00ean xwendekar\u00ean rojnamevan\u00eey\u00ea dike. - \u0627\u0644\u0645\u0631\u0643\u0632 \u0627\u0644\u0633\u0648\u0631\u064a \u0644\u0644\u0625\u0639\u0644\u0627\u0645 \u0648\u062d\u0631\u064a\u0629 \u0627\u0644\u062a\u0639\u0628\u064a\u0631 Syrian Center for Media and Freedom of Expression","isPartOf":{"@id":"https:\/\/scm.bz\/#website"},"primaryImageOfPage":{"@id":"https:\/\/scm.bz\/%d9%85%d8%a4%d8%aa%d9%85%d8%b1-%d9%8a%d8%b3%d8%aa%d9%82%d8%a8%d9%84-%d8%b7%d9%84%d8%a8%d8%a7%d8%aa-%d8%b7%d9%84%d8%a7%d8%a8-%d8%a7%d9%84%d8%b5%d8%ad%d8%a7%d9%81%d8%a9\/#primaryimage"},"image":{"@id":"https:\/\/scm.bz\/%d9%85%d8%a4%d8%aa%d9%85%d8%b1-%d9%8a%d8%b3%d8%aa%d9%82%d8%a8%d9%84-%d8%b7%d9%84%d8%a8%d8%a7%d8%aa-%d8%b7%d9%84%d8%a7%d8%a8-%d8%a7%d9%84%d8%b5%d8%ad%d8%a7%d9%81%d8%a9\/#primaryimage"},"thumbnailUrl":"https:\/\/scm.bz\/wp-content\/uploads\/2017\/06\/FSC.png","datePublished":"2017-06-02T10:45:52+00:00","dateModified":"2018-02-11T20:37:42+00:00","description":"%","breadcrumb":{"@id":"https:\/\/scm.bz\/%d9%85%d8%a4%d8%aa%d9%85%d8%b1-%d9%8a%d8%b3%d8%aa%d9%82%d8%a8%d9%84-%d8%b7%d9%84%d8%a8%d8%a7%d8%aa-%d8%b7%d9%84%d8%a7%d8%a8-%d8%a7%d9%84%d8%b5%d8%ad%d8%a7%d9%81%d8%a9\/#breadcrumb"},"inLanguage":"kmr","potentialAction":[{"@type":"ReadAction","target":["https:\/\/scm.bz\/%d9%85%d8%a4%d8%aa%d9%85%d8%b1-%d9%8a%d8%b3%d8%aa%d9%82%d8%a8%d9%84-%d8%b7%d9%84%d8%a8%d8%a7%d8%aa-%d8%b7%d9%84%d8%a7%d8%a8-%d8%a7%d9%84%d8%b5%d8%ad%d8%a7%d9%81%d8%a9\/"]}]},{"@type":"ImageObject","inLanguage":"kmr","@id":"https:\/\/scm.bz\/%d9%85%d8%a4%d8%aa%d9%85%d8%b1-%d9%8a%d8%b3%d8%aa%d9%82%d8%a8%d9%84-%d8%b7%d9%84%d8%a8%d8%a7%d8%aa-%d8%b7%d9%84%d8%a7%d8%a8-%d8%a7%d9%84%d8%b5%d8%ad%d8%a7%d9%81%d8%a9\/#primaryimage","url":"https:\/\/scm.bz\/wp-content\/uploads\/2017\/06\/FSC.png","contentUrl":"https:\/\/scm.bz\/wp-content\/uploads\/2017\/06\/FSC.png","width":600,"height":306},{"@type":"BreadcrumbList","@id":"https:\/\/scm.bz\/%d9%85%d8%a4%d8%aa%d9%85%d8%b1-%d9%8a%d8%b3%d8%aa%d9%82%d8%a8%d9%84-%d8%b7%d9%84%d8%a8%d8%a7%d8%aa-%d8%b7%d9%84%d8%a7%d8%a8-%d8%a7%d9%84%d8%b5%d8%ad%d8%a7%d9%81%d8%a9\/#breadcrumb","itemListElement":[{"@type":"ListItem","position":1,"name":"Home","item":"https:\/\/scm.bz\/kmr\/"},{"@type":"ListItem","position":2,"name":"Kongirek p\u00ea\u015fwaz\u00eey\u00ea li daxwaznemey\u00ean xwendekar\u00ean rojnamevan\u00eey\u00ea dike."}]},{"@type":"WebSite","@id":"https:\/\/scm.bz\/#website","url":"https:\/\/scm.bz\/","name":"\u0627\u0644\u0645\u0631\u0643\u0632 \u0627\u0644\u0633\u0648\u0631\u064a \u0644\u0644\u0625\u0639\u0644\u0627\u0645 \u0648\u062d\u0631\u064a\u0629 \u0627\u0644\u062a\u0639\u0628\u064a\u0631 Syrian Center for Media and Freedom of Expression","description":"","publisher":{"@id":"https:\/\/scm.bz\/#organization"},"potentialAction":[{"@type":"SearchAction","target":{"@type":"EntryPoint","urlTemplate":"https:\/\/scm.bz\/?s={search_term_string}"},"query-input":{"@type":"PropertyValueSpecification","valueRequired":true,"valueName":"search_term_string"}}],"inLanguage":"kmr"},{"@type":"Organization","@id":"https:\/\/scm.bz\/#organization","name":"\u0627\u0644\u0645\u0631\u0643\u0632 \u0627\u0644\u0633\u0648\u0631\u064a \u0644\u0644\u0625\u0639\u0644\u0627\u0645 \u0648\u062d\u0631\u064a\u0629 \u0627\u0644\u062a\u0639\u0628\u064a\u0631 Syrian Center for Media and Freedom of Expression","url":"https:\/\/scm.bz\/","logo":{"@type":"ImageObject","inLanguage":"kmr","@id":"https:\/\/scm.bz\/#\/schema\/logo\/image\/","url":"http:\/\/scm.bz\/wp-content\/uploads\/2021\/01\/SCM-logo-1-with-Clear-Space-1-2.png","contentUrl":"http:\/\/scm.bz\/wp-content\/uploads\/2021\/01\/SCM-logo-1-with-Clear-Space-1-2.png","width":1450,"height":1450,"caption":"\u0627\u0644\u0645\u0631\u0643\u0632 \u0627\u0644\u0633\u0648\u0631\u064a \u0644\u0644\u0625\u0639\u0644\u0627\u0645 \u0648\u062d\u0631\u064a\u0629 \u0627\u0644\u062a\u0639\u0628\u064a\u0631 Syrian Center for Media and Freedom of Expression"},"image":{"@id":"https:\/\/scm.bz\/#\/schema\/logo\/image\/"},"sameAs":["https:\/\/www.facebook.com\/scm.center","https:\/\/x.com\/SyrianCenter"]},{"@type":"Person","@id":"https:\/\/scm.bz\/#\/schema\/person\/d116d4c43d9f3d4fe4b61619e91ead45","name":"scmadmin","image":{"@type":"ImageObject","inLanguage":"kmr","@id":"https:\/\/scm.bz\/#\/schema\/person\/image\/","url":"https:\/\/secure.gravatar.com\/avatar\/8cb2b559549de2ba5e28f5d26e15c8f315b5dd63c953e348e6769ae2e88e3cdc?s=96&d=blank&r=g","contentUrl":"https:\/\/secure.gravatar.com\/avatar\/8cb2b559549de2ba5e28f5d26e15c8f315b5dd63c953e348e6769ae2e88e3cdc?s=96&d=blank&r=g","caption":"scmadmin"},"url":"https:\/\/scm.bz\/kmr\/author\/scmadmin\/"}]}},"_links":{"self":[{"href":"https:\/\/scm.bz\/kmr\/wp-json\/wp\/v2\/posts\/181027","targetHints":{"allow":["GET"]}}],"collection":[{"href":"https:\/\/scm.bz\/kmr\/wp-json\/wp\/v2\/posts"}],"about":[{"href":"https:\/\/scm.bz\/kmr\/wp-json\/wp\/v2\/types\/post"}],"author":[{"embeddable":true,"href":"https:\/\/scm.bz\/kmr\/wp-json\/wp\/v2\/users\/24"}],"replies":[{"embeddable":true,"href":"https:\/\/scm.bz\/kmr\/wp-json\/wp\/v2\/comments?post=181027"}],"version-history":[{"count":0,"href":"https:\/\/scm.bz\/kmr\/wp-json\/wp\/v2\/posts\/181027\/revisions"}],"wp:featuredmedia":[{"embeddable":true,"href":"https:\/\/scm.bz\/kmr\/wp-json\/wp\/v2\/media\/181028"}],"wp:attachment":[{"href":"https:\/\/scm.bz\/kmr\/wp-json\/wp\/v2\/media?parent=181027"}],"wp:term":[{"taxonomy":"category","embeddable":true,"href":"https:\/\/scm.bz\/kmr\/wp-json\/wp\/v2\/categories?post=181027"},{"taxonomy":"post_tag","embeddable":true,"href":"https:\/\/scm.bz\/kmr\/wp-json\/wp\/v2\/tags?post=181027"}],"curies":[{"name":"wp","href":"https:\/\/api.w.org\/{rel}","templated":true}]}}