{"id":181025,"date":"2017-06-02T22:48:09","date_gmt":"2017-06-02T20:48:09","guid":{"rendered":"https:\/\/scm.bz\/uncategorized-kmr\/mexrib-bo-cara-heftemin-doza-her-heft-berevankeren-mafen-mirovan-te-derengkirin-ev-ji-binpekirineke-ji-mafen-wan-ye-dadgehkirineke-dadmend"},"modified":"2018-02-11T22:55:07","modified_gmt":"2018-02-11T20:55:07","slug":"mexrib-bo-cara-heftemin-doza-her-heft-berevankeren-mafen-mirovan-te-derengkirin-ev-ji-binpekirineke-ji-mafen-wan-ye-dadgehkirineke-dadmend","status":"publish","type":"post","link":"https:\/\/scm.bz\/kmr\/mexrib-bo-cara-heftemin-doza-her-heft-berevankeren-mafen-mirovan-te-derengkirin-ev-ji-binpekirineke-ji-mafen-wan-ye-dadgehkirineke-dadmend\/","title":{"rendered":"Mexrib: bo cara heftem\u00een, doza her heft berevanker\u00ean maf\u00ean mirovan t\u00ea derengkirin ev j\u00ee binp\u00eakirineke ji maf\u00ean wan ye dadgehkirineke dadmend."},"content":{"rendered":"<p dir=\"ltr\"><strong><img loading=\"lazy\" decoding=\"async\" class=\"wp-image-173477 alignright\" src=\"https:\/\/scm.bz\/wp-content\/uploads\/2017\/06\/Morocco02.jpg\" alt=\"\" width=\"467\" height=\"254\" srcset=\"https:\/\/scm.bz\/wp-content\/uploads\/2017\/06\/Morocco02.jpg 600w, https:\/\/scm.bz\/wp-content\/uploads\/2017\/06\/Morocco02-300x163.jpg 300w, https:\/\/scm.bz\/wp-content\/uploads\/2017\/06\/Morocco02-150x81.jpg 150w\" sizes=\"auto, (max-width: 467px) 100vw, 467px\" \/>(Par\u00ees \u2013 Cin\u00eav) 2\u00ea hiz\u00earana 2017an: _ <\/strong>rewangeha Parastina Berevanker\u00ean Maf\u00ean Mirovan ku bi hevkar\u00eeya di nav\u00a0 federasyona Navdewlet\u00ee ya Maf\u00ean Mirovan \u00fb R\u00eaxistina C\u00eehan\u00ee ya dijat\u00eeya \u00ee\u015fkencekirin\u00ea hatiye damezrandin, binp\u00eakirina n\u00fb ya der maf\u00ea dadgehkirina dadmend de bo cara heftem, \u015fermezar dike. Ev cara heftan e ku dadgehkirina Elmot\u00ee Mincib, H\u00ee\u015fam Mens\u00fbr\u00ee, H\u00ee\u015fam Elm\u00eerat, Mihemed Elsebir, Ebdulsemed Ayet Ay\u015fe, Re\u015f\u00eed Tariq \u00fb Mariya Mekr\u00eem t\u00ea bid\u00fbrxistin. Roja 24\u00ea gulana 2017an \u00fb pi\u015ft\u00ee r\u00fbni\u015ftinek\u00ea ku du xulekan berdewam kir, dadwer\u00ea Mexrib\u00ee ji n\u00fb ve doza d\u00eerokzan, rojnamevan, serok\u00ea r\u00eaxistina (elhuriye Elan)ya azad\u00eeya derbir\u00een\u00ea li Mexrib\u00ea \u00fb serok\u00ea ber\u00ea y\u00ea navenda Ibin Ru\u015fud ya xwendin \u00fb p\u00eawend\u00eeyan; Elmot\u00ee Mincib, serok\u00ea Komeleya Mexrib\u00ee ya Maf\u00ean dic\u00eetal\u00ee; H\u00ee\u015fam Elm\u00eerat, berpirs\u00ea projeya KOmeleya Mexrib\u00ee ya rojnameger\u00eeya l\u00eapirs\u00een\u00ea H\u00ee\u015fam Elmens\u00fbr\u00ee, serok\u00ea komeleya Mexrib\u00ee ya perwerdekirina ciwanan Mihemed Elsebir, hevr\u00eazkar\u00ea ber\u00ea y\u00ea \u00a0projeya perwerdekirin\u00ea di Navenda Ibin Ru\u015fud\u00ea de her weha rojnamevan \u00fb endam\u00ea Komeleya Mexrib\u00ee ya Rojnameger\u00eeya L\u00eapirs\u00een\u00ea; Ebdulsemed Ayet Ay\u015fe \u00fb her du serok\u00ean ber\u00ea y\u00ean Komeleya Mexrib\u00ee ya Rojnameger\u00eeya l\u00eapirs\u00een\u00ea; Re\u015f\u00eed Tariq \u00fb Mariya Mekr\u00eem, bid\u00fbr xist ji ber ku fermana amadeb\u00fbn\u00ea negihab\u00fb 2 kes\u00ean p\u00eawend\u00eedar bi v\u00ea doz\u00ea her weha d\u00eeroka r\u00fbni\u015ftina b\u00ea di roja 11\u00ea cotmeha 2017an de hate destn\u00ee\u015fankirin. Hef\u00eeza \u015eiq\u00ear c\u00eegira serok\u00ea\u00a0 Federasyona Navdewlet\u00ee ya Maf\u00ean Mirovan got &#8220;ev bid\u00fbrxistina n\u00fb\u00a0 binb\u00eakirineke bo maf\u00ean van heft girt\u00eeyan \u00fb weke fi\u015farek\u00ea li ser wan t\u00ea d\u00eetin \u00a0ku desthilat bi hem\u00fb awayan hewl didin ku tometbaran d\u00fbr dixin \u00fb wan ji maf\u00ea berevan\u00eey\u00ea mehr\u00fbm dikin.&#8221;<\/p>\n<p dir=\"ltr\">H\u00eajay\u00ee gotin\u00ea ku her heft tometbar\u00ean ku ji sala 2014an ve rast\u00ee asteng\u00eeyan ji ber kar\u00ea wan di war\u00ea azad\u00eeya derbir\u00een\u00ea de t\u00ean, 5 ji wan rast\u00ee tometa &#8220;t\u00eakbirina ewlekar\u00eeya dewlet\u00ea&#8221; t\u00ean ji lew re ew \u00ea rast\u00ee sizaya ji 1 ta 5 sal\u00ean zindan\u00ea werin, her duy\u00ea din j\u00ee rast\u00ee tometa wergirtina pereday\u00eena biyan b\u00eay\u00ea agahdarkirina em\u00eendar\u00eeya gi\u015ft\u00ee ya hik\u00fbmet\u00ea t\u00ean \u00fb eger ev tomet li ser wan teqez b\u00fb ew d\u00ea 10000 dirhem (1000 Euro) li gor be\u015f\u00ea 6an ji qan\u00fbna sala 1958an, bidin.<\/p>\n<p dir=\"ltr\">Li gor Gerald Stabrock; em\u00eendar\u00ea gi\u015ft\u00ee y\u00ea R\u00eaxistina C\u00eehan\u00ee ya Dijat\u00eeya \u00ee\u015fkencey\u00ea &#8220;divabe desthilat\u00ean Mexrib\u00ea di cih de \u00fb b\u00ea \u015fert \u00fb merc, s\u00eenorek\u00ee ji fi\u015fara li ser Elmot\u00ee Mincib \u00fb hevkar\u00ean w\u00ee deyne ji ber ku diyar e dadgehkirina wan ten\u00ea cezayeke ji \u00e7alak\u00eey\u00ean wan \u00ean berevan\u00eeya di ber maf\u00ean mirovan de.&#8221;<\/p>\n<p dir=\"ltr\">Rewangeha Parastina Berevanker\u00ean Maf\u00ean mirovan (bi hevkar\u00eeya di nav\u00a0 federasyona Navdewlet\u00ee ya Maf\u00ean Mirovan \u00fb R\u00eaxistina C\u00eehan\u00ee ya dijat\u00eeya \u00ee\u015fkencekirin\u00ea) di parastina berevanker\u00ean maf\u00ean mirovan de kar dike \u00fb wan ji bo peydakirina al\u00eekar\u00eeyeke prakt\u00eek perwerde dike.<\/p>\n<p dir=\"ltr\">federasyona Navdewlet\u00ee ya Maf\u00ean Mirovan \u00fb R\u00eaxistina C\u00eehan\u00ee ya dijat\u00eeya \u00ee\u015fkencekirin\u00ea gir\u00eaday\u00ee\u00a0 awaya Yek\u00eet\u00eeya Ewropay\u00ee ne ya berevanker\u00ean maf\u00ean mirovan\u00a0 ProtectDefenders.eu ku civaka siv\u00eel a navdewlet\u00ee li ser disekine.<\/p>\n","protected":false},"excerpt":{"rendered":"<p>(Par\u00ees \u2013 Cin\u00eav) 2\u00ea hiz\u00earana 2017an: _ rewangeha Parastina Berevanker\u00ean Maf\u00ean Mirovan ku bi hevkar\u00eeya di nav\u00a0 federasyona Navdewlet\u00ee ya Maf\u00ean Mirovan \u00fb R\u00eaxistina C\u00eehan\u00ee ya dijat\u00eeya \u00ee\u015fkencekirin\u00ea hatiye damezrandin, binp\u00eakirina n\u00fb ya der maf\u00ea dadgehkirina dadmend de bo cara heftem, \u015fermezar dike. Ev cara heftan e ku dadgehkirina Elmot\u00ee Mincib, H\u00ee\u015fam Mens\u00fbr\u00ee, H\u00ee\u015fam Elm\u00eerat, [&hellip;]<\/p>\n","protected":false},"author":24,"featured_media":181026,"comment_status":"open","ping_status":"open","sticky":false,"template":"","format":"standard","meta":{"_acf_changed":false,"footnotes":""},"categories":[333],"tags":[],"class_list":["post-181025","post","type-post","status-publish","format-standard","has-post-thumbnail","hentry","category-arab_world-ku","post-wrapper"],"acf":[],"yoast_head":"<!-- This site is optimized with the Yoast SEO Premium plugin v20.6 (Yoast SEO v26.5) - https:\/\/yoast.com\/wordpress\/plugins\/seo\/ -->\n<title>Mexrib: bo cara heftem\u00een, doza her heft berevanker\u00ean maf\u00ean mirovan t\u00ea derengkirin ev j\u00ee binp\u00eakirineke ji maf\u00ean wan ye dadgehkirineke dadmend. - \u0627\u0644\u0645\u0631\u0643\u0632 \u0627\u0644\u0633\u0648\u0631\u064a \u0644\u0644\u0625\u0639\u0644\u0627\u0645 \u0648\u062d\u0631\u064a\u0629 \u0627\u0644\u062a\u0639\u0628\u064a\u0631 Syrian Center for Media and Freedom of Expression C\u00eehana Ereb\u00ee<\/title>\n<meta name=\"description\" content=\"%\" \/>\n<meta name=\"robots\" content=\"index, follow, max-snippet:-1, max-image-preview:large, max-video-preview:-1\" \/>\n<link rel=\"canonical\" href=\"https:\/\/20.93.6.125\/kmr\/mexrib-bo-cara-heftemin-doza-her-heft-berevankeren-mafen-mirovan-te-derengkirin-ev-ji-binpekirineke-ji-mafen-wan-ye-dadgehkirineke-dadmend\/\" \/>\n<meta property=\"og:locale\" content=\"en_US\" \/>\n<meta property=\"og:type\" content=\"article\" \/>\n<meta property=\"og:title\" content=\"Mexrib: bo cara heftem\u00een, doza her heft berevanker\u00ean maf\u00ean mirovan t\u00ea derengkirin ev j\u00ee binp\u00eakirineke ji maf\u00ean wan ye dadgehkirineke dadmend.\" \/>\n<meta property=\"og:description\" content=\"%\" \/>\n<meta property=\"og:url\" content=\"https:\/\/20.93.6.125\/kmr\/mexrib-bo-cara-heftemin-doza-her-heft-berevankeren-mafen-mirovan-te-derengkirin-ev-ji-binpekirineke-ji-mafen-wan-ye-dadgehkirineke-dadmend\/\" \/>\n<meta property=\"og:site_name\" content=\"\u0627\u0644\u0645\u0631\u0643\u0632 \u0627\u0644\u0633\u0648\u0631\u064a \u0644\u0644\u0625\u0639\u0644\u0627\u0645 \u0648\u062d\u0631\u064a\u0629 \u0627\u0644\u062a\u0639\u0628\u064a\u0631 Syrian Center for Media and Freedom of Expression\" \/>\n<meta property=\"article:publisher\" content=\"https:\/\/www.facebook.com\/scm.center\" \/>\n<meta property=\"article:published_time\" content=\"2017-06-02T20:48:09+00:00\" \/>\n<meta property=\"article:modified_time\" content=\"2018-02-11T20:55:07+00:00\" \/>\n<meta property=\"og:image\" content=\"https:\/\/20.93.6.125\/wp-content\/uploads\/2017\/06\/Morocco02.jpg\" \/>\n\t<meta property=\"og:image:width\" content=\"600\" \/>\n\t<meta property=\"og:image:height\" content=\"325\" \/>\n\t<meta property=\"og:image:type\" content=\"image\/jpeg\" \/>\n<meta name=\"author\" content=\"scmadmin\" \/>\n<meta name=\"twitter:card\" content=\"summary_large_image\" \/>\n<meta name=\"twitter:creator\" content=\"@SyrianCenter\" \/>\n<meta name=\"twitter:site\" content=\"@SyrianCenter\" \/>\n<meta name=\"twitter:label1\" content=\"Written by\" \/>\n\t<meta name=\"twitter:data1\" content=\"scmadmin\" \/>\n\t<meta name=\"twitter:label2\" content=\"Est. reading time\" \/>\n\t<meta name=\"twitter:data2\" content=\"3 minutes\" \/>\n<script type=\"application\/ld+json\" class=\"yoast-schema-graph\">{\"@context\":\"https:\/\/schema.org\",\"@graph\":[{\"@type\":\"Article\",\"@id\":\"https:\/\/20.93.6.125\/kmr\/mexrib-bo-cara-heftemin-doza-her-heft-berevankeren-mafen-mirovan-te-derengkirin-ev-ji-binpekirineke-ji-mafen-wan-ye-dadgehkirineke-dadmend\/#article\",\"isPartOf\":{\"@id\":\"https:\/\/20.93.6.125\/kmr\/mexrib-bo-cara-heftemin-doza-her-heft-berevankeren-mafen-mirovan-te-derengkirin-ev-ji-binpekirineke-ji-mafen-wan-ye-dadgehkirineke-dadmend\/\"},\"author\":{\"name\":\"scmadmin\",\"@id\":\"https:\/\/scm.bz\/#\/schema\/person\/d116d4c43d9f3d4fe4b61619e91ead45\"},\"headline\":\"Mexrib: bo cara heftem\u00een, doza her heft berevanker\u00ean maf\u00ean mirovan t\u00ea derengkirin ev j\u00ee binp\u00eakirineke ji maf\u00ean wan ye dadgehkirineke dadmend.\",\"datePublished\":\"2017-06-02T20:48:09+00:00\",\"dateModified\":\"2018-02-11T20:55:07+00:00\",\"mainEntityOfPage\":{\"@id\":\"https:\/\/20.93.6.125\/kmr\/mexrib-bo-cara-heftemin-doza-her-heft-berevankeren-mafen-mirovan-te-derengkirin-ev-ji-binpekirineke-ji-mafen-wan-ye-dadgehkirineke-dadmend\/\"},\"wordCount\":574,\"commentCount\":0,\"publisher\":{\"@id\":\"https:\/\/scm.bz\/#organization\"},\"image\":{\"@id\":\"https:\/\/20.93.6.125\/kmr\/mexrib-bo-cara-heftemin-doza-her-heft-berevankeren-mafen-mirovan-te-derengkirin-ev-ji-binpekirineke-ji-mafen-wan-ye-dadgehkirineke-dadmend\/#primaryimage\"},\"thumbnailUrl\":\"https:\/\/scm.bz\/wp-content\/uploads\/2017\/06\/Morocco02.jpg\",\"articleSection\":[\"C\u00eehana Ereb\u00ee\"],\"inLanguage\":\"kmr\"},{\"@type\":\"WebPage\",\"@id\":\"https:\/\/20.93.6.125\/kmr\/mexrib-bo-cara-heftemin-doza-her-heft-berevankeren-mafen-mirovan-te-derengkirin-ev-ji-binpekirineke-ji-mafen-wan-ye-dadgehkirineke-dadmend\/\",\"url\":\"https:\/\/20.93.6.125\/kmr\/mexrib-bo-cara-heftemin-doza-her-heft-berevankeren-mafen-mirovan-te-derengkirin-ev-ji-binpekirineke-ji-mafen-wan-ye-dadgehkirineke-dadmend\/\",\"name\":\"Mexrib: bo cara heftem\u00een, doza her heft berevanker\u00ean maf\u00ean mirovan t\u00ea derengkirin ev j\u00ee binp\u00eakirineke ji maf\u00ean wan ye dadgehkirineke dadmend. - \u0627\u0644\u0645\u0631\u0643\u0632 \u0627\u0644\u0633\u0648\u0631\u064a \u0644\u0644\u0625\u0639\u0644\u0627\u0645 \u0648\u062d\u0631\u064a\u0629 \u0627\u0644\u062a\u0639\u0628\u064a\u0631 Syrian Center for Media and Freedom of Expression C\u00eehana Ereb\u00ee\",\"isPartOf\":{\"@id\":\"https:\/\/scm.bz\/#website\"},\"primaryImageOfPage\":{\"@id\":\"https:\/\/20.93.6.125\/kmr\/mexrib-bo-cara-heftemin-doza-her-heft-berevankeren-mafen-mirovan-te-derengkirin-ev-ji-binpekirineke-ji-mafen-wan-ye-dadgehkirineke-dadmend\/#primaryimage\"},\"image\":{\"@id\":\"https:\/\/20.93.6.125\/kmr\/mexrib-bo-cara-heftemin-doza-her-heft-berevankeren-mafen-mirovan-te-derengkirin-ev-ji-binpekirineke-ji-mafen-wan-ye-dadgehkirineke-dadmend\/#primaryimage\"},\"thumbnailUrl\":\"https:\/\/scm.bz\/wp-content\/uploads\/2017\/06\/Morocco02.jpg\",\"datePublished\":\"2017-06-02T20:48:09+00:00\",\"dateModified\":\"2018-02-11T20:55:07+00:00\",\"description\":\"%\",\"breadcrumb\":{\"@id\":\"https:\/\/20.93.6.125\/kmr\/mexrib-bo-cara-heftemin-doza-her-heft-berevankeren-mafen-mirovan-te-derengkirin-ev-ji-binpekirineke-ji-mafen-wan-ye-dadgehkirineke-dadmend\/#breadcrumb\"},\"inLanguage\":\"kmr\",\"potentialAction\":[{\"@type\":\"ReadAction\",\"target\":[\"https:\/\/20.93.6.125\/kmr\/mexrib-bo-cara-heftemin-doza-her-heft-berevankeren-mafen-mirovan-te-derengkirin-ev-ji-binpekirineke-ji-mafen-wan-ye-dadgehkirineke-dadmend\/\"]}]},{\"@type\":\"ImageObject\",\"inLanguage\":\"kmr\",\"@id\":\"https:\/\/20.93.6.125\/kmr\/mexrib-bo-cara-heftemin-doza-her-heft-berevankeren-mafen-mirovan-te-derengkirin-ev-ji-binpekirineke-ji-mafen-wan-ye-dadgehkirineke-dadmend\/#primaryimage\",\"url\":\"https:\/\/scm.bz\/wp-content\/uploads\/2017\/06\/Morocco02.jpg\",\"contentUrl\":\"https:\/\/scm.bz\/wp-content\/uploads\/2017\/06\/Morocco02.jpg\",\"width\":600,\"height\":325},{\"@type\":\"BreadcrumbList\",\"@id\":\"https:\/\/20.93.6.125\/kmr\/mexrib-bo-cara-heftemin-doza-her-heft-berevankeren-mafen-mirovan-te-derengkirin-ev-ji-binpekirineke-ji-mafen-wan-ye-dadgehkirineke-dadmend\/#breadcrumb\",\"itemListElement\":[{\"@type\":\"ListItem\",\"position\":1,\"name\":\"Home\",\"item\":\"https:\/\/scm.bz\/kmr\/\"},{\"@type\":\"ListItem\",\"position\":2,\"name\":\"Mexrib: bo cara heftem\u00een, doza her heft berevanker\u00ean maf\u00ean mirovan t\u00ea derengkirin ev j\u00ee binp\u00eakirineke ji maf\u00ean wan ye dadgehkirineke dadmend.\"}]},{\"@type\":\"WebSite\",\"@id\":\"https:\/\/scm.bz\/#website\",\"url\":\"https:\/\/scm.bz\/\",\"name\":\"\u0627\u0644\u0645\u0631\u0643\u0632 \u0627\u0644\u0633\u0648\u0631\u064a \u0644\u0644\u0625\u0639\u0644\u0627\u0645 \u0648\u062d\u0631\u064a\u0629 \u0627\u0644\u062a\u0639\u0628\u064a\u0631 Syrian Center for Media and Freedom of Expression\",\"description\":\"\",\"publisher\":{\"@id\":\"https:\/\/scm.bz\/#organization\"},\"potentialAction\":[{\"@type\":\"SearchAction\",\"target\":{\"@type\":\"EntryPoint\",\"urlTemplate\":\"https:\/\/scm.bz\/?s={search_term_string}\"},\"query-input\":{\"@type\":\"PropertyValueSpecification\",\"valueRequired\":true,\"valueName\":\"search_term_string\"}}],\"inLanguage\":\"kmr\"},{\"@type\":\"Organization\",\"@id\":\"https:\/\/scm.bz\/#organization\",\"name\":\"\u0627\u0644\u0645\u0631\u0643\u0632 \u0627\u0644\u0633\u0648\u0631\u064a \u0644\u0644\u0625\u0639\u0644\u0627\u0645 \u0648\u062d\u0631\u064a\u0629 \u0627\u0644\u062a\u0639\u0628\u064a\u0631 Syrian Center for Media and Freedom of Expression\",\"url\":\"https:\/\/scm.bz\/\",\"logo\":{\"@type\":\"ImageObject\",\"inLanguage\":\"kmr\",\"@id\":\"https:\/\/scm.bz\/#\/schema\/logo\/image\/\",\"url\":\"http:\/\/scm.bz\/wp-content\/uploads\/2021\/01\/SCM-logo-1-with-Clear-Space-1-2.png\",\"contentUrl\":\"http:\/\/scm.bz\/wp-content\/uploads\/2021\/01\/SCM-logo-1-with-Clear-Space-1-2.png\",\"width\":1450,\"height\":1450,\"caption\":\"\u0627\u0644\u0645\u0631\u0643\u0632 \u0627\u0644\u0633\u0648\u0631\u064a \u0644\u0644\u0625\u0639\u0644\u0627\u0645 \u0648\u062d\u0631\u064a\u0629 \u0627\u0644\u062a\u0639\u0628\u064a\u0631 Syrian Center for Media and Freedom of Expression\"},\"image\":{\"@id\":\"https:\/\/scm.bz\/#\/schema\/logo\/image\/\"},\"sameAs\":[\"https:\/\/www.facebook.com\/scm.center\",\"https:\/\/x.com\/SyrianCenter\"]},{\"@type\":\"Person\",\"@id\":\"https:\/\/scm.bz\/#\/schema\/person\/d116d4c43d9f3d4fe4b61619e91ead45\",\"name\":\"scmadmin\",\"image\":{\"@type\":\"ImageObject\",\"inLanguage\":\"kmr\",\"@id\":\"https:\/\/scm.bz\/#\/schema\/person\/image\/\",\"url\":\"https:\/\/secure.gravatar.com\/avatar\/8cb2b559549de2ba5e28f5d26e15c8f315b5dd63c953e348e6769ae2e88e3cdc?s=96&d=blank&r=g\",\"contentUrl\":\"https:\/\/secure.gravatar.com\/avatar\/8cb2b559549de2ba5e28f5d26e15c8f315b5dd63c953e348e6769ae2e88e3cdc?s=96&d=blank&r=g\",\"caption\":\"scmadmin\"},\"url\":\"https:\/\/scm.bz\/kmr\/author\/scmadmin\/\"}]}<\/script>\n<!-- \/ Yoast SEO Premium plugin. -->","yoast_head_json":{"title":"Mexrib: bo cara heftem\u00een, doza her heft berevanker\u00ean maf\u00ean mirovan t\u00ea derengkirin ev j\u00ee binp\u00eakirineke ji maf\u00ean wan ye dadgehkirineke dadmend. - \u0627\u0644\u0645\u0631\u0643\u0632 \u0627\u0644\u0633\u0648\u0631\u064a \u0644\u0644\u0625\u0639\u0644\u0627\u0645 \u0648\u062d\u0631\u064a\u0629 \u0627\u0644\u062a\u0639\u0628\u064a\u0631 Syrian Center for Media and Freedom of Expression C\u00eehana Ereb\u00ee","description":"%","robots":{"index":"index","follow":"follow","max-snippet":"max-snippet:-1","max-image-preview":"max-image-preview:large","max-video-preview":"max-video-preview:-1"},"canonical":"https:\/\/20.93.6.125\/kmr\/mexrib-bo-cara-heftemin-doza-her-heft-berevankeren-mafen-mirovan-te-derengkirin-ev-ji-binpekirineke-ji-mafen-wan-ye-dadgehkirineke-dadmend\/","og_locale":"en_US","og_type":"article","og_title":"Mexrib: bo cara heftem\u00een, doza her heft berevanker\u00ean maf\u00ean mirovan t\u00ea derengkirin ev j\u00ee binp\u00eakirineke ji maf\u00ean wan ye dadgehkirineke dadmend.","og_description":"%","og_url":"https:\/\/20.93.6.125\/kmr\/mexrib-bo-cara-heftemin-doza-her-heft-berevankeren-mafen-mirovan-te-derengkirin-ev-ji-binpekirineke-ji-mafen-wan-ye-dadgehkirineke-dadmend\/","og_site_name":"\u0627\u0644\u0645\u0631\u0643\u0632 \u0627\u0644\u0633\u0648\u0631\u064a \u0644\u0644\u0625\u0639\u0644\u0627\u0645 \u0648\u062d\u0631\u064a\u0629 \u0627\u0644\u062a\u0639\u0628\u064a\u0631 Syrian Center for Media and Freedom of Expression","article_publisher":"https:\/\/www.facebook.com\/scm.center","article_published_time":"2017-06-02T20:48:09+00:00","article_modified_time":"2018-02-11T20:55:07+00:00","og_image":[{"width":600,"height":325,"url":"https:\/\/20.93.6.125\/wp-content\/uploads\/2017\/06\/Morocco02.jpg","type":"image\/jpeg"}],"author":"scmadmin","twitter_card":"summary_large_image","twitter_creator":"@SyrianCenter","twitter_site":"@SyrianCenter","twitter_misc":{"Written by":"scmadmin","Est. reading time":"3 minutes"},"schema":{"@context":"https:\/\/schema.org","@graph":[{"@type":"Article","@id":"https:\/\/20.93.6.125\/kmr\/mexrib-bo-cara-heftemin-doza-her-heft-berevankeren-mafen-mirovan-te-derengkirin-ev-ji-binpekirineke-ji-mafen-wan-ye-dadgehkirineke-dadmend\/#article","isPartOf":{"@id":"https:\/\/20.93.6.125\/kmr\/mexrib-bo-cara-heftemin-doza-her-heft-berevankeren-mafen-mirovan-te-derengkirin-ev-ji-binpekirineke-ji-mafen-wan-ye-dadgehkirineke-dadmend\/"},"author":{"name":"scmadmin","@id":"https:\/\/scm.bz\/#\/schema\/person\/d116d4c43d9f3d4fe4b61619e91ead45"},"headline":"Mexrib: bo cara heftem\u00een, doza her heft berevanker\u00ean maf\u00ean mirovan t\u00ea derengkirin ev j\u00ee binp\u00eakirineke ji maf\u00ean wan ye dadgehkirineke dadmend.","datePublished":"2017-06-02T20:48:09+00:00","dateModified":"2018-02-11T20:55:07+00:00","mainEntityOfPage":{"@id":"https:\/\/20.93.6.125\/kmr\/mexrib-bo-cara-heftemin-doza-her-heft-berevankeren-mafen-mirovan-te-derengkirin-ev-ji-binpekirineke-ji-mafen-wan-ye-dadgehkirineke-dadmend\/"},"wordCount":574,"commentCount":0,"publisher":{"@id":"https:\/\/scm.bz\/#organization"},"image":{"@id":"https:\/\/20.93.6.125\/kmr\/mexrib-bo-cara-heftemin-doza-her-heft-berevankeren-mafen-mirovan-te-derengkirin-ev-ji-binpekirineke-ji-mafen-wan-ye-dadgehkirineke-dadmend\/#primaryimage"},"thumbnailUrl":"https:\/\/scm.bz\/wp-content\/uploads\/2017\/06\/Morocco02.jpg","articleSection":["C\u00eehana Ereb\u00ee"],"inLanguage":"kmr"},{"@type":"WebPage","@id":"https:\/\/20.93.6.125\/kmr\/mexrib-bo-cara-heftemin-doza-her-heft-berevankeren-mafen-mirovan-te-derengkirin-ev-ji-binpekirineke-ji-mafen-wan-ye-dadgehkirineke-dadmend\/","url":"https:\/\/20.93.6.125\/kmr\/mexrib-bo-cara-heftemin-doza-her-heft-berevankeren-mafen-mirovan-te-derengkirin-ev-ji-binpekirineke-ji-mafen-wan-ye-dadgehkirineke-dadmend\/","name":"Mexrib: bo cara heftem\u00een, doza her heft berevanker\u00ean maf\u00ean mirovan t\u00ea derengkirin ev j\u00ee binp\u00eakirineke ji maf\u00ean wan ye dadgehkirineke dadmend. - \u0627\u0644\u0645\u0631\u0643\u0632 \u0627\u0644\u0633\u0648\u0631\u064a \u0644\u0644\u0625\u0639\u0644\u0627\u0645 \u0648\u062d\u0631\u064a\u0629 \u0627\u0644\u062a\u0639\u0628\u064a\u0631 Syrian Center for Media and Freedom of Expression C\u00eehana Ereb\u00ee","isPartOf":{"@id":"https:\/\/scm.bz\/#website"},"primaryImageOfPage":{"@id":"https:\/\/20.93.6.125\/kmr\/mexrib-bo-cara-heftemin-doza-her-heft-berevankeren-mafen-mirovan-te-derengkirin-ev-ji-binpekirineke-ji-mafen-wan-ye-dadgehkirineke-dadmend\/#primaryimage"},"image":{"@id":"https:\/\/20.93.6.125\/kmr\/mexrib-bo-cara-heftemin-doza-her-heft-berevankeren-mafen-mirovan-te-derengkirin-ev-ji-binpekirineke-ji-mafen-wan-ye-dadgehkirineke-dadmend\/#primaryimage"},"thumbnailUrl":"https:\/\/scm.bz\/wp-content\/uploads\/2017\/06\/Morocco02.jpg","datePublished":"2017-06-02T20:48:09+00:00","dateModified":"2018-02-11T20:55:07+00:00","description":"%","breadcrumb":{"@id":"https:\/\/20.93.6.125\/kmr\/mexrib-bo-cara-heftemin-doza-her-heft-berevankeren-mafen-mirovan-te-derengkirin-ev-ji-binpekirineke-ji-mafen-wan-ye-dadgehkirineke-dadmend\/#breadcrumb"},"inLanguage":"kmr","potentialAction":[{"@type":"ReadAction","target":["https:\/\/20.93.6.125\/kmr\/mexrib-bo-cara-heftemin-doza-her-heft-berevankeren-mafen-mirovan-te-derengkirin-ev-ji-binpekirineke-ji-mafen-wan-ye-dadgehkirineke-dadmend\/"]}]},{"@type":"ImageObject","inLanguage":"kmr","@id":"https:\/\/20.93.6.125\/kmr\/mexrib-bo-cara-heftemin-doza-her-heft-berevankeren-mafen-mirovan-te-derengkirin-ev-ji-binpekirineke-ji-mafen-wan-ye-dadgehkirineke-dadmend\/#primaryimage","url":"https:\/\/scm.bz\/wp-content\/uploads\/2017\/06\/Morocco02.jpg","contentUrl":"https:\/\/scm.bz\/wp-content\/uploads\/2017\/06\/Morocco02.jpg","width":600,"height":325},{"@type":"BreadcrumbList","@id":"https:\/\/20.93.6.125\/kmr\/mexrib-bo-cara-heftemin-doza-her-heft-berevankeren-mafen-mirovan-te-derengkirin-ev-ji-binpekirineke-ji-mafen-wan-ye-dadgehkirineke-dadmend\/#breadcrumb","itemListElement":[{"@type":"ListItem","position":1,"name":"Home","item":"https:\/\/scm.bz\/kmr\/"},{"@type":"ListItem","position":2,"name":"Mexrib: bo cara heftem\u00een, doza her heft berevanker\u00ean maf\u00ean mirovan t\u00ea derengkirin ev j\u00ee binp\u00eakirineke ji maf\u00ean wan ye dadgehkirineke dadmend."}]},{"@type":"WebSite","@id":"https:\/\/scm.bz\/#website","url":"https:\/\/scm.bz\/","name":"\u0627\u0644\u0645\u0631\u0643\u0632 \u0627\u0644\u0633\u0648\u0631\u064a \u0644\u0644\u0625\u0639\u0644\u0627\u0645 \u0648\u062d\u0631\u064a\u0629 \u0627\u0644\u062a\u0639\u0628\u064a\u0631 Syrian Center for Media and Freedom of Expression","description":"","publisher":{"@id":"https:\/\/scm.bz\/#organization"},"potentialAction":[{"@type":"SearchAction","target":{"@type":"EntryPoint","urlTemplate":"https:\/\/scm.bz\/?s={search_term_string}"},"query-input":{"@type":"PropertyValueSpecification","valueRequired":true,"valueName":"search_term_string"}}],"inLanguage":"kmr"},{"@type":"Organization","@id":"https:\/\/scm.bz\/#organization","name":"\u0627\u0644\u0645\u0631\u0643\u0632 \u0627\u0644\u0633\u0648\u0631\u064a \u0644\u0644\u0625\u0639\u0644\u0627\u0645 \u0648\u062d\u0631\u064a\u0629 \u0627\u0644\u062a\u0639\u0628\u064a\u0631 Syrian Center for Media and Freedom of Expression","url":"https:\/\/scm.bz\/","logo":{"@type":"ImageObject","inLanguage":"kmr","@id":"https:\/\/scm.bz\/#\/schema\/logo\/image\/","url":"http:\/\/scm.bz\/wp-content\/uploads\/2021\/01\/SCM-logo-1-with-Clear-Space-1-2.png","contentUrl":"http:\/\/scm.bz\/wp-content\/uploads\/2021\/01\/SCM-logo-1-with-Clear-Space-1-2.png","width":1450,"height":1450,"caption":"\u0627\u0644\u0645\u0631\u0643\u0632 \u0627\u0644\u0633\u0648\u0631\u064a \u0644\u0644\u0625\u0639\u0644\u0627\u0645 \u0648\u062d\u0631\u064a\u0629 \u0627\u0644\u062a\u0639\u0628\u064a\u0631 Syrian Center for Media and Freedom of Expression"},"image":{"@id":"https:\/\/scm.bz\/#\/schema\/logo\/image\/"},"sameAs":["https:\/\/www.facebook.com\/scm.center","https:\/\/x.com\/SyrianCenter"]},{"@type":"Person","@id":"https:\/\/scm.bz\/#\/schema\/person\/d116d4c43d9f3d4fe4b61619e91ead45","name":"scmadmin","image":{"@type":"ImageObject","inLanguage":"kmr","@id":"https:\/\/scm.bz\/#\/schema\/person\/image\/","url":"https:\/\/secure.gravatar.com\/avatar\/8cb2b559549de2ba5e28f5d26e15c8f315b5dd63c953e348e6769ae2e88e3cdc?s=96&d=blank&r=g","contentUrl":"https:\/\/secure.gravatar.com\/avatar\/8cb2b559549de2ba5e28f5d26e15c8f315b5dd63c953e348e6769ae2e88e3cdc?s=96&d=blank&r=g","caption":"scmadmin"},"url":"https:\/\/scm.bz\/kmr\/author\/scmadmin\/"}]}},"_links":{"self":[{"href":"https:\/\/scm.bz\/kmr\/wp-json\/wp\/v2\/posts\/181025","targetHints":{"allow":["GET"]}}],"collection":[{"href":"https:\/\/scm.bz\/kmr\/wp-json\/wp\/v2\/posts"}],"about":[{"href":"https:\/\/scm.bz\/kmr\/wp-json\/wp\/v2\/types\/post"}],"author":[{"embeddable":true,"href":"https:\/\/scm.bz\/kmr\/wp-json\/wp\/v2\/users\/24"}],"replies":[{"embeddable":true,"href":"https:\/\/scm.bz\/kmr\/wp-json\/wp\/v2\/comments?post=181025"}],"version-history":[{"count":0,"href":"https:\/\/scm.bz\/kmr\/wp-json\/wp\/v2\/posts\/181025\/revisions"}],"wp:featuredmedia":[{"embeddable":true,"href":"https:\/\/scm.bz\/kmr\/wp-json\/wp\/v2\/media\/181026"}],"wp:attachment":[{"href":"https:\/\/scm.bz\/kmr\/wp-json\/wp\/v2\/media?parent=181025"}],"wp:term":[{"taxonomy":"category","embeddable":true,"href":"https:\/\/scm.bz\/kmr\/wp-json\/wp\/v2\/categories?post=181025"},{"taxonomy":"post_tag","embeddable":true,"href":"https:\/\/scm.bz\/kmr\/wp-json\/wp\/v2\/tags?post=181025"}],"curies":[{"name":"wp","href":"https:\/\/api.w.org\/{rel}","templated":true}]}}