{"id":180952,"date":"2017-07-24T16:37:28","date_gmt":"2017-07-24T14:37:28","guid":{"rendered":"https:\/\/scm.bz\/uncategorized-kmr\/calakvanen-suriyeyi-ji-ber-binpekirinen-li-libnan-dikevin-gireva-bircibune-de"},"modified":"2018-02-11T22:44:21","modified_gmt":"2018-02-11T20:44:21","slug":"calakvanen-suriyeyi-ji-ber-binpekirinen-li-libnan-dikevin-gireva-bircibune-de","status":"publish","type":"post","link":"https:\/\/scm.bz\/kmr\/calakvanen-suriyeyi-ji-ber-binpekirinen-li-libnan-dikevin-gireva-bircibune-de\/","title":{"rendered":"\u00c7alakvan\u00ean S\u00fbr\u00eeyey\u00ee ji ber binp\u00eakirin\u00ean li Libnan, dikevin Gireva bir\u00e7\u00eeb\u00fbn\u00ea de"},"content":{"rendered":"<p dir=\"ltr\"><img loading=\"lazy\" decoding=\"async\" class=\"wp-image-174206\" src=\"https:\/\/scm.bz\/wp-content\/uploads\/2017\/07\/HungerStrike02.jpg\" alt=\"\" width=\"775\" height=\"436\" srcset=\"https:\/\/scm.bz\/wp-content\/uploads\/2017\/07\/HungerStrike02.jpg 716w, https:\/\/scm.bz\/wp-content\/uploads\/2017\/07\/HungerStrike02-300x169.jpg 300w, https:\/\/scm.bz\/wp-content\/uploads\/2017\/07\/HungerStrike02-150x84.jpg 150w\" sizes=\"auto, (max-width: 775px) 100vw, 775px\" \/><br \/>\nPhoto from:<br \/>\nHunger Strike for Syrian Refugees<br \/>\n\u0625\u0636\u0631\u0627\u0628 \u0639\u0646 \u0627\u0644\u0637\u0639\u0627\u0645 \u0645\u0646 \u0623\u062c\u0644 \u0627\u0644\u0644\u0627\u062c\u0626\u064a\u0646 \u0627\u0644\u0633\u0648\u0631\u064a\u064a\u0646<\/p>\n<hr \/>\n<p dir=\"ltr\"><strong>20\u00ea t\u00eermeha 2017an &#8211;\u00a0<\/strong><span style=\"font-weight: 400;\">Oroya Nav\u00een ya Mafan li gel r\u00eaxistin\u00ean hevkar \u00ean j\u00ear\u00eemzeker, pi\u015ftgir\u00eeya xwe bo \u00e7alakvan\u00ean S\u00fbr\u00eeyey\u00ee y\u00ean ku gireveke bir\u00e7\u00eeb\u00fbn\u00ea li seranser\u00ee c\u00eehan\u00ea dest p\u00ea kirine n\u00ee\u015fan didin, armanc ji v\u00ea grieve j\u00ee ew e kif\u015fkirina binp\u00eakirin\u00ean maf\u00ean mirovan \u00fb kar\u00ean \u00ee\u015fkencekirin \u00fb ku\u015ftin\u00ea ji dervey\u00ee \u00e7ar\u00e7oveya dadgehan ku bi r\u00eaya rapor\u00ean ragihandin\u00ea hatine belavkirin her weha y\u00ean ku ji al\u00eey\u00ea Art\u00ea\u015fa Libnan\u00ee ve li dij\u00ee ko\u00e7ber\u00ean S\u00fbr\u00eeyey\u00ee di kampa Ersal\u00ea de di her du heft\u00eey\u00ean b\u00fbr\u00ee de hatine p\u00eakan\u00een. Gerek e ev kar demlidest werin rawestandin her weha berpirs\u00ean wan werin dadgehkirin.<\/span><\/p>\n<p dir=\"ltr\"><span style=\"font-weight: 400;\">Ev kiryar\u00ean ne guncan b\u00fbn sedema ku\u015ftina 4 girt\u00eeyan her\u00ee k\u00eam ji ber \u00ee\u015fkencekirin\u00ea. Desthilatan hewla ve\u015fartina del\u00eelan da her weha hewla da ku dest bibin ser m\u00eenak\u00ean ku ji term\u00ea ku\u015ft\u00eey\u00ean di bin \u00ee\u015fkencey\u00ea de hatine stendin \u00fb <\/span><a href=\"http:\/\/www.euromedrights.org\/member-release\/cldh-strongly-condemns-acts-torture-committed-army-wave-arrests-arsal\/\"><span style=\"font-weight: 400;\">Navenda Libnan\u00ee ya Maf\u00ean Mirovan<\/span><\/a><span style=\"font-weight: 400;\"> ev yek \u015fermezar kir.<\/span><\/p>\n<p dir=\"ltr\"><span style=\"font-weight: 400;\">Kampan\u00eeya pi\u015ftgir\u00eeya gireva bir\u00e7\u00eeb\u00fbn\u00ea ji al\u00eey\u00ea her du jinan Eza Murteda \u00fb Rena Elcun\u00ee dest p\u00ea kir, ew j\u00ee ko\u00e7ber\u00ean S\u00fbr\u00eeyey\u00ee ne \u00fb li Amsterdam \u00fb Par\u00ees\u00ea \u00e7alakvan in. b\u00eahtir\u00ee 40 \u00e7alakvan\u00ee be\u015fdar\u00ee v\u00ea kampan\u00eey\u00ea b\u00fbn \u00fb ji ber\u00ee du heft\u00eeyan ve ketine gireva bir\u00e7\u00eeb\u00fbn\u00ea de. Daxwaz\u00ean wan j\u00ee ev in:<\/span><\/p>\n<ul dir=\"ltr\">\n<li style=\"font-weight: 400;\"><span style=\"font-weight: 400;\">\u00c7\u00eakirina l\u00eapirs\u00eeneke serbixwe der bar\u00ea b\u00fbyer\u00ean ku li kamp\u00ean ko\u00e7beran y\u00ean Ersal\u00ea qewim\u00eene.<\/span><\/li>\n<li style=\"font-weight: 400;\"><span style=\"font-weight: 400;\">Bidaw\u00eean\u00eena \u00e7anda reva ji sizay\u00ea \u00fb dadgehkirina berpirs\u00ean ku\u015ftin \u00fb \u00ee\u015fkenceyan.<\/span><\/li>\n<li style=\"font-weight: 400;\"><span style=\"font-weight: 400;\">Garant\u00eekirina parastina ko\u00e7ber\u00ean S\u00fbr\u00eeyey\u00ee li Libnan\u00ea \u00fb dewlet\u00ean din. <\/span><\/li>\n<\/ul>\n<p dir=\"ltr\"><span style=\"font-weight: 400;\">Ji bil\u00ee wan l\u00eapirs\u00een\u00ean le\u015fker\u00ee y\u00ean ku t\u00eane \u00e7\u00eakirin, r\u00eaxistin ji desthilat\u00ean Libnan\u00ee dixwaze ku derfeteke bidestxistina wekhev\u00eey\u00ea li p\u00ea\u015f dadgeh\u00ean siv\u00eel ku li gor p\u00eevan\u00ean dadgehkirin\u00ea kar dike, bixe nav dest\u00ea qurban\u00ee \u00fb malbat\u00ean wan de. Gelek\u00ee giring e ku desthilat\u00ean Libnan\u00ea ber\u00ea xwe nede hevbor\u00een\u00ea der bar\u00ea van kiryaran de. Tirsa me ji w\u00ea yek\u00ea heye, \u0639 siza li ser van kiryaran nehatin bir\u00een, dibe ku li dij\u00ee ko\u00e7ber\u00ean S\u00fbr\u00eeyey\u00ee li Libnan\u00ea werin d\u00fbbarekirin. Her weha divabe desthilat\u00ean Libnan\u00ee parastin\u00ea ji siv\u00eelan re peyda bike ji nav wan j\u00ee ko\u00e7ber\u00ean li Libnan\u00ea, ew j\u00ee li gor pabend\u00eeya Libnan\u00ea bi qan\u00fbn\u00ean ni\u015ft\u00eeman\u00ee \u00fb navdewlet\u00ee yan j\u00ee; dest\u00fbra Libnan\u00ee \u00fb Lihevkirina Dijat\u00eeya \u00ee\u015fkencekirin\u00ea, her weha divabe ew bi prens\u00eep\u00ean maf\u00ean mirovan, maf\u00ea kesan bi ko\u00e7kirina bo welatek\u00ee ewle li gor madeya 14an ji Ragihandina C\u00eehan\u00ee ya Maf\u00ean Mirovan, pabend be.<\/span><\/p>\n<p dir=\"ltr\"><span style=\"font-weight: 400;\">Pi\u015ft\u00ee civ\u00eena Encumena Hevkar\u00eey\u00ea di na Yek\u00eet\u00eeya Ewropay\u00ea \u00fb Libnan\u00ea de ku di 18\u00ea t\u00eermeh\u00ea de hatib\u00fb lidarxistin, r\u00eaxistin\u00ean \u00eemzeker ji Yek\u00eet\u00eeya Ewropay\u00ea dixwazin ku tu siyaseteke vegerandina ko\u00e7beran bo S\u00fbr\u00eeyey\u00ea nekin ji ber ku tu her\u00eam\u00ean ewle bo wan tunene. Divabe Libnan r\u00eaz\u00ea ji pabend\u00eey\u00ean xwe re li gor Qan\u00fbna Navdewlet\u00ee bigire, her weha divabe vegerandina ko\u00e7beran bo S\u00fbr\u00eeyey\u00ea weke gaveke avakirina bawer\u00ee \u00fb lihevkirin\u00ea li S\u00fbr\u00eeyey\u00ea neb\u00eene.<\/span><\/p>\n<p dir=\"ltr\"><b>R\u00eaxistin\u00ean \u00eemzeker:<\/b><\/p>\n<ul dir=\"ltr\">\n<li style=\"font-weight: 400;\"><span style=\"font-weight: 400;\">Oroya Nav\u00een ya Mafan<\/span><\/li>\n<li style=\"font-weight: 400;\"><span style=\"font-weight: 400;\">Navenda S\u00fbr\u00eeyey\u00ee ya Ragihandin\u00ea \u00fb Azad\u00eeya Derbir\u00een\u00ea<\/span><\/li>\n<li style=\"font-weight: 400;\"><span style=\"font-weight: 400;\">Navenda S\u00fbr\u00eeyey\u00ee ya Serjimar \u00fb L\u00eakol\u00eenan<\/span><\/li>\n<li style=\"font-weight: 400;\"><span style=\"font-weight: 400;\">Navenda S\u00fbr\u00eeyey\u00ee ya Xwendin \u00fb L\u00eakol\u00eenan<\/span><\/li>\n<li style=\"font-weight: 400;\"><span style=\"font-weight: 400;\">Tora A\u015f\u00fbr\u00ee ya Maf\u00ean Mirovan<\/span><\/li>\n<li style=\"font-weight: 400;\"><span style=\"font-weight: 400;\">Tora S\u00fbr\u00eeyey\u00ee ya Maf\u00ean Mirovan<\/span><\/li>\n<li style=\"font-weight: 400;\"><span style=\"font-weight: 400;\">Desteya Berevan\u00eeya di ber Girt\u00eey\u00ean Wijdan \u00fb Ner\u00eenan de li S\u00fbr\u00eeyey\u00ea<\/span><\/li>\n<li style=\"font-weight: 400;\"><span style=\"font-weight: 400;\">Ornamo<\/span><\/li>\n<li style=\"font-weight: 400;\"><span style=\"font-weight: 400;\">Dewlet\u00ee<\/span><\/li>\n<li style=\"font-weight: 400;\"><span style=\"font-weight: 400;\">Bedail<\/span><\/li>\n<li style=\"font-weight: 400;\"><span style=\"font-weight: 400;\">Elyewm Eltal\u00ee<\/span><\/li>\n<li style=\"font-weight: 400;\"><span style=\"font-weight: 400;\">\u00censtit\u00fbya S\u00fbr\u00eeyey\u00ee ya Dadmend\u00eey\u00ea \u00fb L\u00eapirs\u00een\u00ea<\/span><\/li>\n<\/ul>\n","protected":false},"excerpt":{"rendered":"<p>Photo from: Hunger Strike for Syrian Refugees \u0625\u0636\u0631\u0627\u0628 \u0639\u0646 \u0627\u0644\u0637\u0639\u0627\u0645 \u0645\u0646 \u0623\u062c\u0644 \u0627\u0644\u0644\u0627\u062c\u0626\u064a\u0646 \u0627\u0644\u0633\u0648\u0631\u064a\u064a\u0646 20\u00ea t\u00eermeha 2017an &#8211;\u00a0Oroya Nav\u00een ya Mafan li gel r\u00eaxistin\u00ean hevkar \u00ean j\u00ear\u00eemzeker, pi\u015ftgir\u00eeya xwe bo \u00e7alakvan\u00ean S\u00fbr\u00eeyey\u00ee y\u00ean ku gireveke bir\u00e7\u00eeb\u00fbn\u00ea li seranser\u00ee c\u00eehan\u00ea dest p\u00ea kirine n\u00ee\u015fan didin, armanc ji v\u00ea grieve j\u00ee ew e kif\u015fkirina binp\u00eakirin\u00ean maf\u00ean mirovan [&hellip;]<\/p>\n","protected":false},"author":24,"featured_media":180954,"comment_status":"open","ping_status":"open","sticky":false,"template":"","format":"standard","meta":{"_acf_changed":false,"footnotes":""},"categories":[327,328],"tags":[],"class_list":["post-180952","post","type-post","status-publish","format-standard","has-post-thumbnail","hentry","category-2017-kmr","category-statements-kmr","post-wrapper"],"acf":[],"yoast_head":"<!-- This site is optimized with the Yoast SEO Premium plugin v20.6 (Yoast SEO v26.5) - https:\/\/yoast.com\/wordpress\/plugins\/seo\/ -->\n<title>\u00c7alakvan\u00ean S\u00fbr\u00eeyey\u00ee ji ber binp\u00eakirin\u00ean li Libnan, dikevin Gireva bir\u00e7\u00eeb\u00fbn\u00ea de - \u0627\u0644\u0645\u0631\u0643\u0632 \u0627\u0644\u0633\u0648\u0631\u064a \u0644\u0644\u0625\u0639\u0644\u0627\u0645 \u0648\u062d\u0631\u064a\u0629 \u0627\u0644\u062a\u0639\u0628\u064a\u0631 Syrian Center for Media and Freedom of Expression<\/title>\n<meta name=\"description\" content=\"%\" \/>\n<meta name=\"robots\" content=\"index, follow, max-snippet:-1, max-image-preview:large, max-video-preview:-1\" \/>\n<link rel=\"canonical\" href=\"https:\/\/mfu.scm.bz\/kmr\/calakvanen-suriyeyi-ji-ber-binpekirinen-li-libnan-dikevin-gireva-bircibune-de\/\" \/>\n<meta property=\"og:locale\" content=\"en_US\" \/>\n<meta property=\"og:type\" content=\"article\" \/>\n<meta property=\"og:title\" content=\"\u00c7alakvan\u00ean S\u00fbr\u00eeyey\u00ee ji ber binp\u00eakirin\u00ean li Libnan, dikevin Gireva bir\u00e7\u00eeb\u00fbn\u00ea de\" \/>\n<meta property=\"og:description\" content=\"%\" \/>\n<meta property=\"og:url\" content=\"https:\/\/mfu.scm.bz\/kmr\/calakvanen-suriyeyi-ji-ber-binpekirinen-li-libnan-dikevin-gireva-bircibune-de\/\" \/>\n<meta property=\"og:site_name\" content=\"\u0627\u0644\u0645\u0631\u0643\u0632 \u0627\u0644\u0633\u0648\u0631\u064a \u0644\u0644\u0625\u0639\u0644\u0627\u0645 \u0648\u062d\u0631\u064a\u0629 \u0627\u0644\u062a\u0639\u0628\u064a\u0631 Syrian Center for Media and Freedom of Expression\" \/>\n<meta property=\"article:publisher\" content=\"https:\/\/www.facebook.com\/scm.center\" \/>\n<meta property=\"article:published_time\" content=\"2017-07-24T14:37:28+00:00\" \/>\n<meta property=\"article:modified_time\" content=\"2018-02-11T20:44:21+00:00\" \/>\n<meta property=\"og:image\" content=\"https:\/\/mfu.scm.bz\/wp-content\/uploads\/2017\/07\/HungerStrike02.jpg\" \/>\n\t<meta property=\"og:image:width\" content=\"716\" \/>\n\t<meta property=\"og:image:height\" content=\"403\" \/>\n\t<meta property=\"og:image:type\" content=\"image\/jpeg\" \/>\n<meta name=\"author\" content=\"scmadmin\" \/>\n<meta name=\"twitter:card\" content=\"summary_large_image\" \/>\n<meta name=\"twitter:creator\" content=\"@SyrianCenter\" \/>\n<meta name=\"twitter:site\" content=\"@SyrianCenter\" \/>\n<meta name=\"twitter:label1\" content=\"Written by\" \/>\n\t<meta name=\"twitter:data1\" content=\"scmadmin\" \/>\n\t<meta name=\"twitter:label2\" content=\"Est. reading time\" \/>\n\t<meta name=\"twitter:data2\" content=\"3 minutes\" \/>\n<script type=\"application\/ld+json\" class=\"yoast-schema-graph\">{\"@context\":\"https:\/\/schema.org\",\"@graph\":[{\"@type\":\"Article\",\"@id\":\"https:\/\/mfu.scm.bz\/kmr\/calakvanen-suriyeyi-ji-ber-binpekirinen-li-libnan-dikevin-gireva-bircibune-de\/#article\",\"isPartOf\":{\"@id\":\"https:\/\/mfu.scm.bz\/kmr\/calakvanen-suriyeyi-ji-ber-binpekirinen-li-libnan-dikevin-gireva-bircibune-de\/\"},\"author\":{\"name\":\"scmadmin\",\"@id\":\"https:\/\/scm.bz\/#\/schema\/person\/d116d4c43d9f3d4fe4b61619e91ead45\"},\"headline\":\"\u00c7alakvan\u00ean S\u00fbr\u00eeyey\u00ee ji ber binp\u00eakirin\u00ean li Libnan, dikevin Gireva bir\u00e7\u00eeb\u00fbn\u00ea de\",\"datePublished\":\"2017-07-24T14:37:28+00:00\",\"dateModified\":\"2018-02-11T20:44:21+00:00\",\"mainEntityOfPage\":{\"@id\":\"https:\/\/mfu.scm.bz\/kmr\/calakvanen-suriyeyi-ji-ber-binpekirinen-li-libnan-dikevin-gireva-bircibune-de\/\"},\"wordCount\":678,\"commentCount\":0,\"publisher\":{\"@id\":\"https:\/\/scm.bz\/#organization\"},\"image\":{\"@id\":\"https:\/\/mfu.scm.bz\/kmr\/calakvanen-suriyeyi-ji-ber-binpekirinen-li-libnan-dikevin-gireva-bircibune-de\/#primaryimage\"},\"thumbnailUrl\":\"https:\/\/scm.bz\/wp-content\/uploads\/2017\/07\/HungerStrike02.jpg\",\"articleSection\":[\"2017\",\"Beyannamey\u00ean SCM\u00ea\"],\"inLanguage\":\"kmr\"},{\"@type\":\"WebPage\",\"@id\":\"https:\/\/mfu.scm.bz\/kmr\/calakvanen-suriyeyi-ji-ber-binpekirinen-li-libnan-dikevin-gireva-bircibune-de\/\",\"url\":\"https:\/\/mfu.scm.bz\/kmr\/calakvanen-suriyeyi-ji-ber-binpekirinen-li-libnan-dikevin-gireva-bircibune-de\/\",\"name\":\"\u00c7alakvan\u00ean S\u00fbr\u00eeyey\u00ee ji ber binp\u00eakirin\u00ean li Libnan, dikevin Gireva bir\u00e7\u00eeb\u00fbn\u00ea de - \u0627\u0644\u0645\u0631\u0643\u0632 \u0627\u0644\u0633\u0648\u0631\u064a \u0644\u0644\u0625\u0639\u0644\u0627\u0645 \u0648\u062d\u0631\u064a\u0629 \u0627\u0644\u062a\u0639\u0628\u064a\u0631 Syrian Center for Media and Freedom of Expression\",\"isPartOf\":{\"@id\":\"https:\/\/scm.bz\/#website\"},\"primaryImageOfPage\":{\"@id\":\"https:\/\/mfu.scm.bz\/kmr\/calakvanen-suriyeyi-ji-ber-binpekirinen-li-libnan-dikevin-gireva-bircibune-de\/#primaryimage\"},\"image\":{\"@id\":\"https:\/\/mfu.scm.bz\/kmr\/calakvanen-suriyeyi-ji-ber-binpekirinen-li-libnan-dikevin-gireva-bircibune-de\/#primaryimage\"},\"thumbnailUrl\":\"https:\/\/scm.bz\/wp-content\/uploads\/2017\/07\/HungerStrike02.jpg\",\"datePublished\":\"2017-07-24T14:37:28+00:00\",\"dateModified\":\"2018-02-11T20:44:21+00:00\",\"description\":\"%\",\"breadcrumb\":{\"@id\":\"https:\/\/mfu.scm.bz\/kmr\/calakvanen-suriyeyi-ji-ber-binpekirinen-li-libnan-dikevin-gireva-bircibune-de\/#breadcrumb\"},\"inLanguage\":\"kmr\",\"potentialAction\":[{\"@type\":\"ReadAction\",\"target\":[\"https:\/\/mfu.scm.bz\/kmr\/calakvanen-suriyeyi-ji-ber-binpekirinen-li-libnan-dikevin-gireva-bircibune-de\/\"]}]},{\"@type\":\"ImageObject\",\"inLanguage\":\"kmr\",\"@id\":\"https:\/\/mfu.scm.bz\/kmr\/calakvanen-suriyeyi-ji-ber-binpekirinen-li-libnan-dikevin-gireva-bircibune-de\/#primaryimage\",\"url\":\"https:\/\/scm.bz\/wp-content\/uploads\/2017\/07\/HungerStrike02.jpg\",\"contentUrl\":\"https:\/\/scm.bz\/wp-content\/uploads\/2017\/07\/HungerStrike02.jpg\",\"width\":716,\"height\":403},{\"@type\":\"BreadcrumbList\",\"@id\":\"https:\/\/mfu.scm.bz\/kmr\/calakvanen-suriyeyi-ji-ber-binpekirinen-li-libnan-dikevin-gireva-bircibune-de\/#breadcrumb\",\"itemListElement\":[{\"@type\":\"ListItem\",\"position\":1,\"name\":\"Home\",\"item\":\"https:\/\/scm.bz\/kmr\/\"},{\"@type\":\"ListItem\",\"position\":2,\"name\":\"\u00c7alakvan\u00ean S\u00fbr\u00eeyey\u00ee ji ber binp\u00eakirin\u00ean li Libnan, dikevin Gireva bir\u00e7\u00eeb\u00fbn\u00ea de\"}]},{\"@type\":\"WebSite\",\"@id\":\"https:\/\/scm.bz\/#website\",\"url\":\"https:\/\/scm.bz\/\",\"name\":\"\u0627\u0644\u0645\u0631\u0643\u0632 \u0627\u0644\u0633\u0648\u0631\u064a \u0644\u0644\u0625\u0639\u0644\u0627\u0645 \u0648\u062d\u0631\u064a\u0629 \u0627\u0644\u062a\u0639\u0628\u064a\u0631 Syrian Center for Media and Freedom of Expression\",\"description\":\"\",\"publisher\":{\"@id\":\"https:\/\/scm.bz\/#organization\"},\"potentialAction\":[{\"@type\":\"SearchAction\",\"target\":{\"@type\":\"EntryPoint\",\"urlTemplate\":\"https:\/\/scm.bz\/?s={search_term_string}\"},\"query-input\":{\"@type\":\"PropertyValueSpecification\",\"valueRequired\":true,\"valueName\":\"search_term_string\"}}],\"inLanguage\":\"kmr\"},{\"@type\":\"Organization\",\"@id\":\"https:\/\/scm.bz\/#organization\",\"name\":\"\u0627\u0644\u0645\u0631\u0643\u0632 \u0627\u0644\u0633\u0648\u0631\u064a \u0644\u0644\u0625\u0639\u0644\u0627\u0645 \u0648\u062d\u0631\u064a\u0629 \u0627\u0644\u062a\u0639\u0628\u064a\u0631 Syrian Center for Media and Freedom of Expression\",\"url\":\"https:\/\/scm.bz\/\",\"logo\":{\"@type\":\"ImageObject\",\"inLanguage\":\"kmr\",\"@id\":\"https:\/\/scm.bz\/#\/schema\/logo\/image\/\",\"url\":\"http:\/\/scm.bz\/wp-content\/uploads\/2021\/01\/SCM-logo-1-with-Clear-Space-1-2.png\",\"contentUrl\":\"http:\/\/scm.bz\/wp-content\/uploads\/2021\/01\/SCM-logo-1-with-Clear-Space-1-2.png\",\"width\":1450,\"height\":1450,\"caption\":\"\u0627\u0644\u0645\u0631\u0643\u0632 \u0627\u0644\u0633\u0648\u0631\u064a \u0644\u0644\u0625\u0639\u0644\u0627\u0645 \u0648\u062d\u0631\u064a\u0629 \u0627\u0644\u062a\u0639\u0628\u064a\u0631 Syrian Center for Media and Freedom of Expression\"},\"image\":{\"@id\":\"https:\/\/scm.bz\/#\/schema\/logo\/image\/\"},\"sameAs\":[\"https:\/\/www.facebook.com\/scm.center\",\"https:\/\/x.com\/SyrianCenter\"]},{\"@type\":\"Person\",\"@id\":\"https:\/\/scm.bz\/#\/schema\/person\/d116d4c43d9f3d4fe4b61619e91ead45\",\"name\":\"scmadmin\",\"image\":{\"@type\":\"ImageObject\",\"inLanguage\":\"kmr\",\"@id\":\"https:\/\/scm.bz\/#\/schema\/person\/image\/\",\"url\":\"https:\/\/secure.gravatar.com\/avatar\/8cb2b559549de2ba5e28f5d26e15c8f315b5dd63c953e348e6769ae2e88e3cdc?s=96&d=blank&r=g\",\"contentUrl\":\"https:\/\/secure.gravatar.com\/avatar\/8cb2b559549de2ba5e28f5d26e15c8f315b5dd63c953e348e6769ae2e88e3cdc?s=96&d=blank&r=g\",\"caption\":\"scmadmin\"},\"url\":\"https:\/\/scm.bz\/kmr\/author\/scmadmin\/\"}]}<\/script>\n<!-- \/ Yoast SEO Premium plugin. -->","yoast_head_json":{"title":"\u00c7alakvan\u00ean S\u00fbr\u00eeyey\u00ee ji ber binp\u00eakirin\u00ean li Libnan, dikevin Gireva bir\u00e7\u00eeb\u00fbn\u00ea de - \u0627\u0644\u0645\u0631\u0643\u0632 \u0627\u0644\u0633\u0648\u0631\u064a \u0644\u0644\u0625\u0639\u0644\u0627\u0645 \u0648\u062d\u0631\u064a\u0629 \u0627\u0644\u062a\u0639\u0628\u064a\u0631 Syrian Center for Media and Freedom of Expression","description":"%","robots":{"index":"index","follow":"follow","max-snippet":"max-snippet:-1","max-image-preview":"max-image-preview:large","max-video-preview":"max-video-preview:-1"},"canonical":"https:\/\/mfu.scm.bz\/kmr\/calakvanen-suriyeyi-ji-ber-binpekirinen-li-libnan-dikevin-gireva-bircibune-de\/","og_locale":"en_US","og_type":"article","og_title":"\u00c7alakvan\u00ean S\u00fbr\u00eeyey\u00ee ji ber binp\u00eakirin\u00ean li Libnan, dikevin Gireva bir\u00e7\u00eeb\u00fbn\u00ea de","og_description":"%","og_url":"https:\/\/mfu.scm.bz\/kmr\/calakvanen-suriyeyi-ji-ber-binpekirinen-li-libnan-dikevin-gireva-bircibune-de\/","og_site_name":"\u0627\u0644\u0645\u0631\u0643\u0632 \u0627\u0644\u0633\u0648\u0631\u064a \u0644\u0644\u0625\u0639\u0644\u0627\u0645 \u0648\u062d\u0631\u064a\u0629 \u0627\u0644\u062a\u0639\u0628\u064a\u0631 Syrian Center for Media and Freedom of Expression","article_publisher":"https:\/\/www.facebook.com\/scm.center","article_published_time":"2017-07-24T14:37:28+00:00","article_modified_time":"2018-02-11T20:44:21+00:00","og_image":[{"width":716,"height":403,"url":"https:\/\/mfu.scm.bz\/wp-content\/uploads\/2017\/07\/HungerStrike02.jpg","type":"image\/jpeg"}],"author":"scmadmin","twitter_card":"summary_large_image","twitter_creator":"@SyrianCenter","twitter_site":"@SyrianCenter","twitter_misc":{"Written by":"scmadmin","Est. reading time":"3 minutes"},"schema":{"@context":"https:\/\/schema.org","@graph":[{"@type":"Article","@id":"https:\/\/mfu.scm.bz\/kmr\/calakvanen-suriyeyi-ji-ber-binpekirinen-li-libnan-dikevin-gireva-bircibune-de\/#article","isPartOf":{"@id":"https:\/\/mfu.scm.bz\/kmr\/calakvanen-suriyeyi-ji-ber-binpekirinen-li-libnan-dikevin-gireva-bircibune-de\/"},"author":{"name":"scmadmin","@id":"https:\/\/scm.bz\/#\/schema\/person\/d116d4c43d9f3d4fe4b61619e91ead45"},"headline":"\u00c7alakvan\u00ean S\u00fbr\u00eeyey\u00ee ji ber binp\u00eakirin\u00ean li Libnan, dikevin Gireva bir\u00e7\u00eeb\u00fbn\u00ea de","datePublished":"2017-07-24T14:37:28+00:00","dateModified":"2018-02-11T20:44:21+00:00","mainEntityOfPage":{"@id":"https:\/\/mfu.scm.bz\/kmr\/calakvanen-suriyeyi-ji-ber-binpekirinen-li-libnan-dikevin-gireva-bircibune-de\/"},"wordCount":678,"commentCount":0,"publisher":{"@id":"https:\/\/scm.bz\/#organization"},"image":{"@id":"https:\/\/mfu.scm.bz\/kmr\/calakvanen-suriyeyi-ji-ber-binpekirinen-li-libnan-dikevin-gireva-bircibune-de\/#primaryimage"},"thumbnailUrl":"https:\/\/scm.bz\/wp-content\/uploads\/2017\/07\/HungerStrike02.jpg","articleSection":["2017","Beyannamey\u00ean SCM\u00ea"],"inLanguage":"kmr"},{"@type":"WebPage","@id":"https:\/\/mfu.scm.bz\/kmr\/calakvanen-suriyeyi-ji-ber-binpekirinen-li-libnan-dikevin-gireva-bircibune-de\/","url":"https:\/\/mfu.scm.bz\/kmr\/calakvanen-suriyeyi-ji-ber-binpekirinen-li-libnan-dikevin-gireva-bircibune-de\/","name":"\u00c7alakvan\u00ean S\u00fbr\u00eeyey\u00ee ji ber binp\u00eakirin\u00ean li Libnan, dikevin Gireva bir\u00e7\u00eeb\u00fbn\u00ea de - \u0627\u0644\u0645\u0631\u0643\u0632 \u0627\u0644\u0633\u0648\u0631\u064a \u0644\u0644\u0625\u0639\u0644\u0627\u0645 \u0648\u062d\u0631\u064a\u0629 \u0627\u0644\u062a\u0639\u0628\u064a\u0631 Syrian Center for Media and Freedom of Expression","isPartOf":{"@id":"https:\/\/scm.bz\/#website"},"primaryImageOfPage":{"@id":"https:\/\/mfu.scm.bz\/kmr\/calakvanen-suriyeyi-ji-ber-binpekirinen-li-libnan-dikevin-gireva-bircibune-de\/#primaryimage"},"image":{"@id":"https:\/\/mfu.scm.bz\/kmr\/calakvanen-suriyeyi-ji-ber-binpekirinen-li-libnan-dikevin-gireva-bircibune-de\/#primaryimage"},"thumbnailUrl":"https:\/\/scm.bz\/wp-content\/uploads\/2017\/07\/HungerStrike02.jpg","datePublished":"2017-07-24T14:37:28+00:00","dateModified":"2018-02-11T20:44:21+00:00","description":"%","breadcrumb":{"@id":"https:\/\/mfu.scm.bz\/kmr\/calakvanen-suriyeyi-ji-ber-binpekirinen-li-libnan-dikevin-gireva-bircibune-de\/#breadcrumb"},"inLanguage":"kmr","potentialAction":[{"@type":"ReadAction","target":["https:\/\/mfu.scm.bz\/kmr\/calakvanen-suriyeyi-ji-ber-binpekirinen-li-libnan-dikevin-gireva-bircibune-de\/"]}]},{"@type":"ImageObject","inLanguage":"kmr","@id":"https:\/\/mfu.scm.bz\/kmr\/calakvanen-suriyeyi-ji-ber-binpekirinen-li-libnan-dikevin-gireva-bircibune-de\/#primaryimage","url":"https:\/\/scm.bz\/wp-content\/uploads\/2017\/07\/HungerStrike02.jpg","contentUrl":"https:\/\/scm.bz\/wp-content\/uploads\/2017\/07\/HungerStrike02.jpg","width":716,"height":403},{"@type":"BreadcrumbList","@id":"https:\/\/mfu.scm.bz\/kmr\/calakvanen-suriyeyi-ji-ber-binpekirinen-li-libnan-dikevin-gireva-bircibune-de\/#breadcrumb","itemListElement":[{"@type":"ListItem","position":1,"name":"Home","item":"https:\/\/scm.bz\/kmr\/"},{"@type":"ListItem","position":2,"name":"\u00c7alakvan\u00ean S\u00fbr\u00eeyey\u00ee ji ber binp\u00eakirin\u00ean li Libnan, dikevin Gireva bir\u00e7\u00eeb\u00fbn\u00ea de"}]},{"@type":"WebSite","@id":"https:\/\/scm.bz\/#website","url":"https:\/\/scm.bz\/","name":"\u0627\u0644\u0645\u0631\u0643\u0632 \u0627\u0644\u0633\u0648\u0631\u064a \u0644\u0644\u0625\u0639\u0644\u0627\u0645 \u0648\u062d\u0631\u064a\u0629 \u0627\u0644\u062a\u0639\u0628\u064a\u0631 Syrian Center for Media and Freedom of Expression","description":"","publisher":{"@id":"https:\/\/scm.bz\/#organization"},"potentialAction":[{"@type":"SearchAction","target":{"@type":"EntryPoint","urlTemplate":"https:\/\/scm.bz\/?s={search_term_string}"},"query-input":{"@type":"PropertyValueSpecification","valueRequired":true,"valueName":"search_term_string"}}],"inLanguage":"kmr"},{"@type":"Organization","@id":"https:\/\/scm.bz\/#organization","name":"\u0627\u0644\u0645\u0631\u0643\u0632 \u0627\u0644\u0633\u0648\u0631\u064a \u0644\u0644\u0625\u0639\u0644\u0627\u0645 \u0648\u062d\u0631\u064a\u0629 \u0627\u0644\u062a\u0639\u0628\u064a\u0631 Syrian Center for Media and Freedom of Expression","url":"https:\/\/scm.bz\/","logo":{"@type":"ImageObject","inLanguage":"kmr","@id":"https:\/\/scm.bz\/#\/schema\/logo\/image\/","url":"http:\/\/scm.bz\/wp-content\/uploads\/2021\/01\/SCM-logo-1-with-Clear-Space-1-2.png","contentUrl":"http:\/\/scm.bz\/wp-content\/uploads\/2021\/01\/SCM-logo-1-with-Clear-Space-1-2.png","width":1450,"height":1450,"caption":"\u0627\u0644\u0645\u0631\u0643\u0632 \u0627\u0644\u0633\u0648\u0631\u064a \u0644\u0644\u0625\u0639\u0644\u0627\u0645 \u0648\u062d\u0631\u064a\u0629 \u0627\u0644\u062a\u0639\u0628\u064a\u0631 Syrian Center for Media and Freedom of Expression"},"image":{"@id":"https:\/\/scm.bz\/#\/schema\/logo\/image\/"},"sameAs":["https:\/\/www.facebook.com\/scm.center","https:\/\/x.com\/SyrianCenter"]},{"@type":"Person","@id":"https:\/\/scm.bz\/#\/schema\/person\/d116d4c43d9f3d4fe4b61619e91ead45","name":"scmadmin","image":{"@type":"ImageObject","inLanguage":"kmr","@id":"https:\/\/scm.bz\/#\/schema\/person\/image\/","url":"https:\/\/secure.gravatar.com\/avatar\/8cb2b559549de2ba5e28f5d26e15c8f315b5dd63c953e348e6769ae2e88e3cdc?s=96&d=blank&r=g","contentUrl":"https:\/\/secure.gravatar.com\/avatar\/8cb2b559549de2ba5e28f5d26e15c8f315b5dd63c953e348e6769ae2e88e3cdc?s=96&d=blank&r=g","caption":"scmadmin"},"url":"https:\/\/scm.bz\/kmr\/author\/scmadmin\/"}]}},"_links":{"self":[{"href":"https:\/\/scm.bz\/kmr\/wp-json\/wp\/v2\/posts\/180952","targetHints":{"allow":["GET"]}}],"collection":[{"href":"https:\/\/scm.bz\/kmr\/wp-json\/wp\/v2\/posts"}],"about":[{"href":"https:\/\/scm.bz\/kmr\/wp-json\/wp\/v2\/types\/post"}],"author":[{"embeddable":true,"href":"https:\/\/scm.bz\/kmr\/wp-json\/wp\/v2\/users\/24"}],"replies":[{"embeddable":true,"href":"https:\/\/scm.bz\/kmr\/wp-json\/wp\/v2\/comments?post=180952"}],"version-history":[{"count":0,"href":"https:\/\/scm.bz\/kmr\/wp-json\/wp\/v2\/posts\/180952\/revisions"}],"wp:featuredmedia":[{"embeddable":true,"href":"https:\/\/scm.bz\/kmr\/wp-json\/wp\/v2\/media\/180954"}],"wp:attachment":[{"href":"https:\/\/scm.bz\/kmr\/wp-json\/wp\/v2\/media?parent=180952"}],"wp:term":[{"taxonomy":"category","embeddable":true,"href":"https:\/\/scm.bz\/kmr\/wp-json\/wp\/v2\/categories?post=180952"},{"taxonomy":"post_tag","embeddable":true,"href":"https:\/\/scm.bz\/kmr\/wp-json\/wp\/v2\/tags?post=180952"}],"curies":[{"name":"wp","href":"https:\/\/api.w.org\/{rel}","templated":true}]}}