{"id":180842,"date":"2017-09-06T13:58:55","date_gmt":"2017-09-06T11:58:55","guid":{"rendered":"https:\/\/scm.bz\/uncategorized-kmr\/rapora-koma-lepirsine-ya-navdewleti-ya-serbixwe-bo-komara-erebi-ya-suriyeye"},"modified":"2017-09-06T13:58:55","modified_gmt":"2017-09-06T11:58:55","slug":"rapora-koma-lepirsine-ya-navdewleti-ya-serbixwe-bo-komara-erebi-ya-suriyeye","status":"publish","type":"post","link":"https:\/\/scm.bz\/kmr\/rapora-koma-lepirsine-ya-navdewleti-ya-serbixwe-bo-komara-erebi-ya-suriyeye\/","title":{"rendered":"Rapora Koma L\u00eapirs\u00een\u00ea ya Navdewlet\u00ee ya Serbixwe bo Komara Ereb\u00ee ya S\u00fbr\u00eeyey\u00ea"},"content":{"rendered":"<h2 dir=\"ltr\">\u00a0<strong>Puxte<\/strong><\/h2>\n<p dir=\"ltr\"><span style=\"font-weight: 400;\">H\u00een j\u00ee tund\u00ee li hem\u00fb al\u00eey\u00ean Komara Ereb\u00ee ya S\u00fbr\u00eeyey\u00ea bi awayek\u00ee binp\u00eaker bo prens\u00eep\u00ean qan\u00fbna navdewlet\u00ee ya mirov\u00ee \u00fb qan\u00fbna navdewet\u00ee ya maf\u00ean mirovan, berdewam e \u00fb bandore li siv\u00eelan li hem\u00fb al\u00eey\u00ean wel\u00eat dike. Di w\u00ea dema ku di rapor\u00ea de hatiye destn\u00ee\u015fankirin, al\u00eey\u00ean \u015fer dorp\u00ea\u00e7a xwe berdewam kir \u00fb al\u00eekar\u00eey\u00ean mirov\u00ee weke \u00e7ekek\u00ee lawazkirina bingeh\u00ean pi\u015ftgir\u00eeya siv\u00eelan bikar an\u00een da ku wan ne\u00e7ar bike xwe bidest ve bidin. Agirbest\u00ean ku li F\u00fbaa \u00fb Kefreyay\u00ean Bakur\u00ea \u00cadl\u00eab\u00ea, Medayaya Gundewra\u00ea \u015eam\u00ea, tax\u00ea Berze, Qab\u00fbn \u00fb Ti\u015fr\u00een\u00ea li rojhilat\u00ee \u015eam\u00ea, \u00e7\u00eab\u00fbn; lihevkirin\u00ean derxistina siv\u00eelan bi ne\u00e7ar\u00ee j\u00ee li xwe girtib\u00fbn.<\/span><\/p>\n<p dir=\"ltr\"><span style=\"font-weight: 400;\">Gr\u00fbp\u00ean teror\u00ea m\u00eena Desteya Rizgarkirina \u015eam\u00ea (Tehr\u00eer El\u015fam) \u00fb Dewleta \u00ceslam\u00ea li \u00ceraq \u00fb \u015eam\u00ea her weha \u00e7ekdar\u00ean gir\u00eaday\u00ee gr\u00fbpan bi r\u00eaya tirimb\u00eal\u00ean bombekir\u00ee \u00fb teq\u00een\u00ean kujer, xelk armanc kirin. Zarok j\u00ee b\u00eahtir rast\u00ee wan \u00ear\u00ee\u015fan t\u00ean. M\u00eena ti\u015ft\u00ea ku lu taxa Elra\u015fid\u00een a Heleb\u00ea \u00e7\u00eab\u00fb ku tirimb\u00ealeke bombekir\u00ee siv\u00eel\u00ean ko\u00e7ber ji F\u00fbaa \u00fb Kefreyay\u00ea y\u00ean dorp\u00ea\u00e7kir\u00ee b\u00fbn armanc kir ku piran\u00eeya xelk\u00ean wan \u015e\u00eee ne, di encam\u00ea de 96 kes hatin ku\u015ftin ji nav wan j\u00ee 68 zarok.<\/span><\/p>\n<p dir=\"ltr\"><span style=\"font-weight: 400;\">H\u00eaz\u00ean hik\u00fbmet\u00ea j\u00ee bikaran\u00eena xwe ji \u00e7ek\u00ean k\u00eemaw\u00ee li dij\u00ee siv\u00eelan li her\u00eam\u00ean opozisyon\u00ea berdewam kir. B\u00fbyera her\u00ee metirs\u00eedar ew b\u00fb bikaran\u00eena hik\u00fbma S\u00fbr\u00eeyey\u00ee bo xaza Sar\u00een\u00ea li Xan \u015eeyx\u00fbna par\u00eazgeha \u00cadl\u00eab\u00ea, di encam\u00ea de bi dehan siv\u00eel; piran\u00eeya wan jin \u00fb zarok in, hatin ku\u015ftin. H\u00eaz\u00ean S\u00fbr\u00eeyey\u00ee xaza Kilor\u00ea j\u00ee weke \u00e7ek li \u00cadl\u00eab, Hema \u00fb X\u00fbtaya Rojhilat\u00ee bikar an\u00ee. Her weha h\u00eaz\u00ean R\u00fbs\u00ee \u00fb S\u00fbr\u00eeyey\u00ee bi hev re di armnckirina nexwe\u015fxaneyan \u00fb karmend\u00ean wan de berdewam b\u00fbn.<\/span><\/p>\n<p dir=\"ltr\"><span style=\"font-weight: 400;\">Kom\u00eete gelek\u00ee bitirs e ji ber derbey\u00ean h\u00eaz\u00ean hevpeymana navdewlet\u00ee li ser siv\u00eelan. Li C\u00eenaya Heleb\u00ea, H\u00eaz\u00ean Dugelen Yekb\u00fby\u00ee y\u00ean Amer\u00eekay\u00ea tu tedb\u00eer\u00ean parastina siv\u00eelan di \u00ear\u00ee\u015fa li ser migeftek\u00ea de nestend, ev j\u00ee bip\u00eakirinek b\u00fb bo qan\u00fbnan navdewlet\u00ee ya mirov\u00ee. Li Reqay\u00ea, operasyona H\u00eaz\u00ean S\u00fbr\u00eeyeya Demoqrat\u00eek li gel hevpeymana navdewlet\u00ee li dij\u00ee DAI\u015e\u00ea b\u00fb sedema penaber\u00eeya b\u00eahtir\u00ee 190,000 welat\u00ee, hr weha li gor raporan t\u00ea zan\u00een ku ji ber \u00ear\u00ee\u015f\u00ean hevpeymana navdewlet\u00ee y\u00ean as\u00eeman\u00ee, hejmareke mezin ji siv\u00eelan hatine ku\u015ftin \u00fb bir\u00eendarkirin \u00fb l\u00eapirs\u00een di v\u00ee war\u00ee de lidar in.<\/span><\/p>\n<p dir=\"ltr\"><span style=\"font-weight: 400;\">Bo d\u00eetin \u00fb daxistina rapor\u00ea:<\/span><\/p>\n<ul dir=\"ltr\">\n<li style=\"font-weight: 400;\"><a href=\"https:\/\/scm.bz\/wp-content\/uploads\/2017\/09\/A_HRC_36_55_AR.pdf\"><span style=\"font-weight: 400;\">Bi ziman\u00ea Ereb\u00ee<\/span><\/a><\/li>\n<li style=\"font-weight: 400;\"><a href=\"https:\/\/scm.bz\/wp-content\/uploads\/2017\/09\/A_HRC_36_55_EN.pdf\"><span style=\"font-weight: 400;\">Bi ziman\u00ea \u00cengil\u00eez\u00ee<\/span><\/a><\/li>\n<\/ul>\n<p dir=\"ltr\"><span style=\"font-weight: 400;\">Bo hin h\u00fbrgil\u00eey\u00ean din hun dikarin seredana malpera <\/span><a href=\"http:\/\/www.ohchr.org\/AR\/HRBodies\/HRC\/IICISyria\/Pages\/IndependentInternationalCommission.aspx\"><span style=\"font-weight: 400;\">Kom\u00eeta L\u00eapirs\u00een\u00ea a Navdewlet\u00ee \u00fb Serbixwe der bar\u00ea Komara Ereb\u00ee ya S\u00fbr\u00eeyey\u00ea de<\/span><\/a><span style=\"font-weight: 400;\"> bikin<\/span><\/p>\n","protected":false},"excerpt":{"rendered":"<p>\u00a0Puxte H\u00een j\u00ee tund\u00ee li hem\u00fb al\u00eey\u00ean Komara Ereb\u00ee ya S\u00fbr\u00eeyey\u00ea bi awayek\u00ee binp\u00eaker bo prens\u00eep\u00ean qan\u00fbna navdewlet\u00ee ya mirov\u00ee \u00fb qan\u00fbna navdewet\u00ee ya maf\u00ean mirovan, berdewam e \u00fb bandore li siv\u00eelan li hem\u00fb al\u00eey\u00ean wel\u00eat dike. Di w\u00ea dema ku di rapor\u00ea de hatiye destn\u00ee\u015fankirin, al\u00eey\u00ean \u015fer dorp\u00ea\u00e7a xwe berdewam kir \u00fb al\u00eekar\u00eey\u00ean mirov\u00ee [&hellip;]<\/p>\n","protected":false},"author":24,"featured_media":180844,"comment_status":"open","ping_status":"open","sticky":false,"template":"","format":"standard","meta":{"_acf_changed":false,"footnotes":""},"categories":[325],"tags":[],"class_list":["post-180842","post","type-post","status-publish","format-standard","has-post-thumbnail","hentry","category-violations-kmr","post-wrapper"],"acf":[],"yoast_head":"<!-- This site is optimized with the Yoast SEO Premium plugin v20.6 (Yoast SEO v26.5) - https:\/\/yoast.com\/wordpress\/plugins\/seo\/ -->\n<title>Rapora Koma L\u00eapirs\u00een\u00ea ya Navdewlet\u00ee ya Serbixwe bo Komara Ereb\u00ee ya S\u00fbr\u00eeyey\u00ea - \u0627\u0644\u0645\u0631\u0643\u0632 \u0627\u0644\u0633\u0648\u0631\u064a \u0644\u0644\u0625\u0639\u0644\u0627\u0645 \u0648\u062d\u0631\u064a\u0629 \u0627\u0644\u062a\u0639\u0628\u064a\u0631 Syrian Center for Media and Freedom of Expression<\/title>\n<meta name=\"description\" content=\"%\" \/>\n<meta name=\"robots\" content=\"index, follow, max-snippet:-1, max-image-preview:large, max-video-preview:-1\" \/>\n<link rel=\"canonical\" href=\"https:\/\/scm.bz\/kmr\/rapora-koma-lepirsine-ya-navdewleti-ya-serbixwe-bo-komara-erebi-ya-suriyeye\/\" \/>\n<meta property=\"og:locale\" content=\"en_US\" \/>\n<meta property=\"og:type\" content=\"article\" \/>\n<meta property=\"og:title\" content=\"Rapora Koma L\u00eapirs\u00een\u00ea ya Navdewlet\u00ee ya Serbixwe bo Komara Ereb\u00ee ya S\u00fbr\u00eeyey\u00ea\" \/>\n<meta property=\"og:description\" content=\"%\" \/>\n<meta property=\"og:url\" content=\"https:\/\/scm.bz\/kmr\/rapora-koma-lepirsine-ya-navdewleti-ya-serbixwe-bo-komara-erebi-ya-suriyeye\/\" \/>\n<meta property=\"og:site_name\" content=\"\u0627\u0644\u0645\u0631\u0643\u0632 \u0627\u0644\u0633\u0648\u0631\u064a \u0644\u0644\u0625\u0639\u0644\u0627\u0645 \u0648\u062d\u0631\u064a\u0629 \u0627\u0644\u062a\u0639\u0628\u064a\u0631 Syrian Center for Media and Freedom of Expression\" \/>\n<meta property=\"article:publisher\" content=\"https:\/\/www.facebook.com\/scm.center\" \/>\n<meta property=\"article:published_time\" content=\"2017-09-06T11:58:55+00:00\" \/>\n<meta property=\"og:image\" content=\"http:\/\/scm.bz\/wp-content\/uploads\/2017\/09\/HRC_logo-ar.png\" \/>\n\t<meta property=\"og:image:width\" content=\"650\" \/>\n\t<meta property=\"og:image:height\" content=\"325\" \/>\n\t<meta property=\"og:image:type\" content=\"image\/png\" \/>\n<meta name=\"author\" content=\"scmadmin\" \/>\n<meta name=\"twitter:card\" content=\"summary_large_image\" \/>\n<meta name=\"twitter:creator\" content=\"@SyrianCenter\" \/>\n<meta name=\"twitter:site\" content=\"@SyrianCenter\" \/>\n<meta name=\"twitter:label1\" content=\"Written by\" \/>\n\t<meta name=\"twitter:data1\" content=\"scmadmin\" \/>\n\t<meta name=\"twitter:label2\" content=\"Est. reading time\" \/>\n\t<meta name=\"twitter:data2\" content=\"3 minutes\" \/>\n<script type=\"application\/ld+json\" class=\"yoast-schema-graph\">{\"@context\":\"https:\/\/schema.org\",\"@graph\":[{\"@type\":\"Article\",\"@id\":\"https:\/\/scm.bz\/kmr\/rapora-koma-lepirsine-ya-navdewleti-ya-serbixwe-bo-komara-erebi-ya-suriyeye\/#article\",\"isPartOf\":{\"@id\":\"https:\/\/scm.bz\/kmr\/rapora-koma-lepirsine-ya-navdewleti-ya-serbixwe-bo-komara-erebi-ya-suriyeye\/\"},\"author\":{\"name\":\"scmadmin\",\"@id\":\"https:\/\/scm.bz\/#\/schema\/person\/d116d4c43d9f3d4fe4b61619e91ead45\"},\"headline\":\"Rapora Koma L\u00eapirs\u00een\u00ea ya Navdewlet\u00ee ya Serbixwe bo Komara Ereb\u00ee ya S\u00fbr\u00eeyey\u00ea\",\"datePublished\":\"2017-09-06T11:58:55+00:00\",\"mainEntityOfPage\":{\"@id\":\"https:\/\/scm.bz\/kmr\/rapora-koma-lepirsine-ya-navdewleti-ya-serbixwe-bo-komara-erebi-ya-suriyeye\/\"},\"wordCount\":529,\"commentCount\":0,\"publisher\":{\"@id\":\"https:\/\/scm.bz\/#organization\"},\"image\":{\"@id\":\"https:\/\/scm.bz\/kmr\/rapora-koma-lepirsine-ya-navdewleti-ya-serbixwe-bo-komara-erebi-ya-suriyeye\/#primaryimage\"},\"thumbnailUrl\":\"https:\/\/scm.bz\/wp-content\/uploads\/2017\/09\/HRC_logo-ar.png\",\"articleSection\":[\"Rewangeha Binp\u00eakirinan\"],\"inLanguage\":\"kmr\"},{\"@type\":\"WebPage\",\"@id\":\"https:\/\/scm.bz\/kmr\/rapora-koma-lepirsine-ya-navdewleti-ya-serbixwe-bo-komara-erebi-ya-suriyeye\/\",\"url\":\"https:\/\/scm.bz\/kmr\/rapora-koma-lepirsine-ya-navdewleti-ya-serbixwe-bo-komara-erebi-ya-suriyeye\/\",\"name\":\"Rapora Koma L\u00eapirs\u00een\u00ea ya Navdewlet\u00ee ya Serbixwe bo Komara Ereb\u00ee ya S\u00fbr\u00eeyey\u00ea - \u0627\u0644\u0645\u0631\u0643\u0632 \u0627\u0644\u0633\u0648\u0631\u064a \u0644\u0644\u0625\u0639\u0644\u0627\u0645 \u0648\u062d\u0631\u064a\u0629 \u0627\u0644\u062a\u0639\u0628\u064a\u0631 Syrian Center for Media and Freedom of Expression\",\"isPartOf\":{\"@id\":\"https:\/\/scm.bz\/#website\"},\"primaryImageOfPage\":{\"@id\":\"https:\/\/scm.bz\/kmr\/rapora-koma-lepirsine-ya-navdewleti-ya-serbixwe-bo-komara-erebi-ya-suriyeye\/#primaryimage\"},\"image\":{\"@id\":\"https:\/\/scm.bz\/kmr\/rapora-koma-lepirsine-ya-navdewleti-ya-serbixwe-bo-komara-erebi-ya-suriyeye\/#primaryimage\"},\"thumbnailUrl\":\"https:\/\/scm.bz\/wp-content\/uploads\/2017\/09\/HRC_logo-ar.png\",\"datePublished\":\"2017-09-06T11:58:55+00:00\",\"description\":\"%\",\"breadcrumb\":{\"@id\":\"https:\/\/scm.bz\/kmr\/rapora-koma-lepirsine-ya-navdewleti-ya-serbixwe-bo-komara-erebi-ya-suriyeye\/#breadcrumb\"},\"inLanguage\":\"kmr\",\"potentialAction\":[{\"@type\":\"ReadAction\",\"target\":[\"https:\/\/scm.bz\/kmr\/rapora-koma-lepirsine-ya-navdewleti-ya-serbixwe-bo-komara-erebi-ya-suriyeye\/\"]}]},{\"@type\":\"ImageObject\",\"inLanguage\":\"kmr\",\"@id\":\"https:\/\/scm.bz\/kmr\/rapora-koma-lepirsine-ya-navdewleti-ya-serbixwe-bo-komara-erebi-ya-suriyeye\/#primaryimage\",\"url\":\"https:\/\/scm.bz\/wp-content\/uploads\/2017\/09\/HRC_logo-ar.png\",\"contentUrl\":\"https:\/\/scm.bz\/wp-content\/uploads\/2017\/09\/HRC_logo-ar.png\",\"width\":650,\"height\":325},{\"@type\":\"BreadcrumbList\",\"@id\":\"https:\/\/scm.bz\/kmr\/rapora-koma-lepirsine-ya-navdewleti-ya-serbixwe-bo-komara-erebi-ya-suriyeye\/#breadcrumb\",\"itemListElement\":[{\"@type\":\"ListItem\",\"position\":1,\"name\":\"Home\",\"item\":\"https:\/\/scm.bz\/kmr\/\"},{\"@type\":\"ListItem\",\"position\":2,\"name\":\"Rapora Koma L\u00eapirs\u00een\u00ea ya Navdewlet\u00ee ya Serbixwe bo Komara Ereb\u00ee ya S\u00fbr\u00eeyey\u00ea\"}]},{\"@type\":\"WebSite\",\"@id\":\"https:\/\/scm.bz\/#website\",\"url\":\"https:\/\/scm.bz\/\",\"name\":\"\u0627\u0644\u0645\u0631\u0643\u0632 \u0627\u0644\u0633\u0648\u0631\u064a \u0644\u0644\u0625\u0639\u0644\u0627\u0645 \u0648\u062d\u0631\u064a\u0629 \u0627\u0644\u062a\u0639\u0628\u064a\u0631 Syrian Center for Media and Freedom of Expression\",\"description\":\"\",\"publisher\":{\"@id\":\"https:\/\/scm.bz\/#organization\"},\"potentialAction\":[{\"@type\":\"SearchAction\",\"target\":{\"@type\":\"EntryPoint\",\"urlTemplate\":\"https:\/\/scm.bz\/?s={search_term_string}\"},\"query-input\":{\"@type\":\"PropertyValueSpecification\",\"valueRequired\":true,\"valueName\":\"search_term_string\"}}],\"inLanguage\":\"kmr\"},{\"@type\":\"Organization\",\"@id\":\"https:\/\/scm.bz\/#organization\",\"name\":\"\u0627\u0644\u0645\u0631\u0643\u0632 \u0627\u0644\u0633\u0648\u0631\u064a \u0644\u0644\u0625\u0639\u0644\u0627\u0645 \u0648\u062d\u0631\u064a\u0629 \u0627\u0644\u062a\u0639\u0628\u064a\u0631 Syrian Center for Media and Freedom of Expression\",\"url\":\"https:\/\/scm.bz\/\",\"logo\":{\"@type\":\"ImageObject\",\"inLanguage\":\"kmr\",\"@id\":\"https:\/\/scm.bz\/#\/schema\/logo\/image\/\",\"url\":\"http:\/\/scm.bz\/wp-content\/uploads\/2021\/01\/SCM-logo-1-with-Clear-Space-1-2.png\",\"contentUrl\":\"http:\/\/scm.bz\/wp-content\/uploads\/2021\/01\/SCM-logo-1-with-Clear-Space-1-2.png\",\"width\":1450,\"height\":1450,\"caption\":\"\u0627\u0644\u0645\u0631\u0643\u0632 \u0627\u0644\u0633\u0648\u0631\u064a \u0644\u0644\u0625\u0639\u0644\u0627\u0645 \u0648\u062d\u0631\u064a\u0629 \u0627\u0644\u062a\u0639\u0628\u064a\u0631 Syrian Center for Media and Freedom of Expression\"},\"image\":{\"@id\":\"https:\/\/scm.bz\/#\/schema\/logo\/image\/\"},\"sameAs\":[\"https:\/\/www.facebook.com\/scm.center\",\"https:\/\/x.com\/SyrianCenter\"]},{\"@type\":\"Person\",\"@id\":\"https:\/\/scm.bz\/#\/schema\/person\/d116d4c43d9f3d4fe4b61619e91ead45\",\"name\":\"scmadmin\",\"image\":{\"@type\":\"ImageObject\",\"inLanguage\":\"kmr\",\"@id\":\"https:\/\/scm.bz\/#\/schema\/person\/image\/\",\"url\":\"https:\/\/secure.gravatar.com\/avatar\/8cb2b559549de2ba5e28f5d26e15c8f315b5dd63c953e348e6769ae2e88e3cdc?s=96&d=blank&r=g\",\"contentUrl\":\"https:\/\/secure.gravatar.com\/avatar\/8cb2b559549de2ba5e28f5d26e15c8f315b5dd63c953e348e6769ae2e88e3cdc?s=96&d=blank&r=g\",\"caption\":\"scmadmin\"},\"url\":\"https:\/\/scm.bz\/kmr\/author\/scmadmin\/\"}]}<\/script>\n<!-- \/ Yoast SEO Premium plugin. -->","yoast_head_json":{"title":"Rapora Koma L\u00eapirs\u00een\u00ea ya Navdewlet\u00ee ya Serbixwe bo Komara Ereb\u00ee ya S\u00fbr\u00eeyey\u00ea - \u0627\u0644\u0645\u0631\u0643\u0632 \u0627\u0644\u0633\u0648\u0631\u064a \u0644\u0644\u0625\u0639\u0644\u0627\u0645 \u0648\u062d\u0631\u064a\u0629 \u0627\u0644\u062a\u0639\u0628\u064a\u0631 Syrian Center for Media and Freedom of Expression","description":"%","robots":{"index":"index","follow":"follow","max-snippet":"max-snippet:-1","max-image-preview":"max-image-preview:large","max-video-preview":"max-video-preview:-1"},"canonical":"https:\/\/scm.bz\/kmr\/rapora-koma-lepirsine-ya-navdewleti-ya-serbixwe-bo-komara-erebi-ya-suriyeye\/","og_locale":"en_US","og_type":"article","og_title":"Rapora Koma L\u00eapirs\u00een\u00ea ya Navdewlet\u00ee ya Serbixwe bo Komara Ereb\u00ee ya S\u00fbr\u00eeyey\u00ea","og_description":"%","og_url":"https:\/\/scm.bz\/kmr\/rapora-koma-lepirsine-ya-navdewleti-ya-serbixwe-bo-komara-erebi-ya-suriyeye\/","og_site_name":"\u0627\u0644\u0645\u0631\u0643\u0632 \u0627\u0644\u0633\u0648\u0631\u064a \u0644\u0644\u0625\u0639\u0644\u0627\u0645 \u0648\u062d\u0631\u064a\u0629 \u0627\u0644\u062a\u0639\u0628\u064a\u0631 Syrian Center for Media and Freedom of Expression","article_publisher":"https:\/\/www.facebook.com\/scm.center","article_published_time":"2017-09-06T11:58:55+00:00","og_image":[{"width":650,"height":325,"url":"http:\/\/scm.bz\/wp-content\/uploads\/2017\/09\/HRC_logo-ar.png","type":"image\/png"}],"author":"scmadmin","twitter_card":"summary_large_image","twitter_creator":"@SyrianCenter","twitter_site":"@SyrianCenter","twitter_misc":{"Written by":"scmadmin","Est. reading time":"3 minutes"},"schema":{"@context":"https:\/\/schema.org","@graph":[{"@type":"Article","@id":"https:\/\/scm.bz\/kmr\/rapora-koma-lepirsine-ya-navdewleti-ya-serbixwe-bo-komara-erebi-ya-suriyeye\/#article","isPartOf":{"@id":"https:\/\/scm.bz\/kmr\/rapora-koma-lepirsine-ya-navdewleti-ya-serbixwe-bo-komara-erebi-ya-suriyeye\/"},"author":{"name":"scmadmin","@id":"https:\/\/scm.bz\/#\/schema\/person\/d116d4c43d9f3d4fe4b61619e91ead45"},"headline":"Rapora Koma L\u00eapirs\u00een\u00ea ya Navdewlet\u00ee ya Serbixwe bo Komara Ereb\u00ee ya S\u00fbr\u00eeyey\u00ea","datePublished":"2017-09-06T11:58:55+00:00","mainEntityOfPage":{"@id":"https:\/\/scm.bz\/kmr\/rapora-koma-lepirsine-ya-navdewleti-ya-serbixwe-bo-komara-erebi-ya-suriyeye\/"},"wordCount":529,"commentCount":0,"publisher":{"@id":"https:\/\/scm.bz\/#organization"},"image":{"@id":"https:\/\/scm.bz\/kmr\/rapora-koma-lepirsine-ya-navdewleti-ya-serbixwe-bo-komara-erebi-ya-suriyeye\/#primaryimage"},"thumbnailUrl":"https:\/\/scm.bz\/wp-content\/uploads\/2017\/09\/HRC_logo-ar.png","articleSection":["Rewangeha Binp\u00eakirinan"],"inLanguage":"kmr"},{"@type":"WebPage","@id":"https:\/\/scm.bz\/kmr\/rapora-koma-lepirsine-ya-navdewleti-ya-serbixwe-bo-komara-erebi-ya-suriyeye\/","url":"https:\/\/scm.bz\/kmr\/rapora-koma-lepirsine-ya-navdewleti-ya-serbixwe-bo-komara-erebi-ya-suriyeye\/","name":"Rapora Koma L\u00eapirs\u00een\u00ea ya Navdewlet\u00ee ya Serbixwe bo Komara Ereb\u00ee ya S\u00fbr\u00eeyey\u00ea - \u0627\u0644\u0645\u0631\u0643\u0632 \u0627\u0644\u0633\u0648\u0631\u064a \u0644\u0644\u0625\u0639\u0644\u0627\u0645 \u0648\u062d\u0631\u064a\u0629 \u0627\u0644\u062a\u0639\u0628\u064a\u0631 Syrian Center for Media and Freedom of Expression","isPartOf":{"@id":"https:\/\/scm.bz\/#website"},"primaryImageOfPage":{"@id":"https:\/\/scm.bz\/kmr\/rapora-koma-lepirsine-ya-navdewleti-ya-serbixwe-bo-komara-erebi-ya-suriyeye\/#primaryimage"},"image":{"@id":"https:\/\/scm.bz\/kmr\/rapora-koma-lepirsine-ya-navdewleti-ya-serbixwe-bo-komara-erebi-ya-suriyeye\/#primaryimage"},"thumbnailUrl":"https:\/\/scm.bz\/wp-content\/uploads\/2017\/09\/HRC_logo-ar.png","datePublished":"2017-09-06T11:58:55+00:00","description":"%","breadcrumb":{"@id":"https:\/\/scm.bz\/kmr\/rapora-koma-lepirsine-ya-navdewleti-ya-serbixwe-bo-komara-erebi-ya-suriyeye\/#breadcrumb"},"inLanguage":"kmr","potentialAction":[{"@type":"ReadAction","target":["https:\/\/scm.bz\/kmr\/rapora-koma-lepirsine-ya-navdewleti-ya-serbixwe-bo-komara-erebi-ya-suriyeye\/"]}]},{"@type":"ImageObject","inLanguage":"kmr","@id":"https:\/\/scm.bz\/kmr\/rapora-koma-lepirsine-ya-navdewleti-ya-serbixwe-bo-komara-erebi-ya-suriyeye\/#primaryimage","url":"https:\/\/scm.bz\/wp-content\/uploads\/2017\/09\/HRC_logo-ar.png","contentUrl":"https:\/\/scm.bz\/wp-content\/uploads\/2017\/09\/HRC_logo-ar.png","width":650,"height":325},{"@type":"BreadcrumbList","@id":"https:\/\/scm.bz\/kmr\/rapora-koma-lepirsine-ya-navdewleti-ya-serbixwe-bo-komara-erebi-ya-suriyeye\/#breadcrumb","itemListElement":[{"@type":"ListItem","position":1,"name":"Home","item":"https:\/\/scm.bz\/kmr\/"},{"@type":"ListItem","position":2,"name":"Rapora Koma L\u00eapirs\u00een\u00ea ya Navdewlet\u00ee ya Serbixwe bo Komara Ereb\u00ee ya S\u00fbr\u00eeyey\u00ea"}]},{"@type":"WebSite","@id":"https:\/\/scm.bz\/#website","url":"https:\/\/scm.bz\/","name":"\u0627\u0644\u0645\u0631\u0643\u0632 \u0627\u0644\u0633\u0648\u0631\u064a \u0644\u0644\u0625\u0639\u0644\u0627\u0645 \u0648\u062d\u0631\u064a\u0629 \u0627\u0644\u062a\u0639\u0628\u064a\u0631 Syrian Center for Media and Freedom of Expression","description":"","publisher":{"@id":"https:\/\/scm.bz\/#organization"},"potentialAction":[{"@type":"SearchAction","target":{"@type":"EntryPoint","urlTemplate":"https:\/\/scm.bz\/?s={search_term_string}"},"query-input":{"@type":"PropertyValueSpecification","valueRequired":true,"valueName":"search_term_string"}}],"inLanguage":"kmr"},{"@type":"Organization","@id":"https:\/\/scm.bz\/#organization","name":"\u0627\u0644\u0645\u0631\u0643\u0632 \u0627\u0644\u0633\u0648\u0631\u064a \u0644\u0644\u0625\u0639\u0644\u0627\u0645 \u0648\u062d\u0631\u064a\u0629 \u0627\u0644\u062a\u0639\u0628\u064a\u0631 Syrian Center for Media and Freedom of Expression","url":"https:\/\/scm.bz\/","logo":{"@type":"ImageObject","inLanguage":"kmr","@id":"https:\/\/scm.bz\/#\/schema\/logo\/image\/","url":"http:\/\/scm.bz\/wp-content\/uploads\/2021\/01\/SCM-logo-1-with-Clear-Space-1-2.png","contentUrl":"http:\/\/scm.bz\/wp-content\/uploads\/2021\/01\/SCM-logo-1-with-Clear-Space-1-2.png","width":1450,"height":1450,"caption":"\u0627\u0644\u0645\u0631\u0643\u0632 \u0627\u0644\u0633\u0648\u0631\u064a \u0644\u0644\u0625\u0639\u0644\u0627\u0645 \u0648\u062d\u0631\u064a\u0629 \u0627\u0644\u062a\u0639\u0628\u064a\u0631 Syrian Center for Media and Freedom of Expression"},"image":{"@id":"https:\/\/scm.bz\/#\/schema\/logo\/image\/"},"sameAs":["https:\/\/www.facebook.com\/scm.center","https:\/\/x.com\/SyrianCenter"]},{"@type":"Person","@id":"https:\/\/scm.bz\/#\/schema\/person\/d116d4c43d9f3d4fe4b61619e91ead45","name":"scmadmin","image":{"@type":"ImageObject","inLanguage":"kmr","@id":"https:\/\/scm.bz\/#\/schema\/person\/image\/","url":"https:\/\/secure.gravatar.com\/avatar\/8cb2b559549de2ba5e28f5d26e15c8f315b5dd63c953e348e6769ae2e88e3cdc?s=96&d=blank&r=g","contentUrl":"https:\/\/secure.gravatar.com\/avatar\/8cb2b559549de2ba5e28f5d26e15c8f315b5dd63c953e348e6769ae2e88e3cdc?s=96&d=blank&r=g","caption":"scmadmin"},"url":"https:\/\/scm.bz\/kmr\/author\/scmadmin\/"}]}},"_links":{"self":[{"href":"https:\/\/scm.bz\/kmr\/wp-json\/wp\/v2\/posts\/180842","targetHints":{"allow":["GET"]}}],"collection":[{"href":"https:\/\/scm.bz\/kmr\/wp-json\/wp\/v2\/posts"}],"about":[{"href":"https:\/\/scm.bz\/kmr\/wp-json\/wp\/v2\/types\/post"}],"author":[{"embeddable":true,"href":"https:\/\/scm.bz\/kmr\/wp-json\/wp\/v2\/users\/24"}],"replies":[{"embeddable":true,"href":"https:\/\/scm.bz\/kmr\/wp-json\/wp\/v2\/comments?post=180842"}],"version-history":[{"count":0,"href":"https:\/\/scm.bz\/kmr\/wp-json\/wp\/v2\/posts\/180842\/revisions"}],"wp:featuredmedia":[{"embeddable":true,"href":"https:\/\/scm.bz\/kmr\/wp-json\/wp\/v2\/media\/180844"}],"wp:attachment":[{"href":"https:\/\/scm.bz\/kmr\/wp-json\/wp\/v2\/media?parent=180842"}],"wp:term":[{"taxonomy":"category","embeddable":true,"href":"https:\/\/scm.bz\/kmr\/wp-json\/wp\/v2\/categories?post=180842"},{"taxonomy":"post_tag","embeddable":true,"href":"https:\/\/scm.bz\/kmr\/wp-json\/wp\/v2\/tags?post=180842"}],"curies":[{"name":"wp","href":"https:\/\/api.w.org\/{rel}","templated":true}]}}