{"id":180798,"date":"2017-09-26T13:17:45","date_gmt":"2017-09-26T11:17:45","guid":{"rendered":"https:\/\/scm.bz\/uncategorized-kmr\/tora-sopandina-rastiyan-programeke-peredayina-bi-komi-radigihine"},"modified":"2017-09-26T13:17:45","modified_gmt":"2017-09-26T11:17:45","slug":"tora-sopandina-rastiyan-programeke-peredayina-bi-komi-radigihine","status":"publish","type":"post","link":"https:\/\/scm.bz\/kmr\/tora-sopandina-rastiyan-programeke-peredayina-bi-komi-radigihine\/","title":{"rendered":"Tora \u015fopandina rast\u00eeyan programeke pereday\u00eena bi kom\u00ee radigih\u00eene"},"content":{"rendered":"<p dir=\"ltr\"><a href=\"https:\/\/scm.bz\/scmRja6o\"><span style=\"font-weight: 400;\"><img loading=\"lazy\" decoding=\"async\" class=\"wp-image-175297 alignright\" src=\"https:\/\/scm.bz\/wp-content\/uploads\/2017\/09\/poynter_org.png\" alt=\"\" width=\"398\" height=\"199\" srcset=\"https:\/\/scm.bz\/wp-content\/uploads\/2017\/09\/poynter_org.png 600w, https:\/\/scm.bz\/wp-content\/uploads\/2017\/09\/poynter_org-300x150.png 300w, https:\/\/scm.bz\/wp-content\/uploads\/2017\/09\/poynter_org-150x75.png 150w\" sizes=\"auto, (max-width: 398px) 100vw, 398px\" \/>Xwed\u00eey\u00ean destp\u00ea\u015fxer\u00eey\u00ean \u015fopandina rast\u00eeyan<\/span><\/a><span style=\"font-weight: 400;\"> y\u00ean ku kampan\u00eey\u00ean pereday\u00een\u00ea li ser \u00eentern\u00eat\u00ea \u00e7\u00eadikin dikarin daxwaznameya xwe ji bo bidestxistina pereday\u00een\u00ea p\u00ea\u015fk\u00ea\u015f bikin.<\/span><\/p>\n<p dir=\"ltr\"><span style=\"font-weight: 400;\">Tora \u015fopandina rast\u00eeyan ya navdewlet\u00ee program\u00ea xwe y\u00ean pereday\u00eena bi kom\u00ee ragihandiye ku bi gi\u015ft\u00ee d\u00ea bigih\u00ea 85,000US$ di her s\u00ea sal\u00ean b\u00ea de dest p\u00ea kiriye.<\/span><\/p>\n<p dir=\"ltr\"><span style=\"font-weight: 400;\">Pereday\u00een d\u00ea di van deman de peyda be: 10,000US$ ji \u00eel\u00fbn ta berfanbara 2017an; 30,000US$ ji r\u00eabendan ta berfanbara 2018an; 30,000US$ ji r\u00eabendan ta berfanbara 2019an \u00fb 15,000 US$ji r\u00eabendan ta hiz\u00earana 2020an.<\/span><\/p>\n<p dir=\"ltr\"><span style=\"font-weight: 400;\">Her kampan\u00eeyek d\u00ea 15,000US$ bist\u00eene.<\/span><\/p>\n<p dir=\"ltr\"><span style=\"font-weight: 400;\">Divabe kes\u00ean ku d\u00ea nav\u00ean xwe p\u00ea\u015fk\u00ea\u015f bikin endam\u00ean r\u00eaxistineke \u015fopandina rast\u00eeyan bin ku bi <\/span><a href=\"https:\/\/scm.bz\/scmW8bXX\"><span style=\"font-weight: 400;\">prens\u00eep\u00ean tor\u00ea pabend be<\/span><\/a><span style=\"font-weight: 400;\">.<\/span><\/p>\n<p dir=\"ltr\"><span style=\"font-weight: 400;\">Bo naskirina hin agah\u00eey\u00ean din li <\/span><a href=\"https:\/\/scm.bz\/scmRMaW5\"><span style=\"font-weight: 400;\">v\u00ea der\u00ea bixe<\/span><\/a><span style=\"font-weight: 400;\">.<\/span><\/p>\n","protected":false},"excerpt":{"rendered":"<p>Xwed\u00eey\u00ean destp\u00ea\u015fxer\u00eey\u00ean \u015fopandina rast\u00eeyan y\u00ean ku kampan\u00eey\u00ean pereday\u00een\u00ea li ser \u00eentern\u00eat\u00ea \u00e7\u00eadikin dikarin daxwaznameya xwe ji bo bidestxistina pereday\u00een\u00ea p\u00ea\u015fk\u00ea\u015f bikin. Tora \u015fopandina rast\u00eeyan ya navdewlet\u00ee program\u00ea xwe y\u00ean pereday\u00eena bi kom\u00ee ragihandiye ku bi gi\u015ft\u00ee d\u00ea bigih\u00ea 85,000US$ di her s\u00ea sal\u00ean b\u00ea de dest p\u00ea kiriye. Pereday\u00een d\u00ea di van deman de peyda [&hellip;]<\/p>\n","protected":false},"author":24,"featured_media":180799,"comment_status":"open","ping_status":"open","sticky":false,"template":"","format":"standard","meta":{"_acf_changed":false,"footnotes":""},"categories":[329],"tags":[],"class_list":["post-180798","post","type-post","status-publish","format-standard","has-post-thumbnail","hentry","category-jobs-kmr","post-wrapper"],"acf":[],"yoast_head":"<!-- This site is optimized with the Yoast SEO Premium plugin v20.6 (Yoast SEO v26.5) - https:\/\/yoast.com\/wordpress\/plugins\/seo\/ -->\n<title>Tora \u015fopandina rast\u00eeyan programeke pereday\u00eena bi kom\u00ee radigih\u00eene - \u0627\u0644\u0645\u0631\u0643\u0632 \u0627\u0644\u0633\u0648\u0631\u064a \u0644\u0644\u0625\u0639\u0644\u0627\u0645 \u0648\u062d\u0631\u064a\u0629 \u0627\u0644\u062a\u0639\u0628\u064a\u0631 Syrian Center for Media and Freedom of Expression<\/title>\n<meta name=\"description\" content=\"%\" \/>\n<meta name=\"robots\" content=\"index, follow, max-snippet:-1, max-image-preview:large, max-video-preview:-1\" \/>\n<link rel=\"canonical\" href=\"https:\/\/20.93.6.125\/kmr\/tora-sopandina-rastiyan-programeke-peredayina-bi-komi-radigihine\/\" \/>\n<meta property=\"og:locale\" content=\"en_US\" \/>\n<meta property=\"og:type\" content=\"article\" \/>\n<meta property=\"og:title\" content=\"Tora \u015fopandina rast\u00eeyan programeke pereday\u00eena bi kom\u00ee radigih\u00eene\" \/>\n<meta property=\"og:description\" content=\"%\" \/>\n<meta property=\"og:url\" content=\"https:\/\/20.93.6.125\/kmr\/tora-sopandina-rastiyan-programeke-peredayina-bi-komi-radigihine\/\" \/>\n<meta property=\"og:site_name\" content=\"\u0627\u0644\u0645\u0631\u0643\u0632 \u0627\u0644\u0633\u0648\u0631\u064a \u0644\u0644\u0625\u0639\u0644\u0627\u0645 \u0648\u062d\u0631\u064a\u0629 \u0627\u0644\u062a\u0639\u0628\u064a\u0631 Syrian Center for Media and Freedom of Expression\" \/>\n<meta property=\"article:publisher\" content=\"https:\/\/www.facebook.com\/scm.center\" \/>\n<meta property=\"article:published_time\" content=\"2017-09-26T11:17:45+00:00\" \/>\n<meta property=\"og:image\" content=\"https:\/\/20.93.6.125\/wp-content\/uploads\/2017\/09\/poynter_org.png\" \/>\n\t<meta property=\"og:image:width\" content=\"600\" \/>\n\t<meta property=\"og:image:height\" content=\"300\" \/>\n\t<meta property=\"og:image:type\" content=\"image\/png\" \/>\n<meta name=\"author\" content=\"scmadmin\" \/>\n<meta name=\"twitter:card\" content=\"summary_large_image\" \/>\n<meta name=\"twitter:creator\" content=\"@SyrianCenter\" \/>\n<meta name=\"twitter:site\" content=\"@SyrianCenter\" \/>\n<meta name=\"twitter:label1\" content=\"Written by\" \/>\n\t<meta name=\"twitter:data1\" content=\"scmadmin\" \/>\n\t<meta name=\"twitter:label2\" content=\"Est. reading time\" \/>\n\t<meta name=\"twitter:data2\" content=\"1 minute\" \/>\n<script type=\"application\/ld+json\" class=\"yoast-schema-graph\">{\"@context\":\"https:\/\/schema.org\",\"@graph\":[{\"@type\":\"Article\",\"@id\":\"https:\/\/20.93.6.125\/kmr\/tora-sopandina-rastiyan-programeke-peredayina-bi-komi-radigihine\/#article\",\"isPartOf\":{\"@id\":\"https:\/\/20.93.6.125\/kmr\/tora-sopandina-rastiyan-programeke-peredayina-bi-komi-radigihine\/\"},\"author\":{\"name\":\"scmadmin\",\"@id\":\"https:\/\/scm.bz\/#\/schema\/person\/d116d4c43d9f3d4fe4b61619e91ead45\"},\"headline\":\"Tora \u015fopandina rast\u00eeyan programeke pereday\u00eena bi kom\u00ee radigih\u00eene\",\"datePublished\":\"2017-09-26T11:17:45+00:00\",\"mainEntityOfPage\":{\"@id\":\"https:\/\/20.93.6.125\/kmr\/tora-sopandina-rastiyan-programeke-peredayina-bi-komi-radigihine\/\"},\"wordCount\":160,\"commentCount\":0,\"publisher\":{\"@id\":\"https:\/\/scm.bz\/#organization\"},\"image\":{\"@id\":\"https:\/\/20.93.6.125\/kmr\/tora-sopandina-rastiyan-programeke-peredayina-bi-komi-radigihine\/#primaryimage\"},\"thumbnailUrl\":\"https:\/\/scm.bz\/wp-content\/uploads\/2017\/09\/poynter_org.png\",\"articleSection\":[\"Rah\u00eenan \u00fb Be\u015fdar\u00ee\"],\"inLanguage\":\"kmr\"},{\"@type\":\"WebPage\",\"@id\":\"https:\/\/20.93.6.125\/kmr\/tora-sopandina-rastiyan-programeke-peredayina-bi-komi-radigihine\/\",\"url\":\"https:\/\/20.93.6.125\/kmr\/tora-sopandina-rastiyan-programeke-peredayina-bi-komi-radigihine\/\",\"name\":\"Tora \u015fopandina rast\u00eeyan programeke pereday\u00eena bi kom\u00ee radigih\u00eene - \u0627\u0644\u0645\u0631\u0643\u0632 \u0627\u0644\u0633\u0648\u0631\u064a \u0644\u0644\u0625\u0639\u0644\u0627\u0645 \u0648\u062d\u0631\u064a\u0629 \u0627\u0644\u062a\u0639\u0628\u064a\u0631 Syrian Center for Media and Freedom of Expression\",\"isPartOf\":{\"@id\":\"https:\/\/scm.bz\/#website\"},\"primaryImageOfPage\":{\"@id\":\"https:\/\/20.93.6.125\/kmr\/tora-sopandina-rastiyan-programeke-peredayina-bi-komi-radigihine\/#primaryimage\"},\"image\":{\"@id\":\"https:\/\/20.93.6.125\/kmr\/tora-sopandina-rastiyan-programeke-peredayina-bi-komi-radigihine\/#primaryimage\"},\"thumbnailUrl\":\"https:\/\/scm.bz\/wp-content\/uploads\/2017\/09\/poynter_org.png\",\"datePublished\":\"2017-09-26T11:17:45+00:00\",\"description\":\"%\",\"breadcrumb\":{\"@id\":\"https:\/\/20.93.6.125\/kmr\/tora-sopandina-rastiyan-programeke-peredayina-bi-komi-radigihine\/#breadcrumb\"},\"inLanguage\":\"kmr\",\"potentialAction\":[{\"@type\":\"ReadAction\",\"target\":[\"https:\/\/20.93.6.125\/kmr\/tora-sopandina-rastiyan-programeke-peredayina-bi-komi-radigihine\/\"]}]},{\"@type\":\"ImageObject\",\"inLanguage\":\"kmr\",\"@id\":\"https:\/\/20.93.6.125\/kmr\/tora-sopandina-rastiyan-programeke-peredayina-bi-komi-radigihine\/#primaryimage\",\"url\":\"https:\/\/scm.bz\/wp-content\/uploads\/2017\/09\/poynter_org.png\",\"contentUrl\":\"https:\/\/scm.bz\/wp-content\/uploads\/2017\/09\/poynter_org.png\",\"width\":600,\"height\":300},{\"@type\":\"BreadcrumbList\",\"@id\":\"https:\/\/20.93.6.125\/kmr\/tora-sopandina-rastiyan-programeke-peredayina-bi-komi-radigihine\/#breadcrumb\",\"itemListElement\":[{\"@type\":\"ListItem\",\"position\":1,\"name\":\"Home\",\"item\":\"https:\/\/scm.bz\/kmr\/\"},{\"@type\":\"ListItem\",\"position\":2,\"name\":\"Tora \u015fopandina rast\u00eeyan programeke pereday\u00eena bi kom\u00ee radigih\u00eene\"}]},{\"@type\":\"WebSite\",\"@id\":\"https:\/\/scm.bz\/#website\",\"url\":\"https:\/\/scm.bz\/\",\"name\":\"\u0627\u0644\u0645\u0631\u0643\u0632 \u0627\u0644\u0633\u0648\u0631\u064a \u0644\u0644\u0625\u0639\u0644\u0627\u0645 \u0648\u062d\u0631\u064a\u0629 \u0627\u0644\u062a\u0639\u0628\u064a\u0631 Syrian Center for Media and Freedom of Expression\",\"description\":\"\",\"publisher\":{\"@id\":\"https:\/\/scm.bz\/#organization\"},\"potentialAction\":[{\"@type\":\"SearchAction\",\"target\":{\"@type\":\"EntryPoint\",\"urlTemplate\":\"https:\/\/scm.bz\/?s={search_term_string}\"},\"query-input\":{\"@type\":\"PropertyValueSpecification\",\"valueRequired\":true,\"valueName\":\"search_term_string\"}}],\"inLanguage\":\"kmr\"},{\"@type\":\"Organization\",\"@id\":\"https:\/\/scm.bz\/#organization\",\"name\":\"\u0627\u0644\u0645\u0631\u0643\u0632 \u0627\u0644\u0633\u0648\u0631\u064a \u0644\u0644\u0625\u0639\u0644\u0627\u0645 \u0648\u062d\u0631\u064a\u0629 \u0627\u0644\u062a\u0639\u0628\u064a\u0631 Syrian Center for Media and Freedom of Expression\",\"url\":\"https:\/\/scm.bz\/\",\"logo\":{\"@type\":\"ImageObject\",\"inLanguage\":\"kmr\",\"@id\":\"https:\/\/scm.bz\/#\/schema\/logo\/image\/\",\"url\":\"http:\/\/scm.bz\/wp-content\/uploads\/2021\/01\/SCM-logo-1-with-Clear-Space-1-2.png\",\"contentUrl\":\"http:\/\/scm.bz\/wp-content\/uploads\/2021\/01\/SCM-logo-1-with-Clear-Space-1-2.png\",\"width\":1450,\"height\":1450,\"caption\":\"\u0627\u0644\u0645\u0631\u0643\u0632 \u0627\u0644\u0633\u0648\u0631\u064a \u0644\u0644\u0625\u0639\u0644\u0627\u0645 \u0648\u062d\u0631\u064a\u0629 \u0627\u0644\u062a\u0639\u0628\u064a\u0631 Syrian Center for Media and Freedom of Expression\"},\"image\":{\"@id\":\"https:\/\/scm.bz\/#\/schema\/logo\/image\/\"},\"sameAs\":[\"https:\/\/www.facebook.com\/scm.center\",\"https:\/\/x.com\/SyrianCenter\"]},{\"@type\":\"Person\",\"@id\":\"https:\/\/scm.bz\/#\/schema\/person\/d116d4c43d9f3d4fe4b61619e91ead45\",\"name\":\"scmadmin\",\"image\":{\"@type\":\"ImageObject\",\"inLanguage\":\"kmr\",\"@id\":\"https:\/\/scm.bz\/#\/schema\/person\/image\/\",\"url\":\"https:\/\/secure.gravatar.com\/avatar\/8cb2b559549de2ba5e28f5d26e15c8f315b5dd63c953e348e6769ae2e88e3cdc?s=96&d=blank&r=g\",\"contentUrl\":\"https:\/\/secure.gravatar.com\/avatar\/8cb2b559549de2ba5e28f5d26e15c8f315b5dd63c953e348e6769ae2e88e3cdc?s=96&d=blank&r=g\",\"caption\":\"scmadmin\"},\"url\":\"https:\/\/scm.bz\/kmr\/author\/scmadmin\/\"}]}<\/script>\n<!-- \/ Yoast SEO Premium plugin. -->","yoast_head_json":{"title":"Tora \u015fopandina rast\u00eeyan programeke pereday\u00eena bi kom\u00ee radigih\u00eene - \u0627\u0644\u0645\u0631\u0643\u0632 \u0627\u0644\u0633\u0648\u0631\u064a \u0644\u0644\u0625\u0639\u0644\u0627\u0645 \u0648\u062d\u0631\u064a\u0629 \u0627\u0644\u062a\u0639\u0628\u064a\u0631 Syrian Center for Media and Freedom of Expression","description":"%","robots":{"index":"index","follow":"follow","max-snippet":"max-snippet:-1","max-image-preview":"max-image-preview:large","max-video-preview":"max-video-preview:-1"},"canonical":"https:\/\/20.93.6.125\/kmr\/tora-sopandina-rastiyan-programeke-peredayina-bi-komi-radigihine\/","og_locale":"en_US","og_type":"article","og_title":"Tora \u015fopandina rast\u00eeyan programeke pereday\u00eena bi kom\u00ee radigih\u00eene","og_description":"%","og_url":"https:\/\/20.93.6.125\/kmr\/tora-sopandina-rastiyan-programeke-peredayina-bi-komi-radigihine\/","og_site_name":"\u0627\u0644\u0645\u0631\u0643\u0632 \u0627\u0644\u0633\u0648\u0631\u064a \u0644\u0644\u0625\u0639\u0644\u0627\u0645 \u0648\u062d\u0631\u064a\u0629 \u0627\u0644\u062a\u0639\u0628\u064a\u0631 Syrian Center for Media and Freedom of Expression","article_publisher":"https:\/\/www.facebook.com\/scm.center","article_published_time":"2017-09-26T11:17:45+00:00","og_image":[{"width":600,"height":300,"url":"https:\/\/20.93.6.125\/wp-content\/uploads\/2017\/09\/poynter_org.png","type":"image\/png"}],"author":"scmadmin","twitter_card":"summary_large_image","twitter_creator":"@SyrianCenter","twitter_site":"@SyrianCenter","twitter_misc":{"Written by":"scmadmin","Est. reading time":"1 minute"},"schema":{"@context":"https:\/\/schema.org","@graph":[{"@type":"Article","@id":"https:\/\/20.93.6.125\/kmr\/tora-sopandina-rastiyan-programeke-peredayina-bi-komi-radigihine\/#article","isPartOf":{"@id":"https:\/\/20.93.6.125\/kmr\/tora-sopandina-rastiyan-programeke-peredayina-bi-komi-radigihine\/"},"author":{"name":"scmadmin","@id":"https:\/\/scm.bz\/#\/schema\/person\/d116d4c43d9f3d4fe4b61619e91ead45"},"headline":"Tora \u015fopandina rast\u00eeyan programeke pereday\u00eena bi kom\u00ee radigih\u00eene","datePublished":"2017-09-26T11:17:45+00:00","mainEntityOfPage":{"@id":"https:\/\/20.93.6.125\/kmr\/tora-sopandina-rastiyan-programeke-peredayina-bi-komi-radigihine\/"},"wordCount":160,"commentCount":0,"publisher":{"@id":"https:\/\/scm.bz\/#organization"},"image":{"@id":"https:\/\/20.93.6.125\/kmr\/tora-sopandina-rastiyan-programeke-peredayina-bi-komi-radigihine\/#primaryimage"},"thumbnailUrl":"https:\/\/scm.bz\/wp-content\/uploads\/2017\/09\/poynter_org.png","articleSection":["Rah\u00eenan \u00fb Be\u015fdar\u00ee"],"inLanguage":"kmr"},{"@type":"WebPage","@id":"https:\/\/20.93.6.125\/kmr\/tora-sopandina-rastiyan-programeke-peredayina-bi-komi-radigihine\/","url":"https:\/\/20.93.6.125\/kmr\/tora-sopandina-rastiyan-programeke-peredayina-bi-komi-radigihine\/","name":"Tora \u015fopandina rast\u00eeyan programeke pereday\u00eena bi kom\u00ee radigih\u00eene - \u0627\u0644\u0645\u0631\u0643\u0632 \u0627\u0644\u0633\u0648\u0631\u064a \u0644\u0644\u0625\u0639\u0644\u0627\u0645 \u0648\u062d\u0631\u064a\u0629 \u0627\u0644\u062a\u0639\u0628\u064a\u0631 Syrian Center for Media and Freedom of Expression","isPartOf":{"@id":"https:\/\/scm.bz\/#website"},"primaryImageOfPage":{"@id":"https:\/\/20.93.6.125\/kmr\/tora-sopandina-rastiyan-programeke-peredayina-bi-komi-radigihine\/#primaryimage"},"image":{"@id":"https:\/\/20.93.6.125\/kmr\/tora-sopandina-rastiyan-programeke-peredayina-bi-komi-radigihine\/#primaryimage"},"thumbnailUrl":"https:\/\/scm.bz\/wp-content\/uploads\/2017\/09\/poynter_org.png","datePublished":"2017-09-26T11:17:45+00:00","description":"%","breadcrumb":{"@id":"https:\/\/20.93.6.125\/kmr\/tora-sopandina-rastiyan-programeke-peredayina-bi-komi-radigihine\/#breadcrumb"},"inLanguage":"kmr","potentialAction":[{"@type":"ReadAction","target":["https:\/\/20.93.6.125\/kmr\/tora-sopandina-rastiyan-programeke-peredayina-bi-komi-radigihine\/"]}]},{"@type":"ImageObject","inLanguage":"kmr","@id":"https:\/\/20.93.6.125\/kmr\/tora-sopandina-rastiyan-programeke-peredayina-bi-komi-radigihine\/#primaryimage","url":"https:\/\/scm.bz\/wp-content\/uploads\/2017\/09\/poynter_org.png","contentUrl":"https:\/\/scm.bz\/wp-content\/uploads\/2017\/09\/poynter_org.png","width":600,"height":300},{"@type":"BreadcrumbList","@id":"https:\/\/20.93.6.125\/kmr\/tora-sopandina-rastiyan-programeke-peredayina-bi-komi-radigihine\/#breadcrumb","itemListElement":[{"@type":"ListItem","position":1,"name":"Home","item":"https:\/\/scm.bz\/kmr\/"},{"@type":"ListItem","position":2,"name":"Tora \u015fopandina rast\u00eeyan programeke pereday\u00eena bi kom\u00ee radigih\u00eene"}]},{"@type":"WebSite","@id":"https:\/\/scm.bz\/#website","url":"https:\/\/scm.bz\/","name":"\u0627\u0644\u0645\u0631\u0643\u0632 \u0627\u0644\u0633\u0648\u0631\u064a \u0644\u0644\u0625\u0639\u0644\u0627\u0645 \u0648\u062d\u0631\u064a\u0629 \u0627\u0644\u062a\u0639\u0628\u064a\u0631 Syrian Center for Media and Freedom of Expression","description":"","publisher":{"@id":"https:\/\/scm.bz\/#organization"},"potentialAction":[{"@type":"SearchAction","target":{"@type":"EntryPoint","urlTemplate":"https:\/\/scm.bz\/?s={search_term_string}"},"query-input":{"@type":"PropertyValueSpecification","valueRequired":true,"valueName":"search_term_string"}}],"inLanguage":"kmr"},{"@type":"Organization","@id":"https:\/\/scm.bz\/#organization","name":"\u0627\u0644\u0645\u0631\u0643\u0632 \u0627\u0644\u0633\u0648\u0631\u064a \u0644\u0644\u0625\u0639\u0644\u0627\u0645 \u0648\u062d\u0631\u064a\u0629 \u0627\u0644\u062a\u0639\u0628\u064a\u0631 Syrian Center for Media and Freedom of Expression","url":"https:\/\/scm.bz\/","logo":{"@type":"ImageObject","inLanguage":"kmr","@id":"https:\/\/scm.bz\/#\/schema\/logo\/image\/","url":"http:\/\/scm.bz\/wp-content\/uploads\/2021\/01\/SCM-logo-1-with-Clear-Space-1-2.png","contentUrl":"http:\/\/scm.bz\/wp-content\/uploads\/2021\/01\/SCM-logo-1-with-Clear-Space-1-2.png","width":1450,"height":1450,"caption":"\u0627\u0644\u0645\u0631\u0643\u0632 \u0627\u0644\u0633\u0648\u0631\u064a \u0644\u0644\u0625\u0639\u0644\u0627\u0645 \u0648\u062d\u0631\u064a\u0629 \u0627\u0644\u062a\u0639\u0628\u064a\u0631 Syrian Center for Media and Freedom of Expression"},"image":{"@id":"https:\/\/scm.bz\/#\/schema\/logo\/image\/"},"sameAs":["https:\/\/www.facebook.com\/scm.center","https:\/\/x.com\/SyrianCenter"]},{"@type":"Person","@id":"https:\/\/scm.bz\/#\/schema\/person\/d116d4c43d9f3d4fe4b61619e91ead45","name":"scmadmin","image":{"@type":"ImageObject","inLanguage":"kmr","@id":"https:\/\/scm.bz\/#\/schema\/person\/image\/","url":"https:\/\/secure.gravatar.com\/avatar\/8cb2b559549de2ba5e28f5d26e15c8f315b5dd63c953e348e6769ae2e88e3cdc?s=96&d=blank&r=g","contentUrl":"https:\/\/secure.gravatar.com\/avatar\/8cb2b559549de2ba5e28f5d26e15c8f315b5dd63c953e348e6769ae2e88e3cdc?s=96&d=blank&r=g","caption":"scmadmin"},"url":"https:\/\/scm.bz\/kmr\/author\/scmadmin\/"}]}},"_links":{"self":[{"href":"https:\/\/scm.bz\/kmr\/wp-json\/wp\/v2\/posts\/180798","targetHints":{"allow":["GET"]}}],"collection":[{"href":"https:\/\/scm.bz\/kmr\/wp-json\/wp\/v2\/posts"}],"about":[{"href":"https:\/\/scm.bz\/kmr\/wp-json\/wp\/v2\/types\/post"}],"author":[{"embeddable":true,"href":"https:\/\/scm.bz\/kmr\/wp-json\/wp\/v2\/users\/24"}],"replies":[{"embeddable":true,"href":"https:\/\/scm.bz\/kmr\/wp-json\/wp\/v2\/comments?post=180798"}],"version-history":[{"count":0,"href":"https:\/\/scm.bz\/kmr\/wp-json\/wp\/v2\/posts\/180798\/revisions"}],"wp:featuredmedia":[{"embeddable":true,"href":"https:\/\/scm.bz\/kmr\/wp-json\/wp\/v2\/media\/180799"}],"wp:attachment":[{"href":"https:\/\/scm.bz\/kmr\/wp-json\/wp\/v2\/media?parent=180798"}],"wp:term":[{"taxonomy":"category","embeddable":true,"href":"https:\/\/scm.bz\/kmr\/wp-json\/wp\/v2\/categories?post=180798"},{"taxonomy":"post_tag","embeddable":true,"href":"https:\/\/scm.bz\/kmr\/wp-json\/wp\/v2\/tags?post=180798"}],"curies":[{"name":"wp","href":"https:\/\/api.w.org\/{rel}","templated":true}]}}