{"id":180796,"date":"2017-09-26T13:28:04","date_gmt":"2017-09-26T11:28:04","guid":{"rendered":"https:\/\/scm.bz\/uncategorized-kmr\/navenda-knighte-perwerdeyeke-peskes-dike"},"modified":"2017-09-26T13:28:04","modified_gmt":"2017-09-26T11:28:04","slug":"navenda-knighte-perwerdeyeke-peskes-dike","status":"publish","type":"post","link":"https:\/\/scm.bz\/kmr\/navenda-knighte-perwerdeyeke-peskes-dike\/","title":{"rendered":"Navenda Knight\u00ea perwerdeyek\u00ea p\u00ea\u015fk\u00ea\u015f dike"},"content":{"rendered":"<p dir=\"ltr\"><span style=\"font-weight: 400;\"><img loading=\"lazy\" decoding=\"async\" class=\"wp-image-175301 alignright\" src=\"https:\/\/scm.bz\/wp-content\/uploads\/2017\/09\/knight-center.jpg\" alt=\"\" width=\"449\" height=\"235\" srcset=\"https:\/\/scm.bz\/wp-content\/uploads\/2017\/09\/knight-center.jpg 668w, https:\/\/scm.bz\/wp-content\/uploads\/2017\/09\/knight-center-300x157.jpg 300w, https:\/\/scm.bz\/wp-content\/uploads\/2017\/09\/knight-center-150x79.jpg 150w\" sizes=\"auto, (max-width: 449px) 100vw, 449px\" \/>Rojnamevan\u00ean ku bi afirandina alav\u00ean d\u00eec\u00eetal\u00ee y\u00ean n\u00fb di dezgeh\u00ean n\u00fb\u00e7ey\u00ee de gir\u00eaday\u00ee ne dikarin be\u015fdar\u00ee v\u00ea perwedeya \u00e7ar heft\u00eeyan bibin.<\/span><\/p>\n<p dir=\"ltr\"><a href=\"https:\/\/scm.bz\/scmiZpN2\"><span style=\"font-weight: 400;\">Navenda Knight a Rojnamevan\u00eey\u00ea li her du Amer\u00eekayan<\/span><\/a><span style=\"font-weight: 400;\"> bi r\u00eaya <\/span><a href=\"https:\/\/scm.bz\/scm9lfoe\"><span style=\"font-weight: 400;\">perwerdeya xwe ya li ser \u00eentern\u00eat\u00ea<\/span><\/a><span style=\"font-weight: 400;\">, bir\u00eavebirina naverok\u00ea ji bo rojnamevanan p\u00ea\u015fk\u00ea\u015f dike ew j\u00ee ji 16\u00ea cotmeh\u00ea ta 12\u00ea mijdar\u00ea berdewam dike.<\/span><\/p>\n<p dir=\"ltr\"><span style=\"font-weight: 400;\">Di v\u00ea perwerdey\u00ea de kes\u00ean be\u015fdar d\u00ea f\u00ear\u00ee bir\u00eavebirina naverok\u00ea \u00fb away\u00ean p\u00ea\u015fxistin \u00fb dan\u00eenan strat\u00eec\u00eey\u00ea bo w\u00ea bibin.<\/span><\/p>\n<p dir=\"ltr\"><span style=\"font-weight: 400;\">Rah\u00eaner\u00ean perwerdey\u00ea <\/span><a href=\"https:\/\/scm.bz\/scmiSMv7\"><span style=\"font-weight: 400;\">Cindy Royal<\/span><\/a><span style=\"font-weight: 400;\">, <\/span><a href=\"https:\/\/scm.bz\/scmcRogM\"><span style=\"font-weight: 400;\">Aaron Filofar<\/span><\/a><span style=\"font-weight: 400;\"> \u00fb <\/span><a href=\"https:\/\/scm.bz\/scmoQHY3\"><span style=\"font-weight: 400;\">Beka Aronson<\/span><\/a><span style=\"font-weight: 400;\"> in.<\/span><\/p>\n<p dir=\"ltr\"><span style=\"font-weight: 400;\">Derfeta qeydkirin\u00ea bo hem\u00fbyan peyda te.<\/span><\/p>\n<p dir=\"ltr\"><span style=\"font-weight: 400;\">Bo naskirina hin agah\u00eey\u00ean din li <\/span><a href=\"https:\/\/scm.bz\/scmCixwW\"><span style=\"font-weight: 400;\">v\u00ea der\u00ea bixe<\/span><\/a><span style=\"font-weight: 400;\">. <\/span><\/p>\n","protected":false},"excerpt":{"rendered":"<p>Rojnamevan\u00ean ku bi afirandina alav\u00ean d\u00eec\u00eetal\u00ee y\u00ean n\u00fb di dezgeh\u00ean n\u00fb\u00e7ey\u00ee de gir\u00eaday\u00ee ne dikarin be\u015fdar\u00ee v\u00ea perwedeya \u00e7ar heft\u00eeyan bibin. Navenda Knight a Rojnamevan\u00eey\u00ea li her du Amer\u00eekayan bi r\u00eaya perwerdeya xwe ya li ser \u00eentern\u00eat\u00ea, bir\u00eavebirina naverok\u00ea ji bo rojnamevanan p\u00ea\u015fk\u00ea\u015f dike ew j\u00ee ji 16\u00ea cotmeh\u00ea ta 12\u00ea mijdar\u00ea berdewam dike. Di [&hellip;]<\/p>\n","protected":false},"author":24,"featured_media":180797,"comment_status":"open","ping_status":"open","sticky":false,"template":"","format":"standard","meta":{"_acf_changed":false,"footnotes":""},"categories":[329],"tags":[],"class_list":["post-180796","post","type-post","status-publish","format-standard","has-post-thumbnail","hentry","category-jobs-kmr","post-wrapper"],"acf":[],"yoast_head":"<!-- This site is optimized with the Yoast SEO Premium plugin v20.6 (Yoast SEO v26.5) - https:\/\/yoast.com\/wordpress\/plugins\/seo\/ -->\n<title>Navenda Knight\u00ea perwerdeyek\u00ea p\u00ea\u015fk\u00ea\u015f dike - \u0627\u0644\u0645\u0631\u0643\u0632 \u0627\u0644\u0633\u0648\u0631\u064a \u0644\u0644\u0625\u0639\u0644\u0627\u0645 \u0648\u062d\u0631\u064a\u0629 \u0627\u0644\u062a\u0639\u0628\u064a\u0631 Syrian Center for Media and Freedom of Expression<\/title>\n<meta name=\"description\" content=\"%\" \/>\n<meta name=\"robots\" content=\"index, follow, max-snippet:-1, max-image-preview:large, max-video-preview:-1\" \/>\n<link rel=\"canonical\" href=\"https:\/\/mfu.scm.bz\/kmr\/navenda-knighte-perwerdeyeke-peskes-dike\/\" \/>\n<meta property=\"og:locale\" content=\"en_US\" \/>\n<meta property=\"og:type\" content=\"article\" \/>\n<meta property=\"og:title\" content=\"Navenda Knight\u00ea perwerdeyek\u00ea p\u00ea\u015fk\u00ea\u015f dike\" \/>\n<meta property=\"og:description\" content=\"%\" \/>\n<meta property=\"og:url\" content=\"https:\/\/mfu.scm.bz\/kmr\/navenda-knighte-perwerdeyeke-peskes-dike\/\" \/>\n<meta property=\"og:site_name\" content=\"\u0627\u0644\u0645\u0631\u0643\u0632 \u0627\u0644\u0633\u0648\u0631\u064a \u0644\u0644\u0625\u0639\u0644\u0627\u0645 \u0648\u062d\u0631\u064a\u0629 \u0627\u0644\u062a\u0639\u0628\u064a\u0631 Syrian Center for Media and Freedom of Expression\" \/>\n<meta property=\"article:publisher\" content=\"https:\/\/www.facebook.com\/scm.center\" \/>\n<meta property=\"article:published_time\" content=\"2017-09-26T11:28:04+00:00\" \/>\n<meta property=\"og:image\" content=\"https:\/\/mfu.scm.bz\/wp-content\/uploads\/2017\/09\/knight-center.jpg\" \/>\n\t<meta property=\"og:image:width\" content=\"668\" \/>\n\t<meta property=\"og:image:height\" content=\"350\" \/>\n\t<meta property=\"og:image:type\" content=\"image\/jpeg\" \/>\n<meta name=\"author\" content=\"scmadmin\" \/>\n<meta name=\"twitter:card\" content=\"summary_large_image\" \/>\n<meta name=\"twitter:creator\" content=\"@SyrianCenter\" \/>\n<meta name=\"twitter:site\" content=\"@SyrianCenter\" \/>\n<meta name=\"twitter:label1\" content=\"Written by\" \/>\n\t<meta name=\"twitter:data1\" content=\"scmadmin\" \/>\n\t<meta name=\"twitter:label2\" content=\"Est. reading time\" \/>\n\t<meta name=\"twitter:data2\" content=\"1 minute\" \/>\n<script type=\"application\/ld+json\" class=\"yoast-schema-graph\">{\"@context\":\"https:\/\/schema.org\",\"@graph\":[{\"@type\":\"Article\",\"@id\":\"https:\/\/mfu.scm.bz\/kmr\/navenda-knighte-perwerdeyeke-peskes-dike\/#article\",\"isPartOf\":{\"@id\":\"https:\/\/mfu.scm.bz\/kmr\/navenda-knighte-perwerdeyeke-peskes-dike\/\"},\"author\":{\"name\":\"scmadmin\",\"@id\":\"https:\/\/scm.bz\/#\/schema\/person\/d116d4c43d9f3d4fe4b61619e91ead45\"},\"headline\":\"Navenda Knight\u00ea perwerdeyek\u00ea p\u00ea\u015fk\u00ea\u015f dike\",\"datePublished\":\"2017-09-26T11:28:04+00:00\",\"mainEntityOfPage\":{\"@id\":\"https:\/\/mfu.scm.bz\/kmr\/navenda-knighte-perwerdeyeke-peskes-dike\/\"},\"wordCount\":129,\"commentCount\":0,\"publisher\":{\"@id\":\"https:\/\/scm.bz\/#organization\"},\"image\":{\"@id\":\"https:\/\/mfu.scm.bz\/kmr\/navenda-knighte-perwerdeyeke-peskes-dike\/#primaryimage\"},\"thumbnailUrl\":\"https:\/\/scm.bz\/wp-content\/uploads\/2017\/09\/knight-center.jpg\",\"articleSection\":[\"Rah\u00eenan \u00fb Be\u015fdar\u00ee\"],\"inLanguage\":\"kmr\"},{\"@type\":\"WebPage\",\"@id\":\"https:\/\/mfu.scm.bz\/kmr\/navenda-knighte-perwerdeyeke-peskes-dike\/\",\"url\":\"https:\/\/mfu.scm.bz\/kmr\/navenda-knighte-perwerdeyeke-peskes-dike\/\",\"name\":\"Navenda Knight\u00ea perwerdeyek\u00ea p\u00ea\u015fk\u00ea\u015f dike - \u0627\u0644\u0645\u0631\u0643\u0632 \u0627\u0644\u0633\u0648\u0631\u064a \u0644\u0644\u0625\u0639\u0644\u0627\u0645 \u0648\u062d\u0631\u064a\u0629 \u0627\u0644\u062a\u0639\u0628\u064a\u0631 Syrian Center for Media and Freedom of Expression\",\"isPartOf\":{\"@id\":\"https:\/\/scm.bz\/#website\"},\"primaryImageOfPage\":{\"@id\":\"https:\/\/mfu.scm.bz\/kmr\/navenda-knighte-perwerdeyeke-peskes-dike\/#primaryimage\"},\"image\":{\"@id\":\"https:\/\/mfu.scm.bz\/kmr\/navenda-knighte-perwerdeyeke-peskes-dike\/#primaryimage\"},\"thumbnailUrl\":\"https:\/\/scm.bz\/wp-content\/uploads\/2017\/09\/knight-center.jpg\",\"datePublished\":\"2017-09-26T11:28:04+00:00\",\"description\":\"%\",\"breadcrumb\":{\"@id\":\"https:\/\/mfu.scm.bz\/kmr\/navenda-knighte-perwerdeyeke-peskes-dike\/#breadcrumb\"},\"inLanguage\":\"kmr\",\"potentialAction\":[{\"@type\":\"ReadAction\",\"target\":[\"https:\/\/mfu.scm.bz\/kmr\/navenda-knighte-perwerdeyeke-peskes-dike\/\"]}]},{\"@type\":\"ImageObject\",\"inLanguage\":\"kmr\",\"@id\":\"https:\/\/mfu.scm.bz\/kmr\/navenda-knighte-perwerdeyeke-peskes-dike\/#primaryimage\",\"url\":\"https:\/\/scm.bz\/wp-content\/uploads\/2017\/09\/knight-center.jpg\",\"contentUrl\":\"https:\/\/scm.bz\/wp-content\/uploads\/2017\/09\/knight-center.jpg\",\"width\":668,\"height\":350},{\"@type\":\"BreadcrumbList\",\"@id\":\"https:\/\/mfu.scm.bz\/kmr\/navenda-knighte-perwerdeyeke-peskes-dike\/#breadcrumb\",\"itemListElement\":[{\"@type\":\"ListItem\",\"position\":1,\"name\":\"Home\",\"item\":\"https:\/\/scm.bz\/kmr\/\"},{\"@type\":\"ListItem\",\"position\":2,\"name\":\"Navenda Knight\u00ea perwerdeyek\u00ea p\u00ea\u015fk\u00ea\u015f dike\"}]},{\"@type\":\"WebSite\",\"@id\":\"https:\/\/scm.bz\/#website\",\"url\":\"https:\/\/scm.bz\/\",\"name\":\"\u0627\u0644\u0645\u0631\u0643\u0632 \u0627\u0644\u0633\u0648\u0631\u064a \u0644\u0644\u0625\u0639\u0644\u0627\u0645 \u0648\u062d\u0631\u064a\u0629 \u0627\u0644\u062a\u0639\u0628\u064a\u0631 Syrian Center for Media and Freedom of Expression\",\"description\":\"\",\"publisher\":{\"@id\":\"https:\/\/scm.bz\/#organization\"},\"potentialAction\":[{\"@type\":\"SearchAction\",\"target\":{\"@type\":\"EntryPoint\",\"urlTemplate\":\"https:\/\/scm.bz\/?s={search_term_string}\"},\"query-input\":{\"@type\":\"PropertyValueSpecification\",\"valueRequired\":true,\"valueName\":\"search_term_string\"}}],\"inLanguage\":\"kmr\"},{\"@type\":\"Organization\",\"@id\":\"https:\/\/scm.bz\/#organization\",\"name\":\"\u0627\u0644\u0645\u0631\u0643\u0632 \u0627\u0644\u0633\u0648\u0631\u064a \u0644\u0644\u0625\u0639\u0644\u0627\u0645 \u0648\u062d\u0631\u064a\u0629 \u0627\u0644\u062a\u0639\u0628\u064a\u0631 Syrian Center for Media and Freedom of Expression\",\"url\":\"https:\/\/scm.bz\/\",\"logo\":{\"@type\":\"ImageObject\",\"inLanguage\":\"kmr\",\"@id\":\"https:\/\/scm.bz\/#\/schema\/logo\/image\/\",\"url\":\"http:\/\/scm.bz\/wp-content\/uploads\/2021\/01\/SCM-logo-1-with-Clear-Space-1-2.png\",\"contentUrl\":\"http:\/\/scm.bz\/wp-content\/uploads\/2021\/01\/SCM-logo-1-with-Clear-Space-1-2.png\",\"width\":1450,\"height\":1450,\"caption\":\"\u0627\u0644\u0645\u0631\u0643\u0632 \u0627\u0644\u0633\u0648\u0631\u064a \u0644\u0644\u0625\u0639\u0644\u0627\u0645 \u0648\u062d\u0631\u064a\u0629 \u0627\u0644\u062a\u0639\u0628\u064a\u0631 Syrian Center for Media and Freedom of Expression\"},\"image\":{\"@id\":\"https:\/\/scm.bz\/#\/schema\/logo\/image\/\"},\"sameAs\":[\"https:\/\/www.facebook.com\/scm.center\",\"https:\/\/x.com\/SyrianCenter\"]},{\"@type\":\"Person\",\"@id\":\"https:\/\/scm.bz\/#\/schema\/person\/d116d4c43d9f3d4fe4b61619e91ead45\",\"name\":\"scmadmin\",\"image\":{\"@type\":\"ImageObject\",\"inLanguage\":\"kmr\",\"@id\":\"https:\/\/scm.bz\/#\/schema\/person\/image\/\",\"url\":\"https:\/\/secure.gravatar.com\/avatar\/8cb2b559549de2ba5e28f5d26e15c8f315b5dd63c953e348e6769ae2e88e3cdc?s=96&d=blank&r=g\",\"contentUrl\":\"https:\/\/secure.gravatar.com\/avatar\/8cb2b559549de2ba5e28f5d26e15c8f315b5dd63c953e348e6769ae2e88e3cdc?s=96&d=blank&r=g\",\"caption\":\"scmadmin\"},\"url\":\"https:\/\/scm.bz\/kmr\/author\/scmadmin\/\"}]}<\/script>\n<!-- \/ Yoast SEO Premium plugin. -->","yoast_head_json":{"title":"Navenda Knight\u00ea perwerdeyek\u00ea p\u00ea\u015fk\u00ea\u015f dike - \u0627\u0644\u0645\u0631\u0643\u0632 \u0627\u0644\u0633\u0648\u0631\u064a \u0644\u0644\u0625\u0639\u0644\u0627\u0645 \u0648\u062d\u0631\u064a\u0629 \u0627\u0644\u062a\u0639\u0628\u064a\u0631 Syrian Center for Media and Freedom of Expression","description":"%","robots":{"index":"index","follow":"follow","max-snippet":"max-snippet:-1","max-image-preview":"max-image-preview:large","max-video-preview":"max-video-preview:-1"},"canonical":"https:\/\/mfu.scm.bz\/kmr\/navenda-knighte-perwerdeyeke-peskes-dike\/","og_locale":"en_US","og_type":"article","og_title":"Navenda Knight\u00ea perwerdeyek\u00ea p\u00ea\u015fk\u00ea\u015f dike","og_description":"%","og_url":"https:\/\/mfu.scm.bz\/kmr\/navenda-knighte-perwerdeyeke-peskes-dike\/","og_site_name":"\u0627\u0644\u0645\u0631\u0643\u0632 \u0627\u0644\u0633\u0648\u0631\u064a \u0644\u0644\u0625\u0639\u0644\u0627\u0645 \u0648\u062d\u0631\u064a\u0629 \u0627\u0644\u062a\u0639\u0628\u064a\u0631 Syrian Center for Media and Freedom of Expression","article_publisher":"https:\/\/www.facebook.com\/scm.center","article_published_time":"2017-09-26T11:28:04+00:00","og_image":[{"width":668,"height":350,"url":"https:\/\/mfu.scm.bz\/wp-content\/uploads\/2017\/09\/knight-center.jpg","type":"image\/jpeg"}],"author":"scmadmin","twitter_card":"summary_large_image","twitter_creator":"@SyrianCenter","twitter_site":"@SyrianCenter","twitter_misc":{"Written by":"scmadmin","Est. reading time":"1 minute"},"schema":{"@context":"https:\/\/schema.org","@graph":[{"@type":"Article","@id":"https:\/\/mfu.scm.bz\/kmr\/navenda-knighte-perwerdeyeke-peskes-dike\/#article","isPartOf":{"@id":"https:\/\/mfu.scm.bz\/kmr\/navenda-knighte-perwerdeyeke-peskes-dike\/"},"author":{"name":"scmadmin","@id":"https:\/\/scm.bz\/#\/schema\/person\/d116d4c43d9f3d4fe4b61619e91ead45"},"headline":"Navenda Knight\u00ea perwerdeyek\u00ea p\u00ea\u015fk\u00ea\u015f dike","datePublished":"2017-09-26T11:28:04+00:00","mainEntityOfPage":{"@id":"https:\/\/mfu.scm.bz\/kmr\/navenda-knighte-perwerdeyeke-peskes-dike\/"},"wordCount":129,"commentCount":0,"publisher":{"@id":"https:\/\/scm.bz\/#organization"},"image":{"@id":"https:\/\/mfu.scm.bz\/kmr\/navenda-knighte-perwerdeyeke-peskes-dike\/#primaryimage"},"thumbnailUrl":"https:\/\/scm.bz\/wp-content\/uploads\/2017\/09\/knight-center.jpg","articleSection":["Rah\u00eenan \u00fb Be\u015fdar\u00ee"],"inLanguage":"kmr"},{"@type":"WebPage","@id":"https:\/\/mfu.scm.bz\/kmr\/navenda-knighte-perwerdeyeke-peskes-dike\/","url":"https:\/\/mfu.scm.bz\/kmr\/navenda-knighte-perwerdeyeke-peskes-dike\/","name":"Navenda Knight\u00ea perwerdeyek\u00ea p\u00ea\u015fk\u00ea\u015f dike - \u0627\u0644\u0645\u0631\u0643\u0632 \u0627\u0644\u0633\u0648\u0631\u064a \u0644\u0644\u0625\u0639\u0644\u0627\u0645 \u0648\u062d\u0631\u064a\u0629 \u0627\u0644\u062a\u0639\u0628\u064a\u0631 Syrian Center for Media and Freedom of Expression","isPartOf":{"@id":"https:\/\/scm.bz\/#website"},"primaryImageOfPage":{"@id":"https:\/\/mfu.scm.bz\/kmr\/navenda-knighte-perwerdeyeke-peskes-dike\/#primaryimage"},"image":{"@id":"https:\/\/mfu.scm.bz\/kmr\/navenda-knighte-perwerdeyeke-peskes-dike\/#primaryimage"},"thumbnailUrl":"https:\/\/scm.bz\/wp-content\/uploads\/2017\/09\/knight-center.jpg","datePublished":"2017-09-26T11:28:04+00:00","description":"%","breadcrumb":{"@id":"https:\/\/mfu.scm.bz\/kmr\/navenda-knighte-perwerdeyeke-peskes-dike\/#breadcrumb"},"inLanguage":"kmr","potentialAction":[{"@type":"ReadAction","target":["https:\/\/mfu.scm.bz\/kmr\/navenda-knighte-perwerdeyeke-peskes-dike\/"]}]},{"@type":"ImageObject","inLanguage":"kmr","@id":"https:\/\/mfu.scm.bz\/kmr\/navenda-knighte-perwerdeyeke-peskes-dike\/#primaryimage","url":"https:\/\/scm.bz\/wp-content\/uploads\/2017\/09\/knight-center.jpg","contentUrl":"https:\/\/scm.bz\/wp-content\/uploads\/2017\/09\/knight-center.jpg","width":668,"height":350},{"@type":"BreadcrumbList","@id":"https:\/\/mfu.scm.bz\/kmr\/navenda-knighte-perwerdeyeke-peskes-dike\/#breadcrumb","itemListElement":[{"@type":"ListItem","position":1,"name":"Home","item":"https:\/\/scm.bz\/kmr\/"},{"@type":"ListItem","position":2,"name":"Navenda Knight\u00ea perwerdeyek\u00ea p\u00ea\u015fk\u00ea\u015f dike"}]},{"@type":"WebSite","@id":"https:\/\/scm.bz\/#website","url":"https:\/\/scm.bz\/","name":"\u0627\u0644\u0645\u0631\u0643\u0632 \u0627\u0644\u0633\u0648\u0631\u064a \u0644\u0644\u0625\u0639\u0644\u0627\u0645 \u0648\u062d\u0631\u064a\u0629 \u0627\u0644\u062a\u0639\u0628\u064a\u0631 Syrian Center for Media and Freedom of Expression","description":"","publisher":{"@id":"https:\/\/scm.bz\/#organization"},"potentialAction":[{"@type":"SearchAction","target":{"@type":"EntryPoint","urlTemplate":"https:\/\/scm.bz\/?s={search_term_string}"},"query-input":{"@type":"PropertyValueSpecification","valueRequired":true,"valueName":"search_term_string"}}],"inLanguage":"kmr"},{"@type":"Organization","@id":"https:\/\/scm.bz\/#organization","name":"\u0627\u0644\u0645\u0631\u0643\u0632 \u0627\u0644\u0633\u0648\u0631\u064a \u0644\u0644\u0625\u0639\u0644\u0627\u0645 \u0648\u062d\u0631\u064a\u0629 \u0627\u0644\u062a\u0639\u0628\u064a\u0631 Syrian Center for Media and Freedom of Expression","url":"https:\/\/scm.bz\/","logo":{"@type":"ImageObject","inLanguage":"kmr","@id":"https:\/\/scm.bz\/#\/schema\/logo\/image\/","url":"http:\/\/scm.bz\/wp-content\/uploads\/2021\/01\/SCM-logo-1-with-Clear-Space-1-2.png","contentUrl":"http:\/\/scm.bz\/wp-content\/uploads\/2021\/01\/SCM-logo-1-with-Clear-Space-1-2.png","width":1450,"height":1450,"caption":"\u0627\u0644\u0645\u0631\u0643\u0632 \u0627\u0644\u0633\u0648\u0631\u064a \u0644\u0644\u0625\u0639\u0644\u0627\u0645 \u0648\u062d\u0631\u064a\u0629 \u0627\u0644\u062a\u0639\u0628\u064a\u0631 Syrian Center for Media and Freedom of Expression"},"image":{"@id":"https:\/\/scm.bz\/#\/schema\/logo\/image\/"},"sameAs":["https:\/\/www.facebook.com\/scm.center","https:\/\/x.com\/SyrianCenter"]},{"@type":"Person","@id":"https:\/\/scm.bz\/#\/schema\/person\/d116d4c43d9f3d4fe4b61619e91ead45","name":"scmadmin","image":{"@type":"ImageObject","inLanguage":"kmr","@id":"https:\/\/scm.bz\/#\/schema\/person\/image\/","url":"https:\/\/secure.gravatar.com\/avatar\/8cb2b559549de2ba5e28f5d26e15c8f315b5dd63c953e348e6769ae2e88e3cdc?s=96&d=blank&r=g","contentUrl":"https:\/\/secure.gravatar.com\/avatar\/8cb2b559549de2ba5e28f5d26e15c8f315b5dd63c953e348e6769ae2e88e3cdc?s=96&d=blank&r=g","caption":"scmadmin"},"url":"https:\/\/scm.bz\/kmr\/author\/scmadmin\/"}]}},"_links":{"self":[{"href":"https:\/\/scm.bz\/kmr\/wp-json\/wp\/v2\/posts\/180796","targetHints":{"allow":["GET"]}}],"collection":[{"href":"https:\/\/scm.bz\/kmr\/wp-json\/wp\/v2\/posts"}],"about":[{"href":"https:\/\/scm.bz\/kmr\/wp-json\/wp\/v2\/types\/post"}],"author":[{"embeddable":true,"href":"https:\/\/scm.bz\/kmr\/wp-json\/wp\/v2\/users\/24"}],"replies":[{"embeddable":true,"href":"https:\/\/scm.bz\/kmr\/wp-json\/wp\/v2\/comments?post=180796"}],"version-history":[{"count":0,"href":"https:\/\/scm.bz\/kmr\/wp-json\/wp\/v2\/posts\/180796\/revisions"}],"wp:featuredmedia":[{"embeddable":true,"href":"https:\/\/scm.bz\/kmr\/wp-json\/wp\/v2\/media\/180797"}],"wp:attachment":[{"href":"https:\/\/scm.bz\/kmr\/wp-json\/wp\/v2\/media?parent=180796"}],"wp:term":[{"taxonomy":"category","embeddable":true,"href":"https:\/\/scm.bz\/kmr\/wp-json\/wp\/v2\/categories?post=180796"},{"taxonomy":"post_tag","embeddable":true,"href":"https:\/\/scm.bz\/kmr\/wp-json\/wp\/v2\/tags?post=180796"}],"curies":[{"name":"wp","href":"https:\/\/api.w.org\/{rel}","templated":true}]}}