{"id":180760,"date":"2017-10-05T17:21:16","date_gmt":"2017-10-05T15:21:16","guid":{"rendered":"https:\/\/scm.bz\/uncategorized-kmr\/pesbirka-hemdan-kure-mihemed-kure-rasid-al-mektum-ya-wenekesiye-peswaziya-daxwaznameyan-dike"},"modified":"2017-10-05T17:21:16","modified_gmt":"2017-10-05T15:21:16","slug":"pesbirka-hemdan-kure-mihemed-kure-rasid-al-mektum-ya-wenekesiye-peswaziya-daxwaznameyan-dike","status":"publish","type":"post","link":"https:\/\/scm.bz\/kmr\/pesbirka-hemdan-kure-mihemed-kure-rasid-al-mektum-ya-wenekesiye-peswaziya-daxwaznameyan-dike\/","title":{"rendered":"P\u00ea\u015fbirka Hemdan kur\u00ea Mihemed kur\u00ea Ra\u015fid Al Mekt\u00fbm ya w\u00eanek\u00ea\u015f\u00eey\u00ea p\u00ea\u015fwaz\u00eeya daxwaznameyan dike"},"content":{"rendered":"<p dir=\"ltr\"><b><strong><img loading=\"lazy\" decoding=\"async\" class=\"wp-image-175545 alignright\" src=\"https:\/\/scm.bz\/wp-content\/uploads\/2017\/10\/HIPA.png\" alt=\"\" width=\"442\" height=\"221\" srcset=\"https:\/\/scm.bz\/wp-content\/uploads\/2017\/10\/HIPA.png 700w, https:\/\/scm.bz\/wp-content\/uploads\/2017\/10\/HIPA-300x150.png 300w, https:\/\/scm.bz\/wp-content\/uploads\/2017\/10\/HIPA-150x75.png 150w\" sizes=\"auto, (max-width: 442px) 100vw, 442px\" \/><\/strong>D\u00eeroka daw\u00ee ya p\u00ea\u015fk\u00ea\u015fkirin\u00ea: 31\/10\/2017<\/b><\/p>\n<p dir=\"ltr\"><span style=\"font-weight: 400;\">W\u00eanek\u00ea\u015f\u00ean pispor \u00fb y\u00ean ne pispor dikarin nav\u00ean xwe p\u00ea\u015fk\u00ea\u015f\u00ee v\u00ea p\u00ea\u015fbirk\u00ea bikin.<\/span><\/p>\n<p dir=\"ltr\"><a href=\"https:\/\/scm.bz\/scmausBj\"><span style=\"font-weight: 400;\">P\u00ea\u015fbirka Hemdan kur\u00ea Mihemed kur\u00ea Ra\u015fid Al Mekt\u00fbm ya Navdewlet\u00ee ya w\u00eanek\u00ea\u015f\u00eey\u00ea (HIPA)<\/span><\/a><span style=\"font-weight: 400;\"> ku Navenda w\u00ea \u00a0li Dubey\u00ea ye, p\u00ea\u015fwaz\u00eeya daxwaznameyan di van waran de dike: \u00e7\u00eeroka dem\u00ea, dosyaya w\u00eaney\u00ea (\u00e7\u00eerokeke vegot\u00ee), layan\u00ea gi\u015ft\u00ee bi re\u015f \u00fb sp\u00ee \u00fb time laps.<\/span><\/p>\n<p dir=\"ltr\"><span style=\"font-weight: 400;\">Divabe kes\u00ea nav\u00ea xwe p\u00ea\u015fk\u00ea\u015f dike b\u00eahtir\u00ee 18 salan be her weha divabe tu \u00eemze, n\u00ee\u015fan an sembol li ser w\u00eaney\u00ea nebin her weha nabe tu s\u00eenor an \u00e7ar\u00e7ove ji w\u00eaney\u00ea re hebe.<\/span><\/p>\n<p dir=\"ltr\"><span style=\"font-weight: 400;\">Her p\u00eanc kes\u00ean her\u00ee ba\u015f d\u00ea xelat\u00ean di nav 6,000 \u00fb 25,000US$ bist\u00eenin her weha 3 kes d\u00ea xelat\u00ean taybet bist\u00eenin; li gel xelata mezin 120,000USD \u00fb hem\u00fb xelat bi hev re digih\u00ean 423,000US$.<\/span><\/p>\n<p dir=\"ltr\"><b>D\u00eeroka daw\u00ee ya p\u00ea\u015fk\u00ea\u015fkirin\u00ea 31\u00ea berfanbara 2017an.<\/b><\/p>\n<p dir=\"ltr\"><span style=\"font-weight: 400;\">Bo naskirina agah\u00eeyan, li <\/span><a href=\"https:\/\/scm.bz\/scmFfDWE\"><span style=\"font-weight: 400;\">v\u00ea der\u00ea<\/span><\/a><span style=\"font-weight: 400;\"> bixe.<\/span><\/p>\n","protected":false},"excerpt":{"rendered":"<p>D\u00eeroka daw\u00ee ya p\u00ea\u015fk\u00ea\u015fkirin\u00ea: 31\/10\/2017 W\u00eanek\u00ea\u015f\u00ean pispor \u00fb y\u00ean ne pispor dikarin nav\u00ean xwe p\u00ea\u015fk\u00ea\u015f\u00ee v\u00ea p\u00ea\u015fbirk\u00ea bikin. P\u00ea\u015fbirka Hemdan kur\u00ea Mihemed kur\u00ea Ra\u015fid Al Mekt\u00fbm ya Navdewlet\u00ee ya w\u00eanek\u00ea\u015f\u00eey\u00ea (HIPA) ku Navenda w\u00ea \u00a0li Dubey\u00ea ye, p\u00ea\u015fwaz\u00eeya daxwaznameyan di van waran de dike: \u00e7\u00eeroka dem\u00ea, dosyaya w\u00eaney\u00ea (\u00e7\u00eerokeke vegot\u00ee), layan\u00ea gi\u015ft\u00ee bi re\u015f \u00fb [&hellip;]<\/p>\n","protected":false},"author":24,"featured_media":180761,"comment_status":"open","ping_status":"open","sticky":false,"template":"","format":"standard","meta":{"_acf_changed":false,"footnotes":""},"categories":[329],"tags":[],"class_list":["post-180760","post","type-post","status-publish","format-standard","has-post-thumbnail","hentry","category-jobs-kmr","post-wrapper"],"acf":[],"yoast_head":"<!-- This site is optimized with the Yoast SEO Premium plugin v20.6 (Yoast SEO v26.5) - https:\/\/yoast.com\/wordpress\/plugins\/seo\/ -->\n<title>P\u00ea\u015fbirka Hemdan kur\u00ea Mihemed kur\u00ea Ra\u015fid Al Mekt\u00fbm ya w\u00eanek\u00ea\u015f\u00eey\u00ea p\u00ea\u015fwaz\u00eeya daxwaznameyan dike - \u0627\u0644\u0645\u0631\u0643\u0632 \u0627\u0644\u0633\u0648\u0631\u064a \u0644\u0644\u0625\u0639\u0644\u0627\u0645 \u0648\u062d\u0631\u064a\u0629 \u0627\u0644\u062a\u0639\u0628\u064a\u0631 Syrian Center for Media and Freedom of Expression<\/title>\n<meta name=\"description\" content=\"%\" \/>\n<meta name=\"robots\" content=\"index, follow, max-snippet:-1, max-image-preview:large, max-video-preview:-1\" \/>\n<link rel=\"canonical\" href=\"https:\/\/mfu.scm.bz\/kmr\/pesbirka-hemdan-kure-mihemed-kure-rasid-al-mektum-ya-wenekesiye-peswaziya-daxwaznameyan-dike\/\" \/>\n<meta property=\"og:locale\" content=\"en_US\" \/>\n<meta property=\"og:type\" content=\"article\" \/>\n<meta property=\"og:title\" content=\"P\u00ea\u015fbirka Hemdan kur\u00ea Mihemed kur\u00ea Ra\u015fid Al Mekt\u00fbm ya w\u00eanek\u00ea\u015f\u00eey\u00ea p\u00ea\u015fwaz\u00eeya daxwaznameyan dike\" \/>\n<meta property=\"og:description\" content=\"%\" \/>\n<meta property=\"og:url\" content=\"https:\/\/mfu.scm.bz\/kmr\/pesbirka-hemdan-kure-mihemed-kure-rasid-al-mektum-ya-wenekesiye-peswaziya-daxwaznameyan-dike\/\" \/>\n<meta property=\"og:site_name\" content=\"\u0627\u0644\u0645\u0631\u0643\u0632 \u0627\u0644\u0633\u0648\u0631\u064a \u0644\u0644\u0625\u0639\u0644\u0627\u0645 \u0648\u062d\u0631\u064a\u0629 \u0627\u0644\u062a\u0639\u0628\u064a\u0631 Syrian Center for Media and Freedom of Expression\" \/>\n<meta property=\"article:publisher\" content=\"https:\/\/www.facebook.com\/scm.center\" \/>\n<meta property=\"article:published_time\" content=\"2017-10-05T15:21:16+00:00\" \/>\n<meta property=\"og:image\" content=\"https:\/\/mfu.scm.bz\/wp-content\/uploads\/2017\/10\/HIPA.png\" \/>\n\t<meta property=\"og:image:width\" content=\"700\" \/>\n\t<meta property=\"og:image:height\" content=\"350\" \/>\n\t<meta property=\"og:image:type\" content=\"image\/png\" \/>\n<meta name=\"author\" content=\"scmadmin\" \/>\n<meta name=\"twitter:card\" content=\"summary_large_image\" \/>\n<meta name=\"twitter:creator\" content=\"@SyrianCenter\" \/>\n<meta name=\"twitter:site\" content=\"@SyrianCenter\" \/>\n<meta name=\"twitter:label1\" content=\"Written by\" \/>\n\t<meta name=\"twitter:data1\" content=\"scmadmin\" \/>\n\t<meta name=\"twitter:label2\" content=\"Est. reading time\" \/>\n\t<meta name=\"twitter:data2\" content=\"1 minute\" \/>\n<script type=\"application\/ld+json\" class=\"yoast-schema-graph\">{\"@context\":\"https:\/\/schema.org\",\"@graph\":[{\"@type\":\"Article\",\"@id\":\"https:\/\/mfu.scm.bz\/kmr\/pesbirka-hemdan-kure-mihemed-kure-rasid-al-mektum-ya-wenekesiye-peswaziya-daxwaznameyan-dike\/#article\",\"isPartOf\":{\"@id\":\"https:\/\/mfu.scm.bz\/kmr\/pesbirka-hemdan-kure-mihemed-kure-rasid-al-mektum-ya-wenekesiye-peswaziya-daxwaznameyan-dike\/\"},\"author\":{\"name\":\"scmadmin\",\"@id\":\"https:\/\/scm.bz\/#\/schema\/person\/d116d4c43d9f3d4fe4b61619e91ead45\"},\"headline\":\"P\u00ea\u015fbirka Hemdan kur\u00ea Mihemed kur\u00ea Ra\u015fid Al Mekt\u00fbm ya w\u00eanek\u00ea\u015f\u00eey\u00ea p\u00ea\u015fwaz\u00eeya daxwaznameyan dike\",\"datePublished\":\"2017-10-05T15:21:16+00:00\",\"mainEntityOfPage\":{\"@id\":\"https:\/\/mfu.scm.bz\/kmr\/pesbirka-hemdan-kure-mihemed-kure-rasid-al-mektum-ya-wenekesiye-peswaziya-daxwaznameyan-dike\/\"},\"wordCount\":186,\"commentCount\":0,\"publisher\":{\"@id\":\"https:\/\/scm.bz\/#organization\"},\"image\":{\"@id\":\"https:\/\/mfu.scm.bz\/kmr\/pesbirka-hemdan-kure-mihemed-kure-rasid-al-mektum-ya-wenekesiye-peswaziya-daxwaznameyan-dike\/#primaryimage\"},\"thumbnailUrl\":\"https:\/\/scm.bz\/wp-content\/uploads\/2017\/10\/HIPA.png\",\"articleSection\":[\"Rah\u00eenan \u00fb Be\u015fdar\u00ee\"],\"inLanguage\":\"kmr\"},{\"@type\":\"WebPage\",\"@id\":\"https:\/\/mfu.scm.bz\/kmr\/pesbirka-hemdan-kure-mihemed-kure-rasid-al-mektum-ya-wenekesiye-peswaziya-daxwaznameyan-dike\/\",\"url\":\"https:\/\/mfu.scm.bz\/kmr\/pesbirka-hemdan-kure-mihemed-kure-rasid-al-mektum-ya-wenekesiye-peswaziya-daxwaznameyan-dike\/\",\"name\":\"P\u00ea\u015fbirka Hemdan kur\u00ea Mihemed kur\u00ea Ra\u015fid Al Mekt\u00fbm ya w\u00eanek\u00ea\u015f\u00eey\u00ea p\u00ea\u015fwaz\u00eeya daxwaznameyan dike - \u0627\u0644\u0645\u0631\u0643\u0632 \u0627\u0644\u0633\u0648\u0631\u064a \u0644\u0644\u0625\u0639\u0644\u0627\u0645 \u0648\u062d\u0631\u064a\u0629 \u0627\u0644\u062a\u0639\u0628\u064a\u0631 Syrian Center for Media and Freedom of Expression\",\"isPartOf\":{\"@id\":\"https:\/\/scm.bz\/#website\"},\"primaryImageOfPage\":{\"@id\":\"https:\/\/mfu.scm.bz\/kmr\/pesbirka-hemdan-kure-mihemed-kure-rasid-al-mektum-ya-wenekesiye-peswaziya-daxwaznameyan-dike\/#primaryimage\"},\"image\":{\"@id\":\"https:\/\/mfu.scm.bz\/kmr\/pesbirka-hemdan-kure-mihemed-kure-rasid-al-mektum-ya-wenekesiye-peswaziya-daxwaznameyan-dike\/#primaryimage\"},\"thumbnailUrl\":\"https:\/\/scm.bz\/wp-content\/uploads\/2017\/10\/HIPA.png\",\"datePublished\":\"2017-10-05T15:21:16+00:00\",\"description\":\"%\",\"breadcrumb\":{\"@id\":\"https:\/\/mfu.scm.bz\/kmr\/pesbirka-hemdan-kure-mihemed-kure-rasid-al-mektum-ya-wenekesiye-peswaziya-daxwaznameyan-dike\/#breadcrumb\"},\"inLanguage\":\"kmr\",\"potentialAction\":[{\"@type\":\"ReadAction\",\"target\":[\"https:\/\/mfu.scm.bz\/kmr\/pesbirka-hemdan-kure-mihemed-kure-rasid-al-mektum-ya-wenekesiye-peswaziya-daxwaznameyan-dike\/\"]}]},{\"@type\":\"ImageObject\",\"inLanguage\":\"kmr\",\"@id\":\"https:\/\/mfu.scm.bz\/kmr\/pesbirka-hemdan-kure-mihemed-kure-rasid-al-mektum-ya-wenekesiye-peswaziya-daxwaznameyan-dike\/#primaryimage\",\"url\":\"https:\/\/scm.bz\/wp-content\/uploads\/2017\/10\/HIPA.png\",\"contentUrl\":\"https:\/\/scm.bz\/wp-content\/uploads\/2017\/10\/HIPA.png\",\"width\":700,\"height\":350},{\"@type\":\"BreadcrumbList\",\"@id\":\"https:\/\/mfu.scm.bz\/kmr\/pesbirka-hemdan-kure-mihemed-kure-rasid-al-mektum-ya-wenekesiye-peswaziya-daxwaznameyan-dike\/#breadcrumb\",\"itemListElement\":[{\"@type\":\"ListItem\",\"position\":1,\"name\":\"Home\",\"item\":\"https:\/\/scm.bz\/kmr\/\"},{\"@type\":\"ListItem\",\"position\":2,\"name\":\"P\u00ea\u015fbirka Hemdan kur\u00ea Mihemed kur\u00ea Ra\u015fid Al Mekt\u00fbm ya w\u00eanek\u00ea\u015f\u00eey\u00ea p\u00ea\u015fwaz\u00eeya daxwaznameyan dike\"}]},{\"@type\":\"WebSite\",\"@id\":\"https:\/\/scm.bz\/#website\",\"url\":\"https:\/\/scm.bz\/\",\"name\":\"\u0627\u0644\u0645\u0631\u0643\u0632 \u0627\u0644\u0633\u0648\u0631\u064a \u0644\u0644\u0625\u0639\u0644\u0627\u0645 \u0648\u062d\u0631\u064a\u0629 \u0627\u0644\u062a\u0639\u0628\u064a\u0631 Syrian Center for Media and Freedom of Expression\",\"description\":\"\",\"publisher\":{\"@id\":\"https:\/\/scm.bz\/#organization\"},\"potentialAction\":[{\"@type\":\"SearchAction\",\"target\":{\"@type\":\"EntryPoint\",\"urlTemplate\":\"https:\/\/scm.bz\/?s={search_term_string}\"},\"query-input\":{\"@type\":\"PropertyValueSpecification\",\"valueRequired\":true,\"valueName\":\"search_term_string\"}}],\"inLanguage\":\"kmr\"},{\"@type\":\"Organization\",\"@id\":\"https:\/\/scm.bz\/#organization\",\"name\":\"\u0627\u0644\u0645\u0631\u0643\u0632 \u0627\u0644\u0633\u0648\u0631\u064a \u0644\u0644\u0625\u0639\u0644\u0627\u0645 \u0648\u062d\u0631\u064a\u0629 \u0627\u0644\u062a\u0639\u0628\u064a\u0631 Syrian Center for Media and Freedom of Expression\",\"url\":\"https:\/\/scm.bz\/\",\"logo\":{\"@type\":\"ImageObject\",\"inLanguage\":\"kmr\",\"@id\":\"https:\/\/scm.bz\/#\/schema\/logo\/image\/\",\"url\":\"http:\/\/scm.bz\/wp-content\/uploads\/2021\/01\/SCM-logo-1-with-Clear-Space-1-2.png\",\"contentUrl\":\"http:\/\/scm.bz\/wp-content\/uploads\/2021\/01\/SCM-logo-1-with-Clear-Space-1-2.png\",\"width\":1450,\"height\":1450,\"caption\":\"\u0627\u0644\u0645\u0631\u0643\u0632 \u0627\u0644\u0633\u0648\u0631\u064a \u0644\u0644\u0625\u0639\u0644\u0627\u0645 \u0648\u062d\u0631\u064a\u0629 \u0627\u0644\u062a\u0639\u0628\u064a\u0631 Syrian Center for Media and Freedom of Expression\"},\"image\":{\"@id\":\"https:\/\/scm.bz\/#\/schema\/logo\/image\/\"},\"sameAs\":[\"https:\/\/www.facebook.com\/scm.center\",\"https:\/\/x.com\/SyrianCenter\"]},{\"@type\":\"Person\",\"@id\":\"https:\/\/scm.bz\/#\/schema\/person\/d116d4c43d9f3d4fe4b61619e91ead45\",\"name\":\"scmadmin\",\"image\":{\"@type\":\"ImageObject\",\"inLanguage\":\"kmr\",\"@id\":\"https:\/\/scm.bz\/#\/schema\/person\/image\/\",\"url\":\"https:\/\/secure.gravatar.com\/avatar\/8cb2b559549de2ba5e28f5d26e15c8f315b5dd63c953e348e6769ae2e88e3cdc?s=96&d=blank&r=g\",\"contentUrl\":\"https:\/\/secure.gravatar.com\/avatar\/8cb2b559549de2ba5e28f5d26e15c8f315b5dd63c953e348e6769ae2e88e3cdc?s=96&d=blank&r=g\",\"caption\":\"scmadmin\"},\"url\":\"https:\/\/scm.bz\/kmr\/author\/scmadmin\/\"}]}<\/script>\n<!-- \/ Yoast SEO Premium plugin. -->","yoast_head_json":{"title":"P\u00ea\u015fbirka Hemdan kur\u00ea Mihemed kur\u00ea Ra\u015fid Al Mekt\u00fbm ya w\u00eanek\u00ea\u015f\u00eey\u00ea p\u00ea\u015fwaz\u00eeya daxwaznameyan dike - \u0627\u0644\u0645\u0631\u0643\u0632 \u0627\u0644\u0633\u0648\u0631\u064a \u0644\u0644\u0625\u0639\u0644\u0627\u0645 \u0648\u062d\u0631\u064a\u0629 \u0627\u0644\u062a\u0639\u0628\u064a\u0631 Syrian Center for Media and Freedom of Expression","description":"%","robots":{"index":"index","follow":"follow","max-snippet":"max-snippet:-1","max-image-preview":"max-image-preview:large","max-video-preview":"max-video-preview:-1"},"canonical":"https:\/\/mfu.scm.bz\/kmr\/pesbirka-hemdan-kure-mihemed-kure-rasid-al-mektum-ya-wenekesiye-peswaziya-daxwaznameyan-dike\/","og_locale":"en_US","og_type":"article","og_title":"P\u00ea\u015fbirka Hemdan kur\u00ea Mihemed kur\u00ea Ra\u015fid Al Mekt\u00fbm ya w\u00eanek\u00ea\u015f\u00eey\u00ea p\u00ea\u015fwaz\u00eeya daxwaznameyan dike","og_description":"%","og_url":"https:\/\/mfu.scm.bz\/kmr\/pesbirka-hemdan-kure-mihemed-kure-rasid-al-mektum-ya-wenekesiye-peswaziya-daxwaznameyan-dike\/","og_site_name":"\u0627\u0644\u0645\u0631\u0643\u0632 \u0627\u0644\u0633\u0648\u0631\u064a \u0644\u0644\u0625\u0639\u0644\u0627\u0645 \u0648\u062d\u0631\u064a\u0629 \u0627\u0644\u062a\u0639\u0628\u064a\u0631 Syrian Center for Media and Freedom of Expression","article_publisher":"https:\/\/www.facebook.com\/scm.center","article_published_time":"2017-10-05T15:21:16+00:00","og_image":[{"width":700,"height":350,"url":"https:\/\/mfu.scm.bz\/wp-content\/uploads\/2017\/10\/HIPA.png","type":"image\/png"}],"author":"scmadmin","twitter_card":"summary_large_image","twitter_creator":"@SyrianCenter","twitter_site":"@SyrianCenter","twitter_misc":{"Written by":"scmadmin","Est. reading time":"1 minute"},"schema":{"@context":"https:\/\/schema.org","@graph":[{"@type":"Article","@id":"https:\/\/mfu.scm.bz\/kmr\/pesbirka-hemdan-kure-mihemed-kure-rasid-al-mektum-ya-wenekesiye-peswaziya-daxwaznameyan-dike\/#article","isPartOf":{"@id":"https:\/\/mfu.scm.bz\/kmr\/pesbirka-hemdan-kure-mihemed-kure-rasid-al-mektum-ya-wenekesiye-peswaziya-daxwaznameyan-dike\/"},"author":{"name":"scmadmin","@id":"https:\/\/scm.bz\/#\/schema\/person\/d116d4c43d9f3d4fe4b61619e91ead45"},"headline":"P\u00ea\u015fbirka Hemdan kur\u00ea Mihemed kur\u00ea Ra\u015fid Al Mekt\u00fbm ya w\u00eanek\u00ea\u015f\u00eey\u00ea p\u00ea\u015fwaz\u00eeya daxwaznameyan dike","datePublished":"2017-10-05T15:21:16+00:00","mainEntityOfPage":{"@id":"https:\/\/mfu.scm.bz\/kmr\/pesbirka-hemdan-kure-mihemed-kure-rasid-al-mektum-ya-wenekesiye-peswaziya-daxwaznameyan-dike\/"},"wordCount":186,"commentCount":0,"publisher":{"@id":"https:\/\/scm.bz\/#organization"},"image":{"@id":"https:\/\/mfu.scm.bz\/kmr\/pesbirka-hemdan-kure-mihemed-kure-rasid-al-mektum-ya-wenekesiye-peswaziya-daxwaznameyan-dike\/#primaryimage"},"thumbnailUrl":"https:\/\/scm.bz\/wp-content\/uploads\/2017\/10\/HIPA.png","articleSection":["Rah\u00eenan \u00fb Be\u015fdar\u00ee"],"inLanguage":"kmr"},{"@type":"WebPage","@id":"https:\/\/mfu.scm.bz\/kmr\/pesbirka-hemdan-kure-mihemed-kure-rasid-al-mektum-ya-wenekesiye-peswaziya-daxwaznameyan-dike\/","url":"https:\/\/mfu.scm.bz\/kmr\/pesbirka-hemdan-kure-mihemed-kure-rasid-al-mektum-ya-wenekesiye-peswaziya-daxwaznameyan-dike\/","name":"P\u00ea\u015fbirka Hemdan kur\u00ea Mihemed kur\u00ea Ra\u015fid Al Mekt\u00fbm ya w\u00eanek\u00ea\u015f\u00eey\u00ea p\u00ea\u015fwaz\u00eeya daxwaznameyan dike - \u0627\u0644\u0645\u0631\u0643\u0632 \u0627\u0644\u0633\u0648\u0631\u064a \u0644\u0644\u0625\u0639\u0644\u0627\u0645 \u0648\u062d\u0631\u064a\u0629 \u0627\u0644\u062a\u0639\u0628\u064a\u0631 Syrian Center for Media and Freedom of Expression","isPartOf":{"@id":"https:\/\/scm.bz\/#website"},"primaryImageOfPage":{"@id":"https:\/\/mfu.scm.bz\/kmr\/pesbirka-hemdan-kure-mihemed-kure-rasid-al-mektum-ya-wenekesiye-peswaziya-daxwaznameyan-dike\/#primaryimage"},"image":{"@id":"https:\/\/mfu.scm.bz\/kmr\/pesbirka-hemdan-kure-mihemed-kure-rasid-al-mektum-ya-wenekesiye-peswaziya-daxwaznameyan-dike\/#primaryimage"},"thumbnailUrl":"https:\/\/scm.bz\/wp-content\/uploads\/2017\/10\/HIPA.png","datePublished":"2017-10-05T15:21:16+00:00","description":"%","breadcrumb":{"@id":"https:\/\/mfu.scm.bz\/kmr\/pesbirka-hemdan-kure-mihemed-kure-rasid-al-mektum-ya-wenekesiye-peswaziya-daxwaznameyan-dike\/#breadcrumb"},"inLanguage":"kmr","potentialAction":[{"@type":"ReadAction","target":["https:\/\/mfu.scm.bz\/kmr\/pesbirka-hemdan-kure-mihemed-kure-rasid-al-mektum-ya-wenekesiye-peswaziya-daxwaznameyan-dike\/"]}]},{"@type":"ImageObject","inLanguage":"kmr","@id":"https:\/\/mfu.scm.bz\/kmr\/pesbirka-hemdan-kure-mihemed-kure-rasid-al-mektum-ya-wenekesiye-peswaziya-daxwaznameyan-dike\/#primaryimage","url":"https:\/\/scm.bz\/wp-content\/uploads\/2017\/10\/HIPA.png","contentUrl":"https:\/\/scm.bz\/wp-content\/uploads\/2017\/10\/HIPA.png","width":700,"height":350},{"@type":"BreadcrumbList","@id":"https:\/\/mfu.scm.bz\/kmr\/pesbirka-hemdan-kure-mihemed-kure-rasid-al-mektum-ya-wenekesiye-peswaziya-daxwaznameyan-dike\/#breadcrumb","itemListElement":[{"@type":"ListItem","position":1,"name":"Home","item":"https:\/\/scm.bz\/kmr\/"},{"@type":"ListItem","position":2,"name":"P\u00ea\u015fbirka Hemdan kur\u00ea Mihemed kur\u00ea Ra\u015fid Al Mekt\u00fbm ya w\u00eanek\u00ea\u015f\u00eey\u00ea p\u00ea\u015fwaz\u00eeya daxwaznameyan dike"}]},{"@type":"WebSite","@id":"https:\/\/scm.bz\/#website","url":"https:\/\/scm.bz\/","name":"\u0627\u0644\u0645\u0631\u0643\u0632 \u0627\u0644\u0633\u0648\u0631\u064a \u0644\u0644\u0625\u0639\u0644\u0627\u0645 \u0648\u062d\u0631\u064a\u0629 \u0627\u0644\u062a\u0639\u0628\u064a\u0631 Syrian Center for Media and Freedom of Expression","description":"","publisher":{"@id":"https:\/\/scm.bz\/#organization"},"potentialAction":[{"@type":"SearchAction","target":{"@type":"EntryPoint","urlTemplate":"https:\/\/scm.bz\/?s={search_term_string}"},"query-input":{"@type":"PropertyValueSpecification","valueRequired":true,"valueName":"search_term_string"}}],"inLanguage":"kmr"},{"@type":"Organization","@id":"https:\/\/scm.bz\/#organization","name":"\u0627\u0644\u0645\u0631\u0643\u0632 \u0627\u0644\u0633\u0648\u0631\u064a \u0644\u0644\u0625\u0639\u0644\u0627\u0645 \u0648\u062d\u0631\u064a\u0629 \u0627\u0644\u062a\u0639\u0628\u064a\u0631 Syrian Center for Media and Freedom of Expression","url":"https:\/\/scm.bz\/","logo":{"@type":"ImageObject","inLanguage":"kmr","@id":"https:\/\/scm.bz\/#\/schema\/logo\/image\/","url":"http:\/\/scm.bz\/wp-content\/uploads\/2021\/01\/SCM-logo-1-with-Clear-Space-1-2.png","contentUrl":"http:\/\/scm.bz\/wp-content\/uploads\/2021\/01\/SCM-logo-1-with-Clear-Space-1-2.png","width":1450,"height":1450,"caption":"\u0627\u0644\u0645\u0631\u0643\u0632 \u0627\u0644\u0633\u0648\u0631\u064a \u0644\u0644\u0625\u0639\u0644\u0627\u0645 \u0648\u062d\u0631\u064a\u0629 \u0627\u0644\u062a\u0639\u0628\u064a\u0631 Syrian Center for Media and Freedom of Expression"},"image":{"@id":"https:\/\/scm.bz\/#\/schema\/logo\/image\/"},"sameAs":["https:\/\/www.facebook.com\/scm.center","https:\/\/x.com\/SyrianCenter"]},{"@type":"Person","@id":"https:\/\/scm.bz\/#\/schema\/person\/d116d4c43d9f3d4fe4b61619e91ead45","name":"scmadmin","image":{"@type":"ImageObject","inLanguage":"kmr","@id":"https:\/\/scm.bz\/#\/schema\/person\/image\/","url":"https:\/\/secure.gravatar.com\/avatar\/8cb2b559549de2ba5e28f5d26e15c8f315b5dd63c953e348e6769ae2e88e3cdc?s=96&d=blank&r=g","contentUrl":"https:\/\/secure.gravatar.com\/avatar\/8cb2b559549de2ba5e28f5d26e15c8f315b5dd63c953e348e6769ae2e88e3cdc?s=96&d=blank&r=g","caption":"scmadmin"},"url":"https:\/\/scm.bz\/kmr\/author\/scmadmin\/"}]}},"_links":{"self":[{"href":"https:\/\/scm.bz\/kmr\/wp-json\/wp\/v2\/posts\/180760","targetHints":{"allow":["GET"]}}],"collection":[{"href":"https:\/\/scm.bz\/kmr\/wp-json\/wp\/v2\/posts"}],"about":[{"href":"https:\/\/scm.bz\/kmr\/wp-json\/wp\/v2\/types\/post"}],"author":[{"embeddable":true,"href":"https:\/\/scm.bz\/kmr\/wp-json\/wp\/v2\/users\/24"}],"replies":[{"embeddable":true,"href":"https:\/\/scm.bz\/kmr\/wp-json\/wp\/v2\/comments?post=180760"}],"version-history":[{"count":0,"href":"https:\/\/scm.bz\/kmr\/wp-json\/wp\/v2\/posts\/180760\/revisions"}],"wp:featuredmedia":[{"embeddable":true,"href":"https:\/\/scm.bz\/kmr\/wp-json\/wp\/v2\/media\/180761"}],"wp:attachment":[{"href":"https:\/\/scm.bz\/kmr\/wp-json\/wp\/v2\/media?parent=180760"}],"wp:term":[{"taxonomy":"category","embeddable":true,"href":"https:\/\/scm.bz\/kmr\/wp-json\/wp\/v2\/categories?post=180760"},{"taxonomy":"post_tag","embeddable":true,"href":"https:\/\/scm.bz\/kmr\/wp-json\/wp\/v2\/tags?post=180760"}],"curies":[{"name":"wp","href":"https:\/\/api.w.org\/{rel}","templated":true}]}}