{"id":180715,"date":"2017-10-23T21:51:45","date_gmt":"2017-10-23T19:51:45","guid":{"rendered":"https:\/\/scm.bz\/uncategorized-kmr\/parezer-daed-musa-xelata-maria-otto-ya-sala-2017an-werdigire"},"modified":"2017-10-23T21:51:45","modified_gmt":"2017-10-23T19:51:45","slug":"parezer-daed-musa-xelata-maria-otto-ya-sala-2017an-werdigire","status":"publish","type":"post","link":"https:\/\/scm.bz\/kmr\/parezer-daed-musa-xelata-maria-otto-ya-sala-2017an-werdigire\/","title":{"rendered":"Par\u00eazer Daed M\u00fbsa xelata Maria-Otto ya sala 2017an werdigire"},"content":{"rendered":"<p dir=\"ltr\"><img loading=\"lazy\" decoding=\"async\" class=\"size-full wp-image-175812 aligncenter\" src=\"https:\/\/scm.bz\/wp-content\/uploads\/2017\/10\/Daad_Mousa.jpg\" alt=\"\" width=\"1024\" height=\"768\" srcset=\"https:\/\/scm.bz\/wp-content\/uploads\/2017\/10\/Daad_Mousa.jpg 1024w, https:\/\/scm.bz\/wp-content\/uploads\/2017\/10\/Daad_Mousa-300x225.jpg 300w, https:\/\/scm.bz\/wp-content\/uploads\/2017\/10\/Daad_Mousa-150x113.jpg 150w, https:\/\/scm.bz\/wp-content\/uploads\/2017\/10\/Daad_Mousa-768x576.jpg 768w\" sizes=\"auto, (max-width: 1024px) 100vw, 1024px\" \/><\/p>\n<p dir=\"ltr\"><span style=\"font-weight: 400;\">Navenda S\u00fbr\u00eeyey\u00ee ya Ragihandin\u00ea \u00fb Azad\u00eeya Derbir\u00een\u00ea p\u00eerozbah\u00eeya par\u00eazera S\u00fbr\u00eeyey\u00ee Daed M\u00fbsa dike ji bo wergirtina <\/span><a href=\"https:\/\/anwaltverein.de\/de\/ueber-uns\/preise\/daad-mousa\"><span style=\"font-weight: 400;\">xelata Maria-Otto ya sala 2017an<\/span><\/a><span style=\"font-weight: 400;\"> ku ji al\u00eey\u00ea <\/span><a href=\"https:\/\/anwaltverein.de\/de\/ueber-uns\/preise\/daad-mousa\"><span style=\"font-weight: 400;\">Send\u00eekeya Par\u00eazer\u00ean Alman<\/span><\/a><span style=\"font-weight: 400;\"> hatiye day\u00een di 27\/9\/2017 de, ew j\u00ee ji bo kar\u00ea w\u00ea y\u00ea b\u00eahtir\u00ee 30 salan di mafnas\u00eey\u00ea de.<\/span><\/p>\n<p dir=\"ltr\"><span style=\"font-weight: 400;\">Par\u00eazer Daed M\u00fbsa \u00e7alak e di war\u00ea maf\u00ea jin\u00ea de her weha di war\u00ea al\u00eekar\u00eeya qurban\u00eey\u00ea tund\u00eeya malbat\u00ea de j\u00ee li gel &#8220;Rah\u00eebat Elrai\u00ee Elsalih&#8221; ber\u00ee \u00e7end salan kar dike \u00fb ev komele xizmet\u00ean \u015f\u00eawir \u00fb pi\u015ftgir\u00eeya qan\u00fbn\u00ee \u00a0\u00fb der\u00fbn\u00ee p\u00ea\u015fk\u00ea\u015f dike, Daed M\u00fbsa damezr\u00eanereke &#8220;<\/span><a href=\"https:\/\/www.facebook.com\/TrustLine.GSS\/\"><span style=\"font-weight: 400;\">Telefona Bawer\u00eey\u00ea<\/span><\/a><span style=\"font-weight: 400;\">&#8221; b\u00fb ew j\u00ee xeta telephone ya yekem\u00een e ku gil\u00eey\u00ean tund\u00eey\u00ea y\u00ean c\u00fbrbic\u00fbr werdigire.<\/span><\/p>\n<p dir=\"ltr\"><span style=\"font-weight: 400;\">Li gel kar\u00ea w\u00ea y\u00ea mafnas\u00eey\u00ea y\u00ea berevan\u00eeya di ber girt\u00eey\u00ean ner\u00een\u00ea de li S\u00fbr\u00eeyey\u00ea, Daed M\u00fbsa weke \u00e7alakveneke mafnas\u00eey\u00ea ya feminist di ast\u00ean \u00e7alak\u00eeyan y\u00ean c\u00fbrbic\u00fbr de navdar b\u00fb, di war\u00ea niv\u00ees\u00een\u00ea de Daes M\u00fbsa gelek gotar\u00ean rexney\u00ee der bar\u00ea <\/span><a href=\"http:\/\/www.ahewar.org\/debat\/show.art.asp?aid=14639\"><span style=\"font-weight: 400;\">maf\u00ea mirovan \u00fb jin\u00ea<\/span><\/a><span style=\"font-weight: 400;\"> de niv\u00ees\u00ee ye, li gel <\/span><a href=\"http:\/\/musawasyr.org\/?p=1517\"><span style=\"font-weight: 400;\">qan\u00fbn\u00ean gir\u00eaday\u00ee jin\u00ea li S\u00fbr\u00eeyey\u00ea<\/span><\/a><span style=\"font-weight: 400;\">, <\/span><a href=\"https:\/\/www.freedomraise.net\/%D9%82%D8%A7%D9%86%D9%88%D9%86-%D8%A7%D9%84%D8%B9%D9%82%D9%88%D8%A8%D8%A7%D8%AA-%D8%A7%D9%84%D8%B3%D9%88%D8%B1%D9%8A-%D9%88%D8%A7%D9%84%D9%85%D8%B1%D8%A3%D8%A9\/\"><span style=\"font-weight: 400;\">qan\u00fbna cezayan ya S\u00fbr\u00eeyey\u00ee \u00fb jin<\/span><\/a><span style=\"font-weight: 400;\">, qan\u00fbna kar\u00fbbar\u00ean takekes\u00ee, pi\u015ftgir\u00eeya daxwaz\u00ean jin\u00ean S\u00fbr\u00eeyey\u00ee y\u00ean day\u00eena nasnamey\u00ea bo zarok\u00ean wan, <\/span><a href=\"http:\/\/www.mokarabat.com\/s5867.htm\"><span style=\"font-weight: 400;\">tund\u00eeya ku zayend\u00ea bingeh digire<\/span><\/a><span style=\"font-weight: 400;\">, gelek doz\u00ean din \u00ean ku maf\u00ean jinan li S\u00fbr\u00eeyey\u00ea binp\u00ea dikin bi taybet tawan\u00ean bi nav\u00ea &#8220;tawan\u00ean nam\u00fbs\u00ea&#8221; li gel be\u015fdar\u00eeya w\u00ea di xwendina <\/span><a href=\"http:\/\/www.ahewar.org\/debat\/show.art.asp?aid=549558\"><span style=\"font-weight: 400;\">bandor\u00ean civak\u00ee \u00fb der\u00fbn\u00ee y\u00ean \u015fer\u00ean \u00e7ekdar\u00ee li ser jinan<\/span><\/a><span style=\"font-weight: 400;\"> her weha behsa <\/span><a href=\"https:\/\/www.freedomraise.net\/%D9%82%D8%B1%D8%A7%D8%B1%D8%A7%D8%AA-%D9%85%D8%AC%D9%84%D8%B3-%D8%A7%D9%84%D8%A3%D9%85%D9%86-%D8%A7%D9%84%D8%AE%D8%A7%D8%B5%D8%A9-%D8%A8%D8%A7%D9%84%D9%85%D8%B1%D8%A3%D8%A9-%D9%88%D8%A7%D9%84%D9%86\/\"><span style=\"font-weight: 400;\">biryar\u00ean Encumena Ewlekar\u00eey\u00ea y\u00ean gir\u00eaday\u00ee jinan \u00fb \u015fer\u00ea \u00e7ekdar\u00ee<\/span><\/a><span style=\"font-weight: 400;\"> j\u00ee kir.<\/span><\/p>\n<p dir=\"ltr\"><span style=\"font-weight: 400;\">Daxwaz\u00ean Daed M\u00fbsa y\u00ean berdewam ber\u00ee \u00e7end salan bo betalkirina biryar\u00ean &#8220;\u00e7esipandina tund\u00eey\u00ea dij\u00ee jin\u00ea&#8221; li S\u00fbr\u00eeyey\u00ea prosed\u00fbr\u00ean dadgeh\u00ee j\u00ee li xwe girt \u00fb genge\u015feya <\/span><a href=\"http:\/\/www.ohchr.org\/AR\/ProfessionalInterest\/Pages\/CEDAW.aspx\"><span style=\"font-weight: 400;\">lihevkirina tunekirina hem\u00fb c\u00fbrey\u00ean c\u00fbdakirin\u00ea y\u00ean li dij\u00ee jin\u00ea<\/span><\/a><span style=\"font-weight: 400;\"> \u00a0&#8220;CEDAW&#8221; ya ku hik\u00fbmeta S\u00fbr\u00eeyey\u00ea di 2002yan de li ser \u00eemze kir (derketina fermana bi jimara 333 di 26\/9\/2002 bo ragihandina \u00eemzekirina S\u00fbr\u00eeyey\u00ea li ser lihevkirina &#8220;CEDAW&#8221;\u00ea li gel \u015fert\u00ean gir\u00eaday\u00ee madeya 2yan, madeya 9an be\u015f\u00ea 2yan, madeya 15an be\u015f\u00ea 4an, madeya 16an bend\u00ea 1\u00ea- be\u015f\u00ean c,d,o,z \u00fb madeya 29an be\u015f\u00ea 1\u00ea).<\/span><\/p>\n<p dir=\"ltr\"><span style=\"font-weight: 400;\">Xebata &#8220;M\u00fbsa&#8221;y\u00ea ji bo dadmend\u00eey\u00ea miqateb\u00fbneke taybet di war\u00ea berevan\u00eeya di ber zarok\u00ean ku rast\u00ee tund\u00eeya zayend\u00ee li S\u00fbr\u00eeyey\u00ea t\u00ean, li xwe girt. Di sala 2008an de &#8220;M\u00fbsa&#8221; di dan\u00eena re\u015fniv\u00eesa yekem\u00een a qan\u00fbna &#8220;parastina ji tund\u00eeya malbat\u00ee&#8221; de be\u015fdar b\u00fb, (weke hewldanek\u00ea ji bo dagirtina valah\u00eeya qan\u00fbn\u00ee di war\u00ea parastina jin\u00ea ji tund\u00eeya hundir\u00een. Ew j\u00ee tund\u00eeyeke dij\u00ee jin \u00fb zarok\u00ea), her weha li ser asteke qan\u00fbn\u00ee di gelek war\u00ean din de kar kir \u00fb di war\u00ea dijat\u00eeya kir\u00een \u00fb firotina jin<\/span><span style=\"font-weight: 400;\"> \u00fb zarokan de j\u00ee xwed\u00ee xebat e.<\/span><\/p>\n<p dir=\"ltr\"><span style=\"font-weight: 400;\">Di nav sal\u00ean 2007 \u00fb 2014an de xanim M\u00fbsa qew\u00eet\u00eey\u00ean xwe bo van al\u00eeyan daye:<\/span><\/p>\n<ul dir=\"ltr\">\n<li style=\"font-weight: 400;\"><span style=\"font-weight: 400;\">Kom\u00eeser\u00eeya Bala ya Kar\u00fbbar\u00ean Ko\u00e7beran li S\u00fbr\u00eeyey\u00ea.<\/span><\/li>\n<li style=\"font-weight: 400;\"><span style=\"font-weight: 400;\">Ajansa NYy\u00ea ya hawar\u00e7\u00fbn\u00ea \u00fb karkirina ko\u00e7ber\u00ean Filest\u00een\u00ee li Rojhilata Nav\u00een\u00ea, Onrwa <\/span><\/li>\n<li style=\"font-weight: 400;\"><span style=\"font-weight: 400;\">Caritas, Austria<\/span><\/li>\n<li style=\"font-weight: 400;\"><span style=\"font-weight: 400;\">Rah\u00eaner. R\u00eaxistina t\u00eakil\u00eey\u00ean \u00e7and\u00ee \u00fb derfet\u00ean rah\u00eanan\u00ea, encumena \u00e7and\u00ee ya Bir\u00eetan\u00ee li S\u00fbr\u00eeyey\u00ea.<\/span><\/li>\n<li style=\"font-weight: 400;\"><span style=\"font-weight: 400;\">R\u00eaxistina Maf\u00ean Zarokan(ewle ye bo zarokan) li sw\u00ead\u00ea.<\/span><\/li>\n<li style=\"font-weight: 400;\"><span style=\"font-weight: 400;\">Sidoqa NYy\u00ea bo ni\u015ftecihan, Sidoqa NYy\u00ea bo ni\u015ftecihan<\/span><span style=\"font-weight: 400;\"> li S\u00fbr\u00eeyey\u00ea.<\/span><\/li>\n<li style=\"font-weight: 400;\"><span style=\"font-weight: 400;\">Dezgeha Fredrch Nowman ya azad\u00eey\u00ea.<\/span><\/li>\n<\/ul>\n<p dir=\"ltr\"><a href=\"https:\/\/scm.bz\/scmUJpnW\"><span style=\"font-weight: 400;\">Navenda S\u00fbr\u00eeyey\u00ee ya Ragihandin\u00ea \u00fb Azad\u00eeya Derbir\u00een\u00ea<\/span><\/a><span style=\"font-weight: 400;\"> pi\u015ftgir\u00eeya kar\u00ea par\u00eazer Daed M\u00fbsa dike \u00fb w\u00ea bi wergirtina <\/span><a href=\"https:\/\/anwaltverein.de\/de\/ueber-uns\/preise\/maria-otto-preis#panel-2017-rechtsanwaeltin-daad-mousa-syrien\"><span style=\"font-weight: 400;\">xelata Maria-Otto<\/span><\/a><span style=\"font-weight: 400;\"> p\u00eeroz dike ku ev xelat li ser nav\u00ea xanim Maria Otto hatiye yekem\u00een par\u00eazera jin li Almanyay\u00ea ku di 1922an de b\u00fb endama send\u00eekeya par\u00eazeran pi\u015ft\u00ee xebateke mezin \u00fb gelek zehmet\u00eeyan.<\/span><\/p>\n<p dir=\"ltr\"><span style=\"font-weight: 400;\">Ev xelat salane digih\u00ea par\u00eazereke jin a balk\u00ea\u015f a balk\u00ea\u015f ji ber kar\u00ea w\u00ea y\u00ean mafnas\u00ee, mirov\u00ee \u00fb civak\u00ee, ku weke nim\u00fbneyek\u00ee bel\u00ee di kar\u00ea xwe de weke par\u00eazer t\u00ea naskirin her weha li bajar\u00ea xwe nim\u00fbneyek e ji ber kar \u00fb xizmetan, ji al\u00eeyek\u00ee din ve digih\u00ea kes\u00ean ku be\u015fdar\u00eeyeke wan a taybet bo berjewend\u00eey\u00ean jin\u00ea di kar, dadmend\u00ee, siyaset \u00fb civak\u00ea de heye.<\/span><\/p>\n","protected":false},"excerpt":{"rendered":"<p>Navenda S\u00fbr\u00eeyey\u00ee ya Ragihandin\u00ea \u00fb Azad\u00eeya Derbir\u00een\u00ea p\u00eerozbah\u00eeya par\u00eazera S\u00fbr\u00eeyey\u00ee Daed M\u00fbsa dike ji bo wergirtina xelata Maria-Otto ya sala 2017an ku ji al\u00eey\u00ea Send\u00eekeya Par\u00eazer\u00ean Alman hatiye day\u00een di 27\/9\/2017 de, ew j\u00ee ji bo kar\u00ea w\u00ea y\u00ea b\u00eahtir\u00ee 30 salan di mafnas\u00eey\u00ea de. Par\u00eazer Daed M\u00fbsa \u00e7alak e di war\u00ea maf\u00ea jin\u00ea de [&hellip;]<\/p>\n","protected":false},"author":24,"featured_media":180716,"comment_status":"open","ping_status":"open","sticky":false,"template":"","format":"standard","meta":{"_acf_changed":false,"footnotes":""},"categories":[326],"tags":[],"class_list":["post-180715","post","type-post","status-publish","format-standard","has-post-thumbnail","hentry","category-5th-ku","post-wrapper"],"acf":[],"yoast_head":"<!-- This site is optimized with the Yoast SEO Premium plugin v20.6 (Yoast SEO v26.5) - https:\/\/yoast.com\/wordpress\/plugins\/seo\/ -->\n<title>Par\u00eazer Daed M\u00fbsa xelata Maria-Otto ya sala 2017an werdigire - \u0627\u0644\u0645\u0631\u0643\u0632 \u0627\u0644\u0633\u0648\u0631\u064a \u0644\u0644\u0625\u0639\u0644\u0627\u0645 \u0648\u062d\u0631\u064a\u0629 \u0627\u0644\u062a\u0639\u0628\u064a\u0631 Syrian Center for Media and Freedom of Expression<\/title>\n<meta name=\"description\" content=\"%\" \/>\n<meta name=\"robots\" content=\"index, follow, max-snippet:-1, max-image-preview:large, max-video-preview:-1\" \/>\n<link rel=\"canonical\" href=\"http:\/\/20.93.6.125\/kmr\/parezer-daed-musa-xelata-maria-otto-ya-sala-2017an-werdigire\/\" \/>\n<meta property=\"og:locale\" content=\"en_US\" \/>\n<meta property=\"og:type\" content=\"article\" \/>\n<meta property=\"og:title\" content=\"Par\u00eazer Daed M\u00fbsa xelata Maria-Otto ya sala 2017an werdigire\" \/>\n<meta property=\"og:description\" content=\"%\" \/>\n<meta property=\"og:url\" content=\"http:\/\/20.93.6.125\/kmr\/parezer-daed-musa-xelata-maria-otto-ya-sala-2017an-werdigire\/\" \/>\n<meta property=\"og:site_name\" content=\"\u0627\u0644\u0645\u0631\u0643\u0632 \u0627\u0644\u0633\u0648\u0631\u064a \u0644\u0644\u0625\u0639\u0644\u0627\u0645 \u0648\u062d\u0631\u064a\u0629 \u0627\u0644\u062a\u0639\u0628\u064a\u0631 Syrian Center for Media and Freedom of Expression\" \/>\n<meta property=\"article:publisher\" content=\"https:\/\/www.facebook.com\/scm.center\" \/>\n<meta property=\"article:published_time\" content=\"2017-10-23T19:51:45+00:00\" \/>\n<meta property=\"og:image\" content=\"http:\/\/20.93.6.125\/wp-content\/uploads\/2017\/10\/Daad_Mousa.jpg\" \/>\n\t<meta property=\"og:image:width\" content=\"1024\" \/>\n\t<meta property=\"og:image:height\" content=\"768\" \/>\n\t<meta property=\"og:image:type\" content=\"image\/jpeg\" \/>\n<meta name=\"author\" content=\"scmadmin\" \/>\n<meta name=\"twitter:card\" content=\"summary_large_image\" \/>\n<meta name=\"twitter:creator\" content=\"@SyrianCenter\" \/>\n<meta name=\"twitter:site\" content=\"@SyrianCenter\" \/>\n<meta name=\"twitter:label1\" content=\"Written by\" \/>\n\t<meta name=\"twitter:data1\" content=\"scmadmin\" \/>\n\t<meta name=\"twitter:label2\" content=\"Est. reading time\" \/>\n\t<meta name=\"twitter:data2\" content=\"4 minutes\" \/>\n<script type=\"application\/ld+json\" class=\"yoast-schema-graph\">{\"@context\":\"https:\/\/schema.org\",\"@graph\":[{\"@type\":\"Article\",\"@id\":\"http:\/\/20.93.6.125\/kmr\/parezer-daed-musa-xelata-maria-otto-ya-sala-2017an-werdigire\/#article\",\"isPartOf\":{\"@id\":\"http:\/\/20.93.6.125\/kmr\/parezer-daed-musa-xelata-maria-otto-ya-sala-2017an-werdigire\/\"},\"author\":{\"name\":\"scmadmin\",\"@id\":\"https:\/\/scm.bz\/#\/schema\/person\/d116d4c43d9f3d4fe4b61619e91ead45\"},\"headline\":\"Par\u00eazer Daed M\u00fbsa xelata Maria-Otto ya sala 2017an werdigire\",\"datePublished\":\"2017-10-23T19:51:45+00:00\",\"mainEntityOfPage\":{\"@id\":\"http:\/\/20.93.6.125\/kmr\/parezer-daed-musa-xelata-maria-otto-ya-sala-2017an-werdigire\/\"},\"wordCount\":790,\"commentCount\":0,\"publisher\":{\"@id\":\"https:\/\/scm.bz\/#organization\"},\"image\":{\"@id\":\"http:\/\/20.93.6.125\/kmr\/parezer-daed-musa-xelata-maria-otto-ya-sala-2017an-werdigire\/#primaryimage\"},\"thumbnailUrl\":\"https:\/\/scm.bz\/wp-content\/uploads\/2017\/10\/Daad_Mousa.jpg\",\"articleSection\":[\"Desthilata p\u00eancem\u00een\"],\"inLanguage\":\"kmr\"},{\"@type\":\"WebPage\",\"@id\":\"http:\/\/20.93.6.125\/kmr\/parezer-daed-musa-xelata-maria-otto-ya-sala-2017an-werdigire\/\",\"url\":\"http:\/\/20.93.6.125\/kmr\/parezer-daed-musa-xelata-maria-otto-ya-sala-2017an-werdigire\/\",\"name\":\"Par\u00eazer Daed M\u00fbsa xelata Maria-Otto ya sala 2017an werdigire - \u0627\u0644\u0645\u0631\u0643\u0632 \u0627\u0644\u0633\u0648\u0631\u064a \u0644\u0644\u0625\u0639\u0644\u0627\u0645 \u0648\u062d\u0631\u064a\u0629 \u0627\u0644\u062a\u0639\u0628\u064a\u0631 Syrian Center for Media and Freedom of Expression\",\"isPartOf\":{\"@id\":\"https:\/\/scm.bz\/#website\"},\"primaryImageOfPage\":{\"@id\":\"http:\/\/20.93.6.125\/kmr\/parezer-daed-musa-xelata-maria-otto-ya-sala-2017an-werdigire\/#primaryimage\"},\"image\":{\"@id\":\"http:\/\/20.93.6.125\/kmr\/parezer-daed-musa-xelata-maria-otto-ya-sala-2017an-werdigire\/#primaryimage\"},\"thumbnailUrl\":\"https:\/\/scm.bz\/wp-content\/uploads\/2017\/10\/Daad_Mousa.jpg\",\"datePublished\":\"2017-10-23T19:51:45+00:00\",\"description\":\"%\",\"breadcrumb\":{\"@id\":\"http:\/\/20.93.6.125\/kmr\/parezer-daed-musa-xelata-maria-otto-ya-sala-2017an-werdigire\/#breadcrumb\"},\"inLanguage\":\"kmr\",\"potentialAction\":[{\"@type\":\"ReadAction\",\"target\":[\"http:\/\/20.93.6.125\/kmr\/parezer-daed-musa-xelata-maria-otto-ya-sala-2017an-werdigire\/\"]}]},{\"@type\":\"ImageObject\",\"inLanguage\":\"kmr\",\"@id\":\"http:\/\/20.93.6.125\/kmr\/parezer-daed-musa-xelata-maria-otto-ya-sala-2017an-werdigire\/#primaryimage\",\"url\":\"https:\/\/scm.bz\/wp-content\/uploads\/2017\/10\/Daad_Mousa.jpg\",\"contentUrl\":\"https:\/\/scm.bz\/wp-content\/uploads\/2017\/10\/Daad_Mousa.jpg\",\"width\":1024,\"height\":768},{\"@type\":\"BreadcrumbList\",\"@id\":\"http:\/\/20.93.6.125\/kmr\/parezer-daed-musa-xelata-maria-otto-ya-sala-2017an-werdigire\/#breadcrumb\",\"itemListElement\":[{\"@type\":\"ListItem\",\"position\":1,\"name\":\"Home\",\"item\":\"https:\/\/scm.bz\/kmr\/\"},{\"@type\":\"ListItem\",\"position\":2,\"name\":\"Par\u00eazer Daed M\u00fbsa xelata Maria-Otto ya sala 2017an werdigire\"}]},{\"@type\":\"WebSite\",\"@id\":\"https:\/\/scm.bz\/#website\",\"url\":\"https:\/\/scm.bz\/\",\"name\":\"\u0627\u0644\u0645\u0631\u0643\u0632 \u0627\u0644\u0633\u0648\u0631\u064a \u0644\u0644\u0625\u0639\u0644\u0627\u0645 \u0648\u062d\u0631\u064a\u0629 \u0627\u0644\u062a\u0639\u0628\u064a\u0631 Syrian Center for Media and Freedom of Expression\",\"description\":\"\",\"publisher\":{\"@id\":\"https:\/\/scm.bz\/#organization\"},\"potentialAction\":[{\"@type\":\"SearchAction\",\"target\":{\"@type\":\"EntryPoint\",\"urlTemplate\":\"https:\/\/scm.bz\/?s={search_term_string}\"},\"query-input\":{\"@type\":\"PropertyValueSpecification\",\"valueRequired\":true,\"valueName\":\"search_term_string\"}}],\"inLanguage\":\"kmr\"},{\"@type\":\"Organization\",\"@id\":\"https:\/\/scm.bz\/#organization\",\"name\":\"\u0627\u0644\u0645\u0631\u0643\u0632 \u0627\u0644\u0633\u0648\u0631\u064a \u0644\u0644\u0625\u0639\u0644\u0627\u0645 \u0648\u062d\u0631\u064a\u0629 \u0627\u0644\u062a\u0639\u0628\u064a\u0631 Syrian Center for Media and Freedom of Expression\",\"url\":\"https:\/\/scm.bz\/\",\"logo\":{\"@type\":\"ImageObject\",\"inLanguage\":\"kmr\",\"@id\":\"https:\/\/scm.bz\/#\/schema\/logo\/image\/\",\"url\":\"http:\/\/scm.bz\/wp-content\/uploads\/2021\/01\/SCM-logo-1-with-Clear-Space-1-2.png\",\"contentUrl\":\"http:\/\/scm.bz\/wp-content\/uploads\/2021\/01\/SCM-logo-1-with-Clear-Space-1-2.png\",\"width\":1450,\"height\":1450,\"caption\":\"\u0627\u0644\u0645\u0631\u0643\u0632 \u0627\u0644\u0633\u0648\u0631\u064a \u0644\u0644\u0625\u0639\u0644\u0627\u0645 \u0648\u062d\u0631\u064a\u0629 \u0627\u0644\u062a\u0639\u0628\u064a\u0631 Syrian Center for Media and Freedom of Expression\"},\"image\":{\"@id\":\"https:\/\/scm.bz\/#\/schema\/logo\/image\/\"},\"sameAs\":[\"https:\/\/www.facebook.com\/scm.center\",\"https:\/\/x.com\/SyrianCenter\"]},{\"@type\":\"Person\",\"@id\":\"https:\/\/scm.bz\/#\/schema\/person\/d116d4c43d9f3d4fe4b61619e91ead45\",\"name\":\"scmadmin\",\"image\":{\"@type\":\"ImageObject\",\"inLanguage\":\"kmr\",\"@id\":\"https:\/\/scm.bz\/#\/schema\/person\/image\/\",\"url\":\"https:\/\/secure.gravatar.com\/avatar\/8cb2b559549de2ba5e28f5d26e15c8f315b5dd63c953e348e6769ae2e88e3cdc?s=96&d=blank&r=g\",\"contentUrl\":\"https:\/\/secure.gravatar.com\/avatar\/8cb2b559549de2ba5e28f5d26e15c8f315b5dd63c953e348e6769ae2e88e3cdc?s=96&d=blank&r=g\",\"caption\":\"scmadmin\"},\"url\":\"https:\/\/scm.bz\/kmr\/author\/scmadmin\/\"}]}<\/script>\n<!-- \/ Yoast SEO Premium plugin. -->","yoast_head_json":{"title":"Par\u00eazer Daed M\u00fbsa xelata Maria-Otto ya sala 2017an werdigire - \u0627\u0644\u0645\u0631\u0643\u0632 \u0627\u0644\u0633\u0648\u0631\u064a \u0644\u0644\u0625\u0639\u0644\u0627\u0645 \u0648\u062d\u0631\u064a\u0629 \u0627\u0644\u062a\u0639\u0628\u064a\u0631 Syrian Center for Media and Freedom of Expression","description":"%","robots":{"index":"index","follow":"follow","max-snippet":"max-snippet:-1","max-image-preview":"max-image-preview:large","max-video-preview":"max-video-preview:-1"},"canonical":"http:\/\/20.93.6.125\/kmr\/parezer-daed-musa-xelata-maria-otto-ya-sala-2017an-werdigire\/","og_locale":"en_US","og_type":"article","og_title":"Par\u00eazer Daed M\u00fbsa xelata Maria-Otto ya sala 2017an werdigire","og_description":"%","og_url":"http:\/\/20.93.6.125\/kmr\/parezer-daed-musa-xelata-maria-otto-ya-sala-2017an-werdigire\/","og_site_name":"\u0627\u0644\u0645\u0631\u0643\u0632 \u0627\u0644\u0633\u0648\u0631\u064a \u0644\u0644\u0625\u0639\u0644\u0627\u0645 \u0648\u062d\u0631\u064a\u0629 \u0627\u0644\u062a\u0639\u0628\u064a\u0631 Syrian Center for Media and Freedom of Expression","article_publisher":"https:\/\/www.facebook.com\/scm.center","article_published_time":"2017-10-23T19:51:45+00:00","og_image":[{"width":1024,"height":768,"url":"http:\/\/20.93.6.125\/wp-content\/uploads\/2017\/10\/Daad_Mousa.jpg","type":"image\/jpeg"}],"author":"scmadmin","twitter_card":"summary_large_image","twitter_creator":"@SyrianCenter","twitter_site":"@SyrianCenter","twitter_misc":{"Written by":"scmadmin","Est. reading time":"4 minutes"},"schema":{"@context":"https:\/\/schema.org","@graph":[{"@type":"Article","@id":"http:\/\/20.93.6.125\/kmr\/parezer-daed-musa-xelata-maria-otto-ya-sala-2017an-werdigire\/#article","isPartOf":{"@id":"http:\/\/20.93.6.125\/kmr\/parezer-daed-musa-xelata-maria-otto-ya-sala-2017an-werdigire\/"},"author":{"name":"scmadmin","@id":"https:\/\/scm.bz\/#\/schema\/person\/d116d4c43d9f3d4fe4b61619e91ead45"},"headline":"Par\u00eazer Daed M\u00fbsa xelata Maria-Otto ya sala 2017an werdigire","datePublished":"2017-10-23T19:51:45+00:00","mainEntityOfPage":{"@id":"http:\/\/20.93.6.125\/kmr\/parezer-daed-musa-xelata-maria-otto-ya-sala-2017an-werdigire\/"},"wordCount":790,"commentCount":0,"publisher":{"@id":"https:\/\/scm.bz\/#organization"},"image":{"@id":"http:\/\/20.93.6.125\/kmr\/parezer-daed-musa-xelata-maria-otto-ya-sala-2017an-werdigire\/#primaryimage"},"thumbnailUrl":"https:\/\/scm.bz\/wp-content\/uploads\/2017\/10\/Daad_Mousa.jpg","articleSection":["Desthilata p\u00eancem\u00een"],"inLanguage":"kmr"},{"@type":"WebPage","@id":"http:\/\/20.93.6.125\/kmr\/parezer-daed-musa-xelata-maria-otto-ya-sala-2017an-werdigire\/","url":"http:\/\/20.93.6.125\/kmr\/parezer-daed-musa-xelata-maria-otto-ya-sala-2017an-werdigire\/","name":"Par\u00eazer Daed M\u00fbsa xelata Maria-Otto ya sala 2017an werdigire - \u0627\u0644\u0645\u0631\u0643\u0632 \u0627\u0644\u0633\u0648\u0631\u064a \u0644\u0644\u0625\u0639\u0644\u0627\u0645 \u0648\u062d\u0631\u064a\u0629 \u0627\u0644\u062a\u0639\u0628\u064a\u0631 Syrian Center for Media and Freedom of Expression","isPartOf":{"@id":"https:\/\/scm.bz\/#website"},"primaryImageOfPage":{"@id":"http:\/\/20.93.6.125\/kmr\/parezer-daed-musa-xelata-maria-otto-ya-sala-2017an-werdigire\/#primaryimage"},"image":{"@id":"http:\/\/20.93.6.125\/kmr\/parezer-daed-musa-xelata-maria-otto-ya-sala-2017an-werdigire\/#primaryimage"},"thumbnailUrl":"https:\/\/scm.bz\/wp-content\/uploads\/2017\/10\/Daad_Mousa.jpg","datePublished":"2017-10-23T19:51:45+00:00","description":"%","breadcrumb":{"@id":"http:\/\/20.93.6.125\/kmr\/parezer-daed-musa-xelata-maria-otto-ya-sala-2017an-werdigire\/#breadcrumb"},"inLanguage":"kmr","potentialAction":[{"@type":"ReadAction","target":["http:\/\/20.93.6.125\/kmr\/parezer-daed-musa-xelata-maria-otto-ya-sala-2017an-werdigire\/"]}]},{"@type":"ImageObject","inLanguage":"kmr","@id":"http:\/\/20.93.6.125\/kmr\/parezer-daed-musa-xelata-maria-otto-ya-sala-2017an-werdigire\/#primaryimage","url":"https:\/\/scm.bz\/wp-content\/uploads\/2017\/10\/Daad_Mousa.jpg","contentUrl":"https:\/\/scm.bz\/wp-content\/uploads\/2017\/10\/Daad_Mousa.jpg","width":1024,"height":768},{"@type":"BreadcrumbList","@id":"http:\/\/20.93.6.125\/kmr\/parezer-daed-musa-xelata-maria-otto-ya-sala-2017an-werdigire\/#breadcrumb","itemListElement":[{"@type":"ListItem","position":1,"name":"Home","item":"https:\/\/scm.bz\/kmr\/"},{"@type":"ListItem","position":2,"name":"Par\u00eazer Daed M\u00fbsa xelata Maria-Otto ya sala 2017an werdigire"}]},{"@type":"WebSite","@id":"https:\/\/scm.bz\/#website","url":"https:\/\/scm.bz\/","name":"\u0627\u0644\u0645\u0631\u0643\u0632 \u0627\u0644\u0633\u0648\u0631\u064a \u0644\u0644\u0625\u0639\u0644\u0627\u0645 \u0648\u062d\u0631\u064a\u0629 \u0627\u0644\u062a\u0639\u0628\u064a\u0631 Syrian Center for Media and Freedom of Expression","description":"","publisher":{"@id":"https:\/\/scm.bz\/#organization"},"potentialAction":[{"@type":"SearchAction","target":{"@type":"EntryPoint","urlTemplate":"https:\/\/scm.bz\/?s={search_term_string}"},"query-input":{"@type":"PropertyValueSpecification","valueRequired":true,"valueName":"search_term_string"}}],"inLanguage":"kmr"},{"@type":"Organization","@id":"https:\/\/scm.bz\/#organization","name":"\u0627\u0644\u0645\u0631\u0643\u0632 \u0627\u0644\u0633\u0648\u0631\u064a \u0644\u0644\u0625\u0639\u0644\u0627\u0645 \u0648\u062d\u0631\u064a\u0629 \u0627\u0644\u062a\u0639\u0628\u064a\u0631 Syrian Center for Media and Freedom of Expression","url":"https:\/\/scm.bz\/","logo":{"@type":"ImageObject","inLanguage":"kmr","@id":"https:\/\/scm.bz\/#\/schema\/logo\/image\/","url":"http:\/\/scm.bz\/wp-content\/uploads\/2021\/01\/SCM-logo-1-with-Clear-Space-1-2.png","contentUrl":"http:\/\/scm.bz\/wp-content\/uploads\/2021\/01\/SCM-logo-1-with-Clear-Space-1-2.png","width":1450,"height":1450,"caption":"\u0627\u0644\u0645\u0631\u0643\u0632 \u0627\u0644\u0633\u0648\u0631\u064a \u0644\u0644\u0625\u0639\u0644\u0627\u0645 \u0648\u062d\u0631\u064a\u0629 \u0627\u0644\u062a\u0639\u0628\u064a\u0631 Syrian Center for Media and Freedom of Expression"},"image":{"@id":"https:\/\/scm.bz\/#\/schema\/logo\/image\/"},"sameAs":["https:\/\/www.facebook.com\/scm.center","https:\/\/x.com\/SyrianCenter"]},{"@type":"Person","@id":"https:\/\/scm.bz\/#\/schema\/person\/d116d4c43d9f3d4fe4b61619e91ead45","name":"scmadmin","image":{"@type":"ImageObject","inLanguage":"kmr","@id":"https:\/\/scm.bz\/#\/schema\/person\/image\/","url":"https:\/\/secure.gravatar.com\/avatar\/8cb2b559549de2ba5e28f5d26e15c8f315b5dd63c953e348e6769ae2e88e3cdc?s=96&d=blank&r=g","contentUrl":"https:\/\/secure.gravatar.com\/avatar\/8cb2b559549de2ba5e28f5d26e15c8f315b5dd63c953e348e6769ae2e88e3cdc?s=96&d=blank&r=g","caption":"scmadmin"},"url":"https:\/\/scm.bz\/kmr\/author\/scmadmin\/"}]}},"_links":{"self":[{"href":"https:\/\/scm.bz\/kmr\/wp-json\/wp\/v2\/posts\/180715","targetHints":{"allow":["GET"]}}],"collection":[{"href":"https:\/\/scm.bz\/kmr\/wp-json\/wp\/v2\/posts"}],"about":[{"href":"https:\/\/scm.bz\/kmr\/wp-json\/wp\/v2\/types\/post"}],"author":[{"embeddable":true,"href":"https:\/\/scm.bz\/kmr\/wp-json\/wp\/v2\/users\/24"}],"replies":[{"embeddable":true,"href":"https:\/\/scm.bz\/kmr\/wp-json\/wp\/v2\/comments?post=180715"}],"version-history":[{"count":0,"href":"https:\/\/scm.bz\/kmr\/wp-json\/wp\/v2\/posts\/180715\/revisions"}],"wp:featuredmedia":[{"embeddable":true,"href":"https:\/\/scm.bz\/kmr\/wp-json\/wp\/v2\/media\/180716"}],"wp:attachment":[{"href":"https:\/\/scm.bz\/kmr\/wp-json\/wp\/v2\/media?parent=180715"}],"wp:term":[{"taxonomy":"category","embeddable":true,"href":"https:\/\/scm.bz\/kmr\/wp-json\/wp\/v2\/categories?post=180715"},{"taxonomy":"post_tag","embeddable":true,"href":"https:\/\/scm.bz\/kmr\/wp-json\/wp\/v2\/tags?post=180715"}],"curies":[{"name":"wp","href":"https:\/\/api.w.org\/{rel}","templated":true}]}}