{"id":180695,"date":"2017-10-27T13:10:34","date_gmt":"2017-10-27T11:10:34","guid":{"rendered":"https:\/\/scm.bz\/uncategorized-kmr\/suriye-pediviya-encamen-lepirsinan-di-erisen-kimawi-de-bi-cezayan-heye"},"modified":"2017-10-27T13:10:34","modified_gmt":"2017-10-27T11:10:34","slug":"suriye-pediviya-encamen-lepirsinan-di-erisen-kimawi-de-bi-cezayan-heye","status":"publish","type":"post","link":"https:\/\/scm.bz\/kmr\/suriye-pediviya-encamen-lepirsinan-di-erisen-kimawi-de-bi-cezayan-heye\/","title":{"rendered":"S\u00fbr\u00eeye: p\u00eadiv\u00eeya encam\u00ean l\u00eapirs\u00eenan di \u00ear\u00ee\u015f\u00ean k\u00eemaw\u00ee de bi cezayan heye"},"content":{"rendered":"<h2 dir=\"ltr\"><b>Kom\u00eeteyeke Navnetewey\u00ee dib\u00eaje ku Hik\u00fbmet di ber \u00ear\u00ee\u015f Xan \u015eeyx\u00fbn\u00ea de berpirs e<\/b><\/h2>\n<p><a class=\"link--modal link--inline-block\" href=\"https:\/\/www.hrw.org\/ar\/view-mode\/modal\/310411\"><img decoding=\"async\" class=\"aligncenter\" src=\"https:\/\/www.hrw.org\/sites\/default\/files\/styles\/16%3A9_946x534\/public\/multimedia_images_2017\/cover_image.jpg?itok=pQQ-Pof0\" sizes=\"(min-width: 77.5em) 946px, (min-width: 48em) calc(100vw - 120px), (min-width: 37.5em) calc(100vw - 70px), calc(100vw - 50px)\" srcset=\"https:\/\/www.hrw.org\/sites\/default\/files\/styles\/294w\/public\/multimedia_images_2017\/cover_image.jpg?itok=idjZdAcK 294w, https:\/\/www.hrw.org\/sites\/default\/files\/styles\/430w\/public\/multimedia_images_2017\/cover_image.jpg?itok=4JcCyE_B 430w, https:\/\/www.hrw.org\/sites\/default\/files\/styles\/676w\/public\/multimedia_images_2017\/cover_image.jpg?itok=_QfpdR-h 676w, https:\/\/www.hrw.org\/sites\/default\/files\/styles\/946w\/public\/multimedia_images_2017\/cover_image.jpg?itok=QhYWZR-V 946w, https:\/\/www.hrw.org\/sites\/default\/files\/styles\/1070w\/public\/multimedia_images_2017\/cover_image.jpg?itok=tVyfy4tJ 1070w\" alt=\"\u0644\u0627\u0641\u062a\u0629 \u062a\u0646\u0628\u0647 \u0645\u0646 \u0627\u0644\u062e\u0637\u0631 \u0627\u0644\u0633\u0627\u0645 \u0641\u064a \u0628\u0644\u062f\u0629 \u062e\u0627\u0646 \u0634\u064a\u062e\u0648\u0646\u060c \u0645\u062d\u0627\u0641\u0638\u0629 . \u0625\u062f\u0644\u0628\u060c \u0633\u0648\u0631\u064a\u0627\u060c \u0641\u064a 5 \u0623\u0628\u0631\u064a\u0644\/\u0646\u064a\u0633\u0627\u0646 2017\" \/><\/a><\/p>\n<p dir=\"ltr\"><span style=\"font-weight: 400;\">Diru\u015fmek ji metirs\u00eey\u00ean jehr\u00ea agahdar dike li bajarok\u00ea Xan \u015eeyx\u00fbn\u00ea, Par\u00eazgeha \u00cadl\u00eab\u00ea, S\u00fbr\u00eeye, 5\u00ea n\u00eesana 2017an \u00a92017 Ebdilsemed Dagol\/ Ajansa Anadol\u00ea\/ Getty Images<\/span><\/p>\n<p dir=\"ltr\"><span style=\"font-weight: 400;\">(New York) \u2013 Human Rights Watch\u00ea \u00eeroj got ku ji dewlet\u00ean endam\u00ean \u201cEncumena Ewlekar\u00eey\u00ea ya gir\u00eaday\u00ee <\/span><a href=\"https:\/\/scm.bz\/scmBhnTL\"><span style=\"font-weight: 400;\">Netewey\u00ean Yekb\u00fby\u00eey\u00ea<\/span><\/a><span style=\"font-weight: 400;\">\u201d \u00fb dewlet\u00ean endam\u00ean \u201cLihevkirina \u00c7ek\u00ean K\u00eemaw\u00ee\u201d t\u00ea xwestin ku tedb\u00eeran ji bo garant\u00eekirina cezakirin\u00ea bist\u00eenin, pi\u015ft\u00ee ku l\u00eapirs\u00eeneke navnetewey\u00ee diyar ku ku hik\u00fbmeta <\/span><a href=\"https:\/\/scm.bz\/scmC7Mj7\"><span style=\"font-weight: 400;\">S\u00fbr\u00eeyey\u00ea<\/span><\/a><span style=\"font-weight: 400;\"> di ber \u00ear\u00ee\u015fa k\u00eemaw\u00ee ya n\u00eesana 2017an de ku derdora 100 kes t\u00ea de hate ku\u015ftin, berpirs e.<\/span><\/p>\n<p dir=\"ltr\"><span style=\"font-weight: 400;\">Desteya l\u00eapirs\u00een\u00ea yak u bi nave (M\u00eekan\u00eezma L\u00eapirs\u00een\u00ea a Hevbe\u015f) t\u00ea naskirin got ku ew \u201cji berpirsyar\u00eet\u00eeya komara Ereb\u00ee ya S\u00fbr\u00eeyey\u00ea di ber berdana xaza sar\u00een\u00ea de li Xan \u015eeyx\u00fbn\u00ea di 4\u00ea n\u00eesana 2017an de teqez e.\u201d her weha l\u00eapirs\u00een giha\u015fte encama ku r\u00eaxistina (Dewleta \u00ceslam\u00ee) yak u bi nav\u00ea DAI\u015e\u00ea t\u00ea naskirin xerdela Kibr\u00eet\u00ea li gund\u00ea Im Ho\u015f\u00ea di 15 \u00fb 16\u00ea \u00eel\u00fbn\u00ea de bikar an\u00eeye ku ev xaz kulb\u00fbn\u00ea \u00e7\u00eadike.<\/span><\/p>\n<p dir=\"ltr\"><a href=\"https:\/\/scm.bz\/scm2zSJS\"><span style=\"font-weight: 400;\">Ole Solvang<\/span><\/a><span style=\"font-weight: 400;\">; c\u00eegir\u00ea r\u00eaveber\u00ea be\u015f\u00ea rew\u015f\u00ean awarte di Human Rights Watch\u00ea de got: \u201cdivabe rapora m\u00eekan\u00eezma l\u00eapirs\u00een\u00ea a hevbe\u015f daw\u00eey\u00ea ji derew\u00ean hik\u00fbmeta S\u00fbr\u00eeyey\u00ea re deyne. Bikaran\u00eena S\u00fbr\u00eeyey\u00ea ji \u00e7ek\u00ean k\u00eemaw\u00ee re gefeke metirs\u00eedar e bo qedexekirina navdewlet\u00ee ya li ser van \u00e7ekan. Berjewend\u00eeya hem\u00fb dewletan e ku nameyek\u00ea bi\u015f\u00eenin t\u00ea de diyar bikin ku ev tawan b\u00ea pirsyar\u00ee derbas nabin.\u201d<\/span><\/p>\n<p dir=\"ltr\"><span style=\"font-weight: 400;\">Ji Encumena Ewlekar\u00eey\u00ea t\u00ea xwestin ku bilez bikeve tevger\u00ea de da ku cezakirin\u00ea bi r\u00eaya verzkirina sezayan li ser kes\u00ean berpirs di ber \u00ear\u00ee\u015f\u00ean k\u00eemaw\u00ee de li S\u00fbr\u00eeyey\u00ea garant\u00ee bike. Ji dewlet\u00ean dewlet\u00ean endam t\u00ea xwestin ku li gor lihevkirina qedexekirina \u00e7ek\u00ean k\u00eemaw\u00ee maf\u00ean S\u00fbr\u00eeyey\u00ea bidin sekinandin \u00fb bi awayek\u00ee ferm\u00ee bala Komeleya Gi\u015ft\u00ee \u00fb Encumena Ewlekar\u00eey\u00ea y\u00ean navnetewey\u00ee biki\u015f\u00eenin ser binp\u00eakirina S\u00fbr\u00eeyey\u00ea bo hevpeyman\u00ea.<\/span><\/p>\n<p dir=\"ltr\"><span style=\"font-weight: 400;\">Di 26\u00ea cotmeh\u00ea de, m\u00eekan\u00eezma l\u00eapirs\u00een\u00ea ya hevbe\u015f rapora xwe der bar\u00ea \u00ear\u00ee\u015fa Xan \u015eeyx\u00fbn\u00ea de p\u00ea\u015fk\u00ea\u015f\u00ee Encumena Ewlekar\u00eey\u00ea kir. Human Rights Watch li kop\u00eeyeke rapor\u00ea veger\u00eeya.<\/span><\/p>\n<p dir=\"ltr\"><span style=\"font-weight: 400;\">Ev rapor ne y\u00ea p\u00ea\u015f\u00een e ku m\u00eekan\u00eezma l\u00eapirs\u00een\u00ea a hevbe\u015f t\u00ea de dib\u00eene ku Hik\u00fbmeta S\u00fbr\u00eeyey\u00ea \u00e7ek\u00ean k\u00eemaw\u00ee bikar an\u00eeye. L\u00eapirs\u00een\u00ea ber\u00ee nuha diyar kiriye ku H\u00eaz\u00ean Hik\u00fbmet\u00ea ber\u00ee nuha <\/span><a href=\"https:\/\/scm.bz\/scmpo1Tg\"><span style=\"font-weight: 400;\">3 caran her\u00ee k\u00eam<\/span><\/a><span style=\"font-weight: 400;\"> di sal\u00ean 2014an \u00fb 2015an de \u00e7ek\u00ean k\u00eemaw\u00ee bikar an\u00eeye her weha DAI\u015e\u00ea j\u00ee carek\u00ea \u00e7ek\u00ean k\u00eemaw\u00ee bikar an\u00eeye.<\/span><\/p>\n<p dir=\"ltr\"><span style=\"font-weight: 400;\"> Qedexekirina li ser \u00e7ek\u00ean k\u00eemaw\u00ee bi heb\u00fbna 192 dewlet\u00ean endam, qedexeya her\u00ee mezin li ser \u00e7ekan di qan\u00fbna navdewlet\u00ee de dinim\u00eene. Di raporeke xwe ya <\/span><a href=\"https:\/\/scm.bz\/scmJ8GDB\"><span style=\"font-weight: 400;\">gulan\u00ea<\/span><\/a><span style=\"font-weight: 400;\"> de, Human Rights Watch gihaye encama ku bikaran\u00eena Hik\u00fbmeta S\u00fbr\u00eeyey\u00ea bo \u00e7ek\u00ean k\u00eemaw\u00ee li ser asteke berfireh t\u00ea p\u00eakan\u00een \u00fb dibe ku ev yek bigih\u00ea asta tawan\u00ean li dij\u00ee mirovah\u00eey\u00ea.<\/span><\/p>\n<p dir=\"ltr\"><span style=\"font-weight: 400;\">M\u00eekan\u00eezma L\u00eapirs\u00een\u00ea ya Hevbe\u015f diyar kir ku ew ji ber bikaran\u00eena \u00e7ek\u00ean K\u00eemaw\u00ee pir tengaz e: \u201ceger ev bikaran\u00een raneweste tev\u00ee qedexekirina civaka navdewlet\u00ee, neb\u00fbna sizayan d\u00ea al\u00eey\u00ean din han bide \u2013 ne ten\u00ea li S\u00fbr\u00eeyey\u00ea l\u00ea devirine din j\u00ee. gerek e ev kar rawestin.\u201d<\/span><\/p>\n<p dir=\"ltr\"><span style=\"font-weight: 400;\">Encumena Ewlekar\u00eey\u00ea <\/span><a href=\"https:\/\/scm.bz\/scm17EKG\"><span style=\"font-weight: 400;\">M\u00eekan\u00eezma L\u00eapirs\u00een\u00ea ya Hevbe\u015f<\/span><\/a><span style=\"font-weight: 400;\"> di tebaxa 2015an de damezirand da ku &#8220;bi kar\u00ea destn\u00ee\u015fankirina kes an al\u00eey\u00ean ku b\u00fbjen\u00ean k\u00eemaw\u00ee bikara an\u00eene rabe.. weke \u00e7ek li Komara Ereb\u00ee ya S\u00fbr\u00eeyey\u00ea&#8221;.<\/span><\/p>\n<p dir=\"ltr\"><a href=\"https:\/\/scm.bz\/scmiaM33\"><span style=\"font-weight: 400;\">R\u00fbs\u00eeyey\u00ea<\/span><\/a><span style=\"font-weight: 400;\"> pi\u015ftgir\u00eeya biryara \u00e7\u00eakirina M\u00eekan\u00eezma L\u00eapirs\u00een\u00ea ya Hevbe\u015f kir l\u00ea di demeke bor\u00ee a v\u00ea meh\u00ea de <\/span><a href=\"https:\/\/scm.bz\/scmkfp7P\"><span style=\"font-weight: 400;\">v\u00eeto li dij\u00ee biryara<\/span><\/a><span style=\"font-weight: 400;\"> dir\u00eajkirina dema kar\u00ea m\u00eekan\u00eezm\u00ea bikar an\u00ee.<\/span><\/p>\n<p dir=\"ltr\"><span style=\"font-weight: 400;\">Human Rights Watch\u00ea got ku ji endam\u00ean Encumena Ewlekar\u00eey\u00ea li gel R\u00fbs\u00eeya t\u00ea xwestin ku w\u00eelayeta M\u00eekan\u00eezma L\u00eapirs\u00een\u00ea a Hevbe\u015f dir\u00eaj bikin da ku karibe kar\u00ea xwe di \u00ear\u00ee\u015f\u00ean \u00e7ek\u00ean k\u00eemaw\u00ee y\u00ean din de berdewam bike. R\u00eaxistina Qedexekirina \u00e7ek\u00ean K\u00eemaw\u00ee di raporeke xwe ya t\u00eermeh\u00ea de got ku \u015fanda \u015fopandina rast\u00eeyan di \u00eed\u00eeyay\u00ean her\u00ee n\u00eaz\u00ee rast\u00eey\u00ea de di 60 b\u00fbyer\u00ean bikaran\u00eena \u00e7ek\u00ean k\u00eemaw\u00ee de li S\u00fbr\u00eeyey\u00ea dikole.<\/span><\/p>\n<p dir=\"ltr\"><span style=\"font-weight: 400;\">Di b\u00fbyerek\u00ea ji wan de \u00ear\u00ee\u015f n\u00eaz\u00ee bajarok\u00ea Letamin\u00ea b\u00fb di 30\u00ea adar\u00ea de, ber\u00ee 5 rojan ji \u00ear\u00ee\u015fa li ser Xan \u015eeyx\u00fbn\u00ea, bkaran\u00eena xaza sar\u00een\u00ea t\u00eade hate teqezkirin ku xazeke rehan a kujer e. di daw\u00eeya \u00e7\u00eakirina rapor\u00ea de, r\u00eaxistin d\u00ea doze veguh\u00eaze bo m\u00eekan\u00eezma l\u00eapirs\u00een\u00ea a hevbe\u015f da ku karibe nasnameya berpirs\u00ea \u00ear\u00ee\u015f\u00ea destn\u00ee\u015fan bike ew j\u00ee eger w\u00eelayeta w\u00ea were dir\u00eajkirin. <\/span><\/p>\n<p dir=\"ltr\"><span style=\"font-weight: 400;\">Solvang got: \u201cR\u00fbs\u00eeya doza \u00e7\u00eakirina l\u00eapirs\u00eeneke serbixwe dike, ev j\u00ee encam e. \u00a0pirsa nuha ev e: gelo R\u00fbs\u00eeya d\u00ea pi\u015ftgir\u00eeya cezakirina binp\u00eakirin\u00ean p\u00eevan\u00ean navdewlet\u00ee bike an d\u00ea prens\u00eep\u00ean xwe ji bo parastina hevalband\u00ea xwe y\u00ea S\u00fbr\u00eeyey\u00ee bike qurban\u00ee?.\u201d<\/span><\/p>\n<p dir=\"ltr\"><span style=\"font-weight: 400;\">J\u00eader: <\/span><a href=\"https:\/\/scm.bz\/scm53h3P\"><span style=\"font-weight: 400;\">Human Rights Watch<\/span><\/a><span style=\"font-weight: 400;\">.<\/span><\/p>\n","protected":false},"excerpt":{"rendered":"<p>Kom\u00eeteyeke Navnetewey\u00ee dib\u00eaje ku Hik\u00fbmet di ber \u00ear\u00ee\u015f Xan \u015eeyx\u00fbn\u00ea de berpirs e Diru\u015fmek ji metirs\u00eey\u00ean jehr\u00ea agahdar dike li bajarok\u00ea Xan \u015eeyx\u00fbn\u00ea, Par\u00eazgeha \u00cadl\u00eab\u00ea, S\u00fbr\u00eeye, 5\u00ea n\u00eesana 2017an \u00a92017 Ebdilsemed Dagol\/ Ajansa Anadol\u00ea\/ Getty Images (New York) \u2013 Human Rights Watch\u00ea \u00eeroj got ku ji dewlet\u00ean endam\u00ean \u201cEncumena Ewlekar\u00eey\u00ea ya gir\u00eaday\u00ee Netewey\u00ean Yekb\u00fby\u00eey\u00ea\u201d \u00fb [&hellip;]<\/p>\n","protected":false},"author":24,"featured_media":180696,"comment_status":"open","ping_status":"open","sticky":false,"template":"","format":"standard","meta":{"_acf_changed":false,"footnotes":""},"categories":[325],"tags":[],"class_list":["post-180695","post","type-post","status-publish","format-standard","has-post-thumbnail","hentry","category-violations-kmr","post-wrapper"],"acf":[],"yoast_head":"<!-- This site is optimized with the Yoast SEO Premium plugin v20.6 (Yoast SEO v26.5) - https:\/\/yoast.com\/wordpress\/plugins\/seo\/ -->\n<title>S\u00fbr\u00eeye: p\u00eadiv\u00eeya encam\u00ean l\u00eapirs\u00eenan di \u00ear\u00ee\u015f\u00ean k\u00eemaw\u00ee de bi cezayan heye - \u0627\u0644\u0645\u0631\u0643\u0632 \u0627\u0644\u0633\u0648\u0631\u064a \u0644\u0644\u0625\u0639\u0644\u0627\u0645 \u0648\u062d\u0631\u064a\u0629 \u0627\u0644\u062a\u0639\u0628\u064a\u0631 Syrian Center for Media and Freedom of Expression<\/title>\n<meta name=\"description\" content=\"%\" \/>\n<meta name=\"robots\" content=\"index, follow, max-snippet:-1, max-image-preview:large, max-video-preview:-1\" \/>\n<link rel=\"canonical\" href=\"https:\/\/mfu.scm.bz\/kmr\/suriye-pediviya-encamen-lepirsinan-di-erisen-kimawi-de-bi-cezayan-heye\/\" \/>\n<meta property=\"og:locale\" content=\"en_US\" \/>\n<meta property=\"og:type\" content=\"article\" \/>\n<meta property=\"og:title\" content=\"S\u00fbr\u00eeye: p\u00eadiv\u00eeya encam\u00ean l\u00eapirs\u00eenan di \u00ear\u00ee\u015f\u00ean k\u00eemaw\u00ee de bi cezayan heye\" \/>\n<meta property=\"og:description\" content=\"%\" \/>\n<meta property=\"og:url\" content=\"https:\/\/mfu.scm.bz\/kmr\/suriye-pediviya-encamen-lepirsinan-di-erisen-kimawi-de-bi-cezayan-heye\/\" \/>\n<meta property=\"og:site_name\" content=\"\u0627\u0644\u0645\u0631\u0643\u0632 \u0627\u0644\u0633\u0648\u0631\u064a \u0644\u0644\u0625\u0639\u0644\u0627\u0645 \u0648\u062d\u0631\u064a\u0629 \u0627\u0644\u062a\u0639\u0628\u064a\u0631 Syrian Center for Media and Freedom of Expression\" \/>\n<meta property=\"article:publisher\" content=\"https:\/\/www.facebook.com\/scm.center\" \/>\n<meta property=\"article:published_time\" content=\"2017-10-27T11:10:34+00:00\" \/>\n<meta property=\"og:image\" content=\"https:\/\/mfu.scm.bz\/wp-content\/uploads\/2017\/10\/cover_image.jpg\" \/>\n\t<meta property=\"og:image:width\" content=\"1070\" \/>\n\t<meta property=\"og:image:height\" content=\"713\" \/>\n\t<meta property=\"og:image:type\" content=\"image\/jpeg\" \/>\n<meta name=\"author\" content=\"scmadmin\" \/>\n<meta name=\"twitter:card\" content=\"summary_large_image\" \/>\n<meta name=\"twitter:creator\" content=\"@SyrianCenter\" \/>\n<meta name=\"twitter:site\" content=\"@SyrianCenter\" \/>\n<meta name=\"twitter:label1\" content=\"Written by\" \/>\n\t<meta name=\"twitter:data1\" content=\"scmadmin\" \/>\n\t<meta name=\"twitter:label2\" content=\"Est. reading time\" \/>\n\t<meta name=\"twitter:data2\" content=\"5 minutes\" \/>\n<script type=\"application\/ld+json\" class=\"yoast-schema-graph\">{\"@context\":\"https:\/\/schema.org\",\"@graph\":[{\"@type\":\"Article\",\"@id\":\"https:\/\/mfu.scm.bz\/kmr\/suriye-pediviya-encamen-lepirsinan-di-erisen-kimawi-de-bi-cezayan-heye\/#article\",\"isPartOf\":{\"@id\":\"https:\/\/mfu.scm.bz\/kmr\/suriye-pediviya-encamen-lepirsinan-di-erisen-kimawi-de-bi-cezayan-heye\/\"},\"author\":{\"name\":\"scmadmin\",\"@id\":\"https:\/\/scm.bz\/#\/schema\/person\/d116d4c43d9f3d4fe4b61619e91ead45\"},\"headline\":\"S\u00fbr\u00eeye: p\u00eadiv\u00eeya encam\u00ean l\u00eapirs\u00eenan di \u00ear\u00ee\u015f\u00ean k\u00eemaw\u00ee de bi cezayan heye\",\"datePublished\":\"2017-10-27T11:10:34+00:00\",\"mainEntityOfPage\":{\"@id\":\"https:\/\/mfu.scm.bz\/kmr\/suriye-pediviya-encamen-lepirsinan-di-erisen-kimawi-de-bi-cezayan-heye\/\"},\"wordCount\":961,\"commentCount\":0,\"publisher\":{\"@id\":\"https:\/\/scm.bz\/#organization\"},\"image\":{\"@id\":\"https:\/\/mfu.scm.bz\/kmr\/suriye-pediviya-encamen-lepirsinan-di-erisen-kimawi-de-bi-cezayan-heye\/#primaryimage\"},\"thumbnailUrl\":\"https:\/\/scm.bz\/wp-content\/uploads\/2017\/10\/cover_image.jpg\",\"articleSection\":[\"Rewangeha Binp\u00eakirinan\"],\"inLanguage\":\"kmr\"},{\"@type\":\"WebPage\",\"@id\":\"https:\/\/mfu.scm.bz\/kmr\/suriye-pediviya-encamen-lepirsinan-di-erisen-kimawi-de-bi-cezayan-heye\/\",\"url\":\"https:\/\/mfu.scm.bz\/kmr\/suriye-pediviya-encamen-lepirsinan-di-erisen-kimawi-de-bi-cezayan-heye\/\",\"name\":\"S\u00fbr\u00eeye: p\u00eadiv\u00eeya encam\u00ean l\u00eapirs\u00eenan di \u00ear\u00ee\u015f\u00ean k\u00eemaw\u00ee de bi cezayan heye - \u0627\u0644\u0645\u0631\u0643\u0632 \u0627\u0644\u0633\u0648\u0631\u064a \u0644\u0644\u0625\u0639\u0644\u0627\u0645 \u0648\u062d\u0631\u064a\u0629 \u0627\u0644\u062a\u0639\u0628\u064a\u0631 Syrian Center for Media and Freedom of Expression\",\"isPartOf\":{\"@id\":\"https:\/\/scm.bz\/#website\"},\"primaryImageOfPage\":{\"@id\":\"https:\/\/mfu.scm.bz\/kmr\/suriye-pediviya-encamen-lepirsinan-di-erisen-kimawi-de-bi-cezayan-heye\/#primaryimage\"},\"image\":{\"@id\":\"https:\/\/mfu.scm.bz\/kmr\/suriye-pediviya-encamen-lepirsinan-di-erisen-kimawi-de-bi-cezayan-heye\/#primaryimage\"},\"thumbnailUrl\":\"https:\/\/scm.bz\/wp-content\/uploads\/2017\/10\/cover_image.jpg\",\"datePublished\":\"2017-10-27T11:10:34+00:00\",\"description\":\"%\",\"breadcrumb\":{\"@id\":\"https:\/\/mfu.scm.bz\/kmr\/suriye-pediviya-encamen-lepirsinan-di-erisen-kimawi-de-bi-cezayan-heye\/#breadcrumb\"},\"inLanguage\":\"kmr\",\"potentialAction\":[{\"@type\":\"ReadAction\",\"target\":[\"https:\/\/mfu.scm.bz\/kmr\/suriye-pediviya-encamen-lepirsinan-di-erisen-kimawi-de-bi-cezayan-heye\/\"]}]},{\"@type\":\"ImageObject\",\"inLanguage\":\"kmr\",\"@id\":\"https:\/\/mfu.scm.bz\/kmr\/suriye-pediviya-encamen-lepirsinan-di-erisen-kimawi-de-bi-cezayan-heye\/#primaryimage\",\"url\":\"https:\/\/scm.bz\/wp-content\/uploads\/2017\/10\/cover_image.jpg\",\"contentUrl\":\"https:\/\/scm.bz\/wp-content\/uploads\/2017\/10\/cover_image.jpg\",\"width\":1070,\"height\":713},{\"@type\":\"BreadcrumbList\",\"@id\":\"https:\/\/mfu.scm.bz\/kmr\/suriye-pediviya-encamen-lepirsinan-di-erisen-kimawi-de-bi-cezayan-heye\/#breadcrumb\",\"itemListElement\":[{\"@type\":\"ListItem\",\"position\":1,\"name\":\"Home\",\"item\":\"https:\/\/scm.bz\/kmr\/\"},{\"@type\":\"ListItem\",\"position\":2,\"name\":\"S\u00fbr\u00eeye: p\u00eadiv\u00eeya encam\u00ean l\u00eapirs\u00eenan di \u00ear\u00ee\u015f\u00ean k\u00eemaw\u00ee de bi cezayan heye\"}]},{\"@type\":\"WebSite\",\"@id\":\"https:\/\/scm.bz\/#website\",\"url\":\"https:\/\/scm.bz\/\",\"name\":\"\u0627\u0644\u0645\u0631\u0643\u0632 \u0627\u0644\u0633\u0648\u0631\u064a \u0644\u0644\u0625\u0639\u0644\u0627\u0645 \u0648\u062d\u0631\u064a\u0629 \u0627\u0644\u062a\u0639\u0628\u064a\u0631 Syrian Center for Media and Freedom of Expression\",\"description\":\"\",\"publisher\":{\"@id\":\"https:\/\/scm.bz\/#organization\"},\"potentialAction\":[{\"@type\":\"SearchAction\",\"target\":{\"@type\":\"EntryPoint\",\"urlTemplate\":\"https:\/\/scm.bz\/?s={search_term_string}\"},\"query-input\":{\"@type\":\"PropertyValueSpecification\",\"valueRequired\":true,\"valueName\":\"search_term_string\"}}],\"inLanguage\":\"kmr\"},{\"@type\":\"Organization\",\"@id\":\"https:\/\/scm.bz\/#organization\",\"name\":\"\u0627\u0644\u0645\u0631\u0643\u0632 \u0627\u0644\u0633\u0648\u0631\u064a \u0644\u0644\u0625\u0639\u0644\u0627\u0645 \u0648\u062d\u0631\u064a\u0629 \u0627\u0644\u062a\u0639\u0628\u064a\u0631 Syrian Center for Media and Freedom of Expression\",\"url\":\"https:\/\/scm.bz\/\",\"logo\":{\"@type\":\"ImageObject\",\"inLanguage\":\"kmr\",\"@id\":\"https:\/\/scm.bz\/#\/schema\/logo\/image\/\",\"url\":\"http:\/\/scm.bz\/wp-content\/uploads\/2021\/01\/SCM-logo-1-with-Clear-Space-1-2.png\",\"contentUrl\":\"http:\/\/scm.bz\/wp-content\/uploads\/2021\/01\/SCM-logo-1-with-Clear-Space-1-2.png\",\"width\":1450,\"height\":1450,\"caption\":\"\u0627\u0644\u0645\u0631\u0643\u0632 \u0627\u0644\u0633\u0648\u0631\u064a \u0644\u0644\u0625\u0639\u0644\u0627\u0645 \u0648\u062d\u0631\u064a\u0629 \u0627\u0644\u062a\u0639\u0628\u064a\u0631 Syrian Center for Media and Freedom of Expression\"},\"image\":{\"@id\":\"https:\/\/scm.bz\/#\/schema\/logo\/image\/\"},\"sameAs\":[\"https:\/\/www.facebook.com\/scm.center\",\"https:\/\/x.com\/SyrianCenter\"]},{\"@type\":\"Person\",\"@id\":\"https:\/\/scm.bz\/#\/schema\/person\/d116d4c43d9f3d4fe4b61619e91ead45\",\"name\":\"scmadmin\",\"image\":{\"@type\":\"ImageObject\",\"inLanguage\":\"kmr\",\"@id\":\"https:\/\/scm.bz\/#\/schema\/person\/image\/\",\"url\":\"https:\/\/secure.gravatar.com\/avatar\/8cb2b559549de2ba5e28f5d26e15c8f315b5dd63c953e348e6769ae2e88e3cdc?s=96&d=blank&r=g\",\"contentUrl\":\"https:\/\/secure.gravatar.com\/avatar\/8cb2b559549de2ba5e28f5d26e15c8f315b5dd63c953e348e6769ae2e88e3cdc?s=96&d=blank&r=g\",\"caption\":\"scmadmin\"},\"url\":\"https:\/\/scm.bz\/kmr\/author\/scmadmin\/\"}]}<\/script>\n<!-- \/ Yoast SEO Premium plugin. -->","yoast_head_json":{"title":"S\u00fbr\u00eeye: p\u00eadiv\u00eeya encam\u00ean l\u00eapirs\u00eenan di \u00ear\u00ee\u015f\u00ean k\u00eemaw\u00ee de bi cezayan heye - \u0627\u0644\u0645\u0631\u0643\u0632 \u0627\u0644\u0633\u0648\u0631\u064a \u0644\u0644\u0625\u0639\u0644\u0627\u0645 \u0648\u062d\u0631\u064a\u0629 \u0627\u0644\u062a\u0639\u0628\u064a\u0631 Syrian Center for Media and Freedom of Expression","description":"%","robots":{"index":"index","follow":"follow","max-snippet":"max-snippet:-1","max-image-preview":"max-image-preview:large","max-video-preview":"max-video-preview:-1"},"canonical":"https:\/\/mfu.scm.bz\/kmr\/suriye-pediviya-encamen-lepirsinan-di-erisen-kimawi-de-bi-cezayan-heye\/","og_locale":"en_US","og_type":"article","og_title":"S\u00fbr\u00eeye: p\u00eadiv\u00eeya encam\u00ean l\u00eapirs\u00eenan di \u00ear\u00ee\u015f\u00ean k\u00eemaw\u00ee de bi cezayan heye","og_description":"%","og_url":"https:\/\/mfu.scm.bz\/kmr\/suriye-pediviya-encamen-lepirsinan-di-erisen-kimawi-de-bi-cezayan-heye\/","og_site_name":"\u0627\u0644\u0645\u0631\u0643\u0632 \u0627\u0644\u0633\u0648\u0631\u064a \u0644\u0644\u0625\u0639\u0644\u0627\u0645 \u0648\u062d\u0631\u064a\u0629 \u0627\u0644\u062a\u0639\u0628\u064a\u0631 Syrian Center for Media and Freedom of Expression","article_publisher":"https:\/\/www.facebook.com\/scm.center","article_published_time":"2017-10-27T11:10:34+00:00","og_image":[{"width":1070,"height":713,"url":"https:\/\/mfu.scm.bz\/wp-content\/uploads\/2017\/10\/cover_image.jpg","type":"image\/jpeg"}],"author":"scmadmin","twitter_card":"summary_large_image","twitter_creator":"@SyrianCenter","twitter_site":"@SyrianCenter","twitter_misc":{"Written by":"scmadmin","Est. reading time":"5 minutes"},"schema":{"@context":"https:\/\/schema.org","@graph":[{"@type":"Article","@id":"https:\/\/mfu.scm.bz\/kmr\/suriye-pediviya-encamen-lepirsinan-di-erisen-kimawi-de-bi-cezayan-heye\/#article","isPartOf":{"@id":"https:\/\/mfu.scm.bz\/kmr\/suriye-pediviya-encamen-lepirsinan-di-erisen-kimawi-de-bi-cezayan-heye\/"},"author":{"name":"scmadmin","@id":"https:\/\/scm.bz\/#\/schema\/person\/d116d4c43d9f3d4fe4b61619e91ead45"},"headline":"S\u00fbr\u00eeye: p\u00eadiv\u00eeya encam\u00ean l\u00eapirs\u00eenan di \u00ear\u00ee\u015f\u00ean k\u00eemaw\u00ee de bi cezayan heye","datePublished":"2017-10-27T11:10:34+00:00","mainEntityOfPage":{"@id":"https:\/\/mfu.scm.bz\/kmr\/suriye-pediviya-encamen-lepirsinan-di-erisen-kimawi-de-bi-cezayan-heye\/"},"wordCount":961,"commentCount":0,"publisher":{"@id":"https:\/\/scm.bz\/#organization"},"image":{"@id":"https:\/\/mfu.scm.bz\/kmr\/suriye-pediviya-encamen-lepirsinan-di-erisen-kimawi-de-bi-cezayan-heye\/#primaryimage"},"thumbnailUrl":"https:\/\/scm.bz\/wp-content\/uploads\/2017\/10\/cover_image.jpg","articleSection":["Rewangeha Binp\u00eakirinan"],"inLanguage":"kmr"},{"@type":"WebPage","@id":"https:\/\/mfu.scm.bz\/kmr\/suriye-pediviya-encamen-lepirsinan-di-erisen-kimawi-de-bi-cezayan-heye\/","url":"https:\/\/mfu.scm.bz\/kmr\/suriye-pediviya-encamen-lepirsinan-di-erisen-kimawi-de-bi-cezayan-heye\/","name":"S\u00fbr\u00eeye: p\u00eadiv\u00eeya encam\u00ean l\u00eapirs\u00eenan di \u00ear\u00ee\u015f\u00ean k\u00eemaw\u00ee de bi cezayan heye - \u0627\u0644\u0645\u0631\u0643\u0632 \u0627\u0644\u0633\u0648\u0631\u064a \u0644\u0644\u0625\u0639\u0644\u0627\u0645 \u0648\u062d\u0631\u064a\u0629 \u0627\u0644\u062a\u0639\u0628\u064a\u0631 Syrian Center for Media and Freedom of Expression","isPartOf":{"@id":"https:\/\/scm.bz\/#website"},"primaryImageOfPage":{"@id":"https:\/\/mfu.scm.bz\/kmr\/suriye-pediviya-encamen-lepirsinan-di-erisen-kimawi-de-bi-cezayan-heye\/#primaryimage"},"image":{"@id":"https:\/\/mfu.scm.bz\/kmr\/suriye-pediviya-encamen-lepirsinan-di-erisen-kimawi-de-bi-cezayan-heye\/#primaryimage"},"thumbnailUrl":"https:\/\/scm.bz\/wp-content\/uploads\/2017\/10\/cover_image.jpg","datePublished":"2017-10-27T11:10:34+00:00","description":"%","breadcrumb":{"@id":"https:\/\/mfu.scm.bz\/kmr\/suriye-pediviya-encamen-lepirsinan-di-erisen-kimawi-de-bi-cezayan-heye\/#breadcrumb"},"inLanguage":"kmr","potentialAction":[{"@type":"ReadAction","target":["https:\/\/mfu.scm.bz\/kmr\/suriye-pediviya-encamen-lepirsinan-di-erisen-kimawi-de-bi-cezayan-heye\/"]}]},{"@type":"ImageObject","inLanguage":"kmr","@id":"https:\/\/mfu.scm.bz\/kmr\/suriye-pediviya-encamen-lepirsinan-di-erisen-kimawi-de-bi-cezayan-heye\/#primaryimage","url":"https:\/\/scm.bz\/wp-content\/uploads\/2017\/10\/cover_image.jpg","contentUrl":"https:\/\/scm.bz\/wp-content\/uploads\/2017\/10\/cover_image.jpg","width":1070,"height":713},{"@type":"BreadcrumbList","@id":"https:\/\/mfu.scm.bz\/kmr\/suriye-pediviya-encamen-lepirsinan-di-erisen-kimawi-de-bi-cezayan-heye\/#breadcrumb","itemListElement":[{"@type":"ListItem","position":1,"name":"Home","item":"https:\/\/scm.bz\/kmr\/"},{"@type":"ListItem","position":2,"name":"S\u00fbr\u00eeye: p\u00eadiv\u00eeya encam\u00ean l\u00eapirs\u00eenan di \u00ear\u00ee\u015f\u00ean k\u00eemaw\u00ee de bi cezayan heye"}]},{"@type":"WebSite","@id":"https:\/\/scm.bz\/#website","url":"https:\/\/scm.bz\/","name":"\u0627\u0644\u0645\u0631\u0643\u0632 \u0627\u0644\u0633\u0648\u0631\u064a \u0644\u0644\u0625\u0639\u0644\u0627\u0645 \u0648\u062d\u0631\u064a\u0629 \u0627\u0644\u062a\u0639\u0628\u064a\u0631 Syrian Center for Media and Freedom of Expression","description":"","publisher":{"@id":"https:\/\/scm.bz\/#organization"},"potentialAction":[{"@type":"SearchAction","target":{"@type":"EntryPoint","urlTemplate":"https:\/\/scm.bz\/?s={search_term_string}"},"query-input":{"@type":"PropertyValueSpecification","valueRequired":true,"valueName":"search_term_string"}}],"inLanguage":"kmr"},{"@type":"Organization","@id":"https:\/\/scm.bz\/#organization","name":"\u0627\u0644\u0645\u0631\u0643\u0632 \u0627\u0644\u0633\u0648\u0631\u064a \u0644\u0644\u0625\u0639\u0644\u0627\u0645 \u0648\u062d\u0631\u064a\u0629 \u0627\u0644\u062a\u0639\u0628\u064a\u0631 Syrian Center for Media and Freedom of Expression","url":"https:\/\/scm.bz\/","logo":{"@type":"ImageObject","inLanguage":"kmr","@id":"https:\/\/scm.bz\/#\/schema\/logo\/image\/","url":"http:\/\/scm.bz\/wp-content\/uploads\/2021\/01\/SCM-logo-1-with-Clear-Space-1-2.png","contentUrl":"http:\/\/scm.bz\/wp-content\/uploads\/2021\/01\/SCM-logo-1-with-Clear-Space-1-2.png","width":1450,"height":1450,"caption":"\u0627\u0644\u0645\u0631\u0643\u0632 \u0627\u0644\u0633\u0648\u0631\u064a \u0644\u0644\u0625\u0639\u0644\u0627\u0645 \u0648\u062d\u0631\u064a\u0629 \u0627\u0644\u062a\u0639\u0628\u064a\u0631 Syrian Center for Media and Freedom of Expression"},"image":{"@id":"https:\/\/scm.bz\/#\/schema\/logo\/image\/"},"sameAs":["https:\/\/www.facebook.com\/scm.center","https:\/\/x.com\/SyrianCenter"]},{"@type":"Person","@id":"https:\/\/scm.bz\/#\/schema\/person\/d116d4c43d9f3d4fe4b61619e91ead45","name":"scmadmin","image":{"@type":"ImageObject","inLanguage":"kmr","@id":"https:\/\/scm.bz\/#\/schema\/person\/image\/","url":"https:\/\/secure.gravatar.com\/avatar\/8cb2b559549de2ba5e28f5d26e15c8f315b5dd63c953e348e6769ae2e88e3cdc?s=96&d=blank&r=g","contentUrl":"https:\/\/secure.gravatar.com\/avatar\/8cb2b559549de2ba5e28f5d26e15c8f315b5dd63c953e348e6769ae2e88e3cdc?s=96&d=blank&r=g","caption":"scmadmin"},"url":"https:\/\/scm.bz\/kmr\/author\/scmadmin\/"}]}},"_links":{"self":[{"href":"https:\/\/scm.bz\/kmr\/wp-json\/wp\/v2\/posts\/180695","targetHints":{"allow":["GET"]}}],"collection":[{"href":"https:\/\/scm.bz\/kmr\/wp-json\/wp\/v2\/posts"}],"about":[{"href":"https:\/\/scm.bz\/kmr\/wp-json\/wp\/v2\/types\/post"}],"author":[{"embeddable":true,"href":"https:\/\/scm.bz\/kmr\/wp-json\/wp\/v2\/users\/24"}],"replies":[{"embeddable":true,"href":"https:\/\/scm.bz\/kmr\/wp-json\/wp\/v2\/comments?post=180695"}],"version-history":[{"count":0,"href":"https:\/\/scm.bz\/kmr\/wp-json\/wp\/v2\/posts\/180695\/revisions"}],"wp:featuredmedia":[{"embeddable":true,"href":"https:\/\/scm.bz\/kmr\/wp-json\/wp\/v2\/media\/180696"}],"wp:attachment":[{"href":"https:\/\/scm.bz\/kmr\/wp-json\/wp\/v2\/media?parent=180695"}],"wp:term":[{"taxonomy":"category","embeddable":true,"href":"https:\/\/scm.bz\/kmr\/wp-json\/wp\/v2\/categories?post=180695"},{"taxonomy":"post_tag","embeddable":true,"href":"https:\/\/scm.bz\/kmr\/wp-json\/wp\/v2\/tags?post=180695"}],"curies":[{"name":"wp","href":"https:\/\/api.w.org\/{rel}","templated":true}]}}