{"id":183689,"date":"2018-04-11T17:55:54","date_gmt":"2018-04-11T15:55:54","guid":{"rendered":"https:\/\/scm.bz?p=183689"},"modified":"2018-04-11T17:56:38","modified_gmt":"2018-04-11T15:56:38","slug":"derfeta-peskeskirina-bo-danen-darayi-yen-taybet-bi-kesen-ku-belgefilman-cedikin","status":"publish","type":"post","link":"https:\/\/scm.bz\/en\/derfeta-peskeskirina-bo-danen-darayi-yen-taybet-bi-kesen-ku-belgefilman-cedikin\/","title":{"rendered":"Derfeta p\u00ea\u015fk\u00ea\u015fkirina bo dan\u00ean daray\u00ee y\u00ean taybet bi kes\u00ean ku belgef\u00eelman \u00e7\u00eadikin"},"content":{"rendered":"<p>Rojnameger \u00fb kes\u00ean ku belgef\u00eelman \u00e7\u00eadikin dikarin nav\u00ean xwe p\u00ea\u015fk\u00ea\u015f bikin da ku dan\u00ea werbigirin.<\/p>\n<p><a href=\"https:\/\/scm.bz\/scmJLcLS\">Dezgeha F\u00eelmsazker\u00ean B\u00ea S\u00eenor<\/a> dan\u00ean projey\u00ean dezgeh\u00ean ragihandin\u00ea y\u00ean vegotin\u00ee, belgey\u00fb, tecr\u00eeb\u00ee \u00fb n\u00fb p\u00ea\u015fk\u00ea\u015f dike.<\/p>\n<p>Dan di nav 100US$ \u00fb 5,000US$ e, \u00fb dibe ku p\u00ea\u015fxistin, hilber&#8217;n \u00fb festival f\u00eelman j\u00ee li xwe bigire.<\/p>\n<p>Divabe kes\u00ean ku nav\u00ean xwe p\u00ea\u015fk\u00ea\u015f dikin madey\u00ean c\u00fbrbec\u00fbr p\u00ea\u015fk\u00ea\u015f bikin \u00fb ji nav wan j\u00ee p\u00ea\u015fniyara proje \u00fb v\u00eedyoy\u00ea.<\/p>\n<p>D\u00eeroka daw\u00ee ya p\u00ea\u015fk\u00ea\u015fkirin\u00ea 1\u00ea hiz\u00earan\u00ea ye.<\/p>\n<p>Bo naskirna h\u00fbrgil\u00eeyan, li <a href=\"https:\/\/scm.bz\/scmHTNxR\">v\u00ea der\u00ea<\/a> bixe.<\/p>\n","protected":false},"excerpt":{"rendered":"<p>Rojnameger \u00fb kes\u00ean ku belgef\u00eelman \u00e7\u00eadikin dikarin nav\u00ean xwe p\u00ea\u015fk\u00ea\u015f bikin da ku dan\u00ea werbigirin. Dezgeha F\u00eelmsazker\u00ean B\u00ea S\u00eenor dan\u00ean projey\u00ean dezgeh\u00ean ragihandin\u00ea y\u00ean vegotin\u00ee, belgey\u00fb, tecr\u00eeb\u00ee \u00fb n\u00fb p\u00ea\u015fk\u00ea\u015f dike. Dan di nav 100US$ \u00fb 5,000US$ e, \u00fb dibe ku p\u00ea\u015fxistin, hilber&#8217;n \u00fb festival f\u00eelman j\u00ee li xwe bigire. Divabe kes\u00ean ku nav\u00ean xwe [&hellip;]<\/p>\n","protected":false},"author":24,"featured_media":183686,"comment_status":"open","ping_status":"open","sticky":false,"template":"","format":"standard","meta":{"_acf_changed":false,"footnotes":""},"categories":[295,318],"tags":[],"class_list":["post-183689","post","type-post","status-publish","format-standard","has-post-thumbnail","hentry","category-jobs-and-training","category-rotator-en","post-wrapper"],"acf":[],"yoast_head":"<!-- This site is optimized with the Yoast SEO Premium plugin v20.6 (Yoast SEO v26.5) - https:\/\/yoast.com\/wordpress\/plugins\/seo\/ -->\n<title>Derfeta p\u00ea\u015fk\u00ea\u015fkirina bo dan\u00ean daray\u00ee y\u00ean taybet bi kes\u00ean ku belgef\u00eelman \u00e7\u00eadikin - \u0627\u0644\u0645\u0631\u0643\u0632 \u0627\u0644\u0633\u0648\u0631\u064a \u0644\u0644\u0625\u0639\u0644\u0627\u0645 \u0648\u062d\u0631\u064a\u0629 \u0627\u0644\u062a\u0639\u0628\u064a\u0631 Syrian Center for Media and Freedom of Expression<\/title>\n<meta name=\"description\" content=\"%\" \/>\n<meta name=\"robots\" content=\"index, follow, max-snippet:-1, max-image-preview:large, max-video-preview:-1\" \/>\n<link rel=\"canonical\" href=\"https:\/\/scm.bz\/\u0641\u0631\u0635\u0629-\u0627\u0644\u062a\u0642\u062f\u064a\u0645-\u0625\u0644\u0649-\u0645\u0646\u062d-\u0645\u0627\u0644\u064a\u0629-\u0645\u062e\u0635\u0651\u0635\u0629-\u0644\u0645\u0639\u062f\/\" \/>\n<meta property=\"og:locale\" content=\"en_US\" \/>\n<meta property=\"og:type\" content=\"article\" \/>\n<meta property=\"og:title\" content=\"Derfeta p\u00ea\u015fk\u00ea\u015fkirina bo dan\u00ean daray\u00ee y\u00ean taybet bi kes\u00ean ku belgef\u00eelman \u00e7\u00eadikin\" \/>\n<meta property=\"og:description\" content=\"%\" \/>\n<meta property=\"og:url\" content=\"https:\/\/scm.bz\/\u0641\u0631\u0635\u0629-\u0627\u0644\u062a\u0642\u062f\u064a\u0645-\u0625\u0644\u0649-\u0645\u0646\u062d-\u0645\u0627\u0644\u064a\u0629-\u0645\u062e\u0635\u0651\u0635\u0629-\u0644\u0645\u0639\u062f\/\" \/>\n<meta property=\"og:site_name\" content=\"\u0627\u0644\u0645\u0631\u0643\u0632 \u0627\u0644\u0633\u0648\u0631\u064a \u0644\u0644\u0625\u0639\u0644\u0627\u0645 \u0648\u062d\u0631\u064a\u0629 \u0627\u0644\u062a\u0639\u0628\u064a\u0631 Syrian Center for Media and Freedom of Expression\" \/>\n<meta property=\"article:publisher\" content=\"https:\/\/www.facebook.com\/scm.center\" \/>\n<meta property=\"article:published_time\" content=\"2018-04-11T15:55:54+00:00\" \/>\n<meta property=\"article:modified_time\" content=\"2018-04-11T15:56:38+00:00\" \/>\n<meta property=\"og:image\" content=\"https:\/\/scm.bz\/wp-content\/uploads\/2018\/04\/0_-VzpDy3YaDWbvEr61.jpg\" \/>\n\t<meta property=\"og:image:width\" content=\"1600\" \/>\n\t<meta property=\"og:image:height\" content=\"1149\" \/>\n\t<meta property=\"og:image:type\" content=\"image\/jpeg\" \/>\n<meta name=\"author\" content=\"scmadmin\" \/>\n<meta name=\"twitter:card\" content=\"summary_large_image\" \/>\n<meta name=\"twitter:creator\" content=\"@SyrianCenter\" \/>\n<meta name=\"twitter:site\" content=\"@SyrianCenter\" \/>\n<meta name=\"twitter:label1\" content=\"Written by\" \/>\n\t<meta name=\"twitter:data1\" content=\"scmadmin\" \/>\n\t<meta name=\"twitter:label2\" content=\"Est. reading time\" \/>\n\t<meta name=\"twitter:data2\" content=\"1 minute\" \/>\n<script type=\"application\/ld+json\" class=\"yoast-schema-graph\">{\"@context\":\"https:\/\/schema.org\",\"@graph\":[{\"@type\":\"Article\",\"@id\":\"https:\/\/scm.bz\/%d9%81%d8%b1%d8%b5%d8%a9-%d8%a7%d9%84%d8%aa%d9%82%d8%af%d9%8a%d9%85-%d8%a5%d9%84%d9%89-%d9%85%d9%86%d8%ad-%d9%85%d8%a7%d9%84%d9%8a%d8%a9-%d9%85%d8%ae%d8%b5%d9%91%d8%b5%d8%a9-%d9%84%d9%85%d8%b9%d8%af\/#article\",\"isPartOf\":{\"@id\":\"https:\/\/scm.bz\/%d9%81%d8%b1%d8%b5%d8%a9-%d8%a7%d9%84%d8%aa%d9%82%d8%af%d9%8a%d9%85-%d8%a5%d9%84%d9%89-%d9%85%d9%86%d8%ad-%d9%85%d8%a7%d9%84%d9%8a%d8%a9-%d9%85%d8%ae%d8%b5%d9%91%d8%b5%d8%a9-%d9%84%d9%85%d8%b9%d8%af\/\"},\"author\":{\"name\":\"scmadmin\",\"@id\":\"https:\/\/scm.bz\/#\/schema\/person\/d116d4c43d9f3d4fe4b61619e91ead45\"},\"headline\":\"Derfeta p\u00ea\u015fk\u00ea\u015fkirina bo dan\u00ean daray\u00ee y\u00ean taybet bi kes\u00ean ku belgef\u00eelman \u00e7\u00eadikin\",\"datePublished\":\"2018-04-11T15:55:54+00:00\",\"dateModified\":\"2018-04-11T15:56:38+00:00\",\"mainEntityOfPage\":{\"@id\":\"https:\/\/scm.bz\/%d9%81%d8%b1%d8%b5%d8%a9-%d8%a7%d9%84%d8%aa%d9%82%d8%af%d9%8a%d9%85-%d8%a5%d9%84%d9%89-%d9%85%d9%86%d8%ad-%d9%85%d8%a7%d9%84%d9%8a%d8%a9-%d9%85%d8%ae%d8%b5%d9%91%d8%b5%d8%a9-%d9%84%d9%85%d8%b9%d8%af\/\"},\"wordCount\":125,\"commentCount\":0,\"publisher\":{\"@id\":\"https:\/\/scm.bz\/#organization\"},\"image\":{\"@id\":\"https:\/\/scm.bz\/%d9%81%d8%b1%d8%b5%d8%a9-%d8%a7%d9%84%d8%aa%d9%82%d8%af%d9%8a%d9%85-%d8%a5%d9%84%d9%89-%d9%85%d9%86%d8%ad-%d9%85%d8%a7%d9%84%d9%8a%d8%a9-%d9%85%d8%ae%d8%b5%d9%91%d8%b5%d8%a9-%d9%84%d9%85%d8%b9%d8%af\/#primaryimage\"},\"thumbnailUrl\":\"https:\/\/scm.bz\/wp-content\/uploads\/2018\/04\/0_-VzpDy3YaDWbvEr61.jpg\",\"articleSection\":[\"Jobs and Training\",\"Rotator\"],\"inLanguage\":\"en-US\"},{\"@type\":\"WebPage\",\"@id\":\"https:\/\/scm.bz\/%d9%81%d8%b1%d8%b5%d8%a9-%d8%a7%d9%84%d8%aa%d9%82%d8%af%d9%8a%d9%85-%d8%a5%d9%84%d9%89-%d9%85%d9%86%d8%ad-%d9%85%d8%a7%d9%84%d9%8a%d8%a9-%d9%85%d8%ae%d8%b5%d9%91%d8%b5%d8%a9-%d9%84%d9%85%d8%b9%d8%af\/\",\"url\":\"https:\/\/scm.bz\/%d9%81%d8%b1%d8%b5%d8%a9-%d8%a7%d9%84%d8%aa%d9%82%d8%af%d9%8a%d9%85-%d8%a5%d9%84%d9%89-%d9%85%d9%86%d8%ad-%d9%85%d8%a7%d9%84%d9%8a%d8%a9-%d9%85%d8%ae%d8%b5%d9%91%d8%b5%d8%a9-%d9%84%d9%85%d8%b9%d8%af\/\",\"name\":\"Derfeta p\u00ea\u015fk\u00ea\u015fkirina bo dan\u00ean daray\u00ee y\u00ean taybet bi kes\u00ean ku belgef\u00eelman \u00e7\u00eadikin - \u0627\u0644\u0645\u0631\u0643\u0632 \u0627\u0644\u0633\u0648\u0631\u064a \u0644\u0644\u0625\u0639\u0644\u0627\u0645 \u0648\u062d\u0631\u064a\u0629 \u0627\u0644\u062a\u0639\u0628\u064a\u0631 Syrian Center for Media and Freedom of Expression\",\"isPartOf\":{\"@id\":\"https:\/\/scm.bz\/#website\"},\"primaryImageOfPage\":{\"@id\":\"https:\/\/scm.bz\/%d9%81%d8%b1%d8%b5%d8%a9-%d8%a7%d9%84%d8%aa%d9%82%d8%af%d9%8a%d9%85-%d8%a5%d9%84%d9%89-%d9%85%d9%86%d8%ad-%d9%85%d8%a7%d9%84%d9%8a%d8%a9-%d9%85%d8%ae%d8%b5%d9%91%d8%b5%d8%a9-%d9%84%d9%85%d8%b9%d8%af\/#primaryimage\"},\"image\":{\"@id\":\"https:\/\/scm.bz\/%d9%81%d8%b1%d8%b5%d8%a9-%d8%a7%d9%84%d8%aa%d9%82%d8%af%d9%8a%d9%85-%d8%a5%d9%84%d9%89-%d9%85%d9%86%d8%ad-%d9%85%d8%a7%d9%84%d9%8a%d8%a9-%d9%85%d8%ae%d8%b5%d9%91%d8%b5%d8%a9-%d9%84%d9%85%d8%b9%d8%af\/#primaryimage\"},\"thumbnailUrl\":\"https:\/\/scm.bz\/wp-content\/uploads\/2018\/04\/0_-VzpDy3YaDWbvEr61.jpg\",\"datePublished\":\"2018-04-11T15:55:54+00:00\",\"dateModified\":\"2018-04-11T15:56:38+00:00\",\"description\":\"%\",\"breadcrumb\":{\"@id\":\"https:\/\/scm.bz\/%d9%81%d8%b1%d8%b5%d8%a9-%d8%a7%d9%84%d8%aa%d9%82%d8%af%d9%8a%d9%85-%d8%a5%d9%84%d9%89-%d9%85%d9%86%d8%ad-%d9%85%d8%a7%d9%84%d9%8a%d8%a9-%d9%85%d8%ae%d8%b5%d9%91%d8%b5%d8%a9-%d9%84%d9%85%d8%b9%d8%af\/#breadcrumb\"},\"inLanguage\":\"en-US\",\"potentialAction\":[{\"@type\":\"ReadAction\",\"target\":[\"https:\/\/scm.bz\/%d9%81%d8%b1%d8%b5%d8%a9-%d8%a7%d9%84%d8%aa%d9%82%d8%af%d9%8a%d9%85-%d8%a5%d9%84%d9%89-%d9%85%d9%86%d8%ad-%d9%85%d8%a7%d9%84%d9%8a%d8%a9-%d9%85%d8%ae%d8%b5%d9%91%d8%b5%d8%a9-%d9%84%d9%85%d8%b9%d8%af\/\"]}]},{\"@type\":\"ImageObject\",\"inLanguage\":\"en-US\",\"@id\":\"https:\/\/scm.bz\/%d9%81%d8%b1%d8%b5%d8%a9-%d8%a7%d9%84%d8%aa%d9%82%d8%af%d9%8a%d9%85-%d8%a5%d9%84%d9%89-%d9%85%d9%86%d8%ad-%d9%85%d8%a7%d9%84%d9%8a%d8%a9-%d9%85%d8%ae%d8%b5%d9%91%d8%b5%d8%a9-%d9%84%d9%85%d8%b9%d8%af\/#primaryimage\",\"url\":\"https:\/\/scm.bz\/wp-content\/uploads\/2018\/04\/0_-VzpDy3YaDWbvEr61.jpg\",\"contentUrl\":\"https:\/\/scm.bz\/wp-content\/uploads\/2018\/04\/0_-VzpDy3YaDWbvEr61.jpg\",\"width\":1600,\"height\":1149},{\"@type\":\"BreadcrumbList\",\"@id\":\"https:\/\/scm.bz\/%d9%81%d8%b1%d8%b5%d8%a9-%d8%a7%d9%84%d8%aa%d9%82%d8%af%d9%8a%d9%85-%d8%a5%d9%84%d9%89-%d9%85%d9%86%d8%ad-%d9%85%d8%a7%d9%84%d9%8a%d8%a9-%d9%85%d8%ae%d8%b5%d9%91%d8%b5%d8%a9-%d9%84%d9%85%d8%b9%d8%af\/#breadcrumb\",\"itemListElement\":[{\"@type\":\"ListItem\",\"position\":1,\"name\":\"Home\",\"item\":\"https:\/\/scm.bz\/en\/\"},{\"@type\":\"ListItem\",\"position\":2,\"name\":\"Derfeta p\u00ea\u015fk\u00ea\u015fkirina bo dan\u00ean daray\u00ee y\u00ean taybet bi kes\u00ean ku belgef\u00eelman \u00e7\u00eadikin\"}]},{\"@type\":\"WebSite\",\"@id\":\"https:\/\/scm.bz\/#website\",\"url\":\"https:\/\/scm.bz\/\",\"name\":\"\u0627\u0644\u0645\u0631\u0643\u0632 \u0627\u0644\u0633\u0648\u0631\u064a \u0644\u0644\u0625\u0639\u0644\u0627\u0645 \u0648\u062d\u0631\u064a\u0629 \u0627\u0644\u062a\u0639\u0628\u064a\u0631 Syrian Center for Media and Freedom of Expression\",\"description\":\"\",\"publisher\":{\"@id\":\"https:\/\/scm.bz\/#organization\"},\"potentialAction\":[{\"@type\":\"SearchAction\",\"target\":{\"@type\":\"EntryPoint\",\"urlTemplate\":\"https:\/\/scm.bz\/?s={search_term_string}\"},\"query-input\":{\"@type\":\"PropertyValueSpecification\",\"valueRequired\":true,\"valueName\":\"search_term_string\"}}],\"inLanguage\":\"en-US\"},{\"@type\":\"Organization\",\"@id\":\"https:\/\/scm.bz\/#organization\",\"name\":\"\u0627\u0644\u0645\u0631\u0643\u0632 \u0627\u0644\u0633\u0648\u0631\u064a \u0644\u0644\u0625\u0639\u0644\u0627\u0645 \u0648\u062d\u0631\u064a\u0629 \u0627\u0644\u062a\u0639\u0628\u064a\u0631 Syrian Center for Media and Freedom of Expression\",\"url\":\"https:\/\/scm.bz\/\",\"logo\":{\"@type\":\"ImageObject\",\"inLanguage\":\"en-US\",\"@id\":\"https:\/\/scm.bz\/#\/schema\/logo\/image\/\",\"url\":\"http:\/\/scm.bz\/wp-content\/uploads\/2021\/01\/SCM-logo-1-with-Clear-Space-1-2.png\",\"contentUrl\":\"http:\/\/scm.bz\/wp-content\/uploads\/2021\/01\/SCM-logo-1-with-Clear-Space-1-2.png\",\"width\":1450,\"height\":1450,\"caption\":\"\u0627\u0644\u0645\u0631\u0643\u0632 \u0627\u0644\u0633\u0648\u0631\u064a \u0644\u0644\u0625\u0639\u0644\u0627\u0645 \u0648\u062d\u0631\u064a\u0629 \u0627\u0644\u062a\u0639\u0628\u064a\u0631 Syrian Center for Media and Freedom of Expression\"},\"image\":{\"@id\":\"https:\/\/scm.bz\/#\/schema\/logo\/image\/\"},\"sameAs\":[\"https:\/\/www.facebook.com\/scm.center\",\"https:\/\/x.com\/SyrianCenter\"]},{\"@type\":\"Person\",\"@id\":\"https:\/\/scm.bz\/#\/schema\/person\/d116d4c43d9f3d4fe4b61619e91ead45\",\"name\":\"scmadmin\",\"image\":{\"@type\":\"ImageObject\",\"inLanguage\":\"en-US\",\"@id\":\"https:\/\/scm.bz\/#\/schema\/person\/image\/\",\"url\":\"https:\/\/secure.gravatar.com\/avatar\/8cb2b559549de2ba5e28f5d26e15c8f315b5dd63c953e348e6769ae2e88e3cdc?s=96&d=blank&r=g\",\"contentUrl\":\"https:\/\/secure.gravatar.com\/avatar\/8cb2b559549de2ba5e28f5d26e15c8f315b5dd63c953e348e6769ae2e88e3cdc?s=96&d=blank&r=g\",\"caption\":\"scmadmin\"},\"url\":\"https:\/\/scm.bz\/en\/author\/scmadmin\/\"}]}<\/script>\n<!-- \/ Yoast SEO Premium plugin. -->","yoast_head_json":{"title":"Derfeta p\u00ea\u015fk\u00ea\u015fkirina bo dan\u00ean daray\u00ee y\u00ean taybet bi kes\u00ean ku belgef\u00eelman \u00e7\u00eadikin - \u0627\u0644\u0645\u0631\u0643\u0632 \u0627\u0644\u0633\u0648\u0631\u064a \u0644\u0644\u0625\u0639\u0644\u0627\u0645 \u0648\u062d\u0631\u064a\u0629 \u0627\u0644\u062a\u0639\u0628\u064a\u0631 Syrian Center for Media and Freedom of Expression","description":"%","robots":{"index":"index","follow":"follow","max-snippet":"max-snippet:-1","max-image-preview":"max-image-preview:large","max-video-preview":"max-video-preview:-1"},"canonical":"https:\/\/scm.bz\/\u0641\u0631\u0635\u0629-\u0627\u0644\u062a\u0642\u062f\u064a\u0645-\u0625\u0644\u0649-\u0645\u0646\u062d-\u0645\u0627\u0644\u064a\u0629-\u0645\u062e\u0635\u0651\u0635\u0629-\u0644\u0645\u0639\u062f\/","og_locale":"en_US","og_type":"article","og_title":"Derfeta p\u00ea\u015fk\u00ea\u015fkirina bo dan\u00ean daray\u00ee y\u00ean taybet bi kes\u00ean ku belgef\u00eelman \u00e7\u00eadikin","og_description":"%","og_url":"https:\/\/scm.bz\/\u0641\u0631\u0635\u0629-\u0627\u0644\u062a\u0642\u062f\u064a\u0645-\u0625\u0644\u0649-\u0645\u0646\u062d-\u0645\u0627\u0644\u064a\u0629-\u0645\u062e\u0635\u0651\u0635\u0629-\u0644\u0645\u0639\u062f\/","og_site_name":"\u0627\u0644\u0645\u0631\u0643\u0632 \u0627\u0644\u0633\u0648\u0631\u064a \u0644\u0644\u0625\u0639\u0644\u0627\u0645 \u0648\u062d\u0631\u064a\u0629 \u0627\u0644\u062a\u0639\u0628\u064a\u0631 Syrian Center for Media and Freedom of Expression","article_publisher":"https:\/\/www.facebook.com\/scm.center","article_published_time":"2018-04-11T15:55:54+00:00","article_modified_time":"2018-04-11T15:56:38+00:00","og_image":[{"width":1600,"height":1149,"url":"https:\/\/scm.bz\/wp-content\/uploads\/2018\/04\/0_-VzpDy3YaDWbvEr61.jpg","type":"image\/jpeg"}],"author":"scmadmin","twitter_card":"summary_large_image","twitter_creator":"@SyrianCenter","twitter_site":"@SyrianCenter","twitter_misc":{"Written by":"scmadmin","Est. reading time":"1 minute"},"schema":{"@context":"https:\/\/schema.org","@graph":[{"@type":"Article","@id":"https:\/\/scm.bz\/%d9%81%d8%b1%d8%b5%d8%a9-%d8%a7%d9%84%d8%aa%d9%82%d8%af%d9%8a%d9%85-%d8%a5%d9%84%d9%89-%d9%85%d9%86%d8%ad-%d9%85%d8%a7%d9%84%d9%8a%d8%a9-%d9%85%d8%ae%d8%b5%d9%91%d8%b5%d8%a9-%d9%84%d9%85%d8%b9%d8%af\/#article","isPartOf":{"@id":"https:\/\/scm.bz\/%d9%81%d8%b1%d8%b5%d8%a9-%d8%a7%d9%84%d8%aa%d9%82%d8%af%d9%8a%d9%85-%d8%a5%d9%84%d9%89-%d9%85%d9%86%d8%ad-%d9%85%d8%a7%d9%84%d9%8a%d8%a9-%d9%85%d8%ae%d8%b5%d9%91%d8%b5%d8%a9-%d9%84%d9%85%d8%b9%d8%af\/"},"author":{"name":"scmadmin","@id":"https:\/\/scm.bz\/#\/schema\/person\/d116d4c43d9f3d4fe4b61619e91ead45"},"headline":"Derfeta p\u00ea\u015fk\u00ea\u015fkirina bo dan\u00ean daray\u00ee y\u00ean taybet bi kes\u00ean ku belgef\u00eelman \u00e7\u00eadikin","datePublished":"2018-04-11T15:55:54+00:00","dateModified":"2018-04-11T15:56:38+00:00","mainEntityOfPage":{"@id":"https:\/\/scm.bz\/%d9%81%d8%b1%d8%b5%d8%a9-%d8%a7%d9%84%d8%aa%d9%82%d8%af%d9%8a%d9%85-%d8%a5%d9%84%d9%89-%d9%85%d9%86%d8%ad-%d9%85%d8%a7%d9%84%d9%8a%d8%a9-%d9%85%d8%ae%d8%b5%d9%91%d8%b5%d8%a9-%d9%84%d9%85%d8%b9%d8%af\/"},"wordCount":125,"commentCount":0,"publisher":{"@id":"https:\/\/scm.bz\/#organization"},"image":{"@id":"https:\/\/scm.bz\/%d9%81%d8%b1%d8%b5%d8%a9-%d8%a7%d9%84%d8%aa%d9%82%d8%af%d9%8a%d9%85-%d8%a5%d9%84%d9%89-%d9%85%d9%86%d8%ad-%d9%85%d8%a7%d9%84%d9%8a%d8%a9-%d9%85%d8%ae%d8%b5%d9%91%d8%b5%d8%a9-%d9%84%d9%85%d8%b9%d8%af\/#primaryimage"},"thumbnailUrl":"https:\/\/scm.bz\/wp-content\/uploads\/2018\/04\/0_-VzpDy3YaDWbvEr61.jpg","articleSection":["Jobs and Training","Rotator"],"inLanguage":"en-US"},{"@type":"WebPage","@id":"https:\/\/scm.bz\/%d9%81%d8%b1%d8%b5%d8%a9-%d8%a7%d9%84%d8%aa%d9%82%d8%af%d9%8a%d9%85-%d8%a5%d9%84%d9%89-%d9%85%d9%86%d8%ad-%d9%85%d8%a7%d9%84%d9%8a%d8%a9-%d9%85%d8%ae%d8%b5%d9%91%d8%b5%d8%a9-%d9%84%d9%85%d8%b9%d8%af\/","url":"https:\/\/scm.bz\/%d9%81%d8%b1%d8%b5%d8%a9-%d8%a7%d9%84%d8%aa%d9%82%d8%af%d9%8a%d9%85-%d8%a5%d9%84%d9%89-%d9%85%d9%86%d8%ad-%d9%85%d8%a7%d9%84%d9%8a%d8%a9-%d9%85%d8%ae%d8%b5%d9%91%d8%b5%d8%a9-%d9%84%d9%85%d8%b9%d8%af\/","name":"Derfeta p\u00ea\u015fk\u00ea\u015fkirina bo dan\u00ean daray\u00ee y\u00ean taybet bi kes\u00ean ku belgef\u00eelman \u00e7\u00eadikin - \u0627\u0644\u0645\u0631\u0643\u0632 \u0627\u0644\u0633\u0648\u0631\u064a \u0644\u0644\u0625\u0639\u0644\u0627\u0645 \u0648\u062d\u0631\u064a\u0629 \u0627\u0644\u062a\u0639\u0628\u064a\u0631 Syrian Center for Media and Freedom of Expression","isPartOf":{"@id":"https:\/\/scm.bz\/#website"},"primaryImageOfPage":{"@id":"https:\/\/scm.bz\/%d9%81%d8%b1%d8%b5%d8%a9-%d8%a7%d9%84%d8%aa%d9%82%d8%af%d9%8a%d9%85-%d8%a5%d9%84%d9%89-%d9%85%d9%86%d8%ad-%d9%85%d8%a7%d9%84%d9%8a%d8%a9-%d9%85%d8%ae%d8%b5%d9%91%d8%b5%d8%a9-%d9%84%d9%85%d8%b9%d8%af\/#primaryimage"},"image":{"@id":"https:\/\/scm.bz\/%d9%81%d8%b1%d8%b5%d8%a9-%d8%a7%d9%84%d8%aa%d9%82%d8%af%d9%8a%d9%85-%d8%a5%d9%84%d9%89-%d9%85%d9%86%d8%ad-%d9%85%d8%a7%d9%84%d9%8a%d8%a9-%d9%85%d8%ae%d8%b5%d9%91%d8%b5%d8%a9-%d9%84%d9%85%d8%b9%d8%af\/#primaryimage"},"thumbnailUrl":"https:\/\/scm.bz\/wp-content\/uploads\/2018\/04\/0_-VzpDy3YaDWbvEr61.jpg","datePublished":"2018-04-11T15:55:54+00:00","dateModified":"2018-04-11T15:56:38+00:00","description":"%","breadcrumb":{"@id":"https:\/\/scm.bz\/%d9%81%d8%b1%d8%b5%d8%a9-%d8%a7%d9%84%d8%aa%d9%82%d8%af%d9%8a%d9%85-%d8%a5%d9%84%d9%89-%d9%85%d9%86%d8%ad-%d9%85%d8%a7%d9%84%d9%8a%d8%a9-%d9%85%d8%ae%d8%b5%d9%91%d8%b5%d8%a9-%d9%84%d9%85%d8%b9%d8%af\/#breadcrumb"},"inLanguage":"en-US","potentialAction":[{"@type":"ReadAction","target":["https:\/\/scm.bz\/%d9%81%d8%b1%d8%b5%d8%a9-%d8%a7%d9%84%d8%aa%d9%82%d8%af%d9%8a%d9%85-%d8%a5%d9%84%d9%89-%d9%85%d9%86%d8%ad-%d9%85%d8%a7%d9%84%d9%8a%d8%a9-%d9%85%d8%ae%d8%b5%d9%91%d8%b5%d8%a9-%d9%84%d9%85%d8%b9%d8%af\/"]}]},{"@type":"ImageObject","inLanguage":"en-US","@id":"https:\/\/scm.bz\/%d9%81%d8%b1%d8%b5%d8%a9-%d8%a7%d9%84%d8%aa%d9%82%d8%af%d9%8a%d9%85-%d8%a5%d9%84%d9%89-%d9%85%d9%86%d8%ad-%d9%85%d8%a7%d9%84%d9%8a%d8%a9-%d9%85%d8%ae%d8%b5%d9%91%d8%b5%d8%a9-%d9%84%d9%85%d8%b9%d8%af\/#primaryimage","url":"https:\/\/scm.bz\/wp-content\/uploads\/2018\/04\/0_-VzpDy3YaDWbvEr61.jpg","contentUrl":"https:\/\/scm.bz\/wp-content\/uploads\/2018\/04\/0_-VzpDy3YaDWbvEr61.jpg","width":1600,"height":1149},{"@type":"BreadcrumbList","@id":"https:\/\/scm.bz\/%d9%81%d8%b1%d8%b5%d8%a9-%d8%a7%d9%84%d8%aa%d9%82%d8%af%d9%8a%d9%85-%d8%a5%d9%84%d9%89-%d9%85%d9%86%d8%ad-%d9%85%d8%a7%d9%84%d9%8a%d8%a9-%d9%85%d8%ae%d8%b5%d9%91%d8%b5%d8%a9-%d9%84%d9%85%d8%b9%d8%af\/#breadcrumb","itemListElement":[{"@type":"ListItem","position":1,"name":"Home","item":"https:\/\/scm.bz\/en\/"},{"@type":"ListItem","position":2,"name":"Derfeta p\u00ea\u015fk\u00ea\u015fkirina bo dan\u00ean daray\u00ee y\u00ean taybet bi kes\u00ean ku belgef\u00eelman \u00e7\u00eadikin"}]},{"@type":"WebSite","@id":"https:\/\/scm.bz\/#website","url":"https:\/\/scm.bz\/","name":"\u0627\u0644\u0645\u0631\u0643\u0632 \u0627\u0644\u0633\u0648\u0631\u064a \u0644\u0644\u0625\u0639\u0644\u0627\u0645 \u0648\u062d\u0631\u064a\u0629 \u0627\u0644\u062a\u0639\u0628\u064a\u0631 Syrian Center for Media and Freedom of Expression","description":"","publisher":{"@id":"https:\/\/scm.bz\/#organization"},"potentialAction":[{"@type":"SearchAction","target":{"@type":"EntryPoint","urlTemplate":"https:\/\/scm.bz\/?s={search_term_string}"},"query-input":{"@type":"PropertyValueSpecification","valueRequired":true,"valueName":"search_term_string"}}],"inLanguage":"en-US"},{"@type":"Organization","@id":"https:\/\/scm.bz\/#organization","name":"\u0627\u0644\u0645\u0631\u0643\u0632 \u0627\u0644\u0633\u0648\u0631\u064a \u0644\u0644\u0625\u0639\u0644\u0627\u0645 \u0648\u062d\u0631\u064a\u0629 \u0627\u0644\u062a\u0639\u0628\u064a\u0631 Syrian Center for Media and Freedom of Expression","url":"https:\/\/scm.bz\/","logo":{"@type":"ImageObject","inLanguage":"en-US","@id":"https:\/\/scm.bz\/#\/schema\/logo\/image\/","url":"http:\/\/scm.bz\/wp-content\/uploads\/2021\/01\/SCM-logo-1-with-Clear-Space-1-2.png","contentUrl":"http:\/\/scm.bz\/wp-content\/uploads\/2021\/01\/SCM-logo-1-with-Clear-Space-1-2.png","width":1450,"height":1450,"caption":"\u0627\u0644\u0645\u0631\u0643\u0632 \u0627\u0644\u0633\u0648\u0631\u064a \u0644\u0644\u0625\u0639\u0644\u0627\u0645 \u0648\u062d\u0631\u064a\u0629 \u0627\u0644\u062a\u0639\u0628\u064a\u0631 Syrian Center for Media and Freedom of Expression"},"image":{"@id":"https:\/\/scm.bz\/#\/schema\/logo\/image\/"},"sameAs":["https:\/\/www.facebook.com\/scm.center","https:\/\/x.com\/SyrianCenter"]},{"@type":"Person","@id":"https:\/\/scm.bz\/#\/schema\/person\/d116d4c43d9f3d4fe4b61619e91ead45","name":"scmadmin","image":{"@type":"ImageObject","inLanguage":"en-US","@id":"https:\/\/scm.bz\/#\/schema\/person\/image\/","url":"https:\/\/secure.gravatar.com\/avatar\/8cb2b559549de2ba5e28f5d26e15c8f315b5dd63c953e348e6769ae2e88e3cdc?s=96&d=blank&r=g","contentUrl":"https:\/\/secure.gravatar.com\/avatar\/8cb2b559549de2ba5e28f5d26e15c8f315b5dd63c953e348e6769ae2e88e3cdc?s=96&d=blank&r=g","caption":"scmadmin"},"url":"https:\/\/scm.bz\/en\/author\/scmadmin\/"}]}},"_links":{"self":[{"href":"https:\/\/scm.bz\/en\/wp-json\/wp\/v2\/posts\/183689","targetHints":{"allow":["GET"]}}],"collection":[{"href":"https:\/\/scm.bz\/en\/wp-json\/wp\/v2\/posts"}],"about":[{"href":"https:\/\/scm.bz\/en\/wp-json\/wp\/v2\/types\/post"}],"author":[{"embeddable":true,"href":"https:\/\/scm.bz\/en\/wp-json\/wp\/v2\/users\/24"}],"replies":[{"embeddable":true,"href":"https:\/\/scm.bz\/en\/wp-json\/wp\/v2\/comments?post=183689"}],"version-history":[{"count":0,"href":"https:\/\/scm.bz\/en\/wp-json\/wp\/v2\/posts\/183689\/revisions"}],"wp:featuredmedia":[{"embeddable":true,"href":"https:\/\/scm.bz\/en\/wp-json\/wp\/v2\/media\/183686"}],"wp:attachment":[{"href":"https:\/\/scm.bz\/en\/wp-json\/wp\/v2\/media?parent=183689"}],"wp:term":[{"taxonomy":"category","embeddable":true,"href":"https:\/\/scm.bz\/en\/wp-json\/wp\/v2\/categories?post=183689"},{"taxonomy":"post_tag","embeddable":true,"href":"https:\/\/scm.bz\/en\/wp-json\/wp\/v2\/tags?post=183689"}],"curies":[{"name":"wp","href":"https:\/\/api.w.org\/{rel}","templated":true}]}}