{"id":178607,"date":"2017-11-08T22:30:38","date_gmt":"2017-11-08T20:30:38","guid":{"rendered":"https:\/\/scm.bz\/violations\/more-crime-scenes-more-suspects-survivors-of-torture-launch-new-complaints-against-syrian-officials.html"},"modified":"2017-12-16T20:47:52","modified_gmt":"2017-12-16T18:47:52","slug":"more-crime-scenes-more-suspects-survivors-of-torture-launch-new-complaints-against-syrian-officials","status":"publish","type":"post","link":"https:\/\/scm.bz\/en\/more-crime-scenes-more-suspects-survivors-of-torture-launch-new-complaints-against-syrian-officials\/","title":{"rendered":"More crime scenes, more suspects: Survivors of torture launch new complaints against Syrian officials"},"content":{"rendered":"<h2 dir=\"ltr\"><strong>Torture in Syria: The German Public Prosecutor General must issue arrest warrants<\/strong><\/h2>\n<p dir=\"ltr\"><img loading=\"lazy\" decoding=\"async\" class=\"wp-image-176020 aligncenter\" src=\"https:\/\/scm.bz\/wp-content\/uploads\/2017\/11\/IMG_20171108_115546-300x163.jpg\" alt=\"\" width=\"909\" height=\"494\" srcset=\"https:\/\/scm.bz\/wp-content\/uploads\/2017\/11\/IMG_20171108_115546-300x163.jpg 300w, https:\/\/scm.bz\/wp-content\/uploads\/2017\/11\/IMG_20171108_115546-150x81.jpg 150w, https:\/\/scm.bz\/wp-content\/uploads\/2017\/11\/IMG_20171108_115546-768x416.jpg 768w, https:\/\/scm.bz\/wp-content\/uploads\/2017\/11\/IMG_20171108_115546.jpg 1000w\" sizes=\"auto, (max-width: 909px) 100vw, 909px\" \/><\/p>\n<p dir=\"ltr\">On Wednesday November 8 Anwar al-Bunni (<a href=\"http:\/\/www.sl-center.org\/\">SCLSR<\/a>), Mazen Darwish (<a href=\"https:\/\/scm.bz\/en\/\">SCM<\/a>), and Wolfgang Kaleck (<a href=\"https:\/\/www.ecchr.eu\/en\/home.html\">ECCHR<\/a>) together with Antonie Nord (<a href=\"https:\/\/www.boell.de\/en\">Heinrich-B\u00f6ll-Stiftung<\/a>), and Ren\u00e9 Wildangel (<a href=\"https:\/\/www.amnesty.org\/ar\/\">Amnesty International<\/a>) held a press conference at Heinrich-B\u00f6ll-Stiftung in Berlin where they reflected on Germany\u2019s role in the fight against impunity in Syria.<\/p>\n<p dir=\"ltr\">European Center for Constitutional and Human Rights (ECCHR) has compiled two new criminal complaints addressing crimes against humanity and war crimes in Syria, together with the Syrian lawyers and activists Anwar Al-Bunni (Syrian Center for Legal Research &amp; Studies, SCLSR) and Mazen Darwish (Syrian Center for Media and Freedom of Expression, SCM) and with the support of the Heinrich B\u00f6ll Stiftung.<\/p>\n<p>The two new complaints by 15 Syrian claimants highlight the Syrian government\u2019s systematic policies of repression, torture, and extermination. This system is embodied by senior functionaries in the National Security Bureau, the Defence Ministry, the Military Police and Air Force Intelligence, among others. The criminal complaints name 16 suspects and are calling on the German Public Prosecutor General to issue arrest warrants.<\/p>\n<p>The new complaints were presented at the press conference by Anwar Al-Bunni (SCLSR), Mazen Darwish (SCM), and Wolfgang Kaleck (ECCHR). Together with Antonie Nord (Heinrich-B\u00f6ll-Stiftung), and Ren\u00e9 Wildangel (Amnesty International), they reflected on Germany\u2019s role in the fight against impunity in Syria.<\/p>\n<p dir=\"ltr\">On 8 November 2017, SCLSR, SCM, and ECCHR in cooperation with the Heinrich B\u00f6ll Foundation and\u00a0<a href=\"https:\/\/scm.bz\/en\/scm1E5Ki\">Amnesty International Germany<\/a>, brought together stakeholders from Syria as well as from the national and international level including Catherine Marchi-Uhel,\u00a0<a href=\"https:\/\/www.un.org\/press\/en\/2017\/sga1744.doc.htm\">Head of the UN International Impartial Independent Mechanism Investigating Serious Crimes in Syria<\/a><u>.<\/u><\/p>\n<p dir=\"ltr\">Together, we reflected on the ongoing and possible future efforts for accountability in Syria. Syrian torture survivors and activists, who are at the heart of the criminal complaints in Germany against high-ranking officials of the Assad government led the first session. The second discussion shed light on gaps in documentation and challenges of preserving evidence in the context of judicial action addressing international crimes committed in Syria.<\/p>\n<p dir=\"ltr\"><strong>Barbara Unm\u00fc\u00dfig<\/strong>, Heinrich-B\u00f6ll Foundation and\u00a0<strong>Wolfgang Kaleck<\/strong>, European Center for Constitutional and Human Rights (ECCHR) opened the event.<\/p>\n<p dir=\"ltr\">The first session, moderated by Dr. Bente Scheller Heinrich-B\u00f6ll Foundation Beirut, focused on further steps towards accountability: survivors and civil society in collaboration with the participation of:<\/p>\n<ul dir=\"ltr\">\n<li><strong>Yazan Awad<\/strong>, Syrian torture survivor and claimant \/ Air Force Intelligence<\/li>\n<li><strong>Shappal Ibrahim<\/strong>, Syrian torture survivor and claimant \/ Saydnaya detention<\/li>\n<li><strong>Anwar al-Bunni<\/strong>, Syrian Center for Legal Research and Studies<\/li>\n<li><strong>Tarek Hokan<\/strong>, Syrian Center for Media and Freedom of Expression<\/li>\n<\/ul>\n<p dir=\"ltr\">In the second session,\u00a0<strong>Forensic Architecture<\/strong>\u00a0showed the film Saydnaya \u2013 Inside a Syrian Torture Prison, introduced by\u00a0<strong>Markus Beeko<\/strong>\u00a0Amnesty International Germany.<\/p>\n<p dir=\"ltr\"><strong>Dr. Patrick Kroker<\/strong>\u00a0ECCHR introduced for the third session the keynote speaker\u00a0<strong>Catherine Marchi-Uhel<\/strong>\u00a0Head of the IIIM.<\/p>\n<p dir=\"ltr\">The fourth and final session, moderated by Dr Patrick Kroker ECCHR, focused on paving the way for judicial action: Gaps in documentation and the challenges of preserving evidence<\/p>\n<ul dir=\"ltr\">\n<li><strong>Donatella Rovera<\/strong>, Amnesty International<\/li>\n<li><strong>Chris Engels<\/strong>, Commission for International Justice and Accountability<\/li>\n<li><strong>Mazen Darwish<\/strong>, Syrian Center for Media and Freedom of Expression<\/li>\n<li><strong>Marie Forestier<\/strong>, independent journalist and researcher<\/li>\n<li><strong>Matev\u017e Pezdirc<\/strong>, EU Genocide Network representative<\/li>\n<\/ul>\n<p dir=\"ltr\">\n","protected":false},"excerpt":{"rendered":"<p>Torture in Syria: The German Public Prosecutor General must issue arrest warrants On Wednesday November 8 Anwar al-Bunni (SCLSR), Mazen Darwish (SCM), and Wolfgang Kaleck (ECCHR) together with Antonie Nord (Heinrich-B\u00f6ll-Stiftung), and Ren\u00e9 Wildangel (Amnesty International) held a press conference at Heinrich-B\u00f6ll-Stiftung in Berlin where they reflected on Germany\u2019s role in the fight against impunity [&hellip;]<\/p>\n","protected":false},"author":24,"featured_media":180327,"comment_status":"open","ping_status":"open","sticky":false,"template":"","format":"standard","meta":{"_acf_changed":false,"footnotes":""},"categories":[318,305],"tags":[],"class_list":["post-178607","post","type-post","status-publish","format-standard","has-post-thumbnail","hentry","category-rotator-en","category-violations-watch","post-wrapper"],"acf":[],"yoast_head":"<!-- This site is optimized with the Yoast SEO Premium plugin v20.6 (Yoast SEO v26.5) - https:\/\/yoast.com\/wordpress\/plugins\/seo\/ -->\n<title>More crime scenes, more suspects: Survivors of torture launch new complaints against Syrian officials - \u0627\u0644\u0645\u0631\u0643\u0632 \u0627\u0644\u0633\u0648\u0631\u064a \u0644\u0644\u0625\u0639\u0644\u0627\u0645 \u0648\u062d\u0631\u064a\u0629 \u0627\u0644\u062a\u0639\u0628\u064a\u0631 Syrian Center for Media and Freedom of Expression<\/title>\n<meta name=\"description\" content=\"%\" \/>\n<meta name=\"robots\" content=\"index, follow, max-snippet:-1, max-image-preview:large, max-video-preview:-1\" \/>\n<link rel=\"canonical\" href=\"https:\/\/mfu.scm.bz\/en\/more-crime-scenes-more-suspects-survivors-of-torture-launch-new-complaints-against-syrian-officials\/\" \/>\n<meta property=\"og:locale\" content=\"en_US\" \/>\n<meta property=\"og:type\" content=\"article\" \/>\n<meta property=\"og:title\" content=\"More crime scenes, more suspects: Survivors of torture launch new complaints against Syrian officials\" \/>\n<meta property=\"og:description\" content=\"%\" \/>\n<meta property=\"og:url\" content=\"https:\/\/mfu.scm.bz\/en\/more-crime-scenes-more-suspects-survivors-of-torture-launch-new-complaints-against-syrian-officials\/\" \/>\n<meta property=\"og:site_name\" content=\"\u0627\u0644\u0645\u0631\u0643\u0632 \u0627\u0644\u0633\u0648\u0631\u064a \u0644\u0644\u0625\u0639\u0644\u0627\u0645 \u0648\u062d\u0631\u064a\u0629 \u0627\u0644\u062a\u0639\u0628\u064a\u0631 Syrian Center for Media and Freedom of Expression\" \/>\n<meta property=\"article:publisher\" content=\"https:\/\/www.facebook.com\/scm.center\" \/>\n<meta property=\"article:published_time\" content=\"2017-11-08T20:30:38+00:00\" \/>\n<meta property=\"article:modified_time\" content=\"2017-12-16T18:47:52+00:00\" \/>\n<meta property=\"og:image\" content=\"https:\/\/mfu.scm.bz\/wp-content\/uploads\/2017\/11\/IMG_20171108_115546.jpg\" \/>\n\t<meta property=\"og:image:width\" content=\"1000\" \/>\n\t<meta property=\"og:image:height\" content=\"542\" \/>\n\t<meta property=\"og:image:type\" content=\"image\/jpeg\" \/>\n<meta name=\"author\" content=\"scmadmin\" \/>\n<meta name=\"twitter:card\" content=\"summary_large_image\" \/>\n<meta name=\"twitter:creator\" content=\"@SyrianCenter\" \/>\n<meta name=\"twitter:site\" content=\"@SyrianCenter\" \/>\n<meta name=\"twitter:label1\" content=\"Written by\" \/>\n\t<meta name=\"twitter:data1\" content=\"scmadmin\" \/>\n\t<meta name=\"twitter:label2\" content=\"Est. reading time\" \/>\n\t<meta name=\"twitter:data2\" content=\"3 minutes\" \/>\n<script type=\"application\/ld+json\" class=\"yoast-schema-graph\">{\"@context\":\"https:\/\/schema.org\",\"@graph\":[{\"@type\":\"Article\",\"@id\":\"https:\/\/mfu.scm.bz\/en\/more-crime-scenes-more-suspects-survivors-of-torture-launch-new-complaints-against-syrian-officials\/#article\",\"isPartOf\":{\"@id\":\"https:\/\/mfu.scm.bz\/en\/more-crime-scenes-more-suspects-survivors-of-torture-launch-new-complaints-against-syrian-officials\/\"},\"author\":{\"name\":\"scmadmin\",\"@id\":\"https:\/\/scm.bz\/#\/schema\/person\/d116d4c43d9f3d4fe4b61619e91ead45\"},\"headline\":\"More crime scenes, more suspects: Survivors of torture launch new complaints against Syrian officials\",\"datePublished\":\"2017-11-08T20:30:38+00:00\",\"dateModified\":\"2017-12-16T18:47:52+00:00\",\"mainEntityOfPage\":{\"@id\":\"https:\/\/mfu.scm.bz\/en\/more-crime-scenes-more-suspects-survivors-of-torture-launch-new-complaints-against-syrian-officials\/\"},\"wordCount\":543,\"commentCount\":0,\"publisher\":{\"@id\":\"https:\/\/scm.bz\/#organization\"},\"image\":{\"@id\":\"https:\/\/mfu.scm.bz\/en\/more-crime-scenes-more-suspects-survivors-of-torture-launch-new-complaints-against-syrian-officials\/#primaryimage\"},\"thumbnailUrl\":\"https:\/\/scm.bz\/wp-content\/uploads\/2017\/11\/IMG_20171108_115546.jpg\",\"articleSection\":[\"Rotator\",\"Violations Watch\"],\"inLanguage\":\"en-US\"},{\"@type\":\"WebPage\",\"@id\":\"https:\/\/mfu.scm.bz\/en\/more-crime-scenes-more-suspects-survivors-of-torture-launch-new-complaints-against-syrian-officials\/\",\"url\":\"https:\/\/mfu.scm.bz\/en\/more-crime-scenes-more-suspects-survivors-of-torture-launch-new-complaints-against-syrian-officials\/\",\"name\":\"More crime scenes, more suspects: Survivors of torture launch new complaints against Syrian officials - \u0627\u0644\u0645\u0631\u0643\u0632 \u0627\u0644\u0633\u0648\u0631\u064a \u0644\u0644\u0625\u0639\u0644\u0627\u0645 \u0648\u062d\u0631\u064a\u0629 \u0627\u0644\u062a\u0639\u0628\u064a\u0631 Syrian Center for Media and Freedom of Expression\",\"isPartOf\":{\"@id\":\"https:\/\/scm.bz\/#website\"},\"primaryImageOfPage\":{\"@id\":\"https:\/\/mfu.scm.bz\/en\/more-crime-scenes-more-suspects-survivors-of-torture-launch-new-complaints-against-syrian-officials\/#primaryimage\"},\"image\":{\"@id\":\"https:\/\/mfu.scm.bz\/en\/more-crime-scenes-more-suspects-survivors-of-torture-launch-new-complaints-against-syrian-officials\/#primaryimage\"},\"thumbnailUrl\":\"https:\/\/scm.bz\/wp-content\/uploads\/2017\/11\/IMG_20171108_115546.jpg\",\"datePublished\":\"2017-11-08T20:30:38+00:00\",\"dateModified\":\"2017-12-16T18:47:52+00:00\",\"description\":\"%\",\"breadcrumb\":{\"@id\":\"https:\/\/mfu.scm.bz\/en\/more-crime-scenes-more-suspects-survivors-of-torture-launch-new-complaints-against-syrian-officials\/#breadcrumb\"},\"inLanguage\":\"en-US\",\"potentialAction\":[{\"@type\":\"ReadAction\",\"target\":[\"https:\/\/mfu.scm.bz\/en\/more-crime-scenes-more-suspects-survivors-of-torture-launch-new-complaints-against-syrian-officials\/\"]}]},{\"@type\":\"ImageObject\",\"inLanguage\":\"en-US\",\"@id\":\"https:\/\/mfu.scm.bz\/en\/more-crime-scenes-more-suspects-survivors-of-torture-launch-new-complaints-against-syrian-officials\/#primaryimage\",\"url\":\"https:\/\/scm.bz\/wp-content\/uploads\/2017\/11\/IMG_20171108_115546.jpg\",\"contentUrl\":\"https:\/\/scm.bz\/wp-content\/uploads\/2017\/11\/IMG_20171108_115546.jpg\",\"width\":1000,\"height\":542},{\"@type\":\"BreadcrumbList\",\"@id\":\"https:\/\/mfu.scm.bz\/en\/more-crime-scenes-more-suspects-survivors-of-torture-launch-new-complaints-against-syrian-officials\/#breadcrumb\",\"itemListElement\":[{\"@type\":\"ListItem\",\"position\":1,\"name\":\"Home\",\"item\":\"https:\/\/scm.bz\/en\/\"},{\"@type\":\"ListItem\",\"position\":2,\"name\":\"More crime scenes, more suspects: Survivors of torture launch new complaints against Syrian officials\"}]},{\"@type\":\"WebSite\",\"@id\":\"https:\/\/scm.bz\/#website\",\"url\":\"https:\/\/scm.bz\/\",\"name\":\"\u0627\u0644\u0645\u0631\u0643\u0632 \u0627\u0644\u0633\u0648\u0631\u064a \u0644\u0644\u0625\u0639\u0644\u0627\u0645 \u0648\u062d\u0631\u064a\u0629 \u0627\u0644\u062a\u0639\u0628\u064a\u0631 Syrian Center for Media and Freedom of Expression\",\"description\":\"\",\"publisher\":{\"@id\":\"https:\/\/scm.bz\/#organization\"},\"potentialAction\":[{\"@type\":\"SearchAction\",\"target\":{\"@type\":\"EntryPoint\",\"urlTemplate\":\"https:\/\/scm.bz\/?s={search_term_string}\"},\"query-input\":{\"@type\":\"PropertyValueSpecification\",\"valueRequired\":true,\"valueName\":\"search_term_string\"}}],\"inLanguage\":\"en-US\"},{\"@type\":\"Organization\",\"@id\":\"https:\/\/scm.bz\/#organization\",\"name\":\"\u0627\u0644\u0645\u0631\u0643\u0632 \u0627\u0644\u0633\u0648\u0631\u064a \u0644\u0644\u0625\u0639\u0644\u0627\u0645 \u0648\u062d\u0631\u064a\u0629 \u0627\u0644\u062a\u0639\u0628\u064a\u0631 Syrian Center for Media and Freedom of Expression\",\"url\":\"https:\/\/scm.bz\/\",\"logo\":{\"@type\":\"ImageObject\",\"inLanguage\":\"en-US\",\"@id\":\"https:\/\/scm.bz\/#\/schema\/logo\/image\/\",\"url\":\"http:\/\/scm.bz\/wp-content\/uploads\/2021\/01\/SCM-logo-1-with-Clear-Space-1-2.png\",\"contentUrl\":\"http:\/\/scm.bz\/wp-content\/uploads\/2021\/01\/SCM-logo-1-with-Clear-Space-1-2.png\",\"width\":1450,\"height\":1450,\"caption\":\"\u0627\u0644\u0645\u0631\u0643\u0632 \u0627\u0644\u0633\u0648\u0631\u064a \u0644\u0644\u0625\u0639\u0644\u0627\u0645 \u0648\u062d\u0631\u064a\u0629 \u0627\u0644\u062a\u0639\u0628\u064a\u0631 Syrian Center for Media and Freedom of Expression\"},\"image\":{\"@id\":\"https:\/\/scm.bz\/#\/schema\/logo\/image\/\"},\"sameAs\":[\"https:\/\/www.facebook.com\/scm.center\",\"https:\/\/x.com\/SyrianCenter\"]},{\"@type\":\"Person\",\"@id\":\"https:\/\/scm.bz\/#\/schema\/person\/d116d4c43d9f3d4fe4b61619e91ead45\",\"name\":\"scmadmin\",\"image\":{\"@type\":\"ImageObject\",\"inLanguage\":\"en-US\",\"@id\":\"https:\/\/scm.bz\/#\/schema\/person\/image\/\",\"url\":\"https:\/\/secure.gravatar.com\/avatar\/8cb2b559549de2ba5e28f5d26e15c8f315b5dd63c953e348e6769ae2e88e3cdc?s=96&d=blank&r=g\",\"contentUrl\":\"https:\/\/secure.gravatar.com\/avatar\/8cb2b559549de2ba5e28f5d26e15c8f315b5dd63c953e348e6769ae2e88e3cdc?s=96&d=blank&r=g\",\"caption\":\"scmadmin\"},\"url\":\"https:\/\/scm.bz\/en\/author\/scmadmin\/\"}]}<\/script>\n<!-- \/ Yoast SEO Premium plugin. -->","yoast_head_json":{"title":"More crime scenes, more suspects: Survivors of torture launch new complaints against Syrian officials - \u0627\u0644\u0645\u0631\u0643\u0632 \u0627\u0644\u0633\u0648\u0631\u064a \u0644\u0644\u0625\u0639\u0644\u0627\u0645 \u0648\u062d\u0631\u064a\u0629 \u0627\u0644\u062a\u0639\u0628\u064a\u0631 Syrian Center for Media and Freedom of Expression","description":"%","robots":{"index":"index","follow":"follow","max-snippet":"max-snippet:-1","max-image-preview":"max-image-preview:large","max-video-preview":"max-video-preview:-1"},"canonical":"https:\/\/mfu.scm.bz\/en\/more-crime-scenes-more-suspects-survivors-of-torture-launch-new-complaints-against-syrian-officials\/","og_locale":"en_US","og_type":"article","og_title":"More crime scenes, more suspects: Survivors of torture launch new complaints against Syrian officials","og_description":"%","og_url":"https:\/\/mfu.scm.bz\/en\/more-crime-scenes-more-suspects-survivors-of-torture-launch-new-complaints-against-syrian-officials\/","og_site_name":"\u0627\u0644\u0645\u0631\u0643\u0632 \u0627\u0644\u0633\u0648\u0631\u064a \u0644\u0644\u0625\u0639\u0644\u0627\u0645 \u0648\u062d\u0631\u064a\u0629 \u0627\u0644\u062a\u0639\u0628\u064a\u0631 Syrian Center for Media and Freedom of Expression","article_publisher":"https:\/\/www.facebook.com\/scm.center","article_published_time":"2017-11-08T20:30:38+00:00","article_modified_time":"2017-12-16T18:47:52+00:00","og_image":[{"width":1000,"height":542,"url":"https:\/\/mfu.scm.bz\/wp-content\/uploads\/2017\/11\/IMG_20171108_115546.jpg","type":"image\/jpeg"}],"author":"scmadmin","twitter_card":"summary_large_image","twitter_creator":"@SyrianCenter","twitter_site":"@SyrianCenter","twitter_misc":{"Written by":"scmadmin","Est. reading time":"3 minutes"},"schema":{"@context":"https:\/\/schema.org","@graph":[{"@type":"Article","@id":"https:\/\/mfu.scm.bz\/en\/more-crime-scenes-more-suspects-survivors-of-torture-launch-new-complaints-against-syrian-officials\/#article","isPartOf":{"@id":"https:\/\/mfu.scm.bz\/en\/more-crime-scenes-more-suspects-survivors-of-torture-launch-new-complaints-against-syrian-officials\/"},"author":{"name":"scmadmin","@id":"https:\/\/scm.bz\/#\/schema\/person\/d116d4c43d9f3d4fe4b61619e91ead45"},"headline":"More crime scenes, more suspects: Survivors of torture launch new complaints against Syrian officials","datePublished":"2017-11-08T20:30:38+00:00","dateModified":"2017-12-16T18:47:52+00:00","mainEntityOfPage":{"@id":"https:\/\/mfu.scm.bz\/en\/more-crime-scenes-more-suspects-survivors-of-torture-launch-new-complaints-against-syrian-officials\/"},"wordCount":543,"commentCount":0,"publisher":{"@id":"https:\/\/scm.bz\/#organization"},"image":{"@id":"https:\/\/mfu.scm.bz\/en\/more-crime-scenes-more-suspects-survivors-of-torture-launch-new-complaints-against-syrian-officials\/#primaryimage"},"thumbnailUrl":"https:\/\/scm.bz\/wp-content\/uploads\/2017\/11\/IMG_20171108_115546.jpg","articleSection":["Rotator","Violations Watch"],"inLanguage":"en-US"},{"@type":"WebPage","@id":"https:\/\/mfu.scm.bz\/en\/more-crime-scenes-more-suspects-survivors-of-torture-launch-new-complaints-against-syrian-officials\/","url":"https:\/\/mfu.scm.bz\/en\/more-crime-scenes-more-suspects-survivors-of-torture-launch-new-complaints-against-syrian-officials\/","name":"More crime scenes, more suspects: Survivors of torture launch new complaints against Syrian officials - \u0627\u0644\u0645\u0631\u0643\u0632 \u0627\u0644\u0633\u0648\u0631\u064a \u0644\u0644\u0625\u0639\u0644\u0627\u0645 \u0648\u062d\u0631\u064a\u0629 \u0627\u0644\u062a\u0639\u0628\u064a\u0631 Syrian Center for Media and Freedom of Expression","isPartOf":{"@id":"https:\/\/scm.bz\/#website"},"primaryImageOfPage":{"@id":"https:\/\/mfu.scm.bz\/en\/more-crime-scenes-more-suspects-survivors-of-torture-launch-new-complaints-against-syrian-officials\/#primaryimage"},"image":{"@id":"https:\/\/mfu.scm.bz\/en\/more-crime-scenes-more-suspects-survivors-of-torture-launch-new-complaints-against-syrian-officials\/#primaryimage"},"thumbnailUrl":"https:\/\/scm.bz\/wp-content\/uploads\/2017\/11\/IMG_20171108_115546.jpg","datePublished":"2017-11-08T20:30:38+00:00","dateModified":"2017-12-16T18:47:52+00:00","description":"%","breadcrumb":{"@id":"https:\/\/mfu.scm.bz\/en\/more-crime-scenes-more-suspects-survivors-of-torture-launch-new-complaints-against-syrian-officials\/#breadcrumb"},"inLanguage":"en-US","potentialAction":[{"@type":"ReadAction","target":["https:\/\/mfu.scm.bz\/en\/more-crime-scenes-more-suspects-survivors-of-torture-launch-new-complaints-against-syrian-officials\/"]}]},{"@type":"ImageObject","inLanguage":"en-US","@id":"https:\/\/mfu.scm.bz\/en\/more-crime-scenes-more-suspects-survivors-of-torture-launch-new-complaints-against-syrian-officials\/#primaryimage","url":"https:\/\/scm.bz\/wp-content\/uploads\/2017\/11\/IMG_20171108_115546.jpg","contentUrl":"https:\/\/scm.bz\/wp-content\/uploads\/2017\/11\/IMG_20171108_115546.jpg","width":1000,"height":542},{"@type":"BreadcrumbList","@id":"https:\/\/mfu.scm.bz\/en\/more-crime-scenes-more-suspects-survivors-of-torture-launch-new-complaints-against-syrian-officials\/#breadcrumb","itemListElement":[{"@type":"ListItem","position":1,"name":"Home","item":"https:\/\/scm.bz\/en\/"},{"@type":"ListItem","position":2,"name":"More crime scenes, more suspects: Survivors of torture launch new complaints against Syrian officials"}]},{"@type":"WebSite","@id":"https:\/\/scm.bz\/#website","url":"https:\/\/scm.bz\/","name":"\u0627\u0644\u0645\u0631\u0643\u0632 \u0627\u0644\u0633\u0648\u0631\u064a \u0644\u0644\u0625\u0639\u0644\u0627\u0645 \u0648\u062d\u0631\u064a\u0629 \u0627\u0644\u062a\u0639\u0628\u064a\u0631 Syrian Center for Media and Freedom of Expression","description":"","publisher":{"@id":"https:\/\/scm.bz\/#organization"},"potentialAction":[{"@type":"SearchAction","target":{"@type":"EntryPoint","urlTemplate":"https:\/\/scm.bz\/?s={search_term_string}"},"query-input":{"@type":"PropertyValueSpecification","valueRequired":true,"valueName":"search_term_string"}}],"inLanguage":"en-US"},{"@type":"Organization","@id":"https:\/\/scm.bz\/#organization","name":"\u0627\u0644\u0645\u0631\u0643\u0632 \u0627\u0644\u0633\u0648\u0631\u064a \u0644\u0644\u0625\u0639\u0644\u0627\u0645 \u0648\u062d\u0631\u064a\u0629 \u0627\u0644\u062a\u0639\u0628\u064a\u0631 Syrian Center for Media and Freedom of Expression","url":"https:\/\/scm.bz\/","logo":{"@type":"ImageObject","inLanguage":"en-US","@id":"https:\/\/scm.bz\/#\/schema\/logo\/image\/","url":"http:\/\/scm.bz\/wp-content\/uploads\/2021\/01\/SCM-logo-1-with-Clear-Space-1-2.png","contentUrl":"http:\/\/scm.bz\/wp-content\/uploads\/2021\/01\/SCM-logo-1-with-Clear-Space-1-2.png","width":1450,"height":1450,"caption":"\u0627\u0644\u0645\u0631\u0643\u0632 \u0627\u0644\u0633\u0648\u0631\u064a \u0644\u0644\u0625\u0639\u0644\u0627\u0645 \u0648\u062d\u0631\u064a\u0629 \u0627\u0644\u062a\u0639\u0628\u064a\u0631 Syrian Center for Media and Freedom of Expression"},"image":{"@id":"https:\/\/scm.bz\/#\/schema\/logo\/image\/"},"sameAs":["https:\/\/www.facebook.com\/scm.center","https:\/\/x.com\/SyrianCenter"]},{"@type":"Person","@id":"https:\/\/scm.bz\/#\/schema\/person\/d116d4c43d9f3d4fe4b61619e91ead45","name":"scmadmin","image":{"@type":"ImageObject","inLanguage":"en-US","@id":"https:\/\/scm.bz\/#\/schema\/person\/image\/","url":"https:\/\/secure.gravatar.com\/avatar\/8cb2b559549de2ba5e28f5d26e15c8f315b5dd63c953e348e6769ae2e88e3cdc?s=96&d=blank&r=g","contentUrl":"https:\/\/secure.gravatar.com\/avatar\/8cb2b559549de2ba5e28f5d26e15c8f315b5dd63c953e348e6769ae2e88e3cdc?s=96&d=blank&r=g","caption":"scmadmin"},"url":"https:\/\/scm.bz\/en\/author\/scmadmin\/"}]}},"_links":{"self":[{"href":"https:\/\/scm.bz\/en\/wp-json\/wp\/v2\/posts\/178607","targetHints":{"allow":["GET"]}}],"collection":[{"href":"https:\/\/scm.bz\/en\/wp-json\/wp\/v2\/posts"}],"about":[{"href":"https:\/\/scm.bz\/en\/wp-json\/wp\/v2\/types\/post"}],"author":[{"embeddable":true,"href":"https:\/\/scm.bz\/en\/wp-json\/wp\/v2\/users\/24"}],"replies":[{"embeddable":true,"href":"https:\/\/scm.bz\/en\/wp-json\/wp\/v2\/comments?post=178607"}],"version-history":[{"count":0,"href":"https:\/\/scm.bz\/en\/wp-json\/wp\/v2\/posts\/178607\/revisions"}],"wp:featuredmedia":[{"embeddable":true,"href":"https:\/\/scm.bz\/en\/wp-json\/wp\/v2\/media\/180327"}],"wp:attachment":[{"href":"https:\/\/scm.bz\/en\/wp-json\/wp\/v2\/media?parent=178607"}],"wp:term":[{"taxonomy":"category","embeddable":true,"href":"https:\/\/scm.bz\/en\/wp-json\/wp\/v2\/categories?post=178607"},{"taxonomy":"post_tag","embeddable":true,"href":"https:\/\/scm.bz\/en\/wp-json\/wp\/v2\/tags?post=178607"}],"curies":[{"name":"wp","href":"https:\/\/api.w.org\/{rel}","templated":true}]}}